{"id":3379,"date":"2023-12-27T10:00:28","date_gmt":"2023-12-27T09:00:28","guid":{"rendered":"https:\/\/blog.holyart.it\/de\/?p=3379"},"modified":"2023-12-18T17:34:35","modified_gmt":"2023-12-18T16:34:35","slug":"heilige-silvester","status":"publish","type":"post","link":"https:\/\/blog.holyart.it\/de\/heilige-und-selige\/heilige-silvester\/","title":{"rendered":"Der Heilige Silvester"},"content":{"rendered":"<h4>In der Silvesternacht gedenken wir des Heiligen Silvester, einer der bedeutendsten Pers\u00f6nlichkeiten des fr\u00fchen Christentums. Aber es gibt auch viele beliebte Traditionen, die mit diesem besonderen Datum verbunden sind. Lassen Sie sie uns gemeinsam entdecken.<\/h4>\n\n<p>Wenn man von Silvester h\u00f6rt, denkt man selten zuerst an <strong>Silvester I<\/strong>., den dreiunddrei\u00dfigsten Papst der katholischen Kirche, der am 31. Dezember 335 starb. Und das nicht, weil dieser Heilige unverdient w\u00e4re, im Gegenteil! Er soll f\u00fcr die <strong>Bekehrung von Kaiser Konstantin dem Gro\u00dfen<\/strong> verantwortlich gewesen sein, der das Christentum als Religion anerkannte und wesentlich zu seiner Verbreitung beitrug.<\/p>\n<p>Und nicht nur das. W\u00e4hrend des einundzwanzigj\u00e4hrigen Pontifikats des heiligen Sylvester wurde das erste <strong>\u00d6kumenische Konzil<\/strong> in Nic\u00e4a unter dem Vorsitz Konstantins einberufen, um die Gegens\u00e4tze zu \u00fcberwinden, die die Christen im Zusammenhang mit Lehren wie dem Arianismus entzweiten, und um Frieden und religi\u00f6se Einheit zu erreichen.<\/p>\n<p>Doch obwohl Silvester am 31. Dezember \u00fcberall auf der Welt gefeiert wird, kennt nicht jeder den Zusammenhang zwischen der letzten Nacht des Jahres und dem Silvesterabend.<\/p>\n<h2>Wer war der Heilige Sylvester?<\/h2>\n<p>Papst Silvester geh\u00f6rte somit zu den ersten Pontifex, die nicht mit den Verfolgungen konfrontiert wurden, die die Existenz der ersten Christen verdammten. Sogar Kaiser Konstantin schenkte ihm den Lateranpalast als Privatresidenz, und auf sein Gehei\u00df hin gr\u00fcndete er <strong>den ersten Petersdom auf dem Vatikanh\u00fcgel<\/strong>, um die sterblichen \u00dcberreste des Apostels Petrus zu beherbergen.<\/p>\n<div class=\"link-product\">\n<div class=\"blocco-immagine\"><img loading=\"lazy\" decoding=\"async\" class=\"size-full wp-image-3383 alignleft\" src=\"https:\/\/blog.holyart.it\/de\/wp-content\/uploads\/sites\/12\/2023\/12\/Architektur-Miniatur-Petersbasilika-in-Rom-Resin-koloriert-10x20x20-cm.jpg\" alt=\"Architektur-Miniatur, Petersbasilika in Rom, Resin, koloriert, 10x20x20 cm\" width=\"100\" height=\"100\" data-kale-share-title=\"Heilige Silvester\" data-kale-share-url=\"https:\/\/blog.holyart.it\/de\/?p=3379\" \/><\/div>\n<div class=\"blocco-contenuto\">\n<div class=\"blocco-acquista\">Einkaufen:<\/div>\n<div class=\"blocco-titolo\"><a href=\"https:\/\/www.holyart.de\/devotionalien\/statuen\/statuen-aus-resin-und-pvc\/architektur-miniatur-petersbasilika-in-rom-resin-koloriert-10x20x20-cm?_gl=1*nkl5q7*_gcl_aw*R0NMLjE3MDI1NzE0NDYuQ2owS0NRanc4cW1oQmhDbEFSSXNBTkF0Ym9mZ21KMm85dkV5S0JjLUdLUWIweWFCLU9EekR0N1ZQV2hnY1g4WW96M2haNGVTR0JkUjR1d2FBZzZrRUFMd193Y0I.*_gcl_au*MzQ2MTAxMTM4LjE2OTc4MDc3MzQ.*_ga*MTg4MjYzNjYxMS4xNjgwNTE0MjY5*_ga_W18MV136NH*MTcwMjkxMzU0MS4yNjYuMS4xNzAyOTEzNTYwLjAuMC4w\">Architektur-Miniatur, Petersbasilika in Rom, Resin, koloriert, 10x20x20 cm<\/a><\/div>\n<div class=\"blocco-descrizione\">Architektur-Miniatur, Petersbasilika in Rom, Material&#8230;<\/div>\n<\/div>\n<\/div>\n<p>Doch obwohl das Christentum nun als Religion akzeptiert und anerkannt war, wurde es von <strong>internen Streitigkeiten<\/strong> bedroht, die es in viele verschiedene Glaubensbekenntnisse aufzuspalten drohten, gerade als es seine eigene Anerkennung erlangte.<\/p>\n<p>Au\u00dferdem musste Sylvester als Papst <strong>mit Kaiser Konstantin<\/strong> rechnen, der die Christen zwar von der Verfolgung befreite, aber auch verlangte, dass er sich direkt in Glaubensfragen und Dogmendebatten einmischte. Sowohl auf dem <strong>Konzil von Arles<\/strong> (314 n. Chr.), auf dem er gegen die H\u00e4resie der Donatisten k\u00e4mpfte, als auch auf dem <strong>Ersten \u00d6kumenischen Konzil von Nic\u00e4a<\/strong> (325 n. Chr.), das einberufen wurde, um die arianische H\u00e4resie zu bek\u00e4mpfen, konnte Sylvester daher nicht an den Debatten teilnehmen, sondern sich nur den Entscheidungen des Kaisers und der ihm unterstellten Bisch\u00f6fe unterwerfen.<\/p>\n<p>Dies hinderte ihn jedoch nicht daran, gro\u00dfe Anstrengungen zu unternehmen, <strong>um das Leben der Christen in Rom zu verbessern<\/strong>, wo er nicht weniger als <strong>acht Basiliken<\/strong> errichtete und sich f\u00fcr die Armen und Bed\u00fcrftigen einsetzte. Seine Zeitgenossen sch\u00e4tzten ihn als Pontifex so sehr, dass sie ihm den Beinamen <strong>Bekenner des Glaubens<\/strong> gaben, ein Ehrentitel, der seit dem 4. Jahrhundert verwendet wurde, um M\u00e4nner des Glaubens zu ehren, die sich durch ihren Mut und ihre Weisheit, durch ihre Schriften, ihr Handeln und ihre Predigten zu Tr\u00e4gern des Wortes Christi machten. Sylvester war einer der ersten, die es verdient haben.<\/p>\n<p>Wegen seiner Tugenden und au\u00dfergew\u00f6hnlichen F\u00e4higkeiten wurde Silvester bereits ein Jahr nach seinem Tod der <strong>31. Dezember<\/strong> als Festtag gewidmet.<\/p>\n<h2>Die Urspr\u00fcnge des Festes<\/h2>\n<p>Abgesehen vom Datum scheint es keinen Zusammenhang zwischen dem Gedenken an Silvester und dem Neujahrstag zu geben. Es stimmt, dass es in der Silvesternacht seit jeher Tradition ist, das <em>Te Deum<\/em> zu rezitieren, um Gott f\u00fcr das vergangene Jahr zu danken. In Wirklichkeit ist es jedoch ganz klar, dass die mit der Silvesternacht verbundenen Traditionen einen Ursprung haben, <strong>der weit vom Leben und Tod des Heiligen entfernt ist<\/strong>. Viele von ihnen haben ihre Wurzeln in einer heidnischen Vergangenheit, die mit alten V\u00f6lkern und Zivilisationen verbunden ist, die den europ\u00e4ischen Kontinent lange vor dem Aufkommen des Christentums bev\u00f6lkerten.<\/p>\n<p>In diesem Zusammenhang ist zu ber\u00fccksichtigen, dass das <strong>Jahresende<\/strong> nicht immer mit dem 31. Dezember zusammenfiel. F\u00fcr die <strong>Kelten<\/strong> endete das Jahr mit der <strong>Wintersonnenwende<\/strong>, wenn die Tage im Gegensatz zu den dunklen N\u00e4chten unmerklich l\u00e4nger wurden. Die <strong>alten R\u00f6mer<\/strong> hingegen feierten den Beginn des neuen Jahres am 1. M\u00e4rz. Auch nach der Einf\u00fchrung des gregorianischen Kalenders zogen es die Menschen in einigen Gegenden vor, das Ende des alten und den Beginn des neuen Jahres zu unterschiedlichen Daten und nach alten Ritualen zu feiern, die mit <strong>dem Triumph des Lichts \u00fcber die Dunkelheit<\/strong>, des Lebens \u00fcber den Tod verbunden waren, der im Laufe der Zeit mit der Auferstehung Christi und seinem Sieg \u00fcber den Tod und das B\u00f6se zusammenfiel.<\/p>\n<p>Es ist immer wieder faszinierend zu sehen, wie in einigen der heute noch weltweit verbreiteten Silvesterbr\u00e4uche, wenn auch mit vielen Variationen, alte volkst\u00fcmliche und heidnische Br\u00e4uche nachklingen.<\/p>\n<h2>Traditionen zur Silvesternacht<\/h2>\n<p>Die Silvestertraditionen gehen weit \u00fcber die kulinarischen Traditionen der Weihnachtsfeiern hinaus, aber genau wie die <strong><u>Weihnachtstraditionen<\/u><\/strong> sind auch die Silvestertraditionen von Land zu Land unterschiedlich.<\/p>\n<p><img loading=\"lazy\" decoding=\"async\" class=\"size-full wp-image-3381 aligncenter\" src=\"https:\/\/blog.holyart.it\/de\/wp-content\/uploads\/sites\/12\/2023\/12\/2023.jpg\" alt=\"2023\" width=\"800\" height=\"275\" data-kale-share-title=\"Heilige Silvester\" data-kale-share-url=\"https:\/\/blog.holyart.it\/de\/?p=3379\" \/><\/p>\n<p>Beginnen wir mit <strong>Linsen<\/strong>, einem gro\u00dfen Silvesterklassiker, einem Symbol f\u00fcr <strong>Gl\u00fcck und Wohlstand<\/strong> im neuen Jahr. Schon die <strong>alten R\u00f6mer<\/strong> hatten die \u00c4hnlichkeit dieser runden H\u00fclsenfr\u00fcchte mit kleinen M\u00fcnzen bemerkt und verschenkten sie in einem Lederbeutel, der <em>Scarsella<\/em>, mit dem guten Wunsch, dass sie sich in echte M\u00fcnzen verwandeln w\u00fcrden. Ihre Form und die Tatsache, dass sie beim Kochen ihre Gr\u00f6\u00dfe verdoppeln, haben ihren Ruf in Verbindung mit Geld und Reichtum aufrechterhalten. Wenn man in der Silvesternacht Linsen isst, vielleicht in Begleitung von cotechino (Schweinswurst) und zampone (Schweinsf\u00fc\u00dfchen), kann man auf ein reiches und gl\u00fcckliches neues Jahr hoffen.<\/p>\n<div class=\"link-article\">\n<p><img loading=\"lazy\" decoding=\"async\" class=\"size-full wp-image-3387 alignleft\" src=\"https:\/\/blog.holyart.it\/de\/wp-content\/uploads\/sites\/12\/2023\/12\/Weihnachtstraditionen-aus-aller-Welt-die-Sie-nicht-kennen.jpg\" alt=\"Weihnachtstraditionen aus aller Welt, die Sie nicht kennen\" width=\"150\" height=\"99\" data-kale-share-title=\"Heilige Silvester\" data-kale-share-url=\"https:\/\/blog.holyart.it\/de\/?p=3379\" \/><\/p>\n<div class=\"leggi-anche\">Lesen Sie auch:<\/div>\n<p><strong><a href=\"https:\/\/www.holyart.de\/blog\/weihnachten\/weihnachtstraditionen-aus-aller-welt-die-sie-nicht-kennen\/\">Weihnachtstraditionen aus aller Welt, die Sie nicht kennen<\/a><\/strong><br \/>\nWeihnachten ist vielleicht das beliebteste Fest der Welt&#8230;<\/p>\n<\/div>\n<p>&nbsp;<\/p>\n<p>Ein altes Sprichwort besagt: \u201e<em>Wer am Silvesterabend Trauben isst, z\u00e4hlt sein Geld das ganze Jahr \u00fcber<\/em>\u201c. Auch bei den R\u00f6mern galten Trauben als Synonym f\u00fcr <strong>Reichtum und \u00dcberfluss<\/strong>. Wenn man um Mitternacht Trauben isst oder sie auch nur in der Hand h\u00e4lt, ist das ein Garant f\u00fcr ein reiches und erfolgreiches neues Jahr. In Spanien und in s\u00fcdamerikanischen L\u00e4ndern, wo die Silvesternacht <em>nochevieja<\/em> genannt wird, ist es Brauch, um Mitternacht im Rhythmus von Glockengel\u00e4ut <strong>zw\u00f6lf Weintrauben<\/strong> zu essen. Jede Traube steht f\u00fcr einen Monat des Jahres.<\/p>\n<p>Andernorts kann man anstelle von Weintrauben <strong>zw\u00f6lf runde Fr\u00fcchte<\/strong> oder <strong>Granatapfelbeeren<\/strong> essen, eine andere Pflanze, die seit der Antike als heilig gilt und ein Symbol f\u00fcr <strong>Fruchtbarkeit und Reichtum <\/strong>ist.<\/p>\n<p>In den USA, aber auch in Deutschland und Irland d\u00fcrfen alle <strong>gr\u00fcnen Gem\u00fcsesorten<\/strong>, insbesondere Kohl, Wirsing, Brokkoli und Mangold, beim Silvesteressen nicht fehlen, um Gl\u00fcck und Wohlstand f\u00fcr das neue Jahr zu garantieren.<\/p>\n<p>Apropos Essen: Viele Kulturen <strong>raten davon ab<\/strong>, in der Silvesternacht <strong>Garnelen<\/strong> oder <strong>Hummer<\/strong> zu essen, da diese Tiere r\u00fcckw\u00e4rts laufen und ein schlechtes Omen f\u00fcr das neue Jahr sein k\u00f6nnten. Das Gleiche gilt f\u00fcr <strong>H\u00fchner und Gefl\u00fcgel im Allgemeinen<\/strong>, die das Gl\u00fcck in die Flucht schlagen k\u00f6nnen. Das <strong>Schwein<\/strong> hingegen, das mit seinem niedlichen kleinen Grunzen immer auf der Suche nach Nahrung voranschreitet, gilt als Symbol f\u00fcr Wohlstand und Gl\u00fcck.<\/p>\n<p>Der Brauch, <strong>B\u00f6ller, Knallk\u00f6rper und Feuerwerksk\u00f6rper zu z\u00fcnden<\/strong>, geht auf den Wunsch zur\u00fcck, b\u00f6se Geister und D\u00e4monen mit L\u00e4rm zu vertreiben und die Nacht mit dem reinigenden Licht des Feuers zu erhellen. Sogar das einfache \u201eKnallen\u201c eines <strong>Sektkorkens<\/strong> gilt als Mittel gegen den b\u00f6sen Blick.<\/p>\n<p><strong>Alte Gegenst\u00e4nde und Scherben aus dem Fenster zu werfen<\/strong> ist also eine M\u00f6glichkeit, das vergangene Jahr hinter sich zu lassen und vielleicht etwas loszuwerden, das uns auf sch\u00e4dliche Weise mit der Vergangenheit verbindet. In Deutschland und Japan zerbrechen die Menschen Geschirr und alte Sachen, um ihre Wut loszuwerden.<\/p>\n<p>Was die <strong>rote Unterw\u00e4sche als gutes Omen angeht<\/strong>, so trugen schon die alten R\u00f6mer in der letzten Nacht des Jahres rote Kleidung, weil diese Farbe an Blut erinnerte und die Angst vor dem Krieg vertrieb. Heute ist es ein weit weniger blutiger Brauch. Die Hauptsache ist, dass die Unterw\u00e4sche nicht gekauft, sondern von jemandem verschenkt wird und dass sie nur einmal benutzt wird.<\/p>\n<p>Und was haben Sie sich f\u00fcr Silvester 2022 vorgenommen? 2021 war kein einfaches Jahr, aber wir k\u00f6nnen nur hoffen, dass Sie es friedlich beenden k\u00f6nnen und dass das neue Jahr Ihnen Frieden und Wohlstand bringen wird.<\/p>\n","protected":false},"excerpt":{"rendered":"<p>In der Silvesternacht gedenken wir des Heiligen Silvester, einer der bedeutendsten Pers\u00f6nlichkeiten des fr\u00fchen Christentums. Aber es gibt auch viele beliebte Traditionen, die mit diesem besonderen Datum verbunden sind. Lassen Sie sie uns gemeinsam entdecken. Wenn man von Silvester h\u00f6rt, denkt man selten zuerst an&hellip;<\/p>\n","protected":false},"author":1,"featured_media":3386,"comment_status":"closed","ping_status":"open","sticky":false,"template":"","format":"standard","meta":{"_acf_changed":false,"footnotes":""},"categories":[9],"tags":[],"class_list":["post-3379","post","type-post","status-publish","format-standard","has-post-thumbnail","hentry","category-heilige-und-selige"],"acf":[],"yoast_head":"<!-- This site is optimized with the Yoast SEO plugin v26.6 - https:\/\/yoast.com\/wordpress\/plugins\/seo\/ -->\n<title>Der Heilige Silvester - Holyart.de Blog<\/title>\n<meta name=\"description\" content=\"In der Silvesternacht gedenken wir des Heiligen Silvester, einer der bedeutendsten Pers\u00f6nlichkeiten des fr\u00fchen Christentums...\" \/>\n<meta name=\"robots\" content=\"index, follow, max-snippet:-1, max-image-preview:large, max-video-preview:-1\" \/>\n<link rel=\"canonical\" href=\"https:\/\/blog.holyart.it\/de\/heilige-und-selige\/heilige-silvester\/\" \/>\n<meta property=\"og:locale\" content=\"de_DE\" \/>\n<meta property=\"og:type\" content=\"article\" \/>\n<meta property=\"og:title\" content=\"Der Heilige Silvester - Holyart.de Blog\" \/>\n<meta property=\"og:description\" content=\"In der Silvesternacht gedenken wir des Heiligen Silvester, einer der bedeutendsten Pers\u00f6nlichkeiten des fr\u00fchen Christentums...\" \/>\n<meta property=\"og:url\" content=\"https:\/\/blog.holyart.it\/de\/heilige-und-selige\/heilige-silvester\/\" \/>\n<meta property=\"og:site_name\" content=\"Holyart.de Blog\" \/>\n<meta property=\"article:published_time\" content=\"2023-12-27T09:00:28+00:00\" \/>\n<meta property=\"og:image\" content=\"https:\/\/blog.holyart.it\/de\/wp-content\/uploads\/sites\/12\/2023\/12\/Heilige-Silvester.jpeg\" \/>\n\t<meta property=\"og:image:width\" content=\"1000\" \/>\n\t<meta property=\"og:image:height\" content=\"666\" \/>\n\t<meta property=\"og:image:type\" content=\"image\/jpeg\" \/>\n<meta name=\"author\" content=\"Redazione\" \/>\n<meta name=\"twitter:card\" content=\"summary_large_image\" \/>\n<meta name=\"twitter:label1\" content=\"Verfasst von\" \/>\n\t<meta name=\"twitter:data1\" content=\"Redazione\" \/>\n\t<meta name=\"twitter:label2\" content=\"Gesch\u00e4tzte Lesezeit\" \/>\n\t<meta name=\"twitter:data2\" content=\"8\u00a0Minuten\" \/>\n<script type=\"application\/ld+json\" class=\"yoast-schema-graph\">{\"@context\":\"https:\/\/schema.org\",\"@graph\":[{\"@type\":\"Article\",\"@id\":\"https:\/\/blog.holyart.it\/de\/heilige-und-selige\/heilige-silvester\/#article\",\"isPartOf\":{\"@id\":\"https:\/\/blog.holyart.it\/de\/heilige-und-selige\/heilige-silvester\/\"},\"author\":{\"name\":\"Redazione\",\"@id\":\"https:\/\/blog.holyart.it\/de\/#\/schema\/person\/0a7b686e5af0f856ec1e390dd0baecda\"},\"headline\":\"Der Heilige Silvester\",\"datePublished\":\"2023-12-27T09:00:28+00:00\",\"mainEntityOfPage\":{\"@id\":\"https:\/\/blog.holyart.it\/de\/heilige-und-selige\/heilige-silvester\/\"},\"wordCount\":1382,\"publisher\":{\"@id\":\"https:\/\/blog.holyart.it\/de\/#organization\"},\"image\":{\"@id\":\"https:\/\/blog.holyart.it\/de\/heilige-und-selige\/heilige-silvester\/#primaryimage\"},\"thumbnailUrl\":\"https:\/\/blog.holyart.it\/de\/wp-content\/uploads\/sites\/12\/2023\/12\/Heilige-Silvester.jpeg\",\"articleSection\":[\"Heilige und Selige\"],\"inLanguage\":\"de\"},{\"@type\":\"WebPage\",\"@id\":\"https:\/\/blog.holyart.it\/de\/heilige-und-selige\/heilige-silvester\/\",\"url\":\"https:\/\/blog.holyart.it\/de\/heilige-und-selige\/heilige-silvester\/\",\"name\":\"Der Heilige Silvester - Holyart.de Blog\",\"isPartOf\":{\"@id\":\"https:\/\/blog.holyart.it\/de\/#website\"},\"primaryImageOfPage\":{\"@id\":\"https:\/\/blog.holyart.it\/de\/heilige-und-selige\/heilige-silvester\/#primaryimage\"},\"image\":{\"@id\":\"https:\/\/blog.holyart.it\/de\/heilige-und-selige\/heilige-silvester\/#primaryimage\"},\"thumbnailUrl\":\"https:\/\/blog.holyart.it\/de\/wp-content\/uploads\/sites\/12\/2023\/12\/Heilige-Silvester.jpeg\",\"datePublished\":\"2023-12-27T09:00:28+00:00\",\"description\":\"In der Silvesternacht gedenken wir des Heiligen Silvester, einer der bedeutendsten Pers\u00f6nlichkeiten des fr\u00fchen Christentums...\",\"breadcrumb\":{\"@id\":\"https:\/\/blog.holyart.it\/de\/heilige-und-selige\/heilige-silvester\/#breadcrumb\"},\"inLanguage\":\"de\",\"potentialAction\":[{\"@type\":\"ReadAction\",\"target\":[\"https:\/\/blog.holyart.it\/de\/heilige-und-selige\/heilige-silvester\/\"]}]},{\"@type\":\"ImageObject\",\"inLanguage\":\"de\",\"@id\":\"https:\/\/blog.holyart.it\/de\/heilige-und-selige\/heilige-silvester\/#primaryimage\",\"url\":\"https:\/\/blog.holyart.it\/de\/wp-content\/uploads\/sites\/12\/2023\/12\/Heilige-Silvester.jpeg\",\"contentUrl\":\"https:\/\/blog.holyart.it\/de\/wp-content\/uploads\/sites\/12\/2023\/12\/Heilige-Silvester.jpeg\",\"width\":1000,\"height\":666,\"caption\":\"Heilige Silvester\"},{\"@type\":\"BreadcrumbList\",\"@id\":\"https:\/\/blog.holyart.it\/de\/heilige-und-selige\/heilige-silvester\/#breadcrumb\",\"itemListElement\":[{\"@type\":\"ListItem\",\"position\":1,\"name\":\"Homepage\",\"item\":\"https:\/\/blog.holyart.it\/de\/\"},{\"@type\":\"ListItem\",\"position\":2,\"name\":\"Heilige und Selige\",\"item\":\"https:\/\/blog.holyart.it\/de\/heilige-und-selige\/\"},{\"@type\":\"ListItem\",\"position\":3,\"name\":\"Der Heilige Silvester\"}]},{\"@type\":\"WebSite\",\"@id\":\"https:\/\/blog.holyart.it\/de\/#website\",\"url\":\"https:\/\/blog.holyart.it\/de\/\",\"name\":\"Holyart.de Blog\",\"description\":\"Holyblog\",\"publisher\":{\"@id\":\"https:\/\/blog.holyart.it\/de\/#organization\"},\"potentialAction\":[{\"@type\":\"SearchAction\",\"target\":{\"@type\":\"EntryPoint\",\"urlTemplate\":\"https:\/\/blog.holyart.it\/de\/?s={search_term_string}\"},\"query-input\":{\"@type\":\"PropertyValueSpecification\",\"valueRequired\":true,\"valueName\":\"search_term_string\"}}],\"inLanguage\":\"de\"},{\"@type\":\"Organization\",\"@id\":\"https:\/\/blog.holyart.it\/de\/#organization\",\"name\":\"Holyart.de Blog\",\"url\":\"https:\/\/blog.holyart.it\/de\/\",\"logo\":{\"@type\":\"ImageObject\",\"inLanguage\":\"de\",\"@id\":\"https:\/\/blog.holyart.it\/de\/#\/schema\/logo\/image\/\",\"url\":\"https:\/\/blog.holyart.it\/de\/wp-content\/uploads\/sites\/12\/2022\/12\/Holyart_Blog_Logo.jpg\",\"contentUrl\":\"https:\/\/blog.holyart.it\/de\/wp-content\/uploads\/sites\/12\/2022\/12\/Holyart_Blog_Logo.jpg\",\"width\":300,\"height\":50,\"caption\":\"Holyart.de Blog\"},\"image\":{\"@id\":\"https:\/\/blog.holyart.it\/de\/#\/schema\/logo\/image\/\"}},{\"@type\":\"Person\",\"@id\":\"https:\/\/blog.holyart.it\/de\/#\/schema\/person\/0a7b686e5af0f856ec1e390dd0baecda\",\"name\":\"Redazione\",\"image\":{\"@type\":\"ImageObject\",\"inLanguage\":\"de\",\"@id\":\"https:\/\/blog.holyart.it\/de\/#\/schema\/person\/image\/\",\"url\":\"https:\/\/secure.gravatar.com\/avatar\/f477da817f43e50d0af36abecd33e3edf826c68299714bdc1057dff3b113f516?s=96&d=mm&r=g\",\"contentUrl\":\"https:\/\/secure.gravatar.com\/avatar\/f477da817f43e50d0af36abecd33e3edf826c68299714bdc1057dff3b113f516?s=96&d=mm&r=g\",\"caption\":\"Redazione\"}}]}<\/script>\n<!-- \/ Yoast SEO plugin. -->","yoast_head_json":{"title":"Der Heilige Silvester - Holyart.de Blog","description":"In der Silvesternacht gedenken wir des Heiligen Silvester, einer der bedeutendsten Pers\u00f6nlichkeiten des fr\u00fchen Christentums...","robots":{"index":"index","follow":"follow","max-snippet":"max-snippet:-1","max-image-preview":"max-image-preview:large","max-video-preview":"max-video-preview:-1"},"canonical":"https:\/\/blog.holyart.it\/de\/heilige-und-selige\/heilige-silvester\/","og_locale":"de_DE","og_type":"article","og_title":"Der Heilige Silvester - Holyart.de Blog","og_description":"In der Silvesternacht gedenken wir des Heiligen Silvester, einer der bedeutendsten Pers\u00f6nlichkeiten des fr\u00fchen Christentums...","og_url":"https:\/\/blog.holyart.it\/de\/heilige-und-selige\/heilige-silvester\/","og_site_name":"Holyart.de Blog","article_published_time":"2023-12-27T09:00:28+00:00","og_image":[{"width":1000,"height":666,"url":"https:\/\/blog.holyart.it\/de\/wp-content\/uploads\/sites\/12\/2023\/12\/Heilige-Silvester.jpeg","type":"image\/jpeg"}],"author":"Redazione","twitter_card":"summary_large_image","twitter_misc":{"Verfasst von":"Redazione","Gesch\u00e4tzte Lesezeit":"8\u00a0Minuten"},"schema":{"@context":"https:\/\/schema.org","@graph":[{"@type":"Article","@id":"https:\/\/blog.holyart.it\/de\/heilige-und-selige\/heilige-silvester\/#article","isPartOf":{"@id":"https:\/\/blog.holyart.it\/de\/heilige-und-selige\/heilige-silvester\/"},"author":{"name":"Redazione","@id":"https:\/\/blog.holyart.it\/de\/#\/schema\/person\/0a7b686e5af0f856ec1e390dd0baecda"},"headline":"Der Heilige Silvester","datePublished":"2023-12-27T09:00:28+00:00","mainEntityOfPage":{"@id":"https:\/\/blog.holyart.it\/de\/heilige-und-selige\/heilige-silvester\/"},"wordCount":1382,"publisher":{"@id":"https:\/\/blog.holyart.it\/de\/#organization"},"image":{"@id":"https:\/\/blog.holyart.it\/de\/heilige-und-selige\/heilige-silvester\/#primaryimage"},"thumbnailUrl":"https:\/\/blog.holyart.it\/de\/wp-content\/uploads\/sites\/12\/2023\/12\/Heilige-Silvester.jpeg","articleSection":["Heilige und Selige"],"inLanguage":"de"},{"@type":"WebPage","@id":"https:\/\/blog.holyart.it\/de\/heilige-und-selige\/heilige-silvester\/","url":"https:\/\/blog.holyart.it\/de\/heilige-und-selige\/heilige-silvester\/","name":"Der Heilige Silvester - Holyart.de Blog","isPartOf":{"@id":"https:\/\/blog.holyart.it\/de\/#website"},"primaryImageOfPage":{"@id":"https:\/\/blog.holyart.it\/de\/heilige-und-selige\/heilige-silvester\/#primaryimage"},"image":{"@id":"https:\/\/blog.holyart.it\/de\/heilige-und-selige\/heilige-silvester\/#primaryimage"},"thumbnailUrl":"https:\/\/blog.holyart.it\/de\/wp-content\/uploads\/sites\/12\/2023\/12\/Heilige-Silvester.jpeg","datePublished":"2023-12-27T09:00:28+00:00","description":"In der Silvesternacht gedenken wir des Heiligen Silvester, einer der bedeutendsten Pers\u00f6nlichkeiten des fr\u00fchen Christentums...","breadcrumb":{"@id":"https:\/\/blog.holyart.it\/de\/heilige-und-selige\/heilige-silvester\/#breadcrumb"},"inLanguage":"de","potentialAction":[{"@type":"ReadAction","target":["https:\/\/blog.holyart.it\/de\/heilige-und-selige\/heilige-silvester\/"]}]},{"@type":"ImageObject","inLanguage":"de","@id":"https:\/\/blog.holyart.it\/de\/heilige-und-selige\/heilige-silvester\/#primaryimage","url":"https:\/\/blog.holyart.it\/de\/wp-content\/uploads\/sites\/12\/2023\/12\/Heilige-Silvester.jpeg","contentUrl":"https:\/\/blog.holyart.it\/de\/wp-content\/uploads\/sites\/12\/2023\/12\/Heilige-Silvester.jpeg","width":1000,"height":666,"caption":"Heilige Silvester"},{"@type":"BreadcrumbList","@id":"https:\/\/blog.holyart.it\/de\/heilige-und-selige\/heilige-silvester\/#breadcrumb","itemListElement":[{"@type":"ListItem","position":1,"name":"Homepage","item":"https:\/\/blog.holyart.it\/de\/"},{"@type":"ListItem","position":2,"name":"Heilige und Selige","item":"https:\/\/blog.holyart.it\/de\/heilige-und-selige\/"},{"@type":"ListItem","position":3,"name":"Der Heilige Silvester"}]},{"@type":"WebSite","@id":"https:\/\/blog.holyart.it\/de\/#website","url":"https:\/\/blog.holyart.it\/de\/","name":"Holyart.de Blog","description":"Holyblog","publisher":{"@id":"https:\/\/blog.holyart.it\/de\/#organization"},"potentialAction":[{"@type":"SearchAction","target":{"@type":"EntryPoint","urlTemplate":"https:\/\/blog.holyart.it\/de\/?s={search_term_string}"},"query-input":{"@type":"PropertyValueSpecification","valueRequired":true,"valueName":"search_term_string"}}],"inLanguage":"de"},{"@type":"Organization","@id":"https:\/\/blog.holyart.it\/de\/#organization","name":"Holyart.de Blog","url":"https:\/\/blog.holyart.it\/de\/","logo":{"@type":"ImageObject","inLanguage":"de","@id":"https:\/\/blog.holyart.it\/de\/#\/schema\/logo\/image\/","url":"https:\/\/blog.holyart.it\/de\/wp-content\/uploads\/sites\/12\/2022\/12\/Holyart_Blog_Logo.jpg","contentUrl":"https:\/\/blog.holyart.it\/de\/wp-content\/uploads\/sites\/12\/2022\/12\/Holyart_Blog_Logo.jpg","width":300,"height":50,"caption":"Holyart.de Blog"},"image":{"@id":"https:\/\/blog.holyart.it\/de\/#\/schema\/logo\/image\/"}},{"@type":"Person","@id":"https:\/\/blog.holyart.it\/de\/#\/schema\/person\/0a7b686e5af0f856ec1e390dd0baecda","name":"Redazione","image":{"@type":"ImageObject","inLanguage":"de","@id":"https:\/\/blog.holyart.it\/de\/#\/schema\/person\/image\/","url":"https:\/\/secure.gravatar.com\/avatar\/f477da817f43e50d0af36abecd33e3edf826c68299714bdc1057dff3b113f516?s=96&d=mm&r=g","contentUrl":"https:\/\/secure.gravatar.com\/avatar\/f477da817f43e50d0af36abecd33e3edf826c68299714bdc1057dff3b113f516?s=96&d=mm&r=g","caption":"Redazione"}}]}},"_links":{"self":[{"href":"https:\/\/blog.holyart.it\/de\/wp-json\/wp\/v2\/posts\/3379","targetHints":{"allow":["GET"]}}],"collection":[{"href":"https:\/\/blog.holyart.it\/de\/wp-json\/wp\/v2\/posts"}],"about":[{"href":"https:\/\/blog.holyart.it\/de\/wp-json\/wp\/v2\/types\/post"}],"author":[{"embeddable":true,"href":"https:\/\/blog.holyart.it\/de\/wp-json\/wp\/v2\/users\/1"}],"replies":[{"embeddable":true,"href":"https:\/\/blog.holyart.it\/de\/wp-json\/wp\/v2\/comments?post=3379"}],"version-history":[{"count":8,"href":"https:\/\/blog.holyart.it\/de\/wp-json\/wp\/v2\/posts\/3379\/revisions"}],"predecessor-version":[{"id":3391,"href":"https:\/\/blog.holyart.it\/de\/wp-json\/wp\/v2\/posts\/3379\/revisions\/3391"}],"wp:featuredmedia":[{"embeddable":true,"href":"https:\/\/blog.holyart.it\/de\/wp-json\/wp\/v2\/media\/3386"}],"wp:attachment":[{"href":"https:\/\/blog.holyart.it\/de\/wp-json\/wp\/v2\/media?parent=3379"}],"wp:term":[{"taxonomy":"category","embeddable":true,"href":"https:\/\/blog.holyart.it\/de\/wp-json\/wp\/v2\/categories?post=3379"},{"taxonomy":"post_tag","embeddable":true,"href":"https:\/\/blog.holyart.it\/de\/wp-json\/wp\/v2\/tags?post=3379"}],"curies":[{"name":"wp","href":"https:\/\/api.w.org\/{rel}","templated":true}]}}