{"id":337,"date":"2017-04-26T17:19:44","date_gmt":"2017-04-26T15:19:44","guid":{"rendered":"https:\/\/blog.holyart.it\/de\/?p=337"},"modified":"2018-02-08T12:47:19","modified_gmt":"2018-02-08T11:47:19","slug":"maria-verkundigung","status":"publish","type":"post","link":"https:\/\/blog.holyart.it\/de\/heilige-und-selige\/maria-verkundigung\/","title":{"rendered":"Mari\u00e4 Verk\u00fcndigung"},"content":{"rendered":"<p><strong>Die Verk\u00fcndigung der Heiligen Maria<\/strong> ist sicherlich eines der h\u00f6chsten und evokativsten Momente der katholischen christlichen Religion. Ihr symbolischer und spirituelle Wert ist immens, da es den genauen Augenblick festlegt, an dem Gott seine Hand den Menschen reicht und ihnen eine zweite Chance, durch der Menschwerdung Gottes in seinem Sohn im Scho\u00dfe der unbefleckten Jungfrau Maria, gibt.<\/p>\n<p>Die Verk\u00fcndung, die vom Erzengel Gabriel an Maria gebracht wurde, ist n\u00e4mlich die ihrer bevorstehenden Schwangerschaft. Diese wird in den Evangelien von Lukas und Matth\u00e4us zitiert (in der von Matth\u00e4us ist die Verk\u00fcndung an Josef gerichtet, dem Mann von Maria und es passiert in einem Traum).<\/p>\n<p><strong>Und so begann das Abendteuer von Jesus unter den Menschen<\/strong> und somit auch sein Liebes-, Hoffnung- und Rettungsauftrag f\u00fcr diejenigen die seine Mittelung aufnehmen. Es war das erste Mal in der Geschichte der Religionen, dass sich ein Gott freiwillig entscheidet Mensch zu werden und die Last von Fleisch auf sich nimmt und all das nur f\u00fcr eine <strong>reine und absolute Liebesgeste.<\/strong><\/p>\n<p>In der Verk\u00fcndung an Maria findet das B\u00fcndnis statt, genau wie an den Propheten des Alten Testamentes versprochen wurde. Das Datum an dem man die Verk\u00fcndung feiert, am 25. M\u00e4rz, war ein symbolisches Datum f\u00fcr den Christentum und viele andere Feste wurden am gleichen Tag gefeiert. Der Dialog zwischen dem Engel und Maria wurde zur Ave Maria, eines der wichtigsten und meist Verbreitesten Gebete des Christentums, nur dem Vater Unser gleichzustellen.<\/p>\n<p>Die Verk\u00fcndung ist nicht nur ein Marianisches Fest, auch wenn in vergangener Zeit unz\u00e4hlig viele Kunstwerke hergestellt wurden um sie zu feiern. Malereien unsterblichen Meister und<span style=\"color: #0000ff;\"><strong> <a style=\"color: #0000ff;\" href=\"https:\/\/www.holyart.de\/produkte\/statuen-madonna.php\">Statuen der Madonna<\/a><\/strong><\/span> erz\u00e4hlen auf der ganzen Welt dieser wundersame Moment, in dem sich das Verb zu Fleisch umwandelt, und dies durch eine junge Frau aus Galil\u00e4a. Einige Statuen der Madonna stellen den exakten Zeitpunkt der Verk\u00fcndung und der Menschwerdung Gottes dar. Sie zeigen <strong>Maria als bescheidene und fromme Frau<\/strong>, mit zusammengefalteten H\u00e4nden auf ihrem Scho\u00df oder auf ihrer Brust, w\u00e4hrend sie dem \u201efiat\u201c ausspricht mit dem sie ihr Schicksal akzeptiert und den Schicksal aller Menschen von dort an festlegt.<\/p>\n","protected":false},"excerpt":{"rendered":"<p>Die Verk\u00fcndigung der Heiligen Maria ist sicherlich eines der h\u00f6chsten und evokativsten Momente der katholischen christlichen Religion. Ihr symbolischer und spirituelle Wert ist immens, da es den genauen Augenblick festlegt, an dem Gott seine Hand den Menschen reicht und ihnen eine zweite Chance, durch der&hellip;<\/p>\n","protected":false},"author":1,"featured_media":338,"comment_status":"closed","ping_status":"open","sticky":false,"template":"","format":"standard","meta":{"_acf_changed":false,"footnotes":""},"categories":[9],"tags":[],"class_list":["post-337","post","type-post","status-publish","format-standard","has-post-thumbnail","hentry","category-heilige-und-selige"],"acf":[],"yoast_head":"<!-- This site is optimized with the Yoast SEO plugin v26.6 - https:\/\/yoast.com\/wordpress\/plugins\/seo\/ -->\n<title>Mari\u00e4 Verk\u00fcndigung - Holyart.de Blog<\/title>\n<meta name=\"description\" content=\"Die Verk\u00fcndigung der Heiligen Maria ist sicherlich eines der h\u00f6chsten und evokativsten Momente der katholischen christlichen Religion.\" \/>\n<meta name=\"robots\" content=\"index, follow, max-snippet:-1, max-image-preview:large, max-video-preview:-1\" \/>\n<link rel=\"canonical\" href=\"https:\/\/blog.holyart.it\/de\/heilige-und-selige\/maria-verkundigung\/\" \/>\n<meta property=\"og:locale\" content=\"de_DE\" \/>\n<meta property=\"og:type\" content=\"article\" \/>\n<meta property=\"og:title\" content=\"Mari\u00e4 Verk\u00fcndigung - Holyart.de Blog\" \/>\n<meta property=\"og:description\" content=\"Die Verk\u00fcndigung der Heiligen Maria ist sicherlich eines der h\u00f6chsten und evokativsten Momente der katholischen christlichen Religion.\" \/>\n<meta property=\"og:url\" content=\"https:\/\/blog.holyart.it\/de\/heilige-und-selige\/maria-verkundigung\/\" \/>\n<meta property=\"og:site_name\" content=\"Holyart.de Blog\" \/>\n<meta property=\"article:published_time\" content=\"2017-04-26T15:19:44+00:00\" \/>\n<meta property=\"article:modified_time\" content=\"2018-02-08T11:47:19+00:00\" \/>\n<meta property=\"og:image\" content=\"https:\/\/blog.holyart.it\/de\/wp-content\/uploads\/sites\/12\/2017\/03\/Mari\u00e4-Verk\u00fcndigung.jpg\" \/>\n\t<meta property=\"og:image:width\" content=\"1000\" \/>\n\t<meta property=\"og:image:height\" content=\"667\" \/>\n\t<meta property=\"og:image:type\" content=\"image\/jpeg\" \/>\n<meta name=\"author\" content=\"Redazione\" \/>\n<meta name=\"twitter:card\" content=\"summary_large_image\" \/>\n<meta name=\"twitter:label1\" content=\"Verfasst von\" \/>\n\t<meta name=\"twitter:data1\" content=\"Redazione\" \/>\n\t<meta name=\"twitter:label2\" content=\"Gesch\u00e4tzte Lesezeit\" \/>\n\t<meta name=\"twitter:data2\" content=\"2\u00a0Minuten\" \/>\n<script type=\"application\/ld+json\" class=\"yoast-schema-graph\">{\"@context\":\"https:\/\/schema.org\",\"@graph\":[{\"@type\":\"Article\",\"@id\":\"https:\/\/blog.holyart.it\/de\/heilige-und-selige\/maria-verkundigung\/#article\",\"isPartOf\":{\"@id\":\"https:\/\/blog.holyart.it\/de\/heilige-und-selige\/maria-verkundigung\/\"},\"author\":{\"name\":\"Redazione\",\"@id\":\"https:\/\/blog.holyart.it\/de\/#\/schema\/person\/0a7b686e5af0f856ec1e390dd0baecda\"},\"headline\":\"Mari\u00e4 Verk\u00fcndigung\",\"datePublished\":\"2017-04-26T15:19:44+00:00\",\"dateModified\":\"2018-02-08T11:47:19+00:00\",\"mainEntityOfPage\":{\"@id\":\"https:\/\/blog.holyart.it\/de\/heilige-und-selige\/maria-verkundigung\/\"},\"wordCount\":365,\"publisher\":{\"@id\":\"https:\/\/blog.holyart.it\/de\/#organization\"},\"image\":{\"@id\":\"https:\/\/blog.holyart.it\/de\/heilige-und-selige\/maria-verkundigung\/#primaryimage\"},\"thumbnailUrl\":\"https:\/\/blog.holyart.it\/de\/wp-content\/uploads\/sites\/12\/2017\/03\/Mari\u00e4-Verk\u00fcndigung.jpg\",\"articleSection\":[\"Heilige und Selige\"],\"inLanguage\":\"de\"},{\"@type\":\"WebPage\",\"@id\":\"https:\/\/blog.holyart.it\/de\/heilige-und-selige\/maria-verkundigung\/\",\"url\":\"https:\/\/blog.holyart.it\/de\/heilige-und-selige\/maria-verkundigung\/\",\"name\":\"Mari\u00e4 Verk\u00fcndigung - Holyart.de Blog\",\"isPartOf\":{\"@id\":\"https:\/\/blog.holyart.it\/de\/#website\"},\"primaryImageOfPage\":{\"@id\":\"https:\/\/blog.holyart.it\/de\/heilige-und-selige\/maria-verkundigung\/#primaryimage\"},\"image\":{\"@id\":\"https:\/\/blog.holyart.it\/de\/heilige-und-selige\/maria-verkundigung\/#primaryimage\"},\"thumbnailUrl\":\"https:\/\/blog.holyart.it\/de\/wp-content\/uploads\/sites\/12\/2017\/03\/Mari\u00e4-Verk\u00fcndigung.jpg\",\"datePublished\":\"2017-04-26T15:19:44+00:00\",\"dateModified\":\"2018-02-08T11:47:19+00:00\",\"description\":\"Die Verk\u00fcndigung der Heiligen Maria ist sicherlich eines der h\u00f6chsten und evokativsten Momente der katholischen christlichen Religion.\",\"breadcrumb\":{\"@id\":\"https:\/\/blog.holyart.it\/de\/heilige-und-selige\/maria-verkundigung\/#breadcrumb\"},\"inLanguage\":\"de\",\"potentialAction\":[{\"@type\":\"ReadAction\",\"target\":[\"https:\/\/blog.holyart.it\/de\/heilige-und-selige\/maria-verkundigung\/\"]}]},{\"@type\":\"ImageObject\",\"inLanguage\":\"de\",\"@id\":\"https:\/\/blog.holyart.it\/de\/heilige-und-selige\/maria-verkundigung\/#primaryimage\",\"url\":\"https:\/\/blog.holyart.it\/de\/wp-content\/uploads\/sites\/12\/2017\/03\/Mari\u00e4-Verk\u00fcndigung.jpg\",\"contentUrl\":\"https:\/\/blog.holyart.it\/de\/wp-content\/uploads\/sites\/12\/2017\/03\/Mari\u00e4-Verk\u00fcndigung.jpg\",\"width\":1000,\"height\":667,\"caption\":\"Mari\u00e4 Verk\u00fcndigung\"},{\"@type\":\"BreadcrumbList\",\"@id\":\"https:\/\/blog.holyart.it\/de\/heilige-und-selige\/maria-verkundigung\/#breadcrumb\",\"itemListElement\":[{\"@type\":\"ListItem\",\"position\":1,\"name\":\"Homepage\",\"item\":\"https:\/\/blog.holyart.it\/de\/\"},{\"@type\":\"ListItem\",\"position\":2,\"name\":\"Heilige und Selige\",\"item\":\"https:\/\/blog.holyart.it\/de\/heilige-und-selige\/\"},{\"@type\":\"ListItem\",\"position\":3,\"name\":\"Mari\u00e4 Verk\u00fcndigung\"}]},{\"@type\":\"WebSite\",\"@id\":\"https:\/\/blog.holyart.it\/de\/#website\",\"url\":\"https:\/\/blog.holyart.it\/de\/\",\"name\":\"Holyart.de Blog\",\"description\":\"Holyblog\",\"publisher\":{\"@id\":\"https:\/\/blog.holyart.it\/de\/#organization\"},\"potentialAction\":[{\"@type\":\"SearchAction\",\"target\":{\"@type\":\"EntryPoint\",\"urlTemplate\":\"https:\/\/blog.holyart.it\/de\/?s={search_term_string}\"},\"query-input\":{\"@type\":\"PropertyValueSpecification\",\"valueRequired\":true,\"valueName\":\"search_term_string\"}}],\"inLanguage\":\"de\"},{\"@type\":\"Organization\",\"@id\":\"https:\/\/blog.holyart.it\/de\/#organization\",\"name\":\"Holyart.de Blog\",\"url\":\"https:\/\/blog.holyart.it\/de\/\",\"logo\":{\"@type\":\"ImageObject\",\"inLanguage\":\"de\",\"@id\":\"https:\/\/blog.holyart.it\/de\/#\/schema\/logo\/image\/\",\"url\":\"https:\/\/blog.holyart.it\/de\/wp-content\/uploads\/sites\/12\/2022\/12\/Holyart_Blog_Logo.jpg\",\"contentUrl\":\"https:\/\/blog.holyart.it\/de\/wp-content\/uploads\/sites\/12\/2022\/12\/Holyart_Blog_Logo.jpg\",\"width\":300,\"height\":50,\"caption\":\"Holyart.de Blog\"},\"image\":{\"@id\":\"https:\/\/blog.holyart.it\/de\/#\/schema\/logo\/image\/\"}},{\"@type\":\"Person\",\"@id\":\"https:\/\/blog.holyart.it\/de\/#\/schema\/person\/0a7b686e5af0f856ec1e390dd0baecda\",\"name\":\"Redazione\",\"image\":{\"@type\":\"ImageObject\",\"inLanguage\":\"de\",\"@id\":\"https:\/\/blog.holyart.it\/de\/#\/schema\/person\/image\/\",\"url\":\"https:\/\/secure.gravatar.com\/avatar\/f477da817f43e50d0af36abecd33e3edf826c68299714bdc1057dff3b113f516?s=96&d=mm&r=g\",\"contentUrl\":\"https:\/\/secure.gravatar.com\/avatar\/f477da817f43e50d0af36abecd33e3edf826c68299714bdc1057dff3b113f516?s=96&d=mm&r=g\",\"caption\":\"Redazione\"}}]}<\/script>\n<!-- \/ Yoast SEO plugin. -->","yoast_head_json":{"title":"Mari\u00e4 Verk\u00fcndigung - Holyart.de Blog","description":"Die Verk\u00fcndigung der Heiligen Maria ist sicherlich eines der h\u00f6chsten und evokativsten Momente der katholischen christlichen Religion.","robots":{"index":"index","follow":"follow","max-snippet":"max-snippet:-1","max-image-preview":"max-image-preview:large","max-video-preview":"max-video-preview:-1"},"canonical":"https:\/\/blog.holyart.it\/de\/heilige-und-selige\/maria-verkundigung\/","og_locale":"de_DE","og_type":"article","og_title":"Mari\u00e4 Verk\u00fcndigung - Holyart.de Blog","og_description":"Die Verk\u00fcndigung der Heiligen Maria ist sicherlich eines der h\u00f6chsten und evokativsten Momente der katholischen christlichen Religion.","og_url":"https:\/\/blog.holyart.it\/de\/heilige-und-selige\/maria-verkundigung\/","og_site_name":"Holyart.de Blog","article_published_time":"2017-04-26T15:19:44+00:00","article_modified_time":"2018-02-08T11:47:19+00:00","og_image":[{"width":1000,"height":667,"url":"https:\/\/blog.holyart.it\/de\/wp-content\/uploads\/sites\/12\/2017\/03\/Mari\u00e4-Verk\u00fcndigung.jpg","type":"image\/jpeg"}],"author":"Redazione","twitter_card":"summary_large_image","twitter_misc":{"Verfasst von":"Redazione","Gesch\u00e4tzte Lesezeit":"2\u00a0Minuten"},"schema":{"@context":"https:\/\/schema.org","@graph":[{"@type":"Article","@id":"https:\/\/blog.holyart.it\/de\/heilige-und-selige\/maria-verkundigung\/#article","isPartOf":{"@id":"https:\/\/blog.holyart.it\/de\/heilige-und-selige\/maria-verkundigung\/"},"author":{"name":"Redazione","@id":"https:\/\/blog.holyart.it\/de\/#\/schema\/person\/0a7b686e5af0f856ec1e390dd0baecda"},"headline":"Mari\u00e4 Verk\u00fcndigung","datePublished":"2017-04-26T15:19:44+00:00","dateModified":"2018-02-08T11:47:19+00:00","mainEntityOfPage":{"@id":"https:\/\/blog.holyart.it\/de\/heilige-und-selige\/maria-verkundigung\/"},"wordCount":365,"publisher":{"@id":"https:\/\/blog.holyart.it\/de\/#organization"},"image":{"@id":"https:\/\/blog.holyart.it\/de\/heilige-und-selige\/maria-verkundigung\/#primaryimage"},"thumbnailUrl":"https:\/\/blog.holyart.it\/de\/wp-content\/uploads\/sites\/12\/2017\/03\/Mari\u00e4-Verk\u00fcndigung.jpg","articleSection":["Heilige und Selige"],"inLanguage":"de"},{"@type":"WebPage","@id":"https:\/\/blog.holyart.it\/de\/heilige-und-selige\/maria-verkundigung\/","url":"https:\/\/blog.holyart.it\/de\/heilige-und-selige\/maria-verkundigung\/","name":"Mari\u00e4 Verk\u00fcndigung - Holyart.de Blog","isPartOf":{"@id":"https:\/\/blog.holyart.it\/de\/#website"},"primaryImageOfPage":{"@id":"https:\/\/blog.holyart.it\/de\/heilige-und-selige\/maria-verkundigung\/#primaryimage"},"image":{"@id":"https:\/\/blog.holyart.it\/de\/heilige-und-selige\/maria-verkundigung\/#primaryimage"},"thumbnailUrl":"https:\/\/blog.holyart.it\/de\/wp-content\/uploads\/sites\/12\/2017\/03\/Mari\u00e4-Verk\u00fcndigung.jpg","datePublished":"2017-04-26T15:19:44+00:00","dateModified":"2018-02-08T11:47:19+00:00","description":"Die Verk\u00fcndigung der Heiligen Maria ist sicherlich eines der h\u00f6chsten und evokativsten Momente der katholischen christlichen Religion.","breadcrumb":{"@id":"https:\/\/blog.holyart.it\/de\/heilige-und-selige\/maria-verkundigung\/#breadcrumb"},"inLanguage":"de","potentialAction":[{"@type":"ReadAction","target":["https:\/\/blog.holyart.it\/de\/heilige-und-selige\/maria-verkundigung\/"]}]},{"@type":"ImageObject","inLanguage":"de","@id":"https:\/\/blog.holyart.it\/de\/heilige-und-selige\/maria-verkundigung\/#primaryimage","url":"https:\/\/blog.holyart.it\/de\/wp-content\/uploads\/sites\/12\/2017\/03\/Mari\u00e4-Verk\u00fcndigung.jpg","contentUrl":"https:\/\/blog.holyart.it\/de\/wp-content\/uploads\/sites\/12\/2017\/03\/Mari\u00e4-Verk\u00fcndigung.jpg","width":1000,"height":667,"caption":"Mari\u00e4 Verk\u00fcndigung"},{"@type":"BreadcrumbList","@id":"https:\/\/blog.holyart.it\/de\/heilige-und-selige\/maria-verkundigung\/#breadcrumb","itemListElement":[{"@type":"ListItem","position":1,"name":"Homepage","item":"https:\/\/blog.holyart.it\/de\/"},{"@type":"ListItem","position":2,"name":"Heilige und Selige","item":"https:\/\/blog.holyart.it\/de\/heilige-und-selige\/"},{"@type":"ListItem","position":3,"name":"Mari\u00e4 Verk\u00fcndigung"}]},{"@type":"WebSite","@id":"https:\/\/blog.holyart.it\/de\/#website","url":"https:\/\/blog.holyart.it\/de\/","name":"Holyart.de Blog","description":"Holyblog","publisher":{"@id":"https:\/\/blog.holyart.it\/de\/#organization"},"potentialAction":[{"@type":"SearchAction","target":{"@type":"EntryPoint","urlTemplate":"https:\/\/blog.holyart.it\/de\/?s={search_term_string}"},"query-input":{"@type":"PropertyValueSpecification","valueRequired":true,"valueName":"search_term_string"}}],"inLanguage":"de"},{"@type":"Organization","@id":"https:\/\/blog.holyart.it\/de\/#organization","name":"Holyart.de Blog","url":"https:\/\/blog.holyart.it\/de\/","logo":{"@type":"ImageObject","inLanguage":"de","@id":"https:\/\/blog.holyart.it\/de\/#\/schema\/logo\/image\/","url":"https:\/\/blog.holyart.it\/de\/wp-content\/uploads\/sites\/12\/2022\/12\/Holyart_Blog_Logo.jpg","contentUrl":"https:\/\/blog.holyart.it\/de\/wp-content\/uploads\/sites\/12\/2022\/12\/Holyart_Blog_Logo.jpg","width":300,"height":50,"caption":"Holyart.de Blog"},"image":{"@id":"https:\/\/blog.holyart.it\/de\/#\/schema\/logo\/image\/"}},{"@type":"Person","@id":"https:\/\/blog.holyart.it\/de\/#\/schema\/person\/0a7b686e5af0f856ec1e390dd0baecda","name":"Redazione","image":{"@type":"ImageObject","inLanguage":"de","@id":"https:\/\/blog.holyart.it\/de\/#\/schema\/person\/image\/","url":"https:\/\/secure.gravatar.com\/avatar\/f477da817f43e50d0af36abecd33e3edf826c68299714bdc1057dff3b113f516?s=96&d=mm&r=g","contentUrl":"https:\/\/secure.gravatar.com\/avatar\/f477da817f43e50d0af36abecd33e3edf826c68299714bdc1057dff3b113f516?s=96&d=mm&r=g","caption":"Redazione"}}]}},"_links":{"self":[{"href":"https:\/\/blog.holyart.it\/de\/wp-json\/wp\/v2\/posts\/337","targetHints":{"allow":["GET"]}}],"collection":[{"href":"https:\/\/blog.holyart.it\/de\/wp-json\/wp\/v2\/posts"}],"about":[{"href":"https:\/\/blog.holyart.it\/de\/wp-json\/wp\/v2\/types\/post"}],"author":[{"embeddable":true,"href":"https:\/\/blog.holyart.it\/de\/wp-json\/wp\/v2\/users\/1"}],"replies":[{"embeddable":true,"href":"https:\/\/blog.holyart.it\/de\/wp-json\/wp\/v2\/comments?post=337"}],"version-history":[{"count":0,"href":"https:\/\/blog.holyart.it\/de\/wp-json\/wp\/v2\/posts\/337\/revisions"}],"wp:featuredmedia":[{"embeddable":true,"href":"https:\/\/blog.holyart.it\/de\/wp-json\/wp\/v2\/media\/338"}],"wp:attachment":[{"href":"https:\/\/blog.holyart.it\/de\/wp-json\/wp\/v2\/media?parent=337"}],"wp:term":[{"taxonomy":"category","embeddable":true,"href":"https:\/\/blog.holyart.it\/de\/wp-json\/wp\/v2\/categories?post=337"},{"taxonomy":"post_tag","embeddable":true,"href":"https:\/\/blog.holyart.it\/de\/wp-json\/wp\/v2\/tags?post=337"}],"curies":[{"name":"wp","href":"https:\/\/api.w.org\/{rel}","templated":true}]}}