{"id":334,"date":"2017-04-19T17:17:00","date_gmt":"2017-04-19T15:17:00","guid":{"rendered":"https:\/\/blog.holyart.it\/de\/?p=334"},"modified":"2025-02-05T12:35:14","modified_gmt":"2025-02-05T11:35:14","slug":"die-ratschlage-von-papst-franziskus-fur-die-fastenzeit","status":"publish","type":"post","link":"https:\/\/blog.holyart.it\/de\/ostern\/die-ratschlage-von-papst-franziskus-fur-die-fastenzeit\/","title":{"rendered":"Die Ratschl\u00e4ge von Papst Franziskus f\u00fcr die Fastenzeit"},"content":{"rendered":"<p>Die <span style=\"color: #0000ff;\"><strong><a style=\"color: #0000ff;\" href=\"https:\/\/www.holyart.de\/besondere-anlassen\/ostern-und-fasten\">Fastenzeit<\/a><\/strong><\/span> ist ein liturgischer Jahresabschnitt welcher vor Ostern stattfindet, und irgendwie den Gl\u00e4ubigen erlaubt, sich auf ihre Festlichkeiten vorzubereiten. Sie f\u00e4ngt am Aschermittwoch an und endet am Heiligen Donnerstag und ist charakterisiert durch Fasten und Bu\u00dfe, Gebet und Wohlt\u00e4tigkeit in einem geleiteten Weg<strong> zur Purifikation von K\u00f6rper und Seele<\/strong>.<\/p>\n<p>Aber wie kann man sich am besten auf die Fastenzeit vorbereiten? Viel zu oft, aufgrund der frenetischen modernen Lebensweise, in der wir von unendlich vielen Problemen und Sorgen abgelenkt sind, vergessen wir welcher der authentische Geist dieser Zeit ist, der uns an einem wichtigen Moment in Jesus Leben erinnert und es auch symbolisiert: die vierzig Tage die er vor seiner Pr\u00e4dikationszeit in der W\u00fcste verbracht hat.<\/p>\n<p><strong>Papst Franziskus<\/strong> hat vor ein paar Jahren in einer seiner Predigten eine Reihe von <strong>wertvollen Ratschl\u00e4gen f\u00fcr die Fastenzeit<\/strong> aufgelistet, die f\u00fcr immer g\u00fcltig und aktuell bleiben werden. 10 Weisheiten die man sich gut vor Augen halten soll, vor allem in der Fastenzeit.<\/p>\n<p>Wir wollen uns zusammen daran erinnern:<\/p>\n<ol>\n<li><strong>Befreie dich von den schlechten faulen Angewohnheiten<\/strong><\/li>\n<\/ol>\n<p>\u201eDie Fastenzeit ist eine \u201emachtvolle\u201c Zeit, ein Wendepunkt der helfen kann die Ver\u00e4nderung und die Bekehrung von jedem einzelnen von uns zu st\u00e4rken. Sie kann uns zu einem besseren Menschen machen. Sie hilft uns die schlechten Angewohnheiten hinter uns zu lassen, die uns abh\u00e4ngig vom B\u00f6sen machen.\u201c<\/p>\n<ol start=\"2\">\n<li><strong>Mach was, das Leiden verursacht<\/strong><\/li>\n<\/ol>\n<p>\u201eDie Fastenzeit ist das perfekte Zeitpunkt f\u00fcr die eigene Verneinung: wir m\u00fcssen verstehen auf was wir am besten verzichten k\u00f6nnen, damit wir uns selbst und die anderen mit unserer Armut bereichern. Vergessen wir aber nicht dass die richtige Armut uns leiden macht. Keine Verneinung von sich selbst ist wahr wenn keine Armutsdimension vorhanden ist. Ich glaube nicht an eine Wohlt\u00e4tigkeit die nichts kostet und keine Schmerzen verursacht.\u201c<\/p>\n<ol start=\"3\">\n<li><strong>Bleib nicht gleichg\u00fcltig <\/strong><\/li>\n<\/ol>\n<p>\u201eDie Gleichg\u00fcltigkeit gegen\u00fcber dem N\u00e4chsten und gegen\u00fcber Gott ist eine starke Versuchung auch f\u00fcr uns Christen. Jedes Jahr m\u00fcssen wir w\u00e4hrend der Fastenzeit einmal mehr die Stimme der Propheten anh\u00f6ren, die an unsere Gewissen schreien und sie in Not bringen. Diese Welt ist unserem Gott nicht gleichg\u00fcltig. Er liebt uns und er hat uns sein Sohn f\u00fcr unsere Rettung geschickt.\u201c<\/p>\n<ol start=\"4\">\n<li><strong>Bete und sag: \u201c Mach unsere Herzen wie deines!\u201d<\/strong><\/li>\n<\/ol>\n<p>\u201eW\u00e4hrend der Fastenzeit m\u00fcssen wir unserem Herrn fragen: \u201eFac cor nostrum secundum cor tuum\u201c, d.h. Mach unsere Herzen wie deines (Litanei des Herz Jesu). Auf dieser Weise bek\u00e4men wir ein unersch\u00fctterliches und mitleidiges Herz, der aufmerksam und g\u00fctig ist, ein offenes Herz der nicht gleichg\u00fcltig ist und Beute der Gleichg\u00fcltigkeitsglobalisierung wird.\u201c<\/p>\n<ol start=\"5\">\n<li><strong>Nimm an den Sakramenten teil<\/strong><\/li>\n<\/ol>\n<p>\u201cDie Fastenzeit dient um die Sakramente Christi zu entgegen zu nehmen. Jedes Mal m\u00fcssen wir die Worte des Herrn zuh\u00f6ren und seine Segnung bekommen. Wir m\u00fcssen uns besonders der Eucharistie widmen und somit w\u00fcrden wir das werden was wir bekommen: den Leib Christi.\u201c<\/p>\n<ol start=\"6\">\n<li><strong>Bete (bis) <\/strong><\/li>\n<\/ol>\n<p>\u201eVor all diesen Verletzungen die unsere Herzen plagen und erschweren, sind wir gebeten uns ins Meer der Gebete zu schmei\u00dfen, der das Meer der Liebe Gottes ist, um den Geschmack seiner Z\u00e4rtlichkeit zu verkosten. Die Fastenzeit ist eine Gebetszeit, eine verl\u00e4ngerte Zeit der tiefen Gebete, die mehr beharrlich und mehr den Bed\u00fcrfnisse der Br\u00fcder, der Heiligen und der Madonna gewidmet ist, um die Situation von Armut und Leiden zu \u00fcberwinden.\u201c<\/p>\n<ol start=\"7\">\n<li><strong>Faste<\/strong><\/li>\n<\/ol>\n<p>\u201cWir m\u00fcssen aufpassen nicht nur das formelle Fasten zu praktizieren, oder eines was uns trotzdem \u201ebefriedigt\u201c, weil es uns hilft uns besser zu f\u00fchlen- Fasten macht einen Sinn, wenn es unsere Sicherheiten in Schwierigkeiten setzt und wenn es zu Nutzen f\u00fcr andere bringt. Es hilft uns die Lebensweise eines barmherzigen Samariter auszubilden, der sich vor dem in Schwierigkeiten steckende Bruder neigt und sich um ihn k\u00fcmmert.\u201c<\/p>\n<ol start=\"8\">\n<li><strong>Sei barmherzig<\/strong><\/li>\n<\/ol>\n<p>\u201eHeute bekommt man im Leben nichts umsonst, in einer Welt in der alles gekauft oder verkauft wird. Alles wird ausgerechnet und gemessen. Die Wohlt\u00e4tigkeit hilft uns die Erfahrung des Schenkens in Freiheit zu erleben, was uns zu einer neuen Freiheit f\u00fchrt, die Freiheit von der Besessenheit zu besitzen, sie nimmt uns die Angst das zu verlieren was wir haben und sie nimmt uns die Trauer von die die nicht wissen oder die die das eigene Reichtum nicht mit anderen teilen will.\u201c<\/p>\n<ol start=\"9\">\n<li><strong>Sei hilfsbereit gegen\u00fcber den Armen<\/strong><\/li>\n<\/ol>\n<p>\u201eUnter den Armen und Ausgeschlossenen sehen wir Christi Gesicht. Indem wir die Armen lieben und denen helfen, lieben und dienen wir Christus. Unsere Bem\u00fchungen m\u00fcssen dorthin gerichtet sein, um die Versto\u00dfe gegen der Menschenw\u00fcrde zu beenden, gegen der Diskriminierung und den Missbrauch der Welt, weil diese die Ursache vom Elend sind. Wenn die Macht, der Luxus und das Geld unsere Idole werden, werden sie zur Priorit\u00e4t und stehen \u00fcber dem Bed\u00fcrfnis einer gerechten Verm\u00f6gensverteilung. Unsere Gewissen m\u00fcssen in Richtung Gerechtigkeit, Gleichheit, Bescheidenheit und zur Aufteilung gerichtet werden.<\/p>\n<ol start=\"10\">\n<li><strong>Evangelisiere<\/strong><\/li>\n<\/ol>\n<p>\u201eUnser Herr bittet uns fr\u00f6hliche Boten seiner Botschaft von Hoffnung und Mitleid zu werden. Es ist aufregend die Sch\u00f6nheit der Verbreitung der guten Nachricht zu teilen, den Schatz der uns anvertraut wurde zu verbreiten, die Leidenden zu tr\u00f6sten und unsern Br\u00fcdern und Schwestern, die sich in der Dunkelheit verloren haben, Hoffnung zu schenken.\u201c<\/p>\n<p>&nbsp;<\/p>\n","protected":false},"excerpt":{"rendered":"<p>Die Fastenzeit ist ein liturgischer Jahresabschnitt welcher vor Ostern stattfindet, und irgendwie den Gl\u00e4ubigen erlaubt, sich auf ihre Festlichkeiten vorzubereiten. Sie f\u00e4ngt am Aschermittwoch an und endet am Heiligen Donnerstag und ist charakterisiert durch Fasten und Bu\u00dfe, Gebet und Wohlt\u00e4tigkeit in einem geleiteten Weg zur&hellip;<\/p>\n","protected":false},"author":1,"featured_media":335,"comment_status":"closed","ping_status":"open","sticky":false,"template":"","format":"standard","meta":{"_acf_changed":false,"footnotes":""},"categories":[18,10],"tags":[],"class_list":["post-334","post","type-post","status-publish","format-standard","has-post-thumbnail","hentry","category-ostern","category-devotionalien"],"acf":[],"yoast_head":"<!-- This site is optimized with the Yoast SEO plugin v26.6 - https:\/\/yoast.com\/wordpress\/plugins\/seo\/ -->\n<title>Die Ratschl\u00e4ge von Papst Franziskus f\u00fcr die Fastenzeit<\/title>\n<meta name=\"description\" content=\"Die Fastenzeit ist ein liturgischer Jahresabschnitt welcher vor Ostern stattfindet, den Gl\u00e4ubigen erlaubt, sich auf ihre Festlichkeiten vorzubereiten.\" \/>\n<meta name=\"robots\" content=\"index, follow, max-snippet:-1, max-image-preview:large, max-video-preview:-1\" \/>\n<link rel=\"canonical\" href=\"https:\/\/blog.holyart.it\/de\/ostern\/die-ratschlage-von-papst-franziskus-fur-die-fastenzeit\/\" \/>\n<meta property=\"og:locale\" content=\"de_DE\" \/>\n<meta property=\"og:type\" content=\"article\" \/>\n<meta property=\"og:title\" content=\"Die Ratschl\u00e4ge von Papst Franziskus f\u00fcr die Fastenzeit\" \/>\n<meta property=\"og:description\" content=\"Die Fastenzeit ist ein liturgischer Jahresabschnitt welcher vor Ostern stattfindet, den Gl\u00e4ubigen erlaubt, sich auf ihre Festlichkeiten vorzubereiten.\" \/>\n<meta property=\"og:url\" content=\"https:\/\/blog.holyart.it\/de\/ostern\/die-ratschlage-von-papst-franziskus-fur-die-fastenzeit\/\" \/>\n<meta property=\"og:site_name\" content=\"Holyart.de Blog\" \/>\n<meta property=\"article:published_time\" content=\"2017-04-19T15:17:00+00:00\" \/>\n<meta property=\"article:modified_time\" content=\"2025-02-05T11:35:14+00:00\" \/>\n<meta property=\"og:image\" content=\"https:\/\/blog.holyart.it\/de\/wp-content\/uploads\/sites\/12\/2017\/03\/Die-Ratschl\u00e4ge-von-Papst-Franziskus-f\u00fcr-die-Fastenzeit.jpg\" \/>\n\t<meta property=\"og:image:width\" content=\"1000\" \/>\n\t<meta property=\"og:image:height\" content=\"667\" \/>\n\t<meta property=\"og:image:type\" content=\"image\/jpeg\" \/>\n<meta name=\"author\" content=\"Redazione\" \/>\n<meta name=\"twitter:card\" content=\"summary_large_image\" \/>\n<meta name=\"twitter:label1\" content=\"Verfasst von\" \/>\n\t<meta name=\"twitter:data1\" content=\"Redazione\" \/>\n\t<meta name=\"twitter:label2\" content=\"Gesch\u00e4tzte Lesezeit\" \/>\n\t<meta name=\"twitter:data2\" content=\"5\u00a0Minuten\" \/>\n<script type=\"application\/ld+json\" class=\"yoast-schema-graph\">{\"@context\":\"https:\/\/schema.org\",\"@graph\":[{\"@type\":\"Article\",\"@id\":\"https:\/\/blog.holyart.it\/de\/ostern\/die-ratschlage-von-papst-franziskus-fur-die-fastenzeit\/#article\",\"isPartOf\":{\"@id\":\"https:\/\/blog.holyart.it\/de\/ostern\/die-ratschlage-von-papst-franziskus-fur-die-fastenzeit\/\"},\"author\":{\"name\":\"Redazione\",\"@id\":\"https:\/\/blog.holyart.it\/de\/#\/schema\/person\/0a7b686e5af0f856ec1e390dd0baecda\"},\"headline\":\"Die Ratschl\u00e4ge von Papst Franziskus f\u00fcr die Fastenzeit\",\"datePublished\":\"2017-04-19T15:17:00+00:00\",\"dateModified\":\"2025-02-05T11:35:14+00:00\",\"mainEntityOfPage\":{\"@id\":\"https:\/\/blog.holyart.it\/de\/ostern\/die-ratschlage-von-papst-franziskus-fur-die-fastenzeit\/\"},\"wordCount\":905,\"publisher\":{\"@id\":\"https:\/\/blog.holyart.it\/de\/#organization\"},\"image\":{\"@id\":\"https:\/\/blog.holyart.it\/de\/ostern\/die-ratschlage-von-papst-franziskus-fur-die-fastenzeit\/#primaryimage\"},\"thumbnailUrl\":\"https:\/\/blog.holyart.it\/de\/wp-content\/uploads\/sites\/12\/2017\/03\/Die-Ratschl\u00e4ge-von-Papst-Franziskus-f\u00fcr-die-Fastenzeit.jpg\",\"articleSection\":[\"Ostern\",\"Religion\"],\"inLanguage\":\"de\"},{\"@type\":\"WebPage\",\"@id\":\"https:\/\/blog.holyart.it\/de\/ostern\/die-ratschlage-von-papst-franziskus-fur-die-fastenzeit\/\",\"url\":\"https:\/\/blog.holyart.it\/de\/ostern\/die-ratschlage-von-papst-franziskus-fur-die-fastenzeit\/\",\"name\":\"Die Ratschl\u00e4ge von Papst Franziskus f\u00fcr die Fastenzeit\",\"isPartOf\":{\"@id\":\"https:\/\/blog.holyart.it\/de\/#website\"},\"primaryImageOfPage\":{\"@id\":\"https:\/\/blog.holyart.it\/de\/ostern\/die-ratschlage-von-papst-franziskus-fur-die-fastenzeit\/#primaryimage\"},\"image\":{\"@id\":\"https:\/\/blog.holyart.it\/de\/ostern\/die-ratschlage-von-papst-franziskus-fur-die-fastenzeit\/#primaryimage\"},\"thumbnailUrl\":\"https:\/\/blog.holyart.it\/de\/wp-content\/uploads\/sites\/12\/2017\/03\/Die-Ratschl\u00e4ge-von-Papst-Franziskus-f\u00fcr-die-Fastenzeit.jpg\",\"datePublished\":\"2017-04-19T15:17:00+00:00\",\"dateModified\":\"2025-02-05T11:35:14+00:00\",\"description\":\"Die Fastenzeit ist ein liturgischer Jahresabschnitt welcher vor Ostern stattfindet, den Gl\u00e4ubigen erlaubt, sich auf ihre Festlichkeiten vorzubereiten.\",\"breadcrumb\":{\"@id\":\"https:\/\/blog.holyart.it\/de\/ostern\/die-ratschlage-von-papst-franziskus-fur-die-fastenzeit\/#breadcrumb\"},\"inLanguage\":\"de\",\"potentialAction\":[{\"@type\":\"ReadAction\",\"target\":[\"https:\/\/blog.holyart.it\/de\/ostern\/die-ratschlage-von-papst-franziskus-fur-die-fastenzeit\/\"]}]},{\"@type\":\"ImageObject\",\"inLanguage\":\"de\",\"@id\":\"https:\/\/blog.holyart.it\/de\/ostern\/die-ratschlage-von-papst-franziskus-fur-die-fastenzeit\/#primaryimage\",\"url\":\"https:\/\/blog.holyart.it\/de\/wp-content\/uploads\/sites\/12\/2017\/03\/Die-Ratschl\u00e4ge-von-Papst-Franziskus-f\u00fcr-die-Fastenzeit.jpg\",\"contentUrl\":\"https:\/\/blog.holyart.it\/de\/wp-content\/uploads\/sites\/12\/2017\/03\/Die-Ratschl\u00e4ge-von-Papst-Franziskus-f\u00fcr-die-Fastenzeit.jpg\",\"width\":1000,\"height\":667,\"caption\":\"Die Ratschl\u00e4ge von Papst Franziskus f\u00fcr die Fastenzeit\"},{\"@type\":\"BreadcrumbList\",\"@id\":\"https:\/\/blog.holyart.it\/de\/ostern\/die-ratschlage-von-papst-franziskus-fur-die-fastenzeit\/#breadcrumb\",\"itemListElement\":[{\"@type\":\"ListItem\",\"position\":1,\"name\":\"Homepage\",\"item\":\"https:\/\/blog.holyart.it\/de\/\"},{\"@type\":\"ListItem\",\"position\":2,\"name\":\"Ostern\",\"item\":\"https:\/\/blog.holyart.it\/de\/ostern\/\"},{\"@type\":\"ListItem\",\"position\":3,\"name\":\"Die Ratschl\u00e4ge von Papst Franziskus f\u00fcr die Fastenzeit\"}]},{\"@type\":\"WebSite\",\"@id\":\"https:\/\/blog.holyart.it\/de\/#website\",\"url\":\"https:\/\/blog.holyart.it\/de\/\",\"name\":\"Holyart.de Blog\",\"description\":\"Holyblog\",\"publisher\":{\"@id\":\"https:\/\/blog.holyart.it\/de\/#organization\"},\"potentialAction\":[{\"@type\":\"SearchAction\",\"target\":{\"@type\":\"EntryPoint\",\"urlTemplate\":\"https:\/\/blog.holyart.it\/de\/?s={search_term_string}\"},\"query-input\":{\"@type\":\"PropertyValueSpecification\",\"valueRequired\":true,\"valueName\":\"search_term_string\"}}],\"inLanguage\":\"de\"},{\"@type\":\"Organization\",\"@id\":\"https:\/\/blog.holyart.it\/de\/#organization\",\"name\":\"Holyart.de Blog\",\"url\":\"https:\/\/blog.holyart.it\/de\/\",\"logo\":{\"@type\":\"ImageObject\",\"inLanguage\":\"de\",\"@id\":\"https:\/\/blog.holyart.it\/de\/#\/schema\/logo\/image\/\",\"url\":\"https:\/\/blog.holyart.it\/de\/wp-content\/uploads\/sites\/12\/2022\/12\/Holyart_Blog_Logo.jpg\",\"contentUrl\":\"https:\/\/blog.holyart.it\/de\/wp-content\/uploads\/sites\/12\/2022\/12\/Holyart_Blog_Logo.jpg\",\"width\":300,\"height\":50,\"caption\":\"Holyart.de Blog\"},\"image\":{\"@id\":\"https:\/\/blog.holyart.it\/de\/#\/schema\/logo\/image\/\"}},{\"@type\":\"Person\",\"@id\":\"https:\/\/blog.holyart.it\/de\/#\/schema\/person\/0a7b686e5af0f856ec1e390dd0baecda\",\"name\":\"Redazione\",\"image\":{\"@type\":\"ImageObject\",\"inLanguage\":\"de\",\"@id\":\"https:\/\/blog.holyart.it\/de\/#\/schema\/person\/image\/\",\"url\":\"https:\/\/secure.gravatar.com\/avatar\/f477da817f43e50d0af36abecd33e3edf826c68299714bdc1057dff3b113f516?s=96&d=mm&r=g\",\"contentUrl\":\"https:\/\/secure.gravatar.com\/avatar\/f477da817f43e50d0af36abecd33e3edf826c68299714bdc1057dff3b113f516?s=96&d=mm&r=g\",\"caption\":\"Redazione\"}}]}<\/script>\n<!-- \/ Yoast SEO plugin. -->","yoast_head_json":{"title":"Die Ratschl\u00e4ge von Papst Franziskus f\u00fcr die Fastenzeit","description":"Die Fastenzeit ist ein liturgischer Jahresabschnitt welcher vor Ostern stattfindet, den Gl\u00e4ubigen erlaubt, sich auf ihre Festlichkeiten vorzubereiten.","robots":{"index":"index","follow":"follow","max-snippet":"max-snippet:-1","max-image-preview":"max-image-preview:large","max-video-preview":"max-video-preview:-1"},"canonical":"https:\/\/blog.holyart.it\/de\/ostern\/die-ratschlage-von-papst-franziskus-fur-die-fastenzeit\/","og_locale":"de_DE","og_type":"article","og_title":"Die Ratschl\u00e4ge von Papst Franziskus f\u00fcr die Fastenzeit","og_description":"Die Fastenzeit ist ein liturgischer Jahresabschnitt welcher vor Ostern stattfindet, den Gl\u00e4ubigen erlaubt, sich auf ihre Festlichkeiten vorzubereiten.","og_url":"https:\/\/blog.holyart.it\/de\/ostern\/die-ratschlage-von-papst-franziskus-fur-die-fastenzeit\/","og_site_name":"Holyart.de Blog","article_published_time":"2017-04-19T15:17:00+00:00","article_modified_time":"2025-02-05T11:35:14+00:00","og_image":[{"width":1000,"height":667,"url":"https:\/\/blog.holyart.it\/de\/wp-content\/uploads\/sites\/12\/2017\/03\/Die-Ratschl\u00e4ge-von-Papst-Franziskus-f\u00fcr-die-Fastenzeit.jpg","type":"image\/jpeg"}],"author":"Redazione","twitter_card":"summary_large_image","twitter_misc":{"Verfasst von":"Redazione","Gesch\u00e4tzte Lesezeit":"5\u00a0Minuten"},"schema":{"@context":"https:\/\/schema.org","@graph":[{"@type":"Article","@id":"https:\/\/blog.holyart.it\/de\/ostern\/die-ratschlage-von-papst-franziskus-fur-die-fastenzeit\/#article","isPartOf":{"@id":"https:\/\/blog.holyart.it\/de\/ostern\/die-ratschlage-von-papst-franziskus-fur-die-fastenzeit\/"},"author":{"name":"Redazione","@id":"https:\/\/blog.holyart.it\/de\/#\/schema\/person\/0a7b686e5af0f856ec1e390dd0baecda"},"headline":"Die Ratschl\u00e4ge von Papst Franziskus f\u00fcr die Fastenzeit","datePublished":"2017-04-19T15:17:00+00:00","dateModified":"2025-02-05T11:35:14+00:00","mainEntityOfPage":{"@id":"https:\/\/blog.holyart.it\/de\/ostern\/die-ratschlage-von-papst-franziskus-fur-die-fastenzeit\/"},"wordCount":905,"publisher":{"@id":"https:\/\/blog.holyart.it\/de\/#organization"},"image":{"@id":"https:\/\/blog.holyart.it\/de\/ostern\/die-ratschlage-von-papst-franziskus-fur-die-fastenzeit\/#primaryimage"},"thumbnailUrl":"https:\/\/blog.holyart.it\/de\/wp-content\/uploads\/sites\/12\/2017\/03\/Die-Ratschl\u00e4ge-von-Papst-Franziskus-f\u00fcr-die-Fastenzeit.jpg","articleSection":["Ostern","Religion"],"inLanguage":"de"},{"@type":"WebPage","@id":"https:\/\/blog.holyart.it\/de\/ostern\/die-ratschlage-von-papst-franziskus-fur-die-fastenzeit\/","url":"https:\/\/blog.holyart.it\/de\/ostern\/die-ratschlage-von-papst-franziskus-fur-die-fastenzeit\/","name":"Die Ratschl\u00e4ge von Papst Franziskus f\u00fcr die Fastenzeit","isPartOf":{"@id":"https:\/\/blog.holyart.it\/de\/#website"},"primaryImageOfPage":{"@id":"https:\/\/blog.holyart.it\/de\/ostern\/die-ratschlage-von-papst-franziskus-fur-die-fastenzeit\/#primaryimage"},"image":{"@id":"https:\/\/blog.holyart.it\/de\/ostern\/die-ratschlage-von-papst-franziskus-fur-die-fastenzeit\/#primaryimage"},"thumbnailUrl":"https:\/\/blog.holyart.it\/de\/wp-content\/uploads\/sites\/12\/2017\/03\/Die-Ratschl\u00e4ge-von-Papst-Franziskus-f\u00fcr-die-Fastenzeit.jpg","datePublished":"2017-04-19T15:17:00+00:00","dateModified":"2025-02-05T11:35:14+00:00","description":"Die Fastenzeit ist ein liturgischer Jahresabschnitt welcher vor Ostern stattfindet, den Gl\u00e4ubigen erlaubt, sich auf ihre Festlichkeiten vorzubereiten.","breadcrumb":{"@id":"https:\/\/blog.holyart.it\/de\/ostern\/die-ratschlage-von-papst-franziskus-fur-die-fastenzeit\/#breadcrumb"},"inLanguage":"de","potentialAction":[{"@type":"ReadAction","target":["https:\/\/blog.holyart.it\/de\/ostern\/die-ratschlage-von-papst-franziskus-fur-die-fastenzeit\/"]}]},{"@type":"ImageObject","inLanguage":"de","@id":"https:\/\/blog.holyart.it\/de\/ostern\/die-ratschlage-von-papst-franziskus-fur-die-fastenzeit\/#primaryimage","url":"https:\/\/blog.holyart.it\/de\/wp-content\/uploads\/sites\/12\/2017\/03\/Die-Ratschl\u00e4ge-von-Papst-Franziskus-f\u00fcr-die-Fastenzeit.jpg","contentUrl":"https:\/\/blog.holyart.it\/de\/wp-content\/uploads\/sites\/12\/2017\/03\/Die-Ratschl\u00e4ge-von-Papst-Franziskus-f\u00fcr-die-Fastenzeit.jpg","width":1000,"height":667,"caption":"Die Ratschl\u00e4ge von Papst Franziskus f\u00fcr die Fastenzeit"},{"@type":"BreadcrumbList","@id":"https:\/\/blog.holyart.it\/de\/ostern\/die-ratschlage-von-papst-franziskus-fur-die-fastenzeit\/#breadcrumb","itemListElement":[{"@type":"ListItem","position":1,"name":"Homepage","item":"https:\/\/blog.holyart.it\/de\/"},{"@type":"ListItem","position":2,"name":"Ostern","item":"https:\/\/blog.holyart.it\/de\/ostern\/"},{"@type":"ListItem","position":3,"name":"Die Ratschl\u00e4ge von Papst Franziskus f\u00fcr die Fastenzeit"}]},{"@type":"WebSite","@id":"https:\/\/blog.holyart.it\/de\/#website","url":"https:\/\/blog.holyart.it\/de\/","name":"Holyart.de Blog","description":"Holyblog","publisher":{"@id":"https:\/\/blog.holyart.it\/de\/#organization"},"potentialAction":[{"@type":"SearchAction","target":{"@type":"EntryPoint","urlTemplate":"https:\/\/blog.holyart.it\/de\/?s={search_term_string}"},"query-input":{"@type":"PropertyValueSpecification","valueRequired":true,"valueName":"search_term_string"}}],"inLanguage":"de"},{"@type":"Organization","@id":"https:\/\/blog.holyart.it\/de\/#organization","name":"Holyart.de Blog","url":"https:\/\/blog.holyart.it\/de\/","logo":{"@type":"ImageObject","inLanguage":"de","@id":"https:\/\/blog.holyart.it\/de\/#\/schema\/logo\/image\/","url":"https:\/\/blog.holyart.it\/de\/wp-content\/uploads\/sites\/12\/2022\/12\/Holyart_Blog_Logo.jpg","contentUrl":"https:\/\/blog.holyart.it\/de\/wp-content\/uploads\/sites\/12\/2022\/12\/Holyart_Blog_Logo.jpg","width":300,"height":50,"caption":"Holyart.de Blog"},"image":{"@id":"https:\/\/blog.holyart.it\/de\/#\/schema\/logo\/image\/"}},{"@type":"Person","@id":"https:\/\/blog.holyart.it\/de\/#\/schema\/person\/0a7b686e5af0f856ec1e390dd0baecda","name":"Redazione","image":{"@type":"ImageObject","inLanguage":"de","@id":"https:\/\/blog.holyart.it\/de\/#\/schema\/person\/image\/","url":"https:\/\/secure.gravatar.com\/avatar\/f477da817f43e50d0af36abecd33e3edf826c68299714bdc1057dff3b113f516?s=96&d=mm&r=g","contentUrl":"https:\/\/secure.gravatar.com\/avatar\/f477da817f43e50d0af36abecd33e3edf826c68299714bdc1057dff3b113f516?s=96&d=mm&r=g","caption":"Redazione"}}]}},"_links":{"self":[{"href":"https:\/\/blog.holyart.it\/de\/wp-json\/wp\/v2\/posts\/334","targetHints":{"allow":["GET"]}}],"collection":[{"href":"https:\/\/blog.holyart.it\/de\/wp-json\/wp\/v2\/posts"}],"about":[{"href":"https:\/\/blog.holyart.it\/de\/wp-json\/wp\/v2\/types\/post"}],"author":[{"embeddable":true,"href":"https:\/\/blog.holyart.it\/de\/wp-json\/wp\/v2\/users\/1"}],"replies":[{"embeddable":true,"href":"https:\/\/blog.holyart.it\/de\/wp-json\/wp\/v2\/comments?post=334"}],"version-history":[{"count":1,"href":"https:\/\/blog.holyart.it\/de\/wp-json\/wp\/v2\/posts\/334\/revisions"}],"predecessor-version":[{"id":5511,"href":"https:\/\/blog.holyart.it\/de\/wp-json\/wp\/v2\/posts\/334\/revisions\/5511"}],"wp:featuredmedia":[{"embeddable":true,"href":"https:\/\/blog.holyart.it\/de\/wp-json\/wp\/v2\/media\/335"}],"wp:attachment":[{"href":"https:\/\/blog.holyart.it\/de\/wp-json\/wp\/v2\/media?parent=334"}],"wp:term":[{"taxonomy":"category","embeddable":true,"href":"https:\/\/blog.holyart.it\/de\/wp-json\/wp\/v2\/categories?post=334"},{"taxonomy":"post_tag","embeddable":true,"href":"https:\/\/blog.holyart.it\/de\/wp-json\/wp\/v2\/tags?post=334"}],"curies":[{"name":"wp","href":"https:\/\/api.w.org\/{rel}","templated":true}]}}