{"id":3339,"date":"2023-12-25T10:00:46","date_gmt":"2023-12-25T09:00:46","guid":{"rendered":"https:\/\/blog.holyart.it\/de\/?p=3339"},"modified":"2024-12-19T09:39:46","modified_gmt":"2024-12-19T08:39:46","slug":"weihnachtsbeleuchtung-wie-man-sie-das-ganze-jahr-ueber-nutzen-kann","status":"publish","type":"post","link":"https:\/\/blog.holyart.it\/de\/weihnachten\/weihnachtsbeleuchtung-wie-man-sie-das-ganze-jahr-ueber-nutzen-kann\/","title":{"rendered":"Weihnachtsbeleuchtung: Wie man sie das ganze Jahr \u00fcber nutzen kann"},"content":{"rendered":"<h4>Die Weihnachtsbeleuchtung ist die ultimative Weihnachtsdekoration, die sowohl im Innen- als auch im Au\u00dfenbereich verwendet wird und kalten Winterabenden W\u00e4rme verleiht. Aber was w\u00e4re, wenn wir uns entschlie\u00dfen w\u00fcrden, sie das ganze Jahr \u00fcber zu nutzen? Hier sind 5 einfache und originelle Ideen, um sie auch in den w\u00e4rmeren Monaten gut zu nutzen.<\/h4>\n\n<p>LED-Lichter sind ein dekoratives Element, das sich leicht und unmittelbar mit der weihnachtlichen Atmosph\u00e4re in Verbindung bringen l\u00e4sst und an die Freude und W\u00e4rme dieser festlichen Tage erinnert, an denen man von Freunden und Familie, Essen und Geschenken umgeben ist.<\/p>\n<p>Eine Lichterkette am Fenster oder klassisch um den Weihnachtsbaum gewickelt oder auch als Dekoration im Geb\u00fcsch im Garten sind nur einige der M\u00f6glichkeiten, wie man sie in der Weihnachtszeit einsetzen kann.<\/p>\n<p>Aber m\u00fcssen wir in der Vorweihnachtszeit unsere Lichter in der Schachtel lassen? Die Antwort ist nein. Lichtdekorationen eignen sich f\u00fcr jede Jahreszeit: Lassen Sie Ihrer Fantasie freien Lauf und voila &#8211; mit einem Hauch von Licht erh\u00e4lt jeder Raum eine romantische und gem\u00fctliche Atmosph\u00e4re. Schauen wir uns gemeinsam an, wie man das macht und wo man sie platziert.<\/p>\n<div class=\"link-article\">\n<p><img loading=\"lazy\" decoding=\"async\" class=\"size-full wp-image-3343 alignleft\" src=\"https:\/\/blog.holyart.it\/de\/wp-content\/uploads\/sites\/12\/2023\/12\/Wie-man-Lichter-am-Weihnachtsbaum-anbringt.jpg\" alt=\"Wie man Lichter am Weihnachtsbaum anbringt\" width=\"150\" height=\"99\" data-kale-share-title=\"Weihnachtsbeleuchtung: Wie man sie das ganze Jahr \u00fcber nutzen kann\" data-kale-share-url=\"https:\/\/blog.holyart.it\/de\/?p=3339\" \/><\/p>\n<div class=\"leggi-anche\">Lesen Sie auch:<\/div>\n<p><strong><a href=\"https:\/\/www.holyart.de\/blog\/weihnachten\/wie-man-lichter-am-weihnachtsbaum-anbringt\/\">Wie man Lichter am Weihnachtsbaum anbringt<\/a><\/strong><br \/>\nWir sind fast am Ziel. Nach einem langen, hei\u00dfen Sommer und einem Herbst, der die sch\u00f6ne Jahreszeit nur widerwillig zu verjagen schien&#8230;<\/p>\n<\/div>\n<h2>Eine Wand mit Lichtern und Fotos (Wand mit Lichtern und Fotos 50 V)<\/h2>\n<p>Erinnerungen verdienen es, beleuchtet zu werden. Wenn Sie schlichte, aber eindrucksvolle Akzente setzen m\u00f6chten, ist das Aufh\u00e4ngen von Fotos an einer Lichterkette eine einfache und kosteng\u00fcnstige L\u00f6sung f\u00fcr Sie.<\/p>\n<p>Befestigen Sie einfach eine elektrische oder batteriebetriebene Lichterkette an N\u00e4geln in der von Ihnen gew\u00fcnschten Form und h\u00e4ngen Sie die Fotos mit kleinen Holzpfl\u00f6cken auf.<\/p>\n<p>Sie k\u00f6nnen die Weihnachtsbeleuchtung im <strong><u>Schlafzimmer<\/u><\/strong> (110 Volt) oder sogar im Wohnzimmer verwenden, der WOW-Effekt ist Ihnen sicher!<\/p>\n<div class=\"sp-styles-warning\" style=\"width: 450px; background-color: #FFF; color: #F00; border: 1px solid #F00; padding: 10px; font-size: 14px;\">\n\t\t\t<span style=\"font-weight: bold;\">Warning: The stylesheets were not loaded!<\/span> \n\t\t\tYou will need to change the <i>Load stylesheets<\/i> setting from <i>Automatically<\/i> to <i>On homepage<\/i> or <i>On all pages<\/i>. \n\t\t\tYou can set that <a style=\"text-decoration: underline; color: #F00;\" href=\"https:\/\/blog.holyart.it\/de\/wp-admin\/admin.php?page=sliderpro-settings\">here<\/a>.\n\t\t\t<\/div>\r\n<div id=\"slider-pro-57\" class=\"slider-pro sp-no-js\" style=\"width: 500px; height: 500px;\">\r\n\t<div class=\"sp-slides\">\r\n\t\t\r\n\t\t<div class=\"sp-slide\">\r\n\t\t\t<a class=\"\" href=\"https:\/\/www.holyart.de\/weihnachten\/weihnachtsbeleuchtung?_gl=1*1mdhy16*_gcl_aw*R0NMLjE3MDI1NzE0NDYuQ2owS0NRanc4cW1oQmhDbEFSSXNBTkF0Ym9mZ21KMm85dkV5S0JjLUdLUWIweWFCLU9EekR0N1ZQV2hnY1g4WW96M2haNGVTR0JkUjR1d2FBZzZrRUFMd193Y0I.*_gcl_au*MzQ2MTAxMTM4LjE2OTc4MDc3MzQ.*_ga*MjAyODIwNTUzOS4xNjgwNTA1OTc3*_ga_W18MV136NH*MTcwMjg5NzQ0MS4yNjguMS4xNzAyODk3ODYzLjAuMC4w\" target=\"_self\">\r\n\t\t\t\t<img loading=\"lazy\" decoding=\"async\" class=\"sp-image\" src=\"https:\/\/blog.holyart.it\/de\/wp-content\/uploads\/sites\/12\/2023\/12\/Weihnachtsbeleuchtung-2.jpeg\" alt=\"Weihnachtsbeleuchtung\" width=\"500\" height=\"500\" \/>\r\n\t\t\t<\/a>\r\n\t\t\t<div class=\"sp-thumbnail\"><a class=\"\" href=\"https:\/\/www.holyart.de\/weihnachten\/weihnachtsbeleuchtung\/lichterketten\/lichterkette-180-leds-warmweiss-fur-den-aussenbereich-mit-timer?_gl=1*f2rtdr*_gcl_aw*R0NMLjE3MDI1NzE0NDYuQ2owS0NRanc4cW1oQmhDbEFSSXNBTkF0Ym9mZ21KMm85dkV5S0JjLUdLUWIweWFCLU9EekR0N1ZQV2hnY1g4WW96M2haNGVTR0JkUjR1d2FBZzZrRUFMd193Y0I.*_gcl_au*MzQ2MTAxMTM4LjE2OTc4MDc3MzQ.*_ga*MjAyODIwNTUzOS4xNjgwNTA1OTc3*_ga_W18MV136NH*MTcwMjg5NzQ0MS4yNjguMS4xNzAyODk3NjI3LjAuMC4w\">\r\n\t\t\t\t<img decoding=\"async\" src=\"https:\/\/blog.holyart.it\/de\/wp-content\/uploads\/sites\/12\/2023\/12\/lichterkette-180-leds-warmweiss-fur-den-aussenbereich-mit-timer-150x150-1.jpg\" alt=\"lichterkette-180-leds-warmweiss-fur-den-aussenbereich-mit-timer 150x150\" \/>\r\n\t\t\t<\/a>\r\n\t\t\t<\/div>\r\n\t\t\t<div class=\"sp-caption\">Weihnachtsbeleuchtung<\/br><strong><a href=\"https:\/\/www.holyart.de\/weihnachten\/weihnachtsbeleuchtung?_gl=1*1mdhy16*_gcl_aw*R0NMLjE3MDI1NzE0NDYuQ2owS0NRanc4cW1oQmhDbEFSSXNBTkF0Ym9mZ21KMm85dkV5S0JjLUdLUWIweWFCLU9EekR0N1ZQV2hnY1g4WW96M2haNGVTR0JkUjR1d2FBZzZrRUFMd193Y0I.*_gcl_au*MzQ2MTAxMTM4LjE2OTc4MDc3MzQ.*_ga*MjAyODIwNTUzOS4xNjgwNTA1OTc3*_ga_W18MV136NH*MTcwMjg5NzQ0MS4yNjguMS4xNzAyODk3ODYzLjAuMC4w\">Bei Holyart kaufen<\/a><\/strong><\/div>\r\n\t\t<\/div>\r\n\t\t<div class=\"sp-slide\">\r\n\t\t\t<div class=\"sp-thumbnail\"><a class=\"\" href=\"https:\/\/www.holyart.de\/weihnachten\/weihnachtsbeleuchtung\/lichterketten\/lichterkette-warmweisses-licht-750-leds?_gl=1*139mxdq*_gcl_aw*R0NMLjE3MDI1NzE0NDYuQ2owS0NRanc4cW1oQmhDbEFSSXNBTkF0Ym9mZ21KMm85dkV5S0JjLUdLUWIweWFCLU9EekR0N1ZQV2hnY1g4WW96M2haNGVTR0JkUjR1d2FBZzZrRUFMd193Y0I.*_gcl_au*MzQ2MTAxMTM4LjE2OTc4MDc3MzQ.*_ga*MjAyODIwNTUzOS4xNjgwNTA1OTc3*_ga_W18MV136NH*MTcwMjg5NzQ0MS4yNjguMS4xNzAyODk3ODE3LjAuMC4w\">\r\n\t\t\t\t<img decoding=\"async\" src=\"https:\/\/blog.holyart.it\/de\/wp-content\/uploads\/sites\/12\/2023\/12\/Lichterkette-warmweisses-Licht-750-LEDs.jpg\" alt=\"Lichterkette warmwei\u00dfes Licht, 750 LEDs\" \/>\r\n\t\t\t<\/a>\r\n\t\t\t<\/div>\r\n\t\t<\/div>\r\n\t\t<div class=\"sp-slide\">\r\n\t\t\t<div class=\"sp-thumbnail\"><a class=\"\" href=\"https:\/\/www.holyart.de\/weihnachten\/weihnachtsbeleuchtung\/lichterketten\/weihnachtslichterkette-1000-kaltweisse-leds-transparentes-kabel?_gl=1*dea30l*_gcl_aw*R0NMLjE3MDI1NzE0NDYuQ2owS0NRanc4cW1oQmhDbEFSSXNBTkF0Ym9mZ21KMm85dkV5S0JjLUdLUWIweWFCLU9EekR0N1ZQV2hnY1g4WW96M2haNGVTR0JkUjR1d2FBZzZrRUFMd193Y0I.*_gcl_au*MzQ2MTAxMTM4LjE2OTc4MDc3MzQ.*_ga*MjAyODIwNTUzOS4xNjgwNTA1OTc3*_ga_W18MV136NH*MTcwMjg5NzQ0MS4yNjguMS4xNzAyODk3NzQzLjAuMC4w\">\r\n\t\t\t\t<img decoding=\"async\" src=\"https:\/\/blog.holyart.it\/de\/wp-content\/uploads\/sites\/12\/2023\/12\/weihnachtslichterkette-1000-kaltweisse-leds-transparentes-kabel-150x150-1.jpg\" alt=\"weihnachtslichterkette-1000-kaltweisse-leds-transparentes-kabel 150x150\" \/>\r\n\t\t\t<\/a>\r\n\t\t\t<\/div>\r\n\t\t<\/div>\r\n\t<\/div>\r\n<\/div>\n<h2>Glasvasen mit Weihnachtsbeleuchtung (110 V)<\/h2>\n<p>Ja, transparente Vasen mit einfachen, klaren Linien k\u00f6nnen im Handumdrehen zu einem Gestaltungselement im Herzen eines Raumes werden. Eine sehr vielseitige L\u00f6sung, die \u00fcberall aufgestellt werden kann: in einem kleinen Flur, im Wohnzimmer oder sogar im Badezimmer, kein Ort ist ungeeignet.<\/p>\n<p>Die Kombination von Lichtern und Blumen, ein wahrhaft glamour\u00f6ser, eleganter Hauch, ist eine \u00dcberlegung wert.<\/p>\n<div class=\"sp-styles-warning\" style=\"width: 450px; background-color: #FFF; color: #F00; border: 1px solid #F00; padding: 10px; font-size: 14px;\">\n\t\t\t<span style=\"font-weight: bold;\">Warning: The stylesheets were not loaded!<\/span> \n\t\t\tYou will need to change the <i>Load stylesheets<\/i> setting from <i>Automatically<\/i> to <i>On homepage<\/i> or <i>On all pages<\/i>. \n\t\t\tYou can set that <a style=\"text-decoration: underline; color: #F00;\" href=\"https:\/\/blog.holyart.it\/de\/wp-admin\/admin.php?page=sliderpro-settings\">here<\/a>.\n\t\t\t<\/div>\r\n<div id=\"slider-pro-58\" class=\"slider-pro sp-no-js\" style=\"width: 500px; height: 500px;\">\r\n\t<div class=\"sp-slides\">\r\n\t\t\r\n\t\t<div class=\"sp-slide\">\r\n\t\t\t<a class=\"\" href=\"https:\/\/www.holyart.de\/weihnachten\/weihnachtsbeleuchtung?_gl=1*15uife7*_gcl_aw*R0NMLjE3MDI1NzE0NDYuQ2owS0NRanc4cW1oQmhDbEFSSXNBTkF0Ym9mZ21KMm85dkV5S0JjLUdLUWIweWFCLU9EekR0N1ZQV2hnY1g4WW96M2haNGVTR0JkUjR1d2FBZzZrRUFMd193Y0I.*_gcl_au*MzQ2MTAxMTM4LjE2OTc4MDc3MzQ.*_ga*MjAyODIwNTUzOS4xNjgwNTA1OTc3*_ga_W18MV136NH*MTcwMjg5NzQ0MS4yNjguMS4xNzAyODk4NzAzLjAuMC4w\" target=\"_self\">\r\n\t\t\t\t<img loading=\"lazy\" decoding=\"async\" class=\"sp-image\" src=\"https:\/\/blog.holyart.it\/de\/wp-content\/uploads\/sites\/12\/2023\/12\/Weihnachtsbeleuchtung-3.jpeg\" alt=\"Weihnachtsbeleuchtung\" width=\"500\" height=\"500\" \/>\r\n\t\t\t<\/a>\r\n\t\t\t<div class=\"sp-thumbnail\"><a class=\"\" href=\"https:\/\/www.holyart.de\/weihnachten\/weihnachtsbeleuchtung\/lichtervorhange\/lichter-vorhang-10-gluhbirne-mit-60-minileds-kaltweiss?_gl=1*1mytbik*_gcl_aw*R0NMLjE3MDI1NzE0NDYuQ2owS0NRanc4cW1oQmhDbEFSSXNBTkF0Ym9mZ21KMm85dkV5S0JjLUdLUWIweWFCLU9EekR0N1ZQV2hnY1g4WW96M2haNGVTR0JkUjR1d2FBZzZrRUFMd193Y0I.*_gcl_au*MzQ2MTAxMTM4LjE2OTc4MDc3MzQ.*_ga*MjAyODIwNTUzOS4xNjgwNTA1OTc3*_ga_W18MV136NH*MTcwMjg5NzQ0MS4yNjguMS4xNzAyODk4NzE0LjAuMC4w\">\r\n\t\t\t\t<img decoding=\"async\" src=\"https:\/\/blog.holyart.it\/de\/wp-content\/uploads\/sites\/12\/2023\/12\/Lichter-Vorhang-10-Gluehbirne-mit-60-Minileds-kaltweiss.jpg\" alt=\"Lichter Vorhang 10 Gl\u00fchbirne mit 60 Minileds kaltweiss\" \/>\r\n\t\t\t<\/a>\r\n\t\t\t<\/div>\r\n\t\t\t<div class=\"sp-caption\">Weihnachtsbeleuchtung<\/br><strong><a href=\"https:\/\/www.holyart.de\/weihnachten\/weihnachtsbeleuchtung?_gl=1*1mdhy16*_gcl_aw*R0NMLjE3MDI1NzE0NDYuQ2owS0NRanc4cW1oQmhDbEFSSXNBTkF0Ym9mZ21KMm85dkV5S0JjLUdLUWIweWFCLU9EekR0N1ZQV2hnY1g4WW96M2haNGVTR0JkUjR1d2FBZzZrRUFMd193Y0I.*_gcl_au*MzQ2MTAxMTM4LjE2OTc4MDc3MzQ.*_ga*MjAyODIwNTUzOS4xNjgwNTA1OTc3*_ga_W18MV136NH*MTcwMjg5NzQ0MS4yNjguMS4xNzAyODk3ODYzLjAuMC4w\">Bei Holyart kaufen<\/a><\/strong><\/div>\r\n\t\t<\/div>\r\n\t\t<div class=\"sp-slide\">\r\n\t\t\t<div class=\"sp-thumbnail\"><a class=\"\" href=\"https:\/\/www.holyart.de\/weihnachten\/weihnachtsbeleuchtung\/lichterketten\/leuchtende-rosen-20-leds?_gl=1*1d227tn*_gcl_aw*R0NMLjE3MDI1NzE0NDYuQ2owS0NRanc4cW1oQmhDbEFSSXNBTkF0Ym9mZ21KMm85dkV5S0JjLUdLUWIweWFCLU9EekR0N1ZQV2hnY1g4WW96M2haNGVTR0JkUjR1d2FBZzZrRUFMd193Y0I.*_gcl_au*MzQ2MTAxMTM4LjE2OTc4MDc3MzQ.*_ga*MjAyODIwNTUzOS4xNjgwNTA1OTc3*_ga_W18MV136NH*MTcwMjg5NzQ0MS4yNjguMS4xNzAyODk5MTk1LjAuMC4w\">\r\n\t\t\t\t<img decoding=\"async\" src=\"https:\/\/blog.holyart.it\/de\/wp-content\/uploads\/sites\/12\/2023\/12\/Leuchtende-Rosen-20-Leds-150x150-1.jpg\" alt=\"Leuchtende Rosen 20 Leds 150x150\" \/>\r\n\t\t\t<\/a>\r\n\t\t\t<\/div>\r\n\t\t<\/div>\r\n\t\t<div class=\"sp-slide\">\r\n\t\t\t<div class=\"sp-thumbnail\"><a class=\"\" href=\"https:\/\/www.holyart.de\/weihnachten\/weihnachtsbeleuchtung\/lichterketten\/leuchtenden-zapfen-20-leds-kaltweiss?_gl=1*14nd61u*_gcl_aw*R0NMLjE3MDI1NzE0NDYuQ2owS0NRanc4cW1oQmhDbEFSSXNBTkF0Ym9mZ21KMm85dkV5S0JjLUdLUWIweWFCLU9EekR0N1ZQV2hnY1g4WW96M2haNGVTR0JkUjR1d2FBZzZrRUFMd193Y0I.*_gcl_au*MzQ2MTAxMTM4LjE2OTc4MDc3MzQ.*_ga*MjAyODIwNTUzOS4xNjgwNTA1OTc3*_ga_W18MV136NH*MTcwMjg5NzQ0MS4yNjguMS4xNzAyODk5NDM4LjAuMC4w\">\r\n\t\t\t\t<img decoding=\"async\" src=\"https:\/\/blog.holyart.it\/de\/wp-content\/uploads\/sites\/12\/2023\/12\/leuchtenden-zapfen-20-leds-kaltweiss-150x150-1.jpg\" alt=\"leuchtenden-zapfen-20-leds-kaltweiss 150x150\" \/>\r\n\t\t\t<\/a>\r\n\t\t\t<\/div>\r\n\t\t<\/div>\r\n\t<\/div>\r\n<\/div>\n<h2>Weihnachtsbeleuchtung f\u00fcr den Au\u00dfenbereich(880 V): ein Muss f\u00fcr das ganze Jahr<\/h2>\n<p>Der sch\u00f6nste Ort, an dem die Weihnachtsbeleuchtung auch in der hei\u00dfesten Zeit des Jahres eingesetzt werden kann, ist zweifelsohne der Garten.<\/p>\n<p><strong><a href=\"https:\/\/www.holyart.de\/blog\/weihnachten\/10-ideen-fuer-die-weihnachtliche-dekoration-ihres-gartens\/\">Leuchten in verschiedenen Formen und Farben<\/a><\/strong> k\u00f6nnen zur Umrahmung von Pergolen, Gel\u00e4ndern, zur Beleuchtung von Wegen und Pavillons verwendet werden.<\/p>\n<p>Und wer nicht das Gl\u00fcck hat, einen Garten zu haben, braucht keine Angst zu haben, denn Lichtdekorationen eignen sich auch hervorragend f\u00fcr Balkone und Terrassen, ideal f\u00fcr ein romantisches Abendessen oder zur Versch\u00f6nerung Ihrer Entspannungsecke.<\/p>\n<div class=\"sp-styles-warning\" style=\"width: 450px; background-color: #FFF; color: #F00; border: 1px solid #F00; padding: 10px; font-size: 14px;\">\n\t\t\t<span style=\"font-weight: bold;\">Warning: The stylesheets were not loaded!<\/span> \n\t\t\tYou will need to change the <i>Load stylesheets<\/i> setting from <i>Automatically<\/i> to <i>On homepage<\/i> or <i>On all pages<\/i>. \n\t\t\tYou can set that <a style=\"text-decoration: underline; color: #F00;\" href=\"https:\/\/blog.holyart.it\/de\/wp-admin\/admin.php?page=sliderpro-settings\">here<\/a>.\n\t\t\t<\/div>\r\n<div id=\"slider-pro-59\" class=\"slider-pro sp-no-js\" style=\"width: 500px; height: 500px;\">\r\n\t<div class=\"sp-slides\">\r\n\t\t\r\n\t\t<div class=\"sp-slide\">\r\n\t\t\t<a class=\"\" href=\"https:\/\/www.holyart.de\/weihnachten\/weihnachtsbeleuchtung?_gl=1*rv4n6e*_gcl_aw*R0NMLjE3MDI1NzE0NDYuQ2owS0NRanc4cW1oQmhDbEFSSXNBTkF0Ym9mZ21KMm85dkV5S0JjLUdLUWIweWFCLU9EekR0N1ZQV2hnY1g4WW96M2haNGVTR0JkUjR1d2FBZzZrRUFMd193Y0I.*_gcl_au*MzQ2MTAxMTM4LjE2OTc4MDc3MzQ.*_ga*MjAyODIwNTUzOS4xNjgwNTA1OTc3*_ga_W18MV136NH*MTcwMjg5NzQ0MS4yNjguMS4xNzAyODk5OTkwLjAuMC4w\" target=\"_self\">\r\n\t\t\t\t<img loading=\"lazy\" decoding=\"async\" class=\"sp-image\" src=\"https:\/\/blog.holyart.it\/de\/wp-content\/uploads\/sites\/12\/2023\/12\/Weihnachtsbeleuchtung-4.jpeg\" alt=\"Weihnachtsbeleuchtung\" width=\"500\" height=\"500\" \/>\r\n\t\t\t<\/a>\r\n\t\t\t<div class=\"sp-thumbnail\"><a class=\"\" href=\"https:\/\/www.holyart.de\/weihnachten\/weihnachtsbeleuchtung\/lichterketten\/lichterkette-weihnachten-1800-warmweisse-leds-mit-fernbedienung-220v?_gl=1*1progbc*_gcl_aw*R0NMLjE3MDI1NzE0NDYuQ2owS0NRanc4cW1oQmhDbEFSSXNBTkF0Ym9mZ21KMm85dkV5S0JjLUdLUWIweWFCLU9EekR0N1ZQV2hnY1g4WW96M2haNGVTR0JkUjR1d2FBZzZrRUFMd193Y0I.*_gcl_au*MzQ2MTAxMTM4LjE2OTc4MDc3MzQ.*_ga*MjAyODIwNTUzOS4xNjgwNTA1OTc3*_ga_W18MV136NH*MTcwMjg5NzQ0MS4yNjguMS4xNzAyODk5OTk0LjAuMC4w\">\r\n\t\t\t\t<img decoding=\"async\" src=\"https:\/\/blog.holyart.it\/de\/wp-content\/uploads\/sites\/12\/2023\/12\/Lichterkette-Weihnachten-1800-warmweisse-LEDs-mit-Fernbedienung-220V-1.jpg\" alt=\"Lichterkette Weihnachten 1800 warmwei\u00dfe LEDs mit Fernbedienung, 220V\" \/>\r\n\t\t\t<\/a>\r\n\t\t\t<\/div>\r\n\t\t\t<div class=\"sp-caption\">Weihnachtsbeleuchtung<\/br><strong><a href=\"https:\/\/www.holyart.de\/weihnachten\/weihnachtsbeleuchtung?_gl=1*1mdhy16*_gcl_aw*R0NMLjE3MDI1NzE0NDYuQ2owS0NRanc4cW1oQmhDbEFSSXNBTkF0Ym9mZ21KMm85dkV5S0JjLUdLUWIweWFCLU9EekR0N1ZQV2hnY1g4WW96M2haNGVTR0JkUjR1d2FBZzZrRUFMd193Y0I.*_gcl_au*MzQ2MTAxMTM4LjE2OTc4MDc3MzQ.*_ga*MjAyODIwNTUzOS4xNjgwNTA1OTc3*_ga_W18MV136NH*MTcwMjg5NzQ0MS4yNjguMS4xNzAyODk3ODYzLjAuMC4w\">Bei Holyart kaufen<\/a><\/strong><\/div>\r\n\t\t<\/div>\r\n\t\t<div class=\"sp-slide\">\r\n\t\t\t<div class=\"sp-thumbnail\"><a class=\"\" href=\"https:\/\/www.holyart.de\/weihnachten\/professionelle-erweiterbare-weihnachtsbeleuchtung\/weihnachtslichter-vorhang-100-jumbo-leds-warmweiss-verlangerbar?rdeocl=1&amp;rdetpl=productpage_new&amp;rdebox=box1&amp;_gl=1*1wvowl3*_gcl_aw*R0NMLjE3MDI1NzE0NDYuQ2owS0NRanc4cW1oQmhDbEFSSXNBTkF0Ym9mZ21KMm85dkV5S0JjLUdLUWIweWFCLU9EekR0N1ZQV2hnY1g4WW96M2haNGVTR0JkUjR1d2FBZzZrRUFMd193Y0I.*_gcl_au*MzQ2MTAxMTM4LjE2OTc4MDc3MzQ.*_ga*MjAyODIwNTUzOS4xNjgwNTA1OTc3*_ga_W18MV136NH*MTcwMjg5NzQ0MS4yNjguMS4xNzAyOTAwMDAwLjAuMC4w\">\r\n\t\t\t\t<img decoding=\"async\" src=\"https:\/\/blog.holyart.it\/de\/wp-content\/uploads\/sites\/12\/2023\/12\/Weihnachtslichter-Vorhang-100-Jumbo-Leds-warmweiss-verlaengerbar.jpg\" alt=\"Weihnachtslichter Vorhang 100 Jumbo Leds warmweiss verl\u00e4ngerbar\" \/>\r\n\t\t\t<\/a>\r\n\t\t\t<\/div>\r\n\t\t<\/div>\r\n\t\t<div class=\"sp-slide\">\r\n\t\t\t<div class=\"sp-thumbnail\"><a class=\"\" href=\"https:\/\/www.holyart.de\/weihnachten\/professionelle-erweiterbare-weihnachtsbeleuchtung\/lichtrohre-mit-warmen-leds-50-m?_gl=1*y767ss*_gcl_aw*R0NMLjE3MDI1NzE0NDYuQ2owS0NRanc4cW1oQmhDbEFSSXNBTkF0Ym9mZ21KMm85dkV5S0JjLUdLUWIweWFCLU9EekR0N1ZQV2hnY1g4WW96M2haNGVTR0JkUjR1d2FBZzZrRUFMd193Y0I.*_gcl_au*MzQ2MTAxMTM4LjE2OTc4MDc3MzQ.*_ga*MjAyODIwNTUzOS4xNjgwNTA1OTc3*_ga_W18MV136NH*MTcwMjg5NzQ0MS4yNjguMS4xNzAyOTAwMDA3LjAuMC4w\">\r\n\t\t\t\t<img decoding=\"async\" src=\"https:\/\/blog.holyart.it\/de\/wp-content\/uploads\/sites\/12\/2023\/12\/Lichtroehre-mit-warmen-LEDs-50-m0150x150.jpg\" alt=\"Lichtr\u00f6hre mit warmen LEDs, 50 m0150x150\" \/>\r\n\t\t\t<\/a>\r\n\t\t\t<\/div>\r\n\t\t<\/div>\r\n\t<\/div>\r\n<\/div>\n<h2>Weihnachtsbeleuchtung im Kinderzimmer, ein magischer Hauch f\u00fcr Kinder (110 V)<\/h2>\n<p>Kinder werden es lieben, wenn ihr Zimmer von vielen kleinen Lichtern erhellt wird, sie werden sich geborgen f\u00fchlen und keine Angst mehr vor Monstern haben, die sich unter dem Bett verstecken.<\/p>\n<p>Eine sternf\u00f6rmige <strong><u>Lichterkette<\/u><\/strong> (260 Volt), die am Kopfteil herunterl\u00e4uft, kann ausreichen. Wenn Sie kreativer sein wollen, nehmen Sie Draht, formen Sie ihn in die Form Ihrer Wahl und wickeln Sie batteriebetriebene Lichter um ihn. Jetzt m\u00fcssen Sie sie nur noch an die Wand h\u00e4ngen und fertig.<\/p>\n<div class=\"sp-styles-warning\" style=\"width: 450px; background-color: #FFF; color: #F00; border: 1px solid #F00; padding: 10px; font-size: 14px;\">\n\t\t\t<span style=\"font-weight: bold;\">Warning: The stylesheets were not loaded!<\/span> \n\t\t\tYou will need to change the <i>Load stylesheets<\/i> setting from <i>Automatically<\/i> to <i>On homepage<\/i> or <i>On all pages<\/i>. \n\t\t\tYou can set that <a style=\"text-decoration: underline; color: #F00;\" href=\"https:\/\/blog.holyart.it\/de\/wp-admin\/admin.php?page=sliderpro-settings\">here<\/a>.\n\t\t\t<\/div>\r\n<div id=\"slider-pro-60\" class=\"slider-pro sp-no-js\" style=\"width: 500px; height: 500px;\">\r\n\t<div class=\"sp-slides\">\r\n\t\t\r\n\t\t<div class=\"sp-slide\">\r\n\t\t\t<a class=\"\" href=\"https:\/\/www.holyart.de\/weihnachten\/weihnachtsbeleuchtung?_gl=1*1agau7c*_gcl_aw*R0NMLjE3MDI1NzE0NDYuQ2owS0NRanc4cW1oQmhDbEFSSXNBTkF0Ym9mZ21KMm85dkV5S0JjLUdLUWIweWFCLU9EekR0N1ZQV2hnY1g4WW96M2haNGVTR0JkUjR1d2FBZzZrRUFMd193Y0I.*_gcl_au*MzQ2MTAxMTM4LjE2OTc4MDc3MzQ.*_ga*MjAyODIwNTUzOS4xNjgwNTA1OTc3*_ga_W18MV136NH*MTcwMjg5NzQ0MS4yNjguMS4xNzAyOTAwNjI3LjAuMC4w\" target=\"_self\">\r\n\t\t\t\t<img loading=\"lazy\" decoding=\"async\" class=\"sp-image\" src=\"https:\/\/blog.holyart.it\/de\/wp-content\/uploads\/sites\/12\/2023\/12\/Weihnachtsbeleuchtung-5.jpeg\" alt=\"Weihnachtsbeleuchtung\" width=\"500\" height=\"500\" \/>\r\n\t\t\t<\/a>\r\n\t\t\t<div class=\"sp-thumbnail\"><a class=\"\" href=\"https:\/\/www.holyart.de\/weihnachten\/weihnachtsbeleuchtung\/lichtervorhange\/led-lichter-kaltweiss-200-lichter-aussen-und-innenbereich-warmweiss-2-m?_gl=1*1m3f9n3*_gcl_aw*R0NMLjE3MDI1NzE0NDYuQ2owS0NRanc4cW1oQmhDbEFSSXNBTkF0Ym9mZ21KMm85dkV5S0JjLUdLUWIweWFCLU9EekR0N1ZQV2hnY1g4WW96M2haNGVTR0JkUjR1d2FBZzZrRUFMd193Y0I.*_gcl_au*MzQ2MTAxMTM4LjE2OTc4MDc3MzQ.*_ga*MjAyODIwNTUzOS4xNjgwNTA1OTc3*_ga_W18MV136NH*MTcwMjkwNDg2NC4yNjcuMS4xNzAyOTA0OTczLjAuMC4w\">\r\n\t\t\t\t<img decoding=\"async\" src=\"https:\/\/blog.holyart.it\/de\/wp-content\/uploads\/sites\/12\/2023\/12\/led-lichter-kaltweiss-200-lichter-aussen-und-innenbereich-warmweiss-2-m-150x150-1.jpg\" alt=\"led-lichter-kaltweiss-200-lichter-aussen-und-innenbereich-warmweiss-2-m 150x150\" \/>\r\n\t\t\t<\/a>\r\n\t\t\t<\/div>\r\n\t\t\t<div class=\"sp-caption\">Weihnachtsbeleuchtung<\/br><strong><a href=\"https:\/\/www.holyart.de\/weihnachten\/weihnachtsbeleuchtung?_gl=1*1mdhy16*_gcl_aw*R0NMLjE3MDI1NzE0NDYuQ2owS0NRanc4cW1oQmhDbEFSSXNBTkF0Ym9mZ21KMm85dkV5S0JjLUdLUWIweWFCLU9EekR0N1ZQV2hnY1g4WW96M2haNGVTR0JkUjR1d2FBZzZrRUFMd193Y0I.*_gcl_au*MzQ2MTAxMTM4LjE2OTc4MDc3MzQ.*_ga*MjAyODIwNTUzOS4xNjgwNTA1OTc3*_ga_W18MV136NH*MTcwMjg5NzQ0MS4yNjguMS4xNzAyODk3ODYzLjAuMC4w\">Bei Holyart kaufen<\/a><\/strong><\/div>\r\n\t\t<\/div>\r\n\t\t<div class=\"sp-slide\">\r\n\t\t\t<div class=\"sp-thumbnail\"><a class=\"\" href=\"https:\/\/www.holyart.de\/weihnachten\/weihnachtsbeleuchtung\/lichtervorhange\/lichterkette-kleine-feuerwerke-mit-300-warmweissen-leds-innen-und-aussenbereich-2-m?_gl=1*e7klj8*_gcl_aw*R0NMLjE3MDI1NzE0NDYuQ2owS0NRanc4cW1oQmhDbEFSSXNBTkF0Ym9mZ21KMm85dkV5S0JjLUdLUWIweWFCLU9EekR0N1ZQV2hnY1g4WW96M2haNGVTR0JkUjR1d2FBZzZrRUFMd193Y0I.*_gcl_au*MzQ2MTAxMTM4LjE2OTc4MDc3MzQ.*_ga*MTg4MjYzNjYxMS4xNjgwNTE0MjY5*_ga_W18MV136NH*MTcwMjkwMDU3OC4yNjYuMS4xNzAyOTAwNzk4LjAuMC4w\">\r\n\t\t\t\t<img decoding=\"async\" src=\"https:\/\/blog.holyart.it\/de\/wp-content\/uploads\/sites\/12\/2023\/12\/cortina-fogos-de-artificio-300-luzes-nanoled-branco-quente-interior-exterior-2-m-Copia.jpg\" \/>\r\n\t\t\t<\/a>\r\n\t\t\t<\/div>\r\n\t\t<\/div>\r\n\t\t<div class=\"sp-slide\">\r\n\t\t\t<div class=\"sp-thumbnail\"><a class=\"\" href=\"https:\/\/www.holyart.de\/weihnachten\/weihnachtsbeleuchtung\/lichtervorhange\/lichtervorhang-mit-sternen-und-308-kaltweissen-leds-1-2-m?_gl=1*1jx8wgt*_gcl_aw*R0NMLjE3MDI1NzE0NDYuQ2owS0NRanc4cW1oQmhDbEFSSXNBTkF0Ym9mZ21KMm85dkV5S0JjLUdLUWIweWFCLU9EekR0N1ZQV2hnY1g4WW96M2haNGVTR0JkUjR1d2FBZzZrRUFMd193Y0I.*_gcl_au*MzQ2MTAxMTM4LjE2OTc4MDc3MzQ.*_ga*MTg4MjYzNjYxMS4xNjgwNTE0MjY5*_ga_W18MV136NH*MTcwMjkwMDU3OC4yNjYuMS4xNzAyOTAwODE1LjAuMC4w\">\r\n\t\t\t\t<img decoding=\"async\" src=\"https:\/\/blog.holyart.it\/de\/wp-content\/uploads\/sites\/12\/2023\/12\/Lichtervorhang-mit-Sternen-und-308-kaltweissen-LEDs-12-m-150x150-1.jpg\" alt=\"Lichtervorhang mit Sternen und 308 kaltwei\u00dfen LEDs, 1,2 m 150x150\" \/>\r\n\t\t\t<\/a>\r\n\t\t\t<\/div>\r\n\t\t<\/div>\r\n\t<\/div>\r\n<\/div>\n<h2>B\u00fccherregal mit Lichtern<\/h2>\n<p>Unter den verschiedenen M\u00f6belst\u00fccken ist das B\u00fccherregal sicherlich dasjenige, das den Geschmack und den Stil seines Besitzers am besten widerspiegelt. Als Aufbewahrungsort von Kultur und Erinnerungen, die sich im Laufe der Jahre angesammelt haben, ist das B\u00fccherregal ein wesentliches Element in jeder Wohnung und verdient kleine Aufmerksamkeiten, die es einzigartig machen.<\/p>\n<p>Wie kann man das tun? Umrahmen Sie den Rahmen des B\u00fccherregals mit einer romantischen goldenen Lichterkette oder setzen Sie Lichtpunkte zwischen die Regale, vielleicht in Kombination mit Kerzen, so erzielen Sie eine schicke und originelle Wirkung.<\/p>\n<p>Ein Ratschlag: Verwenden Sie diese Art von L\u00f6sung mit B\u00fccherregalen mit einfachen und wesentlichen Linien, aus Holz oder Metall.<\/p>\n<div class=\"sp-styles-warning\" style=\"width: 450px; background-color: #FFF; color: #F00; border: 1px solid #F00; padding: 10px; font-size: 14px;\">\n\t\t\t<span style=\"font-weight: bold;\">Warning: The stylesheets were not loaded!<\/span> \n\t\t\tYou will need to change the <i>Load stylesheets<\/i> setting from <i>Automatically<\/i> to <i>On homepage<\/i> or <i>On all pages<\/i>. \n\t\t\tYou can set that <a style=\"text-decoration: underline; color: #F00;\" href=\"https:\/\/blog.holyart.it\/de\/wp-admin\/admin.php?page=sliderpro-settings\">here<\/a>.\n\t\t\t<\/div>\r\n<div id=\"slider-pro-61\" class=\"slider-pro sp-no-js\" style=\"width: 500px; height: 500px;\">\r\n\t<div class=\"sp-slides\">\r\n\t\t\r\n\t\t<div class=\"sp-slide\">\r\n\t\t\t<a class=\"\" href=\"https:\/\/www.holyart.de\/weihnachten\/weihnachtsbeleuchtung?_gl=1*1qtztsg*_gcl_aw*R0NMLjE3MDI1NzE0NDYuQ2owS0NRanc4cW1oQmhDbEFSSXNBTkF0Ym9mZ21KMm85dkV5S0JjLUdLUWIweWFCLU9EekR0N1ZQV2hnY1g4WW96M2haNGVTR0JkUjR1d2FBZzZrRUFMd193Y0I.*_gcl_au*MzQ2MTAxMTM4LjE2OTc4MDc3MzQ.*_ga*MjAyODIwNTUzOS4xNjgwNTA1OTc3*_ga_W18MV136NH*MTcwMjkwNDg2NC4yNjcuMS4xNzAyOTA1NTgzLjAuMC4w\" target=\"_self\">\r\n\t\t\t\t<img loading=\"lazy\" decoding=\"async\" class=\"sp-image\" src=\"https:\/\/blog.holyart.it\/de\/wp-content\/uploads\/sites\/12\/2023\/12\/Weihnachtsbeleuchtung-6.jpeg\" alt=\"Weihnachtsbeleuchtung\" width=\"500\" height=\"499\" \/>\r\n\t\t\t<\/a>\r\n\t\t\t<div class=\"sp-thumbnail\"><a class=\"\" href=\"https:\/\/www.holyart.de\/weihnachten\/weihnachtsbeleuchtung\/lichterketten\/200-eisweisse-led-tropfen-mit-batteriebetriebener-fernbedienung-formbarer-kupferdraht-20-m?_gl=1*imgh8r*_gcl_aw*R0NMLjE3MDI1NzE0NDYuQ2owS0NRanc4cW1oQmhDbEFSSXNBTkF0Ym9mZ21KMm85dkV5S0JjLUdLUWIweWFCLU9EekR0N1ZQV2hnY1g4WW96M2haNGVTR0JkUjR1d2FBZzZrRUFMd193Y0I.*_gcl_au*MzQ2MTAxMTM4LjE2OTc4MDc3MzQ.*_ga*MTg4MjYzNjYxMS4xNjgwNTE0MjY5*_ga_W18MV136NH*MTcwMjkwNTM4NS4yNjcuMS4xNzAyOTA1NTUyLjAuMC4w\">\r\n\t\t\t\t<img decoding=\"async\" src=\"https:\/\/blog.holyart.it\/de\/wp-content\/uploads\/sites\/12\/2023\/12\/200-eisweisse-LED-Tropfen-mit-batteriebetriebener-Fernbedienung-formbarer-Kupferdraht-20-m-150x150-1.jpg\" alt=\"200 eiswei\u00dfe LED-Tropfen mit batteriebetriebener Fernbedienung formbarer Kupferdraht, 20 m 150x150\" \/>\r\n\t\t\t<\/a>\r\n\t\t\t<\/div>\r\n\t\t\t<div class=\"sp-caption\">Weihnachtsbeleuchtung<\/br><strong><a href=\"https:\/\/www.holyart.de\/weihnachten\/weihnachtsbeleuchtung?_gl=1*1mdhy16*_gcl_aw*R0NMLjE3MDI1NzE0NDYuQ2owS0NRanc4cW1oQmhDbEFSSXNBTkF0Ym9mZ21KMm85dkV5S0JjLUdLUWIweWFCLU9EekR0N1ZQV2hnY1g4WW96M2haNGVTR0JkUjR1d2FBZzZrRUFMd193Y0I.*_gcl_au*MzQ2MTAxMTM4LjE2OTc4MDc3MzQ.*_ga*MjAyODIwNTUzOS4xNjgwNTA1OTc3*_ga_W18MV136NH*MTcwMjg5NzQ0MS4yNjguMS4xNzAyODk3ODYzLjAuMC4w\">Bei Holyart kaufen<\/a><\/strong><\/div>\r\n\t\t<\/div>\r\n\t\t<div class=\"sp-slide\">\r\n\t\t\t<div class=\"sp-thumbnail\"><a class=\"\" href=\"https:\/\/www.holyart.de\/weihnachten\/weihnachtsbeleuchtung\/lichtervorhange\/lichtervorhang-mit-180-leds-kaltes-licht-4-2-m1?_gl=1*grfm56*_gcl_aw*R0NMLjE3MDI1NzE0NDYuQ2owS0NRanc4cW1oQmhDbEFSSXNBTkF0Ym9mZ21KMm85dkV5S0JjLUdLUWIweWFCLU9EekR0N1ZQV2hnY1g4WW96M2haNGVTR0JkUjR1d2FBZzZrRUFMd193Y0I.*_gcl_au*MzQ2MTAxMTM4LjE2OTc4MDc3MzQ.*_ga*MTg4MjYzNjYxMS4xNjgwNTE0MjY5*_ga_W18MV136NH*MTcwMjkwNTM4NS4yNjcuMS4xNzAyOTA1NTY1LjAuMC4w\">\r\n\t\t\t\t<img decoding=\"async\" src=\"https:\/\/blog.holyart.it\/de\/wp-content\/uploads\/sites\/12\/2023\/12\/Lichtervorhang-mit-180-LEDs-kaltes-Licht-42-m.jpg\" alt=\"Lichtervorhang mit 180 LEDs kaltes Licht, 4,2 m\" \/>\r\n\t\t\t<\/a>\r\n\t\t\t<\/div>\r\n\t\t<\/div>\r\n\t\t<div class=\"sp-slide\">\r\n\t\t\t<div class=\"sp-thumbnail\"><a class=\"\" href=\"https:\/\/www.holyart.de\/weihnachten\/weihnachtsbeleuchtung\/leuchtende-weihnachtsbaume-und-zweige\/set-24-helle-lichter-zweige-nano-leds-kaltweiss-4-6-m?_gl=1*x0l191*_gcl_aw*R0NMLjE3MDI1NzE0NDYuQ2owS0NRanc4cW1oQmhDbEFSSXNBTkF0Ym9mZ21KMm85dkV5S0JjLUdLUWIweWFCLU9EekR0N1ZQV2hnY1g4WW96M2haNGVTR0JkUjR1d2FBZzZrRUFMd193Y0I.*_gcl_au*MzQ2MTAxMTM4LjE2OTc4MDc3MzQ.*_ga*MTg4MjYzNjYxMS4xNjgwNTE0MjY5*_ga_W18MV136NH*MTcwMjkwNTM4NS4yNjcuMS4xNzAyOTA1NTY4LjAuMC4w\">\r\n\t\t\t\t<img decoding=\"async\" src=\"https:\/\/blog.holyart.it\/de\/wp-content\/uploads\/sites\/12\/2023\/12\/Set-24-helle-Lichter-Zweige-Nano-LEDs-kaltweiss-46-m-150x150-1.jpg\" alt=\"Set 24 helle Lichter-Zweige Nano-LEDs kaltwei\u00df, 4,6 m 150x150\" \/>\r\n\t\t\t<\/a>\r\n\t\t\t<\/div>\r\n\t\t<\/div>\r\n\t<\/div>\r\n<\/div>\n<h2>Sicherheit, ein nicht zu untersch\u00e4tzender Aspekt<\/h2>\n<p>Alle Ideen, die wir vorgeschlagen haben, k\u00f6nnen Ihrer Inneneinrichtung wirklich einen zus\u00e4tzlichen Schub geben, aber es ist wichtig, einen wesentlichen Faktor nicht zu untersch\u00e4tzen: SICHERHEIT.<\/p>\n<p>Die zu befolgenden Regeln sind kurz und einfach:<\/p>\n<ol>\n<li>Bringen Sie die Leuchten so an, dass die Dr\u00e4hte kein Hindernis f\u00fcr den Durchgang darstellen.<\/li>\n<li>Halten Sie sie von brennbarem Material wie Vorh\u00e4ngen oder anderen Stoffen fern.<\/li>\n<li>Vergewissern Sie sich, dass der Lichtregler richtig angeschlossen ist, keine Risse oder Durchbiegungen aufweist und der Stecker unbesch\u00e4digt ist. Verwenden Sie eine Steckdose pro Stecker.<\/li>\n<li>Vergewissern Sie sich, dass Au\u00dfenleuchten deutlich als f\u00fcr den Au\u00dfenbereich geeignet gekennzeichnet sind und \u00fcber einen IP-Code, ein internationales Schutzzeichen oder ein Eindringschutzzeichen verf\u00fcgen.<\/li>\n<li>Am besten ist es, die Beleuchtung mit Niederspannung (24 V) zu betreiben, mit separater Stromversorgung.<\/li>\n<li>Schlie\u00dflich ist es ratsam, <strong>vor dem Verlassen des Hauses oder vor dem Schlafengehen stecken Sie immer alle Stecker aus.<\/strong><\/li>\n<\/ol>\n<p>Wenn Sie mehr \u00fcber dieses Thema erfahren m\u00f6chten, lesen Sie unseren Artikel \u00fcber den sicheren Umgang mit Weihnachtsbeleuchtung.<\/p>\n<div class=\"link-article\">\n<p><img loading=\"lazy\" decoding=\"async\" class=\"size-full wp-image-3376 alignleft\" src=\"https:\/\/blog.holyart.it\/de\/wp-content\/uploads\/sites\/12\/2023\/12\/Sichere-Verwendung-von-Weihnachtsbeleuchtung.jpg\" alt=\"Sichere Verwendung von Weihnachtsbeleuchtung\" width=\"150\" height=\"99\" data-kale-share-title=\"Weihnachtsbeleuchtung: Wie man sie das ganze Jahr \u00fcber nutzen kann\" data-kale-share-url=\"https:\/\/blog.holyart.it\/de\/?p=3339\" \/><\/p>\n<div class=\"leggi-anche\">Lesen Sie auch:<\/div>\n<p><strong><a href=\"https:\/\/www.holyart.de\/blog\/weihnachten\/sichere-verwendung-von-weihnachtsbeleuchtung\/\">Sichere Verwendung von Weihnachtsbeleuchtung<\/a><\/strong><br \/>\nWir haben bereits beim Kauf von Lichtern f\u00fcr unseren Weihnachtsbaum und allgemein beim Schm\u00fccken des Hauses f\u00fcr die Feiertage&#8230;<\/p>\n<\/div>\n","protected":false},"excerpt":{"rendered":"<p>Die Weihnachtsbeleuchtung ist die ultimative Weihnachtsdekoration, die sowohl im Innen- als auch im Au\u00dfenbereich verwendet wird und kalten Winterabenden W\u00e4rme verleiht. Aber was w\u00e4re, wenn wir uns entschlie\u00dfen w\u00fcrden, sie das ganze Jahr \u00fcber zu nutzen? Hier sind 5 einfache und originelle Ideen, um sie&hellip;<\/p>\n","protected":false},"author":1,"featured_media":3342,"comment_status":"closed","ping_status":"open","sticky":false,"template":"","format":"standard","meta":{"_acf_changed":false,"footnotes":""},"categories":[12],"tags":[],"class_list":["post-3339","post","type-post","status-publish","format-standard","has-post-thumbnail","hentry","category-weihnachten"],"acf":[],"yoast_head":"<!-- This site is optimized with the Yoast SEO plugin v26.6 - https:\/\/yoast.com\/wordpress\/plugins\/seo\/ -->\n<title>Weihnachtsbeleuchtung: Wie man sie das ganze Jahr \u00fcber nutzen kann - Holyart.de Blog<\/title>\n<meta name=\"description\" content=\"Die Weihnachtsbeleuchtung ist die ultimative Weihnachtsdekoration, die sowohl im Innen- als auch im Au\u00dfenbereich verwendet wird...\" \/>\n<meta name=\"robots\" content=\"index, follow, max-snippet:-1, max-image-preview:large, max-video-preview:-1\" \/>\n<link rel=\"canonical\" href=\"https:\/\/blog.holyart.it\/de\/weihnachten\/weihnachtsbeleuchtung-wie-man-sie-das-ganze-jahr-ueber-nutzen-kann\/\" \/>\n<meta property=\"og:locale\" content=\"de_DE\" \/>\n<meta property=\"og:type\" content=\"article\" \/>\n<meta property=\"og:title\" content=\"Weihnachtsbeleuchtung: Wie man sie das ganze Jahr \u00fcber nutzen kann - Holyart.de Blog\" \/>\n<meta property=\"og:description\" content=\"Die Weihnachtsbeleuchtung ist die ultimative Weihnachtsdekoration, die sowohl im Innen- als auch im Au\u00dfenbereich verwendet wird...\" \/>\n<meta property=\"og:url\" content=\"https:\/\/blog.holyart.it\/de\/weihnachten\/weihnachtsbeleuchtung-wie-man-sie-das-ganze-jahr-ueber-nutzen-kann\/\" \/>\n<meta property=\"og:site_name\" content=\"Holyart.de Blog\" \/>\n<meta property=\"article:published_time\" content=\"2023-12-25T09:00:46+00:00\" \/>\n<meta property=\"article:modified_time\" content=\"2024-12-19T08:39:46+00:00\" \/>\n<meta property=\"og:image\" content=\"https:\/\/blog.holyart.it\/de\/wp-content\/uploads\/sites\/12\/2023\/12\/Weihnachtsbeleuchtung.jpeg\" \/>\n\t<meta property=\"og:image:width\" content=\"1000\" \/>\n\t<meta property=\"og:image:height\" content=\"666\" \/>\n\t<meta property=\"og:image:type\" content=\"image\/jpeg\" \/>\n<meta name=\"author\" content=\"Redazione\" \/>\n<meta name=\"twitter:card\" content=\"summary_large_image\" \/>\n<meta name=\"twitter:label1\" content=\"Verfasst von\" \/>\n\t<meta name=\"twitter:data1\" content=\"Redazione\" \/>\n\t<meta name=\"twitter:label2\" content=\"Gesch\u00e4tzte Lesezeit\" \/>\n\t<meta name=\"twitter:data2\" content=\"6\u00a0Minuten\" \/>\n<script type=\"application\/ld+json\" class=\"yoast-schema-graph\">{\"@context\":\"https:\/\/schema.org\",\"@graph\":[{\"@type\":\"Article\",\"@id\":\"https:\/\/blog.holyart.it\/de\/weihnachten\/weihnachtsbeleuchtung-wie-man-sie-das-ganze-jahr-ueber-nutzen-kann\/#article\",\"isPartOf\":{\"@id\":\"https:\/\/blog.holyart.it\/de\/weihnachten\/weihnachtsbeleuchtung-wie-man-sie-das-ganze-jahr-ueber-nutzen-kann\/\"},\"author\":{\"name\":\"Redazione\",\"@id\":\"https:\/\/blog.holyart.it\/de\/#\/schema\/person\/0a7b686e5af0f856ec1e390dd0baecda\"},\"headline\":\"Weihnachtsbeleuchtung: Wie man sie das ganze Jahr \u00fcber nutzen kann\",\"datePublished\":\"2023-12-25T09:00:46+00:00\",\"dateModified\":\"2024-12-19T08:39:46+00:00\",\"mainEntityOfPage\":{\"@id\":\"https:\/\/blog.holyart.it\/de\/weihnachten\/weihnachtsbeleuchtung-wie-man-sie-das-ganze-jahr-ueber-nutzen-kann\/\"},\"wordCount\":922,\"publisher\":{\"@id\":\"https:\/\/blog.holyart.it\/de\/#organization\"},\"image\":{\"@id\":\"https:\/\/blog.holyart.it\/de\/weihnachten\/weihnachtsbeleuchtung-wie-man-sie-das-ganze-jahr-ueber-nutzen-kann\/#primaryimage\"},\"thumbnailUrl\":\"https:\/\/blog.holyart.it\/de\/wp-content\/uploads\/sites\/12\/2023\/12\/Weihnachtsbeleuchtung.jpeg\",\"articleSection\":[\"Weihnachten\"],\"inLanguage\":\"de\"},{\"@type\":\"WebPage\",\"@id\":\"https:\/\/blog.holyart.it\/de\/weihnachten\/weihnachtsbeleuchtung-wie-man-sie-das-ganze-jahr-ueber-nutzen-kann\/\",\"url\":\"https:\/\/blog.holyart.it\/de\/weihnachten\/weihnachtsbeleuchtung-wie-man-sie-das-ganze-jahr-ueber-nutzen-kann\/\",\"name\":\"Weihnachtsbeleuchtung: Wie man sie das ganze Jahr \u00fcber nutzen kann - Holyart.de Blog\",\"isPartOf\":{\"@id\":\"https:\/\/blog.holyart.it\/de\/#website\"},\"primaryImageOfPage\":{\"@id\":\"https:\/\/blog.holyart.it\/de\/weihnachten\/weihnachtsbeleuchtung-wie-man-sie-das-ganze-jahr-ueber-nutzen-kann\/#primaryimage\"},\"image\":{\"@id\":\"https:\/\/blog.holyart.it\/de\/weihnachten\/weihnachtsbeleuchtung-wie-man-sie-das-ganze-jahr-ueber-nutzen-kann\/#primaryimage\"},\"thumbnailUrl\":\"https:\/\/blog.holyart.it\/de\/wp-content\/uploads\/sites\/12\/2023\/12\/Weihnachtsbeleuchtung.jpeg\",\"datePublished\":\"2023-12-25T09:00:46+00:00\",\"dateModified\":\"2024-12-19T08:39:46+00:00\",\"description\":\"Die Weihnachtsbeleuchtung ist die ultimative Weihnachtsdekoration, die sowohl im Innen- als auch im Au\u00dfenbereich verwendet wird...\",\"breadcrumb\":{\"@id\":\"https:\/\/blog.holyart.it\/de\/weihnachten\/weihnachtsbeleuchtung-wie-man-sie-das-ganze-jahr-ueber-nutzen-kann\/#breadcrumb\"},\"inLanguage\":\"de\",\"potentialAction\":[{\"@type\":\"ReadAction\",\"target\":[\"https:\/\/blog.holyart.it\/de\/weihnachten\/weihnachtsbeleuchtung-wie-man-sie-das-ganze-jahr-ueber-nutzen-kann\/\"]}]},{\"@type\":\"ImageObject\",\"inLanguage\":\"de\",\"@id\":\"https:\/\/blog.holyart.it\/de\/weihnachten\/weihnachtsbeleuchtung-wie-man-sie-das-ganze-jahr-ueber-nutzen-kann\/#primaryimage\",\"url\":\"https:\/\/blog.holyart.it\/de\/wp-content\/uploads\/sites\/12\/2023\/12\/Weihnachtsbeleuchtung.jpeg\",\"contentUrl\":\"https:\/\/blog.holyart.it\/de\/wp-content\/uploads\/sites\/12\/2023\/12\/Weihnachtsbeleuchtung.jpeg\",\"width\":1000,\"height\":666,\"caption\":\"Weihnachtsbeleuchtung\"},{\"@type\":\"BreadcrumbList\",\"@id\":\"https:\/\/blog.holyart.it\/de\/weihnachten\/weihnachtsbeleuchtung-wie-man-sie-das-ganze-jahr-ueber-nutzen-kann\/#breadcrumb\",\"itemListElement\":[{\"@type\":\"ListItem\",\"position\":1,\"name\":\"Homepage\",\"item\":\"https:\/\/blog.holyart.it\/de\/\"},{\"@type\":\"ListItem\",\"position\":2,\"name\":\"Weihnachten\",\"item\":\"https:\/\/blog.holyart.it\/de\/weihnachten\/\"},{\"@type\":\"ListItem\",\"position\":3,\"name\":\"Weihnachtsbeleuchtung: Wie man sie das ganze Jahr \u00fcber nutzen kann\"}]},{\"@type\":\"WebSite\",\"@id\":\"https:\/\/blog.holyart.it\/de\/#website\",\"url\":\"https:\/\/blog.holyart.it\/de\/\",\"name\":\"Holyart.de Blog\",\"description\":\"Holyblog\",\"publisher\":{\"@id\":\"https:\/\/blog.holyart.it\/de\/#organization\"},\"potentialAction\":[{\"@type\":\"SearchAction\",\"target\":{\"@type\":\"EntryPoint\",\"urlTemplate\":\"https:\/\/blog.holyart.it\/de\/?s={search_term_string}\"},\"query-input\":{\"@type\":\"PropertyValueSpecification\",\"valueRequired\":true,\"valueName\":\"search_term_string\"}}],\"inLanguage\":\"de\"},{\"@type\":\"Organization\",\"@id\":\"https:\/\/blog.holyart.it\/de\/#organization\",\"name\":\"Holyart.de Blog\",\"url\":\"https:\/\/blog.holyart.it\/de\/\",\"logo\":{\"@type\":\"ImageObject\",\"inLanguage\":\"de\",\"@id\":\"https:\/\/blog.holyart.it\/de\/#\/schema\/logo\/image\/\",\"url\":\"https:\/\/blog.holyart.it\/de\/wp-content\/uploads\/sites\/12\/2022\/12\/Holyart_Blog_Logo.jpg\",\"contentUrl\":\"https:\/\/blog.holyart.it\/de\/wp-content\/uploads\/sites\/12\/2022\/12\/Holyart_Blog_Logo.jpg\",\"width\":300,\"height\":50,\"caption\":\"Holyart.de Blog\"},\"image\":{\"@id\":\"https:\/\/blog.holyart.it\/de\/#\/schema\/logo\/image\/\"}},{\"@type\":\"Person\",\"@id\":\"https:\/\/blog.holyart.it\/de\/#\/schema\/person\/0a7b686e5af0f856ec1e390dd0baecda\",\"name\":\"Redazione\",\"image\":{\"@type\":\"ImageObject\",\"inLanguage\":\"de\",\"@id\":\"https:\/\/blog.holyart.it\/de\/#\/schema\/person\/image\/\",\"url\":\"https:\/\/secure.gravatar.com\/avatar\/f477da817f43e50d0af36abecd33e3edf826c68299714bdc1057dff3b113f516?s=96&d=mm&r=g\",\"contentUrl\":\"https:\/\/secure.gravatar.com\/avatar\/f477da817f43e50d0af36abecd33e3edf826c68299714bdc1057dff3b113f516?s=96&d=mm&r=g\",\"caption\":\"Redazione\"}}]}<\/script>\n<!-- \/ Yoast SEO plugin. -->","yoast_head_json":{"title":"Weihnachtsbeleuchtung: Wie man sie das ganze Jahr \u00fcber nutzen kann - Holyart.de Blog","description":"Die Weihnachtsbeleuchtung ist die ultimative Weihnachtsdekoration, die sowohl im Innen- als auch im Au\u00dfenbereich verwendet wird...","robots":{"index":"index","follow":"follow","max-snippet":"max-snippet:-1","max-image-preview":"max-image-preview:large","max-video-preview":"max-video-preview:-1"},"canonical":"https:\/\/blog.holyart.it\/de\/weihnachten\/weihnachtsbeleuchtung-wie-man-sie-das-ganze-jahr-ueber-nutzen-kann\/","og_locale":"de_DE","og_type":"article","og_title":"Weihnachtsbeleuchtung: Wie man sie das ganze Jahr \u00fcber nutzen kann - Holyart.de Blog","og_description":"Die Weihnachtsbeleuchtung ist die ultimative Weihnachtsdekoration, die sowohl im Innen- als auch im Au\u00dfenbereich verwendet wird...","og_url":"https:\/\/blog.holyart.it\/de\/weihnachten\/weihnachtsbeleuchtung-wie-man-sie-das-ganze-jahr-ueber-nutzen-kann\/","og_site_name":"Holyart.de Blog","article_published_time":"2023-12-25T09:00:46+00:00","article_modified_time":"2024-12-19T08:39:46+00:00","og_image":[{"width":1000,"height":666,"url":"https:\/\/blog.holyart.it\/de\/wp-content\/uploads\/sites\/12\/2023\/12\/Weihnachtsbeleuchtung.jpeg","type":"image\/jpeg"}],"author":"Redazione","twitter_card":"summary_large_image","twitter_misc":{"Verfasst von":"Redazione","Gesch\u00e4tzte Lesezeit":"6\u00a0Minuten"},"schema":{"@context":"https:\/\/schema.org","@graph":[{"@type":"Article","@id":"https:\/\/blog.holyart.it\/de\/weihnachten\/weihnachtsbeleuchtung-wie-man-sie-das-ganze-jahr-ueber-nutzen-kann\/#article","isPartOf":{"@id":"https:\/\/blog.holyart.it\/de\/weihnachten\/weihnachtsbeleuchtung-wie-man-sie-das-ganze-jahr-ueber-nutzen-kann\/"},"author":{"name":"Redazione","@id":"https:\/\/blog.holyart.it\/de\/#\/schema\/person\/0a7b686e5af0f856ec1e390dd0baecda"},"headline":"Weihnachtsbeleuchtung: Wie man sie das ganze Jahr \u00fcber nutzen kann","datePublished":"2023-12-25T09:00:46+00:00","dateModified":"2024-12-19T08:39:46+00:00","mainEntityOfPage":{"@id":"https:\/\/blog.holyart.it\/de\/weihnachten\/weihnachtsbeleuchtung-wie-man-sie-das-ganze-jahr-ueber-nutzen-kann\/"},"wordCount":922,"publisher":{"@id":"https:\/\/blog.holyart.it\/de\/#organization"},"image":{"@id":"https:\/\/blog.holyart.it\/de\/weihnachten\/weihnachtsbeleuchtung-wie-man-sie-das-ganze-jahr-ueber-nutzen-kann\/#primaryimage"},"thumbnailUrl":"https:\/\/blog.holyart.it\/de\/wp-content\/uploads\/sites\/12\/2023\/12\/Weihnachtsbeleuchtung.jpeg","articleSection":["Weihnachten"],"inLanguage":"de"},{"@type":"WebPage","@id":"https:\/\/blog.holyart.it\/de\/weihnachten\/weihnachtsbeleuchtung-wie-man-sie-das-ganze-jahr-ueber-nutzen-kann\/","url":"https:\/\/blog.holyart.it\/de\/weihnachten\/weihnachtsbeleuchtung-wie-man-sie-das-ganze-jahr-ueber-nutzen-kann\/","name":"Weihnachtsbeleuchtung: Wie man sie das ganze Jahr \u00fcber nutzen kann - Holyart.de Blog","isPartOf":{"@id":"https:\/\/blog.holyart.it\/de\/#website"},"primaryImageOfPage":{"@id":"https:\/\/blog.holyart.it\/de\/weihnachten\/weihnachtsbeleuchtung-wie-man-sie-das-ganze-jahr-ueber-nutzen-kann\/#primaryimage"},"image":{"@id":"https:\/\/blog.holyart.it\/de\/weihnachten\/weihnachtsbeleuchtung-wie-man-sie-das-ganze-jahr-ueber-nutzen-kann\/#primaryimage"},"thumbnailUrl":"https:\/\/blog.holyart.it\/de\/wp-content\/uploads\/sites\/12\/2023\/12\/Weihnachtsbeleuchtung.jpeg","datePublished":"2023-12-25T09:00:46+00:00","dateModified":"2024-12-19T08:39:46+00:00","description":"Die Weihnachtsbeleuchtung ist die ultimative Weihnachtsdekoration, die sowohl im Innen- als auch im Au\u00dfenbereich verwendet wird...","breadcrumb":{"@id":"https:\/\/blog.holyart.it\/de\/weihnachten\/weihnachtsbeleuchtung-wie-man-sie-das-ganze-jahr-ueber-nutzen-kann\/#breadcrumb"},"inLanguage":"de","potentialAction":[{"@type":"ReadAction","target":["https:\/\/blog.holyart.it\/de\/weihnachten\/weihnachtsbeleuchtung-wie-man-sie-das-ganze-jahr-ueber-nutzen-kann\/"]}]},{"@type":"ImageObject","inLanguage":"de","@id":"https:\/\/blog.holyart.it\/de\/weihnachten\/weihnachtsbeleuchtung-wie-man-sie-das-ganze-jahr-ueber-nutzen-kann\/#primaryimage","url":"https:\/\/blog.holyart.it\/de\/wp-content\/uploads\/sites\/12\/2023\/12\/Weihnachtsbeleuchtung.jpeg","contentUrl":"https:\/\/blog.holyart.it\/de\/wp-content\/uploads\/sites\/12\/2023\/12\/Weihnachtsbeleuchtung.jpeg","width":1000,"height":666,"caption":"Weihnachtsbeleuchtung"},{"@type":"BreadcrumbList","@id":"https:\/\/blog.holyart.it\/de\/weihnachten\/weihnachtsbeleuchtung-wie-man-sie-das-ganze-jahr-ueber-nutzen-kann\/#breadcrumb","itemListElement":[{"@type":"ListItem","position":1,"name":"Homepage","item":"https:\/\/blog.holyart.it\/de\/"},{"@type":"ListItem","position":2,"name":"Weihnachten","item":"https:\/\/blog.holyart.it\/de\/weihnachten\/"},{"@type":"ListItem","position":3,"name":"Weihnachtsbeleuchtung: Wie man sie das ganze Jahr \u00fcber nutzen kann"}]},{"@type":"WebSite","@id":"https:\/\/blog.holyart.it\/de\/#website","url":"https:\/\/blog.holyart.it\/de\/","name":"Holyart.de Blog","description":"Holyblog","publisher":{"@id":"https:\/\/blog.holyart.it\/de\/#organization"},"potentialAction":[{"@type":"SearchAction","target":{"@type":"EntryPoint","urlTemplate":"https:\/\/blog.holyart.it\/de\/?s={search_term_string}"},"query-input":{"@type":"PropertyValueSpecification","valueRequired":true,"valueName":"search_term_string"}}],"inLanguage":"de"},{"@type":"Organization","@id":"https:\/\/blog.holyart.it\/de\/#organization","name":"Holyart.de Blog","url":"https:\/\/blog.holyart.it\/de\/","logo":{"@type":"ImageObject","inLanguage":"de","@id":"https:\/\/blog.holyart.it\/de\/#\/schema\/logo\/image\/","url":"https:\/\/blog.holyart.it\/de\/wp-content\/uploads\/sites\/12\/2022\/12\/Holyart_Blog_Logo.jpg","contentUrl":"https:\/\/blog.holyart.it\/de\/wp-content\/uploads\/sites\/12\/2022\/12\/Holyart_Blog_Logo.jpg","width":300,"height":50,"caption":"Holyart.de Blog"},"image":{"@id":"https:\/\/blog.holyart.it\/de\/#\/schema\/logo\/image\/"}},{"@type":"Person","@id":"https:\/\/blog.holyart.it\/de\/#\/schema\/person\/0a7b686e5af0f856ec1e390dd0baecda","name":"Redazione","image":{"@type":"ImageObject","inLanguage":"de","@id":"https:\/\/blog.holyart.it\/de\/#\/schema\/person\/image\/","url":"https:\/\/secure.gravatar.com\/avatar\/f477da817f43e50d0af36abecd33e3edf826c68299714bdc1057dff3b113f516?s=96&d=mm&r=g","contentUrl":"https:\/\/secure.gravatar.com\/avatar\/f477da817f43e50d0af36abecd33e3edf826c68299714bdc1057dff3b113f516?s=96&d=mm&r=g","caption":"Redazione"}}]}},"_links":{"self":[{"href":"https:\/\/blog.holyart.it\/de\/wp-json\/wp\/v2\/posts\/3339","targetHints":{"allow":["GET"]}}],"collection":[{"href":"https:\/\/blog.holyart.it\/de\/wp-json\/wp\/v2\/posts"}],"about":[{"href":"https:\/\/blog.holyart.it\/de\/wp-json\/wp\/v2\/types\/post"}],"author":[{"embeddable":true,"href":"https:\/\/blog.holyart.it\/de\/wp-json\/wp\/v2\/users\/1"}],"replies":[{"embeddable":true,"href":"https:\/\/blog.holyart.it\/de\/wp-json\/wp\/v2\/comments?post=3339"}],"version-history":[{"count":12,"href":"https:\/\/blog.holyart.it\/de\/wp-json\/wp\/v2\/posts\/3339\/revisions"}],"predecessor-version":[{"id":3378,"href":"https:\/\/blog.holyart.it\/de\/wp-json\/wp\/v2\/posts\/3339\/revisions\/3378"}],"wp:featuredmedia":[{"embeddable":true,"href":"https:\/\/blog.holyart.it\/de\/wp-json\/wp\/v2\/media\/3342"}],"wp:attachment":[{"href":"https:\/\/blog.holyart.it\/de\/wp-json\/wp\/v2\/media?parent=3339"}],"wp:term":[{"taxonomy":"category","embeddable":true,"href":"https:\/\/blog.holyart.it\/de\/wp-json\/wp\/v2\/categories?post=3339"},{"taxonomy":"post_tag","embeddable":true,"href":"https:\/\/blog.holyart.it\/de\/wp-json\/wp\/v2\/tags?post=3339"}],"curies":[{"name":"wp","href":"https:\/\/api.w.org\/{rel}","templated":true}]}}