{"id":3302,"date":"2023-12-20T10:00:29","date_gmt":"2023-12-20T09:00:29","guid":{"rendered":"https:\/\/blog.holyart.it\/de\/?p=3302"},"modified":"2024-12-16T10:51:16","modified_gmt":"2024-12-16T09:51:16","slug":"den-tisch-zu-weihnachten-decken-viele-ideen-auch-zum-selbermachen","status":"publish","type":"post","link":"https:\/\/blog.holyart.it\/de\/weihnachten\/den-tisch-zu-weihnachten-decken-viele-ideen-auch-zum-selbermachen\/","title":{"rendered":"Den Tisch zu Weihnachten decken: viele Ideen, auch zum Selbermachen"},"content":{"rendered":"<h4>Der festlich gedeckte Tisch ist ein Symbol f\u00fcr Gem\u00fctlichkeit und famili\u00e4re Vertrautheit. So decken Sie den Tisch zu Weihnachten<\/h4>\n\n<p>Der Sommer ist gerade erst zu Ende gegangen, und doch ist er bereits eine Erinnerung. Die Tage werden k\u00fcrzer, die Luft schwillt mit Feuchtigkeit und Nebel an, die K\u00e4lte wird intensiver, bei\u00dfend, und ohne es zu merken, sind wir dem Winter einen Schritt n\u00e4her. Und wie jedes Jahr kehrt die K\u00e4lte zur\u00fcck, um die charakteristischen D\u00fcfte und Empfindungen der Festtage hervorzurufen, diese wohlige W\u00e4rme, die unsere H\u00e4user durchdringt, diese magische, verd\u00fcnnte Atmosph\u00e4re, die alles sch\u00f6ner und besonderer zu machen scheint. Ja, wir n\u00e4hern uns dem Weihnachtsfest, und bald werden wir beginnen, unsere H\u00e4user zu schm\u00fccken, um uns nicht nur im Geiste, sondern auch im Alltag auf dieses so wertvolle und einzigartige Fest vorzubereiten.<\/p>\n<p>Wie werden Sie sich dieses Jahr vorbereiten? Welche <u>Weihnachtsdekoration<\/u> werden Sie f\u00fcr Ihr Haus w\u00e4hlen? Ein sakrales Bild, eine besondere Kerze, vielleicht einen <u>Kerzenadventskranz<\/u> mit seinen bunten Kerzen, die in den Tagen vor dem Fest der Geburt Christi brennen und einen s\u00fc\u00dfen Duft der Festlichkeit in der Luft verbreiten? Oder Sie entscheiden sich f\u00fcr einen sch\u00f6nen <u>Weihnachtskranz<\/u>, mit dem Sie Ihr Haus innen und au\u00dfen schm\u00fccken k\u00f6nnen. Und dann gibt es noch den Weihnachtsbaum, die <u>selbstgemachte<\/u> Weihnachtskrippe, vielleicht auch die Beleuchtung&#8230;<\/p>\n<p>Im Handumdrehen ist es an der Zeit, <strong>den Weihnachtstisch zu decken<\/strong>, und auch hier gibt es viel zu tun. Denn bei der Vorbereitung des Weihnachtstisches darf nichts dem Zufall \u00fcberlassen werden. Jedes Detail, jede Kleinigkeit dient dazu, die ganze Freude auszudr\u00fccken, die wir empfinden, wenn wir wieder einmal die Familie, die Freunde, die Menschen, die wir lieben, in unserem Haus willkommen hei\u00dfen k\u00f6nnen, um gemeinsam den Zauber von Weihnachten, das wunderbare Geheimnis der Geburt Christi zu feiern.<\/p>\n<div class=\"link-product\">\n<div class=\"blocco-immagine\"><img loading=\"lazy\" decoding=\"async\" class=\"size-full wp-image-3306 alignleft\" src=\"https:\/\/blog.holyart.it\/de\/wp-content\/uploads\/sites\/12\/2023\/12\/Heilige-Familie.jpg\" alt=\"Heilige Familie\" width=\"100\" height=\"100\" data-kale-share-title=\"Den Tisch zu Weihnachten decken: viele Ideen, auch zum Selbermachen\" data-kale-share-url=\"https:\/\/blog.holyart.it\/de\/?p=3302\" \/><\/div>\n<div class=\"blocco-contenuto\">\n<div class=\"blocco-acquista\">Einkaufen:<\/div>\n<div class=\"blocco-titolo\"><a href=\"https:\/\/www.holyart.de\/weihnachten\/heilige-familie?page=1&amp;_gl=1*1w2c4a9*_gcl_aw*R0NMLjE3MDI0ODI4MDQuQ2owS0NRanc4cW1oQmhDbEFSSXNBTkF0Ym9mZ21KMm85dkV5S0JjLUdLUWIweWFCLU9EekR0N1ZQV2hnY1g4WW96M2haNGVTR0JkUjR1d2FBZzZrRUFMd193Y0I.*_gcl_au*MzQ2MTAxMTM4LjE2OTc4MDc3MzQ.*_ga*MTc3MjIyMDMzLjE2ODA1MTQxMjM.*_ga_W18MV136NH*MTcwMjU0MzA3Mi4yNTYuMS4xNzAyNTQzMzcyLjAuMC4w\">Heilige Familie<\/a><\/div>\n<div class=\"blocco-descrizione\">In dieser Produktkategorie finden Sie viele verschiedene Darstellungen der Geburt Christ&#8230;<\/div>\n<\/div>\n<\/div>\n<p>Je nach unserem Geschmack, unserem Temperament und unseren M\u00f6glichkeiten k\u00f6nnen wir uns f\u00fcr einen eleganten und raffinierten Tisch entscheiden, der mit dem typischen Rot-Gold- oder Wei\u00df-Silber-Kontrast spielt, oder wir entscheiden uns f\u00fcr einen gem\u00fctlichen, rustikalen Rahmen, vielleicht mit kleinen Holzdetails, mit Shabby-Chic-Dekorationen oder mit der Wiederverwendung alter Christbaumkugeln aus unserer Kindheit, warum nicht?<\/p>\n<p>Aber was darf auf dem Weihnachtstisch nicht fehlen?<\/p>\n<p>Es geht nicht darum, unsere G\u00e4ste zu beeindrucken, sondern sie in eine intime, famili\u00e4re Atmosph\u00e4re einzubeziehen, die nach Erinnerungen und Vergangenheit riecht, nach &#8222;famili\u00e4ren&#8220; Traditionen, die in einer bestimmten Tischdecke, einem &#8222;gro\u00dfm\u00fctterlichen&#8220; Geschirr, einem weihnachtlichen Tafelaufsatz, der Orangen- und Zimtduft verstr\u00f6mt, wieder aufleben. Abgesehen von der Wahl der Tischdecke, der Teller, des Bestecks und des Geschirrs, die je nach dem Stil, den wir f\u00fcr unser Fest gew\u00e4hlt haben, variieren, liegt das Geheimnis des gedeckten Weihnachtstisches in den Details, dem Tafelaufsatz und den Tischkarten. Hier ein paar Tipps.<\/p>\n<h2>Tafelaufs\u00e4tze zu Weihnachten<\/h2>\n<p>Wir haben bereits erw\u00e4hnt, dass <strong>Weihnachtskr\u00e4nze<\/strong>, die an Fenstern oder an der Eingangst\u00fcr h\u00e4ngen, die perfekte Weihnachtsdekoration f\u00fcr das Haus zu Weihnachten sind. Aber warum nicht auch einen als Tafelaufsatz verwenden? Eine sch\u00f6ne Girlande, geschm\u00fcckt mit kleinen Tannenzapfen und Stechpalmenzweigen, Schleifen, Beeren, glitzernden Perlen und den allgegenw\u00e4rtigen Kerzen, um die Atmosph\u00e4re zu erw\u00e4rmen.<\/p>\n<p>Ein <strong>Adventskranz<\/strong> k\u00f6nnte auch die ideale L\u00f6sung f\u00fcr einen <u>klassischen Tafelaufsatz<\/u> sein. \u00c4hnlich wie ein Kranz ist er in der Regel rund und besteht aus ineinander verschlungenen immergr\u00fcnen Zweigen, die mit roten Beeren, Weihnachtskugeln, Zimtstangen und unz\u00e4hligen Schmuckst\u00fccken und Ornamenten geschm\u00fcckt werden. Der Adventskranz ist auch schon als Kerzenhalter vorbereitet, mit kleinen Glasbeh\u00e4ltern und anderen L\u00f6sungen f\u00fcr jeden Geschmack und Stil.<\/p>\n<p>Wir werden nicht m\u00fcde, uns daran zu erinnern, dass <strong>Kerzen<\/strong> auf dem Festtagstisch auf keinen Fall fehlen d\u00fcrfen. F\u00fcr Christen ist das Licht ein Symbol der Hoffnung, und Kerzen bringen Licht und W\u00e4rme zu jedem Anlass. W\u00e4hlen Sie einen passenden Kerzenst\u00e4nder f\u00fcr Ihren Tisch, oder basteln Sie selbst einen, indem Sie ihn mit selbstgebastelten Weihnachtsgestecken mit Tannenzapfen, Beeren und Schleifen verzieren. Er wird das Herzst\u00fcck Ihrer Party sein.<\/p>\n<div class=\"sp-styles-warning\" style=\"width: 450px; background-color: #FFF; color: #F00; border: 1px solid #F00; padding: 10px; font-size: 14px;\">\n\t\t\t<span style=\"font-weight: bold;\">Warning: The stylesheets were not loaded!<\/span> \n\t\t\tYou will need to change the <i>Load stylesheets<\/i> setting from <i>Automatically<\/i> to <i>On homepage<\/i> or <i>On all pages<\/i>. \n\t\t\tYou can set that <a style=\"text-decoration: underline; color: #F00;\" href=\"https:\/\/blog.holyart.it\/de\/wp-admin\/admin.php?page=sliderpro-settings\">here<\/a>.\n\t\t\t<\/div>\r\n<div id=\"slider-pro-54\" class=\"slider-pro sp-no-js\" style=\"width: 500px; height: 500px;\">\r\n\t<div class=\"sp-slides\">\r\n\t\t\r\n\t\t<div class=\"sp-slide\">\r\n\t\t\t<a class=\"\" href=\"https:\/\/www.holyart.de\/weihnachten\/advent?page=1&amp;_gl=1*oqdhw*_gcl_aw*R0NMLjE3MDI0ODI4MDQuQ2owS0NRanc4cW1oQmhDbEFSSXNBTkF0Ym9mZ21KMm85dkV5S0JjLUdLUWIweWFCLU9EekR0N1ZQV2hnY1g4WW96M2haNGVTR0JkUjR1d2FBZzZrRUFMd193Y0I.*_gcl_au*MzQ2MTAxMTM4LjE2OTc4MDc3MzQ.*_ga*MTc3MjIyMDMzLjE2ODA1MTQxMjM.*_ga_W18MV136NH*MTcwMjU0MzA3Mi4yNTYuMS4xNzAyNTQzODQyLjAuMC4w\" target=\"_self\">\r\n\t\t\t\t<img loading=\"lazy\" decoding=\"async\" class=\"sp-image\" src=\"https:\/\/blog.holyart.it\/de\/wp-content\/uploads\/sites\/12\/2023\/12\/advent.jpeg\" alt=\"Advent\" width=\"500\" height=\"500\" \/>\r\n\t\t\t<\/a>\r\n\t\t\t<div class=\"sp-thumbnail\"><img decoding=\"async\" src=\"https:\/\/blog.holyart.it\/de\/wp-content\/uploads\/sites\/12\/2023\/12\/advent-150x150-1.jpeg\" alt=\"Advent 150x150\" \/>\r\n\t\t\t<\/div>\r\n\t\t\t<div class=\"sp-caption\">Advent<\/br><strong><a href=\"https:\/\/www.holyart.de\/weihnachten\/advent?page=1&amp;_gl=1*oqdhw*_gcl_aw*R0NMLjE3MDI0ODI4MDQuQ2owS0NRanc4cW1oQmhDbEFSSXNBTkF0Ym9mZ21KMm85dkV5S0JjLUdLUWIweWFCLU9EekR0N1ZQV2hnY1g4WW96M2haNGVTR0JkUjR1d2FBZzZrRUFMd193Y0I.*_gcl_au*MzQ2MTAxMTM4LjE2OTc4MDc3MzQ.*_ga*MTc3MjIyMDMzLjE2ODA1MTQxMjM.*_ga_W18MV136NH*MTcwMjU0MzA3Mi4yNTYuMS4xNzAyNTQzODQyLjAuMC4w\">Bei Holyart kaufen<\/a><\/strong><\/div>\r\n\t\t<\/div>\r\n\t\t<div class=\"sp-slide\">\r\n\t\t\t<a class=\"\" href=\"https:\/\/www.holyart.de\/weihnachten\/advent\/adventskranz-mit-tannenzapfen-und-glocken-mit-kerzenstanzen-30-cm?_gl=1*vg18yc*_gcl_aw*R0NMLjE3MDI0ODI4MDQuQ2owS0NRanc4cW1oQmhDbEFSSXNBTkF0Ym9mZ21KMm85dkV5S0JjLUdLUWIweWFCLU9EekR0N1ZQV2hnY1g4WW96M2haNGVTR0JkUjR1d2FBZzZrRUFMd193Y0I.*_gcl_au*MzQ2MTAxMTM4LjE2OTc4MDc3MzQ.*_ga*MTc3MjIyMDMzLjE2ODA1MTQxMjM.*_ga_W18MV136NH*MTcwMjU0MzA3Mi4yNTYuMS4xNzAyNTQ0MTQ1LjAuMC4w\" target=\"_self\">\r\n\t\t\t\t<img loading=\"lazy\" decoding=\"async\" class=\"sp-image\" src=\"https:\/\/blog.holyart.it\/de\/wp-content\/uploads\/sites\/12\/2023\/12\/Adventskranz-mit-Tannenzapfen-und-Glocken-mit-Kerzenstanzen-30-cm.jpg\" alt=\"Adventskranz mit Tannenzapfen und Glocken mit Kerzenstanzen, 30 cm\" width=\"500\" height=\"500\" \/>\r\n\t\t\t<\/a>\r\n\t\t\t<div class=\"sp-thumbnail\"><img decoding=\"async\" src=\"https:\/\/blog.holyart.it\/de\/wp-content\/uploads\/sites\/12\/2023\/12\/Adventskranz-mit-Tannenzapfen-und-Glocken-mit-Kerzenstanzen-30-cm-150x150-1.jpg\" alt=\"Adventskranz mit Tannenzapfen und Glocken mit Kerzenstanzen, 30 cm 150x150\" \/>\r\n\t\t\t<\/div>\r\n\t\t\t<div class=\"sp-caption\">Adventskranz mit Tannenzapfen und Glocken mit Kerzenstanzen, 30 cm \n<\/br><strong><a href=\"https:\/\/www.holyart.de\/weihnachten\/advent\/adventskranz-mit-tannenzapfen-und-glocken-mit-kerzenstanzen-30-cm?_gl=1*vg18yc*_gcl_aw*R0NMLjE3MDI0ODI4MDQuQ2owS0NRanc4cW1oQmhDbEFSSXNBTkF0Ym9mZ21KMm85dkV5S0JjLUdLUWIweWFCLU9EekR0N1ZQV2hnY1g4WW96M2haNGVTR0JkUjR1d2FBZzZrRUFMd193Y0I.*_gcl_au*MzQ2MTAxMTM4LjE2OTc4MDc3MzQ.*_ga*MTc3MjIyMDMzLjE2ODA1MTQxMjM.*_ga_W18MV136NH*MTcwMjU0MzA3Mi4yNTYuMS4xNzAyNTQ0MTQ1LjAuMC4w\">Bei Holyart kaufen<\/a><\/strong><\/div>\r\n\t\t<\/div>\r\n\t\t<div class=\"sp-slide\">\r\n\t\t\t<a class=\"\" href=\"https:\/\/www.holyart.de\/weihnachten\/advent\/set-4-kugel-kerzen-fur-advent-10cm-rot?_gl=1*32ekgy*_gcl_aw*R0NMLjE3MDI0ODI4MDQuQ2owS0NRanc4cW1oQmhDbEFSSXNBTkF0Ym9mZ21KMm85dkV5S0JjLUdLUWIweWFCLU9EekR0N1ZQV2hnY1g4WW96M2haNGVTR0JkUjR1d2FBZzZrRUFMd193Y0I.*_gcl_au*MzQ2MTAxMTM4LjE2OTc4MDc3MzQ.*_ga*MTc3MjIyMDMzLjE2ODA1MTQxMjM.*_ga_W18MV136NH*MTcwMjU0MzA3Mi4yNTYuMS4xNzAyNTQ0Mjg4LjAuMC4w\" target=\"_self\">\r\n\t\t\t\t<img loading=\"lazy\" decoding=\"async\" class=\"sp-image\" src=\"https:\/\/blog.holyart.it\/de\/wp-content\/uploads\/sites\/12\/2023\/12\/Set-4-Kugel-Kerzen-fuer-Advent-10cm-rot.jpg\" alt=\"Set 4 Kugel-Kerzen f\u00fcr Advent 10cm rot\" width=\"500\" height=\"500\" \/>\r\n\t\t\t<\/a>\r\n\t\t\t<div class=\"sp-thumbnail\"><img decoding=\"async\" src=\"https:\/\/blog.holyart.it\/de\/wp-content\/uploads\/sites\/12\/2023\/12\/Set-4-Kugel-Kerzen-fuer-Advent-10cm-rot-150x150-1.jpg\" alt=\"Set 4 Kugel-Kerzen f\u00fcr Advent 10cm rot 150x150\" \/>\r\n\t\t\t<\/div>\r\n\t\t\t<div class=\"sp-caption\">Set 4 Kugel-Kerzen f\u00fcr Advent 10cm rot<\/br><strong><a href=\"https:\/\/www.holyart.de\/weihnachten\/advent\/set-4-kugel-kerzen-fur-advent-10cm-rot?_gl=1*32ekgy*_gcl_aw*R0NMLjE3MDI0ODI4MDQuQ2owS0NRanc4cW1oQmhDbEFSSXNBTkF0Ym9mZ21KMm85dkV5S0JjLUdLUWIweWFCLU9EekR0N1ZQV2hnY1g4WW96M2haNGVTR0JkUjR1d2FBZzZrRUFMd193Y0I.*_gcl_au*MzQ2MTAxMTM4LjE2OTc4MDc3MzQ.*_ga*MTc3MjIyMDMzLjE2ODA1MTQxMjM.*_ga_W18MV136NH*MTcwMjU0MzA3Mi4yNTYuMS4xNzAyNTQ0Mjg4LjAuMC4w\">Bei Holyart kaufen<\/a><\/strong><\/div>\r\n\t\t<\/div>\r\n\t\t<div class=\"sp-slide\">\r\n\t\t\t<a class=\"\" href=\"https:\/\/www.holyart.de\/kirchenbedarf\/kerzenstander-und-kerzenleuchter\/kerzenhalter-aus-keramik-glas-plexiglas\/bunte-glaser-fur-windlichter?_gl=1*1n9xj4a*_gcl_aw*R0NMLjE3MDI0ODI4MDQuQ2owS0NRanc4cW1oQmhDbEFSSXNBTkF0Ym9mZ21KMm85dkV5S0JjLUdLUWIweWFCLU9EekR0N1ZQV2hnY1g4WW96M2haNGVTR0JkUjR1d2FBZzZrRUFMd193Y0I.*_gcl_au*MzQ2MTAxMTM4LjE2OTc4MDc3MzQ.*_ga*MTc3MjIyMDMzLjE2ODA1MTQxMjM.*_ga_W18MV136NH*MTcwMjU0MzA3Mi4yNTYuMS4xNzAyNTQ0NDAyLjAuMC4w\" target=\"_self\">\r\n\t\t\t\t<img loading=\"lazy\" decoding=\"async\" class=\"sp-image\" src=\"https:\/\/blog.holyart.it\/de\/wp-content\/uploads\/sites\/12\/2023\/12\/Bunte-Glaeser-fuer-Windlichter.jpg\" alt=\"Bunte Gl\u00e4ser f\u00fcr Windlichter\" width=\"500\" height=\"500\" \/>\r\n\t\t\t<\/a>\r\n\t\t\t<div class=\"sp-thumbnail\"><img decoding=\"async\" src=\"https:\/\/blog.holyart.it\/de\/wp-content\/uploads\/sites\/12\/2023\/12\/Bunte-Glaeser-fuer-Windlichter-150x150-1.jpg\" alt=\"Bunte Gl\u00e4ser f\u00fcr Windlichter 150x150\" \/>\r\n\t\t\t<\/div>\r\n\t\t\t<div class=\"sp-caption\">Bunte Gl\u00e4ser f\u00fcr Windlichter<\/br><strong><a href=\"https:\/\/www.holyart.de\/kirchenbedarf\/kerzenstander-und-kerzenleuchter\/kerzenhalter-aus-keramik-glas-plexiglas\/bunte-glaser-fur-windlichter?_gl=1*1n9xj4a*_gcl_aw*R0NMLjE3MDI0ODI4MDQuQ2owS0NRanc4cW1oQmhDbEFSSXNBTkF0Ym9mZ21KMm85dkV5S0JjLUdLUWIweWFCLU9EekR0N1ZQV2hnY1g4WW96M2haNGVTR0JkUjR1d2FBZzZrRUFMd193Y0I.*_gcl_au*MzQ2MTAxMTM4LjE2OTc4MDc3MzQ.*_ga*MTc3MjIyMDMzLjE2ODA1MTQxMjM.*_ga_W18MV136NH*MTcwMjU0MzA3Mi4yNTYuMS4xNzAyNTQ0NDAyLjAuMC4w\">Bei Holyart kaufen<\/a><\/strong><\/div>\r\n\t\t<\/div>\r\n\t<\/div>\r\n<\/div>\n<h2>Selbstgemachte Weihnachts-Tischkarten<\/h2>\n<p>Weihnachtliche Tischkarten sind ebenfalls ein Element, das die festliche Tafel zu etwas ganz Besonderem machen kann. Weihnachten ist kein gew\u00f6hnlicher Tag, und die Menschen, die mit uns am Tisch sitzen werden, geh\u00f6ren zu unseren engsten Verwandten und Freunden. Daher ist es nur recht und billig, dass sich jeder von ihnen wichtig f\u00fchlt und sich als Teil von etwas Sch\u00f6nem und Kostbarem erkennt, das auch seine Anwesenheit braucht, um perfekt zu sein. Auf dem Markt gibt es viele vorgefertigte Weihnachts-Tischkarten, die f\u00fcr jeden Tisch und jedes Haus geeignet sind, aber mit ein wenig Einfallsreichtum kann man auch individuelle und viel g\u00fcnstigere L\u00f6sungen finden. Ein <u>Engel aus Olivenholz aus dem Heiligen Land<\/u>, der von lokalen Handwerkern hergestellt wird, oder eine <u>kleine, geformte Weihnachtsdekoration aus Holz<\/u>, auf der die Heilige Familie und das Jesuskind abgebildet sind, k\u00f6nnen sich als h\u00fcbsche und eindrucksvolle Weihnachtsplatzhalter erweisen, die zudem nicht zu teuer sind. Manchmal ist die Einfachheit der Schl\u00fcssel zum Erfolg, wenn es darum geht, den Weihnachtstisch zu decken, und die Wiederverwendung einer selbst gebastelten oder gekauften Weihnachtsdekoration, vielleicht aus Holz, als DIY-Weihnachtsplatzhalter kann Ihren Tisch wirklich einzigartig machen.<\/p>\n<div class=\"sp-styles-warning\" style=\"width: 450px; background-color: #FFF; color: #F00; border: 1px solid #F00; padding: 10px; font-size: 14px;\">\n\t\t\t<span style=\"font-weight: bold;\">Warning: The stylesheets were not loaded!<\/span> \n\t\t\tYou will need to change the <i>Load stylesheets<\/i> setting from <i>Automatically<\/i> to <i>On homepage<\/i> or <i>On all pages<\/i>. \n\t\t\tYou can set that <a style=\"text-decoration: underline; color: #F00;\" href=\"https:\/\/blog.holyart.it\/de\/wp-admin\/admin.php?page=sliderpro-settings\">here<\/a>.\n\t\t\t<\/div>\r\n<div id=\"slider-pro-55\" class=\"slider-pro sp-no-js\" style=\"width: 500px; height: 500px;\">\r\n\t<div class=\"sp-slides\">\r\n\t\t\r\n\t\t<div class=\"sp-slide\">\r\n\t\t\t<a class=\"\" href=\"https:\/\/www.holyart.de\/weihnachten?_gl=1*9418l7*_gcl_aw*R0NMLjE3MDI0ODI4MDQuQ2owS0NRanc4cW1oQmhDbEFSSXNBTkF0Ym9mZ21KMm85dkV5S0JjLUdLUWIweWFCLU9EekR0N1ZQV2hnY1g4WW96M2haNGVTR0JkUjR1d2FBZzZrRUFMd193Y0I.*_gcl_au*MzQ2MTAxMTM4LjE2OTc4MDc3MzQ.*_ga*MTc3MjIyMDMzLjE2ODA1MTQxMjM.*_ga_W18MV136NH*MTcwMjU0MzA3Mi4yNTYuMS4xNzAyNTQ1MDMzLjAuMC4w\" target=\"_self\">\r\n\t\t\t\t<img loading=\"lazy\" decoding=\"async\" class=\"sp-image\" src=\"https:\/\/blog.holyart.it\/de\/wp-content\/uploads\/sites\/12\/2023\/12\/Weihnachten.jpeg\" alt=\"Weihnachten\" width=\"500\" height=\"500\" \/>\r\n\t\t\t<\/a>\r\n\t\t\t<div class=\"sp-thumbnail\"><img decoding=\"async\" src=\"https:\/\/blog.holyart.it\/de\/wp-content\/uploads\/sites\/12\/2023\/12\/Weihnachten-150x150-1.jpeg\" alt=\"Weihnachten 150x150\" \/>\r\n\t\t\t<\/div>\r\n\t\t\t<div class=\"sp-caption\">Weihnachten<\/br><strong><a href=\"https:\/\/www.holyart.de\/weihnachten?_gl=1*9418l7*_gcl_aw*R0NMLjE3MDI0ODI4MDQuQ2owS0NRanc4cW1oQmhDbEFSSXNBTkF0Ym9mZ21KMm85dkV5S0JjLUdLUWIweWFCLU9EekR0N1ZQV2hnY1g4WW96M2haNGVTR0JkUjR1d2FBZzZrRUFMd193Y0I.*_gcl_au*MzQ2MTAxMTM4LjE2OTc4MDc3MzQ.*_ga*MTc3MjIyMDMzLjE2ODA1MTQxMjM.*_ga_W18MV136NH*MTcwMjU0MzA3Mi4yNTYuMS4xNzAyNTQ1MDMzLjAuMC4w\">Bei Holyart kaufen<\/a><\/strong><\/div>\r\n\t\t<\/div>\r\n\t\t<div class=\"sp-slide\">\r\n\t\t\t<a class=\"\" href=\"https:\/\/www.holyart.de\/weihnachten\/weihnachtsbaumschmuck\/weihnachtsbaumschmuck-aus-holz-und-pvc\/tannenbaumschmuck-heilige-familie-geformten-holz?_gl=1*moy1c4*_gcl_aw*R0NMLjE3MDI0ODI4MDQuQ2owS0NRanc4cW1oQmhDbEFSSXNBTkF0Ym9mZ21KMm85dkV5S0JjLUdLUWIweWFCLU9EekR0N1ZQV2hnY1g4WW96M2haNGVTR0JkUjR1d2FBZzZrRUFMd193Y0I.*_gcl_au*MzQ2MTAxMTM4LjE2OTc4MDc3MzQ.*_ga*MTc3MjIyMDMzLjE2ODA1MTQxMjM.*_ga_W18MV136NH*MTcwMjU0MzA3Mi4yNTYuMS4xNzAyNTQ1MDczLjAuMC4w\" target=\"_self\">\r\n\t\t\t\t<img loading=\"lazy\" decoding=\"async\" class=\"sp-image\" src=\"https:\/\/blog.holyart.it\/de\/wp-content\/uploads\/sites\/12\/2023\/12\/Tannenbaumschmuck-Heilige-Familie-geformten-Holz.jpg\" alt=\"Tannenbaumschmuck Heilige Familie geformten Holz\" width=\"500\" height=\"500\" \/>\r\n\t\t\t<\/a>\r\n\t\t\t<div class=\"sp-thumbnail\"><img decoding=\"async\" src=\"https:\/\/blog.holyart.it\/de\/wp-content\/uploads\/sites\/12\/2023\/12\/Tannenbaumschmuck-Heilige-Familie-geformten-Holz-150x150-1.jpg\" alt=\"Tannenbaumschmuck Heilige Familie geformten Holz 150x150\" \/>\r\n\t\t\t<\/div>\r\n\t\t\t<div class=\"sp-caption\">Tannenbaumschmuck Heilige Familie geformten Holz \n<\/br><strong><a href=\"https:\/\/www.holyart.de\/weihnachten\/weihnachtsbaumschmuck\/weihnachtsbaumschmuck-aus-holz-und-pvc\/tannenbaumschmuck-heilige-familie-geformten-holz?_gl=1*moy1c4*_gcl_aw*R0NMLjE3MDI0ODI4MDQuQ2owS0NRanc4cW1oQmhDbEFSSXNBTkF0Ym9mZ21KMm85dkV5S0JjLUdLUWIweWFCLU9EekR0N1ZQV2hnY1g4WW96M2haNGVTR0JkUjR1d2FBZzZrRUFMd193Y0I.*_gcl_au*MzQ2MTAxMTM4LjE2OTc4MDc3MzQ.*_ga*MTc3MjIyMDMzLjE2ODA1MTQxMjM.*_ga_W18MV136NH*MTcwMjU0MzA3Mi4yNTYuMS4xNzAyNTQ1MDczLjAuMC4w\">Bei Holyart kaufen<\/a><\/strong><\/div>\r\n\t\t<\/div>\r\n\t\t<div class=\"sp-slide\">\r\n\t\t\t<a class=\"\" href=\"https:\/\/www.holyart.de\/weihnachten\/weihnachtsbaumschmuck\/weihnachtsbaumschmuck-aus-holz-und-pvc\/schmuck-weihnachtsbaum-olivenholz-palastina-engel?_gl=1*1qs56kg*_gcl_aw*R0NMLjE3MDI0ODI4MDQuQ2owS0NRanc4cW1oQmhDbEFSSXNBTkF0Ym9mZ21KMm85dkV5S0JjLUdLUWIweWFCLU9EekR0N1ZQV2hnY1g4WW96M2haNGVTR0JkUjR1d2FBZzZrRUFMd193Y0I.*_gcl_au*MzQ2MTAxMTM4LjE2OTc4MDc3MzQ.*_ga*MTc3MjIyMDMzLjE2ODA1MTQxMjM.*_ga_W18MV136NH*MTcwMjU0MzA3Mi4yNTYuMS4xNzAyNTQ1MTg2LjAuMC4w\" target=\"_self\">\r\n\t\t\t\t<img loading=\"lazy\" decoding=\"async\" class=\"sp-image\" src=\"https:\/\/blog.holyart.it\/de\/wp-content\/uploads\/sites\/12\/2023\/12\/Schmuck-Weihnachtsbaum-Olivenholz-Palaestina-Engel.jpg\" alt=\"Schmuck Weihnachtsbaum Olivenholz Pal\u00e4stina Engel\" width=\"500\" height=\"500\" \/>\r\n\t\t\t<\/a>\r\n\t\t\t<div class=\"sp-thumbnail\"><img decoding=\"async\" src=\"https:\/\/blog.holyart.it\/de\/wp-content\/uploads\/sites\/12\/2023\/12\/Schmuck-Weihnachtsbaum-Olivenholz-Palaestina-Engel-150x150-1.jpg\" alt=\"Schmuck Weihnachtsbaum Olivenholz Pal\u00e4stina Engel 150x150\" \/>\r\n\t\t\t<\/div>\r\n\t\t\t<div class=\"sp-caption\">Schmuck Weihnachtsbaum Olivenholz Pal\u00e4stina Engel<\/br><strong><a href=\"https:\/\/www.holyart.de\/weihnachten\/weihnachtsbaumschmuck\/weihnachtsbaumschmuck-aus-holz-und-pvc\/schmuck-weihnachtsbaum-olivenholz-palastina-engel?_gl=1*1qs56kg*_gcl_aw*R0NMLjE3MDI0ODI4MDQuQ2owS0NRanc4cW1oQmhDbEFSSXNBTkF0Ym9mZ21KMm85dkV5S0JjLUdLUWIweWFCLU9EekR0N1ZQV2hnY1g4WW96M2haNGVTR0JkUjR1d2FBZzZrRUFMd193Y0I.*_gcl_au*MzQ2MTAxMTM4LjE2OTc4MDc3MzQ.*_ga*MTc3MjIyMDMzLjE2ODA1MTQxMjM.*_ga_W18MV136NH*MTcwMjU0MzA3Mi4yNTYuMS4xNzAyNTQ1MTg2LjAuMC4w\">Bei Holyart kaufen<\/a><\/strong><\/div>\r\n\t\t<\/div>\r\n\t\t<div class=\"sp-slide\">\r\n\t\t\t<img loading=\"lazy\" decoding=\"async\" class=\"sp-image\" src=\"https:\/\/blog.holyart.it\/de\/wp-content\/uploads\/sites\/12\/2023\/12\/Gruen-Kiefer-fuer-Krippe-mit-Basis.jpg\" alt=\"Gruen Kiefer fuer Krippe mit Basis\" width=\"500\" height=\"500\" \/>\r\n\t\t\t<div class=\"sp-thumbnail\"><img decoding=\"async\" src=\"https:\/\/blog.holyart.it\/de\/wp-content\/uploads\/sites\/12\/2023\/12\/Gruen-Kiefer-fuer-Krippe-mit-Basis-150x150-1.jpg\" alt=\"Gruen Kiefer fuer Krippe mit Basis 150x150\" \/>\r\n\t\t\t<\/div>\r\n\t\t\t<div class=\"sp-caption\">Gruen Kiefer fuer Krippe mit Basis<\/br><strong><a href=\"https:\/\/www.holyart.de\/weihnachten\/krippenzubehor\/miniaturpflanzen-fur-krippen\/gruen-kiefer-fuer-krippe-mit-basis?_gl=1*ezllwa*_ga*MTc3MjIyMDMzLjE2ODA1MTQxMjM.*_ga_W18MV136NH*MTcwMjU0MzA3Mi4yNTYuMS4xNzAyNTQ1Mjc4LjAuMC4w*_gcl_aw*R0NMLjE3MDI0ODI4MDQuQ2owS0NRanc4cW1oQmhDbEFSSXNBTkF0Ym9mZ21KMm85dkV5S0JjLUdLUWIweWFCLU9EekR0N1ZQV2hnY1g4WW96M2haNGVTR0JkUjR1d2FBZzZrRUFMd193Y0I.*_gcl_au*MzQ2MTAxMTM4LjE2OTc4MDc3MzQ.\">Bei Holyart kaufen<\/a><\/strong><\/div>\r\n\t\t<\/div>\r\n\t\t<div class=\"sp-slide\">\r\n\t\t\t<a class=\"\" href=\"https:\/\/www.holyart.de\/devotionalien\/kerzenleuchter\/kerzenteller-oval-mangobaum-10x8cm?_gl=1*rme0e4*_gcl_aw*R0NMLjE3MDI0ODI4MDQuQ2owS0NRanc4cW1oQmhDbEFSSXNBTkF0Ym9mZ21KMm85dkV5S0JjLUdLUWIweWFCLU9EekR0N1ZQV2hnY1g4WW96M2haNGVTR0JkUjR1d2FBZzZrRUFMd193Y0I.*_gcl_au*MzQ2MTAxMTM4LjE2OTc4MDc3MzQ.*_ga*MTc3MjIyMDMzLjE2ODA1MTQxMjM.*_ga_W18MV136NH*MTcwMjU0MzA3Mi4yNTYuMS4xNzAyNTQ1MzQ2LjAuMC4w\" target=\"_self\">\r\n\t\t\t\t<img loading=\"lazy\" decoding=\"async\" class=\"sp-image\" src=\"https:\/\/blog.holyart.it\/de\/wp-content\/uploads\/sites\/12\/2023\/12\/Kerzenteller-oval-Mangobaum-10x8cm.jpg\" alt=\"Kerzenteller oval Mangobaum 10x8cm\" width=\"500\" height=\"500\" \/>\r\n\t\t\t<\/a>\r\n\t\t\t<img decoding=\"async\" class=\"sp-thumbnail\" src=\"https:\/\/blog.holyart.it\/de\/wp-content\/uploads\/sites\/12\/2023\/12\/Kerzenteller-oval-Mangobaum-10x8cm-150x150-1.jpg\" alt=\"Kerzenteller oval Mangobaum 10x8cm 150x150\" \/>\r\n\t\t\t<div class=\"sp-caption\">Kerzenteller oval Mangobaum 10x8cm<\/br><strong><a href=\"https:\/\/www.holyart.de\/devotionalien\/kerzenleuchter\/kerzenteller-oval-mangobaum-10x8cm?_gl=1*rme0e4*_gcl_aw*R0NMLjE3MDI0ODI4MDQuQ2owS0NRanc4cW1oQmhDbEFSSXNBTkF0Ym9mZ21KMm85dkV5S0JjLUdLUWIweWFCLU9EekR0N1ZQV2hnY1g4WW96M2haNGVTR0JkUjR1d2FBZzZrRUFMd193Y0I.*_gcl_au*MzQ2MTAxMTM4LjE2OTc4MDc3MzQ.*_ga*MTc3MjIyMDMzLjE2ODA1MTQxMjM.*_ga_W18MV136NH*MTcwMjU0MzA3Mi4yNTYuMS4xNzAyNTQ1MzQ2LjAuMC4w\">Bei Holyart kaufen<\/a><\/strong><\/div>\r\n\t\t<\/div>\r\n\t<\/div>\r\n<\/div>\n<h2>Weihnachtsuntersetzer<\/h2>\n<p>Eine weitere originelle Idee betrifft Untersetzer f\u00fcr Weihnachten. Es gibt Untersetzer aller Art und aus allen Materialien, von Gummi bis Kork, von Papier bis geh\u00e4kelt, von Leder bis Filz, aber eine etwas andere Wahl k\u00f6nnten <u>Kerzenuntersetzer<\/u> sein, die man als Glasuntersetzer verwendet, vielleicht in goldener Farbe, damit sie zum Weihnachtstisch passen und die festliche Stimmung unterstreichen. Alternativ k\u00f6nnen Sie auch selbst Hand anlegen und ausrangierte Materialien recyceln, um wirklich originelle und einzigartige Weihnachtsuntersetzer zu erhalten.<\/p>\n<div class=\"sp-styles-warning\" style=\"width: 450px; background-color: #FFF; color: #F00; border: 1px solid #F00; padding: 10px; font-size: 14px;\">\n\t\t\t<span style=\"font-weight: bold;\">Warning: The stylesheets were not loaded!<\/span> \n\t\t\tYou will need to change the <i>Load stylesheets<\/i> setting from <i>Automatically<\/i> to <i>On homepage<\/i> or <i>On all pages<\/i>. \n\t\t\tYou can set that <a style=\"text-decoration: underline; color: #F00;\" href=\"https:\/\/blog.holyart.it\/de\/wp-admin\/admin.php?page=sliderpro-settings\">here<\/a>.\n\t\t\t<\/div>\r\n<div id=\"slider-pro-56\" class=\"slider-pro sp-no-js\" style=\"width: 500px; height: 500px;\">\r\n\t<div class=\"sp-slides\">\r\n\t\t\r\n\t\t<div class=\"sp-slide\">\r\n\t\t\t<a class=\"\" href=\"https:\/\/www.holyart.de\/weihnachten?_gl=1*15mw4y9*_gcl_aw*R0NMLjE3MDI0ODI4MDQuQ2owS0NRanc4cW1oQmhDbEFSSXNBTkF0Ym9mZ21KMm85dkV5S0JjLUdLUWIweWFCLU9EekR0N1ZQV2hnY1g4WW96M2haNGVTR0JkUjR1d2FBZzZrRUFMd193Y0I.*_gcl_au*MzQ2MTAxMTM4LjE2OTc4MDc3MzQ.*_ga*MTc3MjIyMDMzLjE2ODA1MTQxMjM.*_ga_W18MV136NH*MTcwMjU0MzA3Mi4yNTYuMS4xNzAyNTQ1Nzk1LjAuMC4w\" target=\"_self\">\r\n\t\t\t\t<img loading=\"lazy\" decoding=\"async\" class=\"sp-image\" src=\"https:\/\/blog.holyart.it\/de\/wp-content\/uploads\/sites\/12\/2023\/12\/Weihnachten2.jpeg\" alt=\"Weihnachten2\" width=\"500\" height=\"500\" \/>\r\n\t\t\t<\/a>\r\n\t\t\t<div class=\"sp-thumbnail\"><img decoding=\"async\" src=\"https:\/\/blog.holyart.it\/de\/wp-content\/uploads\/sites\/12\/2023\/12\/Weihnachten2-150x150-1.jpeg\" alt=\"Weihnachten2 150x150\" \/>\r\n\t\t\t<\/div>\r\n\t\t\t<div class=\"sp-caption\">Weihnachten<\/br><strong><a href=\"https:\/\/www.holyart.de\/weihnachten?_gl=1*9418l7*_gcl_aw*R0NMLjE3MDI0ODI4MDQuQ2owS0NRanc4cW1oQmhDbEFSSXNBTkF0Ym9mZ21KMm85dkV5S0JjLUdLUWIweWFCLU9EekR0N1ZQV2hnY1g4WW96M2haNGVTR0JkUjR1d2FBZzZrRUFMd193Y0I.*_gcl_au*MzQ2MTAxMTM4LjE2OTc4MDc3MzQ.*_ga*MTc3MjIyMDMzLjE2ODA1MTQxMjM.*_ga_W18MV136NH*MTcwMjU0MzA3Mi4yNTYuMS4xNzAyNTQ1MDMzLjAuMC4w\">Bei Holyart kaufen<\/a><\/strong><\/div>\r\n\t\t<\/div>\r\n\t\t<div class=\"sp-slide\">\r\n\t\t\t<a class=\"\" href=\"https:\/\/www.holyart.de\/devotionalien\/rauchergefasse\/tellerchen-fur-atherische-ole-aus-stahl-ersatzteil-fur-weihrauchbrenner-durchmesser-von-10-5-cm?_gl=1*1szfi26*_gcl_aw*R0NMLjE3MDI0ODI4MDQuQ2owS0NRanc4cW1oQmhDbEFSSXNBTkF0Ym9mZ21KMm85dkV5S0JjLUdLUWIweWFCLU9EekR0N1ZQV2hnY1g4WW96M2haNGVTR0JkUjR1d2FBZzZrRUFMd193Y0I.*_gcl_au*MzQ2MTAxMTM4LjE2OTc4MDc3MzQ.*_ga*MTc3MjIyMDMzLjE2ODA1MTQxMjM.*_ga_W18MV136NH*MTcwMjU0MzA3Mi4yNTYuMS4xNzAyNTQ1ODEwLjAuMC4w\" target=\"_self\">\r\n\t\t\t\t<img loading=\"lazy\" decoding=\"async\" class=\"sp-image\" src=\"https:\/\/blog.holyart.it\/de\/wp-content\/uploads\/sites\/12\/2023\/12\/Tellerchen-fuer-aetherische-Oele-aus-Stahl-Ersatzteil-fuer-Weihrauchbrenner-Durchmesser-von-105-cm.jpg\" alt=\"Tellerchen f\u00fcr \u00e4therische \u00d6le aus Stahl, Ersatzteil f\u00fcr Weihrauchbrenner, Durchmesser von 10,5 cm\" width=\"500\" height=\"500\" \/>\r\n\t\t\t<\/a>\r\n\t\t\t<div class=\"sp-thumbnail\"><img decoding=\"async\" src=\"https:\/\/blog.holyart.it\/de\/wp-content\/uploads\/sites\/12\/2023\/12\/Tellerchen-fuer-aetherische-Oele-aus-Stahl-Ersatzteil-fuer-Weihrauchbrenner-Durchmesser-von-105-cm-150x150-1.jpg\" alt=\"Tellerchen f\u00fcr \u00e4therische \u00d6le aus Stahl, Ersatzteil f\u00fcr Weihrauchbrenner, Durchmesser von 10,5 cm 150x150\" \/>\r\n\t\t\t<\/div>\r\n\t\t\t<div class=\"sp-caption\">Tellerchen f\u00fcr \u00e4therische \u00d6le aus Stahl, Ersatzteil f\u00fcr Weihrauchbrenner, Durchmesser von 10,5 cm<\/br><strong><a href=\"https:\/\/www.holyart.de\/devotionalien\/rauchergefasse\/tellerchen-fur-atherische-ole-aus-stahl-ersatzteil-fur-weihrauchbrenner-durchmesser-von-10-5-cm?_gl=1*1szfi26*_gcl_aw*R0NMLjE3MDI0ODI4MDQuQ2owS0NRanc4cW1oQmhDbEFSSXNBTkF0Ym9mZ21KMm85dkV5S0JjLUdLUWIweWFCLU9EekR0N1ZQV2hnY1g4WW96M2haNGVTR0JkUjR1d2FBZzZrRUFMd193Y0I.*_gcl_au*MzQ2MTAxMTM4LjE2OTc4MDc3MzQ.*_ga*MTc3MjIyMDMzLjE2ODA1MTQxMjM.*_ga_W18MV136NH*MTcwMjU0MzA3Mi4yNTYuMS4xNzAyNTQ1ODEwLjAuMC4w\">Bei Holyart kaufen<\/a><\/strong><\/div>\r\n\t\t<\/div>\r\n\t\t<div class=\"sp-slide\">\r\n\t\t\t<a class=\"\" href=\"https:\/\/www.holyart.de\/devotionalien\/kerzenleuchter\/teller-kerzenleuchter-vergoldeten-messing-10cm-satiniert?_gl=1*1s8kv3a*_gcl_aw*R0NMLjE3MDI0ODI4MDQuQ2owS0NRanc4cW1oQmhDbEFSSXNBTkF0Ym9mZ21KMm85dkV5S0JjLUdLUWIweWFCLU9EekR0N1ZQV2hnY1g4WW96M2haNGVTR0JkUjR1d2FBZzZrRUFMd193Y0I.*_gcl_au*MzQ2MTAxMTM4LjE2OTc4MDc3MzQ.*_ga*MTc3MjIyMDMzLjE2ODA1MTQxMjM.*_ga_W18MV136NH*MTcwMjU0MzA3Mi4yNTYuMS4xNzAyNTQ1OTQ1LjAuMC4w\" target=\"_self\">\r\n\t\t\t\t<img loading=\"lazy\" decoding=\"async\" class=\"sp-image\" src=\"https:\/\/blog.holyart.it\/de\/wp-content\/uploads\/sites\/12\/2023\/12\/Teller-Kerzenleuchter-vergoldeten-Messing-10cm-satiniert.jpg\" alt=\"Teller-Kerzenleuchter vergoldeten Messing 10cm satiniert\" width=\"500\" height=\"500\" \/>\r\n\t\t\t<\/a>\r\n\t\t\t<div class=\"sp-thumbnail\"><img decoding=\"async\" src=\"https:\/\/blog.holyart.it\/de\/wp-content\/uploads\/sites\/12\/2023\/12\/Teller-Kerzenleuchter-vergoldeten-Messing-10cm-satiniert-150x150-1.jpg\" alt=\"Teller-Kerzenleuchter vergoldeten Messing 10cm satiniert 150x150\" \/>\r\n\t\t\t<\/div>\r\n\t\t\t<div class=\"sp-caption\">Teller-Kerzenleuchter vergoldeten Messing 10cm satiniert<\/br><strong><a href=\"https:\/\/www.holyart.de\/devotionalien\/kerzenleuchter\/teller-kerzenleuchter-vergoldeten-messing-10cm-satiniert?_gl=1*1s8kv3a*_gcl_aw*R0NMLjE3MDI0ODI4MDQuQ2owS0NRanc4cW1oQmhDbEFSSXNBTkF0Ym9mZ21KMm85dkV5S0JjLUdLUWIweWFCLU9EekR0N1ZQV2hnY1g4WW96M2haNGVTR0JkUjR1d2FBZzZrRUFMd193Y0I.*_gcl_au*MzQ2MTAxMTM4LjE2OTc4MDc3MzQ.*_ga*MTc3MjIyMDMzLjE2ODA1MTQxMjM.*_ga_W18MV136NH*MTcwMjU0MzA3Mi4yNTYuMS4xNzAyNTQ1OTQ1LjAuMC4w\">Bei Holyart kaufen<\/a><\/strong><\/div>\r\n\t\t<\/div>\r\n\t\t<div class=\"sp-slide\">\r\n\t\t\t<a class=\"\" href=\"https:\/\/www.holyart.de\/devotionalien\/kerzenleuchter\/runder-kerzenteller-aus-holz-10-cm?_gl=1*10kmtr4*_gcl_aw*R0NMLjE3MDI0ODI4MDQuQ2owS0NRanc4cW1oQmhDbEFSSXNBTkF0Ym9mZ21KMm85dkV5S0JjLUdLUWIweWFCLU9EekR0N1ZQV2hnY1g4WW96M2haNGVTR0JkUjR1d2FBZzZrRUFMd193Y0I.*_gcl_au*MzQ2MTAxMTM4LjE2OTc4MDc3MzQ.*_ga*MTc3MjIyMDMzLjE2ODA1MTQxMjM.*_ga_W18MV136NH*MTcwMjU0MzA3Mi4yNTYuMS4xNzAyNTQ2MDIzLjAuMC4w\" target=\"_self\">\r\n\t\t\t\t<img loading=\"lazy\" decoding=\"async\" class=\"sp-image\" src=\"https:\/\/blog.holyart.it\/de\/wp-content\/uploads\/sites\/12\/2023\/12\/Runder-Kerzenteller-aus-Holz-10-cm.jpg\" alt=\"Runder Kerzenteller aus Holz, 10 cm\" width=\"500\" height=\"500\" \/>\r\n\t\t\t<\/a>\r\n\t\t\t<div class=\"sp-thumbnail\"><img decoding=\"async\" src=\"https:\/\/blog.holyart.it\/de\/wp-content\/uploads\/sites\/12\/2023\/12\/Runder-Kerzenteller-aus-Holz-10-cm-150x150-1.jpg\" alt=\"Runder Kerzenteller aus Holz, 10 cm 150x150\" \/>\r\n\t\t\t<\/div>\r\n\t\t\t<div class=\"sp-caption\">Runder Kerzenteller aus Holz, 10 cm<\/br><strong><a href=\"https:\/\/www.holyart.de\/devotionalien\/kerzenleuchter\/runder-kerzenteller-aus-holz-10-cm?_gl=1*10kmtr4*_gcl_aw*R0NMLjE3MDI0ODI4MDQuQ2owS0NRanc4cW1oQmhDbEFSSXNBTkF0Ym9mZ21KMm85dkV5S0JjLUdLUWIweWFCLU9EekR0N1ZQV2hnY1g4WW96M2haNGVTR0JkUjR1d2FBZzZrRUFMd193Y0I.*_gcl_au*MzQ2MTAxMTM4LjE2OTc4MDc3MzQ.*_ga*MTc3MjIyMDMzLjE2ODA1MTQxMjM.*_ga_W18MV136NH*MTcwMjU0MzA3Mi4yNTYuMS4xNzAyNTQ2MDIzLjAuMC4w\">Bei Holyart kaufen<\/a><\/strong><\/div>\r\n\t\t<\/div>\r\n\t<\/div>\r\n<\/div>\n","protected":false},"excerpt":{"rendered":"<p>Der festlich gedeckte Tisch ist ein Symbol f\u00fcr Gem\u00fctlichkeit und famili\u00e4re Vertrautheit. So decken Sie den Tisch zu Weihnachten Der Sommer ist gerade erst zu Ende gegangen, und doch ist er bereits eine Erinnerung. Die Tage werden k\u00fcrzer, die Luft schwillt mit Feuchtigkeit und Nebel&hellip;<\/p>\n","protected":false},"author":1,"featured_media":3305,"comment_status":"closed","ping_status":"open","sticky":false,"template":"","format":"standard","meta":{"_acf_changed":false,"footnotes":""},"categories":[12],"tags":[],"class_list":["post-3302","post","type-post","status-publish","format-standard","has-post-thumbnail","hentry","category-weihnachten"],"acf":[],"yoast_head":"<!-- This site is optimized with the Yoast SEO plugin v26.6 - https:\/\/yoast.com\/wordpress\/plugins\/seo\/ -->\n<title>Den Tisch zu Weihnachten decken: viele Ideen, auch zum Selbermachen - Holyart.de Blog<\/title>\n<meta name=\"description\" content=\"Der festlich gedeckte Tisch ist ein Symbol f\u00fcr Gem\u00fctlichkeit und famili\u00e4re Vertrautheit. So decken Sie den Tisch zu Weihnachten\" \/>\n<meta name=\"robots\" content=\"index, follow, max-snippet:-1, max-image-preview:large, max-video-preview:-1\" \/>\n<link rel=\"canonical\" href=\"https:\/\/blog.holyart.it\/de\/weihnachten\/den-tisch-zu-weihnachten-decken-viele-ideen-auch-zum-selbermachen\/\" \/>\n<meta property=\"og:locale\" content=\"de_DE\" \/>\n<meta property=\"og:type\" content=\"article\" \/>\n<meta property=\"og:title\" content=\"Den Tisch zu Weihnachten decken: viele Ideen, auch zum Selbermachen - Holyart.de Blog\" \/>\n<meta property=\"og:description\" content=\"Der festlich gedeckte Tisch ist ein Symbol f\u00fcr Gem\u00fctlichkeit und famili\u00e4re Vertrautheit. So decken Sie den Tisch zu Weihnachten\" \/>\n<meta property=\"og:url\" content=\"https:\/\/blog.holyart.it\/de\/weihnachten\/den-tisch-zu-weihnachten-decken-viele-ideen-auch-zum-selbermachen\/\" \/>\n<meta property=\"og:site_name\" content=\"Holyart.de Blog\" \/>\n<meta property=\"article:published_time\" content=\"2023-12-20T09:00:29+00:00\" \/>\n<meta property=\"article:modified_time\" content=\"2024-12-16T09:51:16+00:00\" \/>\n<meta property=\"og:image\" content=\"https:\/\/blog.holyart.it\/de\/wp-content\/uploads\/sites\/12\/2023\/12\/Den-Tisch-zu-Weihnachten-decken.jpg\" \/>\n\t<meta property=\"og:image:width\" content=\"1000\" \/>\n\t<meta property=\"og:image:height\" content=\"666\" \/>\n\t<meta property=\"og:image:type\" content=\"image\/jpeg\" \/>\n<meta name=\"author\" content=\"Redazione\" \/>\n<meta name=\"twitter:card\" content=\"summary_large_image\" \/>\n<meta name=\"twitter:label1\" content=\"Verfasst von\" \/>\n\t<meta name=\"twitter:data1\" content=\"Redazione\" \/>\n\t<meta name=\"twitter:label2\" content=\"Gesch\u00e4tzte Lesezeit\" \/>\n\t<meta name=\"twitter:data2\" content=\"6\u00a0Minuten\" \/>\n<script type=\"application\/ld+json\" class=\"yoast-schema-graph\">{\"@context\":\"https:\/\/schema.org\",\"@graph\":[{\"@type\":\"Article\",\"@id\":\"https:\/\/blog.holyart.it\/de\/weihnachten\/den-tisch-zu-weihnachten-decken-viele-ideen-auch-zum-selbermachen\/#article\",\"isPartOf\":{\"@id\":\"https:\/\/blog.holyart.it\/de\/weihnachten\/den-tisch-zu-weihnachten-decken-viele-ideen-auch-zum-selbermachen\/\"},\"author\":{\"name\":\"Redazione\",\"@id\":\"https:\/\/blog.holyart.it\/de\/#\/schema\/person\/0a7b686e5af0f856ec1e390dd0baecda\"},\"headline\":\"Den Tisch zu Weihnachten decken: viele Ideen, auch zum Selbermachen\",\"datePublished\":\"2023-12-20T09:00:29+00:00\",\"dateModified\":\"2024-12-16T09:51:16+00:00\",\"mainEntityOfPage\":{\"@id\":\"https:\/\/blog.holyart.it\/de\/weihnachten\/den-tisch-zu-weihnachten-decken-viele-ideen-auch-zum-selbermachen\/\"},\"wordCount\":1002,\"publisher\":{\"@id\":\"https:\/\/blog.holyart.it\/de\/#organization\"},\"image\":{\"@id\":\"https:\/\/blog.holyart.it\/de\/weihnachten\/den-tisch-zu-weihnachten-decken-viele-ideen-auch-zum-selbermachen\/#primaryimage\"},\"thumbnailUrl\":\"https:\/\/blog.holyart.it\/de\/wp-content\/uploads\/sites\/12\/2023\/12\/Den-Tisch-zu-Weihnachten-decken.jpg\",\"articleSection\":[\"Weihnachten\"],\"inLanguage\":\"de\"},{\"@type\":\"WebPage\",\"@id\":\"https:\/\/blog.holyart.it\/de\/weihnachten\/den-tisch-zu-weihnachten-decken-viele-ideen-auch-zum-selbermachen\/\",\"url\":\"https:\/\/blog.holyart.it\/de\/weihnachten\/den-tisch-zu-weihnachten-decken-viele-ideen-auch-zum-selbermachen\/\",\"name\":\"Den Tisch zu Weihnachten decken: viele Ideen, auch zum Selbermachen - Holyart.de Blog\",\"isPartOf\":{\"@id\":\"https:\/\/blog.holyart.it\/de\/#website\"},\"primaryImageOfPage\":{\"@id\":\"https:\/\/blog.holyart.it\/de\/weihnachten\/den-tisch-zu-weihnachten-decken-viele-ideen-auch-zum-selbermachen\/#primaryimage\"},\"image\":{\"@id\":\"https:\/\/blog.holyart.it\/de\/weihnachten\/den-tisch-zu-weihnachten-decken-viele-ideen-auch-zum-selbermachen\/#primaryimage\"},\"thumbnailUrl\":\"https:\/\/blog.holyart.it\/de\/wp-content\/uploads\/sites\/12\/2023\/12\/Den-Tisch-zu-Weihnachten-decken.jpg\",\"datePublished\":\"2023-12-20T09:00:29+00:00\",\"dateModified\":\"2024-12-16T09:51:16+00:00\",\"description\":\"Der festlich gedeckte Tisch ist ein Symbol f\u00fcr Gem\u00fctlichkeit und famili\u00e4re Vertrautheit. So decken Sie den Tisch zu Weihnachten\",\"breadcrumb\":{\"@id\":\"https:\/\/blog.holyart.it\/de\/weihnachten\/den-tisch-zu-weihnachten-decken-viele-ideen-auch-zum-selbermachen\/#breadcrumb\"},\"inLanguage\":\"de\",\"potentialAction\":[{\"@type\":\"ReadAction\",\"target\":[\"https:\/\/blog.holyart.it\/de\/weihnachten\/den-tisch-zu-weihnachten-decken-viele-ideen-auch-zum-selbermachen\/\"]}]},{\"@type\":\"ImageObject\",\"inLanguage\":\"de\",\"@id\":\"https:\/\/blog.holyart.it\/de\/weihnachten\/den-tisch-zu-weihnachten-decken-viele-ideen-auch-zum-selbermachen\/#primaryimage\",\"url\":\"https:\/\/blog.holyart.it\/de\/wp-content\/uploads\/sites\/12\/2023\/12\/Den-Tisch-zu-Weihnachten-decken.jpg\",\"contentUrl\":\"https:\/\/blog.holyart.it\/de\/wp-content\/uploads\/sites\/12\/2023\/12\/Den-Tisch-zu-Weihnachten-decken.jpg\",\"width\":1000,\"height\":666,\"caption\":\"Den Tisch zu Weihnachten decken\"},{\"@type\":\"BreadcrumbList\",\"@id\":\"https:\/\/blog.holyart.it\/de\/weihnachten\/den-tisch-zu-weihnachten-decken-viele-ideen-auch-zum-selbermachen\/#breadcrumb\",\"itemListElement\":[{\"@type\":\"ListItem\",\"position\":1,\"name\":\"Homepage\",\"item\":\"https:\/\/blog.holyart.it\/de\/\"},{\"@type\":\"ListItem\",\"position\":2,\"name\":\"Weihnachten\",\"item\":\"https:\/\/blog.holyart.it\/de\/weihnachten\/\"},{\"@type\":\"ListItem\",\"position\":3,\"name\":\"Den Tisch zu Weihnachten decken: viele Ideen, auch zum Selbermachen\"}]},{\"@type\":\"WebSite\",\"@id\":\"https:\/\/blog.holyart.it\/de\/#website\",\"url\":\"https:\/\/blog.holyart.it\/de\/\",\"name\":\"Holyart.de Blog\",\"description\":\"Holyblog\",\"publisher\":{\"@id\":\"https:\/\/blog.holyart.it\/de\/#organization\"},\"potentialAction\":[{\"@type\":\"SearchAction\",\"target\":{\"@type\":\"EntryPoint\",\"urlTemplate\":\"https:\/\/blog.holyart.it\/de\/?s={search_term_string}\"},\"query-input\":{\"@type\":\"PropertyValueSpecification\",\"valueRequired\":true,\"valueName\":\"search_term_string\"}}],\"inLanguage\":\"de\"},{\"@type\":\"Organization\",\"@id\":\"https:\/\/blog.holyart.it\/de\/#organization\",\"name\":\"Holyart.de Blog\",\"url\":\"https:\/\/blog.holyart.it\/de\/\",\"logo\":{\"@type\":\"ImageObject\",\"inLanguage\":\"de\",\"@id\":\"https:\/\/blog.holyart.it\/de\/#\/schema\/logo\/image\/\",\"url\":\"https:\/\/blog.holyart.it\/de\/wp-content\/uploads\/sites\/12\/2022\/12\/Holyart_Blog_Logo.jpg\",\"contentUrl\":\"https:\/\/blog.holyart.it\/de\/wp-content\/uploads\/sites\/12\/2022\/12\/Holyart_Blog_Logo.jpg\",\"width\":300,\"height\":50,\"caption\":\"Holyart.de Blog\"},\"image\":{\"@id\":\"https:\/\/blog.holyart.it\/de\/#\/schema\/logo\/image\/\"}},{\"@type\":\"Person\",\"@id\":\"https:\/\/blog.holyart.it\/de\/#\/schema\/person\/0a7b686e5af0f856ec1e390dd0baecda\",\"name\":\"Redazione\",\"image\":{\"@type\":\"ImageObject\",\"inLanguage\":\"de\",\"@id\":\"https:\/\/blog.holyart.it\/de\/#\/schema\/person\/image\/\",\"url\":\"https:\/\/secure.gravatar.com\/avatar\/f477da817f43e50d0af36abecd33e3edf826c68299714bdc1057dff3b113f516?s=96&d=mm&r=g\",\"contentUrl\":\"https:\/\/secure.gravatar.com\/avatar\/f477da817f43e50d0af36abecd33e3edf826c68299714bdc1057dff3b113f516?s=96&d=mm&r=g\",\"caption\":\"Redazione\"}}]}<\/script>\n<!-- \/ Yoast SEO plugin. -->","yoast_head_json":{"title":"Den Tisch zu Weihnachten decken: viele Ideen, auch zum Selbermachen - Holyart.de Blog","description":"Der festlich gedeckte Tisch ist ein Symbol f\u00fcr Gem\u00fctlichkeit und famili\u00e4re Vertrautheit. So decken Sie den Tisch zu Weihnachten","robots":{"index":"index","follow":"follow","max-snippet":"max-snippet:-1","max-image-preview":"max-image-preview:large","max-video-preview":"max-video-preview:-1"},"canonical":"https:\/\/blog.holyart.it\/de\/weihnachten\/den-tisch-zu-weihnachten-decken-viele-ideen-auch-zum-selbermachen\/","og_locale":"de_DE","og_type":"article","og_title":"Den Tisch zu Weihnachten decken: viele Ideen, auch zum Selbermachen - Holyart.de Blog","og_description":"Der festlich gedeckte Tisch ist ein Symbol f\u00fcr Gem\u00fctlichkeit und famili\u00e4re Vertrautheit. So decken Sie den Tisch zu Weihnachten","og_url":"https:\/\/blog.holyart.it\/de\/weihnachten\/den-tisch-zu-weihnachten-decken-viele-ideen-auch-zum-selbermachen\/","og_site_name":"Holyart.de Blog","article_published_time":"2023-12-20T09:00:29+00:00","article_modified_time":"2024-12-16T09:51:16+00:00","og_image":[{"width":1000,"height":666,"url":"https:\/\/blog.holyart.it\/de\/wp-content\/uploads\/sites\/12\/2023\/12\/Den-Tisch-zu-Weihnachten-decken.jpg","type":"image\/jpeg"}],"author":"Redazione","twitter_card":"summary_large_image","twitter_misc":{"Verfasst von":"Redazione","Gesch\u00e4tzte Lesezeit":"6\u00a0Minuten"},"schema":{"@context":"https:\/\/schema.org","@graph":[{"@type":"Article","@id":"https:\/\/blog.holyart.it\/de\/weihnachten\/den-tisch-zu-weihnachten-decken-viele-ideen-auch-zum-selbermachen\/#article","isPartOf":{"@id":"https:\/\/blog.holyart.it\/de\/weihnachten\/den-tisch-zu-weihnachten-decken-viele-ideen-auch-zum-selbermachen\/"},"author":{"name":"Redazione","@id":"https:\/\/blog.holyart.it\/de\/#\/schema\/person\/0a7b686e5af0f856ec1e390dd0baecda"},"headline":"Den Tisch zu Weihnachten decken: viele Ideen, auch zum Selbermachen","datePublished":"2023-12-20T09:00:29+00:00","dateModified":"2024-12-16T09:51:16+00:00","mainEntityOfPage":{"@id":"https:\/\/blog.holyart.it\/de\/weihnachten\/den-tisch-zu-weihnachten-decken-viele-ideen-auch-zum-selbermachen\/"},"wordCount":1002,"publisher":{"@id":"https:\/\/blog.holyart.it\/de\/#organization"},"image":{"@id":"https:\/\/blog.holyart.it\/de\/weihnachten\/den-tisch-zu-weihnachten-decken-viele-ideen-auch-zum-selbermachen\/#primaryimage"},"thumbnailUrl":"https:\/\/blog.holyart.it\/de\/wp-content\/uploads\/sites\/12\/2023\/12\/Den-Tisch-zu-Weihnachten-decken.jpg","articleSection":["Weihnachten"],"inLanguage":"de"},{"@type":"WebPage","@id":"https:\/\/blog.holyart.it\/de\/weihnachten\/den-tisch-zu-weihnachten-decken-viele-ideen-auch-zum-selbermachen\/","url":"https:\/\/blog.holyart.it\/de\/weihnachten\/den-tisch-zu-weihnachten-decken-viele-ideen-auch-zum-selbermachen\/","name":"Den Tisch zu Weihnachten decken: viele Ideen, auch zum Selbermachen - Holyart.de Blog","isPartOf":{"@id":"https:\/\/blog.holyart.it\/de\/#website"},"primaryImageOfPage":{"@id":"https:\/\/blog.holyart.it\/de\/weihnachten\/den-tisch-zu-weihnachten-decken-viele-ideen-auch-zum-selbermachen\/#primaryimage"},"image":{"@id":"https:\/\/blog.holyart.it\/de\/weihnachten\/den-tisch-zu-weihnachten-decken-viele-ideen-auch-zum-selbermachen\/#primaryimage"},"thumbnailUrl":"https:\/\/blog.holyart.it\/de\/wp-content\/uploads\/sites\/12\/2023\/12\/Den-Tisch-zu-Weihnachten-decken.jpg","datePublished":"2023-12-20T09:00:29+00:00","dateModified":"2024-12-16T09:51:16+00:00","description":"Der festlich gedeckte Tisch ist ein Symbol f\u00fcr Gem\u00fctlichkeit und famili\u00e4re Vertrautheit. So decken Sie den Tisch zu Weihnachten","breadcrumb":{"@id":"https:\/\/blog.holyart.it\/de\/weihnachten\/den-tisch-zu-weihnachten-decken-viele-ideen-auch-zum-selbermachen\/#breadcrumb"},"inLanguage":"de","potentialAction":[{"@type":"ReadAction","target":["https:\/\/blog.holyart.it\/de\/weihnachten\/den-tisch-zu-weihnachten-decken-viele-ideen-auch-zum-selbermachen\/"]}]},{"@type":"ImageObject","inLanguage":"de","@id":"https:\/\/blog.holyart.it\/de\/weihnachten\/den-tisch-zu-weihnachten-decken-viele-ideen-auch-zum-selbermachen\/#primaryimage","url":"https:\/\/blog.holyart.it\/de\/wp-content\/uploads\/sites\/12\/2023\/12\/Den-Tisch-zu-Weihnachten-decken.jpg","contentUrl":"https:\/\/blog.holyart.it\/de\/wp-content\/uploads\/sites\/12\/2023\/12\/Den-Tisch-zu-Weihnachten-decken.jpg","width":1000,"height":666,"caption":"Den Tisch zu Weihnachten decken"},{"@type":"BreadcrumbList","@id":"https:\/\/blog.holyart.it\/de\/weihnachten\/den-tisch-zu-weihnachten-decken-viele-ideen-auch-zum-selbermachen\/#breadcrumb","itemListElement":[{"@type":"ListItem","position":1,"name":"Homepage","item":"https:\/\/blog.holyart.it\/de\/"},{"@type":"ListItem","position":2,"name":"Weihnachten","item":"https:\/\/blog.holyart.it\/de\/weihnachten\/"},{"@type":"ListItem","position":3,"name":"Den Tisch zu Weihnachten decken: viele Ideen, auch zum Selbermachen"}]},{"@type":"WebSite","@id":"https:\/\/blog.holyart.it\/de\/#website","url":"https:\/\/blog.holyart.it\/de\/","name":"Holyart.de Blog","description":"Holyblog","publisher":{"@id":"https:\/\/blog.holyart.it\/de\/#organization"},"potentialAction":[{"@type":"SearchAction","target":{"@type":"EntryPoint","urlTemplate":"https:\/\/blog.holyart.it\/de\/?s={search_term_string}"},"query-input":{"@type":"PropertyValueSpecification","valueRequired":true,"valueName":"search_term_string"}}],"inLanguage":"de"},{"@type":"Organization","@id":"https:\/\/blog.holyart.it\/de\/#organization","name":"Holyart.de Blog","url":"https:\/\/blog.holyart.it\/de\/","logo":{"@type":"ImageObject","inLanguage":"de","@id":"https:\/\/blog.holyart.it\/de\/#\/schema\/logo\/image\/","url":"https:\/\/blog.holyart.it\/de\/wp-content\/uploads\/sites\/12\/2022\/12\/Holyart_Blog_Logo.jpg","contentUrl":"https:\/\/blog.holyart.it\/de\/wp-content\/uploads\/sites\/12\/2022\/12\/Holyart_Blog_Logo.jpg","width":300,"height":50,"caption":"Holyart.de Blog"},"image":{"@id":"https:\/\/blog.holyart.it\/de\/#\/schema\/logo\/image\/"}},{"@type":"Person","@id":"https:\/\/blog.holyart.it\/de\/#\/schema\/person\/0a7b686e5af0f856ec1e390dd0baecda","name":"Redazione","image":{"@type":"ImageObject","inLanguage":"de","@id":"https:\/\/blog.holyart.it\/de\/#\/schema\/person\/image\/","url":"https:\/\/secure.gravatar.com\/avatar\/f477da817f43e50d0af36abecd33e3edf826c68299714bdc1057dff3b113f516?s=96&d=mm&r=g","contentUrl":"https:\/\/secure.gravatar.com\/avatar\/f477da817f43e50d0af36abecd33e3edf826c68299714bdc1057dff3b113f516?s=96&d=mm&r=g","caption":"Redazione"}}]}},"_links":{"self":[{"href":"https:\/\/blog.holyart.it\/de\/wp-json\/wp\/v2\/posts\/3302","targetHints":{"allow":["GET"]}}],"collection":[{"href":"https:\/\/blog.holyart.it\/de\/wp-json\/wp\/v2\/posts"}],"about":[{"href":"https:\/\/blog.holyart.it\/de\/wp-json\/wp\/v2\/types\/post"}],"author":[{"embeddable":true,"href":"https:\/\/blog.holyart.it\/de\/wp-json\/wp\/v2\/users\/1"}],"replies":[{"embeddable":true,"href":"https:\/\/blog.holyart.it\/de\/wp-json\/wp\/v2\/comments?post=3302"}],"version-history":[{"count":8,"href":"https:\/\/blog.holyart.it\/de\/wp-json\/wp\/v2\/posts\/3302\/revisions"}],"predecessor-version":[{"id":3338,"href":"https:\/\/blog.holyart.it\/de\/wp-json\/wp\/v2\/posts\/3302\/revisions\/3338"}],"wp:featuredmedia":[{"embeddable":true,"href":"https:\/\/blog.holyart.it\/de\/wp-json\/wp\/v2\/media\/3305"}],"wp:attachment":[{"href":"https:\/\/blog.holyart.it\/de\/wp-json\/wp\/v2\/media?parent=3302"}],"wp:term":[{"taxonomy":"category","embeddable":true,"href":"https:\/\/blog.holyart.it\/de\/wp-json\/wp\/v2\/categories?post=3302"},{"taxonomy":"post_tag","embeddable":true,"href":"https:\/\/blog.holyart.it\/de\/wp-json\/wp\/v2\/tags?post=3302"}],"curies":[{"name":"wp","href":"https:\/\/api.w.org\/{rel}","templated":true}]}}