{"id":325,"date":"2017-03-31T16:48:42","date_gmt":"2017-03-31T14:48:42","guid":{"rendered":"https:\/\/blog.holyart.it\/de\/?p=325"},"modified":"2021-06-21T12:44:11","modified_gmt":"2021-06-21T10:44:11","slug":"gedenken-die-schmerzliche-reise-christi-durch-das-kreuz","status":"publish","type":"post","link":"https:\/\/blog.holyart.it\/de\/liturgische-gerate\/gedenken-die-schmerzliche-reise-christi-durch-das-kreuz\/","title":{"rendered":"Gedenken an die schmerzliche Reise Christi durch das Kreuz"},"content":{"rendered":"<p>Die Via Crucis oder der Kreuzweg, verfolgt die Passion Christi und seinen Weg zum Berg Golgatha, um gekreuzigt zu werden. Dieses Ritual wurde von den Pilgern gefeiert, die Jerusalem seit der Antike besuchten: Sie deckten den Weg vom Pilato Palast zum Berg und zum Heiligen Grab ab. Aber es war durch Franz von Assisi, dass der Weg des Kreuzes seine Wichtigkeit und seine moderne Bedeutung bekam. Tats\u00e4chlich konnte sich nicht jeder eine Reise nach Jerusalem leisten, und die <strong>Darstellung der Stationen des Kreuzes<\/strong> wurde ein Weg, um die Orte der Passion jedem Gl\u00e4ubigen zug\u00e4nglich zu machen.<\/p>\n<p>In der ersten H\u00e4lfte des siebzehnten Jahrhunderts treten die ersten Via Crucis in den Kirchen auf und haben sofort einen emotionalen und hingebungsvollen Einfluss auf die Gl\u00e4ubigen.<\/p>\n<p>Die <span style=\"color: #0000ff;\"><a style=\"color: #0000ff;\" href=\"https:\/\/www.holyart.de\/liturgische-gerate\/kirchenausstattung\/kreuzweg\"><strong>14 Gem<\/strong><strong>\u00e4<\/strong><strong>lde der Via Crucis<\/strong><\/a><\/span> sind entlang der Innenmauern der Kirche angeordnet, um eine pr\u00e4zise symmetrische Ordnung zu respektieren.<\/p>\n<p>Die Stationen des Kreuzes sind wie folgt, aber alternative Schemata sind jedoch erlaubt:<\/p>\n<ol>\n<li>Jesus wird zum Tode verurteilt<\/li>\n<li>Jesus nimmt das Kreuz auf<\/li>\n<li>Jesus f\u00e4llt zum ersten Mal<\/li>\n<li>Jesus trifft seine Mutter<\/li>\n<li>Simone di Cirene hilft Jesus, das Kreuz zu tragen<\/li>\n<li>Die Heilige Veronika wischt Jesu Gesicht ab<\/li>\n<li>Jesus f\u00e4llt zum zweiten Mal<\/li>\n<li>Jesus tr\u00f6stet die Frauen von Jerusalem<\/li>\n<li>Jesus f\u00e4llt zum dritten Mal<\/li>\n<li>Jesus ist von seinen Entkleidet<\/li>\n<li>Jesus ist ans Kreuz genagelt<\/li>\n<li>Jesus stirbt am Kreuz<\/li>\n<li>Jesus wird vom Kreuz abgenommen<\/li>\n<\/ol>\n<p>Die Via Crucis ist ein Grundmoment f\u00fcr die Gl\u00e4ubigen, f\u00fcr ihre Erfahrung von Gebet und Bu\u00dfe. Es schafft eine tiefe Vereinigung mit Christus im Augenblick seines h\u00f6chsten Leidens und seines h\u00f6chsten und kostbarsten Opfers.<\/p>\n<p>Normalerweise findet es am Karfreitag statt und wird von Liedern und gemeinsamen Feiern begleitet. Seit der Antike wurde es auch als Gro\u00dfauff\u00fchrung in Italien und im Ausland eingesetzt. In diesem Fall wird es zu einer echten B\u00fchnenproduktion, wo die Hingabe dem Schauspiel beitritt und Momente von gro\u00dfer Sch\u00f6nheit und Kommunion schafft.<\/p>\n","protected":false},"excerpt":{"rendered":"<p>Die Via Crucis oder der Kreuzweg, verfolgt die Passion Christi und seinen Weg zum Berg Golgatha, um gekreuzigt zu werden. Dieses Ritual wurde von den Pilgern gefeiert, die Jerusalem seit der Antike besuchten: Sie deckten den Weg vom Pilato Palast zum Berg und zum Heiligen&hellip;<\/p>\n","protected":false},"author":1,"featured_media":326,"comment_status":"closed","ping_status":"open","sticky":false,"template":"","format":"standard","meta":{"_acf_changed":false,"footnotes":""},"categories":[5],"tags":[],"class_list":["post-325","post","type-post","status-publish","format-standard","has-post-thumbnail","hentry","category-liturgische-gerate"],"acf":[],"yoast_head":"<!-- This site is optimized with the Yoast SEO plugin v26.6 - https:\/\/yoast.com\/wordpress\/plugins\/seo\/ -->\n<title>Gedenken an die schmerzliche Reise Christi durch das Kreuz<\/title>\n<meta name=\"description\" content=\"Die Via Crucis oder der Kreuzweg, verfolgt die Passion Christi und seinen Weg zum Berg Golgatha, um gekreuzigt zu werden. Dieses Ritual wurde von den Pilger\" \/>\n<meta name=\"robots\" content=\"index, follow, max-snippet:-1, max-image-preview:large, max-video-preview:-1\" \/>\n<link rel=\"canonical\" href=\"https:\/\/blog.holyart.it\/de\/liturgische-gerate\/gedenken-die-schmerzliche-reise-christi-durch-das-kreuz\/\" \/>\n<meta property=\"og:locale\" content=\"de_DE\" \/>\n<meta property=\"og:type\" content=\"article\" \/>\n<meta property=\"og:title\" content=\"Gedenken an die schmerzliche Reise Christi durch das Kreuz\" \/>\n<meta property=\"og:description\" content=\"Die Via Crucis oder der Kreuzweg, verfolgt die Passion Christi und seinen Weg zum Berg Golgatha, um gekreuzigt zu werden. Dieses Ritual wurde von den Pilger\" \/>\n<meta property=\"og:url\" content=\"https:\/\/blog.holyart.it\/de\/liturgische-gerate\/gedenken-die-schmerzliche-reise-christi-durch-das-kreuz\/\" \/>\n<meta property=\"og:site_name\" content=\"Holyart.de Blog\" \/>\n<meta property=\"article:published_time\" content=\"2017-03-31T14:48:42+00:00\" \/>\n<meta property=\"article:modified_time\" content=\"2021-06-21T10:44:11+00:00\" \/>\n<meta property=\"og:image\" content=\"https:\/\/blog.holyart.it\/de\/wp-content\/uploads\/sites\/12\/2017\/03\/Via-Crucis.jpg\" \/>\n\t<meta property=\"og:image:width\" content=\"1000\" \/>\n\t<meta property=\"og:image:height\" content=\"667\" \/>\n\t<meta property=\"og:image:type\" content=\"image\/jpeg\" \/>\n<meta name=\"author\" content=\"Redazione\" \/>\n<meta name=\"twitter:card\" content=\"summary_large_image\" \/>\n<meta name=\"twitter:label1\" content=\"Verfasst von\" \/>\n\t<meta name=\"twitter:data1\" content=\"Redazione\" \/>\n\t<meta name=\"twitter:label2\" content=\"Gesch\u00e4tzte Lesezeit\" \/>\n\t<meta name=\"twitter:data2\" content=\"2\u00a0Minuten\" \/>\n<script type=\"application\/ld+json\" class=\"yoast-schema-graph\">{\"@context\":\"https:\/\/schema.org\",\"@graph\":[{\"@type\":\"Article\",\"@id\":\"https:\/\/blog.holyart.it\/de\/liturgische-gerate\/gedenken-die-schmerzliche-reise-christi-durch-das-kreuz\/#article\",\"isPartOf\":{\"@id\":\"https:\/\/blog.holyart.it\/de\/liturgische-gerate\/gedenken-die-schmerzliche-reise-christi-durch-das-kreuz\/\"},\"author\":{\"name\":\"Redazione\",\"@id\":\"https:\/\/blog.holyart.it\/de\/#\/schema\/person\/0a7b686e5af0f856ec1e390dd0baecda\"},\"headline\":\"Gedenken an die schmerzliche Reise Christi durch das Kreuz\",\"datePublished\":\"2017-03-31T14:48:42+00:00\",\"dateModified\":\"2021-06-21T10:44:11+00:00\",\"mainEntityOfPage\":{\"@id\":\"https:\/\/blog.holyart.it\/de\/liturgische-gerate\/gedenken-die-schmerzliche-reise-christi-durch-das-kreuz\/\"},\"wordCount\":341,\"publisher\":{\"@id\":\"https:\/\/blog.holyart.it\/de\/#organization\"},\"image\":{\"@id\":\"https:\/\/blog.holyart.it\/de\/liturgische-gerate\/gedenken-die-schmerzliche-reise-christi-durch-das-kreuz\/#primaryimage\"},\"thumbnailUrl\":\"https:\/\/blog.holyart.it\/de\/wp-content\/uploads\/sites\/12\/2017\/03\/Via-Crucis.jpg\",\"articleSection\":[\"Liturgie\"],\"inLanguage\":\"de\"},{\"@type\":\"WebPage\",\"@id\":\"https:\/\/blog.holyart.it\/de\/liturgische-gerate\/gedenken-die-schmerzliche-reise-christi-durch-das-kreuz\/\",\"url\":\"https:\/\/blog.holyart.it\/de\/liturgische-gerate\/gedenken-die-schmerzliche-reise-christi-durch-das-kreuz\/\",\"name\":\"Gedenken an die schmerzliche Reise Christi durch das Kreuz\",\"isPartOf\":{\"@id\":\"https:\/\/blog.holyart.it\/de\/#website\"},\"primaryImageOfPage\":{\"@id\":\"https:\/\/blog.holyart.it\/de\/liturgische-gerate\/gedenken-die-schmerzliche-reise-christi-durch-das-kreuz\/#primaryimage\"},\"image\":{\"@id\":\"https:\/\/blog.holyart.it\/de\/liturgische-gerate\/gedenken-die-schmerzliche-reise-christi-durch-das-kreuz\/#primaryimage\"},\"thumbnailUrl\":\"https:\/\/blog.holyart.it\/de\/wp-content\/uploads\/sites\/12\/2017\/03\/Via-Crucis.jpg\",\"datePublished\":\"2017-03-31T14:48:42+00:00\",\"dateModified\":\"2021-06-21T10:44:11+00:00\",\"description\":\"Die Via Crucis oder der Kreuzweg, verfolgt die Passion Christi und seinen Weg zum Berg Golgatha, um gekreuzigt zu werden. Dieses Ritual wurde von den Pilger\",\"breadcrumb\":{\"@id\":\"https:\/\/blog.holyart.it\/de\/liturgische-gerate\/gedenken-die-schmerzliche-reise-christi-durch-das-kreuz\/#breadcrumb\"},\"inLanguage\":\"de\",\"potentialAction\":[{\"@type\":\"ReadAction\",\"target\":[\"https:\/\/blog.holyart.it\/de\/liturgische-gerate\/gedenken-die-schmerzliche-reise-christi-durch-das-kreuz\/\"]}]},{\"@type\":\"ImageObject\",\"inLanguage\":\"de\",\"@id\":\"https:\/\/blog.holyart.it\/de\/liturgische-gerate\/gedenken-die-schmerzliche-reise-christi-durch-das-kreuz\/#primaryimage\",\"url\":\"https:\/\/blog.holyart.it\/de\/wp-content\/uploads\/sites\/12\/2017\/03\/Via-Crucis.jpg\",\"contentUrl\":\"https:\/\/blog.holyart.it\/de\/wp-content\/uploads\/sites\/12\/2017\/03\/Via-Crucis.jpg\",\"width\":1000,\"height\":667,\"caption\":\"Via Crucis\"},{\"@type\":\"BreadcrumbList\",\"@id\":\"https:\/\/blog.holyart.it\/de\/liturgische-gerate\/gedenken-die-schmerzliche-reise-christi-durch-das-kreuz\/#breadcrumb\",\"itemListElement\":[{\"@type\":\"ListItem\",\"position\":1,\"name\":\"Homepage\",\"item\":\"https:\/\/blog.holyart.it\/de\/\"},{\"@type\":\"ListItem\",\"position\":2,\"name\":\"Liturgie\",\"item\":\"https:\/\/blog.holyart.it\/de\/liturgische-gerate\/\"},{\"@type\":\"ListItem\",\"position\":3,\"name\":\"Gedenken an die schmerzliche Reise Christi durch das Kreuz\"}]},{\"@type\":\"WebSite\",\"@id\":\"https:\/\/blog.holyart.it\/de\/#website\",\"url\":\"https:\/\/blog.holyart.it\/de\/\",\"name\":\"Holyart.de Blog\",\"description\":\"Holyblog\",\"publisher\":{\"@id\":\"https:\/\/blog.holyart.it\/de\/#organization\"},\"potentialAction\":[{\"@type\":\"SearchAction\",\"target\":{\"@type\":\"EntryPoint\",\"urlTemplate\":\"https:\/\/blog.holyart.it\/de\/?s={search_term_string}\"},\"query-input\":{\"@type\":\"PropertyValueSpecification\",\"valueRequired\":true,\"valueName\":\"search_term_string\"}}],\"inLanguage\":\"de\"},{\"@type\":\"Organization\",\"@id\":\"https:\/\/blog.holyart.it\/de\/#organization\",\"name\":\"Holyart.de Blog\",\"url\":\"https:\/\/blog.holyart.it\/de\/\",\"logo\":{\"@type\":\"ImageObject\",\"inLanguage\":\"de\",\"@id\":\"https:\/\/blog.holyart.it\/de\/#\/schema\/logo\/image\/\",\"url\":\"https:\/\/blog.holyart.it\/de\/wp-content\/uploads\/sites\/12\/2022\/12\/Holyart_Blog_Logo.jpg\",\"contentUrl\":\"https:\/\/blog.holyart.it\/de\/wp-content\/uploads\/sites\/12\/2022\/12\/Holyart_Blog_Logo.jpg\",\"width\":300,\"height\":50,\"caption\":\"Holyart.de Blog\"},\"image\":{\"@id\":\"https:\/\/blog.holyart.it\/de\/#\/schema\/logo\/image\/\"}},{\"@type\":\"Person\",\"@id\":\"https:\/\/blog.holyart.it\/de\/#\/schema\/person\/0a7b686e5af0f856ec1e390dd0baecda\",\"name\":\"Redazione\",\"image\":{\"@type\":\"ImageObject\",\"inLanguage\":\"de\",\"@id\":\"https:\/\/blog.holyart.it\/de\/#\/schema\/person\/image\/\",\"url\":\"https:\/\/secure.gravatar.com\/avatar\/f477da817f43e50d0af36abecd33e3edf826c68299714bdc1057dff3b113f516?s=96&d=mm&r=g\",\"contentUrl\":\"https:\/\/secure.gravatar.com\/avatar\/f477da817f43e50d0af36abecd33e3edf826c68299714bdc1057dff3b113f516?s=96&d=mm&r=g\",\"caption\":\"Redazione\"}}]}<\/script>\n<!-- \/ Yoast SEO plugin. -->","yoast_head_json":{"title":"Gedenken an die schmerzliche Reise Christi durch das Kreuz","description":"Die Via Crucis oder der Kreuzweg, verfolgt die Passion Christi und seinen Weg zum Berg Golgatha, um gekreuzigt zu werden. Dieses Ritual wurde von den Pilger","robots":{"index":"index","follow":"follow","max-snippet":"max-snippet:-1","max-image-preview":"max-image-preview:large","max-video-preview":"max-video-preview:-1"},"canonical":"https:\/\/blog.holyart.it\/de\/liturgische-gerate\/gedenken-die-schmerzliche-reise-christi-durch-das-kreuz\/","og_locale":"de_DE","og_type":"article","og_title":"Gedenken an die schmerzliche Reise Christi durch das Kreuz","og_description":"Die Via Crucis oder der Kreuzweg, verfolgt die Passion Christi und seinen Weg zum Berg Golgatha, um gekreuzigt zu werden. Dieses Ritual wurde von den Pilger","og_url":"https:\/\/blog.holyart.it\/de\/liturgische-gerate\/gedenken-die-schmerzliche-reise-christi-durch-das-kreuz\/","og_site_name":"Holyart.de Blog","article_published_time":"2017-03-31T14:48:42+00:00","article_modified_time":"2021-06-21T10:44:11+00:00","og_image":[{"width":1000,"height":667,"url":"https:\/\/blog.holyart.it\/de\/wp-content\/uploads\/sites\/12\/2017\/03\/Via-Crucis.jpg","type":"image\/jpeg"}],"author":"Redazione","twitter_card":"summary_large_image","twitter_misc":{"Verfasst von":"Redazione","Gesch\u00e4tzte Lesezeit":"2\u00a0Minuten"},"schema":{"@context":"https:\/\/schema.org","@graph":[{"@type":"Article","@id":"https:\/\/blog.holyart.it\/de\/liturgische-gerate\/gedenken-die-schmerzliche-reise-christi-durch-das-kreuz\/#article","isPartOf":{"@id":"https:\/\/blog.holyart.it\/de\/liturgische-gerate\/gedenken-die-schmerzliche-reise-christi-durch-das-kreuz\/"},"author":{"name":"Redazione","@id":"https:\/\/blog.holyart.it\/de\/#\/schema\/person\/0a7b686e5af0f856ec1e390dd0baecda"},"headline":"Gedenken an die schmerzliche Reise Christi durch das Kreuz","datePublished":"2017-03-31T14:48:42+00:00","dateModified":"2021-06-21T10:44:11+00:00","mainEntityOfPage":{"@id":"https:\/\/blog.holyart.it\/de\/liturgische-gerate\/gedenken-die-schmerzliche-reise-christi-durch-das-kreuz\/"},"wordCount":341,"publisher":{"@id":"https:\/\/blog.holyart.it\/de\/#organization"},"image":{"@id":"https:\/\/blog.holyart.it\/de\/liturgische-gerate\/gedenken-die-schmerzliche-reise-christi-durch-das-kreuz\/#primaryimage"},"thumbnailUrl":"https:\/\/blog.holyart.it\/de\/wp-content\/uploads\/sites\/12\/2017\/03\/Via-Crucis.jpg","articleSection":["Liturgie"],"inLanguage":"de"},{"@type":"WebPage","@id":"https:\/\/blog.holyart.it\/de\/liturgische-gerate\/gedenken-die-schmerzliche-reise-christi-durch-das-kreuz\/","url":"https:\/\/blog.holyart.it\/de\/liturgische-gerate\/gedenken-die-schmerzliche-reise-christi-durch-das-kreuz\/","name":"Gedenken an die schmerzliche Reise Christi durch das Kreuz","isPartOf":{"@id":"https:\/\/blog.holyart.it\/de\/#website"},"primaryImageOfPage":{"@id":"https:\/\/blog.holyart.it\/de\/liturgische-gerate\/gedenken-die-schmerzliche-reise-christi-durch-das-kreuz\/#primaryimage"},"image":{"@id":"https:\/\/blog.holyart.it\/de\/liturgische-gerate\/gedenken-die-schmerzliche-reise-christi-durch-das-kreuz\/#primaryimage"},"thumbnailUrl":"https:\/\/blog.holyart.it\/de\/wp-content\/uploads\/sites\/12\/2017\/03\/Via-Crucis.jpg","datePublished":"2017-03-31T14:48:42+00:00","dateModified":"2021-06-21T10:44:11+00:00","description":"Die Via Crucis oder der Kreuzweg, verfolgt die Passion Christi und seinen Weg zum Berg Golgatha, um gekreuzigt zu werden. Dieses Ritual wurde von den Pilger","breadcrumb":{"@id":"https:\/\/blog.holyart.it\/de\/liturgische-gerate\/gedenken-die-schmerzliche-reise-christi-durch-das-kreuz\/#breadcrumb"},"inLanguage":"de","potentialAction":[{"@type":"ReadAction","target":["https:\/\/blog.holyart.it\/de\/liturgische-gerate\/gedenken-die-schmerzliche-reise-christi-durch-das-kreuz\/"]}]},{"@type":"ImageObject","inLanguage":"de","@id":"https:\/\/blog.holyart.it\/de\/liturgische-gerate\/gedenken-die-schmerzliche-reise-christi-durch-das-kreuz\/#primaryimage","url":"https:\/\/blog.holyart.it\/de\/wp-content\/uploads\/sites\/12\/2017\/03\/Via-Crucis.jpg","contentUrl":"https:\/\/blog.holyart.it\/de\/wp-content\/uploads\/sites\/12\/2017\/03\/Via-Crucis.jpg","width":1000,"height":667,"caption":"Via Crucis"},{"@type":"BreadcrumbList","@id":"https:\/\/blog.holyart.it\/de\/liturgische-gerate\/gedenken-die-schmerzliche-reise-christi-durch-das-kreuz\/#breadcrumb","itemListElement":[{"@type":"ListItem","position":1,"name":"Homepage","item":"https:\/\/blog.holyart.it\/de\/"},{"@type":"ListItem","position":2,"name":"Liturgie","item":"https:\/\/blog.holyart.it\/de\/liturgische-gerate\/"},{"@type":"ListItem","position":3,"name":"Gedenken an die schmerzliche Reise Christi durch das Kreuz"}]},{"@type":"WebSite","@id":"https:\/\/blog.holyart.it\/de\/#website","url":"https:\/\/blog.holyart.it\/de\/","name":"Holyart.de Blog","description":"Holyblog","publisher":{"@id":"https:\/\/blog.holyart.it\/de\/#organization"},"potentialAction":[{"@type":"SearchAction","target":{"@type":"EntryPoint","urlTemplate":"https:\/\/blog.holyart.it\/de\/?s={search_term_string}"},"query-input":{"@type":"PropertyValueSpecification","valueRequired":true,"valueName":"search_term_string"}}],"inLanguage":"de"},{"@type":"Organization","@id":"https:\/\/blog.holyart.it\/de\/#organization","name":"Holyart.de Blog","url":"https:\/\/blog.holyart.it\/de\/","logo":{"@type":"ImageObject","inLanguage":"de","@id":"https:\/\/blog.holyart.it\/de\/#\/schema\/logo\/image\/","url":"https:\/\/blog.holyart.it\/de\/wp-content\/uploads\/sites\/12\/2022\/12\/Holyart_Blog_Logo.jpg","contentUrl":"https:\/\/blog.holyart.it\/de\/wp-content\/uploads\/sites\/12\/2022\/12\/Holyart_Blog_Logo.jpg","width":300,"height":50,"caption":"Holyart.de Blog"},"image":{"@id":"https:\/\/blog.holyart.it\/de\/#\/schema\/logo\/image\/"}},{"@type":"Person","@id":"https:\/\/blog.holyart.it\/de\/#\/schema\/person\/0a7b686e5af0f856ec1e390dd0baecda","name":"Redazione","image":{"@type":"ImageObject","inLanguage":"de","@id":"https:\/\/blog.holyart.it\/de\/#\/schema\/person\/image\/","url":"https:\/\/secure.gravatar.com\/avatar\/f477da817f43e50d0af36abecd33e3edf826c68299714bdc1057dff3b113f516?s=96&d=mm&r=g","contentUrl":"https:\/\/secure.gravatar.com\/avatar\/f477da817f43e50d0af36abecd33e3edf826c68299714bdc1057dff3b113f516?s=96&d=mm&r=g","caption":"Redazione"}}]}},"_links":{"self":[{"href":"https:\/\/blog.holyart.it\/de\/wp-json\/wp\/v2\/posts\/325","targetHints":{"allow":["GET"]}}],"collection":[{"href":"https:\/\/blog.holyart.it\/de\/wp-json\/wp\/v2\/posts"}],"about":[{"href":"https:\/\/blog.holyart.it\/de\/wp-json\/wp\/v2\/types\/post"}],"author":[{"embeddable":true,"href":"https:\/\/blog.holyart.it\/de\/wp-json\/wp\/v2\/users\/1"}],"replies":[{"embeddable":true,"href":"https:\/\/blog.holyart.it\/de\/wp-json\/wp\/v2\/comments?post=325"}],"version-history":[{"count":0,"href":"https:\/\/blog.holyart.it\/de\/wp-json\/wp\/v2\/posts\/325\/revisions"}],"wp:featuredmedia":[{"embeddable":true,"href":"https:\/\/blog.holyart.it\/de\/wp-json\/wp\/v2\/media\/326"}],"wp:attachment":[{"href":"https:\/\/blog.holyart.it\/de\/wp-json\/wp\/v2\/media?parent=325"}],"wp:term":[{"taxonomy":"category","embeddable":true,"href":"https:\/\/blog.holyart.it\/de\/wp-json\/wp\/v2\/categories?post=325"},{"taxonomy":"post_tag","embeddable":true,"href":"https:\/\/blog.holyart.it\/de\/wp-json\/wp\/v2\/tags?post=325"}],"curies":[{"name":"wp","href":"https:\/\/api.w.org\/{rel}","templated":true}]}}