{"id":322,"date":"2018-01-17T16:45:11","date_gmt":"2018-01-17T15:45:11","guid":{"rendered":"https:\/\/blog.holyart.it\/de\/?p=322"},"modified":"2018-02-09T12:35:30","modified_gmt":"2018-02-09T11:35:30","slug":"weihrauch-benutzung-liturgien","status":"publish","type":"post","link":"https:\/\/blog.holyart.it\/de\/liturgische-gerate\/weihrauch-benutzung-liturgien\/","title":{"rendered":"Weihrauch Benutzung in Liturgien"},"content":{"rendered":"<p>Der Geruch von <span style=\"color: #0000ff;\"><strong><a style=\"color: #0000ff;\" href=\"https:\/\/www.holyart.de\/verbrauchsprodukte\/weihrauch\">Weihrauch<\/a><\/strong><\/span> wurde schon immer mit Spiritualit\u00e4t und Ritualen verbunden und das nicht nur in christlicher, sondern in allen Religionen. Weihrauch zu verbrennen ist ein Akt der Hingabe, ein Opfer an Gott und K\u00f6nige, die Gottes Vertreter auf Erden waren. Es ist auch ein heidnischer Brauch obwohl er auch in der Bibel erw\u00e4hnt wird. Es war der weit verbreitete gebrauch von <strong>Weihrauch<\/strong> bei dem Anbeten von Heidnischen den ihn in Verruf bei Christen geraten lies. Erst nach Konstantins Edikt wurde Weihrauch wieder als <strong>Zeichen des Glaubens<\/strong> verbrannt.<\/p>\n<p>Bis zur liturgischen Reform durch den Vatikanischen Rat und Papst Paulus VI war Weihrauch seltener bei Feiern vertreten. <strong>Weihrauch <\/strong>wurde nur in Gesangsmessen und den Hohen Messen verwendet. Nach der Reformation wurde der gebrauch von Weihrauch freigegeben aber er verschwand gleichzeitig von Kirchen. Dies gescha wegen einer inkorrekten \u00dcbersetzung eines neuen Prinzips, dass besagte, dass der Gebrauch nach Belieben geschehen sollte. Diese Aussage wurde negative aufgenommen und daher wurde der Gebrauch optional oder wurde sogar vermieden.<\/p>\n<p>Die Verwendung von Weihrauch und R\u00e4ucherst\u00e4bchen waren daher auf Beerdigungen beschr\u00e4nkt, durch die ein falsches, negatives Gef\u00fchl mit ihnen verbunden wurden. Ein wahres Mitleid, weil nur wenige Dinge die Heiligenhaftigkeit ausdr\u00fccken, wie blaue Rauchwolken, wie eine intime und heilige Sehnsucht, ein unausl\u00f6schlicher und unerbittlicher Wunsch, mit Gott wieder vereint zu werden. Die Verwendung von Weihrauch in unseren H\u00e4usern beinhaltet auch den Geruchssinn in einer sinnlichen Erfahrung, die direkt zu dem Geist spricht, ihn erhebt, ihn reinigt und ihn von allem, was t\u00e4glich ist, befreit.<\/p>\n","protected":false},"excerpt":{"rendered":"<p>Der Geruch von Weihrauch wurde schon immer mit Spiritualit\u00e4t und Ritualen verbunden und das nicht nur in christlicher, sondern in allen Religionen. Weihrauch zu verbrennen ist ein Akt der Hingabe, ein Opfer an Gott und K\u00f6nige, die Gottes Vertreter auf Erden waren. Es ist auch&hellip;<\/p>\n","protected":false},"author":1,"featured_media":323,"comment_status":"closed","ping_status":"open","sticky":false,"template":"","format":"standard","meta":{"_acf_changed":false,"footnotes":""},"categories":[5],"tags":[],"class_list":["post-322","post","type-post","status-publish","format-standard","has-post-thumbnail","hentry","category-liturgische-gerate"],"acf":[],"yoast_head":"<!-- This site is optimized with the Yoast SEO plugin v26.6 - https:\/\/yoast.com\/wordpress\/plugins\/seo\/ -->\n<title>Weihrauch Benutzung in Liturgien - Holyart.de Blog<\/title>\n<meta name=\"description\" content=\"Der Geruch von Weihrauch wurde schon immer mit Spiritualit\u00e4t und Ritualen verbunden und das nicht nur in christlicher, sondern in allen Religionen.\" \/>\n<meta name=\"robots\" content=\"index, follow, max-snippet:-1, max-image-preview:large, max-video-preview:-1\" \/>\n<link rel=\"canonical\" href=\"https:\/\/blog.holyart.it\/de\/liturgische-gerate\/weihrauch-benutzung-liturgien\/\" \/>\n<meta property=\"og:locale\" content=\"de_DE\" \/>\n<meta property=\"og:type\" content=\"article\" \/>\n<meta property=\"og:title\" content=\"Weihrauch Benutzung in Liturgien - Holyart.de Blog\" \/>\n<meta property=\"og:description\" content=\"Der Geruch von Weihrauch wurde schon immer mit Spiritualit\u00e4t und Ritualen verbunden und das nicht nur in christlicher, sondern in allen Religionen.\" \/>\n<meta property=\"og:url\" content=\"https:\/\/blog.holyart.it\/de\/liturgische-gerate\/weihrauch-benutzung-liturgien\/\" \/>\n<meta property=\"og:site_name\" content=\"Holyart.de Blog\" \/>\n<meta property=\"article:published_time\" content=\"2018-01-17T15:45:11+00:00\" \/>\n<meta property=\"article:modified_time\" content=\"2018-02-09T11:35:30+00:00\" \/>\n<meta property=\"og:image\" content=\"https:\/\/blog.holyart.it\/de\/wp-content\/uploads\/sites\/12\/2017\/03\/Weihrauch-Benutzung-in-Liturgien.jpg\" \/>\n\t<meta property=\"og:image:width\" content=\"1000\" \/>\n\t<meta property=\"og:image:height\" content=\"667\" \/>\n\t<meta property=\"og:image:type\" content=\"image\/jpeg\" \/>\n<meta name=\"author\" content=\"Redazione\" \/>\n<meta name=\"twitter:card\" content=\"summary_large_image\" \/>\n<meta name=\"twitter:label1\" content=\"Verfasst von\" \/>\n\t<meta name=\"twitter:data1\" content=\"Redazione\" \/>\n\t<meta name=\"twitter:label2\" content=\"Gesch\u00e4tzte Lesezeit\" \/>\n\t<meta name=\"twitter:data2\" content=\"1\u00a0Minute\" \/>\n<script type=\"application\/ld+json\" class=\"yoast-schema-graph\">{\"@context\":\"https:\/\/schema.org\",\"@graph\":[{\"@type\":\"Article\",\"@id\":\"https:\/\/blog.holyart.it\/de\/liturgische-gerate\/weihrauch-benutzung-liturgien\/#article\",\"isPartOf\":{\"@id\":\"https:\/\/blog.holyart.it\/de\/liturgische-gerate\/weihrauch-benutzung-liturgien\/\"},\"author\":{\"name\":\"Redazione\",\"@id\":\"https:\/\/blog.holyart.it\/de\/#\/schema\/person\/0a7b686e5af0f856ec1e390dd0baecda\"},\"headline\":\"Weihrauch Benutzung in Liturgien\",\"datePublished\":\"2018-01-17T15:45:11+00:00\",\"dateModified\":\"2018-02-09T11:35:30+00:00\",\"mainEntityOfPage\":{\"@id\":\"https:\/\/blog.holyart.it\/de\/liturgische-gerate\/weihrauch-benutzung-liturgien\/\"},\"wordCount\":264,\"publisher\":{\"@id\":\"https:\/\/blog.holyart.it\/de\/#organization\"},\"image\":{\"@id\":\"https:\/\/blog.holyart.it\/de\/liturgische-gerate\/weihrauch-benutzung-liturgien\/#primaryimage\"},\"thumbnailUrl\":\"https:\/\/blog.holyart.it\/de\/wp-content\/uploads\/sites\/12\/2017\/03\/Weihrauch-Benutzung-in-Liturgien.jpg\",\"articleSection\":[\"Liturgie\"],\"inLanguage\":\"de\"},{\"@type\":\"WebPage\",\"@id\":\"https:\/\/blog.holyart.it\/de\/liturgische-gerate\/weihrauch-benutzung-liturgien\/\",\"url\":\"https:\/\/blog.holyart.it\/de\/liturgische-gerate\/weihrauch-benutzung-liturgien\/\",\"name\":\"Weihrauch Benutzung in Liturgien - Holyart.de Blog\",\"isPartOf\":{\"@id\":\"https:\/\/blog.holyart.it\/de\/#website\"},\"primaryImageOfPage\":{\"@id\":\"https:\/\/blog.holyart.it\/de\/liturgische-gerate\/weihrauch-benutzung-liturgien\/#primaryimage\"},\"image\":{\"@id\":\"https:\/\/blog.holyart.it\/de\/liturgische-gerate\/weihrauch-benutzung-liturgien\/#primaryimage\"},\"thumbnailUrl\":\"https:\/\/blog.holyart.it\/de\/wp-content\/uploads\/sites\/12\/2017\/03\/Weihrauch-Benutzung-in-Liturgien.jpg\",\"datePublished\":\"2018-01-17T15:45:11+00:00\",\"dateModified\":\"2018-02-09T11:35:30+00:00\",\"description\":\"Der Geruch von Weihrauch wurde schon immer mit Spiritualit\u00e4t und Ritualen verbunden und das nicht nur in christlicher, sondern in allen Religionen.\",\"breadcrumb\":{\"@id\":\"https:\/\/blog.holyart.it\/de\/liturgische-gerate\/weihrauch-benutzung-liturgien\/#breadcrumb\"},\"inLanguage\":\"de\",\"potentialAction\":[{\"@type\":\"ReadAction\",\"target\":[\"https:\/\/blog.holyart.it\/de\/liturgische-gerate\/weihrauch-benutzung-liturgien\/\"]}]},{\"@type\":\"ImageObject\",\"inLanguage\":\"de\",\"@id\":\"https:\/\/blog.holyart.it\/de\/liturgische-gerate\/weihrauch-benutzung-liturgien\/#primaryimage\",\"url\":\"https:\/\/blog.holyart.it\/de\/wp-content\/uploads\/sites\/12\/2017\/03\/Weihrauch-Benutzung-in-Liturgien.jpg\",\"contentUrl\":\"https:\/\/blog.holyart.it\/de\/wp-content\/uploads\/sites\/12\/2017\/03\/Weihrauch-Benutzung-in-Liturgien.jpg\",\"width\":1000,\"height\":667,\"caption\":\"Weihrauch Benutzung in Liturgien\"},{\"@type\":\"BreadcrumbList\",\"@id\":\"https:\/\/blog.holyart.it\/de\/liturgische-gerate\/weihrauch-benutzung-liturgien\/#breadcrumb\",\"itemListElement\":[{\"@type\":\"ListItem\",\"position\":1,\"name\":\"Homepage\",\"item\":\"https:\/\/blog.holyart.it\/de\/\"},{\"@type\":\"ListItem\",\"position\":2,\"name\":\"Liturgie\",\"item\":\"https:\/\/blog.holyart.it\/de\/liturgische-gerate\/\"},{\"@type\":\"ListItem\",\"position\":3,\"name\":\"Weihrauch Benutzung in Liturgien\"}]},{\"@type\":\"WebSite\",\"@id\":\"https:\/\/blog.holyart.it\/de\/#website\",\"url\":\"https:\/\/blog.holyart.it\/de\/\",\"name\":\"Holyart.de Blog\",\"description\":\"Holyblog\",\"publisher\":{\"@id\":\"https:\/\/blog.holyart.it\/de\/#organization\"},\"potentialAction\":[{\"@type\":\"SearchAction\",\"target\":{\"@type\":\"EntryPoint\",\"urlTemplate\":\"https:\/\/blog.holyart.it\/de\/?s={search_term_string}\"},\"query-input\":{\"@type\":\"PropertyValueSpecification\",\"valueRequired\":true,\"valueName\":\"search_term_string\"}}],\"inLanguage\":\"de\"},{\"@type\":\"Organization\",\"@id\":\"https:\/\/blog.holyart.it\/de\/#organization\",\"name\":\"Holyart.de Blog\",\"url\":\"https:\/\/blog.holyart.it\/de\/\",\"logo\":{\"@type\":\"ImageObject\",\"inLanguage\":\"de\",\"@id\":\"https:\/\/blog.holyart.it\/de\/#\/schema\/logo\/image\/\",\"url\":\"https:\/\/blog.holyart.it\/de\/wp-content\/uploads\/sites\/12\/2022\/12\/Holyart_Blog_Logo.jpg\",\"contentUrl\":\"https:\/\/blog.holyart.it\/de\/wp-content\/uploads\/sites\/12\/2022\/12\/Holyart_Blog_Logo.jpg\",\"width\":300,\"height\":50,\"caption\":\"Holyart.de Blog\"},\"image\":{\"@id\":\"https:\/\/blog.holyart.it\/de\/#\/schema\/logo\/image\/\"}},{\"@type\":\"Person\",\"@id\":\"https:\/\/blog.holyart.it\/de\/#\/schema\/person\/0a7b686e5af0f856ec1e390dd0baecda\",\"name\":\"Redazione\",\"image\":{\"@type\":\"ImageObject\",\"inLanguage\":\"de\",\"@id\":\"https:\/\/blog.holyart.it\/de\/#\/schema\/person\/image\/\",\"url\":\"https:\/\/secure.gravatar.com\/avatar\/f477da817f43e50d0af36abecd33e3edf826c68299714bdc1057dff3b113f516?s=96&d=mm&r=g\",\"contentUrl\":\"https:\/\/secure.gravatar.com\/avatar\/f477da817f43e50d0af36abecd33e3edf826c68299714bdc1057dff3b113f516?s=96&d=mm&r=g\",\"caption\":\"Redazione\"}}]}<\/script>\n<!-- \/ Yoast SEO plugin. -->","yoast_head_json":{"title":"Weihrauch Benutzung in Liturgien - Holyart.de Blog","description":"Der Geruch von Weihrauch wurde schon immer mit Spiritualit\u00e4t und Ritualen verbunden und das nicht nur in christlicher, sondern in allen Religionen.","robots":{"index":"index","follow":"follow","max-snippet":"max-snippet:-1","max-image-preview":"max-image-preview:large","max-video-preview":"max-video-preview:-1"},"canonical":"https:\/\/blog.holyart.it\/de\/liturgische-gerate\/weihrauch-benutzung-liturgien\/","og_locale":"de_DE","og_type":"article","og_title":"Weihrauch Benutzung in Liturgien - Holyart.de Blog","og_description":"Der Geruch von Weihrauch wurde schon immer mit Spiritualit\u00e4t und Ritualen verbunden und das nicht nur in christlicher, sondern in allen Religionen.","og_url":"https:\/\/blog.holyart.it\/de\/liturgische-gerate\/weihrauch-benutzung-liturgien\/","og_site_name":"Holyart.de Blog","article_published_time":"2018-01-17T15:45:11+00:00","article_modified_time":"2018-02-09T11:35:30+00:00","og_image":[{"width":1000,"height":667,"url":"https:\/\/blog.holyart.it\/de\/wp-content\/uploads\/sites\/12\/2017\/03\/Weihrauch-Benutzung-in-Liturgien.jpg","type":"image\/jpeg"}],"author":"Redazione","twitter_card":"summary_large_image","twitter_misc":{"Verfasst von":"Redazione","Gesch\u00e4tzte Lesezeit":"1\u00a0Minute"},"schema":{"@context":"https:\/\/schema.org","@graph":[{"@type":"Article","@id":"https:\/\/blog.holyart.it\/de\/liturgische-gerate\/weihrauch-benutzung-liturgien\/#article","isPartOf":{"@id":"https:\/\/blog.holyart.it\/de\/liturgische-gerate\/weihrauch-benutzung-liturgien\/"},"author":{"name":"Redazione","@id":"https:\/\/blog.holyart.it\/de\/#\/schema\/person\/0a7b686e5af0f856ec1e390dd0baecda"},"headline":"Weihrauch Benutzung in Liturgien","datePublished":"2018-01-17T15:45:11+00:00","dateModified":"2018-02-09T11:35:30+00:00","mainEntityOfPage":{"@id":"https:\/\/blog.holyart.it\/de\/liturgische-gerate\/weihrauch-benutzung-liturgien\/"},"wordCount":264,"publisher":{"@id":"https:\/\/blog.holyart.it\/de\/#organization"},"image":{"@id":"https:\/\/blog.holyart.it\/de\/liturgische-gerate\/weihrauch-benutzung-liturgien\/#primaryimage"},"thumbnailUrl":"https:\/\/blog.holyart.it\/de\/wp-content\/uploads\/sites\/12\/2017\/03\/Weihrauch-Benutzung-in-Liturgien.jpg","articleSection":["Liturgie"],"inLanguage":"de"},{"@type":"WebPage","@id":"https:\/\/blog.holyart.it\/de\/liturgische-gerate\/weihrauch-benutzung-liturgien\/","url":"https:\/\/blog.holyart.it\/de\/liturgische-gerate\/weihrauch-benutzung-liturgien\/","name":"Weihrauch Benutzung in Liturgien - Holyart.de Blog","isPartOf":{"@id":"https:\/\/blog.holyart.it\/de\/#website"},"primaryImageOfPage":{"@id":"https:\/\/blog.holyart.it\/de\/liturgische-gerate\/weihrauch-benutzung-liturgien\/#primaryimage"},"image":{"@id":"https:\/\/blog.holyart.it\/de\/liturgische-gerate\/weihrauch-benutzung-liturgien\/#primaryimage"},"thumbnailUrl":"https:\/\/blog.holyart.it\/de\/wp-content\/uploads\/sites\/12\/2017\/03\/Weihrauch-Benutzung-in-Liturgien.jpg","datePublished":"2018-01-17T15:45:11+00:00","dateModified":"2018-02-09T11:35:30+00:00","description":"Der Geruch von Weihrauch wurde schon immer mit Spiritualit\u00e4t und Ritualen verbunden und das nicht nur in christlicher, sondern in allen Religionen.","breadcrumb":{"@id":"https:\/\/blog.holyart.it\/de\/liturgische-gerate\/weihrauch-benutzung-liturgien\/#breadcrumb"},"inLanguage":"de","potentialAction":[{"@type":"ReadAction","target":["https:\/\/blog.holyart.it\/de\/liturgische-gerate\/weihrauch-benutzung-liturgien\/"]}]},{"@type":"ImageObject","inLanguage":"de","@id":"https:\/\/blog.holyart.it\/de\/liturgische-gerate\/weihrauch-benutzung-liturgien\/#primaryimage","url":"https:\/\/blog.holyart.it\/de\/wp-content\/uploads\/sites\/12\/2017\/03\/Weihrauch-Benutzung-in-Liturgien.jpg","contentUrl":"https:\/\/blog.holyart.it\/de\/wp-content\/uploads\/sites\/12\/2017\/03\/Weihrauch-Benutzung-in-Liturgien.jpg","width":1000,"height":667,"caption":"Weihrauch Benutzung in Liturgien"},{"@type":"BreadcrumbList","@id":"https:\/\/blog.holyart.it\/de\/liturgische-gerate\/weihrauch-benutzung-liturgien\/#breadcrumb","itemListElement":[{"@type":"ListItem","position":1,"name":"Homepage","item":"https:\/\/blog.holyart.it\/de\/"},{"@type":"ListItem","position":2,"name":"Liturgie","item":"https:\/\/blog.holyart.it\/de\/liturgische-gerate\/"},{"@type":"ListItem","position":3,"name":"Weihrauch Benutzung in Liturgien"}]},{"@type":"WebSite","@id":"https:\/\/blog.holyart.it\/de\/#website","url":"https:\/\/blog.holyart.it\/de\/","name":"Holyart.de Blog","description":"Holyblog","publisher":{"@id":"https:\/\/blog.holyart.it\/de\/#organization"},"potentialAction":[{"@type":"SearchAction","target":{"@type":"EntryPoint","urlTemplate":"https:\/\/blog.holyart.it\/de\/?s={search_term_string}"},"query-input":{"@type":"PropertyValueSpecification","valueRequired":true,"valueName":"search_term_string"}}],"inLanguage":"de"},{"@type":"Organization","@id":"https:\/\/blog.holyart.it\/de\/#organization","name":"Holyart.de Blog","url":"https:\/\/blog.holyart.it\/de\/","logo":{"@type":"ImageObject","inLanguage":"de","@id":"https:\/\/blog.holyart.it\/de\/#\/schema\/logo\/image\/","url":"https:\/\/blog.holyart.it\/de\/wp-content\/uploads\/sites\/12\/2022\/12\/Holyart_Blog_Logo.jpg","contentUrl":"https:\/\/blog.holyart.it\/de\/wp-content\/uploads\/sites\/12\/2022\/12\/Holyart_Blog_Logo.jpg","width":300,"height":50,"caption":"Holyart.de Blog"},"image":{"@id":"https:\/\/blog.holyart.it\/de\/#\/schema\/logo\/image\/"}},{"@type":"Person","@id":"https:\/\/blog.holyart.it\/de\/#\/schema\/person\/0a7b686e5af0f856ec1e390dd0baecda","name":"Redazione","image":{"@type":"ImageObject","inLanguage":"de","@id":"https:\/\/blog.holyart.it\/de\/#\/schema\/person\/image\/","url":"https:\/\/secure.gravatar.com\/avatar\/f477da817f43e50d0af36abecd33e3edf826c68299714bdc1057dff3b113f516?s=96&d=mm&r=g","contentUrl":"https:\/\/secure.gravatar.com\/avatar\/f477da817f43e50d0af36abecd33e3edf826c68299714bdc1057dff3b113f516?s=96&d=mm&r=g","caption":"Redazione"}}]}},"_links":{"self":[{"href":"https:\/\/blog.holyart.it\/de\/wp-json\/wp\/v2\/posts\/322","targetHints":{"allow":["GET"]}}],"collection":[{"href":"https:\/\/blog.holyart.it\/de\/wp-json\/wp\/v2\/posts"}],"about":[{"href":"https:\/\/blog.holyart.it\/de\/wp-json\/wp\/v2\/types\/post"}],"author":[{"embeddable":true,"href":"https:\/\/blog.holyart.it\/de\/wp-json\/wp\/v2\/users\/1"}],"replies":[{"embeddable":true,"href":"https:\/\/blog.holyart.it\/de\/wp-json\/wp\/v2\/comments?post=322"}],"version-history":[{"count":0,"href":"https:\/\/blog.holyart.it\/de\/wp-json\/wp\/v2\/posts\/322\/revisions"}],"wp:featuredmedia":[{"embeddable":true,"href":"https:\/\/blog.holyart.it\/de\/wp-json\/wp\/v2\/media\/323"}],"wp:attachment":[{"href":"https:\/\/blog.holyart.it\/de\/wp-json\/wp\/v2\/media?parent=322"}],"wp:term":[{"taxonomy":"category","embeddable":true,"href":"https:\/\/blog.holyart.it\/de\/wp-json\/wp\/v2\/categories?post=322"},{"taxonomy":"post_tag","embeddable":true,"href":"https:\/\/blog.holyart.it\/de\/wp-json\/wp\/v2\/tags?post=322"}],"curies":[{"name":"wp","href":"https:\/\/api.w.org\/{rel}","templated":true}]}}