{"id":3112,"date":"2023-11-20T10:00:55","date_gmt":"2023-11-20T09:00:55","guid":{"rendered":"https:\/\/blog.holyart.it\/de\/?p=3112"},"modified":"2024-10-24T12:29:46","modified_gmt":"2024-10-24T10:29:46","slug":"adventskalender-geschichte-und-tradition","status":"publish","type":"post","link":"https:\/\/blog.holyart.it\/de\/weihnachten\/adventskalender-geschichte-und-tradition\/","title":{"rendered":"Adventskalender: Geschichte und Tradition"},"content":{"rendered":"<h4>Der Adventskalender ist eine der repr\u00e4sentativsten Traditionen der Weihnachtszeit. Hier erfahren Sie, wie er entstanden ist und wie er heute weitergef\u00fchrt wird<\/h4>\n<p>Der <strong><a href=\"https:\/\/www.holyart.de\/weihnachten\/advent?page=1&amp;params=%257B%2522offset%2522%3A0%2C%2522limit%2522%3A60%2C%2522filters%2522%3A%255B%255D%2C%2522sorter%2522%3A%2522YEAR_BEST_SELLERS%2522%2C%2522categoryIds%2522%3A%255B108502%255D%2C%2522filtersByIds%2522%3A%255B%257B%2522key%2522%3A89%2C%2522values%2522%3A%255B2459%255D%257D%255D%257D&amp;_gl=1*12278qv*_gcl_aw*R0NMLjE2OTk4NjMyMjIuQ2owS0NRanc4cW1oQmhDbEFSSXNBTkF0Ym9mZ21KMm85dkV5S0JjLUdLUWIweWFCLU9EekR0N1ZQV2hnY1g4WW96M2haNGVTR0JkUjR1d2FBZzZrRUFMd193Y0I.*_gcl_au*MzQ2MTAxMTM4LjE2OTc4MDc3MzQ.*_ga*MjAyODIwNTUzOS4xNjgwNTA1OTc3*_ga_W18MV136NH*MTY5OTk0OTc2Mi4xNjUuMS4xNjk5OTU5ODg5LjAuMC4w\">Adventskalender<\/a><\/strong> entstand, wie auch die Krippe, als Mittel, um allen Menschen die Vorfreude auf Weihnachten und die magische Spannung zu vermitteln. Im Falle der Krippe, die vom <strong><a href=\"https:\/\/www.holyart.de\/blog\/weihnachten\/die-krippe-von-greccio-eine-idee-des-heiligen-franziskus\/\"><u>Heiligen Franz von Assisi <\/u><\/a><\/strong>1223 in Greccio erdacht wurde, bestand die Absicht darin, dem ungebildeten und unwissenden Volk das gro\u00dfe Geheimnis der <strong>Menschwerdung Jesu<\/strong> durch die Nachstellung des Krippenspiels mit seinen Figuren zu vermitteln. Der Adventskalender entstand mit der gleichen Absicht, richtete sich aber, zumindest anfangs, an <strong>Kinder<\/strong>.<\/p>\n<div class=\"link-article\">\n<p><img loading=\"lazy\" decoding=\"async\" class=\"size-full wp-image-3116 alignleft\" src=\"https:\/\/blog.holyart.it\/de\/wp-content\/uploads\/sites\/12\/2023\/11\/Die-Krippe-von-Greccio.jpg\" alt=\"Die Krippe von Greccio\" width=\"150\" height=\"97\" data-kale-share-title=\"Adventskalender: Geschichte und Tradition\" data-kale-share-url=\"https:\/\/blog.holyart.it\/de\/?p=3112\" \/><\/p>\n<div class=\"leggi-anche\">Lesen Sie auch:<\/div>\n<p><strong><a href=\"https:\/\/www.holyart.de\/blog\/weihnachten\/die-krippe-von-greccio-eine-idee-des-heiligen-franziskus\/\">Die Krippe von Greccio: eine Idee des Heiligen Franziskus<\/a><\/strong><br \/>\nWas ist die Geschichte der Weihnachtskrippe? Woher kommt diese Tradition, die wir jedes Jahr erleben? &#8230;<\/p>\n<\/div>\n<p>Der Advent ist f\u00fcr Katholiken in aller Welt eine der <strong><a href=\"https:\/\/www.holyart.de\/blog\/weihnachten\/die-zeit-des-advents\/\"><u>wichtigsten Zeiten des Jahres<\/u><\/a><\/strong>. Die Gl\u00e4ubigen bereiten sich auf die Ankunft Christi, die Erneuerung seiner wunderbaren Geburt, an Weihnachten vor. Der Advent ist auch die liturgische Zeit, in der die Gl\u00e4ubigen ihre Hoffnung, ihre Erwartung des zweiten Kommens Jesu bekr\u00e4ftigen, das das Ende der Welt, wie wir sie kennen, das Ende der Zeit einleiten wird. Es ist nicht leicht, den Kleinen die wahre Bedeutung dieser Zeit oder gar des kommenden Festes verst\u00e4ndlich zu machen. Leichter ist es, ihnen die Bedeutung eines einzigartigen Festes nahe zu bringen, das sich jedes Jahr erneuert und die Familien und Gl\u00e4ubigen wie kein anderes zusammenf\u00fchrt.<\/p>\n<div class=\"link-article\">\n<p><img loading=\"lazy\" decoding=\"async\" class=\"size-full wp-image-3120 alignleft\" src=\"https:\/\/blog.holyart.it\/de\/wp-content\/uploads\/sites\/12\/2023\/11\/Die-Zeit-des-Advents.jpg\" alt=\"Die Zeit des Advents\" width=\"150\" height=\"99\" data-kale-share-title=\"Adventskalender: Geschichte und Tradition\" data-kale-share-url=\"https:\/\/blog.holyart.it\/de\/?p=3112\" \/><\/p>\n<div class=\"leggi-anche\">Lesen Sie auch:<\/div>\n<p><strong><a href=\"https:\/\/www.holyart.de\/blog\/weihnachten\/die-zeit-des-advents\/\">Die Zeit des Advents<\/a><\/strong><br \/>\nDer Advent ist f\u00fcr Katholiken auf der ganzen Welt eine der wichtigsten Zeiten des Jahres&#8230;<\/p>\n<\/div>\n<p>Die Notwendigkeit, dieses Klima der Vorfreude zu f\u00f6rdern, die Erwartung der Kleinen zu Hause zu steigern, muss die Mutter von <strong>Gerhard Lang<\/strong>, dem sp\u00e4teren Verleger von Maulbronn, im Sinn gehabt haben, der Ende des 19. Jahrhunderts den Adventskalender erfand. In Deutschland war es bereits weit verbreitet, kleine weihnachtliche Dekorationen an die W\u00e4nde zu h\u00e4ngen oder mit Kreide vierundzwanzig Striche an die T\u00fcr zu malen, einen f\u00fcr jeden Tag vor Weihnachten, und die Kinder aufzufordern, sie auszuradieren, wenn sich das schicksalhafte Datum n\u00e4herte. Sie war es leid, jeden Tag von ihrem Kind die Frage gestellt zu bekommen: \u201e<em>Wann ist Weihnachten endlich<\/em>?\u201c Frau Lang hat 24 Gew\u00fcrzpl\u00e4tzchen gebacken, sie in ebenso viele T\u00fcten verpackt und ihrem Sohn versprochen, dass er vom 1. Dezember bis zum Heiligen Abend jeden Tag eines \u00f6ffnen und essen darf. Ein s\u00fc\u00dfer Gedanke, um die Tage des Wartens auf das Fest zu begleiten und dem Kind zu helfen, seine Bedeutung zu verstehen. Kurzum, ein Adventskalender zum Selbermachen, dem in den folgenden Jahren viele weitere folgten.<\/p>\n<div class=\"link-product\">\n<div class=\"blocco-immagine\"><img loading=\"lazy\" decoding=\"async\" class=\"size-full wp-image-3123 alignleft\" src=\"https:\/\/blog.holyart.it\/de\/wp-content\/uploads\/sites\/12\/2023\/11\/Adventskalender-Kette-mit-24-Saeckchen.jpg\" alt=\"Adventskalender Kette mit 24 S\u00e4ckchen\" width=\"100\" height=\"100\" data-kale-share-title=\"Adventskalender: Geschichte und Tradition\" data-kale-share-url=\"https:\/\/blog.holyart.it\/de\/?p=3112\" \/><\/div>\n<div class=\"blocco-contenuto\">\n<div class=\"blocco-acquista\">Einkaufen:<\/div>\n<div class=\"blocco-titolo\"><a href=\"https:\/\/www.holyart.de\/weihnachten\/advent\/adventskalender-kette-mit-24-sackchen?_gl=1*1r4c7eo*_ga*MjAyODIwNTUzOS4xNjgwNTA1OTc3*_ga_W18MV136NH*MTY5OTk1OTUzMy4xNjUuMS4xNjk5OTYwMjQ2LjAuMC4w\">Adventskalender Kette mit 24 S\u00e4ckchen <\/a><\/div>\n<div class=\"blocco-descrizione\">Adventskalender Kette mit 24 S\u00e4ckchen. Adventskalender mit 24 S\u00e4ckchen realisiert aus Stoff.<\/div>\n<\/div>\n<\/div>\n<p>Dieser von seiner Mutter erfundene Brauch beeinflusste den jungen Gerhard Lang so sehr, dass er, als er erwachsen und Verleger geworden war, beschloss, dieselbe Idee zu reproduzieren, indem er einen Papphalter mit 24 kleinen Fenstern anfertigte, eines f\u00fcr jeden Tag vom 1. Dezember bis zum Heiligen Abend, in dem Kekse, S\u00fc\u00dfigkeiten, Schokolade oder kleine Geschenke versteckt werden konnten, die die Kinder Tag f\u00fcr Tag entdecken konnten. Schon bald ahmten andere seine Idee nach und schufen leere Adventskalender aus Pappe, Holz oder Stoff, die von den Eltern mit \u00dcberraschungen gef\u00fcllt werden konnten, und einige B\u00e4ckereien begannen, bereits mit S\u00fc\u00dfigkeiten gef\u00fcllte Adventskalender zu verkaufen.<\/p>\n<div class=\"link-product\">\n<div class=\"blocco-immagine\"><img loading=\"lazy\" decoding=\"async\" class=\"alignnone size-full wp-image-3125\" src=\"https:\/\/blog.holyart.it\/de\/wp-content\/uploads\/sites\/12\/2023\/11\/3D-Adventskalender-mit-Fensterchen-Querformat.jpg\" alt=\"3D-Adventskalender mit Fensterchen, Querformat\" width=\"100\" height=\"100\" data-kale-share-title=\"Adventskalender: Geschichte und Tradition\" data-kale-share-url=\"https:\/\/blog.holyart.it\/de\/?p=3112\" \/><\/div>\n<div class=\"blocco-contenuto\">\n<div class=\"blocco-acquista\">Einkaufen:<\/div>\n<div class=\"blocco-titolo\"><a href=\"https:\/\/www.holyart.de\/weihnachten\/advent\/3d-adventskalender-mit-fensterchen-querformat?_gl=1*qm5oq7*_ga*MjAyODIwNTUzOS4xNjgwNTA1OTc3*_ga_W18MV136NH*MTY5OTk1OTUzMy4xNjUuMS4xNjk5OTYwNDAwLjAuMC4w\">3D-Adventskalender mit Fensterchen, Querformat <\/a><\/div>\n<div class=\"blocco-descrizione\">3D-Adventskalender im Querformat mit Fensterchen&#8230;<\/div>\n<\/div>\n<\/div>\n<h2>Adventskalender zum Bef\u00fcllen<\/h2>\n<p>Die Idee eines leeren Adventskalenders zum Bef\u00fcllen ist auch heute noch beliebt. Auch in unserem Online-Shop finden Sie viele bunte und fr\u00f6hliche Vorschl\u00e4ge, die sich sowohl als weihnachtliche Deko-Idee eignen als auch die Kleinen zu Hause in die Festtage begleiten. Zum Beispiel den fr\u00f6hlichen <strong><a href=\"https:\/\/www.holyart.de\/weihnachten\/advent\/adventskalender-tannenbaum-form-24-kugel-taschen-90cm?_gl=1*2hu8p4*_ga*MjAyODIwNTUzOS4xNjgwNTA1OTc3*_ga_W18MV136NH*MTY5OTk1OTUzMy4xNjUuMS4xNjk5OTYwNTg2LjAuMC4w\"><u>Weihnachtsbaum-Adventskalender<\/u><\/a><\/strong>, bestehend aus 24 Stoffkugeln, die mit kleinen Kn\u00f6pfen befestigt sind und in die man Pralinen, Bonbons oder kleine Geschenke legen kann, oder den niedlichen <strong><a href=\"https:\/\/www.holyart.de\/weihnachten\/advent\/adventskalender-aus-sackchen-55x50-cm?_gl=1*2jn45c*_ga*MjAyODIwNTUzOS4xNjgwNTA1OTc3*_ga_W18MV136NH*MTY5OTk1OTUzMy4xNjUuMS4xNjk5OTYwNjA1LjAuMC4w\"><u>Holz-Adventskalender mit S\u00e4ckchen<\/u><\/a><\/strong> 55&#215;52 cm, bestehend aus 24 Stoffs\u00e4ckchen, die an einem Holzstab h\u00e4ngen und bef\u00fcllt werden k\u00f6nnen. Eine sch\u00f6ne und sehr nordische Idee f\u00fcr die Dekoration des Hauses in der Vorweihnachtszeit kann stattdessen der mit <strong><a href=\"https:\/\/www.holyart.de\/weihnachten\/advent\/adventskalender-aus-stoff-mit-hirsch-110-cm?_gl=1*192vii*_ga*MjAyODIwNTUzOS4xNjgwNTA1OTc3*_ga_W18MV136NH*MTY5OTk1OTUzMy4xNjUuMS4xNjk5OTYwNjY5LjAuMC4w\"><u>Hirschen verzierte Stoff-Adventskalender<\/u><\/a><\/strong> sein. Er besteht aus 24 Taschen in verschiedenen Farben, die mit Pralinen, Bonbons oder kleinen Geschenken gef\u00fcllt werden k\u00f6nnen.<\/p>\n<div class=\"link-product\">\n<div class=\"blocco-immagine\"><img loading=\"lazy\" decoding=\"async\" class=\"size-full wp-image-3130 alignleft\" src=\"https:\/\/blog.holyart.it\/de\/wp-content\/uploads\/sites\/12\/2023\/11\/Adventskalender-Tannenbaum-Form-24-Kugel-Taschen-90cm.jpg\" alt=\"Adventskalender Tannenbaum Form 24 Kugel-Taschen 90cm\" width=\"100\" height=\"100\" data-kale-share-title=\"Adventskalender: Geschichte und Tradition\" data-kale-share-url=\"https:\/\/blog.holyart.it\/de\/?p=3112\" \/><\/div>\n<div class=\"blocco-contenuto\">\n<div class=\"blocco-acquista\">Einkaufen:<\/div>\n<div class=\"blocco-titolo\"><a href=\"https:\/\/www.holyart.de\/weihnachten\/advent\/adventskalender-tannenbaum-form-24-kugel-taschen-90cm?_gl=1*9ie808*_gcl_aw*R0NMLjE2OTk4NjMyMjIuQ2owS0NRanc4cW1oQmhDbEFSSXNBTkF0Ym9mZ21KMm85dkV5S0JjLUdLUWIweWFCLU9EekR0N1ZQV2hnY1g4WW96M2haNGVTR0JkUjR1d2FBZzZrRUFMd193Y0I.*_gcl_au*MzQ2MTAxMTM4LjE2OTc4MDc3MzQ.*_ga*MjAyODIwNTUzOS4xNjgwNTA1OTc3*_ga_W18MV136NH*MTY5OTk1OTUzMy4xNjUuMS4xNjk5OTYwNzExLjAuMC4w\">Adventskalender Tannenbaum Form 24 Kugel-Taschen 90cm <\/a><\/div>\n<div class=\"blocco-descrizione\">Adventskalender Tannenbaum Form 24&#8230;<\/div>\n<\/div>\n<\/div>\n<h2>Adventskalender aus Holz<\/h2>\n<p>Wenn Sie sich f\u00fcr einen Adventskalender entscheiden, den Sie mit S\u00fc\u00dfigkeiten oder personalisierten Geschenken f\u00fcllen m\u00f6chten, k\u00f6nnen Sie einen unserer sch\u00f6nen Adventskalender aus Holz w\u00e4hlen, wie zum Beispiel den <strong><u>48 cm gro\u00dfen Adventskalender mit einem Haus und einem Schneemann<\/u><\/strong>, der mit seinen praktischen Schubladen Ihr Zuhause w\u00e4hrend der Weihnachtsfeiertage noch fr\u00f6hlicher machen wird. Oder der elegante und stilvolle <strong><a href=\"https:\/\/www.holyart.de\/weihnachten\/advent\/adventskalender-holz-weisse-lichter-27-cm?_gl=1*172pscv*_ga*MjAyODIwNTUzOS4xNjgwNTA1OTc3*_ga_W18MV136NH*MTY5OTk1OTUzMy4xNjUuMS4xNjk5OTYwOTQxLjAuMC4w\"><u>wei\u00dfe Adventskalender<\/u><\/a><\/strong> mit einem Hintergrund, der an einen verschneiten Wald erinnert, und 24 kleinen, mit Gold verzierten Schubladen. Dieser Kalender bietet den zus\u00e4tzlichen Vorteil, dass er mit batteriebetriebenen LED-Lichtern beleuchtet wird, ebenso wie der <strong><u>Adventskalender mit einer Krippenszene<\/u><\/strong> in Form einer H\u00fctte mit Hirten und Schafen, die mit LED-Lichtern beleuchtet wird, die mit AA-Batterien aktiviert werden.<\/p>\n<p>Praktisch und originell ist schlie\u00dflich der <strong><a href=\"https:\/\/www.holyart.de\/weihnachten\/advent\/klappbarer-adventskalender-holz-weiss-30x40-cm?_gl=1*hudum9*_ga*MjAyODIwNTUzOS4xNjgwNTA1OTc3*_ga_W18MV136NH*MTY5OTk1OTUzMy4xNjUuMS4xNjk5OTYxMDYzLjAuMC4w\"><u>faltbare Adventskalender<\/u><\/a><\/strong> in Form einer Schachtel, die sich \u00f6ffnen l\u00e4sst, um einen verschneiten Wald mit B\u00e4umen, Rentieren und einem kleinen Haus zu enth\u00fcllen.<\/p>\n<div class=\"link-product\">\n<div class=\"blocco-immagine\"><img loading=\"lazy\" decoding=\"async\" class=\"size-full wp-image-3135 alignleft\" src=\"https:\/\/blog.holyart.it\/de\/wp-content\/uploads\/sites\/12\/2023\/11\/Klappbarer-Adventskalender-Holz-weiss-30x40-cm.jpg\" alt=\"Klappbarer Adventskalender Holz wei\u00df, 30x40 cm\" width=\"100\" height=\"100\" data-kale-share-title=\"Adventskalender: Geschichte und Tradition\" data-kale-share-url=\"https:\/\/blog.holyart.it\/de\/?p=3112\" \/><\/div>\n<div class=\"blocco-contenuto\">\n<div class=\"blocco-acquista\">Einkaufen:<\/div>\n<div class=\"blocco-titolo\"><a href=\"https:\/\/www.holyart.de\/weihnachten\/advent\/klappbarer-adventskalender-holz-weiss-30x40-cm?_gl=1*hudum9*_ga*MjAyODIwNTUzOS4xNjgwNTA1OTc3*_ga_W18MV136NH*MTY5OTk1OTUzMy4xNjUuMS4xNjk5OTYxMDYzLjAuMC4w\">Klappbarer Adventskalender Holz wei\u00df, 30&#215;40 cm <\/a><\/div>\n<div class=\"blocco-descrizione\">Der Kalender besteht aus 24 kleinen Schubladen mit weihnachtlichen Motiven (4,5x4x4)&#8230;<\/div>\n<\/div>\n<\/div>\n","protected":false},"excerpt":{"rendered":"<p>Der Adventskalender ist eine der repr\u00e4sentativsten Traditionen der Weihnachtszeit. Hier erfahren Sie, wie er entstanden ist und wie er heute weitergef\u00fchrt wird Der Adventskalender entstand, wie auch die Krippe, als Mittel, um allen Menschen die Vorfreude auf Weihnachten und die magische Spannung zu vermitteln. Im&hellip;<\/p>\n","protected":false},"author":1,"featured_media":3115,"comment_status":"closed","ping_status":"open","sticky":false,"template":"","format":"standard","meta":{"_acf_changed":false,"footnotes":""},"categories":[12],"tags":[],"class_list":["post-3112","post","type-post","status-publish","format-standard","has-post-thumbnail","hentry","category-weihnachten"],"acf":[],"yoast_head":"<!-- This site is optimized with the Yoast SEO plugin v26.6 - https:\/\/yoast.com\/wordpress\/plugins\/seo\/ -->\n<title>Adventskalender: Geschichte und Tradition - Holyart.de Blog<\/title>\n<meta name=\"description\" content=\"Der Adventskalender ist eine der repr\u00e4sentativsten Traditionen der Weihnachtszeit. Hier erfahren Sie, wie er entstanden ist...\" \/>\n<meta name=\"robots\" content=\"index, follow, max-snippet:-1, max-image-preview:large, max-video-preview:-1\" \/>\n<link rel=\"canonical\" href=\"https:\/\/blog.holyart.it\/de\/weihnachten\/adventskalender-geschichte-und-tradition\/\" \/>\n<meta property=\"og:locale\" content=\"de_DE\" \/>\n<meta property=\"og:type\" content=\"article\" \/>\n<meta property=\"og:title\" content=\"Adventskalender: Geschichte und Tradition - Holyart.de Blog\" \/>\n<meta property=\"og:description\" content=\"Der Adventskalender ist eine der repr\u00e4sentativsten Traditionen der Weihnachtszeit. Hier erfahren Sie, wie er entstanden ist...\" \/>\n<meta property=\"og:url\" content=\"https:\/\/blog.holyart.it\/de\/weihnachten\/adventskalender-geschichte-und-tradition\/\" \/>\n<meta property=\"og:site_name\" content=\"Holyart.de Blog\" \/>\n<meta property=\"article:published_time\" content=\"2023-11-20T09:00:55+00:00\" \/>\n<meta property=\"article:modified_time\" content=\"2024-10-24T10:29:46+00:00\" \/>\n<meta property=\"og:image\" content=\"https:\/\/blog.holyart.it\/de\/wp-content\/uploads\/sites\/12\/2023\/11\/Adventskalender.jpg\" \/>\n\t<meta property=\"og:image:width\" content=\"1000\" \/>\n\t<meta property=\"og:image:height\" content=\"666\" \/>\n\t<meta property=\"og:image:type\" content=\"image\/jpeg\" \/>\n<meta name=\"author\" content=\"Redazione\" \/>\n<meta name=\"twitter:card\" content=\"summary_large_image\" \/>\n<meta name=\"twitter:label1\" content=\"Verfasst von\" \/>\n\t<meta name=\"twitter:data1\" content=\"Redazione\" \/>\n\t<meta name=\"twitter:label2\" content=\"Gesch\u00e4tzte Lesezeit\" \/>\n\t<meta name=\"twitter:data2\" content=\"7\u00a0Minuten\" \/>\n<script type=\"application\/ld+json\" class=\"yoast-schema-graph\">{\"@context\":\"https:\/\/schema.org\",\"@graph\":[{\"@type\":\"Article\",\"@id\":\"https:\/\/blog.holyart.it\/de\/weihnachten\/adventskalender-geschichte-und-tradition\/#article\",\"isPartOf\":{\"@id\":\"https:\/\/blog.holyart.it\/de\/weihnachten\/adventskalender-geschichte-und-tradition\/\"},\"author\":{\"name\":\"Redazione\",\"@id\":\"https:\/\/blog.holyart.it\/de\/#\/schema\/person\/0a7b686e5af0f856ec1e390dd0baecda\"},\"headline\":\"Adventskalender: Geschichte und Tradition\",\"datePublished\":\"2023-11-20T09:00:55+00:00\",\"dateModified\":\"2024-10-24T10:29:46+00:00\",\"mainEntityOfPage\":{\"@id\":\"https:\/\/blog.holyart.it\/de\/weihnachten\/adventskalender-geschichte-und-tradition\/\"},\"wordCount\":911,\"publisher\":{\"@id\":\"https:\/\/blog.holyart.it\/de\/#organization\"},\"image\":{\"@id\":\"https:\/\/blog.holyart.it\/de\/weihnachten\/adventskalender-geschichte-und-tradition\/#primaryimage\"},\"thumbnailUrl\":\"https:\/\/blog.holyart.it\/de\/wp-content\/uploads\/sites\/12\/2023\/11\/Adventskalender.jpg\",\"articleSection\":[\"Weihnachten\"],\"inLanguage\":\"de\"},{\"@type\":\"WebPage\",\"@id\":\"https:\/\/blog.holyart.it\/de\/weihnachten\/adventskalender-geschichte-und-tradition\/\",\"url\":\"https:\/\/blog.holyart.it\/de\/weihnachten\/adventskalender-geschichte-und-tradition\/\",\"name\":\"Adventskalender: Geschichte und Tradition - Holyart.de Blog\",\"isPartOf\":{\"@id\":\"https:\/\/blog.holyart.it\/de\/#website\"},\"primaryImageOfPage\":{\"@id\":\"https:\/\/blog.holyart.it\/de\/weihnachten\/adventskalender-geschichte-und-tradition\/#primaryimage\"},\"image\":{\"@id\":\"https:\/\/blog.holyart.it\/de\/weihnachten\/adventskalender-geschichte-und-tradition\/#primaryimage\"},\"thumbnailUrl\":\"https:\/\/blog.holyart.it\/de\/wp-content\/uploads\/sites\/12\/2023\/11\/Adventskalender.jpg\",\"datePublished\":\"2023-11-20T09:00:55+00:00\",\"dateModified\":\"2024-10-24T10:29:46+00:00\",\"description\":\"Der Adventskalender ist eine der repr\u00e4sentativsten Traditionen der Weihnachtszeit. Hier erfahren Sie, wie er entstanden ist...\",\"breadcrumb\":{\"@id\":\"https:\/\/blog.holyart.it\/de\/weihnachten\/adventskalender-geschichte-und-tradition\/#breadcrumb\"},\"inLanguage\":\"de\",\"potentialAction\":[{\"@type\":\"ReadAction\",\"target\":[\"https:\/\/blog.holyart.it\/de\/weihnachten\/adventskalender-geschichte-und-tradition\/\"]}]},{\"@type\":\"ImageObject\",\"inLanguage\":\"de\",\"@id\":\"https:\/\/blog.holyart.it\/de\/weihnachten\/adventskalender-geschichte-und-tradition\/#primaryimage\",\"url\":\"https:\/\/blog.holyart.it\/de\/wp-content\/uploads\/sites\/12\/2023\/11\/Adventskalender.jpg\",\"contentUrl\":\"https:\/\/blog.holyart.it\/de\/wp-content\/uploads\/sites\/12\/2023\/11\/Adventskalender.jpg\",\"width\":1000,\"height\":666,\"caption\":\"Adventskalender\"},{\"@type\":\"BreadcrumbList\",\"@id\":\"https:\/\/blog.holyart.it\/de\/weihnachten\/adventskalender-geschichte-und-tradition\/#breadcrumb\",\"itemListElement\":[{\"@type\":\"ListItem\",\"position\":1,\"name\":\"Homepage\",\"item\":\"https:\/\/blog.holyart.it\/de\/\"},{\"@type\":\"ListItem\",\"position\":2,\"name\":\"Weihnachten\",\"item\":\"https:\/\/blog.holyart.it\/de\/weihnachten\/\"},{\"@type\":\"ListItem\",\"position\":3,\"name\":\"Adventskalender: Geschichte und Tradition\"}]},{\"@type\":\"WebSite\",\"@id\":\"https:\/\/blog.holyart.it\/de\/#website\",\"url\":\"https:\/\/blog.holyart.it\/de\/\",\"name\":\"Holyart.de Blog\",\"description\":\"Holyblog\",\"publisher\":{\"@id\":\"https:\/\/blog.holyart.it\/de\/#organization\"},\"potentialAction\":[{\"@type\":\"SearchAction\",\"target\":{\"@type\":\"EntryPoint\",\"urlTemplate\":\"https:\/\/blog.holyart.it\/de\/?s={search_term_string}\"},\"query-input\":{\"@type\":\"PropertyValueSpecification\",\"valueRequired\":true,\"valueName\":\"search_term_string\"}}],\"inLanguage\":\"de\"},{\"@type\":\"Organization\",\"@id\":\"https:\/\/blog.holyart.it\/de\/#organization\",\"name\":\"Holyart.de Blog\",\"url\":\"https:\/\/blog.holyart.it\/de\/\",\"logo\":{\"@type\":\"ImageObject\",\"inLanguage\":\"de\",\"@id\":\"https:\/\/blog.holyart.it\/de\/#\/schema\/logo\/image\/\",\"url\":\"https:\/\/blog.holyart.it\/de\/wp-content\/uploads\/sites\/12\/2022\/12\/Holyart_Blog_Logo.jpg\",\"contentUrl\":\"https:\/\/blog.holyart.it\/de\/wp-content\/uploads\/sites\/12\/2022\/12\/Holyart_Blog_Logo.jpg\",\"width\":300,\"height\":50,\"caption\":\"Holyart.de Blog\"},\"image\":{\"@id\":\"https:\/\/blog.holyart.it\/de\/#\/schema\/logo\/image\/\"}},{\"@type\":\"Person\",\"@id\":\"https:\/\/blog.holyart.it\/de\/#\/schema\/person\/0a7b686e5af0f856ec1e390dd0baecda\",\"name\":\"Redazione\",\"image\":{\"@type\":\"ImageObject\",\"inLanguage\":\"de\",\"@id\":\"https:\/\/blog.holyart.it\/de\/#\/schema\/person\/image\/\",\"url\":\"https:\/\/secure.gravatar.com\/avatar\/f477da817f43e50d0af36abecd33e3edf826c68299714bdc1057dff3b113f516?s=96&d=mm&r=g\",\"contentUrl\":\"https:\/\/secure.gravatar.com\/avatar\/f477da817f43e50d0af36abecd33e3edf826c68299714bdc1057dff3b113f516?s=96&d=mm&r=g\",\"caption\":\"Redazione\"}}]}<\/script>\n<!-- \/ Yoast SEO plugin. -->","yoast_head_json":{"title":"Adventskalender: Geschichte und Tradition - Holyart.de Blog","description":"Der Adventskalender ist eine der repr\u00e4sentativsten Traditionen der Weihnachtszeit. Hier erfahren Sie, wie er entstanden ist...","robots":{"index":"index","follow":"follow","max-snippet":"max-snippet:-1","max-image-preview":"max-image-preview:large","max-video-preview":"max-video-preview:-1"},"canonical":"https:\/\/blog.holyart.it\/de\/weihnachten\/adventskalender-geschichte-und-tradition\/","og_locale":"de_DE","og_type":"article","og_title":"Adventskalender: Geschichte und Tradition - Holyart.de Blog","og_description":"Der Adventskalender ist eine der repr\u00e4sentativsten Traditionen der Weihnachtszeit. Hier erfahren Sie, wie er entstanden ist...","og_url":"https:\/\/blog.holyart.it\/de\/weihnachten\/adventskalender-geschichte-und-tradition\/","og_site_name":"Holyart.de Blog","article_published_time":"2023-11-20T09:00:55+00:00","article_modified_time":"2024-10-24T10:29:46+00:00","og_image":[{"width":1000,"height":666,"url":"https:\/\/blog.holyart.it\/de\/wp-content\/uploads\/sites\/12\/2023\/11\/Adventskalender.jpg","type":"image\/jpeg"}],"author":"Redazione","twitter_card":"summary_large_image","twitter_misc":{"Verfasst von":"Redazione","Gesch\u00e4tzte Lesezeit":"7\u00a0Minuten"},"schema":{"@context":"https:\/\/schema.org","@graph":[{"@type":"Article","@id":"https:\/\/blog.holyart.it\/de\/weihnachten\/adventskalender-geschichte-und-tradition\/#article","isPartOf":{"@id":"https:\/\/blog.holyart.it\/de\/weihnachten\/adventskalender-geschichte-und-tradition\/"},"author":{"name":"Redazione","@id":"https:\/\/blog.holyart.it\/de\/#\/schema\/person\/0a7b686e5af0f856ec1e390dd0baecda"},"headline":"Adventskalender: Geschichte und Tradition","datePublished":"2023-11-20T09:00:55+00:00","dateModified":"2024-10-24T10:29:46+00:00","mainEntityOfPage":{"@id":"https:\/\/blog.holyart.it\/de\/weihnachten\/adventskalender-geschichte-und-tradition\/"},"wordCount":911,"publisher":{"@id":"https:\/\/blog.holyart.it\/de\/#organization"},"image":{"@id":"https:\/\/blog.holyart.it\/de\/weihnachten\/adventskalender-geschichte-und-tradition\/#primaryimage"},"thumbnailUrl":"https:\/\/blog.holyart.it\/de\/wp-content\/uploads\/sites\/12\/2023\/11\/Adventskalender.jpg","articleSection":["Weihnachten"],"inLanguage":"de"},{"@type":"WebPage","@id":"https:\/\/blog.holyart.it\/de\/weihnachten\/adventskalender-geschichte-und-tradition\/","url":"https:\/\/blog.holyart.it\/de\/weihnachten\/adventskalender-geschichte-und-tradition\/","name":"Adventskalender: Geschichte und Tradition - Holyart.de Blog","isPartOf":{"@id":"https:\/\/blog.holyart.it\/de\/#website"},"primaryImageOfPage":{"@id":"https:\/\/blog.holyart.it\/de\/weihnachten\/adventskalender-geschichte-und-tradition\/#primaryimage"},"image":{"@id":"https:\/\/blog.holyart.it\/de\/weihnachten\/adventskalender-geschichte-und-tradition\/#primaryimage"},"thumbnailUrl":"https:\/\/blog.holyart.it\/de\/wp-content\/uploads\/sites\/12\/2023\/11\/Adventskalender.jpg","datePublished":"2023-11-20T09:00:55+00:00","dateModified":"2024-10-24T10:29:46+00:00","description":"Der Adventskalender ist eine der repr\u00e4sentativsten Traditionen der Weihnachtszeit. Hier erfahren Sie, wie er entstanden ist...","breadcrumb":{"@id":"https:\/\/blog.holyart.it\/de\/weihnachten\/adventskalender-geschichte-und-tradition\/#breadcrumb"},"inLanguage":"de","potentialAction":[{"@type":"ReadAction","target":["https:\/\/blog.holyart.it\/de\/weihnachten\/adventskalender-geschichte-und-tradition\/"]}]},{"@type":"ImageObject","inLanguage":"de","@id":"https:\/\/blog.holyart.it\/de\/weihnachten\/adventskalender-geschichte-und-tradition\/#primaryimage","url":"https:\/\/blog.holyart.it\/de\/wp-content\/uploads\/sites\/12\/2023\/11\/Adventskalender.jpg","contentUrl":"https:\/\/blog.holyart.it\/de\/wp-content\/uploads\/sites\/12\/2023\/11\/Adventskalender.jpg","width":1000,"height":666,"caption":"Adventskalender"},{"@type":"BreadcrumbList","@id":"https:\/\/blog.holyart.it\/de\/weihnachten\/adventskalender-geschichte-und-tradition\/#breadcrumb","itemListElement":[{"@type":"ListItem","position":1,"name":"Homepage","item":"https:\/\/blog.holyart.it\/de\/"},{"@type":"ListItem","position":2,"name":"Weihnachten","item":"https:\/\/blog.holyart.it\/de\/weihnachten\/"},{"@type":"ListItem","position":3,"name":"Adventskalender: Geschichte und Tradition"}]},{"@type":"WebSite","@id":"https:\/\/blog.holyart.it\/de\/#website","url":"https:\/\/blog.holyart.it\/de\/","name":"Holyart.de Blog","description":"Holyblog","publisher":{"@id":"https:\/\/blog.holyart.it\/de\/#organization"},"potentialAction":[{"@type":"SearchAction","target":{"@type":"EntryPoint","urlTemplate":"https:\/\/blog.holyart.it\/de\/?s={search_term_string}"},"query-input":{"@type":"PropertyValueSpecification","valueRequired":true,"valueName":"search_term_string"}}],"inLanguage":"de"},{"@type":"Organization","@id":"https:\/\/blog.holyart.it\/de\/#organization","name":"Holyart.de Blog","url":"https:\/\/blog.holyart.it\/de\/","logo":{"@type":"ImageObject","inLanguage":"de","@id":"https:\/\/blog.holyart.it\/de\/#\/schema\/logo\/image\/","url":"https:\/\/blog.holyart.it\/de\/wp-content\/uploads\/sites\/12\/2022\/12\/Holyart_Blog_Logo.jpg","contentUrl":"https:\/\/blog.holyart.it\/de\/wp-content\/uploads\/sites\/12\/2022\/12\/Holyart_Blog_Logo.jpg","width":300,"height":50,"caption":"Holyart.de Blog"},"image":{"@id":"https:\/\/blog.holyart.it\/de\/#\/schema\/logo\/image\/"}},{"@type":"Person","@id":"https:\/\/blog.holyart.it\/de\/#\/schema\/person\/0a7b686e5af0f856ec1e390dd0baecda","name":"Redazione","image":{"@type":"ImageObject","inLanguage":"de","@id":"https:\/\/blog.holyart.it\/de\/#\/schema\/person\/image\/","url":"https:\/\/secure.gravatar.com\/avatar\/f477da817f43e50d0af36abecd33e3edf826c68299714bdc1057dff3b113f516?s=96&d=mm&r=g","contentUrl":"https:\/\/secure.gravatar.com\/avatar\/f477da817f43e50d0af36abecd33e3edf826c68299714bdc1057dff3b113f516?s=96&d=mm&r=g","caption":"Redazione"}}]}},"_links":{"self":[{"href":"https:\/\/blog.holyart.it\/de\/wp-json\/wp\/v2\/posts\/3112","targetHints":{"allow":["GET"]}}],"collection":[{"href":"https:\/\/blog.holyart.it\/de\/wp-json\/wp\/v2\/posts"}],"about":[{"href":"https:\/\/blog.holyart.it\/de\/wp-json\/wp\/v2\/types\/post"}],"author":[{"embeddable":true,"href":"https:\/\/blog.holyart.it\/de\/wp-json\/wp\/v2\/users\/1"}],"replies":[{"embeddable":true,"href":"https:\/\/blog.holyart.it\/de\/wp-json\/wp\/v2\/comments?post=3112"}],"version-history":[{"count":18,"href":"https:\/\/blog.holyart.it\/de\/wp-json\/wp\/v2\/posts\/3112\/revisions"}],"predecessor-version":[{"id":3137,"href":"https:\/\/blog.holyart.it\/de\/wp-json\/wp\/v2\/posts\/3112\/revisions\/3137"}],"wp:featuredmedia":[{"embeddable":true,"href":"https:\/\/blog.holyart.it\/de\/wp-json\/wp\/v2\/media\/3115"}],"wp:attachment":[{"href":"https:\/\/blog.holyart.it\/de\/wp-json\/wp\/v2\/media?parent=3112"}],"wp:term":[{"taxonomy":"category","embeddable":true,"href":"https:\/\/blog.holyart.it\/de\/wp-json\/wp\/v2\/categories?post=3112"},{"taxonomy":"post_tag","embeddable":true,"href":"https:\/\/blog.holyart.it\/de\/wp-json\/wp\/v2\/tags?post=3112"}],"curies":[{"name":"wp","href":"https:\/\/api.w.org\/{rel}","templated":true}]}}