{"id":3099,"date":"2023-11-15T10:00:13","date_gmt":"2023-11-15T09:00:13","guid":{"rendered":"https:\/\/blog.holyart.it\/de\/?p=3099"},"modified":"2024-10-23T10:54:22","modified_gmt":"2024-10-23T08:54:22","slug":"die-legende-von-st-martin","status":"publish","type":"post","link":"https:\/\/blog.holyart.it\/de\/heilige-und-selige\/die-legende-von-st-martin\/","title":{"rendered":"Die Legende von St. Martin"},"content":{"rendered":"<h4>Die Legende von St. Martin erinnert uns an die Bedeutung von N\u00e4chstenliebe und Barmherzigkeit. So entstand die Tradition des Martinssommers<\/h4>\n<p>Die ersten zehn Novembertage sind seit jeher von einem bizarren klimatischen Ph\u00e4nomen gepr\u00e4gt, dem so genannten <strong>Martinssommer<\/strong>. Es kommt n\u00e4mlich h\u00e4ufig vor, dass in den Tagen unmittelbar vor und nach dem <strong>11. November<\/strong>, dem Martinstag, das Wetter pl\u00f6tzlich wieder mild wird, um sich dann gleich darauf wieder zu verschlechtern. Die Martinslegende schildert malerisch den Grund f\u00fcr dieses letzte Aufflackern des Sommers vor dem Wintereinbruch.<\/p>\n<div class=\"link-product\">\n<div class=\"blocco-immagine\"><img loading=\"lazy\" decoding=\"async\" class=\"size-full wp-image-3102 alignleft\" src=\"https:\/\/blog.holyart.it\/de\/wp-content\/uploads\/sites\/12\/2023\/11\/Schnitzerei-Groednertal-Heiliger-Martin-auf-Pferd.jpg\" alt=\"Schnitzerei Gr\u00f6dnertal Heiliger Martin auf Pferd\" width=\"100\" height=\"100\" data-kale-share-title=\"Die Legende von St. Martin\" data-kale-share-url=\"https:\/\/blog.holyart.it\/de\/?p=3099\" \/><\/div>\n<div class=\"blocco-contenuto\">\n<div class=\"blocco-acquista\">Einkaufen:<\/div>\n<div class=\"blocco-titolo\"><a href=\"https:\/\/www.holyart.de\/devotionalien\/statuen\/statuen-aus-bemalten-holz\/schnitzerei-grodnertal-heiliger-martin-auf-pferd?_gl=1*asp1ld*_gcl_aw*R0NMLjE2OTk4NjMyMjIuQ2owS0NRanc4cW1oQmhDbEFSSXNBTkF0Ym9mZ21KMm85dkV5S0JjLUdLUWIweWFCLU9EekR0N1ZQV2hnY1g4WW96M2haNGVTR0JkUjR1d2FBZzZrRUFMd193Y0I.*_gcl_au*MzQ2MTAxMTM4LjE2OTc4MDc3MzQ.*_ga*MjAyODIwNTUzOS4xNjgwNTA1OTc3*_ga_W18MV136NH*MTY5OTg4NzY4Ni4xNjQuMS4xNjk5ODg3NjkyLjAuMC4w\">Schnitzerei Gr\u00f6dnertal Heiliger Martin auf Pferd <\/a><\/div>\n<div class=\"blocco-descrizione\">Heiligenfigur aus Holz von den Handwerkern des Gr\u00f6dnertals geschnitzt und handbemalt&#8230;<\/div>\n<\/div>\n<\/div>\n<p>Martin von Tours wurde im 4. Jahrhundert nach Christus im heutigen Ungarn geboren. Bevor er Bischof wurde und sp\u00e4ter zum Heiligen erkl\u00e4rt wurde, war Martin ein <strong>r\u00f6mischer Soldat<\/strong> und diente in der kaiserlichen Garde. Die Legende des heiligen Martin erz\u00e4hlt, dass er eines Abends bei einer seiner Patrouillen einen frierenden Bettler traf, der nur mit ein paar Lumpen bekleidet war. Die Nacht war sehr kalt, es regnete in Str\u00f6men, und der Soldat hatte Mitleid mit dem fr\u00f6stelnden Ungl\u00fccklichen, der sicher vor dem Morgengrauen sterben w\u00fcrde. Ohne zu z\u00f6gern, zog er den wei\u00dfen Mantel aus, der seine Zugeh\u00f6rigkeit zur kaiserlichen Garde symbolisierte, zerschnitt ihn mit seinem Schwert in zwei H\u00e4lften und reichte einen Teil dem armen Mann. In diesem Moment h\u00f6rte der Regen auf, die Wolken \u00f6ffneten sich und eine unnat\u00fcrliche W\u00e4rme breitete sich aus, als ob der Himmel \u00fcber die Barmherzigkeit und Gro\u00dfz\u00fcgigkeit des jungen Soldaten frohlockte.<\/p>\n<div class=\"link-article\">\n<p><img loading=\"lazy\" decoding=\"async\" class=\"size-full wp-image-3108 alignleft\" src=\"https:\/\/blog.holyart.it\/de\/wp-content\/uploads\/sites\/12\/2023\/11\/Almosen.jpg\" alt=\"Almosen\" width=\"150\" height=\"99\" data-kale-share-title=\"Die Legende von St. Martin\" data-kale-share-url=\"https:\/\/blog.holyart.it\/de\/?p=3099\" \/><\/p>\n<div class=\"leggi-anche\">Lesen Sie auch:<\/div>\n<p><strong><a href=\"https:\/\/www.holyart.de\/blog\/devotionalien\/almosen-geben-ist-das-naechstenliebe\/\">Almosen geben: Ist das N\u00e4chstenliebe?<\/a><\/strong><br \/>\nDas Almosen an die Armen ist ein Ausdruck der Barmherzigkeit, der eng mit den Pflichten eines guten Christen verbunden ist&#8230;<\/p>\n<\/div>\n<p>Eine Variante der Martinslegende besagt, dass der Heilige nach der Begegnung mit dem Bettler einem anderen Mann in noch \u00e4rmeren Verh\u00e4ltnissen begegnete, dem er den Rest seines Mantels schenkte und sich an den Schlaf in der K\u00e4lte anpasste. In dieser Nacht erschien ihm Jesus im Traum und dankte ihm daf\u00fcr, dass er ihn gekleidet und vor der K\u00e4lte der Nacht bewahrt hatte.<\/p>\n<p>Wie auch immer die Legende von St. Martin erz\u00e4hlt wird, sie zeigt uns ein Beispiel f\u00fcr gro\u00dfen <strong>Altruismus, Gro\u00dfz\u00fcgigkeit und Barmherzigkeit<\/strong>. Nach dieser \u00fcberraschenden Begegnung wollte sich Martin taufen lassen und verlie\u00df das Milit\u00e4rleben. Er geh\u00f6rt zu den Begr\u00fcndern des abendl\u00e4ndischen M\u00f6nchtums, k\u00e4mpfte gegen die arianische H\u00e4resie und das Heidentum, wurde Bischof von Tours und genoss den Ruf eines Thaumaturgen und gro\u00dfen Seelenhirten.<\/p>\n<div class=\"link-product\">\n<div class=\"blocco-immagine\"><img loading=\"lazy\" decoding=\"async\" class=\"size-full wp-image-3105 alignleft\" src=\"https:\/\/blog.holyart.it\/de\/wp-content\/uploads\/sites\/12\/2023\/11\/Statue-Hl.-Martin-bemalten-Groednertal-Holz.jpg\" alt=\"Statue Hl. Martin bemalten Gr\u00f6dnertal Holz\" width=\"100\" height=\"100\" data-kale-share-title=\"Die Legende von St. Martin\" data-kale-share-url=\"https:\/\/blog.holyart.it\/de\/?p=3099\" \/><\/div>\n<div class=\"blocco-contenuto\">\n<div class=\"blocco-acquista\">Einkaufen:<\/div>\n<div class=\"blocco-titolo\"><a href=\"https:\/\/www.holyart.de\/devotionalien\/statuen\/statuen-aus-bemalten-holz\/statue-hl.-martin-bemalten-grodnertal-holz?_gl=1*12r460w*_gcl_aw*R0NMLjE2OTk4NjMyMjIuQ2owS0NRanc4cW1oQmhDbEFSSXNBTkF0Ym9mZ21KMm85dkV5S0JjLUdLUWIweWFCLU9EekR0N1ZQV2hnY1g4WW96M2haNGVTR0JkUjR1d2FBZzZrRUFMd193Y0I.*_gcl_au*MzQ2MTAxMTM4LjE2OTc4MDc3MzQ.*_ga*MjAyODIwNTUzOS4xNjgwNTA1OTc3*_ga_W18MV136NH*MTY5OTg4NzY4Ni4xNjQuMS4xNjk5ODg4OTA5LjAuMC4w\">Statue Hl. Martin bemalten Gr\u00f6dnertal Holz <\/a><\/div>\n<div class=\"blocco-descrizione\">Statue des heiligen Martins realisiert aus Gr\u00f6dnertal Holz und handbemalt. Verf\u00fcgbar in verschiedenen Gr\u00f6\u00dfen&#8230;<\/div>\n<\/div>\n<\/div>\n<h2>Der Sommer des Heiligen Martin<\/h2>\n<p>Abgesehen von der religi\u00f6sen Bedeutung der Geschichte des heiligen Martin f\u00e4llt sein Festtag seit jeher mit <strong>b\u00e4uerlichen Traditionen <\/strong>und<strong> Volksbr\u00e4uchen<\/strong> zusammen, die mit dem Herbst und dem Wechsel der Jahreszeiten verbunden sind. Seit der Antike wurden am Martinstag F\u00e4sser ge\u00f6ffnet, um den neuen Wein zu verkosten, gebratene Kastanien geerntet und gekocht, und K\u00fcrbisprodukte verzehrt. In vielen italienischen D\u00f6rfern und St\u00e4dten werden diese Traditionen noch heute in Form von malerischen Festen gepflegt. Auch im <strong>\u00fcbrigen Europa<\/strong> wird der Martinstag mit typischen Festen und Br\u00e4uchen gefeiert. Es gibt viele <strong>typische S\u00fc\u00dfigkeiten<\/strong>, die f\u00fcr den Martinstag zubereitet werden, vom venezianischen San-Martino-Kuchen aus M\u00fcrbeteig in Form des Heiligen zu Pferd mit Schwert und Mantel, der mit buntem Zuckerguss, Bonbons und Schokolade verziert ist, bis hin zu den sizilianischen San-Martino-Keksen, die mit Anis aromatisiert und in Schokolade getunkt werden, oder zu den <em>Sfinci<\/em>, den Sphinxen vom Heiligen Martin, und zwar s\u00fc\u00dfe Krapfen, die in der sizilianischen Tradition seit jeher eine wichtige Rolle spielen.<\/p>\n<p>In einigen Gebieten im Norditalien, vor allem in der Poebene, hat der Spruch \u201e<strong><em>Fare San Martino<\/em><\/strong>\u201c (lit. Heiligen Martin machen) immer noch die Bedeutung von \u201e<strong>umziehen<\/strong>\u201c. In den Tagen, die mit dem Sommer vom Heiligen Martino zusammenfallen, haben die Teilp\u00e4chter der gro\u00dfen landwirtschaftlichen Betriebe ihre Arbeit beendet. Die Felder waren bestellt, und wenn der Eigent\u00fcmer den Vertrag nicht verl\u00e4ngerte, mussten die Bauern den Hof verlassen und sich anderswo Arbeit suchen. Sie nutzten also das milde Sommerwetter von St. Martin, um mit ihrem Hab und Gut und ihrer Familie auf einen anderen Hof umzuziehen.<\/p>\n","protected":false},"excerpt":{"rendered":"<p>Die Legende von St. Martin erinnert uns an die Bedeutung von N\u00e4chstenliebe und Barmherzigkeit. So entstand die Tradition des Martinssommers Die ersten zehn Novembertage sind seit jeher von einem bizarren klimatischen Ph\u00e4nomen gepr\u00e4gt, dem so genannten Martinssommer. Es kommt n\u00e4mlich h\u00e4ufig vor, dass in den&hellip;<\/p>\n","protected":false},"author":1,"featured_media":3101,"comment_status":"closed","ping_status":"open","sticky":false,"template":"","format":"standard","meta":{"_acf_changed":false,"footnotes":""},"categories":[9],"tags":[],"class_list":["post-3099","post","type-post","status-publish","format-standard","has-post-thumbnail","hentry","category-heilige-und-selige"],"acf":[],"yoast_head":"<!-- This site is optimized with the Yoast SEO plugin v26.6 - https:\/\/yoast.com\/wordpress\/plugins\/seo\/ -->\n<title>Die Legende von St. Martin - Holyart.de Blog<\/title>\n<meta name=\"description\" content=\"Die Legende von St. Martin erinnert uns an die Bedeutung von N\u00e4chstenliebe und Barmherzigkeit. So entstand die Tradition des Martinssommers\" \/>\n<meta name=\"robots\" content=\"index, follow, max-snippet:-1, max-image-preview:large, max-video-preview:-1\" \/>\n<link rel=\"canonical\" href=\"https:\/\/blog.holyart.it\/de\/heilige-und-selige\/die-legende-von-st-martin\/\" \/>\n<meta property=\"og:locale\" content=\"de_DE\" \/>\n<meta property=\"og:type\" content=\"article\" \/>\n<meta property=\"og:title\" content=\"Die Legende von St. Martin - Holyart.de Blog\" \/>\n<meta property=\"og:description\" content=\"Die Legende von St. Martin erinnert uns an die Bedeutung von N\u00e4chstenliebe und Barmherzigkeit. So entstand die Tradition des Martinssommers\" \/>\n<meta property=\"og:url\" content=\"https:\/\/blog.holyart.it\/de\/heilige-und-selige\/die-legende-von-st-martin\/\" \/>\n<meta property=\"og:site_name\" content=\"Holyart.de Blog\" \/>\n<meta property=\"article:published_time\" content=\"2023-11-15T09:00:13+00:00\" \/>\n<meta property=\"article:modified_time\" content=\"2024-10-23T08:54:22+00:00\" \/>\n<meta property=\"og:image\" content=\"https:\/\/blog.holyart.it\/de\/wp-content\/uploads\/sites\/12\/2023\/11\/Die-Legende-von-St.-Martin.jpg\" \/>\n\t<meta property=\"og:image:width\" content=\"1000\" \/>\n\t<meta property=\"og:image:height\" content=\"666\" \/>\n\t<meta property=\"og:image:type\" content=\"image\/jpeg\" \/>\n<meta name=\"author\" content=\"Redazione\" \/>\n<meta name=\"twitter:card\" content=\"summary_large_image\" \/>\n<meta name=\"twitter:label1\" content=\"Verfasst von\" \/>\n\t<meta name=\"twitter:data1\" content=\"Redazione\" \/>\n\t<meta name=\"twitter:label2\" content=\"Gesch\u00e4tzte Lesezeit\" \/>\n\t<meta name=\"twitter:data2\" content=\"5\u00a0Minuten\" \/>\n<script type=\"application\/ld+json\" class=\"yoast-schema-graph\">{\"@context\":\"https:\/\/schema.org\",\"@graph\":[{\"@type\":\"Article\",\"@id\":\"https:\/\/blog.holyart.it\/de\/heilige-und-selige\/die-legende-von-st-martin\/#article\",\"isPartOf\":{\"@id\":\"https:\/\/blog.holyart.it\/de\/heilige-und-selige\/die-legende-von-st-martin\/\"},\"author\":{\"name\":\"Redazione\",\"@id\":\"https:\/\/blog.holyart.it\/de\/#\/schema\/person\/0a7b686e5af0f856ec1e390dd0baecda\"},\"headline\":\"Die Legende von St. Martin\",\"datePublished\":\"2023-11-15T09:00:13+00:00\",\"dateModified\":\"2024-10-23T08:54:22+00:00\",\"mainEntityOfPage\":{\"@id\":\"https:\/\/blog.holyart.it\/de\/heilige-und-selige\/die-legende-von-st-martin\/\"},\"wordCount\":748,\"publisher\":{\"@id\":\"https:\/\/blog.holyart.it\/de\/#organization\"},\"image\":{\"@id\":\"https:\/\/blog.holyart.it\/de\/heilige-und-selige\/die-legende-von-st-martin\/#primaryimage\"},\"thumbnailUrl\":\"https:\/\/blog.holyart.it\/de\/wp-content\/uploads\/sites\/12\/2023\/11\/Die-Legende-von-St.-Martin.jpg\",\"articleSection\":[\"Heilige und Selige\"],\"inLanguage\":\"de\"},{\"@type\":\"WebPage\",\"@id\":\"https:\/\/blog.holyart.it\/de\/heilige-und-selige\/die-legende-von-st-martin\/\",\"url\":\"https:\/\/blog.holyart.it\/de\/heilige-und-selige\/die-legende-von-st-martin\/\",\"name\":\"Die Legende von St. Martin - Holyart.de Blog\",\"isPartOf\":{\"@id\":\"https:\/\/blog.holyart.it\/de\/#website\"},\"primaryImageOfPage\":{\"@id\":\"https:\/\/blog.holyart.it\/de\/heilige-und-selige\/die-legende-von-st-martin\/#primaryimage\"},\"image\":{\"@id\":\"https:\/\/blog.holyart.it\/de\/heilige-und-selige\/die-legende-von-st-martin\/#primaryimage\"},\"thumbnailUrl\":\"https:\/\/blog.holyart.it\/de\/wp-content\/uploads\/sites\/12\/2023\/11\/Die-Legende-von-St.-Martin.jpg\",\"datePublished\":\"2023-11-15T09:00:13+00:00\",\"dateModified\":\"2024-10-23T08:54:22+00:00\",\"description\":\"Die Legende von St. Martin erinnert uns an die Bedeutung von N\u00e4chstenliebe und Barmherzigkeit. So entstand die Tradition des Martinssommers\",\"breadcrumb\":{\"@id\":\"https:\/\/blog.holyart.it\/de\/heilige-und-selige\/die-legende-von-st-martin\/#breadcrumb\"},\"inLanguage\":\"de\",\"potentialAction\":[{\"@type\":\"ReadAction\",\"target\":[\"https:\/\/blog.holyart.it\/de\/heilige-und-selige\/die-legende-von-st-martin\/\"]}]},{\"@type\":\"ImageObject\",\"inLanguage\":\"de\",\"@id\":\"https:\/\/blog.holyart.it\/de\/heilige-und-selige\/die-legende-von-st-martin\/#primaryimage\",\"url\":\"https:\/\/blog.holyart.it\/de\/wp-content\/uploads\/sites\/12\/2023\/11\/Die-Legende-von-St.-Martin.jpg\",\"contentUrl\":\"https:\/\/blog.holyart.it\/de\/wp-content\/uploads\/sites\/12\/2023\/11\/Die-Legende-von-St.-Martin.jpg\",\"width\":1000,\"height\":666,\"caption\":\"Die Legende von St. Martin\"},{\"@type\":\"BreadcrumbList\",\"@id\":\"https:\/\/blog.holyart.it\/de\/heilige-und-selige\/die-legende-von-st-martin\/#breadcrumb\",\"itemListElement\":[{\"@type\":\"ListItem\",\"position\":1,\"name\":\"Homepage\",\"item\":\"https:\/\/blog.holyart.it\/de\/\"},{\"@type\":\"ListItem\",\"position\":2,\"name\":\"Heilige und Selige\",\"item\":\"https:\/\/blog.holyart.it\/de\/heilige-und-selige\/\"},{\"@type\":\"ListItem\",\"position\":3,\"name\":\"Die Legende von St. Martin\"}]},{\"@type\":\"WebSite\",\"@id\":\"https:\/\/blog.holyart.it\/de\/#website\",\"url\":\"https:\/\/blog.holyart.it\/de\/\",\"name\":\"Holyart.de Blog\",\"description\":\"Holyblog\",\"publisher\":{\"@id\":\"https:\/\/blog.holyart.it\/de\/#organization\"},\"potentialAction\":[{\"@type\":\"SearchAction\",\"target\":{\"@type\":\"EntryPoint\",\"urlTemplate\":\"https:\/\/blog.holyart.it\/de\/?s={search_term_string}\"},\"query-input\":{\"@type\":\"PropertyValueSpecification\",\"valueRequired\":true,\"valueName\":\"search_term_string\"}}],\"inLanguage\":\"de\"},{\"@type\":\"Organization\",\"@id\":\"https:\/\/blog.holyart.it\/de\/#organization\",\"name\":\"Holyart.de Blog\",\"url\":\"https:\/\/blog.holyart.it\/de\/\",\"logo\":{\"@type\":\"ImageObject\",\"inLanguage\":\"de\",\"@id\":\"https:\/\/blog.holyart.it\/de\/#\/schema\/logo\/image\/\",\"url\":\"https:\/\/blog.holyart.it\/de\/wp-content\/uploads\/sites\/12\/2022\/12\/Holyart_Blog_Logo.jpg\",\"contentUrl\":\"https:\/\/blog.holyart.it\/de\/wp-content\/uploads\/sites\/12\/2022\/12\/Holyart_Blog_Logo.jpg\",\"width\":300,\"height\":50,\"caption\":\"Holyart.de Blog\"},\"image\":{\"@id\":\"https:\/\/blog.holyart.it\/de\/#\/schema\/logo\/image\/\"}},{\"@type\":\"Person\",\"@id\":\"https:\/\/blog.holyart.it\/de\/#\/schema\/person\/0a7b686e5af0f856ec1e390dd0baecda\",\"name\":\"Redazione\",\"image\":{\"@type\":\"ImageObject\",\"inLanguage\":\"de\",\"@id\":\"https:\/\/blog.holyart.it\/de\/#\/schema\/person\/image\/\",\"url\":\"https:\/\/secure.gravatar.com\/avatar\/f477da817f43e50d0af36abecd33e3edf826c68299714bdc1057dff3b113f516?s=96&d=mm&r=g\",\"contentUrl\":\"https:\/\/secure.gravatar.com\/avatar\/f477da817f43e50d0af36abecd33e3edf826c68299714bdc1057dff3b113f516?s=96&d=mm&r=g\",\"caption\":\"Redazione\"}}]}<\/script>\n<!-- \/ Yoast SEO plugin. -->","yoast_head_json":{"title":"Die Legende von St. Martin - Holyart.de Blog","description":"Die Legende von St. Martin erinnert uns an die Bedeutung von N\u00e4chstenliebe und Barmherzigkeit. So entstand die Tradition des Martinssommers","robots":{"index":"index","follow":"follow","max-snippet":"max-snippet:-1","max-image-preview":"max-image-preview:large","max-video-preview":"max-video-preview:-1"},"canonical":"https:\/\/blog.holyart.it\/de\/heilige-und-selige\/die-legende-von-st-martin\/","og_locale":"de_DE","og_type":"article","og_title":"Die Legende von St. Martin - Holyart.de Blog","og_description":"Die Legende von St. Martin erinnert uns an die Bedeutung von N\u00e4chstenliebe und Barmherzigkeit. So entstand die Tradition des Martinssommers","og_url":"https:\/\/blog.holyart.it\/de\/heilige-und-selige\/die-legende-von-st-martin\/","og_site_name":"Holyart.de Blog","article_published_time":"2023-11-15T09:00:13+00:00","article_modified_time":"2024-10-23T08:54:22+00:00","og_image":[{"width":1000,"height":666,"url":"https:\/\/blog.holyart.it\/de\/wp-content\/uploads\/sites\/12\/2023\/11\/Die-Legende-von-St.-Martin.jpg","type":"image\/jpeg"}],"author":"Redazione","twitter_card":"summary_large_image","twitter_misc":{"Verfasst von":"Redazione","Gesch\u00e4tzte Lesezeit":"5\u00a0Minuten"},"schema":{"@context":"https:\/\/schema.org","@graph":[{"@type":"Article","@id":"https:\/\/blog.holyart.it\/de\/heilige-und-selige\/die-legende-von-st-martin\/#article","isPartOf":{"@id":"https:\/\/blog.holyart.it\/de\/heilige-und-selige\/die-legende-von-st-martin\/"},"author":{"name":"Redazione","@id":"https:\/\/blog.holyart.it\/de\/#\/schema\/person\/0a7b686e5af0f856ec1e390dd0baecda"},"headline":"Die Legende von St. Martin","datePublished":"2023-11-15T09:00:13+00:00","dateModified":"2024-10-23T08:54:22+00:00","mainEntityOfPage":{"@id":"https:\/\/blog.holyart.it\/de\/heilige-und-selige\/die-legende-von-st-martin\/"},"wordCount":748,"publisher":{"@id":"https:\/\/blog.holyart.it\/de\/#organization"},"image":{"@id":"https:\/\/blog.holyart.it\/de\/heilige-und-selige\/die-legende-von-st-martin\/#primaryimage"},"thumbnailUrl":"https:\/\/blog.holyart.it\/de\/wp-content\/uploads\/sites\/12\/2023\/11\/Die-Legende-von-St.-Martin.jpg","articleSection":["Heilige und Selige"],"inLanguage":"de"},{"@type":"WebPage","@id":"https:\/\/blog.holyart.it\/de\/heilige-und-selige\/die-legende-von-st-martin\/","url":"https:\/\/blog.holyart.it\/de\/heilige-und-selige\/die-legende-von-st-martin\/","name":"Die Legende von St. Martin - Holyart.de Blog","isPartOf":{"@id":"https:\/\/blog.holyart.it\/de\/#website"},"primaryImageOfPage":{"@id":"https:\/\/blog.holyart.it\/de\/heilige-und-selige\/die-legende-von-st-martin\/#primaryimage"},"image":{"@id":"https:\/\/blog.holyart.it\/de\/heilige-und-selige\/die-legende-von-st-martin\/#primaryimage"},"thumbnailUrl":"https:\/\/blog.holyart.it\/de\/wp-content\/uploads\/sites\/12\/2023\/11\/Die-Legende-von-St.-Martin.jpg","datePublished":"2023-11-15T09:00:13+00:00","dateModified":"2024-10-23T08:54:22+00:00","description":"Die Legende von St. Martin erinnert uns an die Bedeutung von N\u00e4chstenliebe und Barmherzigkeit. So entstand die Tradition des Martinssommers","breadcrumb":{"@id":"https:\/\/blog.holyart.it\/de\/heilige-und-selige\/die-legende-von-st-martin\/#breadcrumb"},"inLanguage":"de","potentialAction":[{"@type":"ReadAction","target":["https:\/\/blog.holyart.it\/de\/heilige-und-selige\/die-legende-von-st-martin\/"]}]},{"@type":"ImageObject","inLanguage":"de","@id":"https:\/\/blog.holyart.it\/de\/heilige-und-selige\/die-legende-von-st-martin\/#primaryimage","url":"https:\/\/blog.holyart.it\/de\/wp-content\/uploads\/sites\/12\/2023\/11\/Die-Legende-von-St.-Martin.jpg","contentUrl":"https:\/\/blog.holyart.it\/de\/wp-content\/uploads\/sites\/12\/2023\/11\/Die-Legende-von-St.-Martin.jpg","width":1000,"height":666,"caption":"Die Legende von St. Martin"},{"@type":"BreadcrumbList","@id":"https:\/\/blog.holyart.it\/de\/heilige-und-selige\/die-legende-von-st-martin\/#breadcrumb","itemListElement":[{"@type":"ListItem","position":1,"name":"Homepage","item":"https:\/\/blog.holyart.it\/de\/"},{"@type":"ListItem","position":2,"name":"Heilige und Selige","item":"https:\/\/blog.holyart.it\/de\/heilige-und-selige\/"},{"@type":"ListItem","position":3,"name":"Die Legende von St. Martin"}]},{"@type":"WebSite","@id":"https:\/\/blog.holyart.it\/de\/#website","url":"https:\/\/blog.holyart.it\/de\/","name":"Holyart.de Blog","description":"Holyblog","publisher":{"@id":"https:\/\/blog.holyart.it\/de\/#organization"},"potentialAction":[{"@type":"SearchAction","target":{"@type":"EntryPoint","urlTemplate":"https:\/\/blog.holyart.it\/de\/?s={search_term_string}"},"query-input":{"@type":"PropertyValueSpecification","valueRequired":true,"valueName":"search_term_string"}}],"inLanguage":"de"},{"@type":"Organization","@id":"https:\/\/blog.holyart.it\/de\/#organization","name":"Holyart.de Blog","url":"https:\/\/blog.holyart.it\/de\/","logo":{"@type":"ImageObject","inLanguage":"de","@id":"https:\/\/blog.holyart.it\/de\/#\/schema\/logo\/image\/","url":"https:\/\/blog.holyart.it\/de\/wp-content\/uploads\/sites\/12\/2022\/12\/Holyart_Blog_Logo.jpg","contentUrl":"https:\/\/blog.holyart.it\/de\/wp-content\/uploads\/sites\/12\/2022\/12\/Holyart_Blog_Logo.jpg","width":300,"height":50,"caption":"Holyart.de Blog"},"image":{"@id":"https:\/\/blog.holyart.it\/de\/#\/schema\/logo\/image\/"}},{"@type":"Person","@id":"https:\/\/blog.holyart.it\/de\/#\/schema\/person\/0a7b686e5af0f856ec1e390dd0baecda","name":"Redazione","image":{"@type":"ImageObject","inLanguage":"de","@id":"https:\/\/blog.holyart.it\/de\/#\/schema\/person\/image\/","url":"https:\/\/secure.gravatar.com\/avatar\/f477da817f43e50d0af36abecd33e3edf826c68299714bdc1057dff3b113f516?s=96&d=mm&r=g","contentUrl":"https:\/\/secure.gravatar.com\/avatar\/f477da817f43e50d0af36abecd33e3edf826c68299714bdc1057dff3b113f516?s=96&d=mm&r=g","caption":"Redazione"}}]}},"_links":{"self":[{"href":"https:\/\/blog.holyart.it\/de\/wp-json\/wp\/v2\/posts\/3099","targetHints":{"allow":["GET"]}}],"collection":[{"href":"https:\/\/blog.holyart.it\/de\/wp-json\/wp\/v2\/posts"}],"about":[{"href":"https:\/\/blog.holyart.it\/de\/wp-json\/wp\/v2\/types\/post"}],"author":[{"embeddable":true,"href":"https:\/\/blog.holyart.it\/de\/wp-json\/wp\/v2\/users\/1"}],"replies":[{"embeddable":true,"href":"https:\/\/blog.holyart.it\/de\/wp-json\/wp\/v2\/comments?post=3099"}],"version-history":[{"count":7,"href":"https:\/\/blog.holyart.it\/de\/wp-json\/wp\/v2\/posts\/3099\/revisions"}],"predecessor-version":[{"id":3110,"href":"https:\/\/blog.holyart.it\/de\/wp-json\/wp\/v2\/posts\/3099\/revisions\/3110"}],"wp:featuredmedia":[{"embeddable":true,"href":"https:\/\/blog.holyart.it\/de\/wp-json\/wp\/v2\/media\/3101"}],"wp:attachment":[{"href":"https:\/\/blog.holyart.it\/de\/wp-json\/wp\/v2\/media?parent=3099"}],"wp:term":[{"taxonomy":"category","embeddable":true,"href":"https:\/\/blog.holyart.it\/de\/wp-json\/wp\/v2\/categories?post=3099"},{"taxonomy":"post_tag","embeddable":true,"href":"https:\/\/blog.holyart.it\/de\/wp-json\/wp\/v2\/tags?post=3099"}],"curies":[{"name":"wp","href":"https:\/\/api.w.org\/{rel}","templated":true}]}}