{"id":303,"date":"2017-03-07T17:36:16","date_gmt":"2017-03-07T16:36:16","guid":{"rendered":"https:\/\/blog.holyart.it\/de\/?p=303"},"modified":"2017-03-28T17:36:24","modified_gmt":"2017-03-28T15:36:24","slug":"die-farben-der-katholischen-liturgie-und-deren-bedeutung","status":"publish","type":"post","link":"https:\/\/blog.holyart.it\/de\/liturgische-gerate\/die-farben-der-katholischen-liturgie-und-deren-bedeutung\/","title":{"rendered":"Die Farben der katholischen Liturgie und deren Bedeutung"},"content":{"rendered":"<p>Die <span style=\"color: #0000ff;\"><strong><a style=\"color: #0000ff;\" href=\"https:\/\/www.holyart.de\/liturgische-gerate\/paramente-altargarnitur-und-pultbehange\">liturgischen Paramente der Priester<\/a><\/strong><\/span> w\u00e4hrend der religi\u00f6sen Feste und die zahlreichen von ihnen benutzten <strong>geistlichen Paramente <\/strong>unterscheiden sich in einer Reihe von Farben, die jeweils eine genaue symbolische Bedeutung haben.<\/p>\n<p>Die <strong>Farben der liturgischen Paramente<\/strong>, wie das Pluviale, die Kasel, die Dalmatik oder die Stola, <strong>verweisen auf die jeweilige liturgische Zeit<\/strong> oder auf den jeweiligen feierlichen Anlass. Die gebr\u00e4uchlichen liturgischen Farben wurden auf Wunsch von Paul VI im R\u00f6mischen Ritus im Jahr 1969 kodifiziert, wobei es sich um vier Farben handelt: <strong>Wei\u00df, Gr\u00fcn, Rot und Violett<\/strong>. Au\u00dferdem werden auch noch andere Farben, wie z.B. Rosa, Hellblau, Gold oder Schwarz f\u00fcr bestimmten Anl\u00e4sse oder als Alternative zu den kanonischen Farben in den liturgischen Paramenten verwendet. Nehmen wir sie nun einzeln unter die Lupe.<\/p>\n<p><strong>Wei\u00df symbolisiert die Freude und Reinheit durch den Glauben. <\/strong>Dabei handelt es sich um eine der g\u00e4ngigsten Farben in den allt\u00e4glich von den Geistlichen verwendeten Paramenten, unabh\u00e4ngig von der liturgischen Zeit und der jeweiligen Festlichkeit. Wei\u00df ist besonders an die Verehrung Jesus Christus und der Mutter Gottes gebunden, sowie an die weihnachtlichen und \u00f6sterlichen Feiertagen. <strong>Zudem symbolisiert es auch die Auferstehung<\/strong>, den durch den Glauben auferstandenen Christus.<\/p>\n<p>Nach Wei\u00df, unabh\u00e4ngig von festgelegten Festen am h\u00e4ufigsten f\u00fcr Sonntags- und Feiertagsmessen verwendete Farbe ist <strong>Gr\u00fcn, die Farbe der Hoffnung, der Best\u00e4ndigkeit und des geduldigen Zuh\u00f6rens. <\/strong>Gr\u00fcn ist der t\u00e4gliche Begleiter der Geistlichkeit und der Gl\u00e4ubigen, die sich an sie wenden.<\/p>\n<p><strong>Violett steht f\u00fcr die Bu\u00dfe, die Erwartung und die Trauer. <\/strong>Diese Farbe wird vor allem w\u00e4hrend des Advents und der Fastenzeit benutzt. Die liturgischen Paramente in violetter Farbe charakterisieren die Messen f\u00fcr Verstorbene, bei denen sie aber auch durch <strong>schwarzes<\/strong> Gewand ersetzt werden k\u00f6nnen.<\/p>\n<p><strong>Rot symbolisiert die Passion Christi <\/strong>und sein Blut, sowie das Blut der Heiligen, welches im Martyrium vergossen wurde. Deshalb wird Rot f\u00fcr die Paramente des Palmsonntags, Karfreitags, an Pfingsten, zu Festen der Passion des Herrn, zu Festen der Apostel, der Evangelisten und der heiligen M\u00e4rtyrer verwendet.<\/p>\n<p>Was die nicht kodifizierten Farben betrifft, so wird <strong>Hellblau<\/strong> vor allem f\u00fcr Feste zu Ehren der <strong>Heiligen Jungfrau Maria<\/strong>, besonders in L\u00e4ndern spanischer oder portugiesischer Kultur, verwendet, <strong>Rosa<\/strong> steht f\u00fcr <strong>Freude <\/strong>und <strong>Festlichkeit <\/strong>des dritten Adventsonntags und des vierten Fastensonntags, w\u00e4hrend <strong>Gold<\/strong> das <strong>K\u00f6nigtum<\/strong> symbolisiert und jede Farbe zu jedem Anlass ersetzen kann, wenngleich es normalerweise nur an einigen besonders wichtigen Feiertagen verwendet wird.<\/p>\n<p>&nbsp;<\/p>\n","protected":false},"excerpt":{"rendered":"<p>Die liturgischen Paramente der Priester w\u00e4hrend der religi\u00f6sen Feste und die zahlreichen von ihnen benutzten geistlichen Paramente unterscheiden sich in einer Reihe von Farben, die jeweils eine genaue symbolische Bedeutung haben. Die Farben der liturgischen Paramente, wie das Pluviale, die Kasel, die Dalmatik oder die&hellip;<\/p>\n","protected":false},"author":1,"featured_media":304,"comment_status":"closed","ping_status":"open","sticky":false,"template":"","format":"standard","meta":{"_acf_changed":false,"footnotes":""},"categories":[5],"tags":[],"class_list":["post-303","post","type-post","status-publish","format-standard","has-post-thumbnail","hentry","category-liturgische-gerate"],"acf":[],"yoast_head":"<!-- This site is optimized with the Yoast SEO plugin v26.6 - https:\/\/yoast.com\/wordpress\/plugins\/seo\/ -->\n<title>Die Farben der katholischen Liturgie und deren Bedeutung<\/title>\n<meta name=\"description\" content=\"Die liturgischen Paramente der Priester unterscheiden sich in einer Reihe von Farben, die jeweils eine genaue symbolische Bedeutung haben.\" \/>\n<meta name=\"robots\" content=\"index, follow, max-snippet:-1, max-image-preview:large, max-video-preview:-1\" \/>\n<link rel=\"canonical\" href=\"https:\/\/blog.holyart.it\/de\/liturgische-gerate\/die-farben-der-katholischen-liturgie-und-deren-bedeutung\/\" \/>\n<meta property=\"og:locale\" content=\"de_DE\" \/>\n<meta property=\"og:type\" content=\"article\" \/>\n<meta property=\"og:title\" content=\"Die Farben der katholischen Liturgie und deren Bedeutung\" \/>\n<meta property=\"og:description\" content=\"Die liturgischen Paramente der Priester unterscheiden sich in einer Reihe von Farben, die jeweils eine genaue symbolische Bedeutung haben.\" \/>\n<meta property=\"og:url\" content=\"https:\/\/blog.holyart.it\/de\/liturgische-gerate\/die-farben-der-katholischen-liturgie-und-deren-bedeutung\/\" \/>\n<meta property=\"og:site_name\" content=\"Holyart.de Blog\" \/>\n<meta property=\"article:published_time\" content=\"2017-03-07T16:36:16+00:00\" \/>\n<meta property=\"article:modified_time\" content=\"2017-03-28T15:36:24+00:00\" \/>\n<meta property=\"og:image\" content=\"https:\/\/blog.holyart.it\/de\/wp-content\/uploads\/sites\/12\/2017\/03\/Liturgischen-Paramente-der-Priester.jpg\" \/>\n\t<meta property=\"og:image:width\" content=\"1000\" \/>\n\t<meta property=\"og:image:height\" content=\"667\" \/>\n\t<meta property=\"og:image:type\" content=\"image\/jpeg\" \/>\n<meta name=\"author\" content=\"Redazione\" \/>\n<meta name=\"twitter:card\" content=\"summary_large_image\" \/>\n<meta name=\"twitter:label1\" content=\"Verfasst von\" \/>\n\t<meta name=\"twitter:data1\" content=\"Redazione\" \/>\n\t<meta name=\"twitter:label2\" content=\"Gesch\u00e4tzte Lesezeit\" \/>\n\t<meta name=\"twitter:data2\" content=\"2\u00a0Minuten\" \/>\n<script type=\"application\/ld+json\" class=\"yoast-schema-graph\">{\"@context\":\"https:\/\/schema.org\",\"@graph\":[{\"@type\":\"Article\",\"@id\":\"https:\/\/blog.holyart.it\/de\/liturgische-gerate\/die-farben-der-katholischen-liturgie-und-deren-bedeutung\/#article\",\"isPartOf\":{\"@id\":\"https:\/\/blog.holyart.it\/de\/liturgische-gerate\/die-farben-der-katholischen-liturgie-und-deren-bedeutung\/\"},\"author\":{\"name\":\"Redazione\",\"@id\":\"https:\/\/blog.holyart.it\/de\/#\/schema\/person\/0a7b686e5af0f856ec1e390dd0baecda\"},\"headline\":\"Die Farben der katholischen Liturgie und deren Bedeutung\",\"datePublished\":\"2017-03-07T16:36:16+00:00\",\"dateModified\":\"2017-03-28T15:36:24+00:00\",\"mainEntityOfPage\":{\"@id\":\"https:\/\/blog.holyart.it\/de\/liturgische-gerate\/die-farben-der-katholischen-liturgie-und-deren-bedeutung\/\"},\"wordCount\":426,\"publisher\":{\"@id\":\"https:\/\/blog.holyart.it\/de\/#organization\"},\"image\":{\"@id\":\"https:\/\/blog.holyart.it\/de\/liturgische-gerate\/die-farben-der-katholischen-liturgie-und-deren-bedeutung\/#primaryimage\"},\"thumbnailUrl\":\"https:\/\/blog.holyart.it\/de\/wp-content\/uploads\/sites\/12\/2017\/03\/Liturgischen-Paramente-der-Priester.jpg\",\"articleSection\":[\"Liturgie\"],\"inLanguage\":\"de\"},{\"@type\":\"WebPage\",\"@id\":\"https:\/\/blog.holyart.it\/de\/liturgische-gerate\/die-farben-der-katholischen-liturgie-und-deren-bedeutung\/\",\"url\":\"https:\/\/blog.holyart.it\/de\/liturgische-gerate\/die-farben-der-katholischen-liturgie-und-deren-bedeutung\/\",\"name\":\"Die Farben der katholischen Liturgie und deren Bedeutung\",\"isPartOf\":{\"@id\":\"https:\/\/blog.holyart.it\/de\/#website\"},\"primaryImageOfPage\":{\"@id\":\"https:\/\/blog.holyart.it\/de\/liturgische-gerate\/die-farben-der-katholischen-liturgie-und-deren-bedeutung\/#primaryimage\"},\"image\":{\"@id\":\"https:\/\/blog.holyart.it\/de\/liturgische-gerate\/die-farben-der-katholischen-liturgie-und-deren-bedeutung\/#primaryimage\"},\"thumbnailUrl\":\"https:\/\/blog.holyart.it\/de\/wp-content\/uploads\/sites\/12\/2017\/03\/Liturgischen-Paramente-der-Priester.jpg\",\"datePublished\":\"2017-03-07T16:36:16+00:00\",\"dateModified\":\"2017-03-28T15:36:24+00:00\",\"description\":\"Die liturgischen Paramente der Priester unterscheiden sich in einer Reihe von Farben, die jeweils eine genaue symbolische Bedeutung haben.\",\"breadcrumb\":{\"@id\":\"https:\/\/blog.holyart.it\/de\/liturgische-gerate\/die-farben-der-katholischen-liturgie-und-deren-bedeutung\/#breadcrumb\"},\"inLanguage\":\"de\",\"potentialAction\":[{\"@type\":\"ReadAction\",\"target\":[\"https:\/\/blog.holyart.it\/de\/liturgische-gerate\/die-farben-der-katholischen-liturgie-und-deren-bedeutung\/\"]}]},{\"@type\":\"ImageObject\",\"inLanguage\":\"de\",\"@id\":\"https:\/\/blog.holyart.it\/de\/liturgische-gerate\/die-farben-der-katholischen-liturgie-und-deren-bedeutung\/#primaryimage\",\"url\":\"https:\/\/blog.holyart.it\/de\/wp-content\/uploads\/sites\/12\/2017\/03\/Liturgischen-Paramente-der-Priester.jpg\",\"contentUrl\":\"https:\/\/blog.holyart.it\/de\/wp-content\/uploads\/sites\/12\/2017\/03\/Liturgischen-Paramente-der-Priester.jpg\",\"width\":1000,\"height\":667,\"caption\":\"Liturgischen Paramente der Priester\"},{\"@type\":\"BreadcrumbList\",\"@id\":\"https:\/\/blog.holyart.it\/de\/liturgische-gerate\/die-farben-der-katholischen-liturgie-und-deren-bedeutung\/#breadcrumb\",\"itemListElement\":[{\"@type\":\"ListItem\",\"position\":1,\"name\":\"Homepage\",\"item\":\"https:\/\/blog.holyart.it\/de\/\"},{\"@type\":\"ListItem\",\"position\":2,\"name\":\"Liturgie\",\"item\":\"https:\/\/blog.holyart.it\/de\/liturgische-gerate\/\"},{\"@type\":\"ListItem\",\"position\":3,\"name\":\"Die Farben der katholischen Liturgie und deren Bedeutung\"}]},{\"@type\":\"WebSite\",\"@id\":\"https:\/\/blog.holyart.it\/de\/#website\",\"url\":\"https:\/\/blog.holyart.it\/de\/\",\"name\":\"Holyart.de Blog\",\"description\":\"Holyblog\",\"publisher\":{\"@id\":\"https:\/\/blog.holyart.it\/de\/#organization\"},\"potentialAction\":[{\"@type\":\"SearchAction\",\"target\":{\"@type\":\"EntryPoint\",\"urlTemplate\":\"https:\/\/blog.holyart.it\/de\/?s={search_term_string}\"},\"query-input\":{\"@type\":\"PropertyValueSpecification\",\"valueRequired\":true,\"valueName\":\"search_term_string\"}}],\"inLanguage\":\"de\"},{\"@type\":\"Organization\",\"@id\":\"https:\/\/blog.holyart.it\/de\/#organization\",\"name\":\"Holyart.de Blog\",\"url\":\"https:\/\/blog.holyart.it\/de\/\",\"logo\":{\"@type\":\"ImageObject\",\"inLanguage\":\"de\",\"@id\":\"https:\/\/blog.holyart.it\/de\/#\/schema\/logo\/image\/\",\"url\":\"https:\/\/blog.holyart.it\/de\/wp-content\/uploads\/sites\/12\/2022\/12\/Holyart_Blog_Logo.jpg\",\"contentUrl\":\"https:\/\/blog.holyart.it\/de\/wp-content\/uploads\/sites\/12\/2022\/12\/Holyart_Blog_Logo.jpg\",\"width\":300,\"height\":50,\"caption\":\"Holyart.de Blog\"},\"image\":{\"@id\":\"https:\/\/blog.holyart.it\/de\/#\/schema\/logo\/image\/\"}},{\"@type\":\"Person\",\"@id\":\"https:\/\/blog.holyart.it\/de\/#\/schema\/person\/0a7b686e5af0f856ec1e390dd0baecda\",\"name\":\"Redazione\",\"image\":{\"@type\":\"ImageObject\",\"inLanguage\":\"de\",\"@id\":\"https:\/\/blog.holyart.it\/de\/#\/schema\/person\/image\/\",\"url\":\"https:\/\/secure.gravatar.com\/avatar\/f477da817f43e50d0af36abecd33e3edf826c68299714bdc1057dff3b113f516?s=96&d=mm&r=g\",\"contentUrl\":\"https:\/\/secure.gravatar.com\/avatar\/f477da817f43e50d0af36abecd33e3edf826c68299714bdc1057dff3b113f516?s=96&d=mm&r=g\",\"caption\":\"Redazione\"}}]}<\/script>\n<!-- \/ Yoast SEO plugin. -->","yoast_head_json":{"title":"Die Farben der katholischen Liturgie und deren Bedeutung","description":"Die liturgischen Paramente der Priester unterscheiden sich in einer Reihe von Farben, die jeweils eine genaue symbolische Bedeutung haben.","robots":{"index":"index","follow":"follow","max-snippet":"max-snippet:-1","max-image-preview":"max-image-preview:large","max-video-preview":"max-video-preview:-1"},"canonical":"https:\/\/blog.holyart.it\/de\/liturgische-gerate\/die-farben-der-katholischen-liturgie-und-deren-bedeutung\/","og_locale":"de_DE","og_type":"article","og_title":"Die Farben der katholischen Liturgie und deren Bedeutung","og_description":"Die liturgischen Paramente der Priester unterscheiden sich in einer Reihe von Farben, die jeweils eine genaue symbolische Bedeutung haben.","og_url":"https:\/\/blog.holyart.it\/de\/liturgische-gerate\/die-farben-der-katholischen-liturgie-und-deren-bedeutung\/","og_site_name":"Holyart.de Blog","article_published_time":"2017-03-07T16:36:16+00:00","article_modified_time":"2017-03-28T15:36:24+00:00","og_image":[{"width":1000,"height":667,"url":"https:\/\/blog.holyart.it\/de\/wp-content\/uploads\/sites\/12\/2017\/03\/Liturgischen-Paramente-der-Priester.jpg","type":"image\/jpeg"}],"author":"Redazione","twitter_card":"summary_large_image","twitter_misc":{"Verfasst von":"Redazione","Gesch\u00e4tzte Lesezeit":"2\u00a0Minuten"},"schema":{"@context":"https:\/\/schema.org","@graph":[{"@type":"Article","@id":"https:\/\/blog.holyart.it\/de\/liturgische-gerate\/die-farben-der-katholischen-liturgie-und-deren-bedeutung\/#article","isPartOf":{"@id":"https:\/\/blog.holyart.it\/de\/liturgische-gerate\/die-farben-der-katholischen-liturgie-und-deren-bedeutung\/"},"author":{"name":"Redazione","@id":"https:\/\/blog.holyart.it\/de\/#\/schema\/person\/0a7b686e5af0f856ec1e390dd0baecda"},"headline":"Die Farben der katholischen Liturgie und deren Bedeutung","datePublished":"2017-03-07T16:36:16+00:00","dateModified":"2017-03-28T15:36:24+00:00","mainEntityOfPage":{"@id":"https:\/\/blog.holyart.it\/de\/liturgische-gerate\/die-farben-der-katholischen-liturgie-und-deren-bedeutung\/"},"wordCount":426,"publisher":{"@id":"https:\/\/blog.holyart.it\/de\/#organization"},"image":{"@id":"https:\/\/blog.holyart.it\/de\/liturgische-gerate\/die-farben-der-katholischen-liturgie-und-deren-bedeutung\/#primaryimage"},"thumbnailUrl":"https:\/\/blog.holyart.it\/de\/wp-content\/uploads\/sites\/12\/2017\/03\/Liturgischen-Paramente-der-Priester.jpg","articleSection":["Liturgie"],"inLanguage":"de"},{"@type":"WebPage","@id":"https:\/\/blog.holyart.it\/de\/liturgische-gerate\/die-farben-der-katholischen-liturgie-und-deren-bedeutung\/","url":"https:\/\/blog.holyart.it\/de\/liturgische-gerate\/die-farben-der-katholischen-liturgie-und-deren-bedeutung\/","name":"Die Farben der katholischen Liturgie und deren Bedeutung","isPartOf":{"@id":"https:\/\/blog.holyart.it\/de\/#website"},"primaryImageOfPage":{"@id":"https:\/\/blog.holyart.it\/de\/liturgische-gerate\/die-farben-der-katholischen-liturgie-und-deren-bedeutung\/#primaryimage"},"image":{"@id":"https:\/\/blog.holyart.it\/de\/liturgische-gerate\/die-farben-der-katholischen-liturgie-und-deren-bedeutung\/#primaryimage"},"thumbnailUrl":"https:\/\/blog.holyart.it\/de\/wp-content\/uploads\/sites\/12\/2017\/03\/Liturgischen-Paramente-der-Priester.jpg","datePublished":"2017-03-07T16:36:16+00:00","dateModified":"2017-03-28T15:36:24+00:00","description":"Die liturgischen Paramente der Priester unterscheiden sich in einer Reihe von Farben, die jeweils eine genaue symbolische Bedeutung haben.","breadcrumb":{"@id":"https:\/\/blog.holyart.it\/de\/liturgische-gerate\/die-farben-der-katholischen-liturgie-und-deren-bedeutung\/#breadcrumb"},"inLanguage":"de","potentialAction":[{"@type":"ReadAction","target":["https:\/\/blog.holyart.it\/de\/liturgische-gerate\/die-farben-der-katholischen-liturgie-und-deren-bedeutung\/"]}]},{"@type":"ImageObject","inLanguage":"de","@id":"https:\/\/blog.holyart.it\/de\/liturgische-gerate\/die-farben-der-katholischen-liturgie-und-deren-bedeutung\/#primaryimage","url":"https:\/\/blog.holyart.it\/de\/wp-content\/uploads\/sites\/12\/2017\/03\/Liturgischen-Paramente-der-Priester.jpg","contentUrl":"https:\/\/blog.holyart.it\/de\/wp-content\/uploads\/sites\/12\/2017\/03\/Liturgischen-Paramente-der-Priester.jpg","width":1000,"height":667,"caption":"Liturgischen Paramente der Priester"},{"@type":"BreadcrumbList","@id":"https:\/\/blog.holyart.it\/de\/liturgische-gerate\/die-farben-der-katholischen-liturgie-und-deren-bedeutung\/#breadcrumb","itemListElement":[{"@type":"ListItem","position":1,"name":"Homepage","item":"https:\/\/blog.holyart.it\/de\/"},{"@type":"ListItem","position":2,"name":"Liturgie","item":"https:\/\/blog.holyart.it\/de\/liturgische-gerate\/"},{"@type":"ListItem","position":3,"name":"Die Farben der katholischen Liturgie und deren Bedeutung"}]},{"@type":"WebSite","@id":"https:\/\/blog.holyart.it\/de\/#website","url":"https:\/\/blog.holyart.it\/de\/","name":"Holyart.de Blog","description":"Holyblog","publisher":{"@id":"https:\/\/blog.holyart.it\/de\/#organization"},"potentialAction":[{"@type":"SearchAction","target":{"@type":"EntryPoint","urlTemplate":"https:\/\/blog.holyart.it\/de\/?s={search_term_string}"},"query-input":{"@type":"PropertyValueSpecification","valueRequired":true,"valueName":"search_term_string"}}],"inLanguage":"de"},{"@type":"Organization","@id":"https:\/\/blog.holyart.it\/de\/#organization","name":"Holyart.de Blog","url":"https:\/\/blog.holyart.it\/de\/","logo":{"@type":"ImageObject","inLanguage":"de","@id":"https:\/\/blog.holyart.it\/de\/#\/schema\/logo\/image\/","url":"https:\/\/blog.holyart.it\/de\/wp-content\/uploads\/sites\/12\/2022\/12\/Holyart_Blog_Logo.jpg","contentUrl":"https:\/\/blog.holyart.it\/de\/wp-content\/uploads\/sites\/12\/2022\/12\/Holyart_Blog_Logo.jpg","width":300,"height":50,"caption":"Holyart.de Blog"},"image":{"@id":"https:\/\/blog.holyart.it\/de\/#\/schema\/logo\/image\/"}},{"@type":"Person","@id":"https:\/\/blog.holyart.it\/de\/#\/schema\/person\/0a7b686e5af0f856ec1e390dd0baecda","name":"Redazione","image":{"@type":"ImageObject","inLanguage":"de","@id":"https:\/\/blog.holyart.it\/de\/#\/schema\/person\/image\/","url":"https:\/\/secure.gravatar.com\/avatar\/f477da817f43e50d0af36abecd33e3edf826c68299714bdc1057dff3b113f516?s=96&d=mm&r=g","contentUrl":"https:\/\/secure.gravatar.com\/avatar\/f477da817f43e50d0af36abecd33e3edf826c68299714bdc1057dff3b113f516?s=96&d=mm&r=g","caption":"Redazione"}}]}},"_links":{"self":[{"href":"https:\/\/blog.holyart.it\/de\/wp-json\/wp\/v2\/posts\/303","targetHints":{"allow":["GET"]}}],"collection":[{"href":"https:\/\/blog.holyart.it\/de\/wp-json\/wp\/v2\/posts"}],"about":[{"href":"https:\/\/blog.holyart.it\/de\/wp-json\/wp\/v2\/types\/post"}],"author":[{"embeddable":true,"href":"https:\/\/blog.holyart.it\/de\/wp-json\/wp\/v2\/users\/1"}],"replies":[{"embeddable":true,"href":"https:\/\/blog.holyart.it\/de\/wp-json\/wp\/v2\/comments?post=303"}],"version-history":[{"count":0,"href":"https:\/\/blog.holyart.it\/de\/wp-json\/wp\/v2\/posts\/303\/revisions"}],"wp:featuredmedia":[{"embeddable":true,"href":"https:\/\/blog.holyart.it\/de\/wp-json\/wp\/v2\/media\/304"}],"wp:attachment":[{"href":"https:\/\/blog.holyart.it\/de\/wp-json\/wp\/v2\/media?parent=303"}],"wp:term":[{"taxonomy":"category","embeddable":true,"href":"https:\/\/blog.holyart.it\/de\/wp-json\/wp\/v2\/categories?post=303"},{"taxonomy":"post_tag","embeddable":true,"href":"https:\/\/blog.holyart.it\/de\/wp-json\/wp\/v2\/tags?post=303"}],"curies":[{"name":"wp","href":"https:\/\/api.w.org\/{rel}","templated":true}]}}