{"id":3029,"date":"2023-11-06T10:00:45","date_gmt":"2023-11-06T09:00:45","guid":{"rendered":"https:\/\/blog.holyart.it\/de\/?p=3029"},"modified":"2023-12-04T16:53:12","modified_gmt":"2023-12-04T15:53:12","slug":"martinslaternen-geschichten-und-kuriositaeten-rund-um-dieses-fest","status":"publish","type":"post","link":"https:\/\/blog.holyart.it\/de\/devotionalien\/martinslaternen-geschichten-und-kuriositaeten-rund-um-dieses-fest\/","title":{"rendered":"Martinslaternen: Geschichten und Kuriosit\u00e4ten rund um dieses Fest"},"content":{"rendered":"<h4>Die Martinslaternen sind ein Gl\u00fcckssymbol und bringen etwas von der W\u00e4rme und dem Licht des Sommers in den kalten Winter. Finden wir heraus, wie diese faszinierende Tradition zustande kam.<\/h4>\n<p>Wir haben bereits in vielen Artikeln dar\u00fcber gesprochen, dass die Feste, die den Heiligen oder der Jungfrau Maria gewidmet sind, ihren Ursprung in \u00e4lteren Festen haben, die vor der Entstehung des Christentums stattfanden, oder in <strong>heidnischen Festen<\/strong>, die mit dem <strong>Zyklus der Jahreszeiten<\/strong> verbunden sind. H\u00f6chstwahrscheinlich ist der <strong>Martinstag<\/strong> auch aus der Umwandlung eines <strong>heidnischen<\/strong> <strong>Festes entstanden, das mit der Ernte und dem Beginn des Winters<\/strong> zusammenhing und in einigen europ\u00e4ischen L\u00e4ndern gefeiert wurde. Sp\u00e4ter wurde er mit dem Heiligen Martin von Tours in Verbindung gebracht, einem christlichen Bischof aus dem 4. Jahrhundert, der an diesem Tag starb. Im Zusammenhang mit diesem Festtag steht auch die Tradition der <strong>Martinslaternen<\/strong>, die wir in diesem Artikel besprechen werden.<\/p>\n<p>Aber wer war St. Martin?<\/p>\n<p>Er war ein junger Mann, der in Sabaria-Sicca, einem r\u00f6mischen Au\u00dfenposten im heutigen Ungarn, geboren wurde. Sein Vater war Milit\u00e4rtribun und als Martin, benannt nach dem Kriegsgott Mars, noch ein Kind war, zog er mit der ganzen Familie nach Pavia. Als Sohn eines Veteranen musste sich auch Martin als Junge verpflichten und wurde mit einem Sonderkorps zur Aufrechterhaltung der \u00f6ffentlichen Ordnung nach Gallien geschickt. W\u00e4hrend einer n\u00e4chtlichen Patrouille traf er auf einen <strong>Bettler<\/strong>. Es war eine sehr kalte Nacht, und der arme Mann war halbnackt und zitterte vor K\u00e4lte. Martin war ein gro\u00dfz\u00fcgiger und gutherziger junger Mann, und als er ihn so ungl\u00fccklich sah, h\u00e4tte er ihm gerne geholfen, aber er hatte bereits seinen gesamten Lohn an die armen Bauern gegeben. Ohne zu z\u00f6gern nahm er <strong>seinen eigenen Mantel<\/strong>, hielt sein Schwert in der Hand, <strong>zerschnitt das Kleidungsst\u00fcck<\/strong> mit einem sauberen Hieb in zwei Teile und bot es dem Bettler an, damit er sich vor dem Frost sch\u00fctzen konnte.<\/p>\n<p>Die Legende besagt, dass Jesus in der folgenden Nacht Martin erschien. Er trug die H\u00e4lfte des Mantels und wandte sich an die Engel und sagte: \u201e<em>Hier ist Martin, der r\u00f6mische Soldat, der nicht getauft ist, er hat mich bekleidet.<\/em>\u201c Als er aufwachte, fand Martin den kostbaren Mantel neben seinem Bett, v\u00f6llig unversehrt. Die Erscheinung veranlasste den jungen Mann, <strong>das Christentum anzunehmen und sich taufen zu lassen<\/strong>.<img loading=\"lazy\" decoding=\"async\" class=\"size-full wp-image-3032 alignleft\" src=\"https:\/\/blog.holyart.it\/de\/wp-content\/uploads\/sites\/12\/2023\/11\/St.-Martin.jpeg\" alt=\"St. Martin\" width=\"800\" height=\"552\" data-kale-share-title=\"Martinslaternen: Geschichten und Kuriosit\u00e4ten rund um dieses Fest\" data-kale-share-url=\"https:\/\/blog.holyart.it\/de\/?p=3029\" \/><\/p>\n<p>Dennoch erf\u00fcllte Martin weiterhin seine Pflicht als Soldat und schlug eine gl\u00e4nzende <strong>milit\u00e4rische Karriere<\/strong> ein. Erst als er vierzig Jahre alt war, verlie\u00df er die Armee und begann, einen anderen Krieg zu f\u00fchren, n\u00e4mlich den gegen die <strong>arianische H\u00e4resie<\/strong>, die in den Gebieten des heutigen Frankreichs weit verbreitet war. Danach lebte er vier Jahre lang als <strong>Einsiedler<\/strong> auf der Insel Gallinara, wo er durch g\u00f6ttliche Intervention gerettet wurde, als er nach dem Verzehr von Nieswurz, einer sehr giftigen Pflanze, kurz vor dem Tod stand und nach einer Nacht intensiven Gebets auf wundersame Weise gerettet wurde.<\/p>\n<p>Sp\u00e4ter kehrte er nach Poitiers zur\u00fcck, wurde M\u00f6nch und sp\u00e4ter <strong>Bischof<\/strong>. In dieser Funktion bek\u00e4mpfte er weiterhin H\u00e4resien und das Heidentum. Die Menschen liebten ihn sehr und schrieben ihm sogar <strong>thaumaturgische Kr\u00e4fte<\/strong> zu.<\/p>\n<p>Er gr\u00fcndete auch <strong>viele Kl\u00f6ster<\/strong> und verk\u00fcndete unter den M\u00f6nchen die Mission der <strong>Evangelisierung<\/strong>.<\/p>\n<h2>Martinstag<\/h2>\n<p>Wie alle Feste, die auf fr\u00fchere Kulte zur\u00fcckgehen, die vor allem mit der landwirtschaftlichen Arbeit und dem Wechsel der Jahreszeiten zu tun haben, weist auch <strong>der Martinstag, der am 11. November gefeiert wird<\/strong>, in den einzelnen L\u00e4ndern und Regionen unterschiedliche Merkmale auf. Die Tage vor und nach diesem Datum werden als <strong>Martins-Sommer<\/strong> bezeichnet und sind oft von sch\u00f6nem Wetter und W\u00e4rme gepr\u00e4gt, wodurch die ersten Anzeichen des Winters f\u00fcr einige Tage aufgeschoben werden. Dies sind auch die Tage, an denen die F\u00e4sser mit <strong>neuem Wein<\/strong> ge\u00f6ffnet und <strong>die ersten Kastanien<\/strong> gegessen werden. In der Antike war es auch die Zeit, in der die Bauern <strong>Steuern<\/strong> an ihre Herren <strong>zahlen<\/strong> mussten.<\/p>\n<div class=\"sp-styles-warning\" style=\"width: 450px; background-color: #FFF; color: #F00; border: 1px solid #F00; padding: 10px; font-size: 14px;\">\n\t\t\t<span style=\"font-weight: bold;\">Warning: The stylesheets were not loaded!<\/span> \n\t\t\tYou will need to change the <i>Load stylesheets<\/i> setting from <i>Automatically<\/i> to <i>On homepage<\/i> or <i>On all pages<\/i>. \n\t\t\tYou can set that <a style=\"text-decoration: underline; color: #F00;\" href=\"https:\/\/blog.holyart.it\/de\/wp-admin\/admin.php?page=sliderpro-settings\">here<\/a>.\n\t\t\t<\/div>\r\n<div id=\"slider-pro-44\" class=\"slider-pro sp-no-js\" style=\"width: 500px; height: 500px;\">\r\n\t<div class=\"sp-slides\">\r\n\t\t\r\n\t\t<div class=\"sp-slide\">\r\n\t\t\t<a class=\"\" href=\"https:\/\/www.holyart.de\/klosterprodukte\/weiss-und-rotweine?page=1&amp;_gl=1*16an1jy*_ga*MTg4MjYzNjYxMS4xNjgwNTE0MjY5*_ga_W18MV136NH*MTY5ODk5OTg1Ni4xMzYuMS4xNjk4OTk5ODY0LjAuMC4w\" target=\"_self\">\r\n\t\t\t\t<img loading=\"lazy\" decoding=\"async\" class=\"sp-image\" src=\"https:\/\/blog.holyart.it\/de\/wp-content\/uploads\/sites\/12\/2023\/11\/Wein-und-Kastanien.jpeg\" alt=\"Wein und Kastanien\" width=\"500\" height=\"500\" \/>\r\n\t\t\t<\/a>\r\n\t\t\t<div class=\"sp-thumbnail\"><a class=\"\" href=\"https:\/\/www.holyart.de\/klosterprodukte\/weiss-und-rotweine\/wein-blauburgunder-riserva-doc-abtei-muri-gries-2017?_gl=1*1abhpjz*_gcl_aw*R0NMLjE2OTg5MTIxNjIuQ2owS0NRanc4cW1oQmhDbEFSSXNBTkF0Ym9mZ21KMm85dkV5S0JjLUdLUWIweWFCLU9EekR0N1ZQV2hnY1g4WW96M2haNGVTR0JkUjR1d2FBZzZrRUFMd193Y0I.*_gcl_au*MzQ2MTAxMTM4LjE2OTc4MDc3MzQ.*_ga*MjAyODIwNTUzOS4xNjgwNTA1OTc3*_ga_W18MV136NH*MTY5ODk5OTg1Ni4xMzYuMS4xNjk4OTk5OTA5LjAuMC4w\">\r\n\t\t\t\t<img decoding=\"async\" src=\"https:\/\/blog.holyart.it\/de\/wp-content\/uploads\/sites\/12\/2023\/11\/Wein-Blauburgunder-Riserva-DOC-Abtei-Muri-Gries-2017.jpg\" alt=\"Wein Blauburgunder Riserva DOC Abtei Muri Gries 2017\" \/>\r\n\t\t\t<\/a>\r\n\t\t\t<\/div>\r\n\t\t\t<div class=\"sp-caption\">Klosterprodukte <\/br><strong><a href=\"https:\/\/www.holyart.de\/klosterprodukte?_gl=1*r1v9y5*_gcl_aw*R0NMLjE2OTg5MTIxNjIuQ2owS0NRanc4cW1oQmhDbEFSSXNBTkF0Ym9mZ21KMm85dkV5S0JjLUdLUWIweWFCLU9EekR0N1ZQV2hnY1g4WW96M2haNGVTR0JkUjR1d2FBZzZrRUFMd193Y0I.*_gcl_au*MzQ2MTAxMTM4LjE2OTc4MDc3MzQ.*_ga*MjAyODIwNTUzOS4xNjgwNTA1OTc3*_ga_W18MV136NH*MTY5ODk5OTg1Ni4xMzYuMS4xNjk5MDAwODc2LjAuMC4w\">Bei Holyart kaufen<\/a><\/strong><\/div>\r\n\t\t<\/div>\r\n\t\t<div class=\"sp-slide\">\r\n\t\t\t<img loading=\"lazy\" decoding=\"async\" class=\"sp-image\" src=\"https:\/\/blog.holyart.it\/de\/wp-content\/uploads\/sites\/12\/2023\/11\/Wein-und-Kastanien.jpeg\" alt=\"Wein und Kastanien\" width=\"500\" height=\"500\" \/>\r\n\t\t\t<div class=\"sp-thumbnail\"><a class=\"\" href=\"https:\/\/www.holyart.de\/klosterprodukte\/konfituren-und-marmeladen\/maronen-konfiture-400-gramm-hergestellt-im-trappisten-kloster-in-vitorchiano?_gl=1*1tp16ix*_gcl_aw*R0NMLjE2OTg5MTIxNjIuQ2owS0NRanc4cW1oQmhDbEFSSXNBTkF0Ym9mZ21KMm85dkV5S0JjLUdLUWIweWFCLU9EekR0N1ZQV2hnY1g4WW96M2haNGVTR0JkUjR1d2FBZzZrRUFMd193Y0I.*_gcl_au*MzQ2MTAxMTM4LjE2OTc4MDc3MzQ.*_ga*MjAyODIwNTUzOS4xNjgwNTA1OTc3*_ga_W18MV136NH*MTY5ODk5OTg1Ni4xMzYuMS4xNjk4OTk5OTgyLjAuMC4w\">\r\n\t\t\t\t<img decoding=\"async\" src=\"https:\/\/blog.holyart.it\/de\/wp-content\/uploads\/sites\/12\/2023\/11\/Maronen-Konfituere.jpg\" alt=\"Maronen-Konfit\u00fcre\" \/>\r\n\t\t\t<\/a>\r\n\t\t\t<\/div>\r\n\t\t<\/div>\r\n\t\t<div class=\"sp-slide\">\r\n\t\t\t<img loading=\"lazy\" decoding=\"async\" class=\"sp-image\" src=\"https:\/\/blog.holyart.it\/de\/wp-content\/uploads\/sites\/12\/2023\/11\/Wein-und-Kastanien.jpeg\" alt=\"Wein und Kastanien\" width=\"500\" height=\"500\" \/>\r\n\t\t\t<div class=\"sp-thumbnail\"><a class=\"\" href=\"https:\/\/www.holyart.de\/klosterprodukte\/weiss-und-rotweine\/rotwein-la-grangia-doc-2020-maremma-toscana-ciliegiolo-siloe?_gl=1*5369u6*_gcl_aw*R0NMLjE2OTg5MTIxNjIuQ2owS0NRanc4cW1oQmhDbEFSSXNBTkF0Ym9mZ21KMm85dkV5S0JjLUdLUWIweWFCLU9EekR0N1ZQV2hnY1g4WW96M2haNGVTR0JkUjR1d2FBZzZrRUFMd193Y0I.*_gcl_au*MzQ2MTAxMTM4LjE2OTc4MDc3MzQ.*_ga*MjAyODIwNTUzOS4xNjgwNTA1OTc3*_ga_W18MV136NH*MTY5ODk5OTg1Ni4xMzYuMS4xNjk5MDAwMDY2LjAuMC4w\">\r\n\t\t\t\t<img decoding=\"async\" src=\"https:\/\/blog.holyart.it\/de\/wp-content\/uploads\/sites\/12\/2023\/11\/Rotwein-La-Grangia-DOC-2020-Maremma-Toscana-Ciliegiolo-Siloe.jpg\" alt=\"Rotwein, La Grangia DOC 2020 Maremma Toscana Ciliegiolo, Siloe\" \/>\r\n\t\t\t<\/a>\r\n\t\t\t<\/div>\r\n\t\t<\/div>\r\n\t<\/div>\r\n<\/div>\n<p>Es handelt sich also um ein Erntedankfest und den ersten Anstich des neuen Weins, aber in einigen Teilen Europas ist es auch durch eine sehr faszinierende und malerische Tradition gekennzeichnet: die Fiaccolata di San Martino (<strong>Martinslaterne<\/strong>). Dieser Brauch ist in Teilen Deutschlands, wo er Laternenumzug genannt wird, in Belgien, den Niederlanden und Nordfrankreich weit verbreitet. In der Nacht zum 11. November gehen die <strong>Kinder<\/strong> mit Laternen auf die Stra\u00dfe. Diese Laternen werden dann angez\u00fcndet und manchmal an B\u00e4umen aufgeh\u00e4ngt, w\u00e4hrend die Kinder Lieder und Kinderreime zu Ehren des heiligen Martin singen.<\/p>\n<p>In dem Artikel \u00fcber <u>die liturgischen Kerzen<\/u> haben wir daran erinnert, wie wichtig die <strong>Symbolik des Lichts<\/strong> f\u00fcr Christen ist und wie eng sie mit dem Konzept von Gott selbst verbunden ist. Licht erhellt, w\u00e4rmt, belebt, n\u00e4hrt und sch\u00fctzt vor Dunkelheit. So werden die Martinslaternen zu <strong>Symbolen des Lichts und der Hoffnung<\/strong>, vor allem in dieser Jahreszeit, wenn der Winter Einzug h\u00e4lt und K\u00e4lte und Dunkelheit immer dr\u00e4ngender werden. Diese kleinen, bunten Lichter, die in der Nacht schweben, den Weg erhellen und die Herzen erw\u00e4rmen, sind ein <strong>Vorspiel f\u00fcr den bald beginnenden Advent<\/strong> und nehmen in gewisser Weise <strong>die festliche Stimmung und das tiefe Gef\u00fchl von W\u00e4rme und Gl\u00fcck des nahenden Weihnachtsfestes<\/strong> vorweg.<\/p>\n<div class=\"link-article\">\n<p><img loading=\"lazy\" decoding=\"async\" class=\"size-full wp-image-3039 alignleft\" src=\"https:\/\/blog.holyart.it\/de\/wp-content\/uploads\/sites\/12\/2023\/11\/Liturgische-Kerzen.jpg\" alt=\"Liturgische Kerzen\" width=\"150\" height=\"99\" data-kale-share-title=\"Martinslaternen: Geschichten und Kuriosit\u00e4ten rund um dieses Fest\" data-kale-share-url=\"https:\/\/blog.holyart.it\/de\/?p=3029\" \/><\/p>\n<div class=\"leggi-anche\">Lesen Sie auch:<\/div>\n<p><strong><a href=\"https:\/\/www.holyart.de\/blog\/liturgische-gerate\/liturgische-kerzen-wann-und-warum-sie-wichtig-sind\/\">Liturgische Kerzen: wann und warum sie wichtig sind<\/a><\/strong><br \/>\nLicht hat immer eine tiefe und wesentliche Bedeutung f\u00fcr die Menschen gehabt&#8230;<\/p>\n<\/div>\n<p>Fr\u00fcher trugen Kinder ausgeh\u00f6hlte <strong>R\u00fcben<\/strong> mit einer brennenden Kerze an einem Stock als Laternen mit sich, und aus dieser Tradition entwickelten sich auch die K\u00fcrbisse, die amerikanische Kinder zu Halloween aush\u00f6hlten, um b\u00f6se Geister abzuwehren. Und wie amerikanische Kinder an Halloween gehen Kinder in einigen Regionen mit ihren Laternen von Haus zu Haus und fordern <strong>S\u00fc\u00dfigkeiten und Obst<\/strong>.<\/p>\n<p>Heute verwenden europ\u00e4ische Kinder <strong>bunte Papierlaternen<\/strong>, die sie oft selbst herstellen, und z\u00fcnden sie im Rahmen eines gro\u00dfen Festes gemeinsam an. <strong>Das Anz\u00fcnden der Laternen bringt Gl\u00fcck<\/strong>, und die Laternen sollten bis Weihnachten jede Nacht angez\u00fcndet werden, um die W\u00e4rme des Sommers zu bewahren. In fr\u00fcheren Zeiten z\u00fcndeten Kinder nachmittags Laternen an, um den Tieren des Waldes den Weg zu ihren H\u00f6hlen zu weisen. Dieser Brauch ist in manchen Gegenden noch lebendig, wo Kinder in Begleitung ihrer Eltern in der Abendd\u00e4mmerung mit ihren Laternen durch den Wald spazieren gehen.<\/p>\n<div class=\"link-product\">\n<div class=\"blocco-immagine\"><img loading=\"lazy\" decoding=\"async\" class=\"size-full wp-image-3041 alignleft\" src=\"https:\/\/blog.holyart.it\/de\/wp-content\/uploads\/sites\/12\/2023\/11\/Wand-und-Haengeleuchten-Ersatzteile.jpg\" alt=\"Wand- und H\u00e4ngeleuchten, Ersatzteile\" width=\"100\" height=\"100\" data-kale-share-title=\"Martinslaternen: Geschichten und Kuriosit\u00e4ten rund um dieses Fest\" data-kale-share-url=\"https:\/\/blog.holyart.it\/de\/?p=3029\" \/><\/div>\n<div class=\"blocco-contenuto\">\n<div class=\"blocco-acquista\">Einkaufen:<\/div>\n<div class=\"blocco-titolo\"><a href=\"https:\/\/www.holyart.de\/kirchenbedarf\/wand-und-hangeleuchten-ersatzteile?page=1&amp;_gl=1*rq6zmr*_gcl_aw*R0NMLjE2OTg5MTIxNjIuQ2owS0NRanc4cW1oQmhDbEFSSXNBTkF0Ym9mZ21KMm85dkV5S0JjLUdLUWIweWFCLU9EekR0N1ZQV2hnY1g4WW96M2haNGVTR0JkUjR1d2FBZzZrRUFMd193Y0I.*_gcl_au*MzQ2MTAxMTM4LjE2OTc4MDc3MzQ.*_ga*MjAyODIwNTUzOS4xNjgwNTA1OTc3*_ga_W18MV136NH*MTY5ODk5OTg1Ni4xMzYuMS4xNjk5MDAxMTU4LjAuMC4w\">Wand- und H\u00e4ngeleuchten, Ersatzteile<\/a><\/div>\n<div class=\"blocco-descrizione\">In dieser Produktkategorie finden Sie verschiedene Modelle an H\u00e4nge- und Wandleuchten&#8230;<\/div>\n<\/div>\n<\/div>\n<p>Wenn man in der Vorweihnachtszeit <a href=\"https:\/\/www.holyart.de\/kirchenbedarf\/wand-und-hangeleuchten-ersatzteile?page=1&amp;_gl=1*rq6zmr*_gcl_aw*R0NMLjE2OTg5MTIxNjIuQ2owS0NRanc4cW1oQmhDbEFSSXNBTkF0Ym9mZ21KMm85dkV5S0JjLUdLUWIweWFCLU9EekR0N1ZQV2hnY1g4WW96M2haNGVTR0JkUjR1d2FBZzZrRUFMd193Y0I.*_gcl_au*MzQ2MTAxMTM4LjE2OTc4MDc3MzQ.*_ga*MjAyODIwNTUzOS4xNjgwNTA1OTc3*_ga_W18MV136NH*MTY5ODk5OTg1Ni4xMzYuMS4xNjk5MDAxMTU4LjAuMC4w\"><strong>eine Lampe oder eine Laterne in seinem Haus<\/strong><\/a> anz\u00fcndet, kann dies ein stimmungsvolles Symbol f\u00fcr die Anwesenheit des Lichts im Haus sein, um es einzuladen und die Bewohner zu w\u00e4rmen. In <u>unserem Shop<\/u> finden Sie eine gro\u00dfe Auswahl an Fl\u00fcssigwachs- und \u00d6llampen und -laternen in verschiedenen Gr\u00f6\u00dfen, Arten und Materialien. Viele unserer Lampen und Laternen werden vollst\u00e4ndig von Hand gefertigt. Lassen Sie das Licht in Ihr Haus, und sch\u00e4tzen Sie es wie einen kostbaren Schatz. Er bringt Gl\u00fcck und Schutz f\u00fcr alle, die Sie lieben.<\/p>\n","protected":false},"excerpt":{"rendered":"<p>Die Martinslaternen sind ein Gl\u00fcckssymbol und bringen etwas von der W\u00e4rme und dem Licht des Sommers in den kalten Winter. Finden wir heraus, wie diese faszinierende Tradition zustande kam. Wir haben bereits in vielen Artikeln dar\u00fcber gesprochen, dass die Feste, die den Heiligen oder der&hellip;<\/p>\n","protected":false},"author":1,"featured_media":3031,"comment_status":"closed","ping_status":"open","sticky":false,"template":"","format":"standard","meta":{"_acf_changed":false,"footnotes":""},"categories":[9,10],"tags":[],"class_list":["post-3029","post","type-post","status-publish","format-standard","has-post-thumbnail","hentry","category-heilige-und-selige","category-devotionalien"],"acf":[],"yoast_head":"<!-- This site is optimized with the Yoast SEO plugin v26.6 - https:\/\/yoast.com\/wordpress\/plugins\/seo\/ -->\n<title>Martinslaternen: Geschichten und Kuriosit\u00e4ten rund um dieses Fest - Holyart.de Blog<\/title>\n<meta name=\"description\" content=\"Die Martinslaternen sind ein Gl\u00fcckssymbol und bringen etwas von der W\u00e4rme und dem Licht des Sommers in den kalten Winter.\" \/>\n<meta name=\"robots\" content=\"index, follow, max-snippet:-1, max-image-preview:large, max-video-preview:-1\" \/>\n<link rel=\"canonical\" href=\"https:\/\/blog.holyart.it\/de\/devotionalien\/martinslaternen-geschichten-und-kuriositaeten-rund-um-dieses-fest\/\" \/>\n<meta property=\"og:locale\" content=\"de_DE\" \/>\n<meta property=\"og:type\" content=\"article\" \/>\n<meta property=\"og:title\" content=\"Martinslaternen: Geschichten und Kuriosit\u00e4ten rund um dieses Fest - Holyart.de Blog\" \/>\n<meta property=\"og:description\" content=\"Die Martinslaternen sind ein Gl\u00fcckssymbol und bringen etwas von der W\u00e4rme und dem Licht des Sommers in den kalten Winter.\" \/>\n<meta property=\"og:url\" content=\"https:\/\/blog.holyart.it\/de\/devotionalien\/martinslaternen-geschichten-und-kuriositaeten-rund-um-dieses-fest\/\" \/>\n<meta property=\"og:site_name\" content=\"Holyart.de Blog\" \/>\n<meta property=\"article:published_time\" content=\"2023-11-06T09:00:45+00:00\" \/>\n<meta property=\"article:modified_time\" content=\"2023-12-04T15:53:12+00:00\" \/>\n<meta property=\"og:image\" content=\"https:\/\/blog.holyart.it\/de\/wp-content\/uploads\/sites\/12\/2023\/11\/Martinslaternen.jpeg\" \/>\n\t<meta property=\"og:image:width\" content=\"1000\" \/>\n\t<meta property=\"og:image:height\" content=\"664\" \/>\n\t<meta property=\"og:image:type\" content=\"image\/jpeg\" \/>\n<meta name=\"author\" content=\"Redazione\" \/>\n<meta name=\"twitter:card\" content=\"summary_large_image\" \/>\n<meta name=\"twitter:label1\" content=\"Verfasst von\" \/>\n\t<meta name=\"twitter:data1\" content=\"Redazione\" \/>\n\t<meta name=\"twitter:label2\" content=\"Gesch\u00e4tzte Lesezeit\" \/>\n\t<meta name=\"twitter:data2\" content=\"7\u00a0Minuten\" \/>\n<script type=\"application\/ld+json\" class=\"yoast-schema-graph\">{\"@context\":\"https:\/\/schema.org\",\"@graph\":[{\"@type\":\"Article\",\"@id\":\"https:\/\/blog.holyart.it\/de\/devotionalien\/martinslaternen-geschichten-und-kuriositaeten-rund-um-dieses-fest\/#article\",\"isPartOf\":{\"@id\":\"https:\/\/blog.holyart.it\/de\/devotionalien\/martinslaternen-geschichten-und-kuriositaeten-rund-um-dieses-fest\/\"},\"author\":{\"name\":\"Redazione\",\"@id\":\"https:\/\/blog.holyart.it\/de\/#\/schema\/person\/0a7b686e5af0f856ec1e390dd0baecda\"},\"headline\":\"Martinslaternen: Geschichten und Kuriosit\u00e4ten rund um dieses Fest\",\"datePublished\":\"2023-11-06T09:00:45+00:00\",\"dateModified\":\"2023-12-04T15:53:12+00:00\",\"mainEntityOfPage\":{\"@id\":\"https:\/\/blog.holyart.it\/de\/devotionalien\/martinslaternen-geschichten-und-kuriositaeten-rund-um-dieses-fest\/\"},\"wordCount\":1214,\"publisher\":{\"@id\":\"https:\/\/blog.holyart.it\/de\/#organization\"},\"image\":{\"@id\":\"https:\/\/blog.holyart.it\/de\/devotionalien\/martinslaternen-geschichten-und-kuriositaeten-rund-um-dieses-fest\/#primaryimage\"},\"thumbnailUrl\":\"https:\/\/blog.holyart.it\/de\/wp-content\/uploads\/sites\/12\/2023\/11\/Martinslaternen.jpeg\",\"articleSection\":[\"Heilige und Selige\",\"Religion\"],\"inLanguage\":\"de\"},{\"@type\":\"WebPage\",\"@id\":\"https:\/\/blog.holyart.it\/de\/devotionalien\/martinslaternen-geschichten-und-kuriositaeten-rund-um-dieses-fest\/\",\"url\":\"https:\/\/blog.holyart.it\/de\/devotionalien\/martinslaternen-geschichten-und-kuriositaeten-rund-um-dieses-fest\/\",\"name\":\"Martinslaternen: Geschichten und Kuriosit\u00e4ten rund um dieses Fest - Holyart.de Blog\",\"isPartOf\":{\"@id\":\"https:\/\/blog.holyart.it\/de\/#website\"},\"primaryImageOfPage\":{\"@id\":\"https:\/\/blog.holyart.it\/de\/devotionalien\/martinslaternen-geschichten-und-kuriositaeten-rund-um-dieses-fest\/#primaryimage\"},\"image\":{\"@id\":\"https:\/\/blog.holyart.it\/de\/devotionalien\/martinslaternen-geschichten-und-kuriositaeten-rund-um-dieses-fest\/#primaryimage\"},\"thumbnailUrl\":\"https:\/\/blog.holyart.it\/de\/wp-content\/uploads\/sites\/12\/2023\/11\/Martinslaternen.jpeg\",\"datePublished\":\"2023-11-06T09:00:45+00:00\",\"dateModified\":\"2023-12-04T15:53:12+00:00\",\"description\":\"Die Martinslaternen sind ein Gl\u00fcckssymbol und bringen etwas von der W\u00e4rme und dem Licht des Sommers in den kalten Winter.\",\"breadcrumb\":{\"@id\":\"https:\/\/blog.holyart.it\/de\/devotionalien\/martinslaternen-geschichten-und-kuriositaeten-rund-um-dieses-fest\/#breadcrumb\"},\"inLanguage\":\"de\",\"potentialAction\":[{\"@type\":\"ReadAction\",\"target\":[\"https:\/\/blog.holyart.it\/de\/devotionalien\/martinslaternen-geschichten-und-kuriositaeten-rund-um-dieses-fest\/\"]}]},{\"@type\":\"ImageObject\",\"inLanguage\":\"de\",\"@id\":\"https:\/\/blog.holyart.it\/de\/devotionalien\/martinslaternen-geschichten-und-kuriositaeten-rund-um-dieses-fest\/#primaryimage\",\"url\":\"https:\/\/blog.holyart.it\/de\/wp-content\/uploads\/sites\/12\/2023\/11\/Martinslaternen.jpeg\",\"contentUrl\":\"https:\/\/blog.holyart.it\/de\/wp-content\/uploads\/sites\/12\/2023\/11\/Martinslaternen.jpeg\",\"width\":1000,\"height\":664,\"caption\":\"Martinslaternen\"},{\"@type\":\"BreadcrumbList\",\"@id\":\"https:\/\/blog.holyart.it\/de\/devotionalien\/martinslaternen-geschichten-und-kuriositaeten-rund-um-dieses-fest\/#breadcrumb\",\"itemListElement\":[{\"@type\":\"ListItem\",\"position\":1,\"name\":\"Homepage\",\"item\":\"https:\/\/blog.holyart.it\/de\/\"},{\"@type\":\"ListItem\",\"position\":2,\"name\":\"Religion\",\"item\":\"https:\/\/blog.holyart.it\/de\/devotionalien\/\"},{\"@type\":\"ListItem\",\"position\":3,\"name\":\"Martinslaternen: Geschichten und Kuriosit\u00e4ten rund um dieses Fest\"}]},{\"@type\":\"WebSite\",\"@id\":\"https:\/\/blog.holyart.it\/de\/#website\",\"url\":\"https:\/\/blog.holyart.it\/de\/\",\"name\":\"Holyart.de Blog\",\"description\":\"Holyblog\",\"publisher\":{\"@id\":\"https:\/\/blog.holyart.it\/de\/#organization\"},\"potentialAction\":[{\"@type\":\"SearchAction\",\"target\":{\"@type\":\"EntryPoint\",\"urlTemplate\":\"https:\/\/blog.holyart.it\/de\/?s={search_term_string}\"},\"query-input\":{\"@type\":\"PropertyValueSpecification\",\"valueRequired\":true,\"valueName\":\"search_term_string\"}}],\"inLanguage\":\"de\"},{\"@type\":\"Organization\",\"@id\":\"https:\/\/blog.holyart.it\/de\/#organization\",\"name\":\"Holyart.de Blog\",\"url\":\"https:\/\/blog.holyart.it\/de\/\",\"logo\":{\"@type\":\"ImageObject\",\"inLanguage\":\"de\",\"@id\":\"https:\/\/blog.holyart.it\/de\/#\/schema\/logo\/image\/\",\"url\":\"https:\/\/blog.holyart.it\/de\/wp-content\/uploads\/sites\/12\/2022\/12\/Holyart_Blog_Logo.jpg\",\"contentUrl\":\"https:\/\/blog.holyart.it\/de\/wp-content\/uploads\/sites\/12\/2022\/12\/Holyart_Blog_Logo.jpg\",\"width\":300,\"height\":50,\"caption\":\"Holyart.de Blog\"},\"image\":{\"@id\":\"https:\/\/blog.holyart.it\/de\/#\/schema\/logo\/image\/\"}},{\"@type\":\"Person\",\"@id\":\"https:\/\/blog.holyart.it\/de\/#\/schema\/person\/0a7b686e5af0f856ec1e390dd0baecda\",\"name\":\"Redazione\",\"image\":{\"@type\":\"ImageObject\",\"inLanguage\":\"de\",\"@id\":\"https:\/\/blog.holyart.it\/de\/#\/schema\/person\/image\/\",\"url\":\"https:\/\/secure.gravatar.com\/avatar\/f477da817f43e50d0af36abecd33e3edf826c68299714bdc1057dff3b113f516?s=96&d=mm&r=g\",\"contentUrl\":\"https:\/\/secure.gravatar.com\/avatar\/f477da817f43e50d0af36abecd33e3edf826c68299714bdc1057dff3b113f516?s=96&d=mm&r=g\",\"caption\":\"Redazione\"}}]}<\/script>\n<!-- \/ Yoast SEO plugin. -->","yoast_head_json":{"title":"Martinslaternen: Geschichten und Kuriosit\u00e4ten rund um dieses Fest - Holyart.de Blog","description":"Die Martinslaternen sind ein Gl\u00fcckssymbol und bringen etwas von der W\u00e4rme und dem Licht des Sommers in den kalten Winter.","robots":{"index":"index","follow":"follow","max-snippet":"max-snippet:-1","max-image-preview":"max-image-preview:large","max-video-preview":"max-video-preview:-1"},"canonical":"https:\/\/blog.holyart.it\/de\/devotionalien\/martinslaternen-geschichten-und-kuriositaeten-rund-um-dieses-fest\/","og_locale":"de_DE","og_type":"article","og_title":"Martinslaternen: Geschichten und Kuriosit\u00e4ten rund um dieses Fest - Holyart.de Blog","og_description":"Die Martinslaternen sind ein Gl\u00fcckssymbol und bringen etwas von der W\u00e4rme und dem Licht des Sommers in den kalten Winter.","og_url":"https:\/\/blog.holyart.it\/de\/devotionalien\/martinslaternen-geschichten-und-kuriositaeten-rund-um-dieses-fest\/","og_site_name":"Holyart.de Blog","article_published_time":"2023-11-06T09:00:45+00:00","article_modified_time":"2023-12-04T15:53:12+00:00","og_image":[{"width":1000,"height":664,"url":"https:\/\/blog.holyart.it\/de\/wp-content\/uploads\/sites\/12\/2023\/11\/Martinslaternen.jpeg","type":"image\/jpeg"}],"author":"Redazione","twitter_card":"summary_large_image","twitter_misc":{"Verfasst von":"Redazione","Gesch\u00e4tzte Lesezeit":"7\u00a0Minuten"},"schema":{"@context":"https:\/\/schema.org","@graph":[{"@type":"Article","@id":"https:\/\/blog.holyart.it\/de\/devotionalien\/martinslaternen-geschichten-und-kuriositaeten-rund-um-dieses-fest\/#article","isPartOf":{"@id":"https:\/\/blog.holyart.it\/de\/devotionalien\/martinslaternen-geschichten-und-kuriositaeten-rund-um-dieses-fest\/"},"author":{"name":"Redazione","@id":"https:\/\/blog.holyart.it\/de\/#\/schema\/person\/0a7b686e5af0f856ec1e390dd0baecda"},"headline":"Martinslaternen: Geschichten und Kuriosit\u00e4ten rund um dieses Fest","datePublished":"2023-11-06T09:00:45+00:00","dateModified":"2023-12-04T15:53:12+00:00","mainEntityOfPage":{"@id":"https:\/\/blog.holyart.it\/de\/devotionalien\/martinslaternen-geschichten-und-kuriositaeten-rund-um-dieses-fest\/"},"wordCount":1214,"publisher":{"@id":"https:\/\/blog.holyart.it\/de\/#organization"},"image":{"@id":"https:\/\/blog.holyart.it\/de\/devotionalien\/martinslaternen-geschichten-und-kuriositaeten-rund-um-dieses-fest\/#primaryimage"},"thumbnailUrl":"https:\/\/blog.holyart.it\/de\/wp-content\/uploads\/sites\/12\/2023\/11\/Martinslaternen.jpeg","articleSection":["Heilige und Selige","Religion"],"inLanguage":"de"},{"@type":"WebPage","@id":"https:\/\/blog.holyart.it\/de\/devotionalien\/martinslaternen-geschichten-und-kuriositaeten-rund-um-dieses-fest\/","url":"https:\/\/blog.holyart.it\/de\/devotionalien\/martinslaternen-geschichten-und-kuriositaeten-rund-um-dieses-fest\/","name":"Martinslaternen: Geschichten und Kuriosit\u00e4ten rund um dieses Fest - Holyart.de Blog","isPartOf":{"@id":"https:\/\/blog.holyart.it\/de\/#website"},"primaryImageOfPage":{"@id":"https:\/\/blog.holyart.it\/de\/devotionalien\/martinslaternen-geschichten-und-kuriositaeten-rund-um-dieses-fest\/#primaryimage"},"image":{"@id":"https:\/\/blog.holyart.it\/de\/devotionalien\/martinslaternen-geschichten-und-kuriositaeten-rund-um-dieses-fest\/#primaryimage"},"thumbnailUrl":"https:\/\/blog.holyart.it\/de\/wp-content\/uploads\/sites\/12\/2023\/11\/Martinslaternen.jpeg","datePublished":"2023-11-06T09:00:45+00:00","dateModified":"2023-12-04T15:53:12+00:00","description":"Die Martinslaternen sind ein Gl\u00fcckssymbol und bringen etwas von der W\u00e4rme und dem Licht des Sommers in den kalten Winter.","breadcrumb":{"@id":"https:\/\/blog.holyart.it\/de\/devotionalien\/martinslaternen-geschichten-und-kuriositaeten-rund-um-dieses-fest\/#breadcrumb"},"inLanguage":"de","potentialAction":[{"@type":"ReadAction","target":["https:\/\/blog.holyart.it\/de\/devotionalien\/martinslaternen-geschichten-und-kuriositaeten-rund-um-dieses-fest\/"]}]},{"@type":"ImageObject","inLanguage":"de","@id":"https:\/\/blog.holyart.it\/de\/devotionalien\/martinslaternen-geschichten-und-kuriositaeten-rund-um-dieses-fest\/#primaryimage","url":"https:\/\/blog.holyart.it\/de\/wp-content\/uploads\/sites\/12\/2023\/11\/Martinslaternen.jpeg","contentUrl":"https:\/\/blog.holyart.it\/de\/wp-content\/uploads\/sites\/12\/2023\/11\/Martinslaternen.jpeg","width":1000,"height":664,"caption":"Martinslaternen"},{"@type":"BreadcrumbList","@id":"https:\/\/blog.holyart.it\/de\/devotionalien\/martinslaternen-geschichten-und-kuriositaeten-rund-um-dieses-fest\/#breadcrumb","itemListElement":[{"@type":"ListItem","position":1,"name":"Homepage","item":"https:\/\/blog.holyart.it\/de\/"},{"@type":"ListItem","position":2,"name":"Religion","item":"https:\/\/blog.holyart.it\/de\/devotionalien\/"},{"@type":"ListItem","position":3,"name":"Martinslaternen: Geschichten und Kuriosit\u00e4ten rund um dieses Fest"}]},{"@type":"WebSite","@id":"https:\/\/blog.holyart.it\/de\/#website","url":"https:\/\/blog.holyart.it\/de\/","name":"Holyart.de Blog","description":"Holyblog","publisher":{"@id":"https:\/\/blog.holyart.it\/de\/#organization"},"potentialAction":[{"@type":"SearchAction","target":{"@type":"EntryPoint","urlTemplate":"https:\/\/blog.holyart.it\/de\/?s={search_term_string}"},"query-input":{"@type":"PropertyValueSpecification","valueRequired":true,"valueName":"search_term_string"}}],"inLanguage":"de"},{"@type":"Organization","@id":"https:\/\/blog.holyart.it\/de\/#organization","name":"Holyart.de Blog","url":"https:\/\/blog.holyart.it\/de\/","logo":{"@type":"ImageObject","inLanguage":"de","@id":"https:\/\/blog.holyart.it\/de\/#\/schema\/logo\/image\/","url":"https:\/\/blog.holyart.it\/de\/wp-content\/uploads\/sites\/12\/2022\/12\/Holyart_Blog_Logo.jpg","contentUrl":"https:\/\/blog.holyart.it\/de\/wp-content\/uploads\/sites\/12\/2022\/12\/Holyart_Blog_Logo.jpg","width":300,"height":50,"caption":"Holyart.de Blog"},"image":{"@id":"https:\/\/blog.holyart.it\/de\/#\/schema\/logo\/image\/"}},{"@type":"Person","@id":"https:\/\/blog.holyart.it\/de\/#\/schema\/person\/0a7b686e5af0f856ec1e390dd0baecda","name":"Redazione","image":{"@type":"ImageObject","inLanguage":"de","@id":"https:\/\/blog.holyart.it\/de\/#\/schema\/person\/image\/","url":"https:\/\/secure.gravatar.com\/avatar\/f477da817f43e50d0af36abecd33e3edf826c68299714bdc1057dff3b113f516?s=96&d=mm&r=g","contentUrl":"https:\/\/secure.gravatar.com\/avatar\/f477da817f43e50d0af36abecd33e3edf826c68299714bdc1057dff3b113f516?s=96&d=mm&r=g","caption":"Redazione"}}]}},"_links":{"self":[{"href":"https:\/\/blog.holyart.it\/de\/wp-json\/wp\/v2\/posts\/3029","targetHints":{"allow":["GET"]}}],"collection":[{"href":"https:\/\/blog.holyart.it\/de\/wp-json\/wp\/v2\/posts"}],"about":[{"href":"https:\/\/blog.holyart.it\/de\/wp-json\/wp\/v2\/types\/post"}],"author":[{"embeddable":true,"href":"https:\/\/blog.holyart.it\/de\/wp-json\/wp\/v2\/users\/1"}],"replies":[{"embeddable":true,"href":"https:\/\/blog.holyart.it\/de\/wp-json\/wp\/v2\/comments?post=3029"}],"version-history":[{"count":8,"href":"https:\/\/blog.holyart.it\/de\/wp-json\/wp\/v2\/posts\/3029\/revisions"}],"predecessor-version":[{"id":3045,"href":"https:\/\/blog.holyart.it\/de\/wp-json\/wp\/v2\/posts\/3029\/revisions\/3045"}],"wp:featuredmedia":[{"embeddable":true,"href":"https:\/\/blog.holyart.it\/de\/wp-json\/wp\/v2\/media\/3031"}],"wp:attachment":[{"href":"https:\/\/blog.holyart.it\/de\/wp-json\/wp\/v2\/media?parent=3029"}],"wp:term":[{"taxonomy":"category","embeddable":true,"href":"https:\/\/blog.holyart.it\/de\/wp-json\/wp\/v2\/categories?post=3029"},{"taxonomy":"post_tag","embeddable":true,"href":"https:\/\/blog.holyart.it\/de\/wp-json\/wp\/v2\/tags?post=3029"}],"curies":[{"name":"wp","href":"https:\/\/api.w.org\/{rel}","templated":true}]}}