{"id":300,"date":"2017-03-02T17:26:58","date_gmt":"2017-03-02T16:26:58","guid":{"rendered":"https:\/\/blog.holyart.it\/de\/?p=300"},"modified":"2017-03-28T17:27:10","modified_gmt":"2017-03-28T15:27:10","slug":"franz-von-sales-der-grose-lehrer-der-spiritualitat","status":"publish","type":"post","link":"https:\/\/blog.holyart.it\/de\/heilige-und-selige\/franz-von-sales-der-grose-lehrer-der-spiritualitat\/","title":{"rendered":"Franz von Sales, der gro\u00dfe Lehrer der Spiritualit\u00e4t"},"content":{"rendered":"<p><span style=\"color: #0000ff;\"><strong><a style=\"color: #0000ff;\" href=\"https:\/\/www.holyart.de\/devotionalien\/bruderschaft-medaillons\/medaillon-fur-bruderschaft-heiliger-franz-von-sales-im-gebet\">Franz von Sales<\/a> <\/strong><\/span>ist der <strong>Patron der Journalisten<\/strong>, war eine bedeutsame Person der Gegenreformation und der katholischen, franz\u00f6sischen Mystik. Er war ein Mann seiner Zeit und ein einflussreicher Gelehrter der Kirche.<\/p>\n<p>Geboren im Jahre 1567 und in einer Familie des antiken Savoyen Adels aufgewachsen, genoss er alle Privilegien, lebte abwechselnd in Frankreich und Italien und studierte an den prestigetr\u00e4chtigsten Schulen und Universit\u00e4ten.<\/p>\n<p>Trotz der unbegrenzten M\u00f6glichkeiten, die ihm dank seiner Position und seines Namens offen standen, bevorzugte er es, seinem religi\u00f6sen Ruf zu folgen. Vom Anfang an widmete er sich der Predigt gegen die protestantische Reform.<\/p>\n<p>Er ging freiwillig nach Genf, <strong>Symbol des Calvinismus <\/strong>und Hauptsitz der Reformatoren, und innerhalb weniger Jahre bekam er Bischof der Stadt. Seine Methoden basierten vor allem auf <strong>Dialog<\/strong> und auch auf die \u00dcberzeugung, dass die <strong>g\u00f6ttliche Pr\u00e4senz, <\/strong>die in jedem Menschen zu Gast ist, seine Aktionen unterst\u00fctzte. Aus seinen ersten Jahren als Prediger sind vor allem die Manifeste bekannt, die er an \u00f6ffentlichen Orten anschlug und die Flugbl\u00e4tter, die er durch den T\u00fcrspalt jener Personen schob, die er pers\u00f6nlich nicht erreichte.<\/p>\n<p>Diese neue und ungew\u00f6hnliche Nutzung der schriftlichen Kommunikation machte ihn zum Patron der Journalisten und Schriftsteller. Zudem war er Autor von bedeutenden religi\u00f6sen Werken, die auch heute noch als grundlegende Texte der Kirche angesehen werden, wie z.B. die Anleitung zum frommen Leben und die Abhandlung \u00fcber die Gottesliebe. Seine Vorstellung der Gottesliebe war die Grundlage seiner Predigten und seines gesamten Werkes und sie erm\u00f6glichte es ihm, auch viele Hugenotten und Calvinisten zum Katholizismus zu rekonvertieren. Dementsprechend war er einer der Hauptvertreter des frommen Humanismus. Weniger als vierzig Jahre vor seinem Tod<strong> wurde er 1661 selig gesprochen<\/strong>, und viele Gemeinschaften wurden von ihm inspiriert, vor allem die <strong>von Johannes Bosco gegr\u00fcndete Salesianische Familie<\/strong>, die sich f\u00fcr die Bildung von Kindern und Jugendlichen, vor allem aus \u00e4rmeren Verh\u00e4ltnissen, einsetzt.<\/p>\n","protected":false},"excerpt":{"rendered":"<p>Franz von Sales ist der Patron der Journalisten, war eine bedeutsame Person der Gegenreformation und der katholischen, franz\u00f6sischen Mystik. Er war ein Mann seiner Zeit und ein einflussreicher Gelehrter der Kirche. Geboren im Jahre 1567 und in einer Familie des antiken Savoyen Adels aufgewachsen, genoss&hellip;<\/p>\n","protected":false},"author":1,"featured_media":301,"comment_status":"closed","ping_status":"open","sticky":false,"template":"","format":"standard","meta":{"_acf_changed":false,"footnotes":""},"categories":[9],"tags":[],"class_list":["post-300","post","type-post","status-publish","format-standard","has-post-thumbnail","hentry","category-heilige-und-selige"],"acf":[],"yoast_head":"<!-- This site is optimized with the Yoast SEO plugin v26.6 - https:\/\/yoast.com\/wordpress\/plugins\/seo\/ -->\n<title>Franz von Sales, der gro\u00dfe Lehrer der Spiritualit\u00e4t - Holyblog<\/title>\n<meta name=\"description\" content=\"Franz von Sales ist der Patron der Journalisten, war eine bedeutsame Person der Gegenreformation und der katholischen, franz\u00f6sischen Mystik.\" \/>\n<meta name=\"robots\" content=\"index, follow, max-snippet:-1, max-image-preview:large, max-video-preview:-1\" \/>\n<link rel=\"canonical\" href=\"https:\/\/blog.holyart.it\/de\/heilige-und-selige\/franz-von-sales-der-grose-lehrer-der-spiritualitat\/\" \/>\n<meta property=\"og:locale\" content=\"de_DE\" \/>\n<meta property=\"og:type\" content=\"article\" \/>\n<meta property=\"og:title\" content=\"Franz von Sales, der gro\u00dfe Lehrer der Spiritualit\u00e4t - Holyblog\" \/>\n<meta property=\"og:description\" content=\"Franz von Sales ist der Patron der Journalisten, war eine bedeutsame Person der Gegenreformation und der katholischen, franz\u00f6sischen Mystik.\" \/>\n<meta property=\"og:url\" content=\"https:\/\/blog.holyart.it\/de\/heilige-und-selige\/franz-von-sales-der-grose-lehrer-der-spiritualitat\/\" \/>\n<meta property=\"og:site_name\" content=\"Holyart.de Blog\" \/>\n<meta property=\"article:published_time\" content=\"2017-03-02T16:26:58+00:00\" \/>\n<meta property=\"article:modified_time\" content=\"2017-03-28T15:27:10+00:00\" \/>\n<meta property=\"og:image\" content=\"https:\/\/blog.holyart.it\/de\/wp-content\/uploads\/sites\/12\/2017\/03\/Franz-von-Sales.jpg\" \/>\n\t<meta property=\"og:image:width\" content=\"1000\" \/>\n\t<meta property=\"og:image:height\" content=\"666\" \/>\n\t<meta property=\"og:image:type\" content=\"image\/jpeg\" \/>\n<meta name=\"author\" content=\"Redazione\" \/>\n<meta name=\"twitter:card\" content=\"summary_large_image\" \/>\n<meta name=\"twitter:label1\" content=\"Verfasst von\" \/>\n\t<meta name=\"twitter:data1\" content=\"Redazione\" \/>\n\t<meta name=\"twitter:label2\" content=\"Gesch\u00e4tzte Lesezeit\" \/>\n\t<meta name=\"twitter:data2\" content=\"2\u00a0Minuten\" \/>\n<script type=\"application\/ld+json\" class=\"yoast-schema-graph\">{\"@context\":\"https:\/\/schema.org\",\"@graph\":[{\"@type\":\"Article\",\"@id\":\"https:\/\/blog.holyart.it\/de\/heilige-und-selige\/franz-von-sales-der-grose-lehrer-der-spiritualitat\/#article\",\"isPartOf\":{\"@id\":\"https:\/\/blog.holyart.it\/de\/heilige-und-selige\/franz-von-sales-der-grose-lehrer-der-spiritualitat\/\"},\"author\":{\"name\":\"Redazione\",\"@id\":\"https:\/\/blog.holyart.it\/de\/#\/schema\/person\/0a7b686e5af0f856ec1e390dd0baecda\"},\"headline\":\"Franz von Sales, der gro\u00dfe Lehrer der Spiritualit\u00e4t\",\"datePublished\":\"2017-03-02T16:26:58+00:00\",\"dateModified\":\"2017-03-28T15:27:10+00:00\",\"mainEntityOfPage\":{\"@id\":\"https:\/\/blog.holyart.it\/de\/heilige-und-selige\/franz-von-sales-der-grose-lehrer-der-spiritualitat\/\"},\"wordCount\":330,\"publisher\":{\"@id\":\"https:\/\/blog.holyart.it\/de\/#organization\"},\"image\":{\"@id\":\"https:\/\/blog.holyart.it\/de\/heilige-und-selige\/franz-von-sales-der-grose-lehrer-der-spiritualitat\/#primaryimage\"},\"thumbnailUrl\":\"https:\/\/blog.holyart.it\/de\/wp-content\/uploads\/sites\/12\/2017\/03\/Franz-von-Sales.jpg\",\"articleSection\":[\"Heilige und Selige\"],\"inLanguage\":\"de\"},{\"@type\":\"WebPage\",\"@id\":\"https:\/\/blog.holyart.it\/de\/heilige-und-selige\/franz-von-sales-der-grose-lehrer-der-spiritualitat\/\",\"url\":\"https:\/\/blog.holyart.it\/de\/heilige-und-selige\/franz-von-sales-der-grose-lehrer-der-spiritualitat\/\",\"name\":\"Franz von Sales, der gro\u00dfe Lehrer der Spiritualit\u00e4t - Holyblog\",\"isPartOf\":{\"@id\":\"https:\/\/blog.holyart.it\/de\/#website\"},\"primaryImageOfPage\":{\"@id\":\"https:\/\/blog.holyart.it\/de\/heilige-und-selige\/franz-von-sales-der-grose-lehrer-der-spiritualitat\/#primaryimage\"},\"image\":{\"@id\":\"https:\/\/blog.holyart.it\/de\/heilige-und-selige\/franz-von-sales-der-grose-lehrer-der-spiritualitat\/#primaryimage\"},\"thumbnailUrl\":\"https:\/\/blog.holyart.it\/de\/wp-content\/uploads\/sites\/12\/2017\/03\/Franz-von-Sales.jpg\",\"datePublished\":\"2017-03-02T16:26:58+00:00\",\"dateModified\":\"2017-03-28T15:27:10+00:00\",\"description\":\"Franz von Sales ist der Patron der Journalisten, war eine bedeutsame Person der Gegenreformation und der katholischen, franz\u00f6sischen Mystik.\",\"breadcrumb\":{\"@id\":\"https:\/\/blog.holyart.it\/de\/heilige-und-selige\/franz-von-sales-der-grose-lehrer-der-spiritualitat\/#breadcrumb\"},\"inLanguage\":\"de\",\"potentialAction\":[{\"@type\":\"ReadAction\",\"target\":[\"https:\/\/blog.holyart.it\/de\/heilige-und-selige\/franz-von-sales-der-grose-lehrer-der-spiritualitat\/\"]}]},{\"@type\":\"ImageObject\",\"inLanguage\":\"de\",\"@id\":\"https:\/\/blog.holyart.it\/de\/heilige-und-selige\/franz-von-sales-der-grose-lehrer-der-spiritualitat\/#primaryimage\",\"url\":\"https:\/\/blog.holyart.it\/de\/wp-content\/uploads\/sites\/12\/2017\/03\/Franz-von-Sales.jpg\",\"contentUrl\":\"https:\/\/blog.holyart.it\/de\/wp-content\/uploads\/sites\/12\/2017\/03\/Franz-von-Sales.jpg\",\"width\":1000,\"height\":666,\"caption\":\"Franz von Sales\"},{\"@type\":\"BreadcrumbList\",\"@id\":\"https:\/\/blog.holyart.it\/de\/heilige-und-selige\/franz-von-sales-der-grose-lehrer-der-spiritualitat\/#breadcrumb\",\"itemListElement\":[{\"@type\":\"ListItem\",\"position\":1,\"name\":\"Homepage\",\"item\":\"https:\/\/blog.holyart.it\/de\/\"},{\"@type\":\"ListItem\",\"position\":2,\"name\":\"Heilige und Selige\",\"item\":\"https:\/\/blog.holyart.it\/de\/heilige-und-selige\/\"},{\"@type\":\"ListItem\",\"position\":3,\"name\":\"Franz von Sales, der gro\u00dfe Lehrer der Spiritualit\u00e4t\"}]},{\"@type\":\"WebSite\",\"@id\":\"https:\/\/blog.holyart.it\/de\/#website\",\"url\":\"https:\/\/blog.holyart.it\/de\/\",\"name\":\"Holyart.de Blog\",\"description\":\"Holyblog\",\"publisher\":{\"@id\":\"https:\/\/blog.holyart.it\/de\/#organization\"},\"potentialAction\":[{\"@type\":\"SearchAction\",\"target\":{\"@type\":\"EntryPoint\",\"urlTemplate\":\"https:\/\/blog.holyart.it\/de\/?s={search_term_string}\"},\"query-input\":{\"@type\":\"PropertyValueSpecification\",\"valueRequired\":true,\"valueName\":\"search_term_string\"}}],\"inLanguage\":\"de\"},{\"@type\":\"Organization\",\"@id\":\"https:\/\/blog.holyart.it\/de\/#organization\",\"name\":\"Holyart.de Blog\",\"url\":\"https:\/\/blog.holyart.it\/de\/\",\"logo\":{\"@type\":\"ImageObject\",\"inLanguage\":\"de\",\"@id\":\"https:\/\/blog.holyart.it\/de\/#\/schema\/logo\/image\/\",\"url\":\"https:\/\/blog.holyart.it\/de\/wp-content\/uploads\/sites\/12\/2022\/12\/Holyart_Blog_Logo.jpg\",\"contentUrl\":\"https:\/\/blog.holyart.it\/de\/wp-content\/uploads\/sites\/12\/2022\/12\/Holyart_Blog_Logo.jpg\",\"width\":300,\"height\":50,\"caption\":\"Holyart.de Blog\"},\"image\":{\"@id\":\"https:\/\/blog.holyart.it\/de\/#\/schema\/logo\/image\/\"}},{\"@type\":\"Person\",\"@id\":\"https:\/\/blog.holyart.it\/de\/#\/schema\/person\/0a7b686e5af0f856ec1e390dd0baecda\",\"name\":\"Redazione\",\"image\":{\"@type\":\"ImageObject\",\"inLanguage\":\"de\",\"@id\":\"https:\/\/blog.holyart.it\/de\/#\/schema\/person\/image\/\",\"url\":\"https:\/\/secure.gravatar.com\/avatar\/f477da817f43e50d0af36abecd33e3edf826c68299714bdc1057dff3b113f516?s=96&d=mm&r=g\",\"contentUrl\":\"https:\/\/secure.gravatar.com\/avatar\/f477da817f43e50d0af36abecd33e3edf826c68299714bdc1057dff3b113f516?s=96&d=mm&r=g\",\"caption\":\"Redazione\"}}]}<\/script>\n<!-- \/ Yoast SEO plugin. -->","yoast_head_json":{"title":"Franz von Sales, der gro\u00dfe Lehrer der Spiritualit\u00e4t - Holyblog","description":"Franz von Sales ist der Patron der Journalisten, war eine bedeutsame Person der Gegenreformation und der katholischen, franz\u00f6sischen Mystik.","robots":{"index":"index","follow":"follow","max-snippet":"max-snippet:-1","max-image-preview":"max-image-preview:large","max-video-preview":"max-video-preview:-1"},"canonical":"https:\/\/blog.holyart.it\/de\/heilige-und-selige\/franz-von-sales-der-grose-lehrer-der-spiritualitat\/","og_locale":"de_DE","og_type":"article","og_title":"Franz von Sales, der gro\u00dfe Lehrer der Spiritualit\u00e4t - Holyblog","og_description":"Franz von Sales ist der Patron der Journalisten, war eine bedeutsame Person der Gegenreformation und der katholischen, franz\u00f6sischen Mystik.","og_url":"https:\/\/blog.holyart.it\/de\/heilige-und-selige\/franz-von-sales-der-grose-lehrer-der-spiritualitat\/","og_site_name":"Holyart.de Blog","article_published_time":"2017-03-02T16:26:58+00:00","article_modified_time":"2017-03-28T15:27:10+00:00","og_image":[{"width":1000,"height":666,"url":"https:\/\/blog.holyart.it\/de\/wp-content\/uploads\/sites\/12\/2017\/03\/Franz-von-Sales.jpg","type":"image\/jpeg"}],"author":"Redazione","twitter_card":"summary_large_image","twitter_misc":{"Verfasst von":"Redazione","Gesch\u00e4tzte Lesezeit":"2\u00a0Minuten"},"schema":{"@context":"https:\/\/schema.org","@graph":[{"@type":"Article","@id":"https:\/\/blog.holyart.it\/de\/heilige-und-selige\/franz-von-sales-der-grose-lehrer-der-spiritualitat\/#article","isPartOf":{"@id":"https:\/\/blog.holyart.it\/de\/heilige-und-selige\/franz-von-sales-der-grose-lehrer-der-spiritualitat\/"},"author":{"name":"Redazione","@id":"https:\/\/blog.holyart.it\/de\/#\/schema\/person\/0a7b686e5af0f856ec1e390dd0baecda"},"headline":"Franz von Sales, der gro\u00dfe Lehrer der Spiritualit\u00e4t","datePublished":"2017-03-02T16:26:58+00:00","dateModified":"2017-03-28T15:27:10+00:00","mainEntityOfPage":{"@id":"https:\/\/blog.holyart.it\/de\/heilige-und-selige\/franz-von-sales-der-grose-lehrer-der-spiritualitat\/"},"wordCount":330,"publisher":{"@id":"https:\/\/blog.holyart.it\/de\/#organization"},"image":{"@id":"https:\/\/blog.holyart.it\/de\/heilige-und-selige\/franz-von-sales-der-grose-lehrer-der-spiritualitat\/#primaryimage"},"thumbnailUrl":"https:\/\/blog.holyart.it\/de\/wp-content\/uploads\/sites\/12\/2017\/03\/Franz-von-Sales.jpg","articleSection":["Heilige und Selige"],"inLanguage":"de"},{"@type":"WebPage","@id":"https:\/\/blog.holyart.it\/de\/heilige-und-selige\/franz-von-sales-der-grose-lehrer-der-spiritualitat\/","url":"https:\/\/blog.holyart.it\/de\/heilige-und-selige\/franz-von-sales-der-grose-lehrer-der-spiritualitat\/","name":"Franz von Sales, der gro\u00dfe Lehrer der Spiritualit\u00e4t - Holyblog","isPartOf":{"@id":"https:\/\/blog.holyart.it\/de\/#website"},"primaryImageOfPage":{"@id":"https:\/\/blog.holyart.it\/de\/heilige-und-selige\/franz-von-sales-der-grose-lehrer-der-spiritualitat\/#primaryimage"},"image":{"@id":"https:\/\/blog.holyart.it\/de\/heilige-und-selige\/franz-von-sales-der-grose-lehrer-der-spiritualitat\/#primaryimage"},"thumbnailUrl":"https:\/\/blog.holyart.it\/de\/wp-content\/uploads\/sites\/12\/2017\/03\/Franz-von-Sales.jpg","datePublished":"2017-03-02T16:26:58+00:00","dateModified":"2017-03-28T15:27:10+00:00","description":"Franz von Sales ist der Patron der Journalisten, war eine bedeutsame Person der Gegenreformation und der katholischen, franz\u00f6sischen Mystik.","breadcrumb":{"@id":"https:\/\/blog.holyart.it\/de\/heilige-und-selige\/franz-von-sales-der-grose-lehrer-der-spiritualitat\/#breadcrumb"},"inLanguage":"de","potentialAction":[{"@type":"ReadAction","target":["https:\/\/blog.holyart.it\/de\/heilige-und-selige\/franz-von-sales-der-grose-lehrer-der-spiritualitat\/"]}]},{"@type":"ImageObject","inLanguage":"de","@id":"https:\/\/blog.holyart.it\/de\/heilige-und-selige\/franz-von-sales-der-grose-lehrer-der-spiritualitat\/#primaryimage","url":"https:\/\/blog.holyart.it\/de\/wp-content\/uploads\/sites\/12\/2017\/03\/Franz-von-Sales.jpg","contentUrl":"https:\/\/blog.holyart.it\/de\/wp-content\/uploads\/sites\/12\/2017\/03\/Franz-von-Sales.jpg","width":1000,"height":666,"caption":"Franz von Sales"},{"@type":"BreadcrumbList","@id":"https:\/\/blog.holyart.it\/de\/heilige-und-selige\/franz-von-sales-der-grose-lehrer-der-spiritualitat\/#breadcrumb","itemListElement":[{"@type":"ListItem","position":1,"name":"Homepage","item":"https:\/\/blog.holyart.it\/de\/"},{"@type":"ListItem","position":2,"name":"Heilige und Selige","item":"https:\/\/blog.holyart.it\/de\/heilige-und-selige\/"},{"@type":"ListItem","position":3,"name":"Franz von Sales, der gro\u00dfe Lehrer der Spiritualit\u00e4t"}]},{"@type":"WebSite","@id":"https:\/\/blog.holyart.it\/de\/#website","url":"https:\/\/blog.holyart.it\/de\/","name":"Holyart.de Blog","description":"Holyblog","publisher":{"@id":"https:\/\/blog.holyart.it\/de\/#organization"},"potentialAction":[{"@type":"SearchAction","target":{"@type":"EntryPoint","urlTemplate":"https:\/\/blog.holyart.it\/de\/?s={search_term_string}"},"query-input":{"@type":"PropertyValueSpecification","valueRequired":true,"valueName":"search_term_string"}}],"inLanguage":"de"},{"@type":"Organization","@id":"https:\/\/blog.holyart.it\/de\/#organization","name":"Holyart.de Blog","url":"https:\/\/blog.holyart.it\/de\/","logo":{"@type":"ImageObject","inLanguage":"de","@id":"https:\/\/blog.holyart.it\/de\/#\/schema\/logo\/image\/","url":"https:\/\/blog.holyart.it\/de\/wp-content\/uploads\/sites\/12\/2022\/12\/Holyart_Blog_Logo.jpg","contentUrl":"https:\/\/blog.holyart.it\/de\/wp-content\/uploads\/sites\/12\/2022\/12\/Holyart_Blog_Logo.jpg","width":300,"height":50,"caption":"Holyart.de Blog"},"image":{"@id":"https:\/\/blog.holyart.it\/de\/#\/schema\/logo\/image\/"}},{"@type":"Person","@id":"https:\/\/blog.holyart.it\/de\/#\/schema\/person\/0a7b686e5af0f856ec1e390dd0baecda","name":"Redazione","image":{"@type":"ImageObject","inLanguage":"de","@id":"https:\/\/blog.holyart.it\/de\/#\/schema\/person\/image\/","url":"https:\/\/secure.gravatar.com\/avatar\/f477da817f43e50d0af36abecd33e3edf826c68299714bdc1057dff3b113f516?s=96&d=mm&r=g","contentUrl":"https:\/\/secure.gravatar.com\/avatar\/f477da817f43e50d0af36abecd33e3edf826c68299714bdc1057dff3b113f516?s=96&d=mm&r=g","caption":"Redazione"}}]}},"_links":{"self":[{"href":"https:\/\/blog.holyart.it\/de\/wp-json\/wp\/v2\/posts\/300","targetHints":{"allow":["GET"]}}],"collection":[{"href":"https:\/\/blog.holyart.it\/de\/wp-json\/wp\/v2\/posts"}],"about":[{"href":"https:\/\/blog.holyart.it\/de\/wp-json\/wp\/v2\/types\/post"}],"author":[{"embeddable":true,"href":"https:\/\/blog.holyart.it\/de\/wp-json\/wp\/v2\/users\/1"}],"replies":[{"embeddable":true,"href":"https:\/\/blog.holyart.it\/de\/wp-json\/wp\/v2\/comments?post=300"}],"version-history":[{"count":0,"href":"https:\/\/blog.holyart.it\/de\/wp-json\/wp\/v2\/posts\/300\/revisions"}],"wp:featuredmedia":[{"embeddable":true,"href":"https:\/\/blog.holyart.it\/de\/wp-json\/wp\/v2\/media\/301"}],"wp:attachment":[{"href":"https:\/\/blog.holyart.it\/de\/wp-json\/wp\/v2\/media?parent=300"}],"wp:term":[{"taxonomy":"category","embeddable":true,"href":"https:\/\/blog.holyart.it\/de\/wp-json\/wp\/v2\/categories?post=300"},{"taxonomy":"post_tag","embeddable":true,"href":"https:\/\/blog.holyart.it\/de\/wp-json\/wp\/v2\/tags?post=300"}],"curies":[{"name":"wp","href":"https:\/\/api.w.org\/{rel}","templated":true}]}}