{"id":297,"date":"2017-02-28T17:23:39","date_gmt":"2017-02-28T16:23:39","guid":{"rendered":"https:\/\/blog.holyart.it\/de\/?p=297"},"modified":"2017-03-28T17:24:16","modified_gmt":"2017-03-28T15:24:16","slug":"der-talar-der-katholischen-kirche","status":"publish","type":"post","link":"https:\/\/blog.holyart.it\/de\/liturgische-gerate\/der-talar-der-katholischen-kirche\/","title":{"rendered":"Der Talar in der katholischen Kirche"},"content":{"rendered":"<p>Die <span style=\"color: #0000ff;\"><strong><a style=\"color: #0000ff;\" href=\"https:\/\/www.holyart.de\/liturgische-gerate\/priesterbekleidung\">religi\u00f6sen Gew\u00e4nder<\/a><\/strong><\/span> sind seit jeher eine Art \u201eUniform\u201c der Geistlichkeit, um sich vom gemeinen Volk abzuheben. Seit der Entstehung der Religion gab es die Notwendigkeit, dass die Mitglieder der Kommunen erkannt werden k\u00f6nnen, auch aufgrund eines speziellen Gewands.<\/p>\n<p>Vor allem die m\u00e4nnliche Bekleidung der Geistlichen machen diese wiedererkennbar und zu einem Bezugspunkt f\u00fcr die Gl\u00e4ubigen. Durch das Tragen eines religi\u00f6sen Gewandes, sei es ein <strong>Talar<\/strong> oder auch ein <strong>Collarhemd<\/strong> zeigt man seine Funktion und Berufung auf, mit all den Verpflichtungen und der Verantwortung, die damit einhergeht.<\/p>\n<p>Die am h\u00e4ufigsten von der Geistlichkeit verwendete m\u00e4nnliche Bekleidung ist der Talar, ein langes, schwarzes Gewand, verschlossen mit Kn\u00f6pfen und getragen normalerweise au\u00dferhalb der religi\u00f6sen Funktionen. Das Modell und die Farbe der Details sind vom Grad des Geistlichen abh\u00e4ngig, aber normalerweise ist es Schwarz und mit B\u00e4ndern, Kn\u00f6pfen und verschiedenfarbigen Accessoires versehen. Zudem enth\u00e4lt es je nach Anlass verschiedene Elemente (Knopfl\u00f6cher, Kn\u00f6pfe, R\u00e4nder, Futter, Garn, Brustkreuz). Die h\u00f6here Geistlichkeit tr\u00e4gt \u00fcber dem Talar eine Art Schulter-Cape, das als <strong>Pellegrina<\/strong> bezeichnet wird, w\u00e4hrend Seminaristen, Akolythen und Ministranten auch das religi\u00f6se Gewand tragen d\u00fcrfen, aber nur zusammen mit dem Chorhemd. In den Wintermonaten wird zudem ein langer Mantel getragen.<\/p>\n<p>Heute hat das <span style=\"color: #0000ff;\"><strong><a style=\"color: #0000ff;\" href=\"https:\/\/www.holyart.de\/liturgische-gerate\/priesterbekleidung\/collarhemden\">Collarhemd<\/a> <\/strong><\/span>in vielen F\u00e4llen den Talar als m\u00e4nnliches religi\u00f6ses Gewand ersetzt. Es handelt sich dabei um einen Anzug, der aus Hosen, Hemd und Jackett zusammengesetzt ist. Das Hemd verf\u00fcgt \u00fcber einen steifen Kragen, der jenen des Talars umschlie\u00dft. Es gibt zwei verschiedene Modelle des Kragens: den Kragen \u201e<strong>r\u00f6mischer Art<\/strong>\u201c, also ein wei\u00dfes Plastikband, das aus dem schwarzen Kragen herausragt, oder eine <strong>einfache wei\u00dfe Plastikeinlage, <\/strong>die durch 2 Schlitze, in die das jeweilige Ende geschoben wird, am Kragen befestigt wird. Das Hemd kann je nach Jahreszeit lang- oder kurz\u00e4rmlig sein. Die am h\u00e4ufigsten verwendeten Farben sind Dunkelgrau, Hellgrau, Hellblau, Wei\u00df und Schwarz.<\/p>\n","protected":false},"excerpt":{"rendered":"<p>Die religi\u00f6sen Gew\u00e4nder sind seit jeher eine Art \u201eUniform\u201c der Geistlichkeit, um sich vom gemeinen Volk abzuheben. Seit der Entstehung der Religion gab es die Notwendigkeit, dass die Mitglieder der Kommunen erkannt werden k\u00f6nnen, auch aufgrund eines speziellen Gewands. Vor allem die m\u00e4nnliche Bekleidung der&hellip;<\/p>\n","protected":false},"author":1,"featured_media":298,"comment_status":"closed","ping_status":"open","sticky":false,"template":"","format":"standard","meta":{"_acf_changed":false,"footnotes":""},"categories":[5],"tags":[],"class_list":["post-297","post","type-post","status-publish","format-standard","has-post-thumbnail","hentry","category-liturgische-gerate"],"acf":[],"yoast_head":"<!-- This site is optimized with the Yoast SEO plugin v26.6 - https:\/\/yoast.com\/wordpress\/plugins\/seo\/ -->\n<title>Der Talar in der katholischen Kirche<\/title>\n<meta name=\"description\" content=\"Die religi\u00f6sen Gew\u00e4nder sind seit jeher eine Art \u201eUniform\u201c der Geistlichkeit, um sich vom gemeinen Volk abzuheben. Vor allem die m\u00e4nnliche Bekleidung\" \/>\n<meta name=\"robots\" content=\"index, follow, max-snippet:-1, max-image-preview:large, max-video-preview:-1\" \/>\n<link rel=\"canonical\" href=\"https:\/\/blog.holyart.it\/de\/liturgische-gerate\/der-talar-der-katholischen-kirche\/\" \/>\n<meta property=\"og:locale\" content=\"de_DE\" \/>\n<meta property=\"og:type\" content=\"article\" \/>\n<meta property=\"og:title\" content=\"Der Talar in der katholischen Kirche\" \/>\n<meta property=\"og:description\" content=\"Die religi\u00f6sen Gew\u00e4nder sind seit jeher eine Art \u201eUniform\u201c der Geistlichkeit, um sich vom gemeinen Volk abzuheben. Vor allem die m\u00e4nnliche Bekleidung\" \/>\n<meta property=\"og:url\" content=\"https:\/\/blog.holyart.it\/de\/liturgische-gerate\/der-talar-der-katholischen-kirche\/\" \/>\n<meta property=\"og:site_name\" content=\"Holyart.de Blog\" \/>\n<meta property=\"article:published_time\" content=\"2017-02-28T16:23:39+00:00\" \/>\n<meta property=\"article:modified_time\" content=\"2017-03-28T15:24:16+00:00\" \/>\n<meta property=\"og:image\" content=\"https:\/\/blog.holyart.it\/de\/wp-content\/uploads\/sites\/12\/2017\/03\/Talar.jpg\" \/>\n\t<meta property=\"og:image:width\" content=\"1000\" \/>\n\t<meta property=\"og:image:height\" content=\"667\" \/>\n\t<meta property=\"og:image:type\" content=\"image\/jpeg\" \/>\n<meta name=\"author\" content=\"Redazione\" \/>\n<meta name=\"twitter:card\" content=\"summary_large_image\" \/>\n<meta name=\"twitter:label1\" content=\"Verfasst von\" \/>\n\t<meta name=\"twitter:data1\" content=\"Redazione\" \/>\n\t<meta name=\"twitter:label2\" content=\"Gesch\u00e4tzte Lesezeit\" \/>\n\t<meta name=\"twitter:data2\" content=\"2\u00a0Minuten\" \/>\n<script type=\"application\/ld+json\" class=\"yoast-schema-graph\">{\"@context\":\"https:\/\/schema.org\",\"@graph\":[{\"@type\":\"Article\",\"@id\":\"https:\/\/blog.holyart.it\/de\/liturgische-gerate\/der-talar-der-katholischen-kirche\/#article\",\"isPartOf\":{\"@id\":\"https:\/\/blog.holyart.it\/de\/liturgische-gerate\/der-talar-der-katholischen-kirche\/\"},\"author\":{\"name\":\"Redazione\",\"@id\":\"https:\/\/blog.holyart.it\/de\/#\/schema\/person\/0a7b686e5af0f856ec1e390dd0baecda\"},\"headline\":\"Der Talar in der katholischen Kirche\",\"datePublished\":\"2017-02-28T16:23:39+00:00\",\"dateModified\":\"2017-03-28T15:24:16+00:00\",\"mainEntityOfPage\":{\"@id\":\"https:\/\/blog.holyart.it\/de\/liturgische-gerate\/der-talar-der-katholischen-kirche\/\"},\"wordCount\":337,\"publisher\":{\"@id\":\"https:\/\/blog.holyart.it\/de\/#organization\"},\"image\":{\"@id\":\"https:\/\/blog.holyart.it\/de\/liturgische-gerate\/der-talar-der-katholischen-kirche\/#primaryimage\"},\"thumbnailUrl\":\"https:\/\/blog.holyart.it\/de\/wp-content\/uploads\/sites\/12\/2017\/03\/Talar.jpg\",\"articleSection\":[\"Liturgie\"],\"inLanguage\":\"de\"},{\"@type\":\"WebPage\",\"@id\":\"https:\/\/blog.holyart.it\/de\/liturgische-gerate\/der-talar-der-katholischen-kirche\/\",\"url\":\"https:\/\/blog.holyart.it\/de\/liturgische-gerate\/der-talar-der-katholischen-kirche\/\",\"name\":\"Der Talar in der katholischen Kirche\",\"isPartOf\":{\"@id\":\"https:\/\/blog.holyart.it\/de\/#website\"},\"primaryImageOfPage\":{\"@id\":\"https:\/\/blog.holyart.it\/de\/liturgische-gerate\/der-talar-der-katholischen-kirche\/#primaryimage\"},\"image\":{\"@id\":\"https:\/\/blog.holyart.it\/de\/liturgische-gerate\/der-talar-der-katholischen-kirche\/#primaryimage\"},\"thumbnailUrl\":\"https:\/\/blog.holyart.it\/de\/wp-content\/uploads\/sites\/12\/2017\/03\/Talar.jpg\",\"datePublished\":\"2017-02-28T16:23:39+00:00\",\"dateModified\":\"2017-03-28T15:24:16+00:00\",\"description\":\"Die religi\u00f6sen Gew\u00e4nder sind seit jeher eine Art \u201eUniform\u201c der Geistlichkeit, um sich vom gemeinen Volk abzuheben. Vor allem die m\u00e4nnliche Bekleidung\",\"breadcrumb\":{\"@id\":\"https:\/\/blog.holyart.it\/de\/liturgische-gerate\/der-talar-der-katholischen-kirche\/#breadcrumb\"},\"inLanguage\":\"de\",\"potentialAction\":[{\"@type\":\"ReadAction\",\"target\":[\"https:\/\/blog.holyart.it\/de\/liturgische-gerate\/der-talar-der-katholischen-kirche\/\"]}]},{\"@type\":\"ImageObject\",\"inLanguage\":\"de\",\"@id\":\"https:\/\/blog.holyart.it\/de\/liturgische-gerate\/der-talar-der-katholischen-kirche\/#primaryimage\",\"url\":\"https:\/\/blog.holyart.it\/de\/wp-content\/uploads\/sites\/12\/2017\/03\/Talar.jpg\",\"contentUrl\":\"https:\/\/blog.holyart.it\/de\/wp-content\/uploads\/sites\/12\/2017\/03\/Talar.jpg\",\"width\":1000,\"height\":667,\"caption\":\"Talar\"},{\"@type\":\"BreadcrumbList\",\"@id\":\"https:\/\/blog.holyart.it\/de\/liturgische-gerate\/der-talar-der-katholischen-kirche\/#breadcrumb\",\"itemListElement\":[{\"@type\":\"ListItem\",\"position\":1,\"name\":\"Homepage\",\"item\":\"https:\/\/blog.holyart.it\/de\/\"},{\"@type\":\"ListItem\",\"position\":2,\"name\":\"Liturgie\",\"item\":\"https:\/\/blog.holyart.it\/de\/liturgische-gerate\/\"},{\"@type\":\"ListItem\",\"position\":3,\"name\":\"Der Talar in der katholischen Kirche\"}]},{\"@type\":\"WebSite\",\"@id\":\"https:\/\/blog.holyart.it\/de\/#website\",\"url\":\"https:\/\/blog.holyart.it\/de\/\",\"name\":\"Holyart.de Blog\",\"description\":\"Holyblog\",\"publisher\":{\"@id\":\"https:\/\/blog.holyart.it\/de\/#organization\"},\"potentialAction\":[{\"@type\":\"SearchAction\",\"target\":{\"@type\":\"EntryPoint\",\"urlTemplate\":\"https:\/\/blog.holyart.it\/de\/?s={search_term_string}\"},\"query-input\":{\"@type\":\"PropertyValueSpecification\",\"valueRequired\":true,\"valueName\":\"search_term_string\"}}],\"inLanguage\":\"de\"},{\"@type\":\"Organization\",\"@id\":\"https:\/\/blog.holyart.it\/de\/#organization\",\"name\":\"Holyart.de Blog\",\"url\":\"https:\/\/blog.holyart.it\/de\/\",\"logo\":{\"@type\":\"ImageObject\",\"inLanguage\":\"de\",\"@id\":\"https:\/\/blog.holyart.it\/de\/#\/schema\/logo\/image\/\",\"url\":\"https:\/\/blog.holyart.it\/de\/wp-content\/uploads\/sites\/12\/2022\/12\/Holyart_Blog_Logo.jpg\",\"contentUrl\":\"https:\/\/blog.holyart.it\/de\/wp-content\/uploads\/sites\/12\/2022\/12\/Holyart_Blog_Logo.jpg\",\"width\":300,\"height\":50,\"caption\":\"Holyart.de Blog\"},\"image\":{\"@id\":\"https:\/\/blog.holyart.it\/de\/#\/schema\/logo\/image\/\"}},{\"@type\":\"Person\",\"@id\":\"https:\/\/blog.holyart.it\/de\/#\/schema\/person\/0a7b686e5af0f856ec1e390dd0baecda\",\"name\":\"Redazione\",\"image\":{\"@type\":\"ImageObject\",\"inLanguage\":\"de\",\"@id\":\"https:\/\/blog.holyart.it\/de\/#\/schema\/person\/image\/\",\"url\":\"https:\/\/secure.gravatar.com\/avatar\/f477da817f43e50d0af36abecd33e3edf826c68299714bdc1057dff3b113f516?s=96&d=mm&r=g\",\"contentUrl\":\"https:\/\/secure.gravatar.com\/avatar\/f477da817f43e50d0af36abecd33e3edf826c68299714bdc1057dff3b113f516?s=96&d=mm&r=g\",\"caption\":\"Redazione\"}}]}<\/script>\n<!-- \/ Yoast SEO plugin. -->","yoast_head_json":{"title":"Der Talar in der katholischen Kirche","description":"Die religi\u00f6sen Gew\u00e4nder sind seit jeher eine Art \u201eUniform\u201c der Geistlichkeit, um sich vom gemeinen Volk abzuheben. Vor allem die m\u00e4nnliche Bekleidung","robots":{"index":"index","follow":"follow","max-snippet":"max-snippet:-1","max-image-preview":"max-image-preview:large","max-video-preview":"max-video-preview:-1"},"canonical":"https:\/\/blog.holyart.it\/de\/liturgische-gerate\/der-talar-der-katholischen-kirche\/","og_locale":"de_DE","og_type":"article","og_title":"Der Talar in der katholischen Kirche","og_description":"Die religi\u00f6sen Gew\u00e4nder sind seit jeher eine Art \u201eUniform\u201c der Geistlichkeit, um sich vom gemeinen Volk abzuheben. Vor allem die m\u00e4nnliche Bekleidung","og_url":"https:\/\/blog.holyart.it\/de\/liturgische-gerate\/der-talar-der-katholischen-kirche\/","og_site_name":"Holyart.de Blog","article_published_time":"2017-02-28T16:23:39+00:00","article_modified_time":"2017-03-28T15:24:16+00:00","og_image":[{"width":1000,"height":667,"url":"https:\/\/blog.holyart.it\/de\/wp-content\/uploads\/sites\/12\/2017\/03\/Talar.jpg","type":"image\/jpeg"}],"author":"Redazione","twitter_card":"summary_large_image","twitter_misc":{"Verfasst von":"Redazione","Gesch\u00e4tzte Lesezeit":"2\u00a0Minuten"},"schema":{"@context":"https:\/\/schema.org","@graph":[{"@type":"Article","@id":"https:\/\/blog.holyart.it\/de\/liturgische-gerate\/der-talar-der-katholischen-kirche\/#article","isPartOf":{"@id":"https:\/\/blog.holyart.it\/de\/liturgische-gerate\/der-talar-der-katholischen-kirche\/"},"author":{"name":"Redazione","@id":"https:\/\/blog.holyart.it\/de\/#\/schema\/person\/0a7b686e5af0f856ec1e390dd0baecda"},"headline":"Der Talar in der katholischen Kirche","datePublished":"2017-02-28T16:23:39+00:00","dateModified":"2017-03-28T15:24:16+00:00","mainEntityOfPage":{"@id":"https:\/\/blog.holyart.it\/de\/liturgische-gerate\/der-talar-der-katholischen-kirche\/"},"wordCount":337,"publisher":{"@id":"https:\/\/blog.holyart.it\/de\/#organization"},"image":{"@id":"https:\/\/blog.holyart.it\/de\/liturgische-gerate\/der-talar-der-katholischen-kirche\/#primaryimage"},"thumbnailUrl":"https:\/\/blog.holyart.it\/de\/wp-content\/uploads\/sites\/12\/2017\/03\/Talar.jpg","articleSection":["Liturgie"],"inLanguage":"de"},{"@type":"WebPage","@id":"https:\/\/blog.holyart.it\/de\/liturgische-gerate\/der-talar-der-katholischen-kirche\/","url":"https:\/\/blog.holyart.it\/de\/liturgische-gerate\/der-talar-der-katholischen-kirche\/","name":"Der Talar in der katholischen Kirche","isPartOf":{"@id":"https:\/\/blog.holyart.it\/de\/#website"},"primaryImageOfPage":{"@id":"https:\/\/blog.holyart.it\/de\/liturgische-gerate\/der-talar-der-katholischen-kirche\/#primaryimage"},"image":{"@id":"https:\/\/blog.holyart.it\/de\/liturgische-gerate\/der-talar-der-katholischen-kirche\/#primaryimage"},"thumbnailUrl":"https:\/\/blog.holyart.it\/de\/wp-content\/uploads\/sites\/12\/2017\/03\/Talar.jpg","datePublished":"2017-02-28T16:23:39+00:00","dateModified":"2017-03-28T15:24:16+00:00","description":"Die religi\u00f6sen Gew\u00e4nder sind seit jeher eine Art \u201eUniform\u201c der Geistlichkeit, um sich vom gemeinen Volk abzuheben. Vor allem die m\u00e4nnliche Bekleidung","breadcrumb":{"@id":"https:\/\/blog.holyart.it\/de\/liturgische-gerate\/der-talar-der-katholischen-kirche\/#breadcrumb"},"inLanguage":"de","potentialAction":[{"@type":"ReadAction","target":["https:\/\/blog.holyart.it\/de\/liturgische-gerate\/der-talar-der-katholischen-kirche\/"]}]},{"@type":"ImageObject","inLanguage":"de","@id":"https:\/\/blog.holyart.it\/de\/liturgische-gerate\/der-talar-der-katholischen-kirche\/#primaryimage","url":"https:\/\/blog.holyart.it\/de\/wp-content\/uploads\/sites\/12\/2017\/03\/Talar.jpg","contentUrl":"https:\/\/blog.holyart.it\/de\/wp-content\/uploads\/sites\/12\/2017\/03\/Talar.jpg","width":1000,"height":667,"caption":"Talar"},{"@type":"BreadcrumbList","@id":"https:\/\/blog.holyart.it\/de\/liturgische-gerate\/der-talar-der-katholischen-kirche\/#breadcrumb","itemListElement":[{"@type":"ListItem","position":1,"name":"Homepage","item":"https:\/\/blog.holyart.it\/de\/"},{"@type":"ListItem","position":2,"name":"Liturgie","item":"https:\/\/blog.holyart.it\/de\/liturgische-gerate\/"},{"@type":"ListItem","position":3,"name":"Der Talar in der katholischen Kirche"}]},{"@type":"WebSite","@id":"https:\/\/blog.holyart.it\/de\/#website","url":"https:\/\/blog.holyart.it\/de\/","name":"Holyart.de Blog","description":"Holyblog","publisher":{"@id":"https:\/\/blog.holyart.it\/de\/#organization"},"potentialAction":[{"@type":"SearchAction","target":{"@type":"EntryPoint","urlTemplate":"https:\/\/blog.holyart.it\/de\/?s={search_term_string}"},"query-input":{"@type":"PropertyValueSpecification","valueRequired":true,"valueName":"search_term_string"}}],"inLanguage":"de"},{"@type":"Organization","@id":"https:\/\/blog.holyart.it\/de\/#organization","name":"Holyart.de Blog","url":"https:\/\/blog.holyart.it\/de\/","logo":{"@type":"ImageObject","inLanguage":"de","@id":"https:\/\/blog.holyart.it\/de\/#\/schema\/logo\/image\/","url":"https:\/\/blog.holyart.it\/de\/wp-content\/uploads\/sites\/12\/2022\/12\/Holyart_Blog_Logo.jpg","contentUrl":"https:\/\/blog.holyart.it\/de\/wp-content\/uploads\/sites\/12\/2022\/12\/Holyart_Blog_Logo.jpg","width":300,"height":50,"caption":"Holyart.de Blog"},"image":{"@id":"https:\/\/blog.holyart.it\/de\/#\/schema\/logo\/image\/"}},{"@type":"Person","@id":"https:\/\/blog.holyart.it\/de\/#\/schema\/person\/0a7b686e5af0f856ec1e390dd0baecda","name":"Redazione","image":{"@type":"ImageObject","inLanguage":"de","@id":"https:\/\/blog.holyart.it\/de\/#\/schema\/person\/image\/","url":"https:\/\/secure.gravatar.com\/avatar\/f477da817f43e50d0af36abecd33e3edf826c68299714bdc1057dff3b113f516?s=96&d=mm&r=g","contentUrl":"https:\/\/secure.gravatar.com\/avatar\/f477da817f43e50d0af36abecd33e3edf826c68299714bdc1057dff3b113f516?s=96&d=mm&r=g","caption":"Redazione"}}]}},"_links":{"self":[{"href":"https:\/\/blog.holyart.it\/de\/wp-json\/wp\/v2\/posts\/297","targetHints":{"allow":["GET"]}}],"collection":[{"href":"https:\/\/blog.holyart.it\/de\/wp-json\/wp\/v2\/posts"}],"about":[{"href":"https:\/\/blog.holyart.it\/de\/wp-json\/wp\/v2\/types\/post"}],"author":[{"embeddable":true,"href":"https:\/\/blog.holyart.it\/de\/wp-json\/wp\/v2\/users\/1"}],"replies":[{"embeddable":true,"href":"https:\/\/blog.holyart.it\/de\/wp-json\/wp\/v2\/comments?post=297"}],"version-history":[{"count":0,"href":"https:\/\/blog.holyart.it\/de\/wp-json\/wp\/v2\/posts\/297\/revisions"}],"wp:featuredmedia":[{"embeddable":true,"href":"https:\/\/blog.holyart.it\/de\/wp-json\/wp\/v2\/media\/298"}],"wp:attachment":[{"href":"https:\/\/blog.holyart.it\/de\/wp-json\/wp\/v2\/media?parent=297"}],"wp:term":[{"taxonomy":"category","embeddable":true,"href":"https:\/\/blog.holyart.it\/de\/wp-json\/wp\/v2\/categories?post=297"},{"taxonomy":"post_tag","embeddable":true,"href":"https:\/\/blog.holyart.it\/de\/wp-json\/wp\/v2\/tags?post=297"}],"curies":[{"name":"wp","href":"https:\/\/api.w.org\/{rel}","templated":true}]}}