{"id":2956,"date":"2023-10-16T10:00:50","date_gmt":"2023-10-16T08:00:50","guid":{"rendered":"https:\/\/blog.holyart.it\/de\/?p=2956"},"modified":"2023-10-04T17:36:51","modified_gmt":"2023-10-04T15:36:51","slug":"weltmissionstag-sich-fuer-andere-einsetzen","status":"publish","type":"post","link":"https:\/\/blog.holyart.it\/de\/devotionalien\/weltmissionstag-sich-fuer-andere-einsetzen\/","title":{"rendered":"Weltmissionstag: Sich f\u00fcr andere einsetzen"},"content":{"rendered":"<h4>Der Weltmissionstag wird am 24. Oktober gefeiert und macht den Oktober zum Missionsmonat schlechthin<\/h4>\n\n<p>Der <strong>Weltmissionstag<\/strong> w\u00fcrdigt die missionarische T\u00e4tigkeit der Weltkirche und f\u00f6rdert Solidarit\u00e4ts- und Unterst\u00fctzungsprojekte in der ganzen Welt. Die treibende Kraft hinter dieser Veranstaltung ist die <strong>Solidarit\u00e4t<\/strong> in all ihren Formen und Auspr\u00e4gungen. Sie bezieht Katecheten in die Initiativen ein, Seminare, die neue Priester ausbilden, insbesondere in den Gebieten mit der gr\u00f6\u00dften Armut und Erniedrigung, Organisationen, die medizinische und humanit\u00e4re Unterst\u00fctzung und Hilfe f\u00fcr Kinder und die Bed\u00fcrftigsten leisten.<\/p>\n<p>Dieser Tag best\u00e4tigt den <strong>Missionsmonat<\/strong> Oktober nur erneut. Das missionarische Bewusstsein der Kirche hat tiefe Wurzeln. Wir denken an den heiligen <a href=\"https:\/\/www.holyart.de\/blog\/heilige-und-selige\/saint-paul-von-tarso-geschichte-eines-missionars\/\"><strong><u>Paulus von Tarsus<\/u><\/strong><\/a>, der der bedeutendste Missionar des Evangeliums Jesu unter den griechischen und r\u00f6mischen Heiden war, aber auch an viele andere, die das Wort Gottes zu weit entfernten und oft feindseligen Bev\u00f6lkerungen brachten.<\/p>\n<p>Im Laufe der Jahrhunderte haben Ordensleute und Laienmissionare zahlreiche humanit\u00e4re, gesundheitliche und wirtschaftliche Initiativen gef\u00f6rdert und organisiert, um einen wichtigen Beitrag f\u00fcr die weniger gl\u00fccklichen Teile der Welt zu leisten. Wir haben in der Vergangenheit bereits einige davon erw\u00e4hnt, wie z. B. die <u>Operation Mato Grosso<\/u>, die sich mit der Ausbildung junger Menschen durch Dienst und Mission in verschiedenen Teilen der Welt befasst.<\/p>\n<p>Seit den 1960er Jahren wird das, was eine gelegentliche Sehnsucht war, die die Form von episodischen Interventionen ohne genaue Regeln annahm, nach kodifizierten Kriterien und einem kapillaren Organisationsnetz koordiniert und definiert. In diesem Bereich der Aufwertung und <strong>Neuorganisation der Missionsarbeit<\/strong> entsteht die Bitte des Italienischen Werks f\u00fcr die Glaubensverbreitung um die Ausrufung des Weltmissionstags.<\/p>\n<h2>Was ist der Weltmissionstag?<\/h2>\n<p>Der Weltmissionstag wurde <strong>1926<\/strong> von Papst Pius XI. proklamiert. Er ist ein vom Werk f\u00fcr die Glaubensverbreitung stark gew\u00fcnschtes Fest, das der missionarischen Solidarit\u00e4t gewidmet ist und die gesamte Kirche als Instrument der N\u00e4chstenliebe in der Welt einbezieht. Seit 1963 wird jeder Weltmissionstag durch eine <strong>p\u00e4pstliche Botschaft<\/strong> definiert, die seine Absichten verk\u00fcndet und die grundlegenden Themen vorwegnimmt, die seine Protagonisten sein werden.<\/p>\n<p>Er wird jedes Jahr am <strong>vorletzten Sonntag im Oktober<\/strong> begangen, dieses Jahr also am <strong>22. Oktober<\/strong>.<\/p>\n<p>Bevor jedoch der Weltmissionstag als H\u00f6hepunkt des missionarischen Oktobers begangen wird, gibt es einen spirituellen Weg, der in f\u00fcnf Wochen unterteilt ist, die jeweils einem bestimmten Thema gewidmet sind. Werfen wir einen Blick auf das Thema des Jahres:<\/p>\n<ul>\n<li>1. Oktober &#8211; Erster Sonntag im missionarischen Oktober: <strong>BR\u00dcDER<\/strong>, f\u00fcr eine universelle Bruderschaft in Christus;<\/li>\n<li>8. Oktober &#8211; Zweite Woche des missionarischen Oktobers: <strong>FREIHEIT<\/strong>, um aus uns selbst herauszugehen und frei zu sein, von uns selbst zu geben;<\/li>\n<li>15. Oktober &#8211; Dritte Woche des missionarischen Oktobers: <strong>DIENER<\/strong>, um einander zu dienen;<\/li>\n<li>22. Oktober &#8211; Vierte Woche des <strong>missionarischen Oktobers und Weltmissionstag<\/strong>: <strong>SOLIDARISTEN<\/strong>, in Solidarit\u00e4t auf den Schrei der Armen h\u00f6ren;<\/li>\n<li>29. Oktober &#8211; F\u00fcnfte Woche des missionarischen Oktobers: <strong>LIEBENDE<\/strong>, die gesandt sind, Zeugen und Propheten der Liebe zu sein.<\/li>\n<\/ul>\n<h2>Zeugen und Propheten<\/h2>\n<p>In diesem Jahr findet der 97. Weltmissionstag statt. Weltmissionstag statt. Das Thema des Missionarischen Oktobers 2023 lautet \u201e<strong>Zeugen und Propheten<\/strong>\u201c und bildet den Abschluss einer Reise der missionarischen Reflexion und Ausbildung, die sich in den vergangenen zwei Jahren entwickelt hat: 2019 war das Thema \u201e<strong>Getauft und gesandt<\/strong>\u201c, das die missionarische Berufung als integralen Bestandteil aller Getauften untersuchte, und 2020 das Thema \u201e<strong>Weber der Br\u00fcderlichkeit<\/strong>\u201c, das sich auf die Notwendigkeit und die Bereitschaft der Missionare konzentrierte, das Projekt Jesu als J\u00fcnger zu leben, die lieben wie er geliebt hat.<\/p>\n<div class=\"link-product\">\n<div class=\"blocco-immagine\"><img loading=\"lazy\" decoding=\"async\" class=\"size-full wp-image-2958 alignleft\" src=\"https:\/\/blog.holyart.it\/de\/wp-content\/uploads\/sites\/12\/2023\/10\/Kruzifix-aus-handgefertigtem.jpg\" alt=\"Kruzifix aus handgefertigtem\" width=\"100\" height=\"100\" data-kale-share-title=\"Weltmissionstag: Sich f\u00fcr andere einsetzen\" data-kale-share-url=\"https:\/\/blog.holyart.it\/de\/?p=2956\" \/><\/div>\n<div class=\"blocco-contenuto\">\n<div class=\"blocco-acquista\">Einkaufen:<\/div>\n<div class=\"blocco-titolo\"><a href=\"https:\/\/www.holyart.de\/devotionalien\/kruzifixe-und-kreuze\/kruzifixe-und-kreuze-aus-holz\/kruzifix-aus-handgefertigtem-lenga-holz-von-mato-grosso-35-x-25-x-5-cm?_gl=1*1i63ke4*_gcl_aw*R0NMLjE2OTAyODEzMTIuQ2owS0NRanc1ZjJsQmhDa0FSSXNBSGVUdmxpUXN6U2xKQWxLR2lRUFROWmlldTdtUjJUUWFNb282YVMxaHAtSEp6RkExQVBPUHhodXB1MGFBcnVvRUFMd193Y0I.*_gcl_au*NTIzMjMyNDc1LjE2OTQ3ODgxNDM.*_ga*MTQ4NzE4MjM0Mi4xNjk0Nzg4MTQz*_ga_W18MV136NH*MTY5NjQxMjU3OS41Ni4xLjE2OTY0MTM3MjkuMC4wLjA.\">Kruzifix aus handgefertigtem Lenga-Holz von Mato Grosso, 35 x 25 x 5 cm<\/a><\/div>\n<div class=\"blocco-descrizione\">Das Holz kommt aus Lima und wird in die Anden gebracht,.<\/div>\n<\/div>\n<\/div>\n<p><strong>Zeugen und Propheten<\/strong> ist eine Einladung, sich mit der Welt, in der wir leben, auseinanderzusetzen, einer Welt, die durch viele Ereignisse, von denen die Pandemie nur das j\u00fcngste ist, zerrissen und tiefgreifend ver\u00e4ndert wurde. Gerade in einer Welt, die immer komplexer und schwieriger zu verstehen ist, wird es notwendig, das Reich Gottes zu erkennen, das bereits gegenw\u00e4rtig und lebendig ist, und zu seinen Verk\u00fcndern und Propheten zu werden, um denen, die in der Dunkelheit k\u00e4mpfen, Hoffnung zu bringen, wie die biblischen Propheten. Eine Mission der Verk\u00fcndigung des Reiches Gottes also, aber auch des praktischen und konkreten Handelns, um es f\u00fcr diejenigen, die es am meisten brauchen, realer und greifbarer zu machen.<\/p>\n<h2>Botschaft von Papst Franziskus zum Weltmissionstag<\/h2>\n<p>Wie jedes Jahr hat der Papst eine Botschaft zum Weltmissionstag verfasst. In diesem Jahr wollte der Papst uns besonders daran erinnern, dass wir alle dazu aufgerufen sind, aktive Teilnehmer an Jesu <strong>Mission der Liebe und des Mitgef\u00fchls<\/strong> und seiner Botschaft der Erl\u00f6sung zu sein.<\/p>\n<p><em>\u201eAlles in Christus erinnert uns daran, dass die Welt, in der wir leben, und ihre Erl\u00f6sungsbed\u00fcrftigkeit ihm nicht fremd sind, und er ruft auch uns auf, uns als aktiver Teil dieser Mission zu f\u00fchlen\u201c [&#8230;] \u201eniemand ist ein Fremder, niemand kann sich fremd oder entfernt von dieser Liebe des Mitgef\u00fchls f\u00fchlen.\u201c<\/em><\/p>\n<div class=\"link-product\">\n<div class=\"blocco-immagine\"><img loading=\"lazy\" decoding=\"async\" class=\"size-full wp-image-2959 alignleft\" src=\"https:\/\/blog.holyart.it\/de\/wp-content\/uploads\/sites\/12\/2023\/10\/Rosenkranz-aus-Olivenholz-Papst-Franziskus.jpg\" alt=\"Rosenkranz aus Olivenholz Papst Franziskus\" width=\"100\" height=\"100\" data-kale-share-title=\"Weltmissionstag: Sich f\u00fcr andere einsetzen\" data-kale-share-url=\"https:\/\/blog.holyart.it\/de\/?p=2956\" \/><\/div>\n<div class=\"blocco-contenuto\">\n<div class=\"blocco-acquista\">Einkaufen:<\/div>\n<div class=\"blocco-titolo\"><a href=\"https:\/\/www.holyart.de\/devotionalien\/rosenkranze-und-rosenkranzetuis\/rosenkranze-mit-holzperlen\/rosenkranz-aus-olivenholz-papst-franziskus?_gl=1*y3m857*_gcl_aw*R0NMLjE2OTAyODEzMTIuQ2owS0NRanc1ZjJsQmhDa0FSSXNBSGVUdmxpUXN6U2xKQWxLR2lRUFROWmlldTdtUjJUUWFNb282YVMxaHAtSEp6RkExQVBPUHhodXB1MGFBcnVvRUFMd193Y0I.*_gcl_au*NTIzMjMyNDc1LjE2OTQ3ODgxNDM.*_ga*MTQ4NzE4MjM0Mi4xNjk0Nzg4MTQz*_ga_W18MV136NH*MTY5NjQxMjU3OS41Ni4xLjE2OTY0MTM4MDkuMC4wLjA.\">Rosenkranz aus Olivenholz Papst Franziskus<\/a><\/div>\n<div class=\"blocco-descrizione\">Der Rosenkranz ist aus Olivenholz realisiert: der Kreuz zeigt den guten Hirten von Papst Franziskus&#8230;<\/div>\n<\/div>\n<\/div>\n<p><a href=\"https:\/\/www.holyart.de\/besondere-anlasse\/papst-franziksus?page=1&amp;_gl=1*1igwq2d*_gcl_aw*R0NMLjE2OTAyODEzMTIuQ2owS0NRanc1ZjJsQmhDa0FSSXNBSGVUdmxpUXN6U2xKQWxLR2lRUFROWmlldTdtUjJUUWFNb282YVMxaHAtSEp6RkExQVBPUHhodXB1MGFBcnVvRUFMd193Y0I.*_gcl_au*NTIzMjMyNDc1LjE2OTQ3ODgxNDM.*_ga*MTQ4NzE4MjM0Mi4xNjk0Nzg4MTQz*_ga_W18MV136NH*MTY5NjQxMjU3OS41Ni4xLjE2OTY0MTM4NjYuMC4wLjA.\"><strong>Papst Franziskus<\/strong><\/a> erinnerte daran, wie das <strong>Beispiel Jesu<\/strong>, der Zeuge der vielen Heilungen und der Taten der Barmherzigkeit war, die er den Armen, den Kranken und den Ausgegrenzten zukommen lie\u00df, die Apostel mit <strong>gro\u00dfer Freude<\/strong> und dem <strong>unb\u00e4ndigen Wunsch<\/strong> beseelte, dasselbe zu tun. Auch die <strong>ersten Christen<\/strong> sahen sich einer feindseligen und schwierigen Umgebung gegen\u00fcber, in der sie mit Unglauben und oft auch mit Gewalt konfrontiert wurden. Dies hat sie jedoch nicht besiegt, sondern sie st\u00e4rker und entschlossener gemacht, so dass sie in der Lage waren, jede Unannehmlichkeit und jedes Hindernis in einen Punkt der St\u00e4rke f\u00fcr ihre Mission der Evangelisierung umzuwandeln.<\/p>\n<p>Der Papst wies vor allem darauf hin, dass der Weg, den es zu gehen gilt, <strong>der Weg des Mitgef\u00fchls<\/strong> ist, der Weg der Hingabe an den N\u00e4chsten im Namen einer Mission der Barmherzigkeit und der Hoffnung. \u201e<em>Niemand rettet sich allein<\/em>\u201c, erinnerte der Papst und betonte, dass wir nie allein sind, wenn wir im Namen Jesu Gutes tun, und erinnerte uns gleichzeitig daran, dass wir den Herrn nicht f\u00fcr uns allein behalten k\u00f6nnen. Er rief erneut zu einer gr\u00f6\u00dferen Offenheit auf, die es uns erm\u00f6glicht, <strong>auf alle zuzugehen und sie zu umarmen.<\/strong><\/p>\n<div class=\"link-product\">\n<div class=\"blocco-immagine\"><img loading=\"lazy\" decoding=\"async\" class=\"size-full wp-image-2960 alignleft\" src=\"https:\/\/blog.holyart.it\/de\/wp-content\/uploads\/sites\/12\/2023\/10\/Brustkreuz-Guter-Hirte-mit-Schachtel-10x7cm.jpg\" alt=\"Brustkreuz Guter Hirte mit Schachtel 10x7cm\" width=\"100\" height=\"100\" data-kale-share-title=\"Weltmissionstag: Sich f\u00fcr andere einsetzen\" data-kale-share-url=\"https:\/\/blog.holyart.it\/de\/?p=2956\" \/><\/div>\n<div class=\"blocco-contenuto\">\n<div class=\"blocco-acquista\">Einkaufen:<\/div>\n<div class=\"blocco-titolo\"><a href=\"https:\/\/www.holyart.de\/kirchenbedarf\/bischofsausstattung\/brustkreuz-guter-hirte-mit-schachtel-10x7cm?_gl=1*1s3n1am*_gcl_aw*R0NMLjE2OTAyODEzMTIuQ2owS0NRanc1ZjJsQmhDa0FSSXNBSGVUdmxpUXN6U2xKQWxLR2lRUFROWmlldTdtUjJUUWFNb282YVMxaHAtSEp6RkExQVBPUHhodXB1MGFBcnVvRUFMd193Y0I.*_gcl_au*NTIzMjMyNDc1LjE2OTQ3ODgxNDM.*_ga*MTQ4NzE4MjM0Mi4xNjk0Nzg4MTQz*_ga_W18MV136NH*MTY5NjQxMjU3OS41Ni4xLjE2OTY0MTM4ODkuMC4wLjA.\">Brustkreuz Guter Hirte mit Schachtel 10x7cm<\/a><\/div>\n<div class=\"blocco-descrizione\">Brustkreuz realisiert aus Metall mit Bild des guten Hirtes.<\/div>\n<\/div>\n<\/div>\n<p>Der Papst schloss seine Botschaft mit einem <strong>Dank an die Missionare<\/strong> und verglich die missionarische Berufung mit einer <strong>Liebesgeschichte<\/strong>: \u201e<em>Jesus braucht heute Herzen, die f\u00e4hig sind, die Berufung als eine wahre Liebesgeschichte zu leben, die sie dazu bringt, an die Peripherien der Welt zu gehen und zu Boten und Werkzeugen des Mitgef\u00fchls zu werden\u201c [&#8230;] \u201eDie Mission zu leben bedeutet, es zu wagen, die gleichen Gef\u00fchle wie Christus Jesus zu pflegen und mit ihm zu glauben, dass diejenigen, die neben mir sind, auch meine Br\u00fcder und Schwestern sind. M\u00f6ge seine Liebe des Mitgef\u00fchls auch unsere Herzen erwecken und uns alle zu missionarischen J\u00fcngern machen.<\/em>\u201c<\/p>\n","protected":false},"excerpt":{"rendered":"<p>Der Weltmissionstag wird am 24. Oktober gefeiert und macht den Oktober zum Missionsmonat schlechthin Der Weltmissionstag w\u00fcrdigt die missionarische T\u00e4tigkeit der Weltkirche und f\u00f6rdert Solidarit\u00e4ts- und Unterst\u00fctzungsprojekte in der ganzen Welt. Die treibende Kraft hinter dieser Veranstaltung ist die Solidarit\u00e4t in all ihren Formen und&hellip;<\/p>\n","protected":false},"author":1,"featured_media":2957,"comment_status":"closed","ping_status":"open","sticky":false,"template":"","format":"standard","meta":{"_acf_changed":false,"footnotes":""},"categories":[10],"tags":[],"class_list":["post-2956","post","type-post","status-publish","format-standard","has-post-thumbnail","hentry","category-devotionalien"],"acf":[],"yoast_head":"<!-- This site is optimized with the Yoast SEO plugin v26.6 - https:\/\/yoast.com\/wordpress\/plugins\/seo\/ -->\n<title>Weltmissionstag: Sich f\u00fcr andere einsetzen - Holyart.de Blog<\/title>\n<meta name=\"description\" content=\"Der Weltmissionstag wird am 24. Oktober gefeiert und macht den Oktober zum Missionsmonat schlechthin.\" \/>\n<meta name=\"robots\" content=\"index, follow, max-snippet:-1, max-image-preview:large, max-video-preview:-1\" \/>\n<link rel=\"canonical\" href=\"https:\/\/blog.holyart.it\/de\/devotionalien\/weltmissionstag-sich-fuer-andere-einsetzen\/\" \/>\n<meta property=\"og:locale\" content=\"de_DE\" \/>\n<meta property=\"og:type\" content=\"article\" \/>\n<meta property=\"og:title\" content=\"Weltmissionstag: Sich f\u00fcr andere einsetzen - Holyart.de Blog\" \/>\n<meta property=\"og:description\" content=\"Der Weltmissionstag wird am 24. Oktober gefeiert und macht den Oktober zum Missionsmonat schlechthin.\" \/>\n<meta property=\"og:url\" content=\"https:\/\/blog.holyart.it\/de\/devotionalien\/weltmissionstag-sich-fuer-andere-einsetzen\/\" \/>\n<meta property=\"og:site_name\" content=\"Holyart.de Blog\" \/>\n<meta property=\"article:published_time\" content=\"2023-10-16T08:00:50+00:00\" \/>\n<meta property=\"og:image\" content=\"https:\/\/blog.holyart.it\/de\/wp-content\/uploads\/sites\/12\/2023\/10\/Weltmissionstag.jpg\" \/>\n\t<meta property=\"og:image:width\" content=\"1000\" \/>\n\t<meta property=\"og:image:height\" content=\"666\" \/>\n\t<meta property=\"og:image:type\" content=\"image\/jpeg\" \/>\n<meta name=\"author\" content=\"Redazione\" \/>\n<meta name=\"twitter:card\" content=\"summary_large_image\" \/>\n<meta name=\"twitter:label1\" content=\"Verfasst von\" \/>\n\t<meta name=\"twitter:data1\" content=\"Redazione\" \/>\n\t<meta name=\"twitter:label2\" content=\"Gesch\u00e4tzte Lesezeit\" \/>\n\t<meta name=\"twitter:data2\" content=\"7\u00a0Minuten\" \/>\n<script type=\"application\/ld+json\" class=\"yoast-schema-graph\">{\"@context\":\"https:\/\/schema.org\",\"@graph\":[{\"@type\":\"Article\",\"@id\":\"https:\/\/blog.holyart.it\/de\/devotionalien\/weltmissionstag-sich-fuer-andere-einsetzen\/#article\",\"isPartOf\":{\"@id\":\"https:\/\/blog.holyart.it\/de\/devotionalien\/weltmissionstag-sich-fuer-andere-einsetzen\/\"},\"author\":{\"name\":\"Redazione\",\"@id\":\"https:\/\/blog.holyart.it\/de\/#\/schema\/person\/0a7b686e5af0f856ec1e390dd0baecda\"},\"headline\":\"Weltmissionstag: Sich f\u00fcr andere einsetzen\",\"datePublished\":\"2023-10-16T08:00:50+00:00\",\"mainEntityOfPage\":{\"@id\":\"https:\/\/blog.holyart.it\/de\/devotionalien\/weltmissionstag-sich-fuer-andere-einsetzen\/\"},\"wordCount\":1184,\"publisher\":{\"@id\":\"https:\/\/blog.holyart.it\/de\/#organization\"},\"image\":{\"@id\":\"https:\/\/blog.holyart.it\/de\/devotionalien\/weltmissionstag-sich-fuer-andere-einsetzen\/#primaryimage\"},\"thumbnailUrl\":\"https:\/\/blog.holyart.it\/de\/wp-content\/uploads\/sites\/12\/2023\/10\/Weltmissionstag.jpg\",\"articleSection\":[\"Religion\"],\"inLanguage\":\"de\"},{\"@type\":\"WebPage\",\"@id\":\"https:\/\/blog.holyart.it\/de\/devotionalien\/weltmissionstag-sich-fuer-andere-einsetzen\/\",\"url\":\"https:\/\/blog.holyart.it\/de\/devotionalien\/weltmissionstag-sich-fuer-andere-einsetzen\/\",\"name\":\"Weltmissionstag: Sich f\u00fcr andere einsetzen - Holyart.de Blog\",\"isPartOf\":{\"@id\":\"https:\/\/blog.holyart.it\/de\/#website\"},\"primaryImageOfPage\":{\"@id\":\"https:\/\/blog.holyart.it\/de\/devotionalien\/weltmissionstag-sich-fuer-andere-einsetzen\/#primaryimage\"},\"image\":{\"@id\":\"https:\/\/blog.holyart.it\/de\/devotionalien\/weltmissionstag-sich-fuer-andere-einsetzen\/#primaryimage\"},\"thumbnailUrl\":\"https:\/\/blog.holyart.it\/de\/wp-content\/uploads\/sites\/12\/2023\/10\/Weltmissionstag.jpg\",\"datePublished\":\"2023-10-16T08:00:50+00:00\",\"description\":\"Der Weltmissionstag wird am 24. Oktober gefeiert und macht den Oktober zum Missionsmonat schlechthin.\",\"breadcrumb\":{\"@id\":\"https:\/\/blog.holyart.it\/de\/devotionalien\/weltmissionstag-sich-fuer-andere-einsetzen\/#breadcrumb\"},\"inLanguage\":\"de\",\"potentialAction\":[{\"@type\":\"ReadAction\",\"target\":[\"https:\/\/blog.holyart.it\/de\/devotionalien\/weltmissionstag-sich-fuer-andere-einsetzen\/\"]}]},{\"@type\":\"ImageObject\",\"inLanguage\":\"de\",\"@id\":\"https:\/\/blog.holyart.it\/de\/devotionalien\/weltmissionstag-sich-fuer-andere-einsetzen\/#primaryimage\",\"url\":\"https:\/\/blog.holyart.it\/de\/wp-content\/uploads\/sites\/12\/2023\/10\/Weltmissionstag.jpg\",\"contentUrl\":\"https:\/\/blog.holyart.it\/de\/wp-content\/uploads\/sites\/12\/2023\/10\/Weltmissionstag.jpg\",\"width\":1000,\"height\":666,\"caption\":\"Weltmissionstag\"},{\"@type\":\"BreadcrumbList\",\"@id\":\"https:\/\/blog.holyart.it\/de\/devotionalien\/weltmissionstag-sich-fuer-andere-einsetzen\/#breadcrumb\",\"itemListElement\":[{\"@type\":\"ListItem\",\"position\":1,\"name\":\"Homepage\",\"item\":\"https:\/\/blog.holyart.it\/de\/\"},{\"@type\":\"ListItem\",\"position\":2,\"name\":\"Religion\",\"item\":\"https:\/\/blog.holyart.it\/de\/devotionalien\/\"},{\"@type\":\"ListItem\",\"position\":3,\"name\":\"Weltmissionstag: Sich f\u00fcr andere einsetzen\"}]},{\"@type\":\"WebSite\",\"@id\":\"https:\/\/blog.holyart.it\/de\/#website\",\"url\":\"https:\/\/blog.holyart.it\/de\/\",\"name\":\"Holyart.de Blog\",\"description\":\"Holyblog\",\"publisher\":{\"@id\":\"https:\/\/blog.holyart.it\/de\/#organization\"},\"potentialAction\":[{\"@type\":\"SearchAction\",\"target\":{\"@type\":\"EntryPoint\",\"urlTemplate\":\"https:\/\/blog.holyart.it\/de\/?s={search_term_string}\"},\"query-input\":{\"@type\":\"PropertyValueSpecification\",\"valueRequired\":true,\"valueName\":\"search_term_string\"}}],\"inLanguage\":\"de\"},{\"@type\":\"Organization\",\"@id\":\"https:\/\/blog.holyart.it\/de\/#organization\",\"name\":\"Holyart.de Blog\",\"url\":\"https:\/\/blog.holyart.it\/de\/\",\"logo\":{\"@type\":\"ImageObject\",\"inLanguage\":\"de\",\"@id\":\"https:\/\/blog.holyart.it\/de\/#\/schema\/logo\/image\/\",\"url\":\"https:\/\/blog.holyart.it\/de\/wp-content\/uploads\/sites\/12\/2022\/12\/Holyart_Blog_Logo.jpg\",\"contentUrl\":\"https:\/\/blog.holyart.it\/de\/wp-content\/uploads\/sites\/12\/2022\/12\/Holyart_Blog_Logo.jpg\",\"width\":300,\"height\":50,\"caption\":\"Holyart.de Blog\"},\"image\":{\"@id\":\"https:\/\/blog.holyart.it\/de\/#\/schema\/logo\/image\/\"}},{\"@type\":\"Person\",\"@id\":\"https:\/\/blog.holyart.it\/de\/#\/schema\/person\/0a7b686e5af0f856ec1e390dd0baecda\",\"name\":\"Redazione\",\"image\":{\"@type\":\"ImageObject\",\"inLanguage\":\"de\",\"@id\":\"https:\/\/blog.holyart.it\/de\/#\/schema\/person\/image\/\",\"url\":\"https:\/\/secure.gravatar.com\/avatar\/f477da817f43e50d0af36abecd33e3edf826c68299714bdc1057dff3b113f516?s=96&d=mm&r=g\",\"contentUrl\":\"https:\/\/secure.gravatar.com\/avatar\/f477da817f43e50d0af36abecd33e3edf826c68299714bdc1057dff3b113f516?s=96&d=mm&r=g\",\"caption\":\"Redazione\"}}]}<\/script>\n<!-- \/ Yoast SEO plugin. -->","yoast_head_json":{"title":"Weltmissionstag: Sich f\u00fcr andere einsetzen - Holyart.de Blog","description":"Der Weltmissionstag wird am 24. Oktober gefeiert und macht den Oktober zum Missionsmonat schlechthin.","robots":{"index":"index","follow":"follow","max-snippet":"max-snippet:-1","max-image-preview":"max-image-preview:large","max-video-preview":"max-video-preview:-1"},"canonical":"https:\/\/blog.holyart.it\/de\/devotionalien\/weltmissionstag-sich-fuer-andere-einsetzen\/","og_locale":"de_DE","og_type":"article","og_title":"Weltmissionstag: Sich f\u00fcr andere einsetzen - Holyart.de Blog","og_description":"Der Weltmissionstag wird am 24. Oktober gefeiert und macht den Oktober zum Missionsmonat schlechthin.","og_url":"https:\/\/blog.holyart.it\/de\/devotionalien\/weltmissionstag-sich-fuer-andere-einsetzen\/","og_site_name":"Holyart.de Blog","article_published_time":"2023-10-16T08:00:50+00:00","og_image":[{"width":1000,"height":666,"url":"https:\/\/blog.holyart.it\/de\/wp-content\/uploads\/sites\/12\/2023\/10\/Weltmissionstag.jpg","type":"image\/jpeg"}],"author":"Redazione","twitter_card":"summary_large_image","twitter_misc":{"Verfasst von":"Redazione","Gesch\u00e4tzte Lesezeit":"7\u00a0Minuten"},"schema":{"@context":"https:\/\/schema.org","@graph":[{"@type":"Article","@id":"https:\/\/blog.holyart.it\/de\/devotionalien\/weltmissionstag-sich-fuer-andere-einsetzen\/#article","isPartOf":{"@id":"https:\/\/blog.holyart.it\/de\/devotionalien\/weltmissionstag-sich-fuer-andere-einsetzen\/"},"author":{"name":"Redazione","@id":"https:\/\/blog.holyart.it\/de\/#\/schema\/person\/0a7b686e5af0f856ec1e390dd0baecda"},"headline":"Weltmissionstag: Sich f\u00fcr andere einsetzen","datePublished":"2023-10-16T08:00:50+00:00","mainEntityOfPage":{"@id":"https:\/\/blog.holyart.it\/de\/devotionalien\/weltmissionstag-sich-fuer-andere-einsetzen\/"},"wordCount":1184,"publisher":{"@id":"https:\/\/blog.holyart.it\/de\/#organization"},"image":{"@id":"https:\/\/blog.holyart.it\/de\/devotionalien\/weltmissionstag-sich-fuer-andere-einsetzen\/#primaryimage"},"thumbnailUrl":"https:\/\/blog.holyart.it\/de\/wp-content\/uploads\/sites\/12\/2023\/10\/Weltmissionstag.jpg","articleSection":["Religion"],"inLanguage":"de"},{"@type":"WebPage","@id":"https:\/\/blog.holyart.it\/de\/devotionalien\/weltmissionstag-sich-fuer-andere-einsetzen\/","url":"https:\/\/blog.holyart.it\/de\/devotionalien\/weltmissionstag-sich-fuer-andere-einsetzen\/","name":"Weltmissionstag: Sich f\u00fcr andere einsetzen - Holyart.de Blog","isPartOf":{"@id":"https:\/\/blog.holyart.it\/de\/#website"},"primaryImageOfPage":{"@id":"https:\/\/blog.holyart.it\/de\/devotionalien\/weltmissionstag-sich-fuer-andere-einsetzen\/#primaryimage"},"image":{"@id":"https:\/\/blog.holyart.it\/de\/devotionalien\/weltmissionstag-sich-fuer-andere-einsetzen\/#primaryimage"},"thumbnailUrl":"https:\/\/blog.holyart.it\/de\/wp-content\/uploads\/sites\/12\/2023\/10\/Weltmissionstag.jpg","datePublished":"2023-10-16T08:00:50+00:00","description":"Der Weltmissionstag wird am 24. Oktober gefeiert und macht den Oktober zum Missionsmonat schlechthin.","breadcrumb":{"@id":"https:\/\/blog.holyart.it\/de\/devotionalien\/weltmissionstag-sich-fuer-andere-einsetzen\/#breadcrumb"},"inLanguage":"de","potentialAction":[{"@type":"ReadAction","target":["https:\/\/blog.holyart.it\/de\/devotionalien\/weltmissionstag-sich-fuer-andere-einsetzen\/"]}]},{"@type":"ImageObject","inLanguage":"de","@id":"https:\/\/blog.holyart.it\/de\/devotionalien\/weltmissionstag-sich-fuer-andere-einsetzen\/#primaryimage","url":"https:\/\/blog.holyart.it\/de\/wp-content\/uploads\/sites\/12\/2023\/10\/Weltmissionstag.jpg","contentUrl":"https:\/\/blog.holyart.it\/de\/wp-content\/uploads\/sites\/12\/2023\/10\/Weltmissionstag.jpg","width":1000,"height":666,"caption":"Weltmissionstag"},{"@type":"BreadcrumbList","@id":"https:\/\/blog.holyart.it\/de\/devotionalien\/weltmissionstag-sich-fuer-andere-einsetzen\/#breadcrumb","itemListElement":[{"@type":"ListItem","position":1,"name":"Homepage","item":"https:\/\/blog.holyart.it\/de\/"},{"@type":"ListItem","position":2,"name":"Religion","item":"https:\/\/blog.holyart.it\/de\/devotionalien\/"},{"@type":"ListItem","position":3,"name":"Weltmissionstag: Sich f\u00fcr andere einsetzen"}]},{"@type":"WebSite","@id":"https:\/\/blog.holyart.it\/de\/#website","url":"https:\/\/blog.holyart.it\/de\/","name":"Holyart.de Blog","description":"Holyblog","publisher":{"@id":"https:\/\/blog.holyart.it\/de\/#organization"},"potentialAction":[{"@type":"SearchAction","target":{"@type":"EntryPoint","urlTemplate":"https:\/\/blog.holyart.it\/de\/?s={search_term_string}"},"query-input":{"@type":"PropertyValueSpecification","valueRequired":true,"valueName":"search_term_string"}}],"inLanguage":"de"},{"@type":"Organization","@id":"https:\/\/blog.holyart.it\/de\/#organization","name":"Holyart.de Blog","url":"https:\/\/blog.holyart.it\/de\/","logo":{"@type":"ImageObject","inLanguage":"de","@id":"https:\/\/blog.holyart.it\/de\/#\/schema\/logo\/image\/","url":"https:\/\/blog.holyart.it\/de\/wp-content\/uploads\/sites\/12\/2022\/12\/Holyart_Blog_Logo.jpg","contentUrl":"https:\/\/blog.holyart.it\/de\/wp-content\/uploads\/sites\/12\/2022\/12\/Holyart_Blog_Logo.jpg","width":300,"height":50,"caption":"Holyart.de Blog"},"image":{"@id":"https:\/\/blog.holyart.it\/de\/#\/schema\/logo\/image\/"}},{"@type":"Person","@id":"https:\/\/blog.holyart.it\/de\/#\/schema\/person\/0a7b686e5af0f856ec1e390dd0baecda","name":"Redazione","image":{"@type":"ImageObject","inLanguage":"de","@id":"https:\/\/blog.holyart.it\/de\/#\/schema\/person\/image\/","url":"https:\/\/secure.gravatar.com\/avatar\/f477da817f43e50d0af36abecd33e3edf826c68299714bdc1057dff3b113f516?s=96&d=mm&r=g","contentUrl":"https:\/\/secure.gravatar.com\/avatar\/f477da817f43e50d0af36abecd33e3edf826c68299714bdc1057dff3b113f516?s=96&d=mm&r=g","caption":"Redazione"}}]}},"_links":{"self":[{"href":"https:\/\/blog.holyart.it\/de\/wp-json\/wp\/v2\/posts\/2956","targetHints":{"allow":["GET"]}}],"collection":[{"href":"https:\/\/blog.holyart.it\/de\/wp-json\/wp\/v2\/posts"}],"about":[{"href":"https:\/\/blog.holyart.it\/de\/wp-json\/wp\/v2\/types\/post"}],"author":[{"embeddable":true,"href":"https:\/\/blog.holyart.it\/de\/wp-json\/wp\/v2\/users\/1"}],"replies":[{"embeddable":true,"href":"https:\/\/blog.holyart.it\/de\/wp-json\/wp\/v2\/comments?post=2956"}],"version-history":[{"count":2,"href":"https:\/\/blog.holyart.it\/de\/wp-json\/wp\/v2\/posts\/2956\/revisions"}],"predecessor-version":[{"id":2962,"href":"https:\/\/blog.holyart.it\/de\/wp-json\/wp\/v2\/posts\/2956\/revisions\/2962"}],"wp:featuredmedia":[{"embeddable":true,"href":"https:\/\/blog.holyart.it\/de\/wp-json\/wp\/v2\/media\/2957"}],"wp:attachment":[{"href":"https:\/\/blog.holyart.it\/de\/wp-json\/wp\/v2\/media?parent=2956"}],"wp:term":[{"taxonomy":"category","embeddable":true,"href":"https:\/\/blog.holyart.it\/de\/wp-json\/wp\/v2\/categories?post=2956"},{"taxonomy":"post_tag","embeddable":true,"href":"https:\/\/blog.holyart.it\/de\/wp-json\/wp\/v2\/tags?post=2956"}],"curies":[{"name":"wp","href":"https:\/\/api.w.org\/{rel}","templated":true}]}}