{"id":2942,"date":"2023-10-09T10:00:01","date_gmt":"2023-10-09T08:00:01","guid":{"rendered":"https:\/\/blog.holyart.it\/de\/?p=2942"},"modified":"2024-09-27T17:20:22","modified_gmt":"2024-09-27T15:20:22","slug":"die-wallfahrtskirche-von-sankt-gerhard-maiella-dem-schutzpatron-der-muetter-und-kinder","status":"publish","type":"post","link":"https:\/\/blog.holyart.it\/de\/devotionalien\/die-wallfahrtskirche-von-sankt-gerhard-maiella-dem-schutzpatron-der-muetter-und-kinder\/","title":{"rendered":"Die Wallfahrtskirche von Sankt Gerhard Maiella, dem Schutzpatron der M\u00fctter und Kinder"},"content":{"rendered":"<h4>Anl\u00e4sslich des liturgischen Gedenktages am 16. Oktober entdecken wir die Wallfahrtskirche des Heiligen Gerhard Maiella, des Schutzpatrons der M\u00fctter und Kinder<\/h4>\n\n<p>Am 16. Oktober feiern wir das Gedenken an den <u>Heiligen Gerard Maiella<\/u>, <em>den Vater der Armen, den Apostel des Sele-Tals<\/em>, wie ihn seine Anh\u00e4nger nennen, einen religi\u00f6sen Mann, der im 18. Jahrhundert lebte und aufgrund seiner Wunder als <strong>Besch\u00fctzer der werdenden M\u00fctter, der M\u00fctter und der Kinder<\/strong> gilt. Aus diesem Grund wird die Wallfahrtskirche San Gerardo Maiella in Materdomini in der Provinz Avellino auch heute noch von Tausenden von Pilgern besucht, insbesondere von jungen M\u00fcttern, W\u00f6chnerinnen und frischgebackenen M\u00fcttern, die ihre Gaben zum Dank f\u00fcr den Schutz des Heiligen in der <strong>Sala dei fiocchi<\/strong> hinterlassen, die vollst\u00e4ndig mit rosa und blauen Schleifen bedeckt ist.<\/p>\n<p>Der heilige Gerard Maiella geh\u00f6rte der vom heiligen Alfons Maria de Liguori gegr\u00fcndeten <u>Kongregation des Allerheiligsten Erl\u00f6sers<\/u> an, war also ein Ordensmann der <strong>Redemptoristen<\/strong>. Er legte seine Gel\u00fcbde gegen den Willen seiner Familie ab, die sich Sorgen um seinen schlechten Gesundheitszustand machte. Ber\u00fchmt ist, dass er von zu Hause weglief, indem er mit einem Bettlaken aus dem Fenster kletterte, um den Redemptoristen beizutreten, und seiner Mutter einen Zettel hinterlie\u00df, auf dem er schrieb: \u201e<em>Mutter, vergib mir, ich werde ein Heiliger<\/em>\u201c. Er lebte ein kurzes Leben der Demut, des Gebets und der Bu\u00dfe und starb im Alter von nur 29 Jahren an Schwindsucht, war aber bereits f\u00fcr seine Wunder ber\u00fchmt.<\/p>\n<h2>Geschichte der Wallfahrtskirche San G\u00e9rard Maiella<\/h2>\n<p>Die Wallfahrtskirche befindet sich an einem Ort, der schon lange vor der Weihe an <a href=\"https:\/\/www.holyart.de\/devotionalien\/statuen\/statuen-aus-gips\/heiliger-gerhard-20cm-bemalten-gips?_gl=1*189k9ay*_gcl_aw*R0NMLjE2OTAyODEzMTIuQ2owS0NRanc1ZjJsQmhDa0FSSXNBSGVUdmxpUXN6U2xKQWxLR2lRUFROWmlldTdtUjJUUWFNb282YVMxaHAtSEp6RkExQVBPUHhodXB1MGFBcnVvRUFMd193Y0I.*_gcl_au*NTIzMjMyNDc1LjE2OTQ3ODgxNDM.*_ga*MTQ4NzE4MjM0Mi4xNjk0Nzg4MTQz*_ga_W18MV136NH*MTY5NjMyNjI3Mi41MS4xLjE2OTYzMzA0MDYuMC4wLjA.\"><strong>den heiligen Gerhard<\/strong><\/a> ber\u00fchmt war. Seit dem Mittelalter war sie Schauplatz von Marienerscheinungen, denn bei zwei Gelegenheiten zeigte sich die Jungfrau Maria den Hirten durch die \u00c4ste eines Holunderbaums. Zun\u00e4chst wurde nur eine kleine Kapelle errichtet, die sp\u00e4ter durch eine Kirche ersetzt wurde, um der wachsenden Zahl von Pilgern die M\u00f6glichkeit zu geben, ihre Verehrung zu bekunden. Die zur Basilika minor erkl\u00e4rte Kirche wurde der Madonna geweiht, die hier unter dem <a href=\"https:\/\/www.holyart.de\/blog\/heilige-und-selige\/marianische-titel-welche-und-wie-viele-sind-die-namen-die-maria-gewidmet-sind\/\"><strong><u>marianischen Titel<\/u><\/strong><\/a> <em>Mater Domini<\/em> bekannt ist.<\/p>\n<div class=\"link-product\">\n<div class=\"blocco-immagine\"><img loading=\"lazy\" decoding=\"async\" class=\"size-full wp-image-2943 alignleft\" src=\"https:\/\/blog.holyart.it\/de\/wp-content\/uploads\/sites\/12\/2023\/10\/Heiliger-Gerhard-20cm-bemalten-Gips.jpg\" alt=\" Heiliger Gerhard 20cm bemalten Gips\" width=\"100\" height=\"100\" data-kale-share-title=\"Die Wallfahrtskirche von Sankt Gerhard Maiella, dem Schutzpatron der M\u00fctter und Kinder\" data-kale-share-url=\"https:\/\/blog.holyart.it\/de\/?p=2942\" \/><\/div>\n<div class=\"blocco-contenuto\">\n<div class=\"blocco-acquista\">Einkaufen:<\/div>\n<div class=\"blocco-titolo\"><a href=\"https:\/\/www.holyart.de\/devotionalien\/statuen\/statuen-aus-gips\/heiliger-gerhard-20cm-bemalten-gips?_gl=1*189k9ay*_gcl_aw*R0NMLjE2OTAyODEzMTIuQ2owS0NRanc1ZjJsQmhDa0FSSXNBSGVUdmxpUXN6U2xKQWxLR2lRUFROWmlldTdtUjJUUWFNb282YVMxaHAtSEp6RkExQVBPUHhodXB1MGFBcnVvRUFMd193Y0I.*_gcl_au*NTIzMjMyNDc1LjE2OTQ3ODgxNDM.*_ga*MTQ4NzE4MjM0Mi4xNjk0Nzg4MTQz*_ga_W18MV136NH*MTY5NjMyNjI3Mi41MS4xLjE2OTYzMzA0MDYuMC4wLjA.\">Heiliger Gerhard 20cm bemalten Gips<\/a><\/div>\n<div class=\"blocco-descrizione\">Statue des Heiligen Gerhards ealisiert aus Gips und handbemalt.<\/div>\n<\/div>\n<\/div>\n<p>Im Jahr 1748 wurde auf Veranlassung des Heiligen Alfons Maria de&#8216; Liguori neben der Kirche, in der der Heilige Gerard Maiella am 16. Oktober 1755 starb, ein <strong>Kolleg der Redemptoristen<\/strong> errichtet. Das Grab des Heiligen wurde in der Kirche Mater Domini beigesetzt, und die Wallfahrten nahmen immer mehr zu, so dass 1974 eine weitere Kirche neben der vorherigen gebaut werden musste, die <strong>Erl\u00f6serkirche<\/strong>, die mehr als 46 Meter hoch ist. Rund um die Wallfahrtskirche San G\u00e9rard Maiella wurden weitere Geb\u00e4ude errichtet, um die Pilger zu beherbergen und ihnen Raum zum Beten zu geben.<\/p>\n<div class=\"link-article\">\n<p><img loading=\"lazy\" decoding=\"async\" class=\"size-full wp-image-2944 alignleft\" src=\"https:\/\/blog.holyart.it\/de\/wp-content\/uploads\/sites\/12\/2023\/10\/marianische-titel.jpeg\" alt=\"marianische titel\" width=\"150\" height=\"99\" data-kale-share-title=\"Die Wallfahrtskirche von Sankt Gerhard Maiella, dem Schutzpatron der M\u00fctter und Kinder\" data-kale-share-url=\"https:\/\/blog.holyart.it\/de\/?p=2942\" \/><\/p>\n<div class=\"leggi-anche\">Lesen Sie auch:<\/div>\n<p><strong><a href=\"https:\/\/www.holyart.de\/blog\/heilige-und-selige\/marianische-titel-welche-und-wie-viele-sind-die-namen-die-maria-gewidmet-sind\/\">Marianische Titel: welche und wie viele sind die Namen, die Maria gewidmet sind<\/a><\/strong><br \/>\nMarianische Titel: alle Namen, unter denen Maria, die Mutter Jesu, verehrt wird. Aber wie viele Marianische Titel gibt es?<\/p>\n<\/div>\n<p>Es gibt auch ein kleines Museum, das <strong>Gerardino-Museum<\/strong>, das aus nur zwei R\u00e4umen besteht und in dem Gem\u00e4lde, die die Geschichte des Heiligen Gerard erz\u00e4hlen, sowie zahlreiche Votivgaben seiner Verehrer ausgestellt sind. Es gibt auch eine Rekonstruktion der kleinen Zelle, in der der Heilige lebte. In dem kleinen Raum befinden sich ein gro\u00dfes Kruzifix, ein kleines Bett, die Reste eines Cembalos und ein Schreibtisch, auf dem ein Sch\u00e4del thront, ein Element, das jeder Redemptoristenmissionar in seinem Zimmer haben musste, um an die Verg\u00e4nglichkeit des Lebens zu erinnern. Auf dem Sch\u00e4del steht die Inschrift \u201e<em>Ricorda sempre<\/em>\u201c (Erinnere immer), und an der Zellent\u00fcr lie\u00df der heilige Gerhard in Gro\u00dfbuchstaben anbringen: \u201e<em>Hier tust du den Willen Gottes, wie Gott es will und solange es ihm gef\u00e4llt<\/em>\u201c.<\/p>\n<h2>Der Schutzheilige der Kinder<\/h2>\n<p>Der heilige Gerhard gilt als Besch\u00fctzer der Frauen in den Wehen, der M\u00fctter und der Kinder und wird von den M\u00fcttern w\u00e4hrend der Geburt des Kindes angerufen. Dem Heiligen werden zahlreiche Wunder im Zusammenhang mit M\u00fcttern und Kindern zugeschrieben. Eine Legende besagt, dass der Heilige als Gast einer Familie in Oliveto Citra so tat, als h\u00e4tte er sein Taschentuch im Haus vergessen. Eines der kleinen M\u00e4dchen im Haus brachte es ihm, aber der Heilige wollte, dass sie es behielt, weil sie es eines Tages brauchen w\u00fcrde. Viele Jahre sp\u00e4ter, im Moment der Geburt, k\u00e4mpfte das kleine M\u00e4dchen, das zur Frau geworden war, zwischen Leben und Tod, und es wollte, dass das Taschentuch auf ihren Bauch gelegt wurde. So verging der Schmerz und sie und ihr Kind wurden gerettet.<\/p>\n<p>In der Wallfahrtskirche San Gerardo Maiella erinnert der <strong>Sala dei Fiocchi<\/strong> mit unz\u00e4hligen rosa und blauen Schleifen, B\u00e4ndern und Fotos, die Eltern im Laufe der Jahre gespendet haben, an die Liebe des Heiligen zu Kindern und M\u00fcttern.<\/p>\n","protected":false},"excerpt":{"rendered":"<p>Anl\u00e4sslich des liturgischen Gedenktages am 16. Oktober entdecken wir die Wallfahrtskirche des Heiligen Gerhard Maiella, des Schutzpatrons der M\u00fctter und Kinder Am 16. Oktober feiern wir das Gedenken an den Heiligen Gerard Maiella, den Vater der Armen, den Apostel des Sele-Tals, wie ihn seine Anh\u00e4nger&hellip;<\/p>\n","protected":false},"author":1,"featured_media":2946,"comment_status":"closed","ping_status":"open","sticky":false,"template":"","format":"standard","meta":{"_acf_changed":false,"footnotes":""},"categories":[9,10],"tags":[],"class_list":["post-2942","post","type-post","status-publish","format-standard","has-post-thumbnail","hentry","category-heilige-und-selige","category-devotionalien"],"acf":[],"yoast_head":"<!-- This site is optimized with the Yoast SEO plugin v26.6 - https:\/\/yoast.com\/wordpress\/plugins\/seo\/ -->\n<title>Die Wallfahrtskirche von Sankt Gerhard Maiella, dem Schutzpatron der M\u00fctter und Kinder - Holyart.de Blog<\/title>\n<meta name=\"description\" content=\"Die Wallfahrtskirche des Heiligen Gerard Maiella feiert die Liebe dieses sanften Heiligen zu M\u00fcttern und Kindern und erinnert an sein bescheidenes Leben des Gebets und der Bu\u00dfe\" \/>\n<meta name=\"robots\" content=\"index, follow, max-snippet:-1, max-image-preview:large, max-video-preview:-1\" \/>\n<link rel=\"canonical\" href=\"https:\/\/blog.holyart.it\/de\/devotionalien\/die-wallfahrtskirche-von-sankt-gerhard-maiella-dem-schutzpatron-der-muetter-und-kinder\/\" \/>\n<meta property=\"og:locale\" content=\"de_DE\" \/>\n<meta property=\"og:type\" content=\"article\" \/>\n<meta property=\"og:title\" content=\"Die Wallfahrtskirche von Sankt Gerhard Maiella, dem Schutzpatron der M\u00fctter und Kinder - Holyart.de Blog\" \/>\n<meta property=\"og:description\" content=\"Die Wallfahrtskirche des Heiligen Gerard Maiella feiert die Liebe dieses sanften Heiligen zu M\u00fcttern und Kindern und erinnert an sein bescheidenes Leben des Gebets und der Bu\u00dfe\" \/>\n<meta property=\"og:url\" content=\"https:\/\/blog.holyart.it\/de\/devotionalien\/die-wallfahrtskirche-von-sankt-gerhard-maiella-dem-schutzpatron-der-muetter-und-kinder\/\" \/>\n<meta property=\"og:site_name\" content=\"Holyart.de Blog\" \/>\n<meta property=\"article:published_time\" content=\"2023-10-09T08:00:01+00:00\" \/>\n<meta property=\"article:modified_time\" content=\"2024-09-27T15:20:22+00:00\" \/>\n<meta property=\"og:image\" content=\"https:\/\/blog.holyart.it\/de\/wp-content\/uploads\/sites\/12\/2023\/10\/die-wallafahrtskirche-von-sankt-gerhard-maiella.jpg\" \/>\n\t<meta property=\"og:image:width\" content=\"1000\" \/>\n\t<meta property=\"og:image:height\" content=\"666\" \/>\n\t<meta property=\"og:image:type\" content=\"image\/jpeg\" \/>\n<meta name=\"author\" content=\"Redazione\" \/>\n<meta name=\"twitter:card\" content=\"summary_large_image\" \/>\n<meta name=\"twitter:label1\" content=\"Verfasst von\" \/>\n\t<meta name=\"twitter:data1\" content=\"Redazione\" \/>\n\t<meta name=\"twitter:label2\" content=\"Gesch\u00e4tzte Lesezeit\" \/>\n\t<meta name=\"twitter:data2\" content=\"5\u00a0Minuten\" \/>\n<script type=\"application\/ld+json\" class=\"yoast-schema-graph\">{\"@context\":\"https:\/\/schema.org\",\"@graph\":[{\"@type\":\"Article\",\"@id\":\"https:\/\/blog.holyart.it\/de\/devotionalien\/die-wallfahrtskirche-von-sankt-gerhard-maiella-dem-schutzpatron-der-muetter-und-kinder\/#article\",\"isPartOf\":{\"@id\":\"https:\/\/blog.holyart.it\/de\/devotionalien\/die-wallfahrtskirche-von-sankt-gerhard-maiella-dem-schutzpatron-der-muetter-und-kinder\/\"},\"author\":{\"name\":\"Redazione\",\"@id\":\"https:\/\/blog.holyart.it\/de\/#\/schema\/person\/0a7b686e5af0f856ec1e390dd0baecda\"},\"headline\":\"Die Wallfahrtskirche von Sankt Gerhard Maiella, dem Schutzpatron der M\u00fctter und Kinder\",\"datePublished\":\"2023-10-09T08:00:01+00:00\",\"dateModified\":\"2024-09-27T15:20:22+00:00\",\"mainEntityOfPage\":{\"@id\":\"https:\/\/blog.holyart.it\/de\/devotionalien\/die-wallfahrtskirche-von-sankt-gerhard-maiella-dem-schutzpatron-der-muetter-und-kinder\/\"},\"wordCount\":824,\"publisher\":{\"@id\":\"https:\/\/blog.holyart.it\/de\/#organization\"},\"image\":{\"@id\":\"https:\/\/blog.holyart.it\/de\/devotionalien\/die-wallfahrtskirche-von-sankt-gerhard-maiella-dem-schutzpatron-der-muetter-und-kinder\/#primaryimage\"},\"thumbnailUrl\":\"https:\/\/blog.holyart.it\/de\/wp-content\/uploads\/sites\/12\/2023\/10\/die-wallafahrtskirche-von-sankt-gerhard-maiella.jpg\",\"articleSection\":[\"Heilige und Selige\",\"Religion\"],\"inLanguage\":\"de\"},{\"@type\":\"WebPage\",\"@id\":\"https:\/\/blog.holyart.it\/de\/devotionalien\/die-wallfahrtskirche-von-sankt-gerhard-maiella-dem-schutzpatron-der-muetter-und-kinder\/\",\"url\":\"https:\/\/blog.holyart.it\/de\/devotionalien\/die-wallfahrtskirche-von-sankt-gerhard-maiella-dem-schutzpatron-der-muetter-und-kinder\/\",\"name\":\"Die Wallfahrtskirche von Sankt Gerhard Maiella, dem Schutzpatron der M\u00fctter und Kinder - Holyart.de Blog\",\"isPartOf\":{\"@id\":\"https:\/\/blog.holyart.it\/de\/#website\"},\"primaryImageOfPage\":{\"@id\":\"https:\/\/blog.holyart.it\/de\/devotionalien\/die-wallfahrtskirche-von-sankt-gerhard-maiella-dem-schutzpatron-der-muetter-und-kinder\/#primaryimage\"},\"image\":{\"@id\":\"https:\/\/blog.holyart.it\/de\/devotionalien\/die-wallfahrtskirche-von-sankt-gerhard-maiella-dem-schutzpatron-der-muetter-und-kinder\/#primaryimage\"},\"thumbnailUrl\":\"https:\/\/blog.holyart.it\/de\/wp-content\/uploads\/sites\/12\/2023\/10\/die-wallafahrtskirche-von-sankt-gerhard-maiella.jpg\",\"datePublished\":\"2023-10-09T08:00:01+00:00\",\"dateModified\":\"2024-09-27T15:20:22+00:00\",\"description\":\"Die Wallfahrtskirche des Heiligen Gerard Maiella feiert die Liebe dieses sanften Heiligen zu M\u00fcttern und Kindern und erinnert an sein bescheidenes Leben des Gebets und der Bu\u00dfe\",\"breadcrumb\":{\"@id\":\"https:\/\/blog.holyart.it\/de\/devotionalien\/die-wallfahrtskirche-von-sankt-gerhard-maiella-dem-schutzpatron-der-muetter-und-kinder\/#breadcrumb\"},\"inLanguage\":\"de\",\"potentialAction\":[{\"@type\":\"ReadAction\",\"target\":[\"https:\/\/blog.holyart.it\/de\/devotionalien\/die-wallfahrtskirche-von-sankt-gerhard-maiella-dem-schutzpatron-der-muetter-und-kinder\/\"]}]},{\"@type\":\"ImageObject\",\"inLanguage\":\"de\",\"@id\":\"https:\/\/blog.holyart.it\/de\/devotionalien\/die-wallfahrtskirche-von-sankt-gerhard-maiella-dem-schutzpatron-der-muetter-und-kinder\/#primaryimage\",\"url\":\"https:\/\/blog.holyart.it\/de\/wp-content\/uploads\/sites\/12\/2023\/10\/die-wallafahrtskirche-von-sankt-gerhard-maiella.jpg\",\"contentUrl\":\"https:\/\/blog.holyart.it\/de\/wp-content\/uploads\/sites\/12\/2023\/10\/die-wallafahrtskirche-von-sankt-gerhard-maiella.jpg\",\"width\":1000,\"height\":666,\"caption\":\"die wallafahrtskirche von sankt gerhard maiella\"},{\"@type\":\"BreadcrumbList\",\"@id\":\"https:\/\/blog.holyart.it\/de\/devotionalien\/die-wallfahrtskirche-von-sankt-gerhard-maiella-dem-schutzpatron-der-muetter-und-kinder\/#breadcrumb\",\"itemListElement\":[{\"@type\":\"ListItem\",\"position\":1,\"name\":\"Homepage\",\"item\":\"https:\/\/blog.holyart.it\/de\/\"},{\"@type\":\"ListItem\",\"position\":2,\"name\":\"Religion\",\"item\":\"https:\/\/blog.holyart.it\/de\/devotionalien\/\"},{\"@type\":\"ListItem\",\"position\":3,\"name\":\"Die Wallfahrtskirche von Sankt Gerhard Maiella, dem Schutzpatron der M\u00fctter und Kinder\"}]},{\"@type\":\"WebSite\",\"@id\":\"https:\/\/blog.holyart.it\/de\/#website\",\"url\":\"https:\/\/blog.holyart.it\/de\/\",\"name\":\"Holyart.de Blog\",\"description\":\"Holyblog\",\"publisher\":{\"@id\":\"https:\/\/blog.holyart.it\/de\/#organization\"},\"potentialAction\":[{\"@type\":\"SearchAction\",\"target\":{\"@type\":\"EntryPoint\",\"urlTemplate\":\"https:\/\/blog.holyart.it\/de\/?s={search_term_string}\"},\"query-input\":{\"@type\":\"PropertyValueSpecification\",\"valueRequired\":true,\"valueName\":\"search_term_string\"}}],\"inLanguage\":\"de\"},{\"@type\":\"Organization\",\"@id\":\"https:\/\/blog.holyart.it\/de\/#organization\",\"name\":\"Holyart.de Blog\",\"url\":\"https:\/\/blog.holyart.it\/de\/\",\"logo\":{\"@type\":\"ImageObject\",\"inLanguage\":\"de\",\"@id\":\"https:\/\/blog.holyart.it\/de\/#\/schema\/logo\/image\/\",\"url\":\"https:\/\/blog.holyart.it\/de\/wp-content\/uploads\/sites\/12\/2022\/12\/Holyart_Blog_Logo.jpg\",\"contentUrl\":\"https:\/\/blog.holyart.it\/de\/wp-content\/uploads\/sites\/12\/2022\/12\/Holyart_Blog_Logo.jpg\",\"width\":300,\"height\":50,\"caption\":\"Holyart.de Blog\"},\"image\":{\"@id\":\"https:\/\/blog.holyart.it\/de\/#\/schema\/logo\/image\/\"}},{\"@type\":\"Person\",\"@id\":\"https:\/\/blog.holyart.it\/de\/#\/schema\/person\/0a7b686e5af0f856ec1e390dd0baecda\",\"name\":\"Redazione\",\"image\":{\"@type\":\"ImageObject\",\"inLanguage\":\"de\",\"@id\":\"https:\/\/blog.holyart.it\/de\/#\/schema\/person\/image\/\",\"url\":\"https:\/\/secure.gravatar.com\/avatar\/f477da817f43e50d0af36abecd33e3edf826c68299714bdc1057dff3b113f516?s=96&d=mm&r=g\",\"contentUrl\":\"https:\/\/secure.gravatar.com\/avatar\/f477da817f43e50d0af36abecd33e3edf826c68299714bdc1057dff3b113f516?s=96&d=mm&r=g\",\"caption\":\"Redazione\"}}]}<\/script>\n<!-- \/ Yoast SEO plugin. -->","yoast_head_json":{"title":"Die Wallfahrtskirche von Sankt Gerhard Maiella, dem Schutzpatron der M\u00fctter und Kinder - Holyart.de Blog","description":"Die Wallfahrtskirche des Heiligen Gerard Maiella feiert die Liebe dieses sanften Heiligen zu M\u00fcttern und Kindern und erinnert an sein bescheidenes Leben des Gebets und der Bu\u00dfe","robots":{"index":"index","follow":"follow","max-snippet":"max-snippet:-1","max-image-preview":"max-image-preview:large","max-video-preview":"max-video-preview:-1"},"canonical":"https:\/\/blog.holyart.it\/de\/devotionalien\/die-wallfahrtskirche-von-sankt-gerhard-maiella-dem-schutzpatron-der-muetter-und-kinder\/","og_locale":"de_DE","og_type":"article","og_title":"Die Wallfahrtskirche von Sankt Gerhard Maiella, dem Schutzpatron der M\u00fctter und Kinder - Holyart.de Blog","og_description":"Die Wallfahrtskirche des Heiligen Gerard Maiella feiert die Liebe dieses sanften Heiligen zu M\u00fcttern und Kindern und erinnert an sein bescheidenes Leben des Gebets und der Bu\u00dfe","og_url":"https:\/\/blog.holyart.it\/de\/devotionalien\/die-wallfahrtskirche-von-sankt-gerhard-maiella-dem-schutzpatron-der-muetter-und-kinder\/","og_site_name":"Holyart.de Blog","article_published_time":"2023-10-09T08:00:01+00:00","article_modified_time":"2024-09-27T15:20:22+00:00","og_image":[{"width":1000,"height":666,"url":"https:\/\/blog.holyart.it\/de\/wp-content\/uploads\/sites\/12\/2023\/10\/die-wallafahrtskirche-von-sankt-gerhard-maiella.jpg","type":"image\/jpeg"}],"author":"Redazione","twitter_card":"summary_large_image","twitter_misc":{"Verfasst von":"Redazione","Gesch\u00e4tzte Lesezeit":"5\u00a0Minuten"},"schema":{"@context":"https:\/\/schema.org","@graph":[{"@type":"Article","@id":"https:\/\/blog.holyart.it\/de\/devotionalien\/die-wallfahrtskirche-von-sankt-gerhard-maiella-dem-schutzpatron-der-muetter-und-kinder\/#article","isPartOf":{"@id":"https:\/\/blog.holyart.it\/de\/devotionalien\/die-wallfahrtskirche-von-sankt-gerhard-maiella-dem-schutzpatron-der-muetter-und-kinder\/"},"author":{"name":"Redazione","@id":"https:\/\/blog.holyart.it\/de\/#\/schema\/person\/0a7b686e5af0f856ec1e390dd0baecda"},"headline":"Die Wallfahrtskirche von Sankt Gerhard Maiella, dem Schutzpatron der M\u00fctter und Kinder","datePublished":"2023-10-09T08:00:01+00:00","dateModified":"2024-09-27T15:20:22+00:00","mainEntityOfPage":{"@id":"https:\/\/blog.holyart.it\/de\/devotionalien\/die-wallfahrtskirche-von-sankt-gerhard-maiella-dem-schutzpatron-der-muetter-und-kinder\/"},"wordCount":824,"publisher":{"@id":"https:\/\/blog.holyart.it\/de\/#organization"},"image":{"@id":"https:\/\/blog.holyart.it\/de\/devotionalien\/die-wallfahrtskirche-von-sankt-gerhard-maiella-dem-schutzpatron-der-muetter-und-kinder\/#primaryimage"},"thumbnailUrl":"https:\/\/blog.holyart.it\/de\/wp-content\/uploads\/sites\/12\/2023\/10\/die-wallafahrtskirche-von-sankt-gerhard-maiella.jpg","articleSection":["Heilige und Selige","Religion"],"inLanguage":"de"},{"@type":"WebPage","@id":"https:\/\/blog.holyart.it\/de\/devotionalien\/die-wallfahrtskirche-von-sankt-gerhard-maiella-dem-schutzpatron-der-muetter-und-kinder\/","url":"https:\/\/blog.holyart.it\/de\/devotionalien\/die-wallfahrtskirche-von-sankt-gerhard-maiella-dem-schutzpatron-der-muetter-und-kinder\/","name":"Die Wallfahrtskirche von Sankt Gerhard Maiella, dem Schutzpatron der M\u00fctter und Kinder - Holyart.de Blog","isPartOf":{"@id":"https:\/\/blog.holyart.it\/de\/#website"},"primaryImageOfPage":{"@id":"https:\/\/blog.holyart.it\/de\/devotionalien\/die-wallfahrtskirche-von-sankt-gerhard-maiella-dem-schutzpatron-der-muetter-und-kinder\/#primaryimage"},"image":{"@id":"https:\/\/blog.holyart.it\/de\/devotionalien\/die-wallfahrtskirche-von-sankt-gerhard-maiella-dem-schutzpatron-der-muetter-und-kinder\/#primaryimage"},"thumbnailUrl":"https:\/\/blog.holyart.it\/de\/wp-content\/uploads\/sites\/12\/2023\/10\/die-wallafahrtskirche-von-sankt-gerhard-maiella.jpg","datePublished":"2023-10-09T08:00:01+00:00","dateModified":"2024-09-27T15:20:22+00:00","description":"Die Wallfahrtskirche des Heiligen Gerard Maiella feiert die Liebe dieses sanften Heiligen zu M\u00fcttern und Kindern und erinnert an sein bescheidenes Leben des Gebets und der Bu\u00dfe","breadcrumb":{"@id":"https:\/\/blog.holyart.it\/de\/devotionalien\/die-wallfahrtskirche-von-sankt-gerhard-maiella-dem-schutzpatron-der-muetter-und-kinder\/#breadcrumb"},"inLanguage":"de","potentialAction":[{"@type":"ReadAction","target":["https:\/\/blog.holyart.it\/de\/devotionalien\/die-wallfahrtskirche-von-sankt-gerhard-maiella-dem-schutzpatron-der-muetter-und-kinder\/"]}]},{"@type":"ImageObject","inLanguage":"de","@id":"https:\/\/blog.holyart.it\/de\/devotionalien\/die-wallfahrtskirche-von-sankt-gerhard-maiella-dem-schutzpatron-der-muetter-und-kinder\/#primaryimage","url":"https:\/\/blog.holyart.it\/de\/wp-content\/uploads\/sites\/12\/2023\/10\/die-wallafahrtskirche-von-sankt-gerhard-maiella.jpg","contentUrl":"https:\/\/blog.holyart.it\/de\/wp-content\/uploads\/sites\/12\/2023\/10\/die-wallafahrtskirche-von-sankt-gerhard-maiella.jpg","width":1000,"height":666,"caption":"die wallafahrtskirche von sankt gerhard maiella"},{"@type":"BreadcrumbList","@id":"https:\/\/blog.holyart.it\/de\/devotionalien\/die-wallfahrtskirche-von-sankt-gerhard-maiella-dem-schutzpatron-der-muetter-und-kinder\/#breadcrumb","itemListElement":[{"@type":"ListItem","position":1,"name":"Homepage","item":"https:\/\/blog.holyart.it\/de\/"},{"@type":"ListItem","position":2,"name":"Religion","item":"https:\/\/blog.holyart.it\/de\/devotionalien\/"},{"@type":"ListItem","position":3,"name":"Die Wallfahrtskirche von Sankt Gerhard Maiella, dem Schutzpatron der M\u00fctter und Kinder"}]},{"@type":"WebSite","@id":"https:\/\/blog.holyart.it\/de\/#website","url":"https:\/\/blog.holyart.it\/de\/","name":"Holyart.de Blog","description":"Holyblog","publisher":{"@id":"https:\/\/blog.holyart.it\/de\/#organization"},"potentialAction":[{"@type":"SearchAction","target":{"@type":"EntryPoint","urlTemplate":"https:\/\/blog.holyart.it\/de\/?s={search_term_string}"},"query-input":{"@type":"PropertyValueSpecification","valueRequired":true,"valueName":"search_term_string"}}],"inLanguage":"de"},{"@type":"Organization","@id":"https:\/\/blog.holyart.it\/de\/#organization","name":"Holyart.de Blog","url":"https:\/\/blog.holyart.it\/de\/","logo":{"@type":"ImageObject","inLanguage":"de","@id":"https:\/\/blog.holyart.it\/de\/#\/schema\/logo\/image\/","url":"https:\/\/blog.holyart.it\/de\/wp-content\/uploads\/sites\/12\/2022\/12\/Holyart_Blog_Logo.jpg","contentUrl":"https:\/\/blog.holyart.it\/de\/wp-content\/uploads\/sites\/12\/2022\/12\/Holyart_Blog_Logo.jpg","width":300,"height":50,"caption":"Holyart.de Blog"},"image":{"@id":"https:\/\/blog.holyart.it\/de\/#\/schema\/logo\/image\/"}},{"@type":"Person","@id":"https:\/\/blog.holyart.it\/de\/#\/schema\/person\/0a7b686e5af0f856ec1e390dd0baecda","name":"Redazione","image":{"@type":"ImageObject","inLanguage":"de","@id":"https:\/\/blog.holyart.it\/de\/#\/schema\/person\/image\/","url":"https:\/\/secure.gravatar.com\/avatar\/f477da817f43e50d0af36abecd33e3edf826c68299714bdc1057dff3b113f516?s=96&d=mm&r=g","contentUrl":"https:\/\/secure.gravatar.com\/avatar\/f477da817f43e50d0af36abecd33e3edf826c68299714bdc1057dff3b113f516?s=96&d=mm&r=g","caption":"Redazione"}}]}},"_links":{"self":[{"href":"https:\/\/blog.holyart.it\/de\/wp-json\/wp\/v2\/posts\/2942","targetHints":{"allow":["GET"]}}],"collection":[{"href":"https:\/\/blog.holyart.it\/de\/wp-json\/wp\/v2\/posts"}],"about":[{"href":"https:\/\/blog.holyart.it\/de\/wp-json\/wp\/v2\/types\/post"}],"author":[{"embeddable":true,"href":"https:\/\/blog.holyart.it\/de\/wp-json\/wp\/v2\/users\/1"}],"replies":[{"embeddable":true,"href":"https:\/\/blog.holyart.it\/de\/wp-json\/wp\/v2\/comments?post=2942"}],"version-history":[{"count":2,"href":"https:\/\/blog.holyart.it\/de\/wp-json\/wp\/v2\/posts\/2942\/revisions"}],"predecessor-version":[{"id":2947,"href":"https:\/\/blog.holyart.it\/de\/wp-json\/wp\/v2\/posts\/2942\/revisions\/2947"}],"wp:featuredmedia":[{"embeddable":true,"href":"https:\/\/blog.holyart.it\/de\/wp-json\/wp\/v2\/media\/2946"}],"wp:attachment":[{"href":"https:\/\/blog.holyart.it\/de\/wp-json\/wp\/v2\/media?parent=2942"}],"wp:term":[{"taxonomy":"category","embeddable":true,"href":"https:\/\/blog.holyart.it\/de\/wp-json\/wp\/v2\/categories?post=2942"},{"taxonomy":"post_tag","embeddable":true,"href":"https:\/\/blog.holyart.it\/de\/wp-json\/wp\/v2\/tags?post=2942"}],"curies":[{"name":"wp","href":"https:\/\/api.w.org\/{rel}","templated":true}]}}