{"id":2919,"date":"2023-10-02T10:00:47","date_gmt":"2023-10-02T08:00:47","guid":{"rendered":"https:\/\/blog.holyart.it\/de\/?p=2919"},"modified":"2024-08-27T10:20:11","modified_gmt":"2024-08-27T08:20:11","slug":"das-gebet-des-frohsinns-das-lieblingsgebet-von-papst-franziskus","status":"publish","type":"post","link":"https:\/\/blog.holyart.it\/de\/devotionalien\/das-gebet-des-frohsinns-das-lieblingsgebet-von-papst-franziskus\/","title":{"rendered":"Das Gebet des Frohsinns: Das Lieblingsgebet von Papst Franziskus"},"content":{"rendered":"<h4>Der Oktober ist einer der Monate, die dem Rosenkranzgebet gewidmet sind, aber es gibt auch andere M\u00f6glichkeiten, sich jeden Tag an Gott zu wenden. Hier ist das Gebet des Frohsinns.<\/h4>\n\n<p>Die Entscheidung, den Oktober als einen der Monate zu bezeichnen, die <u>dem Rosenkranzgebet gewidmet <\/u>sind, geht auf eine historische Tatsache zur\u00fcck: Am 7. Oktober 1571 gewann die Heilige Liga die Schlacht von Lepanto gegen das Osmanische Reich und beendete damit die muslimische Vorherrschaft in Europa. Papst Pius V., der das Banner der Heiligen Liga gesegnet hatte, erkl\u00e4rte, dass es der barmherzigen F\u00fcrsprache der Jungfrau Maria zu verdanken sei, dass die Christen den Sieg errungen h\u00e4tten, und weihte den 7. Oktober der Muttergottes des Sieges. Sein Nachfolger Papst Gregor XIII. \u00e4nderte die Widmung in Unsere Liebe Frau vom Rosenkranz. Aber was hat das Gebet des Frohsinns mit dieser Geschichte und mit dem <a href=\"https:\/\/www.holyart.de\/devotionalien\/rosenkranze-und-rosenkranzetuis?_gl=1*a093v6*_gcl_aw*R0NMLjE2OTAyODEzMTIuQ2owS0NRanc1ZjJsQmhDa0FSSXNBSGVUdmxpUXN6U2xKQWxLR2lRUFROWmlldTdtUjJUUWFNb282YVMxaHAtSEp6RkExQVBPUHhodXB1MGFBcnVvRUFMd193Y0I.*_gcl_au*NTIzMjMyNDc1LjE2OTQ3ODgxNDM.*_ga*MTQ4NzE4MjM0Mi4xNjk0Nzg4MTQz*_ga_W18MV136NH*MTY5NTI5OTAxOC4yMC4xLjE2OTUzMDIyMDQuMC4wLjA.\"><strong>Rosenkranzmonat<\/strong><\/a> Oktober zu tun?<\/p>\n<p>\u201e<em>Seid allezeit fr\u00f6hlich, betet ohne Unterlass, dankt in allem<\/em>\u201c (Thessalonicher 5,16-18) So ermahnt uns der heilige Paulus und erinnert uns daran, dass <strong>Gott Freude<\/strong> ist und dass wir alle eingeladen sind, auch in den schwierigsten Momenten gute Laune zu bewahren, selbst wenn die Gedanken, Sorgen und Wechself\u00e4lle des Lebens dr\u00e4ngender werden. Und auch <strong>Papst Franziskus<\/strong> scheint davon fest \u00fcberzeugt zu sein, denn seit vielen Jahren spricht er t\u00e4glich ein <strong>Gebet des Frohsinns<\/strong>, das nicht nur ein Akt der Fr\u00f6mmigkeit und des Glaubens ist, sondern auch eine Art pers\u00f6nliche Ermutigung, <strong>das<\/strong> <strong>L\u00e4cheln und den Sinn f\u00fcr Humor nicht zu verlieren<\/strong>, und zwar immer.<\/p>\n<div class=\"link-product\">\n<div class=\"blocco-immagine\"><img loading=\"lazy\" decoding=\"async\" class=\"size-full wp-image-2921 alignleft\" src=\"https:\/\/blog.holyart.it\/de\/wp-content\/uploads\/sites\/12\/2023\/09\/Kreuz-Papst-Franziskus-guter-Hirte-Silber-925.jpg\" alt=\"Kreuz Papst Franziskus guter Hirte Silber 925\" width=\"100\" height=\"100\" data-kale-share-title=\"Das Gebet des Frohsinns: Das Lieblingsgebet von Papst Franziskus\" data-kale-share-url=\"https:\/\/blog.holyart.it\/de\/?p=2919\" \/><\/div>\n<div class=\"blocco-contenuto\">\n<div class=\"blocco-acquista\">Einkaufen:<\/div>\n<div class=\"blocco-titolo\"><a href=\"https:\/\/www.holyart.de\/devotionalien\/schmuck\/anhanger-kreuze-broschen-ketten\/kreuz-papst-franziskus-guter-hirte-silber-925?_gl=1*188ijwc*_gcl_aw*R0NMLjE2OTAyODEzMTIuQ2owS0NRanc1ZjJsQmhDa0FSSXNBSGVUdmxpUXN6U2xKQWxLR2lRUFROWmlldTdtUjJUUWFNb282YVMxaHAtSEp6RkExQVBPUHhodXB1MGFBcnVvRUFMd193Y0I.*_gcl_au*NTIzMjMyNDc1LjE2OTQ3ODgxNDM.*_ga*MTQ4NzE4MjM0Mi4xNjk0Nzg4MTQz*_ga_W18MV136NH*MTY5NTI5OTAxOC4yMC4xLjE2OTUzMDIyMjkuMC4wLjA.\">Kreuz Papst Franziskus guter Hirte Silber 925<\/a><\/div>\n<div class=\"blocco-descrizione\">Kreuz Papst Franziskus guter Hirte Silber 925. Der Kreuz wird aus Silber 925 realisiert und zeigt den guten Hirte.<\/div>\n<\/div>\n<\/div>\n<p>So k\u00f6nnen wir also in diesem besonderen Monat beten, indem wir uns einerseits daran erinnern, dass der Oktober der Monat des Rosenkranzes ist und dass wir uns mit diesem kraftvollen und einzigartigen Gebet an die Gottesmutter und an Gott wenden k\u00f6nnen, ein wahres Instrument des pers\u00f6nlichen und gemeinschaftlichen Heils, vielleicht inspiriert vom heiligen Dominikus von Guzm\u00e1n, dem Gr\u00fcnder der Dominikaner. Andererseits sollten wir unsere gute Laune und unseren Sinn f\u00fcr Humor nicht verlieren und Papst Franziskus und sein Gebet des Frohsinns nachahmen, das vor vielen Jahrhunderten vom heiligen <strong>Thomas More<\/strong> geschrieben wurde und immer noch so aktuell ist, jeden Tag.<\/p>\n<h2>Die Muttergottes und der heilige Dominikus von Guzm\u00e1n<\/h2>\n<p>Der <u>heilige Dominikus von Guzm\u00e1n<\/u> war von einer gl\u00fchenden und tiefen Verehrung f\u00fcr die Jungfrau Maria beseelt. Bei einer Erscheinung der Muttergottes schenkte sie ihm den Rosenkranz. Der Heilige war von Piraten entf\u00fchrt worden und befand sich auf einem Schiff, das in einen Sturm geraten war. Die Jungfrau Maria schenkte ihm den Rosenkranz als einzige Rettung vor Schiffbruch und Tod. Der Heilige informierte seine Entf\u00fchrer, die ihn anh\u00f6rten, und sofort lie\u00df die Wut des Meeres nach. Die Seer\u00e4uber waren die ersten Mitglieder der Rosenkranzbruderschaft.<\/p>\n<p>Dank des heiligen Dominikus und des von ihm gegr\u00fcndeten Predigerordens erhielt der Rosenkranz die Form, die wir heute noch kennen und praktizieren, mit der Rolle der Jungfrau Maria in der Mitte und der kreisf\u00f6rmigen Bewegung, die den geistlichen Weg der Gl\u00e4ubigen, ihre fortschreitende Bewegung zu Gott hin, zum Ausdruck bringt. In diesem Monat und zu jeder Zeit sollten wir ihn als Instrument der Meditation und des pers\u00f6nlichen Gebets nutzen.<\/p>\n<h2>Das Gebet von Papst Franziskus<\/h2>\n<p>Papst Franziskus hat bei mehreren Gelegenheiten \u00fcber seine Lieblingsgebete gesprochen, die ihn jeden Tag begleiten. Der Papst beginnt jeden Tag mit dem <strong>Morgenoffizium<\/strong>, einem der kanonischen <em>Stundengebete<\/em>, das Teil des t\u00e4glichen <em>Stundengebets<\/em> ist und urspr\u00fcnglich in der Morgend\u00e4mmerung gefeiert wurde. Das Offizium beginnt mit dem einleitenden Vers aus Psalm 69 \u201e<em>O Gott, komm und rette mich\u201c<\/em>, gefolgt vom Gloria und der Akklamation Alleluja.<\/p>\n<p>Der Papst setzt seinen Gebetstag mit dem Beten des <strong>Rosenkranzes<\/strong> fort und setzt sich am Abend f\u00fcr eine Stunde vor das Allerheiligste Sakrament zur <strong>abendlichen eucharistischen Anbetung<\/strong>. Er spricht auch von einem besonderen Gebet, das er abends vor dem Schlafengehen spricht und das mit der Bitte \u201e<em>Herr, wenn Du willst, kannst Du mich reinigen<\/em>\u201c beginnt, gefolgt von f\u00fcnf <em>Vaterunser<\/em>, eines f\u00fcr jede der Wunden Jesu.<\/p>\n<div class=\"link-product\">\n<div class=\"blocco-immagine\"><img loading=\"lazy\" decoding=\"async\" class=\"size-full wp-image-2923 alignleft\" src=\"https:\/\/blog.holyart.it\/de\/wp-content\/uploads\/sites\/12\/2023\/09\/Terco-oliveira-Papa-Francisco.jpg\" alt=\"Ter\u00e7o oliveira Papa Francisco\" width=\"100\" height=\"100\" data-kale-share-title=\"Das Gebet des Frohsinns: Das Lieblingsgebet von Papst Franziskus\" data-kale-share-url=\"https:\/\/blog.holyart.it\/de\/?p=2919\" \/><\/div>\n<div class=\"blocco-contenuto\">\n<div class=\"blocco-acquista\">Einkaufen:<\/div>\n<div class=\"blocco-titolo\"><a href=\"https:\/\/www.holyart.pt\/artigos-religiosos\/tercos-e-porta-tercos\/tercos-em-madeira\/terco-oliveira-papa-francisco?_gl=1*1hn97hp*_gcl_aw*R0NMLjE2OTAyODEzMTIuQ2owS0NRanc1ZjJsQmhDa0FSSXNBSGVUdmxpUXN6U2xKQWxLR2lRUFROWmlldTdtUjJUUWFNb282YVMxaHAtSEp6RkExQVBPUHhodXB1MGFBcnVvRUFMd193Y0I.*_gcl_au*NTIzMjMyNDc1LjE2OTQ3ODgxNDM.*_ga*MTQ4NzE4MjM0Mi4xNjk0Nzg4MTQz*_ga_W18MV136NH*MTY5NTI5OTAxOC4yMC4xLjE2OTUzMDI0MDYuMC4wLjA.\">Ter\u00e7o oliveira Papa Francisco<\/a><\/div>\n<div class=\"blocco-descrizione\">Ter\u00e7o colar com contas em oliveira dedicado a Papa Francisco, decorado com: cruz do Bom Pastor de Papa Francisco&#8230;<\/div>\n<\/div>\n<\/div>\n<p>Schlie\u00dflich rezitiert der Papst, wie eingangs erw\u00e4hnt, das <strong>Gebet des Frohsinns von Thomas More<\/strong>, dem ber\u00fchmten englischen Politiker und Humanisten, der an der Wende vom 15. zum 16. Jahrhundert lebte und zum Heiligen erkl\u00e4rt wurde, nachdem er hingerichtet worden war, weil er das Gesetz \u00fcber die Oberhoheit des englischen K\u00f6nigs \u00fcber die Kirche abgelehnt und sich geweigert hatte, den Papst zu verleugnen.<\/p>\n<h2>Das Gebet des Frohsinns<\/h2>\n<p><em>Herr, gib mir eine gute Verdauung und auch etwas zum Verdauen.<\/em><\/p>\n<p><em>Gib mir einen gesunden K\u00f6rper und den n\u00f6tigen Frohsinn, um ihn zu erhalten.<\/em><\/p>\n<p><em>Gib mir, Herr, eine einfache Seele, die das Gute zu sch\u00e4tzen wei\u00df und sich nicht vor dem B\u00f6sen f\u00fcrchtet, sondern immer einen Weg findet, die Dinge in Ordnung zu bringen.<\/em><\/p>\n<p><em>Gib mir eine Seele, die keine Langeweile kennt, kein Murren, kein Seufzen, kein Jammern, und erlaube mir nicht, mich \u00fcberm\u00e4\u00dfig \u00fcber dieses allzu schwerf\u00e4llige Ding namens \u201eIch\u201c zu \u00e4rgern.<\/em><\/p>\n<p><em>Gib mir, Herr, den Sinn f\u00fcr gute Laune. Schenke mir die Gnade, einen Witz zu verstehen, um Freude am Leben zu entdecken und sie mit anderen zu teilen.<\/em><\/p>\n<p><em>Amen.<\/em><\/p>\n","protected":false},"excerpt":{"rendered":"<p>Der Oktober ist einer der Monate, die dem Rosenkranzgebet gewidmet sind, aber es gibt auch andere M\u00f6glichkeiten, sich jeden Tag an Gott zu wenden. Hier ist das Gebet des Frohsinns. Die Entscheidung, den Oktober als einen der Monate zu bezeichnen, die dem Rosenkranzgebet gewidmet sind,&hellip;<\/p>\n","protected":false},"author":1,"featured_media":2920,"comment_status":"closed","ping_status":"open","sticky":false,"template":"","format":"standard","meta":{"_acf_changed":false,"footnotes":""},"categories":[5,10],"tags":[],"class_list":["post-2919","post","type-post","status-publish","format-standard","has-post-thumbnail","hentry","category-liturgische-gerate","category-devotionalien"],"acf":[],"yoast_head":"<!-- This site is optimized with the Yoast SEO plugin v26.6 - https:\/\/yoast.com\/wordpress\/plugins\/seo\/ -->\n<title>Das Gebet des Frohsinns: Das Lieblingsgebet von Papst Franziskus - Holyart.de Blog<\/title>\n<meta name=\"description\" content=\"Der Oktober ist einer der Monate, die dem Rosenkranzgebet gewidmet sind, aber es gibt auch andere M\u00f6glichkeiten, sich jeden Tag an Gott zu wenden.\" \/>\n<meta name=\"robots\" content=\"index, follow, max-snippet:-1, max-image-preview:large, max-video-preview:-1\" \/>\n<link rel=\"canonical\" href=\"https:\/\/blog.holyart.it\/de\/devotionalien\/das-gebet-des-frohsinns-das-lieblingsgebet-von-papst-franziskus\/\" \/>\n<meta property=\"og:locale\" content=\"de_DE\" \/>\n<meta property=\"og:type\" content=\"article\" \/>\n<meta property=\"og:title\" content=\"Das Gebet des Frohsinns: Das Lieblingsgebet von Papst Franziskus - Holyart.de Blog\" \/>\n<meta property=\"og:description\" content=\"Der Oktober ist einer der Monate, die dem Rosenkranzgebet gewidmet sind, aber es gibt auch andere M\u00f6glichkeiten, sich jeden Tag an Gott zu wenden.\" \/>\n<meta property=\"og:url\" content=\"https:\/\/blog.holyart.it\/de\/devotionalien\/das-gebet-des-frohsinns-das-lieblingsgebet-von-papst-franziskus\/\" \/>\n<meta property=\"og:site_name\" content=\"Holyart.de Blog\" \/>\n<meta property=\"article:published_time\" content=\"2023-10-02T08:00:47+00:00\" \/>\n<meta property=\"article:modified_time\" content=\"2024-08-27T08:20:11+00:00\" \/>\n<meta property=\"og:image\" content=\"https:\/\/blog.holyart.it\/de\/wp-content\/uploads\/sites\/12\/2023\/09\/papst-franziskus.jpg\" \/>\n\t<meta property=\"og:image:width\" content=\"1000\" \/>\n\t<meta property=\"og:image:height\" content=\"666\" \/>\n\t<meta property=\"og:image:type\" content=\"image\/jpeg\" \/>\n<meta name=\"author\" content=\"Redazione\" \/>\n<meta name=\"twitter:card\" content=\"summary_large_image\" \/>\n<meta name=\"twitter:label1\" content=\"Verfasst von\" \/>\n\t<meta name=\"twitter:data1\" content=\"Redazione\" \/>\n\t<meta name=\"twitter:label2\" content=\"Gesch\u00e4tzte Lesezeit\" \/>\n\t<meta name=\"twitter:data2\" content=\"6\u00a0Minuten\" \/>\n<script type=\"application\/ld+json\" class=\"yoast-schema-graph\">{\"@context\":\"https:\/\/schema.org\",\"@graph\":[{\"@type\":\"Article\",\"@id\":\"https:\/\/blog.holyart.it\/de\/devotionalien\/das-gebet-des-frohsinns-das-lieblingsgebet-von-papst-franziskus\/#article\",\"isPartOf\":{\"@id\":\"https:\/\/blog.holyart.it\/de\/devotionalien\/das-gebet-des-frohsinns-das-lieblingsgebet-von-papst-franziskus\/\"},\"author\":{\"name\":\"Redazione\",\"@id\":\"https:\/\/blog.holyart.it\/de\/#\/schema\/person\/0a7b686e5af0f856ec1e390dd0baecda\"},\"headline\":\"Das Gebet des Frohsinns: Das Lieblingsgebet von Papst Franziskus\",\"datePublished\":\"2023-10-02T08:00:47+00:00\",\"dateModified\":\"2024-08-27T08:20:11+00:00\",\"mainEntityOfPage\":{\"@id\":\"https:\/\/blog.holyart.it\/de\/devotionalien\/das-gebet-des-frohsinns-das-lieblingsgebet-von-papst-franziskus\/\"},\"wordCount\":923,\"publisher\":{\"@id\":\"https:\/\/blog.holyart.it\/de\/#organization\"},\"image\":{\"@id\":\"https:\/\/blog.holyart.it\/de\/devotionalien\/das-gebet-des-frohsinns-das-lieblingsgebet-von-papst-franziskus\/#primaryimage\"},\"thumbnailUrl\":\"https:\/\/blog.holyart.it\/de\/wp-content\/uploads\/sites\/12\/2023\/09\/papst-franziskus.jpg\",\"articleSection\":[\"Liturgie\",\"Religion\"],\"inLanguage\":\"de\"},{\"@type\":\"WebPage\",\"@id\":\"https:\/\/blog.holyart.it\/de\/devotionalien\/das-gebet-des-frohsinns-das-lieblingsgebet-von-papst-franziskus\/\",\"url\":\"https:\/\/blog.holyart.it\/de\/devotionalien\/das-gebet-des-frohsinns-das-lieblingsgebet-von-papst-franziskus\/\",\"name\":\"Das Gebet des Frohsinns: Das Lieblingsgebet von Papst Franziskus - Holyart.de Blog\",\"isPartOf\":{\"@id\":\"https:\/\/blog.holyart.it\/de\/#website\"},\"primaryImageOfPage\":{\"@id\":\"https:\/\/blog.holyart.it\/de\/devotionalien\/das-gebet-des-frohsinns-das-lieblingsgebet-von-papst-franziskus\/#primaryimage\"},\"image\":{\"@id\":\"https:\/\/blog.holyart.it\/de\/devotionalien\/das-gebet-des-frohsinns-das-lieblingsgebet-von-papst-franziskus\/#primaryimage\"},\"thumbnailUrl\":\"https:\/\/blog.holyart.it\/de\/wp-content\/uploads\/sites\/12\/2023\/09\/papst-franziskus.jpg\",\"datePublished\":\"2023-10-02T08:00:47+00:00\",\"dateModified\":\"2024-08-27T08:20:11+00:00\",\"description\":\"Der Oktober ist einer der Monate, die dem Rosenkranzgebet gewidmet sind, aber es gibt auch andere M\u00f6glichkeiten, sich jeden Tag an Gott zu wenden.\",\"breadcrumb\":{\"@id\":\"https:\/\/blog.holyart.it\/de\/devotionalien\/das-gebet-des-frohsinns-das-lieblingsgebet-von-papst-franziskus\/#breadcrumb\"},\"inLanguage\":\"de\",\"potentialAction\":[{\"@type\":\"ReadAction\",\"target\":[\"https:\/\/blog.holyart.it\/de\/devotionalien\/das-gebet-des-frohsinns-das-lieblingsgebet-von-papst-franziskus\/\"]}]},{\"@type\":\"ImageObject\",\"inLanguage\":\"de\",\"@id\":\"https:\/\/blog.holyart.it\/de\/devotionalien\/das-gebet-des-frohsinns-das-lieblingsgebet-von-papst-franziskus\/#primaryimage\",\"url\":\"https:\/\/blog.holyart.it\/de\/wp-content\/uploads\/sites\/12\/2023\/09\/papst-franziskus.jpg\",\"contentUrl\":\"https:\/\/blog.holyart.it\/de\/wp-content\/uploads\/sites\/12\/2023\/09\/papst-franziskus.jpg\",\"width\":1000,\"height\":666,\"caption\":\"papst franziskus\"},{\"@type\":\"BreadcrumbList\",\"@id\":\"https:\/\/blog.holyart.it\/de\/devotionalien\/das-gebet-des-frohsinns-das-lieblingsgebet-von-papst-franziskus\/#breadcrumb\",\"itemListElement\":[{\"@type\":\"ListItem\",\"position\":1,\"name\":\"Homepage\",\"item\":\"https:\/\/blog.holyart.it\/de\/\"},{\"@type\":\"ListItem\",\"position\":2,\"name\":\"Religion\",\"item\":\"https:\/\/blog.holyart.it\/de\/devotionalien\/\"},{\"@type\":\"ListItem\",\"position\":3,\"name\":\"Das Gebet des Frohsinns: Das Lieblingsgebet von Papst Franziskus\"}]},{\"@type\":\"WebSite\",\"@id\":\"https:\/\/blog.holyart.it\/de\/#website\",\"url\":\"https:\/\/blog.holyart.it\/de\/\",\"name\":\"Holyart.de Blog\",\"description\":\"Holyblog\",\"publisher\":{\"@id\":\"https:\/\/blog.holyart.it\/de\/#organization\"},\"potentialAction\":[{\"@type\":\"SearchAction\",\"target\":{\"@type\":\"EntryPoint\",\"urlTemplate\":\"https:\/\/blog.holyart.it\/de\/?s={search_term_string}\"},\"query-input\":{\"@type\":\"PropertyValueSpecification\",\"valueRequired\":true,\"valueName\":\"search_term_string\"}}],\"inLanguage\":\"de\"},{\"@type\":\"Organization\",\"@id\":\"https:\/\/blog.holyart.it\/de\/#organization\",\"name\":\"Holyart.de Blog\",\"url\":\"https:\/\/blog.holyart.it\/de\/\",\"logo\":{\"@type\":\"ImageObject\",\"inLanguage\":\"de\",\"@id\":\"https:\/\/blog.holyart.it\/de\/#\/schema\/logo\/image\/\",\"url\":\"https:\/\/blog.holyart.it\/de\/wp-content\/uploads\/sites\/12\/2022\/12\/Holyart_Blog_Logo.jpg\",\"contentUrl\":\"https:\/\/blog.holyart.it\/de\/wp-content\/uploads\/sites\/12\/2022\/12\/Holyart_Blog_Logo.jpg\",\"width\":300,\"height\":50,\"caption\":\"Holyart.de Blog\"},\"image\":{\"@id\":\"https:\/\/blog.holyart.it\/de\/#\/schema\/logo\/image\/\"}},{\"@type\":\"Person\",\"@id\":\"https:\/\/blog.holyart.it\/de\/#\/schema\/person\/0a7b686e5af0f856ec1e390dd0baecda\",\"name\":\"Redazione\",\"image\":{\"@type\":\"ImageObject\",\"inLanguage\":\"de\",\"@id\":\"https:\/\/blog.holyart.it\/de\/#\/schema\/person\/image\/\",\"url\":\"https:\/\/secure.gravatar.com\/avatar\/f477da817f43e50d0af36abecd33e3edf826c68299714bdc1057dff3b113f516?s=96&d=mm&r=g\",\"contentUrl\":\"https:\/\/secure.gravatar.com\/avatar\/f477da817f43e50d0af36abecd33e3edf826c68299714bdc1057dff3b113f516?s=96&d=mm&r=g\",\"caption\":\"Redazione\"}}]}<\/script>\n<!-- \/ Yoast SEO plugin. -->","yoast_head_json":{"title":"Das Gebet des Frohsinns: Das Lieblingsgebet von Papst Franziskus - Holyart.de Blog","description":"Der Oktober ist einer der Monate, die dem Rosenkranzgebet gewidmet sind, aber es gibt auch andere M\u00f6glichkeiten, sich jeden Tag an Gott zu wenden.","robots":{"index":"index","follow":"follow","max-snippet":"max-snippet:-1","max-image-preview":"max-image-preview:large","max-video-preview":"max-video-preview:-1"},"canonical":"https:\/\/blog.holyart.it\/de\/devotionalien\/das-gebet-des-frohsinns-das-lieblingsgebet-von-papst-franziskus\/","og_locale":"de_DE","og_type":"article","og_title":"Das Gebet des Frohsinns: Das Lieblingsgebet von Papst Franziskus - Holyart.de Blog","og_description":"Der Oktober ist einer der Monate, die dem Rosenkranzgebet gewidmet sind, aber es gibt auch andere M\u00f6glichkeiten, sich jeden Tag an Gott zu wenden.","og_url":"https:\/\/blog.holyart.it\/de\/devotionalien\/das-gebet-des-frohsinns-das-lieblingsgebet-von-papst-franziskus\/","og_site_name":"Holyart.de Blog","article_published_time":"2023-10-02T08:00:47+00:00","article_modified_time":"2024-08-27T08:20:11+00:00","og_image":[{"width":1000,"height":666,"url":"https:\/\/blog.holyart.it\/de\/wp-content\/uploads\/sites\/12\/2023\/09\/papst-franziskus.jpg","type":"image\/jpeg"}],"author":"Redazione","twitter_card":"summary_large_image","twitter_misc":{"Verfasst von":"Redazione","Gesch\u00e4tzte Lesezeit":"6\u00a0Minuten"},"schema":{"@context":"https:\/\/schema.org","@graph":[{"@type":"Article","@id":"https:\/\/blog.holyart.it\/de\/devotionalien\/das-gebet-des-frohsinns-das-lieblingsgebet-von-papst-franziskus\/#article","isPartOf":{"@id":"https:\/\/blog.holyart.it\/de\/devotionalien\/das-gebet-des-frohsinns-das-lieblingsgebet-von-papst-franziskus\/"},"author":{"name":"Redazione","@id":"https:\/\/blog.holyart.it\/de\/#\/schema\/person\/0a7b686e5af0f856ec1e390dd0baecda"},"headline":"Das Gebet des Frohsinns: Das Lieblingsgebet von Papst Franziskus","datePublished":"2023-10-02T08:00:47+00:00","dateModified":"2024-08-27T08:20:11+00:00","mainEntityOfPage":{"@id":"https:\/\/blog.holyart.it\/de\/devotionalien\/das-gebet-des-frohsinns-das-lieblingsgebet-von-papst-franziskus\/"},"wordCount":923,"publisher":{"@id":"https:\/\/blog.holyart.it\/de\/#organization"},"image":{"@id":"https:\/\/blog.holyart.it\/de\/devotionalien\/das-gebet-des-frohsinns-das-lieblingsgebet-von-papst-franziskus\/#primaryimage"},"thumbnailUrl":"https:\/\/blog.holyart.it\/de\/wp-content\/uploads\/sites\/12\/2023\/09\/papst-franziskus.jpg","articleSection":["Liturgie","Religion"],"inLanguage":"de"},{"@type":"WebPage","@id":"https:\/\/blog.holyart.it\/de\/devotionalien\/das-gebet-des-frohsinns-das-lieblingsgebet-von-papst-franziskus\/","url":"https:\/\/blog.holyart.it\/de\/devotionalien\/das-gebet-des-frohsinns-das-lieblingsgebet-von-papst-franziskus\/","name":"Das Gebet des Frohsinns: Das Lieblingsgebet von Papst Franziskus - Holyart.de Blog","isPartOf":{"@id":"https:\/\/blog.holyart.it\/de\/#website"},"primaryImageOfPage":{"@id":"https:\/\/blog.holyart.it\/de\/devotionalien\/das-gebet-des-frohsinns-das-lieblingsgebet-von-papst-franziskus\/#primaryimage"},"image":{"@id":"https:\/\/blog.holyart.it\/de\/devotionalien\/das-gebet-des-frohsinns-das-lieblingsgebet-von-papst-franziskus\/#primaryimage"},"thumbnailUrl":"https:\/\/blog.holyart.it\/de\/wp-content\/uploads\/sites\/12\/2023\/09\/papst-franziskus.jpg","datePublished":"2023-10-02T08:00:47+00:00","dateModified":"2024-08-27T08:20:11+00:00","description":"Der Oktober ist einer der Monate, die dem Rosenkranzgebet gewidmet sind, aber es gibt auch andere M\u00f6glichkeiten, sich jeden Tag an Gott zu wenden.","breadcrumb":{"@id":"https:\/\/blog.holyart.it\/de\/devotionalien\/das-gebet-des-frohsinns-das-lieblingsgebet-von-papst-franziskus\/#breadcrumb"},"inLanguage":"de","potentialAction":[{"@type":"ReadAction","target":["https:\/\/blog.holyart.it\/de\/devotionalien\/das-gebet-des-frohsinns-das-lieblingsgebet-von-papst-franziskus\/"]}]},{"@type":"ImageObject","inLanguage":"de","@id":"https:\/\/blog.holyart.it\/de\/devotionalien\/das-gebet-des-frohsinns-das-lieblingsgebet-von-papst-franziskus\/#primaryimage","url":"https:\/\/blog.holyart.it\/de\/wp-content\/uploads\/sites\/12\/2023\/09\/papst-franziskus.jpg","contentUrl":"https:\/\/blog.holyart.it\/de\/wp-content\/uploads\/sites\/12\/2023\/09\/papst-franziskus.jpg","width":1000,"height":666,"caption":"papst franziskus"},{"@type":"BreadcrumbList","@id":"https:\/\/blog.holyart.it\/de\/devotionalien\/das-gebet-des-frohsinns-das-lieblingsgebet-von-papst-franziskus\/#breadcrumb","itemListElement":[{"@type":"ListItem","position":1,"name":"Homepage","item":"https:\/\/blog.holyart.it\/de\/"},{"@type":"ListItem","position":2,"name":"Religion","item":"https:\/\/blog.holyart.it\/de\/devotionalien\/"},{"@type":"ListItem","position":3,"name":"Das Gebet des Frohsinns: Das Lieblingsgebet von Papst Franziskus"}]},{"@type":"WebSite","@id":"https:\/\/blog.holyart.it\/de\/#website","url":"https:\/\/blog.holyart.it\/de\/","name":"Holyart.de Blog","description":"Holyblog","publisher":{"@id":"https:\/\/blog.holyart.it\/de\/#organization"},"potentialAction":[{"@type":"SearchAction","target":{"@type":"EntryPoint","urlTemplate":"https:\/\/blog.holyart.it\/de\/?s={search_term_string}"},"query-input":{"@type":"PropertyValueSpecification","valueRequired":true,"valueName":"search_term_string"}}],"inLanguage":"de"},{"@type":"Organization","@id":"https:\/\/blog.holyart.it\/de\/#organization","name":"Holyart.de Blog","url":"https:\/\/blog.holyart.it\/de\/","logo":{"@type":"ImageObject","inLanguage":"de","@id":"https:\/\/blog.holyart.it\/de\/#\/schema\/logo\/image\/","url":"https:\/\/blog.holyart.it\/de\/wp-content\/uploads\/sites\/12\/2022\/12\/Holyart_Blog_Logo.jpg","contentUrl":"https:\/\/blog.holyart.it\/de\/wp-content\/uploads\/sites\/12\/2022\/12\/Holyart_Blog_Logo.jpg","width":300,"height":50,"caption":"Holyart.de Blog"},"image":{"@id":"https:\/\/blog.holyart.it\/de\/#\/schema\/logo\/image\/"}},{"@type":"Person","@id":"https:\/\/blog.holyart.it\/de\/#\/schema\/person\/0a7b686e5af0f856ec1e390dd0baecda","name":"Redazione","image":{"@type":"ImageObject","inLanguage":"de","@id":"https:\/\/blog.holyart.it\/de\/#\/schema\/person\/image\/","url":"https:\/\/secure.gravatar.com\/avatar\/f477da817f43e50d0af36abecd33e3edf826c68299714bdc1057dff3b113f516?s=96&d=mm&r=g","contentUrl":"https:\/\/secure.gravatar.com\/avatar\/f477da817f43e50d0af36abecd33e3edf826c68299714bdc1057dff3b113f516?s=96&d=mm&r=g","caption":"Redazione"}}]}},"_links":{"self":[{"href":"https:\/\/blog.holyart.it\/de\/wp-json\/wp\/v2\/posts\/2919","targetHints":{"allow":["GET"]}}],"collection":[{"href":"https:\/\/blog.holyart.it\/de\/wp-json\/wp\/v2\/posts"}],"about":[{"href":"https:\/\/blog.holyart.it\/de\/wp-json\/wp\/v2\/types\/post"}],"author":[{"embeddable":true,"href":"https:\/\/blog.holyart.it\/de\/wp-json\/wp\/v2\/users\/1"}],"replies":[{"embeddable":true,"href":"https:\/\/blog.holyart.it\/de\/wp-json\/wp\/v2\/comments?post=2919"}],"version-history":[{"count":5,"href":"https:\/\/blog.holyart.it\/de\/wp-json\/wp\/v2\/posts\/2919\/revisions"}],"predecessor-version":[{"id":2927,"href":"https:\/\/blog.holyart.it\/de\/wp-json\/wp\/v2\/posts\/2919\/revisions\/2927"}],"wp:featuredmedia":[{"embeddable":true,"href":"https:\/\/blog.holyart.it\/de\/wp-json\/wp\/v2\/media\/2920"}],"wp:attachment":[{"href":"https:\/\/blog.holyart.it\/de\/wp-json\/wp\/v2\/media?parent=2919"}],"wp:term":[{"taxonomy":"category","embeddable":true,"href":"https:\/\/blog.holyart.it\/de\/wp-json\/wp\/v2\/categories?post=2919"},{"taxonomy":"post_tag","embeddable":true,"href":"https:\/\/blog.holyart.it\/de\/wp-json\/wp\/v2\/tags?post=2919"}],"curies":[{"name":"wp","href":"https:\/\/api.w.org\/{rel}","templated":true}]}}