{"id":2889,"date":"2023-09-27T10:00:54","date_gmt":"2023-09-27T08:00:54","guid":{"rendered":"https:\/\/blog.holyart.it\/de\/?p=2889"},"modified":"2023-09-25T17:39:41","modified_gmt":"2023-09-25T15:39:41","slug":"die-heilige-therese-von-lisieux-und-das-rosenwunder","status":"publish","type":"post","link":"https:\/\/blog.holyart.it\/de\/devotionalien\/die-heilige-therese-von-lisieux-und-das-rosenwunder\/","title":{"rendered":"Die heilige Therese von Lisieux und das Rosenwunder"},"content":{"rendered":"<h3>Die heilige Th\u00e9r\u00e8se von Lisieux, die mit f\u00fcnfundzwanzig starb, nachdem sie einen Gro\u00dfteil ihres Lebens in der Abgeschiedenheit verbracht hatte, hat uns ein einzigartiges Modell der Spiritualit\u00e4t und ein Beispiel hinterlassen, das noch immer in der ganzen Welt befolgt wird.<\/h3>\n\n<p>Was macht einen Heiligen so besonders? Eine schwierige Definition, die sich in wenigen Zeilen zusammenfassen l\u00e4sst, ohne in Banalit\u00e4t oder gar Irrtum zu verfallen. In jedem W\u00f6rterbuch k\u00f6nnen Sie nachlesen, dass im Kontext der katholischen Kirche ein \u201e<strong>Heiliger<\/strong>\u201c ein Mann oder eine Frau ist, der\/die es geschafft hat, nach <strong>dem Vorbild Jesu<\/strong> zu leben, und der\/die in seinem\/ihrem Leben <strong>christliche Tugenden<\/strong> bis zu dem Punkt bewiesen hat, dass er\/sie seine\/ihre Existenz im Namen seines\/ihres Glaubens aufgab oder sogar opferte. Was f\u00fcr au\u00dfergew\u00f6hnliche M\u00e4nner und Frauen m\u00fcssen diese Heiligen sein, fast schon Helden! Denken wir an die heilige Th\u00e9r\u00e8se von Lisieux, ein M\u00e4dchen, das in der Normandie geboren und aufgewachsen ist, in einer Familie wie viele andere, das sehr jung in den Karmel eingetreten ist und mit nur f\u00fcnfundzwanzig Jahren starb. Wie konnte diese junge Frau so viele Gaben unter Beweis stellen, die ihre Weihe und vor allem die gro\u00dfe Verehrung rechtfertigen, der sie noch immer ausgesetzt ist?<\/p>\n<p>Aber es gibt noch mehr.<\/p>\n<p><u>Die heilige Th\u00e9r\u00e8se von Lisieux ist nicht nur eine Heilige<\/u>. Sie wird als <strong>Schutzpatronin der Missionare<\/strong> verehrt und ist neben der Heiligen Anna, der Mutter der Jungfrau Maria, und Jeanne d\u2018Arc eine der Schutzpatrone Frankreichs. Au\u00dferdem ist sie seit 1997 neben Katharina von Siena und Therese von Avila die dritte Frau, die zur <strong>Kirchenlehrerin<\/strong> ernannt wurde, ein Titel, der nur jenen verliehen wird, die in ihren Schriften, aber vor allem in ihrem Leben eine au\u00dfergew\u00f6hnliche Erleuchtung und theologische Sensibilit\u00e4t bewiesen haben.<\/p>\n<p>Was macht dieses M\u00e4dchen so besonders? Das wollen wir gemeinsam herausfinden.<\/p>\n<h2>Die Geschichte der heiligen Therese von Lisieux<\/h2>\n<p>Die Geschichte der <strong>heiligen Th\u00e9r\u00e8se vom Kinde Jesu, oder Th\u00e9r\u00e8se vom Kinde Jesu und dem Heiligen Antlitz,<\/strong> scheint nicht die Geschichte einer au\u00dfergew\u00f6hnlichen Frau zu sein. Sie wurde in eine liebevolle und sehr gl\u00e4ubige Familie hineingeboren, musste aber schon fr\u00fch Verluste hinnehmen, vor allem den ihrer Mutter, die sie verlie\u00df, als sie gerade vier Jahre alt war. Dennoch wuchs sie umgeben von der Liebe ihres Vaters und ihrer vier Schwestern auf und zeigte schon in jungen Jahren <strong>eine ungew\u00f6hnliche Liebe zu Jesus<\/strong>.<\/p>\n<p>1873 in Alen\u00e7on in der Normandie geboren, zog sie nach dem Tod ihrer Mutter nach <strong>Lisieux<\/strong>. Hier wurde sie von den <strong>Benediktinerinnen<\/strong> erzogen, die ihr sch\u00fcchternes, melancholisches Wesen und ihre geringe Neigung zum Gemeinschaftsleben zeigten.<\/p>\n<p>Als ihre \u00e4ltere Schwester Pauline beschloss, in den <strong>Karmeliterorden<\/strong> einzutreten, sp\u00fcrte auch Teresa, dass sie als Nonne gl\u00fccklich werden k\u00f6nnte. Nach einer schweren Krankheit, von der sie dank der Gebete zur Jungfrau Maria geheilt wird, empf\u00e4ngt das junge M\u00e4dchen <a href=\"https:\/\/www.holyart.de\/besondere-anlasse\/erstkommunion\"><strong>die Erstkommunion<\/strong><\/a>, die sie in ihrem Entschluss best\u00e4tigt, <a href=\"https:\/\/www.holyart.de\/weihnachten\/jesuskind-figuren?page=1&amp;_gl=1*qa4yz2*_gcl_aw*R0NMLjE2OTAyODEzMTIuQ2owS0NRanc1ZjJsQmhDa0FSSXNBSGVUdmxpUXN6U2xKQWxLR2lRUFROWmlldTdtUjJUUWFNb282YVMxaHAtSEp6RkExQVBPUHhodXB1MGFBcnVvRUFMd193Y0I.*_gcl_au*NTIzMjMyNDc1LjE2OTQ3ODgxNDM.*_ga*MTQ4NzE4MjM0Mi4xNjk0Nzg4MTQz*_ga_W18MV136NH*MTY5NTA1MDAwMS45LjEuMTY5NTA1MTgzMS4wLjAuMA..\"><strong>ihr Leben Jesus zu widmen<\/strong><\/a>.<\/p>\n<p>Aber sie wird abwarten m\u00fcssen und mit der Ratlosigkeit ihrer Verwandten konfrontiert werden, die sich Sorgen um ihr junges Alter und ihren schlechten Gesundheitszustand machen. Schlie\u00dflich <strong>pilgerte sie nach Rom<\/strong> und bat Papst Leo XIII. um die Erlaubnis, ihre Gel\u00fcbde abzulegen. Sobald sie f\u00fcnfzehn Jahre alt war, trat sie in dasselbe Kloster ein, in dem bereits zwei ihrer Schwestern lebten. Nachdem sie im Alter von siebzehneinhalb Jahren das Postulat und das Noviziat absolviert hatte, legte sie <strong>ihre feierlichen Gel\u00fcbde<\/strong> ab und nahm den Ordensnamen Teresa vom Kinde Jesu und dem Heiligen Antlitz an.<\/p>\n<div class=\"link-product\">\n<div class=\"blocco-immagine\"><img loading=\"lazy\" decoding=\"async\" class=\"size-full wp-image-2894 alignleft\" src=\"https:\/\/blog.holyart.it\/de\/wp-content\/uploads\/sites\/12\/2023\/09\/Jesuskind-Figuren-1.jpg\" alt=\"Jesuskind-Figuren\" width=\"100\" height=\"100\" data-kale-share-title=\"Die heilige Therese von Lisieux und das Rosenwunder\" data-kale-share-url=\"https:\/\/blog.holyart.it\/de\/?p=2889\" \/><\/div>\n<div class=\"blocco-contenuto\">\n<div class=\"blocco-acquista\">Einkaufen:<\/div>\n<div class=\"blocco-titolo\"><a href=\"https:\/\/www.holyart.de\/weihnachten\/jesuskind-figuren?page=1&amp;sorter_id=4&amp;sort=20a&amp;_gl=1*3e6uy4*_gcl_aw*R0NMLjE2OTAyODEzMTIuQ2owS0NRanc1ZjJsQmhDa0FSSXNBSGVUdmxpUXN6U2xKQWxLR2lRUFROWmlldTdtUjJUUWFNb282YVMxaHAtSEp6RkExQVBPUHhodXB1MGFBcnVvRUFMd193Y0I.*_gcl_au*NTIzMjMyNDc1LjE2OTQ3ODgxNDM.*_ga*MTQ4NzE4MjM0Mi4xNjk0Nzg4MTQz*_ga_W18MV136NH*MTY5NTA1MDAwMS45LjEuMTY5NTA1MTg4My4wLjAuMA..\">Jesuskind-Figuren<\/a><\/div>\n<div class=\"blocco-descrizione\">In dieser Produktkategorie finden Sie Jesuskind-Figuren aus Holz, Holzmasse, Resin<\/div>\n<\/div>\n<\/div>\n<p>Teresa starb am 30. September 1897, ohne das Kloster je verlassen zu haben. Ihre letzten Worte waren: \u201e<em>Mein Gott, ich liebe dich<\/em>\u201c. In den wenigen Jahren, die sie bei den Nonnen verbrachte, schrieb sie ein autobiografisches Werk, die <strong>Geschichte einer Seele<\/strong>, die bis heute zu den grundlegenden Texten der universellen Spiritualit\u00e4t geh\u00f6rt, sowie zahlreiche Gedichte, Theaterst\u00fccke, Gebete und Briefe.<br \/>\nSie wurde 1925 von Papst Pius XI. heiliggesprochen.<\/p>\n<h2>Die Theologie des \u201ekleinen Weges\u201d<\/h2>\n<p>Doch worum geht es in den von der heiligen Teresa hinterlassenen Werken? Es ist wichtig zu verstehen, worin ihre Lehre bestand, denn gerade darin liegt der letzte Grund f\u00fcr ihre Heiligkeit. Wie wir bereits erw\u00e4hnt haben, zeigte Teresa als Kind eine erstaunliche Neigung, Jesus zu lieben. Es war genau diese Liebe, die im Mittelpunkt von Teresas theologischem und literarischem Werk stehen sollte, <strong>die Suche nach Heiligkeit in den kleinen allt\u00e4glichen Gesten<\/strong>, selbst in den scheinbar unbedeutendsten, <strong>die aber im Namen der Liebe zu Gott immens werden<\/strong>.<\/p>\n<p>Keine Heldentat, keine eklatante Aktion. Die heilige Teresa folgte dem, was sie selbst den \u201e<strong>kleinen Weg<\/strong>\u201c nannte. In ihrem Gef\u00fchl der Kleinheit und Unzul\u00e4nglichkeit, in ihrem t\u00e4glichen Bewusstsein der eigenen <strong>Begrenztheit<\/strong>, erkannte sie die Gr\u00f6\u00dfe der Liebe Gottes, der wir uns nur <strong>wie Kinder<\/strong> anvertrauen k\u00f6nnen, in absolutem Vertrauen und in Unschuld. Je <strong>kleiner<\/strong> wir uns vor Gott f\u00fchlen, desto mehr wird er uns lieben, denn es liegt in seinem Wesen, sich zu allem zu beugen, was klein und liebesbed\u00fcrftig ist. Aus diesem Grund pflegte die heilige Teresa ihre Briefe mit dem Zusatz <em>piccolissima<\/em> (\u201eam kleinsten\u201c) zu unterzeichnen.<\/p>\n<p>In dieser Perspektive f\u00e4llt die Hingabe an Gott damit zusammen, dass <strong>wir nichts f\u00fchlen<\/strong>, dass wir uns st\u00e4ndig unserer Armut und Kleinheit bewusst sind. Diese <strong>Unzul\u00e4nglichkeit<\/strong>, dieses Gef\u00fchl der inneren Leere wird so mit der F\u00fclle der Liebe Gottes gef\u00fcllt. Es ist ein revolution\u00e4res Konzept, denn es rechtfertigt jeden Fehler, jede Schw\u00e4che, ja sogar die S\u00fcnde, die auf diese Weise zu einer weiteren M\u00f6glichkeit wird, den von Natur aus kleinen und unvollkommenen Menschen Gott n\u00e4her zu bringen.<\/p>\n<p>Aber nicht nur das: Wer sich seiner eigenen Kleinheit hingibt und sich von der Liebe Gottes anstecken l\u00e4sst, die ihn \u00fcber seine eigenen menschlichen Grenzen hinaushebt, der zieht auch die mit sich, die er liebt, in einer Art <strong>Liebesgemeinschaft<\/strong>, einer Begegnung der Seelen, die die ganze Kirche wie eine gro\u00dfe Familie umfasst.<\/p>\n<p>In diesem Lob der Kleinheit liegt die Gr\u00f6\u00dfe der heiligen Th\u00e9r\u00e8se vom Kinde Jesu. Pius X., der sie den \u201e<em>Stern meines Pontifikats<\/em>\u201c oder auch \u201e<em>Meine kleine Heilige<\/em>\u201c nannte, sagte, dass zwar nichts Au\u00dfergew\u00f6hnliches an ihr sei, dass aber gerade ihre extreme Einfachheit das Au\u00dfergew\u00f6hnlichste sei und die Aufmerksamkeit auf sich ziehe, die ihre Seele auszeichne. Und Benedikt XVI. sagte \u00fcber ihr ber\u00fchmtestes Werk \u201e<strong>Die Geschichte einer Seele<\/strong>\u201c: \u201e<em>Die Geschichte einer Seele ist eine wunderbare Geschichte der Liebe, die mit einer solchen Authentizit\u00e4t, Einfachheit und Frische erz\u00e4hlt wird, dass der Leser nicht umhin kann, von ihr fasziniert zu sein<\/em>!\u201c<\/p>\n<div class=\"sp-styles-warning\" style=\"width: 450px; background-color: #FFF; color: #F00; border: 1px solid #F00; padding: 10px; font-size: 14px;\">\n\t\t\t<span style=\"font-weight: bold;\">Warning: The stylesheets were not loaded!<\/span> \n\t\t\tYou will need to change the <i>Load stylesheets<\/i> setting from <i>Automatically<\/i> to <i>On homepage<\/i> or <i>On all pages<\/i>. \n\t\t\tYou can set that <a style=\"text-decoration: underline; color: #F00;\" href=\"https:\/\/blog.holyart.it\/de\/wp-admin\/admin.php?page=sliderpro-settings\">here<\/a>.\n\t\t\t<\/div>\r\n<div id=\"slider-pro-43\" class=\"slider-pro sp-no-js\" style=\"width: 500px; height: 500px;\">\r\n\t<div class=\"sp-slides\">\r\n\t\t\r\n\t\t<div class=\"sp-slide\">\r\n\t\t\t<img loading=\"lazy\" decoding=\"async\" class=\"sp-image\" src=\"https:\/\/blog.holyart.it\/de\/wp-content\/uploads\/sites\/12\/2023\/09\/Wandteppich-Heilige-Therese-von-Lisieux.jpg\" alt=\"Wandteppich Heilige Therese von Lisieux\" width=\"500\" height=\"500\" \/>\r\n\t\t\t<div class=\"sp-thumbnail\"><a class=\"\" href=\"https:\/\/www.holyart.de\/devotionalien\/wandteppiche\/wandteppich-heilige-therese-von-lisieux-mit-rahmen-und-schlaufen-55x40-cm?_gl=1*10r0rzi*_gcl_aw*R0NMLjE2OTAyODEzMTIuQ2owS0NRanc1ZjJsQmhDa0FSSXNBSGVUdmxpUXN6U2xKQWxLR2lRUFROWmlldTdtUjJUUWFNb282YVMxaHAtSEp6RkExQVBPUHhodXB1MGFBcnVvRUFMd193Y0I.*_gcl_au*NTIzMjMyNDc1LjE2OTQ3ODgxNDM.*_ga*MTQ4NzE4MjM0Mi4xNjk0Nzg4MTQz*_ga_W18MV136NH*MTY5NTEwNzYwNy4xMC4wLjE2OTUxMDc2MTAuMC4wLjA.\">\r\n\t\t\t\t<img decoding=\"async\" src=\"https:\/\/blog.holyart.it\/de\/wp-content\/uploads\/sites\/12\/2023\/09\/Wandteppich-Heilige-Therese-von-Lisieux-150x150-1.jpg\" alt=\"Wandteppich Heilige Therese von Lisieux 150x150\" \/>\r\n\t\t\t<\/a>\r\n\t\t\t<\/div>\r\n\t\t\t<div class=\"sp-caption\">Der Jacquard-Wandteppich wird vollst\u00e4ndig in Italien gefertigt. Die Feinarbeiten werden in Handarbeit ausgef\u00fchrt. <\/br><strong><a href=\"https:\/\/www.holyart.de\/devotionalien\/wandteppiche\/wandteppich-heilige-therese-von-lisieux-mit-rahmen-und-schlaufen-55x40-cm?_gl=1*10r0rzi*_gcl_aw*R0NMLjE2OTAyODEzMTIuQ2owS0NRanc1ZjJsQmhDa0FSSXNBSGVUdmxpUXN6U2xKQWxLR2lRUFROWmlldTdtUjJUUWFNb282YVMxaHAtSEp6RkExQVBPUHhodXB1MGFBcnVvRUFMd193Y0I.*_gcl_au*NTIzMjMyNDc1LjE2OTQ3ODgxNDM.*_ga*MTQ4NzE4MjM0Mi4xNjk0Nzg4MTQz*_ga_W18MV136NH*MTY5NTEwNzYwNy4xMC4wLjE2OTUxMDc2MTAuMC4wLjA.\">Bei Holyart kaufen<\/a><\/strong><\/div>\r\n\t\t<\/div>\r\n\t\t<div class=\"sp-slide\">\r\n\t\t\t<img loading=\"lazy\" decoding=\"async\" class=\"sp-image\" src=\"https:\/\/blog.holyart.it\/de\/wp-content\/uploads\/sites\/12\/2023\/09\/Heilige-Theresa-mit-dem-Jesuskind.jpg\" alt=\"Heilige Theresa mit dem Jesuskind\" width=\"500\" height=\"500\" \/>\r\n\t\t\t<div class=\"sp-thumbnail\"><a class=\"\" href=\"https:\/\/www.holyart.de\/devotionalien\/statuen\/statuen-aus-bemalten-holz\/heilige-theresa-mit-dem-jesuskind?_gl=1*rhtl4f*_gcl_aw*R0NMLjE2OTAyODEzMTIuQ2owS0NRanc1ZjJsQmhDa0FSSXNBSGVUdmxpUXN6U2xKQWxLR2lRUFROWmlldTdtUjJUUWFNb282YVMxaHAtSEp6RkExQVBPUHhodXB1MGFBcnVvRUFMd193Y0I.*_gcl_au*NTIzMjMyNDc1LjE2OTQ3ODgxNDM.*_ga*MTQ4NzE4MjM0Mi4xNjk0Nzg4MTQz*_ga_W18MV136NH*MTY5NTEwNzYwNy4xMC4xLjE2OTUxMDc2OTcuMC4wLjA.\">\r\n\t\t\t\t<img decoding=\"async\" src=\"https:\/\/blog.holyart.it\/de\/wp-content\/uploads\/sites\/12\/2023\/09\/Heilige-Theresa-mit-dem-Jesuskind-2.jpg\" alt=\"Heilige Theresa mit dem Jesuskind 2\" \/>\r\n\t\t\t<\/a>\r\n\t\t\t<\/div>\r\n\t\t\t<div class=\"sp-caption\">Statue aus Holz die die Heilige Theresa aus Lisieux mit dem Jesuskind. Sie ist sehr beliebt. <\/br><strong><a href=\"https:\/\/www.holyart.de\/devotionalien\/statuen\/statuen-aus-bemalten-holz\/heilige-theresa-mit-dem-jesuskind?_gl=1*rhtl4f*_gcl_aw*R0NMLjE2OTAyODEzMTIuQ2owS0NRanc1ZjJsQmhDa0FSSXNBSGVUdmxpUXN6U2xKQWxLR2lRUFROWmlldTdtUjJUUWFNb282YVMxaHAtSEp6RkExQVBPUHhodXB1MGFBcnVvRUFMd193Y0I.*_gcl_au*NTIzMjMyNDc1LjE2OTQ3ODgxNDM.*_ga*MTQ4NzE4MjM0Mi4xNjk0Nzg4MTQz*_ga_W18MV136NH*MTY5NTEwNzYwNy4xMC4xLjE2OTUxMDc2OTcuMC4wLjA.\">Bei Holyart kaufen<\/a><\/strong><\/div>\r\n\t\t<\/div>\r\n\t\t<div class=\"sp-slide\">\r\n\t\t\t<img loading=\"lazy\" decoding=\"async\" class=\"sp-image\" src=\"https:\/\/blog.holyart.it\/de\/wp-content\/uploads\/sites\/12\/2023\/09\/Medaille-Therese-von-Lisieux-Silber-925-10mm.jpg\" alt=\"Medaille Therese von Lisieux Silber 925 10mm\" width=\"500\" height=\"500\" \/>\r\n\t\t\t<div class=\"sp-thumbnail\"><a class=\"\" href=\"https:\/\/www.holyart.de\/devotionalien\/schmuck\/anhanger-kreuze-broschen-ketten\/medaille-therese-von-lisieux-silber-925-10mm?_gl=1*yd3ui3*_gcl_aw*R0NMLjE2OTAyODEzMTIuQ2owS0NRanc1ZjJsQmhDa0FSSXNBSGVUdmxpUXN6U2xKQWxLR2lRUFROWmlldTdtUjJUUWFNb282YVMxaHAtSEp6RkExQVBPUHhodXB1MGFBcnVvRUFMd193Y0I.*_gcl_au*NTIzMjMyNDc1LjE2OTQ3ODgxNDM.*_ga*MTQ4NzE4MjM0Mi4xNjk0Nzg4MTQz*_ga_W18MV136NH*MTY5NTEwNzYwNy4xMC4xLjE2OTUxMDgxMTcuMC4wLjA.\">\r\n\t\t\t\t<img decoding=\"async\" src=\"https:\/\/blog.holyart.it\/de\/wp-content\/uploads\/sites\/12\/2023\/09\/Medaille-Therese-von-Lisieux-Silber-925-10mm-2.jpg\" alt=\"Medaille Therese von Lisieux Silber 925 10mm 2\" \/>\r\n\t\t\t<\/a>\r\n\t\t\t<\/div>\r\n\t\t\t<div class=\"sp-caption\">Medaille aus Silber mit Bild der Heiligen Therese von Lisieux und rodinierten Finish. <\/br><strong><a href=\"https:\/\/www.holyart.de\/devotionalien\/schmuck\/anhanger-kreuze-broschen-ketten\/medaille-therese-von-lisieux-silber-925-10mm?_gl=1*yd3ui3*_gcl_aw*R0NMLjE2OTAyODEzMTIuQ2owS0NRanc1ZjJsQmhDa0FSSXNBSGVUdmxpUXN6U2xKQWxLR2lRUFROWmlldTdtUjJUUWFNb282YVMxaHAtSEp6RkExQVBPUHhodXB1MGFBcnVvRUFMd193Y0I.*_gcl_au*NTIzMjMyNDc1LjE2OTQ3ODgxNDM.*_ga*MTQ4NzE4MjM0Mi4xNjk0Nzg4MTQz*_ga_W18MV136NH*MTY5NTEwNzYwNy4xMC4xLjE2OTUxMDgxMTcuMC4wLjA.\">Bei Holyart kaufen<\/a><\/strong><\/div>\r\n\t\t<\/div>\r\n\t\t<div class=\"sp-slide\">\r\n\t\t\t<img loading=\"lazy\" decoding=\"async\" class=\"sp-image\" src=\"https:\/\/blog.holyart.it\/de\/wp-content\/uploads\/sites\/12\/2023\/09\/Bild-auf-Leinwand-Therese-von-Lisieux-40x30-1.jpg\" alt=\"Bild auf Leinwand Therese von Lisieux, 40x30\" width=\"500\" height=\"500\" \/>\r\n\t\t\t<div class=\"sp-thumbnail\"><a class=\"\" href=\"https:\/\/www.holyart.de\/devotionalien\/poster-und-bilder\/bild-auf-leinwand-therese-von-lisieux-40x30-cm?_gl=1*4qppld*_gcl_aw*R0NMLjE2OTAyODEzMTIuQ2owS0NRanc1ZjJsQmhDa0FSSXNBSGVUdmxpUXN6U2xKQWxLR2lRUFROWmlldTdtUjJUUWFNb282YVMxaHAtSEp6RkExQVBPUHhodXB1MGFBcnVvRUFMd193Y0I.*_gcl_au*NTIzMjMyNDc1LjE2OTQ3ODgxNDM.*_ga*MTQ4NzE4MjM0Mi4xNjk0Nzg4MTQz*_ga_W18MV136NH*MTY5NTEwNzYwNy4xMC4xLjE2OTUxMDgyMDguMC4wLjA.\">\r\n\t\t\t\t<img decoding=\"async\" src=\"https:\/\/blog.holyart.it\/de\/wp-content\/uploads\/sites\/12\/2023\/09\/Bild-auf-Leinwand-Therese-von-Lisieux-40x30-2.jpg\" alt=\"Bild auf Leinwand Therese von Lisieux, 40x30 2\" \/>\r\n\t\t\t<\/a>\r\n\t\t\t<\/div>\r\n\t\t\t<div class=\"sp-caption\">Sch\u00f6nes, traditionelles Bild gedruckt auf einer Leinwand. Das Motiv stammt aus dem Archiv des Unternehmens Fratelli Bonella. <\/br><strong><a href=\"https:\/\/www.holyart.de\/devotionalien\/poster-und-bilder\/bild-auf-leinwand-therese-von-lisieux-40x30-cm?_gl=1*4qppld*_gcl_aw*R0NMLjE2OTAyODEzMTIuQ2owS0NRanc1ZjJsQmhDa0FSSXNBSGVUdmxpUXN6U2xKQWxLR2lRUFROWmlldTdtUjJUUWFNb282YVMxaHAtSEp6RkExQVBPUHhodXB1MGFBcnVvRUFMd193Y0I.*_gcl_au*NTIzMjMyNDc1LjE2OTQ3ODgxNDM.*_ga*MTQ4NzE4MjM0Mi4xNjk0Nzg4MTQz*_ga_W18MV136NH*MTY5NTEwNzYwNy4xMC4xLjE2OTUxMDgyMDguMC4wLjA.\">Bei Holyart kaufen<\/a><\/strong><\/div>\r\n\t\t<\/div>\r\n\t\t<div class=\"sp-slide\">\r\n\t\t\t<img loading=\"lazy\" decoding=\"async\" class=\"sp-image\" src=\"https:\/\/blog.holyart.it\/de\/wp-content\/uploads\/sites\/12\/2023\/09\/Heilige-Therese-30cm-perlmuttartigen-Gips.jpg\" alt=\"Heilige Therese 30cm perlmuttartigen Gips\" width=\"500\" height=\"500\" \/>\r\n\t\t\t<div class=\"sp-thumbnail\"><a class=\"\" href=\"https:\/\/www.holyart.de\/devotionalien\/statuen\/statuen-aus-gips\/heilige-therese-30cm-perlmuttartigen-gips1?_gl=1*1kybzcr*_gcl_aw*R0NMLjE2OTAyODEzMTIuQ2owS0NRanc1ZjJsQmhDa0FSSXNBSGVUdmxpUXN6U2xKQWxLR2lRUFROWmlldTdtUjJUUWFNb282YVMxaHAtSEp6RkExQVBPUHhodXB1MGFBcnVvRUFMd193Y0I.*_gcl_au*NTIzMjMyNDc1LjE2OTQ3ODgxNDM.*_ga*MTQ4NzE4MjM0Mi4xNjk0Nzg4MTQz*_ga_W18MV136NH*MTY5NTEwNzYwNy4xMC4xLjE2OTUxMDgzMDguMC4wLjA.\">\r\n\t\t\t\t<img decoding=\"async\" src=\"https:\/\/blog.holyart.it\/de\/wp-content\/uploads\/sites\/12\/2023\/09\/Heilige-Therese-30cm-perlmuttartigen-Gips-2.jpg\" alt=\"Heilige Therese 30cm perlmuttartigen Gips 2\" \/>\r\n\t\t\t<\/a>\r\n\t\t\t<\/div>\r\n\t\t\t<div class=\"sp-caption\">Heilige Therese 30cm perlmuttartigen Gips. Statue der Heiligen Therese realisiert aus Gips und handbemalt mit perlmuttigen Finish. <\/br><strong><a href=\"https:\/\/www.holyart.de\/devotionalien\/statuen\/statuen-aus-gips\/heilige-therese-30cm-perlmuttartigen-gips1?_gl=1*1kybzcr*_gcl_aw*R0NMLjE2OTAyODEzMTIuQ2owS0NRanc1ZjJsQmhDa0FSSXNBSGVUdmxpUXN6U2xKQWxLR2lRUFROWmlldTdtUjJUUWFNb282YVMxaHAtSEp6RkExQVBPUHhodXB1MGFBcnVvRUFMd193Y0I.*_gcl_au*NTIzMjMyNDc1LjE2OTQ3ODgxNDM.*_ga*MTQ4NzE4MjM0Mi4xNjk0Nzg4MTQz*_ga_W18MV136NH*MTY5NTEwNzYwNy4xMC4xLjE2OTUxMDgzMDguMC4wLjA.\">Bei Holyart kaufen<\/a><\/strong><\/div>\r\n\t\t<\/div>\r\n\t<\/div>\r\n<\/div>\n<h2>Die heilige Therese von Lisieux Kirchenlehrerin<\/h2>\n<p>Es war Johannes Paul II., der die heilige Therese 1997, an ihrem hundertsten Todestag, zur <strong><u>Kirchenlehrerin<\/u><\/strong> ernannte. Und das, obwohl Teresa nicht in der Lage war, eine Universit\u00e4t zu besuchen oder ein regul\u00e4res Studium zu absolvieren. Aber sie verstand es, ihre Berufung zu leben, indem sie sich das <strong>Gebot der Liebe<\/strong> ganz und gar zu eigen machte, durch Gebet und Gemeinschaft lebte und ein unvergleichliches Beispiel gab. Deshalb wird sie auch als <strong>Schutzpatronin der Missionare<\/strong> verehrt, obwohl sie nie die M\u00f6glichkeit hatte, in den Missionen zu arbeiten.<\/p>\n<div class=\"link-article\">\n<p><img loading=\"lazy\" decoding=\"async\" class=\"size-full wp-image-2901 alignleft\" src=\"https:\/\/blog.holyart.it\/de\/wp-content\/uploads\/sites\/12\/2023\/09\/Die-Doktoren-der-Kirche.jpg\" alt=\"Die Doktoren der Kirche\" width=\"150\" height=\"100\" data-kale-share-title=\"Die heilige Therese von Lisieux und das Rosenwunder\" data-kale-share-url=\"https:\/\/blog.holyart.it\/de\/?p=2889\" \/><\/p>\n<div class=\"leggi-anche\">Lesen Sie auch:<\/div>\n<p><strong><a href=\"https:\/\/www.holyart.de\/blog\/devotionalien\/die-doktoren-der-kirche-wer-sie-sind-und-welche-voraussetzungen-erfuellt-sein-muessen-um-diesen-titel-zu-tragen\/\">Die Doktoren der Kirche: wer sie sind und welche Voraussetzungen erf\u00fcllt sein m\u00fcssen, um diesen Titel zu tragen<\/a><\/strong><br \/>\nAm 1. Oktober feiern wir die heilige Therese von Lisieux, eine der vier Frauen, die zu Doktoren der Kirche ernannt wurden.<\/p>\n<\/div>\n<p>Die heilige Therese vom Kinde Jesu und vom Heiligen Antlitz hat den Titel einer <strong>Kirchenlehrerin<\/strong> verdient, obwohl sie nur eine Frau war, au\u00dferdem so jung gestorben ist und obwohl sie von Natur aus und von ihrem Leben her eine Kontemplative war, sicherlich keine Heldin oder eine Person der Tat. Aber ihr spiritueller Weg war so innovativ und reif, ihre Schriften so reich an Einsichten des Glaubens, so weit und tief, dass sie auch f\u00fcr viel ber\u00fchmtere und gr\u00f6\u00dfere Intellektuelle und M\u00e4nner des Denkens und des Geistes zu einer Referenz wurde.<\/p>\n<h2>Die Bedeutung des Namens Therese<\/h2>\n<p>Der Name Therese stammt aus dem Griechischen und bedeutet \u201e<em>J\u00e4gerin<\/em>\u201c. Durch Therese von Avila, die Schutzpatronin von Neapel, und Therese von Lisieux ber\u00fchmt geworden, aber auch durch Mutter Therese von Kalkutta in j\u00fcngerer Zeit, ist es ein Name, der eine s\u00e4uerliche und doch sehr s\u00fc\u00dfe Note in sich tr\u00e4gt. Der Namenstag f\u00e4llt auf den 15. Oktober (Gedenken an die heilige Therese von Avila), den 1. oder 3. Oktober (Gedenken an die heilige Therese von Lisieux oder an das Jesuskind).<\/p>\n<h2>Heilige Therese von Lisieux und die Rosennovene<\/h2>\n<p>Die Rosennovene der heiligen Th\u00e9r\u00e8se vom Kinde Jesu sch\u00f6pft ihre Inspiration aus den Worten der heiligen Th\u00e9r\u00e8se selbst, die ihren eigenen Tod prophezeite und ank\u00fcndigte: \u201e<em>Ihr werdet im Augenblick meines Todes sehen, welche Kaskade von Rosen ich auf die Erde regnen lassen werde<\/em>.\u201c Die Ikonographie zeigt uns die heilige Teresa oft mit ihren H\u00e4nden voller Rosen als Symbol f\u00fcr die <strong>Gnaden<\/strong>, die sie im Leben und auch nach ihrem Tod verteilte.<\/p>\n<p>Im Jahr 1925 begann ein Jesuit namens <strong>Pater Putigan<\/strong> eine Novene zu beten, um eine wichtige Gnade zu erflehen, und bat Gott um eine Rose als Zeichen des Wohlwollens und der Zuversicht. Am dritten Tag erhielt er sie und damit auch die Gnade, und so begann er eine weitere Novene und bat um eine weitere Rose.<\/p>\n<p>So entstand die wundert\u00e4tige Rosennovene, die heute \u00fcberall auf der Welt praktiziert wird. Es kann jederzeit rezitiert werden, aber die Verehrer der heiligen Teresa entscheiden sich in der Regel daf\u00fcr, es zwischen dem 9. und dem 17. eines jeden Monats zu rezitieren.<\/p>\n<p><em>\u00a0<\/em><\/p>\n<p><em>Heiligste Dreifaltigkeit, Vater, Sohn und Heiliger Geist, ich danke Dir f\u00fcr alle Gnaden und Wohltaten, mit denen Du die Seele Deiner Dienerin, der heiligen Therese vom Kinde Jesu und vom Heiligen Antlitz, \u00c4rztin der Kirche, w\u00e4hrend ihrer vierundzwanzig Jahre auf dieser Erde bereichert hast. Durch ihre Verdienste gew\u00e4hre mir die Gnade, die ich mir sehnlichst w\u00fcnsche <\/em>(hier spricht man die gew\u00fcnschte Gnade aus)<em>, wenn es Deinem heiligen Willen entspricht und zum Wohl meiner Seele ist.<\/em><\/p>\n<p><em>Hilf meinem Glauben und meiner Hoffnung, o heilige Therese vom Kinde Jesu und dem Heiligen Antlitz. Erf\u00fclle noch einmal dein Versprechen, deinen Himmel damit zu verbringen, \u201eGutes auf Erden zu tun\u201c, und erlaube mir, eine Rose als Zeichen der Gnade zu erhalten, die ich mir w\u00fcnsche.<\/em><\/p>\n<p>Dann werden vierundzwanzig Glorias rezitiert, um Gott f\u00fcr die Gaben zu danken, die Therese in den vierundzwanzig Jahren ihres irdischen Lebens erhalten hat.<\/p>\n<p>Auf jedes Gloria folgt die Anrufung:<\/p>\n<p><em>Heilige Therese vom Kinde Jesu und vom Heiligen Antlitz, bitte f\u00fcr uns.<\/em><\/p>\n<p><em>Heilige Th\u00e9r\u00e8se vom Kinde Jesu, die du w\u00e4hrend deines irdischen Daseins Gott \u00fcber alles geliebt und dich seiner barmherzigen Liebe als Opfer dargebracht hast, hilf mir, alle Augenblicke meines Lebens wertvoll zu machen, indem ich sie in Taten wahrer Liebe verwandle.<\/em><\/p>\n<p><em>Gew\u00e4hre mir, deinem kleinen Weg zu folgen, das hei\u00dft, im Geist evangelischer Einfachheit und Demut zu leben, in v\u00f6lliger Hingabe an den Willen des Herrn.<\/em><\/p>\n<p><em>Lehre mich, alles Leid als ein kostbares Geschenk anzunehmen, das denen gemacht wurde, die mich am meisten lieben.<\/em><\/p>\n<p><em>M\u00f6ge auch ich mein irdisches Leben beenden, indem ich deine letzten Worte wiederhole: Mein Gott, ich liebe dich.<\/em><\/p>\n","protected":false},"excerpt":{"rendered":"<p>Die heilige Th\u00e9r\u00e8se von Lisieux, die mit f\u00fcnfundzwanzig starb, nachdem sie einen Gro\u00dfteil ihres Lebens in der Abgeschiedenheit verbracht hatte, hat uns ein einzigartiges Modell der Spiritualit\u00e4t und ein Beispiel hinterlassen, das noch immer in der ganzen Welt befolgt wird. Was macht einen Heiligen so&hellip;<\/p>\n","protected":false},"author":1,"featured_media":2890,"comment_status":"closed","ping_status":"open","sticky":false,"template":"","format":"standard","meta":{"_acf_changed":false,"footnotes":""},"categories":[9,10],"tags":[],"class_list":["post-2889","post","type-post","status-publish","format-standard","has-post-thumbnail","hentry","category-heilige-und-selige","category-devotionalien"],"acf":[],"yoast_head":"<!-- This site is optimized with the Yoast SEO plugin v26.6 - https:\/\/yoast.com\/wordpress\/plugins\/seo\/ -->\n<title>Die heilige Therese von Lisieux und das Rosenwunder - Holyart.de Blog<\/title>\n<meta name=\"description\" content=\"Die heilige Th\u00e9r\u00e8se von Lisieux, hat uns ein einzigartiges Modell der Spiritualit\u00e4t und ein Beispiel hinterlassen in der ganzen Welt.\" \/>\n<meta name=\"robots\" content=\"index, follow, max-snippet:-1, max-image-preview:large, max-video-preview:-1\" \/>\n<link rel=\"canonical\" href=\"https:\/\/blog.holyart.it\/de\/devotionalien\/die-heilige-therese-von-lisieux-und-das-rosenwunder\/\" \/>\n<meta property=\"og:locale\" content=\"de_DE\" \/>\n<meta property=\"og:type\" content=\"article\" \/>\n<meta property=\"og:title\" content=\"Die heilige Therese von Lisieux und das Rosenwunder - Holyart.de Blog\" \/>\n<meta property=\"og:description\" content=\"Die heilige Th\u00e9r\u00e8se von Lisieux, hat uns ein einzigartiges Modell der Spiritualit\u00e4t und ein Beispiel hinterlassen in der ganzen Welt.\" \/>\n<meta property=\"og:url\" content=\"https:\/\/blog.holyart.it\/de\/devotionalien\/die-heilige-therese-von-lisieux-und-das-rosenwunder\/\" \/>\n<meta property=\"og:site_name\" content=\"Holyart.de Blog\" \/>\n<meta property=\"article:published_time\" content=\"2023-09-27T08:00:54+00:00\" \/>\n<meta property=\"og:image\" content=\"https:\/\/blog.holyart.it\/de\/wp-content\/uploads\/sites\/12\/2023\/09\/Die-heilige-Therese-von-Lisieux.jpg\" \/>\n\t<meta property=\"og:image:width\" content=\"1000\" \/>\n\t<meta property=\"og:image:height\" content=\"666\" \/>\n\t<meta property=\"og:image:type\" content=\"image\/jpeg\" \/>\n<meta name=\"author\" content=\"Redazione\" \/>\n<meta name=\"twitter:card\" content=\"summary_large_image\" \/>\n<meta name=\"twitter:label1\" content=\"Verfasst von\" \/>\n\t<meta name=\"twitter:data1\" content=\"Redazione\" \/>\n\t<meta name=\"twitter:label2\" content=\"Gesch\u00e4tzte Lesezeit\" \/>\n\t<meta name=\"twitter:data2\" content=\"11\u00a0Minuten\" \/>\n<script type=\"application\/ld+json\" class=\"yoast-schema-graph\">{\"@context\":\"https:\/\/schema.org\",\"@graph\":[{\"@type\":\"Article\",\"@id\":\"https:\/\/blog.holyart.it\/de\/devotionalien\/die-heilige-therese-von-lisieux-und-das-rosenwunder\/#article\",\"isPartOf\":{\"@id\":\"https:\/\/blog.holyart.it\/de\/devotionalien\/die-heilige-therese-von-lisieux-und-das-rosenwunder\/\"},\"author\":{\"name\":\"Redazione\",\"@id\":\"https:\/\/blog.holyart.it\/de\/#\/schema\/person\/0a7b686e5af0f856ec1e390dd0baecda\"},\"headline\":\"Die heilige Therese von Lisieux und das Rosenwunder\",\"datePublished\":\"2023-09-27T08:00:54+00:00\",\"mainEntityOfPage\":{\"@id\":\"https:\/\/blog.holyart.it\/de\/devotionalien\/die-heilige-therese-von-lisieux-und-das-rosenwunder\/\"},\"wordCount\":1940,\"publisher\":{\"@id\":\"https:\/\/blog.holyart.it\/de\/#organization\"},\"image\":{\"@id\":\"https:\/\/blog.holyart.it\/de\/devotionalien\/die-heilige-therese-von-lisieux-und-das-rosenwunder\/#primaryimage\"},\"thumbnailUrl\":\"https:\/\/blog.holyart.it\/de\/wp-content\/uploads\/sites\/12\/2023\/09\/Die-heilige-Therese-von-Lisieux.jpg\",\"articleSection\":[\"Heilige und Selige\",\"Religion\"],\"inLanguage\":\"de\"},{\"@type\":\"WebPage\",\"@id\":\"https:\/\/blog.holyart.it\/de\/devotionalien\/die-heilige-therese-von-lisieux-und-das-rosenwunder\/\",\"url\":\"https:\/\/blog.holyart.it\/de\/devotionalien\/die-heilige-therese-von-lisieux-und-das-rosenwunder\/\",\"name\":\"Die heilige Therese von Lisieux und das Rosenwunder - Holyart.de Blog\",\"isPartOf\":{\"@id\":\"https:\/\/blog.holyart.it\/de\/#website\"},\"primaryImageOfPage\":{\"@id\":\"https:\/\/blog.holyart.it\/de\/devotionalien\/die-heilige-therese-von-lisieux-und-das-rosenwunder\/#primaryimage\"},\"image\":{\"@id\":\"https:\/\/blog.holyart.it\/de\/devotionalien\/die-heilige-therese-von-lisieux-und-das-rosenwunder\/#primaryimage\"},\"thumbnailUrl\":\"https:\/\/blog.holyart.it\/de\/wp-content\/uploads\/sites\/12\/2023\/09\/Die-heilige-Therese-von-Lisieux.jpg\",\"datePublished\":\"2023-09-27T08:00:54+00:00\",\"description\":\"Die heilige Th\u00e9r\u00e8se von Lisieux, hat uns ein einzigartiges Modell der Spiritualit\u00e4t und ein Beispiel hinterlassen in der ganzen Welt.\",\"breadcrumb\":{\"@id\":\"https:\/\/blog.holyart.it\/de\/devotionalien\/die-heilige-therese-von-lisieux-und-das-rosenwunder\/#breadcrumb\"},\"inLanguage\":\"de\",\"potentialAction\":[{\"@type\":\"ReadAction\",\"target\":[\"https:\/\/blog.holyart.it\/de\/devotionalien\/die-heilige-therese-von-lisieux-und-das-rosenwunder\/\"]}]},{\"@type\":\"ImageObject\",\"inLanguage\":\"de\",\"@id\":\"https:\/\/blog.holyart.it\/de\/devotionalien\/die-heilige-therese-von-lisieux-und-das-rosenwunder\/#primaryimage\",\"url\":\"https:\/\/blog.holyart.it\/de\/wp-content\/uploads\/sites\/12\/2023\/09\/Die-heilige-Therese-von-Lisieux.jpg\",\"contentUrl\":\"https:\/\/blog.holyart.it\/de\/wp-content\/uploads\/sites\/12\/2023\/09\/Die-heilige-Therese-von-Lisieux.jpg\",\"width\":1000,\"height\":666,\"caption\":\"Die heilige Therese von Lisieux\"},{\"@type\":\"BreadcrumbList\",\"@id\":\"https:\/\/blog.holyart.it\/de\/devotionalien\/die-heilige-therese-von-lisieux-und-das-rosenwunder\/#breadcrumb\",\"itemListElement\":[{\"@type\":\"ListItem\",\"position\":1,\"name\":\"Homepage\",\"item\":\"https:\/\/blog.holyart.it\/de\/\"},{\"@type\":\"ListItem\",\"position\":2,\"name\":\"Religion\",\"item\":\"https:\/\/blog.holyart.it\/de\/devotionalien\/\"},{\"@type\":\"ListItem\",\"position\":3,\"name\":\"Die heilige Therese von Lisieux und das Rosenwunder\"}]},{\"@type\":\"WebSite\",\"@id\":\"https:\/\/blog.holyart.it\/de\/#website\",\"url\":\"https:\/\/blog.holyart.it\/de\/\",\"name\":\"Holyart.de Blog\",\"description\":\"Holyblog\",\"publisher\":{\"@id\":\"https:\/\/blog.holyart.it\/de\/#organization\"},\"potentialAction\":[{\"@type\":\"SearchAction\",\"target\":{\"@type\":\"EntryPoint\",\"urlTemplate\":\"https:\/\/blog.holyart.it\/de\/?s={search_term_string}\"},\"query-input\":{\"@type\":\"PropertyValueSpecification\",\"valueRequired\":true,\"valueName\":\"search_term_string\"}}],\"inLanguage\":\"de\"},{\"@type\":\"Organization\",\"@id\":\"https:\/\/blog.holyart.it\/de\/#organization\",\"name\":\"Holyart.de Blog\",\"url\":\"https:\/\/blog.holyart.it\/de\/\",\"logo\":{\"@type\":\"ImageObject\",\"inLanguage\":\"de\",\"@id\":\"https:\/\/blog.holyart.it\/de\/#\/schema\/logo\/image\/\",\"url\":\"https:\/\/blog.holyart.it\/de\/wp-content\/uploads\/sites\/12\/2022\/12\/Holyart_Blog_Logo.jpg\",\"contentUrl\":\"https:\/\/blog.holyart.it\/de\/wp-content\/uploads\/sites\/12\/2022\/12\/Holyart_Blog_Logo.jpg\",\"width\":300,\"height\":50,\"caption\":\"Holyart.de Blog\"},\"image\":{\"@id\":\"https:\/\/blog.holyart.it\/de\/#\/schema\/logo\/image\/\"}},{\"@type\":\"Person\",\"@id\":\"https:\/\/blog.holyart.it\/de\/#\/schema\/person\/0a7b686e5af0f856ec1e390dd0baecda\",\"name\":\"Redazione\",\"image\":{\"@type\":\"ImageObject\",\"inLanguage\":\"de\",\"@id\":\"https:\/\/blog.holyart.it\/de\/#\/schema\/person\/image\/\",\"url\":\"https:\/\/secure.gravatar.com\/avatar\/f477da817f43e50d0af36abecd33e3edf826c68299714bdc1057dff3b113f516?s=96&d=mm&r=g\",\"contentUrl\":\"https:\/\/secure.gravatar.com\/avatar\/f477da817f43e50d0af36abecd33e3edf826c68299714bdc1057dff3b113f516?s=96&d=mm&r=g\",\"caption\":\"Redazione\"}}]}<\/script>\n<!-- \/ Yoast SEO plugin. -->","yoast_head_json":{"title":"Die heilige Therese von Lisieux und das Rosenwunder - Holyart.de Blog","description":"Die heilige Th\u00e9r\u00e8se von Lisieux, hat uns ein einzigartiges Modell der Spiritualit\u00e4t und ein Beispiel hinterlassen in der ganzen Welt.","robots":{"index":"index","follow":"follow","max-snippet":"max-snippet:-1","max-image-preview":"max-image-preview:large","max-video-preview":"max-video-preview:-1"},"canonical":"https:\/\/blog.holyart.it\/de\/devotionalien\/die-heilige-therese-von-lisieux-und-das-rosenwunder\/","og_locale":"de_DE","og_type":"article","og_title":"Die heilige Therese von Lisieux und das Rosenwunder - Holyart.de Blog","og_description":"Die heilige Th\u00e9r\u00e8se von Lisieux, hat uns ein einzigartiges Modell der Spiritualit\u00e4t und ein Beispiel hinterlassen in der ganzen Welt.","og_url":"https:\/\/blog.holyart.it\/de\/devotionalien\/die-heilige-therese-von-lisieux-und-das-rosenwunder\/","og_site_name":"Holyart.de Blog","article_published_time":"2023-09-27T08:00:54+00:00","og_image":[{"width":1000,"height":666,"url":"https:\/\/blog.holyart.it\/de\/wp-content\/uploads\/sites\/12\/2023\/09\/Die-heilige-Therese-von-Lisieux.jpg","type":"image\/jpeg"}],"author":"Redazione","twitter_card":"summary_large_image","twitter_misc":{"Verfasst von":"Redazione","Gesch\u00e4tzte Lesezeit":"11\u00a0Minuten"},"schema":{"@context":"https:\/\/schema.org","@graph":[{"@type":"Article","@id":"https:\/\/blog.holyart.it\/de\/devotionalien\/die-heilige-therese-von-lisieux-und-das-rosenwunder\/#article","isPartOf":{"@id":"https:\/\/blog.holyart.it\/de\/devotionalien\/die-heilige-therese-von-lisieux-und-das-rosenwunder\/"},"author":{"name":"Redazione","@id":"https:\/\/blog.holyart.it\/de\/#\/schema\/person\/0a7b686e5af0f856ec1e390dd0baecda"},"headline":"Die heilige Therese von Lisieux und das Rosenwunder","datePublished":"2023-09-27T08:00:54+00:00","mainEntityOfPage":{"@id":"https:\/\/blog.holyart.it\/de\/devotionalien\/die-heilige-therese-von-lisieux-und-das-rosenwunder\/"},"wordCount":1940,"publisher":{"@id":"https:\/\/blog.holyart.it\/de\/#organization"},"image":{"@id":"https:\/\/blog.holyart.it\/de\/devotionalien\/die-heilige-therese-von-lisieux-und-das-rosenwunder\/#primaryimage"},"thumbnailUrl":"https:\/\/blog.holyart.it\/de\/wp-content\/uploads\/sites\/12\/2023\/09\/Die-heilige-Therese-von-Lisieux.jpg","articleSection":["Heilige und Selige","Religion"],"inLanguage":"de"},{"@type":"WebPage","@id":"https:\/\/blog.holyart.it\/de\/devotionalien\/die-heilige-therese-von-lisieux-und-das-rosenwunder\/","url":"https:\/\/blog.holyart.it\/de\/devotionalien\/die-heilige-therese-von-lisieux-und-das-rosenwunder\/","name":"Die heilige Therese von Lisieux und das Rosenwunder - Holyart.de Blog","isPartOf":{"@id":"https:\/\/blog.holyart.it\/de\/#website"},"primaryImageOfPage":{"@id":"https:\/\/blog.holyart.it\/de\/devotionalien\/die-heilige-therese-von-lisieux-und-das-rosenwunder\/#primaryimage"},"image":{"@id":"https:\/\/blog.holyart.it\/de\/devotionalien\/die-heilige-therese-von-lisieux-und-das-rosenwunder\/#primaryimage"},"thumbnailUrl":"https:\/\/blog.holyart.it\/de\/wp-content\/uploads\/sites\/12\/2023\/09\/Die-heilige-Therese-von-Lisieux.jpg","datePublished":"2023-09-27T08:00:54+00:00","description":"Die heilige Th\u00e9r\u00e8se von Lisieux, hat uns ein einzigartiges Modell der Spiritualit\u00e4t und ein Beispiel hinterlassen in der ganzen Welt.","breadcrumb":{"@id":"https:\/\/blog.holyart.it\/de\/devotionalien\/die-heilige-therese-von-lisieux-und-das-rosenwunder\/#breadcrumb"},"inLanguage":"de","potentialAction":[{"@type":"ReadAction","target":["https:\/\/blog.holyart.it\/de\/devotionalien\/die-heilige-therese-von-lisieux-und-das-rosenwunder\/"]}]},{"@type":"ImageObject","inLanguage":"de","@id":"https:\/\/blog.holyart.it\/de\/devotionalien\/die-heilige-therese-von-lisieux-und-das-rosenwunder\/#primaryimage","url":"https:\/\/blog.holyart.it\/de\/wp-content\/uploads\/sites\/12\/2023\/09\/Die-heilige-Therese-von-Lisieux.jpg","contentUrl":"https:\/\/blog.holyart.it\/de\/wp-content\/uploads\/sites\/12\/2023\/09\/Die-heilige-Therese-von-Lisieux.jpg","width":1000,"height":666,"caption":"Die heilige Therese von Lisieux"},{"@type":"BreadcrumbList","@id":"https:\/\/blog.holyart.it\/de\/devotionalien\/die-heilige-therese-von-lisieux-und-das-rosenwunder\/#breadcrumb","itemListElement":[{"@type":"ListItem","position":1,"name":"Homepage","item":"https:\/\/blog.holyart.it\/de\/"},{"@type":"ListItem","position":2,"name":"Religion","item":"https:\/\/blog.holyart.it\/de\/devotionalien\/"},{"@type":"ListItem","position":3,"name":"Die heilige Therese von Lisieux und das Rosenwunder"}]},{"@type":"WebSite","@id":"https:\/\/blog.holyart.it\/de\/#website","url":"https:\/\/blog.holyart.it\/de\/","name":"Holyart.de Blog","description":"Holyblog","publisher":{"@id":"https:\/\/blog.holyart.it\/de\/#organization"},"potentialAction":[{"@type":"SearchAction","target":{"@type":"EntryPoint","urlTemplate":"https:\/\/blog.holyart.it\/de\/?s={search_term_string}"},"query-input":{"@type":"PropertyValueSpecification","valueRequired":true,"valueName":"search_term_string"}}],"inLanguage":"de"},{"@type":"Organization","@id":"https:\/\/blog.holyart.it\/de\/#organization","name":"Holyart.de Blog","url":"https:\/\/blog.holyart.it\/de\/","logo":{"@type":"ImageObject","inLanguage":"de","@id":"https:\/\/blog.holyart.it\/de\/#\/schema\/logo\/image\/","url":"https:\/\/blog.holyart.it\/de\/wp-content\/uploads\/sites\/12\/2022\/12\/Holyart_Blog_Logo.jpg","contentUrl":"https:\/\/blog.holyart.it\/de\/wp-content\/uploads\/sites\/12\/2022\/12\/Holyart_Blog_Logo.jpg","width":300,"height":50,"caption":"Holyart.de Blog"},"image":{"@id":"https:\/\/blog.holyart.it\/de\/#\/schema\/logo\/image\/"}},{"@type":"Person","@id":"https:\/\/blog.holyart.it\/de\/#\/schema\/person\/0a7b686e5af0f856ec1e390dd0baecda","name":"Redazione","image":{"@type":"ImageObject","inLanguage":"de","@id":"https:\/\/blog.holyart.it\/de\/#\/schema\/person\/image\/","url":"https:\/\/secure.gravatar.com\/avatar\/f477da817f43e50d0af36abecd33e3edf826c68299714bdc1057dff3b113f516?s=96&d=mm&r=g","contentUrl":"https:\/\/secure.gravatar.com\/avatar\/f477da817f43e50d0af36abecd33e3edf826c68299714bdc1057dff3b113f516?s=96&d=mm&r=g","caption":"Redazione"}}]}},"_links":{"self":[{"href":"https:\/\/blog.holyart.it\/de\/wp-json\/wp\/v2\/posts\/2889","targetHints":{"allow":["GET"]}}],"collection":[{"href":"https:\/\/blog.holyart.it\/de\/wp-json\/wp\/v2\/posts"}],"about":[{"href":"https:\/\/blog.holyart.it\/de\/wp-json\/wp\/v2\/types\/post"}],"author":[{"embeddable":true,"href":"https:\/\/blog.holyart.it\/de\/wp-json\/wp\/v2\/users\/1"}],"replies":[{"embeddable":true,"href":"https:\/\/blog.holyart.it\/de\/wp-json\/wp\/v2\/comments?post=2889"}],"version-history":[{"count":14,"href":"https:\/\/blog.holyart.it\/de\/wp-json\/wp\/v2\/posts\/2889\/revisions"}],"predecessor-version":[{"id":2917,"href":"https:\/\/blog.holyart.it\/de\/wp-json\/wp\/v2\/posts\/2889\/revisions\/2917"}],"wp:featuredmedia":[{"embeddable":true,"href":"https:\/\/blog.holyart.it\/de\/wp-json\/wp\/v2\/media\/2890"}],"wp:attachment":[{"href":"https:\/\/blog.holyart.it\/de\/wp-json\/wp\/v2\/media?parent=2889"}],"wp:term":[{"taxonomy":"category","embeddable":true,"href":"https:\/\/blog.holyart.it\/de\/wp-json\/wp\/v2\/categories?post=2889"},{"taxonomy":"post_tag","embeddable":true,"href":"https:\/\/blog.holyart.it\/de\/wp-json\/wp\/v2\/tags?post=2889"}],"curies":[{"name":"wp","href":"https:\/\/api.w.org\/{rel}","templated":true}]}}