{"id":2866,"date":"2023-09-25T10:00:25","date_gmt":"2023-09-25T08:00:25","guid":{"rendered":"https:\/\/blog.holyart.it\/de\/?p=2866"},"modified":"2025-10-03T12:43:09","modified_gmt":"2025-10-03T10:43:09","slug":"das-gebet-gegen-depressionen-zu-unserer-lieben-frau-vom-laecheln","status":"publish","type":"post","link":"https:\/\/blog.holyart.it\/de\/devotionalien\/das-gebet-gegen-depressionen-zu-unserer-lieben-frau-vom-laecheln\/","title":{"rendered":"Das Gebet gegen Depressionen zu Unserer Lieben Frau vom L\u00e4cheln"},"content":{"rendered":"<h4>Wie ist das Gebet gegen Depressionen entstanden und wer war der erste, der seine Verehrung f\u00fcr die Muttergottes des L\u00e4chelns bekundete?<\/h4>\n\n<p>Es gibt Andachten, die aus der pers\u00f6nlichen Erfahrung derjenigen entstanden sind, die, von einem Schmerz gequ\u00e4lt, Trost in Jesus oder in dem s\u00fc\u00dfen Bild seiner Mutter Maria gefunden haben. So auch das <strong>Gebet gegen Depressionen<\/strong>, das aus der Verehrung der <strong><u>heiligen Theresia vom Kinde Jesu<\/u><\/strong> f\u00fcr die Muttergottes entstanden ist.<\/p>\n<p>Die heilige Theresia vom Kinde Jesu hat ein einzigartiges Modell der Spiritualit\u00e4t und des innigen und ergreifenden Glaubens hinterlassen. Und das, obwohl sie sehr jung starb, kaum 25 Jahre alt, nach einem Leben, das sie weitgehend in Abgeschiedenheit verbrachte. Ihre Liebe zu Jesus kam in jeder Geste, in jeder Handlung zum Ausdruck und bestand aus einfachen, allt\u00e4glichen Dingen. Sie entspringt der <strong>absoluten Hingabe an die Liebe zu Gott<\/strong>, die unvermeidlich ist, sobald wir uns bewusstwerden, dass wir vor dem Allerh\u00f6chsten <strong>nichts<\/strong> sind, zerbrechliche, dem\u00fctige Gesch\u00f6pfe, die des Schutzes und der liebevollen, sicheren F\u00fchrung bed\u00fcrfen. Das ist das Wunder des Glaubens der heiligen Th\u00e9r\u00e8se vom Kinde Jesu, die nie aufh\u00f6rte, sich vor der F\u00fclle der Liebe Gottes wie ein Kind zu f\u00fchlen, und in diesem Gef\u00fchl der Kleinheit und Zerbrechlichkeit lag ihr Reichtum, ein Reichtum, der aus der Armut geboren wurde, <strong>aus der Notwendigkeit, mit Gnade und Liebe erf\u00fcllt zu werden<\/strong>.<\/p>\n<p>Doch wie kam es zu der <a href=\"https:\/\/www.holyart.de\/blog\/devotionalien\/was-ist-der-unterschied-zwischen-verehrung-andacht-und-anbetung\/\"><strong>Verehrung der Heiligen Teresa f\u00fcr die Muttergottes des L\u00e4chelns<\/strong><\/a>? Zun\u00e4chst einmal k\u00f6nnen wir nicht umhin, daran zu denken, dass das L\u00e4cheln ein Vorrecht der Jungfrau ist, der Mutter schlechthin, und als solche immer bereit, allen ihren Kindern, besonders den zerbrechlichsten und verletzlichsten, das lieblichste L\u00e4cheln zu schenken, das nur eine Mutter schenken kann. Das L\u00e4cheln, das tr\u00f6stet, das ermutigt, das die Kraft gibt, jeden Fall zu meistern, jede Last zu tragen.<\/p>\n<div class=\"link-article\">\n<p><img loading=\"lazy\" decoding=\"async\" class=\"size-full wp-image-2868 alignleft\" src=\"https:\/\/blog.holyart.it\/de\/wp-content\/uploads\/sites\/12\/2023\/08\/Unsere-Liebe-Frau-der-Schmerzen.jpg\" alt=\"Unsere Liebe Frau der Schmerzen \" width=\"150\" height=\"99\" data-kale-share-title=\"Das Gebet gegen Depressionen zu Unserer Lieben Frau vom L\u00e4cheln\" data-kale-share-url=\"https:\/\/blog.holyart.it\/de\/?p=2866\" \/><\/p>\n<div class=\"leggi-anche\">Lesen Sie auch:<\/div>\n<p><strong><a href=\"https:\/\/www.holyart.de\/blog\/devotionalien\/was-ist-der-unterschied-zwischen-verehrung-andacht-und-anbetung\/\">Was ist der Unterschied zwischen Verehrung, Andacht und Anbetung?<\/a><\/strong><br \/>\nIn diesem Artikel befassen wir uns mit dem Unterschied zwischen Verehrung, Hingabe und Anbetung.<\/p>\n<\/div>\n<p><a href=\"https:\/\/www.holyart.de\/devotionalien\/statuen\/statuen-aus-gips\/statue-aus-gips-heilige-therese-vom-kinde-jesu-von-arte-barsanti-20-cm?_gl=1*tr9fy1*_ga*OTM4ODUzOTIuMTY3ODg3MTAzOA..*_ga_W18MV136NH*MTY5MjcxODQzMC4zNDMuMC4xNjkyNzE4NDMwLjAuMC4w\"><strong>Die heilige Therese vom Kinde Jesu<\/strong><\/a> litt schon in jungen Jahren an verschiedenen Krankheiten, die ihren K\u00f6rper und ihren Geist schw\u00e4chten. Unter anderem litt sie unter <strong>Depressionen und Panikattacken<\/strong>, die sie dazu zwangen, tagelang im Bett zu bleiben. Nun, die Heilige erz\u00e4hlte, dass sie am 13. Mai 1883, dem Pfingstfest, als sie von ihrem Schmerzensbett aus das Bild der Gottesmutter betrachtete, den Eindruck hatte, dass die Gottesmutter sie anl\u00e4chelte. Ein sehr s\u00fc\u00dfes, z\u00e4rtliches L\u00e4cheln, das sie noch sch\u00f6ner und liebenswerter erscheinen lie\u00df und das das Herz der kleinen Teresa so sehr ber\u00fchrte, dass es sie zu Tr\u00e4nen r\u00fchrte. Das Wissen, dass dieses bezaubernde L\u00e4cheln nur f\u00fcr sie bestimmt war, ein Geschenk der Mutter aller M\u00fctter, heilte sie von all ihren Sorgen.<\/p>\n<div class=\"link-product\">\n<div class=\"blocco-immagine\"><img loading=\"lazy\" decoding=\"async\" class=\"size-full wp-image-2870 alignleft\" src=\"https:\/\/blog.holyart.it\/de\/wp-content\/uploads\/sites\/12\/2023\/08\/Statue-aus-Gips-Heilige-Therese-vom-Kinde-Jesu-von-Arte-Barsanti-20-cm.jpg\" alt=\"Statue aus Gips Heilige Therese vom Kinde Jesu von Arte Barsanti, 20 cm\" width=\"100\" height=\"100\" data-kale-share-title=\"Das Gebet gegen Depressionen zu Unserer Lieben Frau vom L\u00e4cheln\" data-kale-share-url=\"https:\/\/blog.holyart.it\/de\/?p=2866\" \/><\/div>\n<div class=\"blocco-contenuto\">\n<div class=\"blocco-acquista\">Einkaufen:<\/div>\n<div class=\"blocco-titolo\"><a href=\"https:\/\/www.holyart.de\/devotionalien\/statuen\/statuen-aus-gips\/statue-aus-gips-heilige-therese-vom-kinde-jesu-von-arte-barsanti-20-cm?_gl=1*tr9fy1*_ga*OTM4ODUzOTIuMTY3ODg3MTAzOA..*_ga_W18MV136NH*MTY5MjcxODQzMC4zNDMuMC4xNjkyNzE4NDMwLjAuMC4w\">Statue aus Gips Heilige Therese vom Kinde Jesu von Arte Barsanti, 20 cm<\/a><\/div>\n<div class=\"blocco-descrizione\">Sch\u00f6ne Statue der Therese von Lisieux angefertigt aus Gips&#8230;<\/div>\n<\/div>\n<\/div>\n<p>So entstand die <strong>Muttergottes des L\u00e4chelns<\/strong>, einer <a href=\"https:\/\/www.holyart.de\/blog\/heilige-und-selige\/marianische-titel-welche-und-wie-viele-sind-die-namen-die-maria-gewidmet-sind\/\"><strong>der marianischen Titel,<\/strong><\/a> unter denen die Jungfrau in der ganzen Welt bekannt ist und verehrt wird. Die heilige Teresa wollte ihre Erfahrung zun\u00e4chst ihrer eigenen Familie mitteilen, dann dem Karmel von Lisieux, wo sie ihre Gel\u00fcbde ablegte. Es ist in der Tat den <strong>Karmelitenorden<\/strong> zu verdanken, dass sich diese besondere Verehrung in der ganzen Welt verbreitet hat.<\/p>\n<p>Aber <a href=\"https:\/\/www.holyart.de\/devotionalien\/poster-und-bilder\/bild-auf-leinwand-therese-von-lisieux-70x50-cm1?_gl=1*7pmr5h*_ga*OTM4ODUzOTIuMTY3ODg3MTAzOA..*_ga_W18MV136NH*MTY5MjcxODQzMC4zNDMuMS4xNjkyNzE4NjI4LjAuMC4w\"><strong>die heilige Teresa<\/strong><\/a> tat noch mehr. Ihrer Glaubens- und Heilerfahrung verdanken wir ein <strong>besonderes Gebet<\/strong>, das der Muttergottes als Helferin f\u00fcr diejenigen gewidmet ist, die von Depressionen und allgemein von psychischen St\u00f6rungen und Krankheiten gequ\u00e4lt werden, die den K\u00f6rper durch den Geist vergiften. Wie die heilige Theresa sind viele Menschen durch das Beten dieses Gebetes von Depressionen geheilt worden oder haben Erleichterung von Krankheiten und seelischen St\u00f6rungen gefunden.<\/p>\n<div class=\"link-product\">\n<div class=\"blocco-immagine\"><img loading=\"lazy\" decoding=\"async\" class=\"size-full wp-image-2873 alignleft\" src=\"https:\/\/blog.holyart.it\/de\/wp-content\/uploads\/sites\/12\/2023\/08\/Bild-auf-Leinwand-Therese-von-Lisieux-70x50-cm.jpg\" alt=\"Bild auf Leinwand Therese von Lisieux, 70x50 cm \" width=\"100\" height=\"100\" data-kale-share-title=\"Das Gebet gegen Depressionen zu Unserer Lieben Frau vom L\u00e4cheln\" data-kale-share-url=\"https:\/\/blog.holyart.it\/de\/?p=2866\" \/><\/div>\n<div class=\"blocco-contenuto\">\n<div class=\"blocco-acquista\">Einkaufen:<\/div>\n<div class=\"blocco-titolo\"><a href=\"https:\/\/www.holyart.de\/devotionalien\/poster-und-bilder\/bild-auf-leinwand-therese-von-lisieux-70x50-cm1?_gl=1*7pmr5h*_ga*OTM4ODUzOTIuMTY3ODg3MTAzOA..*_ga_W18MV136NH*MTY5MjcxODQzMC4zNDMuMS4xNjkyNzE4NjI4LjAuMC4w\">Bild auf Leinwand Therese von Lisieux, 70&#215;50 cm<\/a><\/div>\n<div class=\"blocco-descrizione\">Sch\u00f6nes, traditionelles Bild gedruckt auf einer Leinwand.<\/div>\n<\/div>\n<\/div>\n<p>Hier ist der Text des Gebets an die Muttergottes des L\u00e4chelns. Am Ende des Gebetes ist es angebracht, zwei Ave-Maria zu beten, um an die beiden Freudentr\u00e4nen zu erinnern, die der heiligen Theresia vom Kinde Jesu an dem Tag \u00fcber die Wangen liefen, als die Jungfrau sie anl\u00e4chelte.<\/p>\n<p><em>O Maria, Mutter Jesu und unsere Mutter<\/em><\/p>\n<p><em>die du mit einem klaren L\u00e4cheln deine Tochter<\/em><\/p>\n<p><em>deine Tochter, die heilige Therese vom Kinde Jesu, zu tr\u00f6sten und von ihrer Depression zu heilen<\/em><\/p>\n<p><em>und ihr die Freude am Leben und den<\/em><\/p>\n<p><em>und den Sinn ihres Lebens im auferstandenen Christus,<\/em><\/p>\n<p><em>Du schaust mit m\u00fctterlicher Zuneigung auf so viele<\/em><\/p>\n<p><em>S\u00f6hne und T\u00f6chter, die an Depressionen leiden,<\/em><\/p>\n<p><em>psychiatrischen St\u00f6rungen und Syndromen und psychosomatischen Krankheiten leiden.<\/em><\/p>\n<p><em>Jesus Christus heilt und gibt dem Leben so vieler Menschen einen Sinn<\/em><\/p>\n<p><em>deren Existenz sich manchmal verschlechtert.<\/em><\/p>\n<p><em>Maria, dein sch\u00f6nes L\u00e4cheln l\u00e4sst nicht zu<\/em><\/p>\n<p><em>die Schwierigkeiten des Lebens unsere Seelen nicht verdunkeln.<\/em><\/p>\n<p><em>Wir wissen, dass nur dein Sohn Jesus die tiefsten<\/em><\/p>\n<p><em>die tiefsten \u00c4ngste unseres Herzens stillen kann.<\/em><\/p>\n<p><em>Maria, durch das Licht, das aus deinem Gesicht erbl\u00fcht<\/em><\/p>\n<p><em>leuchtet die Barmherzigkeit Gottes.<\/em><\/p>\n<p><em>M\u00f6ge dein Blick uns streicheln und uns \u00fcberzeugen, dass<\/em><\/p>\n<p><em>dass Gott uns liebt und uns niemals verl\u00e4sst,<\/em><\/p>\n<p><em>und m\u00f6ge deine Z\u00e4rtlichkeit in uns das Selbstwertgef\u00fchl erneuern,<\/em><\/p>\n<p><em>das Vertrauen in unsere F\u00e4higkeiten,<\/em><\/p>\n<p><em>Interesse an der Zukunft und den Wunsch nach einem gl\u00fccklichen Leben.<\/em><\/p>\n<p><em>M\u00f6gen die Angeh\u00f6rigen der an Depressionen Erkrankten<\/em><\/p>\n<p><em>helfen beim Heilungsprozess, indem sie niemals als<\/em><\/p>\n<p><em>Akteure der Krankheit mit eigenen Interessen<\/em><\/p>\n<p><em>sondern sie wertsch\u00e4tzen, ihnen zuh\u00f6ren, sie verstehen und ihnen Mut zusprechen.<\/em><\/p>\n<p><em>Jungfrau des L\u00e4chelns, erwirke f\u00fcr uns von Jesus das wahre Heilmittel<\/em><\/p>\n<p><em>und befreie uns von vor\u00fcbergehender und illusorischer Erleichterung.<\/em><\/p>\n<p><em>Geheilt, verpflichten wir uns, mit Freude zu dienen,<\/em><\/p>\n<p><em>und Begeisterung als missionarische J\u00fcnger zu dienen,<\/em><\/p>\n<p><em>mit unserem Zeugnis des erneuerten Lebens.<\/em><\/p>\n","protected":false},"excerpt":{"rendered":"<p>Wie ist das Gebet gegen Depressionen entstanden und wer war der erste, der seine Verehrung f\u00fcr die Muttergottes des L\u00e4chelns bekundete? Es gibt Andachten, die aus der pers\u00f6nlichen Erfahrung derjenigen entstanden sind, die, von einem Schmerz gequ\u00e4lt, Trost in Jesus oder in dem s\u00fc\u00dfen Bild&hellip;<\/p>\n","protected":false},"author":1,"featured_media":2867,"comment_status":"closed","ping_status":"open","sticky":false,"template":"","format":"standard","meta":{"_acf_changed":false,"footnotes":""},"categories":[10],"tags":[],"class_list":["post-2866","post","type-post","status-publish","format-standard","has-post-thumbnail","hentry","category-devotionalien"],"acf":[],"yoast_head":"<!-- This site is optimized with the Yoast SEO plugin v26.6 - https:\/\/yoast.com\/wordpress\/plugins\/seo\/ -->\n<title>Das Gebet gegen Depressionen zu Unserer Lieben Frau vom L\u00e4cheln - Holyart.de Blog<\/title>\n<meta name=\"description\" content=\"Wie ist das Gebet gegen Depressionen entstanden und wer war der erste, der seine Verehrung f\u00fcr die Muttergottes des L\u00e4chelns bekundete?\" \/>\n<meta name=\"robots\" content=\"index, follow, max-snippet:-1, max-image-preview:large, max-video-preview:-1\" \/>\n<link rel=\"canonical\" href=\"https:\/\/blog.holyart.it\/de\/devotionalien\/das-gebet-gegen-depressionen-zu-unserer-lieben-frau-vom-laecheln\/\" \/>\n<meta property=\"og:locale\" content=\"de_DE\" \/>\n<meta property=\"og:type\" content=\"article\" \/>\n<meta property=\"og:title\" content=\"Das Gebet gegen Depressionen zu Unserer Lieben Frau vom L\u00e4cheln - Holyart.de Blog\" \/>\n<meta property=\"og:description\" content=\"Wie ist das Gebet gegen Depressionen entstanden und wer war der erste, der seine Verehrung f\u00fcr die Muttergottes des L\u00e4chelns bekundete?\" \/>\n<meta property=\"og:url\" content=\"https:\/\/blog.holyart.it\/de\/devotionalien\/das-gebet-gegen-depressionen-zu-unserer-lieben-frau-vom-laecheln\/\" \/>\n<meta property=\"og:site_name\" content=\"Holyart.de Blog\" \/>\n<meta property=\"article:published_time\" content=\"2023-09-25T08:00:25+00:00\" \/>\n<meta property=\"article:modified_time\" content=\"2025-10-03T10:43:09+00:00\" \/>\n<meta property=\"og:image\" content=\"https:\/\/blog.holyart.it\/de\/wp-content\/uploads\/sites\/12\/2023\/08\/unserer-lieben-vom-lacheln.jpg\" \/>\n\t<meta property=\"og:image:width\" content=\"1000\" \/>\n\t<meta property=\"og:image:height\" content=\"666\" \/>\n\t<meta property=\"og:image:type\" content=\"image\/jpeg\" \/>\n<meta name=\"author\" content=\"Redazione\" \/>\n<meta name=\"twitter:card\" content=\"summary_large_image\" \/>\n<meta name=\"twitter:label1\" content=\"Verfasst von\" \/>\n\t<meta name=\"twitter:data1\" content=\"Redazione\" \/>\n\t<meta name=\"twitter:label2\" content=\"Gesch\u00e4tzte Lesezeit\" \/>\n\t<meta name=\"twitter:data2\" content=\"6\u00a0Minuten\" \/>\n<script type=\"application\/ld+json\" class=\"yoast-schema-graph\">{\"@context\":\"https:\/\/schema.org\",\"@graph\":[{\"@type\":\"Article\",\"@id\":\"https:\/\/blog.holyart.it\/de\/devotionalien\/das-gebet-gegen-depressionen-zu-unserer-lieben-frau-vom-laecheln\/#article\",\"isPartOf\":{\"@id\":\"https:\/\/blog.holyart.it\/de\/devotionalien\/das-gebet-gegen-depressionen-zu-unserer-lieben-frau-vom-laecheln\/\"},\"author\":{\"name\":\"Redazione\",\"@id\":\"https:\/\/blog.holyart.it\/de\/#\/schema\/person\/0a7b686e5af0f856ec1e390dd0baecda\"},\"headline\":\"Das Gebet gegen Depressionen zu Unserer Lieben Frau vom L\u00e4cheln\",\"datePublished\":\"2023-09-25T08:00:25+00:00\",\"dateModified\":\"2025-10-03T10:43:09+00:00\",\"mainEntityOfPage\":{\"@id\":\"https:\/\/blog.holyart.it\/de\/devotionalien\/das-gebet-gegen-depressionen-zu-unserer-lieben-frau-vom-laecheln\/\"},\"wordCount\":997,\"publisher\":{\"@id\":\"https:\/\/blog.holyart.it\/de\/#organization\"},\"image\":{\"@id\":\"https:\/\/blog.holyart.it\/de\/devotionalien\/das-gebet-gegen-depressionen-zu-unserer-lieben-frau-vom-laecheln\/#primaryimage\"},\"thumbnailUrl\":\"https:\/\/blog.holyart.it\/de\/wp-content\/uploads\/sites\/12\/2023\/08\/unserer-lieben-vom-lacheln.jpg\",\"articleSection\":[\"Religion\"],\"inLanguage\":\"de\"},{\"@type\":\"WebPage\",\"@id\":\"https:\/\/blog.holyart.it\/de\/devotionalien\/das-gebet-gegen-depressionen-zu-unserer-lieben-frau-vom-laecheln\/\",\"url\":\"https:\/\/blog.holyart.it\/de\/devotionalien\/das-gebet-gegen-depressionen-zu-unserer-lieben-frau-vom-laecheln\/\",\"name\":\"Das Gebet gegen Depressionen zu Unserer Lieben Frau vom L\u00e4cheln - Holyart.de Blog\",\"isPartOf\":{\"@id\":\"https:\/\/blog.holyart.it\/de\/#website\"},\"primaryImageOfPage\":{\"@id\":\"https:\/\/blog.holyart.it\/de\/devotionalien\/das-gebet-gegen-depressionen-zu-unserer-lieben-frau-vom-laecheln\/#primaryimage\"},\"image\":{\"@id\":\"https:\/\/blog.holyart.it\/de\/devotionalien\/das-gebet-gegen-depressionen-zu-unserer-lieben-frau-vom-laecheln\/#primaryimage\"},\"thumbnailUrl\":\"https:\/\/blog.holyart.it\/de\/wp-content\/uploads\/sites\/12\/2023\/08\/unserer-lieben-vom-lacheln.jpg\",\"datePublished\":\"2023-09-25T08:00:25+00:00\",\"dateModified\":\"2025-10-03T10:43:09+00:00\",\"description\":\"Wie ist das Gebet gegen Depressionen entstanden und wer war der erste, der seine Verehrung f\u00fcr die Muttergottes des L\u00e4chelns bekundete?\",\"breadcrumb\":{\"@id\":\"https:\/\/blog.holyart.it\/de\/devotionalien\/das-gebet-gegen-depressionen-zu-unserer-lieben-frau-vom-laecheln\/#breadcrumb\"},\"inLanguage\":\"de\",\"potentialAction\":[{\"@type\":\"ReadAction\",\"target\":[\"https:\/\/blog.holyart.it\/de\/devotionalien\/das-gebet-gegen-depressionen-zu-unserer-lieben-frau-vom-laecheln\/\"]}]},{\"@type\":\"ImageObject\",\"inLanguage\":\"de\",\"@id\":\"https:\/\/blog.holyart.it\/de\/devotionalien\/das-gebet-gegen-depressionen-zu-unserer-lieben-frau-vom-laecheln\/#primaryimage\",\"url\":\"https:\/\/blog.holyart.it\/de\/wp-content\/uploads\/sites\/12\/2023\/08\/unserer-lieben-vom-lacheln.jpg\",\"contentUrl\":\"https:\/\/blog.holyart.it\/de\/wp-content\/uploads\/sites\/12\/2023\/08\/unserer-lieben-vom-lacheln.jpg\",\"width\":1000,\"height\":666,\"caption\":\"unserer lieben vom lacheln\"},{\"@type\":\"BreadcrumbList\",\"@id\":\"https:\/\/blog.holyart.it\/de\/devotionalien\/das-gebet-gegen-depressionen-zu-unserer-lieben-frau-vom-laecheln\/#breadcrumb\",\"itemListElement\":[{\"@type\":\"ListItem\",\"position\":1,\"name\":\"Homepage\",\"item\":\"https:\/\/blog.holyart.it\/de\/\"},{\"@type\":\"ListItem\",\"position\":2,\"name\":\"Religion\",\"item\":\"https:\/\/blog.holyart.it\/de\/devotionalien\/\"},{\"@type\":\"ListItem\",\"position\":3,\"name\":\"Das Gebet gegen Depressionen zu Unserer Lieben Frau vom L\u00e4cheln\"}]},{\"@type\":\"WebSite\",\"@id\":\"https:\/\/blog.holyart.it\/de\/#website\",\"url\":\"https:\/\/blog.holyart.it\/de\/\",\"name\":\"Holyart.de Blog\",\"description\":\"Holyblog\",\"publisher\":{\"@id\":\"https:\/\/blog.holyart.it\/de\/#organization\"},\"potentialAction\":[{\"@type\":\"SearchAction\",\"target\":{\"@type\":\"EntryPoint\",\"urlTemplate\":\"https:\/\/blog.holyart.it\/de\/?s={search_term_string}\"},\"query-input\":{\"@type\":\"PropertyValueSpecification\",\"valueRequired\":true,\"valueName\":\"search_term_string\"}}],\"inLanguage\":\"de\"},{\"@type\":\"Organization\",\"@id\":\"https:\/\/blog.holyart.it\/de\/#organization\",\"name\":\"Holyart.de Blog\",\"url\":\"https:\/\/blog.holyart.it\/de\/\",\"logo\":{\"@type\":\"ImageObject\",\"inLanguage\":\"de\",\"@id\":\"https:\/\/blog.holyart.it\/de\/#\/schema\/logo\/image\/\",\"url\":\"https:\/\/blog.holyart.it\/de\/wp-content\/uploads\/sites\/12\/2022\/12\/Holyart_Blog_Logo.jpg\",\"contentUrl\":\"https:\/\/blog.holyart.it\/de\/wp-content\/uploads\/sites\/12\/2022\/12\/Holyart_Blog_Logo.jpg\",\"width\":300,\"height\":50,\"caption\":\"Holyart.de Blog\"},\"image\":{\"@id\":\"https:\/\/blog.holyart.it\/de\/#\/schema\/logo\/image\/\"}},{\"@type\":\"Person\",\"@id\":\"https:\/\/blog.holyart.it\/de\/#\/schema\/person\/0a7b686e5af0f856ec1e390dd0baecda\",\"name\":\"Redazione\",\"image\":{\"@type\":\"ImageObject\",\"inLanguage\":\"de\",\"@id\":\"https:\/\/blog.holyart.it\/de\/#\/schema\/person\/image\/\",\"url\":\"https:\/\/secure.gravatar.com\/avatar\/f477da817f43e50d0af36abecd33e3edf826c68299714bdc1057dff3b113f516?s=96&d=mm&r=g\",\"contentUrl\":\"https:\/\/secure.gravatar.com\/avatar\/f477da817f43e50d0af36abecd33e3edf826c68299714bdc1057dff3b113f516?s=96&d=mm&r=g\",\"caption\":\"Redazione\"}}]}<\/script>\n<!-- \/ Yoast SEO plugin. -->","yoast_head_json":{"title":"Das Gebet gegen Depressionen zu Unserer Lieben Frau vom L\u00e4cheln - Holyart.de Blog","description":"Wie ist das Gebet gegen Depressionen entstanden und wer war der erste, der seine Verehrung f\u00fcr die Muttergottes des L\u00e4chelns bekundete?","robots":{"index":"index","follow":"follow","max-snippet":"max-snippet:-1","max-image-preview":"max-image-preview:large","max-video-preview":"max-video-preview:-1"},"canonical":"https:\/\/blog.holyart.it\/de\/devotionalien\/das-gebet-gegen-depressionen-zu-unserer-lieben-frau-vom-laecheln\/","og_locale":"de_DE","og_type":"article","og_title":"Das Gebet gegen Depressionen zu Unserer Lieben Frau vom L\u00e4cheln - Holyart.de Blog","og_description":"Wie ist das Gebet gegen Depressionen entstanden und wer war der erste, der seine Verehrung f\u00fcr die Muttergottes des L\u00e4chelns bekundete?","og_url":"https:\/\/blog.holyart.it\/de\/devotionalien\/das-gebet-gegen-depressionen-zu-unserer-lieben-frau-vom-laecheln\/","og_site_name":"Holyart.de Blog","article_published_time":"2023-09-25T08:00:25+00:00","article_modified_time":"2025-10-03T10:43:09+00:00","og_image":[{"width":1000,"height":666,"url":"https:\/\/blog.holyart.it\/de\/wp-content\/uploads\/sites\/12\/2023\/08\/unserer-lieben-vom-lacheln.jpg","type":"image\/jpeg"}],"author":"Redazione","twitter_card":"summary_large_image","twitter_misc":{"Verfasst von":"Redazione","Gesch\u00e4tzte Lesezeit":"6\u00a0Minuten"},"schema":{"@context":"https:\/\/schema.org","@graph":[{"@type":"Article","@id":"https:\/\/blog.holyart.it\/de\/devotionalien\/das-gebet-gegen-depressionen-zu-unserer-lieben-frau-vom-laecheln\/#article","isPartOf":{"@id":"https:\/\/blog.holyart.it\/de\/devotionalien\/das-gebet-gegen-depressionen-zu-unserer-lieben-frau-vom-laecheln\/"},"author":{"name":"Redazione","@id":"https:\/\/blog.holyart.it\/de\/#\/schema\/person\/0a7b686e5af0f856ec1e390dd0baecda"},"headline":"Das Gebet gegen Depressionen zu Unserer Lieben Frau vom L\u00e4cheln","datePublished":"2023-09-25T08:00:25+00:00","dateModified":"2025-10-03T10:43:09+00:00","mainEntityOfPage":{"@id":"https:\/\/blog.holyart.it\/de\/devotionalien\/das-gebet-gegen-depressionen-zu-unserer-lieben-frau-vom-laecheln\/"},"wordCount":997,"publisher":{"@id":"https:\/\/blog.holyart.it\/de\/#organization"},"image":{"@id":"https:\/\/blog.holyart.it\/de\/devotionalien\/das-gebet-gegen-depressionen-zu-unserer-lieben-frau-vom-laecheln\/#primaryimage"},"thumbnailUrl":"https:\/\/blog.holyart.it\/de\/wp-content\/uploads\/sites\/12\/2023\/08\/unserer-lieben-vom-lacheln.jpg","articleSection":["Religion"],"inLanguage":"de"},{"@type":"WebPage","@id":"https:\/\/blog.holyart.it\/de\/devotionalien\/das-gebet-gegen-depressionen-zu-unserer-lieben-frau-vom-laecheln\/","url":"https:\/\/blog.holyart.it\/de\/devotionalien\/das-gebet-gegen-depressionen-zu-unserer-lieben-frau-vom-laecheln\/","name":"Das Gebet gegen Depressionen zu Unserer Lieben Frau vom L\u00e4cheln - Holyart.de Blog","isPartOf":{"@id":"https:\/\/blog.holyart.it\/de\/#website"},"primaryImageOfPage":{"@id":"https:\/\/blog.holyart.it\/de\/devotionalien\/das-gebet-gegen-depressionen-zu-unserer-lieben-frau-vom-laecheln\/#primaryimage"},"image":{"@id":"https:\/\/blog.holyart.it\/de\/devotionalien\/das-gebet-gegen-depressionen-zu-unserer-lieben-frau-vom-laecheln\/#primaryimage"},"thumbnailUrl":"https:\/\/blog.holyart.it\/de\/wp-content\/uploads\/sites\/12\/2023\/08\/unserer-lieben-vom-lacheln.jpg","datePublished":"2023-09-25T08:00:25+00:00","dateModified":"2025-10-03T10:43:09+00:00","description":"Wie ist das Gebet gegen Depressionen entstanden und wer war der erste, der seine Verehrung f\u00fcr die Muttergottes des L\u00e4chelns bekundete?","breadcrumb":{"@id":"https:\/\/blog.holyart.it\/de\/devotionalien\/das-gebet-gegen-depressionen-zu-unserer-lieben-frau-vom-laecheln\/#breadcrumb"},"inLanguage":"de","potentialAction":[{"@type":"ReadAction","target":["https:\/\/blog.holyart.it\/de\/devotionalien\/das-gebet-gegen-depressionen-zu-unserer-lieben-frau-vom-laecheln\/"]}]},{"@type":"ImageObject","inLanguage":"de","@id":"https:\/\/blog.holyart.it\/de\/devotionalien\/das-gebet-gegen-depressionen-zu-unserer-lieben-frau-vom-laecheln\/#primaryimage","url":"https:\/\/blog.holyart.it\/de\/wp-content\/uploads\/sites\/12\/2023\/08\/unserer-lieben-vom-lacheln.jpg","contentUrl":"https:\/\/blog.holyart.it\/de\/wp-content\/uploads\/sites\/12\/2023\/08\/unserer-lieben-vom-lacheln.jpg","width":1000,"height":666,"caption":"unserer lieben vom lacheln"},{"@type":"BreadcrumbList","@id":"https:\/\/blog.holyart.it\/de\/devotionalien\/das-gebet-gegen-depressionen-zu-unserer-lieben-frau-vom-laecheln\/#breadcrumb","itemListElement":[{"@type":"ListItem","position":1,"name":"Homepage","item":"https:\/\/blog.holyart.it\/de\/"},{"@type":"ListItem","position":2,"name":"Religion","item":"https:\/\/blog.holyart.it\/de\/devotionalien\/"},{"@type":"ListItem","position":3,"name":"Das Gebet gegen Depressionen zu Unserer Lieben Frau vom L\u00e4cheln"}]},{"@type":"WebSite","@id":"https:\/\/blog.holyart.it\/de\/#website","url":"https:\/\/blog.holyart.it\/de\/","name":"Holyart.de Blog","description":"Holyblog","publisher":{"@id":"https:\/\/blog.holyart.it\/de\/#organization"},"potentialAction":[{"@type":"SearchAction","target":{"@type":"EntryPoint","urlTemplate":"https:\/\/blog.holyart.it\/de\/?s={search_term_string}"},"query-input":{"@type":"PropertyValueSpecification","valueRequired":true,"valueName":"search_term_string"}}],"inLanguage":"de"},{"@type":"Organization","@id":"https:\/\/blog.holyart.it\/de\/#organization","name":"Holyart.de Blog","url":"https:\/\/blog.holyart.it\/de\/","logo":{"@type":"ImageObject","inLanguage":"de","@id":"https:\/\/blog.holyart.it\/de\/#\/schema\/logo\/image\/","url":"https:\/\/blog.holyart.it\/de\/wp-content\/uploads\/sites\/12\/2022\/12\/Holyart_Blog_Logo.jpg","contentUrl":"https:\/\/blog.holyart.it\/de\/wp-content\/uploads\/sites\/12\/2022\/12\/Holyart_Blog_Logo.jpg","width":300,"height":50,"caption":"Holyart.de Blog"},"image":{"@id":"https:\/\/blog.holyart.it\/de\/#\/schema\/logo\/image\/"}},{"@type":"Person","@id":"https:\/\/blog.holyart.it\/de\/#\/schema\/person\/0a7b686e5af0f856ec1e390dd0baecda","name":"Redazione","image":{"@type":"ImageObject","inLanguage":"de","@id":"https:\/\/blog.holyart.it\/de\/#\/schema\/person\/image\/","url":"https:\/\/secure.gravatar.com\/avatar\/f477da817f43e50d0af36abecd33e3edf826c68299714bdc1057dff3b113f516?s=96&d=mm&r=g","contentUrl":"https:\/\/secure.gravatar.com\/avatar\/f477da817f43e50d0af36abecd33e3edf826c68299714bdc1057dff3b113f516?s=96&d=mm&r=g","caption":"Redazione"}}]}},"_links":{"self":[{"href":"https:\/\/blog.holyart.it\/de\/wp-json\/wp\/v2\/posts\/2866","targetHints":{"allow":["GET"]}}],"collection":[{"href":"https:\/\/blog.holyart.it\/de\/wp-json\/wp\/v2\/posts"}],"about":[{"href":"https:\/\/blog.holyart.it\/de\/wp-json\/wp\/v2\/types\/post"}],"author":[{"embeddable":true,"href":"https:\/\/blog.holyart.it\/de\/wp-json\/wp\/v2\/users\/1"}],"replies":[{"embeddable":true,"href":"https:\/\/blog.holyart.it\/de\/wp-json\/wp\/v2\/comments?post=2866"}],"version-history":[{"count":5,"href":"https:\/\/blog.holyart.it\/de\/wp-json\/wp\/v2\/posts\/2866\/revisions"}],"predecessor-version":[{"id":2875,"href":"https:\/\/blog.holyart.it\/de\/wp-json\/wp\/v2\/posts\/2866\/revisions\/2875"}],"wp:featuredmedia":[{"embeddable":true,"href":"https:\/\/blog.holyart.it\/de\/wp-json\/wp\/v2\/media\/2867"}],"wp:attachment":[{"href":"https:\/\/blog.holyart.it\/de\/wp-json\/wp\/v2\/media?parent=2866"}],"wp:term":[{"taxonomy":"category","embeddable":true,"href":"https:\/\/blog.holyart.it\/de\/wp-json\/wp\/v2\/categories?post=2866"},{"taxonomy":"post_tag","embeddable":true,"href":"https:\/\/blog.holyart.it\/de\/wp-json\/wp\/v2\/tags?post=2866"}],"curies":[{"name":"wp","href":"https:\/\/api.w.org\/{rel}","templated":true}]}}