{"id":286,"date":"2017-02-17T12:33:21","date_gmt":"2017-02-17T11:33:21","guid":{"rendered":"https:\/\/blog.holyart.it\/de\/?p=286"},"modified":"2017-02-17T12:34:01","modified_gmt":"2017-02-17T11:34:01","slug":"der-kult-von-maria-die-helferin","status":"publish","type":"post","link":"https:\/\/blog.holyart.it\/de\/heilige-und-selige\/der-kult-von-maria-die-helferin\/","title":{"rendered":"Der Kult von Maria die Helferin"},"content":{"rendered":"<p>Die <strong>Madonna<\/strong> wurde aufgrund ihrer Natur seit immer als <strong>die ideale Vermittlerin zwischen Gott und die Menschen <\/strong>gesehen. Sie kann dem himmlischen Vater den Schmerz, den Kummer und die Gebete seiner Kinder \u00fcberbringen.<\/p>\n<p>Mit der Bezeichnung <span style=\"color: #0000ff;\"><strong><a style=\"color: #0000ff;\" href=\"http:\/\/www.holyart.de\/produkte\/statuen-madonna.php\">Maria die Helferin<\/a><\/strong><\/span> wollte man diese au\u00dfergew\u00f6hnliche Frauenfigur schon seit der Antike lobpreisen. Mit ihrer <strong>Tugendhaftigkeit<\/strong>, ihrer\u00a0 <strong>Liebensw\u00fcrdigkeit<\/strong> und ihr der Opferbereitschaft und dem Leiden gewidmeten Leben verdiente sie den Titel von <strong>\u201aMutter\u2018 aller Christen<\/strong>.<\/p>\n<p>Es war Jesus selbst, der sie als <strong>Mutter der Menschlichkeit<\/strong> bezeichnete, w\u00e4hrend sie ihn machtlos an den F\u00fc\u00dfen des Kreuzes bei seinem Todeskampf betreute. Es ist ein schweres, schmerzliches Erbe, welches diese Frau mit ihrer \u00fcblichen Verzichtbereitschaft auf sich genommen hat. Sie tr\u00f6stet alle Leidenden in einer liebenden und barmherzigen Weise wie es man nur von einer Mutter erwarten kann und gilt als Zufluchtsort der S\u00fcnder und als Hilfe f\u00fcr die Christen.<\/p>\n<p>Der Kult von <strong>Maria die Helferin<\/strong> ist unter Papst Pius V (1566-1572) entstanden und wurde im 19. Jahrhundert dank zweier gro\u00dfen Figuren des Katholizismus geweiht: Bartolo Longo und Hl. Giovanni Bosco.<\/p>\n<p>Vor allem hl. <strong>Giovanni Bosco<\/strong>, gro\u00dfer Erzieher und Erfinder aus Turin, Italien, der sich immer f\u00fcr Jugendprobleme einsetzte, war einer der ersten Aposteln mit einer gro\u00dfen Hingabe f\u00fcr den Kult von <strong>Maria die Helferin<\/strong>. Er hat die Basilika von Maria die Helferin in der salesischen Zittadelle von Valdocco errichten lassen und verbindete unter anderem diesen Kult an den von ihm gegr\u00fcndeten religi\u00f6sen Instituten und Ordensgemeinschaften: die Salesianer von don Bosco, die \u2018T\u00f6chter von Maria die Helferin\u2019 und die \u2018salesianischen Mitarbeiter\u2019.<\/p>\n<p>Deswegen ist <strong>Maria die Helferin<\/strong> auch unter dem Namen von <strong>\u2018Madonna von Don Bosco\u2019<\/strong> bekannt und die salesianische Familie ist auf unl\u00f6sbarer Weise an dieser Figur der rettenden Mutter gebunden.<\/p>\n<p><strong>Maria die Helferin<\/strong> ist die Schutzpatronin der katholischen Bev\u00f6lkerung Australiens, Chinas, Argentiniens und Polens. Ihre Verehrung ist vor allem in den slawischen L\u00e4ndern sehr verbreitet.<\/p>\n","protected":false},"excerpt":{"rendered":"<p>Die Madonna wurde aufgrund ihrer Natur seit immer als die ideale Vermittlerin zwischen Gott und die Menschen gesehen. Sie kann dem himmlischen Vater den Schmerz, den Kummer und die Gebete seiner Kinder \u00fcberbringen. Mit der Bezeichnung Maria die Helferin wollte man diese au\u00dfergew\u00f6hnliche Frauenfigur schon&hellip;<\/p>\n","protected":false},"author":1,"featured_media":287,"comment_status":"closed","ping_status":"open","sticky":false,"template":"","format":"standard","meta":{"_acf_changed":false,"footnotes":""},"categories":[9],"tags":[],"class_list":["post-286","post","type-post","status-publish","format-standard","has-post-thumbnail","hentry","category-heilige-und-selige"],"acf":[],"yoast_head":"<!-- This site is optimized with the Yoast SEO plugin v26.6 - https:\/\/yoast.com\/wordpress\/plugins\/seo\/ -->\n<title>Der Kult von Maria die Helferin - Holyart.de Blog<\/title>\n<meta name=\"description\" content=\"Der Kult von Maria die Helferin ist unter Papst Pius V entstanden und wurde im 19. Jahrhundert dank zweier gro\u00dfen Figuren des Katholizismus geweiht\" \/>\n<meta name=\"robots\" content=\"index, follow, max-snippet:-1, max-image-preview:large, max-video-preview:-1\" \/>\n<link rel=\"canonical\" href=\"https:\/\/blog.holyart.it\/de\/heilige-und-selige\/der-kult-von-maria-die-helferin\/\" \/>\n<meta property=\"og:locale\" content=\"de_DE\" \/>\n<meta property=\"og:type\" content=\"article\" \/>\n<meta property=\"og:title\" content=\"Der Kult von Maria die Helferin - Holyart.de Blog\" \/>\n<meta property=\"og:description\" content=\"Der Kult von Maria die Helferin ist unter Papst Pius V entstanden und wurde im 19. Jahrhundert dank zweier gro\u00dfen Figuren des Katholizismus geweiht\" \/>\n<meta property=\"og:url\" content=\"https:\/\/blog.holyart.it\/de\/heilige-und-selige\/der-kult-von-maria-die-helferin\/\" \/>\n<meta property=\"og:site_name\" content=\"Holyart.de Blog\" \/>\n<meta property=\"article:published_time\" content=\"2017-02-17T11:33:21+00:00\" \/>\n<meta property=\"article:modified_time\" content=\"2017-02-17T11:34:01+00:00\" \/>\n<meta property=\"og:image\" content=\"https:\/\/blog.holyart.it\/de\/wp-content\/uploads\/sites\/12\/2017\/02\/Maria-die-Helferin.jpg\" \/>\n\t<meta property=\"og:image:width\" content=\"1000\" \/>\n\t<meta property=\"og:image:height\" content=\"667\" \/>\n\t<meta property=\"og:image:type\" content=\"image\/jpeg\" \/>\n<meta name=\"author\" content=\"Redazione\" \/>\n<meta name=\"twitter:card\" content=\"summary_large_image\" \/>\n<meta name=\"twitter:label1\" content=\"Verfasst von\" \/>\n\t<meta name=\"twitter:data1\" content=\"Redazione\" \/>\n\t<meta name=\"twitter:label2\" content=\"Gesch\u00e4tzte Lesezeit\" \/>\n\t<meta name=\"twitter:data2\" content=\"2\u00a0Minuten\" \/>\n<script type=\"application\/ld+json\" class=\"yoast-schema-graph\">{\"@context\":\"https:\/\/schema.org\",\"@graph\":[{\"@type\":\"Article\",\"@id\":\"https:\/\/blog.holyart.it\/de\/heilige-und-selige\/der-kult-von-maria-die-helferin\/#article\",\"isPartOf\":{\"@id\":\"https:\/\/blog.holyart.it\/de\/heilige-und-selige\/der-kult-von-maria-die-helferin\/\"},\"author\":{\"name\":\"Redazione\",\"@id\":\"https:\/\/blog.holyart.it\/de\/#\/schema\/person\/0a7b686e5af0f856ec1e390dd0baecda\"},\"headline\":\"Der Kult von Maria die Helferin\",\"datePublished\":\"2017-02-17T11:33:21+00:00\",\"dateModified\":\"2017-02-17T11:34:01+00:00\",\"mainEntityOfPage\":{\"@id\":\"https:\/\/blog.holyart.it\/de\/heilige-und-selige\/der-kult-von-maria-die-helferin\/\"},\"wordCount\":333,\"publisher\":{\"@id\":\"https:\/\/blog.holyart.it\/de\/#organization\"},\"image\":{\"@id\":\"https:\/\/blog.holyart.it\/de\/heilige-und-selige\/der-kult-von-maria-die-helferin\/#primaryimage\"},\"thumbnailUrl\":\"https:\/\/blog.holyart.it\/de\/wp-content\/uploads\/sites\/12\/2017\/02\/Maria-die-Helferin.jpg\",\"articleSection\":[\"Heilige und Selige\"],\"inLanguage\":\"de\"},{\"@type\":\"WebPage\",\"@id\":\"https:\/\/blog.holyart.it\/de\/heilige-und-selige\/der-kult-von-maria-die-helferin\/\",\"url\":\"https:\/\/blog.holyart.it\/de\/heilige-und-selige\/der-kult-von-maria-die-helferin\/\",\"name\":\"Der Kult von Maria die Helferin - Holyart.de Blog\",\"isPartOf\":{\"@id\":\"https:\/\/blog.holyart.it\/de\/#website\"},\"primaryImageOfPage\":{\"@id\":\"https:\/\/blog.holyart.it\/de\/heilige-und-selige\/der-kult-von-maria-die-helferin\/#primaryimage\"},\"image\":{\"@id\":\"https:\/\/blog.holyart.it\/de\/heilige-und-selige\/der-kult-von-maria-die-helferin\/#primaryimage\"},\"thumbnailUrl\":\"https:\/\/blog.holyart.it\/de\/wp-content\/uploads\/sites\/12\/2017\/02\/Maria-die-Helferin.jpg\",\"datePublished\":\"2017-02-17T11:33:21+00:00\",\"dateModified\":\"2017-02-17T11:34:01+00:00\",\"description\":\"Der Kult von Maria die Helferin ist unter Papst Pius V entstanden und wurde im 19. Jahrhundert dank zweier gro\u00dfen Figuren des Katholizismus geweiht\",\"breadcrumb\":{\"@id\":\"https:\/\/blog.holyart.it\/de\/heilige-und-selige\/der-kult-von-maria-die-helferin\/#breadcrumb\"},\"inLanguage\":\"de\",\"potentialAction\":[{\"@type\":\"ReadAction\",\"target\":[\"https:\/\/blog.holyart.it\/de\/heilige-und-selige\/der-kult-von-maria-die-helferin\/\"]}]},{\"@type\":\"ImageObject\",\"inLanguage\":\"de\",\"@id\":\"https:\/\/blog.holyart.it\/de\/heilige-und-selige\/der-kult-von-maria-die-helferin\/#primaryimage\",\"url\":\"https:\/\/blog.holyart.it\/de\/wp-content\/uploads\/sites\/12\/2017\/02\/Maria-die-Helferin.jpg\",\"contentUrl\":\"https:\/\/blog.holyart.it\/de\/wp-content\/uploads\/sites\/12\/2017\/02\/Maria-die-Helferin.jpg\",\"width\":1000,\"height\":667,\"caption\":\"Maria die Helferin\"},{\"@type\":\"BreadcrumbList\",\"@id\":\"https:\/\/blog.holyart.it\/de\/heilige-und-selige\/der-kult-von-maria-die-helferin\/#breadcrumb\",\"itemListElement\":[{\"@type\":\"ListItem\",\"position\":1,\"name\":\"Homepage\",\"item\":\"https:\/\/blog.holyart.it\/de\/\"},{\"@type\":\"ListItem\",\"position\":2,\"name\":\"Heilige und Selige\",\"item\":\"https:\/\/blog.holyart.it\/de\/heilige-und-selige\/\"},{\"@type\":\"ListItem\",\"position\":3,\"name\":\"Der Kult von Maria die Helferin\"}]},{\"@type\":\"WebSite\",\"@id\":\"https:\/\/blog.holyart.it\/de\/#website\",\"url\":\"https:\/\/blog.holyart.it\/de\/\",\"name\":\"Holyart.de Blog\",\"description\":\"Holyblog\",\"publisher\":{\"@id\":\"https:\/\/blog.holyart.it\/de\/#organization\"},\"potentialAction\":[{\"@type\":\"SearchAction\",\"target\":{\"@type\":\"EntryPoint\",\"urlTemplate\":\"https:\/\/blog.holyart.it\/de\/?s={search_term_string}\"},\"query-input\":{\"@type\":\"PropertyValueSpecification\",\"valueRequired\":true,\"valueName\":\"search_term_string\"}}],\"inLanguage\":\"de\"},{\"@type\":\"Organization\",\"@id\":\"https:\/\/blog.holyart.it\/de\/#organization\",\"name\":\"Holyart.de Blog\",\"url\":\"https:\/\/blog.holyart.it\/de\/\",\"logo\":{\"@type\":\"ImageObject\",\"inLanguage\":\"de\",\"@id\":\"https:\/\/blog.holyart.it\/de\/#\/schema\/logo\/image\/\",\"url\":\"https:\/\/blog.holyart.it\/de\/wp-content\/uploads\/sites\/12\/2022\/12\/Holyart_Blog_Logo.jpg\",\"contentUrl\":\"https:\/\/blog.holyart.it\/de\/wp-content\/uploads\/sites\/12\/2022\/12\/Holyart_Blog_Logo.jpg\",\"width\":300,\"height\":50,\"caption\":\"Holyart.de Blog\"},\"image\":{\"@id\":\"https:\/\/blog.holyart.it\/de\/#\/schema\/logo\/image\/\"}},{\"@type\":\"Person\",\"@id\":\"https:\/\/blog.holyart.it\/de\/#\/schema\/person\/0a7b686e5af0f856ec1e390dd0baecda\",\"name\":\"Redazione\",\"image\":{\"@type\":\"ImageObject\",\"inLanguage\":\"de\",\"@id\":\"https:\/\/blog.holyart.it\/de\/#\/schema\/person\/image\/\",\"url\":\"https:\/\/secure.gravatar.com\/avatar\/f477da817f43e50d0af36abecd33e3edf826c68299714bdc1057dff3b113f516?s=96&d=mm&r=g\",\"contentUrl\":\"https:\/\/secure.gravatar.com\/avatar\/f477da817f43e50d0af36abecd33e3edf826c68299714bdc1057dff3b113f516?s=96&d=mm&r=g\",\"caption\":\"Redazione\"}}]}<\/script>\n<!-- \/ Yoast SEO plugin. -->","yoast_head_json":{"title":"Der Kult von Maria die Helferin - Holyart.de Blog","description":"Der Kult von Maria die Helferin ist unter Papst Pius V entstanden und wurde im 19. Jahrhundert dank zweier gro\u00dfen Figuren des Katholizismus geweiht","robots":{"index":"index","follow":"follow","max-snippet":"max-snippet:-1","max-image-preview":"max-image-preview:large","max-video-preview":"max-video-preview:-1"},"canonical":"https:\/\/blog.holyart.it\/de\/heilige-und-selige\/der-kult-von-maria-die-helferin\/","og_locale":"de_DE","og_type":"article","og_title":"Der Kult von Maria die Helferin - Holyart.de Blog","og_description":"Der Kult von Maria die Helferin ist unter Papst Pius V entstanden und wurde im 19. Jahrhundert dank zweier gro\u00dfen Figuren des Katholizismus geweiht","og_url":"https:\/\/blog.holyart.it\/de\/heilige-und-selige\/der-kult-von-maria-die-helferin\/","og_site_name":"Holyart.de Blog","article_published_time":"2017-02-17T11:33:21+00:00","article_modified_time":"2017-02-17T11:34:01+00:00","og_image":[{"width":1000,"height":667,"url":"https:\/\/blog.holyart.it\/de\/wp-content\/uploads\/sites\/12\/2017\/02\/Maria-die-Helferin.jpg","type":"image\/jpeg"}],"author":"Redazione","twitter_card":"summary_large_image","twitter_misc":{"Verfasst von":"Redazione","Gesch\u00e4tzte Lesezeit":"2\u00a0Minuten"},"schema":{"@context":"https:\/\/schema.org","@graph":[{"@type":"Article","@id":"https:\/\/blog.holyart.it\/de\/heilige-und-selige\/der-kult-von-maria-die-helferin\/#article","isPartOf":{"@id":"https:\/\/blog.holyart.it\/de\/heilige-und-selige\/der-kult-von-maria-die-helferin\/"},"author":{"name":"Redazione","@id":"https:\/\/blog.holyart.it\/de\/#\/schema\/person\/0a7b686e5af0f856ec1e390dd0baecda"},"headline":"Der Kult von Maria die Helferin","datePublished":"2017-02-17T11:33:21+00:00","dateModified":"2017-02-17T11:34:01+00:00","mainEntityOfPage":{"@id":"https:\/\/blog.holyart.it\/de\/heilige-und-selige\/der-kult-von-maria-die-helferin\/"},"wordCount":333,"publisher":{"@id":"https:\/\/blog.holyart.it\/de\/#organization"},"image":{"@id":"https:\/\/blog.holyart.it\/de\/heilige-und-selige\/der-kult-von-maria-die-helferin\/#primaryimage"},"thumbnailUrl":"https:\/\/blog.holyart.it\/de\/wp-content\/uploads\/sites\/12\/2017\/02\/Maria-die-Helferin.jpg","articleSection":["Heilige und Selige"],"inLanguage":"de"},{"@type":"WebPage","@id":"https:\/\/blog.holyart.it\/de\/heilige-und-selige\/der-kult-von-maria-die-helferin\/","url":"https:\/\/blog.holyart.it\/de\/heilige-und-selige\/der-kult-von-maria-die-helferin\/","name":"Der Kult von Maria die Helferin - Holyart.de Blog","isPartOf":{"@id":"https:\/\/blog.holyart.it\/de\/#website"},"primaryImageOfPage":{"@id":"https:\/\/blog.holyart.it\/de\/heilige-und-selige\/der-kult-von-maria-die-helferin\/#primaryimage"},"image":{"@id":"https:\/\/blog.holyart.it\/de\/heilige-und-selige\/der-kult-von-maria-die-helferin\/#primaryimage"},"thumbnailUrl":"https:\/\/blog.holyart.it\/de\/wp-content\/uploads\/sites\/12\/2017\/02\/Maria-die-Helferin.jpg","datePublished":"2017-02-17T11:33:21+00:00","dateModified":"2017-02-17T11:34:01+00:00","description":"Der Kult von Maria die Helferin ist unter Papst Pius V entstanden und wurde im 19. Jahrhundert dank zweier gro\u00dfen Figuren des Katholizismus geweiht","breadcrumb":{"@id":"https:\/\/blog.holyart.it\/de\/heilige-und-selige\/der-kult-von-maria-die-helferin\/#breadcrumb"},"inLanguage":"de","potentialAction":[{"@type":"ReadAction","target":["https:\/\/blog.holyart.it\/de\/heilige-und-selige\/der-kult-von-maria-die-helferin\/"]}]},{"@type":"ImageObject","inLanguage":"de","@id":"https:\/\/blog.holyart.it\/de\/heilige-und-selige\/der-kult-von-maria-die-helferin\/#primaryimage","url":"https:\/\/blog.holyart.it\/de\/wp-content\/uploads\/sites\/12\/2017\/02\/Maria-die-Helferin.jpg","contentUrl":"https:\/\/blog.holyart.it\/de\/wp-content\/uploads\/sites\/12\/2017\/02\/Maria-die-Helferin.jpg","width":1000,"height":667,"caption":"Maria die Helferin"},{"@type":"BreadcrumbList","@id":"https:\/\/blog.holyart.it\/de\/heilige-und-selige\/der-kult-von-maria-die-helferin\/#breadcrumb","itemListElement":[{"@type":"ListItem","position":1,"name":"Homepage","item":"https:\/\/blog.holyart.it\/de\/"},{"@type":"ListItem","position":2,"name":"Heilige und Selige","item":"https:\/\/blog.holyart.it\/de\/heilige-und-selige\/"},{"@type":"ListItem","position":3,"name":"Der Kult von Maria die Helferin"}]},{"@type":"WebSite","@id":"https:\/\/blog.holyart.it\/de\/#website","url":"https:\/\/blog.holyart.it\/de\/","name":"Holyart.de Blog","description":"Holyblog","publisher":{"@id":"https:\/\/blog.holyart.it\/de\/#organization"},"potentialAction":[{"@type":"SearchAction","target":{"@type":"EntryPoint","urlTemplate":"https:\/\/blog.holyart.it\/de\/?s={search_term_string}"},"query-input":{"@type":"PropertyValueSpecification","valueRequired":true,"valueName":"search_term_string"}}],"inLanguage":"de"},{"@type":"Organization","@id":"https:\/\/blog.holyart.it\/de\/#organization","name":"Holyart.de Blog","url":"https:\/\/blog.holyart.it\/de\/","logo":{"@type":"ImageObject","inLanguage":"de","@id":"https:\/\/blog.holyart.it\/de\/#\/schema\/logo\/image\/","url":"https:\/\/blog.holyart.it\/de\/wp-content\/uploads\/sites\/12\/2022\/12\/Holyart_Blog_Logo.jpg","contentUrl":"https:\/\/blog.holyart.it\/de\/wp-content\/uploads\/sites\/12\/2022\/12\/Holyart_Blog_Logo.jpg","width":300,"height":50,"caption":"Holyart.de Blog"},"image":{"@id":"https:\/\/blog.holyart.it\/de\/#\/schema\/logo\/image\/"}},{"@type":"Person","@id":"https:\/\/blog.holyart.it\/de\/#\/schema\/person\/0a7b686e5af0f856ec1e390dd0baecda","name":"Redazione","image":{"@type":"ImageObject","inLanguage":"de","@id":"https:\/\/blog.holyart.it\/de\/#\/schema\/person\/image\/","url":"https:\/\/secure.gravatar.com\/avatar\/f477da817f43e50d0af36abecd33e3edf826c68299714bdc1057dff3b113f516?s=96&d=mm&r=g","contentUrl":"https:\/\/secure.gravatar.com\/avatar\/f477da817f43e50d0af36abecd33e3edf826c68299714bdc1057dff3b113f516?s=96&d=mm&r=g","caption":"Redazione"}}]}},"_links":{"self":[{"href":"https:\/\/blog.holyart.it\/de\/wp-json\/wp\/v2\/posts\/286","targetHints":{"allow":["GET"]}}],"collection":[{"href":"https:\/\/blog.holyart.it\/de\/wp-json\/wp\/v2\/posts"}],"about":[{"href":"https:\/\/blog.holyart.it\/de\/wp-json\/wp\/v2\/types\/post"}],"author":[{"embeddable":true,"href":"https:\/\/blog.holyart.it\/de\/wp-json\/wp\/v2\/users\/1"}],"replies":[{"embeddable":true,"href":"https:\/\/blog.holyart.it\/de\/wp-json\/wp\/v2\/comments?post=286"}],"version-history":[{"count":0,"href":"https:\/\/blog.holyart.it\/de\/wp-json\/wp\/v2\/posts\/286\/revisions"}],"wp:featuredmedia":[{"embeddable":true,"href":"https:\/\/blog.holyart.it\/de\/wp-json\/wp\/v2\/media\/287"}],"wp:attachment":[{"href":"https:\/\/blog.holyart.it\/de\/wp-json\/wp\/v2\/media?parent=286"}],"wp:term":[{"taxonomy":"category","embeddable":true,"href":"https:\/\/blog.holyart.it\/de\/wp-json\/wp\/v2\/categories?post=286"},{"taxonomy":"post_tag","embeddable":true,"href":"https:\/\/blog.holyart.it\/de\/wp-json\/wp\/v2\/tags?post=286"}],"curies":[{"name":"wp","href":"https:\/\/api.w.org\/{rel}","templated":true}]}}