{"id":2810,"date":"2023-09-06T11:00:30","date_gmt":"2023-09-06T09:00:30","guid":{"rendered":"https:\/\/blog.holyart.it\/de\/?p=2810"},"modified":"2024-10-15T16:45:03","modified_gmt":"2024-10-15T14:45:03","slug":"die-kirchenvaeter-wer-sie-waren-und-was-man-unter-patristik-versteht","status":"publish","type":"post","link":"https:\/\/blog.holyart.it\/de\/devotionalien\/die-kirchenvaeter-wer-sie-waren-und-was-man-unter-patristik-versteht\/","title":{"rendered":"Die Kirchenv\u00e4ter: Wer sie waren und was man unter Patristik versteht"},"content":{"rendered":"<h4>Die Kirchenv\u00e4ter sind die wichtigsten christlichen Schriftsteller, deren Werke die Grundlage der kirchlichen Lehre bilden. Wir wollen sie kennen lernen.<\/h4>\n<p>Wir haben in der Vergangenheit von den <strong><a href=\"https:\/\/www.holyart.de\/blog\/devotionalien\/die-doktoren-der-kirche-wer-sie-sind-und-welche-voraussetzungen-erfuellt-sein-muessen-um-diesen-titel-zu-tragen\/\"><u>Kirchenv\u00e4tern<\/u><\/a><\/strong> gesprochen, jenen M\u00e4nnern und Frauen, die aufgrund ihrer Heiligkeit und Weisheit die Kirche gro\u00df gemacht und ein Zeugnis unsterblicher theologischer Kenntnisse und geistiger Kraft hinterlassen haben. Es handelt sich also um erlauchte Schriftsteller, die ein heiliges und frommes Leben f\u00fchrten, die in der Kenntnis der heiligen Dinge so stark waren, dass sie durch ein Dekret des Papstes oder eines \u00f6kumenischen Konzils als Doktoren anerkannt wurden. Vier von ihnen gelten jedoch nicht nur als \u00c4rzte, sondern auch als <strong>Kirchenv\u00e4ter<\/strong> und tragen daher einen Doppeltitel: Es handelt sich um die vier V\u00e4ter der westlichen Kirche, den heiligen <strong><a href=\"https:\/\/www.holyart.de\/devotionalien\/statuen\/statuen-aus-bemalten-holz\/heiliger-augustiuns-mit-herz-bemalten-grodnertal-holz?_gl=1*ux0yfb*_ga*MTg4ODUxMTc0MS4xNjc5OTAyNTU5*_ga_W18MV136NH*MTY5MTQxNjM1OC4xMDQuMS4xNjkxNDE2MzY2LjAuMC4w\">Augustinus von Hippo<\/a>, den heiligen Ambrosius, den heiligen Hieronymus <\/strong>und<strong><a href=\"https:\/\/www.holyart.de\/devotionalien\/statuen\/statuen-aus-bemalten-holz\/heiliger-gregor-mit-taube-bemalten-grodnertal-holz?_gl=1*6pa6tl*_ga*MTg4ODUxMTc0MS4xNjc5OTAyNTU5*_ga_W18MV136NH*MTY5MTQxNjM1OC4xMDQuMS4xNjkxNDE2MzgzLjAuMC4w\"> den heiligen Gregor den Gro\u00dfen<\/a>.<\/strong><\/p>\n<div class=\"link-article\">\n<p><img loading=\"lazy\" decoding=\"async\" class=\"size-full wp-image-2811 alignleft\" src=\"https:\/\/blog.holyart.it\/de\/wp-content\/uploads\/sites\/12\/2023\/08\/Die-Doktoren-der-Kirche.jpeg\" alt=\"Die Doktoren der Kirche\" width=\"150\" height=\"99\" data-kale-share-title=\"Die Kirchenv\u00e4ter: Wer sie waren und was man unter Patristik versteht\" data-kale-share-url=\"https:\/\/blog.holyart.it\/de\/?p=2810\" \/><\/p>\n<div class=\"leggi-anche\">Lesen Sie auch:<\/div>\n<p><strong><a href=\"https:\/\/www.holyart.de\/blog\/devotionalien\/die-doktoren-der-kirche-wer-sie-sind-und-welche-voraussetzungen-erfuellt-sein-muessen-um-diesen-titel-zu-tragen\/\">Die Doktoren der Kirche: wer sie sind und welche Voraussetzungen erf\u00fcllt sein m\u00fcssen, um diesen Titel zu tragen<\/a><\/strong><br \/>\nAm 1. Oktober feiern wir die heilige Therese von Lisieux&#8230;<\/p>\n<\/div>\n<p>Sie waren es, die das ausgearbeitet haben, was wir als <strong>Patristik<\/strong> kennen, das christliche Denken der ersten Jahrhunderte. Davor besch\u00e4ftigten sich die christlichen Gelehrten und Autoren mit der <strong>Apologetik<\/strong>, der theologischen Disziplin, mit der sie ihre religi\u00f6sen und moralischen Thesen gegen Kritik und Anschuldigungen von au\u00dfen verteidigten. Es gab auch die so genannte <em>Kleine Patristik<\/em>, die von jenen Gelehrten betrieben wurde, die den christlichen Glauben gegen Juden, Heiden und H\u00e4retiker verteidigten. Mit dem Edikt von Mailand (313 n. Chr.) wurde den Christen die Freiheit der Religionsaus\u00fcbung gew\u00e4hrt, so dass sie sich nun auf das Studium der heiligen Texte und die Verbreitung der Religion konzentrieren konnten.<\/p>\n<div class=\"link-product\">\n<div class=\"blocco-immagine\"><img loading=\"lazy\" decoding=\"async\" class=\"size-full wp-image-2812 alignleft\" src=\"https:\/\/blog.holyart.it\/de\/wp-content\/uploads\/sites\/12\/2023\/08\/Heiliger-Augustiuns-mit-Herz-bemalten.jpg\" alt=\"Heiliger Augustiuns mit Herz bemalten\" width=\"100\" height=\"100\" data-kale-share-title=\"Die Kirchenv\u00e4ter: Wer sie waren und was man unter Patristik versteht\" data-kale-share-url=\"https:\/\/blog.holyart.it\/de\/?p=2810\" \/><\/div>\n<div class=\"blocco-contenuto\">\n<div class=\"blocco-acquista\">Einkaufen:<\/div>\n<div class=\"blocco-titolo\"><a href=\"https:\/\/www.holyart.de\/devotionalien\/statuen\/statuen-aus-bemalten-holz\/heiliger-augustiuns-mit-herz-bemalten-grodnertal-holz?_gl=1*xl9o8i*_ga*MTg4ODUxMTc0MS4xNjc5OTAyNTU5*_ga_W18MV136NH*MTY5MTQxNjM1OC4xMDQuMS4xNjkxNDE2NDAxLjAuMC4w\">Heiliger Augustiuns mit Herz bemalten<\/a><\/div>\n<div class=\"blocco-descrizione\">Statue des heiligen Augustinus mit Herz realisiert aus Gr\u00f6dnertal Holz und handbemalt.<\/div>\n<\/div>\n<\/div>\n<p>Es ist nicht leicht, die revolution\u00e4re Bedeutung des patristischen Denkens, das sich ab dem 3. Jahrhundert n. Chr. entwickelte, in wenigen Worten zusammenzufassen. Die Kirchenv\u00e4ter begannen ihre Studien- und Predigtt\u00e4tigkeit, und da sie in erster Linie Gelehrte waren, z\u00f6gerten sie nicht, sich auch <strong>die heidnische Philosophie und Kultur<\/strong>, die sie von den Griechen und R\u00f6mern geerbt hatten, zu eigen zu machen, um die <strong>neue christliche Philosophie<\/strong> zu schaffen. Im Gegenteil, sie versuchten, das heidnische Denken zu integrieren, indem sie viele Konzepte in einem christlichen Sinne neu bearbeiteten und sie in ihren eigenen Glauben zur\u00fcckbrachten. Auf diese Weise wurde die klassische Philosophie zu einem Mittel, um christliche Wahrheiten zu verstehen. Dieser Ansatz wird als <strong>griechische Patristik<\/strong> bezeichnet.<\/p>\n<p>Im Gegensatz dazu steht die <strong>lateinische Patristik<\/strong>, die jegliche Kontamination durch die heidnische Philosophie als Hindernis f\u00fcr die Religion ablehnt und die Notwendigkeit einer ausschlie\u00dflich mit dem Christentum verbundenen Philosophie behauptet, wobei sie viele Unzul\u00e4nglichkeiten als Geheimnisse des Glaubens rechtfertigt.<\/p>\n<div class=\"link-article\">\n<p><img loading=\"lazy\" decoding=\"async\" class=\"size-full wp-image-2813 alignleft\" src=\"https:\/\/blog.holyart.it\/de\/wp-content\/uploads\/sites\/12\/2023\/08\/Der-heilige-Gregor-der-Grobe.jpeg\" alt=\"Der heilige Gregor der Gro\u00dfe\" width=\"150\" height=\"99\" data-kale-share-title=\"Die Kirchenv\u00e4ter: Wer sie waren und was man unter Patristik versteht\" data-kale-share-url=\"https:\/\/blog.holyart.it\/de\/?p=2810\" \/><\/p>\n<div class=\"leggi-anche\">Lesen Sie auch:<\/div>\n<p><strong><a href=\"https:\/\/blog.holyart.it\/de\/heilige-und-selige\/der-heilige-gregor-der-grosse-papst-und-kirchenlehrer\/\">Der heilige Gregor der Gro\u00dfe, Papst und Kirchenlehrer<\/a><\/strong><br \/>\nDer heilige Gregor der Gro\u00dfe, \u201eder Konsul Gottes\u201c, wird als Heiliger und Kirchenlehrer verehrt. Doch wer war dieser au\u00dfergew\u00f6hnliche Mann?<\/p>\n<\/div>\n<p>Es w\u00e4re auch sehr schwierig, den Verdiensten der Kirchenv\u00e4ter in ein paar Zeilen gerecht zu werden. Wir beschr\u00e4nken uns darauf, sie kurz vorzustellen und verweisen auf die verschiedenen ausf\u00fchrlichen Studien, die wir bereits in unserem Blog verfasst haben, wie zum Beispiel die \u00fcber den <u>Heiligen Augustinus<\/u> und seine Mutter, die <u>Heilige Monika<\/u>, oder den <u><a href=\"https:\/\/blog.holyart.it\/de\/heilige-und-selige\/der-heilige-gregor-der-grosse-papst-und-kirchenlehrer\/\"><strong>Heiligen Ambrosius<\/strong><\/a>, den Schutzpatron von Mailand<\/u>.<\/p>\n<ol>\n<li><strong>Der heilige Augustinus von Hippo <\/strong>lebte zwischen 354 und 430 nach Christus. Er stammte aus Nordafrika und war Philosoph, Bischof und Theologe, Vater, Arzt und Heiliger der Kirche. Sein Beiname war <em>Doctor Gratiae<\/em>, \u201cArzt der Gnade\u201d;<\/li>\n<li><a href=\"https:\/\/www.holyart.de\/devotionalien\/statuen\/statuen-aus-bemalten-holz\/heiliger-ambrosius-mit-bienennest-bemalten-grodnertal-holz?_gl=1*10ewggx*_ga*MTg4ODUxMTc0MS4xNjc5OTAyNTU5*_ga_W18MV136NH*MTY5MTQxNjM1OC4xMDQuMS4xNjkxNDE2NjczLjAuMC4w\"><strong>Der heilige Ambrosius <\/strong><\/a>lebte zwischen 339 und 397. Der Theologe und Schriftsteller war Bischof von Mailand, dessen Schutzpatron er zusammen mit dem Heiligen Karl Borrom\u00e4us und dem Heiligen Galdino ist, nachdem er als Vertreter des Kaisers Valentinianus I. versucht hatte, die scharfen Gegens\u00e4tze zwischen Arianern und Katholiken friedlich zu beenden;<\/li>\n<li><strong>Der heilige Hieronymus<\/strong> lebte zwischen 347 und 419 nach Christus. Er war ein Gelehrter der Bibel und sein Hauptwerk war die lateinische \u00dcbersetzung eines Teils des griechischen Alten Testaments und sp\u00e4ter der gesamten hebr\u00e4ischen Schriften;<\/li>\n<li><strong>Der heilige Gregor der Gro\u00dfe<\/strong> lebte zwischen 540 und 604 und war bis zu seinem Tod Bischof von Rom und Papst. Er wurde sogar von den Kirchen als Heiliger und Kirchenlehrer verehrt, war schm\u00e4chtig und oft krank, aber von gro\u00dfem Glauben und moralischer St\u00e4rke beseelt.<\/li>\n<\/ol>\n","protected":false},"excerpt":{"rendered":"<p>Die Kirchenv\u00e4ter sind die wichtigsten christlichen Schriftsteller, deren Werke die Grundlage der kirchlichen Lehre bilden. Wir wollen sie kennen lernen. Wir haben in der Vergangenheit von den Kirchenv\u00e4tern gesprochen, jenen M\u00e4nnern und Frauen, die aufgrund ihrer Heiligkeit und Weisheit die Kirche gro\u00df gemacht und ein&hellip;<\/p>\n","protected":false},"author":1,"featured_media":2814,"comment_status":"closed","ping_status":"open","sticky":false,"template":"","format":"standard","meta":{"_acf_changed":false,"footnotes":""},"categories":[10],"tags":[],"class_list":["post-2810","post","type-post","status-publish","format-standard","has-post-thumbnail","hentry","category-devotionalien"],"acf":[],"yoast_head":"<!-- This site is optimized with the Yoast SEO plugin v26.6 - https:\/\/yoast.com\/wordpress\/plugins\/seo\/ -->\n<title>Die Kirchenv\u00e4ter: Wer sie waren und was man unter Patristik versteht - Holyart.de Blog<\/title>\n<meta name=\"description\" content=\"Die Kirchenv\u00e4ter sind die wichtigsten christlichen Schriftsteller, deren Werke die Grundlage der kirchlichen Lehre bilden. Wir wollen sie kennen lernen.\" \/>\n<meta name=\"robots\" content=\"index, follow, max-snippet:-1, max-image-preview:large, max-video-preview:-1\" \/>\n<link rel=\"canonical\" href=\"https:\/\/blog.holyart.it\/de\/devotionalien\/die-kirchenvaeter-wer-sie-waren-und-was-man-unter-patristik-versteht\/\" \/>\n<meta property=\"og:locale\" content=\"de_DE\" \/>\n<meta property=\"og:type\" content=\"article\" \/>\n<meta property=\"og:title\" content=\"Die Kirchenv\u00e4ter: Wer sie waren und was man unter Patristik versteht - Holyart.de Blog\" \/>\n<meta property=\"og:description\" content=\"Die Kirchenv\u00e4ter sind die wichtigsten christlichen Schriftsteller, deren Werke die Grundlage der kirchlichen Lehre bilden. Wir wollen sie kennen lernen.\" \/>\n<meta property=\"og:url\" content=\"https:\/\/blog.holyart.it\/de\/devotionalien\/die-kirchenvaeter-wer-sie-waren-und-was-man-unter-patristik-versteht\/\" \/>\n<meta property=\"og:site_name\" content=\"Holyart.de Blog\" \/>\n<meta property=\"article:published_time\" content=\"2023-09-06T09:00:30+00:00\" \/>\n<meta property=\"article:modified_time\" content=\"2024-10-15T14:45:03+00:00\" \/>\n<meta property=\"og:image\" content=\"https:\/\/blog.holyart.it\/de\/wp-content\/uploads\/sites\/12\/2023\/08\/Die-Kirchenvater.jpeg\" \/>\n\t<meta property=\"og:image:width\" content=\"1000\" \/>\n\t<meta property=\"og:image:height\" content=\"667\" \/>\n\t<meta property=\"og:image:type\" content=\"image\/jpeg\" \/>\n<meta name=\"author\" content=\"Redazione\" \/>\n<meta name=\"twitter:card\" content=\"summary_large_image\" \/>\n<meta name=\"twitter:label1\" content=\"Verfasst von\" \/>\n\t<meta name=\"twitter:data1\" content=\"Redazione\" \/>\n\t<meta name=\"twitter:label2\" content=\"Gesch\u00e4tzte Lesezeit\" \/>\n\t<meta name=\"twitter:data2\" content=\"5\u00a0Minuten\" \/>\n<script type=\"application\/ld+json\" class=\"yoast-schema-graph\">{\"@context\":\"https:\/\/schema.org\",\"@graph\":[{\"@type\":\"Article\",\"@id\":\"https:\/\/blog.holyart.it\/de\/devotionalien\/die-kirchenvaeter-wer-sie-waren-und-was-man-unter-patristik-versteht\/#article\",\"isPartOf\":{\"@id\":\"https:\/\/blog.holyart.it\/de\/devotionalien\/die-kirchenvaeter-wer-sie-waren-und-was-man-unter-patristik-versteht\/\"},\"author\":{\"name\":\"Redazione\",\"@id\":\"https:\/\/blog.holyart.it\/de\/#\/schema\/person\/0a7b686e5af0f856ec1e390dd0baecda\"},\"headline\":\"Die Kirchenv\u00e4ter: Wer sie waren und was man unter Patristik versteht\",\"datePublished\":\"2023-09-06T09:00:30+00:00\",\"dateModified\":\"2024-10-15T14:45:03+00:00\",\"mainEntityOfPage\":{\"@id\":\"https:\/\/blog.holyart.it\/de\/devotionalien\/die-kirchenvaeter-wer-sie-waren-und-was-man-unter-patristik-versteht\/\"},\"wordCount\":747,\"publisher\":{\"@id\":\"https:\/\/blog.holyart.it\/de\/#organization\"},\"image\":{\"@id\":\"https:\/\/blog.holyart.it\/de\/devotionalien\/die-kirchenvaeter-wer-sie-waren-und-was-man-unter-patristik-versteht\/#primaryimage\"},\"thumbnailUrl\":\"https:\/\/blog.holyart.it\/de\/wp-content\/uploads\/sites\/12\/2023\/08\/Die-Kirchenvater.jpeg\",\"articleSection\":[\"Religion\"],\"inLanguage\":\"de\"},{\"@type\":\"WebPage\",\"@id\":\"https:\/\/blog.holyart.it\/de\/devotionalien\/die-kirchenvaeter-wer-sie-waren-und-was-man-unter-patristik-versteht\/\",\"url\":\"https:\/\/blog.holyart.it\/de\/devotionalien\/die-kirchenvaeter-wer-sie-waren-und-was-man-unter-patristik-versteht\/\",\"name\":\"Die Kirchenv\u00e4ter: Wer sie waren und was man unter Patristik versteht - Holyart.de Blog\",\"isPartOf\":{\"@id\":\"https:\/\/blog.holyart.it\/de\/#website\"},\"primaryImageOfPage\":{\"@id\":\"https:\/\/blog.holyart.it\/de\/devotionalien\/die-kirchenvaeter-wer-sie-waren-und-was-man-unter-patristik-versteht\/#primaryimage\"},\"image\":{\"@id\":\"https:\/\/blog.holyart.it\/de\/devotionalien\/die-kirchenvaeter-wer-sie-waren-und-was-man-unter-patristik-versteht\/#primaryimage\"},\"thumbnailUrl\":\"https:\/\/blog.holyart.it\/de\/wp-content\/uploads\/sites\/12\/2023\/08\/Die-Kirchenvater.jpeg\",\"datePublished\":\"2023-09-06T09:00:30+00:00\",\"dateModified\":\"2024-10-15T14:45:03+00:00\",\"description\":\"Die Kirchenv\u00e4ter sind die wichtigsten christlichen Schriftsteller, deren Werke die Grundlage der kirchlichen Lehre bilden. Wir wollen sie kennen lernen.\",\"breadcrumb\":{\"@id\":\"https:\/\/blog.holyart.it\/de\/devotionalien\/die-kirchenvaeter-wer-sie-waren-und-was-man-unter-patristik-versteht\/#breadcrumb\"},\"inLanguage\":\"de\",\"potentialAction\":[{\"@type\":\"ReadAction\",\"target\":[\"https:\/\/blog.holyart.it\/de\/devotionalien\/die-kirchenvaeter-wer-sie-waren-und-was-man-unter-patristik-versteht\/\"]}]},{\"@type\":\"ImageObject\",\"inLanguage\":\"de\",\"@id\":\"https:\/\/blog.holyart.it\/de\/devotionalien\/die-kirchenvaeter-wer-sie-waren-und-was-man-unter-patristik-versteht\/#primaryimage\",\"url\":\"https:\/\/blog.holyart.it\/de\/wp-content\/uploads\/sites\/12\/2023\/08\/Die-Kirchenvater.jpeg\",\"contentUrl\":\"https:\/\/blog.holyart.it\/de\/wp-content\/uploads\/sites\/12\/2023\/08\/Die-Kirchenvater.jpeg\",\"width\":1000,\"height\":667},{\"@type\":\"BreadcrumbList\",\"@id\":\"https:\/\/blog.holyart.it\/de\/devotionalien\/die-kirchenvaeter-wer-sie-waren-und-was-man-unter-patristik-versteht\/#breadcrumb\",\"itemListElement\":[{\"@type\":\"ListItem\",\"position\":1,\"name\":\"Homepage\",\"item\":\"https:\/\/blog.holyart.it\/de\/\"},{\"@type\":\"ListItem\",\"position\":2,\"name\":\"Religion\",\"item\":\"https:\/\/blog.holyart.it\/de\/devotionalien\/\"},{\"@type\":\"ListItem\",\"position\":3,\"name\":\"Die Kirchenv\u00e4ter: Wer sie waren und was man unter Patristik versteht\"}]},{\"@type\":\"WebSite\",\"@id\":\"https:\/\/blog.holyart.it\/de\/#website\",\"url\":\"https:\/\/blog.holyart.it\/de\/\",\"name\":\"Holyart.de Blog\",\"description\":\"Holyblog\",\"publisher\":{\"@id\":\"https:\/\/blog.holyart.it\/de\/#organization\"},\"potentialAction\":[{\"@type\":\"SearchAction\",\"target\":{\"@type\":\"EntryPoint\",\"urlTemplate\":\"https:\/\/blog.holyart.it\/de\/?s={search_term_string}\"},\"query-input\":{\"@type\":\"PropertyValueSpecification\",\"valueRequired\":true,\"valueName\":\"search_term_string\"}}],\"inLanguage\":\"de\"},{\"@type\":\"Organization\",\"@id\":\"https:\/\/blog.holyart.it\/de\/#organization\",\"name\":\"Holyart.de Blog\",\"url\":\"https:\/\/blog.holyart.it\/de\/\",\"logo\":{\"@type\":\"ImageObject\",\"inLanguage\":\"de\",\"@id\":\"https:\/\/blog.holyart.it\/de\/#\/schema\/logo\/image\/\",\"url\":\"https:\/\/blog.holyart.it\/de\/wp-content\/uploads\/sites\/12\/2022\/12\/Holyart_Blog_Logo.jpg\",\"contentUrl\":\"https:\/\/blog.holyart.it\/de\/wp-content\/uploads\/sites\/12\/2022\/12\/Holyart_Blog_Logo.jpg\",\"width\":300,\"height\":50,\"caption\":\"Holyart.de Blog\"},\"image\":{\"@id\":\"https:\/\/blog.holyart.it\/de\/#\/schema\/logo\/image\/\"}},{\"@type\":\"Person\",\"@id\":\"https:\/\/blog.holyart.it\/de\/#\/schema\/person\/0a7b686e5af0f856ec1e390dd0baecda\",\"name\":\"Redazione\",\"image\":{\"@type\":\"ImageObject\",\"inLanguage\":\"de\",\"@id\":\"https:\/\/blog.holyart.it\/de\/#\/schema\/person\/image\/\",\"url\":\"https:\/\/secure.gravatar.com\/avatar\/f477da817f43e50d0af36abecd33e3edf826c68299714bdc1057dff3b113f516?s=96&d=mm&r=g\",\"contentUrl\":\"https:\/\/secure.gravatar.com\/avatar\/f477da817f43e50d0af36abecd33e3edf826c68299714bdc1057dff3b113f516?s=96&d=mm&r=g\",\"caption\":\"Redazione\"}}]}<\/script>\n<!-- \/ Yoast SEO plugin. -->","yoast_head_json":{"title":"Die Kirchenv\u00e4ter: Wer sie waren und was man unter Patristik versteht - Holyart.de Blog","description":"Die Kirchenv\u00e4ter sind die wichtigsten christlichen Schriftsteller, deren Werke die Grundlage der kirchlichen Lehre bilden. Wir wollen sie kennen lernen.","robots":{"index":"index","follow":"follow","max-snippet":"max-snippet:-1","max-image-preview":"max-image-preview:large","max-video-preview":"max-video-preview:-1"},"canonical":"https:\/\/blog.holyart.it\/de\/devotionalien\/die-kirchenvaeter-wer-sie-waren-und-was-man-unter-patristik-versteht\/","og_locale":"de_DE","og_type":"article","og_title":"Die Kirchenv\u00e4ter: Wer sie waren und was man unter Patristik versteht - Holyart.de Blog","og_description":"Die Kirchenv\u00e4ter sind die wichtigsten christlichen Schriftsteller, deren Werke die Grundlage der kirchlichen Lehre bilden. Wir wollen sie kennen lernen.","og_url":"https:\/\/blog.holyart.it\/de\/devotionalien\/die-kirchenvaeter-wer-sie-waren-und-was-man-unter-patristik-versteht\/","og_site_name":"Holyart.de Blog","article_published_time":"2023-09-06T09:00:30+00:00","article_modified_time":"2024-10-15T14:45:03+00:00","og_image":[{"width":1000,"height":667,"url":"https:\/\/blog.holyart.it\/de\/wp-content\/uploads\/sites\/12\/2023\/08\/Die-Kirchenvater.jpeg","type":"image\/jpeg"}],"author":"Redazione","twitter_card":"summary_large_image","twitter_misc":{"Verfasst von":"Redazione","Gesch\u00e4tzte Lesezeit":"5\u00a0Minuten"},"schema":{"@context":"https:\/\/schema.org","@graph":[{"@type":"Article","@id":"https:\/\/blog.holyart.it\/de\/devotionalien\/die-kirchenvaeter-wer-sie-waren-und-was-man-unter-patristik-versteht\/#article","isPartOf":{"@id":"https:\/\/blog.holyart.it\/de\/devotionalien\/die-kirchenvaeter-wer-sie-waren-und-was-man-unter-patristik-versteht\/"},"author":{"name":"Redazione","@id":"https:\/\/blog.holyart.it\/de\/#\/schema\/person\/0a7b686e5af0f856ec1e390dd0baecda"},"headline":"Die Kirchenv\u00e4ter: Wer sie waren und was man unter Patristik versteht","datePublished":"2023-09-06T09:00:30+00:00","dateModified":"2024-10-15T14:45:03+00:00","mainEntityOfPage":{"@id":"https:\/\/blog.holyart.it\/de\/devotionalien\/die-kirchenvaeter-wer-sie-waren-und-was-man-unter-patristik-versteht\/"},"wordCount":747,"publisher":{"@id":"https:\/\/blog.holyart.it\/de\/#organization"},"image":{"@id":"https:\/\/blog.holyart.it\/de\/devotionalien\/die-kirchenvaeter-wer-sie-waren-und-was-man-unter-patristik-versteht\/#primaryimage"},"thumbnailUrl":"https:\/\/blog.holyart.it\/de\/wp-content\/uploads\/sites\/12\/2023\/08\/Die-Kirchenvater.jpeg","articleSection":["Religion"],"inLanguage":"de"},{"@type":"WebPage","@id":"https:\/\/blog.holyart.it\/de\/devotionalien\/die-kirchenvaeter-wer-sie-waren-und-was-man-unter-patristik-versteht\/","url":"https:\/\/blog.holyart.it\/de\/devotionalien\/die-kirchenvaeter-wer-sie-waren-und-was-man-unter-patristik-versteht\/","name":"Die Kirchenv\u00e4ter: Wer sie waren und was man unter Patristik versteht - Holyart.de Blog","isPartOf":{"@id":"https:\/\/blog.holyart.it\/de\/#website"},"primaryImageOfPage":{"@id":"https:\/\/blog.holyart.it\/de\/devotionalien\/die-kirchenvaeter-wer-sie-waren-und-was-man-unter-patristik-versteht\/#primaryimage"},"image":{"@id":"https:\/\/blog.holyart.it\/de\/devotionalien\/die-kirchenvaeter-wer-sie-waren-und-was-man-unter-patristik-versteht\/#primaryimage"},"thumbnailUrl":"https:\/\/blog.holyart.it\/de\/wp-content\/uploads\/sites\/12\/2023\/08\/Die-Kirchenvater.jpeg","datePublished":"2023-09-06T09:00:30+00:00","dateModified":"2024-10-15T14:45:03+00:00","description":"Die Kirchenv\u00e4ter sind die wichtigsten christlichen Schriftsteller, deren Werke die Grundlage der kirchlichen Lehre bilden. Wir wollen sie kennen lernen.","breadcrumb":{"@id":"https:\/\/blog.holyart.it\/de\/devotionalien\/die-kirchenvaeter-wer-sie-waren-und-was-man-unter-patristik-versteht\/#breadcrumb"},"inLanguage":"de","potentialAction":[{"@type":"ReadAction","target":["https:\/\/blog.holyart.it\/de\/devotionalien\/die-kirchenvaeter-wer-sie-waren-und-was-man-unter-patristik-versteht\/"]}]},{"@type":"ImageObject","inLanguage":"de","@id":"https:\/\/blog.holyart.it\/de\/devotionalien\/die-kirchenvaeter-wer-sie-waren-und-was-man-unter-patristik-versteht\/#primaryimage","url":"https:\/\/blog.holyart.it\/de\/wp-content\/uploads\/sites\/12\/2023\/08\/Die-Kirchenvater.jpeg","contentUrl":"https:\/\/blog.holyart.it\/de\/wp-content\/uploads\/sites\/12\/2023\/08\/Die-Kirchenvater.jpeg","width":1000,"height":667},{"@type":"BreadcrumbList","@id":"https:\/\/blog.holyart.it\/de\/devotionalien\/die-kirchenvaeter-wer-sie-waren-und-was-man-unter-patristik-versteht\/#breadcrumb","itemListElement":[{"@type":"ListItem","position":1,"name":"Homepage","item":"https:\/\/blog.holyart.it\/de\/"},{"@type":"ListItem","position":2,"name":"Religion","item":"https:\/\/blog.holyart.it\/de\/devotionalien\/"},{"@type":"ListItem","position":3,"name":"Die Kirchenv\u00e4ter: Wer sie waren und was man unter Patristik versteht"}]},{"@type":"WebSite","@id":"https:\/\/blog.holyart.it\/de\/#website","url":"https:\/\/blog.holyart.it\/de\/","name":"Holyart.de Blog","description":"Holyblog","publisher":{"@id":"https:\/\/blog.holyart.it\/de\/#organization"},"potentialAction":[{"@type":"SearchAction","target":{"@type":"EntryPoint","urlTemplate":"https:\/\/blog.holyart.it\/de\/?s={search_term_string}"},"query-input":{"@type":"PropertyValueSpecification","valueRequired":true,"valueName":"search_term_string"}}],"inLanguage":"de"},{"@type":"Organization","@id":"https:\/\/blog.holyart.it\/de\/#organization","name":"Holyart.de Blog","url":"https:\/\/blog.holyart.it\/de\/","logo":{"@type":"ImageObject","inLanguage":"de","@id":"https:\/\/blog.holyart.it\/de\/#\/schema\/logo\/image\/","url":"https:\/\/blog.holyart.it\/de\/wp-content\/uploads\/sites\/12\/2022\/12\/Holyart_Blog_Logo.jpg","contentUrl":"https:\/\/blog.holyart.it\/de\/wp-content\/uploads\/sites\/12\/2022\/12\/Holyart_Blog_Logo.jpg","width":300,"height":50,"caption":"Holyart.de Blog"},"image":{"@id":"https:\/\/blog.holyart.it\/de\/#\/schema\/logo\/image\/"}},{"@type":"Person","@id":"https:\/\/blog.holyart.it\/de\/#\/schema\/person\/0a7b686e5af0f856ec1e390dd0baecda","name":"Redazione","image":{"@type":"ImageObject","inLanguage":"de","@id":"https:\/\/blog.holyart.it\/de\/#\/schema\/person\/image\/","url":"https:\/\/secure.gravatar.com\/avatar\/f477da817f43e50d0af36abecd33e3edf826c68299714bdc1057dff3b113f516?s=96&d=mm&r=g","contentUrl":"https:\/\/secure.gravatar.com\/avatar\/f477da817f43e50d0af36abecd33e3edf826c68299714bdc1057dff3b113f516?s=96&d=mm&r=g","caption":"Redazione"}}]}},"_links":{"self":[{"href":"https:\/\/blog.holyart.it\/de\/wp-json\/wp\/v2\/posts\/2810","targetHints":{"allow":["GET"]}}],"collection":[{"href":"https:\/\/blog.holyart.it\/de\/wp-json\/wp\/v2\/posts"}],"about":[{"href":"https:\/\/blog.holyart.it\/de\/wp-json\/wp\/v2\/types\/post"}],"author":[{"embeddable":true,"href":"https:\/\/blog.holyart.it\/de\/wp-json\/wp\/v2\/users\/1"}],"replies":[{"embeddable":true,"href":"https:\/\/blog.holyart.it\/de\/wp-json\/wp\/v2\/comments?post=2810"}],"version-history":[{"count":2,"href":"https:\/\/blog.holyart.it\/de\/wp-json\/wp\/v2\/posts\/2810\/revisions"}],"predecessor-version":[{"id":2816,"href":"https:\/\/blog.holyart.it\/de\/wp-json\/wp\/v2\/posts\/2810\/revisions\/2816"}],"wp:featuredmedia":[{"embeddable":true,"href":"https:\/\/blog.holyart.it\/de\/wp-json\/wp\/v2\/media\/2814"}],"wp:attachment":[{"href":"https:\/\/blog.holyart.it\/de\/wp-json\/wp\/v2\/media?parent=2810"}],"wp:term":[{"taxonomy":"category","embeddable":true,"href":"https:\/\/blog.holyart.it\/de\/wp-json\/wp\/v2\/categories?post=2810"},{"taxonomy":"post_tag","embeddable":true,"href":"https:\/\/blog.holyart.it\/de\/wp-json\/wp\/v2\/tags?post=2810"}],"curies":[{"name":"wp","href":"https:\/\/api.w.org\/{rel}","templated":true}]}}