{"id":2800,"date":"2023-09-04T11:00:33","date_gmt":"2023-09-04T09:00:33","guid":{"rendered":"https:\/\/blog.holyart.it\/de\/?p=2800"},"modified":"2025-09-03T10:17:49","modified_gmt":"2025-09-03T08:17:49","slug":"die-madonnina-von-tindari-die-schwarze-madonna-und-ihr-heiligtum-am-meer","status":"publish","type":"post","link":"https:\/\/blog.holyart.it\/de\/devotionalien\/die-madonnina-von-tindari-die-schwarze-madonna-und-ihr-heiligtum-am-meer\/","title":{"rendered":"Die Madonnina von Tindari: die schwarze Madonna und ihr Heiligtum am Meer"},"content":{"rendered":"<h4>Die Madonnina von Tindari hat sich das gleichnamige St\u00e4dtchen in der Provinz Messina als Aufenthaltsort \u201eausgesucht\u201c. Hier wird jedes Jahr am 7. und 8. September ihr Fest gefeiert.<\/h4>\n<p>Um den um die Madonnina von Tindari entstandenen Kult zu verstehen, muss man sich kurz mit der Umgebung des kleinen Ortes befassen, der zur Metropolitanstadt Messina geh\u00f6rt. <strong>Tindari<\/strong> wurde im 4. Jahrhundert v. Chr., 396 v. Chr., auf Gehei\u00df von Dionysius I. von Syrakus gegr\u00fcndet, um die syrakusanischen S\u00f6ldner, die im Krieg gegen Karthago gek\u00e4mpft hatten, unterzubringen. Der Name leitet sich von Tindarius ab, dem K\u00f6nig von Sparta und Ehemann von Leda, der von Zeus in Form eines Schwans geschw\u00e4ngert wurde und vier Kinder zeugte: Pollux und Helena, die den Trojanischen Krieg ausl\u00f6sten und S\u00f6hne des Zeus waren, sowie Kastor und Klytemnestra, die mit Tindarius gezeugt wurden.<\/p>\n<div class=\"link-product\">\n<div class=\"blocco-immagine\"><img loading=\"lazy\" decoding=\"async\" class=\"size-full wp-image-2801 alignleft\" src=\"https:\/\/blog.holyart.it\/de\/wp-content\/uploads\/sites\/12\/2023\/08\/Statuen-Madonna.jpg\" alt=\"Statuen Madonna\" width=\"100\" height=\"100\" data-kale-share-title=\"Die Madonnina von Tindari: die schwarze Madonna und ihr Heiligtum am Meer\" data-kale-share-url=\"https:\/\/blog.holyart.it\/de\/?p=2800\" \/><\/div>\n<div class=\"blocco-contenuto\">\n<div class=\"blocco-acquista\">Einkaufen:<\/div>\n<div class=\"blocco-titolo\"><a href=\"https:\/\/www.holyart.de\/produkte\/statuen-madonna.php\">Statue der Gottesmutter<\/a><\/div>\n<div class=\"blocco-descrizione\">Mehr als 300 verschiedenen Modelle der Statue der Gottesmutter findet man bei uns&#8230;<\/div>\n<\/div>\n<\/div>\n<p>Tindari liegt auf einer Landzunge \u00fcber dem Tyrrhenischen Meer, in einer Bucht mit kleinen Seen, die heute das Naturschutzgebiet Laghetti di Marinello bilden. Die besondere Beschaffenheit dieses Gebiets spielte eine wichtige Rolle bei der Entstehung des Kultes der Schwarzen Madonna, der heute in der <strong>Wallfahrtskirche von Tindari<\/strong> untergebracht ist, die direkt auf der Spitze des Felsvorsprungs \u00fcber dem Meer errichtet wurde.<\/p>\n<p>Hierher str\u00f6men jedes Jahr Tausende von Gl\u00e4ubigen und Neugierigen aus ganz Sizilien und dar\u00fcber hinaus, um das Fest der Schwarzen Madonna zu feiern. Es ist sicherlich einer der <strong><a href=\"https:\/\/www.holyart.de\/blog\/devotionalien\/5-pilgerorte-die-man-mindestens-einmal-im-leben-besuchen-sollte\/\"><u>Wallfahrtsorte, die man mindestens einmal im Leben besuchen sollte.<\/u><\/a><\/strong><\/p>\n<div class=\"link-article\">\n<p><img loading=\"lazy\" decoding=\"async\" class=\"size-full wp-image-2802 alignleft\" src=\"https:\/\/blog.holyart.it\/de\/wp-content\/uploads\/sites\/12\/2023\/08\/5-Pilgerorte.jpg\" alt=\"5 Pilgerorte\" width=\"150\" height=\"100\" data-kale-share-title=\"Die Madonnina von Tindari: die schwarze Madonna und ihr Heiligtum am Meer\" data-kale-share-url=\"https:\/\/blog.holyart.it\/de\/?p=2800\" \/><\/p>\n<div class=\"leggi-anche\">Lesen Sie auch:<\/div>\n<p><strong><a href=\"https:\/\/www.holyart.de\/blog\/devotionalien\/5-pilgerorte-die-man-mindestens-einmal-im-leben-besuchen-sollte\/\">5 Pilgerorte, die man mindestens einmal im Leben besuchen sollte<\/a><\/strong><br \/>\nGottes Handeln auf dieser Erde hinterl\u00e4sst eine starke Spur&#8230;<\/p>\n<\/div>\n<h2>Geschichte der Madonna von Tindari<\/h2>\n<p>Die <strong>Verehrung der Madonna von Tindari<\/strong> ist mit der Tradition der Madonnen des Meeres verbunden, die wir in unserem Artikel \u00fcber die <a href=\"https:\/\/www.holyart.de\/blog\/heilige-und-selige\/marianische-titel-welche-und-wie-viele-sind-die-namen-die-maria-gewidmet-sind\/\"><strong>marianischen Titel<\/strong><\/a> behandelt haben. In einem anderen Artikel haben wir insbesondere die Legenden \u00fcber <strong>Santa Maria a Mare<\/strong>, die in Maiori verehrt wird, und Santa Maria di Castellabate in der Gegend von Salerno beschrieben.<\/p>\n<p>Auch die Verehrung der Madonnina di Tindari geht auf eine Legende zur\u00fcck. Ein Schiff, das auf dem Weg von Byzanz war, suchte in der Bucht von Tindari Zuflucht vor dem Sturm und suchte Schutz zwischen den kleinen Seen. Als es an der Zeit war, wieder in See zu stechen, bemerkten die Seeleute jedoch, dass etwas sie daran hinderte, wieder in See zu stechen. In der \u00dcberzeugung, dass es das Gewicht der Ladung war, begannen sie, so viel Ladung wie m\u00f6glich am Strand zur\u00fcckzulassen, um den Laderaum zu entlasten, aber erst als sie auch die <strong><a href=\"https:\/\/www.holyart.de\/produkte\/statuen-madonna.php\">Madonnenstatue<\/a><\/strong>, die sie an Bord hatten, dort deponierten, konnte das Schiff wieder in See stechen.<\/p>\n<div class=\"link-article\">\n<p><img loading=\"lazy\" decoding=\"async\" class=\"size-full wp-image-2803 alignleft\" src=\"https:\/\/blog.holyart.it\/de\/wp-content\/uploads\/sites\/12\/2023\/08\/Marianische-Titel.jpg\" alt=\"Marianische Titel\" width=\"150\" height=\"100\" data-kale-share-title=\"Die Madonnina von Tindari: die schwarze Madonna und ihr Heiligtum am Meer\" data-kale-share-url=\"https:\/\/blog.holyart.it\/de\/?p=2800\" \/><\/p>\n<div class=\"leggi-anche\">Lesen Sie auch:<\/div>\n<p><strong><a href=\"https:\/\/www.holyart.de\/blog\/heilige-und-selige\/marianische-titel-welche-und-wie-viele-sind-die-namen-die-maria-gewidmet-sind\/\">Marianische Titel: welche und wie viele sind die Namen, die Maria gewidmet sind<\/a><\/strong><br \/>\nMarianische Titel: alle Namen, unter denen Maria, die Mutter Jesu&#8230;<\/p>\n<\/div>\n<p>Eine andere Legende erz\u00e4hlt von einer Mutter, die zum Heiligtum kam, um der Muttergottes f\u00fcr die Rettung ihres kranken Kindes zu danken. Als sie sie ganz schwarz sah, sagte sie: <em>H\u00e0ju vinutu di luntana via, ppi vidiri a cchi\u00f9 brutta di mia!<\/em> \u201eIch bin von weit hergekommen, um jemanden zu sehen, der h\u00e4sslicher ist als ich!\u201c In diesem Moment fiel das Kind, das sie bei sich trug, ins Meer und die verzweifelte Frau rannte zum Strand am Fu\u00dfe der Landzunge. Dann \u00f6ffneten sich die Wellen und erm\u00f6glichten es ihr, das Wesen zu finden und es in Sicherheit zu bringen. Wenn man die Form der K\u00fcste von oben betrachtet, \u00e4hnelt sie der Silhouette einer Frau, die ein Kind zwischen sich h\u00e4lt.<\/p>\n<p>Was das Aussehen der <a href=\"https:\/\/www.holyart.de\/devotionalien\/statuen\/statuen-aus-resin-und-pvc\/statue-aus-harz-schwarze-madonna-18-cm?_gl=1*7k4463*_ga*MTg4ODUxMTc0MS4xNjc5OTAyNTU5*_ga_W18MV136NH*MTY5MTQxMTUwMy4xMDMuMS4xNjkxNDE0NDU2LjAuMC4w\"><strong>Schwarzen Madonna von Tindari<\/strong><\/a> betrifft, so ist sie schwarz, weil sie aus Zedernholz aus dem Libanon in einem f\u00fcr byzantinische und orientalische Statuen typischen Stil um das Jahr 1000 herum geschnitzt wurde. Die Skulptur wurde aus dem Osten, vermutlich aus \u00c4gypten, gebracht, um der Verfolgung durch den Bildersturm zu entgehen. F\u00fcr diejenigen unter uns, die an harmonischere Skulpturen gew\u00f6hnt sind, mag ihr l\u00e4ngliches Gesicht seltsam erscheinen, ebenso wie der Kopfschmuck, den sie tr\u00e4gt und der irgendwo zwischen einer Krone und einem Turban angesiedelt ist. Die Madonna Bruna ist als Bassilissa dargestellt, eine byzantinische Kaiserin, die auf einem Thron sitzt. Auf dem Thron, der sie st\u00fctzt, sind die Worte <em>Nigra Sum Sed Formosa<\/em> (Ich bin schwarz, aber ich bin sch\u00f6n) aus dem <em>Hohelied<\/em> eingraviert. Sie h\u00e4lt das Jesuskind in ihren Armen und erhebt ihre rechte Hand zum Segen. Sie ist als <em>Matri &#8218;u Tinnaru<\/em> bekannt und wird als eine der \u00e4ltesten Marienkulte Siziliens verehrt.<\/p>\n<div class=\"link-product\">\n<div class=\"blocco-immagine\"><img loading=\"lazy\" decoding=\"async\" class=\"size-full wp-image-2804 alignleft\" src=\"https:\/\/blog.holyart.it\/de\/wp-content\/uploads\/sites\/12\/2023\/08\/Statue-aus-Harz-Schwarze-Madonna-18-cm.jpg\" alt=\"Statue aus Harz Schwarze Madonna, 18 cm\" width=\"100\" height=\"100\" data-kale-share-title=\"Die Madonnina von Tindari: die schwarze Madonna und ihr Heiligtum am Meer\" data-kale-share-url=\"https:\/\/blog.holyart.it\/de\/?p=2800\" \/><\/div>\n<div class=\"blocco-contenuto\">\n<div class=\"blocco-acquista\">Einkaufen:<\/div>\n<div class=\"blocco-titolo\"><a href=\"https:\/\/www.holyart.de\/devotionalien\/statuen\/statuen-aus-resin-und-pvc\/statue-aus-harz-schwarze-madonna-18-cm?_gl=1*7k4463*_ga*MTg4ODUxMTc0MS4xNjc5OTAyNTU5*_ga_W18MV136NH*MTY5MTQxMTUwMy4xMDMuMS4xNjkxNDE0NDU2LjAuMC4w\">Statue aus Harz Schwarze Madonna, 18 cm<\/a><\/div>\n<div class=\"blocco-descrizione\">Sch\u00f6ne Statue hergestellt aus Harz. Verziert mit viel Liebe zum Detail und von Hand bemalt.<\/div>\n<\/div>\n<\/div>\n<h2>Die Wallfahrtskirche von Tindari<\/h2>\n<p>Die <strong>Wallfahrtskirche Maria Santissima di Tindari<\/strong> wurde im 16. Jahrhundert auf den Ruinen einer alten Kirche wieder aufgebaut, die von arabischen Piraten unter der F\u00fchrung von Khayr al-Din Barbarossa, einem Freibeuter und Admiral der osmanischen Flotte, die Mitte des 15. Jahrhunderts die tyrrhenische K\u00fcste Siziliens eroberte, zerst\u00f6rt wurde. Vermutlich gab es auch eine alte Festung, die das Vorgebirge beherrschte.<\/p>\n<p>Nach einem barocken Umbau wurde die Kirche Ende des 19. Jahrhunderts vergr\u00f6\u00dfert und modernisiert. Die urspr\u00fcngliche kleine Kirche der Madonnina di Tindari wurde in die Wallfahrtskirche integriert, \u00e4hnlich wie es in Assisi mit der Portiunkula in Santa Maria degli Angeli geschah.<\/p>\n<p>Wie bereits erw\u00e4hnt, findet jedes Jahr am 7. und 8. September in Tindari das Fest der <strong>Schwarzen Madonna<\/strong> statt, das in einer feierlichen Prozession gipfelt, an der Tausende von Pilgern aus den Nachbarorten teilnehmen. Der Tradition nach gehen die Pilger bis zum Heiligtum, indem sie im G\u00e4nsemarsch den unwegsamen Weg Coda della Volpe entlang der bergigen K\u00fcste hinaufgehen. Neben den Gebeten und Ges\u00e4ngen umfasst das Fest auch St\u00e4nde, gastronomische Veranstaltungen und folkloristische Traditionen, die die sakrale Dimension mit der malerischen des Ortes verbinden.<img loading=\"lazy\" decoding=\"async\" class=\"size-full wp-image-2805 aligncenter\" src=\"https:\/\/blog.holyart.it\/de\/wp-content\/uploads\/sites\/12\/2023\/08\/Wallfahrtskirche-Maria-Santissima-di-Tindari.jpg\" alt=\"Wallfahrtskirche Maria Santissima di Tindari\" width=\"1000\" height=\"519\" data-kale-share-title=\"Die Madonnina von Tindari: die schwarze Madonna und ihr Heiligtum am Meer\" data-kale-share-url=\"https:\/\/blog.holyart.it\/de\/?p=2800\" \/><\/p>\n","protected":false},"excerpt":{"rendered":"<p>Die Madonnina von Tindari hat sich das gleichnamige St\u00e4dtchen in der Provinz Messina als Aufenthaltsort \u201eausgesucht\u201c. Hier wird jedes Jahr am 7. und 8. September ihr Fest gefeiert. Um den um die Madonnina von Tindari entstandenen Kult zu verstehen, muss man sich kurz mit der&hellip;<\/p>\n","protected":false},"author":1,"featured_media":2806,"comment_status":"closed","ping_status":"open","sticky":false,"template":"","format":"standard","meta":{"_acf_changed":false,"footnotes":""},"categories":[10],"tags":[],"class_list":["post-2800","post","type-post","status-publish","format-standard","has-post-thumbnail","hentry","category-devotionalien"],"acf":[],"yoast_head":"<!-- This site is optimized with the Yoast SEO plugin v26.6 - https:\/\/yoast.com\/wordpress\/plugins\/seo\/ -->\n<title>Die Madonnina von Tindari: die schwarze Madonna und ihr Heiligtum am Meer - Holyart.de Blog<\/title>\n<meta name=\"description\" content=\"Die Madonnina von Tindari hat sich das gleichnamige St\u00e4dtchen in der Provinz Messina als Aufenthaltsort \u201eausgesucht\u201c. Hier wird jedes Jahr am 7. und 8. September ihr Fest gefeiert.\" \/>\n<meta name=\"robots\" content=\"index, follow, max-snippet:-1, max-image-preview:large, max-video-preview:-1\" \/>\n<link rel=\"canonical\" href=\"https:\/\/blog.holyart.it\/de\/devotionalien\/die-madonnina-von-tindari-die-schwarze-madonna-und-ihr-heiligtum-am-meer\/\" \/>\n<meta property=\"og:locale\" content=\"de_DE\" \/>\n<meta property=\"og:type\" content=\"article\" \/>\n<meta property=\"og:title\" content=\"Die Madonnina von Tindari: die schwarze Madonna und ihr Heiligtum am Meer - Holyart.de Blog\" \/>\n<meta property=\"og:description\" content=\"Die Madonnina von Tindari hat sich das gleichnamige St\u00e4dtchen in der Provinz Messina als Aufenthaltsort \u201eausgesucht\u201c. Hier wird jedes Jahr am 7. und 8. September ihr Fest gefeiert.\" \/>\n<meta property=\"og:url\" content=\"https:\/\/blog.holyart.it\/de\/devotionalien\/die-madonnina-von-tindari-die-schwarze-madonna-und-ihr-heiligtum-am-meer\/\" \/>\n<meta property=\"og:site_name\" content=\"Holyart.de Blog\" \/>\n<meta property=\"article:published_time\" content=\"2023-09-04T09:00:33+00:00\" \/>\n<meta property=\"article:modified_time\" content=\"2025-09-03T08:17:49+00:00\" \/>\n<meta property=\"og:image\" content=\"https:\/\/blog.holyart.it\/de\/wp-content\/uploads\/sites\/12\/2023\/08\/Maria-Santissima-di-Tindari.jpeg\" \/>\n\t<meta property=\"og:image:width\" content=\"1000\" \/>\n\t<meta property=\"og:image:height\" content=\"669\" \/>\n\t<meta property=\"og:image:type\" content=\"image\/jpeg\" \/>\n<meta name=\"author\" content=\"Redazione\" \/>\n<meta name=\"twitter:card\" content=\"summary_large_image\" \/>\n<meta name=\"twitter:label1\" content=\"Verfasst von\" \/>\n\t<meta name=\"twitter:data1\" content=\"Redazione\" \/>\n\t<meta name=\"twitter:label2\" content=\"Gesch\u00e4tzte Lesezeit\" \/>\n\t<meta name=\"twitter:data2\" content=\"7\u00a0Minuten\" \/>\n<script type=\"application\/ld+json\" class=\"yoast-schema-graph\">{\"@context\":\"https:\/\/schema.org\",\"@graph\":[{\"@type\":\"Article\",\"@id\":\"https:\/\/blog.holyart.it\/de\/devotionalien\/die-madonnina-von-tindari-die-schwarze-madonna-und-ihr-heiligtum-am-meer\/#article\",\"isPartOf\":{\"@id\":\"https:\/\/blog.holyart.it\/de\/devotionalien\/die-madonnina-von-tindari-die-schwarze-madonna-und-ihr-heiligtum-am-meer\/\"},\"author\":{\"name\":\"Redazione\",\"@id\":\"https:\/\/blog.holyart.it\/de\/#\/schema\/person\/0a7b686e5af0f856ec1e390dd0baecda\"},\"headline\":\"Die Madonnina von Tindari: die schwarze Madonna und ihr Heiligtum am Meer\",\"datePublished\":\"2023-09-04T09:00:33+00:00\",\"dateModified\":\"2025-09-03T08:17:49+00:00\",\"mainEntityOfPage\":{\"@id\":\"https:\/\/blog.holyart.it\/de\/devotionalien\/die-madonnina-von-tindari-die-schwarze-madonna-und-ihr-heiligtum-am-meer\/\"},\"wordCount\":997,\"publisher\":{\"@id\":\"https:\/\/blog.holyart.it\/de\/#organization\"},\"image\":{\"@id\":\"https:\/\/blog.holyart.it\/de\/devotionalien\/die-madonnina-von-tindari-die-schwarze-madonna-und-ihr-heiligtum-am-meer\/#primaryimage\"},\"thumbnailUrl\":\"https:\/\/blog.holyart.it\/de\/wp-content\/uploads\/sites\/12\/2023\/08\/Maria-Santissima-di-Tindari.jpeg\",\"articleSection\":[\"Religion\"],\"inLanguage\":\"de\"},{\"@type\":\"WebPage\",\"@id\":\"https:\/\/blog.holyart.it\/de\/devotionalien\/die-madonnina-von-tindari-die-schwarze-madonna-und-ihr-heiligtum-am-meer\/\",\"url\":\"https:\/\/blog.holyart.it\/de\/devotionalien\/die-madonnina-von-tindari-die-schwarze-madonna-und-ihr-heiligtum-am-meer\/\",\"name\":\"Die Madonnina von Tindari: die schwarze Madonna und ihr Heiligtum am Meer - Holyart.de Blog\",\"isPartOf\":{\"@id\":\"https:\/\/blog.holyart.it\/de\/#website\"},\"primaryImageOfPage\":{\"@id\":\"https:\/\/blog.holyart.it\/de\/devotionalien\/die-madonnina-von-tindari-die-schwarze-madonna-und-ihr-heiligtum-am-meer\/#primaryimage\"},\"image\":{\"@id\":\"https:\/\/blog.holyart.it\/de\/devotionalien\/die-madonnina-von-tindari-die-schwarze-madonna-und-ihr-heiligtum-am-meer\/#primaryimage\"},\"thumbnailUrl\":\"https:\/\/blog.holyart.it\/de\/wp-content\/uploads\/sites\/12\/2023\/08\/Maria-Santissima-di-Tindari.jpeg\",\"datePublished\":\"2023-09-04T09:00:33+00:00\",\"dateModified\":\"2025-09-03T08:17:49+00:00\",\"description\":\"Die Madonnina von Tindari hat sich das gleichnamige St\u00e4dtchen in der Provinz Messina als Aufenthaltsort \u201eausgesucht\u201c. Hier wird jedes Jahr am 7. und 8. September ihr Fest gefeiert.\",\"breadcrumb\":{\"@id\":\"https:\/\/blog.holyart.it\/de\/devotionalien\/die-madonnina-von-tindari-die-schwarze-madonna-und-ihr-heiligtum-am-meer\/#breadcrumb\"},\"inLanguage\":\"de\",\"potentialAction\":[{\"@type\":\"ReadAction\",\"target\":[\"https:\/\/blog.holyart.it\/de\/devotionalien\/die-madonnina-von-tindari-die-schwarze-madonna-und-ihr-heiligtum-am-meer\/\"]}]},{\"@type\":\"ImageObject\",\"inLanguage\":\"de\",\"@id\":\"https:\/\/blog.holyart.it\/de\/devotionalien\/die-madonnina-von-tindari-die-schwarze-madonna-und-ihr-heiligtum-am-meer\/#primaryimage\",\"url\":\"https:\/\/blog.holyart.it\/de\/wp-content\/uploads\/sites\/12\/2023\/08\/Maria-Santissima-di-Tindari.jpeg\",\"contentUrl\":\"https:\/\/blog.holyart.it\/de\/wp-content\/uploads\/sites\/12\/2023\/08\/Maria-Santissima-di-Tindari.jpeg\",\"width\":1000,\"height\":669,\"caption\":\"Maria Santissima di Tindari\"},{\"@type\":\"BreadcrumbList\",\"@id\":\"https:\/\/blog.holyart.it\/de\/devotionalien\/die-madonnina-von-tindari-die-schwarze-madonna-und-ihr-heiligtum-am-meer\/#breadcrumb\",\"itemListElement\":[{\"@type\":\"ListItem\",\"position\":1,\"name\":\"Homepage\",\"item\":\"https:\/\/blog.holyart.it\/de\/\"},{\"@type\":\"ListItem\",\"position\":2,\"name\":\"Religion\",\"item\":\"https:\/\/blog.holyart.it\/de\/devotionalien\/\"},{\"@type\":\"ListItem\",\"position\":3,\"name\":\"Die Madonnina von Tindari: die schwarze Madonna und ihr Heiligtum am Meer\"}]},{\"@type\":\"WebSite\",\"@id\":\"https:\/\/blog.holyart.it\/de\/#website\",\"url\":\"https:\/\/blog.holyart.it\/de\/\",\"name\":\"Holyart.de Blog\",\"description\":\"Holyblog\",\"publisher\":{\"@id\":\"https:\/\/blog.holyart.it\/de\/#organization\"},\"potentialAction\":[{\"@type\":\"SearchAction\",\"target\":{\"@type\":\"EntryPoint\",\"urlTemplate\":\"https:\/\/blog.holyart.it\/de\/?s={search_term_string}\"},\"query-input\":{\"@type\":\"PropertyValueSpecification\",\"valueRequired\":true,\"valueName\":\"search_term_string\"}}],\"inLanguage\":\"de\"},{\"@type\":\"Organization\",\"@id\":\"https:\/\/blog.holyart.it\/de\/#organization\",\"name\":\"Holyart.de Blog\",\"url\":\"https:\/\/blog.holyart.it\/de\/\",\"logo\":{\"@type\":\"ImageObject\",\"inLanguage\":\"de\",\"@id\":\"https:\/\/blog.holyart.it\/de\/#\/schema\/logo\/image\/\",\"url\":\"https:\/\/blog.holyart.it\/de\/wp-content\/uploads\/sites\/12\/2022\/12\/Holyart_Blog_Logo.jpg\",\"contentUrl\":\"https:\/\/blog.holyart.it\/de\/wp-content\/uploads\/sites\/12\/2022\/12\/Holyart_Blog_Logo.jpg\",\"width\":300,\"height\":50,\"caption\":\"Holyart.de Blog\"},\"image\":{\"@id\":\"https:\/\/blog.holyart.it\/de\/#\/schema\/logo\/image\/\"}},{\"@type\":\"Person\",\"@id\":\"https:\/\/blog.holyart.it\/de\/#\/schema\/person\/0a7b686e5af0f856ec1e390dd0baecda\",\"name\":\"Redazione\",\"image\":{\"@type\":\"ImageObject\",\"inLanguage\":\"de\",\"@id\":\"https:\/\/blog.holyart.it\/de\/#\/schema\/person\/image\/\",\"url\":\"https:\/\/secure.gravatar.com\/avatar\/f477da817f43e50d0af36abecd33e3edf826c68299714bdc1057dff3b113f516?s=96&d=mm&r=g\",\"contentUrl\":\"https:\/\/secure.gravatar.com\/avatar\/f477da817f43e50d0af36abecd33e3edf826c68299714bdc1057dff3b113f516?s=96&d=mm&r=g\",\"caption\":\"Redazione\"}}]}<\/script>\n<!-- \/ Yoast SEO plugin. -->","yoast_head_json":{"title":"Die Madonnina von Tindari: die schwarze Madonna und ihr Heiligtum am Meer - Holyart.de Blog","description":"Die Madonnina von Tindari hat sich das gleichnamige St\u00e4dtchen in der Provinz Messina als Aufenthaltsort \u201eausgesucht\u201c. Hier wird jedes Jahr am 7. und 8. September ihr Fest gefeiert.","robots":{"index":"index","follow":"follow","max-snippet":"max-snippet:-1","max-image-preview":"max-image-preview:large","max-video-preview":"max-video-preview:-1"},"canonical":"https:\/\/blog.holyart.it\/de\/devotionalien\/die-madonnina-von-tindari-die-schwarze-madonna-und-ihr-heiligtum-am-meer\/","og_locale":"de_DE","og_type":"article","og_title":"Die Madonnina von Tindari: die schwarze Madonna und ihr Heiligtum am Meer - Holyart.de Blog","og_description":"Die Madonnina von Tindari hat sich das gleichnamige St\u00e4dtchen in der Provinz Messina als Aufenthaltsort \u201eausgesucht\u201c. Hier wird jedes Jahr am 7. und 8. September ihr Fest gefeiert.","og_url":"https:\/\/blog.holyart.it\/de\/devotionalien\/die-madonnina-von-tindari-die-schwarze-madonna-und-ihr-heiligtum-am-meer\/","og_site_name":"Holyart.de Blog","article_published_time":"2023-09-04T09:00:33+00:00","article_modified_time":"2025-09-03T08:17:49+00:00","og_image":[{"width":1000,"height":669,"url":"https:\/\/blog.holyart.it\/de\/wp-content\/uploads\/sites\/12\/2023\/08\/Maria-Santissima-di-Tindari.jpeg","type":"image\/jpeg"}],"author":"Redazione","twitter_card":"summary_large_image","twitter_misc":{"Verfasst von":"Redazione","Gesch\u00e4tzte Lesezeit":"7\u00a0Minuten"},"schema":{"@context":"https:\/\/schema.org","@graph":[{"@type":"Article","@id":"https:\/\/blog.holyart.it\/de\/devotionalien\/die-madonnina-von-tindari-die-schwarze-madonna-und-ihr-heiligtum-am-meer\/#article","isPartOf":{"@id":"https:\/\/blog.holyart.it\/de\/devotionalien\/die-madonnina-von-tindari-die-schwarze-madonna-und-ihr-heiligtum-am-meer\/"},"author":{"name":"Redazione","@id":"https:\/\/blog.holyart.it\/de\/#\/schema\/person\/0a7b686e5af0f856ec1e390dd0baecda"},"headline":"Die Madonnina von Tindari: die schwarze Madonna und ihr Heiligtum am Meer","datePublished":"2023-09-04T09:00:33+00:00","dateModified":"2025-09-03T08:17:49+00:00","mainEntityOfPage":{"@id":"https:\/\/blog.holyart.it\/de\/devotionalien\/die-madonnina-von-tindari-die-schwarze-madonna-und-ihr-heiligtum-am-meer\/"},"wordCount":997,"publisher":{"@id":"https:\/\/blog.holyart.it\/de\/#organization"},"image":{"@id":"https:\/\/blog.holyart.it\/de\/devotionalien\/die-madonnina-von-tindari-die-schwarze-madonna-und-ihr-heiligtum-am-meer\/#primaryimage"},"thumbnailUrl":"https:\/\/blog.holyart.it\/de\/wp-content\/uploads\/sites\/12\/2023\/08\/Maria-Santissima-di-Tindari.jpeg","articleSection":["Religion"],"inLanguage":"de"},{"@type":"WebPage","@id":"https:\/\/blog.holyart.it\/de\/devotionalien\/die-madonnina-von-tindari-die-schwarze-madonna-und-ihr-heiligtum-am-meer\/","url":"https:\/\/blog.holyart.it\/de\/devotionalien\/die-madonnina-von-tindari-die-schwarze-madonna-und-ihr-heiligtum-am-meer\/","name":"Die Madonnina von Tindari: die schwarze Madonna und ihr Heiligtum am Meer - Holyart.de Blog","isPartOf":{"@id":"https:\/\/blog.holyart.it\/de\/#website"},"primaryImageOfPage":{"@id":"https:\/\/blog.holyart.it\/de\/devotionalien\/die-madonnina-von-tindari-die-schwarze-madonna-und-ihr-heiligtum-am-meer\/#primaryimage"},"image":{"@id":"https:\/\/blog.holyart.it\/de\/devotionalien\/die-madonnina-von-tindari-die-schwarze-madonna-und-ihr-heiligtum-am-meer\/#primaryimage"},"thumbnailUrl":"https:\/\/blog.holyart.it\/de\/wp-content\/uploads\/sites\/12\/2023\/08\/Maria-Santissima-di-Tindari.jpeg","datePublished":"2023-09-04T09:00:33+00:00","dateModified":"2025-09-03T08:17:49+00:00","description":"Die Madonnina von Tindari hat sich das gleichnamige St\u00e4dtchen in der Provinz Messina als Aufenthaltsort \u201eausgesucht\u201c. Hier wird jedes Jahr am 7. und 8. September ihr Fest gefeiert.","breadcrumb":{"@id":"https:\/\/blog.holyart.it\/de\/devotionalien\/die-madonnina-von-tindari-die-schwarze-madonna-und-ihr-heiligtum-am-meer\/#breadcrumb"},"inLanguage":"de","potentialAction":[{"@type":"ReadAction","target":["https:\/\/blog.holyart.it\/de\/devotionalien\/die-madonnina-von-tindari-die-schwarze-madonna-und-ihr-heiligtum-am-meer\/"]}]},{"@type":"ImageObject","inLanguage":"de","@id":"https:\/\/blog.holyart.it\/de\/devotionalien\/die-madonnina-von-tindari-die-schwarze-madonna-und-ihr-heiligtum-am-meer\/#primaryimage","url":"https:\/\/blog.holyart.it\/de\/wp-content\/uploads\/sites\/12\/2023\/08\/Maria-Santissima-di-Tindari.jpeg","contentUrl":"https:\/\/blog.holyart.it\/de\/wp-content\/uploads\/sites\/12\/2023\/08\/Maria-Santissima-di-Tindari.jpeg","width":1000,"height":669,"caption":"Maria Santissima di Tindari"},{"@type":"BreadcrumbList","@id":"https:\/\/blog.holyart.it\/de\/devotionalien\/die-madonnina-von-tindari-die-schwarze-madonna-und-ihr-heiligtum-am-meer\/#breadcrumb","itemListElement":[{"@type":"ListItem","position":1,"name":"Homepage","item":"https:\/\/blog.holyart.it\/de\/"},{"@type":"ListItem","position":2,"name":"Religion","item":"https:\/\/blog.holyart.it\/de\/devotionalien\/"},{"@type":"ListItem","position":3,"name":"Die Madonnina von Tindari: die schwarze Madonna und ihr Heiligtum am Meer"}]},{"@type":"WebSite","@id":"https:\/\/blog.holyart.it\/de\/#website","url":"https:\/\/blog.holyart.it\/de\/","name":"Holyart.de Blog","description":"Holyblog","publisher":{"@id":"https:\/\/blog.holyart.it\/de\/#organization"},"potentialAction":[{"@type":"SearchAction","target":{"@type":"EntryPoint","urlTemplate":"https:\/\/blog.holyart.it\/de\/?s={search_term_string}"},"query-input":{"@type":"PropertyValueSpecification","valueRequired":true,"valueName":"search_term_string"}}],"inLanguage":"de"},{"@type":"Organization","@id":"https:\/\/blog.holyart.it\/de\/#organization","name":"Holyart.de Blog","url":"https:\/\/blog.holyart.it\/de\/","logo":{"@type":"ImageObject","inLanguage":"de","@id":"https:\/\/blog.holyart.it\/de\/#\/schema\/logo\/image\/","url":"https:\/\/blog.holyart.it\/de\/wp-content\/uploads\/sites\/12\/2022\/12\/Holyart_Blog_Logo.jpg","contentUrl":"https:\/\/blog.holyart.it\/de\/wp-content\/uploads\/sites\/12\/2022\/12\/Holyart_Blog_Logo.jpg","width":300,"height":50,"caption":"Holyart.de Blog"},"image":{"@id":"https:\/\/blog.holyart.it\/de\/#\/schema\/logo\/image\/"}},{"@type":"Person","@id":"https:\/\/blog.holyart.it\/de\/#\/schema\/person\/0a7b686e5af0f856ec1e390dd0baecda","name":"Redazione","image":{"@type":"ImageObject","inLanguage":"de","@id":"https:\/\/blog.holyart.it\/de\/#\/schema\/person\/image\/","url":"https:\/\/secure.gravatar.com\/avatar\/f477da817f43e50d0af36abecd33e3edf826c68299714bdc1057dff3b113f516?s=96&d=mm&r=g","contentUrl":"https:\/\/secure.gravatar.com\/avatar\/f477da817f43e50d0af36abecd33e3edf826c68299714bdc1057dff3b113f516?s=96&d=mm&r=g","caption":"Redazione"}}]}},"_links":{"self":[{"href":"https:\/\/blog.holyart.it\/de\/wp-json\/wp\/v2\/posts\/2800","targetHints":{"allow":["GET"]}}],"collection":[{"href":"https:\/\/blog.holyart.it\/de\/wp-json\/wp\/v2\/posts"}],"about":[{"href":"https:\/\/blog.holyart.it\/de\/wp-json\/wp\/v2\/types\/post"}],"author":[{"embeddable":true,"href":"https:\/\/blog.holyart.it\/de\/wp-json\/wp\/v2\/users\/1"}],"replies":[{"embeddable":true,"href":"https:\/\/blog.holyart.it\/de\/wp-json\/wp\/v2\/comments?post=2800"}],"version-history":[{"count":3,"href":"https:\/\/blog.holyart.it\/de\/wp-json\/wp\/v2\/posts\/2800\/revisions"}],"predecessor-version":[{"id":2809,"href":"https:\/\/blog.holyart.it\/de\/wp-json\/wp\/v2\/posts\/2800\/revisions\/2809"}],"wp:featuredmedia":[{"embeddable":true,"href":"https:\/\/blog.holyart.it\/de\/wp-json\/wp\/v2\/media\/2806"}],"wp:attachment":[{"href":"https:\/\/blog.holyart.it\/de\/wp-json\/wp\/v2\/media?parent=2800"}],"wp:term":[{"taxonomy":"category","embeddable":true,"href":"https:\/\/blog.holyart.it\/de\/wp-json\/wp\/v2\/categories?post=2800"},{"taxonomy":"post_tag","embeddable":true,"href":"https:\/\/blog.holyart.it\/de\/wp-json\/wp\/v2\/tags?post=2800"}],"curies":[{"name":"wp","href":"https:\/\/api.w.org\/{rel}","templated":true}]}}