{"id":2791,"date":"2023-08-29T11:00:14","date_gmt":"2023-08-29T09:00:14","guid":{"rendered":"https:\/\/blog.holyart.it\/de\/?p=2791"},"modified":"2024-08-02T10:58:39","modified_gmt":"2024-08-02T08:58:39","slug":"der-heilige-gregor-der-grosse-papst-und-kirchenlehrer","status":"publish","type":"post","link":"https:\/\/blog.holyart.it\/de\/heilige-und-selige\/der-heilige-gregor-der-grosse-papst-und-kirchenlehrer\/","title":{"rendered":"Der heilige Gregor der Gro\u00dfe, Papst und Kirchenlehrer"},"content":{"rendered":"<h4>Der heilige Gregor der Gro\u00dfe, \u201eder Konsul Gottes\u201c, wird als Heiliger und Kirchenlehrer verehrt. Doch wer war dieser au\u00dfergew\u00f6hnliche Mann?<\/h4>\n<p>Im Laufe der Geschichte hat es nicht viele M\u00e4nner gegeben, die von ihren Zeitgenossen als <strong>Magno<\/strong>, als \u201egro\u00df\u201c, bezeichnet wurden. Und noch erstaunlicher ist es, wenn nicht ein Condottiere und Eroberer wie Alexander der Gro\u00dfe oder ein gro\u00dfer Herrscher wie Karl der Gro\u00dfe oder Peter der Gro\u00dfe von Russland einen solchen Beinamen erh\u00e4lt, sondern ein Mann der Kirche. Doch <a href=\"https:\/\/www.holyart.de\/devotionalien\/statuen\/statuen-aus-bemalten-holz\/heiliger-gregor-mit-taube-bemalten-grodnertal-holz?_gl=1*1k2c7zh*_ga*MTg4ODUxMTc0MS4xNjc5OTAyNTU5*_ga_W18MV136NH*MTY5MDgwNTkwMi44My4xLjE2OTA4MDg2NzUuMC4wLjA.\"><strong>Papst Gregor der Gro\u00dfe<\/strong><\/a> verdiente diesen Titel, der im alten Rom als <em>cognomina ex virtute<\/em> bezeichnet wurde, eine Ehrenbezeichnung, die Eroberern und Feldherren vorbehalten war.<\/p>\n<p>Doch was hat der heilige Gregor getan, um als Gro\u00dfer bezeichnet und zu den <a href=\"https:\/\/www.holyart.de\/blog\/devotionalien\/die-doktoren-der-kirche-wer-sie-sind-und-welche-voraussetzungen-erfuellt-sein-muessen-um-diesen-titel-zu-tragen\/\">Kirchenlehrern<\/a> gez\u00e4hlt zu werden?<\/p>\n<div class=\"link-article\">\n<p><img loading=\"lazy\" decoding=\"async\" class=\"size-full wp-image-2792 alignleft\" src=\"https:\/\/blog.holyart.it\/de\/wp-content\/uploads\/sites\/12\/2023\/07\/Doktoren-der-Kirche.jpeg\" alt=\"Doktoren der Kirche\" width=\"150\" height=\"99\" data-kale-share-title=\"Der heilige Gregor der Gro\u00dfe, Papst und Kirchenlehrer\" data-kale-share-url=\"https:\/\/blog.holyart.it\/de\/?p=2791\" \/><\/p>\n<div class=\"leggi-anche\">Lesen Sie auch:<\/div>\n<p><strong><a href=\"https:\/\/www.holyart.de\/blog\/devotionalien\/die-doktoren-der-kirche-wer-sie-sind-und-welche-voraussetzungen-erfuellt-sein-muessen-um-diesen-titel-zu-tragen\/\">Die Doktoren der Kirche: wer sie sind und welche Voraussetzungen erf\u00fcllt sein m\u00fcssen, um diesen Titel zu tragen<\/a><\/strong><br \/>\nAm 1. Oktober feiern wir die heilige Therese von Lisieux &#8230;<\/p>\n<\/div>\n<p>Gregor wurde 540 n. Chr. in <strong>Rom<\/strong> als Sohn einer wohlhabenden <strong>Patrizierfamilie<\/strong> geboren und zeichnete sich schon in jungen Jahren durch hervorragende Studien aus, obwohl er nie eine hohe kulturelle Bildung wie Augustinus und Cassiodorus genossen hat, die auf den gro\u00dfen klassischen lateinischen Autoren wie Sallust, Horaz, Vergil und Ovid beruhte. Stattdessen blieb er <strong>der Literatur seiner Zeit <\/strong>verhaftet, die \u00e4rmer war als die der Vergangenheit, aber n\u00e4her am Zeitgeschehen. Er machte sich die philosophischen Gedanken Ciceros und der stoischen Schule zu eigen und passte sie an die christliche Morallehre an.<\/p>\n<div class=\"link-product\">\n<div class=\"blocco-immagine\"><img loading=\"lazy\" decoding=\"async\" class=\"size-full wp-image-2793 alignleft\" src=\"https:\/\/blog.holyart.it\/de\/wp-content\/uploads\/sites\/12\/2023\/07\/Benediktuskreuze-und-medaillen.jpg\" alt=\"Benediktuskreuze und -medaillen\" width=\"100\" height=\"100\" data-kale-share-title=\"Der heilige Gregor der Gro\u00dfe, Papst und Kirchenlehrer\" data-kale-share-url=\"https:\/\/blog.holyart.it\/de\/?p=2791\" \/><\/div>\n<div class=\"blocco-contenuto\">\n<div class=\"blocco-acquista\">Einkaufen:<\/div>\n<div class=\"blocco-titolo\"><a href=\"https:\/\/www.holyart.de\/devotionalien\/kruzifixe-und-kreuze\/benediktuskreuze-und-medaillen?page=1&amp;_gl=1*oesjwe*_ga*MTg4ODUxMTc0MS4xNjc5OTAyNTU5*_ga_W18MV136NH*MTY5MDgwNTkwMi44My4xLjE2OTA4MDg4ODUuMC4wLjA.\">Benediktuskreuze und -medaillen<\/a><\/div>\n<div class=\"blocco-descrizione\">Hier finden Sie authentische Benediktuskreuze aus Metall, Olivenholz und anderen Holzarten sowie Benediktusmedaillen<\/div>\n<\/div>\n<\/div>\n<p>Fasziniert von der Gestalt des <a href=\"https:\/\/www.holyart.de\/produkte\/benediktusmedaille.php\"><strong>Benedikt von Norcia<\/strong><\/a>, w\u00e4re er gerne M\u00f6nch geworden, aber seine Familie dr\u00e4ngte ihn, eine gl\u00e4nzende <strong>politische Karriere<\/strong> einzuschlagen, die ihn in seinen fr\u00fchen Drei\u00dfigern zum <strong>Pr\u00e4fekten von Rom<\/strong> werden lie\u00df. Dennoch konnte er seine Berufung fortsetzen, indem er sich in der N\u00e4chstenliebe \u00fcbte, den Bed\u00fcrftigen Hilfe leistete und seine Besitzt\u00fcmer in Rom und Sizilien in Kl\u00f6ster umwandelte.<\/p>\n<p><strong>Nach dem Tod seines Vaters<\/strong> schlug er zwar eine politische Karriere ein, die von der Obrigkeit und dem Volk gesch\u00e4tzt wurde, aber er beschloss, allen M\u00f6glichkeiten, die ihm das \u00f6ffentliche Leben bot, den R\u00fccken zu kehren und sich einer ganz anderen Aufgabe zuzuwenden. Er beschloss, sein Elternhaus in ein Kloster umzuwandeln und <strong>M\u00f6nch zu werden<\/strong>, um sein Leben dem Studium der Heiligen Schrift und der religi\u00f6sen Texte zu widmen.<\/p>\n<p>Seine Verdienste und F\u00e4higkeiten waren jedoch auch in religi\u00f6sen Kreisen nicht unbemerkt geblieben.\u00a0 Papst Pelagius II. schickte ihn als <strong>Vertreter an den Hof von Konstantinopel<\/strong>, um den Kaiser des Ostens um Hilfe gegen die Langobarden zu bitten. Selbst der Kaiser wusste seine F\u00e4higkeiten zu sch\u00e4tzen und lie\u00df ihn mit Bedauern gehen, um sich dem Papst anzuschlie\u00dfen und sein pers\u00f6nlicher Berater zu werden, eine Rolle, die er so geschickt ausf\u00fcllte, dass er nach <strong>dem Tod von Pelagius selbst zum Papst ernannt wurde<\/strong>.<\/p>\n<p>&nbsp;<\/p>\n<p>Gregor wollte nicht Papst werden und nahm die Aufgabe mit anf\u00e4nglichem Widerwillen an.<\/p>\n<p>Die Kirche, der er vorstand, befand sich in einer <strong>\u00e4u\u00dferst komplizierten und schwierigen Zeit<\/strong>, ebenso wie die politische Situation, in der sich das Reich und die italienische Halbinsel befanden. Zu den politischen Unruhen und den \u00dcberf\u00e4llen der <strong>Langobarden<\/strong> kamen in jenen Jahren noch zahlreiche <strong>Epidemien, Wolkenbr\u00fcche, \u00dcberschwemmungen und Hungersn\u00f6te<\/strong> hinzu.<\/p>\n<div class=\"link-product\">\n<div class=\"blocco-immagine\"><img loading=\"lazy\" decoding=\"async\" class=\"size-full wp-image-2794 alignleft\" src=\"https:\/\/blog.holyart.it\/de\/wp-content\/uploads\/sites\/12\/2023\/07\/Heiliger-Gregor-mit-Taube-bemalten-Grodnertal-Holz.jpg\" alt=\"Heiliger Gregor mit Taube bemalten Gr\u00f6dnertal Holz\" width=\"100\" height=\"100\" data-kale-share-title=\"Der heilige Gregor der Gro\u00dfe, Papst und Kirchenlehrer\" data-kale-share-url=\"https:\/\/blog.holyart.it\/de\/?p=2791\" \/><\/div>\n<div class=\"blocco-contenuto\">\n<div class=\"blocco-acquista\">Einkaufen:<\/div>\n<div class=\"blocco-titolo\"><a href=\"https:\/\/www.holyart.de\/devotionalien\/statuen\/statuen-aus-bemalten-holz\/heiliger-gregor-mit-taube-bemalten-grodnertal-holz?_gl=1*1agf6uk*_ga*MTg4ODUxMTc0MS4xNjc5OTAyNTU5*_ga_W18MV136NH*MTY5MDgwNTkwMi44My4xLjE2OTA4MDkwNjUuMC4wLjA.\">Heiliger Gregor mit Taube bemalten Gr\u00f6dnertal Holz<\/a><\/div>\n<div class=\"blocco-descrizione\">Statue des Heiligen Gregors mit Taube realisiert aus Gr\u00f6dnertal Holz und handbemalt.<\/div>\n<\/div>\n<\/div>\n<p>Gregor war ein <strong>k\u00f6rperlich schwacher<\/strong>, oft kranker Mann, der jedoch von einer unersch\u00fctterlichen Kraft und St\u00e4rke beseelt war, die es ihm erm\u00f6glichte, die Z\u00fcgel seines Pontifikats selbst in der Hand zu halten, wobei er sich auch der <strong>apostolischen Vikare<\/strong> bediente, die ihn an den H\u00f6fen in ganz Europa und dar\u00fcber hinaus vertraten. Er bem\u00fchte sich um eine <strong>Neuordnung der kl\u00f6sterlichen Institution<\/strong>, insbesondere in ihren Beziehungen zur Kirche und zu den Bisch\u00f6fen, und sorgte f\u00fcr eine gr\u00f6\u00dfere rechtliche und wirtschaftliche Autonomie der Kl\u00f6ster.<\/p>\n<p>Es gelang ihm auch, einen <strong>Friedensvertrag mit den Langobarden<\/strong> zu schlie\u00dfen.<\/p>\n<p>Ber\u00fchmt ist seine <strong>Vision des Erzengels Michael<\/strong>, die sich ereignete, als er eine Prozession zur Abwehr der Pestepidemie \u00fcber die Br\u00fccke der Mole Adriana, der sp\u00e4teren Ponte Sant&#8217;Angelo, anf\u00fchrte. Nach der Vision h\u00f6rte die Epidemie auf, und die R\u00f6mer begannen, die Mole Adriana &#8222;Engelsburg&#8220; (Castel Sant&#8217;Angelo) zu nennen.<\/p>\n<p>Vor allem aber trug er stets seine Liebe zur <strong>Heiligen Schrift<\/strong> und seinen <strong>Geist der Evangelisierung<\/strong> weiter. Auf seinen Befehl hin machte sich der <strong>M\u00f6nch Augustinus<\/strong> (der Heilige Augustinus von Canterbury) auf den Weg nach Britannien, das von den germanischen V\u00f6lkern beherrscht wurde, um das Heidentum auszurotten.<\/p>\n<p>Gregor war aber auch <strong>ein gro\u00dfer Gelehrter<\/strong> und hinterlie\u00df zahlreiche Werke, die noch heute als grundlegende Texte f\u00fcr die Kirche gelten, angefangen bei der <strong>Pastoralregel<\/strong>, einem Traktat, das sowohl f\u00fcr Kirchenf\u00fcrsten als auch f\u00fcr Laien gedacht war, um ihnen zu helfen, ihre Aufgabe zu erf\u00fcllen und die Welt auf christliche Weise zu regieren, bis hin zu den 35 B\u00e4nden der <strong>Moralia in Hiob<\/strong>, einer Exegese des Buches Hiob, die Gregor selbst als \u201e<em>eine ausf\u00fchrliche Betrachtung der moralischen Fragen<\/em>\u201c bezeichnete. Dazu kommen <strong>Briefe, Predigten, Dialoge<\/strong> und vieles mehr. All diese Texte machten ihn zusammen mit dem heiligen Ambrosius, dem heiligen Augustinus von Hippo und dem heiligen Hieronymus zu einem der <strong>ersten <u>Doktoren<\/u> der westlichen Kirche<\/strong>. Er organisierte auch die <strong>r\u00f6mische Liturgie<\/strong> neu und f\u00f6rderte den liturgischen Gesang, der nach ihm den Namen \u201e<strong>Gregorianik<\/strong>\u201c erhalten sollte.<\/p>\n<p>Er starb am 12. M\u00e4rz 604 und sein liturgisches Gedenken f\u00e4llt auf den 3. September oder 12. M\u00e4rz.<\/p>\n","protected":false},"excerpt":{"rendered":"<p>Der heilige Gregor der Gro\u00dfe, \u201eder Konsul Gottes\u201c, wird als Heiliger und Kirchenlehrer verehrt. Doch wer war dieser au\u00dfergew\u00f6hnliche Mann? Im Laufe der Geschichte hat es nicht viele M\u00e4nner gegeben, die von ihren Zeitgenossen als Magno, als \u201egro\u00df\u201c, bezeichnet wurden. Und noch erstaunlicher ist es,&hellip;<\/p>\n","protected":false},"author":1,"featured_media":2795,"comment_status":"closed","ping_status":"open","sticky":false,"template":"","format":"standard","meta":{"_acf_changed":false,"footnotes":""},"categories":[9],"tags":[],"class_list":["post-2791","post","type-post","status-publish","format-standard","has-post-thumbnail","hentry","category-heilige-und-selige"],"acf":[],"yoast_head":"<!-- This site is optimized with the Yoast SEO plugin v26.6 - https:\/\/yoast.com\/wordpress\/plugins\/seo\/ -->\n<title>Der heilige Gregor der Gro\u00dfe, Papst und Kirchenlehrer - Holyart.de Blog<\/title>\n<meta name=\"description\" content=\"Der heilige Gregor der Gro\u00dfe, \u201eder Konsul Gottes\u201c, wird als Heiliger und Kirchenlehrer verehrt. Doch wer war dieser au\u00dfergew\u00f6hnliche Mann?\" \/>\n<meta name=\"robots\" content=\"index, follow, max-snippet:-1, max-image-preview:large, max-video-preview:-1\" \/>\n<link rel=\"canonical\" href=\"https:\/\/blog.holyart.it\/de\/heilige-und-selige\/der-heilige-gregor-der-grosse-papst-und-kirchenlehrer\/\" \/>\n<meta property=\"og:locale\" content=\"de_DE\" \/>\n<meta property=\"og:type\" content=\"article\" \/>\n<meta property=\"og:title\" content=\"Der heilige Gregor der Gro\u00dfe, Papst und Kirchenlehrer - Holyart.de Blog\" \/>\n<meta property=\"og:description\" content=\"Der heilige Gregor der Gro\u00dfe, \u201eder Konsul Gottes\u201c, wird als Heiliger und Kirchenlehrer verehrt. Doch wer war dieser au\u00dfergew\u00f6hnliche Mann?\" \/>\n<meta property=\"og:url\" content=\"https:\/\/blog.holyart.it\/de\/heilige-und-selige\/der-heilige-gregor-der-grosse-papst-und-kirchenlehrer\/\" \/>\n<meta property=\"og:site_name\" content=\"Holyart.de Blog\" \/>\n<meta property=\"article:published_time\" content=\"2023-08-29T09:00:14+00:00\" \/>\n<meta property=\"article:modified_time\" content=\"2024-08-02T08:58:39+00:00\" \/>\n<meta property=\"og:image\" content=\"https:\/\/blog.holyart.it\/de\/wp-content\/uploads\/sites\/12\/2023\/07\/Der-heilige-Gregor-der-Grobe.jpeg\" \/>\n\t<meta property=\"og:image:width\" content=\"1000\" \/>\n\t<meta property=\"og:image:height\" content=\"666\" \/>\n\t<meta property=\"og:image:type\" content=\"image\/jpeg\" \/>\n<meta name=\"author\" content=\"Redazione\" \/>\n<meta name=\"twitter:card\" content=\"summary_large_image\" \/>\n<meta name=\"twitter:label1\" content=\"Verfasst von\" \/>\n\t<meta name=\"twitter:data1\" content=\"Redazione\" \/>\n\t<meta name=\"twitter:label2\" content=\"Gesch\u00e4tzte Lesezeit\" \/>\n\t<meta name=\"twitter:data2\" content=\"6\u00a0Minuten\" \/>\n<script type=\"application\/ld+json\" class=\"yoast-schema-graph\">{\"@context\":\"https:\/\/schema.org\",\"@graph\":[{\"@type\":\"Article\",\"@id\":\"https:\/\/blog.holyart.it\/de\/heilige-und-selige\/der-heilige-gregor-der-grosse-papst-und-kirchenlehrer\/#article\",\"isPartOf\":{\"@id\":\"https:\/\/blog.holyart.it\/de\/heilige-und-selige\/der-heilige-gregor-der-grosse-papst-und-kirchenlehrer\/\"},\"author\":{\"name\":\"Redazione\",\"@id\":\"https:\/\/blog.holyart.it\/de\/#\/schema\/person\/0a7b686e5af0f856ec1e390dd0baecda\"},\"headline\":\"Der heilige Gregor der Gro\u00dfe, Papst und Kirchenlehrer\",\"datePublished\":\"2023-08-29T09:00:14+00:00\",\"dateModified\":\"2024-08-02T08:58:39+00:00\",\"mainEntityOfPage\":{\"@id\":\"https:\/\/blog.holyart.it\/de\/heilige-und-selige\/der-heilige-gregor-der-grosse-papst-und-kirchenlehrer\/\"},\"wordCount\":980,\"publisher\":{\"@id\":\"https:\/\/blog.holyart.it\/de\/#organization\"},\"image\":{\"@id\":\"https:\/\/blog.holyart.it\/de\/heilige-und-selige\/der-heilige-gregor-der-grosse-papst-und-kirchenlehrer\/#primaryimage\"},\"thumbnailUrl\":\"https:\/\/blog.holyart.it\/de\/wp-content\/uploads\/sites\/12\/2023\/07\/Der-heilige-Gregor-der-Grobe.jpeg\",\"articleSection\":[\"Heilige und Selige\"],\"inLanguage\":\"de\"},{\"@type\":\"WebPage\",\"@id\":\"https:\/\/blog.holyart.it\/de\/heilige-und-selige\/der-heilige-gregor-der-grosse-papst-und-kirchenlehrer\/\",\"url\":\"https:\/\/blog.holyart.it\/de\/heilige-und-selige\/der-heilige-gregor-der-grosse-papst-und-kirchenlehrer\/\",\"name\":\"Der heilige Gregor der Gro\u00dfe, Papst und Kirchenlehrer - Holyart.de Blog\",\"isPartOf\":{\"@id\":\"https:\/\/blog.holyart.it\/de\/#website\"},\"primaryImageOfPage\":{\"@id\":\"https:\/\/blog.holyart.it\/de\/heilige-und-selige\/der-heilige-gregor-der-grosse-papst-und-kirchenlehrer\/#primaryimage\"},\"image\":{\"@id\":\"https:\/\/blog.holyart.it\/de\/heilige-und-selige\/der-heilige-gregor-der-grosse-papst-und-kirchenlehrer\/#primaryimage\"},\"thumbnailUrl\":\"https:\/\/blog.holyart.it\/de\/wp-content\/uploads\/sites\/12\/2023\/07\/Der-heilige-Gregor-der-Grobe.jpeg\",\"datePublished\":\"2023-08-29T09:00:14+00:00\",\"dateModified\":\"2024-08-02T08:58:39+00:00\",\"description\":\"Der heilige Gregor der Gro\u00dfe, \u201eder Konsul Gottes\u201c, wird als Heiliger und Kirchenlehrer verehrt. Doch wer war dieser au\u00dfergew\u00f6hnliche Mann?\",\"breadcrumb\":{\"@id\":\"https:\/\/blog.holyart.it\/de\/heilige-und-selige\/der-heilige-gregor-der-grosse-papst-und-kirchenlehrer\/#breadcrumb\"},\"inLanguage\":\"de\",\"potentialAction\":[{\"@type\":\"ReadAction\",\"target\":[\"https:\/\/blog.holyart.it\/de\/heilige-und-selige\/der-heilige-gregor-der-grosse-papst-und-kirchenlehrer\/\"]}]},{\"@type\":\"ImageObject\",\"inLanguage\":\"de\",\"@id\":\"https:\/\/blog.holyart.it\/de\/heilige-und-selige\/der-heilige-gregor-der-grosse-papst-und-kirchenlehrer\/#primaryimage\",\"url\":\"https:\/\/blog.holyart.it\/de\/wp-content\/uploads\/sites\/12\/2023\/07\/Der-heilige-Gregor-der-Grobe.jpeg\",\"contentUrl\":\"https:\/\/blog.holyart.it\/de\/wp-content\/uploads\/sites\/12\/2023\/07\/Der-heilige-Gregor-der-Grobe.jpeg\",\"width\":1000,\"height\":666},{\"@type\":\"BreadcrumbList\",\"@id\":\"https:\/\/blog.holyart.it\/de\/heilige-und-selige\/der-heilige-gregor-der-grosse-papst-und-kirchenlehrer\/#breadcrumb\",\"itemListElement\":[{\"@type\":\"ListItem\",\"position\":1,\"name\":\"Homepage\",\"item\":\"https:\/\/blog.holyart.it\/de\/\"},{\"@type\":\"ListItem\",\"position\":2,\"name\":\"Heilige und Selige\",\"item\":\"https:\/\/blog.holyart.it\/de\/heilige-und-selige\/\"},{\"@type\":\"ListItem\",\"position\":3,\"name\":\"Der heilige Gregor der Gro\u00dfe, Papst und Kirchenlehrer\"}]},{\"@type\":\"WebSite\",\"@id\":\"https:\/\/blog.holyart.it\/de\/#website\",\"url\":\"https:\/\/blog.holyart.it\/de\/\",\"name\":\"Holyart.de Blog\",\"description\":\"Holyblog\",\"publisher\":{\"@id\":\"https:\/\/blog.holyart.it\/de\/#organization\"},\"potentialAction\":[{\"@type\":\"SearchAction\",\"target\":{\"@type\":\"EntryPoint\",\"urlTemplate\":\"https:\/\/blog.holyart.it\/de\/?s={search_term_string}\"},\"query-input\":{\"@type\":\"PropertyValueSpecification\",\"valueRequired\":true,\"valueName\":\"search_term_string\"}}],\"inLanguage\":\"de\"},{\"@type\":\"Organization\",\"@id\":\"https:\/\/blog.holyart.it\/de\/#organization\",\"name\":\"Holyart.de Blog\",\"url\":\"https:\/\/blog.holyart.it\/de\/\",\"logo\":{\"@type\":\"ImageObject\",\"inLanguage\":\"de\",\"@id\":\"https:\/\/blog.holyart.it\/de\/#\/schema\/logo\/image\/\",\"url\":\"https:\/\/blog.holyart.it\/de\/wp-content\/uploads\/sites\/12\/2022\/12\/Holyart_Blog_Logo.jpg\",\"contentUrl\":\"https:\/\/blog.holyart.it\/de\/wp-content\/uploads\/sites\/12\/2022\/12\/Holyart_Blog_Logo.jpg\",\"width\":300,\"height\":50,\"caption\":\"Holyart.de Blog\"},\"image\":{\"@id\":\"https:\/\/blog.holyart.it\/de\/#\/schema\/logo\/image\/\"}},{\"@type\":\"Person\",\"@id\":\"https:\/\/blog.holyart.it\/de\/#\/schema\/person\/0a7b686e5af0f856ec1e390dd0baecda\",\"name\":\"Redazione\",\"image\":{\"@type\":\"ImageObject\",\"inLanguage\":\"de\",\"@id\":\"https:\/\/blog.holyart.it\/de\/#\/schema\/person\/image\/\",\"url\":\"https:\/\/secure.gravatar.com\/avatar\/f477da817f43e50d0af36abecd33e3edf826c68299714bdc1057dff3b113f516?s=96&d=mm&r=g\",\"contentUrl\":\"https:\/\/secure.gravatar.com\/avatar\/f477da817f43e50d0af36abecd33e3edf826c68299714bdc1057dff3b113f516?s=96&d=mm&r=g\",\"caption\":\"Redazione\"}}]}<\/script>\n<!-- \/ Yoast SEO plugin. -->","yoast_head_json":{"title":"Der heilige Gregor der Gro\u00dfe, Papst und Kirchenlehrer - Holyart.de Blog","description":"Der heilige Gregor der Gro\u00dfe, \u201eder Konsul Gottes\u201c, wird als Heiliger und Kirchenlehrer verehrt. Doch wer war dieser au\u00dfergew\u00f6hnliche Mann?","robots":{"index":"index","follow":"follow","max-snippet":"max-snippet:-1","max-image-preview":"max-image-preview:large","max-video-preview":"max-video-preview:-1"},"canonical":"https:\/\/blog.holyart.it\/de\/heilige-und-selige\/der-heilige-gregor-der-grosse-papst-und-kirchenlehrer\/","og_locale":"de_DE","og_type":"article","og_title":"Der heilige Gregor der Gro\u00dfe, Papst und Kirchenlehrer - Holyart.de Blog","og_description":"Der heilige Gregor der Gro\u00dfe, \u201eder Konsul Gottes\u201c, wird als Heiliger und Kirchenlehrer verehrt. Doch wer war dieser au\u00dfergew\u00f6hnliche Mann?","og_url":"https:\/\/blog.holyart.it\/de\/heilige-und-selige\/der-heilige-gregor-der-grosse-papst-und-kirchenlehrer\/","og_site_name":"Holyart.de Blog","article_published_time":"2023-08-29T09:00:14+00:00","article_modified_time":"2024-08-02T08:58:39+00:00","og_image":[{"width":1000,"height":666,"url":"https:\/\/blog.holyart.it\/de\/wp-content\/uploads\/sites\/12\/2023\/07\/Der-heilige-Gregor-der-Grobe.jpeg","type":"image\/jpeg"}],"author":"Redazione","twitter_card":"summary_large_image","twitter_misc":{"Verfasst von":"Redazione","Gesch\u00e4tzte Lesezeit":"6\u00a0Minuten"},"schema":{"@context":"https:\/\/schema.org","@graph":[{"@type":"Article","@id":"https:\/\/blog.holyart.it\/de\/heilige-und-selige\/der-heilige-gregor-der-grosse-papst-und-kirchenlehrer\/#article","isPartOf":{"@id":"https:\/\/blog.holyart.it\/de\/heilige-und-selige\/der-heilige-gregor-der-grosse-papst-und-kirchenlehrer\/"},"author":{"name":"Redazione","@id":"https:\/\/blog.holyart.it\/de\/#\/schema\/person\/0a7b686e5af0f856ec1e390dd0baecda"},"headline":"Der heilige Gregor der Gro\u00dfe, Papst und Kirchenlehrer","datePublished":"2023-08-29T09:00:14+00:00","dateModified":"2024-08-02T08:58:39+00:00","mainEntityOfPage":{"@id":"https:\/\/blog.holyart.it\/de\/heilige-und-selige\/der-heilige-gregor-der-grosse-papst-und-kirchenlehrer\/"},"wordCount":980,"publisher":{"@id":"https:\/\/blog.holyart.it\/de\/#organization"},"image":{"@id":"https:\/\/blog.holyart.it\/de\/heilige-und-selige\/der-heilige-gregor-der-grosse-papst-und-kirchenlehrer\/#primaryimage"},"thumbnailUrl":"https:\/\/blog.holyart.it\/de\/wp-content\/uploads\/sites\/12\/2023\/07\/Der-heilige-Gregor-der-Grobe.jpeg","articleSection":["Heilige und Selige"],"inLanguage":"de"},{"@type":"WebPage","@id":"https:\/\/blog.holyart.it\/de\/heilige-und-selige\/der-heilige-gregor-der-grosse-papst-und-kirchenlehrer\/","url":"https:\/\/blog.holyart.it\/de\/heilige-und-selige\/der-heilige-gregor-der-grosse-papst-und-kirchenlehrer\/","name":"Der heilige Gregor der Gro\u00dfe, Papst und Kirchenlehrer - Holyart.de Blog","isPartOf":{"@id":"https:\/\/blog.holyart.it\/de\/#website"},"primaryImageOfPage":{"@id":"https:\/\/blog.holyart.it\/de\/heilige-und-selige\/der-heilige-gregor-der-grosse-papst-und-kirchenlehrer\/#primaryimage"},"image":{"@id":"https:\/\/blog.holyart.it\/de\/heilige-und-selige\/der-heilige-gregor-der-grosse-papst-und-kirchenlehrer\/#primaryimage"},"thumbnailUrl":"https:\/\/blog.holyart.it\/de\/wp-content\/uploads\/sites\/12\/2023\/07\/Der-heilige-Gregor-der-Grobe.jpeg","datePublished":"2023-08-29T09:00:14+00:00","dateModified":"2024-08-02T08:58:39+00:00","description":"Der heilige Gregor der Gro\u00dfe, \u201eder Konsul Gottes\u201c, wird als Heiliger und Kirchenlehrer verehrt. Doch wer war dieser au\u00dfergew\u00f6hnliche Mann?","breadcrumb":{"@id":"https:\/\/blog.holyart.it\/de\/heilige-und-selige\/der-heilige-gregor-der-grosse-papst-und-kirchenlehrer\/#breadcrumb"},"inLanguage":"de","potentialAction":[{"@type":"ReadAction","target":["https:\/\/blog.holyart.it\/de\/heilige-und-selige\/der-heilige-gregor-der-grosse-papst-und-kirchenlehrer\/"]}]},{"@type":"ImageObject","inLanguage":"de","@id":"https:\/\/blog.holyart.it\/de\/heilige-und-selige\/der-heilige-gregor-der-grosse-papst-und-kirchenlehrer\/#primaryimage","url":"https:\/\/blog.holyart.it\/de\/wp-content\/uploads\/sites\/12\/2023\/07\/Der-heilige-Gregor-der-Grobe.jpeg","contentUrl":"https:\/\/blog.holyart.it\/de\/wp-content\/uploads\/sites\/12\/2023\/07\/Der-heilige-Gregor-der-Grobe.jpeg","width":1000,"height":666},{"@type":"BreadcrumbList","@id":"https:\/\/blog.holyart.it\/de\/heilige-und-selige\/der-heilige-gregor-der-grosse-papst-und-kirchenlehrer\/#breadcrumb","itemListElement":[{"@type":"ListItem","position":1,"name":"Homepage","item":"https:\/\/blog.holyart.it\/de\/"},{"@type":"ListItem","position":2,"name":"Heilige und Selige","item":"https:\/\/blog.holyart.it\/de\/heilige-und-selige\/"},{"@type":"ListItem","position":3,"name":"Der heilige Gregor der Gro\u00dfe, Papst und Kirchenlehrer"}]},{"@type":"WebSite","@id":"https:\/\/blog.holyart.it\/de\/#website","url":"https:\/\/blog.holyart.it\/de\/","name":"Holyart.de Blog","description":"Holyblog","publisher":{"@id":"https:\/\/blog.holyart.it\/de\/#organization"},"potentialAction":[{"@type":"SearchAction","target":{"@type":"EntryPoint","urlTemplate":"https:\/\/blog.holyart.it\/de\/?s={search_term_string}"},"query-input":{"@type":"PropertyValueSpecification","valueRequired":true,"valueName":"search_term_string"}}],"inLanguage":"de"},{"@type":"Organization","@id":"https:\/\/blog.holyart.it\/de\/#organization","name":"Holyart.de Blog","url":"https:\/\/blog.holyart.it\/de\/","logo":{"@type":"ImageObject","inLanguage":"de","@id":"https:\/\/blog.holyart.it\/de\/#\/schema\/logo\/image\/","url":"https:\/\/blog.holyart.it\/de\/wp-content\/uploads\/sites\/12\/2022\/12\/Holyart_Blog_Logo.jpg","contentUrl":"https:\/\/blog.holyart.it\/de\/wp-content\/uploads\/sites\/12\/2022\/12\/Holyart_Blog_Logo.jpg","width":300,"height":50,"caption":"Holyart.de Blog"},"image":{"@id":"https:\/\/blog.holyart.it\/de\/#\/schema\/logo\/image\/"}},{"@type":"Person","@id":"https:\/\/blog.holyart.it\/de\/#\/schema\/person\/0a7b686e5af0f856ec1e390dd0baecda","name":"Redazione","image":{"@type":"ImageObject","inLanguage":"de","@id":"https:\/\/blog.holyart.it\/de\/#\/schema\/person\/image\/","url":"https:\/\/secure.gravatar.com\/avatar\/f477da817f43e50d0af36abecd33e3edf826c68299714bdc1057dff3b113f516?s=96&d=mm&r=g","contentUrl":"https:\/\/secure.gravatar.com\/avatar\/f477da817f43e50d0af36abecd33e3edf826c68299714bdc1057dff3b113f516?s=96&d=mm&r=g","caption":"Redazione"}}]}},"_links":{"self":[{"href":"https:\/\/blog.holyart.it\/de\/wp-json\/wp\/v2\/posts\/2791","targetHints":{"allow":["GET"]}}],"collection":[{"href":"https:\/\/blog.holyart.it\/de\/wp-json\/wp\/v2\/posts"}],"about":[{"href":"https:\/\/blog.holyart.it\/de\/wp-json\/wp\/v2\/types\/post"}],"author":[{"embeddable":true,"href":"https:\/\/blog.holyart.it\/de\/wp-json\/wp\/v2\/users\/1"}],"replies":[{"embeddable":true,"href":"https:\/\/blog.holyart.it\/de\/wp-json\/wp\/v2\/comments?post=2791"}],"version-history":[{"count":3,"href":"https:\/\/blog.holyart.it\/de\/wp-json\/wp\/v2\/posts\/2791\/revisions"}],"predecessor-version":[{"id":2798,"href":"https:\/\/blog.holyart.it\/de\/wp-json\/wp\/v2\/posts\/2791\/revisions\/2798"}],"wp:featuredmedia":[{"embeddable":true,"href":"https:\/\/blog.holyart.it\/de\/wp-json\/wp\/v2\/media\/2795"}],"wp:attachment":[{"href":"https:\/\/blog.holyart.it\/de\/wp-json\/wp\/v2\/media?parent=2791"}],"wp:term":[{"taxonomy":"category","embeddable":true,"href":"https:\/\/blog.holyart.it\/de\/wp-json\/wp\/v2\/categories?post=2791"},{"taxonomy":"post_tag","embeddable":true,"href":"https:\/\/blog.holyart.it\/de\/wp-json\/wp\/v2\/tags?post=2791"}],"curies":[{"name":"wp","href":"https:\/\/api.w.org\/{rel}","templated":true}]}}