{"id":271,"date":"2017-02-06T10:46:24","date_gmt":"2017-02-06T09:46:24","guid":{"rendered":"https:\/\/blog.holyart.it\/de\/?p=271"},"modified":"2017-02-16T10:46:39","modified_gmt":"2017-02-16T09:46:39","slug":"das-weihrauchfass-beim-kirchlichen-gottesdienst","status":"publish","type":"post","link":"https:\/\/blog.holyart.it\/de\/liturgische-gerate\/das-weihrauchfass-beim-kirchlichen-gottesdienst\/","title":{"rendered":"Das Weihrauchfass beim kirchlichen Gottesdienst"},"content":{"rendered":"<p><strong>Das <span style=\"color: #0000ff;\"><a style=\"color: #0000ff;\" href=\"http:\/\/www.holyart.de\/liturgische-gerate\/weihrauchfasser-weihrauchschiffchen\">Weihrauchfass<\/a><\/span>, <\/strong>im Lateinischen <em>Thymiaterium<\/em>, <em>Incensorium<\/em> oder auch<em> Fumigatorium<\/em>,<strong> ist ein Beh\u00e4lter aus Metall,<\/strong> der so aussieht wie eine Vase und zusammen mit einem Deckel mit kleinen \u00d6ffnungen verwendet wird. Im Inneren werden auf einer d\u00fcnnen Glutschicht Weihrauchk\u00f6rner gelegt, damit ein duftender und aromatischer Rauch verbreitet werden kann. Das Weihrauchfass findet meistens w\u00e4hrend den katholischen Gottesdiensten Verwendung, auch wenn das Verbrennen von Weihrauch oder von anderen duftenden Essenzen seit je her zu den religi\u00f6sen Gewohnheiten der Menschheit z\u00e4hlt, und weihrauchfass\u00e4hnliche Objekte in vielen anderen Kulten und Ritualen vorkommen.<\/p>\n<p>Einst waren die <strong>Weihrauchf\u00e4sser<\/strong> offen und \u00e4hnelten mehr einer Schachtel. Sie konnten transportiert oder aufgeh\u00e4ngt, aber nicht geschwenkt werden. Heutzutage gibt es <strong>feste Weihrauchf\u00e4sser<\/strong>, die wie kleine offene Kohlenbecken aussehen und manchmal auch einen perforierten Deckel haben, aber sie k\u00f6nnen nicht geschwenkt werden. Diese <strong>Weihrauchf\u00e4sser<\/strong> werden in der ambrosianischen und orientalischen Liturgie immer noch verwendet.<\/p>\n<p>Die in den westlichen Gottesdiensten f\u00fcr gew\u00f6hnlich verwendete Weihrauchf\u00e4ssern sind dagegen an vier kleinen Ketten gebunden, die das <strong>Aufh\u00e4ngen<\/strong> und die <strong>rituelle<\/strong> <strong>Undulation<\/strong> mit denen das Weihrauchfass \u00fcber die Gemeinschaft der Gl\u00e4ubigen geschwenkt wird, erm\u00f6glichen. Drei dieser Ketten dienen um den Weihrauchfass zu halten, die vierte dient auch um das Deckel aufzuheben damit der Weihrauch hineingelegt werden kann.<\/p>\n<p>Das <strong>Weihrauchfass<\/strong> ist immer von einem weiteren kleineren Beh\u00e4lter begleitet, dem <strong>Schiffchen<\/strong>. In diesem Schiffchen kann jede Art von Weihrauch hineingelegt werden. <strong>Der Ministrant, der f\u00fcr den Weihrauchfass zust\u00e4ndig ist<\/strong>, haltet ihn in der rechten Hand und das Schiffchen in der Linken und tauscht dann die H\u00e4nde um wenn er beide dem Priester vorf\u00fchrt.<\/p>\n<p>Das <strong>Weihrauchfass<\/strong> wird in einigen bestimmten Hauptmomenten in der eucharistischen Durchf\u00fchrung verwendet: am Anfang vor der Lesung des <strong>Evangeliums<\/strong>, w\u00e4hrend des Offertoriums und bei der Weihung.<\/p>\n<p>W\u00e4hrend der kirchlichen Begr\u00e4bnisfeier verbreitet der Priester den Rauch des <strong>Weihrauchfasses<\/strong> \u00fcber dem Sarg mit dem Leichnam um es zu segnen und zu reinigen. Analog wird auch <strong>die Darstellung der Jungfrau Maria und die der Heiligen <\/strong>beweihr\u00e4uchert.<\/p>\n<p><strong>\u00a0<\/strong><strong>Weihrauchf\u00e4sser und Schiffchen<\/strong> k\u00f6nnen aus verschiedenen Materialien sein, meistens werden sie aber aus Messing oder Bronze hergestellt und sind oft <strong>mit feinen silbernen oder goldenen Verarbeitungen<\/strong> verziert, sie werden<strong> gegl\u00e4ttet oder geh\u00e4mmert <\/strong>und mit Verzierungen hoher Handwerkkunst dekoriert.<\/p>\n","protected":false},"excerpt":{"rendered":"<p>Das Weihrauchfass, im Lateinischen Thymiaterium, Incensorium oder auch Fumigatorium, ist ein Beh\u00e4lter aus Metall, der so aussieht wie eine Vase und zusammen mit einem Deckel mit kleinen \u00d6ffnungen verwendet wird. Im Inneren werden auf einer d\u00fcnnen Glutschicht Weihrauchk\u00f6rner gelegt, damit ein duftender und aromatischer Rauch&hellip;<\/p>\n","protected":false},"author":1,"featured_media":272,"comment_status":"closed","ping_status":"open","sticky":false,"template":"","format":"standard","meta":{"_acf_changed":false,"footnotes":""},"categories":[5],"tags":[],"class_list":["post-271","post","type-post","status-publish","format-standard","has-post-thumbnail","hentry","category-liturgische-gerate"],"acf":[],"yoast_head":"<!-- This site is optimized with the Yoast SEO plugin v26.6 - https:\/\/yoast.com\/wordpress\/plugins\/seo\/ -->\n<title>Das Weihrauchfass beim kirchlichen Gottesdienst - Holyblog<\/title>\n<meta name=\"description\" content=\"Das Weihrauchfass ist ein Beh\u00e4lter aus Metall, der so aussieht wie eine Vase und zusammen mit einem Deckel mit kleinen \u00d6ffnungen verwendet wird\" \/>\n<meta name=\"robots\" content=\"index, follow, max-snippet:-1, max-image-preview:large, max-video-preview:-1\" \/>\n<link rel=\"canonical\" href=\"https:\/\/blog.holyart.it\/de\/liturgische-gerate\/das-weihrauchfass-beim-kirchlichen-gottesdienst\/\" \/>\n<meta property=\"og:locale\" content=\"de_DE\" \/>\n<meta property=\"og:type\" content=\"article\" \/>\n<meta property=\"og:title\" content=\"Das Weihrauchfass beim kirchlichen Gottesdienst - Holyblog\" \/>\n<meta property=\"og:description\" content=\"Das Weihrauchfass ist ein Beh\u00e4lter aus Metall, der so aussieht wie eine Vase und zusammen mit einem Deckel mit kleinen \u00d6ffnungen verwendet wird\" \/>\n<meta property=\"og:url\" content=\"https:\/\/blog.holyart.it\/de\/liturgische-gerate\/das-weihrauchfass-beim-kirchlichen-gottesdienst\/\" \/>\n<meta property=\"og:site_name\" content=\"Holyart.de Blog\" \/>\n<meta property=\"article:published_time\" content=\"2017-02-06T09:46:24+00:00\" \/>\n<meta property=\"article:modified_time\" content=\"2017-02-16T09:46:39+00:00\" \/>\n<meta property=\"og:image\" content=\"https:\/\/blog.holyart.it\/de\/wp-content\/uploads\/sites\/12\/2017\/02\/Weihrauchfass.jpg\" \/>\n\t<meta property=\"og:image:width\" content=\"1000\" \/>\n\t<meta property=\"og:image:height\" content=\"667\" \/>\n\t<meta property=\"og:image:type\" content=\"image\/jpeg\" \/>\n<meta name=\"author\" content=\"Redazione\" \/>\n<meta name=\"twitter:card\" content=\"summary_large_image\" \/>\n<meta name=\"twitter:label1\" content=\"Verfasst von\" \/>\n\t<meta name=\"twitter:data1\" content=\"Redazione\" \/>\n\t<meta name=\"twitter:label2\" content=\"Gesch\u00e4tzte Lesezeit\" \/>\n\t<meta name=\"twitter:data2\" content=\"2\u00a0Minuten\" \/>\n<script type=\"application\/ld+json\" class=\"yoast-schema-graph\">{\"@context\":\"https:\/\/schema.org\",\"@graph\":[{\"@type\":\"Article\",\"@id\":\"https:\/\/blog.holyart.it\/de\/liturgische-gerate\/das-weihrauchfass-beim-kirchlichen-gottesdienst\/#article\",\"isPartOf\":{\"@id\":\"https:\/\/blog.holyart.it\/de\/liturgische-gerate\/das-weihrauchfass-beim-kirchlichen-gottesdienst\/\"},\"author\":{\"name\":\"Redazione\",\"@id\":\"https:\/\/blog.holyart.it\/de\/#\/schema\/person\/0a7b686e5af0f856ec1e390dd0baecda\"},\"headline\":\"Das Weihrauchfass beim kirchlichen Gottesdienst\",\"datePublished\":\"2017-02-06T09:46:24+00:00\",\"dateModified\":\"2017-02-16T09:46:39+00:00\",\"mainEntityOfPage\":{\"@id\":\"https:\/\/blog.holyart.it\/de\/liturgische-gerate\/das-weihrauchfass-beim-kirchlichen-gottesdienst\/\"},\"wordCount\":393,\"publisher\":{\"@id\":\"https:\/\/blog.holyart.it\/de\/#organization\"},\"image\":{\"@id\":\"https:\/\/blog.holyart.it\/de\/liturgische-gerate\/das-weihrauchfass-beim-kirchlichen-gottesdienst\/#primaryimage\"},\"thumbnailUrl\":\"https:\/\/blog.holyart.it\/de\/wp-content\/uploads\/sites\/12\/2017\/02\/Weihrauchfass.jpg\",\"articleSection\":[\"Liturgie\"],\"inLanguage\":\"de\"},{\"@type\":\"WebPage\",\"@id\":\"https:\/\/blog.holyart.it\/de\/liturgische-gerate\/das-weihrauchfass-beim-kirchlichen-gottesdienst\/\",\"url\":\"https:\/\/blog.holyart.it\/de\/liturgische-gerate\/das-weihrauchfass-beim-kirchlichen-gottesdienst\/\",\"name\":\"Das Weihrauchfass beim kirchlichen Gottesdienst - Holyblog\",\"isPartOf\":{\"@id\":\"https:\/\/blog.holyart.it\/de\/#website\"},\"primaryImageOfPage\":{\"@id\":\"https:\/\/blog.holyart.it\/de\/liturgische-gerate\/das-weihrauchfass-beim-kirchlichen-gottesdienst\/#primaryimage\"},\"image\":{\"@id\":\"https:\/\/blog.holyart.it\/de\/liturgische-gerate\/das-weihrauchfass-beim-kirchlichen-gottesdienst\/#primaryimage\"},\"thumbnailUrl\":\"https:\/\/blog.holyart.it\/de\/wp-content\/uploads\/sites\/12\/2017\/02\/Weihrauchfass.jpg\",\"datePublished\":\"2017-02-06T09:46:24+00:00\",\"dateModified\":\"2017-02-16T09:46:39+00:00\",\"description\":\"Das Weihrauchfass ist ein Beh\u00e4lter aus Metall, der so aussieht wie eine Vase und zusammen mit einem Deckel mit kleinen \u00d6ffnungen verwendet wird\",\"breadcrumb\":{\"@id\":\"https:\/\/blog.holyart.it\/de\/liturgische-gerate\/das-weihrauchfass-beim-kirchlichen-gottesdienst\/#breadcrumb\"},\"inLanguage\":\"de\",\"potentialAction\":[{\"@type\":\"ReadAction\",\"target\":[\"https:\/\/blog.holyart.it\/de\/liturgische-gerate\/das-weihrauchfass-beim-kirchlichen-gottesdienst\/\"]}]},{\"@type\":\"ImageObject\",\"inLanguage\":\"de\",\"@id\":\"https:\/\/blog.holyart.it\/de\/liturgische-gerate\/das-weihrauchfass-beim-kirchlichen-gottesdienst\/#primaryimage\",\"url\":\"https:\/\/blog.holyart.it\/de\/wp-content\/uploads\/sites\/12\/2017\/02\/Weihrauchfass.jpg\",\"contentUrl\":\"https:\/\/blog.holyart.it\/de\/wp-content\/uploads\/sites\/12\/2017\/02\/Weihrauchfass.jpg\",\"width\":1000,\"height\":667,\"caption\":\"Weihrauchfass\"},{\"@type\":\"BreadcrumbList\",\"@id\":\"https:\/\/blog.holyart.it\/de\/liturgische-gerate\/das-weihrauchfass-beim-kirchlichen-gottesdienst\/#breadcrumb\",\"itemListElement\":[{\"@type\":\"ListItem\",\"position\":1,\"name\":\"Homepage\",\"item\":\"https:\/\/blog.holyart.it\/de\/\"},{\"@type\":\"ListItem\",\"position\":2,\"name\":\"Liturgie\",\"item\":\"https:\/\/blog.holyart.it\/de\/liturgische-gerate\/\"},{\"@type\":\"ListItem\",\"position\":3,\"name\":\"Das Weihrauchfass beim kirchlichen Gottesdienst\"}]},{\"@type\":\"WebSite\",\"@id\":\"https:\/\/blog.holyart.it\/de\/#website\",\"url\":\"https:\/\/blog.holyart.it\/de\/\",\"name\":\"Holyart.de Blog\",\"description\":\"Holyblog\",\"publisher\":{\"@id\":\"https:\/\/blog.holyart.it\/de\/#organization\"},\"potentialAction\":[{\"@type\":\"SearchAction\",\"target\":{\"@type\":\"EntryPoint\",\"urlTemplate\":\"https:\/\/blog.holyart.it\/de\/?s={search_term_string}\"},\"query-input\":{\"@type\":\"PropertyValueSpecification\",\"valueRequired\":true,\"valueName\":\"search_term_string\"}}],\"inLanguage\":\"de\"},{\"@type\":\"Organization\",\"@id\":\"https:\/\/blog.holyart.it\/de\/#organization\",\"name\":\"Holyart.de Blog\",\"url\":\"https:\/\/blog.holyart.it\/de\/\",\"logo\":{\"@type\":\"ImageObject\",\"inLanguage\":\"de\",\"@id\":\"https:\/\/blog.holyart.it\/de\/#\/schema\/logo\/image\/\",\"url\":\"https:\/\/blog.holyart.it\/de\/wp-content\/uploads\/sites\/12\/2022\/12\/Holyart_Blog_Logo.jpg\",\"contentUrl\":\"https:\/\/blog.holyart.it\/de\/wp-content\/uploads\/sites\/12\/2022\/12\/Holyart_Blog_Logo.jpg\",\"width\":300,\"height\":50,\"caption\":\"Holyart.de Blog\"},\"image\":{\"@id\":\"https:\/\/blog.holyart.it\/de\/#\/schema\/logo\/image\/\"}},{\"@type\":\"Person\",\"@id\":\"https:\/\/blog.holyart.it\/de\/#\/schema\/person\/0a7b686e5af0f856ec1e390dd0baecda\",\"name\":\"Redazione\",\"image\":{\"@type\":\"ImageObject\",\"inLanguage\":\"de\",\"@id\":\"https:\/\/blog.holyart.it\/de\/#\/schema\/person\/image\/\",\"url\":\"https:\/\/secure.gravatar.com\/avatar\/f477da817f43e50d0af36abecd33e3edf826c68299714bdc1057dff3b113f516?s=96&d=mm&r=g\",\"contentUrl\":\"https:\/\/secure.gravatar.com\/avatar\/f477da817f43e50d0af36abecd33e3edf826c68299714bdc1057dff3b113f516?s=96&d=mm&r=g\",\"caption\":\"Redazione\"}}]}<\/script>\n<!-- \/ Yoast SEO plugin. -->","yoast_head_json":{"title":"Das Weihrauchfass beim kirchlichen Gottesdienst - Holyblog","description":"Das Weihrauchfass ist ein Beh\u00e4lter aus Metall, der so aussieht wie eine Vase und zusammen mit einem Deckel mit kleinen \u00d6ffnungen verwendet wird","robots":{"index":"index","follow":"follow","max-snippet":"max-snippet:-1","max-image-preview":"max-image-preview:large","max-video-preview":"max-video-preview:-1"},"canonical":"https:\/\/blog.holyart.it\/de\/liturgische-gerate\/das-weihrauchfass-beim-kirchlichen-gottesdienst\/","og_locale":"de_DE","og_type":"article","og_title":"Das Weihrauchfass beim kirchlichen Gottesdienst - Holyblog","og_description":"Das Weihrauchfass ist ein Beh\u00e4lter aus Metall, der so aussieht wie eine Vase und zusammen mit einem Deckel mit kleinen \u00d6ffnungen verwendet wird","og_url":"https:\/\/blog.holyart.it\/de\/liturgische-gerate\/das-weihrauchfass-beim-kirchlichen-gottesdienst\/","og_site_name":"Holyart.de Blog","article_published_time":"2017-02-06T09:46:24+00:00","article_modified_time":"2017-02-16T09:46:39+00:00","og_image":[{"width":1000,"height":667,"url":"https:\/\/blog.holyart.it\/de\/wp-content\/uploads\/sites\/12\/2017\/02\/Weihrauchfass.jpg","type":"image\/jpeg"}],"author":"Redazione","twitter_card":"summary_large_image","twitter_misc":{"Verfasst von":"Redazione","Gesch\u00e4tzte Lesezeit":"2\u00a0Minuten"},"schema":{"@context":"https:\/\/schema.org","@graph":[{"@type":"Article","@id":"https:\/\/blog.holyart.it\/de\/liturgische-gerate\/das-weihrauchfass-beim-kirchlichen-gottesdienst\/#article","isPartOf":{"@id":"https:\/\/blog.holyart.it\/de\/liturgische-gerate\/das-weihrauchfass-beim-kirchlichen-gottesdienst\/"},"author":{"name":"Redazione","@id":"https:\/\/blog.holyart.it\/de\/#\/schema\/person\/0a7b686e5af0f856ec1e390dd0baecda"},"headline":"Das Weihrauchfass beim kirchlichen Gottesdienst","datePublished":"2017-02-06T09:46:24+00:00","dateModified":"2017-02-16T09:46:39+00:00","mainEntityOfPage":{"@id":"https:\/\/blog.holyart.it\/de\/liturgische-gerate\/das-weihrauchfass-beim-kirchlichen-gottesdienst\/"},"wordCount":393,"publisher":{"@id":"https:\/\/blog.holyart.it\/de\/#organization"},"image":{"@id":"https:\/\/blog.holyart.it\/de\/liturgische-gerate\/das-weihrauchfass-beim-kirchlichen-gottesdienst\/#primaryimage"},"thumbnailUrl":"https:\/\/blog.holyart.it\/de\/wp-content\/uploads\/sites\/12\/2017\/02\/Weihrauchfass.jpg","articleSection":["Liturgie"],"inLanguage":"de"},{"@type":"WebPage","@id":"https:\/\/blog.holyart.it\/de\/liturgische-gerate\/das-weihrauchfass-beim-kirchlichen-gottesdienst\/","url":"https:\/\/blog.holyart.it\/de\/liturgische-gerate\/das-weihrauchfass-beim-kirchlichen-gottesdienst\/","name":"Das Weihrauchfass beim kirchlichen Gottesdienst - Holyblog","isPartOf":{"@id":"https:\/\/blog.holyart.it\/de\/#website"},"primaryImageOfPage":{"@id":"https:\/\/blog.holyart.it\/de\/liturgische-gerate\/das-weihrauchfass-beim-kirchlichen-gottesdienst\/#primaryimage"},"image":{"@id":"https:\/\/blog.holyart.it\/de\/liturgische-gerate\/das-weihrauchfass-beim-kirchlichen-gottesdienst\/#primaryimage"},"thumbnailUrl":"https:\/\/blog.holyart.it\/de\/wp-content\/uploads\/sites\/12\/2017\/02\/Weihrauchfass.jpg","datePublished":"2017-02-06T09:46:24+00:00","dateModified":"2017-02-16T09:46:39+00:00","description":"Das Weihrauchfass ist ein Beh\u00e4lter aus Metall, der so aussieht wie eine Vase und zusammen mit einem Deckel mit kleinen \u00d6ffnungen verwendet wird","breadcrumb":{"@id":"https:\/\/blog.holyart.it\/de\/liturgische-gerate\/das-weihrauchfass-beim-kirchlichen-gottesdienst\/#breadcrumb"},"inLanguage":"de","potentialAction":[{"@type":"ReadAction","target":["https:\/\/blog.holyart.it\/de\/liturgische-gerate\/das-weihrauchfass-beim-kirchlichen-gottesdienst\/"]}]},{"@type":"ImageObject","inLanguage":"de","@id":"https:\/\/blog.holyart.it\/de\/liturgische-gerate\/das-weihrauchfass-beim-kirchlichen-gottesdienst\/#primaryimage","url":"https:\/\/blog.holyart.it\/de\/wp-content\/uploads\/sites\/12\/2017\/02\/Weihrauchfass.jpg","contentUrl":"https:\/\/blog.holyart.it\/de\/wp-content\/uploads\/sites\/12\/2017\/02\/Weihrauchfass.jpg","width":1000,"height":667,"caption":"Weihrauchfass"},{"@type":"BreadcrumbList","@id":"https:\/\/blog.holyart.it\/de\/liturgische-gerate\/das-weihrauchfass-beim-kirchlichen-gottesdienst\/#breadcrumb","itemListElement":[{"@type":"ListItem","position":1,"name":"Homepage","item":"https:\/\/blog.holyart.it\/de\/"},{"@type":"ListItem","position":2,"name":"Liturgie","item":"https:\/\/blog.holyart.it\/de\/liturgische-gerate\/"},{"@type":"ListItem","position":3,"name":"Das Weihrauchfass beim kirchlichen Gottesdienst"}]},{"@type":"WebSite","@id":"https:\/\/blog.holyart.it\/de\/#website","url":"https:\/\/blog.holyart.it\/de\/","name":"Holyart.de Blog","description":"Holyblog","publisher":{"@id":"https:\/\/blog.holyart.it\/de\/#organization"},"potentialAction":[{"@type":"SearchAction","target":{"@type":"EntryPoint","urlTemplate":"https:\/\/blog.holyart.it\/de\/?s={search_term_string}"},"query-input":{"@type":"PropertyValueSpecification","valueRequired":true,"valueName":"search_term_string"}}],"inLanguage":"de"},{"@type":"Organization","@id":"https:\/\/blog.holyart.it\/de\/#organization","name":"Holyart.de Blog","url":"https:\/\/blog.holyart.it\/de\/","logo":{"@type":"ImageObject","inLanguage":"de","@id":"https:\/\/blog.holyart.it\/de\/#\/schema\/logo\/image\/","url":"https:\/\/blog.holyart.it\/de\/wp-content\/uploads\/sites\/12\/2022\/12\/Holyart_Blog_Logo.jpg","contentUrl":"https:\/\/blog.holyart.it\/de\/wp-content\/uploads\/sites\/12\/2022\/12\/Holyart_Blog_Logo.jpg","width":300,"height":50,"caption":"Holyart.de Blog"},"image":{"@id":"https:\/\/blog.holyart.it\/de\/#\/schema\/logo\/image\/"}},{"@type":"Person","@id":"https:\/\/blog.holyart.it\/de\/#\/schema\/person\/0a7b686e5af0f856ec1e390dd0baecda","name":"Redazione","image":{"@type":"ImageObject","inLanguage":"de","@id":"https:\/\/blog.holyart.it\/de\/#\/schema\/person\/image\/","url":"https:\/\/secure.gravatar.com\/avatar\/f477da817f43e50d0af36abecd33e3edf826c68299714bdc1057dff3b113f516?s=96&d=mm&r=g","contentUrl":"https:\/\/secure.gravatar.com\/avatar\/f477da817f43e50d0af36abecd33e3edf826c68299714bdc1057dff3b113f516?s=96&d=mm&r=g","caption":"Redazione"}}]}},"_links":{"self":[{"href":"https:\/\/blog.holyart.it\/de\/wp-json\/wp\/v2\/posts\/271","targetHints":{"allow":["GET"]}}],"collection":[{"href":"https:\/\/blog.holyart.it\/de\/wp-json\/wp\/v2\/posts"}],"about":[{"href":"https:\/\/blog.holyart.it\/de\/wp-json\/wp\/v2\/types\/post"}],"author":[{"embeddable":true,"href":"https:\/\/blog.holyart.it\/de\/wp-json\/wp\/v2\/users\/1"}],"replies":[{"embeddable":true,"href":"https:\/\/blog.holyart.it\/de\/wp-json\/wp\/v2\/comments?post=271"}],"version-history":[{"count":0,"href":"https:\/\/blog.holyart.it\/de\/wp-json\/wp\/v2\/posts\/271\/revisions"}],"wp:featuredmedia":[{"embeddable":true,"href":"https:\/\/blog.holyart.it\/de\/wp-json\/wp\/v2\/media\/272"}],"wp:attachment":[{"href":"https:\/\/blog.holyart.it\/de\/wp-json\/wp\/v2\/media?parent=271"}],"wp:term":[{"taxonomy":"category","embeddable":true,"href":"https:\/\/blog.holyart.it\/de\/wp-json\/wp\/v2\/categories?post=271"},{"taxonomy":"post_tag","embeddable":true,"href":"https:\/\/blog.holyart.it\/de\/wp-json\/wp\/v2\/tags?post=271"}],"curies":[{"name":"wp","href":"https:\/\/api.w.org\/{rel}","templated":true}]}}