{"id":267,"date":"2017-02-03T16:12:45","date_gmt":"2017-02-03T15:12:45","guid":{"rendered":"https:\/\/blog.holyart.it\/de\/?p=267"},"modified":"2017-01-27T16:13:02","modified_gmt":"2017-01-27T15:13:02","slug":"die-geschichte-des-hl-johannes-dem-taufer","status":"publish","type":"post","link":"https:\/\/blog.holyart.it\/de\/heilige-und-selige\/die-geschichte-des-hl-johannes-dem-taufer\/","title":{"rendered":"Die Geschichte des hl. Johannes dem T\u00e4ufer"},"content":{"rendered":"<p>Johannes der T\u00e4ufer ist eine der wichtigsten Pers\u00f6nlichkeiten nicht nur f\u00fcr die katholische Kirche, sondern auch f\u00fcr den Christentum im Allgemeinen und f\u00fcr den Islam, der ihn als <strong>einer der wichtigsten Propheten vor Mohammed bezeichnen.<\/strong><\/p>\n<p>Gott selbst behauptete, dass keiner der von einer Frau geboren ist, gr\u00f6\u00dfer als Johannes dem T\u00e4ufer sei.<\/p>\n<p><strong>Die Statuen, die<\/strong> <strong>Johannes dem T\u00e4ufer darstellen<\/strong>, zeigen ihn oft als Kind, weil er eine sehr fr\u00fche Bestimmung erlebte. Die Katholiken verehren ihn n\u00e4mlich als Vorbote Christus, als denjenigen der noch im Mutterlaib darauf vorbereitet wurde, die Ankunft des Retters vorzuwarnen.<\/p>\n<p>Als Maria seine Mutter Elisabeth besuchen ging, jubelte das Kind in Elisabeths Bauch vor Freude, weil er wusste schon, dass Jesus bald zur Welt kommen w\u00fcrde. Seine Geburt wurde vom <strong>Erzengel<\/strong> <strong>Gabriel<\/strong> selbst verk\u00fcndet, der auch Maria die Geburt Jesu verk\u00fcndet hatte und somit war sein ganzes Leben eine Prophezeihung f\u00fcr die Geburt von Jesus Christus. In den <span style=\"color: #0000ff;\"><strong><a style=\"color: #0000ff;\" href=\"http:\/\/www.holyart.de\/devotionalien\/statuen\">Statuen wird Johannes der T\u00e4ufer<\/a> <\/strong><\/span>oft mit einem Engel im Arm dargestellt, als Zeichen seiner Gr\u00f6\u00dfe als <strong>Seelenhirte<\/strong>.<\/p>\n<p>Er ist <strong>Schutzheiliger aller M\u00f6nche<\/strong>, war ein Asket, ein Eremit und der Gr\u00fcnder einer Gemeinschaft, die sehr einer in einem sp\u00e4teren Zeitpunkt von <strong>Jesus von Nazareth<\/strong> gegr\u00fcndete Gemeinschaft, \u00e4hnelte. Seine Predigt stellte der imminente Wendepunkt durch die Geburt von Jesus im Mittelpunkt. Jesus galt f\u00fcr Johannes als \u201em\u00e4chtiger\u201c \u00dcberbringer der Erl\u00f6sung.<\/p>\n<p>Johannes der T\u00e4ufer f\u00fchrte die Taufe wie ein Bu\u00dfakt aus, d.h. er sah das Eintauchen im Jordanfluss als Bu\u00dfzeichen. Die Taufe von Johannes dem T\u00e4ufer war nicht eine einfache Waschung wie die, die es schon bei den Juden gegeben hatte, sondern ein authentischer und bewusster Akt der \u201aBekehrung\u2018 und spiritueller Entscheidung. <strong>Die Statuen, die ihn als erwachsener Mann darstellen<\/strong>, zeigen ihn in Fellen gekleidet und oft h\u00e4lt er eine Axt in seiner Hand mit der er, der Tradition nach, die B\u00e4ume, die keine guten Fr\u00fcchte brachten, bei den Wurzeln abgeschnitten h\u00e4tte.<\/p>\n","protected":false},"excerpt":{"rendered":"<p>Johannes der T\u00e4ufer ist eine der wichtigsten Pers\u00f6nlichkeiten nicht nur f\u00fcr die katholische Kirche, sondern auch f\u00fcr den Christentum im Allgemeinen und f\u00fcr den Islam, der ihn als einer der wichtigsten Propheten vor Mohammed bezeichnen. Gott selbst behauptete, dass keiner der von einer Frau geboren&hellip;<\/p>\n","protected":false},"author":1,"featured_media":268,"comment_status":"closed","ping_status":"open","sticky":false,"template":"","format":"standard","meta":{"_acf_changed":false,"footnotes":""},"categories":[9],"tags":[],"class_list":["post-267","post","type-post","status-publish","format-standard","has-post-thumbnail","hentry","category-heilige-und-selige"],"acf":[],"yoast_head":"<!-- This site is optimized with the Yoast SEO plugin v26.6 - https:\/\/yoast.com\/wordpress\/plugins\/seo\/ -->\n<title>Die Geschichte des hl. Johannes dem T\u00e4ufer - Holyart.de Blog<\/title>\n<meta name=\"description\" content=\"Johannes der T\u00e4ufer ist eine der wichtigsten Pers\u00f6nlichkeiten nicht nur f\u00fcr die katholische Kirche, sondern auch f\u00fcr den Christentum im Allgemeinen\" \/>\n<meta name=\"robots\" content=\"index, follow, max-snippet:-1, max-image-preview:large, max-video-preview:-1\" \/>\n<link rel=\"canonical\" href=\"https:\/\/blog.holyart.it\/de\/heilige-und-selige\/die-geschichte-des-hl-johannes-dem-taufer\/\" \/>\n<meta property=\"og:locale\" content=\"de_DE\" \/>\n<meta property=\"og:type\" content=\"article\" \/>\n<meta property=\"og:title\" content=\"Die Geschichte des hl. Johannes dem T\u00e4ufer - Holyart.de Blog\" \/>\n<meta property=\"og:description\" content=\"Johannes der T\u00e4ufer ist eine der wichtigsten Pers\u00f6nlichkeiten nicht nur f\u00fcr die katholische Kirche, sondern auch f\u00fcr den Christentum im Allgemeinen\" \/>\n<meta property=\"og:url\" content=\"https:\/\/blog.holyart.it\/de\/heilige-und-selige\/die-geschichte-des-hl-johannes-dem-taufer\/\" \/>\n<meta property=\"og:site_name\" content=\"Holyart.de Blog\" \/>\n<meta property=\"article:published_time\" content=\"2017-02-03T15:12:45+00:00\" \/>\n<meta property=\"og:image\" content=\"https:\/\/blog.holyart.it\/de\/wp-content\/uploads\/sites\/12\/2017\/01\/Statuen-wird-Johannes-der-T\u00e4ufer.jpg\" \/>\n\t<meta property=\"og:image:width\" content=\"1000\" \/>\n\t<meta property=\"og:image:height\" content=\"665\" \/>\n\t<meta property=\"og:image:type\" content=\"image\/jpeg\" \/>\n<meta name=\"author\" content=\"Redazione\" \/>\n<meta name=\"twitter:card\" content=\"summary_large_image\" \/>\n<meta name=\"twitter:label1\" content=\"Verfasst von\" \/>\n\t<meta name=\"twitter:data1\" content=\"Redazione\" \/>\n\t<meta name=\"twitter:label2\" content=\"Gesch\u00e4tzte Lesezeit\" \/>\n\t<meta name=\"twitter:data2\" content=\"2\u00a0Minuten\" \/>\n<script type=\"application\/ld+json\" class=\"yoast-schema-graph\">{\"@context\":\"https:\/\/schema.org\",\"@graph\":[{\"@type\":\"Article\",\"@id\":\"https:\/\/blog.holyart.it\/de\/heilige-und-selige\/die-geschichte-des-hl-johannes-dem-taufer\/#article\",\"isPartOf\":{\"@id\":\"https:\/\/blog.holyart.it\/de\/heilige-und-selige\/die-geschichte-des-hl-johannes-dem-taufer\/\"},\"author\":{\"name\":\"Redazione\",\"@id\":\"https:\/\/blog.holyart.it\/de\/#\/schema\/person\/0a7b686e5af0f856ec1e390dd0baecda\"},\"headline\":\"Die Geschichte des hl. Johannes dem T\u00e4ufer\",\"datePublished\":\"2017-02-03T15:12:45+00:00\",\"mainEntityOfPage\":{\"@id\":\"https:\/\/blog.holyart.it\/de\/heilige-und-selige\/die-geschichte-des-hl-johannes-dem-taufer\/\"},\"wordCount\":352,\"publisher\":{\"@id\":\"https:\/\/blog.holyart.it\/de\/#organization\"},\"image\":{\"@id\":\"https:\/\/blog.holyart.it\/de\/heilige-und-selige\/die-geschichte-des-hl-johannes-dem-taufer\/#primaryimage\"},\"thumbnailUrl\":\"https:\/\/blog.holyart.it\/de\/wp-content\/uploads\/sites\/12\/2017\/01\/Statuen-wird-Johannes-der-T\u00e4ufer.jpg\",\"articleSection\":[\"Heilige und Selige\"],\"inLanguage\":\"de\"},{\"@type\":\"WebPage\",\"@id\":\"https:\/\/blog.holyart.it\/de\/heilige-und-selige\/die-geschichte-des-hl-johannes-dem-taufer\/\",\"url\":\"https:\/\/blog.holyart.it\/de\/heilige-und-selige\/die-geschichte-des-hl-johannes-dem-taufer\/\",\"name\":\"Die Geschichte des hl. Johannes dem T\u00e4ufer - Holyart.de Blog\",\"isPartOf\":{\"@id\":\"https:\/\/blog.holyart.it\/de\/#website\"},\"primaryImageOfPage\":{\"@id\":\"https:\/\/blog.holyart.it\/de\/heilige-und-selige\/die-geschichte-des-hl-johannes-dem-taufer\/#primaryimage\"},\"image\":{\"@id\":\"https:\/\/blog.holyart.it\/de\/heilige-und-selige\/die-geschichte-des-hl-johannes-dem-taufer\/#primaryimage\"},\"thumbnailUrl\":\"https:\/\/blog.holyart.it\/de\/wp-content\/uploads\/sites\/12\/2017\/01\/Statuen-wird-Johannes-der-T\u00e4ufer.jpg\",\"datePublished\":\"2017-02-03T15:12:45+00:00\",\"description\":\"Johannes der T\u00e4ufer ist eine der wichtigsten Pers\u00f6nlichkeiten nicht nur f\u00fcr die katholische Kirche, sondern auch f\u00fcr den Christentum im Allgemeinen\",\"breadcrumb\":{\"@id\":\"https:\/\/blog.holyart.it\/de\/heilige-und-selige\/die-geschichte-des-hl-johannes-dem-taufer\/#breadcrumb\"},\"inLanguage\":\"de\",\"potentialAction\":[{\"@type\":\"ReadAction\",\"target\":[\"https:\/\/blog.holyart.it\/de\/heilige-und-selige\/die-geschichte-des-hl-johannes-dem-taufer\/\"]}]},{\"@type\":\"ImageObject\",\"inLanguage\":\"de\",\"@id\":\"https:\/\/blog.holyart.it\/de\/heilige-und-selige\/die-geschichte-des-hl-johannes-dem-taufer\/#primaryimage\",\"url\":\"https:\/\/blog.holyart.it\/de\/wp-content\/uploads\/sites\/12\/2017\/01\/Statuen-wird-Johannes-der-T\u00e4ufer.jpg\",\"contentUrl\":\"https:\/\/blog.holyart.it\/de\/wp-content\/uploads\/sites\/12\/2017\/01\/Statuen-wird-Johannes-der-T\u00e4ufer.jpg\",\"width\":1000,\"height\":665,\"caption\":\"Statuen wird Johannes der T\u00e4ufer\"},{\"@type\":\"BreadcrumbList\",\"@id\":\"https:\/\/blog.holyart.it\/de\/heilige-und-selige\/die-geschichte-des-hl-johannes-dem-taufer\/#breadcrumb\",\"itemListElement\":[{\"@type\":\"ListItem\",\"position\":1,\"name\":\"Homepage\",\"item\":\"https:\/\/blog.holyart.it\/de\/\"},{\"@type\":\"ListItem\",\"position\":2,\"name\":\"Heilige und Selige\",\"item\":\"https:\/\/blog.holyart.it\/de\/heilige-und-selige\/\"},{\"@type\":\"ListItem\",\"position\":3,\"name\":\"Die Geschichte des hl. Johannes dem T\u00e4ufer\"}]},{\"@type\":\"WebSite\",\"@id\":\"https:\/\/blog.holyart.it\/de\/#website\",\"url\":\"https:\/\/blog.holyart.it\/de\/\",\"name\":\"Holyart.de Blog\",\"description\":\"Holyblog\",\"publisher\":{\"@id\":\"https:\/\/blog.holyart.it\/de\/#organization\"},\"potentialAction\":[{\"@type\":\"SearchAction\",\"target\":{\"@type\":\"EntryPoint\",\"urlTemplate\":\"https:\/\/blog.holyart.it\/de\/?s={search_term_string}\"},\"query-input\":{\"@type\":\"PropertyValueSpecification\",\"valueRequired\":true,\"valueName\":\"search_term_string\"}}],\"inLanguage\":\"de\"},{\"@type\":\"Organization\",\"@id\":\"https:\/\/blog.holyart.it\/de\/#organization\",\"name\":\"Holyart.de Blog\",\"url\":\"https:\/\/blog.holyart.it\/de\/\",\"logo\":{\"@type\":\"ImageObject\",\"inLanguage\":\"de\",\"@id\":\"https:\/\/blog.holyart.it\/de\/#\/schema\/logo\/image\/\",\"url\":\"https:\/\/blog.holyart.it\/de\/wp-content\/uploads\/sites\/12\/2022\/12\/Holyart_Blog_Logo.jpg\",\"contentUrl\":\"https:\/\/blog.holyart.it\/de\/wp-content\/uploads\/sites\/12\/2022\/12\/Holyart_Blog_Logo.jpg\",\"width\":300,\"height\":50,\"caption\":\"Holyart.de Blog\"},\"image\":{\"@id\":\"https:\/\/blog.holyart.it\/de\/#\/schema\/logo\/image\/\"}},{\"@type\":\"Person\",\"@id\":\"https:\/\/blog.holyart.it\/de\/#\/schema\/person\/0a7b686e5af0f856ec1e390dd0baecda\",\"name\":\"Redazione\",\"image\":{\"@type\":\"ImageObject\",\"inLanguage\":\"de\",\"@id\":\"https:\/\/blog.holyart.it\/de\/#\/schema\/person\/image\/\",\"url\":\"https:\/\/secure.gravatar.com\/avatar\/f477da817f43e50d0af36abecd33e3edf826c68299714bdc1057dff3b113f516?s=96&d=mm&r=g\",\"contentUrl\":\"https:\/\/secure.gravatar.com\/avatar\/f477da817f43e50d0af36abecd33e3edf826c68299714bdc1057dff3b113f516?s=96&d=mm&r=g\",\"caption\":\"Redazione\"}}]}<\/script>\n<!-- \/ Yoast SEO plugin. -->","yoast_head_json":{"title":"Die Geschichte des hl. Johannes dem T\u00e4ufer - Holyart.de Blog","description":"Johannes der T\u00e4ufer ist eine der wichtigsten Pers\u00f6nlichkeiten nicht nur f\u00fcr die katholische Kirche, sondern auch f\u00fcr den Christentum im Allgemeinen","robots":{"index":"index","follow":"follow","max-snippet":"max-snippet:-1","max-image-preview":"max-image-preview:large","max-video-preview":"max-video-preview:-1"},"canonical":"https:\/\/blog.holyart.it\/de\/heilige-und-selige\/die-geschichte-des-hl-johannes-dem-taufer\/","og_locale":"de_DE","og_type":"article","og_title":"Die Geschichte des hl. Johannes dem T\u00e4ufer - Holyart.de Blog","og_description":"Johannes der T\u00e4ufer ist eine der wichtigsten Pers\u00f6nlichkeiten nicht nur f\u00fcr die katholische Kirche, sondern auch f\u00fcr den Christentum im Allgemeinen","og_url":"https:\/\/blog.holyart.it\/de\/heilige-und-selige\/die-geschichte-des-hl-johannes-dem-taufer\/","og_site_name":"Holyart.de Blog","article_published_time":"2017-02-03T15:12:45+00:00","og_image":[{"width":1000,"height":665,"url":"https:\/\/blog.holyart.it\/de\/wp-content\/uploads\/sites\/12\/2017\/01\/Statuen-wird-Johannes-der-T\u00e4ufer.jpg","type":"image\/jpeg"}],"author":"Redazione","twitter_card":"summary_large_image","twitter_misc":{"Verfasst von":"Redazione","Gesch\u00e4tzte Lesezeit":"2\u00a0Minuten"},"schema":{"@context":"https:\/\/schema.org","@graph":[{"@type":"Article","@id":"https:\/\/blog.holyart.it\/de\/heilige-und-selige\/die-geschichte-des-hl-johannes-dem-taufer\/#article","isPartOf":{"@id":"https:\/\/blog.holyart.it\/de\/heilige-und-selige\/die-geschichte-des-hl-johannes-dem-taufer\/"},"author":{"name":"Redazione","@id":"https:\/\/blog.holyart.it\/de\/#\/schema\/person\/0a7b686e5af0f856ec1e390dd0baecda"},"headline":"Die Geschichte des hl. Johannes dem T\u00e4ufer","datePublished":"2017-02-03T15:12:45+00:00","mainEntityOfPage":{"@id":"https:\/\/blog.holyart.it\/de\/heilige-und-selige\/die-geschichte-des-hl-johannes-dem-taufer\/"},"wordCount":352,"publisher":{"@id":"https:\/\/blog.holyart.it\/de\/#organization"},"image":{"@id":"https:\/\/blog.holyart.it\/de\/heilige-und-selige\/die-geschichte-des-hl-johannes-dem-taufer\/#primaryimage"},"thumbnailUrl":"https:\/\/blog.holyart.it\/de\/wp-content\/uploads\/sites\/12\/2017\/01\/Statuen-wird-Johannes-der-T\u00e4ufer.jpg","articleSection":["Heilige und Selige"],"inLanguage":"de"},{"@type":"WebPage","@id":"https:\/\/blog.holyart.it\/de\/heilige-und-selige\/die-geschichte-des-hl-johannes-dem-taufer\/","url":"https:\/\/blog.holyart.it\/de\/heilige-und-selige\/die-geschichte-des-hl-johannes-dem-taufer\/","name":"Die Geschichte des hl. Johannes dem T\u00e4ufer - Holyart.de Blog","isPartOf":{"@id":"https:\/\/blog.holyart.it\/de\/#website"},"primaryImageOfPage":{"@id":"https:\/\/blog.holyart.it\/de\/heilige-und-selige\/die-geschichte-des-hl-johannes-dem-taufer\/#primaryimage"},"image":{"@id":"https:\/\/blog.holyart.it\/de\/heilige-und-selige\/die-geschichte-des-hl-johannes-dem-taufer\/#primaryimage"},"thumbnailUrl":"https:\/\/blog.holyart.it\/de\/wp-content\/uploads\/sites\/12\/2017\/01\/Statuen-wird-Johannes-der-T\u00e4ufer.jpg","datePublished":"2017-02-03T15:12:45+00:00","description":"Johannes der T\u00e4ufer ist eine der wichtigsten Pers\u00f6nlichkeiten nicht nur f\u00fcr die katholische Kirche, sondern auch f\u00fcr den Christentum im Allgemeinen","breadcrumb":{"@id":"https:\/\/blog.holyart.it\/de\/heilige-und-selige\/die-geschichte-des-hl-johannes-dem-taufer\/#breadcrumb"},"inLanguage":"de","potentialAction":[{"@type":"ReadAction","target":["https:\/\/blog.holyart.it\/de\/heilige-und-selige\/die-geschichte-des-hl-johannes-dem-taufer\/"]}]},{"@type":"ImageObject","inLanguage":"de","@id":"https:\/\/blog.holyart.it\/de\/heilige-und-selige\/die-geschichte-des-hl-johannes-dem-taufer\/#primaryimage","url":"https:\/\/blog.holyart.it\/de\/wp-content\/uploads\/sites\/12\/2017\/01\/Statuen-wird-Johannes-der-T\u00e4ufer.jpg","contentUrl":"https:\/\/blog.holyart.it\/de\/wp-content\/uploads\/sites\/12\/2017\/01\/Statuen-wird-Johannes-der-T\u00e4ufer.jpg","width":1000,"height":665,"caption":"Statuen wird Johannes der T\u00e4ufer"},{"@type":"BreadcrumbList","@id":"https:\/\/blog.holyart.it\/de\/heilige-und-selige\/die-geschichte-des-hl-johannes-dem-taufer\/#breadcrumb","itemListElement":[{"@type":"ListItem","position":1,"name":"Homepage","item":"https:\/\/blog.holyart.it\/de\/"},{"@type":"ListItem","position":2,"name":"Heilige und Selige","item":"https:\/\/blog.holyart.it\/de\/heilige-und-selige\/"},{"@type":"ListItem","position":3,"name":"Die Geschichte des hl. Johannes dem T\u00e4ufer"}]},{"@type":"WebSite","@id":"https:\/\/blog.holyart.it\/de\/#website","url":"https:\/\/blog.holyart.it\/de\/","name":"Holyart.de Blog","description":"Holyblog","publisher":{"@id":"https:\/\/blog.holyart.it\/de\/#organization"},"potentialAction":[{"@type":"SearchAction","target":{"@type":"EntryPoint","urlTemplate":"https:\/\/blog.holyart.it\/de\/?s={search_term_string}"},"query-input":{"@type":"PropertyValueSpecification","valueRequired":true,"valueName":"search_term_string"}}],"inLanguage":"de"},{"@type":"Organization","@id":"https:\/\/blog.holyart.it\/de\/#organization","name":"Holyart.de Blog","url":"https:\/\/blog.holyart.it\/de\/","logo":{"@type":"ImageObject","inLanguage":"de","@id":"https:\/\/blog.holyart.it\/de\/#\/schema\/logo\/image\/","url":"https:\/\/blog.holyart.it\/de\/wp-content\/uploads\/sites\/12\/2022\/12\/Holyart_Blog_Logo.jpg","contentUrl":"https:\/\/blog.holyart.it\/de\/wp-content\/uploads\/sites\/12\/2022\/12\/Holyart_Blog_Logo.jpg","width":300,"height":50,"caption":"Holyart.de Blog"},"image":{"@id":"https:\/\/blog.holyart.it\/de\/#\/schema\/logo\/image\/"}},{"@type":"Person","@id":"https:\/\/blog.holyart.it\/de\/#\/schema\/person\/0a7b686e5af0f856ec1e390dd0baecda","name":"Redazione","image":{"@type":"ImageObject","inLanguage":"de","@id":"https:\/\/blog.holyart.it\/de\/#\/schema\/person\/image\/","url":"https:\/\/secure.gravatar.com\/avatar\/f477da817f43e50d0af36abecd33e3edf826c68299714bdc1057dff3b113f516?s=96&d=mm&r=g","contentUrl":"https:\/\/secure.gravatar.com\/avatar\/f477da817f43e50d0af36abecd33e3edf826c68299714bdc1057dff3b113f516?s=96&d=mm&r=g","caption":"Redazione"}}]}},"_links":{"self":[{"href":"https:\/\/blog.holyart.it\/de\/wp-json\/wp\/v2\/posts\/267","targetHints":{"allow":["GET"]}}],"collection":[{"href":"https:\/\/blog.holyart.it\/de\/wp-json\/wp\/v2\/posts"}],"about":[{"href":"https:\/\/blog.holyart.it\/de\/wp-json\/wp\/v2\/types\/post"}],"author":[{"embeddable":true,"href":"https:\/\/blog.holyart.it\/de\/wp-json\/wp\/v2\/users\/1"}],"replies":[{"embeddable":true,"href":"https:\/\/blog.holyart.it\/de\/wp-json\/wp\/v2\/comments?post=267"}],"version-history":[{"count":0,"href":"https:\/\/blog.holyart.it\/de\/wp-json\/wp\/v2\/posts\/267\/revisions"}],"wp:featuredmedia":[{"embeddable":true,"href":"https:\/\/blog.holyart.it\/de\/wp-json\/wp\/v2\/media\/268"}],"wp:attachment":[{"href":"https:\/\/blog.holyart.it\/de\/wp-json\/wp\/v2\/media?parent=267"}],"wp:term":[{"taxonomy":"category","embeddable":true,"href":"https:\/\/blog.holyart.it\/de\/wp-json\/wp\/v2\/categories?post=267"},{"taxonomy":"post_tag","embeddable":true,"href":"https:\/\/blog.holyart.it\/de\/wp-json\/wp\/v2\/tags?post=267"}],"curies":[{"name":"wp","href":"https:\/\/api.w.org\/{rel}","templated":true}]}}