{"id":261,"date":"2017-02-01T16:00:39","date_gmt":"2017-02-01T15:00:39","guid":{"rendered":"https:\/\/blog.holyart.it\/de\/?p=261"},"modified":"2017-01-27T16:13:53","modified_gmt":"2017-01-27T15:13:53","slug":"der-wert-des-bischofsstabes-als-katholischer-symbol","status":"publish","type":"post","link":"https:\/\/blog.holyart.it\/de\/liturgische-gerate\/der-wert-des-bischofsstabes-als-katholischer-symbol\/","title":{"rendered":"Der Wert des Bischofsstabes als katholischer Symbol"},"content":{"rendered":"<p>Der <strong>Bischofsstab<\/strong> ist ein Symbol f\u00fcr geistliche Macht, der meistens die Rolle des Bischofes oder des Abtes bestimmt. Es handelt sich dabei um einen langen Schaft, dessen <strong>Ende<\/strong> <strong>gekr\u00fcmmt <\/strong>ist oder an dem eine Spirale anschlie\u00dfend durch einem Band und einem Knoten am Stab festgebunden wird.<\/p>\n<p>Auch wenn der <strong>Bischofsstab<\/strong> ein Zepter, ein Objekt von Feierlichkeit f\u00fcr die Amtseinf\u00fchrung symbolisiert, ist seine Herkunft doch sehr bodenst\u00e4ndig. Seine Bezeichnung kommt vom lat. \u201abaculus pastoralis\u2018, der <strong>Hirtenstab<\/strong> (oder die Weidenrute). Dank des gekr\u00fcmmten Endes, konnte der Hirte die Tiere greifen, ohne sie damit zu verletzen. Es handelt sich somit um einen <strong>symbolischen Stab<\/strong>: seine Geradlinigkeit erinnert an die gute geistliche Regierung, <strong>am Wille die Herde von Gl\u00e4ubigen zur Erl\u00f6sung zu f\u00fchren<\/strong>. Die Spitze soll dazu dienen die Faulen und die Unbu\u00dffertigen anzutreiben; die Kr\u00fcmmung die bereuende S\u00fcnder und die Verlorenen anzulocken.<\/p>\n<p>Der <strong>Bischofsstab <\/strong>greift also an der evangelischen Symbolik von <strong>Jesus als \u201aGuter Hirte\u2018<\/strong> zur\u00fcck. Indem der Bischof den Bischofsstab bei dem Weihungsritual w\u00e4hrend der Amtseinf\u00fchrung in seiner Hand h\u00e4lt, akzeptiert er die Rolle als Wegweiser und Besch\u00fctzer der christlichen Bev\u00f6lkerung.<\/p>\n<p>Die<span style=\"color: #0000ff;\"><strong> <a style=\"color: #0000ff;\" href=\"http:\/\/www.holyart.de\/liturgische-gerate\/bischofsausstattung\">Bischofsst\u00e4be<\/a> <\/strong><\/span>haben im Laufe der Jahrzehnte eine unvermeidliche artistische Entwicklung durchgelebt. Sein gekr\u00fcmmtes Ende der anfangs einfach und schmucklos war, wurde immer spiralf\u00f6rmiger und mit Gravierungen, Lack, Intarsien und auch wertvollen Steinen oder Kristallen beschm\u00fcckt. Die<strong> Bischofsst\u00e4be <\/strong>werden aus Materialen wie <strong>Holz, Elfenbein, Knochen, Bronze, goldenes Kupfer, Silber oder Filigran <\/strong>hergestellt<strong>.<\/strong><\/p>\n<p>Der Bischof verwendet den Bischofsstab w\u00e4hrend der heiligen Messen bei besonderen Anl\u00e4ssen, vor allem bei der Eingangsprozession, bei der Ausrufung des Evangeliums, bei der Homelie, bei der Verwaltung der Sakramente, bei der Schlusssegnung und bei der Abschiedsprozession.<\/p>\n<p>Der Bischof kann den <strong>Bischofsstab<\/strong> nur innerhalb der eingenen Di\u00f6zese verwenden, denn es symbolisiert die starke Verbindung zwischen Hirte und seine Herde und gilt f\u00fcr den Priester nicht als allgemeine Amtseinf\u00fchrung.<\/p>\n","protected":false},"excerpt":{"rendered":"<p>Der Bischofsstab ist ein Symbol f\u00fcr geistliche Macht, der meistens die Rolle des Bischofes oder des Abtes bestimmt. Es handelt sich dabei um einen langen Schaft, dessen Ende gekr\u00fcmmt ist oder an dem eine Spirale anschlie\u00dfend durch einem Band und einem Knoten am Stab festgebunden&hellip;<\/p>\n","protected":false},"author":1,"featured_media":263,"comment_status":"closed","ping_status":"open","sticky":false,"template":"","format":"standard","meta":{"_acf_changed":false,"footnotes":""},"categories":[5],"tags":[],"class_list":["post-261","post","type-post","status-publish","format-standard","has-post-thumbnail","hentry","category-liturgische-gerate"],"acf":[],"yoast_head":"<!-- This site is optimized with the Yoast SEO plugin v26.6 - https:\/\/yoast.com\/wordpress\/plugins\/seo\/ -->\n<title>Der Wert des Bischofsstabes als katholischer Symbol<\/title>\n<meta name=\"description\" content=\"Der Bischofsstab ist ein Symbol f\u00fcr geistliche Macht, die Rolle des Bischofes. Es handelt sich dabei um einen langen Schaft, dessen Ende gekr\u00fcmmt\" \/>\n<meta name=\"robots\" content=\"index, follow, max-snippet:-1, max-image-preview:large, max-video-preview:-1\" \/>\n<link rel=\"canonical\" href=\"https:\/\/blog.holyart.it\/de\/liturgische-gerate\/der-wert-des-bischofsstabes-als-katholischer-symbol\/\" \/>\n<meta property=\"og:locale\" content=\"de_DE\" \/>\n<meta property=\"og:type\" content=\"article\" \/>\n<meta property=\"og:title\" content=\"Der Wert des Bischofsstabes als katholischer Symbol\" \/>\n<meta property=\"og:description\" content=\"Der Bischofsstab ist ein Symbol f\u00fcr geistliche Macht, die Rolle des Bischofes. Es handelt sich dabei um einen langen Schaft, dessen Ende gekr\u00fcmmt\" \/>\n<meta property=\"og:url\" content=\"https:\/\/blog.holyart.it\/de\/liturgische-gerate\/der-wert-des-bischofsstabes-als-katholischer-symbol\/\" \/>\n<meta property=\"og:site_name\" content=\"Holyart.de Blog\" \/>\n<meta property=\"article:published_time\" content=\"2017-02-01T15:00:39+00:00\" \/>\n<meta property=\"og:image\" content=\"https:\/\/blog.holyart.it\/de\/wp-content\/uploads\/sites\/12\/2017\/01\/Bischofsst\u00e4be.jpg\" \/>\n\t<meta property=\"og:image:width\" content=\"1000\" \/>\n\t<meta property=\"og:image:height\" content=\"666\" \/>\n\t<meta property=\"og:image:type\" content=\"image\/jpeg\" \/>\n<meta name=\"author\" content=\"Redazione\" \/>\n<meta name=\"twitter:card\" content=\"summary_large_image\" \/>\n<meta name=\"twitter:label1\" content=\"Verfasst von\" \/>\n\t<meta name=\"twitter:data1\" content=\"Redazione\" \/>\n\t<meta name=\"twitter:label2\" content=\"Gesch\u00e4tzte Lesezeit\" \/>\n\t<meta name=\"twitter:data2\" content=\"2\u00a0Minuten\" \/>\n<script type=\"application\/ld+json\" class=\"yoast-schema-graph\">{\"@context\":\"https:\/\/schema.org\",\"@graph\":[{\"@type\":\"Article\",\"@id\":\"https:\/\/blog.holyart.it\/de\/liturgische-gerate\/der-wert-des-bischofsstabes-als-katholischer-symbol\/#article\",\"isPartOf\":{\"@id\":\"https:\/\/blog.holyart.it\/de\/liturgische-gerate\/der-wert-des-bischofsstabes-als-katholischer-symbol\/\"},\"author\":{\"name\":\"Redazione\",\"@id\":\"https:\/\/blog.holyart.it\/de\/#\/schema\/person\/0a7b686e5af0f856ec1e390dd0baecda\"},\"headline\":\"Der Wert des Bischofsstabes als katholischer Symbol\",\"datePublished\":\"2017-02-01T15:00:39+00:00\",\"mainEntityOfPage\":{\"@id\":\"https:\/\/blog.holyart.it\/de\/liturgische-gerate\/der-wert-des-bischofsstabes-als-katholischer-symbol\/\"},\"wordCount\":335,\"publisher\":{\"@id\":\"https:\/\/blog.holyart.it\/de\/#organization\"},\"image\":{\"@id\":\"https:\/\/blog.holyart.it\/de\/liturgische-gerate\/der-wert-des-bischofsstabes-als-katholischer-symbol\/#primaryimage\"},\"thumbnailUrl\":\"https:\/\/blog.holyart.it\/de\/wp-content\/uploads\/sites\/12\/2017\/01\/Bischofsst\u00e4be.jpg\",\"articleSection\":[\"Liturgie\"],\"inLanguage\":\"de\"},{\"@type\":\"WebPage\",\"@id\":\"https:\/\/blog.holyart.it\/de\/liturgische-gerate\/der-wert-des-bischofsstabes-als-katholischer-symbol\/\",\"url\":\"https:\/\/blog.holyart.it\/de\/liturgische-gerate\/der-wert-des-bischofsstabes-als-katholischer-symbol\/\",\"name\":\"Der Wert des Bischofsstabes als katholischer Symbol\",\"isPartOf\":{\"@id\":\"https:\/\/blog.holyart.it\/de\/#website\"},\"primaryImageOfPage\":{\"@id\":\"https:\/\/blog.holyart.it\/de\/liturgische-gerate\/der-wert-des-bischofsstabes-als-katholischer-symbol\/#primaryimage\"},\"image\":{\"@id\":\"https:\/\/blog.holyart.it\/de\/liturgische-gerate\/der-wert-des-bischofsstabes-als-katholischer-symbol\/#primaryimage\"},\"thumbnailUrl\":\"https:\/\/blog.holyart.it\/de\/wp-content\/uploads\/sites\/12\/2017\/01\/Bischofsst\u00e4be.jpg\",\"datePublished\":\"2017-02-01T15:00:39+00:00\",\"description\":\"Der Bischofsstab ist ein Symbol f\u00fcr geistliche Macht, die Rolle des Bischofes. Es handelt sich dabei um einen langen Schaft, dessen Ende gekr\u00fcmmt\",\"breadcrumb\":{\"@id\":\"https:\/\/blog.holyart.it\/de\/liturgische-gerate\/der-wert-des-bischofsstabes-als-katholischer-symbol\/#breadcrumb\"},\"inLanguage\":\"de\",\"potentialAction\":[{\"@type\":\"ReadAction\",\"target\":[\"https:\/\/blog.holyart.it\/de\/liturgische-gerate\/der-wert-des-bischofsstabes-als-katholischer-symbol\/\"]}]},{\"@type\":\"ImageObject\",\"inLanguage\":\"de\",\"@id\":\"https:\/\/blog.holyart.it\/de\/liturgische-gerate\/der-wert-des-bischofsstabes-als-katholischer-symbol\/#primaryimage\",\"url\":\"https:\/\/blog.holyart.it\/de\/wp-content\/uploads\/sites\/12\/2017\/01\/Bischofsst\u00e4be.jpg\",\"contentUrl\":\"https:\/\/blog.holyart.it\/de\/wp-content\/uploads\/sites\/12\/2017\/01\/Bischofsst\u00e4be.jpg\",\"width\":1000,\"height\":666,\"caption\":\"Bischofsst\u00e4be\"},{\"@type\":\"BreadcrumbList\",\"@id\":\"https:\/\/blog.holyart.it\/de\/liturgische-gerate\/der-wert-des-bischofsstabes-als-katholischer-symbol\/#breadcrumb\",\"itemListElement\":[{\"@type\":\"ListItem\",\"position\":1,\"name\":\"Homepage\",\"item\":\"https:\/\/blog.holyart.it\/de\/\"},{\"@type\":\"ListItem\",\"position\":2,\"name\":\"Liturgie\",\"item\":\"https:\/\/blog.holyart.it\/de\/liturgische-gerate\/\"},{\"@type\":\"ListItem\",\"position\":3,\"name\":\"Der Wert des Bischofsstabes als katholischer Symbol\"}]},{\"@type\":\"WebSite\",\"@id\":\"https:\/\/blog.holyart.it\/de\/#website\",\"url\":\"https:\/\/blog.holyart.it\/de\/\",\"name\":\"Holyart.de Blog\",\"description\":\"Holyblog\",\"publisher\":{\"@id\":\"https:\/\/blog.holyart.it\/de\/#organization\"},\"potentialAction\":[{\"@type\":\"SearchAction\",\"target\":{\"@type\":\"EntryPoint\",\"urlTemplate\":\"https:\/\/blog.holyart.it\/de\/?s={search_term_string}\"},\"query-input\":{\"@type\":\"PropertyValueSpecification\",\"valueRequired\":true,\"valueName\":\"search_term_string\"}}],\"inLanguage\":\"de\"},{\"@type\":\"Organization\",\"@id\":\"https:\/\/blog.holyart.it\/de\/#organization\",\"name\":\"Holyart.de Blog\",\"url\":\"https:\/\/blog.holyart.it\/de\/\",\"logo\":{\"@type\":\"ImageObject\",\"inLanguage\":\"de\",\"@id\":\"https:\/\/blog.holyart.it\/de\/#\/schema\/logo\/image\/\",\"url\":\"https:\/\/blog.holyart.it\/de\/wp-content\/uploads\/sites\/12\/2022\/12\/Holyart_Blog_Logo.jpg\",\"contentUrl\":\"https:\/\/blog.holyart.it\/de\/wp-content\/uploads\/sites\/12\/2022\/12\/Holyart_Blog_Logo.jpg\",\"width\":300,\"height\":50,\"caption\":\"Holyart.de Blog\"},\"image\":{\"@id\":\"https:\/\/blog.holyart.it\/de\/#\/schema\/logo\/image\/\"}},{\"@type\":\"Person\",\"@id\":\"https:\/\/blog.holyart.it\/de\/#\/schema\/person\/0a7b686e5af0f856ec1e390dd0baecda\",\"name\":\"Redazione\",\"image\":{\"@type\":\"ImageObject\",\"inLanguage\":\"de\",\"@id\":\"https:\/\/blog.holyart.it\/de\/#\/schema\/person\/image\/\",\"url\":\"https:\/\/secure.gravatar.com\/avatar\/f477da817f43e50d0af36abecd33e3edf826c68299714bdc1057dff3b113f516?s=96&d=mm&r=g\",\"contentUrl\":\"https:\/\/secure.gravatar.com\/avatar\/f477da817f43e50d0af36abecd33e3edf826c68299714bdc1057dff3b113f516?s=96&d=mm&r=g\",\"caption\":\"Redazione\"}}]}<\/script>\n<!-- \/ Yoast SEO plugin. -->","yoast_head_json":{"title":"Der Wert des Bischofsstabes als katholischer Symbol","description":"Der Bischofsstab ist ein Symbol f\u00fcr geistliche Macht, die Rolle des Bischofes. Es handelt sich dabei um einen langen Schaft, dessen Ende gekr\u00fcmmt","robots":{"index":"index","follow":"follow","max-snippet":"max-snippet:-1","max-image-preview":"max-image-preview:large","max-video-preview":"max-video-preview:-1"},"canonical":"https:\/\/blog.holyart.it\/de\/liturgische-gerate\/der-wert-des-bischofsstabes-als-katholischer-symbol\/","og_locale":"de_DE","og_type":"article","og_title":"Der Wert des Bischofsstabes als katholischer Symbol","og_description":"Der Bischofsstab ist ein Symbol f\u00fcr geistliche Macht, die Rolle des Bischofes. Es handelt sich dabei um einen langen Schaft, dessen Ende gekr\u00fcmmt","og_url":"https:\/\/blog.holyart.it\/de\/liturgische-gerate\/der-wert-des-bischofsstabes-als-katholischer-symbol\/","og_site_name":"Holyart.de Blog","article_published_time":"2017-02-01T15:00:39+00:00","og_image":[{"width":1000,"height":666,"url":"https:\/\/blog.holyart.it\/de\/wp-content\/uploads\/sites\/12\/2017\/01\/Bischofsst\u00e4be.jpg","type":"image\/jpeg"}],"author":"Redazione","twitter_card":"summary_large_image","twitter_misc":{"Verfasst von":"Redazione","Gesch\u00e4tzte Lesezeit":"2\u00a0Minuten"},"schema":{"@context":"https:\/\/schema.org","@graph":[{"@type":"Article","@id":"https:\/\/blog.holyart.it\/de\/liturgische-gerate\/der-wert-des-bischofsstabes-als-katholischer-symbol\/#article","isPartOf":{"@id":"https:\/\/blog.holyart.it\/de\/liturgische-gerate\/der-wert-des-bischofsstabes-als-katholischer-symbol\/"},"author":{"name":"Redazione","@id":"https:\/\/blog.holyart.it\/de\/#\/schema\/person\/0a7b686e5af0f856ec1e390dd0baecda"},"headline":"Der Wert des Bischofsstabes als katholischer Symbol","datePublished":"2017-02-01T15:00:39+00:00","mainEntityOfPage":{"@id":"https:\/\/blog.holyart.it\/de\/liturgische-gerate\/der-wert-des-bischofsstabes-als-katholischer-symbol\/"},"wordCount":335,"publisher":{"@id":"https:\/\/blog.holyart.it\/de\/#organization"},"image":{"@id":"https:\/\/blog.holyart.it\/de\/liturgische-gerate\/der-wert-des-bischofsstabes-als-katholischer-symbol\/#primaryimage"},"thumbnailUrl":"https:\/\/blog.holyart.it\/de\/wp-content\/uploads\/sites\/12\/2017\/01\/Bischofsst\u00e4be.jpg","articleSection":["Liturgie"],"inLanguage":"de"},{"@type":"WebPage","@id":"https:\/\/blog.holyart.it\/de\/liturgische-gerate\/der-wert-des-bischofsstabes-als-katholischer-symbol\/","url":"https:\/\/blog.holyart.it\/de\/liturgische-gerate\/der-wert-des-bischofsstabes-als-katholischer-symbol\/","name":"Der Wert des Bischofsstabes als katholischer Symbol","isPartOf":{"@id":"https:\/\/blog.holyart.it\/de\/#website"},"primaryImageOfPage":{"@id":"https:\/\/blog.holyart.it\/de\/liturgische-gerate\/der-wert-des-bischofsstabes-als-katholischer-symbol\/#primaryimage"},"image":{"@id":"https:\/\/blog.holyart.it\/de\/liturgische-gerate\/der-wert-des-bischofsstabes-als-katholischer-symbol\/#primaryimage"},"thumbnailUrl":"https:\/\/blog.holyart.it\/de\/wp-content\/uploads\/sites\/12\/2017\/01\/Bischofsst\u00e4be.jpg","datePublished":"2017-02-01T15:00:39+00:00","description":"Der Bischofsstab ist ein Symbol f\u00fcr geistliche Macht, die Rolle des Bischofes. Es handelt sich dabei um einen langen Schaft, dessen Ende gekr\u00fcmmt","breadcrumb":{"@id":"https:\/\/blog.holyart.it\/de\/liturgische-gerate\/der-wert-des-bischofsstabes-als-katholischer-symbol\/#breadcrumb"},"inLanguage":"de","potentialAction":[{"@type":"ReadAction","target":["https:\/\/blog.holyart.it\/de\/liturgische-gerate\/der-wert-des-bischofsstabes-als-katholischer-symbol\/"]}]},{"@type":"ImageObject","inLanguage":"de","@id":"https:\/\/blog.holyart.it\/de\/liturgische-gerate\/der-wert-des-bischofsstabes-als-katholischer-symbol\/#primaryimage","url":"https:\/\/blog.holyart.it\/de\/wp-content\/uploads\/sites\/12\/2017\/01\/Bischofsst\u00e4be.jpg","contentUrl":"https:\/\/blog.holyart.it\/de\/wp-content\/uploads\/sites\/12\/2017\/01\/Bischofsst\u00e4be.jpg","width":1000,"height":666,"caption":"Bischofsst\u00e4be"},{"@type":"BreadcrumbList","@id":"https:\/\/blog.holyart.it\/de\/liturgische-gerate\/der-wert-des-bischofsstabes-als-katholischer-symbol\/#breadcrumb","itemListElement":[{"@type":"ListItem","position":1,"name":"Homepage","item":"https:\/\/blog.holyart.it\/de\/"},{"@type":"ListItem","position":2,"name":"Liturgie","item":"https:\/\/blog.holyart.it\/de\/liturgische-gerate\/"},{"@type":"ListItem","position":3,"name":"Der Wert des Bischofsstabes als katholischer Symbol"}]},{"@type":"WebSite","@id":"https:\/\/blog.holyart.it\/de\/#website","url":"https:\/\/blog.holyart.it\/de\/","name":"Holyart.de Blog","description":"Holyblog","publisher":{"@id":"https:\/\/blog.holyart.it\/de\/#organization"},"potentialAction":[{"@type":"SearchAction","target":{"@type":"EntryPoint","urlTemplate":"https:\/\/blog.holyart.it\/de\/?s={search_term_string}"},"query-input":{"@type":"PropertyValueSpecification","valueRequired":true,"valueName":"search_term_string"}}],"inLanguage":"de"},{"@type":"Organization","@id":"https:\/\/blog.holyart.it\/de\/#organization","name":"Holyart.de Blog","url":"https:\/\/blog.holyart.it\/de\/","logo":{"@type":"ImageObject","inLanguage":"de","@id":"https:\/\/blog.holyart.it\/de\/#\/schema\/logo\/image\/","url":"https:\/\/blog.holyart.it\/de\/wp-content\/uploads\/sites\/12\/2022\/12\/Holyart_Blog_Logo.jpg","contentUrl":"https:\/\/blog.holyart.it\/de\/wp-content\/uploads\/sites\/12\/2022\/12\/Holyart_Blog_Logo.jpg","width":300,"height":50,"caption":"Holyart.de Blog"},"image":{"@id":"https:\/\/blog.holyart.it\/de\/#\/schema\/logo\/image\/"}},{"@type":"Person","@id":"https:\/\/blog.holyart.it\/de\/#\/schema\/person\/0a7b686e5af0f856ec1e390dd0baecda","name":"Redazione","image":{"@type":"ImageObject","inLanguage":"de","@id":"https:\/\/blog.holyart.it\/de\/#\/schema\/person\/image\/","url":"https:\/\/secure.gravatar.com\/avatar\/f477da817f43e50d0af36abecd33e3edf826c68299714bdc1057dff3b113f516?s=96&d=mm&r=g","contentUrl":"https:\/\/secure.gravatar.com\/avatar\/f477da817f43e50d0af36abecd33e3edf826c68299714bdc1057dff3b113f516?s=96&d=mm&r=g","caption":"Redazione"}}]}},"_links":{"self":[{"href":"https:\/\/blog.holyart.it\/de\/wp-json\/wp\/v2\/posts\/261","targetHints":{"allow":["GET"]}}],"collection":[{"href":"https:\/\/blog.holyart.it\/de\/wp-json\/wp\/v2\/posts"}],"about":[{"href":"https:\/\/blog.holyart.it\/de\/wp-json\/wp\/v2\/types\/post"}],"author":[{"embeddable":true,"href":"https:\/\/blog.holyart.it\/de\/wp-json\/wp\/v2\/users\/1"}],"replies":[{"embeddable":true,"href":"https:\/\/blog.holyart.it\/de\/wp-json\/wp\/v2\/comments?post=261"}],"version-history":[{"count":0,"href":"https:\/\/blog.holyart.it\/de\/wp-json\/wp\/v2\/posts\/261\/revisions"}],"wp:featuredmedia":[{"embeddable":true,"href":"https:\/\/blog.holyart.it\/de\/wp-json\/wp\/v2\/media\/263"}],"wp:attachment":[{"href":"https:\/\/blog.holyart.it\/de\/wp-json\/wp\/v2\/media?parent=261"}],"wp:term":[{"taxonomy":"category","embeddable":true,"href":"https:\/\/blog.holyart.it\/de\/wp-json\/wp\/v2\/categories?post=261"},{"taxonomy":"post_tag","embeddable":true,"href":"https:\/\/blog.holyart.it\/de\/wp-json\/wp\/v2\/tags?post=261"}],"curies":[{"name":"wp","href":"https:\/\/api.w.org\/{rel}","templated":true}]}}