{"id":2584,"date":"2023-06-20T10:00:13","date_gmt":"2023-06-20T08:00:13","guid":{"rendered":"https:\/\/blog.holyart.it\/de\/?p=2584"},"modified":"2023-10-03T12:47:14","modified_gmt":"2023-10-03T10:47:14","slug":"die-schutzheiligen-europas-jedes-land-hat-einen-schutzpatron","status":"publish","type":"post","link":"https:\/\/blog.holyart.it\/de\/heilige-und-selige\/die-schutzheiligen-europas-jedes-land-hat-einen-schutzpatron\/","title":{"rendered":"Die Schutzheiligen Europas: Jedes Land hat einen Schutzpatron"},"content":{"rendered":"<h4>Jedes Land hat seinen Schutzpatron: In diesem Artikel erfahren Sie alles \u00fcber die Schutzpatrone in Europa!<\/h4>\n\n<p><em>Wenn du in Rom bist, mach es wie die Heiligen<\/em>. Wenn Sie die Geschichte Europas und seiner L\u00e4nder kennen, werden Sie feststellen, dass viele Ver\u00e4nderungen und wichtige Abschnitte der europ\u00e4ischen Geschichte mit bestimmten Heiligen verbunden sind. Viele von ihnen haben w\u00e4hrend und nach ihrem Leben dazu beigetragen, nicht nur die Kirche, sondern auch die Welt zu ver\u00e4ndern &#8211;<a href=\"https:\/\/www.holyart.de\/blog\/devotionalien\/heilige-maertyrer-das-eigene-leben-im-namen-gottes-opfern\/\"><strong> in einem unserer Artikel haben wir einige dieser Pers\u00f6nlichkeiten vorgestellt<\/strong><\/a>. Im Laufe der Geschichte wurden Europa und seine Staaten durch den Beitrag der P\u00e4pste und die Verehrung der Menschen dem Schutz einiger besonderer Heiliger anvertraut. Hier sind die <strong>Schutzheiligen Europas<\/strong> als Kontinent und einiger seiner Staaten.<\/p>\n<h2>Die Schutzheiligen von Europa<\/h2>\n<p>Europa als Kontinent ist mehreren Schutzheiligen anvertraut. Einer von ihnen ist der<a href=\"https:\/\/www.holyart.de\/blog\/heilige-und-selige\/hheiligen-benedikts-aus-nursia\/\"><strong> heilige Benedikt von Norcia<\/strong><\/a>, der 1964 von Papst Paul VI. zum <a href=\"https:\/\/www.holyart.de\/devotionalien\/kruzifixe-und-kreuze\/benediktuskreuze-und-medaillen?page=1\"><strong>Schutzpatron Europas<\/strong><\/a> ernannt wurde. Der heilige Benedikt hat mit der <a href=\"https:\/\/www.holyart.de\/blog\/heilige-und-selige\/der-kamaldulenser-orden\/\"><strong>Gr\u00fcndung des Benediktinerordens<\/strong><\/a> einen gro\u00dfen Beitrag zur Entwicklung Europas und vieler seiner L\u00e4nder geleistet.<\/p>\n<div class=\"link-product\">\n<div class=\"blocco-immagine\"><img loading=\"lazy\" decoding=\"async\" class=\"size-full wp-image-2586 alignleft\" src=\"https:\/\/blog.holyart.it\/de\/wp-content\/uploads\/sites\/12\/2023\/06\/St.-Benedikt-Medaille.jpg\" alt=\"St. Benedikt-Medaille\" width=\"100\" height=\"100\" data-kale-share-title=\"Die Schutzheiligen Europas: Jedes Land hat einen Schutzpatron\" data-kale-share-url=\"https:\/\/blog.holyart.it\/de\/?p=2584\" \/><\/div>\n<div class=\"blocco-contenuto\">\n<div class=\"blocco-acquista\">Einkaufen:<\/div>\n<div class=\"blocco-titolo\"><a href=\"https:\/\/www.holyart.de\/devotionalien\/kruzifixe-und-kreuze\/benediktuskreuze-und-medaillen?page=1\">BENEDIKTUSKREUZE UND -MEDAILLEN<\/a><\/div>\n<div class=\"blocco-descrizione\">Hier finden Sie authentische Benediktuskreuze aus Metall, Olivenholz und anderen Holzarten.<\/div>\n<\/div>\n<\/div>\n<p>Zu den Schutzheiligen Europas geh\u00f6rt neben dem heiligen Benedikt auch die <a href=\"https:\/\/www.holyart.de\/devotionalien\/statuen\/statuen-aus-resin-und-pvc\/heilige-katarina-von-siena-40cm-aus-harz\"><strong>heilige Katharina von Siena<\/strong><\/a>, der Europa 1999 von Papst Johannes Paul II. anvertraut wurde.<\/p>\n<p>Die heilige <a href=\"https:\/\/www.holyart.de\/devotionalien\/rosenkranze-und-rosenkranzetuis\/besondere-rosenkranze\/andachtsrosenkranz-santa-brigida\"><strong>Brigitta von Schweden<\/strong><\/a> geh\u00f6rt ebenfalls zu den Schutzpatronen des europ\u00e4ischen Kontinents. Auch sie wurde 1999 zusammen mit der heiligen Katharina zur Co-Patronin Europas ernannt.<\/p>\n<p>Die anderen Schutzpatrone Europas sind Kyrill und Method, die Br\u00fcder, die die slawischen V\u00f6lker evangelisiert haben, und die heilige Teresa Benedicta vom Kreuz (Edith Stein).<\/p>\n<h2>Schutzheiligen Italiens: der heilige Franziskus und die heilige Katharina<\/h2>\n<p>Die Schutzheiligen Italiens sind <strong>der <a href=\"https:\/\/www.holyart.de\/devotionalien\/statuen\/statuen-aus-bemalten-holz\/hl.-franz-mit-tieren-grodnertal-holz\">Heilige Franz von Assisi<\/a> und die Heilige Katharina von Siena<\/strong>. Sie wurden 1939 von Papst Pius XI. zu Schutzheiligen Italiens ernannt. Der heilige Franziskus war ein Protagonist des gro\u00dfen Wandels in der Kirche und im Leben der Italiener, da er sich f\u00fcr den Dienst an der Kirche in Armut entschied. In der geschichtlichen Epoche, in der er lebte, war die Kirche reformbed\u00fcrftig, um ihren Lehren besser zu entsprechen und den Gl\u00e4ubigen n\u00e4her zu sein: Die Berufung des heiligen Franziskus und seine Hingabe an Christus bewirkten eine gro\u00dfe Erneuerung im Leben der Kirche.<\/p>\n<p>Die <strong>heilige Katharina von Siena<\/strong> war eine prominente Frau in der mittelalterlichen Gesellschaft und trug dazu bei, dass der Papst nach der Gefangenschaft von Avignon nach Rom zur\u00fcckkehrte. Sie wurde von Papst Urban VI. einberufen, was f\u00fcr eine Frau zu dieser Zeit nicht selbstverst\u00e4ndlich war, und zu Lebzeiten war sie unter Gelehrten, Politikern und prominenten Pers\u00f6nlichkeiten der europ\u00e4ischen Gesellschaft als wichtige Pers\u00f6nlichkeit anerkannt.<\/p>\n<div class=\"link-product\">\n<div class=\"blocco-immagine\"><img loading=\"lazy\" decoding=\"async\" class=\"size-full wp-image-2588 alignleft\" src=\"https:\/\/blog.holyart.it\/de\/wp-content\/uploads\/sites\/12\/2023\/06\/Heilige-Katarina-von-Siena.jpg\" alt=\"Heilige Katarina von Siena \" width=\"100\" height=\"100\" data-kale-share-title=\"Die Schutzheiligen Europas: Jedes Land hat einen Schutzpatron\" data-kale-share-url=\"https:\/\/blog.holyart.it\/de\/?p=2584\" \/><\/div>\n<div class=\"blocco-contenuto\">\n<div class=\"blocco-acquista\">Einkaufen:<\/div>\n<div class=\"blocco-titolo\"><a href=\"https:\/\/www.holyart.de\/devotionalien\/statuen\/statuen-aus-resin-und-pvc\/heilige-katarina-von-siena-40cm-aus-harz\">Heilige Katarina von Siena 40cm aus Harz <\/a><\/div>\n<div class=\"blocco-descrizione\">Heilige Katarina von Siena 40cm aus Harz. Statue der heiligen Katarina von Siena realisiert aus Harz und handbemalt.<\/div>\n<\/div>\n<\/div>\n<h2>Schutzheilige Frankreichs: die heilige Jeanne d&#8217;Arc<\/h2>\n<p>Wenn man an Frankreich denkt, ist einer der ersten Namen, der einem in den Sinn kommt, der von <strong><a href=\"https:\/\/www.holyart.de\/devotionalien\/poster-und-bilder\/bild-giovanna-darco\">Jeanne d&#8217;Arc<\/a>, der Jungfrau von Orl\u00e9ans<\/strong>. Zusammen mit Maria Himmelfahrt, dem heiligen Martin von Tours und der heiligen Th\u00e9r\u00e8se von Lisieux ist sie seit ihrer Heiligsprechung im Jahr 1920 die Schutzpatronin des franz\u00f6sischen Staates. Die heilige Jeanne d&#8217;Arc ist ber\u00fchmt f\u00fcr ihre Kriegstaten. Sie trug dazu bei, einen Teil der franz\u00f6sischen Gebiete zur\u00fcckzuerobern, die die Engl\u00e4nder w\u00e4hrend des Hundertj\u00e4hrigen Krieges erobert hatten, und hielt die Fahne des katholischen Staates unter dem Schutz Gottes hoch. Sie wurde von den Engl\u00e4ndern gefangen genommen, vor Gericht gestellt, f\u00e4lschlicherweise der Ketzerei beschuldigt und auf dem Scheiterhaufen verbrannt. Der Prozess wurde 1456 von Papst Calixtus III. f\u00fcr null und nichtig erkl\u00e4rt.<\/p>\n<div class=\"link-product\">\n<div class=\"blocco-immagine\"><img loading=\"lazy\" decoding=\"async\" class=\"size-full wp-image-2589 alignleft\" src=\"https:\/\/blog.holyart.it\/de\/wp-content\/uploads\/sites\/12\/2023\/06\/Bild-Giovanna-dArco.jpg\" alt=\"Bild Giovanna d'Arco\" width=\"100\" height=\"100\" data-kale-share-title=\"Die Schutzheiligen Europas: Jedes Land hat einen Schutzpatron\" data-kale-share-url=\"https:\/\/blog.holyart.it\/de\/?p=2584\" \/><\/div>\n<div class=\"blocco-contenuto\">\n<div class=\"blocco-acquista\">Einkaufen:<\/div>\n<div class=\"blocco-titolo\"><a href=\"https:\/\/www.holyart.de\/devotionalien\/poster-und-bilder\/bild-giovanna-darco\">Bild Giovanna d&#8217;Arco <\/a><\/div>\n<div class=\"blocco-descrizione\">Der Subjekt ist vom Hintergrund isoliert, die Farbe sind hell, ganz nah zu der Realit\u00e4t.<\/div>\n<\/div>\n<\/div>\n<h2>Schutzheilige Deutschlands: der heilige Erzengel Michael<\/h2>\n<p>Einer der Schutzheiligen Deutschlands ist der <a href=\"https:\/\/www.holyart.de\/devotionalien\/statuen\/statuen-aus-resin-und-pvc\/erzengel-michael-30cm-aus-harz\"><strong>heilige Erzengel Michael<\/strong><\/a>. Michael, der Erzengel der Krieger, ist ein Heiliger, der von vielen Gl\u00e4ubigen verehrt wird. In einem unserer Artikel haben wir \u00fcber die Heilige Linie des Erzengels Michael berichtet: eine gerade Linie, die sieben dem heiligen Michael geweihte Heiligt\u00fcmer verbindet und auf geheimnisvolle Weise perfekt ausgerichtet ist. Mehrere deutsche Kirchen sind dem heiligen Michael geweiht, so zum Beispiel in Hamburg, M\u00fcnchen und Hildesheim.<\/p>\n<div class=\"link-product\">\n<div class=\"blocco-immagine\"><img loading=\"lazy\" decoding=\"async\" class=\"size-full wp-image-2590 alignleft\" src=\"https:\/\/blog.holyart.it\/de\/wp-content\/uploads\/sites\/12\/2023\/06\/erzengel-michael.jpg\" alt=\"erzengel michael\" width=\"100\" height=\"100\" data-kale-share-title=\"Die Schutzheiligen Europas: Jedes Land hat einen Schutzpatron\" data-kale-share-url=\"https:\/\/blog.holyart.it\/de\/?p=2584\" \/><\/div>\n<div class=\"blocco-contenuto\">\n<div class=\"blocco-acquista\">Einkaufen:<\/div>\n<div class=\"blocco-titolo\"><a href=\"https:\/\/www.holyart.de\/devotionalien\/statuen\/statuen-aus-resin-und-pvc\/erzengel-michael-30cm-aus-harz\">Erzengel Michael 30cm aus Harz <\/a><\/div>\n<div class=\"blocco-descrizione\">Erzengel Michael 30cm aus Harz. Statue des Erzengels Michaels realisiert aus Harz und handbemalt.<\/div>\n<\/div>\n<\/div>\n<h2>Schutzheilige Polens: die heilige Maria K\u00f6nigin<\/h2>\n<p>Polen hat mehrere Schutzheilige: den heiligen Kasimir, die heilige Kunigunde, den heiligen Albert von Prag, den heiligen Bischof Stanislaus, den heiligen Stanislaus Kostka, den heiligen Andreas Bobola und den heiligen Florian. Aber die erste Patronin Polens, die von den polnischen Gl\u00e4ubigen am meisten geliebte und liebste Figur ist <a href=\"https:\/\/www.holyart.de\/devotionalien\/poster-und-bilder\/bild-auf-leinwand-schwarze-madonna-von-tschenstochau-40x30-cm\"><strong>Maria, die Heiligste, K\u00f6nigin von Polen<\/strong><\/a>. Die Verbindung zwischen Polen und der Figur der Maria ist sehr alt. In Polen finden sich zahlreiche Darstellungen der Jungfrau Maria, von Ikonen bis zu Fresken. Selbst der <a href=\"https:\/\/www.holyart.de\/besondere-anlasse\/johannes-paul-ii\"><strong>heilige Johannes Paul II<\/strong><\/a>. der erste polnische Papst, zeichnete sich in den Jahren seines Pontifikats durch seine Verehrung f\u00fcr Maria aus.<\/p>\n<h2>Schutzheilige Spaniens: der heilige Jakobus<\/h2>\n<p>Die Schutzheiligen Spaniens sind Unsere Liebe Frau von Pilar, die Unbefleckte Empf\u00e4ngnis, die<a href=\"https:\/\/www.holyart.de\/devotionalien\/statuen\/statuen-aus-naturholz\/heilige-teresa-von-avila-grodnertal-naturholz\"><strong> Heilige Teresa von Avila<\/strong><\/a> und nat\u00fcrlich der <strong>Heilige Jakobus<\/strong>. Das spanische Pendant zu Jakobus ist <a href=\"https:\/\/www.holyart.de\/devotionalien\/statuen\/statuen-aus-resin-und-pvc\/statue-hl.-jakob-15cm-moranduzzo\"><strong>Santiago<\/strong><\/a>. Gerade der Jakobsweg ist es, der die meisten Pilger nach Spanien lockt.<\/p>\n<h2>Schutzheilige Portugals: der heilige Antonius von Padua<\/h2>\n<p>Portugal ist der Heiligen Maria Immaculata, dem Heiligen Georg, dem Erzengel Gabriel, dem Heiligen Franz Borgia und dem <a href=\"https:\/\/www.holyart.de\/devotionalien\/poster-und-bilder\/bild-auf-leinwand-antonius-von-padua-40x30-cm\"><strong>Heiligen Antonius von Padua<\/strong><\/a> verbunden. F\u00fcr letzteren wird in der portugiesischen Hauptstadt ein gro\u00dfer Festtag gefeiert.<\/p>\n<div class=\"link-product\">\n<div class=\"blocco-immagine\"><img loading=\"lazy\" decoding=\"async\" class=\"size-full wp-image-2591 alignleft\" src=\"https:\/\/blog.holyart.it\/de\/wp-content\/uploads\/sites\/12\/2023\/06\/bild-auf-leinwand-antonius-von-padua.jpg\" alt=\"bild auf leinwand antonius von padua\" width=\"100\" height=\"100\" data-kale-share-title=\"Die Schutzheiligen Europas: Jedes Land hat einen Schutzpatron\" data-kale-share-url=\"https:\/\/blog.holyart.it\/de\/?p=2584\" \/><\/div>\n<div class=\"blocco-contenuto\">\n<div class=\"blocco-acquista\">Einkaufen:<\/div>\n<div class=\"blocco-titolo\"><a href=\"https:\/\/www.holyart.de\/devotionalien\/poster-und-bilder\/bild-auf-leinwand-antonius-von-padua-40x30-cm\">Bild auf Leinwand Antonius von Padua<\/a><\/div>\n<div class=\"blocco-descrizione\">Das Motiv stammt aus dem Archiv des Unternehmens Fratelli Bonella.<\/div>\n<\/div>\n<\/div>\n<h2>Schutzheilige des Vereinigten K\u00f6nigreichs: der heilige Georg<\/h2>\n<p>Das Vereinigte K\u00f6nigreich hat je nach Land unterschiedliche Schutzheilige: der Heilige David f\u00fcr Wales, Patrick f\u00fcr Nordirland, Andrew der Apostel und Columba f\u00fcr Schottland, Unsere Frau von Walsingham und der Heilige George f\u00fcr England. <strong>Der <a href=\"https:\/\/www.holyart.de\/devotionalien\/statuen\/statuen-aus-bemalten-holz\/schnitzerei-grodnertal-heiliger-georg-auf-pferd\">Heilige Georg<\/a><\/strong> ist in der englischen Welt ein sehr beliebter Heiliger, auch wenn nicht viele Einzelheiten \u00fcber seine Geschichte bekannt sind. Was man wei\u00df, ist, dass er ein Ritter war: Er wird oft hoch zu Ross, mit Schwert oder Lanze dargestellt, in der Absicht, einen Drachen zu erschlagen, der das B\u00f6se und die S\u00fcnde repr\u00e4sentiert. Wenn Sie mehr \u00fcber den Heiligen Georg und seinen legend\u00e4ren Kampf gegen den Drachen erfahren m\u00f6chten, lesen Sie den Artikel, den wir ihm gewidmet haben.<\/p>\n<div class=\"link-product\">\n<div class=\"blocco-immagine\"><img loading=\"lazy\" decoding=\"async\" class=\"size-full wp-image-2592 alignleft\" src=\"https:\/\/blog.holyart.it\/de\/wp-content\/uploads\/sites\/12\/2023\/06\/heiliger-georg-auf-pferd.jpg\" alt=\"heiliger georg auf pferd\" width=\"100\" height=\"100\" data-kale-share-title=\"Die Schutzheiligen Europas: Jedes Land hat einen Schutzpatron\" data-kale-share-url=\"https:\/\/blog.holyart.it\/de\/?p=2584\" \/><\/div>\n<div class=\"blocco-contenuto\">\n<div class=\"blocco-acquista\">Einkaufen:<\/div>\n<div class=\"blocco-titolo\"><a href=\"https:\/\/www.holyart.de\/devotionalien\/statuen\/statuen-aus-bemalten-holz\/schnitzerei-grodnertal-heiliger-georg-auf-pferd\">Schnitzerei Gr\u00f6dnertal Heiliger Georg auf Pferd<\/a><\/div>\n<div class=\"blocco-descrizione\">Heiligenfigur aus Holz von den Handwerkern des Gr\u00f6dnertals geschnitzt und handbemalt.<\/div>\n<\/div>\n<\/div>\n<h2>Schutzheilige Irlands: der heilige Patrick<\/h2>\n<p>Und schlie\u00dflich, wie k\u00f6nnten wir den viel gefeierten <strong><a href=\"https:\/\/www.holyart.de\/devotionalien\/statuen\/statuen-aus-resin-und-pvc\/heiliger-patrick-30cm-bemalten-harz\">St. Patrick<\/a>\u2018s Day<\/strong> vergessen? Zusammen mit der heiligen Brygida von Kildare und dem heiligen Columba ist der <a href=\"https:\/\/www.holyart.de\/blog\/heilige-und-selige\/sankt-patricks-tag-fest-wissenswertes-und-geschichte\/\"><strong>heilige Patrick der Schutzpatron Irlands<\/strong><\/a>. In seinen Darstellungen ist er oft in Gr\u00fcn gekleidet, der Symbolfarbe Irlands. Er war ein Bischof, der in der Katechese der Iren eine sehr wichtige Rolle spielte: Die Analogie des Kleeblatts, das zur Erkl\u00e4rung des Geheimnisses der Heiligen Dreifaltigkeit verwendet wird, wird oft in Erinnerung gerufen und St. Patrick zugeschrieben.<\/p>\n<div class=\"link-article\">\n<p><img loading=\"lazy\" decoding=\"async\" class=\"size-full wp-image-2593 alignleft\" src=\"https:\/\/blog.holyart.it\/de\/wp-content\/uploads\/sites\/12\/2023\/06\/heilige-Patrick.jpg\" alt=\"heilige Patrick\" width=\"150\" height=\"99\" data-kale-share-title=\"Die Schutzheiligen Europas: Jedes Land hat einen Schutzpatron\" data-kale-share-url=\"https:\/\/blog.holyart.it\/de\/?p=2584\" \/><\/p>\n<div class=\"leggi-anche\">Lesen Sie auch:<\/div>\n<p><strong><a href=\"https:\/\/www.holyart.de\/blog\/heilige-und-selige\/sankt-patricks-tag-fest-wissenswertes-und-geschichte\/\">Sankt Patricks Tag: Fest, Wissenswertes und Geschichte<\/a><\/strong><br \/>\nAm 17. M\u00e4rz feiern wir den Heiligen Patrick, den Schutzpatron von Irland..<\/p>\n<\/div>\n","protected":false},"excerpt":{"rendered":"<p>Jedes Land hat seinen Schutzpatron: In diesem Artikel erfahren Sie alles \u00fcber die Schutzpatrone in Europa! Wenn du in Rom bist, mach es wie die Heiligen. Wenn Sie die Geschichte Europas und seiner L\u00e4nder kennen, werden Sie feststellen, dass viele Ver\u00e4nderungen und wichtige Abschnitte der&hellip;<\/p>\n","protected":false},"author":1,"featured_media":2594,"comment_status":"closed","ping_status":"open","sticky":false,"template":"","format":"standard","meta":{"_acf_changed":false,"footnotes":""},"categories":[9],"tags":[],"class_list":["post-2584","post","type-post","status-publish","format-standard","has-post-thumbnail","hentry","category-heilige-und-selige"],"acf":[],"yoast_head":"<!-- This site is optimized with the Yoast SEO plugin v26.6 - https:\/\/yoast.com\/wordpress\/plugins\/seo\/ -->\n<title>Die Schutzheiligen Europas: Jedes Land hat einen Schutzpatron<\/title>\n<meta name=\"description\" content=\"Jedes Land hat seinen Schutzpatron: In diesem Artikel erfahren Sie alles \u00fcber die Schutzpatrone in Europa!\" \/>\n<meta name=\"robots\" content=\"index, follow, max-snippet:-1, max-image-preview:large, max-video-preview:-1\" \/>\n<link rel=\"canonical\" href=\"https:\/\/blog.holyart.it\/de\/heilige-und-selige\/die-schutzheiligen-europas-jedes-land-hat-einen-schutzpatron\/\" \/>\n<meta property=\"og:locale\" content=\"de_DE\" \/>\n<meta property=\"og:type\" content=\"article\" \/>\n<meta property=\"og:title\" content=\"Die Schutzheiligen Europas: Jedes Land hat einen Schutzpatron\" \/>\n<meta property=\"og:description\" content=\"Jedes Land hat seinen Schutzpatron: In diesem Artikel erfahren Sie alles \u00fcber die Schutzpatrone in Europa!\" \/>\n<meta property=\"og:url\" content=\"https:\/\/blog.holyart.it\/de\/heilige-und-selige\/die-schutzheiligen-europas-jedes-land-hat-einen-schutzpatron\/\" \/>\n<meta property=\"og:site_name\" content=\"Holyart.de Blog\" \/>\n<meta property=\"article:published_time\" content=\"2023-06-20T08:00:13+00:00\" \/>\n<meta property=\"article:modified_time\" content=\"2023-10-03T10:47:14+00:00\" \/>\n<meta property=\"og:image\" content=\"https:\/\/blog.holyart.it\/de\/wp-content\/uploads\/sites\/12\/2023\/06\/Schutzheiligen-Europas.jpeg\" \/>\n\t<meta property=\"og:image:width\" content=\"1000\" \/>\n\t<meta property=\"og:image:height\" content=\"666\" \/>\n\t<meta property=\"og:image:type\" content=\"image\/jpeg\" \/>\n<meta name=\"author\" content=\"Redazione\" \/>\n<meta name=\"twitter:card\" content=\"summary_large_image\" \/>\n<meta name=\"twitter:label1\" content=\"Verfasst von\" \/>\n\t<meta name=\"twitter:data1\" content=\"Redazione\" \/>\n\t<meta name=\"twitter:label2\" content=\"Gesch\u00e4tzte Lesezeit\" \/>\n\t<meta name=\"twitter:data2\" content=\"8\u00a0Minuten\" \/>\n<script type=\"application\/ld+json\" class=\"yoast-schema-graph\">{\"@context\":\"https:\/\/schema.org\",\"@graph\":[{\"@type\":\"Article\",\"@id\":\"https:\/\/blog.holyart.it\/de\/heilige-und-selige\/die-schutzheiligen-europas-jedes-land-hat-einen-schutzpatron\/#article\",\"isPartOf\":{\"@id\":\"https:\/\/blog.holyart.it\/de\/heilige-und-selige\/die-schutzheiligen-europas-jedes-land-hat-einen-schutzpatron\/\"},\"author\":{\"name\":\"Redazione\",\"@id\":\"https:\/\/blog.holyart.it\/de\/#\/schema\/person\/0a7b686e5af0f856ec1e390dd0baecda\"},\"headline\":\"Die Schutzheiligen Europas: Jedes Land hat einen Schutzpatron\",\"datePublished\":\"2023-06-20T08:00:13+00:00\",\"dateModified\":\"2023-10-03T10:47:14+00:00\",\"mainEntityOfPage\":{\"@id\":\"https:\/\/blog.holyart.it\/de\/heilige-und-selige\/die-schutzheiligen-europas-jedes-land-hat-einen-schutzpatron\/\"},\"wordCount\":1238,\"publisher\":{\"@id\":\"https:\/\/blog.holyart.it\/de\/#organization\"},\"image\":{\"@id\":\"https:\/\/blog.holyart.it\/de\/heilige-und-selige\/die-schutzheiligen-europas-jedes-land-hat-einen-schutzpatron\/#primaryimage\"},\"thumbnailUrl\":\"https:\/\/blog.holyart.it\/de\/wp-content\/uploads\/sites\/12\/2023\/06\/Schutzheiligen-Europas.jpeg\",\"articleSection\":[\"Heilige und Selige\"],\"inLanguage\":\"de\"},{\"@type\":\"WebPage\",\"@id\":\"https:\/\/blog.holyart.it\/de\/heilige-und-selige\/die-schutzheiligen-europas-jedes-land-hat-einen-schutzpatron\/\",\"url\":\"https:\/\/blog.holyart.it\/de\/heilige-und-selige\/die-schutzheiligen-europas-jedes-land-hat-einen-schutzpatron\/\",\"name\":\"Die Schutzheiligen Europas: Jedes Land hat einen Schutzpatron\",\"isPartOf\":{\"@id\":\"https:\/\/blog.holyart.it\/de\/#website\"},\"primaryImageOfPage\":{\"@id\":\"https:\/\/blog.holyart.it\/de\/heilige-und-selige\/die-schutzheiligen-europas-jedes-land-hat-einen-schutzpatron\/#primaryimage\"},\"image\":{\"@id\":\"https:\/\/blog.holyart.it\/de\/heilige-und-selige\/die-schutzheiligen-europas-jedes-land-hat-einen-schutzpatron\/#primaryimage\"},\"thumbnailUrl\":\"https:\/\/blog.holyart.it\/de\/wp-content\/uploads\/sites\/12\/2023\/06\/Schutzheiligen-Europas.jpeg\",\"datePublished\":\"2023-06-20T08:00:13+00:00\",\"dateModified\":\"2023-10-03T10:47:14+00:00\",\"description\":\"Jedes Land hat seinen Schutzpatron: In diesem Artikel erfahren Sie alles \u00fcber die Schutzpatrone in Europa!\",\"breadcrumb\":{\"@id\":\"https:\/\/blog.holyart.it\/de\/heilige-und-selige\/die-schutzheiligen-europas-jedes-land-hat-einen-schutzpatron\/#breadcrumb\"},\"inLanguage\":\"de\",\"potentialAction\":[{\"@type\":\"ReadAction\",\"target\":[\"https:\/\/blog.holyart.it\/de\/heilige-und-selige\/die-schutzheiligen-europas-jedes-land-hat-einen-schutzpatron\/\"]}]},{\"@type\":\"ImageObject\",\"inLanguage\":\"de\",\"@id\":\"https:\/\/blog.holyart.it\/de\/heilige-und-selige\/die-schutzheiligen-europas-jedes-land-hat-einen-schutzpatron\/#primaryimage\",\"url\":\"https:\/\/blog.holyart.it\/de\/wp-content\/uploads\/sites\/12\/2023\/06\/Schutzheiligen-Europas.jpeg\",\"contentUrl\":\"https:\/\/blog.holyart.it\/de\/wp-content\/uploads\/sites\/12\/2023\/06\/Schutzheiligen-Europas.jpeg\",\"width\":1000,\"height\":666},{\"@type\":\"BreadcrumbList\",\"@id\":\"https:\/\/blog.holyart.it\/de\/heilige-und-selige\/die-schutzheiligen-europas-jedes-land-hat-einen-schutzpatron\/#breadcrumb\",\"itemListElement\":[{\"@type\":\"ListItem\",\"position\":1,\"name\":\"Homepage\",\"item\":\"https:\/\/blog.holyart.it\/de\/\"},{\"@type\":\"ListItem\",\"position\":2,\"name\":\"Heilige und Selige\",\"item\":\"https:\/\/blog.holyart.it\/de\/heilige-und-selige\/\"},{\"@type\":\"ListItem\",\"position\":3,\"name\":\"Die Schutzheiligen Europas: Jedes Land hat einen Schutzpatron\"}]},{\"@type\":\"WebSite\",\"@id\":\"https:\/\/blog.holyart.it\/de\/#website\",\"url\":\"https:\/\/blog.holyart.it\/de\/\",\"name\":\"Holyart.de Blog\",\"description\":\"Holyblog\",\"publisher\":{\"@id\":\"https:\/\/blog.holyart.it\/de\/#organization\"},\"potentialAction\":[{\"@type\":\"SearchAction\",\"target\":{\"@type\":\"EntryPoint\",\"urlTemplate\":\"https:\/\/blog.holyart.it\/de\/?s={search_term_string}\"},\"query-input\":{\"@type\":\"PropertyValueSpecification\",\"valueRequired\":true,\"valueName\":\"search_term_string\"}}],\"inLanguage\":\"de\"},{\"@type\":\"Organization\",\"@id\":\"https:\/\/blog.holyart.it\/de\/#organization\",\"name\":\"Holyart.de Blog\",\"url\":\"https:\/\/blog.holyart.it\/de\/\",\"logo\":{\"@type\":\"ImageObject\",\"inLanguage\":\"de\",\"@id\":\"https:\/\/blog.holyart.it\/de\/#\/schema\/logo\/image\/\",\"url\":\"https:\/\/blog.holyart.it\/de\/wp-content\/uploads\/sites\/12\/2022\/12\/Holyart_Blog_Logo.jpg\",\"contentUrl\":\"https:\/\/blog.holyart.it\/de\/wp-content\/uploads\/sites\/12\/2022\/12\/Holyart_Blog_Logo.jpg\",\"width\":300,\"height\":50,\"caption\":\"Holyart.de Blog\"},\"image\":{\"@id\":\"https:\/\/blog.holyart.it\/de\/#\/schema\/logo\/image\/\"}},{\"@type\":\"Person\",\"@id\":\"https:\/\/blog.holyart.it\/de\/#\/schema\/person\/0a7b686e5af0f856ec1e390dd0baecda\",\"name\":\"Redazione\",\"image\":{\"@type\":\"ImageObject\",\"inLanguage\":\"de\",\"@id\":\"https:\/\/blog.holyart.it\/de\/#\/schema\/person\/image\/\",\"url\":\"https:\/\/secure.gravatar.com\/avatar\/f477da817f43e50d0af36abecd33e3edf826c68299714bdc1057dff3b113f516?s=96&d=mm&r=g\",\"contentUrl\":\"https:\/\/secure.gravatar.com\/avatar\/f477da817f43e50d0af36abecd33e3edf826c68299714bdc1057dff3b113f516?s=96&d=mm&r=g\",\"caption\":\"Redazione\"}}]}<\/script>\n<!-- \/ Yoast SEO plugin. -->","yoast_head_json":{"title":"Die Schutzheiligen Europas: Jedes Land hat einen Schutzpatron","description":"Jedes Land hat seinen Schutzpatron: In diesem Artikel erfahren Sie alles \u00fcber die Schutzpatrone in Europa!","robots":{"index":"index","follow":"follow","max-snippet":"max-snippet:-1","max-image-preview":"max-image-preview:large","max-video-preview":"max-video-preview:-1"},"canonical":"https:\/\/blog.holyart.it\/de\/heilige-und-selige\/die-schutzheiligen-europas-jedes-land-hat-einen-schutzpatron\/","og_locale":"de_DE","og_type":"article","og_title":"Die Schutzheiligen Europas: Jedes Land hat einen Schutzpatron","og_description":"Jedes Land hat seinen Schutzpatron: In diesem Artikel erfahren Sie alles \u00fcber die Schutzpatrone in Europa!","og_url":"https:\/\/blog.holyart.it\/de\/heilige-und-selige\/die-schutzheiligen-europas-jedes-land-hat-einen-schutzpatron\/","og_site_name":"Holyart.de Blog","article_published_time":"2023-06-20T08:00:13+00:00","article_modified_time":"2023-10-03T10:47:14+00:00","og_image":[{"width":1000,"height":666,"url":"https:\/\/blog.holyart.it\/de\/wp-content\/uploads\/sites\/12\/2023\/06\/Schutzheiligen-Europas.jpeg","type":"image\/jpeg"}],"author":"Redazione","twitter_card":"summary_large_image","twitter_misc":{"Verfasst von":"Redazione","Gesch\u00e4tzte Lesezeit":"8\u00a0Minuten"},"schema":{"@context":"https:\/\/schema.org","@graph":[{"@type":"Article","@id":"https:\/\/blog.holyart.it\/de\/heilige-und-selige\/die-schutzheiligen-europas-jedes-land-hat-einen-schutzpatron\/#article","isPartOf":{"@id":"https:\/\/blog.holyart.it\/de\/heilige-und-selige\/die-schutzheiligen-europas-jedes-land-hat-einen-schutzpatron\/"},"author":{"name":"Redazione","@id":"https:\/\/blog.holyart.it\/de\/#\/schema\/person\/0a7b686e5af0f856ec1e390dd0baecda"},"headline":"Die Schutzheiligen Europas: Jedes Land hat einen Schutzpatron","datePublished":"2023-06-20T08:00:13+00:00","dateModified":"2023-10-03T10:47:14+00:00","mainEntityOfPage":{"@id":"https:\/\/blog.holyart.it\/de\/heilige-und-selige\/die-schutzheiligen-europas-jedes-land-hat-einen-schutzpatron\/"},"wordCount":1238,"publisher":{"@id":"https:\/\/blog.holyart.it\/de\/#organization"},"image":{"@id":"https:\/\/blog.holyart.it\/de\/heilige-und-selige\/die-schutzheiligen-europas-jedes-land-hat-einen-schutzpatron\/#primaryimage"},"thumbnailUrl":"https:\/\/blog.holyart.it\/de\/wp-content\/uploads\/sites\/12\/2023\/06\/Schutzheiligen-Europas.jpeg","articleSection":["Heilige und Selige"],"inLanguage":"de"},{"@type":"WebPage","@id":"https:\/\/blog.holyart.it\/de\/heilige-und-selige\/die-schutzheiligen-europas-jedes-land-hat-einen-schutzpatron\/","url":"https:\/\/blog.holyart.it\/de\/heilige-und-selige\/die-schutzheiligen-europas-jedes-land-hat-einen-schutzpatron\/","name":"Die Schutzheiligen Europas: Jedes Land hat einen Schutzpatron","isPartOf":{"@id":"https:\/\/blog.holyart.it\/de\/#website"},"primaryImageOfPage":{"@id":"https:\/\/blog.holyart.it\/de\/heilige-und-selige\/die-schutzheiligen-europas-jedes-land-hat-einen-schutzpatron\/#primaryimage"},"image":{"@id":"https:\/\/blog.holyart.it\/de\/heilige-und-selige\/die-schutzheiligen-europas-jedes-land-hat-einen-schutzpatron\/#primaryimage"},"thumbnailUrl":"https:\/\/blog.holyart.it\/de\/wp-content\/uploads\/sites\/12\/2023\/06\/Schutzheiligen-Europas.jpeg","datePublished":"2023-06-20T08:00:13+00:00","dateModified":"2023-10-03T10:47:14+00:00","description":"Jedes Land hat seinen Schutzpatron: In diesem Artikel erfahren Sie alles \u00fcber die Schutzpatrone in Europa!","breadcrumb":{"@id":"https:\/\/blog.holyart.it\/de\/heilige-und-selige\/die-schutzheiligen-europas-jedes-land-hat-einen-schutzpatron\/#breadcrumb"},"inLanguage":"de","potentialAction":[{"@type":"ReadAction","target":["https:\/\/blog.holyart.it\/de\/heilige-und-selige\/die-schutzheiligen-europas-jedes-land-hat-einen-schutzpatron\/"]}]},{"@type":"ImageObject","inLanguage":"de","@id":"https:\/\/blog.holyart.it\/de\/heilige-und-selige\/die-schutzheiligen-europas-jedes-land-hat-einen-schutzpatron\/#primaryimage","url":"https:\/\/blog.holyart.it\/de\/wp-content\/uploads\/sites\/12\/2023\/06\/Schutzheiligen-Europas.jpeg","contentUrl":"https:\/\/blog.holyart.it\/de\/wp-content\/uploads\/sites\/12\/2023\/06\/Schutzheiligen-Europas.jpeg","width":1000,"height":666},{"@type":"BreadcrumbList","@id":"https:\/\/blog.holyart.it\/de\/heilige-und-selige\/die-schutzheiligen-europas-jedes-land-hat-einen-schutzpatron\/#breadcrumb","itemListElement":[{"@type":"ListItem","position":1,"name":"Homepage","item":"https:\/\/blog.holyart.it\/de\/"},{"@type":"ListItem","position":2,"name":"Heilige und Selige","item":"https:\/\/blog.holyart.it\/de\/heilige-und-selige\/"},{"@type":"ListItem","position":3,"name":"Die Schutzheiligen Europas: Jedes Land hat einen Schutzpatron"}]},{"@type":"WebSite","@id":"https:\/\/blog.holyart.it\/de\/#website","url":"https:\/\/blog.holyart.it\/de\/","name":"Holyart.de Blog","description":"Holyblog","publisher":{"@id":"https:\/\/blog.holyart.it\/de\/#organization"},"potentialAction":[{"@type":"SearchAction","target":{"@type":"EntryPoint","urlTemplate":"https:\/\/blog.holyart.it\/de\/?s={search_term_string}"},"query-input":{"@type":"PropertyValueSpecification","valueRequired":true,"valueName":"search_term_string"}}],"inLanguage":"de"},{"@type":"Organization","@id":"https:\/\/blog.holyart.it\/de\/#organization","name":"Holyart.de Blog","url":"https:\/\/blog.holyart.it\/de\/","logo":{"@type":"ImageObject","inLanguage":"de","@id":"https:\/\/blog.holyart.it\/de\/#\/schema\/logo\/image\/","url":"https:\/\/blog.holyart.it\/de\/wp-content\/uploads\/sites\/12\/2022\/12\/Holyart_Blog_Logo.jpg","contentUrl":"https:\/\/blog.holyart.it\/de\/wp-content\/uploads\/sites\/12\/2022\/12\/Holyart_Blog_Logo.jpg","width":300,"height":50,"caption":"Holyart.de Blog"},"image":{"@id":"https:\/\/blog.holyart.it\/de\/#\/schema\/logo\/image\/"}},{"@type":"Person","@id":"https:\/\/blog.holyart.it\/de\/#\/schema\/person\/0a7b686e5af0f856ec1e390dd0baecda","name":"Redazione","image":{"@type":"ImageObject","inLanguage":"de","@id":"https:\/\/blog.holyart.it\/de\/#\/schema\/person\/image\/","url":"https:\/\/secure.gravatar.com\/avatar\/f477da817f43e50d0af36abecd33e3edf826c68299714bdc1057dff3b113f516?s=96&d=mm&r=g","contentUrl":"https:\/\/secure.gravatar.com\/avatar\/f477da817f43e50d0af36abecd33e3edf826c68299714bdc1057dff3b113f516?s=96&d=mm&r=g","caption":"Redazione"}}]}},"_links":{"self":[{"href":"https:\/\/blog.holyart.it\/de\/wp-json\/wp\/v2\/posts\/2584","targetHints":{"allow":["GET"]}}],"collection":[{"href":"https:\/\/blog.holyart.it\/de\/wp-json\/wp\/v2\/posts"}],"about":[{"href":"https:\/\/blog.holyart.it\/de\/wp-json\/wp\/v2\/types\/post"}],"author":[{"embeddable":true,"href":"https:\/\/blog.holyart.it\/de\/wp-json\/wp\/v2\/users\/1"}],"replies":[{"embeddable":true,"href":"https:\/\/blog.holyart.it\/de\/wp-json\/wp\/v2\/comments?post=2584"}],"version-history":[{"count":3,"href":"https:\/\/blog.holyart.it\/de\/wp-json\/wp\/v2\/posts\/2584\/revisions"}],"predecessor-version":[{"id":2596,"href":"https:\/\/blog.holyart.it\/de\/wp-json\/wp\/v2\/posts\/2584\/revisions\/2596"}],"wp:featuredmedia":[{"embeddable":true,"href":"https:\/\/blog.holyart.it\/de\/wp-json\/wp\/v2\/media\/2594"}],"wp:attachment":[{"href":"https:\/\/blog.holyart.it\/de\/wp-json\/wp\/v2\/media?parent=2584"}],"wp:term":[{"taxonomy":"category","embeddable":true,"href":"https:\/\/blog.holyart.it\/de\/wp-json\/wp\/v2\/categories?post=2584"},{"taxonomy":"post_tag","embeddable":true,"href":"https:\/\/blog.holyart.it\/de\/wp-json\/wp\/v2\/tags?post=2584"}],"curies":[{"name":"wp","href":"https:\/\/api.w.org\/{rel}","templated":true}]}}