{"id":2387,"date":"2023-04-11T12:30:58","date_gmt":"2023-04-11T10:30:58","guid":{"rendered":"https:\/\/blog.holyart.it\/de\/?p=2387"},"modified":"2025-02-04T14:22:10","modified_gmt":"2025-02-04T13:22:10","slug":"das-letzte-abendmahl-von-leonardo-da-vinci","status":"publish","type":"post","link":"https:\/\/blog.holyart.it\/de\/devotionalien\/das-letzte-abendmahl-von-leonardo-da-vinci\/","title":{"rendered":"Das letzte Abendmahl von Leonardo da Vinci"},"content":{"rendered":"<h4>Das letzte Abendmahl von Leonardo da Vinci in Santa Maria delle Grazie (Mailand) ist eines der ber\u00fchmtesten Kunstwerke der Welt, reich an religi\u00f6ser und k\u00fcnstlerischer Bedeutung.<\/h4>\n<p><strong>Das letzte Abendmahl von Leonardo da Vinci<\/strong> ist eines der ber\u00fchmtesten Kunstwerke der Welt &#8211; sowohl f\u00fcr Christen als auch f\u00fcr Nicht-Christen. Das Gem\u00e4lde, das auch als <strong>Cenacolo<\/strong> bekannt ist, wurde von Leonardo zwischen <strong>1495<\/strong> und <strong>1499<\/strong> im Refektorium des <strong>Klosters Santa Maria delle Grazie in Mailand <\/strong>im Auftrag von Ludovico il Moro gemalt. Das dargestellte Thema ist das Abendmahl am Gr\u00fcndonnerstag, mit Jesus in der Mitte, umgeben von den zw\u00f6lf Aposteln. Nicht der Moment der Einsetzung der Eucharistie ist dargestellt, auch nicht die Fu\u00dfwaschung, sondern der Moment nach den Worten Jesu \u201eEiner von euch wird mich verraten\u201c.<\/p>\n<p>Das Werk stellt dank des ausdrucksstarken Stils, den Leonardo f\u00fcr das Thema w\u00e4hlte, einen <strong>bedeutenden Wandel in der Kunstgeschichte<\/strong> dar: Die Heiligkeit des Augenblicks wird durch die <strong>verzweifelten Gesichtsausdr\u00fccke<\/strong> der einzelnen Apostel in einer h\u00f6chst <strong>menschlichen Dimension<\/strong> ausgedr\u00fcckt. Es gibt viele Kopien und <a href=\"https:\/\/www.holyart.de\/devotionalien\/poster-und-bilder\/bild-abendmahl-mit-golden-rahmen-27x20cm\"><strong>Gem\u00e4lde des letzten Abendmahls<\/strong><\/a>, ein sehr beliebtes Thema. Viele K\u00fcnstler haben das Werk neu interpretiert oder sich von ihm inspirieren lassen: Leonardos letztes Abendmahl hat durch Gem\u00e4lde und Drucke Eingang in die Fantasie und in die Wohnungen vieler Menschen gefunden.<\/p>\n<div class=\"link-product\">\n<div class=\"blocco-immagine\"><img loading=\"lazy\" decoding=\"async\" class=\"size-full wp-image-2389 alignleft\" src=\"https:\/\/blog.holyart.it\/de\/wp-content\/uploads\/sites\/12\/2023\/03\/bild-abendmahl-mit-golden-rahmen-100px.jpg\" alt=\"bild-abendmahl-mit-golden-rahmen-100px\" width=\"100\" height=\"100\" data-kale-share-title=\"Das letzte Abendmahl von Leonardo da Vinci\" data-kale-share-url=\"https:\/\/blog.holyart.it\/de\/?p=2387\" \/><\/div>\n<div class=\"blocco-contenuto\">\n<div class=\"blocco-acquista\">Einkaufen:<\/div>\n<div class=\"blocco-titolo\"><a href=\"https:\/\/www.holyart.de\/devotionalien\/poster-und-bilder\/bild-abendmahl-mit-golden-rahmen-27x20cm\">Bild Abendmahl mit golden Rahmen, 27x20cm<\/a><\/div>\n<div class=\"blocco-descrizione\">Bild Abendmahl mit golden Rahmen, 27x20cm. Das Bild zeigt das letzte Abendmahl von Leonado.<\/div>\n<\/div>\n<\/div>\n<p>Die von Leonardo gew\u00e4hlte <strong>Technik<\/strong> war ein Beispiel f\u00fcr seine <strong>Experimentierfreudigkeit<\/strong>, auch wenn sie sich als <strong>erfolglos<\/strong> erwies: Da er sich nicht an die traditionellen Freskotechniken hielt, begann das Gem\u00e4lde bereits nach einigen Jahrzehnten zu verfallen. Viele K\u00fcnstler, nicht alle von ihnen Experten, haben Teile des Gem\u00e4ldes retuschiert. Aus diesem Grund ist das Abendmahl eines der am meisten restaurierten Werke und weist mehrere Ebenen von Ver\u00e4nderungen auf.<\/p>\n<p>Neben den Restaurierungsarbeiten ist das Abendmahl Gegenstand <strong>zahlreicher Interpretationen<\/strong>, von denen einige <strong>umstritten<\/strong> und <strong>unbegr\u00fcndet<\/strong> sind. Ein Beispiel ist die Idee hinter dem Roman \u201eThe Da Vinci Code\u201c des Autors Dan Brown. Diese Interpretation besagt, dass der J\u00fcnger neben Jesus in Wirklichkeit <a href=\"https:\/\/www.holyart.de\/devotionalien\/statuen\/statuen-aus-bemalten-holz\/statue-maria-magdalena-mit-salbe-bemalten-grodnertal-holz\"><strong>Maria Magdalena<\/strong><\/a> war und dass durch dieses Werk die Botschaft vermittelt wurde, dass Maria Magdalena die Geliebte Jesu gewesen sei.<\/p>\n<h2>Wo sich das letzte Abendmahl befindet<\/h2>\n<p>Leonardos Abendmahl befindet sich im <strong>Refektorium<\/strong> des Klosters Santa Maria delle Grazie in Mailand. Die Klosterkirche war von der Familie Sforza als Ort f\u00fcr die Feier der Messe ausgew\u00e4hlt worden. Wie \u00fcblich fertigte Leonardo <strong>zahlreiche Studien<\/strong> an, bevor er das Werk realisierte &#8211; die vorbereitende Zeichnung f\u00fcr das Haupt Christi zum Beispiel wird in der Brera-Pinakothek aufbewahrt. Die Restaurierungs- und Umbauarbeiten waren nicht das Einzige, was das Werk rettete: W\u00e4hrend des <strong>Zweiten Weltkriegs<\/strong> wurde es mit Sands\u00e4cken auf einem Ger\u00fcst gesch\u00fctzt, damit es die <strong>Bombenangriffe<\/strong> so unbeschadet wie m\u00f6glich \u00fcberstand. Heute ist das Refektorium der Ausstellungsort f\u00fcr das letzte Abendmahl.<\/p>\n<div class=\"sp-styles-warning\" style=\"width: 450px; background-color: #FFF; color: #F00; border: 1px solid #F00; padding: 10px; font-size: 14px;\">\n\t\t\t<span style=\"font-weight: bold;\">Warning: The stylesheets were not loaded!<\/span> \n\t\t\tYou will need to change the <i>Load stylesheets<\/i> setting from <i>Automatically<\/i> to <i>On homepage<\/i> or <i>On all pages<\/i>. \n\t\t\tYou can set that <a style=\"text-decoration: underline; color: #F00;\" href=\"https:\/\/blog.holyart.it\/de\/wp-admin\/admin.php?page=sliderpro-settings\">here<\/a>.\n\t\t\t<\/div>\r\n<div id=\"slider-pro-32\" class=\"slider-pro sp-no-js\" style=\"width: 500px; height: 500px;\">\r\n\t<div class=\"sp-slides\">\r\n\t\t\r\n\t\t<div class=\"sp-slide\">\r\n\t\t\t<img loading=\"lazy\" decoding=\"async\" class=\"sp-image\" src=\"https:\/\/blog.holyart.it\/de\/wp-content\/uploads\/sites\/12\/2023\/03\/statue-ultima-cena.jpg\" alt=\"statuen letzte Abendmahl\" width=\"500\" height=\"500\" \/>\r\n\t\t\t<div class=\"sp-thumbnail\"><img decoding=\"async\" src=\"https:\/\/blog.holyart.it\/de\/wp-content\/uploads\/sites\/12\/2023\/03\/statue-ultima-cena-150x150.jpg\" \/>\r\n\t\t\t<\/div>\r\n\t\t\t<div class=\"sp-caption\">Entdecken Sie die Kategorie\n <BR \/><strong><a href=\"https:\/\/www.holyart.de\/search?params=%7B%22search%22%3A%22LETZTE%20ABENDMAHL%20PROMO%22%7D&amp;search=LETZTE+ABENDMAHL+PROMO\">Bei Holyart kaufen<\/a><\/strong><\/div>\r\n\t\t<\/div>\r\n\t\t<div class=\"sp-slide\">\r\n\t\t\t<img loading=\"lazy\" decoding=\"async\" class=\"sp-image\" src=\"https:\/\/blog.holyart.it\/de\/wp-content\/uploads\/sites\/12\/2023\/03\/Letztes-Abendmahl.jpg\" alt=\"Letztes Abendmahl\" width=\"500\" height=\"500\" \/>\r\n\t\t\t<img decoding=\"async\" class=\"sp-thumbnail\" src=\"https:\/\/blog.holyart.it\/de\/wp-content\/uploads\/sites\/12\/2023\/03\/Letztes-Abendmahl-150x150.jpg\" \/>\r\n\t\t\t<div class=\"sp-caption\">Letztes Abendmahl, f\u00fcr 9 cm Krippe geeignet. Passionsszene: Letztes Abendmahl. Die Szene zeigt Jesus inmitten der 12 Apostel beim letzten Abendmahl. Die Statuen sind aus Resin gefertigt und haben eine max. H\u00f6he von 10 cm.\n<BR \/><strong><a href=\"https:\/\/www.holyart.de\/besondere-anlasse\/passionskrippe\/letztes-abendmahl-fur-9-cm-krippe\">Bei Holyart kaufen<\/a><\/strong><\/div>\r\n\t\t<\/div>\r\n\t\t<div class=\"sp-slide\">\r\n\t\t\t<img loading=\"lazy\" decoding=\"async\" class=\"sp-image\" src=\"https:\/\/blog.holyart.it\/de\/wp-content\/uploads\/sites\/12\/2023\/03\/Hutte-in-arabischem-Stil.jpg\" alt=\"Hutte in arabischem Stil\" width=\"500\" height=\"500\" \/>\r\n\t\t\t<img decoding=\"async\" class=\"sp-thumbnail\" src=\"https:\/\/blog.holyart.it\/de\/wp-content\/uploads\/sites\/12\/2023\/03\/Hutte-in-arabischem-Stil-150x150.jpg\" \/>\r\n\t\t\t<div class=\"sp-caption\">H\u00fctte in arabischem Stil f\u00fcr Krippe Fontanini. Ausstattung f\u00fcr Krippe, die von der Firma Fontanini in Italien geschaffen wird. Ideal f\u00fcr Statuen der Krippe Fontanini 12 cm.\n<BR \/><strong><a href=\"https:\/\/www.holyart.de\/weihnachten\/krippen\/krippen-von-fontanini\/hutte-in-arabischem-stil-krippe-fontanini-12-cm\">Bei Holyart kaufen<\/a><\/strong><\/div>\r\n\t\t<\/div>\r\n\t\t<div class=\"sp-slide\">\r\n\t\t\t<img loading=\"lazy\" decoding=\"async\" class=\"sp-image\" src=\"https:\/\/blog.holyart.it\/de\/wp-content\/uploads\/sites\/12\/2023\/03\/Laterne-aus-Plastik.jpg\" alt=\"Laterne aus Plastik\" width=\"500\" height=\"500\" \/>\r\n\t\t\t<img decoding=\"async\" class=\"sp-thumbnail\" src=\"https:\/\/blog.holyart.it\/de\/wp-content\/uploads\/sites\/12\/2023\/03\/Laterne-aus-Plastik-150x150.jpg\" \/>\r\n\t\t\t<div class=\"sp-caption\">Laterne aus Plastik mit wei\u00dfem Licht, 2.5 cm gro\u00df. Licht f\u00fcr Selber-Bauen-Krippe, mit niedriger Spannung.\n<BR \/><strong><a href=\"https:\/\/www.holyart.de\/weihnachten\/krippenzubehor\/krippenbeleuchtung-und-elektrik\/laterne-aus-plastik-weisses-licht-h-2.5-cm\">Bei Holyart kaufen<\/a><\/strong><\/div>\r\n\t\t<\/div>\r\n\t<\/div>\r\n<\/div>\n<h2>Eine Analyse des letzten Abendmahls von Leonardo<\/h2>\n<p>Die zahlreichen Analysen, die im Laufe der Jahre durchgef\u00fchrt wurden, haben zu <strong>unterschiedlichen Interpretationen der Zeichen und ihrer Merkmale<\/strong> gef\u00fchrt. Eines der ersten Dinge, die hervorzuheben sind, ist die <strong>menschliche Dimension<\/strong> der Darstellung. Jesus wird ohne Heiligenschein dargestellt und unterscheidet sich von den Aposteln nur durch seine zentrale und isolierte Position. Der Gesichtsausdruck Jesu ist vielsagend: Seine Augen sind gesenkt, seine Lippen halb ge\u00f6ffnet und zeugen von seinem <strong>Leid \u00fcber die Ank\u00fcndigung<\/strong>, die er seinen Freunden gerade gemacht hat. Die Positionen der Apostel sind Ausdruck der <strong>Aufregung und des Aufruhrs des Augenblicks<\/strong>. Die Struktur des Werks wird durch die horizontale Linie des Tisches, auf dem wir detailliertes Geschirr sehen, und die Architektur im Hintergrund eingerahmt. Die Apostel sind in <strong>Dreiergruppen<\/strong> aufgeteilt, und jeder von ihnen ist in seiner Position unterschiedlich gekennzeichnet.<\/p>\n<h2>Die Apostel beim letzten Abendmahl<\/h2>\n<p>Die Gruppe ganz links auf dem Bild besteht aus <strong>Bartholom\u00e4us, Jakobus und Andreas<\/strong>. Die ersten beiden beugen sich begierig zu Jesus, w\u00e4hrend der dritte seine H\u00e4nde hebt. Dank Leonardos Studien des menschlichen K\u00f6rpers und der Ausdruckskraft der Gesten werden die Emotionen durch die Posen vermittelt.<\/p>\n<p>In der zweiten Gruppe von links sind <strong>Judas, Petrus und Johannes<\/strong>. Judas ist daran zu erkennen, dass er einen Beutel mit M\u00fcnzen in der Hand tr\u00e4gt und in seiner Aufregung einen Salzstreuer fallen l\u00e4sst, w\u00e4hrend er sich zur\u00fcckzieht. Petrus hat ein Messer in der Hand, ein Symbol f\u00fcr seinen feurigen Charakter und ein Hinweis auf die Episode, in der er dem Diener des Hohenpriesters in Gethsemane ein Ohr abschneiden wird. Er beugt sich zu Johannes vor, ber\u00fchrt ihn mit einer Hand und fordert ihn auf, Jesus zu fragen, wer der Verr\u00e4ter ist. Johannes, der mit zarten, jugendlichen Z\u00fcgen dargestellt ist, h\u00f6rt den Worten des Petrus mit zu ihm geneigtem Kopf zu.<\/p>\n<p>In der ersten Gruppe rechts neben Jesus sind <strong>Thomas, Jakobus der Gr\u00f6\u00dfere und Philippus<\/strong>. Die Figur des Thomas befindet sich ganz im Hintergrund, und es wird vermutet, dass er sp\u00e4ter als der urspr\u00fcngliche Entwurf hinzugef\u00fcgt wurde. Jakobus der Gro\u00dfe wird mit einem starken Ausdruck dargestellt, und seine Position vermittelt den Eindruck einer pl\u00f6tzlichen Bewegung. Philip legt seine H\u00e4nde in einer herzlichen Geste vor die Brust.<\/p>\n<p>Die letzten drei Apostel, <strong>Matth\u00e4us, Judas Thadd\u00e4us und Simon<\/strong>, stehen sich angesichts der Nachricht, die sie gerade erhalten haben, angeregt gegen\u00fcber.<\/p>\n<div class=\"link-article\">\n<p><img loading=\"lazy\" decoding=\"async\" class=\"size-full wp-image-2397 alignleft\" src=\"https:\/\/blog.holyart.it\/de\/wp-content\/uploads\/sites\/12\/2023\/03\/Osterkrippe.png\" alt=\"Osterkrippe\" width=\"150\" height=\"99\" data-kale-share-title=\"Das letzte Abendmahl von Leonardo da Vinci\" data-kale-share-url=\"https:\/\/blog.holyart.it\/de\/?p=2387\" \/><\/p>\n<div class=\"leggi-anche\">Lesen Sie auch:<\/div>\n<p><strong><a href=\"https:\/\/www.holyart.de\/blog\/besondere-anlassen\/osterkrippe-eine-alte-tradition-die-wiederentdeckt-werden-soll\/\">Osterkrippe, eine alte Tradition, die wiederentdeckt werden soll<\/a><\/strong><br \/>\nOsterkrippe? Nat\u00fcrlich! In unserem Land ist sie eine uralte und sehr beliebte Tradition. Aber wann sollte sie aufgestellt werden? Was sind die charakteristischen Figuren?<\/p>\n<\/div>\n<h2>Die Fu\u00dfwaschung<\/h2>\n<p>Leonardos Werk ist auch wegen der Wahl des Zeitpunkts f\u00fcr die Darstellung des Abendmahls von Bedeutung. Der Moment des Abendmahls wird n\u00e4mlich durch ein Ereignis unterbrochen, das noch wichtiger ist als die Enth\u00fcllung des Verr\u00e4ters: die <a href=\"https:\/\/www.holyart.de\/besondere-anlasse\/passionskrippe\/fusswaschung-jesu-fur-9-cm-krippe\"><strong>Fu\u00dfwaschung<\/strong><\/a>. Leonardos Letztes Abendmahl ist das Bild, das uns in den Sinn kommt, wenn wir an Gr\u00fcndonnerstag denken, aber es ist die Fu\u00dfwaschung, die wir bei den Gr\u00fcndonnerstagsfeiern sehen &#8211; allerdings nicht in diesem Jahr.<\/p>\n<table class=\"widefat sliders-list\">\n<tbody>\n<tr class=\"slider-row\">\n<td><div class=\"sp-styles-warning\" style=\"width: 450px; background-color: #FFF; color: #F00; border: 1px solid #F00; padding: 10px; font-size: 14px;\">\n\t\t\t<span style=\"font-weight: bold;\">Warning: The stylesheets were not loaded!<\/span> \n\t\t\tYou will need to change the <i>Load stylesheets<\/i> setting from <i>Automatically<\/i> to <i>On homepage<\/i> or <i>On all pages<\/i>. \n\t\t\tYou can set that <a style=\"text-decoration: underline; color: #F00;\" href=\"https:\/\/blog.holyart.it\/de\/wp-admin\/admin.php?page=sliderpro-settings\">here<\/a>.\n\t\t\t<\/div>\r\n<div id=\"slider-pro-33\" class=\"slider-pro sp-no-js\" style=\"width: 500px; height: 500px;\">\r\n\t<div class=\"sp-slides\">\r\n\t\t\r\n\t\t<div class=\"sp-slide\">\r\n\t\t\t<img loading=\"lazy\" decoding=\"async\" class=\"sp-image\" src=\"https:\/\/blog.holyart.it\/de\/wp-content\/uploads\/sites\/12\/2023\/03\/Statue-aus-Harz-Das-letzte-Abendmahl.jpg\" alt=\"Statue aus Harz Das letzte Abendmahl\" width=\"500\" height=\"500\" \/>\r\n\t\t\t<img decoding=\"async\" class=\"sp-thumbnail\" src=\"https:\/\/blog.holyart.it\/de\/wp-content\/uploads\/sites\/12\/2023\/03\/Statue-aus-Harz-Das-letzte-Abendmahl-150x150.jpg\" \/>\r\n\t\t\t<div class=\"sp-caption\">tatue aus Harz Das letzte Abendmahl, 15x28x10 cm. Diese Statue stellt das letzte Abendmahl mit den Aposteln am gedeckten Tisch dar. Alles wurde mit viel Liebe zum Detail angefertigt und mit goldenen Details verziert. In der Mitte sitzt Jesus mit offenen Armen und Handfl\u00e4chen nach oben gerichtet. Insgesamt misst die Statue 14,5x28x10 cm. Hergestellt wurde sie vollst\u00e4ndig aus Harz.\n<BR \/><strong><a href=\"https:\/\/www.holyart.de\/devotionalien\/statuen\/statuen-aus-resin-und-pvc\/statue-aus-harz-das-letzte-abendmahl-15x30x10-cm\">Bei Holyart kaufen<\/a><\/strong><\/div>\r\n\t\t<\/div>\r\n\t\t<div class=\"sp-slide\">\r\n\t\t\t<img loading=\"lazy\" decoding=\"async\" class=\"sp-image\" src=\"https:\/\/blog.holyart.it\/de\/wp-content\/uploads\/sites\/12\/2023\/03\/Bild-aus-farbigem-Bilaminat.jpg\" alt=\"Bild aus farbigem Bilaminat\" width=\"500\" height=\"500\" \/>\r\n\t\t\t<img decoding=\"async\" class=\"sp-thumbnail\" src=\"https:\/\/blog.holyart.it\/de\/wp-content\/uploads\/sites\/12\/2023\/03\/Bild-aus-farbigem-Bilaminat-150x150.jpg\" \/>\r\n\t\t\t<div class=\"sp-caption\">Bild vom letzten Abendmahl mit Autorenthema aus farbigem Bilaminat und mit Gold: diese Farbe wurde mit der eleganten R\u0171ckseite aus edlem Holz zur Doppelnutzung kombiniert.\nTisch und\/oder Wand. <BR \/><strong><a href=\"https:\/\/www.holyart.de\/devotionalien\/basreliefs\/basreliefs-aus-silber-und-versilberte-flachreliefe\/bild-aus-farbigem-bilaminat-vom-letzten-abendmahl-mit-ruckseite-aus-edlem-holz-7-5-x-15-cm\">Bei Holyart kaufen<\/a><\/strong><\/div>\r\n\t\t<\/div>\r\n\t\t<div class=\"sp-slide\">\r\n\t\t\t<img loading=\"lazy\" decoding=\"async\" class=\"sp-image\" src=\"https:\/\/blog.holyart.it\/de\/wp-content\/uploads\/sites\/12\/2023\/03\/Wandteppich-Letztes-Abendmahl.jpg\" alt=\"Wandteppich Letztes Abendmahl\" width=\"500\" height=\"500\" \/>\r\n\t\t\t<img decoding=\"async\" class=\"sp-thumbnail\" src=\"https:\/\/blog.holyart.it\/de\/wp-content\/uploads\/sites\/12\/2023\/03\/Wandteppich-Letztes-Abendmahl-150x150.jpg\" \/>\r\n\t\t\t<div class=\"sp-caption\">Wandteppich, Motiv: Letztes Abendmahl nach Leonardo da Vinci, Design inspiriert von einem niederl\u00e4ndischen Wandteppich, Format: 65x110 cm. Der Wandteppich aus raffiniertem Jacquardgewebe und mit exklusivem Design wird in Italien hergestellt. Der Wandteppich ist umlaufend vers\u00e4ubert und ist geeignet, um auf einen Rahmen aufgezogen zu werden.<BR \/><strong><a href=\"https:\/\/www.holyart.de\/devotionalien\/wandteppiche\/wandteppich-letztes-abendmahl-nach-leonardo-da-vinci-65x110-cm\">Bei Holyart kaufen<\/a><\/strong><\/div>\r\n\t\t<\/div>\r\n\t\t<div class=\"sp-slide\">\r\n\t\t\t<img loading=\"lazy\" decoding=\"async\" class=\"sp-image\" src=\"https:\/\/blog.holyart.it\/de\/wp-content\/uploads\/sites\/12\/2023\/03\/Siebdruck-Ikone-letzte-Abendmahl.jpg\" alt=\"Siebdruck Ikone letzte Abendmahl\" width=\"500\" height=\"500\" \/>\r\n\t\t\t<img decoding=\"async\" class=\"sp-thumbnail\" src=\"https:\/\/blog.holyart.it\/de\/wp-content\/uploads\/sites\/12\/2023\/03\/Siebdruck-Ikone-letzte-Abendmahl-150x150.jpg\" \/>\r\n\t\t\t<div class=\"sp-caption\">Siebdruck Ikone letzte Abendmahl. Siebdruck Ikone realisiert in Griechenland und voll von Details. Verf\u00fcgbar in verschiedenen Dimensionen. W\u00e4hlen Sie Ihre Lieblings aus dem Menu. <BR \/><strong><a href=\"https:\/\/www.holyart.de\/devotionalien\/ikonen\/griechische-ikonen\/siebdruck-ikone-letzte-abendmahl\">Bei Holyart kaufen<\/a><\/strong><\/div>\r\n\t\t<\/div>\r\n\t\t<div class=\"sp-slide\">\r\n\t\t\t<img loading=\"lazy\" decoding=\"async\" class=\"sp-image\" src=\"https:\/\/blog.holyart.it\/de\/wp-content\/uploads\/sites\/12\/2023\/03\/Basrelief-letzte-Abendmahl.jpg\" alt=\"Basrelief letzte Abendmahl\" width=\"500\" height=\"500\" \/>\r\n\t\t\t<img decoding=\"async\" class=\"sp-thumbnail\" src=\"https:\/\/blog.holyart.it\/de\/wp-content\/uploads\/sites\/12\/2023\/03\/Basrelief-letzte-Abendmahl-150x150.jpg\" \/>\r\n\t\t\t<div class=\"sp-caption\">Basrelief letzte Abendmahl aus Gr\u00f6dnertal Holz patiniert. Das Basrelief ist aus Gr\u00f6dnertal Ahornholz realisiert und ist mit einer Nussbaumholz Patina mit verschiedenen Farbt\u00f6nen verfeinert. Handwerkprodukt realisiert in Italien. Das Basrelief ist in verschiedenen Gr\u00f6\u00dfen verf\u00fcgbar. W\u00e4hlen Sie Ihr Lieblings aus dem Menu.\n<BR \/><strong><a href=\"https:\/\/www.holyart.de\/devotionalien\/basreliefs\/verschiedene-basreliefs\/basrelief-letzte-abendmahl-aus-grodnertal-holz-patiniert\">Bei Holyart kaufen<\/a><\/strong><\/div>\r\n\t\t<\/div>\r\n\t<\/div>\r\n<\/div><\/td>\n<\/tr>\n<\/tbody>\n<\/table>\n","protected":false},"excerpt":{"rendered":"<p>Das letzte Abendmahl von Leonardo da Vinci in Santa Maria delle Grazie (Mailand) ist eines der ber\u00fchmtesten Kunstwerke der Welt, reich an religi\u00f6ser und k\u00fcnstlerischer Bedeutung. Das letzte Abendmahl von Leonardo da Vinci ist eines der ber\u00fchmtesten Kunstwerke der Welt &#8211; sowohl f\u00fcr Christen als&hellip;<\/p>\n","protected":false},"author":1,"featured_media":2395,"comment_status":"closed","ping_status":"open","sticky":false,"template":"","format":"standard","meta":{"_acf_changed":false,"footnotes":""},"categories":[10],"tags":[],"class_list":["post-2387","post","type-post","status-publish","format-standard","has-post-thumbnail","hentry","category-devotionalien"],"acf":[],"yoast_head":"<!-- This site is optimized with the Yoast SEO plugin v26.6 - https:\/\/yoast.com\/wordpress\/plugins\/seo\/ -->\n<title>Das letzte Abendmahl von Leonardo da Vinci - Holyart.de Blog<\/title>\n<meta name=\"description\" content=\"Das letzte Abendmahl von Leonardo da Vinci in Santa Maria delle Grazie (Mailand) ist eines der ber\u00fchmtesten Kunstwerke der Welt.\" \/>\n<meta name=\"robots\" content=\"index, follow, max-snippet:-1, max-image-preview:large, max-video-preview:-1\" \/>\n<link rel=\"canonical\" href=\"https:\/\/blog.holyart.it\/de\/devotionalien\/das-letzte-abendmahl-von-leonardo-da-vinci\/\" \/>\n<meta property=\"og:locale\" content=\"de_DE\" \/>\n<meta property=\"og:type\" content=\"article\" \/>\n<meta property=\"og:title\" content=\"Das letzte Abendmahl von Leonardo da Vinci - Holyart.de Blog\" \/>\n<meta property=\"og:description\" content=\"Das letzte Abendmahl von Leonardo da Vinci in Santa Maria delle Grazie (Mailand) ist eines der ber\u00fchmtesten Kunstwerke der Welt.\" \/>\n<meta property=\"og:url\" content=\"https:\/\/blog.holyart.it\/de\/devotionalien\/das-letzte-abendmahl-von-leonardo-da-vinci\/\" \/>\n<meta property=\"og:site_name\" content=\"Holyart.de Blog\" \/>\n<meta property=\"article:published_time\" content=\"2023-04-11T10:30:58+00:00\" \/>\n<meta property=\"article:modified_time\" content=\"2025-02-04T13:22:10+00:00\" \/>\n<meta property=\"og:image\" content=\"https:\/\/blog.holyart.it\/de\/wp-content\/uploads\/sites\/12\/2023\/03\/Das-letzte-Abendmahl-von-Leonardo-da-Vinci.jpeg\" \/>\n\t<meta property=\"og:image:width\" content=\"1000\" \/>\n\t<meta property=\"og:image:height\" content=\"666\" \/>\n\t<meta property=\"og:image:type\" content=\"image\/jpeg\" \/>\n<meta name=\"author\" content=\"Redazione\" \/>\n<meta name=\"twitter:card\" content=\"summary_large_image\" \/>\n<meta name=\"twitter:label1\" content=\"Verfasst von\" \/>\n\t<meta name=\"twitter:data1\" content=\"Redazione\" \/>\n\t<meta name=\"twitter:label2\" content=\"Gesch\u00e4tzte Lesezeit\" \/>\n\t<meta name=\"twitter:data2\" content=\"6\u00a0Minuten\" \/>\n<script type=\"application\/ld+json\" class=\"yoast-schema-graph\">{\"@context\":\"https:\/\/schema.org\",\"@graph\":[{\"@type\":\"Article\",\"@id\":\"https:\/\/blog.holyart.it\/de\/devotionalien\/das-letzte-abendmahl-von-leonardo-da-vinci\/#article\",\"isPartOf\":{\"@id\":\"https:\/\/blog.holyart.it\/de\/devotionalien\/das-letzte-abendmahl-von-leonardo-da-vinci\/\"},\"author\":{\"name\":\"Redazione\",\"@id\":\"https:\/\/blog.holyart.it\/de\/#\/schema\/person\/0a7b686e5af0f856ec1e390dd0baecda\"},\"headline\":\"Das letzte Abendmahl von Leonardo da Vinci\",\"datePublished\":\"2023-04-11T10:30:58+00:00\",\"dateModified\":\"2025-02-04T13:22:10+00:00\",\"mainEntityOfPage\":{\"@id\":\"https:\/\/blog.holyart.it\/de\/devotionalien\/das-letzte-abendmahl-von-leonardo-da-vinci\/\"},\"wordCount\":1040,\"publisher\":{\"@id\":\"https:\/\/blog.holyart.it\/de\/#organization\"},\"image\":{\"@id\":\"https:\/\/blog.holyart.it\/de\/devotionalien\/das-letzte-abendmahl-von-leonardo-da-vinci\/#primaryimage\"},\"thumbnailUrl\":\"https:\/\/blog.holyart.it\/de\/wp-content\/uploads\/sites\/12\/2023\/03\/Das-letzte-Abendmahl-von-Leonardo-da-Vinci.jpeg\",\"articleSection\":[\"Religion\"],\"inLanguage\":\"de\"},{\"@type\":\"WebPage\",\"@id\":\"https:\/\/blog.holyart.it\/de\/devotionalien\/das-letzte-abendmahl-von-leonardo-da-vinci\/\",\"url\":\"https:\/\/blog.holyart.it\/de\/devotionalien\/das-letzte-abendmahl-von-leonardo-da-vinci\/\",\"name\":\"Das letzte Abendmahl von Leonardo da Vinci - Holyart.de Blog\",\"isPartOf\":{\"@id\":\"https:\/\/blog.holyart.it\/de\/#website\"},\"primaryImageOfPage\":{\"@id\":\"https:\/\/blog.holyart.it\/de\/devotionalien\/das-letzte-abendmahl-von-leonardo-da-vinci\/#primaryimage\"},\"image\":{\"@id\":\"https:\/\/blog.holyart.it\/de\/devotionalien\/das-letzte-abendmahl-von-leonardo-da-vinci\/#primaryimage\"},\"thumbnailUrl\":\"https:\/\/blog.holyart.it\/de\/wp-content\/uploads\/sites\/12\/2023\/03\/Das-letzte-Abendmahl-von-Leonardo-da-Vinci.jpeg\",\"datePublished\":\"2023-04-11T10:30:58+00:00\",\"dateModified\":\"2025-02-04T13:22:10+00:00\",\"description\":\"Das letzte Abendmahl von Leonardo da Vinci in Santa Maria delle Grazie (Mailand) ist eines der ber\u00fchmtesten Kunstwerke der Welt.\",\"breadcrumb\":{\"@id\":\"https:\/\/blog.holyart.it\/de\/devotionalien\/das-letzte-abendmahl-von-leonardo-da-vinci\/#breadcrumb\"},\"inLanguage\":\"de\",\"potentialAction\":[{\"@type\":\"ReadAction\",\"target\":[\"https:\/\/blog.holyart.it\/de\/devotionalien\/das-letzte-abendmahl-von-leonardo-da-vinci\/\"]}]},{\"@type\":\"ImageObject\",\"inLanguage\":\"de\",\"@id\":\"https:\/\/blog.holyart.it\/de\/devotionalien\/das-letzte-abendmahl-von-leonardo-da-vinci\/#primaryimage\",\"url\":\"https:\/\/blog.holyart.it\/de\/wp-content\/uploads\/sites\/12\/2023\/03\/Das-letzte-Abendmahl-von-Leonardo-da-Vinci.jpeg\",\"contentUrl\":\"https:\/\/blog.holyart.it\/de\/wp-content\/uploads\/sites\/12\/2023\/03\/Das-letzte-Abendmahl-von-Leonardo-da-Vinci.jpeg\",\"width\":1000,\"height\":666,\"caption\":\"Das letzte Abendmahl von Leonardo da Vinci\"},{\"@type\":\"BreadcrumbList\",\"@id\":\"https:\/\/blog.holyart.it\/de\/devotionalien\/das-letzte-abendmahl-von-leonardo-da-vinci\/#breadcrumb\",\"itemListElement\":[{\"@type\":\"ListItem\",\"position\":1,\"name\":\"Homepage\",\"item\":\"https:\/\/blog.holyart.it\/de\/\"},{\"@type\":\"ListItem\",\"position\":2,\"name\":\"Religion\",\"item\":\"https:\/\/blog.holyart.it\/de\/devotionalien\/\"},{\"@type\":\"ListItem\",\"position\":3,\"name\":\"Das letzte Abendmahl von Leonardo da Vinci\"}]},{\"@type\":\"WebSite\",\"@id\":\"https:\/\/blog.holyart.it\/de\/#website\",\"url\":\"https:\/\/blog.holyart.it\/de\/\",\"name\":\"Holyart.de Blog\",\"description\":\"Holyblog\",\"publisher\":{\"@id\":\"https:\/\/blog.holyart.it\/de\/#organization\"},\"potentialAction\":[{\"@type\":\"SearchAction\",\"target\":{\"@type\":\"EntryPoint\",\"urlTemplate\":\"https:\/\/blog.holyart.it\/de\/?s={search_term_string}\"},\"query-input\":{\"@type\":\"PropertyValueSpecification\",\"valueRequired\":true,\"valueName\":\"search_term_string\"}}],\"inLanguage\":\"de\"},{\"@type\":\"Organization\",\"@id\":\"https:\/\/blog.holyart.it\/de\/#organization\",\"name\":\"Holyart.de Blog\",\"url\":\"https:\/\/blog.holyart.it\/de\/\",\"logo\":{\"@type\":\"ImageObject\",\"inLanguage\":\"de\",\"@id\":\"https:\/\/blog.holyart.it\/de\/#\/schema\/logo\/image\/\",\"url\":\"https:\/\/blog.holyart.it\/de\/wp-content\/uploads\/sites\/12\/2022\/12\/Holyart_Blog_Logo.jpg\",\"contentUrl\":\"https:\/\/blog.holyart.it\/de\/wp-content\/uploads\/sites\/12\/2022\/12\/Holyart_Blog_Logo.jpg\",\"width\":300,\"height\":50,\"caption\":\"Holyart.de Blog\"},\"image\":{\"@id\":\"https:\/\/blog.holyart.it\/de\/#\/schema\/logo\/image\/\"}},{\"@type\":\"Person\",\"@id\":\"https:\/\/blog.holyart.it\/de\/#\/schema\/person\/0a7b686e5af0f856ec1e390dd0baecda\",\"name\":\"Redazione\",\"image\":{\"@type\":\"ImageObject\",\"inLanguage\":\"de\",\"@id\":\"https:\/\/blog.holyart.it\/de\/#\/schema\/person\/image\/\",\"url\":\"https:\/\/secure.gravatar.com\/avatar\/f477da817f43e50d0af36abecd33e3edf826c68299714bdc1057dff3b113f516?s=96&d=mm&r=g\",\"contentUrl\":\"https:\/\/secure.gravatar.com\/avatar\/f477da817f43e50d0af36abecd33e3edf826c68299714bdc1057dff3b113f516?s=96&d=mm&r=g\",\"caption\":\"Redazione\"}}]}<\/script>\n<!-- \/ Yoast SEO plugin. -->","yoast_head_json":{"title":"Das letzte Abendmahl von Leonardo da Vinci - Holyart.de Blog","description":"Das letzte Abendmahl von Leonardo da Vinci in Santa Maria delle Grazie (Mailand) ist eines der ber\u00fchmtesten Kunstwerke der Welt.","robots":{"index":"index","follow":"follow","max-snippet":"max-snippet:-1","max-image-preview":"max-image-preview:large","max-video-preview":"max-video-preview:-1"},"canonical":"https:\/\/blog.holyart.it\/de\/devotionalien\/das-letzte-abendmahl-von-leonardo-da-vinci\/","og_locale":"de_DE","og_type":"article","og_title":"Das letzte Abendmahl von Leonardo da Vinci - Holyart.de Blog","og_description":"Das letzte Abendmahl von Leonardo da Vinci in Santa Maria delle Grazie (Mailand) ist eines der ber\u00fchmtesten Kunstwerke der Welt.","og_url":"https:\/\/blog.holyart.it\/de\/devotionalien\/das-letzte-abendmahl-von-leonardo-da-vinci\/","og_site_name":"Holyart.de Blog","article_published_time":"2023-04-11T10:30:58+00:00","article_modified_time":"2025-02-04T13:22:10+00:00","og_image":[{"width":1000,"height":666,"url":"https:\/\/blog.holyart.it\/de\/wp-content\/uploads\/sites\/12\/2023\/03\/Das-letzte-Abendmahl-von-Leonardo-da-Vinci.jpeg","type":"image\/jpeg"}],"author":"Redazione","twitter_card":"summary_large_image","twitter_misc":{"Verfasst von":"Redazione","Gesch\u00e4tzte Lesezeit":"6\u00a0Minuten"},"schema":{"@context":"https:\/\/schema.org","@graph":[{"@type":"Article","@id":"https:\/\/blog.holyart.it\/de\/devotionalien\/das-letzte-abendmahl-von-leonardo-da-vinci\/#article","isPartOf":{"@id":"https:\/\/blog.holyart.it\/de\/devotionalien\/das-letzte-abendmahl-von-leonardo-da-vinci\/"},"author":{"name":"Redazione","@id":"https:\/\/blog.holyart.it\/de\/#\/schema\/person\/0a7b686e5af0f856ec1e390dd0baecda"},"headline":"Das letzte Abendmahl von Leonardo da Vinci","datePublished":"2023-04-11T10:30:58+00:00","dateModified":"2025-02-04T13:22:10+00:00","mainEntityOfPage":{"@id":"https:\/\/blog.holyart.it\/de\/devotionalien\/das-letzte-abendmahl-von-leonardo-da-vinci\/"},"wordCount":1040,"publisher":{"@id":"https:\/\/blog.holyart.it\/de\/#organization"},"image":{"@id":"https:\/\/blog.holyart.it\/de\/devotionalien\/das-letzte-abendmahl-von-leonardo-da-vinci\/#primaryimage"},"thumbnailUrl":"https:\/\/blog.holyart.it\/de\/wp-content\/uploads\/sites\/12\/2023\/03\/Das-letzte-Abendmahl-von-Leonardo-da-Vinci.jpeg","articleSection":["Religion"],"inLanguage":"de"},{"@type":"WebPage","@id":"https:\/\/blog.holyart.it\/de\/devotionalien\/das-letzte-abendmahl-von-leonardo-da-vinci\/","url":"https:\/\/blog.holyart.it\/de\/devotionalien\/das-letzte-abendmahl-von-leonardo-da-vinci\/","name":"Das letzte Abendmahl von Leonardo da Vinci - Holyart.de Blog","isPartOf":{"@id":"https:\/\/blog.holyart.it\/de\/#website"},"primaryImageOfPage":{"@id":"https:\/\/blog.holyart.it\/de\/devotionalien\/das-letzte-abendmahl-von-leonardo-da-vinci\/#primaryimage"},"image":{"@id":"https:\/\/blog.holyart.it\/de\/devotionalien\/das-letzte-abendmahl-von-leonardo-da-vinci\/#primaryimage"},"thumbnailUrl":"https:\/\/blog.holyart.it\/de\/wp-content\/uploads\/sites\/12\/2023\/03\/Das-letzte-Abendmahl-von-Leonardo-da-Vinci.jpeg","datePublished":"2023-04-11T10:30:58+00:00","dateModified":"2025-02-04T13:22:10+00:00","description":"Das letzte Abendmahl von Leonardo da Vinci in Santa Maria delle Grazie (Mailand) ist eines der ber\u00fchmtesten Kunstwerke der Welt.","breadcrumb":{"@id":"https:\/\/blog.holyart.it\/de\/devotionalien\/das-letzte-abendmahl-von-leonardo-da-vinci\/#breadcrumb"},"inLanguage":"de","potentialAction":[{"@type":"ReadAction","target":["https:\/\/blog.holyart.it\/de\/devotionalien\/das-letzte-abendmahl-von-leonardo-da-vinci\/"]}]},{"@type":"ImageObject","inLanguage":"de","@id":"https:\/\/blog.holyart.it\/de\/devotionalien\/das-letzte-abendmahl-von-leonardo-da-vinci\/#primaryimage","url":"https:\/\/blog.holyart.it\/de\/wp-content\/uploads\/sites\/12\/2023\/03\/Das-letzte-Abendmahl-von-Leonardo-da-Vinci.jpeg","contentUrl":"https:\/\/blog.holyart.it\/de\/wp-content\/uploads\/sites\/12\/2023\/03\/Das-letzte-Abendmahl-von-Leonardo-da-Vinci.jpeg","width":1000,"height":666,"caption":"Das letzte Abendmahl von Leonardo da Vinci"},{"@type":"BreadcrumbList","@id":"https:\/\/blog.holyart.it\/de\/devotionalien\/das-letzte-abendmahl-von-leonardo-da-vinci\/#breadcrumb","itemListElement":[{"@type":"ListItem","position":1,"name":"Homepage","item":"https:\/\/blog.holyart.it\/de\/"},{"@type":"ListItem","position":2,"name":"Religion","item":"https:\/\/blog.holyart.it\/de\/devotionalien\/"},{"@type":"ListItem","position":3,"name":"Das letzte Abendmahl von Leonardo da Vinci"}]},{"@type":"WebSite","@id":"https:\/\/blog.holyart.it\/de\/#website","url":"https:\/\/blog.holyart.it\/de\/","name":"Holyart.de Blog","description":"Holyblog","publisher":{"@id":"https:\/\/blog.holyart.it\/de\/#organization"},"potentialAction":[{"@type":"SearchAction","target":{"@type":"EntryPoint","urlTemplate":"https:\/\/blog.holyart.it\/de\/?s={search_term_string}"},"query-input":{"@type":"PropertyValueSpecification","valueRequired":true,"valueName":"search_term_string"}}],"inLanguage":"de"},{"@type":"Organization","@id":"https:\/\/blog.holyart.it\/de\/#organization","name":"Holyart.de Blog","url":"https:\/\/blog.holyart.it\/de\/","logo":{"@type":"ImageObject","inLanguage":"de","@id":"https:\/\/blog.holyart.it\/de\/#\/schema\/logo\/image\/","url":"https:\/\/blog.holyart.it\/de\/wp-content\/uploads\/sites\/12\/2022\/12\/Holyart_Blog_Logo.jpg","contentUrl":"https:\/\/blog.holyart.it\/de\/wp-content\/uploads\/sites\/12\/2022\/12\/Holyart_Blog_Logo.jpg","width":300,"height":50,"caption":"Holyart.de Blog"},"image":{"@id":"https:\/\/blog.holyart.it\/de\/#\/schema\/logo\/image\/"}},{"@type":"Person","@id":"https:\/\/blog.holyart.it\/de\/#\/schema\/person\/0a7b686e5af0f856ec1e390dd0baecda","name":"Redazione","image":{"@type":"ImageObject","inLanguage":"de","@id":"https:\/\/blog.holyart.it\/de\/#\/schema\/person\/image\/","url":"https:\/\/secure.gravatar.com\/avatar\/f477da817f43e50d0af36abecd33e3edf826c68299714bdc1057dff3b113f516?s=96&d=mm&r=g","contentUrl":"https:\/\/secure.gravatar.com\/avatar\/f477da817f43e50d0af36abecd33e3edf826c68299714bdc1057dff3b113f516?s=96&d=mm&r=g","caption":"Redazione"}}]}},"_links":{"self":[{"href":"https:\/\/blog.holyart.it\/de\/wp-json\/wp\/v2\/posts\/2387","targetHints":{"allow":["GET"]}}],"collection":[{"href":"https:\/\/blog.holyart.it\/de\/wp-json\/wp\/v2\/posts"}],"about":[{"href":"https:\/\/blog.holyart.it\/de\/wp-json\/wp\/v2\/types\/post"}],"author":[{"embeddable":true,"href":"https:\/\/blog.holyart.it\/de\/wp-json\/wp\/v2\/users\/1"}],"replies":[{"embeddable":true,"href":"https:\/\/blog.holyart.it\/de\/wp-json\/wp\/v2\/comments?post=2387"}],"version-history":[{"count":5,"href":"https:\/\/blog.holyart.it\/de\/wp-json\/wp\/v2\/posts\/2387\/revisions"}],"predecessor-version":[{"id":2423,"href":"https:\/\/blog.holyart.it\/de\/wp-json\/wp\/v2\/posts\/2387\/revisions\/2423"}],"wp:featuredmedia":[{"embeddable":true,"href":"https:\/\/blog.holyart.it\/de\/wp-json\/wp\/v2\/media\/2395"}],"wp:attachment":[{"href":"https:\/\/blog.holyart.it\/de\/wp-json\/wp\/v2\/media?parent=2387"}],"wp:term":[{"taxonomy":"category","embeddable":true,"href":"https:\/\/blog.holyart.it\/de\/wp-json\/wp\/v2\/categories?post=2387"},{"taxonomy":"post_tag","embeddable":true,"href":"https:\/\/blog.holyart.it\/de\/wp-json\/wp\/v2\/tags?post=2387"}],"curies":[{"name":"wp","href":"https:\/\/api.w.org\/{rel}","templated":true}]}}