{"id":2361,"date":"2023-03-28T12:30:35","date_gmt":"2023-03-28T10:30:35","guid":{"rendered":"https:\/\/blog.holyart.it\/de\/?p=2361"},"modified":"2025-02-10T12:04:41","modified_gmt":"2025-02-10T11:04:41","slug":"wie-wird-ostern-berechnet","status":"publish","type":"post","link":"https:\/\/blog.holyart.it\/de\/ostern\/wie-wird-ostern-berechnet\/","title":{"rendered":"Wie wird Ostern berechnet?"},"content":{"rendered":"<h4><em>Jedes Jahr \u00e4ndert sich das Datum, aber es bleibt das wichtigste Fest: In diesem Artikel erfahren Sie, wie Ostern in der j\u00fcdischen und christlichen Welt berechnet wird.<\/em><\/h4>\n\n<p>Das wichtigste Fest des Kirchenjahres: <strong>Ostern<\/strong>! Schokoladeneier und Osterhasen erhellen die Osterzeit, aber f\u00fcr die christliche Welt ist <strong>das wahre Wesen<\/strong> <strong>von Ostern<\/strong> der Sieg Jesu \u00fcber den Tod und <strong>die Erl\u00f6sung der gesamten Menschheit von der S\u00fcnde<\/strong>. Nicht einmal die vierzig Tage der Fastenzeit scheinen genug Zeit zu sein, um sich auf ein so gro\u00dfes Ereignis vorzubereiten! Und was die liturgischen Zeiten betrifft, so h\u00e4ngen alle beweglichen Feste der Kirche &#8211; die wir in einem fr\u00fcheren Artikel besprochen haben &#8211; genau von Ostern ab.<\/p>\n<p>In diesem Artikel werden wir sehen, welche Bedeutung Ostern in der <strong>j\u00fcdischen<\/strong> und in der <strong>christlichen<\/strong> <strong>Welt<\/strong> hat und wie es <strong>in den verschiedenen Kalendern berechnet<\/strong> wird.<\/p>\n<p><img loading=\"lazy\" decoding=\"async\" class=\"size-full wp-image-2364 aligncenter\" src=\"https:\/\/blog.holyart.it\/de\/wp-content\/uploads\/sites\/12\/2023\/03\/Ostern-.jpeg\" alt=\"Ostern \" width=\"1000\" height=\"432\" data-kale-share-title=\"Wie wird Ostern berechnet?\" data-kale-share-url=\"https:\/\/blog.holyart.it\/de\/devotionalien\/wie-wird-ostern-berechnet\/\" \/><\/p>\n<h2>Das j\u00fcdische Osterfest<\/h2>\n<p>Das j\u00fcdische Ostern und das christliche Ostern sind durch die Geschichte der beiden Religionen miteinander verbunden. Die Ereignisse, die zum Pessachfest f\u00fchrten, werden im <strong>Buch Exodus<\/strong> erz\u00e4hlt: die <strong>Befreiung des j\u00fcdischen Volkes aus der Sklaverei<\/strong> in \u00c4gypten und der Beginn der <strong>Reise in das Gelobte Land<\/strong> unter der F\u00fchrung von Moses. Der \u00dcbergang von der Sklaverei zur Freiheit gilt als eines der eindrucksvollsten Beispiele f\u00fcr das Eingreifen Gottes in die Geschichte des j\u00fcdischen Volkes.<\/p>\n<p>Das <strong>Pessachfest<\/strong> dauert acht Tage: Es beginnt mit dem Festmahl am Abend <strong>des vierzehnten Tages des Monats Nisan<\/strong>, der im gregorianischen Kalender zwischen M\u00e4rz und April liegt. Das Abendessen erinnert an dasjenige, das die Juden kurz vor dem Auszug aus \u00c4gypten zu sich nahmen. Ein besonderes Element des Passahfestes ist das <a href=\"https:\/\/www.holyart.de\/verbrauchsprodukte\/hostien?page=1\"><strong>unges\u00e4uerte Brot<\/strong>:<\/a> Da die Juden \u00c4gypten in Eile verlassen mussten, hatten sie keine Zeit, eine richtige Mahlzeit zuzubereiten, und die unges\u00e4uerten Brote stehen f\u00fcr ihre Bereitschaft, dem Befehl Gottes folgend auszureisen.<\/p>\n<h2>Wie das Pessachfest berechnet wird<\/h2>\n<p>Das Datum des Passahfestes unterscheidet sich vom christlichen Datum, da es auf dem <strong>j\u00fcdischen Kalender<\/strong> beruht, in dem jeder Monat mit dem Neumond beginnt und dem Zyklus der Mondphasen folgt. Der f\u00fcnfzehnte Tag des Monats f\u00e4llt mit dem Vollmond zusammen. Pessach f\u00e4llt also auf den <strong>ersten Vollmond nach der Fr\u00fchlings-Tagundnachtgleiche<\/strong>. Nach dem gregorianischen Kalender liegt das Datum zwischen dem 26. M\u00e4rz und dem 25. April. Im Jahr 2021 umfasst das Passahfest die Tage vom 27. M\u00e4rz bis zum 4. April.<\/p>\n<div class=\"link-article\">\n<p><img loading=\"lazy\" decoding=\"async\" class=\"alignnone size-full wp-image-2366\" src=\"https:\/\/blog.holyart.it\/de\/wp-content\/uploads\/sites\/12\/2023\/03\/Was-sind-die-Unterschiede-zwischen-Judentum-und-Christentum.jpg\" alt=\"Was sind die Unterschiede zwischen Judentum und Christentum\" width=\"150\" height=\"99\" data-kale-share-title=\"Wie wird Ostern berechnet?\" data-kale-share-url=\"https:\/\/blog.holyart.it\/de\/devotionalien\/wie-wird-ostern-berechnet\/\" \/><\/p>\n<div class=\"leggi-anche\">Lesen Sie auch:<\/div>\n<p><strong><a href=\"https:\/\/www.holyart.de\/blog\/devotionalien\/was-sind-die-unterschiede-zwischen-judentum-und-christentum\/\">Was sind die Unterschiede zwischen Judentum und Christentum?<\/a><\/strong><br \/>\nWas sind die Unterschiede zwischen Judentum und Christentum?<\/p>\n<\/div>\n<h2>Christliches Ostern<\/h2>\n<p>Das christliche Osterfest ist die Feier des Ereignisses der <a href=\"https:\/\/www.holyart.de\/besondere-anlasse\/ostern-und-fastenzeit\/auferstandener-christus-und-priesterkonig?page=1&amp;flags=true\"><strong>Auferstehung Christi<\/strong>.<\/a> Es f\u00e4llt immer auf einen Sonntag. In der katholischen Kirche wird Ostern acht Tage lang ab dem Auferstehungssonntag gefeiert, die sogenannte <strong>Osteroktav<\/strong>. Die Woche vor Ostern ist die <strong>Karwoche<\/strong>, und w\u00e4hrend der letzten drei Tage &#8211; Gr\u00fcndonnerstag, Karfreitag und Karsamstag &#8211; werden die Ereignisse der Passion, der Kreuzigung und des Todes Jesu nachgestellt. Jeder Tag der Karwoche hat eine besondere Bedeutung, die wir in einem Artikel in unserem Blog erl\u00e4utert haben.<\/p>\n<p>Das Osterfest ist <strong>d<a href=\"https:\/\/www.holyart.de\/kirchenbedarf\">as wichtigste Ereignis im liturgischen Kalender<\/a><\/strong> der Kirche, von dem alle wichtigen Feste des Jahres abh\u00e4ngen. Die Feiern vor dem Ostersonntag sind intensiv und lassen die Gl\u00e4ubigen die bedeutenden Momente der Passion Christi wiedererleben. Die j\u00fcdische Tradition ist auch f\u00fcr die katholischen Christen pr\u00e4sent: Am Gr\u00fcndonnerstag wird oft an das Pessachmahl der Juden und den Exodus erinnert, der Teil der Geschichte ist, die zur Entstehung des Christentums f\u00fchrte. In der Nacht zwischen Karsamstag und Ostermorgen wird die <strong>Osternachtmesse<\/strong> gefeiert, in der Lesungen aus <strong><a href=\"https:\/\/www.holyart.de\/devotionalien\/italienische-christliche-bucher\/bibeln-in-italienischer-sprache?page=1&amp;flags=true\">der Bibel gelesen werden,<\/a> <\/strong>die die Heilsgeschichte von der Erschaffung des Menschen bis zur Erf\u00fcllung der Verhei\u00dfung mit der Auferstehung nachzeichnen.<\/p>\n<h2>Wie das christliche Osterfest berechnet wird<\/h2>\n<p>Die Daten des Passahfestes und des christlichen Osterfestes liegen oft nahe beieinander, da die Ereignisse des Todes und der Auferstehung Christi an den Passahtagen stattfanden: <strong><a href=\"https:\/\/www.holyart.de\/besondere-anlasse\/ostern-und-fastenzeit\/passionskrippe\/letztes-abendmahl-fur-9-cm-krippe\">Das letzte Abendmahl Jesu mit den Aposteln<\/a><\/strong> war in der Tat ein Passahessen. Das christliche Osterfest wird auch nach der <strong>Fr\u00fchlings-Tagundnachtgleiche<\/strong> berechnet, die nach g\u00e4ngiger Auffassung auf den 21. M\u00e4rz, den Fr\u00fchlingsanfang, f\u00e4llt: <strong>Der Ostersonntag ist der erste nach dem ersten Fr\u00fchlingsvollmond<\/strong>. Somit f\u00e4llt Ostern immer zwischen dem 22. M\u00e4rz und dem 25. April. Im Jahr 2023 f\u00e4llt das christliche Osterfest auf Sonntag, den 9. April.<\/p>\n<h2>Orthodoxe Ostern<\/h2>\n<p>Obwohl die <strong><a href=\"https:\/\/www.holyart.de\/blog\/devotionalien\/orthodoxe-ikonen-darstellungen-der-werke-christi-auf-erden\/\">orthodoxe Gemeinschaft<\/a> <\/strong>noch zur christlichen Welt geh\u00f6rt, bezieht sie sich in einigen L\u00e4ndern bei der Festlegung der liturgischen Feste auf den <strong>julianischen Kalender<\/strong> und nicht auf den gregorianischen Kalender. Ostern f\u00e4llt auch auf einen anderen Zeitpunkt als bei Katholiken und Protestanten. Der julianische Kalender ist der alte r\u00f6mische Kalender, der von Julius C\u00e4sar eingef\u00fchrt wurde, w\u00e4hrend der gregorianische Kalender auf das Mittelalter zur\u00fcckgeht und nach Papst Gregor XIII. benannt ist, der ihn eingef\u00fchrt hat.<\/p>\n<div class=\"link-article\">\n<p><img loading=\"lazy\" decoding=\"async\" class=\"alignnone size-full wp-image-2367\" src=\"https:\/\/blog.holyart.it\/de\/wp-content\/uploads\/sites\/12\/2023\/03\/Orthodoxe-Ikonen.jpeg\" alt=\"Orthodoxe Ikonen\" width=\"150\" height=\"99\" data-kale-share-title=\"Wie wird Ostern berechnet?\" data-kale-share-url=\"https:\/\/blog.holyart.it\/de\/devotionalien\/wie-wird-ostern-berechnet\/\" \/><\/p>\n<div class=\"leggi-anche\">Lesen Sie auch:<\/div>\n<p><strong><a href=\"https:\/\/www.holyart.de\/blog\/devotionalien\/orthodoxe-ikonen-darstellungen-der-werke-christi-auf-erden\/\">Orthodoxe Ikonen: Darstellungen der Werke Christi auf Erden<\/a><\/strong><br \/>\nOrthodoxe Ikonen waren schon immer ein Treffpunkt zwischen Kunst und einer reinen und feierlichen Spiritualit\u00e4t.<\/p>\n<\/div>\n<h2>Wie das orthodoxe Osterfest berechnet wird<\/h2>\n<p>W\u00e4hrend f\u00fcr Katholiken und Protestanten Ostern auf den ersten Sonntag nach dem ersten Fr\u00fchlingsvollmond f\u00e4llt, ist es f\u00fcr die Orthodoxen einfach <strong>der erste Sonntag nach der Tagundnachtgleiche<\/strong>. Der Zeitraum ist derselbe, aber die beiden Daten k\u00f6nnen sich um einige Wochen unterscheiden. Im Jahr 2021 f\u00e4llt das orthodoxe Osterfest auf den 2. Mai des gregorianischen Kalenders.<\/p>\n<h2>Hohe oder niedrige Ostern: was ist gemeint?<\/h2>\n<p>Wenn man \u00fcber das Osterdatum spricht, h\u00f6rt man oft die Ausdr\u00fccke \u201e<strong>hohes Ostern<\/strong>\u201c und \u201e<strong>niedriges<\/strong> <strong>Ostern<\/strong>\u201c. Was ist mit Hoch- oder Niedrig-Ostern gemeint? Damit wird angegeben, ob Ostern im laufenden Jahr in Bezug auf den Tag der Fr\u00fchjahrstagundnachtgleiche fr\u00fch oder sp\u00e4t f\u00e4llt. Ostern ist \u201eniedrig\u201c, wenn es einige Tage nach der Tagundnachtgleiche zwischen dem 22. M\u00e4rz und dem 2. April f\u00e4llt; \u201emittel\u201c, wenn es zwischen dem 3. und dem 13. April f\u00e4llt; \u201ehoch\u201c, wenn es zwischen dem 14. und dem 25. April f\u00e4llt.<\/p>\n<p>Auf unserer Website finden Sie zahlreiche Accessoires, um diesen wichtigen Tag optimal zu gestalten. <strong><a href=\"https:\/\/www.holyart.de\/besondere-anlasse\/ostern-und-fastenzeit?flags=true\">Besuchen Sie unsere Osterabteilung und w\u00e4hlen Sie die idealen Artikel f\u00fcr sich und Ihre Lieben!<\/a><\/strong><\/p>\n<div class=\"link-product\">\n<div class=\"blocco-immagine\"><img loading=\"lazy\" decoding=\"async\" class=\"alignnone size-full wp-image-2368\" src=\"https:\/\/blog.holyart.it\/de\/wp-content\/uploads\/sites\/12\/2023\/03\/Osterabteilung.jpg\" alt=\"Osterabteilung\" width=\"100\" height=\"100\" data-kale-share-title=\"Wie wird Ostern berechnet?\" data-kale-share-url=\"https:\/\/blog.holyart.it\/de\/devotionalien\/wie-wird-ostern-berechnet\/\" \/><\/div>\n<div class=\"blocco-contenuto\">\n<div class=\"blocco-acquista\">Einkaufen:<\/div>\n<div class=\"blocco-titolo\"><a href=\"https:\/\/www.holyart.de\/besondere-anlasse\/ostern-und-fastenzeit?flags=true\">Ostern und Fastenzeit<\/a><\/div>\n<div class=\"blocco-descrizione\">Entdecken Sie die gesamte engagierte Abteilung<\/div>\n<\/div>\n<\/div>\n","protected":false},"excerpt":{"rendered":"<p>Jedes Jahr \u00e4ndert sich das Datum, aber es bleibt das wichtigste Fest: In diesem Artikel erfahren Sie, wie Ostern in der j\u00fcdischen und christlichen Welt berechnet wird. Das wichtigste Fest des Kirchenjahres: Ostern! Schokoladeneier und Osterhasen erhellen die Osterzeit, aber f\u00fcr die christliche Welt ist&hellip;<\/p>\n","protected":false},"author":1,"featured_media":2362,"comment_status":"closed","ping_status":"open","sticky":false,"template":"","format":"standard","meta":{"_acf_changed":false,"footnotes":""},"categories":[18,10],"tags":[],"class_list":["post-2361","post","type-post","status-publish","format-standard","has-post-thumbnail","hentry","category-ostern","category-devotionalien"],"acf":[],"yoast_head":"<!-- This site is optimized with the Yoast SEO plugin v26.6 - https:\/\/yoast.com\/wordpress\/plugins\/seo\/ -->\n<title>Wie wird Ostern berechnet? - Holyart.de Blog<\/title>\n<meta name=\"description\" content=\"Jedes Jahr \u00e4ndert sich das Datum, aber es bleibt das wichtigste Fest: In diesem Artikel erfahren Sie, wie Ostern in der j\u00fcdischen und christlichen Welt berechnet wird.\" \/>\n<meta name=\"robots\" content=\"index, follow, max-snippet:-1, max-image-preview:large, max-video-preview:-1\" \/>\n<link rel=\"canonical\" href=\"https:\/\/blog.holyart.it\/de\/ostern\/wie-wird-ostern-berechnet\/\" \/>\n<meta property=\"og:locale\" content=\"de_DE\" \/>\n<meta property=\"og:type\" content=\"article\" \/>\n<meta property=\"og:title\" content=\"Wie wird Ostern berechnet? - Holyart.de Blog\" \/>\n<meta property=\"og:description\" content=\"Jedes Jahr \u00e4ndert sich das Datum, aber es bleibt das wichtigste Fest: In diesem Artikel erfahren Sie, wie Ostern in der j\u00fcdischen und christlichen Welt berechnet wird.\" \/>\n<meta property=\"og:url\" content=\"https:\/\/blog.holyart.it\/de\/ostern\/wie-wird-ostern-berechnet\/\" \/>\n<meta property=\"og:site_name\" content=\"Holyart.de Blog\" \/>\n<meta property=\"article:published_time\" content=\"2023-03-28T10:30:35+00:00\" \/>\n<meta property=\"article:modified_time\" content=\"2025-02-10T11:04:41+00:00\" \/>\n<meta property=\"og:image\" content=\"https:\/\/blog.holyart.it\/de\/wp-content\/uploads\/sites\/12\/2023\/03\/Wie-wird-Ostern-berechnet.jpeg\" \/>\n\t<meta property=\"og:image:width\" content=\"1000\" \/>\n\t<meta property=\"og:image:height\" content=\"666\" \/>\n\t<meta property=\"og:image:type\" content=\"image\/jpeg\" \/>\n<meta name=\"author\" content=\"Redazione\" \/>\n<meta name=\"twitter:card\" content=\"summary_large_image\" \/>\n<meta name=\"twitter:label1\" content=\"Verfasst von\" \/>\n\t<meta name=\"twitter:data1\" content=\"Redazione\" \/>\n\t<meta name=\"twitter:label2\" content=\"Gesch\u00e4tzte Lesezeit\" \/>\n\t<meta name=\"twitter:data2\" content=\"7\u00a0Minuten\" \/>\n<script type=\"application\/ld+json\" class=\"yoast-schema-graph\">{\"@context\":\"https:\/\/schema.org\",\"@graph\":[{\"@type\":\"Article\",\"@id\":\"https:\/\/blog.holyart.it\/de\/ostern\/wie-wird-ostern-berechnet\/#article\",\"isPartOf\":{\"@id\":\"https:\/\/blog.holyart.it\/de\/ostern\/wie-wird-ostern-berechnet\/\"},\"author\":{\"name\":\"Redazione\",\"@id\":\"https:\/\/blog.holyart.it\/de\/#\/schema\/person\/0a7b686e5af0f856ec1e390dd0baecda\"},\"headline\":\"Wie wird Ostern berechnet?\",\"datePublished\":\"2023-03-28T10:30:35+00:00\",\"dateModified\":\"2025-02-10T11:04:41+00:00\",\"mainEntityOfPage\":{\"@id\":\"https:\/\/blog.holyart.it\/de\/ostern\/wie-wird-ostern-berechnet\/\"},\"wordCount\":1049,\"publisher\":{\"@id\":\"https:\/\/blog.holyart.it\/de\/#organization\"},\"image\":{\"@id\":\"https:\/\/blog.holyart.it\/de\/ostern\/wie-wird-ostern-berechnet\/#primaryimage\"},\"thumbnailUrl\":\"https:\/\/blog.holyart.it\/de\/wp-content\/uploads\/sites\/12\/2023\/03\/Wie-wird-Ostern-berechnet.jpeg\",\"articleSection\":[\"Ostern\",\"Religion\"],\"inLanguage\":\"de\"},{\"@type\":\"WebPage\",\"@id\":\"https:\/\/blog.holyart.it\/de\/ostern\/wie-wird-ostern-berechnet\/\",\"url\":\"https:\/\/blog.holyart.it\/de\/ostern\/wie-wird-ostern-berechnet\/\",\"name\":\"Wie wird Ostern berechnet? - Holyart.de Blog\",\"isPartOf\":{\"@id\":\"https:\/\/blog.holyart.it\/de\/#website\"},\"primaryImageOfPage\":{\"@id\":\"https:\/\/blog.holyart.it\/de\/ostern\/wie-wird-ostern-berechnet\/#primaryimage\"},\"image\":{\"@id\":\"https:\/\/blog.holyart.it\/de\/ostern\/wie-wird-ostern-berechnet\/#primaryimage\"},\"thumbnailUrl\":\"https:\/\/blog.holyart.it\/de\/wp-content\/uploads\/sites\/12\/2023\/03\/Wie-wird-Ostern-berechnet.jpeg\",\"datePublished\":\"2023-03-28T10:30:35+00:00\",\"dateModified\":\"2025-02-10T11:04:41+00:00\",\"description\":\"Jedes Jahr \u00e4ndert sich das Datum, aber es bleibt das wichtigste Fest: In diesem Artikel erfahren Sie, wie Ostern in der j\u00fcdischen und christlichen Welt berechnet wird.\",\"breadcrumb\":{\"@id\":\"https:\/\/blog.holyart.it\/de\/ostern\/wie-wird-ostern-berechnet\/#breadcrumb\"},\"inLanguage\":\"de\",\"potentialAction\":[{\"@type\":\"ReadAction\",\"target\":[\"https:\/\/blog.holyart.it\/de\/ostern\/wie-wird-ostern-berechnet\/\"]}]},{\"@type\":\"ImageObject\",\"inLanguage\":\"de\",\"@id\":\"https:\/\/blog.holyart.it\/de\/ostern\/wie-wird-ostern-berechnet\/#primaryimage\",\"url\":\"https:\/\/blog.holyart.it\/de\/wp-content\/uploads\/sites\/12\/2023\/03\/Wie-wird-Ostern-berechnet.jpeg\",\"contentUrl\":\"https:\/\/blog.holyart.it\/de\/wp-content\/uploads\/sites\/12\/2023\/03\/Wie-wird-Ostern-berechnet.jpeg\",\"width\":1000,\"height\":666,\"caption\":\"Wie wird Ostern berechnet\"},{\"@type\":\"BreadcrumbList\",\"@id\":\"https:\/\/blog.holyart.it\/de\/ostern\/wie-wird-ostern-berechnet\/#breadcrumb\",\"itemListElement\":[{\"@type\":\"ListItem\",\"position\":1,\"name\":\"Homepage\",\"item\":\"https:\/\/blog.holyart.it\/de\/\"},{\"@type\":\"ListItem\",\"position\":2,\"name\":\"Ostern\",\"item\":\"https:\/\/blog.holyart.it\/de\/ostern\/\"},{\"@type\":\"ListItem\",\"position\":3,\"name\":\"Wie wird Ostern berechnet?\"}]},{\"@type\":\"WebSite\",\"@id\":\"https:\/\/blog.holyart.it\/de\/#website\",\"url\":\"https:\/\/blog.holyart.it\/de\/\",\"name\":\"Holyart.de Blog\",\"description\":\"Holyblog\",\"publisher\":{\"@id\":\"https:\/\/blog.holyart.it\/de\/#organization\"},\"potentialAction\":[{\"@type\":\"SearchAction\",\"target\":{\"@type\":\"EntryPoint\",\"urlTemplate\":\"https:\/\/blog.holyart.it\/de\/?s={search_term_string}\"},\"query-input\":{\"@type\":\"PropertyValueSpecification\",\"valueRequired\":true,\"valueName\":\"search_term_string\"}}],\"inLanguage\":\"de\"},{\"@type\":\"Organization\",\"@id\":\"https:\/\/blog.holyart.it\/de\/#organization\",\"name\":\"Holyart.de Blog\",\"url\":\"https:\/\/blog.holyart.it\/de\/\",\"logo\":{\"@type\":\"ImageObject\",\"inLanguage\":\"de\",\"@id\":\"https:\/\/blog.holyart.it\/de\/#\/schema\/logo\/image\/\",\"url\":\"https:\/\/blog.holyart.it\/de\/wp-content\/uploads\/sites\/12\/2022\/12\/Holyart_Blog_Logo.jpg\",\"contentUrl\":\"https:\/\/blog.holyart.it\/de\/wp-content\/uploads\/sites\/12\/2022\/12\/Holyart_Blog_Logo.jpg\",\"width\":300,\"height\":50,\"caption\":\"Holyart.de Blog\"},\"image\":{\"@id\":\"https:\/\/blog.holyart.it\/de\/#\/schema\/logo\/image\/\"}},{\"@type\":\"Person\",\"@id\":\"https:\/\/blog.holyart.it\/de\/#\/schema\/person\/0a7b686e5af0f856ec1e390dd0baecda\",\"name\":\"Redazione\",\"image\":{\"@type\":\"ImageObject\",\"inLanguage\":\"de\",\"@id\":\"https:\/\/blog.holyart.it\/de\/#\/schema\/person\/image\/\",\"url\":\"https:\/\/secure.gravatar.com\/avatar\/f477da817f43e50d0af36abecd33e3edf826c68299714bdc1057dff3b113f516?s=96&d=mm&r=g\",\"contentUrl\":\"https:\/\/secure.gravatar.com\/avatar\/f477da817f43e50d0af36abecd33e3edf826c68299714bdc1057dff3b113f516?s=96&d=mm&r=g\",\"caption\":\"Redazione\"}}]}<\/script>\n<!-- \/ Yoast SEO plugin. -->","yoast_head_json":{"title":"Wie wird Ostern berechnet? - Holyart.de Blog","description":"Jedes Jahr \u00e4ndert sich das Datum, aber es bleibt das wichtigste Fest: In diesem Artikel erfahren Sie, wie Ostern in der j\u00fcdischen und christlichen Welt berechnet wird.","robots":{"index":"index","follow":"follow","max-snippet":"max-snippet:-1","max-image-preview":"max-image-preview:large","max-video-preview":"max-video-preview:-1"},"canonical":"https:\/\/blog.holyart.it\/de\/ostern\/wie-wird-ostern-berechnet\/","og_locale":"de_DE","og_type":"article","og_title":"Wie wird Ostern berechnet? - Holyart.de Blog","og_description":"Jedes Jahr \u00e4ndert sich das Datum, aber es bleibt das wichtigste Fest: In diesem Artikel erfahren Sie, wie Ostern in der j\u00fcdischen und christlichen Welt berechnet wird.","og_url":"https:\/\/blog.holyart.it\/de\/ostern\/wie-wird-ostern-berechnet\/","og_site_name":"Holyart.de Blog","article_published_time":"2023-03-28T10:30:35+00:00","article_modified_time":"2025-02-10T11:04:41+00:00","og_image":[{"width":1000,"height":666,"url":"https:\/\/blog.holyart.it\/de\/wp-content\/uploads\/sites\/12\/2023\/03\/Wie-wird-Ostern-berechnet.jpeg","type":"image\/jpeg"}],"author":"Redazione","twitter_card":"summary_large_image","twitter_misc":{"Verfasst von":"Redazione","Gesch\u00e4tzte Lesezeit":"7\u00a0Minuten"},"schema":{"@context":"https:\/\/schema.org","@graph":[{"@type":"Article","@id":"https:\/\/blog.holyart.it\/de\/ostern\/wie-wird-ostern-berechnet\/#article","isPartOf":{"@id":"https:\/\/blog.holyart.it\/de\/ostern\/wie-wird-ostern-berechnet\/"},"author":{"name":"Redazione","@id":"https:\/\/blog.holyart.it\/de\/#\/schema\/person\/0a7b686e5af0f856ec1e390dd0baecda"},"headline":"Wie wird Ostern berechnet?","datePublished":"2023-03-28T10:30:35+00:00","dateModified":"2025-02-10T11:04:41+00:00","mainEntityOfPage":{"@id":"https:\/\/blog.holyart.it\/de\/ostern\/wie-wird-ostern-berechnet\/"},"wordCount":1049,"publisher":{"@id":"https:\/\/blog.holyart.it\/de\/#organization"},"image":{"@id":"https:\/\/blog.holyart.it\/de\/ostern\/wie-wird-ostern-berechnet\/#primaryimage"},"thumbnailUrl":"https:\/\/blog.holyart.it\/de\/wp-content\/uploads\/sites\/12\/2023\/03\/Wie-wird-Ostern-berechnet.jpeg","articleSection":["Ostern","Religion"],"inLanguage":"de"},{"@type":"WebPage","@id":"https:\/\/blog.holyart.it\/de\/ostern\/wie-wird-ostern-berechnet\/","url":"https:\/\/blog.holyart.it\/de\/ostern\/wie-wird-ostern-berechnet\/","name":"Wie wird Ostern berechnet? - Holyart.de Blog","isPartOf":{"@id":"https:\/\/blog.holyart.it\/de\/#website"},"primaryImageOfPage":{"@id":"https:\/\/blog.holyart.it\/de\/ostern\/wie-wird-ostern-berechnet\/#primaryimage"},"image":{"@id":"https:\/\/blog.holyart.it\/de\/ostern\/wie-wird-ostern-berechnet\/#primaryimage"},"thumbnailUrl":"https:\/\/blog.holyart.it\/de\/wp-content\/uploads\/sites\/12\/2023\/03\/Wie-wird-Ostern-berechnet.jpeg","datePublished":"2023-03-28T10:30:35+00:00","dateModified":"2025-02-10T11:04:41+00:00","description":"Jedes Jahr \u00e4ndert sich das Datum, aber es bleibt das wichtigste Fest: In diesem Artikel erfahren Sie, wie Ostern in der j\u00fcdischen und christlichen Welt berechnet wird.","breadcrumb":{"@id":"https:\/\/blog.holyart.it\/de\/ostern\/wie-wird-ostern-berechnet\/#breadcrumb"},"inLanguage":"de","potentialAction":[{"@type":"ReadAction","target":["https:\/\/blog.holyart.it\/de\/ostern\/wie-wird-ostern-berechnet\/"]}]},{"@type":"ImageObject","inLanguage":"de","@id":"https:\/\/blog.holyart.it\/de\/ostern\/wie-wird-ostern-berechnet\/#primaryimage","url":"https:\/\/blog.holyart.it\/de\/wp-content\/uploads\/sites\/12\/2023\/03\/Wie-wird-Ostern-berechnet.jpeg","contentUrl":"https:\/\/blog.holyart.it\/de\/wp-content\/uploads\/sites\/12\/2023\/03\/Wie-wird-Ostern-berechnet.jpeg","width":1000,"height":666,"caption":"Wie wird Ostern berechnet"},{"@type":"BreadcrumbList","@id":"https:\/\/blog.holyart.it\/de\/ostern\/wie-wird-ostern-berechnet\/#breadcrumb","itemListElement":[{"@type":"ListItem","position":1,"name":"Homepage","item":"https:\/\/blog.holyart.it\/de\/"},{"@type":"ListItem","position":2,"name":"Ostern","item":"https:\/\/blog.holyart.it\/de\/ostern\/"},{"@type":"ListItem","position":3,"name":"Wie wird Ostern berechnet?"}]},{"@type":"WebSite","@id":"https:\/\/blog.holyart.it\/de\/#website","url":"https:\/\/blog.holyart.it\/de\/","name":"Holyart.de Blog","description":"Holyblog","publisher":{"@id":"https:\/\/blog.holyart.it\/de\/#organization"},"potentialAction":[{"@type":"SearchAction","target":{"@type":"EntryPoint","urlTemplate":"https:\/\/blog.holyart.it\/de\/?s={search_term_string}"},"query-input":{"@type":"PropertyValueSpecification","valueRequired":true,"valueName":"search_term_string"}}],"inLanguage":"de"},{"@type":"Organization","@id":"https:\/\/blog.holyart.it\/de\/#organization","name":"Holyart.de Blog","url":"https:\/\/blog.holyart.it\/de\/","logo":{"@type":"ImageObject","inLanguage":"de","@id":"https:\/\/blog.holyart.it\/de\/#\/schema\/logo\/image\/","url":"https:\/\/blog.holyart.it\/de\/wp-content\/uploads\/sites\/12\/2022\/12\/Holyart_Blog_Logo.jpg","contentUrl":"https:\/\/blog.holyart.it\/de\/wp-content\/uploads\/sites\/12\/2022\/12\/Holyart_Blog_Logo.jpg","width":300,"height":50,"caption":"Holyart.de Blog"},"image":{"@id":"https:\/\/blog.holyart.it\/de\/#\/schema\/logo\/image\/"}},{"@type":"Person","@id":"https:\/\/blog.holyart.it\/de\/#\/schema\/person\/0a7b686e5af0f856ec1e390dd0baecda","name":"Redazione","image":{"@type":"ImageObject","inLanguage":"de","@id":"https:\/\/blog.holyart.it\/de\/#\/schema\/person\/image\/","url":"https:\/\/secure.gravatar.com\/avatar\/f477da817f43e50d0af36abecd33e3edf826c68299714bdc1057dff3b113f516?s=96&d=mm&r=g","contentUrl":"https:\/\/secure.gravatar.com\/avatar\/f477da817f43e50d0af36abecd33e3edf826c68299714bdc1057dff3b113f516?s=96&d=mm&r=g","caption":"Redazione"}}]}},"_links":{"self":[{"href":"https:\/\/blog.holyart.it\/de\/wp-json\/wp\/v2\/posts\/2361","targetHints":{"allow":["GET"]}}],"collection":[{"href":"https:\/\/blog.holyart.it\/de\/wp-json\/wp\/v2\/posts"}],"about":[{"href":"https:\/\/blog.holyart.it\/de\/wp-json\/wp\/v2\/types\/post"}],"author":[{"embeddable":true,"href":"https:\/\/blog.holyart.it\/de\/wp-json\/wp\/v2\/users\/1"}],"replies":[{"embeddable":true,"href":"https:\/\/blog.holyart.it\/de\/wp-json\/wp\/v2\/comments?post=2361"}],"version-history":[{"count":4,"href":"https:\/\/blog.holyart.it\/de\/wp-json\/wp\/v2\/posts\/2361\/revisions"}],"predecessor-version":[{"id":2370,"href":"https:\/\/blog.holyart.it\/de\/wp-json\/wp\/v2\/posts\/2361\/revisions\/2370"}],"wp:featuredmedia":[{"embeddable":true,"href":"https:\/\/blog.holyart.it\/de\/wp-json\/wp\/v2\/media\/2362"}],"wp:attachment":[{"href":"https:\/\/blog.holyart.it\/de\/wp-json\/wp\/v2\/media?parent=2361"}],"wp:term":[{"taxonomy":"category","embeddable":true,"href":"https:\/\/blog.holyart.it\/de\/wp-json\/wp\/v2\/categories?post=2361"},{"taxonomy":"post_tag","embeddable":true,"href":"https:\/\/blog.holyart.it\/de\/wp-json\/wp\/v2\/tags?post=2361"}],"curies":[{"name":"wp","href":"https:\/\/api.w.org\/{rel}","templated":true}]}}