{"id":2348,"date":"2023-03-21T12:30:14","date_gmt":"2023-03-21T11:30:14","guid":{"rendered":"https:\/\/blog.holyart.it\/de\/?p=2348"},"modified":"2025-02-05T12:37:48","modified_gmt":"2025-02-05T11:37:48","slug":"osterkrippe-eine-alte-tradition-die-wiederentdeckt-werden-soll","status":"publish","type":"post","link":"https:\/\/blog.holyart.it\/de\/ostern\/osterkrippe-eine-alte-tradition-die-wiederentdeckt-werden-soll\/","title":{"rendered":"Osterkrippe, eine alte Tradition, die wiederentdeckt werden soll"},"content":{"rendered":"<h4>Osterkrippe? Nat\u00fcrlich! In unserem Land ist sie eine uralte und sehr beliebte Tradition. Aber wann sollte sie aufgestellt werden? Was sind die charakteristischen Figuren? Das wollen wir gemeinsam herausfinden.<\/h4>\n\n<p>Wir alle kennen seit unserer Kindheit die klassische <a href=\"https:\/\/www.holyart.de\/weihnachten\"><strong>Weihnachtskrippe<\/strong><\/a>. Sie stellt die Geburt Jesu dar, oft in einer st\u00e4dtischen oder l\u00e4ndlichen Umgebung, je nach Tradition, bereichert durch die Anwesenheit von Hirten, Bauern, Essensverk\u00e4ufern, Musikern und Tieren. Und in der Mitte nat\u00fcrlich die H\u00fctte oder Grotte mit der Madonna, dem heiligen Josef und dem Jesuskind in der Krippe, das vom hei\u00dfen Atem des Ochsen und des Esels gew\u00e4rmt wird.<\/p>\n<p>In einigen Darstellungen der Weihnachtskrippe werden auch <strong>andere Episoden<\/strong> erw\u00e4hnt, die mit der Geburt Jesu zusammenh\u00e4ngen, aber zeitlich weit davon entfernt sind, wie z. B. die <strong><a href=\"https:\/\/www.holyart.de\/besondere-anlasse\/ostern-und-fastenzeit\/passionskrippe\/maria-verkundigung-fur-9-cm-krippe?flags=true\">Verk\u00fcndigung.<\/a><\/strong> Die Weihnachtskrippe ist jedoch traditionell nur die Darstellung der Geburt Jesu, wie ihr Name schon sagt. Der Name Krippe leitet sich n\u00e4mlich vom lateinischen Wort <em>praesaepe<\/em> ab, was so viel wie Krippe, Futterkrippe bedeutet. Die Krippe, in die das Jesuskind nach seiner Geburt gelegt wurde.<\/p>\n<p>Wie kommt man also auf die Idee, eine <a href=\"https:\/\/www.holyart.de\/besondere-anlasse\/ostern-und-fastenzeit\/passionskrippe?page=1&amp;flags=true\"><strong>Osterkrippe<\/strong> <\/a>zu bauen, die eigentlich gar nicht diesen Namen tragen d\u00fcrfte? Eigentlich haben die beiden Krippen, die Weihnachts- und die Osterkrippe, denselben Ursprung, n\u00e4mlich das Bed\u00fcrfnis, die heiligen Ereignisse und Begebenheiten, die mit dem Leben und dem Tod Jesu verbunden sind, f\u00fcr die Augen der Mehrheit des Volkes, der einfachen Leute und der Bauern, die nicht in der Lage sind, die Heilige Schrift zu lesen und zu verstehen, <strong>sichtbar und verst\u00e4ndlich<\/strong> zu machen. Eine Art der <strong>Volksfr\u00f6mmigkeit<\/strong> also, die auf die <strong>sakralen<\/strong> <strong>Darstellungen<\/strong> und davor auf die <strong>dramatische Laudatio<\/strong> zur\u00fcckgeht, die in unserem Land bereits im 14. Jahrhundert weit verbreitet war, d. h. echte Theaterauff\u00fchrungen zu religi\u00f6sen Themen, bei denen dem einfachen Volk, das kein Latein konnte, Episoden aus dem Leben Jesu oder der Madonna und andere erbauliche Geschichten erz\u00e4hlt wurden. Diese Art der Auff\u00fchrung hatte auch den Vorteil, dass sie alle Zuschauer einbezog und an die <strong>Volksfr\u00f6mmigkeit und Pietas<\/strong> appellierte. Erinnern wir uns daran, dass die Weihnachtskrippe selbst als <strong>lebendige Krippe<\/strong> begann, mit diesem didaktischen Ziel und zur Verbreitung von Wahrheiten, die sonst nur wenigen Gelehrten vorbehalten waren. Und so wie Handwerker und K\u00fcnstler nach der Einf\u00fchrung der lebendigen Krippe begannen, Statuetten zu modellieren, die die Geburt Jesu darstellten und schlie\u00dflich die uns allen bekannte <strong>italienische Krippentradition<\/strong> hervorbrachten, so ist anzunehmen, dass sie auf die gleiche Weise begannen, Szenen des Leidens und Sterbens Jesu nachzustellen, vom letzten Abendmahl \u00fcber die Meditation im Garten Gethsemane bis hin zum Urteil des Pilatus, der Kreuzigung, dem Begr\u00e4bnis und der Auferstehung.<\/p>\n<p>Die Entstehung dieser Krippentradition kann auch mit der Entstehung der <a href=\"https:\/\/www.holyart.de\/blog\/liturgische-gerate\/gedenken-die-schmerzliche-reise-christi-durch-das-kreuz\/\"><strong>Via Crucis<\/strong><\/a> in Verbindung gebracht werden, die entstanden ist, um die Unm\u00f6glichkeit vieler Gl\u00e4ubiger auszugleichen, zu den St\u00e4tten des Leidens und Sterbens Christi zu pilgern. Durch die Rekonstruktion der verschiedenen Stationen dieser Via Dolorosa in Kirchen und Gottesh\u00e4usern in Form von Gem\u00e4lden, Skulpturen und anderen Darstellungen wurde jedem die M\u00f6glichkeit gegeben, an diesen schrecklichen Momenten mit gro\u00dfer spiritueller Wirkung teilzunehmen.<\/p>\n<p>Der grundlegende Unterschied zwischen der Weihnachtskrippe und der Osterkrippe besteht darin, dass die Weihnachtskrippe uns auf die <strong>Geburt Jesu<\/strong> vorbereitet und deshalb eine Atmosph\u00e4re des Geheimnisses und der Feierlichkeit angesichts der Menschwerdung, aber auch und vor allem der Freude hervorruft. Die Osterkrippe hingegen bereitet uns auf den <strong>Tod Jesu<\/strong> vor und macht uns auf diese Weise bewusst, wie verg\u00e4nglich unsere Existenz ohne Gott ist, wie kurz unsere Lebenserfahrung im Vergleich zu dem ist, was uns im Himmel erwartet.<\/p>\n<p><center><iframe loading=\"lazy\" title=\"YouTube video player\" src=\"https:\/\/www.youtube.com\/embed\/VTLakVWbGQE\" width=\"560\" height=\"315\" frameborder=\"0\" allowfullscreen=\"allowfullscreen\"><\/iframe><\/center>&nbsp;<\/p>\n<h2>Warum eine Osterkrippe zu Hause bauen?<\/h2>\n<p>Das ist der Grund, warum sich viele Familien immer noch daf\u00fcr entscheiden, zu Hause eine Osterkrippe aufzustellen. Es ist eine Form der Andacht, eine Art der <strong>Vorbereitung auf Ostern<\/strong>, weshalb die Osterkrippe in der <strong>Fastenzeit<\/strong>, der Zeit vor Ostern, aufgestellt wird, die von Bu\u00dfe, Gebet und Besinnung gepr\u00e4gt ist.<\/p>\n<p>Wir haben schon oft dar\u00fcber gesprochen, dass das Aufstellen der Weihnachtskrippe <strong>eine Zeit der Gemeinschaft und der Harmonie in der Familie<\/strong> ist. In gleicher Weise kann die Osterkrippe zu einem Weg werden, die Fastenzeit zu teilen, gemeinsam etwas Sch\u00f6nes aufzubauen, das alle besch\u00e4ftigt und gleichzeitig Momente der Meditation und des gemeinsamen Gebets bietet.<\/p>\n<p>Diese Dimension der gemeinsamen Andacht wird dadurch unterstrichen, dass die Osterkrippe <strong>nach und nach aufgebaut werden soll<\/strong>. Das hei\u00dft, es ist nicht notwendig, alle Szenen auf einmal aufzustellen, sondern es ist viel besser, sie Woche f\u00fcr Woche hinzuzuf\u00fcgen, wenn wir uns Ostern n\u00e4hern. Die Auferstehung Jesu wird die letzte Szene sein, die wir realisieren werden, die wichtigste, die wertvollste, die feierlichste.<\/p>\n<h2>Statuen der Osterkrippe<\/h2>\n<p>Wir k\u00f6nnen mit Szenen aus dem Leben Jesu beginnen, <strong><a href=\"https:\/\/www.holyart.de\/besondere-anlasse\/ostern-und-fastenzeit\/passionskrippe\/taufe-jesu-im-jordan-mit-johannes-dem-taufer-fur-9-cm-krippe\">wie der Taufe durch Johannes den T\u00e4ufer,<\/a><\/strong> der <strong><a href=\"https:\/\/www.holyart.de\/besondere-anlasse\/ostern-und-fastenzeit\/passionskrippe\/fusswaschung-jesu-fur-9-cm-krippe\">Fu\u00dfwaschung<\/a><\/strong>, <strong><a href=\"https:\/\/www.holyart.de\/besondere-anlasse\/ostern-und-fastenzeit\/passionskrippe\/wunder-der-heilung-des-blinden-durch-jesus-fur-9-cm-krippe\">der Heilung des Blinden,<\/a><\/strong> dem Einzug<strong><a href=\"https:\/\/www.holyart.de\/besondere-anlasse\/ostern-und-fastenzeit\/passionskrippe\/einzug-jesu-in-jerusalem-fur-9-cm-krippe\"> Jesu in Jerusalem<\/a> <\/strong>und so weiter.<\/p>\n<p>Von hier aus entfaltet sich die <strong>Geschichte der Osterzeit,<\/strong> vom <strong><a href=\"https:\/\/www.holyart.de\/besondere-anlasse\/ostern-und-fastenzeit\/passionskrippe\/letztes-abendmahl-fur-9-cm-krippe\">letzten Abendmahl<\/a><\/strong> \u00fcber das<strong><a href=\"https:\/\/www.holyart.de\/besondere-anlasse\/ostern-und-fastenzeit\/passionskrippe\/jesus-im-garten-am-olberg-fur-9-cm-krippe?flags=true\"> Gebet im Garten Gethsemane,<\/a> <\/strong>die <strong><a href=\"https:\/\/www.holyart.de\/besondere-anlasse\/ostern-und-fastenzeit\/passionskrippe\/verurteilung-jesu-kaiphas-barabbas-fur-9-cm-krippe\">Verhaftung Christi,<\/a><\/strong> die <strong><a href=\"https:\/\/www.holyart.de\/besondere-anlasse\/ostern-und-fastenzeit\/passionskrippe\/geisselung-jesu-fur-9-cm-krippe\">Gei\u00dfelung<\/a><\/strong>, die <strong><a href=\"https:\/\/www.holyart.de\/besondere-anlasse\/ostern-und-fastenzeit\/passionskrippe\/dornenkronung-jesu-fur-9-cm-krippe\">Dornenkr\u00f6nung und dann<\/a><\/strong> der <strong>H\u00f6hepunkt<\/strong>, die <strong><a href=\"https:\/\/www.holyart.de\/besondere-anlasse\/ostern-und-fastenzeit\/passionskrippe\/szene-kreuzigung-mit-soldat-und-maria-fur-9-cm-krippe\">Kreuzigung,<\/a> <\/strong>der Tod und die<strong><a href=\"https:\/\/www.holyart.de\/besondere-anlasse\/ostern-und-fastenzeit\/passionskrippe\/kreuzabnahme-jesu-fur-9-cm-krippe\"> Kreuzabnahme,<\/a><\/strong> und nat\u00fcrlich der h\u00f6chste und speziellste Moment f\u00fcr Christen: <strong><a href=\"https:\/\/www.holyart.de\/besondere-anlasse\/ostern-und-fastenzeit\/passionskrippe\/auferstehung-jesu-fur-9-cm-krippe\">die Auferstehung.<\/a><\/strong><\/p>\n<div class=\"sp-styles-warning\" style=\"width: 450px; background-color: #FFF; color: #F00; border: 1px solid #F00; padding: 10px; font-size: 14px;\">\n\t\t\t<span style=\"font-weight: bold;\">Warning: The stylesheets were not loaded!<\/span> \n\t\t\tYou will need to change the <i>Load stylesheets<\/i> setting from <i>Automatically<\/i> to <i>On homepage<\/i> or <i>On all pages<\/i>. \n\t\t\tYou can set that <a style=\"text-decoration: underline; color: #F00;\" href=\"https:\/\/blog.holyart.it\/de\/wp-admin\/admin.php?page=sliderpro-settings\">here<\/a>.\n\t\t\t<\/div>\r\n<div id=\"slider-pro-31\" class=\"slider-pro sp-no-js\" style=\"width: 500px; height: 500px;\">\r\n\t<div class=\"sp-slides\">\r\n\t\t\r\n\t\t<div class=\"sp-slide\">\r\n\t\t\t<img loading=\"lazy\" decoding=\"async\" class=\"sp-image\" src=\"https:\/\/blog.holyart.it\/de\/wp-content\/uploads\/sites\/12\/2023\/02\/escena-de-la-ultima-cena-de-resina-Copia-Copia.jpg\" alt=\"Letztes Abendmahl, f\u00fcr 9 cm Krippe\" width=\"500\" height=\"500\" \/>\r\n\t\t\t<div class=\"sp-thumbnail\"><a class=\"\" href=\"https:\/\/www.holyart.de\/besondere-anlasse\/ostern-und-fastenzeit\/passionskrippe\/letztes-abendmahl-fur-9-cm-krippe\">\r\n\t\t\t\t<img decoding=\"async\" src=\"https:\/\/blog.holyart.it\/de\/wp-content\/uploads\/sites\/12\/2023\/02\/last-supper-easter-nativity-scene-Copia.jpg\" alt=\"Letztes Abendmahl, f\u00fcr 9 cm Krippe\" \/>\r\n\t\t\t<\/a>\r\n\t\t\t<\/div>\r\n\t\t\t<div class=\"sp-caption\">Letztes Abendmahl, f\u00fcr 9 cm Krippe\n<br \/><strong><a href=\"https:\/\/www.holyart.de\/besondere-anlasse\/ostern-und-fastenzeit\/passionskrippe\/letztes-abendmahl-fur-9-cm-krippe\">Bei Holyart kaufen<\/a><\/strong><\/div>\r\n\t\t<\/div>\r\n\t\t<div class=\"sp-slide\">\r\n\t\t\t<img loading=\"lazy\" decoding=\"async\" class=\"sp-image\" src=\"https:\/\/blog.holyart.it\/de\/wp-content\/uploads\/sites\/12\/2023\/02\/estatua-jesus-depuesto-de-la-cru-zen-los-brazos-de-maria-9-cm-Copia-Copia.jpg\" alt=\"Kreuzabnahme Jesu, f\u00fcr 9 cm Krippe\" width=\"500\" height=\"500\" \/>\r\n\t\t\t<div class=\"sp-thumbnail\"><a class=\"\" href=\"https:\/\/www.holyart.de\/besondere-anlasse\/ostern-und-fastenzeit\/passionskrippe\/kreuzabnahme-jesu-fur-9-cm-krippe\">\r\n\t\t\t\t<img decoding=\"async\" src=\"https:\/\/blog.holyart.it\/de\/wp-content\/uploads\/sites\/12\/2023\/02\/pesebre-pascual-Cristo-depuesto-Copia.jpg\" alt=\"Kreuzabnahme Jesu, f\u00fcr 9 cm Krippe\" \/>\r\n\t\t\t<\/a>\r\n\t\t\t<\/div>\r\n\t\t\t<div class=\"sp-caption\">Kreuzabnahme Jesu, f\u00fcr 9 cm Krippe\n<br \/><strong><a href=\"https:\/\/www.holyart.de\/besondere-anlasse\/ostern-und-fastenzeit\/passionskrippe\/kreuzabnahme-jesu-fur-9-cm-krippe\">Bei Holyart kaufen<\/a><\/strong><\/div>\r\n\t\t<\/div>\r\n\t\t<div class=\"sp-slide\">\r\n\t\t\t<img loading=\"lazy\" decoding=\"async\" class=\"sp-image\" src=\"https:\/\/blog.holyart.it\/de\/wp-content\/uploads\/sites\/12\/2023\/02\/flagellation-of-Christ-Copia-Copia.jpg\" alt=\"Geisselung Jesu, f\u00fcr 9 cm Krippe\" width=\"500\" height=\"500\" \/>\r\n\t\t\t<div class=\"sp-thumbnail\"><a class=\"\" href=\"https:\/\/www.holyart.de\/besondere-anlasse\/ostern-und-fastenzeit\/passionskrippe\/geisselung-jesu-fur-9-cm-krippe\">\r\n\t\t\t\t<img decoding=\"async\" src=\"https:\/\/blog.holyart.it\/de\/wp-content\/uploads\/sites\/12\/2023\/02\/Scene-passion-de-Jesus-flagellation-de-Christ-Copia-Copia.jpg\" alt=\"Geisselung Jesu, f\u00fcr 9 cm Krippe\" \/>\r\n\t\t\t<\/a>\r\n\t\t\t<\/div>\r\n\t\t\t<div class=\"sp-caption\">Geisselung Jesu, f\u00fcr 9 cm Krippe\n<br \/><strong><a href=\"https:\/\/www.holyart.de\/besondere-anlasse\/ostern-und-fastenzeit\/passionskrippe\/geisselung-jesu-fur-9-cm-krippe\">Bei Holyart kaufen<\/a><\/strong><\/div>\r\n\t\t<\/div>\r\n\t<\/div>\r\n<\/div>\n<h2>Die Bedeutung von Ostern<\/h2>\n<p>Dies ist nicht der richtige Ort, um sich mit einem Thema zu befassen, das so komplex und weitreichend ist, wie die Bedeutung von Ostern f\u00fcr Christen. Es handelt sich n\u00e4mlich um <strong>das wichtigste Fest des Christentums<\/strong>, das Fest aller Feste, das an die Auferstehung Jesu erinnert.<\/p>\n<p>Und nicht nur das. Der Tod und die Auferstehung Christi stehen f\u00fcr den Beginn einer <strong>neuen Welt<\/strong>, eines <strong>neuen Bundes<\/strong> zwischen Gott und den Menschen, der am Ende der Zeiten seinen H\u00f6hepunkt erreichen wird, wenn sich das <strong>Reich Gottes<\/strong> f\u00fcr diejenigen \u00f6ffnet, die es verdient haben.<\/p>\n<p>Ostern umfasst die ganze Feierlichkeit und das Geheimnis der christlichen Religion, wie Jesus, der sich f\u00fcr die Menschen opferte, sie von der Erbs\u00fcnde befreite und den Tod durch seine Auferstehung besiegte, allen die Hoffnung auf ewiges Leben gab, in Erwartung des neuen Kommens.<\/p>\n<h2>DIY-Osterkrippe<\/h2>\n<p>Abgesehen von den Statuetten, die Sie in unserem Online-Shop finden, m\u00fcssen Sie sich f\u00fcr Ihre Osterkrippe auch Gedanken \u00fcber die Gestaltung der Kulissen machen. Sie k\u00f6nnen die <a href=\"https:\/\/www.holyart.de\/weihnachten\/szenografien-fur-krippen\"><strong>l\u00e4ndlichen und st\u00e4dtischen Kulissen<\/strong>,<\/a> die Sie bereits f\u00fcr die Weihnachtskrippe verwenden, problemlos wiederverwenden. Und wie bei der Weihnachtskrippe haben wir Ihnen immer gute Ratschl\u00e4ge zum DIY gegeben. Auch hier schlagen wir Ihnen vor, recycelte Materialien und ein wenig Erfindungsreichtum zu verwenden, um Ihr Krippenerlebnis noch interessanter und anregender zu gestalten. Mit Pappe, Sperrholz, ein wenig Hei\u00dfkleber und Ihrer Fantasie k\u00f6nnen Sie den idealen Rahmen f\u00fcr Ihre ganz besondere Osterkrippe schaffen.<\/p>\n","protected":false},"excerpt":{"rendered":"<p>Osterkrippe? Nat\u00fcrlich! In unserem Land ist sie eine uralte und sehr beliebte Tradition. Aber wann sollte sie aufgestellt werden? Was sind die charakteristischen Figuren? Das wollen wir gemeinsam herausfinden. Wir alle kennen seit unserer Kindheit die klassische Weihnachtskrippe. Sie stellt die Geburt Jesu dar, oft&hellip;<\/p>\n","protected":false},"author":1,"featured_media":2349,"comment_status":"closed","ping_status":"open","sticky":false,"template":"","format":"standard","meta":{"_acf_changed":false,"footnotes":""},"categories":[14,18,10],"tags":[],"class_list":["post-2348","post","type-post","status-publish","format-standard","has-post-thumbnail","hentry","category-besondere-anlassen","category-ostern","category-devotionalien"],"acf":[],"yoast_head":"<!-- This site is optimized with the Yoast SEO plugin v26.6 - https:\/\/yoast.com\/wordpress\/plugins\/seo\/ -->\n<title>Osterkrippe, eine alte Tradition, die wiederentdeckt werden soll<\/title>\n<meta name=\"description\" content=\"Osterkrippe? Nat\u00fcrlich! In unserem Land ist sie eine uralte und sehr beliebte Tradition. Aber wann sollte sie aufgestellt werden? Was sind die charakteristischen Figuren? Das wollen wir gemeinsam herausfinden.\" \/>\n<meta name=\"robots\" content=\"index, follow, max-snippet:-1, max-image-preview:large, max-video-preview:-1\" \/>\n<link rel=\"canonical\" href=\"https:\/\/blog.holyart.it\/de\/ostern\/osterkrippe-eine-alte-tradition-die-wiederentdeckt-werden-soll\/\" \/>\n<meta property=\"og:locale\" content=\"de_DE\" \/>\n<meta property=\"og:type\" content=\"article\" \/>\n<meta property=\"og:title\" content=\"Osterkrippe, eine alte Tradition, die wiederentdeckt werden soll\" \/>\n<meta property=\"og:description\" content=\"Osterkrippe? Nat\u00fcrlich! In unserem Land ist sie eine uralte und sehr beliebte Tradition. Aber wann sollte sie aufgestellt werden? Was sind die charakteristischen Figuren? Das wollen wir gemeinsam herausfinden.\" \/>\n<meta property=\"og:url\" content=\"https:\/\/blog.holyart.it\/de\/ostern\/osterkrippe-eine-alte-tradition-die-wiederentdeckt-werden-soll\/\" \/>\n<meta property=\"og:site_name\" content=\"Holyart.de Blog\" \/>\n<meta property=\"article:published_time\" content=\"2023-03-21T11:30:14+00:00\" \/>\n<meta property=\"article:modified_time\" content=\"2025-02-05T11:37:48+00:00\" \/>\n<meta property=\"og:image\" content=\"https:\/\/blog.holyart.it\/de\/wp-content\/uploads\/sites\/12\/2023\/02\/Osterkrippe.png\" \/>\n\t<meta property=\"og:image:width\" content=\"1000\" \/>\n\t<meta property=\"og:image:height\" content=\"666\" \/>\n\t<meta property=\"og:image:type\" content=\"image\/png\" \/>\n<meta name=\"author\" content=\"Redazione\" \/>\n<meta name=\"twitter:card\" content=\"summary_large_image\" \/>\n<meta name=\"twitter:label1\" content=\"Verfasst von\" \/>\n\t<meta name=\"twitter:data1\" content=\"Redazione\" \/>\n\t<meta name=\"twitter:label2\" content=\"Gesch\u00e4tzte Lesezeit\" \/>\n\t<meta name=\"twitter:data2\" content=\"7\u00a0Minuten\" \/>\n<script type=\"application\/ld+json\" class=\"yoast-schema-graph\">{\"@context\":\"https:\/\/schema.org\",\"@graph\":[{\"@type\":\"Article\",\"@id\":\"https:\/\/blog.holyart.it\/de\/ostern\/osterkrippe-eine-alte-tradition-die-wiederentdeckt-werden-soll\/#article\",\"isPartOf\":{\"@id\":\"https:\/\/blog.holyart.it\/de\/ostern\/osterkrippe-eine-alte-tradition-die-wiederentdeckt-werden-soll\/\"},\"author\":{\"name\":\"Redazione\",\"@id\":\"https:\/\/blog.holyart.it\/de\/#\/schema\/person\/0a7b686e5af0f856ec1e390dd0baecda\"},\"headline\":\"Osterkrippe, eine alte Tradition, die wiederentdeckt werden soll\",\"datePublished\":\"2023-03-21T11:30:14+00:00\",\"dateModified\":\"2025-02-05T11:37:48+00:00\",\"mainEntityOfPage\":{\"@id\":\"https:\/\/blog.holyart.it\/de\/ostern\/osterkrippe-eine-alte-tradition-die-wiederentdeckt-werden-soll\/\"},\"wordCount\":1143,\"publisher\":{\"@id\":\"https:\/\/blog.holyart.it\/de\/#organization\"},\"image\":{\"@id\":\"https:\/\/blog.holyart.it\/de\/ostern\/osterkrippe-eine-alte-tradition-die-wiederentdeckt-werden-soll\/#primaryimage\"},\"thumbnailUrl\":\"https:\/\/blog.holyart.it\/de\/wp-content\/uploads\/sites\/12\/2023\/02\/Osterkrippe.png\",\"articleSection\":[\"Besondere Anl\u00e4ssen\",\"Ostern\",\"Religion\"],\"inLanguage\":\"de\"},{\"@type\":\"WebPage\",\"@id\":\"https:\/\/blog.holyart.it\/de\/ostern\/osterkrippe-eine-alte-tradition-die-wiederentdeckt-werden-soll\/\",\"url\":\"https:\/\/blog.holyart.it\/de\/ostern\/osterkrippe-eine-alte-tradition-die-wiederentdeckt-werden-soll\/\",\"name\":\"Osterkrippe, eine alte Tradition, die wiederentdeckt werden soll\",\"isPartOf\":{\"@id\":\"https:\/\/blog.holyart.it\/de\/#website\"},\"primaryImageOfPage\":{\"@id\":\"https:\/\/blog.holyart.it\/de\/ostern\/osterkrippe-eine-alte-tradition-die-wiederentdeckt-werden-soll\/#primaryimage\"},\"image\":{\"@id\":\"https:\/\/blog.holyart.it\/de\/ostern\/osterkrippe-eine-alte-tradition-die-wiederentdeckt-werden-soll\/#primaryimage\"},\"thumbnailUrl\":\"https:\/\/blog.holyart.it\/de\/wp-content\/uploads\/sites\/12\/2023\/02\/Osterkrippe.png\",\"datePublished\":\"2023-03-21T11:30:14+00:00\",\"dateModified\":\"2025-02-05T11:37:48+00:00\",\"description\":\"Osterkrippe? Nat\u00fcrlich! In unserem Land ist sie eine uralte und sehr beliebte Tradition. Aber wann sollte sie aufgestellt werden? Was sind die charakteristischen Figuren? Das wollen wir gemeinsam herausfinden.\",\"breadcrumb\":{\"@id\":\"https:\/\/blog.holyart.it\/de\/ostern\/osterkrippe-eine-alte-tradition-die-wiederentdeckt-werden-soll\/#breadcrumb\"},\"inLanguage\":\"de\",\"potentialAction\":[{\"@type\":\"ReadAction\",\"target\":[\"https:\/\/blog.holyart.it\/de\/ostern\/osterkrippe-eine-alte-tradition-die-wiederentdeckt-werden-soll\/\"]}]},{\"@type\":\"ImageObject\",\"inLanguage\":\"de\",\"@id\":\"https:\/\/blog.holyart.it\/de\/ostern\/osterkrippe-eine-alte-tradition-die-wiederentdeckt-werden-soll\/#primaryimage\",\"url\":\"https:\/\/blog.holyart.it\/de\/wp-content\/uploads\/sites\/12\/2023\/02\/Osterkrippe.png\",\"contentUrl\":\"https:\/\/blog.holyart.it\/de\/wp-content\/uploads\/sites\/12\/2023\/02\/Osterkrippe.png\",\"width\":1000,\"height\":666,\"caption\":\"Osterkrippe\"},{\"@type\":\"BreadcrumbList\",\"@id\":\"https:\/\/blog.holyart.it\/de\/ostern\/osterkrippe-eine-alte-tradition-die-wiederentdeckt-werden-soll\/#breadcrumb\",\"itemListElement\":[{\"@type\":\"ListItem\",\"position\":1,\"name\":\"Homepage\",\"item\":\"https:\/\/blog.holyart.it\/de\/\"},{\"@type\":\"ListItem\",\"position\":2,\"name\":\"Ostern\",\"item\":\"https:\/\/blog.holyart.it\/de\/ostern\/\"},{\"@type\":\"ListItem\",\"position\":3,\"name\":\"Osterkrippe, eine alte Tradition, die wiederentdeckt werden soll\"}]},{\"@type\":\"WebSite\",\"@id\":\"https:\/\/blog.holyart.it\/de\/#website\",\"url\":\"https:\/\/blog.holyart.it\/de\/\",\"name\":\"Holyart.de Blog\",\"description\":\"Holyblog\",\"publisher\":{\"@id\":\"https:\/\/blog.holyart.it\/de\/#organization\"},\"potentialAction\":[{\"@type\":\"SearchAction\",\"target\":{\"@type\":\"EntryPoint\",\"urlTemplate\":\"https:\/\/blog.holyart.it\/de\/?s={search_term_string}\"},\"query-input\":{\"@type\":\"PropertyValueSpecification\",\"valueRequired\":true,\"valueName\":\"search_term_string\"}}],\"inLanguage\":\"de\"},{\"@type\":\"Organization\",\"@id\":\"https:\/\/blog.holyart.it\/de\/#organization\",\"name\":\"Holyart.de Blog\",\"url\":\"https:\/\/blog.holyart.it\/de\/\",\"logo\":{\"@type\":\"ImageObject\",\"inLanguage\":\"de\",\"@id\":\"https:\/\/blog.holyart.it\/de\/#\/schema\/logo\/image\/\",\"url\":\"https:\/\/blog.holyart.it\/de\/wp-content\/uploads\/sites\/12\/2022\/12\/Holyart_Blog_Logo.jpg\",\"contentUrl\":\"https:\/\/blog.holyart.it\/de\/wp-content\/uploads\/sites\/12\/2022\/12\/Holyart_Blog_Logo.jpg\",\"width\":300,\"height\":50,\"caption\":\"Holyart.de Blog\"},\"image\":{\"@id\":\"https:\/\/blog.holyart.it\/de\/#\/schema\/logo\/image\/\"}},{\"@type\":\"Person\",\"@id\":\"https:\/\/blog.holyart.it\/de\/#\/schema\/person\/0a7b686e5af0f856ec1e390dd0baecda\",\"name\":\"Redazione\",\"image\":{\"@type\":\"ImageObject\",\"inLanguage\":\"de\",\"@id\":\"https:\/\/blog.holyart.it\/de\/#\/schema\/person\/image\/\",\"url\":\"https:\/\/secure.gravatar.com\/avatar\/f477da817f43e50d0af36abecd33e3edf826c68299714bdc1057dff3b113f516?s=96&d=mm&r=g\",\"contentUrl\":\"https:\/\/secure.gravatar.com\/avatar\/f477da817f43e50d0af36abecd33e3edf826c68299714bdc1057dff3b113f516?s=96&d=mm&r=g\",\"caption\":\"Redazione\"}}]}<\/script>\n<!-- \/ Yoast SEO plugin. -->","yoast_head_json":{"title":"Osterkrippe, eine alte Tradition, die wiederentdeckt werden soll","description":"Osterkrippe? Nat\u00fcrlich! In unserem Land ist sie eine uralte und sehr beliebte Tradition. Aber wann sollte sie aufgestellt werden? Was sind die charakteristischen Figuren? Das wollen wir gemeinsam herausfinden.","robots":{"index":"index","follow":"follow","max-snippet":"max-snippet:-1","max-image-preview":"max-image-preview:large","max-video-preview":"max-video-preview:-1"},"canonical":"https:\/\/blog.holyart.it\/de\/ostern\/osterkrippe-eine-alte-tradition-die-wiederentdeckt-werden-soll\/","og_locale":"de_DE","og_type":"article","og_title":"Osterkrippe, eine alte Tradition, die wiederentdeckt werden soll","og_description":"Osterkrippe? Nat\u00fcrlich! In unserem Land ist sie eine uralte und sehr beliebte Tradition. Aber wann sollte sie aufgestellt werden? Was sind die charakteristischen Figuren? Das wollen wir gemeinsam herausfinden.","og_url":"https:\/\/blog.holyart.it\/de\/ostern\/osterkrippe-eine-alte-tradition-die-wiederentdeckt-werden-soll\/","og_site_name":"Holyart.de Blog","article_published_time":"2023-03-21T11:30:14+00:00","article_modified_time":"2025-02-05T11:37:48+00:00","og_image":[{"width":1000,"height":666,"url":"https:\/\/blog.holyart.it\/de\/wp-content\/uploads\/sites\/12\/2023\/02\/Osterkrippe.png","type":"image\/png"}],"author":"Redazione","twitter_card":"summary_large_image","twitter_misc":{"Verfasst von":"Redazione","Gesch\u00e4tzte Lesezeit":"7\u00a0Minuten"},"schema":{"@context":"https:\/\/schema.org","@graph":[{"@type":"Article","@id":"https:\/\/blog.holyart.it\/de\/ostern\/osterkrippe-eine-alte-tradition-die-wiederentdeckt-werden-soll\/#article","isPartOf":{"@id":"https:\/\/blog.holyart.it\/de\/ostern\/osterkrippe-eine-alte-tradition-die-wiederentdeckt-werden-soll\/"},"author":{"name":"Redazione","@id":"https:\/\/blog.holyart.it\/de\/#\/schema\/person\/0a7b686e5af0f856ec1e390dd0baecda"},"headline":"Osterkrippe, eine alte Tradition, die wiederentdeckt werden soll","datePublished":"2023-03-21T11:30:14+00:00","dateModified":"2025-02-05T11:37:48+00:00","mainEntityOfPage":{"@id":"https:\/\/blog.holyart.it\/de\/ostern\/osterkrippe-eine-alte-tradition-die-wiederentdeckt-werden-soll\/"},"wordCount":1143,"publisher":{"@id":"https:\/\/blog.holyart.it\/de\/#organization"},"image":{"@id":"https:\/\/blog.holyart.it\/de\/ostern\/osterkrippe-eine-alte-tradition-die-wiederentdeckt-werden-soll\/#primaryimage"},"thumbnailUrl":"https:\/\/blog.holyart.it\/de\/wp-content\/uploads\/sites\/12\/2023\/02\/Osterkrippe.png","articleSection":["Besondere Anl\u00e4ssen","Ostern","Religion"],"inLanguage":"de"},{"@type":"WebPage","@id":"https:\/\/blog.holyart.it\/de\/ostern\/osterkrippe-eine-alte-tradition-die-wiederentdeckt-werden-soll\/","url":"https:\/\/blog.holyart.it\/de\/ostern\/osterkrippe-eine-alte-tradition-die-wiederentdeckt-werden-soll\/","name":"Osterkrippe, eine alte Tradition, die wiederentdeckt werden soll","isPartOf":{"@id":"https:\/\/blog.holyart.it\/de\/#website"},"primaryImageOfPage":{"@id":"https:\/\/blog.holyart.it\/de\/ostern\/osterkrippe-eine-alte-tradition-die-wiederentdeckt-werden-soll\/#primaryimage"},"image":{"@id":"https:\/\/blog.holyart.it\/de\/ostern\/osterkrippe-eine-alte-tradition-die-wiederentdeckt-werden-soll\/#primaryimage"},"thumbnailUrl":"https:\/\/blog.holyart.it\/de\/wp-content\/uploads\/sites\/12\/2023\/02\/Osterkrippe.png","datePublished":"2023-03-21T11:30:14+00:00","dateModified":"2025-02-05T11:37:48+00:00","description":"Osterkrippe? Nat\u00fcrlich! In unserem Land ist sie eine uralte und sehr beliebte Tradition. Aber wann sollte sie aufgestellt werden? Was sind die charakteristischen Figuren? Das wollen wir gemeinsam herausfinden.","breadcrumb":{"@id":"https:\/\/blog.holyart.it\/de\/ostern\/osterkrippe-eine-alte-tradition-die-wiederentdeckt-werden-soll\/#breadcrumb"},"inLanguage":"de","potentialAction":[{"@type":"ReadAction","target":["https:\/\/blog.holyart.it\/de\/ostern\/osterkrippe-eine-alte-tradition-die-wiederentdeckt-werden-soll\/"]}]},{"@type":"ImageObject","inLanguage":"de","@id":"https:\/\/blog.holyart.it\/de\/ostern\/osterkrippe-eine-alte-tradition-die-wiederentdeckt-werden-soll\/#primaryimage","url":"https:\/\/blog.holyart.it\/de\/wp-content\/uploads\/sites\/12\/2023\/02\/Osterkrippe.png","contentUrl":"https:\/\/blog.holyart.it\/de\/wp-content\/uploads\/sites\/12\/2023\/02\/Osterkrippe.png","width":1000,"height":666,"caption":"Osterkrippe"},{"@type":"BreadcrumbList","@id":"https:\/\/blog.holyart.it\/de\/ostern\/osterkrippe-eine-alte-tradition-die-wiederentdeckt-werden-soll\/#breadcrumb","itemListElement":[{"@type":"ListItem","position":1,"name":"Homepage","item":"https:\/\/blog.holyart.it\/de\/"},{"@type":"ListItem","position":2,"name":"Ostern","item":"https:\/\/blog.holyart.it\/de\/ostern\/"},{"@type":"ListItem","position":3,"name":"Osterkrippe, eine alte Tradition, die wiederentdeckt werden soll"}]},{"@type":"WebSite","@id":"https:\/\/blog.holyart.it\/de\/#website","url":"https:\/\/blog.holyart.it\/de\/","name":"Holyart.de Blog","description":"Holyblog","publisher":{"@id":"https:\/\/blog.holyart.it\/de\/#organization"},"potentialAction":[{"@type":"SearchAction","target":{"@type":"EntryPoint","urlTemplate":"https:\/\/blog.holyart.it\/de\/?s={search_term_string}"},"query-input":{"@type":"PropertyValueSpecification","valueRequired":true,"valueName":"search_term_string"}}],"inLanguage":"de"},{"@type":"Organization","@id":"https:\/\/blog.holyart.it\/de\/#organization","name":"Holyart.de Blog","url":"https:\/\/blog.holyart.it\/de\/","logo":{"@type":"ImageObject","inLanguage":"de","@id":"https:\/\/blog.holyart.it\/de\/#\/schema\/logo\/image\/","url":"https:\/\/blog.holyart.it\/de\/wp-content\/uploads\/sites\/12\/2022\/12\/Holyart_Blog_Logo.jpg","contentUrl":"https:\/\/blog.holyart.it\/de\/wp-content\/uploads\/sites\/12\/2022\/12\/Holyart_Blog_Logo.jpg","width":300,"height":50,"caption":"Holyart.de Blog"},"image":{"@id":"https:\/\/blog.holyart.it\/de\/#\/schema\/logo\/image\/"}},{"@type":"Person","@id":"https:\/\/blog.holyart.it\/de\/#\/schema\/person\/0a7b686e5af0f856ec1e390dd0baecda","name":"Redazione","image":{"@type":"ImageObject","inLanguage":"de","@id":"https:\/\/blog.holyart.it\/de\/#\/schema\/person\/image\/","url":"https:\/\/secure.gravatar.com\/avatar\/f477da817f43e50d0af36abecd33e3edf826c68299714bdc1057dff3b113f516?s=96&d=mm&r=g","contentUrl":"https:\/\/secure.gravatar.com\/avatar\/f477da817f43e50d0af36abecd33e3edf826c68299714bdc1057dff3b113f516?s=96&d=mm&r=g","caption":"Redazione"}}]}},"_links":{"self":[{"href":"https:\/\/blog.holyart.it\/de\/wp-json\/wp\/v2\/posts\/2348","targetHints":{"allow":["GET"]}}],"collection":[{"href":"https:\/\/blog.holyart.it\/de\/wp-json\/wp\/v2\/posts"}],"about":[{"href":"https:\/\/blog.holyart.it\/de\/wp-json\/wp\/v2\/types\/post"}],"author":[{"embeddable":true,"href":"https:\/\/blog.holyart.it\/de\/wp-json\/wp\/v2\/users\/1"}],"replies":[{"embeddable":true,"href":"https:\/\/blog.holyart.it\/de\/wp-json\/wp\/v2\/comments?post=2348"}],"version-history":[{"count":4,"href":"https:\/\/blog.holyart.it\/de\/wp-json\/wp\/v2\/posts\/2348\/revisions"}],"predecessor-version":[{"id":2359,"href":"https:\/\/blog.holyart.it\/de\/wp-json\/wp\/v2\/posts\/2348\/revisions\/2359"}],"wp:featuredmedia":[{"embeddable":true,"href":"https:\/\/blog.holyart.it\/de\/wp-json\/wp\/v2\/media\/2349"}],"wp:attachment":[{"href":"https:\/\/blog.holyart.it\/de\/wp-json\/wp\/v2\/media?parent=2348"}],"wp:term":[{"taxonomy":"category","embeddable":true,"href":"https:\/\/blog.holyart.it\/de\/wp-json\/wp\/v2\/categories?post=2348"},{"taxonomy":"post_tag","embeddable":true,"href":"https:\/\/blog.holyart.it\/de\/wp-json\/wp\/v2\/tags?post=2348"}],"curies":[{"name":"wp","href":"https:\/\/api.w.org\/{rel}","templated":true}]}}