{"id":234,"date":"2016-11-30T14:52:18","date_gmt":"2016-11-30T13:52:18","guid":{"rendered":"https:\/\/blog.holyart.it\/de\/?p=234"},"modified":"2018-07-25T12:39:03","modified_gmt":"2018-07-25T10:39:03","slug":"taufe-das-erste-grose-fest-fur-kleine-kinder","status":"publish","type":"post","link":"https:\/\/blog.holyart.it\/de\/devotionalien\/taufe-das-erste-grose-fest-fur-kleine-kinder\/","title":{"rendered":"Taufe: das erste gro\u00dfe Fest f\u00fcr kleine Kinder"},"content":{"rendered":"<p>&nbsp;<\/p>\n<p>Mit der <strong>Geburt<\/strong> ihres Kindes wird vielen jungen Eltern bewusst, wie wichtig auch in der heutigen Zeit Traditionen sind. Eine in vielen Familien liebevoll gepflegte Tradition ist das <strong>Tauffest<\/strong>, mit dem der neue Erdenb\u00fcrger in die Gemeinschaft aufgenommen wird. Auch wenn die Vorbereitung eines <strong>Familienfestes<\/strong> mit einem kleinen Kind nat\u00fcrlich etwas Organisationstalent verlangt, kann es mit etwas Vorbereitung problemlos zu einem wundersch\u00f6nen Erlebnis werden.<\/p>\n<h2>Traditionelles Fest in modernem Gewand<\/h2>\n<p>Anders als in fr\u00fcheren Zeiten, in denen religi\u00f6se Feste starren Regeln folgten, haben Eltern heutzutage die M\u00f6glichkeit, die <strong>Tauffeier<\/strong> nach ihren eigenen W\u00fcnschen zu gestalten. So ist es beispielsweise nicht notwendig, dass die <span style=\"color: #0000ff;\"><strong><a style=\"color: #0000ff;\" title=\"Taufe\" href=\"http:\/\/www.holyart.de\/besondere-anlassen\/taufe\">Taufe <\/a><\/strong><\/span>w\u00e4hrend des normalen Gottesdienstes stattfinden muss. Sie kann auch als separate Feier im kleinen Kreis begangen werden. Eine pers\u00f6nliche Auswahl von Liedern ist dabei ebenfalls m\u00f6glich. Welche Formalit\u00e4ten notwendig sind und wie die <strong>Zeremonie<\/strong> gestaltet werden soll, kl\u00e4rt der Pfarrer in einem Vorgespr\u00e4ch mit den Eltern.<\/p>\n<h2>Der richtige Zeitpunkt f\u00fcr die Taufe<\/h2>\n<p>Grunds\u00e4tzlich kann eine <strong>Taufe<\/strong> nat\u00fcrlich immer durchgef\u00fchrt werden. Es empfiehlt sich aber, den Termin nicht gleich nach der <strong>Geburt<\/strong> anzuberaumen, da die Organisation die Eltern in dieser anstrengenden Zeit leicht \u00fcberfordern k\u00f6nnte. Auch zu alt sollte das Kind nicht sein, da sich Kleinkinder im Gottesdienst rasch langweilen und unruhig werden. Am besten hat es sich bew\u00e4hrt, wenn Babys im Alter zwischen drei und sechs Monaten getauft werden, da sie in dieser Lebensphase meist sehr ausgeglichen sind.<\/p>\n<h2>Gelungenes Tauffest<\/h2>\n<p>Damit das <strong>Fest <\/strong>nicht in Stress ausartet, sollten die Eltern sich nicht scheuen, andere Verwandte um Hilfe zu bitten. Wenn jeder Gast etwas beisteuert, ist f\u00fcr die junge Familie auch eine gro\u00dfe Kuchentafel kein Problem. Das entlastet auch das in dieser Lebensphase oft angespannte Budget.<\/p>\n","protected":false},"excerpt":{"rendered":"<p>&nbsp; Mit der Geburt ihres Kindes wird vielen jungen Eltern bewusst, wie wichtig auch in der heutigen Zeit Traditionen sind. Eine in vielen Familien liebevoll gepflegte Tradition ist das Tauffest, mit dem der neue Erdenb\u00fcrger in die Gemeinschaft aufgenommen wird. Auch wenn die Vorbereitung eines&hellip;<\/p>\n","protected":false},"author":1,"featured_media":235,"comment_status":"closed","ping_status":"open","sticky":false,"template":"","format":"standard","meta":{"_acf_changed":false,"footnotes":""},"categories":[10],"tags":[],"class_list":["post-234","post","type-post","status-publish","format-standard","has-post-thumbnail","hentry","category-devotionalien"],"acf":[],"yoast_head":"<!-- This site is optimized with the Yoast SEO plugin v26.6 - https:\/\/yoast.com\/wordpress\/plugins\/seo\/ -->\n<title>Taufe: das erste gro\u00dfe Fest f\u00fcr kleine Kinder - Holyart.de Blog<\/title>\n<meta name=\"robots\" content=\"index, follow, max-snippet:-1, max-image-preview:large, max-video-preview:-1\" \/>\n<link rel=\"canonical\" href=\"https:\/\/blog.holyart.it\/de\/devotionalien\/taufe-das-erste-grose-fest-fur-kleine-kinder\/\" \/>\n<meta property=\"og:locale\" content=\"de_DE\" \/>\n<meta property=\"og:type\" content=\"article\" \/>\n<meta property=\"og:title\" content=\"Taufe: das erste gro\u00dfe Fest f\u00fcr kleine Kinder - Holyart.de Blog\" \/>\n<meta property=\"og:description\" content=\"&nbsp; Mit der Geburt ihres Kindes wird vielen jungen Eltern bewusst, wie wichtig auch in der heutigen Zeit Traditionen sind. Eine in vielen Familien liebevoll gepflegte Tradition ist das Tauffest, mit dem der neue Erdenb\u00fcrger in die Gemeinschaft aufgenommen wird. Auch wenn die Vorbereitung eines&hellip;\" \/>\n<meta property=\"og:url\" content=\"https:\/\/blog.holyart.it\/de\/devotionalien\/taufe-das-erste-grose-fest-fur-kleine-kinder\/\" \/>\n<meta property=\"og:site_name\" content=\"Holyart.de Blog\" \/>\n<meta property=\"article:published_time\" content=\"2016-11-30T13:52:18+00:00\" \/>\n<meta property=\"article:modified_time\" content=\"2018-07-25T10:39:03+00:00\" \/>\n<meta property=\"og:image\" content=\"https:\/\/blog.holyart.it\/de\/wp-content\/uploads\/sites\/12\/2016\/11\/Taufe.jpg\" \/>\n\t<meta property=\"og:image:width\" content=\"1000\" \/>\n\t<meta property=\"og:image:height\" content=\"666\" \/>\n\t<meta property=\"og:image:type\" content=\"image\/jpeg\" \/>\n<meta name=\"author\" content=\"Redazione\" \/>\n<meta name=\"twitter:card\" content=\"summary_large_image\" \/>\n<meta name=\"twitter:label1\" content=\"Verfasst von\" \/>\n\t<meta name=\"twitter:data1\" content=\"Redazione\" \/>\n\t<meta name=\"twitter:label2\" content=\"Gesch\u00e4tzte Lesezeit\" \/>\n\t<meta name=\"twitter:data2\" content=\"2\u00a0Minuten\" \/>\n<script type=\"application\/ld+json\" class=\"yoast-schema-graph\">{\"@context\":\"https:\/\/schema.org\",\"@graph\":[{\"@type\":\"Article\",\"@id\":\"https:\/\/blog.holyart.it\/de\/devotionalien\/taufe-das-erste-grose-fest-fur-kleine-kinder\/#article\",\"isPartOf\":{\"@id\":\"https:\/\/blog.holyart.it\/de\/devotionalien\/taufe-das-erste-grose-fest-fur-kleine-kinder\/\"},\"author\":{\"name\":\"Redazione\",\"@id\":\"https:\/\/blog.holyart.it\/de\/#\/schema\/person\/0a7b686e5af0f856ec1e390dd0baecda\"},\"headline\":\"Taufe: das erste gro\u00dfe Fest f\u00fcr kleine Kinder\",\"datePublished\":\"2016-11-30T13:52:18+00:00\",\"dateModified\":\"2018-07-25T10:39:03+00:00\",\"mainEntityOfPage\":{\"@id\":\"https:\/\/blog.holyart.it\/de\/devotionalien\/taufe-das-erste-grose-fest-fur-kleine-kinder\/\"},\"wordCount\":310,\"publisher\":{\"@id\":\"https:\/\/blog.holyart.it\/de\/#organization\"},\"image\":{\"@id\":\"https:\/\/blog.holyart.it\/de\/devotionalien\/taufe-das-erste-grose-fest-fur-kleine-kinder\/#primaryimage\"},\"thumbnailUrl\":\"https:\/\/blog.holyart.it\/de\/wp-content\/uploads\/sites\/12\/2016\/11\/Taufe.jpg\",\"articleSection\":[\"Religion\"],\"inLanguage\":\"de\"},{\"@type\":\"WebPage\",\"@id\":\"https:\/\/blog.holyart.it\/de\/devotionalien\/taufe-das-erste-grose-fest-fur-kleine-kinder\/\",\"url\":\"https:\/\/blog.holyart.it\/de\/devotionalien\/taufe-das-erste-grose-fest-fur-kleine-kinder\/\",\"name\":\"Taufe: das erste gro\u00dfe Fest f\u00fcr kleine Kinder - Holyart.de Blog\",\"isPartOf\":{\"@id\":\"https:\/\/blog.holyart.it\/de\/#website\"},\"primaryImageOfPage\":{\"@id\":\"https:\/\/blog.holyart.it\/de\/devotionalien\/taufe-das-erste-grose-fest-fur-kleine-kinder\/#primaryimage\"},\"image\":{\"@id\":\"https:\/\/blog.holyart.it\/de\/devotionalien\/taufe-das-erste-grose-fest-fur-kleine-kinder\/#primaryimage\"},\"thumbnailUrl\":\"https:\/\/blog.holyart.it\/de\/wp-content\/uploads\/sites\/12\/2016\/11\/Taufe.jpg\",\"datePublished\":\"2016-11-30T13:52:18+00:00\",\"dateModified\":\"2018-07-25T10:39:03+00:00\",\"breadcrumb\":{\"@id\":\"https:\/\/blog.holyart.it\/de\/devotionalien\/taufe-das-erste-grose-fest-fur-kleine-kinder\/#breadcrumb\"},\"inLanguage\":\"de\",\"potentialAction\":[{\"@type\":\"ReadAction\",\"target\":[\"https:\/\/blog.holyart.it\/de\/devotionalien\/taufe-das-erste-grose-fest-fur-kleine-kinder\/\"]}]},{\"@type\":\"ImageObject\",\"inLanguage\":\"de\",\"@id\":\"https:\/\/blog.holyart.it\/de\/devotionalien\/taufe-das-erste-grose-fest-fur-kleine-kinder\/#primaryimage\",\"url\":\"https:\/\/blog.holyart.it\/de\/wp-content\/uploads\/sites\/12\/2016\/11\/Taufe.jpg\",\"contentUrl\":\"https:\/\/blog.holyart.it\/de\/wp-content\/uploads\/sites\/12\/2016\/11\/Taufe.jpg\",\"width\":1000,\"height\":666,\"caption\":\"Taufe\"},{\"@type\":\"BreadcrumbList\",\"@id\":\"https:\/\/blog.holyart.it\/de\/devotionalien\/taufe-das-erste-grose-fest-fur-kleine-kinder\/#breadcrumb\",\"itemListElement\":[{\"@type\":\"ListItem\",\"position\":1,\"name\":\"Homepage\",\"item\":\"https:\/\/blog.holyart.it\/de\/\"},{\"@type\":\"ListItem\",\"position\":2,\"name\":\"Religion\",\"item\":\"https:\/\/blog.holyart.it\/de\/devotionalien\/\"},{\"@type\":\"ListItem\",\"position\":3,\"name\":\"Taufe: das erste gro\u00dfe Fest f\u00fcr kleine Kinder\"}]},{\"@type\":\"WebSite\",\"@id\":\"https:\/\/blog.holyart.it\/de\/#website\",\"url\":\"https:\/\/blog.holyart.it\/de\/\",\"name\":\"Holyart.de Blog\",\"description\":\"Holyblog\",\"publisher\":{\"@id\":\"https:\/\/blog.holyart.it\/de\/#organization\"},\"potentialAction\":[{\"@type\":\"SearchAction\",\"target\":{\"@type\":\"EntryPoint\",\"urlTemplate\":\"https:\/\/blog.holyart.it\/de\/?s={search_term_string}\"},\"query-input\":{\"@type\":\"PropertyValueSpecification\",\"valueRequired\":true,\"valueName\":\"search_term_string\"}}],\"inLanguage\":\"de\"},{\"@type\":\"Organization\",\"@id\":\"https:\/\/blog.holyart.it\/de\/#organization\",\"name\":\"Holyart.de Blog\",\"url\":\"https:\/\/blog.holyart.it\/de\/\",\"logo\":{\"@type\":\"ImageObject\",\"inLanguage\":\"de\",\"@id\":\"https:\/\/blog.holyart.it\/de\/#\/schema\/logo\/image\/\",\"url\":\"https:\/\/blog.holyart.it\/de\/wp-content\/uploads\/sites\/12\/2022\/12\/Holyart_Blog_Logo.jpg\",\"contentUrl\":\"https:\/\/blog.holyart.it\/de\/wp-content\/uploads\/sites\/12\/2022\/12\/Holyart_Blog_Logo.jpg\",\"width\":300,\"height\":50,\"caption\":\"Holyart.de Blog\"},\"image\":{\"@id\":\"https:\/\/blog.holyart.it\/de\/#\/schema\/logo\/image\/\"}},{\"@type\":\"Person\",\"@id\":\"https:\/\/blog.holyart.it\/de\/#\/schema\/person\/0a7b686e5af0f856ec1e390dd0baecda\",\"name\":\"Redazione\",\"image\":{\"@type\":\"ImageObject\",\"inLanguage\":\"de\",\"@id\":\"https:\/\/blog.holyart.it\/de\/#\/schema\/person\/image\/\",\"url\":\"https:\/\/secure.gravatar.com\/avatar\/f477da817f43e50d0af36abecd33e3edf826c68299714bdc1057dff3b113f516?s=96&d=mm&r=g\",\"contentUrl\":\"https:\/\/secure.gravatar.com\/avatar\/f477da817f43e50d0af36abecd33e3edf826c68299714bdc1057dff3b113f516?s=96&d=mm&r=g\",\"caption\":\"Redazione\"}}]}<\/script>\n<!-- \/ Yoast SEO plugin. -->","yoast_head_json":{"title":"Taufe: das erste gro\u00dfe Fest f\u00fcr kleine Kinder - Holyart.de Blog","robots":{"index":"index","follow":"follow","max-snippet":"max-snippet:-1","max-image-preview":"max-image-preview:large","max-video-preview":"max-video-preview:-1"},"canonical":"https:\/\/blog.holyart.it\/de\/devotionalien\/taufe-das-erste-grose-fest-fur-kleine-kinder\/","og_locale":"de_DE","og_type":"article","og_title":"Taufe: das erste gro\u00dfe Fest f\u00fcr kleine Kinder - Holyart.de Blog","og_description":"&nbsp; Mit der Geburt ihres Kindes wird vielen jungen Eltern bewusst, wie wichtig auch in der heutigen Zeit Traditionen sind. Eine in vielen Familien liebevoll gepflegte Tradition ist das Tauffest, mit dem der neue Erdenb\u00fcrger in die Gemeinschaft aufgenommen wird. Auch wenn die Vorbereitung eines&hellip;","og_url":"https:\/\/blog.holyart.it\/de\/devotionalien\/taufe-das-erste-grose-fest-fur-kleine-kinder\/","og_site_name":"Holyart.de Blog","article_published_time":"2016-11-30T13:52:18+00:00","article_modified_time":"2018-07-25T10:39:03+00:00","og_image":[{"width":1000,"height":666,"url":"https:\/\/blog.holyart.it\/de\/wp-content\/uploads\/sites\/12\/2016\/11\/Taufe.jpg","type":"image\/jpeg"}],"author":"Redazione","twitter_card":"summary_large_image","twitter_misc":{"Verfasst von":"Redazione","Gesch\u00e4tzte Lesezeit":"2\u00a0Minuten"},"schema":{"@context":"https:\/\/schema.org","@graph":[{"@type":"Article","@id":"https:\/\/blog.holyart.it\/de\/devotionalien\/taufe-das-erste-grose-fest-fur-kleine-kinder\/#article","isPartOf":{"@id":"https:\/\/blog.holyart.it\/de\/devotionalien\/taufe-das-erste-grose-fest-fur-kleine-kinder\/"},"author":{"name":"Redazione","@id":"https:\/\/blog.holyart.it\/de\/#\/schema\/person\/0a7b686e5af0f856ec1e390dd0baecda"},"headline":"Taufe: das erste gro\u00dfe Fest f\u00fcr kleine Kinder","datePublished":"2016-11-30T13:52:18+00:00","dateModified":"2018-07-25T10:39:03+00:00","mainEntityOfPage":{"@id":"https:\/\/blog.holyart.it\/de\/devotionalien\/taufe-das-erste-grose-fest-fur-kleine-kinder\/"},"wordCount":310,"publisher":{"@id":"https:\/\/blog.holyart.it\/de\/#organization"},"image":{"@id":"https:\/\/blog.holyart.it\/de\/devotionalien\/taufe-das-erste-grose-fest-fur-kleine-kinder\/#primaryimage"},"thumbnailUrl":"https:\/\/blog.holyart.it\/de\/wp-content\/uploads\/sites\/12\/2016\/11\/Taufe.jpg","articleSection":["Religion"],"inLanguage":"de"},{"@type":"WebPage","@id":"https:\/\/blog.holyart.it\/de\/devotionalien\/taufe-das-erste-grose-fest-fur-kleine-kinder\/","url":"https:\/\/blog.holyart.it\/de\/devotionalien\/taufe-das-erste-grose-fest-fur-kleine-kinder\/","name":"Taufe: das erste gro\u00dfe Fest f\u00fcr kleine Kinder - Holyart.de Blog","isPartOf":{"@id":"https:\/\/blog.holyart.it\/de\/#website"},"primaryImageOfPage":{"@id":"https:\/\/blog.holyart.it\/de\/devotionalien\/taufe-das-erste-grose-fest-fur-kleine-kinder\/#primaryimage"},"image":{"@id":"https:\/\/blog.holyart.it\/de\/devotionalien\/taufe-das-erste-grose-fest-fur-kleine-kinder\/#primaryimage"},"thumbnailUrl":"https:\/\/blog.holyart.it\/de\/wp-content\/uploads\/sites\/12\/2016\/11\/Taufe.jpg","datePublished":"2016-11-30T13:52:18+00:00","dateModified":"2018-07-25T10:39:03+00:00","breadcrumb":{"@id":"https:\/\/blog.holyart.it\/de\/devotionalien\/taufe-das-erste-grose-fest-fur-kleine-kinder\/#breadcrumb"},"inLanguage":"de","potentialAction":[{"@type":"ReadAction","target":["https:\/\/blog.holyart.it\/de\/devotionalien\/taufe-das-erste-grose-fest-fur-kleine-kinder\/"]}]},{"@type":"ImageObject","inLanguage":"de","@id":"https:\/\/blog.holyart.it\/de\/devotionalien\/taufe-das-erste-grose-fest-fur-kleine-kinder\/#primaryimage","url":"https:\/\/blog.holyart.it\/de\/wp-content\/uploads\/sites\/12\/2016\/11\/Taufe.jpg","contentUrl":"https:\/\/blog.holyart.it\/de\/wp-content\/uploads\/sites\/12\/2016\/11\/Taufe.jpg","width":1000,"height":666,"caption":"Taufe"},{"@type":"BreadcrumbList","@id":"https:\/\/blog.holyart.it\/de\/devotionalien\/taufe-das-erste-grose-fest-fur-kleine-kinder\/#breadcrumb","itemListElement":[{"@type":"ListItem","position":1,"name":"Homepage","item":"https:\/\/blog.holyart.it\/de\/"},{"@type":"ListItem","position":2,"name":"Religion","item":"https:\/\/blog.holyart.it\/de\/devotionalien\/"},{"@type":"ListItem","position":3,"name":"Taufe: das erste gro\u00dfe Fest f\u00fcr kleine Kinder"}]},{"@type":"WebSite","@id":"https:\/\/blog.holyart.it\/de\/#website","url":"https:\/\/blog.holyart.it\/de\/","name":"Holyart.de Blog","description":"Holyblog","publisher":{"@id":"https:\/\/blog.holyart.it\/de\/#organization"},"potentialAction":[{"@type":"SearchAction","target":{"@type":"EntryPoint","urlTemplate":"https:\/\/blog.holyart.it\/de\/?s={search_term_string}"},"query-input":{"@type":"PropertyValueSpecification","valueRequired":true,"valueName":"search_term_string"}}],"inLanguage":"de"},{"@type":"Organization","@id":"https:\/\/blog.holyart.it\/de\/#organization","name":"Holyart.de Blog","url":"https:\/\/blog.holyart.it\/de\/","logo":{"@type":"ImageObject","inLanguage":"de","@id":"https:\/\/blog.holyart.it\/de\/#\/schema\/logo\/image\/","url":"https:\/\/blog.holyart.it\/de\/wp-content\/uploads\/sites\/12\/2022\/12\/Holyart_Blog_Logo.jpg","contentUrl":"https:\/\/blog.holyart.it\/de\/wp-content\/uploads\/sites\/12\/2022\/12\/Holyart_Blog_Logo.jpg","width":300,"height":50,"caption":"Holyart.de Blog"},"image":{"@id":"https:\/\/blog.holyart.it\/de\/#\/schema\/logo\/image\/"}},{"@type":"Person","@id":"https:\/\/blog.holyart.it\/de\/#\/schema\/person\/0a7b686e5af0f856ec1e390dd0baecda","name":"Redazione","image":{"@type":"ImageObject","inLanguage":"de","@id":"https:\/\/blog.holyart.it\/de\/#\/schema\/person\/image\/","url":"https:\/\/secure.gravatar.com\/avatar\/f477da817f43e50d0af36abecd33e3edf826c68299714bdc1057dff3b113f516?s=96&d=mm&r=g","contentUrl":"https:\/\/secure.gravatar.com\/avatar\/f477da817f43e50d0af36abecd33e3edf826c68299714bdc1057dff3b113f516?s=96&d=mm&r=g","caption":"Redazione"}}]}},"_links":{"self":[{"href":"https:\/\/blog.holyart.it\/de\/wp-json\/wp\/v2\/posts\/234","targetHints":{"allow":["GET"]}}],"collection":[{"href":"https:\/\/blog.holyart.it\/de\/wp-json\/wp\/v2\/posts"}],"about":[{"href":"https:\/\/blog.holyart.it\/de\/wp-json\/wp\/v2\/types\/post"}],"author":[{"embeddable":true,"href":"https:\/\/blog.holyart.it\/de\/wp-json\/wp\/v2\/users\/1"}],"replies":[{"embeddable":true,"href":"https:\/\/blog.holyart.it\/de\/wp-json\/wp\/v2\/comments?post=234"}],"version-history":[{"count":0,"href":"https:\/\/blog.holyart.it\/de\/wp-json\/wp\/v2\/posts\/234\/revisions"}],"wp:featuredmedia":[{"embeddable":true,"href":"https:\/\/blog.holyart.it\/de\/wp-json\/wp\/v2\/media\/235"}],"wp:attachment":[{"href":"https:\/\/blog.holyart.it\/de\/wp-json\/wp\/v2\/media?parent=234"}],"wp:term":[{"taxonomy":"category","embeddable":true,"href":"https:\/\/blog.holyart.it\/de\/wp-json\/wp\/v2\/categories?post=234"},{"taxonomy":"post_tag","embeddable":true,"href":"https:\/\/blog.holyart.it\/de\/wp-json\/wp\/v2\/tags?post=234"}],"curies":[{"name":"wp","href":"https:\/\/api.w.org\/{rel}","templated":true}]}}