{"id":2338,"date":"2023-03-14T12:30:15","date_gmt":"2023-03-14T11:30:15","guid":{"rendered":"https:\/\/blog.holyart.it\/de\/?p=2338"},"modified":"2025-08-29T10:41:08","modified_gmt":"2025-08-29T08:41:08","slug":"sankt-patricks-tag-fest-wissenswertes-und-geschichte","status":"publish","type":"post","link":"https:\/\/blog.holyart.it\/de\/heilige-und-selige\/sankt-patricks-tag-fest-wissenswertes-und-geschichte\/","title":{"rendered":"Sankt Patricks Tag: Fest, Wissenswertes und Geschichte"},"content":{"rendered":"<h4>Am 17. M\u00e4rz feiern wir den Heiligen Patrick, den Schutzpatron von Irland. Ein Fest voller Freude, Farben (vor allem Gr\u00fcn) und Musik. Aber wer war dieser Heilige, der von den Iren auf der ganzen Welt immer noch so geliebt wird?<\/h4>\n\n<p>Der Heilige Patrick, Schutzpatron von Irland, aber auch von Nigeria, Montserrat, New York und Boston sowie von Ingenieuren, verdankt seine Ber\u00fchmtheit dem <strong>Saint Patrick&#8217;s Day<\/strong>, dem gr\u00f6\u00dften irischen Nationalfeiertag, der jedoch \u00fcberall auf der Welt gefeiert wird, wo es eine irische Gemeinde gibt. Es ist ein fr\u00f6hliches Fest voller Musik und Farbe, das mit Umz\u00fcgen, Konzerten, Feuerwerk und viel <strong><a href=\"https:\/\/www.holyart.de\/klosterprodukte\/trappisten-und-klosterbiere?page=1\">Bier<\/a><\/strong> in den Pubs gefeiert wird. Die vorherrschende Farbe ist <strong>Gr\u00fcn<\/strong>, denn Irland ist auch als die <em>Gr\u00fcne Insel<\/em> bekannt. Viele Menschen malen sich zu diesem Anlass das Gesicht gr\u00fcn an oder tragen Kleidung oder Kopfbedeckungen in dieser Farbe.<\/p>\n<p>Au\u00dferdem ist eines der Symbole des Heiligen Patrick das <strong>Kleeblatt<\/strong>. Die Legende besagt, dass der Heilige es in den Tagen seines Apostolats als Beispiel benutzte, um den Iren das Konzept der Dreifaltigkeit zu erkl\u00e4ren. Es ist kein Zufall, dass derjenige, der am St. Patrick&#8217;s Day ein Kleeblatt findet, f\u00fcr den Rest des Jahres doppeltes Gl\u00fcck haben soll.<\/p>\n<p>Was macht man am diesen Tag? Idealerweise f\u00e4hrt man zum Blarney Castle in Cork und k\u00fcsst den Blarney Stone, einen Stein auf der Spitze eines hohen Turms, der demjenigen, der seine Lippen auf ihn legt, die Gabe der Beredsamkeit verleiht. Aber wenn Sie keine M\u00f6glichkeit haben, dorthin zu gelangen, gibt es auch andere M\u00f6glichkeiten, diesem ganz besonderen Heiligen zu huldigen. Tragen Sie einfach etwas Gr\u00fcnes und geben Sie vielleicht&#8230; einem Iren einen Kuss!<\/p>\n<p>Aber wer war der Heiligen Patrick?<\/p>\n<h2>Die Geschichte des Heiligen Patrick<\/h2>\n<p>Der wirkliche Name des Heiligen war Maewyin Succat, der zwischen 385 und 392 n. Chr. im r\u00f6mischen Britannien geboren wurde und einer Familie von adligen Landbesitzern angeh\u00f6rte.<\/p>\n<p>Sobald er sechzehn Jahre alt war, wurde er von irischen Piraten entf\u00fchrt und als Sklave an den K\u00f6nig von Dalriada (oder D\u00e1l Riata oder Dalriata) verkauft, einem K\u00f6nigreich, das Teile Schottlands und Irlands umfasste und dessen Bewohner <em>Scoti<\/em>, \u201eR\u00e4uber\u201c, \u201eEindringlinge\u201c genannt wurden. In den sechs Jahren, die er unter diesen Menschen verbrachte, lernte der Junge die <strong>g\u00e4lische Sprache<\/strong> und die <strong>keltische Mythologie<\/strong>, was ihm sp\u00e4ter bei der Ann\u00e4herung an die irischen V\u00f6lker von gro\u00dfem Nutzen sein sollte. Als er schlie\u00dflich zu seiner Familie zur\u00fcckkehren konnte, war er <strong>zum Katholizismus konvertiert<\/strong>, legte das Gel\u00fcbde ab und wurde zun\u00e4chst Diakon mit dem lateinischen Namen Patrick und dann im Jahr 420 n. Chr. zum Bischof ernannt.<\/p>\n<div class=\"link-product\">\n<div class=\"blocco-immagine\"><img loading=\"lazy\" decoding=\"async\" class=\"alignnone size-full wp-image-2342\" src=\"https:\/\/blog.holyart.it\/de\/wp-content\/uploads\/sites\/12\/2023\/03\/Heiliger-Patrick-20cm-bemalten-Gips.jpg\" alt=\"Heiliger Patrick 20cm bemalten Gips\" width=\"100\" height=\"100\" data-kale-share-title=\"Sankt Patricks Tag: Fest, Wissenswertes und Geschichte\" data-kale-share-url=\"https:\/\/blog.holyart.it\/de\/?p=2338\" \/><\/div>\n<div class=\"blocco-contenuto\">\n<div class=\"blocco-acquista\">Einkaufen:<\/div>\n<div class=\"blocco-titolo\"><a href=\"https:\/\/www.holyart.de\/devotionalien\/statuen\/statuen-aus-gips\/heiliger-patrick-20cm-bemalten-gips\">Heiliger Patrick<\/a><\/div>\n<div class=\"blocco-descrizione\">20cm bemalten Gips<\/div>\n<\/div>\n<\/div>\n<p>Es war Papst Coelestin I., der ihn mit der heiklen Aufgabe betraute, <strong>Irland und die britischen Inseln zu evangelisieren<\/strong>. Eine heikle Aufgabe, denn zu jener Zeit waren diese L\u00e4nder heidnisch und von vielen verschiedenen St\u00e4mmen bev\u00f6lkert. St. Patrick verlor nicht den Mut. Seine Jahre am Hof von Muirchu, dem K\u00f6nig von D\u00e1l Riata, hatten ihm das n\u00f6tige Wissen vermittelt, um mit den Menschen, die in diesen wilden Gegenden lebten, in Kontakt treten zu k\u00f6nnen. Er begann sofort in <strong>G\u00e4lisch<\/strong>, der Sprache der Einheimischen, zu predigen und reiste durch ganz Irland, um f\u00fcr das so genannte <strong>keltische Christentum<\/strong> zu werben, das die alten lokalen Traditionen in einen katholischen Kontext einbettete. Man denke nur an das <strong>keltische Kreuz<\/strong>, das aus einem leeren Kreis besteht, der auf ein lateinisches Kreuz gelegt wird, so dass der Mittelpunkt des Kreises mit dem Schnittpunkt der Kreuzarme zusammenf\u00e4llt, und das sich wahrscheinlich auf das Sonnenrad (alte Rune der schwarzen Sonne), das Sonnenkreuz (das die Sonne darstellte und das Symbol der Macht war) und andere vorchristliche Symbole bezieht.<\/p>\n<p>Patrick gr\u00fcndete Abteien und Kl\u00f6ster und setzte sich f\u00fcr die <strong>Armen und Bed\u00fcrftigen<\/strong> ein.<\/p>\n<p>Zu den <strong>Legenden und Wundertaten<\/strong>, die ihm zugeschrieben werden, geh\u00f6ren die <strong>Vertreibung der Schlangen<\/strong> von der Gr\u00fcnen Insel (man sagt, es sei ihm zu verdanken, dass es in Irland keine Schlangen gibt) und das Wunder des <strong>Wei\u00dfdorns<\/strong> (der Heilige soll seinen Mantel zum Trocknen auf einen Strauch dieser Pflanze gelegt haben, nachdem er ihn als Flo\u00df zum \u00dcberqueren eines Flusses benutzt hatte, und seitdem bl\u00fcht der Wei\u00dfdorn im Winter).<\/p>\n<p>Noch heute ist sein <em>irischer Reisesegen<\/em> ber\u00fchmt (Irish Journey Blessing):<\/p>\n<p><em>May the road rise to meet you,<\/em><br \/>\n<em>may the wind be always at your back,<\/em><br \/>\n<em>may the sun shine warm upon your face,<\/em><br \/>\n<em>and the rains fall soft upon your fields and,<\/em><br \/>\n<em>until we meet again, may God hold you in the palm of His hand.<\/em><\/p>\n<p>Lass die Stra\u00dfe an deiner Seite sein,<\/p>\n<p>der Wind immer in deinem R\u00fccken,<\/p>\n<p>lass die Sonne warm auf dein Gesicht scheinen,<\/p>\n<p>und der Regen falle sanft auf die Felder um dich herum und,<\/p>\n<p>bis wir uns wiedersehen,<\/p>\n<p>m\u00f6ge Gott dich in seiner Hand besch\u00fctzen.<\/p>\n<div class=\"link-product\">\n<div class=\"blocco-immagine\"><img loading=\"lazy\" decoding=\"async\" class=\"alignnone size-full wp-image-2343\" src=\"https:\/\/blog.holyart.it\/de\/wp-content\/uploads\/sites\/12\/2023\/03\/Rosenkranz-mit-Glasperlen-mit-Kleeblatt-8x6-mm-Heiliger-Patrick.jpg\" alt=\"Rosenkranz mit Glasperlen mit Kleeblatt 8x6 mm Heiliger Patrick\" width=\"100\" height=\"100\" data-kale-share-title=\"Sankt Patricks Tag: Fest, Wissenswertes und Geschichte\" data-kale-share-url=\"https:\/\/blog.holyart.it\/de\/?p=2338\" \/><\/div>\n<div class=\"blocco-contenuto\">\n<div class=\"blocco-acquista\">Einkaufen:<\/div>\n<div class=\"blocco-titolo\"><a href=\"https:\/\/www.holyart.de\/devotionalien\/rosenkranze-und-rosenkranzetuis\/rosenkranze-mit-glasperlen\/rosenkranz-mit-glasperlen-mit-kleeblatt-8x6-mm-heiliger-patrick\">Rosenkranz <\/a><\/div>\n<div class=\"blocco-descrizione\">Rosenkranz mit Glasperlen<\/div>\n<\/div>\n<\/div>\n<h2>Wann feiert man St. Patrick&#8217;s Day?<\/h2>\n<p>Die meisten Historiker geben den 17. M\u00e4rz 461 n. Chr. als den Todestag von St. Patrick an. Der Heilige soll in Saul, Grafschaft Down, gestorben sein und wurde dann ins heutige Downpatrick gebracht. Seit 1600 wird an diesem Tag der Ankunft des Christentums in Irland durch den Heiligen gedacht, und er ist ein nationaler Feiertag in der Republik Irland. Er ist einer der am meisten gefeierten Feiertage der Welt.<\/p>\n<p><img loading=\"lazy\" decoding=\"async\" class=\"size-full wp-image-2344 aligncenter\" src=\"https:\/\/blog.holyart.it\/de\/wp-content\/uploads\/sites\/12\/2023\/03\/Wann-feiert-man-St.-Patricks-Day.jpg\" alt=\"Wann feiert man St. Patrick's Day\" width=\"758\" height=\"539\" data-kale-share-title=\"Sankt Patricks Tag: Fest, Wissenswertes und Geschichte\" data-kale-share-url=\"https:\/\/blog.holyart.it\/de\/?p=2338\" \/><\/p>\n<h2>Warum ist St. Patrick&#8217;s Day in Irland so wichtig?<\/h2>\n<p>Die Iren feiern den St. Patrick&#8217;s Day oder St. Paddy&#8217;s Day (irisch: L\u00e1 &#8218;le P\u00e1draig oder L\u00e1 F\u00e9ile P\u00e1draig) seit dem 9. und 10. Jahrhundert. \u00dcberall auf der Insel, aber auch in allen L\u00e4ndern der Welt, in denen es eine irische Gemeinde gibt, finden gro\u00dfe Umz\u00fcge, Festessen und ausgelassene T\u00e4nze statt. <a href=\"https:\/\/www.holyart.de\/klosterprodukte\/trappisten-und-klosterbiere?page=1\"><strong>Die Hauptrolle bei diesem Fest spielt das Bier<\/strong>,<\/a> insbesondere Guinnes, ein typisch irisches dunkles Bier, aus dem auch der s\u00fc\u00dfe <em>Guinness-Kuchen<\/em> gebacken wird, und der aus vergorenen \u00c4pfeln hergestellte <strong>Apfelwein<\/strong>. Gegessen wird <em>Roast Dinner<\/em>, gekochtes Rindfleisch mit Bratkartoffeln, Erbsen und Karotten, <em>Sodabrot<\/em> und <em>Apfelkuchen<\/em>.<\/p>\n<div class=\"link-product\">\n<div class=\"blocco-immagine\"><img loading=\"lazy\" decoding=\"async\" class=\"alignnone size-full wp-image-2346\" src=\"https:\/\/blog.holyart.it\/de\/wp-content\/uploads\/sites\/12\/2023\/03\/Biere-trappiste-Copia.jpg\" alt=\"trappisten\" width=\"100\" height=\"100\" data-kale-share-title=\"Sankt Patricks Tag: Fest, Wissenswertes und Geschichte\" data-kale-share-url=\"https:\/\/blog.holyart.it\/de\/?p=2338\" \/><\/div>\n<div class=\"blocco-contenuto\">\n<div class=\"blocco-acquista\">Einkaufen:<\/div>\n<div class=\"blocco-titolo\"><a href=\"https:\/\/www.holyart.de\/klosterprodukte\/trappisten-und-klosterbiere?page=1\">Trappisten- und Klosterbiere<\/a><\/div>\n<div class=\"blocco-descrizione\">Die von Trappistenm\u00f6nchen<\/div>\n<\/div>\n<\/div>\n<h2>Wo liegt der Brunnen des Heiligen Patrick?<\/h2>\n<p>Eine andere Legende besagt, dass sich St. Patrick einst zum Beten auf die kleine Seeinsel Lough Derg in der irischen Grafschaft Donegal zur\u00fcckzog. Dort gab es eine H\u00f6hle, die so tief war, dass sich dort die Pforten des Fegefeuers \u00f6ffnen sollten. Aus diesem Grund erhielt der Ort den Spitznamen <em>Fegefeuer vom Heiligen Patrick oder Brunnen vom Heiligen Patrick<\/em>. Die H\u00f6hle wurde 1497 zugemauert, und heute steht dort eine Kirche, ein Ort der Bu\u00dfpilgerschaft.<\/p>\n<p>In Orvieto, Italien, lie\u00df Papst Clemens VII. zwischen 1527 und 1537 den St. Patrick-Brunnen errichten. Er ist ein Meisterwerk der Ingenieurskunst und wurde von Antonio da Sangallo dem J\u00fcngeren als Zufluchtsort im Falle einer Belagerung errichtet. Der Brunnen ist so angelegt, dass er leicht mit Wasser versorgt werden kann. Es handelt sich um ein in Tuffstein gegrabenes Bauwerk, das 54 Meter tief in den Boden reicht und \u00fcber zwei einl\u00e4ufige Wendeltreppen verf\u00fcgt. Ihr Durchmesser betr\u00e4gt 13 Meter. Der Name leitet sich von der H\u00f6hle ab, in der der irische Heilige seinen R\u00fcckzugsort hatte.<\/p>\n<p>Heute wird der Begriff des <em>Brunnens vom Heiligen Patrick<\/em> auch verwendet, um einen endlosen Vorrat an Reicht\u00fcmern oder ein unendliches Unterfangen zu beschreiben, das vergeblich Zeit und Energie verschlingt.<\/p>\n<p><img loading=\"lazy\" decoding=\"async\" class=\"aligncenter size-full wp-image-6720\" src=\"https:\/\/blog.holyart.it\/de\/wp-content\/uploads\/sites\/12\/2023\/03\/Brunnen-des-Heiligen-Patrick.jpg\" alt=\"Brunnen des Heiligen Patrick\" width=\"1000\" height=\"666\" data-kale-share-title=\"Sankt Patricks Tag: Fest, Wissenswertes und Geschichte\" data-kale-share-url=\"https:\/\/blog.holyart.it\/de\/heilige-und-selige\/sankt-patricks-tag-fest-wissenswertes-und-geschichte\/\" \/><\/p>\n","protected":false},"excerpt":{"rendered":"<p>Am 17. M\u00e4rz feiern wir den Heiligen Patrick, den Schutzpatron von Irland. Ein Fest voller Freude, Farben (vor allem Gr\u00fcn) und Musik. Aber wer war dieser Heilige, der von den Iren auf der ganzen Welt immer noch so geliebt wird? Der Heilige Patrick, Schutzpatron von&hellip;<\/p>\n","protected":false},"author":1,"featured_media":2339,"comment_status":"closed","ping_status":"open","sticky":false,"template":"","format":"standard","meta":{"_acf_changed":false,"footnotes":""},"categories":[9,10],"tags":[],"class_list":["post-2338","post","type-post","status-publish","format-standard","has-post-thumbnail","hentry","category-heilige-und-selige","category-devotionalien"],"acf":[],"yoast_head":"<!-- This site is optimized with the Yoast SEO plugin v26.6 - https:\/\/yoast.com\/wordpress\/plugins\/seo\/ -->\n<title>Sankt Patricks Tag: Fest, Wissenswertes und Geschichte<\/title>\n<meta name=\"description\" content=\"Am 17. M\u00e4rz feiern wir den Heiligen Patrick, den Schutzpatron von Irland. Ein Fest voller Freude, Farben (vor allem Gr\u00fcn) und Musik.\" \/>\n<meta name=\"robots\" content=\"index, follow, max-snippet:-1, max-image-preview:large, max-video-preview:-1\" \/>\n<link rel=\"canonical\" href=\"https:\/\/blog.holyart.it\/de\/heilige-und-selige\/sankt-patricks-tag-fest-wissenswertes-und-geschichte\/\" \/>\n<meta property=\"og:locale\" content=\"de_DE\" \/>\n<meta property=\"og:type\" content=\"article\" \/>\n<meta property=\"og:title\" content=\"Sankt Patricks Tag: Fest, Wissenswertes und Geschichte\" \/>\n<meta property=\"og:description\" content=\"Am 17. M\u00e4rz feiern wir den Heiligen Patrick, den Schutzpatron von Irland. Ein Fest voller Freude, Farben (vor allem Gr\u00fcn) und Musik.\" \/>\n<meta property=\"og:url\" content=\"https:\/\/blog.holyart.it\/de\/heilige-und-selige\/sankt-patricks-tag-fest-wissenswertes-und-geschichte\/\" \/>\n<meta property=\"og:site_name\" content=\"Holyart.de Blog\" \/>\n<meta property=\"article:published_time\" content=\"2023-03-14T11:30:15+00:00\" \/>\n<meta property=\"article:modified_time\" content=\"2025-08-29T08:41:08+00:00\" \/>\n<meta property=\"og:image\" content=\"https:\/\/blog.holyart.it\/de\/wp-content\/uploads\/sites\/12\/2023\/02\/Sankt-Patricks-Tag.jpg\" \/>\n\t<meta property=\"og:image:width\" content=\"1000\" \/>\n\t<meta property=\"og:image:height\" content=\"666\" \/>\n\t<meta property=\"og:image:type\" content=\"image\/jpeg\" \/>\n<meta name=\"author\" content=\"Redazione\" \/>\n<meta name=\"twitter:card\" content=\"summary_large_image\" \/>\n<meta name=\"twitter:label1\" content=\"Verfasst von\" \/>\n\t<meta name=\"twitter:data1\" content=\"Redazione\" \/>\n\t<meta name=\"twitter:label2\" content=\"Gesch\u00e4tzte Lesezeit\" \/>\n\t<meta name=\"twitter:data2\" content=\"8\u00a0Minuten\" \/>\n<script type=\"application\/ld+json\" class=\"yoast-schema-graph\">{\"@context\":\"https:\/\/schema.org\",\"@graph\":[{\"@type\":\"Article\",\"@id\":\"https:\/\/blog.holyart.it\/de\/heilige-und-selige\/sankt-patricks-tag-fest-wissenswertes-und-geschichte\/#article\",\"isPartOf\":{\"@id\":\"https:\/\/blog.holyart.it\/de\/heilige-und-selige\/sankt-patricks-tag-fest-wissenswertes-und-geschichte\/\"},\"author\":{\"name\":\"Redazione\",\"@id\":\"https:\/\/blog.holyart.it\/de\/#\/schema\/person\/0a7b686e5af0f856ec1e390dd0baecda\"},\"headline\":\"Sankt Patricks Tag: Fest, Wissenswertes und Geschichte\",\"datePublished\":\"2023-03-14T11:30:15+00:00\",\"dateModified\":\"2025-08-29T08:41:08+00:00\",\"mainEntityOfPage\":{\"@id\":\"https:\/\/blog.holyart.it\/de\/heilige-und-selige\/sankt-patricks-tag-fest-wissenswertes-und-geschichte\/\"},\"wordCount\":1244,\"publisher\":{\"@id\":\"https:\/\/blog.holyart.it\/de\/#organization\"},\"image\":{\"@id\":\"https:\/\/blog.holyart.it\/de\/heilige-und-selige\/sankt-patricks-tag-fest-wissenswertes-und-geschichte\/#primaryimage\"},\"thumbnailUrl\":\"https:\/\/blog.holyart.it\/de\/wp-content\/uploads\/sites\/12\/2023\/02\/Sankt-Patricks-Tag.jpg\",\"articleSection\":[\"Heilige und Selige\",\"Religion\"],\"inLanguage\":\"de\"},{\"@type\":\"WebPage\",\"@id\":\"https:\/\/blog.holyart.it\/de\/heilige-und-selige\/sankt-patricks-tag-fest-wissenswertes-und-geschichte\/\",\"url\":\"https:\/\/blog.holyart.it\/de\/heilige-und-selige\/sankt-patricks-tag-fest-wissenswertes-und-geschichte\/\",\"name\":\"Sankt Patricks Tag: Fest, Wissenswertes und Geschichte\",\"isPartOf\":{\"@id\":\"https:\/\/blog.holyart.it\/de\/#website\"},\"primaryImageOfPage\":{\"@id\":\"https:\/\/blog.holyart.it\/de\/heilige-und-selige\/sankt-patricks-tag-fest-wissenswertes-und-geschichte\/#primaryimage\"},\"image\":{\"@id\":\"https:\/\/blog.holyart.it\/de\/heilige-und-selige\/sankt-patricks-tag-fest-wissenswertes-und-geschichte\/#primaryimage\"},\"thumbnailUrl\":\"https:\/\/blog.holyart.it\/de\/wp-content\/uploads\/sites\/12\/2023\/02\/Sankt-Patricks-Tag.jpg\",\"datePublished\":\"2023-03-14T11:30:15+00:00\",\"dateModified\":\"2025-08-29T08:41:08+00:00\",\"description\":\"Am 17. M\u00e4rz feiern wir den Heiligen Patrick, den Schutzpatron von Irland. Ein Fest voller Freude, Farben (vor allem Gr\u00fcn) und Musik.\",\"breadcrumb\":{\"@id\":\"https:\/\/blog.holyart.it\/de\/heilige-und-selige\/sankt-patricks-tag-fest-wissenswertes-und-geschichte\/#breadcrumb\"},\"inLanguage\":\"de\",\"potentialAction\":[{\"@type\":\"ReadAction\",\"target\":[\"https:\/\/blog.holyart.it\/de\/heilige-und-selige\/sankt-patricks-tag-fest-wissenswertes-und-geschichte\/\"]}]},{\"@type\":\"ImageObject\",\"inLanguage\":\"de\",\"@id\":\"https:\/\/blog.holyart.it\/de\/heilige-und-selige\/sankt-patricks-tag-fest-wissenswertes-und-geschichte\/#primaryimage\",\"url\":\"https:\/\/blog.holyart.it\/de\/wp-content\/uploads\/sites\/12\/2023\/02\/Sankt-Patricks-Tag.jpg\",\"contentUrl\":\"https:\/\/blog.holyart.it\/de\/wp-content\/uploads\/sites\/12\/2023\/02\/Sankt-Patricks-Tag.jpg\",\"width\":1000,\"height\":666,\"caption\":\"Sankt Patricks Tag\"},{\"@type\":\"BreadcrumbList\",\"@id\":\"https:\/\/blog.holyart.it\/de\/heilige-und-selige\/sankt-patricks-tag-fest-wissenswertes-und-geschichte\/#breadcrumb\",\"itemListElement\":[{\"@type\":\"ListItem\",\"position\":1,\"name\":\"Homepage\",\"item\":\"https:\/\/blog.holyart.it\/de\/\"},{\"@type\":\"ListItem\",\"position\":2,\"name\":\"Heilige und Selige\",\"item\":\"https:\/\/blog.holyart.it\/de\/heilige-und-selige\/\"},{\"@type\":\"ListItem\",\"position\":3,\"name\":\"Sankt Patricks Tag: Fest, Wissenswertes und Geschichte\"}]},{\"@type\":\"WebSite\",\"@id\":\"https:\/\/blog.holyart.it\/de\/#website\",\"url\":\"https:\/\/blog.holyart.it\/de\/\",\"name\":\"Holyart.de Blog\",\"description\":\"Holyblog\",\"publisher\":{\"@id\":\"https:\/\/blog.holyart.it\/de\/#organization\"},\"potentialAction\":[{\"@type\":\"SearchAction\",\"target\":{\"@type\":\"EntryPoint\",\"urlTemplate\":\"https:\/\/blog.holyart.it\/de\/?s={search_term_string}\"},\"query-input\":{\"@type\":\"PropertyValueSpecification\",\"valueRequired\":true,\"valueName\":\"search_term_string\"}}],\"inLanguage\":\"de\"},{\"@type\":\"Organization\",\"@id\":\"https:\/\/blog.holyart.it\/de\/#organization\",\"name\":\"Holyart.de Blog\",\"url\":\"https:\/\/blog.holyart.it\/de\/\",\"logo\":{\"@type\":\"ImageObject\",\"inLanguage\":\"de\",\"@id\":\"https:\/\/blog.holyart.it\/de\/#\/schema\/logo\/image\/\",\"url\":\"https:\/\/blog.holyart.it\/de\/wp-content\/uploads\/sites\/12\/2022\/12\/Holyart_Blog_Logo.jpg\",\"contentUrl\":\"https:\/\/blog.holyart.it\/de\/wp-content\/uploads\/sites\/12\/2022\/12\/Holyart_Blog_Logo.jpg\",\"width\":300,\"height\":50,\"caption\":\"Holyart.de Blog\"},\"image\":{\"@id\":\"https:\/\/blog.holyart.it\/de\/#\/schema\/logo\/image\/\"}},{\"@type\":\"Person\",\"@id\":\"https:\/\/blog.holyart.it\/de\/#\/schema\/person\/0a7b686e5af0f856ec1e390dd0baecda\",\"name\":\"Redazione\",\"image\":{\"@type\":\"ImageObject\",\"inLanguage\":\"de\",\"@id\":\"https:\/\/blog.holyart.it\/de\/#\/schema\/person\/image\/\",\"url\":\"https:\/\/secure.gravatar.com\/avatar\/f477da817f43e50d0af36abecd33e3edf826c68299714bdc1057dff3b113f516?s=96&d=mm&r=g\",\"contentUrl\":\"https:\/\/secure.gravatar.com\/avatar\/f477da817f43e50d0af36abecd33e3edf826c68299714bdc1057dff3b113f516?s=96&d=mm&r=g\",\"caption\":\"Redazione\"}}]}<\/script>\n<!-- \/ Yoast SEO plugin. -->","yoast_head_json":{"title":"Sankt Patricks Tag: Fest, Wissenswertes und Geschichte","description":"Am 17. M\u00e4rz feiern wir den Heiligen Patrick, den Schutzpatron von Irland. Ein Fest voller Freude, Farben (vor allem Gr\u00fcn) und Musik.","robots":{"index":"index","follow":"follow","max-snippet":"max-snippet:-1","max-image-preview":"max-image-preview:large","max-video-preview":"max-video-preview:-1"},"canonical":"https:\/\/blog.holyart.it\/de\/heilige-und-selige\/sankt-patricks-tag-fest-wissenswertes-und-geschichte\/","og_locale":"de_DE","og_type":"article","og_title":"Sankt Patricks Tag: Fest, Wissenswertes und Geschichte","og_description":"Am 17. M\u00e4rz feiern wir den Heiligen Patrick, den Schutzpatron von Irland. Ein Fest voller Freude, Farben (vor allem Gr\u00fcn) und Musik.","og_url":"https:\/\/blog.holyart.it\/de\/heilige-und-selige\/sankt-patricks-tag-fest-wissenswertes-und-geschichte\/","og_site_name":"Holyart.de Blog","article_published_time":"2023-03-14T11:30:15+00:00","article_modified_time":"2025-08-29T08:41:08+00:00","og_image":[{"width":1000,"height":666,"url":"https:\/\/blog.holyart.it\/de\/wp-content\/uploads\/sites\/12\/2023\/02\/Sankt-Patricks-Tag.jpg","type":"image\/jpeg"}],"author":"Redazione","twitter_card":"summary_large_image","twitter_misc":{"Verfasst von":"Redazione","Gesch\u00e4tzte Lesezeit":"8\u00a0Minuten"},"schema":{"@context":"https:\/\/schema.org","@graph":[{"@type":"Article","@id":"https:\/\/blog.holyart.it\/de\/heilige-und-selige\/sankt-patricks-tag-fest-wissenswertes-und-geschichte\/#article","isPartOf":{"@id":"https:\/\/blog.holyart.it\/de\/heilige-und-selige\/sankt-patricks-tag-fest-wissenswertes-und-geschichte\/"},"author":{"name":"Redazione","@id":"https:\/\/blog.holyart.it\/de\/#\/schema\/person\/0a7b686e5af0f856ec1e390dd0baecda"},"headline":"Sankt Patricks Tag: Fest, Wissenswertes und Geschichte","datePublished":"2023-03-14T11:30:15+00:00","dateModified":"2025-08-29T08:41:08+00:00","mainEntityOfPage":{"@id":"https:\/\/blog.holyart.it\/de\/heilige-und-selige\/sankt-patricks-tag-fest-wissenswertes-und-geschichte\/"},"wordCount":1244,"publisher":{"@id":"https:\/\/blog.holyart.it\/de\/#organization"},"image":{"@id":"https:\/\/blog.holyart.it\/de\/heilige-und-selige\/sankt-patricks-tag-fest-wissenswertes-und-geschichte\/#primaryimage"},"thumbnailUrl":"https:\/\/blog.holyart.it\/de\/wp-content\/uploads\/sites\/12\/2023\/02\/Sankt-Patricks-Tag.jpg","articleSection":["Heilige und Selige","Religion"],"inLanguage":"de"},{"@type":"WebPage","@id":"https:\/\/blog.holyart.it\/de\/heilige-und-selige\/sankt-patricks-tag-fest-wissenswertes-und-geschichte\/","url":"https:\/\/blog.holyart.it\/de\/heilige-und-selige\/sankt-patricks-tag-fest-wissenswertes-und-geschichte\/","name":"Sankt Patricks Tag: Fest, Wissenswertes und Geschichte","isPartOf":{"@id":"https:\/\/blog.holyart.it\/de\/#website"},"primaryImageOfPage":{"@id":"https:\/\/blog.holyart.it\/de\/heilige-und-selige\/sankt-patricks-tag-fest-wissenswertes-und-geschichte\/#primaryimage"},"image":{"@id":"https:\/\/blog.holyart.it\/de\/heilige-und-selige\/sankt-patricks-tag-fest-wissenswertes-und-geschichte\/#primaryimage"},"thumbnailUrl":"https:\/\/blog.holyart.it\/de\/wp-content\/uploads\/sites\/12\/2023\/02\/Sankt-Patricks-Tag.jpg","datePublished":"2023-03-14T11:30:15+00:00","dateModified":"2025-08-29T08:41:08+00:00","description":"Am 17. M\u00e4rz feiern wir den Heiligen Patrick, den Schutzpatron von Irland. Ein Fest voller Freude, Farben (vor allem Gr\u00fcn) und Musik.","breadcrumb":{"@id":"https:\/\/blog.holyart.it\/de\/heilige-und-selige\/sankt-patricks-tag-fest-wissenswertes-und-geschichte\/#breadcrumb"},"inLanguage":"de","potentialAction":[{"@type":"ReadAction","target":["https:\/\/blog.holyart.it\/de\/heilige-und-selige\/sankt-patricks-tag-fest-wissenswertes-und-geschichte\/"]}]},{"@type":"ImageObject","inLanguage":"de","@id":"https:\/\/blog.holyart.it\/de\/heilige-und-selige\/sankt-patricks-tag-fest-wissenswertes-und-geschichte\/#primaryimage","url":"https:\/\/blog.holyart.it\/de\/wp-content\/uploads\/sites\/12\/2023\/02\/Sankt-Patricks-Tag.jpg","contentUrl":"https:\/\/blog.holyart.it\/de\/wp-content\/uploads\/sites\/12\/2023\/02\/Sankt-Patricks-Tag.jpg","width":1000,"height":666,"caption":"Sankt Patricks Tag"},{"@type":"BreadcrumbList","@id":"https:\/\/blog.holyart.it\/de\/heilige-und-selige\/sankt-patricks-tag-fest-wissenswertes-und-geschichte\/#breadcrumb","itemListElement":[{"@type":"ListItem","position":1,"name":"Homepage","item":"https:\/\/blog.holyart.it\/de\/"},{"@type":"ListItem","position":2,"name":"Heilige und Selige","item":"https:\/\/blog.holyart.it\/de\/heilige-und-selige\/"},{"@type":"ListItem","position":3,"name":"Sankt Patricks Tag: Fest, Wissenswertes und Geschichte"}]},{"@type":"WebSite","@id":"https:\/\/blog.holyart.it\/de\/#website","url":"https:\/\/blog.holyart.it\/de\/","name":"Holyart.de Blog","description":"Holyblog","publisher":{"@id":"https:\/\/blog.holyart.it\/de\/#organization"},"potentialAction":[{"@type":"SearchAction","target":{"@type":"EntryPoint","urlTemplate":"https:\/\/blog.holyart.it\/de\/?s={search_term_string}"},"query-input":{"@type":"PropertyValueSpecification","valueRequired":true,"valueName":"search_term_string"}}],"inLanguage":"de"},{"@type":"Organization","@id":"https:\/\/blog.holyart.it\/de\/#organization","name":"Holyart.de Blog","url":"https:\/\/blog.holyart.it\/de\/","logo":{"@type":"ImageObject","inLanguage":"de","@id":"https:\/\/blog.holyart.it\/de\/#\/schema\/logo\/image\/","url":"https:\/\/blog.holyart.it\/de\/wp-content\/uploads\/sites\/12\/2022\/12\/Holyart_Blog_Logo.jpg","contentUrl":"https:\/\/blog.holyart.it\/de\/wp-content\/uploads\/sites\/12\/2022\/12\/Holyart_Blog_Logo.jpg","width":300,"height":50,"caption":"Holyart.de Blog"},"image":{"@id":"https:\/\/blog.holyart.it\/de\/#\/schema\/logo\/image\/"}},{"@type":"Person","@id":"https:\/\/blog.holyart.it\/de\/#\/schema\/person\/0a7b686e5af0f856ec1e390dd0baecda","name":"Redazione","image":{"@type":"ImageObject","inLanguage":"de","@id":"https:\/\/blog.holyart.it\/de\/#\/schema\/person\/image\/","url":"https:\/\/secure.gravatar.com\/avatar\/f477da817f43e50d0af36abecd33e3edf826c68299714bdc1057dff3b113f516?s=96&d=mm&r=g","contentUrl":"https:\/\/secure.gravatar.com\/avatar\/f477da817f43e50d0af36abecd33e3edf826c68299714bdc1057dff3b113f516?s=96&d=mm&r=g","caption":"Redazione"}}]}},"_links":{"self":[{"href":"https:\/\/blog.holyart.it\/de\/wp-json\/wp\/v2\/posts\/2338","targetHints":{"allow":["GET"]}}],"collection":[{"href":"https:\/\/blog.holyart.it\/de\/wp-json\/wp\/v2\/posts"}],"about":[{"href":"https:\/\/blog.holyart.it\/de\/wp-json\/wp\/v2\/types\/post"}],"author":[{"embeddable":true,"href":"https:\/\/blog.holyart.it\/de\/wp-json\/wp\/v2\/users\/1"}],"replies":[{"embeddable":true,"href":"https:\/\/blog.holyart.it\/de\/wp-json\/wp\/v2\/comments?post=2338"}],"version-history":[{"count":4,"href":"https:\/\/blog.holyart.it\/de\/wp-json\/wp\/v2\/posts\/2338\/revisions"}],"predecessor-version":[{"id":2341,"href":"https:\/\/blog.holyart.it\/de\/wp-json\/wp\/v2\/posts\/2338\/revisions\/2341"}],"wp:featuredmedia":[{"embeddable":true,"href":"https:\/\/blog.holyart.it\/de\/wp-json\/wp\/v2\/media\/2339"}],"wp:attachment":[{"href":"https:\/\/blog.holyart.it\/de\/wp-json\/wp\/v2\/media?parent=2338"}],"wp:term":[{"taxonomy":"category","embeddable":true,"href":"https:\/\/blog.holyart.it\/de\/wp-json\/wp\/v2\/categories?post=2338"},{"taxonomy":"post_tag","embeddable":true,"href":"https:\/\/blog.holyart.it\/de\/wp-json\/wp\/v2\/tags?post=2338"}],"curies":[{"name":"wp","href":"https:\/\/api.w.org\/{rel}","templated":true}]}}