{"id":2201,"date":"2022-12-27T12:30:25","date_gmt":"2022-12-27T11:30:25","guid":{"rendered":"https:\/\/blog.holyart.it\/de\/?p=2201"},"modified":"2023-01-03T10:42:38","modified_gmt":"2023-01-03T09:42:38","slug":"was-geschah-mit-dem-vierten-heiligen-koenig","status":"publish","type":"post","link":"https:\/\/blog.holyart.it\/de\/weihnachten\/was-geschah-mit-dem-vierten-heiligen-koenig\/","title":{"rendered":"Was geschah mit dem vierten Heiligen K\u00f6nig?"},"content":{"rendered":"<h4>Die Heiligen Drei K\u00f6nige \u00fcben seit jeher eine gro\u00dfe Faszination aus, auch wenn man nichts Genaues \u00fcber sie wei\u00df. Heute wollen wir Ihnen von einer Figur erz\u00e4hlen, \u00fcber die noch weniger bekannt ist: den vierten Heiligen K\u00f6nig.<\/h4>\n\n<p>Bevor wir Ihnen sagen, wer der vierte K\u00f6nig war, <strong><a href=\"https:\/\/www.holyart.de\/blog\/weihnachten\/wer-die-heiligen-drei-koenige-waren-und-ihre-namen\/\">sollten Sie sich daran erinnern, wer die drei \u201ekanonischen\u201c K\u00f6nige waren.<\/a><\/strong> Man sagt, sie seien <strong>Weise<\/strong> gewesen, die aus Babylon kamen, oder <strong>Priester des Zoroaster<\/strong>. Einigen Legenden zufolge handelt es sich um <strong>K\u00f6nige, die aus fernen L\u00e4ndern<\/strong> wie Arabien, Indien oder sogar China stammen. Es gibt jedoch keine sicheren Informationen dar\u00fcber, dass sie wirklich K\u00f6nige waren. Sie folgten einem Kometenstern, so dass davon auszugehen ist, dass sie <strong>Astronomen<\/strong> waren oder sich zumindest mit der Himmelskunde auskannten.<\/p>\n<p>\u00dcber die Heiligen Drei K\u00f6nige ist alles und das Gegenteil von allem gesagt und geschrieben worden. Wir haben ihnen auch einen sehr ausf\u00fchrlichen Artikel gewidmet.<\/p>\n<div class=\"link-article\">\n<p><img loading=\"lazy\" decoding=\"async\" class=\"alignnone size-full wp-image-2203\" src=\"https:\/\/blog.holyart.it\/de\/wp-content\/uploads\/sites\/12\/2022\/12\/Die-Heiligen-Drei-K\u00f6nige.jpg\" alt=\"Die Heiligen Drei K\u00f6nige\" width=\"150\" height=\"100\" data-kale-share-title=\"Was geschah mit dem vierten Heiligen K\u00f6nig?\" data-kale-share-url=\"https:\/\/blog.holyart.it\/de\/?p=2201\" \/><\/p>\n<div class=\"leggi-anche\">Lesen Sie auch:<\/div>\n<p><strong><a href=\"https:\/\/www.holyart.de\/blog\/weihnachten\/wer-die-heiligen-drei-koenige-waren-und-ihre-namen\/\">Wer die Heiligen Drei K\u00f6nige waren und ihre Namen<\/a><\/strong><br \/>\nDie Heiligen Drei K\u00f6nige sind traditionelle Figuren der Krippe, sehr bekannt und von allen geliebt.<\/p>\n<\/div>\n<p>Man kann nicht \u00fcber Weihnachten sprechen, ohne sie zu erw\u00e4hnen. Sie sind die Protagonisten des Krippenspiels und stellen in gewisser Weise die Kr\u00f6nung der Ankunft des Jesuskindes dar, denn ihre Ankunft vor der H\u00fctte mit den ber\u00fchmten Gaben zeugt von der <strong>Anerkennung Jesu<\/strong> nicht nur durch die einfachen Hirten, sondern auch in den Augen der Welt der Wissenden. Ihr Kommen f\u00e4llt mit dem Ende der Festtage, der <strong>Epiphanie<\/strong>, und dem Beginn einer viel gr\u00f6\u00dferen und wichtigeren Geschichte zusammen.<\/p>\n<p>Heute wollen wir Ihnen eine ganz andere Geschichte erz\u00e4hlen, von einer Figur, die fast nie erw\u00e4hnt wird, nur um ein zweitausend Jahre altes Geheimnis weiter zu verdichten. <strong>Der vierte K\u00f6nig<\/strong> ist in der christlichen Tradition seit langem pr\u00e4sent, obwohl er in keinem der Evangelien erw\u00e4hnt wird. Viele Legenden erz\u00e4hlen von diesem vierten Mann, der Bethlehem nie erreichte und Jesus nie begegnete, weil er nicht rechtzeitig ankam, um seine Gef\u00e4hrten zu treffen, und sich auf dem Weg verirrte. Es hei\u00dft, dass seine vergebliche Suche ewig andauerte, dass er sein ganzes Leben lang auf der Suche nach diesem einzigartigen und besonderen Kind umherwanderte.<\/p>\n<p>Aber lassen Sie uns einen Schritt zur\u00fcckgehen.<\/p>\n<h2>Drei oder vier K\u00f6nige?<\/h2>\n<p>Von allen Evangelisten erw\u00e4hnt nur <strong>Matth\u00e4us<\/strong> in seinem Evangelium die <strong><a href=\"https:\/\/www.holyart.de\/weihnachten\/krippenfiguren\/heilige-drei-konige-fur-60-cm-krippe-aus-kunstharz-gefertigt\">Heiligen Drei K\u00f6nige<\/a><\/strong>: <em>Jesus wurde in Bethlehem in Jud\u00e4a geboren, zur Zeit des <strong><a href=\"https:\/\/www.holyart.de\/weihnachten\/krippenfiguren\/konig-herodes-12cm-harz-linie-martino-landi\">K\u00f6nigs Herodes.<\/a><\/strong> Einige Weisen aus dem Morgenland kamen nach Jerusalem und fragten: \u201eWo ist der K\u00f6nig der Juden, der geboren wurde? Wir haben seinen Stern aufgehen sehen und sind gekommen, um ihn anzubeten\u201c. <\/em>(Matth\u00e4us 2:1-2)<\/p>\n<div class=\"link-product\">\n<div class=\"blocco-immagine\"><img loading=\"lazy\" decoding=\"async\" class=\"alignnone size-full wp-image-2204\" src=\"https:\/\/blog.holyart.it\/de\/wp-content\/uploads\/sites\/12\/2022\/12\/Heilige-Drei-K\u00f6nige-f\u00fcr-60-cm-Krippe-aus-Kunstharz-gefertigt-.jpg\" alt=\"Heilige Drei K\u00f6nige f\u00fcr 60 cm Krippe aus Kunstharz gefertigt\" width=\"100\" height=\"100\" data-kale-share-title=\"Was geschah mit dem vierten Heiligen K\u00f6nig?\" data-kale-share-url=\"https:\/\/blog.holyart.it\/de\/?p=2201\" \/><\/div>\n<div class=\"blocco-contenuto\">\n<div class=\"blocco-acquista\">Einkaufen:<\/div>\n<div class=\"blocco-titolo\"><a href=\"https:\/\/www.holyart.de\/weihnachten\/krippenfiguren\/heilige-drei-konige-fur-60-cm-krippe-aus-kunstharz-gefertigt\">Heilige Drei K\u00f6nige<\/a><\/div>\n<div class=\"blocco-descrizione\">Heilige Drei K\u00f6nige f\u00fcr 60 cm Krippe aus Kunstharz gefertigt<\/div>\n<\/div>\n<\/div>\n<p>Tats\u00e4chlich hat er nicht einmal gesagt, <strong>wie viele<\/strong> K\u00f6nige es waren; nirgendwo ist bezeugt, dass es nur drei waren. Erst sp\u00e4tere Legenden identifizierten <strong>drei<\/strong> von ihnen und gaben ihnen sogar Namen, die allerdings von \u00dcberlieferung zu \u00dcberlieferung wechselten: <strong>Gaspar, Melchior und Balthasar<\/strong>.<\/p>\n<p>Es ist anzunehmen, dass die Zahl der K\u00f6nige durch den Wunsch bestimmt wurde, diese Zeichen entsprechend ihrem <strong>symbolischen Wert<\/strong> zu kodifizieren. Die <strong>Zahl 3<\/strong> kommt in der Heiligen Schrift h\u00e4ufig vor und ist wie andere Zahlen mit einer bestimmten Bedeutung versehen. So wie die <strong>Zahl 1<\/strong> die <strong>Einzigartigkeit Gottes<\/strong> symbolisiert, die <strong>Zahl 7<\/strong> gilt f\u00fcr die <strong>Totalit\u00e4t und Vollst\u00e4ndigkeit<\/strong>, die <strong>Zahl 12<\/strong> f\u00fcr die menschliche F\u00fclle, so verweist die <strong>Zahl 3<\/strong> auf die <strong>Heilige Dreifaltigkeit<\/strong>, und nicht nur. Wie die Zahl 7 oder die Zahl 10 ist auch die Zahl 3 ein Symbol f\u00fcr <strong>Vollkommenheit und Vollst\u00e4ndigkeit<\/strong>. Drei waren die <strong>Wanderer<\/strong>, die Abrahams Zelt besuchten. Drei sind die Tage <strong>zwischen dem Tod und der Auferstehung<\/strong> <strong>Jesu<\/strong>, und in dieser Bedeutung wird die Zahl 3 zum Symbol f\u00fcr <strong>neues Leben<\/strong>, f\u00fcr eine Vollst\u00e4ndigkeit, die in einem noch h\u00f6heren Sinn verstanden wird.<\/p>\n<p>Der vierte K\u00f6nig hie\u00df der Legende nach <strong>Artaban<\/strong>. Er kam aus Persien und sah wie die anderen drei den Kometenstern am Himmel und erkannte in ihm das Zeichen eines gro\u00dfen Wunders.<\/p>\n<h2>Die Gaben der Heiligen K\u00f6nige<\/h2>\n<p>Um auf die Heiligen Drei K\u00f6nige zur\u00fcckzukommen, wissen wir, dass sie dem Kind drei Gaben darbrachten: <strong>Gold, Weihrauch und Myrrhe<\/strong>. Auch bei den Geschenken war die Wahl nicht zuf\u00e4llig. <strong>Gold<\/strong> war eines der kostbarsten Metalle, das ausschlie\u00dfliche Vorrecht der K\u00f6nige, und damit erkannten die Heiligen Drei K\u00f6nige Melchior das <strong>K\u00f6nigtum von Jesus<\/strong> an.<\/p>\n<p>Was Gaspars Geschenk betrifft, so war es \u00fcblich, den G\u00f6ttern mit Essenzen und <a href=\"https:\/\/www.holyart.de\/verbrauchsprodukte\/weihrauch?page=1&amp;flags=true\"><strong>Weihrauch<\/strong> <\/a>zu huldigen, und so ist der Weihrauch, den er Jesus anbietet, eine Best\u00e4tigung seiner <strong>g\u00f6ttlichen Natur<\/strong>.<\/p>\n<div class=\"link-product\">\n<div class=\"blocco-immagine\"><img loading=\"lazy\" decoding=\"async\" class=\"alignnone size-full wp-image-2205\" src=\"https:\/\/blog.holyart.it\/de\/wp-content\/uploads\/sites\/12\/2022\/12\/Weihrauch.jpg\" alt=\"Weihrauch\" width=\"100\" height=\"100\" data-kale-share-title=\"Was geschah mit dem vierten Heiligen K\u00f6nig?\" data-kale-share-url=\"https:\/\/blog.holyart.it\/de\/?p=2201\" \/><\/div>\n<div class=\"blocco-contenuto\">\n<div class=\"blocco-acquista\">Einkaufen:<\/div>\n<div class=\"blocco-titolo\"><a href=\"https:\/\/www.holyart.de\/verbrauchsprodukte\/weihrauch?page=1\">Weihrauch <\/a><\/div>\n<div class=\"blocco-descrizione\">Weihrauch, breites Sortiment<\/div>\n<\/div>\n<\/div>\n<p>Schlie\u00dflich brachte<strong><a href=\"https:\/\/www.holyart.de\/verbrauchsprodukte\/weihrauch\/myrrhe-kornchen\"> Balthasar<\/a> Myrrhe mit,<\/strong> die zur Herstellung einer kostbaren Salbe verwendet wird, die zu \u00e4sthetischen Zwecken, aber auch zur Verehrung der Toten dient. Sie steht f\u00fcr die <strong>Einsetzung Jesu als K\u00f6nig und Gott<\/strong> und in gewissem Sinne f\u00fcr seine Ewigkeit, denn dieselbe Salbe, die ihm bei seiner Geburt gegeben wurde, wird auch diejenige sein, mit der sein K\u00f6rper zusammengesetzt sein wird, wenn er vom Kreuz abgenommen wird.<\/p>\n<div class=\"link-product\">\n<div class=\"blocco-immagine\"><img loading=\"lazy\" decoding=\"async\" class=\"alignnone size-full wp-image-2206\" src=\"https:\/\/blog.holyart.it\/de\/wp-content\/uploads\/sites\/12\/2022\/12\/Myrrhe.jpg\" alt=\"Myrrhe\" width=\"100\" height=\"100\" data-kale-share-title=\"Was geschah mit dem vierten Heiligen K\u00f6nig?\" data-kale-share-url=\"https:\/\/blog.holyart.it\/de\/?p=2201\" \/><\/div>\n<div class=\"blocco-contenuto\">\n<div class=\"blocco-acquista\">Einkaufen:<\/div>\n<div class=\"blocco-titolo\"><a href=\"https:\/\/www.holyart.de\/verbrauchsprodukte\/weihrauch\/myrrhe-kornchen\">Myrrhe-K\u00f6rnchen<\/a><\/div>\n<div class=\"blocco-descrizione\">Das Gummiharz wird aus Str\u00e4uchern<\/div>\n<\/div>\n<\/div>\n<p>Und welches Geschenk w\u00fcrde der vierte Heilige K\u00f6nig bringen?<\/p>\n<p>Der vierte K\u00f6nig, Artaban, brachte <strong>drei Perlen<\/strong> mit, um sie Jesus zu schenken. Sie waren so gro\u00df wie Taubeneier und so wei\u00df wie der Mond, oder, nach anderen \u00dcberlieferungen, eine Perle, ein Saphir und ein Rubin.<\/p>\n<p><img loading=\"lazy\" decoding=\"async\" class=\"size-full wp-image-2207 aligncenter\" src=\"https:\/\/blog.holyart.it\/de\/wp-content\/uploads\/sites\/12\/2022\/12\/drei-Perlen.jpeg\" alt=\"drei Perlen\" width=\"1000\" height=\"666\" data-kale-share-title=\"Was geschah mit dem vierten Heiligen K\u00f6nig?\" data-kale-share-url=\"https:\/\/blog.holyart.it\/de\/?p=2201\" \/><\/p>\n<p>Aber was passierte damit? Artaban traf sich nicht mit den anderen K\u00f6nigen zur verabredeten Zeit und machte sich allein auf die Suche nach Jesus. Doch auf seinem Weg begegnete er vielen Armen und bed\u00fcrftigen Menschen, denen er den kostbaren Schatz schenkte, den er zum K\u00f6nig der K\u00f6nige bringen sollte.<\/p>\n<p>Eine Perle schenkte er einem alten Mann, der im Sterben lag, nachdem er ihn gepflegt und umsorgt hatte.<\/p>\n<p>Eine Perle verwendete er als L\u00f6segeld f\u00fcr eine junge Frau, die versklavt worden war.<\/p>\n<p>Mit einer Perle rettete er ein Kind, das von einem Soldaten des K\u00f6nigs Herodes get\u00f6tet werden sollte.<\/p>\n<div class=\"link-product\">\n<div class=\"blocco-immagine\"><img loading=\"lazy\" decoding=\"async\" class=\"alignnone size-full wp-image-2208\" src=\"https:\/\/blog.holyart.it\/de\/wp-content\/uploads\/sites\/12\/2022\/12\/K\u00f6nig-Herodes.jpg\" alt=\"K\u00f6nig Herodes\" width=\"100\" height=\"100\" data-kale-share-title=\"Was geschah mit dem vierten Heiligen K\u00f6nig?\" data-kale-share-url=\"https:\/\/blog.holyart.it\/de\/?p=2201\" \/><\/div>\n<div class=\"blocco-contenuto\">\n<div class=\"blocco-acquista\">Einkaufen:<\/div>\n<div class=\"blocco-titolo\"><a href=\"https:\/\/www.holyart.de\/weihnachten\/krippenfiguren\/konig-herodes-12cm-harz-linie-martino-landi\">K\u00f6nig Herodes<\/a><\/div>\n<div class=\"blocco-descrizione\">K\u00f6nig Herodes 12cm Harz Linie Martino Landi<\/div>\n<\/div>\n<\/div>\n<h2>Artaban, der vierte K\u00f6nig<\/h2>\n<p>Einer der Autoren, die sich mit der Geschichte von Artaban befasst haben, ist Henry Van Dyke, Pastor der Presbyterianischen Kirche, der 1896 das Buch <em>Artaban, der vierte K\u00f6nig<\/em> schrieb.<\/p>\n<p>In diesem Buch erz\u00e4hlt er die Geschichte des vierten K\u00f6nigs und seiner Perlen, die ihn auf seiner langen und unerm\u00fcdlichen Reise auf der Suche nach Jesus begleiten.<\/p>\n<p>Sein ganzes Leben lang reiste Artaban weiter, sammelte Hinweise und suchte nach Informationen \u00fcber das Kind, dem er huldigen wollte, geleitet von einem Stern.<\/p>\n<p>Nach dreiunddrei\u00dfig Jahren kam Artaban, inzwischen alt und ersch\u00f6pft von seiner Wanderschaft, schlie\u00dflich in Jerusalem an. Es war die <strong><a href=\"https:\/\/www.holyart.de\/besondere-anlasse\/ostern-und-fastenzeit\">Osterzeit,<\/a> <\/strong>und die Stadt befand sich in einem besonderen Aufruhr, weil ein Mann, <strong>Jesus von Nazareth<\/strong>, hingerichtet werden sollte, weil er sich selbst als Sohn Gottes verk\u00fcndet hatte. Als er nun glaubte, dass er gescheitert war, dass er sein ganzes Leben der Verfolgung eines unerreichbaren Traums gewidmet hatte, fand sich Artaban vor dem Kind wieder, das er so sehr gesucht hatte, und zwar im h\u00f6chsten und dramatischsten Augenblick seiner Sendung in der Welt.<\/p>\n<p>Artaban, der kurz vor dem Tod stand, unterhielt sich also mit einer sehr s\u00fc\u00dfen Stimme, die ihn in seinen letzten Momenten ansprach:<\/p>\n<p>&nbsp;<\/p>\n<p><strong>Artaban<\/strong>: \u201e<em>Ach, mein Herr, ich habe so lange nach dir gesucht. Vergiss mich. Ich hatte dich einst wertvolle Geschenke zu machen. Jetzt habe ich nichts mehr<\/em>.\u201c<\/p>\n<p><strong>Jesus<\/strong>: \u201e<em>Artaban, du hast mir bereits deine Gaben gegeben<\/em>.\u201c<\/p>\n<p><strong>Artaban<\/strong>: \u201e<em>Ich verstehe nicht, mein Herr<\/em>.\u201c<\/p>\n<p><strong>Jesus<\/strong>: \u201e<em>Als ich hungrig war, hast du mir zu essen gegeben; als ich durstig war, hast du mir zu trinken gegeben; als ich nackt war, hast du mich bekleidet. Als ich obdachlos war, hast du mich aufgenommen<\/em>.\u201c<\/p>\n<p><strong>Artaban<\/strong>: \u201e<em>Nicht so, mein Retter. Ich habe dich nie hungrig oder durstig gesehen. Ich habe dich nie gekleidet. Ich habe dich nie in mein Haus aufgenommen. Dreiunddrei\u00dfig Jahre lang habe ich dich gesucht, aber ich habe dein Gesicht nie gesehen<\/em>. <em>Und ich habe dich nie geholfen, mein K\u00f6nig. Ich habe dich bis heute noch nie gesehen.\u201c<\/em><\/p>\n<p><strong>Jesus<\/strong>: \u201e<em>Was<\/em> <em>du f\u00fcr den Geringsten meiner Br\u00fcder getan hast, das hast du f\u00fcr mich getan<\/em>.\u201c<\/p>\n<p>Der Bezug zu Matth\u00e4us 25,35-40 ist eindeutig: <em>35 Denn ich war hungrig, und ihr habt mir zu essen gegeben; ich war durstig, und ihr habt mir zu trinken gegeben; ich war fremd, und ihr habt mich aufgenommen; 36 ich war nackt, und ihr habt mich bekleidet; ich war krank, und ihr habt mich besucht; ich war im Gef\u00e4ngnis, und ihr seid zu mir gekommen. 37 Dann werden ihm die Gerechten antworten: Herr, wann haben wir dich hungrig gesehen und dir zu essen gegeben, oder durstig und dir zu trinken gegeben? 38 Wann haben wir dich als Fremden gesehen und dir Gastfreundschaft gew\u00e4hrt, oder nackt und dich bekleidet? 39 Und als wir dich krank oder im Gef\u00e4ngnis sahen und kamen, dich zu besuchen? 40 Und der K\u00f6nig wird zu ihnen sagen: Wahrlich, ich sage euch: Was ihr f\u00fcr einen dieser meiner geringsten Br\u00fcder getan habt, das habt ihr mir getan<\/em>.<\/p>\n<p>So endet die Reise von Artaban, dem vierten K\u00f6nig, der Bethlehem nie erreichte, aber sein Leben lang so <strong>gro\u00dfz\u00fcgig<\/strong> war, dass Jesus stolz auf ihn war.<\/p>\n<p>Andere \u00dcberlieferungen \u00fcber Artaban sehen ihn in der Welt umherirren, gequ\u00e4lt von der Scham, die Geschenke f\u00fcr Jesus nicht aufbewahrt zu haben, aber auch in diesen alternativen Versionen kommt die Stimme des letzteren fr\u00fcher oder sp\u00e4ter im Traum zu ihm, um ihn zu beruhigen und ihm f\u00fcr all das Gute zu danken, das er getan hat.<\/p>\n<p>Die Bedeutung seiner Geschichte \u00e4ndert sich nicht: <strong>Jede Geste der Gro\u00dfz\u00fcgigkeit gegen\u00fcber den Armen, Ungl\u00fccklichen und Verzweifelten ist eine Geste der Liebe zu Jesus<\/strong>. Artaban, der vierte K\u00f6nig, ist ein Vorbild f\u00fcr uns alle, und das nicht nur zu <strong><a href=\"https:\/\/www.holyart.de\/weihnachten\">Weihnachten.<\/a><\/strong><\/p>\n","protected":false},"excerpt":{"rendered":"<p>Die Heiligen Drei K\u00f6nige \u00fcben seit jeher eine gro\u00dfe Faszination aus, auch wenn man nichts Genaues \u00fcber sie wei\u00df. Heute wollen wir Ihnen von einer Figur erz\u00e4hlen, \u00fcber die noch weniger bekannt ist: den vierten Heiligen K\u00f6nig. Bevor wir Ihnen sagen, wer der vierte K\u00f6nig&hellip;<\/p>\n","protected":false},"author":1,"featured_media":2202,"comment_status":"closed","ping_status":"open","sticky":false,"template":"","format":"standard","meta":{"_acf_changed":false,"footnotes":""},"categories":[12],"tags":[],"class_list":["post-2201","post","type-post","status-publish","format-standard","has-post-thumbnail","hentry","category-weihnachten"],"acf":[],"yoast_head":"<!-- This site is optimized with the Yoast SEO plugin v26.6 - https:\/\/yoast.com\/wordpress\/plugins\/seo\/ -->\n<title>Was geschah mit dem vierten Heiligen K\u00f6nig? - Holyart.de Blog<\/title>\n<meta name=\"description\" content=\"Die Heiligen Drei K\u00f6nige \u00fcben seit jeher eine gro\u00dfe Faszination aus, auch wenn man nichts Genaues \u00fcber sie wei\u00df.\" \/>\n<meta name=\"robots\" content=\"index, follow, max-snippet:-1, max-image-preview:large, max-video-preview:-1\" \/>\n<link rel=\"canonical\" href=\"https:\/\/blog.holyart.it\/de\/weihnachten\/was-geschah-mit-dem-vierten-heiligen-koenig\/\" \/>\n<meta property=\"og:locale\" content=\"de_DE\" \/>\n<meta property=\"og:type\" content=\"article\" \/>\n<meta property=\"og:title\" content=\"Was geschah mit dem vierten Heiligen K\u00f6nig? - Holyart.de Blog\" \/>\n<meta property=\"og:description\" content=\"Die Heiligen Drei K\u00f6nige \u00fcben seit jeher eine gro\u00dfe Faszination aus, auch wenn man nichts Genaues \u00fcber sie wei\u00df.\" \/>\n<meta property=\"og:url\" content=\"https:\/\/blog.holyart.it\/de\/weihnachten\/was-geschah-mit-dem-vierten-heiligen-koenig\/\" \/>\n<meta property=\"og:site_name\" content=\"Holyart.de Blog\" \/>\n<meta property=\"article:published_time\" content=\"2022-12-27T11:30:25+00:00\" \/>\n<meta property=\"article:modified_time\" content=\"2023-01-03T09:42:38+00:00\" \/>\n<meta property=\"og:image\" content=\"https:\/\/blog.holyart.it\/de\/wp-content\/uploads\/sites\/12\/2022\/12\/Was-geschah-mit-dem-vierten-Heiligen-Konig.jpeg\" \/>\n\t<meta property=\"og:image:width\" content=\"1146\" \/>\n\t<meta property=\"og:image:height\" content=\"666\" \/>\n\t<meta property=\"og:image:type\" content=\"image\/jpeg\" \/>\n<meta name=\"author\" content=\"Redazione\" \/>\n<meta name=\"twitter:card\" content=\"summary_large_image\" \/>\n<meta name=\"twitter:label1\" content=\"Verfasst von\" \/>\n\t<meta name=\"twitter:data1\" content=\"Redazione\" \/>\n\t<meta name=\"twitter:label2\" content=\"Gesch\u00e4tzte Lesezeit\" \/>\n\t<meta name=\"twitter:data2\" content=\"9\u00a0Minuten\" \/>\n<script type=\"application\/ld+json\" class=\"yoast-schema-graph\">{\"@context\":\"https:\/\/schema.org\",\"@graph\":[{\"@type\":\"Article\",\"@id\":\"https:\/\/blog.holyart.it\/de\/weihnachten\/was-geschah-mit-dem-vierten-heiligen-koenig\/#article\",\"isPartOf\":{\"@id\":\"https:\/\/blog.holyart.it\/de\/weihnachten\/was-geschah-mit-dem-vierten-heiligen-koenig\/\"},\"author\":{\"name\":\"Redazione\",\"@id\":\"https:\/\/blog.holyart.it\/de\/#\/schema\/person\/0a7b686e5af0f856ec1e390dd0baecda\"},\"headline\":\"Was geschah mit dem vierten Heiligen K\u00f6nig?\",\"datePublished\":\"2022-12-27T11:30:25+00:00\",\"dateModified\":\"2023-01-03T09:42:38+00:00\",\"mainEntityOfPage\":{\"@id\":\"https:\/\/blog.holyart.it\/de\/weihnachten\/was-geschah-mit-dem-vierten-heiligen-koenig\/\"},\"wordCount\":1708,\"publisher\":{\"@id\":\"https:\/\/blog.holyart.it\/de\/#organization\"},\"image\":{\"@id\":\"https:\/\/blog.holyart.it\/de\/weihnachten\/was-geschah-mit-dem-vierten-heiligen-koenig\/#primaryimage\"},\"thumbnailUrl\":\"https:\/\/blog.holyart.it\/de\/wp-content\/uploads\/sites\/12\/2022\/12\/Was-geschah-mit-dem-vierten-Heiligen-Konig.jpeg\",\"articleSection\":[\"Weihnachten\"],\"inLanguage\":\"de\"},{\"@type\":\"WebPage\",\"@id\":\"https:\/\/blog.holyart.it\/de\/weihnachten\/was-geschah-mit-dem-vierten-heiligen-koenig\/\",\"url\":\"https:\/\/blog.holyart.it\/de\/weihnachten\/was-geschah-mit-dem-vierten-heiligen-koenig\/\",\"name\":\"Was geschah mit dem vierten Heiligen K\u00f6nig? - Holyart.de Blog\",\"isPartOf\":{\"@id\":\"https:\/\/blog.holyart.it\/de\/#website\"},\"primaryImageOfPage\":{\"@id\":\"https:\/\/blog.holyart.it\/de\/weihnachten\/was-geschah-mit-dem-vierten-heiligen-koenig\/#primaryimage\"},\"image\":{\"@id\":\"https:\/\/blog.holyart.it\/de\/weihnachten\/was-geschah-mit-dem-vierten-heiligen-koenig\/#primaryimage\"},\"thumbnailUrl\":\"https:\/\/blog.holyart.it\/de\/wp-content\/uploads\/sites\/12\/2022\/12\/Was-geschah-mit-dem-vierten-Heiligen-Konig.jpeg\",\"datePublished\":\"2022-12-27T11:30:25+00:00\",\"dateModified\":\"2023-01-03T09:42:38+00:00\",\"description\":\"Die Heiligen Drei K\u00f6nige \u00fcben seit jeher eine gro\u00dfe Faszination aus, auch wenn man nichts Genaues \u00fcber sie wei\u00df.\",\"breadcrumb\":{\"@id\":\"https:\/\/blog.holyart.it\/de\/weihnachten\/was-geschah-mit-dem-vierten-heiligen-koenig\/#breadcrumb\"},\"inLanguage\":\"de\",\"potentialAction\":[{\"@type\":\"ReadAction\",\"target\":[\"https:\/\/blog.holyart.it\/de\/weihnachten\/was-geschah-mit-dem-vierten-heiligen-koenig\/\"]}]},{\"@type\":\"ImageObject\",\"inLanguage\":\"de\",\"@id\":\"https:\/\/blog.holyart.it\/de\/weihnachten\/was-geschah-mit-dem-vierten-heiligen-koenig\/#primaryimage\",\"url\":\"https:\/\/blog.holyart.it\/de\/wp-content\/uploads\/sites\/12\/2022\/12\/Was-geschah-mit-dem-vierten-Heiligen-Konig.jpeg\",\"contentUrl\":\"https:\/\/blog.holyart.it\/de\/wp-content\/uploads\/sites\/12\/2022\/12\/Was-geschah-mit-dem-vierten-Heiligen-Konig.jpeg\",\"width\":1146,\"height\":666,\"caption\":\"Was geschah mit dem vierten Heiligen Konig\"},{\"@type\":\"BreadcrumbList\",\"@id\":\"https:\/\/blog.holyart.it\/de\/weihnachten\/was-geschah-mit-dem-vierten-heiligen-koenig\/#breadcrumb\",\"itemListElement\":[{\"@type\":\"ListItem\",\"position\":1,\"name\":\"Homepage\",\"item\":\"https:\/\/blog.holyart.it\/de\/\"},{\"@type\":\"ListItem\",\"position\":2,\"name\":\"Weihnachten\",\"item\":\"https:\/\/blog.holyart.it\/de\/weihnachten\/\"},{\"@type\":\"ListItem\",\"position\":3,\"name\":\"Was geschah mit dem vierten Heiligen K\u00f6nig?\"}]},{\"@type\":\"WebSite\",\"@id\":\"https:\/\/blog.holyart.it\/de\/#website\",\"url\":\"https:\/\/blog.holyart.it\/de\/\",\"name\":\"Holyart.de Blog\",\"description\":\"Holyblog\",\"publisher\":{\"@id\":\"https:\/\/blog.holyart.it\/de\/#organization\"},\"potentialAction\":[{\"@type\":\"SearchAction\",\"target\":{\"@type\":\"EntryPoint\",\"urlTemplate\":\"https:\/\/blog.holyart.it\/de\/?s={search_term_string}\"},\"query-input\":{\"@type\":\"PropertyValueSpecification\",\"valueRequired\":true,\"valueName\":\"search_term_string\"}}],\"inLanguage\":\"de\"},{\"@type\":\"Organization\",\"@id\":\"https:\/\/blog.holyart.it\/de\/#organization\",\"name\":\"Holyart.de Blog\",\"url\":\"https:\/\/blog.holyart.it\/de\/\",\"logo\":{\"@type\":\"ImageObject\",\"inLanguage\":\"de\",\"@id\":\"https:\/\/blog.holyart.it\/de\/#\/schema\/logo\/image\/\",\"url\":\"https:\/\/blog.holyart.it\/de\/wp-content\/uploads\/sites\/12\/2022\/12\/Holyart_Blog_Logo.jpg\",\"contentUrl\":\"https:\/\/blog.holyart.it\/de\/wp-content\/uploads\/sites\/12\/2022\/12\/Holyart_Blog_Logo.jpg\",\"width\":300,\"height\":50,\"caption\":\"Holyart.de Blog\"},\"image\":{\"@id\":\"https:\/\/blog.holyart.it\/de\/#\/schema\/logo\/image\/\"}},{\"@type\":\"Person\",\"@id\":\"https:\/\/blog.holyart.it\/de\/#\/schema\/person\/0a7b686e5af0f856ec1e390dd0baecda\",\"name\":\"Redazione\",\"image\":{\"@type\":\"ImageObject\",\"inLanguage\":\"de\",\"@id\":\"https:\/\/blog.holyart.it\/de\/#\/schema\/person\/image\/\",\"url\":\"https:\/\/secure.gravatar.com\/avatar\/f477da817f43e50d0af36abecd33e3edf826c68299714bdc1057dff3b113f516?s=96&d=mm&r=g\",\"contentUrl\":\"https:\/\/secure.gravatar.com\/avatar\/f477da817f43e50d0af36abecd33e3edf826c68299714bdc1057dff3b113f516?s=96&d=mm&r=g\",\"caption\":\"Redazione\"}}]}<\/script>\n<!-- \/ Yoast SEO plugin. -->","yoast_head_json":{"title":"Was geschah mit dem vierten Heiligen K\u00f6nig? - Holyart.de Blog","description":"Die Heiligen Drei K\u00f6nige \u00fcben seit jeher eine gro\u00dfe Faszination aus, auch wenn man nichts Genaues \u00fcber sie wei\u00df.","robots":{"index":"index","follow":"follow","max-snippet":"max-snippet:-1","max-image-preview":"max-image-preview:large","max-video-preview":"max-video-preview:-1"},"canonical":"https:\/\/blog.holyart.it\/de\/weihnachten\/was-geschah-mit-dem-vierten-heiligen-koenig\/","og_locale":"de_DE","og_type":"article","og_title":"Was geschah mit dem vierten Heiligen K\u00f6nig? - Holyart.de Blog","og_description":"Die Heiligen Drei K\u00f6nige \u00fcben seit jeher eine gro\u00dfe Faszination aus, auch wenn man nichts Genaues \u00fcber sie wei\u00df.","og_url":"https:\/\/blog.holyart.it\/de\/weihnachten\/was-geschah-mit-dem-vierten-heiligen-koenig\/","og_site_name":"Holyart.de Blog","article_published_time":"2022-12-27T11:30:25+00:00","article_modified_time":"2023-01-03T09:42:38+00:00","og_image":[{"width":1146,"height":666,"url":"https:\/\/blog.holyart.it\/de\/wp-content\/uploads\/sites\/12\/2022\/12\/Was-geschah-mit-dem-vierten-Heiligen-Konig.jpeg","type":"image\/jpeg"}],"author":"Redazione","twitter_card":"summary_large_image","twitter_misc":{"Verfasst von":"Redazione","Gesch\u00e4tzte Lesezeit":"9\u00a0Minuten"},"schema":{"@context":"https:\/\/schema.org","@graph":[{"@type":"Article","@id":"https:\/\/blog.holyart.it\/de\/weihnachten\/was-geschah-mit-dem-vierten-heiligen-koenig\/#article","isPartOf":{"@id":"https:\/\/blog.holyart.it\/de\/weihnachten\/was-geschah-mit-dem-vierten-heiligen-koenig\/"},"author":{"name":"Redazione","@id":"https:\/\/blog.holyart.it\/de\/#\/schema\/person\/0a7b686e5af0f856ec1e390dd0baecda"},"headline":"Was geschah mit dem vierten Heiligen K\u00f6nig?","datePublished":"2022-12-27T11:30:25+00:00","dateModified":"2023-01-03T09:42:38+00:00","mainEntityOfPage":{"@id":"https:\/\/blog.holyart.it\/de\/weihnachten\/was-geschah-mit-dem-vierten-heiligen-koenig\/"},"wordCount":1708,"publisher":{"@id":"https:\/\/blog.holyart.it\/de\/#organization"},"image":{"@id":"https:\/\/blog.holyart.it\/de\/weihnachten\/was-geschah-mit-dem-vierten-heiligen-koenig\/#primaryimage"},"thumbnailUrl":"https:\/\/blog.holyart.it\/de\/wp-content\/uploads\/sites\/12\/2022\/12\/Was-geschah-mit-dem-vierten-Heiligen-Konig.jpeg","articleSection":["Weihnachten"],"inLanguage":"de"},{"@type":"WebPage","@id":"https:\/\/blog.holyart.it\/de\/weihnachten\/was-geschah-mit-dem-vierten-heiligen-koenig\/","url":"https:\/\/blog.holyart.it\/de\/weihnachten\/was-geschah-mit-dem-vierten-heiligen-koenig\/","name":"Was geschah mit dem vierten Heiligen K\u00f6nig? - Holyart.de Blog","isPartOf":{"@id":"https:\/\/blog.holyart.it\/de\/#website"},"primaryImageOfPage":{"@id":"https:\/\/blog.holyart.it\/de\/weihnachten\/was-geschah-mit-dem-vierten-heiligen-koenig\/#primaryimage"},"image":{"@id":"https:\/\/blog.holyart.it\/de\/weihnachten\/was-geschah-mit-dem-vierten-heiligen-koenig\/#primaryimage"},"thumbnailUrl":"https:\/\/blog.holyart.it\/de\/wp-content\/uploads\/sites\/12\/2022\/12\/Was-geschah-mit-dem-vierten-Heiligen-Konig.jpeg","datePublished":"2022-12-27T11:30:25+00:00","dateModified":"2023-01-03T09:42:38+00:00","description":"Die Heiligen Drei K\u00f6nige \u00fcben seit jeher eine gro\u00dfe Faszination aus, auch wenn man nichts Genaues \u00fcber sie wei\u00df.","breadcrumb":{"@id":"https:\/\/blog.holyart.it\/de\/weihnachten\/was-geschah-mit-dem-vierten-heiligen-koenig\/#breadcrumb"},"inLanguage":"de","potentialAction":[{"@type":"ReadAction","target":["https:\/\/blog.holyart.it\/de\/weihnachten\/was-geschah-mit-dem-vierten-heiligen-koenig\/"]}]},{"@type":"ImageObject","inLanguage":"de","@id":"https:\/\/blog.holyart.it\/de\/weihnachten\/was-geschah-mit-dem-vierten-heiligen-koenig\/#primaryimage","url":"https:\/\/blog.holyart.it\/de\/wp-content\/uploads\/sites\/12\/2022\/12\/Was-geschah-mit-dem-vierten-Heiligen-Konig.jpeg","contentUrl":"https:\/\/blog.holyart.it\/de\/wp-content\/uploads\/sites\/12\/2022\/12\/Was-geschah-mit-dem-vierten-Heiligen-Konig.jpeg","width":1146,"height":666,"caption":"Was geschah mit dem vierten Heiligen Konig"},{"@type":"BreadcrumbList","@id":"https:\/\/blog.holyart.it\/de\/weihnachten\/was-geschah-mit-dem-vierten-heiligen-koenig\/#breadcrumb","itemListElement":[{"@type":"ListItem","position":1,"name":"Homepage","item":"https:\/\/blog.holyart.it\/de\/"},{"@type":"ListItem","position":2,"name":"Weihnachten","item":"https:\/\/blog.holyart.it\/de\/weihnachten\/"},{"@type":"ListItem","position":3,"name":"Was geschah mit dem vierten Heiligen K\u00f6nig?"}]},{"@type":"WebSite","@id":"https:\/\/blog.holyart.it\/de\/#website","url":"https:\/\/blog.holyart.it\/de\/","name":"Holyart.de Blog","description":"Holyblog","publisher":{"@id":"https:\/\/blog.holyart.it\/de\/#organization"},"potentialAction":[{"@type":"SearchAction","target":{"@type":"EntryPoint","urlTemplate":"https:\/\/blog.holyart.it\/de\/?s={search_term_string}"},"query-input":{"@type":"PropertyValueSpecification","valueRequired":true,"valueName":"search_term_string"}}],"inLanguage":"de"},{"@type":"Organization","@id":"https:\/\/blog.holyart.it\/de\/#organization","name":"Holyart.de Blog","url":"https:\/\/blog.holyart.it\/de\/","logo":{"@type":"ImageObject","inLanguage":"de","@id":"https:\/\/blog.holyart.it\/de\/#\/schema\/logo\/image\/","url":"https:\/\/blog.holyart.it\/de\/wp-content\/uploads\/sites\/12\/2022\/12\/Holyart_Blog_Logo.jpg","contentUrl":"https:\/\/blog.holyart.it\/de\/wp-content\/uploads\/sites\/12\/2022\/12\/Holyart_Blog_Logo.jpg","width":300,"height":50,"caption":"Holyart.de Blog"},"image":{"@id":"https:\/\/blog.holyart.it\/de\/#\/schema\/logo\/image\/"}},{"@type":"Person","@id":"https:\/\/blog.holyart.it\/de\/#\/schema\/person\/0a7b686e5af0f856ec1e390dd0baecda","name":"Redazione","image":{"@type":"ImageObject","inLanguage":"de","@id":"https:\/\/blog.holyart.it\/de\/#\/schema\/person\/image\/","url":"https:\/\/secure.gravatar.com\/avatar\/f477da817f43e50d0af36abecd33e3edf826c68299714bdc1057dff3b113f516?s=96&d=mm&r=g","contentUrl":"https:\/\/secure.gravatar.com\/avatar\/f477da817f43e50d0af36abecd33e3edf826c68299714bdc1057dff3b113f516?s=96&d=mm&r=g","caption":"Redazione"}}]}},"_links":{"self":[{"href":"https:\/\/blog.holyart.it\/de\/wp-json\/wp\/v2\/posts\/2201","targetHints":{"allow":["GET"]}}],"collection":[{"href":"https:\/\/blog.holyart.it\/de\/wp-json\/wp\/v2\/posts"}],"about":[{"href":"https:\/\/blog.holyart.it\/de\/wp-json\/wp\/v2\/types\/post"}],"author":[{"embeddable":true,"href":"https:\/\/blog.holyart.it\/de\/wp-json\/wp\/v2\/users\/1"}],"replies":[{"embeddable":true,"href":"https:\/\/blog.holyart.it\/de\/wp-json\/wp\/v2\/comments?post=2201"}],"version-history":[{"count":1,"href":"https:\/\/blog.holyart.it\/de\/wp-json\/wp\/v2\/posts\/2201\/revisions"}],"predecessor-version":[{"id":2223,"href":"https:\/\/blog.holyart.it\/de\/wp-json\/wp\/v2\/posts\/2201\/revisions\/2223"}],"wp:featuredmedia":[{"embeddable":true,"href":"https:\/\/blog.holyart.it\/de\/wp-json\/wp\/v2\/media\/2202"}],"wp:attachment":[{"href":"https:\/\/blog.holyart.it\/de\/wp-json\/wp\/v2\/media?parent=2201"}],"wp:term":[{"taxonomy":"category","embeddable":true,"href":"https:\/\/blog.holyart.it\/de\/wp-json\/wp\/v2\/categories?post=2201"},{"taxonomy":"post_tag","embeddable":true,"href":"https:\/\/blog.holyart.it\/de\/wp-json\/wp\/v2\/tags?post=2201"}],"curies":[{"name":"wp","href":"https:\/\/api.w.org\/{rel}","templated":true}]}}