{"id":2196,"date":"2022-12-20T12:30:28","date_gmt":"2022-12-20T11:30:28","guid":{"rendered":"https:\/\/blog.holyart.it\/de\/?p=2196"},"modified":"2024-09-23T16:01:46","modified_gmt":"2024-09-23T14:01:46","slug":"die-krippe-von-greccio-eine-idee-des-heiligen-franziskus","status":"publish","type":"post","link":"https:\/\/blog.holyart.it\/de\/weihnachten\/die-krippe-von-greccio-eine-idee-des-heiligen-franziskus\/","title":{"rendered":"Die Krippe von Greccio: eine Idee des Heiligen Franziskus"},"content":{"rendered":"<h4>Was<em> ist die Geschichte der Weihnachtskrippe? Woher kommt diese Tradition, die wir jedes Jahr erleben? Dies ist die Geschichte der ersten Krippe, der Krippe von Greccio, die vom Heiligen Franziskus aufgebaut wurde.<\/em><\/h4>\n<p>Wie jedes Jahr h\u00e4lt ein christliches Symbol, das mit Weihnachten verbunden ist, Einzug in unsere H\u00e4user und Kirchen: die <strong>Weihnachtskrippe<\/strong>. Sowohl im privaten als auch im \u00f6ffentlichen Raum wird die Geburt Jesu mit Statuen, Kulissen und dank der Kreativit\u00e4t von Krippenbauern oder Krippenliebhabern gefeiert.<\/p>\n<p>Wie viele M\u00f6glichkeiten gibt es, eine Weihnachtskrippe aufzustellen? Eine neapolitanische Terrakotta-Krippe, eine arabische oder nordische Krippe, aus Harz oder Holz: Die Welt um dieses Zeichen, das Kunst und Glaube vereint, ist gro\u00df.<\/p>\n<div class=\"link-product\">\n<div class=\"blocco-immagine\"><img loading=\"lazy\" decoding=\"async\" class=\"alignnone size-full wp-image-2197\" src=\"https:\/\/blog.holyart.it\/de\/wp-content\/uploads\/sites\/12\/2022\/12\/krippen.jpg\" alt=\"krippen\" width=\"100\" height=\"100\" data-kale-share-title=\"Die Krippe von Greccio: eine Idee des Heiligen Franziskus\" data-kale-share-url=\"https:\/\/blog.holyart.it\/de\/?p=2196\" \/><\/div>\n<div class=\"blocco-contenuto\">\n<div class=\"blocco-acquista\">Einkaufen:<\/div>\n<div class=\"blocco-titolo\"><a href=\"https:\/\/www.holyart.de\/weihnachten\/krippen\">Krippen<\/a><\/div>\n<div class=\"blocco-descrizione\">Krippen: zahlreiche Modelle<\/div>\n<\/div>\n<\/div>\n<p>Auch <strong>Papst Franziskus<\/strong> erinnerte in seinem apostolischen Schreiben <em>Admirabile Signum<\/em> an die Sch\u00f6nheit und Kostbarkeit der Weihnachtskrippe:<\/p>\n<p>\u201eWenn wir die Weihnachtsszene betrachten, sind wir eingeladen, uns geistig auf den Weg zu machen, angezogen von der Demut dessen, der Mensch wurde, um allen Menschen zu begegnen. Und wir entdecken, dass er uns so sehr liebt, dass er sich mit uns vereinigt, damit auch wir uns mit ihm vereinigen k\u00f6nnen. [&#8230;] Es ist wirklich eine \u00dcbung in kreativer Vorstellungskraft, bei der aus den unterschiedlichsten Materialien kleine Meisterwerke der Sch\u00f6nheit entstehen. Man lernt es schon als Kind: wenn Papa und Mama zusammen mit den Gro\u00dfeltern diese freudige Gewohnheit weitergeben, die eine reiche Volksgeistigkeit verk\u00f6rpert.\u201c<\/p>\n<p>Aber woher kommt die Krippe-Tradition?<\/p>\n<h2>Die Geschichte der Weihnachtskrippe von Greccio<\/h2>\n<p>In der <strong>Geschichte der<\/strong> <strong>Weihnachtskrippe<\/strong> spielt ein gro\u00dfer italienischer Heiliger eine Rolle: der <strong>heilige Franz von Assisi.<\/strong> Wir schreiben das Jahr 1223 und der Ort Greccio, ein kleines Dorf in der N\u00e4he von Rieti. Franziskus, wahrscheinlich auf dem Weg von Rom, wo der Papst die franziskanische Regel best\u00e4tigt hatte, machte in dem Dorf Halt, wo Giovanni Velita, ein Freund und Anh\u00e4nger des Heiligen, lebte. Als er die H\u00f6hlen bei Greccio sah, kam ihm ein Bild in den Sinn: <strong>Bethlehem<\/strong>, das er auf seiner Reise ins Heilige Land gesehen hatte. Vor allem die H\u00f6hlen, in denen Jesus geboren wurde.<\/p>\n<p>Vielleicht beeindruckt von den Szenen der Mosaiken, die die Geburt Christi in der Basilika Santa Maria Maggiore in Rom darstellen, versp\u00fcrte Franziskus den starken Wunsch, \u201e<strong>das in Bethlehem geborene Kind darzustellen <\/strong>und irgendwie mit den Augen des K\u00f6rpers die M\u00fchsal zu sehen, in der es sich befand, weil ihm das Notwendige f\u00fcr einen S\u00e4ugling fehlte, wie es in eine Krippe gelegt wurde und wie es auf dem Heu zwischen Ochs und Esel lag\u201c (Thomas von Celano, <em>Vita Prima, 84: Fonti francescane<\/em> (FF), Nr. 468). F\u00fcnfzehn Tage vor Weihnachten \u00e4u\u00dferte er diesen Wunsch und bat Messer Giovanni Velita um Hilfe beim Aufbau der <strong>ersten Weihnachtskrippe der Geschichte<\/strong>.<\/p>\n<p>Der Schauplatz und die Umsetzung waren einfach: eine Grotte, eine Krippe, ein Ochse und ein Esel f\u00fchrten zur Szene. Am 25. Dezember versammelten sich Br\u00fcder, M\u00e4nner und Frauen aus der Gegend mit Blumen und Fackeln um den Schauplatz. Die Geschichte der Krippe begann also mit <strong>einer lebendigen Krippe<\/strong>, bestehend aus den Gl\u00e4ubigen, die gemeinsam die Armut des menschgewordenen Gottes feierten. An diesem <em>Praesepium<\/em>, also der Krippe, wurde die Eucharistie von einem anwesenden Priester gefeiert &#8211; Franziskus hatte sich entschieden, Diakon zu bleiben.<\/p>\n<h2>Das Wunder<\/h2>\n<p>Neben der Idee des Krippenspiels, das wir auch heute noch in Wohnungen, Kirchen, aber auch an Arbeitspl\u00e4tzen, Schulen und Pl\u00e4tzen auff\u00fchren, liefert uns die Tradition ein <strong>Wunder<\/strong>. In der Krippe von Greccio soll das Jesuskind tats\u00e4chlich erschienen sein, und der Moment, den die versammelten Menschen erlebten, wurde zu einer Quelle gro\u00dfer Freude.<\/p>\n<div class=\"link-product\">\n<div class=\"blocco-immagine\"><img loading=\"lazy\" decoding=\"async\" class=\"alignnone size-full wp-image-2198\" src=\"https:\/\/blog.holyart.it\/de\/wp-content\/uploads\/sites\/12\/2022\/12\/Kleines-Jesuskind.jpg\" alt=\"Kleines Jesuskind\" width=\"100\" height=\"100\" data-kale-share-title=\"Die Krippe von Greccio: eine Idee des Heiligen Franziskus\" data-kale-share-url=\"https:\/\/blog.holyart.it\/de\/?p=2196\" \/><\/div>\n<div class=\"blocco-contenuto\">\n<div class=\"blocco-acquista\">Einkaufen:<\/div>\n<div class=\"blocco-titolo\"><a href=\"https:\/\/www.holyart.de\/weihnachten\/krippen\/krippen-aus-dem-atelier-dart-de-bethleem\/kleines-jesuskind\">Kleines Jesuskind<\/a><\/div>\n<div class=\"blocco-descrizione\">Kleines Jesuskind in der Wiege.<\/div>\n<\/div>\n<\/div>\n<p>Die Menschen gingen tief bewegt von diesem Ort nach Hause. Franziskus wurde in dieser Nacht gesehen, wie er das Kind, das in der Krippe erschienen war, z\u00e4rtlich umarmte.<\/p>\n<p>In diesem Jahr wird die Krippe wie jedes Jahr ein Zeichen der Freude sein, das aus der Intuition eines gro\u00dfen Heiligen stammt.<\/p>\n","protected":false},"excerpt":{"rendered":"<p>Was ist die Geschichte der Weihnachtskrippe? Woher kommt diese Tradition, die wir jedes Jahr erleben? Dies ist die Geschichte der ersten Krippe, der Krippe von Greccio, die vom Heiligen Franziskus aufgebaut wurde. Wie jedes Jahr h\u00e4lt ein christliches Symbol, das mit Weihnachten verbunden ist, Einzug&hellip;<\/p>\n","protected":false},"author":1,"featured_media":2199,"comment_status":"closed","ping_status":"open","sticky":false,"template":"","format":"standard","meta":{"_acf_changed":false,"footnotes":""},"categories":[12],"tags":[],"class_list":["post-2196","post","type-post","status-publish","format-standard","has-post-thumbnail","hentry","category-weihnachten"],"acf":[],"yoast_head":"<!-- This site is optimized with the Yoast SEO plugin v26.6 - https:\/\/yoast.com\/wordpress\/plugins\/seo\/ -->\n<title>Die Krippe von Greccio: eine Idee des Heiligen Franziskus - Holyart.de Blog<\/title>\n<meta name=\"description\" content=\"Was ist die Geschichte der Weihnachtskrippe? Woher kommt diese Tradition, die wir jedes Jahr erleben?\" \/>\n<meta name=\"robots\" content=\"index, follow, max-snippet:-1, max-image-preview:large, max-video-preview:-1\" \/>\n<link rel=\"canonical\" href=\"https:\/\/blog.holyart.it\/de\/weihnachten\/die-krippe-von-greccio-eine-idee-des-heiligen-franziskus\/\" \/>\n<meta property=\"og:locale\" content=\"de_DE\" \/>\n<meta property=\"og:type\" content=\"article\" \/>\n<meta property=\"og:title\" content=\"Die Krippe von Greccio: eine Idee des Heiligen Franziskus - Holyart.de Blog\" \/>\n<meta property=\"og:description\" content=\"Was ist die Geschichte der Weihnachtskrippe? Woher kommt diese Tradition, die wir jedes Jahr erleben?\" \/>\n<meta property=\"og:url\" content=\"https:\/\/blog.holyart.it\/de\/weihnachten\/die-krippe-von-greccio-eine-idee-des-heiligen-franziskus\/\" \/>\n<meta property=\"og:site_name\" content=\"Holyart.de Blog\" \/>\n<meta property=\"article:published_time\" content=\"2022-12-20T11:30:28+00:00\" \/>\n<meta property=\"article:modified_time\" content=\"2024-09-23T14:01:46+00:00\" \/>\n<meta property=\"og:image\" content=\"https:\/\/blog.holyart.it\/de\/wp-content\/uploads\/sites\/12\/2022\/12\/Die-Krippe-von-Greccio.jpg\" \/>\n\t<meta property=\"og:image:width\" content=\"1000\" \/>\n\t<meta property=\"og:image:height\" content=\"653\" \/>\n\t<meta property=\"og:image:type\" content=\"image\/jpeg\" \/>\n<meta name=\"author\" content=\"Redazione\" \/>\n<meta name=\"twitter:card\" content=\"summary_large_image\" \/>\n<meta name=\"twitter:label1\" content=\"Verfasst von\" \/>\n\t<meta name=\"twitter:data1\" content=\"Redazione\" \/>\n\t<meta name=\"twitter:label2\" content=\"Gesch\u00e4tzte Lesezeit\" \/>\n\t<meta name=\"twitter:data2\" content=\"5\u00a0Minuten\" \/>\n<script type=\"application\/ld+json\" class=\"yoast-schema-graph\">{\"@context\":\"https:\/\/schema.org\",\"@graph\":[{\"@type\":\"Article\",\"@id\":\"https:\/\/blog.holyart.it\/de\/weihnachten\/die-krippe-von-greccio-eine-idee-des-heiligen-franziskus\/#article\",\"isPartOf\":{\"@id\":\"https:\/\/blog.holyart.it\/de\/weihnachten\/die-krippe-von-greccio-eine-idee-des-heiligen-franziskus\/\"},\"author\":{\"name\":\"Redazione\",\"@id\":\"https:\/\/blog.holyart.it\/de\/#\/schema\/person\/0a7b686e5af0f856ec1e390dd0baecda\"},\"headline\":\"Die Krippe von Greccio: eine Idee des Heiligen Franziskus\",\"datePublished\":\"2022-12-20T11:30:28+00:00\",\"dateModified\":\"2024-09-23T14:01:46+00:00\",\"mainEntityOfPage\":{\"@id\":\"https:\/\/blog.holyart.it\/de\/weihnachten\/die-krippe-von-greccio-eine-idee-des-heiligen-franziskus\/\"},\"wordCount\":670,\"publisher\":{\"@id\":\"https:\/\/blog.holyart.it\/de\/#organization\"},\"image\":{\"@id\":\"https:\/\/blog.holyart.it\/de\/weihnachten\/die-krippe-von-greccio-eine-idee-des-heiligen-franziskus\/#primaryimage\"},\"thumbnailUrl\":\"https:\/\/blog.holyart.it\/de\/wp-content\/uploads\/sites\/12\/2022\/12\/Die-Krippe-von-Greccio.jpg\",\"articleSection\":[\"Weihnachten\"],\"inLanguage\":\"de\"},{\"@type\":\"WebPage\",\"@id\":\"https:\/\/blog.holyart.it\/de\/weihnachten\/die-krippe-von-greccio-eine-idee-des-heiligen-franziskus\/\",\"url\":\"https:\/\/blog.holyart.it\/de\/weihnachten\/die-krippe-von-greccio-eine-idee-des-heiligen-franziskus\/\",\"name\":\"Die Krippe von Greccio: eine Idee des Heiligen Franziskus - Holyart.de Blog\",\"isPartOf\":{\"@id\":\"https:\/\/blog.holyart.it\/de\/#website\"},\"primaryImageOfPage\":{\"@id\":\"https:\/\/blog.holyart.it\/de\/weihnachten\/die-krippe-von-greccio-eine-idee-des-heiligen-franziskus\/#primaryimage\"},\"image\":{\"@id\":\"https:\/\/blog.holyart.it\/de\/weihnachten\/die-krippe-von-greccio-eine-idee-des-heiligen-franziskus\/#primaryimage\"},\"thumbnailUrl\":\"https:\/\/blog.holyart.it\/de\/wp-content\/uploads\/sites\/12\/2022\/12\/Die-Krippe-von-Greccio.jpg\",\"datePublished\":\"2022-12-20T11:30:28+00:00\",\"dateModified\":\"2024-09-23T14:01:46+00:00\",\"description\":\"Was ist die Geschichte der Weihnachtskrippe? Woher kommt diese Tradition, die wir jedes Jahr erleben?\",\"breadcrumb\":{\"@id\":\"https:\/\/blog.holyart.it\/de\/weihnachten\/die-krippe-von-greccio-eine-idee-des-heiligen-franziskus\/#breadcrumb\"},\"inLanguage\":\"de\",\"potentialAction\":[{\"@type\":\"ReadAction\",\"target\":[\"https:\/\/blog.holyart.it\/de\/weihnachten\/die-krippe-von-greccio-eine-idee-des-heiligen-franziskus\/\"]}]},{\"@type\":\"ImageObject\",\"inLanguage\":\"de\",\"@id\":\"https:\/\/blog.holyart.it\/de\/weihnachten\/die-krippe-von-greccio-eine-idee-des-heiligen-franziskus\/#primaryimage\",\"url\":\"https:\/\/blog.holyart.it\/de\/wp-content\/uploads\/sites\/12\/2022\/12\/Die-Krippe-von-Greccio.jpg\",\"contentUrl\":\"https:\/\/blog.holyart.it\/de\/wp-content\/uploads\/sites\/12\/2022\/12\/Die-Krippe-von-Greccio.jpg\",\"width\":1000,\"height\":653,\"caption\":\"Die Krippe von Greccio\"},{\"@type\":\"BreadcrumbList\",\"@id\":\"https:\/\/blog.holyart.it\/de\/weihnachten\/die-krippe-von-greccio-eine-idee-des-heiligen-franziskus\/#breadcrumb\",\"itemListElement\":[{\"@type\":\"ListItem\",\"position\":1,\"name\":\"Homepage\",\"item\":\"https:\/\/blog.holyart.it\/de\/\"},{\"@type\":\"ListItem\",\"position\":2,\"name\":\"Weihnachten\",\"item\":\"https:\/\/blog.holyart.it\/de\/weihnachten\/\"},{\"@type\":\"ListItem\",\"position\":3,\"name\":\"Die Krippe von Greccio: eine Idee des Heiligen Franziskus\"}]},{\"@type\":\"WebSite\",\"@id\":\"https:\/\/blog.holyart.it\/de\/#website\",\"url\":\"https:\/\/blog.holyart.it\/de\/\",\"name\":\"Holyart.de Blog\",\"description\":\"Holyblog\",\"publisher\":{\"@id\":\"https:\/\/blog.holyart.it\/de\/#organization\"},\"potentialAction\":[{\"@type\":\"SearchAction\",\"target\":{\"@type\":\"EntryPoint\",\"urlTemplate\":\"https:\/\/blog.holyart.it\/de\/?s={search_term_string}\"},\"query-input\":{\"@type\":\"PropertyValueSpecification\",\"valueRequired\":true,\"valueName\":\"search_term_string\"}}],\"inLanguage\":\"de\"},{\"@type\":\"Organization\",\"@id\":\"https:\/\/blog.holyart.it\/de\/#organization\",\"name\":\"Holyart.de Blog\",\"url\":\"https:\/\/blog.holyart.it\/de\/\",\"logo\":{\"@type\":\"ImageObject\",\"inLanguage\":\"de\",\"@id\":\"https:\/\/blog.holyart.it\/de\/#\/schema\/logo\/image\/\",\"url\":\"https:\/\/blog.holyart.it\/de\/wp-content\/uploads\/sites\/12\/2022\/12\/Holyart_Blog_Logo.jpg\",\"contentUrl\":\"https:\/\/blog.holyart.it\/de\/wp-content\/uploads\/sites\/12\/2022\/12\/Holyart_Blog_Logo.jpg\",\"width\":300,\"height\":50,\"caption\":\"Holyart.de Blog\"},\"image\":{\"@id\":\"https:\/\/blog.holyart.it\/de\/#\/schema\/logo\/image\/\"}},{\"@type\":\"Person\",\"@id\":\"https:\/\/blog.holyart.it\/de\/#\/schema\/person\/0a7b686e5af0f856ec1e390dd0baecda\",\"name\":\"Redazione\",\"image\":{\"@type\":\"ImageObject\",\"inLanguage\":\"de\",\"@id\":\"https:\/\/blog.holyart.it\/de\/#\/schema\/person\/image\/\",\"url\":\"https:\/\/secure.gravatar.com\/avatar\/f477da817f43e50d0af36abecd33e3edf826c68299714bdc1057dff3b113f516?s=96&d=mm&r=g\",\"contentUrl\":\"https:\/\/secure.gravatar.com\/avatar\/f477da817f43e50d0af36abecd33e3edf826c68299714bdc1057dff3b113f516?s=96&d=mm&r=g\",\"caption\":\"Redazione\"}}]}<\/script>\n<!-- \/ Yoast SEO plugin. -->","yoast_head_json":{"title":"Die Krippe von Greccio: eine Idee des Heiligen Franziskus - Holyart.de Blog","description":"Was ist die Geschichte der Weihnachtskrippe? Woher kommt diese Tradition, die wir jedes Jahr erleben?","robots":{"index":"index","follow":"follow","max-snippet":"max-snippet:-1","max-image-preview":"max-image-preview:large","max-video-preview":"max-video-preview:-1"},"canonical":"https:\/\/blog.holyart.it\/de\/weihnachten\/die-krippe-von-greccio-eine-idee-des-heiligen-franziskus\/","og_locale":"de_DE","og_type":"article","og_title":"Die Krippe von Greccio: eine Idee des Heiligen Franziskus - Holyart.de Blog","og_description":"Was ist die Geschichte der Weihnachtskrippe? Woher kommt diese Tradition, die wir jedes Jahr erleben?","og_url":"https:\/\/blog.holyart.it\/de\/weihnachten\/die-krippe-von-greccio-eine-idee-des-heiligen-franziskus\/","og_site_name":"Holyart.de Blog","article_published_time":"2022-12-20T11:30:28+00:00","article_modified_time":"2024-09-23T14:01:46+00:00","og_image":[{"width":1000,"height":653,"url":"https:\/\/blog.holyart.it\/de\/wp-content\/uploads\/sites\/12\/2022\/12\/Die-Krippe-von-Greccio.jpg","type":"image\/jpeg"}],"author":"Redazione","twitter_card":"summary_large_image","twitter_misc":{"Verfasst von":"Redazione","Gesch\u00e4tzte Lesezeit":"5\u00a0Minuten"},"schema":{"@context":"https:\/\/schema.org","@graph":[{"@type":"Article","@id":"https:\/\/blog.holyart.it\/de\/weihnachten\/die-krippe-von-greccio-eine-idee-des-heiligen-franziskus\/#article","isPartOf":{"@id":"https:\/\/blog.holyart.it\/de\/weihnachten\/die-krippe-von-greccio-eine-idee-des-heiligen-franziskus\/"},"author":{"name":"Redazione","@id":"https:\/\/blog.holyart.it\/de\/#\/schema\/person\/0a7b686e5af0f856ec1e390dd0baecda"},"headline":"Die Krippe von Greccio: eine Idee des Heiligen Franziskus","datePublished":"2022-12-20T11:30:28+00:00","dateModified":"2024-09-23T14:01:46+00:00","mainEntityOfPage":{"@id":"https:\/\/blog.holyart.it\/de\/weihnachten\/die-krippe-von-greccio-eine-idee-des-heiligen-franziskus\/"},"wordCount":670,"publisher":{"@id":"https:\/\/blog.holyart.it\/de\/#organization"},"image":{"@id":"https:\/\/blog.holyart.it\/de\/weihnachten\/die-krippe-von-greccio-eine-idee-des-heiligen-franziskus\/#primaryimage"},"thumbnailUrl":"https:\/\/blog.holyart.it\/de\/wp-content\/uploads\/sites\/12\/2022\/12\/Die-Krippe-von-Greccio.jpg","articleSection":["Weihnachten"],"inLanguage":"de"},{"@type":"WebPage","@id":"https:\/\/blog.holyart.it\/de\/weihnachten\/die-krippe-von-greccio-eine-idee-des-heiligen-franziskus\/","url":"https:\/\/blog.holyart.it\/de\/weihnachten\/die-krippe-von-greccio-eine-idee-des-heiligen-franziskus\/","name":"Die Krippe von Greccio: eine Idee des Heiligen Franziskus - Holyart.de Blog","isPartOf":{"@id":"https:\/\/blog.holyart.it\/de\/#website"},"primaryImageOfPage":{"@id":"https:\/\/blog.holyart.it\/de\/weihnachten\/die-krippe-von-greccio-eine-idee-des-heiligen-franziskus\/#primaryimage"},"image":{"@id":"https:\/\/blog.holyart.it\/de\/weihnachten\/die-krippe-von-greccio-eine-idee-des-heiligen-franziskus\/#primaryimage"},"thumbnailUrl":"https:\/\/blog.holyart.it\/de\/wp-content\/uploads\/sites\/12\/2022\/12\/Die-Krippe-von-Greccio.jpg","datePublished":"2022-12-20T11:30:28+00:00","dateModified":"2024-09-23T14:01:46+00:00","description":"Was ist die Geschichte der Weihnachtskrippe? Woher kommt diese Tradition, die wir jedes Jahr erleben?","breadcrumb":{"@id":"https:\/\/blog.holyart.it\/de\/weihnachten\/die-krippe-von-greccio-eine-idee-des-heiligen-franziskus\/#breadcrumb"},"inLanguage":"de","potentialAction":[{"@type":"ReadAction","target":["https:\/\/blog.holyart.it\/de\/weihnachten\/die-krippe-von-greccio-eine-idee-des-heiligen-franziskus\/"]}]},{"@type":"ImageObject","inLanguage":"de","@id":"https:\/\/blog.holyart.it\/de\/weihnachten\/die-krippe-von-greccio-eine-idee-des-heiligen-franziskus\/#primaryimage","url":"https:\/\/blog.holyart.it\/de\/wp-content\/uploads\/sites\/12\/2022\/12\/Die-Krippe-von-Greccio.jpg","contentUrl":"https:\/\/blog.holyart.it\/de\/wp-content\/uploads\/sites\/12\/2022\/12\/Die-Krippe-von-Greccio.jpg","width":1000,"height":653,"caption":"Die Krippe von Greccio"},{"@type":"BreadcrumbList","@id":"https:\/\/blog.holyart.it\/de\/weihnachten\/die-krippe-von-greccio-eine-idee-des-heiligen-franziskus\/#breadcrumb","itemListElement":[{"@type":"ListItem","position":1,"name":"Homepage","item":"https:\/\/blog.holyart.it\/de\/"},{"@type":"ListItem","position":2,"name":"Weihnachten","item":"https:\/\/blog.holyart.it\/de\/weihnachten\/"},{"@type":"ListItem","position":3,"name":"Die Krippe von Greccio: eine Idee des Heiligen Franziskus"}]},{"@type":"WebSite","@id":"https:\/\/blog.holyart.it\/de\/#website","url":"https:\/\/blog.holyart.it\/de\/","name":"Holyart.de Blog","description":"Holyblog","publisher":{"@id":"https:\/\/blog.holyart.it\/de\/#organization"},"potentialAction":[{"@type":"SearchAction","target":{"@type":"EntryPoint","urlTemplate":"https:\/\/blog.holyart.it\/de\/?s={search_term_string}"},"query-input":{"@type":"PropertyValueSpecification","valueRequired":true,"valueName":"search_term_string"}}],"inLanguage":"de"},{"@type":"Organization","@id":"https:\/\/blog.holyart.it\/de\/#organization","name":"Holyart.de Blog","url":"https:\/\/blog.holyart.it\/de\/","logo":{"@type":"ImageObject","inLanguage":"de","@id":"https:\/\/blog.holyart.it\/de\/#\/schema\/logo\/image\/","url":"https:\/\/blog.holyart.it\/de\/wp-content\/uploads\/sites\/12\/2022\/12\/Holyart_Blog_Logo.jpg","contentUrl":"https:\/\/blog.holyart.it\/de\/wp-content\/uploads\/sites\/12\/2022\/12\/Holyart_Blog_Logo.jpg","width":300,"height":50,"caption":"Holyart.de Blog"},"image":{"@id":"https:\/\/blog.holyart.it\/de\/#\/schema\/logo\/image\/"}},{"@type":"Person","@id":"https:\/\/blog.holyart.it\/de\/#\/schema\/person\/0a7b686e5af0f856ec1e390dd0baecda","name":"Redazione","image":{"@type":"ImageObject","inLanguage":"de","@id":"https:\/\/blog.holyart.it\/de\/#\/schema\/person\/image\/","url":"https:\/\/secure.gravatar.com\/avatar\/f477da817f43e50d0af36abecd33e3edf826c68299714bdc1057dff3b113f516?s=96&d=mm&r=g","contentUrl":"https:\/\/secure.gravatar.com\/avatar\/f477da817f43e50d0af36abecd33e3edf826c68299714bdc1057dff3b113f516?s=96&d=mm&r=g","caption":"Redazione"}}]}},"_links":{"self":[{"href":"https:\/\/blog.holyart.it\/de\/wp-json\/wp\/v2\/posts\/2196","targetHints":{"allow":["GET"]}}],"collection":[{"href":"https:\/\/blog.holyart.it\/de\/wp-json\/wp\/v2\/posts"}],"about":[{"href":"https:\/\/blog.holyart.it\/de\/wp-json\/wp\/v2\/types\/post"}],"author":[{"embeddable":true,"href":"https:\/\/blog.holyart.it\/de\/wp-json\/wp\/v2\/users\/1"}],"replies":[{"embeddable":true,"href":"https:\/\/blog.holyart.it\/de\/wp-json\/wp\/v2\/comments?post=2196"}],"version-history":[{"count":1,"href":"https:\/\/blog.holyart.it\/de\/wp-json\/wp\/v2\/posts\/2196\/revisions"}],"predecessor-version":[{"id":4695,"href":"https:\/\/blog.holyart.it\/de\/wp-json\/wp\/v2\/posts\/2196\/revisions\/4695"}],"wp:featuredmedia":[{"embeddable":true,"href":"https:\/\/blog.holyart.it\/de\/wp-json\/wp\/v2\/media\/2199"}],"wp:attachment":[{"href":"https:\/\/blog.holyart.it\/de\/wp-json\/wp\/v2\/media?parent=2196"}],"wp:term":[{"taxonomy":"category","embeddable":true,"href":"https:\/\/blog.holyart.it\/de\/wp-json\/wp\/v2\/categories?post=2196"},{"taxonomy":"post_tag","embeddable":true,"href":"https:\/\/blog.holyart.it\/de\/wp-json\/wp\/v2\/tags?post=2196"}],"curies":[{"name":"wp","href":"https:\/\/api.w.org\/{rel}","templated":true}]}}