{"id":2172,"date":"2022-12-13T12:30:04","date_gmt":"2022-12-13T11:30:04","guid":{"rendered":"https:\/\/blog.holyart.it\/de\/?p=2172"},"modified":"2022-12-01T15:55:19","modified_gmt":"2022-12-01T14:55:19","slug":"weihnachtsbaum-farben-die-nie-verblassen-und-neuheiten","status":"publish","type":"post","link":"https:\/\/blog.holyart.it\/de\/weihnachten\/weihnachtsbaum-farben-die-nie-verblassen-und-neuheiten\/","title":{"rendered":"Weihnachtsbaum, Farben, die nie verblassen und Neuheiten"},"content":{"rendered":"<h4>Wir haben Ideen zusammengestellt, um Ihnen bei der Auswahl der f\u00fcr Sie passenden Kombinationen und Farben zu helfen &#8211; von den klassischsten bis zu den originellsten!<\/h4>\n<p><strong><a href=\"https:\/\/www.holyart.de\/weihnachten\/weihnachtsbaumschmuck\">Das Schm\u00fccken des Baumes<\/a><\/strong> ist einer der am sehnlichsten erwarteten und sch\u00f6nsten Momente des Weihnachtsfestes, aber wenn man nicht wei\u00df, wie man es anstellen soll, kann es auch zu einem der stressigsten werden.<\/p>\n<p>Jedes Jahr \u00e4ndern sich die Stile und Moden beim Schm\u00fccken des Weihnachtsbaums, die Farbpalette wird immer breiter, und man kann sich verst\u00e4ndlicherweise \u00fcberfordert f\u00fchlen.<\/p>\n<p>Versuchen wir zu kl\u00e4ren, welche Farben immer g\u00fcltig sind und welches die coolsten Farben f\u00fcr diese Weihnachtszeit sind.<\/p>\n<h2>Rot-goldener Weihnachtsbaum<\/h2>\n<p><strong>Gold und Rot<\/strong> sind die beiden am h\u00e4ufigsten verwendeten Farben, um den <strong><a href=\"https:\/\/www.holyart.de\/weihnachten\/weihnachtsbaume?page=1\">Weihnachtsbaum<\/a> <\/strong>zu schm\u00fccken, ein gro\u00dfer Klassiker, der auch sehr modern sein kann.<\/p>\n<p>Wenn man Kugeln mit matter Oberfl\u00e4che bevorzugt, wirkt das moderner als die gl\u00e4nzenden, die einen traditionellen Charme bewahren.<\/p>\n<p><strong>Die Farbkombination ist in jedem Fall zeitlos<\/strong>. Scheuen Sie sich nicht, Fehler zu machen, aber achten Sie darauf, nicht in die Banalit\u00e4t zur\u00fcckzufallen,<strong> indem Sie vielleicht ein paar pers\u00f6nliche Akzente oder ein paar wertvolle Kugeln hinzuf\u00fcgen.<\/strong><\/p>\n<div class=\"sp-styles-warning\" style=\"width: 450px; background-color: #FFF; color: #F00; border: 1px solid #F00; padding: 10px; font-size: 14px;\">\n\t\t\t<span style=\"font-weight: bold;\">Warning: The stylesheets were not loaded!<\/span> \n\t\t\tYou will need to change the <i>Load stylesheets<\/i> setting from <i>Automatically<\/i> to <i>On homepage<\/i> or <i>On all pages<\/i>. \n\t\t\tYou can set that <a style=\"text-decoration: underline; color: #F00;\" href=\"https:\/\/blog.holyart.it\/de\/wp-admin\/admin.php?page=sliderpro-settings\">here<\/a>.\n\t\t\t<\/div>\r\n<div id=\"slider-pro-26\" class=\"slider-pro sp-no-js\" style=\"width: 500px; height: 500px;\">\r\n\t<div class=\"sp-slides\">\r\n\t\t\r\n\t\t<div class=\"sp-slide\">\r\n\t\t\t<img loading=\"lazy\" decoding=\"async\" class=\"sp-image\" src=\"https:\/\/blog.holyart.it\/de\/wp-content\/uploads\/sites\/12\/2022\/12\/Rot-goldener-Weihnachtsbaum.jpg\" alt=\"Rot-goldener Weihnachtsbaum\" width=\"500\" height=\"500\" \/>\r\n\t\t\t<div class=\"sp-thumbnail\"><a class=\"\" href=\"https:\/\/www.holyart.de\/weihnachten\/weihnachtsbaumschmuck\/weihnachtskugeln\/tannenbaum-kugel-roten-glas-satiniert-100mm\">\r\n\t\t\t\t<img decoding=\"async\" src=\"https:\/\/blog.holyart.it\/de\/wp-content\/uploads\/sites\/12\/2022\/12\/Tannenbaum-Kugel-roten-Glas-satiniert-100mm.jpg\" alt=\"Tannenbaum Kugel roten Glas satiniert 100mm\" \/>\r\n\t\t\t<\/a>\r\n\t\t\t<\/div>\r\n\t\t\t<div class=\"sp-caption\">Mit goldenen und roten Kugeln geschm\u00fcckter Baum, die Farben, die traditionell die Freude an den Feiertagen darstellen.<br \/><strong><a href=\"https:\/\/www.holyart.de\/weihnachten\/weihnachtsbaumschmuck\/weihnachtskugeln?page=1&amp;12%5B%5D=456%2C36&amp;p_min=&amp;p_max=\">Bei Holyart kaufen<\/a><\/strong><\/div>\r\n\t\t<\/div>\r\n\t\t<div class=\"sp-slide\">\r\n\t\t\t<img loading=\"lazy\" decoding=\"async\" class=\"sp-image\" src=\"https:\/\/blog.holyart.it\/de\/wp-content\/uploads\/sites\/12\/2022\/12\/Rot-goldener-Weihnachtsbaum.jpg\" alt=\"Rot-goldener Weihnachtsbaum\" width=\"500\" height=\"500\" \/>\r\n\t\t\t<div class=\"sp-thumbnail\"><a class=\"\" href=\"https:\/\/www.holyart.de\/weihnachten\/weihnachtsbaumschmuck\/weihnachtskugeln\/tannenbaumkugel-glas-gold-und-rot-dekorationen-80mm\">\r\n\t\t\t\t<img decoding=\"async\" src=\"https:\/\/blog.holyart.it\/de\/wp-content\/uploads\/sites\/12\/2022\/12\/Tannenbaumkugel-Glas-gold-und-rot-Dekorationen-80mm-.jpg\" alt=\"Tannenbaumkugel Glas gold und rot Dekorationen 80mm\" \/>\r\n\t\t\t<\/a>\r\n\t\t\t<\/div>\r\n\t\t\t<div class=\"sp-caption\">Mit goldenen und roten Kugeln geschm\u00fcckter Baum, die Farben, die traditionell die Freude an den Feiertagen darstellen.<br \/><strong><a href=\"https:\/\/www.holyart.de\/weihnachten\/weihnachtsbaumschmuck\/weihnachtskugeln?page=1&amp;12%5B%5D=456%2C36&amp;p_min=&amp;p_max=\">Bei Holyart kaufen<\/a><\/strong><\/div>\r\n\t\t<\/div>\r\n\t\t<div class=\"sp-slide\">\r\n\t\t\t<img loading=\"lazy\" decoding=\"async\" class=\"sp-image\" src=\"https:\/\/blog.holyart.it\/de\/wp-content\/uploads\/sites\/12\/2022\/12\/Rot-goldener-Weihnachtsbaum.jpg\" alt=\"Rot-goldener Weihnachtsbaum\" width=\"500\" height=\"500\" \/>\r\n\t\t\t<div class=\"sp-thumbnail\"><a class=\"\" href=\"https:\/\/www.holyart.de\/weihnachten\/weihnachtsbaumschmuck\/weihnachtskugeln\/weihnachtskugeln-aus-glas-6er-set-grundton-grun-mit-goldenen-verzierungen-mausedorn-80-mm\">\r\n\t\t\t\t<img decoding=\"async\" src=\"https:\/\/blog.holyart.it\/de\/wp-content\/uploads\/sites\/12\/2022\/12\/Weihnachtskugeln-aus-Glas-6er-Set-Grundton-Gr\u00fcn-mit-goldenen-Verzierungen-M\u00e4usedorn-80-mm.jpg\" alt=\"Weihnachtskugeln aus Glas 6er-Set Grundton Gr\u00fcn mit goldenen Verzierungen M\u00e4usedorn 80 mm\" \/>\r\n\t\t\t<\/a>\r\n\t\t\t<\/div>\r\n\t\t\t<div class=\"sp-caption\">Mit goldenen und roten Kugeln geschm\u00fcckter Baum, die Farben, die traditionell die Freude an den Feiertagen darstellen.<br \/><strong><a href=\"https:\/\/www.holyart.de\/weihnachten\/weihnachtsbaumschmuck\/weihnachtskugeln?page=1&amp;12%5B%5D=456%2C36&amp;p_min=&amp;p_max=\">Bei Holyart kaufen<\/a><\/strong><\/div>\r\n\t\t<\/div>\r\n\t<\/div>\r\n<\/div>\n<h2>Wei\u00df-goldener Weihnachtsbaum<\/h2>\n<p>Eine weitere immergr\u00fcne Farbkombination ist <strong>Gold mit Wei\u00df<\/strong>.<\/p>\n<p>Eine originelle Idee, um Farben zu mischen, w\u00e4re es, einen <strong>wei\u00dfen Baum<\/strong> zu kaufen und ihn mit Dekorationen in <strong>verschiedenen Goldt\u00f6nen<\/strong> zu schm\u00fccken, von Champagner bis hin zu intensiveren T\u00f6nen, oder, wenn Sie etwas gewagt sind, einen goldenen Baum zu w\u00e4hlen und wei\u00dfe und transparente Kugeln daran aufzuh\u00e4ngen.<\/p>\n<p>Ton in Ton sollte ebenfalls ber\u00fccksichtigt werden.<\/p>\n<div class=\"sp-styles-warning\" style=\"width: 450px; background-color: #FFF; color: #F00; border: 1px solid #F00; padding: 10px; font-size: 14px;\">\n\t\t\t<span style=\"font-weight: bold;\">Warning: The stylesheets were not loaded!<\/span> \n\t\t\tYou will need to change the <i>Load stylesheets<\/i> setting from <i>Automatically<\/i> to <i>On homepage<\/i> or <i>On all pages<\/i>. \n\t\t\tYou can set that <a style=\"text-decoration: underline; color: #F00;\" href=\"https:\/\/blog.holyart.it\/de\/wp-admin\/admin.php?page=sliderpro-settings\">here<\/a>.\n\t\t\t<\/div>\r\n<div id=\"slider-pro-27\" class=\"slider-pro sp-no-js\" style=\"width: 500px; height: 500px;\">\r\n\t<div class=\"sp-slides\">\r\n\t\t\r\n\t\t<div class=\"sp-slide\">\r\n\t\t\t<img loading=\"lazy\" decoding=\"async\" class=\"sp-image\" src=\"https:\/\/blog.holyart.it\/de\/wp-content\/uploads\/sites\/12\/2022\/12\/Wei\u00df-goldener-Weihnachtsbaum.jpeg\" alt=\"Wei\u00df-goldener Weihnachtsbaum\" width=\"500\" height=\"499\" \/>\r\n\t\t\t<div class=\"sp-thumbnail\"><a class=\"\" href=\"https:\/\/www.holyart.de\/weihnachten\/weihnachtsbaumschmuck\/weihnachtskugeln\/tannenbaum-kugel-weissen-glas-satiniert-100mm\">\r\n\t\t\t\t<img decoding=\"async\" src=\"https:\/\/blog.holyart.it\/de\/wp-content\/uploads\/sites\/12\/2022\/12\/Tannenbaum-Kugel-weissen-Glas-satiniert-100mm.jpg\" \/>\r\n\t\t\t<\/a>\r\n\t\t\t<\/div>\r\n\t\t\t<div class=\"sp-caption\">Heller und reichhaltiger Weihnachtsbaum in Wei\u00df- und Goldt\u00f6nen.<br \/><strong><a href=\"https:\/\/www.holyart.de\/weihnachten\/weihnachtsbaumschmuck\/weihnachtskugeln?page=1&amp;12%5B%5D=456%2C36&amp;p_min=&amp;p_max=\">Bei Holyart kaufen<\/a><\/strong><\/div>\r\n\t\t<\/div>\r\n\t\t<div class=\"sp-slide\">\r\n\t\t\t<img loading=\"lazy\" decoding=\"async\" class=\"sp-image\" src=\"https:\/\/blog.holyart.it\/de\/wp-content\/uploads\/sites\/12\/2022\/12\/Wei\u00df-goldener-Weihnachtsbaum.jpeg\" alt=\"Wei\u00df-goldener Weihnachtsbaum\" width=\"500\" height=\"499\" \/>\r\n\t\t\t<div class=\"sp-thumbnail\"><a class=\"\" href=\"https:\/\/www.holyart.de\/weihnachten\/weihnachtsbaumschmuck\/weihnachtskugeln\/christbaumkugeln-aus-glas-in-mattem-gold-4-stuck-100-mm\">\r\n\t\t\t\t<img decoding=\"async\" src=\"https:\/\/blog.holyart.it\/de\/wp-content\/uploads\/sites\/12\/2022\/12\/Christbaumkugeln-aus-Glas-in-mattem-gold-4-St\u00fcck-100-mm.jpg\" alt=\"Christbaumkugeln aus Glas in mattem gold 4 St\u00fcck, 100 mm\" \/>\r\n\t\t\t<\/a>\r\n\t\t\t<\/div>\r\n\t\t\t<div class=\"sp-caption\">Heller und reichhaltiger Weihnachtsbaum in Wei\u00df- und Goldt\u00f6nen.<br \/><strong><a href=\"https:\/\/www.holyart.de\/weihnachten\/weihnachtsbaumschmuck\/weihnachtskugeln?page=1&amp;12%5B%5D=456%2C36&amp;p_min=&amp;p_max=\">Bei Holyart kaufen<\/a><\/strong><\/div>\r\n\t\t<\/div>\r\n\t\t<div class=\"sp-slide\">\r\n\t\t\t<img loading=\"lazy\" decoding=\"async\" class=\"sp-image\" src=\"https:\/\/blog.holyart.it\/de\/wp-content\/uploads\/sites\/12\/2022\/12\/Wei\u00df-goldener-Weihnachtsbaum.jpeg\" alt=\"Wei\u00df-goldener Weihnachtsbaum\" width=\"500\" height=\"499\" \/>\r\n\t\t\t<div class=\"sp-thumbnail\"><a class=\"\" href=\"https:\/\/www.holyart.de\/weihnachten\/weihnachtsbaumschmuck\/weihnachtskugeln\/tannenbaumkugel-beige-glas-goldenen-dekorationen-100mm\">\r\n\t\t\t\t<img decoding=\"async\" src=\"https:\/\/blog.holyart.it\/de\/wp-content\/uploads\/sites\/12\/2022\/12\/Tannenbaumkugel-beige-Glas-goldenen-Dekorationen-100mm-.jpg\" alt=\"Tannenbaumkugel beige Glas goldenen Dekorationen 100mm\" \/>\r\n\t\t\t<\/a>\r\n\t\t\t<\/div>\r\n\t\t\t<div class=\"sp-caption\">Heller und reichhaltiger Weihnachtsbaum in Wei\u00df- und Goldt\u00f6nen.<br \/><strong><a href=\"https:\/\/www.holyart.de\/weihnachten\/weihnachtsbaumschmuck\/weihnachtskugeln?page=1&amp;12%5B%5D=456%2C36&amp;p_min=&amp;p_max=\">Bei Holyart kaufen<\/a><\/strong><\/div>\r\n\t\t<\/div>\r\n\t<\/div>\r\n<\/div>\n<h2>Blau-silberner Weihnachtsbaum<\/h2>\n<p>F\u00fcr einen Baum mit einem k\u00fchlen Ton ist die Kombination von <strong><a href=\"https:\/\/www.holyart.de\/weihnachten\/weihnachtsbaumschmuck\/weihnachtskugeln?page=1&amp;12%5B%5D=457%2C26&amp;p_min=&amp;p_max=\">Silber und Blau<\/a><\/strong> die klassischste Wahl.<\/p>\n<p><strong>Blau bietet fast unendlich viele Schattierungen<\/strong>, von Elektrik-Blau \u00fcber Mitternacht-Blau und Pfau-Blau bis hin zu klassischem Blau, der Pantone-Farbe 2020. All diese Varianten k\u00f6nnten ausreichen, um eine perfekte Harmonie zu schaffen. Die Zugabe von Silber ist zwar nicht unbedingt erforderlich, l\u00e4sst aber das Blau hervorstechen und leuchten.<\/p>\n<p>F\u00fcr einen zauberhaften Effekt w\u00e4hlen Sie einen ganz wei\u00dfen oder silberfarbenen Baum.<\/p>\n<h2>Pastellfarbener Weihnachtsbaum<\/h2>\n<p><a href=\"https:\/\/www.holyart.de\/weihnachten\/weihnachtsbaumschmuck\/weihnachtskugeln?page=1&amp;12%5B%5D=78%2C31%2C41&amp;p_min=&amp;p_max=\"><strong>Pastellfarben<\/strong> <\/a>sind der Trend der letzten Jahre. Sie sind zart und weich, so sch\u00f6n, dass sie selbst in der lebhaftesten und hellsten Zeit des Jahres zu den Stars werden k\u00f6nnen. Und so sind auch die Weihnachtsb\u00e4ume in ungew\u00f6hnlich zarten Farben gef\u00e4rbt:<strong> Himmelblau, Kirschbl\u00fcte, Glyzinie, Lavendel, Puderrosa<\/strong>.<\/p>\n<p>Sie k\u00f6nnen einzeln f\u00fcr einen monochromen Effekt oder in Kombination miteinander verwendet werden.<\/p>\n<h2>Schwarzer Weihnachtsbaum<\/h2>\n<p><strong>Schwarz ist bekanntlich die Farbe der Eleganz<\/strong>, und das gilt vor allem f\u00fcr Kleidung, aber wie sieht es mit Weihnachtsb\u00e4umen aus?<\/p>\n<p>Ein Trend der letzten Jahre ist <strong>der schwarze Weihnachtsbaum<\/strong>, <strong>exzentrisch<\/strong> und <strong>glamour\u00f6s<\/strong>. Er entfernt sich von der klassischen Vorstellung von Weihnachten und passt perfekt zu modernen H\u00e4usern und dem Geschmack derer, die keine Angst haben, Risiken einzugehen.<\/p>\n<p>Eine M\u00f6glichkeit, ihn hervorzuheben, besteht darin,<strong> leuchtende Farben wie Gold, Wei\u00df oder Silber zu kombinieren<\/strong>. Wenn Sie ihn jedoch zum alleinigen Protagonisten machen wollen, k\u00f6nnen Sie sich f\u00fcr etwas entschieden Minimalistischeres entscheiden, indem Sie Ihren Baum nur mit ein paar Lichterketten schm\u00fccken.<\/p>\n<div class=\"sp-styles-warning\" style=\"width: 450px; background-color: #FFF; color: #F00; border: 1px solid #F00; padding: 10px; font-size: 14px;\">\n\t\t\t<span style=\"font-weight: bold;\">Warning: The stylesheets were not loaded!<\/span> \n\t\t\tYou will need to change the <i>Load stylesheets<\/i> setting from <i>Automatically<\/i> to <i>On homepage<\/i> or <i>On all pages<\/i>. \n\t\t\tYou can set that <a style=\"text-decoration: underline; color: #F00;\" href=\"https:\/\/blog.holyart.it\/de\/wp-admin\/admin.php?page=sliderpro-settings\">here<\/a>.\n\t\t\t<\/div>\r\n<div id=\"slider-pro-29\" class=\"slider-pro sp-no-js\" style=\"width: 500px; height: 500px;\">\r\n\t<div class=\"sp-slides\">\r\n\t\t\r\n\t\t<div class=\"sp-slide\">\r\n\t\t\t<img loading=\"lazy\" decoding=\"async\" class=\"sp-image\" src=\"https:\/\/blog.holyart.it\/de\/wp-content\/uploads\/sites\/12\/2022\/12\/Schwarzer-Weihnachtsbaum.jpg\" alt=\"Schwarzer Weihnachtsbaum\" width=\"500\" height=\"500\" \/>\r\n\t\t\t<div class=\"sp-thumbnail\"><a class=\"\" href=\"https:\/\/www.holyart.de\/weihnachten\/weihnachtsbaumschmuck\/weihnachtskugeln\/tannenbaumkugel-glas-spitze-100mm\">\r\n\t\t\t\t<img decoding=\"async\" src=\"https:\/\/blog.holyart.it\/de\/wp-content\/uploads\/sites\/12\/2022\/12\/Tannenbaumkugel-Glas-Spitze-100mm.jpg\" alt=\"Tannenbaumkugel Glas Spitze 100mm\" \/>\r\n\t\t\t<\/a>\r\n\t\t\t<\/div>\r\n\t\t\t<div class=\"sp-caption\">Schwarzer Weihnachtsbaum mit Dekorationen aus wei\u00dfem und mundgeblasenem Glas.\n<br \/><strong><a href=\"https:\/\/www.holyart.de\/weihnachten\/weihnachtsbaumschmuck\/weihnachtskugeln?page=1&amp;12%5B%5D=456%2C36&amp;p_min=&amp;p_max=\">Bei Holyart kaufen<\/a><\/strong><\/div>\r\n\t\t<\/div>\r\n\t\t<div class=\"sp-slide\">\r\n\t\t\t<img loading=\"lazy\" decoding=\"async\" class=\"sp-image\" src=\"https:\/\/blog.holyart.it\/de\/wp-content\/uploads\/sites\/12\/2022\/12\/Schwarzer-Weihnachtsbaum.jpg\" alt=\"Schwarzer Weihnachtsbaum\" width=\"500\" height=\"500\" \/>\r\n\t\t\t<div class=\"sp-thumbnail\"><a class=\"\" href=\"https:\/\/www.holyart.de\/weihnachten\/weihnachtsbaumschmuck\/weihnachtskugeln\/christbaumkugelnaus-glas-in-weiss-6-stuck-mit-vogelmotiv-80-mm\">\r\n\t\t\t\t<img decoding=\"async\" src=\"https:\/\/blog.holyart.it\/de\/wp-content\/uploads\/sites\/12\/2022\/12\/Christbaumkugelnaus-Glas-in-wei\u00df-6-St\u00fcck-mit-Vogelmotiv-80-mm-.jpg\" alt=\"Christbaumkugelnaus Glas in wei\u00df 6 St\u00fcck mit Vogelmotiv, 80 mm\" \/>\r\n\t\t\t<\/a>\r\n\t\t\t<\/div>\r\n\t\t\t<div class=\"sp-caption\">Schwarzer Weihnachtsbaum mit Dekorationen aus wei\u00dfem und mundgeblasenem Glas.\n<br \/><strong><a href=\"https:\/\/www.holyart.de\/weihnachten\/weihnachtsbaumschmuck\/weihnachtskugeln?page=1&amp;12%5B%5D=456%2C36&amp;p_min=&amp;p_max=\">Bei Holyart kaufen<\/a><\/strong><\/div>\r\n\t\t<\/div>\r\n\t\t<div class=\"sp-slide\">\r\n\t\t\t<img loading=\"lazy\" decoding=\"async\" class=\"sp-image\" src=\"https:\/\/blog.holyart.it\/de\/wp-content\/uploads\/sites\/12\/2022\/12\/Schwarzer-Weihnachtsbaum.jpg\" alt=\"Schwarzer Weihnachtsbaum\" width=\"500\" height=\"500\" \/>\r\n\t\t\t<div class=\"sp-thumbnail\"><a class=\"\" href=\"https:\/\/www.holyart.de\/weihnachten\/weihnachtsbaumschmuck\/weihnachtskugeln\/christbaumkugelaus-glaswinterlandschaft-mit-baumen-150-mm\">\r\n\t\t\t\t<img decoding=\"async\" src=\"https:\/\/blog.holyart.it\/de\/wp-content\/uploads\/sites\/12\/2022\/12\/Christbaumkugelaus-GlasWinterlandschaft-mit-B\u00e4umen-150-mm.jpg\" alt=\"Christbaumkugelaus GlasWinterlandschaft mit B\u00e4umen, 150 mm\" \/>\r\n\t\t\t<\/a>\r\n\t\t\t<\/div>\r\n\t\t\t<div class=\"sp-caption\">Schwarzer Weihnachtsbaum mit Dekorationen aus wei\u00dfem und mundgeblasenem Glas.\n<br \/><strong><a href=\"https:\/\/www.holyart.de\/weihnachten\/weihnachtsbaumschmuck\/weihnachtskugeln?page=1&amp;12%5B%5D=456%2C36&amp;p_min=&amp;p_max=\">Bei Holyart kaufen<\/a><\/strong><\/div>\r\n\t\t<\/div>\r\n\t<\/div>\r\n<\/div>\n<h2>Mehrfarbiger Weihnachtsbaum<\/h2>\n<p>Mehrere Farben zu mischen, um einen einzigen Weihnachtsbaum zu schm\u00fccken, kann riskant sein; man braucht ein gutes Auge und Geschick, um ein ansprechendes Ergebnis zu erzielen.<\/p>\n<p><strong>Sind Sie jemand, der gerne experimentiert?<\/strong> Sie k\u00f6nnen sich auch <strong><a href=\"https:\/\/www.holyart.de\/weihnachten\/weihnachtsbaumschmuck\/weihnachtsbaumschmuck-aus-mundgeblasenem-glas?page=1\">f\u00fcr ungew\u00f6hnliche Dekorationen\u00a0<\/a><\/strong>mit Pop-Ambiente entscheiden. <strong>Dekorationen zum Thema Reisen, S\u00fc\u00dfigkeiten oder Tiere k\u00f6nnen den Zweck erf\u00fcllen.<\/strong><\/p>\n<p>Mischen Sie sie geschickt mit einfachen B\u00e4llen, um einen lustigen, nicht schmeckenden Effekt zu erzielen.<\/p>\n<div class=\"sp-styles-warning\" style=\"width: 450px; background-color: #FFF; color: #F00; border: 1px solid #F00; padding: 10px; font-size: 14px;\">\n\t\t\t<span style=\"font-weight: bold;\">Warning: The stylesheets were not loaded!<\/span> \n\t\t\tYou will need to change the <i>Load stylesheets<\/i> setting from <i>Automatically<\/i> to <i>On homepage<\/i> or <i>On all pages<\/i>. \n\t\t\tYou can set that <a style=\"text-decoration: underline; color: #F00;\" href=\"https:\/\/blog.holyart.it\/de\/wp-admin\/admin.php?page=sliderpro-settings\">here<\/a>.\n\t\t\t<\/div>\r\n<div id=\"slider-pro-28\" class=\"slider-pro sp-no-js\" style=\"width: 500px; height: 500px;\">\r\n\t<div class=\"sp-slides\">\r\n\t\t\r\n\t\t<div class=\"sp-slide\">\r\n\t\t\t<img loading=\"lazy\" decoding=\"async\" class=\"sp-image\" src=\"https:\/\/blog.holyart.it\/de\/wp-content\/uploads\/sites\/12\/2022\/12\/Mehrfarbiger.jpg\" alt=\"Mehrfarbiger\" width=\"500\" height=\"499\" \/>\r\n\t\t\t<div class=\"sp-thumbnail\"><a class=\"\" href=\"https:\/\/www.holyart.de\/weihnachten\/weihnachtsbaumschmuck\/weihnachtsbaumschmuck-aus-mundgeblasenem-glas\/erdbeertorte-weihnachtsbaumschmuck-aus-mundgeblasenem-glas\">\r\n\t\t\t\t<img decoding=\"async\" src=\"https:\/\/blog.holyart.it\/de\/wp-content\/uploads\/sites\/12\/2022\/12\/Erdbeertorte-Weihnachtsbaumschmuck-aus-mundgeblasenem-Glas.jpg\" alt=\"Erdbeertorte, Weihnachtsbaumschmuck aus mundgeblasenem Glas\" \/>\r\n\t\t\t<\/a>\r\n\t\t\t<\/div>\r\n\t\t\t<div class=\"sp-caption\">Schm\u00fccken Sie Ihren Baum mit mundgeblasenen Glasdekorationen in tausend Farben.\n<br \/><strong><a href=\"https:\/\/www.holyart.de\/weihnachten\/weihnachtsbaumschmuck\/weihnachtskugeln?page=1&amp;12%5B%5D=456%2C36&amp;p_min=&amp;p_max=\">Bei Holyart kaufen<\/a><\/strong><\/div>\r\n\t\t<\/div>\r\n\t\t<div class=\"sp-slide\">\r\n\t\t\t<img loading=\"lazy\" decoding=\"async\" class=\"sp-image\" src=\"https:\/\/blog.holyart.it\/de\/wp-content\/uploads\/sites\/12\/2022\/12\/Mehrfarbiger.jpg\" alt=\"Mehrfarbiger\" width=\"500\" height=\"499\" \/>\r\n\t\t\t<div class=\"sp-thumbnail\"><a class=\"\" href=\"https:\/\/www.holyart.de\/weihnachten\/weihnachtsbaumschmuck\/weihnachtsbaumschmuck-aus-mundgeblasenem-glas\/lebkuchen-weihnachtsmann-weihnachtsbaumschmuck-aus-mundgeblasenem-glas\">\r\n\t\t\t\t<img decoding=\"async\" src=\"https:\/\/blog.holyart.it\/de\/wp-content\/uploads\/sites\/12\/2022\/12\/Lebkuchen-Weihnachtsmann-Weihnachtsbaumschmuck-aus-mundgeblasenem-Glas.jpg\" alt=\"Lebkuchen-Weihnachtsmann, Weihnachtsbaumschmuck aus mundgeblasenem Glas\" \/>\r\n\t\t\t<\/a>\r\n\t\t\t<\/div>\r\n\t\t\t<div class=\"sp-caption\">Schm\u00fccken Sie Ihren Baum mit mundgeblasenen Glasdekorationen in tausend Farben.\n<br \/><strong><a href=\"https:\/\/www.holyart.de\/weihnachten\/weihnachtsbaumschmuck\/weihnachtskugeln?page=1&amp;12%5B%5D=456%2C36&amp;p_min=&amp;p_max=\">Bei Holyart kaufen<\/a><\/strong><\/div>\r\n\t\t<\/div>\r\n\t\t<div class=\"sp-slide\">\r\n\t\t\t<img loading=\"lazy\" decoding=\"async\" class=\"sp-image\" src=\"https:\/\/blog.holyart.it\/de\/wp-content\/uploads\/sites\/12\/2022\/12\/Mehrfarbiger.jpg\" alt=\"Mehrfarbiger\" width=\"500\" height=\"499\" \/>\r\n\t\t\t<div class=\"sp-thumbnail\"><a class=\"\" href=\"https:\/\/www.holyart.de\/weihnachten\/weihnachtsbaumschmuck\/weihnachtsbaumschmuck-aus-mundgeblasenem-glas\/lebkuchenhaus-weihnachtsbaumschmuck-aus-mundgeblasenem-glas2\">\r\n\t\t\t\t<img decoding=\"async\" src=\"https:\/\/blog.holyart.it\/de\/wp-content\/uploads\/sites\/12\/2022\/12\/Lebkuchenhaus-Weihnachtsbaumschmuck-aus-mundgeblasenem-Glas-.jpg\" alt=\"Lebkuchenhaus, Weihnachtsbaumschmuck aus mundgeblasenem Glas\" \/>\r\n\t\t\t<\/a>\r\n\t\t\t<\/div>\r\n\t\t\t<div class=\"sp-caption\">Schm\u00fccken Sie Ihren Baum mit mundgeblasenen Glasdekorationen in tausend Farben.\n<br \/><strong><a href=\"https:\/\/www.holyart.de\/weihnachten\/weihnachtsbaumschmuck\/weihnachtskugeln?page=1&amp;12%5B%5D=456%2C36&amp;p_min=&amp;p_max=\">Bei Holyart kaufen<\/a><\/strong><\/div>\r\n\t\t<\/div>\r\n\t<\/div>\r\n<\/div>\n","protected":false},"excerpt":{"rendered":"<p>Wir haben Ideen zusammengestellt, um Ihnen bei der Auswahl der f\u00fcr Sie passenden Kombinationen und Farben zu helfen &#8211; von den klassischsten bis zu den originellsten! Das Schm\u00fccken des Baumes ist einer der am sehnlichsten erwarteten und sch\u00f6nsten Momente des Weihnachtsfestes, aber wenn man nicht&hellip;<\/p>\n","protected":false},"author":1,"featured_media":2173,"comment_status":"closed","ping_status":"open","sticky":false,"template":"","format":"standard","meta":{"_acf_changed":false,"footnotes":""},"categories":[12],"tags":[],"class_list":["post-2172","post","type-post","status-publish","format-standard","has-post-thumbnail","hentry","category-weihnachten"],"acf":[],"yoast_head":"<!-- This site is optimized with the Yoast SEO plugin v26.6 - https:\/\/yoast.com\/wordpress\/plugins\/seo\/ -->\n<title>Weihnachtsbaum, Farben, die nie verblassen und Neuheiten<\/title>\n<meta name=\"description\" content=\"Wir haben Ideen zusammengestellt, um Ihnen bei der Auswahl der f\u00fcr Sie passenden Kombinationen und Farben zu helfen - von den klassischsten bis zu den originellsten!\" \/>\n<meta name=\"robots\" content=\"index, follow, max-snippet:-1, max-image-preview:large, max-video-preview:-1\" \/>\n<link rel=\"canonical\" href=\"https:\/\/blog.holyart.it\/de\/weihnachten\/weihnachtsbaum-farben-die-nie-verblassen-und-neuheiten\/\" \/>\n<meta property=\"og:locale\" content=\"de_DE\" \/>\n<meta property=\"og:type\" content=\"article\" \/>\n<meta property=\"og:title\" content=\"Weihnachtsbaum, Farben, die nie verblassen und Neuheiten\" \/>\n<meta property=\"og:description\" content=\"Wir haben Ideen zusammengestellt, um Ihnen bei der Auswahl der f\u00fcr Sie passenden Kombinationen und Farben zu helfen - von den klassischsten bis zu den originellsten!\" \/>\n<meta property=\"og:url\" content=\"https:\/\/blog.holyart.it\/de\/weihnachten\/weihnachtsbaum-farben-die-nie-verblassen-und-neuheiten\/\" \/>\n<meta property=\"og:site_name\" content=\"Holyart.de Blog\" \/>\n<meta property=\"article:published_time\" content=\"2022-12-13T11:30:04+00:00\" \/>\n<meta property=\"og:image\" content=\"https:\/\/blog.holyart.it\/de\/wp-content\/uploads\/sites\/12\/2022\/12\/Weihnachtsbaum.jpg\" \/>\n\t<meta property=\"og:image:width\" content=\"1000\" \/>\n\t<meta property=\"og:image:height\" content=\"666\" \/>\n\t<meta property=\"og:image:type\" content=\"image\/jpeg\" \/>\n<meta name=\"author\" content=\"Redazione\" \/>\n<meta name=\"twitter:card\" content=\"summary_large_image\" \/>\n<meta name=\"twitter:label1\" content=\"Verfasst von\" \/>\n\t<meta name=\"twitter:data1\" content=\"Redazione\" \/>\n\t<meta name=\"twitter:label2\" content=\"Gesch\u00e4tzte Lesezeit\" \/>\n\t<meta name=\"twitter:data2\" content=\"3\u00a0Minuten\" \/>\n<script type=\"application\/ld+json\" class=\"yoast-schema-graph\">{\"@context\":\"https:\/\/schema.org\",\"@graph\":[{\"@type\":\"Article\",\"@id\":\"https:\/\/blog.holyart.it\/de\/weihnachten\/weihnachtsbaum-farben-die-nie-verblassen-und-neuheiten\/#article\",\"isPartOf\":{\"@id\":\"https:\/\/blog.holyart.it\/de\/weihnachten\/weihnachtsbaum-farben-die-nie-verblassen-und-neuheiten\/\"},\"author\":{\"name\":\"Redazione\",\"@id\":\"https:\/\/blog.holyart.it\/de\/#\/schema\/person\/0a7b686e5af0f856ec1e390dd0baecda\"},\"headline\":\"Weihnachtsbaum, Farben, die nie verblassen und Neuheiten\",\"datePublished\":\"2022-12-13T11:30:04+00:00\",\"mainEntityOfPage\":{\"@id\":\"https:\/\/blog.holyart.it\/de\/weihnachten\/weihnachtsbaum-farben-die-nie-verblassen-und-neuheiten\/\"},\"wordCount\":631,\"publisher\":{\"@id\":\"https:\/\/blog.holyart.it\/de\/#organization\"},\"image\":{\"@id\":\"https:\/\/blog.holyart.it\/de\/weihnachten\/weihnachtsbaum-farben-die-nie-verblassen-und-neuheiten\/#primaryimage\"},\"thumbnailUrl\":\"https:\/\/blog.holyart.it\/de\/wp-content\/uploads\/sites\/12\/2022\/12\/Weihnachtsbaum.jpg\",\"articleSection\":[\"Weihnachten\"],\"inLanguage\":\"de\"},{\"@type\":\"WebPage\",\"@id\":\"https:\/\/blog.holyart.it\/de\/weihnachten\/weihnachtsbaum-farben-die-nie-verblassen-und-neuheiten\/\",\"url\":\"https:\/\/blog.holyart.it\/de\/weihnachten\/weihnachtsbaum-farben-die-nie-verblassen-und-neuheiten\/\",\"name\":\"Weihnachtsbaum, Farben, die nie verblassen und Neuheiten\",\"isPartOf\":{\"@id\":\"https:\/\/blog.holyart.it\/de\/#website\"},\"primaryImageOfPage\":{\"@id\":\"https:\/\/blog.holyart.it\/de\/weihnachten\/weihnachtsbaum-farben-die-nie-verblassen-und-neuheiten\/#primaryimage\"},\"image\":{\"@id\":\"https:\/\/blog.holyart.it\/de\/weihnachten\/weihnachtsbaum-farben-die-nie-verblassen-und-neuheiten\/#primaryimage\"},\"thumbnailUrl\":\"https:\/\/blog.holyart.it\/de\/wp-content\/uploads\/sites\/12\/2022\/12\/Weihnachtsbaum.jpg\",\"datePublished\":\"2022-12-13T11:30:04+00:00\",\"description\":\"Wir haben Ideen zusammengestellt, um Ihnen bei der Auswahl der f\u00fcr Sie passenden Kombinationen und Farben zu helfen - von den klassischsten bis zu den originellsten!\",\"breadcrumb\":{\"@id\":\"https:\/\/blog.holyart.it\/de\/weihnachten\/weihnachtsbaum-farben-die-nie-verblassen-und-neuheiten\/#breadcrumb\"},\"inLanguage\":\"de\",\"potentialAction\":[{\"@type\":\"ReadAction\",\"target\":[\"https:\/\/blog.holyart.it\/de\/weihnachten\/weihnachtsbaum-farben-die-nie-verblassen-und-neuheiten\/\"]}]},{\"@type\":\"ImageObject\",\"inLanguage\":\"de\",\"@id\":\"https:\/\/blog.holyart.it\/de\/weihnachten\/weihnachtsbaum-farben-die-nie-verblassen-und-neuheiten\/#primaryimage\",\"url\":\"https:\/\/blog.holyart.it\/de\/wp-content\/uploads\/sites\/12\/2022\/12\/Weihnachtsbaum.jpg\",\"contentUrl\":\"https:\/\/blog.holyart.it\/de\/wp-content\/uploads\/sites\/12\/2022\/12\/Weihnachtsbaum.jpg\",\"width\":1000,\"height\":666,\"caption\":\"Weihnachtsbaum\"},{\"@type\":\"BreadcrumbList\",\"@id\":\"https:\/\/blog.holyart.it\/de\/weihnachten\/weihnachtsbaum-farben-die-nie-verblassen-und-neuheiten\/#breadcrumb\",\"itemListElement\":[{\"@type\":\"ListItem\",\"position\":1,\"name\":\"Homepage\",\"item\":\"https:\/\/blog.holyart.it\/de\/\"},{\"@type\":\"ListItem\",\"position\":2,\"name\":\"Weihnachten\",\"item\":\"https:\/\/blog.holyart.it\/de\/weihnachten\/\"},{\"@type\":\"ListItem\",\"position\":3,\"name\":\"Weihnachtsbaum, Farben, die nie verblassen und Neuheiten\"}]},{\"@type\":\"WebSite\",\"@id\":\"https:\/\/blog.holyart.it\/de\/#website\",\"url\":\"https:\/\/blog.holyart.it\/de\/\",\"name\":\"Holyart.de Blog\",\"description\":\"Holyblog\",\"publisher\":{\"@id\":\"https:\/\/blog.holyart.it\/de\/#organization\"},\"potentialAction\":[{\"@type\":\"SearchAction\",\"target\":{\"@type\":\"EntryPoint\",\"urlTemplate\":\"https:\/\/blog.holyart.it\/de\/?s={search_term_string}\"},\"query-input\":{\"@type\":\"PropertyValueSpecification\",\"valueRequired\":true,\"valueName\":\"search_term_string\"}}],\"inLanguage\":\"de\"},{\"@type\":\"Organization\",\"@id\":\"https:\/\/blog.holyart.it\/de\/#organization\",\"name\":\"Holyart.de Blog\",\"url\":\"https:\/\/blog.holyart.it\/de\/\",\"logo\":{\"@type\":\"ImageObject\",\"inLanguage\":\"de\",\"@id\":\"https:\/\/blog.holyart.it\/de\/#\/schema\/logo\/image\/\",\"url\":\"https:\/\/blog.holyart.it\/de\/wp-content\/uploads\/sites\/12\/2022\/12\/Holyart_Blog_Logo.jpg\",\"contentUrl\":\"https:\/\/blog.holyart.it\/de\/wp-content\/uploads\/sites\/12\/2022\/12\/Holyart_Blog_Logo.jpg\",\"width\":300,\"height\":50,\"caption\":\"Holyart.de Blog\"},\"image\":{\"@id\":\"https:\/\/blog.holyart.it\/de\/#\/schema\/logo\/image\/\"}},{\"@type\":\"Person\",\"@id\":\"https:\/\/blog.holyart.it\/de\/#\/schema\/person\/0a7b686e5af0f856ec1e390dd0baecda\",\"name\":\"Redazione\",\"image\":{\"@type\":\"ImageObject\",\"inLanguage\":\"de\",\"@id\":\"https:\/\/blog.holyart.it\/de\/#\/schema\/person\/image\/\",\"url\":\"https:\/\/secure.gravatar.com\/avatar\/f477da817f43e50d0af36abecd33e3edf826c68299714bdc1057dff3b113f516?s=96&d=mm&r=g\",\"contentUrl\":\"https:\/\/secure.gravatar.com\/avatar\/f477da817f43e50d0af36abecd33e3edf826c68299714bdc1057dff3b113f516?s=96&d=mm&r=g\",\"caption\":\"Redazione\"}}]}<\/script>\n<!-- \/ Yoast SEO plugin. -->","yoast_head_json":{"title":"Weihnachtsbaum, Farben, die nie verblassen und Neuheiten","description":"Wir haben Ideen zusammengestellt, um Ihnen bei der Auswahl der f\u00fcr Sie passenden Kombinationen und Farben zu helfen - von den klassischsten bis zu den originellsten!","robots":{"index":"index","follow":"follow","max-snippet":"max-snippet:-1","max-image-preview":"max-image-preview:large","max-video-preview":"max-video-preview:-1"},"canonical":"https:\/\/blog.holyart.it\/de\/weihnachten\/weihnachtsbaum-farben-die-nie-verblassen-und-neuheiten\/","og_locale":"de_DE","og_type":"article","og_title":"Weihnachtsbaum, Farben, die nie verblassen und Neuheiten","og_description":"Wir haben Ideen zusammengestellt, um Ihnen bei der Auswahl der f\u00fcr Sie passenden Kombinationen und Farben zu helfen - von den klassischsten bis zu den originellsten!","og_url":"https:\/\/blog.holyart.it\/de\/weihnachten\/weihnachtsbaum-farben-die-nie-verblassen-und-neuheiten\/","og_site_name":"Holyart.de Blog","article_published_time":"2022-12-13T11:30:04+00:00","og_image":[{"width":1000,"height":666,"url":"https:\/\/blog.holyart.it\/de\/wp-content\/uploads\/sites\/12\/2022\/12\/Weihnachtsbaum.jpg","type":"image\/jpeg"}],"author":"Redazione","twitter_card":"summary_large_image","twitter_misc":{"Verfasst von":"Redazione","Gesch\u00e4tzte Lesezeit":"3\u00a0Minuten"},"schema":{"@context":"https:\/\/schema.org","@graph":[{"@type":"Article","@id":"https:\/\/blog.holyart.it\/de\/weihnachten\/weihnachtsbaum-farben-die-nie-verblassen-und-neuheiten\/#article","isPartOf":{"@id":"https:\/\/blog.holyart.it\/de\/weihnachten\/weihnachtsbaum-farben-die-nie-verblassen-und-neuheiten\/"},"author":{"name":"Redazione","@id":"https:\/\/blog.holyart.it\/de\/#\/schema\/person\/0a7b686e5af0f856ec1e390dd0baecda"},"headline":"Weihnachtsbaum, Farben, die nie verblassen und Neuheiten","datePublished":"2022-12-13T11:30:04+00:00","mainEntityOfPage":{"@id":"https:\/\/blog.holyart.it\/de\/weihnachten\/weihnachtsbaum-farben-die-nie-verblassen-und-neuheiten\/"},"wordCount":631,"publisher":{"@id":"https:\/\/blog.holyart.it\/de\/#organization"},"image":{"@id":"https:\/\/blog.holyart.it\/de\/weihnachten\/weihnachtsbaum-farben-die-nie-verblassen-und-neuheiten\/#primaryimage"},"thumbnailUrl":"https:\/\/blog.holyart.it\/de\/wp-content\/uploads\/sites\/12\/2022\/12\/Weihnachtsbaum.jpg","articleSection":["Weihnachten"],"inLanguage":"de"},{"@type":"WebPage","@id":"https:\/\/blog.holyart.it\/de\/weihnachten\/weihnachtsbaum-farben-die-nie-verblassen-und-neuheiten\/","url":"https:\/\/blog.holyart.it\/de\/weihnachten\/weihnachtsbaum-farben-die-nie-verblassen-und-neuheiten\/","name":"Weihnachtsbaum, Farben, die nie verblassen und Neuheiten","isPartOf":{"@id":"https:\/\/blog.holyart.it\/de\/#website"},"primaryImageOfPage":{"@id":"https:\/\/blog.holyart.it\/de\/weihnachten\/weihnachtsbaum-farben-die-nie-verblassen-und-neuheiten\/#primaryimage"},"image":{"@id":"https:\/\/blog.holyart.it\/de\/weihnachten\/weihnachtsbaum-farben-die-nie-verblassen-und-neuheiten\/#primaryimage"},"thumbnailUrl":"https:\/\/blog.holyart.it\/de\/wp-content\/uploads\/sites\/12\/2022\/12\/Weihnachtsbaum.jpg","datePublished":"2022-12-13T11:30:04+00:00","description":"Wir haben Ideen zusammengestellt, um Ihnen bei der Auswahl der f\u00fcr Sie passenden Kombinationen und Farben zu helfen - von den klassischsten bis zu den originellsten!","breadcrumb":{"@id":"https:\/\/blog.holyart.it\/de\/weihnachten\/weihnachtsbaum-farben-die-nie-verblassen-und-neuheiten\/#breadcrumb"},"inLanguage":"de","potentialAction":[{"@type":"ReadAction","target":["https:\/\/blog.holyart.it\/de\/weihnachten\/weihnachtsbaum-farben-die-nie-verblassen-und-neuheiten\/"]}]},{"@type":"ImageObject","inLanguage":"de","@id":"https:\/\/blog.holyart.it\/de\/weihnachten\/weihnachtsbaum-farben-die-nie-verblassen-und-neuheiten\/#primaryimage","url":"https:\/\/blog.holyart.it\/de\/wp-content\/uploads\/sites\/12\/2022\/12\/Weihnachtsbaum.jpg","contentUrl":"https:\/\/blog.holyart.it\/de\/wp-content\/uploads\/sites\/12\/2022\/12\/Weihnachtsbaum.jpg","width":1000,"height":666,"caption":"Weihnachtsbaum"},{"@type":"BreadcrumbList","@id":"https:\/\/blog.holyart.it\/de\/weihnachten\/weihnachtsbaum-farben-die-nie-verblassen-und-neuheiten\/#breadcrumb","itemListElement":[{"@type":"ListItem","position":1,"name":"Homepage","item":"https:\/\/blog.holyart.it\/de\/"},{"@type":"ListItem","position":2,"name":"Weihnachten","item":"https:\/\/blog.holyart.it\/de\/weihnachten\/"},{"@type":"ListItem","position":3,"name":"Weihnachtsbaum, Farben, die nie verblassen und Neuheiten"}]},{"@type":"WebSite","@id":"https:\/\/blog.holyart.it\/de\/#website","url":"https:\/\/blog.holyart.it\/de\/","name":"Holyart.de Blog","description":"Holyblog","publisher":{"@id":"https:\/\/blog.holyart.it\/de\/#organization"},"potentialAction":[{"@type":"SearchAction","target":{"@type":"EntryPoint","urlTemplate":"https:\/\/blog.holyart.it\/de\/?s={search_term_string}"},"query-input":{"@type":"PropertyValueSpecification","valueRequired":true,"valueName":"search_term_string"}}],"inLanguage":"de"},{"@type":"Organization","@id":"https:\/\/blog.holyart.it\/de\/#organization","name":"Holyart.de Blog","url":"https:\/\/blog.holyart.it\/de\/","logo":{"@type":"ImageObject","inLanguage":"de","@id":"https:\/\/blog.holyart.it\/de\/#\/schema\/logo\/image\/","url":"https:\/\/blog.holyart.it\/de\/wp-content\/uploads\/sites\/12\/2022\/12\/Holyart_Blog_Logo.jpg","contentUrl":"https:\/\/blog.holyart.it\/de\/wp-content\/uploads\/sites\/12\/2022\/12\/Holyart_Blog_Logo.jpg","width":300,"height":50,"caption":"Holyart.de Blog"},"image":{"@id":"https:\/\/blog.holyart.it\/de\/#\/schema\/logo\/image\/"}},{"@type":"Person","@id":"https:\/\/blog.holyart.it\/de\/#\/schema\/person\/0a7b686e5af0f856ec1e390dd0baecda","name":"Redazione","image":{"@type":"ImageObject","inLanguage":"de","@id":"https:\/\/blog.holyart.it\/de\/#\/schema\/person\/image\/","url":"https:\/\/secure.gravatar.com\/avatar\/f477da817f43e50d0af36abecd33e3edf826c68299714bdc1057dff3b113f516?s=96&d=mm&r=g","contentUrl":"https:\/\/secure.gravatar.com\/avatar\/f477da817f43e50d0af36abecd33e3edf826c68299714bdc1057dff3b113f516?s=96&d=mm&r=g","caption":"Redazione"}}]}},"_links":{"self":[{"href":"https:\/\/blog.holyart.it\/de\/wp-json\/wp\/v2\/posts\/2172","targetHints":{"allow":["GET"]}}],"collection":[{"href":"https:\/\/blog.holyart.it\/de\/wp-json\/wp\/v2\/posts"}],"about":[{"href":"https:\/\/blog.holyart.it\/de\/wp-json\/wp\/v2\/types\/post"}],"author":[{"embeddable":true,"href":"https:\/\/blog.holyart.it\/de\/wp-json\/wp\/v2\/users\/1"}],"replies":[{"embeddable":true,"href":"https:\/\/blog.holyart.it\/de\/wp-json\/wp\/v2\/comments?post=2172"}],"version-history":[{"count":0,"href":"https:\/\/blog.holyart.it\/de\/wp-json\/wp\/v2\/posts\/2172\/revisions"}],"wp:featuredmedia":[{"embeddable":true,"href":"https:\/\/blog.holyart.it\/de\/wp-json\/wp\/v2\/media\/2173"}],"wp:attachment":[{"href":"https:\/\/blog.holyart.it\/de\/wp-json\/wp\/v2\/media?parent=2172"}],"wp:term":[{"taxonomy":"category","embeddable":true,"href":"https:\/\/blog.holyart.it\/de\/wp-json\/wp\/v2\/categories?post=2172"},{"taxonomy":"post_tag","embeddable":true,"href":"https:\/\/blog.holyart.it\/de\/wp-json\/wp\/v2\/tags?post=2172"}],"curies":[{"name":"wp","href":"https:\/\/api.w.org\/{rel}","templated":true}]}}