{"id":2093,"date":"2022-10-25T12:30:09","date_gmt":"2022-10-25T10:30:09","guid":{"rendered":"https:\/\/blog.holyart.it\/de\/?p=2093"},"modified":"2023-09-04T10:53:33","modified_gmt":"2023-09-04T08:53:33","slug":"heilige-maertyrer-das-eigene-leben-im-namen-gottes-opfern","status":"publish","type":"post","link":"https:\/\/blog.holyart.it\/de\/devotionalien\/heilige-maertyrer-das-eigene-leben-im-namen-gottes-opfern\/","title":{"rendered":"Heilige M\u00e4rtyrer: das eigene Leben im Namen Gottes opfern"},"content":{"rendered":"<h4>Heilige M\u00e4rtyrer sind M\u00e4nner und Frauen, oft sehr jung, die ihr Leben aus Liebe zu Gott geopfert haben und daf\u00fcr selig gesprochen werden sollten. Wir wollen sie besser kennen lernen.<\/h4>\n\n<p><em>Sterben f\u00fcr die Liebe. <\/em>Wir h\u00f6ren es oft, in alten Liedern, in Romanen, in unsterblichen Geschichten von ungl\u00fccklichen Lieben. Wenn wir von den heiligen M\u00e4rtyrern sprechen, die unvorstellbare Qualen erlitten haben und von denjenigen get\u00f6tet wurden, die nicht in der Lage waren, ihren Willen, ihren Glauben zu beugen, dann sprechen wir nat\u00fcrlich nicht von einer romantischen Vorstellung. Die Liebenden in den gro\u00dfen Liebesgeschichten, die mit gebrochenem Herzen starben, litten unter der Unm\u00f6glichkeit, ihrem Geliebten nahe sein zu k\u00f6nnen, oder unter dem unertr\u00e4glichen Schmerz des Verlustes. Die heiligen M\u00e4rtyrer hingegen wurden <strong>gefoltert und get\u00f6tet, weil sie mit zu viel Leidenschaft, zu viel \u00dcberzeugung und zu viel Liebe ihren Glauben und ihre tiefe Hingabe an Gott vertraten<\/strong>.<\/p>\n<p>Wir k\u00f6nnen also sagen, dass diese Form des Todes f\u00fcr die Liebe nicht aus einem Mangel kommt, sondern aus einer <strong>F\u00fclle der Liebe<\/strong>, einer Totalit\u00e4t, einer fatalen Erf\u00fcllung.<\/p>\n<p>Das Martyrium ist eine Art<strong> Zeugnis der Liebe zu Gott<\/strong>. Nicht umsonst kommt das Wort <strong>M\u00e4rtyrer<\/strong> aus dem Griechischen <em>m\u00e0rtys<\/em>, <strong>Zeuge<\/strong>. Im Katechismus der Katholischen Kirche hei\u00dft es: \u201e<em>Das Martyrium ist das h\u00f6chste Zeugnis f\u00fcr die Wahrheit des Glaubens; der M\u00e4rtyrer ist ein Zeuge, der bis in den Tod geht. Er gibt Zeugnis von Christus, dem Toten und Auferstandenen, mit dem er durch die Liebe verbunden ist. Er legt Zeugnis von der Wahrheit des Glaubens und der christlichen Lehre ab. Er begegnet dem Tod mit einem Akt der Tapferkeit. Lass mich eine Mahlzeit f\u00fcr die Tiere werden. Nur so werde ich zu Gott gelangen k\u00f6nnen<\/em>\u201c. (KKK, Nr. 2473).<\/p>\n<p>Der M\u00e4rtyrer symbolisiert und bezeugt <strong>den Sieg des Lebens \u00fcber den Tod<\/strong>, indem er in seiner eigenen Haut, in seinem eigenen Fleisch, das <strong>Leiden Jesu<\/strong> nacherlebt und unsagbares Leid ertr\u00e4gt, in der Gewissheit, dass der Trost der Liebe Gottes alle Qualen erhellen wird. Mit <strong>blindem Vertrauen und ergreifender Liebe <\/strong>vertrauten sich die heiligen M\u00e4rtyrer den H\u00e4nden ihrer Henker an und gingen in vielen F\u00e4llen so weit, ihnen in dem Moment zu vergeben, in dem sie ihnen die letzten Qualen zuf\u00fcgten. So dramatisch der Tod eines M\u00e4rtyrers auch erscheinen mag, wir sollten ihn nicht als ein schmerzhaftes Opfer betrachten. Es ist <strong>eine Freude<\/strong>, <strong>sich im Namen Gottes und des Glaubens opfern zu wollen<\/strong>, es ist ein unb\u00e4ndiger, unaufhaltsamer Impuls, eine <strong>Sehnsucht nach Liebe<\/strong>, die kein Mensch, und sei er noch so grausam, aufhalten kann, keine Qual kann sie d\u00e4mpfen. Und das ist es, was die Heiligen M\u00e4rtyrer so besonders macht: Sie sind Sinnbilder eines <strong>religi\u00f6sen Eifers<\/strong>, eines inneren Bewusstseins, das nur auf Gott gerichtet ist. Beispiele, an denen wir uns orientieren k\u00f6nnen, wenn wir uns den Wechself\u00e4llen des Lebens stellen, um nicht dem Schmerz und der Angst nachzugeben.<\/p>\n<h2>Wer aber sind die Heiligen M\u00e4rtyrer?<\/h2>\n<p>Die ersten, die als heilige M\u00e4rtyrer bezeichnet wurden, waren die <strong>Apostel<\/strong>, Zeugen des Lebens und der Werke Jesu, die verfolgt und get\u00f6tet wurden, weil sie sein Wort in die Welt brachten. Sp\u00e4ter wurden alle M\u00e4nner und Frauen, die ihren Glauben und ihre Hingabe unter Beweis gestellt hatten und verfolgt und get\u00f6tet wurden, weil sie ihrem Glauben nicht abschw\u00f6ren wollten, auf diese Weise definiert.<\/p>\n<p>Die katholische Kirche erkennt <strong>drei Arten des christlichen Martyriums<\/strong> an, die alle das Paradies verdienen. Deshalb ist es nicht notwendig, zu sterben, um seine Liebe zu Gott zu beweisen. Es reicht aus, seinen Glauben an ihn mit Mut und Verzicht zu leben und sein Leben im Namen der Hingabe zu gestalten.<\/p>\n<p>Hier sind die drei anerkannten Arten des Martyriums:<\/p>\n<ul>\n<li><strong>Wei\u00dfes Martyrium<\/strong>: Gerade diejenigen, die wegen ihres Glaubens verfolgt werden und ihr Leben mutig und leidend im Namen Jesu leben m\u00fcssen, ohne unbedingt get\u00f6tet zu werden;<\/li>\n<li><strong>Gr\u00fcnes Martyrium<\/strong>: das derjenigen, die ihre Liebe zu Gott dadurch bekunden, dass sie Fasten und Entbehrungen auf sich nehmen, Einsamkeit und Einsiedelei w\u00e4hlen, sich aus dem menschlichen Umfeld herausrei\u00dfen, um sich allein f\u00fcr den Glauben zu opfern;<\/li>\n<li><strong>Rotes Martyrium<\/strong>: das der wahren M\u00e4rtyrer-Heiligen, die, nachdem sie in der Liebe zu Gott gelebt haben, freudig akzeptiert haben, f\u00fcr ihren Glauben an Ihn gefoltert zu werden und zu sterben, ohne Ihn jemals zu verraten.<\/li>\n<\/ul>\n<h2>Das Martyrium von Johannes dem T\u00e4ufer<\/h2>\n<p>Der <strong>29. August<\/strong> erinnert an das Martyrium von Johannes dem T\u00e4ufer, <strong>einem der am meisten verehrten Heiligen der Welt<\/strong>, der als letzter Prophet des Alten Testaments und als <strong>erster Apostel Jesu<\/strong> gilt. Der \u00dcberlieferung nach war er schon vor seiner Geburt ein Heiliger, denn als die Jungfrau Maria seiner Mutter im sechsten Monat die bevorstehende Geburt Jesu ank\u00fcndigte, h\u00fcpfte er vor Freude im Scho\u00df seiner Mutter.<\/p>\n<p>Seine eigene Empf\u00e4ngnis war ja durch den Erzengel Gabriel angek\u00fcndigt worden, der auch seinen Eltern, Elisabeth und Zacharias, gesagt hatte, dass er \u201e<em>voll des Heiligen Geistes<\/em>\u201c sein w\u00fcrde, dass er \u201e<em>gro\u00df vor dem Herrn<\/em>\u201c und sein Vorl\u00e4ufer sein w\u00fcrde.<\/p>\n<p>Nachdem er sein Leben der Vorbereitung des Kommens Jesu gewidmet hatte, indem er zun\u00e4chst als Einsiedler in der W\u00fcste lebte, dann das Kommen des Messias verk\u00fcndete und M\u00e4nner und Frauen im Jordan taufte, fand er durch die Laune eines jungen M\u00e4dchens sein Ende. Er wurde von K\u00f6nig Herodes Antipas wegen seiner Predigten, die dem Volk subversive Ideen einfl\u00f6\u00dften, eingekerkert. Salome, Prinzessin von Jud\u00e4a und Stieftochter des K\u00f6nigs, verlangte <strong>seinen Kopf als Geschenk auf einem Silbertablett<\/strong>. Im Gegenzug willigte sie ein, bei einem Bankett zum Vergn\u00fcgen ihres Stiefvaters und seiner G\u00e4ste zu tanzen.<\/p>\n<div class=\"link-product\">\n<div class=\"blocco-immagine\"><img loading=\"lazy\" decoding=\"async\" class=\"alignnone size-full wp-image-2097\" src=\"https:\/\/blog.holyart.it\/de\/wp-content\/uploads\/sites\/12\/2022\/10\/Johannes-dem-T\u00e4ufer.jpg\" alt=\"Johannes dem T\u00e4ufer\" width=\"100\" height=\"100\" data-kale-share-title=\"Heilige M\u00e4rtyrer: das eigene Leben im Namen Gottes opfern\" data-kale-share-url=\"https:\/\/blog.holyart.it\/de\/?p=2093\" \/><\/div>\n<div class=\"blocco-contenuto\">\n<div class=\"blocco-acquista\">Einkaufen:<\/div>\n<div class=\"blocco-titolo\"><a href=\"https:\/\/www.holyart.de\/kirchenbedarf\/kirchenausstattung\/amben-kniebanke-weitere-einrichtungsgegenstande\/johannes-der-taufer-aus-bronzefarbigen-messing-58cm\">Johannes der T\u00e4ufer<\/a><\/div>\n<div class=\"blocco-descrizione\">Johannes der T\u00e4ufer aus bronzefarbigen Messing 58cm<\/div>\n<\/div>\n<\/div>\n<h2>Heiliger Stephan<\/h2>\n<p>Stephanus, ein Diakon aus Jerusalem, war der erste Christ, der den M\u00e4rtyrertod erlitt, und wird als solcher als <strong>Protom\u00e4rtyrer der Kirche<\/strong> betrachtet.<\/p>\n<p>Aber was ist mit Protom\u00e4rtyrer gemeint?<\/p>\n<p>Der Titel \u201eProtom\u00e4rtyrer\u201c bezeichnet das erste Mitglied eines christlichen Glaubensbekenntnisses oder das erste Mitglied einer christlichen Gemeinschaft, das im Namen seines Glaubens den M\u00e4rtyrertod erlitten hat.<\/p>\n<p>Jakobus der Gro\u00dfe zum Beispiel war der erste M\u00e4rtyrer unter den Aposteln und gilt daher als Protom\u00e4rtyrer der Apostel; die heilige Thekla, Sch\u00fclerin des Petrus, war die Protom\u00e4rtyrerin der Frauen, und so weiter.<\/p>\n<div class=\"link-product\">\n<div class=\"blocco-immagine\"><img loading=\"lazy\" decoding=\"async\" class=\"alignnone size-full wp-image-2098\" src=\"https:\/\/blog.holyart.it\/de\/wp-content\/uploads\/sites\/12\/2022\/10\/Heiliger-Jakub-30cm-aus-Harz.jpg\" alt=\"Heiliger Jakub 30cm aus Harz \" width=\"100\" height=\"100\" data-kale-share-title=\"Heilige M\u00e4rtyrer: das eigene Leben im Namen Gottes opfern\" data-kale-share-url=\"https:\/\/blog.holyart.it\/de\/?p=2093\" \/><\/div>\n<div class=\"blocco-contenuto\">\n<div class=\"blocco-acquista\">Einkaufen:<\/div>\n<div class=\"blocco-titolo\"><a href=\"https:\/\/www.holyart.de\/devotionalien\/statuen\/statuen-aus-resin-und-pvc\/heiliger-jakub-30cm-aus-harz\">Heiliger Jakub<\/a><\/div>\n<div class=\"blocco-descrizione\">Statue des heiligen Jakubs realisiert aus Harz.<\/div>\n<\/div>\n<\/div>\n<p>Der heilige Stephanus stammte urspr\u00fcnglich aus Griechenland und war der erste Diakon der christlichen Gemeinde in Jerusalem. Seine Aufgabe war es, f\u00fcr die Bed\u00fcrfnisse der Apostel zu sorgen, damit sie sich ganz dem Gebet und der Verk\u00fcndigung der Guten Nachricht widmen konnten.<\/p>\n<p>Er wird am <strong>26. Dezember<\/strong>, dem Tag nach Weihnachten, gefeiert, dem Tag, an dem er im Jahr 36 n. Chr. <strong>gesteinigt<\/strong> wurde. Es hei\u00dft, einer seiner Ankl\u00e4ger sei Saulus gewesen, der Mann, der sp\u00e4ter Paulus von Tarsus werden sollte, der Apostel der Heiden, der erste gro\u00dfe Missionar der christlichen Kirche.<\/p>\n<h2>Heilige Agnes<\/h2>\n<p>Die Heilige Agnes, die Schutzpatronin der Jungfrauen, Freundinnen und M\u00e4dchen im heiratsf\u00e4higen Alter, wird am <strong>21. Januar<\/strong> gefeiert. Agnes geh\u00f6rt zu den Heiligen, die sehr jung gestorben sind, wie <strong>Luigi Gonzaga<\/strong>. Es handelte sich um ein sehr junges, adeliges M\u00e4dchen aus der gens Clodia, das im Alter von zw\u00f6lf Jahren unter Diokletian den M\u00e4rtyrertod erlitt. Ihre Sch\u00f6nheit und Unschuld hatten die Aufmerksamkeit des Sohnes des Pr\u00e4fekten von Rom auf sich gezogen, aber das junge M\u00e4dchen hatte bereits beschlossen, Jesus ihre Keuschheit zu geloben.<\/p>\n<p>Der Freier beschwerte sich dar\u00fcber bei ihrem Vater, der zun\u00e4chst versuchte, ihren Starrsinn zu brechen, indem er sie zwang, Vestalin zu werden, und sie dann in ein Bordell sperrte, wo jedoch kein Mann sie vergewaltigen konnte, da ein Engel \u00fcber sie wachte. Schlie\u00dflich wurde Agnes auf den Platz geschleppt und nackt ausgezogen, aber <strong>ihr Haar wuchs so stark<\/strong>, dass es sie vollst\u00e4ndig einh\u00fcllte. Dann befahl der Pr\u00e4fekt, sie lebendig zu verbrennen, aber die Flammen wollten sie nicht ber\u00fchren. <strong>Ihre Kehle wurde mit einem scharfen Schwert aufgeschlitzt<\/strong>, wie bei den L\u00e4mmern, mit denen sie oft dargestellt wird, und es hei\u00dft, dass ihre eigenen Henker um sie weinten, als sie zu Boden fiel.<\/p>\n<div class=\"link-product\">\n<div class=\"blocco-immagine\"><img loading=\"lazy\" decoding=\"async\" class=\"alignnone size-full wp-image-2099\" src=\"https:\/\/blog.holyart.it\/de\/wp-content\/uploads\/sites\/12\/2022\/10\/Heilige-Agnes-.jpg\" alt=\"Heilige Agnes \" width=\"100\" height=\"100\" data-kale-share-title=\"Heilige M\u00e4rtyrer: das eigene Leben im Namen Gottes opfern\" data-kale-share-url=\"https:\/\/blog.holyart.it\/de\/?p=2093\" \/><\/div>\n<div class=\"blocco-contenuto\">\n<div class=\"blocco-acquista\">Einkaufen:<\/div>\n<div class=\"blocco-titolo\"><a href=\"https:\/\/www.holyart.de\/devotionalien\/statuen\/statuen-aus-bemalten-holz\/heilige-agnes-mit-lamm-aus-bemalten-grodnertal-holz?gclid=EAIaIQobChMIqpmF_qW-6wIVAbp3Ch1how_eEAYYAiABEgJ98vD_BwE\">Heilige Agnes mit Lamm<\/a><\/div>\n<div class=\"blocco-descrizione\">Heilige Agnes mit Lamm aus bemalten Gr\u00f6dnertal Holz<\/div>\n<\/div>\n<\/div>\n<h2>Heiliger Sebastian<\/h2>\n<p>Der heilige Sebastian war ein hoher Offizier der r\u00f6mischen Armee und soll ein enger Freund des Kaisers Diokletian gewesen sein. Vielleicht wurde er deshalb so w\u00fctend, als er entdeckte, dass der junge Mann christlichen Glaubens seine Freundschaft ausnutzte, um seinen zum Tode verurteilten Glaubensbr\u00fcdern zu helfen. Sebastian nutzte nicht nur seinen Einfluss und seine Stellung, um Christen zu retten und die Gefallenen zu begraben, sondern er setzte sich auch f\u00fcr die <strong>Verbreitung des Christentums <\/strong>unter anderen Soldaten und sogar Mitgliedern des kaiserlichen Hofes ein.<\/p>\n<p>Als Diokletian den \u201eVerrat\u201c seines Sch\u00fctzlings entdeckte, brach er in einen Tumult aus.<\/p>\n<p>Sebastian wurde deshalb von ihm zum Tode verurteilt. Er ordnete an, Sebastian nackt auszuziehen, auf dem Palatinh\u00fcgel an einen Pfahl zu binden und mit <strong>unz\u00e4hligen Pfeilen zu durchbohren<\/strong>. Die Henker glaubten ihn tot und lie\u00dfen ihn im Stich, doch der Mann \u00fcberlebte und wurde von der Heiligen Irene gerettet, die ihn versteckte und heilte. Nachdem er wieder gesund war, trat Sebastian vor Diokletian, stellte ihn zur Rede und verurteilte ihn wegen der Christenverfolgung. Der Kaiser ordnete daher an, dass der junge Mann <strong>zu Tode gegei\u00dfelt<\/strong> und sein K\u00f6rper in die Cloaca Maxima geworfen werden sollte. Sein Gedenktag ist der <strong>20. Januar<\/strong>.<\/p>\n<h2>Heiliger Laurentius<\/h2>\n<p>Der heilige Laurentius, der am <strong>10. August<\/strong> gefeiert wird und den wir alle aus der <strong><a href=\"https:\/\/www.holyart.de\/blog\/devotionalien\/die-nacht-vom-heiligen-laurentius-der-abend-der-sternschnuppen\/\">Tradition der Sternschnuppen kennen<\/a><\/strong>, die in dieser Nacht auf die Erde regnen, war ein junger Diakon. Er erlitt das Martyrium unter Kaiser Valerian. Er stammte aus Spanien und war ein Freund und Sch\u00fcler des sp\u00e4teren Papstes Sixtus II., der ihm nach seinem Amtsantritt das Amt des Archidiakons anvertraute. In der Praxis sollte Lorenzo wohlt\u00e4tige Aktivit\u00e4ten in der Di\u00f6zese Rom leiten.<\/p>\n<div class=\"link-product\">\n<div class=\"blocco-immagine\"><img loading=\"lazy\" decoding=\"async\" class=\"alignnone size-full wp-image-2100\" src=\"https:\/\/blog.holyart.it\/de\/wp-content\/uploads\/sites\/12\/2022\/10\/Heiliger-Laurentius-.jpg\" alt=\" Heiliger Laurentius \" width=\"100\" height=\"100\" data-kale-share-title=\"Heilige M\u00e4rtyrer: das eigene Leben im Namen Gottes opfern\" data-kale-share-url=\"https:\/\/blog.holyart.it\/de\/?p=2093\" \/><\/div>\n<div class=\"blocco-contenuto\">\n<div class=\"blocco-acquista\">Einkaufen:<\/div>\n<div class=\"blocco-titolo\"><a href=\"https:\/\/www.holyart.de\/devotionalien\/statuen\/statuen-aus-bemalten-holz\/heiliger-laurentius-30cm-aus-holz\">Heiliger Laurentius 30cm aus Holz<\/a><\/div>\n<div class=\"blocco-descrizione\">Auf Anfrage verf\u00fcgbar auch in anderen Gr\u00f6\u00dfen oder Finish<\/div>\n<\/div>\n<\/div>\n<p>Kaiser Valerian ordnete die Hinrichtung aller Bisch\u00f6fe, Presbyter und Diakone an, und dies galt auch f\u00fcr Sixtus II. Nach seiner Verhaftung wurde Laurentius <strong>auf einem Rost verbrannt<\/strong> oder, einer anderen \u00dcberlieferung zufolge, <strong>enthauptet<\/strong>. Die Legende des Grills soll die Verbindung zwischen dem jungen Heiligen und den Sternschnuppen hergestellt haben, bei denen es sich um die Lapilli handeln soll, die seiner Folter entkommen sind.<\/p>\n<h2>Heilige Barbara<\/h2>\n<p>Die Heilige Barbara, die am <strong>4. Dezember<\/strong> gefeiert wird, ist eine Heilige, die f\u00fcr die vielen Patronate, die ihr zugeschrieben werden, ber\u00fchmt ist, obwohl historisch nicht viel \u00fcber sie bekannt ist. Weitere Patronate sind: Bombenbauer, B\u00fcchsenmacher, Mathematiker, Feuerwehrleute, Glockengie\u00dfer, Bergleute, Artilleristen, Architekten, Steinmetze, Maurer, Seeleute, Totengr\u00e4ber.<\/p>\n<div class=\"link-product\">\n<div class=\"blocco-immagine\"><img loading=\"lazy\" decoding=\"async\" class=\"alignnone size-full wp-image-2102\" src=\"https:\/\/blog.holyart.it\/de\/wp-content\/uploads\/sites\/12\/2022\/10\/Statue-Heilige-Barbara-Holz-.jpg\" alt=\"Statue Heilige Barbara Holz \" width=\"100\" height=\"100\" data-kale-share-title=\"Heilige M\u00e4rtyrer: das eigene Leben im Namen Gottes opfern\" data-kale-share-url=\"https:\/\/blog.holyart.it\/de\/?p=2093\" \/><\/div>\n<div class=\"blocco-contenuto\">\n<div class=\"blocco-acquista\">Einkaufen:<\/div>\n<div class=\"blocco-titolo\"><a href=\"https:\/\/www.holyart.de\/devotionalien\/statuen\/statuen-aus-bemalten-holz\/statue-heilige-barbara-holz\">Statue Heilige Barbara Holz<\/a><\/div>\n<div class=\"blocco-descrizione\">Statue der Heilige Barbara; sie ist aus Ahorn-Holz.<\/div>\n<\/div>\n<\/div>\n<p>Als Tochter eines Heiden wurde sie von ihrem Vater wegen ihrer Sch\u00f6nheit in einen Turm gesperrt. Hier wurde sie von Philosophen und Dichtern erzogen, aber sobald sie den Turm verlie\u00df, entdeckte sie den christlichen Glauben. Ihr Vater drohte, sie zu t\u00f6ten, wenn sie nicht abschw\u00f6re, und zerrte sie vor den Pr\u00e4fekten. Als sie sich weigerte, ihrem Glauben abzuschw\u00f6ren, wurde sie zun\u00e4chst in <strong>Gew\u00e4nder geh\u00fcllt, die ihr Fleisch zerrissen<\/strong>, dann <strong>verbrannt<\/strong>, aber wie durch ein Wunder gerettet. Dann <strong>schnitten ihr<\/strong> <strong>die Henker die Br\u00fcste<\/strong> ab und zwangen sie, nackt durch die Stra\u00dfen zu laufen. Ihr eigener Vater <strong>enthauptete sie auf einem Berggipfel<\/strong>.<\/p>\n<h2>Cosmas und Damian<\/h2>\n<p>Die heiligen M\u00e4rtyrer Cosmas und Damian waren Br\u00fcder. Beide waren \u00c4rzte und gelten noch heute als Heilige, die zur Heilung von allen Krankheiten angerufen werden.<\/p>\n<div class=\"link-product\">\n<div class=\"blocco-immagine\"><img loading=\"lazy\" decoding=\"async\" class=\"alignnone size-full wp-image-2103\" src=\"https:\/\/blog.holyart.it\/de\/wp-content\/uploads\/sites\/12\/2022\/10\/Kosma-und-Damian.jpg\" alt=\"Kosma und Damian\" width=\"100\" height=\"100\" data-kale-share-title=\"Heilige M\u00e4rtyrer: das eigene Leben im Namen Gottes opfern\" data-kale-share-url=\"https:\/\/blog.holyart.it\/de\/?p=2093\" \/><\/div>\n<div class=\"blocco-contenuto\">\n<div class=\"blocco-acquista\">Einkaufen:<\/div>\n<div class=\"blocco-titolo\"><a href=\"https:\/\/www.holyart.de\/devotionalien\/statuen\/statuen-aus-resin-und-pvc\/kosma-und-damian-30cm-aus-harz\">Kosma und Damian 30cm aus Harz<\/a><\/div>\n<div class=\"blocco-descrizione\">Statue der heiligen Kosma und Damian realisiert aus Harz.<\/div>\n<\/div>\n<\/div>\n<p>Am <strong>26. September<\/strong> gefeiert, wurden sie in Arabien geboren und nutzten ihren Einfluss als \u00c4rzte und Heiler, um so viele Menschen wie m\u00f6glich zum Christentum zu bekehren. Sie wurden auf Befehl des Kaisers Diokletian verhaftet und nach verschiedenen \u00dcberlieferungen mehrfach gemartert: Sie wurden <strong>gesteinigt<\/strong>, dann <strong>ausgepeitscht<\/strong>, <strong>gekreuzigt<\/strong> und mit Pfeilen und Speeren geschlagen, mit einem Felsbrocken am Hals <strong>ins Meer geworfen<\/strong> und in einem Feuerofen <strong>verbrannt<\/strong>. Schlie\u00dflich wurden sie <strong>enthauptet<\/strong>, und mit ihnen ihre j\u00fcngeren Br\u00fcder Antimus, Leontius und Euprepius.<\/p>\n<h2>Heilige Lucia<\/h2>\n<p>Lucia von Syrakus ist eine der sieben Jungfrauen, die im r\u00f6mischen Kanon aufgef\u00fchrt sind. Am <strong>13. Dezember<\/strong>, dem Tag ihres Martyriums, wird ihr gedacht und sie wird als <strong>Besch\u00fctzerin des Sehens<\/strong> angerufen. Sie lebte zu Beginn des 4. Jahrhunderts und starb w\u00e4hrend der von Kaiser Diokletian angeordneten gro\u00dfen Verfolgung. Sie stammte aus einer vornehmen christlichen Familie in Syrakus und wurde von ihrem Verlobten denunziert, als sie sich weigerte, ihn zu heiraten, um ihre Keuschheit Gott zu weihen und ihr gesamtes Verm\u00f6gen den Armen zu spenden. Weil sie sich weigerte, abzuschw\u00f6ren, wurde sie mit \u00d6l \u00fcbergossen und <strong>mit Feuer gefoltert<\/strong>, aber weil die Flammen sie nicht ber\u00fchrten, wurde sie <strong>enthauptet<\/strong> oder man schnitt ihr die Kehle durch. Sie war erst einundzwanzig Jahre alt. Es gibt keine historischen Beweise daf\u00fcr, dass ihr auch <strong>die Augen ausgerissen wurden<\/strong>, aber der Kult, der sich um sie entwickelte, stellt sie oft mit einer Untertasse in der Hand dar, auf der ihre Augen ruhen, wahrscheinlich wegen ihres Namens, der <em>Licht<\/em> bedeutet.<\/p>\n<div class=\"link-product\">\n<div class=\"blocco-immagine\"><img loading=\"lazy\" decoding=\"async\" class=\"alignnone size-full wp-image-2104\" src=\"https:\/\/blog.holyart.it\/de\/wp-content\/uploads\/sites\/12\/2022\/10\/Heilige-Lucia.jpg\" alt=\"Heilige Lucia\" width=\"100\" height=\"100\" data-kale-share-title=\"Heilige M\u00e4rtyrer: das eigene Leben im Namen Gottes opfern\" data-kale-share-url=\"https:\/\/blog.holyart.it\/de\/?p=2093\" \/><\/div>\n<div class=\"blocco-contenuto\">\n<div class=\"blocco-acquista\">Einkaufen:<\/div>\n<div class=\"blocco-titolo\"><a href=\"https:\/\/www.holyart.de\/devotionalien\/statuen\/statuen-aus-fiberglas\/heilige-lucia-160cm-bemalten-fiberglas-mit-kristallaugen\">Heilige Lucia<\/a><\/div>\n<div class=\"blocco-descrizione\">Heilige Lucia 160cm bemalten Fiberglas mit Kristallaugen<\/div>\n<\/div>\n<\/div>\n","protected":false},"excerpt":{"rendered":"<p>Heilige M\u00e4rtyrer sind M\u00e4nner und Frauen, oft sehr jung, die ihr Leben aus Liebe zu Gott geopfert haben und daf\u00fcr selig gesprochen werden sollten. Wir wollen sie besser kennen lernen. Sterben f\u00fcr die Liebe. Wir h\u00f6ren es oft, in alten Liedern, in Romanen, in unsterblichen&hellip;<\/p>\n","protected":false},"author":1,"featured_media":2597,"comment_status":"closed","ping_status":"open","sticky":false,"template":"","format":"standard","meta":{"_acf_changed":false,"footnotes":""},"categories":[9,10],"tags":[],"class_list":["post-2093","post","type-post","status-publish","format-standard","has-post-thumbnail","hentry","category-heilige-und-selige","category-devotionalien"],"acf":[],"yoast_head":"<!-- This site is optimized with the Yoast SEO plugin v26.6 - https:\/\/yoast.com\/wordpress\/plugins\/seo\/ -->\n<title>Heilige M\u00e4rtyrer: das eigene Leben im Namen Gottes opfern<\/title>\n<meta name=\"description\" content=\"Heilige M\u00e4rtyrer sind M\u00e4nner und Frauen, oft sehr jung, die ihr Leben aus Liebe zu Gott geopfert haben und daf\u00fcr selig gesprochen werden sollten.\" \/>\n<meta name=\"robots\" content=\"index, follow, max-snippet:-1, max-image-preview:large, max-video-preview:-1\" \/>\n<link rel=\"canonical\" href=\"https:\/\/blog.holyart.it\/de\/devotionalien\/heilige-maertyrer-das-eigene-leben-im-namen-gottes-opfern\/\" \/>\n<meta property=\"og:locale\" content=\"de_DE\" \/>\n<meta property=\"og:type\" content=\"article\" \/>\n<meta property=\"og:title\" content=\"Heilige M\u00e4rtyrer: das eigene Leben im Namen Gottes opfern\" \/>\n<meta property=\"og:description\" content=\"Heilige M\u00e4rtyrer sind M\u00e4nner und Frauen, oft sehr jung, die ihr Leben aus Liebe zu Gott geopfert haben und daf\u00fcr selig gesprochen werden sollten.\" \/>\n<meta property=\"og:url\" content=\"https:\/\/blog.holyart.it\/de\/devotionalien\/heilige-maertyrer-das-eigene-leben-im-namen-gottes-opfern\/\" \/>\n<meta property=\"og:site_name\" content=\"Holyart.de Blog\" \/>\n<meta property=\"article:published_time\" content=\"2022-10-25T10:30:09+00:00\" \/>\n<meta property=\"article:modified_time\" content=\"2023-09-04T08:53:33+00:00\" \/>\n<meta property=\"og:image\" content=\"https:\/\/blog.holyart.it\/de\/wp-content\/uploads\/sites\/12\/2022\/10\/Heilige-Martyrer.jpg\" \/>\n\t<meta property=\"og:image:width\" content=\"1000\" \/>\n\t<meta property=\"og:image:height\" content=\"666\" \/>\n\t<meta property=\"og:image:type\" content=\"image\/jpeg\" \/>\n<meta name=\"author\" content=\"Redazione\" \/>\n<meta name=\"twitter:card\" content=\"summary_large_image\" \/>\n<meta name=\"twitter:label1\" content=\"Verfasst von\" \/>\n\t<meta name=\"twitter:data1\" content=\"Redazione\" \/>\n\t<meta name=\"twitter:label2\" content=\"Gesch\u00e4tzte Lesezeit\" \/>\n\t<meta name=\"twitter:data2\" content=\"14\u00a0Minuten\" \/>\n<script type=\"application\/ld+json\" class=\"yoast-schema-graph\">{\"@context\":\"https:\/\/schema.org\",\"@graph\":[{\"@type\":\"Article\",\"@id\":\"https:\/\/blog.holyart.it\/de\/devotionalien\/heilige-maertyrer-das-eigene-leben-im-namen-gottes-opfern\/#article\",\"isPartOf\":{\"@id\":\"https:\/\/blog.holyart.it\/de\/devotionalien\/heilige-maertyrer-das-eigene-leben-im-namen-gottes-opfern\/\"},\"author\":{\"name\":\"Redazione\",\"@id\":\"https:\/\/blog.holyart.it\/de\/#\/schema\/person\/0a7b686e5af0f856ec1e390dd0baecda\"},\"headline\":\"Heilige M\u00e4rtyrer: das eigene Leben im Namen Gottes opfern\",\"datePublished\":\"2022-10-25T10:30:09+00:00\",\"dateModified\":\"2023-09-04T08:53:33+00:00\",\"mainEntityOfPage\":{\"@id\":\"https:\/\/blog.holyart.it\/de\/devotionalien\/heilige-maertyrer-das-eigene-leben-im-namen-gottes-opfern\/\"},\"wordCount\":2291,\"publisher\":{\"@id\":\"https:\/\/blog.holyart.it\/de\/#organization\"},\"image\":{\"@id\":\"https:\/\/blog.holyart.it\/de\/devotionalien\/heilige-maertyrer-das-eigene-leben-im-namen-gottes-opfern\/#primaryimage\"},\"thumbnailUrl\":\"https:\/\/blog.holyart.it\/de\/wp-content\/uploads\/sites\/12\/2022\/10\/Heilige-Martyrer.jpg\",\"articleSection\":[\"Heilige und Selige\",\"Religion\"],\"inLanguage\":\"de\"},{\"@type\":\"WebPage\",\"@id\":\"https:\/\/blog.holyart.it\/de\/devotionalien\/heilige-maertyrer-das-eigene-leben-im-namen-gottes-opfern\/\",\"url\":\"https:\/\/blog.holyart.it\/de\/devotionalien\/heilige-maertyrer-das-eigene-leben-im-namen-gottes-opfern\/\",\"name\":\"Heilige M\u00e4rtyrer: das eigene Leben im Namen Gottes opfern\",\"isPartOf\":{\"@id\":\"https:\/\/blog.holyart.it\/de\/#website\"},\"primaryImageOfPage\":{\"@id\":\"https:\/\/blog.holyart.it\/de\/devotionalien\/heilige-maertyrer-das-eigene-leben-im-namen-gottes-opfern\/#primaryimage\"},\"image\":{\"@id\":\"https:\/\/blog.holyart.it\/de\/devotionalien\/heilige-maertyrer-das-eigene-leben-im-namen-gottes-opfern\/#primaryimage\"},\"thumbnailUrl\":\"https:\/\/blog.holyart.it\/de\/wp-content\/uploads\/sites\/12\/2022\/10\/Heilige-Martyrer.jpg\",\"datePublished\":\"2022-10-25T10:30:09+00:00\",\"dateModified\":\"2023-09-04T08:53:33+00:00\",\"description\":\"Heilige M\u00e4rtyrer sind M\u00e4nner und Frauen, oft sehr jung, die ihr Leben aus Liebe zu Gott geopfert haben und daf\u00fcr selig gesprochen werden sollten.\",\"breadcrumb\":{\"@id\":\"https:\/\/blog.holyart.it\/de\/devotionalien\/heilige-maertyrer-das-eigene-leben-im-namen-gottes-opfern\/#breadcrumb\"},\"inLanguage\":\"de\",\"potentialAction\":[{\"@type\":\"ReadAction\",\"target\":[\"https:\/\/blog.holyart.it\/de\/devotionalien\/heilige-maertyrer-das-eigene-leben-im-namen-gottes-opfern\/\"]}]},{\"@type\":\"ImageObject\",\"inLanguage\":\"de\",\"@id\":\"https:\/\/blog.holyart.it\/de\/devotionalien\/heilige-maertyrer-das-eigene-leben-im-namen-gottes-opfern\/#primaryimage\",\"url\":\"https:\/\/blog.holyart.it\/de\/wp-content\/uploads\/sites\/12\/2022\/10\/Heilige-Martyrer.jpg\",\"contentUrl\":\"https:\/\/blog.holyart.it\/de\/wp-content\/uploads\/sites\/12\/2022\/10\/Heilige-Martyrer.jpg\",\"width\":1000,\"height\":666,\"caption\":\"Heilige Martyrer\"},{\"@type\":\"BreadcrumbList\",\"@id\":\"https:\/\/blog.holyart.it\/de\/devotionalien\/heilige-maertyrer-das-eigene-leben-im-namen-gottes-opfern\/#breadcrumb\",\"itemListElement\":[{\"@type\":\"ListItem\",\"position\":1,\"name\":\"Homepage\",\"item\":\"https:\/\/blog.holyart.it\/de\/\"},{\"@type\":\"ListItem\",\"position\":2,\"name\":\"Religion\",\"item\":\"https:\/\/blog.holyart.it\/de\/devotionalien\/\"},{\"@type\":\"ListItem\",\"position\":3,\"name\":\"Heilige M\u00e4rtyrer: das eigene Leben im Namen Gottes opfern\"}]},{\"@type\":\"WebSite\",\"@id\":\"https:\/\/blog.holyart.it\/de\/#website\",\"url\":\"https:\/\/blog.holyart.it\/de\/\",\"name\":\"Holyart.de Blog\",\"description\":\"Holyblog\",\"publisher\":{\"@id\":\"https:\/\/blog.holyart.it\/de\/#organization\"},\"potentialAction\":[{\"@type\":\"SearchAction\",\"target\":{\"@type\":\"EntryPoint\",\"urlTemplate\":\"https:\/\/blog.holyart.it\/de\/?s={search_term_string}\"},\"query-input\":{\"@type\":\"PropertyValueSpecification\",\"valueRequired\":true,\"valueName\":\"search_term_string\"}}],\"inLanguage\":\"de\"},{\"@type\":\"Organization\",\"@id\":\"https:\/\/blog.holyart.it\/de\/#organization\",\"name\":\"Holyart.de Blog\",\"url\":\"https:\/\/blog.holyart.it\/de\/\",\"logo\":{\"@type\":\"ImageObject\",\"inLanguage\":\"de\",\"@id\":\"https:\/\/blog.holyart.it\/de\/#\/schema\/logo\/image\/\",\"url\":\"https:\/\/blog.holyart.it\/de\/wp-content\/uploads\/sites\/12\/2022\/12\/Holyart_Blog_Logo.jpg\",\"contentUrl\":\"https:\/\/blog.holyart.it\/de\/wp-content\/uploads\/sites\/12\/2022\/12\/Holyart_Blog_Logo.jpg\",\"width\":300,\"height\":50,\"caption\":\"Holyart.de Blog\"},\"image\":{\"@id\":\"https:\/\/blog.holyart.it\/de\/#\/schema\/logo\/image\/\"}},{\"@type\":\"Person\",\"@id\":\"https:\/\/blog.holyart.it\/de\/#\/schema\/person\/0a7b686e5af0f856ec1e390dd0baecda\",\"name\":\"Redazione\",\"image\":{\"@type\":\"ImageObject\",\"inLanguage\":\"de\",\"@id\":\"https:\/\/blog.holyart.it\/de\/#\/schema\/person\/image\/\",\"url\":\"https:\/\/secure.gravatar.com\/avatar\/f477da817f43e50d0af36abecd33e3edf826c68299714bdc1057dff3b113f516?s=96&d=mm&r=g\",\"contentUrl\":\"https:\/\/secure.gravatar.com\/avatar\/f477da817f43e50d0af36abecd33e3edf826c68299714bdc1057dff3b113f516?s=96&d=mm&r=g\",\"caption\":\"Redazione\"}}]}<\/script>\n<!-- \/ Yoast SEO plugin. -->","yoast_head_json":{"title":"Heilige M\u00e4rtyrer: das eigene Leben im Namen Gottes opfern","description":"Heilige M\u00e4rtyrer sind M\u00e4nner und Frauen, oft sehr jung, die ihr Leben aus Liebe zu Gott geopfert haben und daf\u00fcr selig gesprochen werden sollten.","robots":{"index":"index","follow":"follow","max-snippet":"max-snippet:-1","max-image-preview":"max-image-preview:large","max-video-preview":"max-video-preview:-1"},"canonical":"https:\/\/blog.holyart.it\/de\/devotionalien\/heilige-maertyrer-das-eigene-leben-im-namen-gottes-opfern\/","og_locale":"de_DE","og_type":"article","og_title":"Heilige M\u00e4rtyrer: das eigene Leben im Namen Gottes opfern","og_description":"Heilige M\u00e4rtyrer sind M\u00e4nner und Frauen, oft sehr jung, die ihr Leben aus Liebe zu Gott geopfert haben und daf\u00fcr selig gesprochen werden sollten.","og_url":"https:\/\/blog.holyart.it\/de\/devotionalien\/heilige-maertyrer-das-eigene-leben-im-namen-gottes-opfern\/","og_site_name":"Holyart.de Blog","article_published_time":"2022-10-25T10:30:09+00:00","article_modified_time":"2023-09-04T08:53:33+00:00","og_image":[{"width":1000,"height":666,"url":"https:\/\/blog.holyart.it\/de\/wp-content\/uploads\/sites\/12\/2022\/10\/Heilige-Martyrer.jpg","type":"image\/jpeg"}],"author":"Redazione","twitter_card":"summary_large_image","twitter_misc":{"Verfasst von":"Redazione","Gesch\u00e4tzte Lesezeit":"14\u00a0Minuten"},"schema":{"@context":"https:\/\/schema.org","@graph":[{"@type":"Article","@id":"https:\/\/blog.holyart.it\/de\/devotionalien\/heilige-maertyrer-das-eigene-leben-im-namen-gottes-opfern\/#article","isPartOf":{"@id":"https:\/\/blog.holyart.it\/de\/devotionalien\/heilige-maertyrer-das-eigene-leben-im-namen-gottes-opfern\/"},"author":{"name":"Redazione","@id":"https:\/\/blog.holyart.it\/de\/#\/schema\/person\/0a7b686e5af0f856ec1e390dd0baecda"},"headline":"Heilige M\u00e4rtyrer: das eigene Leben im Namen Gottes opfern","datePublished":"2022-10-25T10:30:09+00:00","dateModified":"2023-09-04T08:53:33+00:00","mainEntityOfPage":{"@id":"https:\/\/blog.holyart.it\/de\/devotionalien\/heilige-maertyrer-das-eigene-leben-im-namen-gottes-opfern\/"},"wordCount":2291,"publisher":{"@id":"https:\/\/blog.holyart.it\/de\/#organization"},"image":{"@id":"https:\/\/blog.holyart.it\/de\/devotionalien\/heilige-maertyrer-das-eigene-leben-im-namen-gottes-opfern\/#primaryimage"},"thumbnailUrl":"https:\/\/blog.holyart.it\/de\/wp-content\/uploads\/sites\/12\/2022\/10\/Heilige-Martyrer.jpg","articleSection":["Heilige und Selige","Religion"],"inLanguage":"de"},{"@type":"WebPage","@id":"https:\/\/blog.holyart.it\/de\/devotionalien\/heilige-maertyrer-das-eigene-leben-im-namen-gottes-opfern\/","url":"https:\/\/blog.holyart.it\/de\/devotionalien\/heilige-maertyrer-das-eigene-leben-im-namen-gottes-opfern\/","name":"Heilige M\u00e4rtyrer: das eigene Leben im Namen Gottes opfern","isPartOf":{"@id":"https:\/\/blog.holyart.it\/de\/#website"},"primaryImageOfPage":{"@id":"https:\/\/blog.holyart.it\/de\/devotionalien\/heilige-maertyrer-das-eigene-leben-im-namen-gottes-opfern\/#primaryimage"},"image":{"@id":"https:\/\/blog.holyart.it\/de\/devotionalien\/heilige-maertyrer-das-eigene-leben-im-namen-gottes-opfern\/#primaryimage"},"thumbnailUrl":"https:\/\/blog.holyart.it\/de\/wp-content\/uploads\/sites\/12\/2022\/10\/Heilige-Martyrer.jpg","datePublished":"2022-10-25T10:30:09+00:00","dateModified":"2023-09-04T08:53:33+00:00","description":"Heilige M\u00e4rtyrer sind M\u00e4nner und Frauen, oft sehr jung, die ihr Leben aus Liebe zu Gott geopfert haben und daf\u00fcr selig gesprochen werden sollten.","breadcrumb":{"@id":"https:\/\/blog.holyart.it\/de\/devotionalien\/heilige-maertyrer-das-eigene-leben-im-namen-gottes-opfern\/#breadcrumb"},"inLanguage":"de","potentialAction":[{"@type":"ReadAction","target":["https:\/\/blog.holyart.it\/de\/devotionalien\/heilige-maertyrer-das-eigene-leben-im-namen-gottes-opfern\/"]}]},{"@type":"ImageObject","inLanguage":"de","@id":"https:\/\/blog.holyart.it\/de\/devotionalien\/heilige-maertyrer-das-eigene-leben-im-namen-gottes-opfern\/#primaryimage","url":"https:\/\/blog.holyart.it\/de\/wp-content\/uploads\/sites\/12\/2022\/10\/Heilige-Martyrer.jpg","contentUrl":"https:\/\/blog.holyart.it\/de\/wp-content\/uploads\/sites\/12\/2022\/10\/Heilige-Martyrer.jpg","width":1000,"height":666,"caption":"Heilige Martyrer"},{"@type":"BreadcrumbList","@id":"https:\/\/blog.holyart.it\/de\/devotionalien\/heilige-maertyrer-das-eigene-leben-im-namen-gottes-opfern\/#breadcrumb","itemListElement":[{"@type":"ListItem","position":1,"name":"Homepage","item":"https:\/\/blog.holyart.it\/de\/"},{"@type":"ListItem","position":2,"name":"Religion","item":"https:\/\/blog.holyart.it\/de\/devotionalien\/"},{"@type":"ListItem","position":3,"name":"Heilige M\u00e4rtyrer: das eigene Leben im Namen Gottes opfern"}]},{"@type":"WebSite","@id":"https:\/\/blog.holyart.it\/de\/#website","url":"https:\/\/blog.holyart.it\/de\/","name":"Holyart.de Blog","description":"Holyblog","publisher":{"@id":"https:\/\/blog.holyart.it\/de\/#organization"},"potentialAction":[{"@type":"SearchAction","target":{"@type":"EntryPoint","urlTemplate":"https:\/\/blog.holyart.it\/de\/?s={search_term_string}"},"query-input":{"@type":"PropertyValueSpecification","valueRequired":true,"valueName":"search_term_string"}}],"inLanguage":"de"},{"@type":"Organization","@id":"https:\/\/blog.holyart.it\/de\/#organization","name":"Holyart.de Blog","url":"https:\/\/blog.holyart.it\/de\/","logo":{"@type":"ImageObject","inLanguage":"de","@id":"https:\/\/blog.holyart.it\/de\/#\/schema\/logo\/image\/","url":"https:\/\/blog.holyart.it\/de\/wp-content\/uploads\/sites\/12\/2022\/12\/Holyart_Blog_Logo.jpg","contentUrl":"https:\/\/blog.holyart.it\/de\/wp-content\/uploads\/sites\/12\/2022\/12\/Holyart_Blog_Logo.jpg","width":300,"height":50,"caption":"Holyart.de Blog"},"image":{"@id":"https:\/\/blog.holyart.it\/de\/#\/schema\/logo\/image\/"}},{"@type":"Person","@id":"https:\/\/blog.holyart.it\/de\/#\/schema\/person\/0a7b686e5af0f856ec1e390dd0baecda","name":"Redazione","image":{"@type":"ImageObject","inLanguage":"de","@id":"https:\/\/blog.holyart.it\/de\/#\/schema\/person\/image\/","url":"https:\/\/secure.gravatar.com\/avatar\/f477da817f43e50d0af36abecd33e3edf826c68299714bdc1057dff3b113f516?s=96&d=mm&r=g","contentUrl":"https:\/\/secure.gravatar.com\/avatar\/f477da817f43e50d0af36abecd33e3edf826c68299714bdc1057dff3b113f516?s=96&d=mm&r=g","caption":"Redazione"}}]}},"_links":{"self":[{"href":"https:\/\/blog.holyart.it\/de\/wp-json\/wp\/v2\/posts\/2093","targetHints":{"allow":["GET"]}}],"collection":[{"href":"https:\/\/blog.holyart.it\/de\/wp-json\/wp\/v2\/posts"}],"about":[{"href":"https:\/\/blog.holyart.it\/de\/wp-json\/wp\/v2\/types\/post"}],"author":[{"embeddable":true,"href":"https:\/\/blog.holyart.it\/de\/wp-json\/wp\/v2\/users\/1"}],"replies":[{"embeddable":true,"href":"https:\/\/blog.holyart.it\/de\/wp-json\/wp\/v2\/comments?post=2093"}],"version-history":[{"count":1,"href":"https:\/\/blog.holyart.it\/de\/wp-json\/wp\/v2\/posts\/2093\/revisions"}],"predecessor-version":[{"id":2598,"href":"https:\/\/blog.holyart.it\/de\/wp-json\/wp\/v2\/posts\/2093\/revisions\/2598"}],"wp:featuredmedia":[{"embeddable":true,"href":"https:\/\/blog.holyart.it\/de\/wp-json\/wp\/v2\/media\/2597"}],"wp:attachment":[{"href":"https:\/\/blog.holyart.it\/de\/wp-json\/wp\/v2\/media?parent=2093"}],"wp:term":[{"taxonomy":"category","embeddable":true,"href":"https:\/\/blog.holyart.it\/de\/wp-json\/wp\/v2\/categories?post=2093"},{"taxonomy":"post_tag","embeddable":true,"href":"https:\/\/blog.holyart.it\/de\/wp-json\/wp\/v2\/tags?post=2093"}],"curies":[{"name":"wp","href":"https:\/\/api.w.org\/{rel}","templated":true}]}}