{"id":2031,"date":"2022-10-04T12:30:08","date_gmt":"2022-10-04T10:30:08","guid":{"rendered":"https:\/\/blog.holyart.it\/de\/?p=2031"},"modified":"2023-10-03T14:42:50","modified_gmt":"2023-10-03T12:42:50","slug":"das-liturgische-jahr-wir-wollen-es-klaeren","status":"publish","type":"post","link":"https:\/\/blog.holyart.it\/de\/liturgische-gerate\/das-liturgische-jahr-wir-wollen-es-klaeren\/","title":{"rendered":"Das liturgische Jahr: Wir wollen es kl\u00e4ren"},"content":{"rendered":"<h4>Die liturgischen Jahreszeiten der katholischen Kirche sind die Jahreszeiten, in die das liturgische Jahr unterteilt ist. Lassen Sie sie uns gemeinsam entdecken.<\/h4>\n\n<p>Wir h\u00f6ren oft \u00fcber das <strong>liturgische Jahr<\/strong> und die <strong>liturgischen Jahreszeiten<\/strong> der katholischen Kirche. Aber sind wir sicher, dass wir wirklich wissen, was sie sind? Welche und wie viele liturgische Jahreszeiten gibt es im Einzelnen?\u00a0 Wie werden sie unterschieden? Wir von <em>Holyart<\/em> wollten die Unterteilung des Kirchenjahres in liturgische Jahreszeiten in diesem Artikel zusammenfassen, um denjenigen, die noch Zweifel haben, zu helfen, kurz und knapp zu verstehen, wie die liturgischen Jahreszeiten der katholischen Kirche organisiert sind.<\/p>\n<p>Warum halten wir es f\u00fcr wichtig, dies deutlich zu machen? Denn jede liturgische Jahreszeit bietet nicht nur unterschiedliche theologische Inhalte in den Zeremonien und der Liturgie, in den Farben, die in den Feiern verwendet werden, <a href=\"https:\/\/www.holyart.de\/devotionalien\/italienische-christliche-bucher\"><strong>in den Abschnitten der Heiligen Schrift, die w\u00e4hrend der Messe gelesen werden.<\/strong><\/a> Jede liturgische Zeit erfordert vom Gl\u00e4ubigen eine andere <strong>Geisteshaltung<\/strong>, eine <strong>Bereitschaft des Glaubens und des Herzens<\/strong>, die sich je nach den f\u00fcr diese Zeit vorgesehenen Festen, dem Moment im Leben Jesu oder den dort gefeierten Heiligen \u00e4ndert. Es gibt eine Zeit des Wartens und eine Zeit der Erf\u00fcllung, und diese Aussage ist wahrer denn je in den Zyklen und Kreisl\u00e4ufen des liturgischen Jahres, die seit Jahrhunderten wiederholt werden und alle Christen einbeziehen.<\/p>\n<p>In der Zwischenzeit k\u00f6nnen wir sagen, dass das liturgische Jahr <strong>das Leben Jesu<\/strong>, das sich \u00fcber ein ganzes Jahr erstreckt, feiert und erneuert. Das Herzst\u00fcck des liturgischen Jahres ist das <strong>\u00f6sterliche<\/strong> <strong>Triduum<\/strong>, in dem des Leidens, des Todes und der Auferstehung Jesu gedacht wird.<\/p>\n<p>Das Kirchenjahr <strong>beginnt mit dem Advent<\/strong> und <a href=\"https:\/\/www.holyart.de\/besondere-anlasse\/ostern-und-fastenzeit\/auferstandener-christus-und-priesterkonig\"><strong>endet mit dem Christk\u00f6nigsfest<\/strong>,<\/a> das am 34. Sonntag der gew\u00f6hnlichen Zeit, Ende November, gefeiert wird.<\/p>\n<p>Das liturgische Jahr wird in <strong>Wochen<\/strong> gemessen und besteht aus dem <strong>Temporal<\/strong>, das den Weihnachtszyklus mit Advent und Weihnachten, <strong><a href=\"https:\/\/www.holyart.de\/besondere-anlasse\/ostern-und-fastenzeit\">den Osterzyklus mit Fastenzeit und Ostern<\/a> <\/strong>sowie die 34 Sonntage der ordentlichen Zeit umfasst, und dem <strong>Sanctoral<\/strong>, das die Tage umfasst, die dem Gedenken an die Heiligen gewidmet sind.<\/p>\n<p>Das Kirchenjahr stellt f\u00fcr jeden Christen einen <strong>Heilsweg<\/strong> dar, auf dem jeder Gl\u00e4ubige eingeladen ist, sich die irdische und geistliche Erfahrung Jesu zu eigen zu machen, um sein Leben zu verwandeln und es nach seinem Vorbild w\u00fcrdiger und heiliger zu gestalten.<\/p>\n<p><img loading=\"lazy\" decoding=\"async\" class=\"size-full wp-image-2034 aligncenter\" src=\"https:\/\/blog.holyart.it\/de\/wp-content\/uploads\/sites\/12\/2022\/09\/liturgische-Farben-1.jpeg\" alt=\"\" width=\"1000\" height=\"105\" data-kale-share-title=\"Das liturgische Jahr: Wir wollen es kl\u00e4ren\" data-kale-share-url=\"https:\/\/blog.holyart.it\/de\/?p=2031\" \/><\/p>\n<p>&nbsp;<\/p>\n<h2>Liturgische Jahreszeiten der katholischen Kirche<\/h2>\n<p>Lassen Sie uns zun\u00e4chst definieren, was die liturgischen Jahreszeiten in der katholischen Kirche sind. Gleichzeitig werden wir versuchen, zusammenzufassen, welche Feste und biblischen Lesungen sie beinhalten. Der Klarheit halber werden wir vom <strong>R\u00f6mischen Ritus<\/strong> sprechen, der von der Kirche von Rom \u00fcberliefert wurde und der am weitesten verbreitete in der Christenheit ist. Im <strong>ambrosianischen Ritus<\/strong> werden alle liturgischen Zeiten vorweggenommen und die Feiern enden in der letzten Woche der Zeit nach Pfingsten.<\/p>\n<p>So ist das liturgische Jahr aufgeteilt:<\/p>\n<h2>Advent<\/h2>\n<p>Der Advent ist die <a href=\"https:\/\/www.holyart.de\/weihnachten\/advent\"><strong>Zeit der Erwartung<\/strong><\/a>: Einerseits feiern wir die bevorstehende Ankunft Jesu im Hinblick auf Weihnachten; andererseits feiern wir im weiteren Sinne die Hoffnung auf seine Wiederkunft am Ende der Zeiten (die so genannte <strong>Parusie<\/strong>, die Ankunft des verherrlichten Herrn Jesus mit Macht und Herrlichkeit).<\/p>\n<p>Diese liturgische Zeit dauert <strong>vier Wochen<\/strong>. Sie beginnt n\u00e4mlich vier Wochen vor Weihnachten, etwa zwischen dem 27. November und dem 3. Dezember. Im <strong>Ambrosianischen Ritus<\/strong> sind es stattdessen sechs Wochen.<\/p>\n<p>Die Adventszeit beginnt mit der <em>Vesper<\/em> des ersten Sonntags und endet mit der <em>Weihnachtsvesper<\/em> am 24. Dezember und dem Beginn der liturgischen Saison von Weihnachten.<\/p>\n<p><strong><a href=\"https:\/\/www.holyart.de\/blog\/weihnachten\/die-zeit-des-advents\/\">Der Advent ist eine Zeit der Freude und der Hoffnung<\/a>,<\/strong> eine Zeit der Erwartung des Erl\u00f6sers.<\/p>\n<p>Im r\u00f6mischen Ritus wird <strong>Purpur<\/strong> als <strong>liturgische Farbe<\/strong> verwendet, im ambrosianischen Ritus <strong>Morello<\/strong>, ein Farbton von Purpur.<\/p>\n<div class=\"link-article\">\n<p><img loading=\"lazy\" decoding=\"async\" class=\"alignnone size-full wp-image-2035\" src=\"https:\/\/blog.holyart.it\/de\/wp-content\/uploads\/sites\/12\/2022\/09\/Die-Zeit-des-Advents.jpg\" alt=\"Die Zeit des Advents\" width=\"150\" height=\"100\" data-kale-share-title=\"Das liturgische Jahr: Wir wollen es kl\u00e4ren\" data-kale-share-url=\"https:\/\/blog.holyart.it\/de\/?p=2031\" \/><\/p>\n<div class=\"leggi-anche\">Lesen Sie auch:<\/div>\n<p><strong><a href=\"https:\/\/www.holyart.de\/blog\/weihnachten\/die-zeit-des-advents\/\">Die Zeit des Advents<\/a><\/strong><br \/>\nDer Advent ist f\u00fcr Katholiken auf der ganzen Welt eine der wichtigsten Zeiten des Jahres. Es ist die Zeit, in der wir uns auf das Kommen Christi&#8230;<\/p>\n<\/div>\n<h2>Weihnachten<\/h2>\n<p>Die liturgische Zeit des <a href=\"https:\/\/www.holyart.de\/weihnachten\"><strong>Weihnachtsfestes<\/strong><\/a> beginnt am Abend des 24. Dezember mit der Vesper und endet am Sonntag nach Epiphanias. Sie dauert daher zwischen <strong>vierzehn und zwanzig Tagen<\/strong>. Wie und mehr noch als der Advent ist Weihnachten eine Zeit der <strong>gro\u00dfen Freude<\/strong>, denn es feiert die erste Ankunft Jesu, der aus Liebe zu uns allen Mensch wurde.<\/p>\n<div class=\"link-product\">\n<div class=\"blocco-immagine\"><img loading=\"lazy\" decoding=\"async\" class=\"alignnone size-full wp-image-2036\" src=\"https:\/\/blog.holyart.it\/de\/wp-content\/uploads\/sites\/12\/2022\/09\/Weihnachten.jpg\" alt=\"Weihnachten\" width=\"100\" height=\"100\" data-kale-share-title=\"Das liturgische Jahr: Wir wollen es kl\u00e4ren\" data-kale-share-url=\"https:\/\/blog.holyart.it\/de\/?p=2031\" \/><\/div>\n<div class=\"blocco-contenuto\">\n<div class=\"blocco-acquista\">Einkaufen:<\/div>\n<div class=\"blocco-titolo\"><a href=\"https:\/\/www.holyart.de\/weihnachten\">Weihnachten<\/a><\/div>\n<div class=\"blocco-descrizione\">Weihnachten: Komplettkrippen, Heilige Familie<\/div>\n<\/div>\n<\/div>\n<h2>Ordentliche Zeit 1<\/h2>\n<p>Die Zeit nach Epiphanias f\u00e4llt in die so genannte <strong>ordentliche Zeit<\/strong>, d. h. in jene Abschnitte des Kirchenjahres, in denen keine Feste von besonderer Bedeutung gefeiert werden. Im R\u00f6mischen Ritus dauert sie <strong>dreiunddrei\u00dfig Wochen<\/strong>, unterteilt in zwei verschiedene Perioden der ordentlichen Zeit:<\/p>\n<ul>\n<li>vom Montag nach dem Sonntag der Taufe Jesu, d. h. dem Sonntag nach Epiphanias, bis zum Beginn der Fastenzeit (Aschermittwoch);<\/li>\n<li>-nach Pfingsten und bis zur folgenden Adventszeit.<\/li>\n<\/ul>\n<p>Die <strong>liturgische Farbe<\/strong> der ordentlichen Zeit ist <strong>gr\u00fcn<\/strong>, sowohl im r\u00f6mischen als auch im ambrosianischen Ritus.<\/p>\n<p>W\u00e4hrend der gew\u00f6hnlichen Zeit konzentrieren sich die Kirche und die Gl\u00e4ubigen auf die <a href=\"https:\/\/www.holyart.de\/devotionalien\/italienische-christliche-bucher\"><strong>Lekt\u00fcre und das Verst\u00e4ndnis der Evangelien<\/strong>,<\/a> entsprechend dem vom Lektionar festgelegten dreij\u00e4hrigen Lesezyklus. Der Lesezyklus wird durch die Lesungen A &#8211; B &#8211; C gekennzeichnet:<\/p>\n<ul>\n<li>Jahr A: die meisten Texte des Evangeliums aus dem MATTH\u00c4US-Evangelium.<\/li>\n<li>-Jahr B: die meisten Texte des Evangeliums aus dem MARCUS-Evangelium.<\/li>\n<li>Jahr C: die meisten Texte des Evangeliums aus dem LUCA-Evangelium.<\/li>\n<\/ul>\n<p>Das JOHANNES-Evangelium wird immer zu Ostern gelesen und wird auch in anderen liturgischen Zeiten wie Advent, Weihnachten und Fastenzeit verwendet.<\/p>\n<h2>Fastenzeit<\/h2>\n<p>Die <a href=\"https:\/\/www.holyart.de\/blog\/devotionalien\/die-ratschlage-von-papst-franziskus-fur-die-fastenzeit\/\"><strong>Fastenzeit<\/strong><\/a> dauert <strong>vierzig Tage<\/strong> und geht der Feier des Osterfestes voraus.<br \/>\nSie beginnt am <a href=\"https:\/\/www.holyart.de\/verbrauchsprodukte\/altar-und-osterkerzen-dauerkerzen\"><strong>Aschermittwoch<\/strong><\/a> und endet am <strong>Gr\u00fcndonnerstag<\/strong>.<\/p>\n<p>Im <strong>ambrosianischen Ritus<\/strong> beginnt er stattdessen am Sonntag nach Fastnacht und endet am Gr\u00fcndonnerstag.<br \/>\nEs gibt also <strong>f\u00fcnf Sonntage in der Fastenzeit<\/strong>: Der sechste beginnt die <strong>Karwoche<\/strong> und wird <strong>Palmsonntag<\/strong> und Passion des Herrn genannt.<br \/>\nDiese liturgische Zeit erinnert an die vierzig Tage, die Jesus in der W\u00fcste verbracht hat.<\/p>\n<p>Es ist also eine Zeit der <strong>Bu\u00dfe, des Gebets und der Vorbereitung<\/strong> <strong>auf Ostern<\/strong>, in der man die S\u00fcnde bek\u00e4mpft, um Jesus und seinem Opfer w\u00fcrdig zu werden.<br \/>\nDie <a href=\"https:\/\/www.holyart.de\/blog\/devotionalien\/der-ursprung-von-ostern\/\"><strong>Karwoche<\/strong><\/a> ist <strong>die Woche vor Ostern<\/strong> und die wichtigste Woche des Jahres. Darin folgen wir Jesus von seinem <strong>Einzug in Jerusalem<\/strong> (Palmsonntag) bis zu seiner Verhaftung, seiner Passion, seinem Tod und seinem Begr\u00e4bnis.<\/p>\n<p>Der <strong>Gr\u00fcndonnerstag<\/strong> erinnert an das <a href=\"https:\/\/www.holyart.de\/blog\/devotionalien\/5-heilige-gemaelde-und-bilder-die-sie-in-ihrem-haus-haben-sollten\/\"><strong>letzte Abendmahl<\/strong><\/a> und er\u00f6ffnet das <strong>feierliche \u00f6sterliche Triduum<\/strong>, die zentrale Zeit des liturgischen Jahres, denn an diesen drei Tagen hat Jesus die <strong>Eucharistie<\/strong> und das <strong>Amtspriestertum<\/strong> eingesetzt und das <strong>Gebot der N\u00e4chstenliebe<\/strong> verk\u00fcndet.<\/p>\n<p>Au\u00dferdem wird am <strong>Karfreitag<\/strong> seines Todes am Kreuz gedacht.<\/p>\n<p>Am <strong>Karsamstag<\/strong> werden alle liturgischen Feiern ausgesetzt, um des Abstiegs Jesu in die H\u00f6lle zu gedenken und sich auf die <strong>Osternacht<\/strong> (die Nacht zwischen Samstag und Sonntag) vorzubereiten.<\/p>\n<p>Die <strong>liturgische Farbe<\/strong> der Fastenzeit ist <strong>Purpur<\/strong>, im ambrosianischen Ritus <strong>Morello<\/strong>.<\/p>\n<p>Der <strong>ambrosianische Ritus<\/strong> beginnt die Fastenzeit mit der ersten Vesper am Sonntag nach dem r\u00f6mischen Aschermittwoch und endet am Abend des Gr\u00fcndonnerstags, also insgesamt vierzig Tage lang.<\/p>\n<p>Um zusammenzufassen:<\/p>\n<ul>\n<li><strong>Palmsonntag<\/strong>: zum Gedenken an den feierlichen Einzug Jesu in Jerusalem<\/li>\n<li><strong>\u00d6sterlicher Triduum<\/strong>: es geh\u00f6ren:\n<ul>\n<li><strong>Gr\u00fcndonnerstag<\/strong> (Letztes Abendmahl). <a href=\"https:\/\/www.holyart.de\/kirchenbedarf\/kirchenausstattung\/tabernakel\"><strong>Nach der Messe wird die Eucharistie in den mit Blumen und Lichtern geschm\u00fcckten Tabernakel<\/strong><\/a> eingeschlossen, um von den Gl\u00e4ubigen in Erinnerung an die Nacht, die Jesus im \u00d6lgarten verbrachte, angebetet zu werden. Es erinnert an das letzte Abendmahl. Die Bisch\u00f6fe und alle Priester bitten den Heiligen Geist, die \u00d6le zu segnen, die f\u00fcr die Sakramente verwendet werden, und die Versprechen ihrer Weihe zu erneuern<\/li>\n<li><strong>Karfreitag<\/strong> (Passion des Herrn). Es werden Abschnitte aus dem Evangelium \u00fcber die Passion Jesu gelesen, dann wird gemeinsam f\u00fcr alle N\u00f6te der Welt gebetet und Gottes Barmherzigkeit erfleht. Es folgt die Prozession zur Anbetung des Kreuzes, das die Welt gerettet hat, und die Kommunion mit dem in der Gr\u00fcndonnerstagsmesse geweihten Brot;<\/li>\n<li><strong>Karsamstag-Osternacht<\/strong>: Vorspiel zur Osternacht. Sie beginnt mit der <em>Liturgie des Lichts,<\/em> die au\u00dferhalb der Kirche stattfindet, wo die Osterkerze entz\u00fcndet wird und die Gl\u00e4ubigen in die verdunkelte Kirche eintreten. Es folgt der <em>Wortgottesdienst<\/em> mit Lesungen zum Pessachfest (Flucht der Juden aus \u00c4gypten). Die Glocken, die seit Gr\u00fcndonnerstag geschwiegen haben, werden gel\u00e4utet. Es folgen die <em>Taufliturgie<\/em>, bei der das Taufwasser gesegnet wird, und die <em>Eucharistische Liturgie<\/em>, die an den Tod und die Auferstehung Jesu erinnert.<\/li>\n<\/ul>\n<\/li>\n<\/ul>\n<h2>Osterzeit<\/h2>\n<p>Die <strong>Osternacht<\/strong> markiert das Ende der Fastenzeit und den Beginn des eigentlichen <strong>Osterfestes<\/strong>, an dem der Triumph Jesu Christi \u00fcber den Tod gefeiert wird.<\/p>\n<p>Ostern ist ein Zeitraum von <strong>f\u00fcnfzig Tagen<\/strong> und dauert <strong>bis Pfingsten<\/strong>.<\/p>\n<p>W\u00e4hrend dieser Zeit wird die <strong>Freude \u00fcber die Auferstehung<\/strong> mit einer Reihe von Zeremonien und liturgischen Festen an jedem Sonntag der Osterzeit gefeiert.<br \/>\n<strong>Vierzig Tage<\/strong> nach Ostern feiern wir die <a href=\"https:\/\/www.holyart.de\/devotionalien\/basreliefs\/basreliefs-aus-silber-und-versilberte-flachreliefe\/flachrelief-aus-bilaminat-von-jesus-christus-himmelfahrt-10-x-7-cm\"><strong>Himmelfahrt Jesu,<\/strong><\/a> die zusammen mit Ostern und Pfingsten eines der wichtigsten Feste im kirchlichen Kalender ist. Es ist der Moment, in dem Jesus, nachdem er gestorben und begraben worden war, in den Himmel aufstieg.<\/p>\n<p><strong>F\u00fcnfzig Tage<\/strong> nach Ostern hingegen wird <strong>Pfingsten<\/strong> gefeiert, die Herabkunft des Heiligen Geistes auf die Apostel, mit der ihre evangelische Mission und die Entstehung der Kirche begann.<br \/>\nDie <strong>liturgische Farbe<\/strong> ist <strong>wei\u00df<\/strong>, zu Pfingsten <strong>rot<\/strong>.<\/p>\n<h2>Ordentliche Zeit 2<\/h2>\n<p>Wie bereits erw\u00e4hnt, beginnt die <strong>zweite Periode der ordentlichen Zeit<\/strong> nach Pfingsten. Es sind Zeiten des Zuh\u00f6rens und der Betrachtung des Wortes des Herrn. Die Themen \u00e4ndern sich, wenn wir uns dem Advent n\u00e4hern.<br \/>\nDie <strong>liturgische Farbe<\/strong> ist nach wie vor <strong>gr\u00fcn<\/strong>.<\/p>\n<p>Der <strong>Ambrosianische Ritus<\/strong> unterteilt die gew\u00f6hnliche Zeit nach Pfingsten in drei verschiedene Abschnitte:<\/p>\n<ul>\n<li>Wochen nach Pfingsten (liturgische Farbe Rot);<\/li>\n<li>Wochen nach dem Martyrium (liturgische Farbe Rot);<\/li>\n<li>Wochen nach der Einweihung (liturgische Farbe Gr\u00fcn).<\/li>\n<\/ul>\n<div class=\"link-article\">\n<p><img loading=\"lazy\" decoding=\"async\" class=\"alignnone size-full wp-image-2037\" src=\"https:\/\/blog.holyart.it\/de\/wp-content\/uploads\/sites\/12\/2022\/09\/Ambrosianischer-Ritus.jpg\" alt=\"Ambrosianischer Ritus\" width=\"150\" height=\"99\" data-kale-share-title=\"Das liturgische Jahr: Wir wollen es kl\u00e4ren\" data-kale-share-url=\"https:\/\/blog.holyart.it\/de\/?p=2031\" \/><\/p>\n<div class=\"leggi-anche\">Lesen Sie auch:<\/div>\n<p><strong><a href=\"https:\/\/www.holyart.de\/blog\/devotionalien\/ambrosianischer-ritus-und-roemischer-ritus-die-unterschiede\/\">Ambrosianischer Ritus und r\u00f6mischer Ritus: die Unterschiede<\/a><\/strong><br \/>\nAmbrosianischer und r\u00f6mischer Ritus. Wie unterscheiden sie sich? Wie ist es m\u00f6glich, dass es innerhalb der katholischen Kirche&#8230;<\/p>\n<\/div>\n<h2>Farben der katholischen liturgischen Gew\u00e4nder<\/h2>\n<p>Was die verschiedenen liturgischen Jahreszeiten betrifft, so haben wir bereits die Farben der Gew\u00e4nder f\u00fcr die verschiedenen Feste aufgef\u00fchrt. <u>Jede dieser Farben hat eine bestimmte Bedeutung<\/u> und wurde 1969 durch den Willen von Paul VI. im R\u00f6mischen Ritus kodifiziert. Die wichtigsten sind vier:<\/p>\n<ul>\n<li><strong>wei\u00df <\/strong>(Ostern)<\/li>\n<li><strong>gr\u00fcn <\/strong>(ordentliche Zeit)<\/li>\n<li><strong>rot <\/strong>(Palmsonntag, Karfreitag, Pfingsten)<\/li>\n<li><strong>purpur <\/strong>(Advent, Fastenzeit, Messen f\u00fcr die Toten)<\/li>\n<\/ul>\n<div class=\"link-article\">\n<p><img loading=\"lazy\" decoding=\"async\" class=\"alignnone size-full wp-image-2038\" src=\"https:\/\/blog.holyart.it\/de\/wp-content\/uploads\/sites\/12\/2022\/09\/Die-Farben-der-katholischen-Liturgie-und-deren-Bedeutung.jpg\" alt=\"Die Farben der katholischen Liturgie und deren Bedeutung\" width=\"150\" height=\"100\" data-kale-share-title=\"Das liturgische Jahr: Wir wollen es kl\u00e4ren\" data-kale-share-url=\"https:\/\/blog.holyart.it\/de\/?p=2031\" \/><\/p>\n<div class=\"leggi-anche\">Lesen Sie auch:<\/div>\n<p><strong><a href=\"https:\/\/www.holyart.de\/blog\/liturgische-gerate\/die-farben-der-katholischen-liturgie-und-deren-bedeutung\/\">Die Farben der katholischen Liturgie und deren Bedeutung<\/a><\/strong><br \/>\nDie liturgischen Paramente der Priester w\u00e4hrend der religi\u00f6sen Feste und die zahlreichen von ihnen benutzten geistlichen&#8230;<\/p>\n<\/div>\n<p>Es gibt aber auch andere Farben, die in den <a href=\"https:\/\/www.holyart.de\/kirchenbedarf\/kirchenbedarf\"><strong>liturgischen Gew\u00e4ndern<\/strong><\/a> nur zu bestimmten besonderen Anl\u00e4ssen oder als Alternative zu den kanonischen Farben verwendet werden:<\/p>\n<ul>\n<li><strong>rosa <\/strong>(3. Adventssonntag und 4. Sonntag der Fastenzeit);<\/li>\n<li><strong>hellblau <\/strong>(Feste zu Ehren der Heiligen Jungfrau Maria);<\/li>\n<li><strong>gold <\/strong>(Feierlichkeiten von besonderer Bedeutung);<\/li>\n<li><strong>schwarz <\/strong>(Messen f\u00fcr die Verstorbenen)<\/li>\n<\/ul>\n<div class=\"link-product\">\n<div class=\"blocco-immagine\"><img loading=\"lazy\" decoding=\"async\" class=\"alignnone size-full wp-image-2039\" src=\"https:\/\/blog.holyart.it\/de\/wp-content\/uploads\/sites\/12\/2022\/09\/liturgischen-Paramente.jpg\" alt=\"liturgischen Paramente\" width=\"100\" height=\"100\" data-kale-share-title=\"Das liturgische Jahr: Wir wollen es kl\u00e4ren\" data-kale-share-url=\"https:\/\/blog.holyart.it\/de\/?p=2031\" \/><\/div>\n<div class=\"blocco-contenuto\">\n<div class=\"blocco-acquista\">Einkaufen:<\/div>\n<div class=\"blocco-titolo\"><a href=\"https:\/\/www.holyart.de\/kirchenbedarf\/kirchenbedarf\">Kirchenbedarf<\/a><\/div>\n<div class=\"blocco-descrizione\">Die Produktkategorie Kirchenbedarf<\/div>\n<\/div>\n<\/div>\n<h2>Liturgisches Jahr f\u00fcr Kinder erkl\u00e4rt<\/h2>\n<p><strong>Kindern und Jugendlichen zu zeigen<\/strong>, wie das Kirchenjahr organisiert ist, kann eine wertvolle Hilfe sein, um sie mit den wichtigsten Festen, Jahreszeiten und liturgischen Farben vertraut zu machen. Gerade die <strong>Farben<\/strong> k\u00f6nnten besonders den J\u00fcngsten helfen, die verschiedenen liturgischen Jahreszeiten zu verstehen.<\/p>\n<p><strong>Purpur<\/strong> ist die Farbe, mit der das Warten auf die Geburt Jesu (<strong>Advent<\/strong>) und die Vorbereitung auf Ostern (Fastenzeit) gefeiert werden. In beiden Perioden m\u00fcssen wir <strong>das Gebet intensivieren und mehr Gutes tun.<\/strong><\/p>\n<p><strong>Wei\u00df<\/strong> ist die Farbe von <strong>Weihnachten<\/strong>, als Jesus als Kind auf die Welt kam und zu unserer Erl\u00f6sung Mensch wurde. Es ist auch die Farbe von <strong>Ostern<\/strong>, als Jesus f\u00fcr uns alle starb und wieder auferstand.<\/p>\n<p><strong>Rot<\/strong> ist die Farbe des Heiligen Geistes, mit der <a href=\"https:\/\/www.holyart.de\/blog\/devotionalien\/pfingsten-der-tag-dem-wir-den-heiligen-geist-und-die-geburt-der-kirche-feiern\/\"><strong>Pfingsten<\/strong><\/a> gefeiert wird, aber auch die Farbe des <strong>Blutes der Passion<\/strong>, weshalb die Priester sie f\u00fcr die Feste der M\u00e4rtyrer, <a href=\"https:\/\/www.holyart.de\/devotionalien\/statuen\"><strong>Palmsonntag und Karfreitag verwenden.<\/strong><\/a><\/p>\n<div class=\"link-product\">\n<div class=\"blocco-immagine\"><img loading=\"lazy\" decoding=\"async\" class=\"alignnone size-full wp-image-2040\" src=\"https:\/\/blog.holyart.it\/de\/wp-content\/uploads\/sites\/12\/2022\/09\/heilige-agnes-mit-lamm.jpg\" alt=\"heilige agnes mit lamm\" width=\"100\" height=\"100\" data-kale-share-title=\"Das liturgische Jahr: Wir wollen es kl\u00e4ren\" data-kale-share-url=\"https:\/\/blog.holyart.it\/de\/?p=2031\" \/><\/div>\n<div class=\"blocco-contenuto\">\n<div class=\"blocco-acquista\">Einkaufen:<\/div>\n<div class=\"blocco-titolo\"><a href=\"https:\/\/www.holyart.de\/devotionalien\/statuen\/statuen-aus-bemalten-holz\/heilige-agnes-mit-lamm-aus-bemalten-grodnertal-holz?gclid=EAIaIQobChMIqpmF_qW-6wIVAbp3Ch1how_eEAYYAiABEgJ98vD_BwE\">Heilige Agnes mit Lamm<\/a><\/div>\n<div class=\"blocco-descrizione\">Heilige Agnes mit Lamm aus bemalten Gr\u00f6dnertal Holz.<\/div>\n<\/div>\n<\/div>\n<p>Schlie\u00dflich weist <strong>Gr\u00fcn<\/strong> auf die <strong>ordentliche Zeit<\/strong> hin, in der man m<strong>editieren, beten und die Lehren Jesu leben <\/strong>soll. Es ist in zwei Perioden unterteilt: vom Ende der Weihnachtszeit bis zum Beginn der Fastenzeit und vom Ende der Osterzeit bis zum Ende des Kirchenjahres.<\/p>\n","protected":false},"excerpt":{"rendered":"<p>Die liturgischen Jahreszeiten der katholischen Kirche sind die Jahreszeiten, in die das liturgische Jahr unterteilt ist. Lassen Sie sie uns gemeinsam entdecken. Wir h\u00f6ren oft \u00fcber das liturgische Jahr und die liturgischen Jahreszeiten der katholischen Kirche. Aber sind wir sicher, dass wir wirklich wissen, was&hellip;<\/p>\n","protected":false},"author":1,"featured_media":2032,"comment_status":"closed","ping_status":"open","sticky":false,"template":"","format":"standard","meta":{"_acf_changed":false,"footnotes":""},"categories":[5],"tags":[],"class_list":["post-2031","post","type-post","status-publish","format-standard","has-post-thumbnail","hentry","category-liturgische-gerate"],"acf":[],"yoast_head":"<!-- This site is optimized with the Yoast SEO plugin v26.6 - https:\/\/yoast.com\/wordpress\/plugins\/seo\/ -->\n<title>Das liturgische Jahr: Wir wollen es kl\u00e4ren - Holyart.de Blog<\/title>\n<meta name=\"description\" content=\"Die liturgischen Jahreszeiten der katholischen Kirche sind die Jahreszeiten, in die das liturgische Jahr unterteilt ist. Lassen Sie sie uns gemeinsam...\" \/>\n<meta name=\"robots\" content=\"index, follow, max-snippet:-1, max-image-preview:large, max-video-preview:-1\" \/>\n<link rel=\"canonical\" href=\"https:\/\/blog.holyart.it\/de\/liturgische-gerate\/das-liturgische-jahr-wir-wollen-es-klaeren\/\" \/>\n<meta property=\"og:locale\" content=\"de_DE\" \/>\n<meta property=\"og:type\" content=\"article\" \/>\n<meta property=\"og:title\" content=\"Das liturgische Jahr: Wir wollen es kl\u00e4ren - Holyart.de Blog\" \/>\n<meta property=\"og:description\" content=\"Die liturgischen Jahreszeiten der katholischen Kirche sind die Jahreszeiten, in die das liturgische Jahr unterteilt ist. Lassen Sie sie uns gemeinsam...\" \/>\n<meta property=\"og:url\" content=\"https:\/\/blog.holyart.it\/de\/liturgische-gerate\/das-liturgische-jahr-wir-wollen-es-klaeren\/\" \/>\n<meta property=\"og:site_name\" content=\"Holyart.de Blog\" \/>\n<meta property=\"article:published_time\" content=\"2022-10-04T10:30:08+00:00\" \/>\n<meta property=\"article:modified_time\" content=\"2023-10-03T12:42:50+00:00\" \/>\n<meta property=\"og:image\" content=\"https:\/\/blog.holyart.it\/de\/wp-content\/uploads\/sites\/12\/2022\/09\/Das-liturgische-Jahr.jpg\" \/>\n\t<meta property=\"og:image:width\" content=\"1000\" \/>\n\t<meta property=\"og:image:height\" content=\"666\" \/>\n\t<meta property=\"og:image:type\" content=\"image\/jpeg\" \/>\n<meta name=\"author\" content=\"Redazione\" \/>\n<meta name=\"twitter:card\" content=\"summary_large_image\" \/>\n<meta name=\"twitter:label1\" content=\"Verfasst von\" \/>\n\t<meta name=\"twitter:data1\" content=\"Redazione\" \/>\n\t<meta name=\"twitter:label2\" content=\"Gesch\u00e4tzte Lesezeit\" \/>\n\t<meta name=\"twitter:data2\" content=\"13\u00a0Minuten\" \/>\n<script type=\"application\/ld+json\" class=\"yoast-schema-graph\">{\"@context\":\"https:\/\/schema.org\",\"@graph\":[{\"@type\":\"Article\",\"@id\":\"https:\/\/blog.holyart.it\/de\/liturgische-gerate\/das-liturgische-jahr-wir-wollen-es-klaeren\/#article\",\"isPartOf\":{\"@id\":\"https:\/\/blog.holyart.it\/de\/liturgische-gerate\/das-liturgische-jahr-wir-wollen-es-klaeren\/\"},\"author\":{\"name\":\"Redazione\",\"@id\":\"https:\/\/blog.holyart.it\/de\/#\/schema\/person\/0a7b686e5af0f856ec1e390dd0baecda\"},\"headline\":\"Das liturgische Jahr: Wir wollen es kl\u00e4ren\",\"datePublished\":\"2022-10-04T10:30:08+00:00\",\"dateModified\":\"2023-10-03T12:42:50+00:00\",\"mainEntityOfPage\":{\"@id\":\"https:\/\/blog.holyart.it\/de\/liturgische-gerate\/das-liturgische-jahr-wir-wollen-es-klaeren\/\"},\"wordCount\":2012,\"publisher\":{\"@id\":\"https:\/\/blog.holyart.it\/de\/#organization\"},\"image\":{\"@id\":\"https:\/\/blog.holyart.it\/de\/liturgische-gerate\/das-liturgische-jahr-wir-wollen-es-klaeren\/#primaryimage\"},\"thumbnailUrl\":\"https:\/\/blog.holyart.it\/de\/wp-content\/uploads\/sites\/12\/2022\/09\/Das-liturgische-Jahr.jpg\",\"articleSection\":[\"Liturgie\"],\"inLanguage\":\"de\"},{\"@type\":\"WebPage\",\"@id\":\"https:\/\/blog.holyart.it\/de\/liturgische-gerate\/das-liturgische-jahr-wir-wollen-es-klaeren\/\",\"url\":\"https:\/\/blog.holyart.it\/de\/liturgische-gerate\/das-liturgische-jahr-wir-wollen-es-klaeren\/\",\"name\":\"Das liturgische Jahr: Wir wollen es kl\u00e4ren - Holyart.de Blog\",\"isPartOf\":{\"@id\":\"https:\/\/blog.holyart.it\/de\/#website\"},\"primaryImageOfPage\":{\"@id\":\"https:\/\/blog.holyart.it\/de\/liturgische-gerate\/das-liturgische-jahr-wir-wollen-es-klaeren\/#primaryimage\"},\"image\":{\"@id\":\"https:\/\/blog.holyart.it\/de\/liturgische-gerate\/das-liturgische-jahr-wir-wollen-es-klaeren\/#primaryimage\"},\"thumbnailUrl\":\"https:\/\/blog.holyart.it\/de\/wp-content\/uploads\/sites\/12\/2022\/09\/Das-liturgische-Jahr.jpg\",\"datePublished\":\"2022-10-04T10:30:08+00:00\",\"dateModified\":\"2023-10-03T12:42:50+00:00\",\"description\":\"Die liturgischen Jahreszeiten der katholischen Kirche sind die Jahreszeiten, in die das liturgische Jahr unterteilt ist. Lassen Sie sie uns gemeinsam...\",\"breadcrumb\":{\"@id\":\"https:\/\/blog.holyart.it\/de\/liturgische-gerate\/das-liturgische-jahr-wir-wollen-es-klaeren\/#breadcrumb\"},\"inLanguage\":\"de\",\"potentialAction\":[{\"@type\":\"ReadAction\",\"target\":[\"https:\/\/blog.holyart.it\/de\/liturgische-gerate\/das-liturgische-jahr-wir-wollen-es-klaeren\/\"]}]},{\"@type\":\"ImageObject\",\"inLanguage\":\"de\",\"@id\":\"https:\/\/blog.holyart.it\/de\/liturgische-gerate\/das-liturgische-jahr-wir-wollen-es-klaeren\/#primaryimage\",\"url\":\"https:\/\/blog.holyart.it\/de\/wp-content\/uploads\/sites\/12\/2022\/09\/Das-liturgische-Jahr.jpg\",\"contentUrl\":\"https:\/\/blog.holyart.it\/de\/wp-content\/uploads\/sites\/12\/2022\/09\/Das-liturgische-Jahr.jpg\",\"width\":1000,\"height\":666,\"caption\":\"Das liturgische Jahr\"},{\"@type\":\"BreadcrumbList\",\"@id\":\"https:\/\/blog.holyart.it\/de\/liturgische-gerate\/das-liturgische-jahr-wir-wollen-es-klaeren\/#breadcrumb\",\"itemListElement\":[{\"@type\":\"ListItem\",\"position\":1,\"name\":\"Homepage\",\"item\":\"https:\/\/blog.holyart.it\/de\/\"},{\"@type\":\"ListItem\",\"position\":2,\"name\":\"Liturgie\",\"item\":\"https:\/\/blog.holyart.it\/de\/liturgische-gerate\/\"},{\"@type\":\"ListItem\",\"position\":3,\"name\":\"Das liturgische Jahr: Wir wollen es kl\u00e4ren\"}]},{\"@type\":\"WebSite\",\"@id\":\"https:\/\/blog.holyart.it\/de\/#website\",\"url\":\"https:\/\/blog.holyart.it\/de\/\",\"name\":\"Holyart.de Blog\",\"description\":\"Holyblog\",\"publisher\":{\"@id\":\"https:\/\/blog.holyart.it\/de\/#organization\"},\"potentialAction\":[{\"@type\":\"SearchAction\",\"target\":{\"@type\":\"EntryPoint\",\"urlTemplate\":\"https:\/\/blog.holyart.it\/de\/?s={search_term_string}\"},\"query-input\":{\"@type\":\"PropertyValueSpecification\",\"valueRequired\":true,\"valueName\":\"search_term_string\"}}],\"inLanguage\":\"de\"},{\"@type\":\"Organization\",\"@id\":\"https:\/\/blog.holyart.it\/de\/#organization\",\"name\":\"Holyart.de Blog\",\"url\":\"https:\/\/blog.holyart.it\/de\/\",\"logo\":{\"@type\":\"ImageObject\",\"inLanguage\":\"de\",\"@id\":\"https:\/\/blog.holyart.it\/de\/#\/schema\/logo\/image\/\",\"url\":\"https:\/\/blog.holyart.it\/de\/wp-content\/uploads\/sites\/12\/2022\/12\/Holyart_Blog_Logo.jpg\",\"contentUrl\":\"https:\/\/blog.holyart.it\/de\/wp-content\/uploads\/sites\/12\/2022\/12\/Holyart_Blog_Logo.jpg\",\"width\":300,\"height\":50,\"caption\":\"Holyart.de Blog\"},\"image\":{\"@id\":\"https:\/\/blog.holyart.it\/de\/#\/schema\/logo\/image\/\"}},{\"@type\":\"Person\",\"@id\":\"https:\/\/blog.holyart.it\/de\/#\/schema\/person\/0a7b686e5af0f856ec1e390dd0baecda\",\"name\":\"Redazione\",\"image\":{\"@type\":\"ImageObject\",\"inLanguage\":\"de\",\"@id\":\"https:\/\/blog.holyart.it\/de\/#\/schema\/person\/image\/\",\"url\":\"https:\/\/secure.gravatar.com\/avatar\/f477da817f43e50d0af36abecd33e3edf826c68299714bdc1057dff3b113f516?s=96&d=mm&r=g\",\"contentUrl\":\"https:\/\/secure.gravatar.com\/avatar\/f477da817f43e50d0af36abecd33e3edf826c68299714bdc1057dff3b113f516?s=96&d=mm&r=g\",\"caption\":\"Redazione\"}}]}<\/script>\n<!-- \/ Yoast SEO plugin. -->","yoast_head_json":{"title":"Das liturgische Jahr: Wir wollen es kl\u00e4ren - Holyart.de Blog","description":"Die liturgischen Jahreszeiten der katholischen Kirche sind die Jahreszeiten, in die das liturgische Jahr unterteilt ist. Lassen Sie sie uns gemeinsam...","robots":{"index":"index","follow":"follow","max-snippet":"max-snippet:-1","max-image-preview":"max-image-preview:large","max-video-preview":"max-video-preview:-1"},"canonical":"https:\/\/blog.holyart.it\/de\/liturgische-gerate\/das-liturgische-jahr-wir-wollen-es-klaeren\/","og_locale":"de_DE","og_type":"article","og_title":"Das liturgische Jahr: Wir wollen es kl\u00e4ren - Holyart.de Blog","og_description":"Die liturgischen Jahreszeiten der katholischen Kirche sind die Jahreszeiten, in die das liturgische Jahr unterteilt ist. Lassen Sie sie uns gemeinsam...","og_url":"https:\/\/blog.holyart.it\/de\/liturgische-gerate\/das-liturgische-jahr-wir-wollen-es-klaeren\/","og_site_name":"Holyart.de Blog","article_published_time":"2022-10-04T10:30:08+00:00","article_modified_time":"2023-10-03T12:42:50+00:00","og_image":[{"width":1000,"height":666,"url":"https:\/\/blog.holyart.it\/de\/wp-content\/uploads\/sites\/12\/2022\/09\/Das-liturgische-Jahr.jpg","type":"image\/jpeg"}],"author":"Redazione","twitter_card":"summary_large_image","twitter_misc":{"Verfasst von":"Redazione","Gesch\u00e4tzte Lesezeit":"13\u00a0Minuten"},"schema":{"@context":"https:\/\/schema.org","@graph":[{"@type":"Article","@id":"https:\/\/blog.holyart.it\/de\/liturgische-gerate\/das-liturgische-jahr-wir-wollen-es-klaeren\/#article","isPartOf":{"@id":"https:\/\/blog.holyart.it\/de\/liturgische-gerate\/das-liturgische-jahr-wir-wollen-es-klaeren\/"},"author":{"name":"Redazione","@id":"https:\/\/blog.holyart.it\/de\/#\/schema\/person\/0a7b686e5af0f856ec1e390dd0baecda"},"headline":"Das liturgische Jahr: Wir wollen es kl\u00e4ren","datePublished":"2022-10-04T10:30:08+00:00","dateModified":"2023-10-03T12:42:50+00:00","mainEntityOfPage":{"@id":"https:\/\/blog.holyart.it\/de\/liturgische-gerate\/das-liturgische-jahr-wir-wollen-es-klaeren\/"},"wordCount":2012,"publisher":{"@id":"https:\/\/blog.holyart.it\/de\/#organization"},"image":{"@id":"https:\/\/blog.holyart.it\/de\/liturgische-gerate\/das-liturgische-jahr-wir-wollen-es-klaeren\/#primaryimage"},"thumbnailUrl":"https:\/\/blog.holyart.it\/de\/wp-content\/uploads\/sites\/12\/2022\/09\/Das-liturgische-Jahr.jpg","articleSection":["Liturgie"],"inLanguage":"de"},{"@type":"WebPage","@id":"https:\/\/blog.holyart.it\/de\/liturgische-gerate\/das-liturgische-jahr-wir-wollen-es-klaeren\/","url":"https:\/\/blog.holyart.it\/de\/liturgische-gerate\/das-liturgische-jahr-wir-wollen-es-klaeren\/","name":"Das liturgische Jahr: Wir wollen es kl\u00e4ren - Holyart.de Blog","isPartOf":{"@id":"https:\/\/blog.holyart.it\/de\/#website"},"primaryImageOfPage":{"@id":"https:\/\/blog.holyart.it\/de\/liturgische-gerate\/das-liturgische-jahr-wir-wollen-es-klaeren\/#primaryimage"},"image":{"@id":"https:\/\/blog.holyart.it\/de\/liturgische-gerate\/das-liturgische-jahr-wir-wollen-es-klaeren\/#primaryimage"},"thumbnailUrl":"https:\/\/blog.holyart.it\/de\/wp-content\/uploads\/sites\/12\/2022\/09\/Das-liturgische-Jahr.jpg","datePublished":"2022-10-04T10:30:08+00:00","dateModified":"2023-10-03T12:42:50+00:00","description":"Die liturgischen Jahreszeiten der katholischen Kirche sind die Jahreszeiten, in die das liturgische Jahr unterteilt ist. Lassen Sie sie uns gemeinsam...","breadcrumb":{"@id":"https:\/\/blog.holyart.it\/de\/liturgische-gerate\/das-liturgische-jahr-wir-wollen-es-klaeren\/#breadcrumb"},"inLanguage":"de","potentialAction":[{"@type":"ReadAction","target":["https:\/\/blog.holyart.it\/de\/liturgische-gerate\/das-liturgische-jahr-wir-wollen-es-klaeren\/"]}]},{"@type":"ImageObject","inLanguage":"de","@id":"https:\/\/blog.holyart.it\/de\/liturgische-gerate\/das-liturgische-jahr-wir-wollen-es-klaeren\/#primaryimage","url":"https:\/\/blog.holyart.it\/de\/wp-content\/uploads\/sites\/12\/2022\/09\/Das-liturgische-Jahr.jpg","contentUrl":"https:\/\/blog.holyart.it\/de\/wp-content\/uploads\/sites\/12\/2022\/09\/Das-liturgische-Jahr.jpg","width":1000,"height":666,"caption":"Das liturgische Jahr"},{"@type":"BreadcrumbList","@id":"https:\/\/blog.holyart.it\/de\/liturgische-gerate\/das-liturgische-jahr-wir-wollen-es-klaeren\/#breadcrumb","itemListElement":[{"@type":"ListItem","position":1,"name":"Homepage","item":"https:\/\/blog.holyart.it\/de\/"},{"@type":"ListItem","position":2,"name":"Liturgie","item":"https:\/\/blog.holyart.it\/de\/liturgische-gerate\/"},{"@type":"ListItem","position":3,"name":"Das liturgische Jahr: Wir wollen es kl\u00e4ren"}]},{"@type":"WebSite","@id":"https:\/\/blog.holyart.it\/de\/#website","url":"https:\/\/blog.holyart.it\/de\/","name":"Holyart.de Blog","description":"Holyblog","publisher":{"@id":"https:\/\/blog.holyart.it\/de\/#organization"},"potentialAction":[{"@type":"SearchAction","target":{"@type":"EntryPoint","urlTemplate":"https:\/\/blog.holyart.it\/de\/?s={search_term_string}"},"query-input":{"@type":"PropertyValueSpecification","valueRequired":true,"valueName":"search_term_string"}}],"inLanguage":"de"},{"@type":"Organization","@id":"https:\/\/blog.holyart.it\/de\/#organization","name":"Holyart.de Blog","url":"https:\/\/blog.holyart.it\/de\/","logo":{"@type":"ImageObject","inLanguage":"de","@id":"https:\/\/blog.holyart.it\/de\/#\/schema\/logo\/image\/","url":"https:\/\/blog.holyart.it\/de\/wp-content\/uploads\/sites\/12\/2022\/12\/Holyart_Blog_Logo.jpg","contentUrl":"https:\/\/blog.holyart.it\/de\/wp-content\/uploads\/sites\/12\/2022\/12\/Holyart_Blog_Logo.jpg","width":300,"height":50,"caption":"Holyart.de Blog"},"image":{"@id":"https:\/\/blog.holyart.it\/de\/#\/schema\/logo\/image\/"}},{"@type":"Person","@id":"https:\/\/blog.holyart.it\/de\/#\/schema\/person\/0a7b686e5af0f856ec1e390dd0baecda","name":"Redazione","image":{"@type":"ImageObject","inLanguage":"de","@id":"https:\/\/blog.holyart.it\/de\/#\/schema\/person\/image\/","url":"https:\/\/secure.gravatar.com\/avatar\/f477da817f43e50d0af36abecd33e3edf826c68299714bdc1057dff3b113f516?s=96&d=mm&r=g","contentUrl":"https:\/\/secure.gravatar.com\/avatar\/f477da817f43e50d0af36abecd33e3edf826c68299714bdc1057dff3b113f516?s=96&d=mm&r=g","caption":"Redazione"}}]}},"_links":{"self":[{"href":"https:\/\/blog.holyart.it\/de\/wp-json\/wp\/v2\/posts\/2031","targetHints":{"allow":["GET"]}}],"collection":[{"href":"https:\/\/blog.holyart.it\/de\/wp-json\/wp\/v2\/posts"}],"about":[{"href":"https:\/\/blog.holyart.it\/de\/wp-json\/wp\/v2\/types\/post"}],"author":[{"embeddable":true,"href":"https:\/\/blog.holyart.it\/de\/wp-json\/wp\/v2\/users\/1"}],"replies":[{"embeddable":true,"href":"https:\/\/blog.holyart.it\/de\/wp-json\/wp\/v2\/comments?post=2031"}],"version-history":[{"count":1,"href":"https:\/\/blog.holyart.it\/de\/wp-json\/wp\/v2\/posts\/2031\/revisions"}],"predecessor-version":[{"id":2648,"href":"https:\/\/blog.holyart.it\/de\/wp-json\/wp\/v2\/posts\/2031\/revisions\/2648"}],"wp:featuredmedia":[{"embeddable":true,"href":"https:\/\/blog.holyart.it\/de\/wp-json\/wp\/v2\/media\/2032"}],"wp:attachment":[{"href":"https:\/\/blog.holyart.it\/de\/wp-json\/wp\/v2\/media?parent=2031"}],"wp:term":[{"taxonomy":"category","embeddable":true,"href":"https:\/\/blog.holyart.it\/de\/wp-json\/wp\/v2\/categories?post=2031"},{"taxonomy":"post_tag","embeddable":true,"href":"https:\/\/blog.holyart.it\/de\/wp-json\/wp\/v2\/tags?post=2031"}],"curies":[{"name":"wp","href":"https:\/\/api.w.org\/{rel}","templated":true}]}}