{"id":1998,"date":"2022-09-20T12:30:41","date_gmt":"2022-09-20T10:30:41","guid":{"rendered":"https:\/\/blog.holyart.it\/de\/?p=1998"},"modified":"2022-10-20T09:44:07","modified_gmt":"2022-10-20T07:44:07","slug":"der-heilige-matthaeus-apostel-evangelist-und-maertyrer","status":"publish","type":"post","link":"https:\/\/blog.holyart.it\/de\/devotionalien\/der-heilige-matthaeus-apostel-evangelist-und-maertyrer\/","title":{"rendered":"Der heilige Matth\u00e4us, Apostel, Evangelist und M\u00e4rtyrer"},"content":{"rendered":"<h4><em>Am 21. September feiern wir den heiligen Matth\u00e4us, Evangelist, Apostel und M\u00e4rtyrer. Wer war er und wie wurde er zum Apostel?<\/em><\/h4>\n\n<p>Der Evangelist Matth\u00e4us gilt als Verfasser eines der <a href=\"https:\/\/www.holyart.de\/kirchenbedarf\/kirchenbedarf\/pultbehange\/pultbehang-vier-evangelisten\"><strong>vier<\/strong> <strong>kanonischen Evangelien<\/strong>,<\/a> d. h. der von der christlichen Religion <u>anerkannten Evangelien<\/u>. Sein Evangelium wird zusammen mit den Evangelien von Markus und Lukas auch als synoptisches Evangelium bezeichnet. Nimmt man die Texte der drei synoptischen Evangelien und stellt sie in drei parallelen Spalten auf, stellt man viele \u00c4hnlichkeiten in der Erz\u00e4hlung der Evangelienepisoden fest, manchmal sogar dieselben S\u00e4tze, dieselben Worte.<\/p>\n<div class=\"link-product\">\n<div class=\"blocco-immagine\"><img loading=\"lazy\" decoding=\"async\" class=\"size-full wp-image-2000 alignnone\" src=\"https:\/\/blog.holyart.it\/de\/wp-content\/uploads\/sites\/12\/2022\/09\/pultbehang-vier-evangelisten.jpg\" alt=\"pultbehang vier evangelisten\" width=\"100\" height=\"100\" data-kale-share-title=\"Der heilige Matth\u00e4us, Apostel, Evangelist und M\u00e4rtyrer\" data-kale-share-url=\"https:\/\/blog.holyart.it\/de\/?p=1998\" \/><\/div>\n<div class=\"blocco-contenuto\">\n<div class=\"blocco-acquista\">Einkaufen:<\/div>\n<div class=\"blocco-titolo\"><a href=\"https:\/\/www.holyart.de\/kirchenbedarf\/kirchenbedarf\/pultbehange\/pultbehang-vier-evangelisten\">Pultbehang Vier Evangelisten<\/a><\/div>\n<div class=\"blocco-descrizione\">Pultbehang vier Evangelisten.<\/div>\n<\/div>\n<\/div>\n<p>Aber wer war dieser Mann, der Jesus so nahe stand, dass er ein Verk\u00fcnder seiner Heilsbotschaft und seines Wortes war?<\/p>\n<p>Der heilige Evangelist Matth\u00e4us gilt als <strong>Schutzpatron der Banker<\/strong>, Buchhalter, Z\u00f6llner und Finanzw\u00e4chter. Diese kuriosen Patronate stammen aus seinem Leben vor der Berufung durch Jesus, aus dem Beruf, den er aus\u00fcbte, bevor er einer der zw\u00f6lf Apostel wurde. Matth\u00e4us war n\u00e4mlich das, was man zu seiner Zeit <strong>Z\u00f6llner<\/strong> nannte, d. h. ein Steuereintreiber. In der j\u00fcdischen Gesellschaft galt der Umgang mit r\u00f6mischem Geld als schwere S\u00fcnde. Um dies zu umgehen, zahlten die Z\u00f6llner den zu diesem Zweck entsandten kaiserlichen Beamten Steuergelder vor und verlangten dann vom Volk Tribut. Das machte sie zu verhassten Wucherern und auch zu allseits verachteten S\u00fcndern, denn indem sie das Gold der R\u00f6mer ber\u00fchrten, auf dem das Bildnis des Kaisers eingepr\u00e4gt war, wurden sie gewisserma\u00dfen zu G\u00f6tzendienern.<\/p>\n<p>Matth\u00e4us war also ein Z\u00f6llner und lebte in Kafarnaum, einer antiken Stadt in Galil\u00e4a, am nordwestlichen Ufer des Tiberiassees in Israel, wo Jesus lebte, nachdem er Nazareth verlassen hatte. Es ist nicht viel \u00fcber ihn bekannt; es gibt nur wenige biografische Informationen. Was wir wissen, geht auf die Zeit nach der Begegnung zur\u00fcck, die sein Leben ver\u00e4ndern sollte: die Begegnung mit Jesus.<\/p>\n<h2>Der heilige Apostel Matth\u00e4us<\/h2>\n<p>Im Markus- und im Lukasevangelium wird eine Begegnung zwischen Jesus und einem Z\u00f6llner geschildert.<br \/>\n<em>Als er vorbeikam, sah er Levi, den Sohn des Alph\u00e4us, am Steuerstand sitzen und sagte zu ihm: Folge mir! Er stand auf und folgte ihm.<\/em> (Markus 2:14)<br \/>\n<em>Danach ging er hinaus und sah einen Z\u00f6llner namens Levi, der am Steuerstand sa\u00df, und sagte zu ihm: \u201eFolge mir nach.\u201c <\/em>(Lukas 5:27)<\/p>\n<div class=\"link-product\">\n<div class=\"blocco-immagine\"><img loading=\"lazy\" decoding=\"async\" class=\"alignnone size-full wp-image-2002\" src=\"https:\/\/blog.holyart.it\/de\/wp-content\/uploads\/sites\/12\/2022\/09\/heilige-Apostel-Matthaus.jpg\" alt=\"heilige Apostel Matthaus\" width=\"100\" height=\"100\" data-kale-share-title=\"Der heilige Matth\u00e4us, Apostel, Evangelist und M\u00e4rtyrer\" data-kale-share-url=\"https:\/\/blog.holyart.it\/de\/?p=1998\" \/><\/div>\n<div class=\"blocco-contenuto\">\n<div class=\"blocco-acquista\">Einkaufen:<\/div>\n<div class=\"blocco-titolo\"><a href=\"https:\/\/www.holyart.de\/devotionalien\/poster-und-bilder\/bild-heiliger-mattheus\">Bild Heiliger Mattheus<\/a><\/div>\n<div class=\"blocco-descrizione\">Bild Heiliger Mattheus. Der Subjekt ist vom&#8230;<\/div>\n<\/div>\n<\/div>\n<p>In einer \u00e4hnlichen Episode im <a href=\"https:\/\/www.holyart.de\/devotionalien\/statuen\/statuen-aus-resin-und-pvc\/heiliger-matthaus-mit-heiligenbildchen-gebet-auf-spanisch-12-cm\"><strong>Matth\u00e4us-Evangelium<\/strong><\/a> hei\u00dft es jedoch: <em>Als er von dort wegging, sah Jesus einen Mann am Steuerstand sitzen, der Matth\u00e4us hie\u00df, und sagte zu ihm: \u201eFolge mir nach.\u201c Und er stand auf und folgte ihm<\/em>. (Matth\u00e4us 9:9)<\/p>\n<p>Es ist plausibel, dass Levi und Matthew tats\u00e4chlich ein und <strong>dieselbe Person<\/strong> sind. Wahrscheinlich \u00e4nderte der Z\u00f6llner Levi seinen Namen, als er den Ruf Jesu erhielt, Apostel zu werden, ebenso wie Simon, der zu Petrus wurde, und Saulus, der zu Paulus wurde. Die Bedeutung des Namens Matth\u00e4us, der <em>Geschenk Gottes<\/em> bedeutet, unterst\u00fctzt diese Hypothese nur.<\/p>\n<p>Das gen\u00fcgte Jesus, um das Leben eines Mannes, der daran gew\u00f6hnt war, von seinen Mitmenschen nicht gemocht zu werden, und der durch die Umst\u00e4nde in einen verhassten Job gezwungen wurde, v\u00f6llig zu ver\u00e4ndern. Alles, was es brauchte, war dieses <em>Folge mir<\/em>, vielleicht begleitet von einem L\u00e4cheln, einer ausgestreckten Hand, und das ganze Leben von Levi\/Matth\u00e4us hatte keinen Wert, keine Bedeutung mehr. Ohne ein Wort zu sagen, stand er von seinem Schreibtisch auf und folgte diesem au\u00dfergew\u00f6hnlichen Mann, nur weil er ihn darum gebeten hatte.<\/p>\n<p>Von da an ist Matth\u00e4us im Grunde einer der <strong>zw\u00f6lf Apostel<\/strong>. Als solcher wird er in der Apostelgeschichte (1.13) nach der <strong>Himmelfahrt<\/strong> Jesu erw\u00e4hnt. Er nahm mit ihnen an der Wahl von Matthias teil, der anstelle von Judas Iskariot gew\u00e4hlt wurde, und an der Herabkunft <a href=\"https:\/\/www.holyart.de\/blog\/devotionalien\/pfingsten-der-tag-dem-wir-den-heiligen-geist-und-die-geburt-der-kirche-feiern\/\"><strong>des Heiligen Geistes auf die Menge am Pfingsttag.<\/strong><\/a><\/p>\n<div class=\"link-article\">\n<p><img loading=\"lazy\" decoding=\"async\" class=\"alignnone size-full wp-image-2004\" src=\"https:\/\/blog.holyart.it\/de\/wp-content\/uploads\/sites\/12\/2022\/09\/Pfingsten-1.jpg\" alt=\"Pfingsten\" width=\"150\" height=\"100\" data-kale-share-title=\"Der heilige Matth\u00e4us, Apostel, Evangelist und M\u00e4rtyrer\" data-kale-share-url=\"https:\/\/blog.holyart.it\/de\/?p=1998\" \/><\/p>\n<div class=\"leggi-anche\">Lesen Sie auch:<\/div>\n<p><strong><a href=\"https:\/\/www.holyart.de\/blog\/devotionalien\/pfingsten-der-tag-dem-wir-den-heiligen-geist-und-die-geburt-der-kirche-feiern\/\">Pfingsten: der Tag, an dem wir den Heiligen Geist und die Geburt der Kirche feiern<\/a><\/strong><br \/>\nPfingsten ist vielleicht nach Ostern eine der bedeutendsten&#8230;<\/p>\n<\/div>\n<p>Sp\u00e4ter brach er wie alle anderen Apostel auf und begann, die <strong>Frohe Botschaft<\/strong> zun\u00e4chst in Pal\u00e4stina und dann \u00fcberall dort zu verbreiten, wohin seine Schritte und sein Eifer ihn f\u00fchrten.<\/p>\n<p>Obwohl einige \u00dcberlieferungen behaupten, er sei eines nat\u00fcrlichen Todes gestorben, <strong>wird er von der Kirche als M\u00e4rtyrer verehrt<\/strong>.<\/p>\n<h2>Das Martyrium des heiligen Matth\u00e4us<\/h2>\n<p>Nach der Goldenen Legende von Jacopo da Varagine reiste der Evangelist Matth\u00e4us durch \u00c4thiopien und bekehrte den \u00e4gyptischen K\u00f6nig, nachdem er dessen Tochter Iphigenie auf wundersame Weise wiederbelebt hatte. Gerade wegen dieses Wunders und des darauf folgenden Versprechens, die Tugend des M\u00e4dchens, das sich dem Herrn geweiht hatte, vor den Blicken ihres Onkels Hirtacus zu sch\u00fctzen, der sie heiraten wollte, soll der heilige Matth\u00e4us bei der Feier der Messe den <strong>Tod<\/strong> gefunden haben. Es handelte sich um einen Auftragskiller, der von Hirtacus geschickt wurde, um ihn im Auftrag des rachs\u00fcchtigen K\u00f6nigs mit dem Schwert zu durchbohren.<\/p>\n<p>Unter den verschiedenen Darstellungen der sakralen Kunst, die den Tod des Heiligen zeigen, ist eine der ber\u00fchmtesten und eindrucksvollsten sicherlich das von Caravaggio gemalte <strong><em>Martyrium des heiligen Matth\u00e4us<\/em><\/strong>. Es handelt sich um ein wundersch\u00f6nes Gem\u00e4lde in \u00d6l auf Leinwand, das der K\u00fcnstler zwischen 1600 und 1601 im Auftrag der Familie Contarelli anfertigte. Sie kann in der Kapelle, die ihren Namen tr\u00e4gt, in der Kirche San Luigi dei Francesi in Rom bewundert werden.<\/p>\n<p>Das Martyrium des heiligen Matth\u00e4us kann in jeder Hinsicht als ein Werk der k\u00fcnstlerischen Reife Caravaggios betrachtet werden. In der Tat finden sich viele der charakteristischen Merkmale des Meisters darin wieder, von der Verwendung von Licht, das von einer externen Quelle kommt und die ansonsten in Dunkelheit geh\u00fcllte Szene kaum erhellt, bis hin zur Anwesenheit vieler Figuren, von denen einige kaum sichtbar sind. Obwohl Caravaggio verschiedene Szenen f\u00fcr die Darstellung des Martyriums des heiligen Matth\u00e4us vorgeschlagen hatte, schlug er schlie\u00dflich die Darstellung des Heiligen vor, der am Fu\u00dfe des Altars liegt, auf dem er die Messe feiert, w\u00e4hrend \u00fcber ihm der Soldat thront, den der K\u00f6nig von \u00c4thiopien geschickt hat, um ihn zu ermorden. Der Soldat hat den Mund halb geschlossen, sein Gesicht ist von m\u00f6rderischer Wut verzerrt. Der Heilige streckt seine Hand zum Himmel aus, wo ein Engel durch die Wolken blickt und ihm <a href=\"https:\/\/www.holyart.de\/devotionalien\/wandteppiche\/wandteppich-apostel-matthaus-40x30cm\"><strong>die Palme des Martyriums anbietet.<\/strong><\/a> Die anderen Figuren stehen f\u00fcr die Gottesdienstbesucher, die nun ver\u00e4ngstigt und unf\u00e4hig sind, auf die Gewalt zu reagieren.<\/p>\n<div class=\"link-product\">\n<div class=\"blocco-immagine\"><img loading=\"lazy\" decoding=\"async\" class=\"alignnone size-full wp-image-2005\" src=\"https:\/\/blog.holyart.it\/de\/wp-content\/uploads\/sites\/12\/2022\/09\/wandteppich-apostel.jpg\" alt=\"wandteppich apostel\" width=\"100\" height=\"100\" data-kale-share-title=\"Der heilige Matth\u00e4us, Apostel, Evangelist und M\u00e4rtyrer\" data-kale-share-url=\"https:\/\/blog.holyart.it\/de\/?p=1998\" \/><\/div>\n<div class=\"blocco-contenuto\">\n<div class=\"blocco-acquista\">Einkaufen:<\/div>\n<div class=\"blocco-titolo\"><a href=\"https:\/\/www.holyart.de\/devotionalien\/wandteppiche\/wandteppich-apostel-matthaus-40x30cm\">Wandteppich Apostel Matth\u00e4us 40x30cm <\/a><\/div>\n<div class=\"blocco-descrizione\">Wandteppich, Motiv: Apostel Matth\u00e4us, Format: 42,5x30cm.<\/div>\n<\/div>\n<\/div>\n<p>In der Contarelli-Kapelle der Kirche San Luigi dei Francesi in Rom befindet sich ein weiteres gro\u00dfartiges Gem\u00e4lde von Caravaggio, das dem Evangelisten Matth\u00e4us gewidmet ist: Die Berufung des Heiligen Matth\u00e4us. Das Gem\u00e4lde bezieht sich auf die <strong>Berufung des Matth\u00e4us<\/strong> durch Jesus (Matth\u00e4us 9,9-13) und zeigt den heiligen Matth\u00e4us, wie er in einer Taverne mit einer Gruppe von Menschen an einem Tisch sitzt und Jesus ihn ruft, indem er mit seiner ausgestreckten Hand auf ihn deutet.<\/p>\n<p>Zum Abschluss des dem heiligen Matth\u00e4us gewidmeten Zyklus wurde Caravaggio schlie\u00dflich gebeten, das zentrale Altarbild mit der Darstellung des <strong>heiligen Matth\u00e4us und des Engels<\/strong> zu malen, das \u00fcber dem Altar der Kapelle angebracht werden sollte. Auf diesem Gem\u00e4lde ist der heilige Matth\u00e4us mit einem Engel im R\u00fccken dargestellt, der das Evangelium schreiben will, w\u00e4hrend der himmlische Bote ihm die Worte vorschl\u00e4gt.<\/p>\n<h2>Matth\u00e4us der Evangelist<\/h2>\n<p>Das Matth\u00e4us-Evangelium ist Gegenstand von Kontroversen. Obwohl es dem heiligen Matth\u00e4us zugeschrieben wird, hat die Bibelwissenschaft seit dem 18. Jahrhundert Zweifel daran ge\u00e4u\u00dfert, ob es der Apostel Jesu selbst war, der es geschrieben hat. Man geht davon aus, dass es von einem anonymen christlichen Autor verfasst wurde, der es gegen Ende des 1. Jahrhunderts geschrieben haben k\u00f6nnte und sich dabei weitgehend auf das <strong>Markusevangelium<\/strong> sowie auf die so genannte Q-Quelle st\u00fctzte. Quelle Q ist eine Sammlung von Ausspr\u00fcchen Jesu, die die erz\u00e4hlerische Grundlage f\u00fcr alle synoptischen Evangelien bilden.<\/p>\n<div class=\"link-product\">\n<div class=\"blocco-immagine\"><img loading=\"lazy\" decoding=\"async\" class=\"alignnone size-full wp-image-2006\" src=\"https:\/\/blog.holyart.it\/de\/wp-content\/uploads\/sites\/12\/2022\/09\/Heiliger-Matthaus-Evangelist.jpg\" alt=\"Heiliger Matthaus Evangelist\" width=\"100\" height=\"100\" data-kale-share-title=\"Der heilige Matth\u00e4us, Apostel, Evangelist und M\u00e4rtyrer\" data-kale-share-url=\"https:\/\/blog.holyart.it\/de\/?p=1998\" \/><\/div>\n<div class=\"blocco-contenuto\">\n<div class=\"blocco-acquista\">Einkaufen:<\/div>\n<div class=\"blocco-titolo\"><a href=\"https:\/\/www.holyart.de\/devotionalien\/statuen\/statuen-aus-resin-und-pvc\/heiliger-matthaus-evangelist-30cm-aus-harz\">Heiliger Matth\u00e4us Evangelist 30cm aus Harz<\/a><\/div>\n<div class=\"blocco-descrizione\">Heiliger Matth\u00e4us Evangelist 30cm aus Harz.<\/div>\n<\/div>\n<\/div>\n<p>Eine andere Denkschule geht davon aus, dass das Matth\u00e4us-Evangelium als <strong>erstes geschrieben<\/strong> wurde und den Ausgangspunkt f\u00fcr das Markus- und das Lukas-Evangelium bildete.<\/p>\n<p>Schlie\u00dflich hat die Tatsache, dass das Matth\u00e4us-Evangelium von allen Evangelien <strong>dem Judentum am n\u00e4chsten<\/strong> steht, sowohl in Bezug auf seine Konzentration auf die j\u00fcdische Kultur als auch in Bezug auf sein Bestreben zu betonen, wie Jesus die Erf\u00fcllung j\u00fcdischer Prophezeiungen verk\u00f6rpert, zu Zweifeln daran gef\u00fchrt, dass der Autor des Matth\u00e4us-Evangeliums tats\u00e4chlich ein <strong>Judenchrist<\/strong> war. In der Tat kann man sagen, dass das Matth\u00e4usevangelium in vielerlei Hinsicht <strong>eine Br\u00fccke zwischen der j\u00fcdischen und der christlichen Schrift <\/strong>bildet. Jesus wird darin vollst\u00e4ndig als der Messias und K\u00f6nig des Himmelreichs identifiziert, das Gott dem auserw\u00e4hlten Volk versprochen hat.<\/p>\n<p>Abgesehen von den Zweifeln an der Zuschreibung ist das Matth\u00e4us-Evangelium <strong>das l\u00e4ngste der Evangelien<\/strong>. Sie besteht aus achtundzwanzig Kapiteln, im Gegensatz zu den vierundzwanzig bei Lukas, den einundzwanzig bei Johannes und den sechzehn bei Markus.<\/p>\n<p>Sie erz\u00e4hlt von <strong>der Geburt Jesu und seiner Kindheit<\/strong>, wobei Episoden wie die Flucht nach \u00c4gypten und die Ermordung der Unschuldigen besonders hervorgehoben werden; von <strong>seiner<\/strong> <strong>Verk\u00fcndigung<\/strong> <strong>und seiner Mission<\/strong> unter den Menschen sowie von <strong>f\u00fcnf Reden \u00fcber das Himmelreich<\/strong>; und schlie\u00dflich von <strong>seinem Tod und seiner Auferstehung<\/strong>.<\/p>\n<p>Die <strong>Lehren Jesu<\/strong> sind in Form von <strong>Predigten, Gleichnissen und Anweisungen<\/strong> \u00fcberliefert. Diese Lehren werden als notwendig erachtet, um <strong>Jesus nachzufolgen<\/strong> und somit des Reiches w\u00fcrdig zu werden, das er auf die Erde bringen wird.<\/p>\n<p>Matth\u00e4us konzentriert sich vor allem auf die <strong>Lehre der Liebe<\/strong>, das elfte Gebot, das sich in diesen Aussagen Jesu zusammenfassen l\u00e4sst:<\/p>\n<ul>\n<li>Die goldene Regel: \u201e<em>Was ihr wollt, dass euch die Leute tun sollen, das tut ihnen auch; denn das ist das Gesetz und die Propheten<\/em>\u201c. (Matth\u00e4us 7:12);<\/li>\n<li>Das Doppelgebot der Liebe: \u201e<em>Du sollst den Herrn, deinen Gott, lieben mit ganzem Herzen, mit ganzer Seele und mit all deinen Gedanken. Dies ist das gr\u00f6\u00dfte und erste der Gebote. Und das zweite ist wie das erste: Du sollst deinen N\u00e4chsten lieben wie dich selbst<\/em>\u201c (Matth\u00e4us 22, 37-39);<\/li>\n<li>Der Dreiklang \u00fcber den entscheidenden Teil des Gesetzes: \u201e<em>Wehe euch, Schriftgelehrte und Pharis\u00e4er, ihr Heuchler, die ihr den Zehnten von Minze, Dill und K\u00fcmmel gebt und die gewichtigeren Vorschriften des Gesetzes \u00fcbertretet: Gerechtigkeit, Barmherzigkeit und Treue. Diese Dinge sollten praktiziert und nicht unterlassen werden<\/em>\u201c. (Matth\u00e4us 23:23);<\/li>\n<li>Die sechs Werke der Barmherzigkeit: \u201e<em>Denn ich war hungrig, und ihr habt mir zu essen gegeben; ich war durstig, und ihr habt mir zu trinken gegeben; ich war fremd, und ihr habt mich aufgenommen; ich war nackt, und ihr habt mich bekleidet; ich war krank, und ihr habt mich besucht; ich war im Gef\u00e4ngnis, und ihr seid zu mir gekommen<\/em>\u201c (Matth\u00e4us 25,35-36).<\/li>\n<\/ul>\n<p>Auch im Matth\u00e4usevangelium spielen die <strong>Predigten Jesu<\/strong> als Best\u00e4tigung der <strong>alttestamentlichen Prophezeiungen<\/strong> eine gro\u00dfe Rolle: <em>die Bergpredigt<\/em> (Kapitel 5-7); <em>die Missionspredigt<\/em> (Kapitel 10); <em>die Gleichnisse vom Himmelreich<\/em> (Kapitel 13); <em>die kirchliche oder gemeinschaftliche Rede<\/em> (Kapitel 18); <em>die Rede vom Kommen des Menschensohns<\/em> (Kapitel 24-25).<\/p>\n<p>Das Matth\u00e4us-Evangelium ist auch dasjenige, das <a href=\"https:\/\/www.holyart.de\/devotionalien\/statuen\/statuen-aus-gips\/heiliger-peter-60cm-perlmuttartigen-gips\"><strong>dem Auftrag Jesu an Petrus<\/strong>,<\/a> die Kirche zu gr\u00fcnden und sie zum Werkzeug f\u00fcr die Verbreitung seines Wortes zu machen, am meisten Raum gibt.<\/p>\n<p>Die <strong>rhythmische und poetische Prosa<\/strong> machte das Matth\u00e4us-Evangelium im Vergleich zu den anderen synoptischen Evangelien von Anfang an zu einer angenehmen und leichten Lekt\u00fcre.<\/p>\n","protected":false},"excerpt":{"rendered":"<p>Am 21. September feiern wir den heiligen Matth\u00e4us, Evangelist, Apostel und M\u00e4rtyrer. Wer war er und wie wurde er zum Apostel? Der Evangelist Matth\u00e4us gilt als Verfasser eines der vier kanonischen Evangelien, d. h. der von der christlichen Religion anerkannten Evangelien. Sein Evangelium wird zusammen&hellip;<\/p>\n","protected":false},"author":1,"featured_media":2007,"comment_status":"closed","ping_status":"open","sticky":false,"template":"","format":"standard","meta":{"_acf_changed":false,"footnotes":""},"categories":[9,10],"tags":[],"class_list":["post-1998","post","type-post","status-publish","format-standard","has-post-thumbnail","hentry","category-heilige-und-selige","category-devotionalien"],"acf":[],"yoast_head":"<!-- This site is optimized with the Yoast SEO plugin v26.6 - https:\/\/yoast.com\/wordpress\/plugins\/seo\/ -->\n<title>Der heilige Matth\u00e4us, Apostel, Evangelist und M\u00e4rtyrer - Holyart.de Blog<\/title>\n<meta name=\"description\" content=\"Am 21. September feiern wir den heiligen Matth\u00e4us, Evangelist, Apostel und M\u00e4rtyrer. Wer war er und wie wurde er zum Apostel?\" \/>\n<meta name=\"robots\" content=\"index, follow, max-snippet:-1, max-image-preview:large, max-video-preview:-1\" \/>\n<link rel=\"canonical\" href=\"https:\/\/blog.holyart.it\/de\/devotionalien\/der-heilige-matthaeus-apostel-evangelist-und-maertyrer\/\" \/>\n<meta property=\"og:locale\" content=\"de_DE\" \/>\n<meta property=\"og:type\" content=\"article\" \/>\n<meta property=\"og:title\" content=\"Der heilige Matth\u00e4us, Apostel, Evangelist und M\u00e4rtyrer - Holyart.de Blog\" \/>\n<meta property=\"og:description\" content=\"Am 21. September feiern wir den heiligen Matth\u00e4us, Evangelist, Apostel und M\u00e4rtyrer. Wer war er und wie wurde er zum Apostel?\" \/>\n<meta property=\"og:url\" content=\"https:\/\/blog.holyart.it\/de\/devotionalien\/der-heilige-matthaeus-apostel-evangelist-und-maertyrer\/\" \/>\n<meta property=\"og:site_name\" content=\"Holyart.de Blog\" \/>\n<meta property=\"article:published_time\" content=\"2022-09-20T10:30:41+00:00\" \/>\n<meta property=\"article:modified_time\" content=\"2022-10-20T07:44:07+00:00\" \/>\n<meta property=\"og:image\" content=\"https:\/\/blog.holyart.it\/de\/wp-content\/uploads\/sites\/12\/2022\/09\/Der-heilige-Matthaus.jpg\" \/>\n\t<meta property=\"og:image:width\" content=\"1000\" \/>\n\t<meta property=\"og:image:height\" content=\"666\" \/>\n\t<meta property=\"og:image:type\" content=\"image\/jpeg\" \/>\n<meta name=\"author\" content=\"Redazione\" \/>\n<meta name=\"twitter:card\" content=\"summary_large_image\" \/>\n<meta name=\"twitter:label1\" content=\"Verfasst von\" \/>\n\t<meta name=\"twitter:data1\" content=\"Redazione\" \/>\n\t<meta name=\"twitter:label2\" content=\"Gesch\u00e4tzte Lesezeit\" \/>\n\t<meta name=\"twitter:data2\" content=\"10\u00a0Minuten\" \/>\n<script type=\"application\/ld+json\" class=\"yoast-schema-graph\">{\"@context\":\"https:\/\/schema.org\",\"@graph\":[{\"@type\":\"Article\",\"@id\":\"https:\/\/blog.holyart.it\/de\/devotionalien\/der-heilige-matthaeus-apostel-evangelist-und-maertyrer\/#article\",\"isPartOf\":{\"@id\":\"https:\/\/blog.holyart.it\/de\/devotionalien\/der-heilige-matthaeus-apostel-evangelist-und-maertyrer\/\"},\"author\":{\"name\":\"Redazione\",\"@id\":\"https:\/\/blog.holyart.it\/de\/#\/schema\/person\/0a7b686e5af0f856ec1e390dd0baecda\"},\"headline\":\"Der heilige Matth\u00e4us, Apostel, Evangelist und M\u00e4rtyrer\",\"datePublished\":\"2022-09-20T10:30:41+00:00\",\"dateModified\":\"2022-10-20T07:44:07+00:00\",\"mainEntityOfPage\":{\"@id\":\"https:\/\/blog.holyart.it\/de\/devotionalien\/der-heilige-matthaeus-apostel-evangelist-und-maertyrer\/\"},\"wordCount\":1972,\"publisher\":{\"@id\":\"https:\/\/blog.holyart.it\/de\/#organization\"},\"image\":{\"@id\":\"https:\/\/blog.holyart.it\/de\/devotionalien\/der-heilige-matthaeus-apostel-evangelist-und-maertyrer\/#primaryimage\"},\"thumbnailUrl\":\"https:\/\/blog.holyart.it\/de\/wp-content\/uploads\/sites\/12\/2022\/09\/Der-heilige-Matthaus.jpg\",\"articleSection\":[\"Heilige und Selige\",\"Religion\"],\"inLanguage\":\"de\"},{\"@type\":\"WebPage\",\"@id\":\"https:\/\/blog.holyart.it\/de\/devotionalien\/der-heilige-matthaeus-apostel-evangelist-und-maertyrer\/\",\"url\":\"https:\/\/blog.holyart.it\/de\/devotionalien\/der-heilige-matthaeus-apostel-evangelist-und-maertyrer\/\",\"name\":\"Der heilige Matth\u00e4us, Apostel, Evangelist und M\u00e4rtyrer - Holyart.de Blog\",\"isPartOf\":{\"@id\":\"https:\/\/blog.holyart.it\/de\/#website\"},\"primaryImageOfPage\":{\"@id\":\"https:\/\/blog.holyart.it\/de\/devotionalien\/der-heilige-matthaeus-apostel-evangelist-und-maertyrer\/#primaryimage\"},\"image\":{\"@id\":\"https:\/\/blog.holyart.it\/de\/devotionalien\/der-heilige-matthaeus-apostel-evangelist-und-maertyrer\/#primaryimage\"},\"thumbnailUrl\":\"https:\/\/blog.holyart.it\/de\/wp-content\/uploads\/sites\/12\/2022\/09\/Der-heilige-Matthaus.jpg\",\"datePublished\":\"2022-09-20T10:30:41+00:00\",\"dateModified\":\"2022-10-20T07:44:07+00:00\",\"description\":\"Am 21. September feiern wir den heiligen Matth\u00e4us, Evangelist, Apostel und M\u00e4rtyrer. Wer war er und wie wurde er zum Apostel?\",\"breadcrumb\":{\"@id\":\"https:\/\/blog.holyart.it\/de\/devotionalien\/der-heilige-matthaeus-apostel-evangelist-und-maertyrer\/#breadcrumb\"},\"inLanguage\":\"de\",\"potentialAction\":[{\"@type\":\"ReadAction\",\"target\":[\"https:\/\/blog.holyart.it\/de\/devotionalien\/der-heilige-matthaeus-apostel-evangelist-und-maertyrer\/\"]}]},{\"@type\":\"ImageObject\",\"inLanguage\":\"de\",\"@id\":\"https:\/\/blog.holyart.it\/de\/devotionalien\/der-heilige-matthaeus-apostel-evangelist-und-maertyrer\/#primaryimage\",\"url\":\"https:\/\/blog.holyart.it\/de\/wp-content\/uploads\/sites\/12\/2022\/09\/Der-heilige-Matthaus.jpg\",\"contentUrl\":\"https:\/\/blog.holyart.it\/de\/wp-content\/uploads\/sites\/12\/2022\/09\/Der-heilige-Matthaus.jpg\",\"width\":1000,\"height\":666,\"caption\":\"Der heilige Matthaus\"},{\"@type\":\"BreadcrumbList\",\"@id\":\"https:\/\/blog.holyart.it\/de\/devotionalien\/der-heilige-matthaeus-apostel-evangelist-und-maertyrer\/#breadcrumb\",\"itemListElement\":[{\"@type\":\"ListItem\",\"position\":1,\"name\":\"Homepage\",\"item\":\"https:\/\/blog.holyart.it\/de\/\"},{\"@type\":\"ListItem\",\"position\":2,\"name\":\"Religion\",\"item\":\"https:\/\/blog.holyart.it\/de\/devotionalien\/\"},{\"@type\":\"ListItem\",\"position\":3,\"name\":\"Der heilige Matth\u00e4us, Apostel, Evangelist und M\u00e4rtyrer\"}]},{\"@type\":\"WebSite\",\"@id\":\"https:\/\/blog.holyart.it\/de\/#website\",\"url\":\"https:\/\/blog.holyart.it\/de\/\",\"name\":\"Holyart.de Blog\",\"description\":\"Holyblog\",\"publisher\":{\"@id\":\"https:\/\/blog.holyart.it\/de\/#organization\"},\"potentialAction\":[{\"@type\":\"SearchAction\",\"target\":{\"@type\":\"EntryPoint\",\"urlTemplate\":\"https:\/\/blog.holyart.it\/de\/?s={search_term_string}\"},\"query-input\":{\"@type\":\"PropertyValueSpecification\",\"valueRequired\":true,\"valueName\":\"search_term_string\"}}],\"inLanguage\":\"de\"},{\"@type\":\"Organization\",\"@id\":\"https:\/\/blog.holyart.it\/de\/#organization\",\"name\":\"Holyart.de Blog\",\"url\":\"https:\/\/blog.holyart.it\/de\/\",\"logo\":{\"@type\":\"ImageObject\",\"inLanguage\":\"de\",\"@id\":\"https:\/\/blog.holyart.it\/de\/#\/schema\/logo\/image\/\",\"url\":\"https:\/\/blog.holyart.it\/de\/wp-content\/uploads\/sites\/12\/2022\/12\/Holyart_Blog_Logo.jpg\",\"contentUrl\":\"https:\/\/blog.holyart.it\/de\/wp-content\/uploads\/sites\/12\/2022\/12\/Holyart_Blog_Logo.jpg\",\"width\":300,\"height\":50,\"caption\":\"Holyart.de Blog\"},\"image\":{\"@id\":\"https:\/\/blog.holyart.it\/de\/#\/schema\/logo\/image\/\"}},{\"@type\":\"Person\",\"@id\":\"https:\/\/blog.holyart.it\/de\/#\/schema\/person\/0a7b686e5af0f856ec1e390dd0baecda\",\"name\":\"Redazione\",\"image\":{\"@type\":\"ImageObject\",\"inLanguage\":\"de\",\"@id\":\"https:\/\/blog.holyart.it\/de\/#\/schema\/person\/image\/\",\"url\":\"https:\/\/secure.gravatar.com\/avatar\/f477da817f43e50d0af36abecd33e3edf826c68299714bdc1057dff3b113f516?s=96&d=mm&r=g\",\"contentUrl\":\"https:\/\/secure.gravatar.com\/avatar\/f477da817f43e50d0af36abecd33e3edf826c68299714bdc1057dff3b113f516?s=96&d=mm&r=g\",\"caption\":\"Redazione\"}}]}<\/script>\n<!-- \/ Yoast SEO plugin. -->","yoast_head_json":{"title":"Der heilige Matth\u00e4us, Apostel, Evangelist und M\u00e4rtyrer - Holyart.de Blog","description":"Am 21. September feiern wir den heiligen Matth\u00e4us, Evangelist, Apostel und M\u00e4rtyrer. Wer war er und wie wurde er zum Apostel?","robots":{"index":"index","follow":"follow","max-snippet":"max-snippet:-1","max-image-preview":"max-image-preview:large","max-video-preview":"max-video-preview:-1"},"canonical":"https:\/\/blog.holyart.it\/de\/devotionalien\/der-heilige-matthaeus-apostel-evangelist-und-maertyrer\/","og_locale":"de_DE","og_type":"article","og_title":"Der heilige Matth\u00e4us, Apostel, Evangelist und M\u00e4rtyrer - Holyart.de Blog","og_description":"Am 21. September feiern wir den heiligen Matth\u00e4us, Evangelist, Apostel und M\u00e4rtyrer. Wer war er und wie wurde er zum Apostel?","og_url":"https:\/\/blog.holyart.it\/de\/devotionalien\/der-heilige-matthaeus-apostel-evangelist-und-maertyrer\/","og_site_name":"Holyart.de Blog","article_published_time":"2022-09-20T10:30:41+00:00","article_modified_time":"2022-10-20T07:44:07+00:00","og_image":[{"width":1000,"height":666,"url":"https:\/\/blog.holyart.it\/de\/wp-content\/uploads\/sites\/12\/2022\/09\/Der-heilige-Matthaus.jpg","type":"image\/jpeg"}],"author":"Redazione","twitter_card":"summary_large_image","twitter_misc":{"Verfasst von":"Redazione","Gesch\u00e4tzte Lesezeit":"10\u00a0Minuten"},"schema":{"@context":"https:\/\/schema.org","@graph":[{"@type":"Article","@id":"https:\/\/blog.holyart.it\/de\/devotionalien\/der-heilige-matthaeus-apostel-evangelist-und-maertyrer\/#article","isPartOf":{"@id":"https:\/\/blog.holyart.it\/de\/devotionalien\/der-heilige-matthaeus-apostel-evangelist-und-maertyrer\/"},"author":{"name":"Redazione","@id":"https:\/\/blog.holyart.it\/de\/#\/schema\/person\/0a7b686e5af0f856ec1e390dd0baecda"},"headline":"Der heilige Matth\u00e4us, Apostel, Evangelist und M\u00e4rtyrer","datePublished":"2022-09-20T10:30:41+00:00","dateModified":"2022-10-20T07:44:07+00:00","mainEntityOfPage":{"@id":"https:\/\/blog.holyart.it\/de\/devotionalien\/der-heilige-matthaeus-apostel-evangelist-und-maertyrer\/"},"wordCount":1972,"publisher":{"@id":"https:\/\/blog.holyart.it\/de\/#organization"},"image":{"@id":"https:\/\/blog.holyart.it\/de\/devotionalien\/der-heilige-matthaeus-apostel-evangelist-und-maertyrer\/#primaryimage"},"thumbnailUrl":"https:\/\/blog.holyart.it\/de\/wp-content\/uploads\/sites\/12\/2022\/09\/Der-heilige-Matthaus.jpg","articleSection":["Heilige und Selige","Religion"],"inLanguage":"de"},{"@type":"WebPage","@id":"https:\/\/blog.holyart.it\/de\/devotionalien\/der-heilige-matthaeus-apostel-evangelist-und-maertyrer\/","url":"https:\/\/blog.holyart.it\/de\/devotionalien\/der-heilige-matthaeus-apostel-evangelist-und-maertyrer\/","name":"Der heilige Matth\u00e4us, Apostel, Evangelist und M\u00e4rtyrer - Holyart.de Blog","isPartOf":{"@id":"https:\/\/blog.holyart.it\/de\/#website"},"primaryImageOfPage":{"@id":"https:\/\/blog.holyart.it\/de\/devotionalien\/der-heilige-matthaeus-apostel-evangelist-und-maertyrer\/#primaryimage"},"image":{"@id":"https:\/\/blog.holyart.it\/de\/devotionalien\/der-heilige-matthaeus-apostel-evangelist-und-maertyrer\/#primaryimage"},"thumbnailUrl":"https:\/\/blog.holyart.it\/de\/wp-content\/uploads\/sites\/12\/2022\/09\/Der-heilige-Matthaus.jpg","datePublished":"2022-09-20T10:30:41+00:00","dateModified":"2022-10-20T07:44:07+00:00","description":"Am 21. September feiern wir den heiligen Matth\u00e4us, Evangelist, Apostel und M\u00e4rtyrer. Wer war er und wie wurde er zum Apostel?","breadcrumb":{"@id":"https:\/\/blog.holyart.it\/de\/devotionalien\/der-heilige-matthaeus-apostel-evangelist-und-maertyrer\/#breadcrumb"},"inLanguage":"de","potentialAction":[{"@type":"ReadAction","target":["https:\/\/blog.holyart.it\/de\/devotionalien\/der-heilige-matthaeus-apostel-evangelist-und-maertyrer\/"]}]},{"@type":"ImageObject","inLanguage":"de","@id":"https:\/\/blog.holyart.it\/de\/devotionalien\/der-heilige-matthaeus-apostel-evangelist-und-maertyrer\/#primaryimage","url":"https:\/\/blog.holyart.it\/de\/wp-content\/uploads\/sites\/12\/2022\/09\/Der-heilige-Matthaus.jpg","contentUrl":"https:\/\/blog.holyart.it\/de\/wp-content\/uploads\/sites\/12\/2022\/09\/Der-heilige-Matthaus.jpg","width":1000,"height":666,"caption":"Der heilige Matthaus"},{"@type":"BreadcrumbList","@id":"https:\/\/blog.holyart.it\/de\/devotionalien\/der-heilige-matthaeus-apostel-evangelist-und-maertyrer\/#breadcrumb","itemListElement":[{"@type":"ListItem","position":1,"name":"Homepage","item":"https:\/\/blog.holyart.it\/de\/"},{"@type":"ListItem","position":2,"name":"Religion","item":"https:\/\/blog.holyart.it\/de\/devotionalien\/"},{"@type":"ListItem","position":3,"name":"Der heilige Matth\u00e4us, Apostel, Evangelist und M\u00e4rtyrer"}]},{"@type":"WebSite","@id":"https:\/\/blog.holyart.it\/de\/#website","url":"https:\/\/blog.holyart.it\/de\/","name":"Holyart.de Blog","description":"Holyblog","publisher":{"@id":"https:\/\/blog.holyart.it\/de\/#organization"},"potentialAction":[{"@type":"SearchAction","target":{"@type":"EntryPoint","urlTemplate":"https:\/\/blog.holyart.it\/de\/?s={search_term_string}"},"query-input":{"@type":"PropertyValueSpecification","valueRequired":true,"valueName":"search_term_string"}}],"inLanguage":"de"},{"@type":"Organization","@id":"https:\/\/blog.holyart.it\/de\/#organization","name":"Holyart.de Blog","url":"https:\/\/blog.holyart.it\/de\/","logo":{"@type":"ImageObject","inLanguage":"de","@id":"https:\/\/blog.holyart.it\/de\/#\/schema\/logo\/image\/","url":"https:\/\/blog.holyart.it\/de\/wp-content\/uploads\/sites\/12\/2022\/12\/Holyart_Blog_Logo.jpg","contentUrl":"https:\/\/blog.holyart.it\/de\/wp-content\/uploads\/sites\/12\/2022\/12\/Holyart_Blog_Logo.jpg","width":300,"height":50,"caption":"Holyart.de Blog"},"image":{"@id":"https:\/\/blog.holyart.it\/de\/#\/schema\/logo\/image\/"}},{"@type":"Person","@id":"https:\/\/blog.holyart.it\/de\/#\/schema\/person\/0a7b686e5af0f856ec1e390dd0baecda","name":"Redazione","image":{"@type":"ImageObject","inLanguage":"de","@id":"https:\/\/blog.holyart.it\/de\/#\/schema\/person\/image\/","url":"https:\/\/secure.gravatar.com\/avatar\/f477da817f43e50d0af36abecd33e3edf826c68299714bdc1057dff3b113f516?s=96&d=mm&r=g","contentUrl":"https:\/\/secure.gravatar.com\/avatar\/f477da817f43e50d0af36abecd33e3edf826c68299714bdc1057dff3b113f516?s=96&d=mm&r=g","caption":"Redazione"}}]}},"_links":{"self":[{"href":"https:\/\/blog.holyart.it\/de\/wp-json\/wp\/v2\/posts\/1998","targetHints":{"allow":["GET"]}}],"collection":[{"href":"https:\/\/blog.holyart.it\/de\/wp-json\/wp\/v2\/posts"}],"about":[{"href":"https:\/\/blog.holyart.it\/de\/wp-json\/wp\/v2\/types\/post"}],"author":[{"embeddable":true,"href":"https:\/\/blog.holyart.it\/de\/wp-json\/wp\/v2\/users\/1"}],"replies":[{"embeddable":true,"href":"https:\/\/blog.holyart.it\/de\/wp-json\/wp\/v2\/comments?post=1998"}],"version-history":[{"count":0,"href":"https:\/\/blog.holyart.it\/de\/wp-json\/wp\/v2\/posts\/1998\/revisions"}],"wp:featuredmedia":[{"embeddable":true,"href":"https:\/\/blog.holyart.it\/de\/wp-json\/wp\/v2\/media\/2007"}],"wp:attachment":[{"href":"https:\/\/blog.holyart.it\/de\/wp-json\/wp\/v2\/media?parent=1998"}],"wp:term":[{"taxonomy":"category","embeddable":true,"href":"https:\/\/blog.holyart.it\/de\/wp-json\/wp\/v2\/categories?post=1998"},{"taxonomy":"post_tag","embeddable":true,"href":"https:\/\/blog.holyart.it\/de\/wp-json\/wp\/v2\/tags?post=1998"}],"curies":[{"name":"wp","href":"https:\/\/api.w.org\/{rel}","templated":true}]}}