{"id":1962,"date":"2022-09-06T12:30:10","date_gmt":"2022-09-06T10:30:10","guid":{"rendered":"https:\/\/blog.holyart.it\/de\/?p=1962"},"modified":"2023-07-31T12:14:58","modified_gmt":"2023-07-31T10:14:58","slug":"mariae-geburt-wann-und-warum-wird-sie-gefeiert","status":"publish","type":"post","link":"https:\/\/blog.holyart.it\/de\/devotionalien\/mariae-geburt-wann-und-warum-wird-sie-gefeiert\/","title":{"rendered":"Mari\u00e4 Geburt, wann und warum wird sie gefeiert?"},"content":{"rendered":"<h4><em>Am 8. September feiern wir die Geburt Marias, der Mutter schlechthin, der Frau, die die Geschichte der Kirche und der Menschheit ver\u00e4ndert hat. Erfahren wir mehr \u00fcber ihre Geburt und Kindheit.<\/em><\/h4>\n\n<p>Warum einen Artikel \u00fcber die Geburt Marias schreiben? Wir alle kennen die Geschichte <strong>von Maria von Nazareth<\/strong>, dem M\u00e4dchen, das von Gott auserw\u00e4hlt wurde, die Mutter von Jesus, dem Retter, zu werden. Von Kindheit an werden wir ermahnt, sie als eine Art <strong>himmlische Mutter<\/strong> zu sehen, die uns genauso liebt wie unsere wirkliche Mutter, und die auch alle Kinder der Welt liebt. Als Kind ist dies eine der wenigen s\u00fc\u00dfen Fabeln, die nicht aufh\u00f6ren, wahr zu sein. Denn in der Tat ist die<a href=\"https:\/\/www.holyart.de\/produkte\/statuen-madonna.php\"><strong> Gottesmutter weiterhin die barmherzige Mutter der ganzen Menschheit,<\/strong><\/a> die aufgrund ihrer privilegierten Verbindung mit Jesus alle Leiden der Menschheit auf sich nehmen kann, um sie dem Vater vorzutragen und als <strong>Mittlerin<\/strong> zwischen Ihm und all seinen Gesch\u00f6pfen zu wirken.<\/p>\n<p>Es ist Maria zu verdanken, dass Gott, der Vater, bereit und f\u00e4hig war, sich mit den <strong>Menschen zu vers\u00f6hnen<\/strong>. Eine andere ber\u00fchmte Frauengestalt, Eva, hatte den Verlust der Gnade f\u00fcr die gesamte Menschheit und ihre Vertreibung aus dem irdischen Paradies bewirkt. So wie Eva wegen ihrer S\u00fcnde von Gott <strong>verflucht<\/strong> wurde und mit ihr alle Frauen (\u201e<em>Ich will deine Schmerzen und deine Schwangerschaften mehren, mit Schmerzen sollst du Kinder geb\u00e4ren<\/em>\u201c Genesis 3,16), so dass die Jungfrau Maria stattdessen <strong>unter den Frauen gesegnet<\/strong> wurde. \u201e<em>Du bist gesegnet unter den Frauen\u201c<\/em>, sagt ihr der Erzengel Gabriel, als er zu ihr kommt, um ihr die bevorstehende Mutterschaft anzuk\u00fcndigen. Und dieser Segen, diese <strong>Entscheidung Gottes,<\/strong> seinen Sohn in die Welt zu bringen und mit ihm das <strong>Heil<\/strong> <strong>f\u00fcr alle<\/strong>, wird gerade von Maria bestimmt, von ihrem Wesen, ihrer Sanftmut, ihrer Einfachheit, aber auch von dem Mut, mit dem sie die nicht einfache Rolle annahm, die der Allm\u00e4chtige ihr zugedacht hatte.<\/p>\n<p>Aber hier m\u00f6chten wir einen Schritt zur\u00fcckgehen und \u00fcber die Geburt der Jungfrau Maria sprechen. Ja, denn Maria war ein Kind, bevor sie zu der au\u00dfergew\u00f6hnlichen Frau wurde, die wir kennen. Sie hatte eine Mutter, bevor sie selbst eine Mutter war. <a href=\"https:\/\/www.holyart.de\/devotionalien\/wandteppiche\/wandteppich-heilige-anna-nach-murillo-55x40-cm\"><strong>Der Name ihrer Mutter war Anna<\/strong>,<\/a> und obwohl sie in der Heiligen Schrift nicht erw\u00e4hnt wird, wird sie dennoch als eigenst\u00e4ndige Heilige verehrt, ebenso wie ihr Vater, der heilige Joachim. Beide Elternteile von Mary werden am 26. Juli gefeiert, dem gleichen Tag wie der Gro\u00dfelterntag.<\/p>\n<div class=\"link-product\">\n<div class=\"blocco-immagine\"><img loading=\"lazy\" decoding=\"async\" class=\"size-full wp-image-1963 alignleft\" src=\"https:\/\/blog.holyart.it\/de\/wp-content\/uploads\/sites\/12\/2022\/08\/wandteppich-heilige-anna-nach-murillo.jpg\" alt=\"wandteppich heilige anna nach murillo\" width=\"100\" height=\"100\" data-kale-share-title=\"Mari\u00e4 Geburt, wann und warum wird sie gefeiert?\" data-kale-share-url=\"https:\/\/blog.holyart.it\/de\/?p=1962\" \/><\/div>\n<div class=\"blocco-contenuto\">\n<div class=\"blocco-acquista\">Einkaufen:<\/div>\n<div class=\"blocco-titolo\"><a href=\"https:\/\/www.holyart.de\/devotionalien\/wandteppiche\/wandteppich-heilige-anna-nach-murillo-55x40-cm\">Wandteppich Heilige Anna nach Murillo 55&#215;40 cm<\/a><\/div>\n<div class=\"blocco-descrizione\">Der Jacquard-Wandteppich wird vollst\u00e4ndig in Italien gefertigt. Die Feinarbeiten werden in Handarbeit ausgef\u00fchrt.<\/div>\n<\/div>\n<\/div>\n<p>Erfahren wir also mehr \u00fcber Marias Geburt und ihre Kindheit mit Joachim und Anna.<\/p>\n<h2>8 September Fest der Muttergottes<\/h2>\n<p>Aber warum wird das Fest der Geburt Mariens am 8. September gefeiert? Tats\u00e4chlich gibt es keine genauen Informationen \u00fcber das Datum der Geburt der Muttergottes. Einer \u00dcberlieferung zufolge f\u00e4llt er mit dem <strong>5. August<\/strong> zusammen, dem Tag, an dem die <strong>Schneemadonna<\/strong> gefeiert wird, die im 4. Jahrhundert n. Chr. den Esquiline-H\u00fcgel mit einem Schneewunder bedeckte, auf dem sp\u00e4ter die Basilika Santa Maria Maggiore errichtet werden sollte. Das gleiche Datum wurde 1984 von der <a href=\"https:\/\/www.holyart.de\/besondere-anlassen\/madonna-von-medjugorje\"><strong>Muttergottes von Medjugorje<\/strong><\/a> den Sehern als ihr Geburtstag genannt.<\/p>\n<p>Die Tradition, die die Geburt Marias auf den 8. September legt, h\u00e4ngt mit dem Bau der <strong>St. Anna-Basilika in Jerusalem<\/strong> im 4. Jahrhundert n. Chr. zusammen, die an der Stelle des Hauses errichtet wurde, in dem Marias Eltern, Anna und Joachim, einst lebten und in dem die Mutter Jesu geboren werden sollte.<\/p>\n<p>Im <strong>Osten<\/strong> wurde die Geburt Marias bereits im 4. Jahrhundert gefeiert, kurz nach dem Bau der oben erw\u00e4hnten Basilika. Sp\u00e4ter erreichte die Tradition, Marias Geburt am 8. September zu feiern, auch Konstantinopel, und die <strong>byzantinische Kirche<\/strong> machte sich diese Verehrung zu eigen und verband sie mit der der Empf\u00e4ngnis.<\/p>\n<p>Im 7. Jahrhundert f\u00fchrte Papst Sergius I. das Fest der Geburt Mariens auch im <strong>Westen<\/strong> ein und feierte es mit einer feierlichen Prozession durch die Stra\u00dfen Roms von der Kirche St. Hadrian auf dem Forum zur Basilika St. Maria Major.<\/p>\n<h2>Die Geschichte von Marias Geburt<\/h2>\n<p>Die Information, dass Joachim und Anna Marias Eltern waren, stammt aus dem <strong>Protoevangelium des Jakobus<\/strong>, einem apokryphen Text, der aus dem Kanon der Heiligen Schrift ausgeschlossen wurde. Auch im <strong>Pseudo-Matth\u00e4us-Evangelium<\/strong>, das im 8. bis 9. Jahrhundert in lateinischer Sprache verfasst wurde, werden die Eltern Marias erw\u00e4hnt. Im <strong>Lukasevangelium<\/strong> und im <strong>Matth\u00e4usevangelium<\/strong> finden sich einige Informationen, die es erlauben, zumindest einen Teil der Kindheit der Jungfrau zu rekonstruieren.<\/p>\n<p>Die <strong>Legenda Aurea<\/strong>, die Sammlung hagiografischer Biografien, die der Dominikanerm\u00f6nch Jacopo da Varazze zwischen 1260 und 1298 verfasste, enth\u00e4lt auch Episoden aus dem Leben Marias, der heiligen Anna und des heiligen Joachim, von denen viele gro\u00dfe K\u00fcnstler der Vergangenheit zu <strong>sakralen Kunstwerken<\/strong> inspirierten, die unsterblich geworden sind.<\/p>\n<p>In der Zwischenzeit m\u00f6chten wir an die wundersamen Umst\u00e4nde der <strong>Empf\u00e4ngnis Marias<\/strong> erinnern, die, wie wir alle wissen, rein geboren wurde, unber\u00fchrt von der Erbs\u00fcnde, wie es bei allen anderen M\u00e4nnern und Frauen der Fall ist. <a href=\"https:\/\/www.holyart.de\/devotionalien\/statuen\/statuen-aus-kunstharz-und-pvc\/statue-unbefleckte-empfangnis-nach-murillo-22-cm\"><strong>Das Dogma der Unbefleckten Empf\u00e4ngnis<\/strong><\/a> sieht Maria als heilig von ihrer Empf\u00e4ngnis an, gereinigt von allem B\u00f6sen, bewahrt vor S\u00fcnde, um die Mutter Jesu zu werden.<\/p>\n<p>Wie wir bei der <u>Heiligen Anna<\/u> gesehen haben, waren sie und ihr Mann Joachim unf\u00e4hig, Kinder zu bekommen. Unfruchtbarkeit galt in der j\u00fcdischen Kultur als das schlimmste aller Ungl\u00fccksf\u00e4lle, da sie mit einer g\u00f6ttlichen Strafe in Verbindung gebracht wurde. Joachim, ein frommer Mann, entschied sich, den Tempel zu verlassen, als er wegen seiner Unfruchtbarkeit keine Opfer f\u00fcr Gott erbringen konnte. Er zog sich in die W\u00fcste zur\u00fcck, zu den Hirten, und h\u00f6rte nicht auf, zu Gott zu beten. Auch Anna, die von ihrem Mann verlassen wurde, h\u00f6rte nicht auf zu beten, und schlie\u00dflich wurde ihr Glaube belohnt: Ein <strong>Engel<\/strong> erschien den beiden und <strong>k\u00fcndigte die baldige Geburt eines M\u00e4dchens<\/strong> an. Der himmlische Bote sagte ihnen, dass sie Maria hei\u00dfen und im Tempel wohnen solle, weil sie dazu bestimmt sei, den Sohn Gottes zu geb\u00e4ren.<\/p>\n<div class=\"link-product\">\n<div class=\"blocco-immagine\"><img loading=\"lazy\" decoding=\"async\" class=\"size-full wp-image-1964 alignleft\" src=\"https:\/\/blog.holyart.it\/de\/wp-content\/uploads\/sites\/12\/2022\/08\/Statue-Maria-Geburt.jpg\" alt=\"Statue Maria Geburt\" width=\"100\" height=\"100\" data-kale-share-title=\"Mari\u00e4 Geburt, wann und warum wird sie gefeiert?\" data-kale-share-url=\"https:\/\/blog.holyart.it\/de\/?p=1962\" \/><\/div>\n<div class=\"blocco-contenuto\">\n<div class=\"blocco-acquista\">Einkaufen:<\/div>\n<div class=\"blocco-titolo\"><a href=\"https:\/\/www.holyart.de\/devotionalien\/statuen\/statuen-aus-kunstharz-und-pvc\/statue-maria-geburt-30-cm-kunstharz-farbig-gefasst\">Statue, Mari\u00e4 Geburt, 30 cm, Kunstharz, farbig gefasst <\/a><\/div>\n<div class=\"blocco-descrizione\">Die Statue wird kunsthandwerklich in Italien gefertigt.<\/div>\n<\/div>\n<\/div>\n<p>Das Paar kam wieder zusammen und begr\u00fc\u00dfte sich mit einem Kuss am Goldenen Tor von Jerusalem.<\/p>\n<p>So wurde Maria geboren und lebte zun\u00e4chst im Haus von St. Joachim und St. Anna. Hier wurde sie von ihrer Mutter im Gebet und in der Hingabe an Gott erzogen und lernte gleichzeitig alles, was eine Frau \u00fcber die F\u00fchrung eines Hauses und einer Familie wissen sollte. Sp\u00e4ter wurde sie in den <strong>Tempel<\/strong> gebracht, um von den Hohepriestern unterrichtet zu werden. Es wird erz\u00e4hlt, dass Maria die Aussicht, das Haus ihres Vaters zu verlassen und an diesen strengen und feierlichen Ort zu gehen, freudig begr\u00fc\u00dfte, als ob in ihr, die noch ein Kind war, bereits ein Bewusstsein f\u00fcr das, was ihr Schicksal sein w\u00fcrde, pulsierte.<\/p>\n<div class=\"link-product\">\n<div class=\"blocco-immagine\"><img loading=\"lazy\" decoding=\"async\" class=\"size-full wp-image-1965 alignleft\" src=\"https:\/\/blog.holyart.it\/de\/wp-content\/uploads\/sites\/12\/2022\/08\/Ikone-Hochzeit-Joachim-und-Anna.jpg\" alt=\"Ikone Hochzeit Joachim und Anna\" width=\"100\" height=\"100\" data-kale-share-title=\"Mari\u00e4 Geburt, wann und warum wird sie gefeiert?\" data-kale-share-url=\"https:\/\/blog.holyart.it\/de\/?p=1962\" \/><\/div>\n<div class=\"blocco-contenuto\">\n<div class=\"blocco-acquista\">Einkaufen:<\/div>\n<div class=\"blocco-titolo\"><a href=\"https:\/\/www.holyart.de\/devotionalien\/ikonen\/griechische-ikonen\/ikone-hochzeit-joachim-und-anna\">Ikone Hochzeit Joachim und Anna <\/a><\/div>\n<div class=\"blocco-descrizione\">Sie wird in Griechenland mit Tempera und Blattgold Hand gemalt.<\/div>\n<\/div>\n<\/div>\n<p>Nach der hagiografischen \u00dcberlieferung verbrachte Maria ihre Kindheit im Tempel und teilte ihre Zeit zwischen Gebeten und Besuchen der Engel auf. Ihr Charakter war sanft und mild, ein Vorgriff auf die sch\u00f6ne junge Frau, die die Aufgabe, die Gott ihr vorschlagen w\u00fcrde, auf sich nehmen w\u00fcrde. Eine Entscheidung, die das Schicksal der Welt ver\u00e4ndern w\u00fcrde.<\/p>\n<h2>Verehrung der Heiligen Jungfrau Maria<\/h2>\n<p>Die Verehrung der Jungfrau Maria hat ihre Wurzeln in der Geschichte der \u00e4ltesten Volksfr\u00f6mmigkeit. Die fr\u00fchesten Andachtsformen stammen zweifellos aus der <strong>\u00f6stlichen Liturgie<\/strong>.<\/p>\n<p>Bereits im 10. Jahrhundert wurde in Mailand die <strong>Verehrung der Geburt Marias<\/strong> gepflegt, und am 20. Oktober 1572 weihte der heilige Karl Borrom\u00e4us die Kathedrale der <em>auferstehenden Maria<\/em>.<\/p>\n<div class=\"link-product\">\n<div class=\"blocco-immagine\"><img loading=\"lazy\" decoding=\"async\" class=\"size-full wp-image-1966 alignnone\" src=\"https:\/\/blog.holyart.it\/de\/wp-content\/uploads\/sites\/12\/2022\/08\/statue-aus-harz-junge-maria-mit-zopfen.jpg\" alt=\"statue aus harz junge maria mit zopfen\" width=\"100\" height=\"100\" data-kale-share-title=\"Mari\u00e4 Geburt, wann und warum wird sie gefeiert?\" data-kale-share-url=\"https:\/\/blog.holyart.it\/de\/?p=1962\" \/><\/div>\n<div class=\"blocco-contenuto\">\n<div class=\"blocco-acquista\">Einkaufen:<\/div>\n<div class=\"blocco-titolo\"><a href=\"https:\/\/www.holyart.de\/devotionalien\/statuen\/statuen-aus-kunstharz-und-pvc\/statue-aus-harz-junge-maria-mit-zopfen-20x6-5x6-cm\">Statue aus Harz junge Maria, 20&#215;6,5&#215;6 cm <\/a><\/div>\n<div class=\"blocco-descrizione\">Sch\u00f6ne Statue hergestellt aus Harz mit viel liebe zum Detail.<\/div>\n<\/div>\n<\/div>\n<p>Um 1720 schenkte eine Franziskanernonne, <strong>Schwester Chiara Isabella Fornari<\/strong>, die mit Vorliebe Wachsgesichter des Jesuskindes und des Marienkindes modellierte, den Kapuzinernonnen von Santa Maria degli Angeli in Mailand eine h\u00fcbsche Wachsfigur, die die neugeborene Maria in Windeln gewickelt darstellt. Dank dieses Simulakrums breitete sich die Verehrung der <a href=\"https:\/\/www.holyart.de\/devotionalien\/statuen\/statuen-aus-kunstharz-und-pvc\/statue-aus-harz-junge-maria-mit-zopfen-20x6-5x6-cm\"><strong>Heiligen Jungfrau Maria <\/strong><\/a>stark aus und wurde \u00fcberall verbreitet. Noch heute werden die Schwestern der Kongregation der <strong>Schwestern der N\u00e4chstenliebe von Lovere<\/strong> in Mailand als Schwestern <em>vom Kinde Mariens<\/em> bezeichnet. Die Statuette wurde diesen Schwestern Mitte des 19. Jahrhunderts anvertraut. Da sie sich der Pflege und dem Trost der Kranken im Mail\u00e4nder Ciceri-Krankenhaus widmeten, wurde die Statuette der kindlichen Maria sowohl f\u00fcr die Schwestern als auch f\u00fcr die Kranken zu einem Bezugspunkt und Trost. 1884 wurde ihr auch eine wundersame Heilung zugeschrieben. Seitdem wird das Wunder jedes Jahr am 9. September gefeiert.<\/p>\n","protected":false},"excerpt":{"rendered":"<p>Am 8. September feiern wir die Geburt Marias, der Mutter schlechthin, der Frau, die die Geschichte der Kirche und der Menschheit ver\u00e4ndert hat. Erfahren wir mehr \u00fcber ihre Geburt und Kindheit. Warum einen Artikel \u00fcber die Geburt Marias schreiben? Wir alle kennen die Geschichte von&hellip;<\/p>\n","protected":false},"author":1,"featured_media":1967,"comment_status":"closed","ping_status":"open","sticky":false,"template":"","format":"standard","meta":{"_acf_changed":false,"footnotes":""},"categories":[9,10],"tags":[],"class_list":["post-1962","post","type-post","status-publish","format-standard","has-post-thumbnail","hentry","category-heilige-und-selige","category-devotionalien"],"acf":[],"yoast_head":"<!-- This site is optimized with the Yoast SEO plugin v26.6 - https:\/\/yoast.com\/wordpress\/plugins\/seo\/ -->\n<title>Mari\u00e4 Geburt, wann und warum wird sie gefeiert? - Holyart.de Blog<\/title>\n<meta name=\"description\" content=\"Am 8. September feiern wir die Geburt Marias, der Mutter schlechthin, der Frau, die die Geschichte der Kirche und der Menschheit ver\u00e4ndert hat.\" \/>\n<meta name=\"robots\" content=\"index, follow, max-snippet:-1, max-image-preview:large, max-video-preview:-1\" \/>\n<link rel=\"canonical\" href=\"https:\/\/blog.holyart.it\/de\/devotionalien\/mariae-geburt-wann-und-warum-wird-sie-gefeiert\/\" \/>\n<meta property=\"og:locale\" content=\"de_DE\" \/>\n<meta property=\"og:type\" content=\"article\" \/>\n<meta property=\"og:title\" content=\"Mari\u00e4 Geburt, wann und warum wird sie gefeiert? - Holyart.de Blog\" \/>\n<meta property=\"og:description\" content=\"Am 8. September feiern wir die Geburt Marias, der Mutter schlechthin, der Frau, die die Geschichte der Kirche und der Menschheit ver\u00e4ndert hat.\" \/>\n<meta property=\"og:url\" content=\"https:\/\/blog.holyart.it\/de\/devotionalien\/mariae-geburt-wann-und-warum-wird-sie-gefeiert\/\" \/>\n<meta property=\"og:site_name\" content=\"Holyart.de Blog\" \/>\n<meta property=\"article:published_time\" content=\"2022-09-06T10:30:10+00:00\" \/>\n<meta property=\"article:modified_time\" content=\"2023-07-31T10:14:58+00:00\" \/>\n<meta property=\"og:image\" content=\"https:\/\/blog.holyart.it\/de\/wp-content\/uploads\/sites\/12\/2022\/08\/Maria-Geburt.jpg\" \/>\n\t<meta property=\"og:image:width\" content=\"1000\" \/>\n\t<meta property=\"og:image:height\" content=\"666\" \/>\n\t<meta property=\"og:image:type\" content=\"image\/jpeg\" \/>\n<meta name=\"author\" content=\"Redazione\" \/>\n<meta name=\"twitter:card\" content=\"summary_large_image\" \/>\n<meta name=\"twitter:label1\" content=\"Verfasst von\" \/>\n\t<meta name=\"twitter:data1\" content=\"Redazione\" \/>\n\t<meta name=\"twitter:label2\" content=\"Gesch\u00e4tzte Lesezeit\" \/>\n\t<meta name=\"twitter:data2\" content=\"9\u00a0Minuten\" \/>\n<script type=\"application\/ld+json\" class=\"yoast-schema-graph\">{\"@context\":\"https:\/\/schema.org\",\"@graph\":[{\"@type\":\"Article\",\"@id\":\"https:\/\/blog.holyart.it\/de\/devotionalien\/mariae-geburt-wann-und-warum-wird-sie-gefeiert\/#article\",\"isPartOf\":{\"@id\":\"https:\/\/blog.holyart.it\/de\/devotionalien\/mariae-geburt-wann-und-warum-wird-sie-gefeiert\/\"},\"author\":{\"name\":\"Redazione\",\"@id\":\"https:\/\/blog.holyart.it\/de\/#\/schema\/person\/0a7b686e5af0f856ec1e390dd0baecda\"},\"headline\":\"Mari\u00e4 Geburt, wann und warum wird sie gefeiert?\",\"datePublished\":\"2022-09-06T10:30:10+00:00\",\"dateModified\":\"2023-07-31T10:14:58+00:00\",\"mainEntityOfPage\":{\"@id\":\"https:\/\/blog.holyart.it\/de\/devotionalien\/mariae-geburt-wann-und-warum-wird-sie-gefeiert\/\"},\"wordCount\":1467,\"publisher\":{\"@id\":\"https:\/\/blog.holyart.it\/de\/#organization\"},\"image\":{\"@id\":\"https:\/\/blog.holyart.it\/de\/devotionalien\/mariae-geburt-wann-und-warum-wird-sie-gefeiert\/#primaryimage\"},\"thumbnailUrl\":\"https:\/\/blog.holyart.it\/de\/wp-content\/uploads\/sites\/12\/2022\/08\/Maria-Geburt.jpg\",\"articleSection\":[\"Heilige und Selige\",\"Religion\"],\"inLanguage\":\"de\"},{\"@type\":\"WebPage\",\"@id\":\"https:\/\/blog.holyart.it\/de\/devotionalien\/mariae-geburt-wann-und-warum-wird-sie-gefeiert\/\",\"url\":\"https:\/\/blog.holyart.it\/de\/devotionalien\/mariae-geburt-wann-und-warum-wird-sie-gefeiert\/\",\"name\":\"Mari\u00e4 Geburt, wann und warum wird sie gefeiert? - Holyart.de Blog\",\"isPartOf\":{\"@id\":\"https:\/\/blog.holyart.it\/de\/#website\"},\"primaryImageOfPage\":{\"@id\":\"https:\/\/blog.holyart.it\/de\/devotionalien\/mariae-geburt-wann-und-warum-wird-sie-gefeiert\/#primaryimage\"},\"image\":{\"@id\":\"https:\/\/blog.holyart.it\/de\/devotionalien\/mariae-geburt-wann-und-warum-wird-sie-gefeiert\/#primaryimage\"},\"thumbnailUrl\":\"https:\/\/blog.holyart.it\/de\/wp-content\/uploads\/sites\/12\/2022\/08\/Maria-Geburt.jpg\",\"datePublished\":\"2022-09-06T10:30:10+00:00\",\"dateModified\":\"2023-07-31T10:14:58+00:00\",\"description\":\"Am 8. September feiern wir die Geburt Marias, der Mutter schlechthin, der Frau, die die Geschichte der Kirche und der Menschheit ver\u00e4ndert hat.\",\"breadcrumb\":{\"@id\":\"https:\/\/blog.holyart.it\/de\/devotionalien\/mariae-geburt-wann-und-warum-wird-sie-gefeiert\/#breadcrumb\"},\"inLanguage\":\"de\",\"potentialAction\":[{\"@type\":\"ReadAction\",\"target\":[\"https:\/\/blog.holyart.it\/de\/devotionalien\/mariae-geburt-wann-und-warum-wird-sie-gefeiert\/\"]}]},{\"@type\":\"ImageObject\",\"inLanguage\":\"de\",\"@id\":\"https:\/\/blog.holyart.it\/de\/devotionalien\/mariae-geburt-wann-und-warum-wird-sie-gefeiert\/#primaryimage\",\"url\":\"https:\/\/blog.holyart.it\/de\/wp-content\/uploads\/sites\/12\/2022\/08\/Maria-Geburt.jpg\",\"contentUrl\":\"https:\/\/blog.holyart.it\/de\/wp-content\/uploads\/sites\/12\/2022\/08\/Maria-Geburt.jpg\",\"width\":1000,\"height\":666},{\"@type\":\"BreadcrumbList\",\"@id\":\"https:\/\/blog.holyart.it\/de\/devotionalien\/mariae-geburt-wann-und-warum-wird-sie-gefeiert\/#breadcrumb\",\"itemListElement\":[{\"@type\":\"ListItem\",\"position\":1,\"name\":\"Homepage\",\"item\":\"https:\/\/blog.holyart.it\/de\/\"},{\"@type\":\"ListItem\",\"position\":2,\"name\":\"Religion\",\"item\":\"https:\/\/blog.holyart.it\/de\/devotionalien\/\"},{\"@type\":\"ListItem\",\"position\":3,\"name\":\"Mari\u00e4 Geburt, wann und warum wird sie gefeiert?\"}]},{\"@type\":\"WebSite\",\"@id\":\"https:\/\/blog.holyart.it\/de\/#website\",\"url\":\"https:\/\/blog.holyart.it\/de\/\",\"name\":\"Holyart.de Blog\",\"description\":\"Holyblog\",\"publisher\":{\"@id\":\"https:\/\/blog.holyart.it\/de\/#organization\"},\"potentialAction\":[{\"@type\":\"SearchAction\",\"target\":{\"@type\":\"EntryPoint\",\"urlTemplate\":\"https:\/\/blog.holyart.it\/de\/?s={search_term_string}\"},\"query-input\":{\"@type\":\"PropertyValueSpecification\",\"valueRequired\":true,\"valueName\":\"search_term_string\"}}],\"inLanguage\":\"de\"},{\"@type\":\"Organization\",\"@id\":\"https:\/\/blog.holyart.it\/de\/#organization\",\"name\":\"Holyart.de Blog\",\"url\":\"https:\/\/blog.holyart.it\/de\/\",\"logo\":{\"@type\":\"ImageObject\",\"inLanguage\":\"de\",\"@id\":\"https:\/\/blog.holyart.it\/de\/#\/schema\/logo\/image\/\",\"url\":\"https:\/\/blog.holyart.it\/de\/wp-content\/uploads\/sites\/12\/2022\/12\/Holyart_Blog_Logo.jpg\",\"contentUrl\":\"https:\/\/blog.holyart.it\/de\/wp-content\/uploads\/sites\/12\/2022\/12\/Holyart_Blog_Logo.jpg\",\"width\":300,\"height\":50,\"caption\":\"Holyart.de Blog\"},\"image\":{\"@id\":\"https:\/\/blog.holyart.it\/de\/#\/schema\/logo\/image\/\"}},{\"@type\":\"Person\",\"@id\":\"https:\/\/blog.holyart.it\/de\/#\/schema\/person\/0a7b686e5af0f856ec1e390dd0baecda\",\"name\":\"Redazione\",\"image\":{\"@type\":\"ImageObject\",\"inLanguage\":\"de\",\"@id\":\"https:\/\/blog.holyart.it\/de\/#\/schema\/person\/image\/\",\"url\":\"https:\/\/secure.gravatar.com\/avatar\/f477da817f43e50d0af36abecd33e3edf826c68299714bdc1057dff3b113f516?s=96&d=mm&r=g\",\"contentUrl\":\"https:\/\/secure.gravatar.com\/avatar\/f477da817f43e50d0af36abecd33e3edf826c68299714bdc1057dff3b113f516?s=96&d=mm&r=g\",\"caption\":\"Redazione\"}}]}<\/script>\n<!-- \/ Yoast SEO plugin. -->","yoast_head_json":{"title":"Mari\u00e4 Geburt, wann und warum wird sie gefeiert? - Holyart.de Blog","description":"Am 8. September feiern wir die Geburt Marias, der Mutter schlechthin, der Frau, die die Geschichte der Kirche und der Menschheit ver\u00e4ndert hat.","robots":{"index":"index","follow":"follow","max-snippet":"max-snippet:-1","max-image-preview":"max-image-preview:large","max-video-preview":"max-video-preview:-1"},"canonical":"https:\/\/blog.holyart.it\/de\/devotionalien\/mariae-geburt-wann-und-warum-wird-sie-gefeiert\/","og_locale":"de_DE","og_type":"article","og_title":"Mari\u00e4 Geburt, wann und warum wird sie gefeiert? - Holyart.de Blog","og_description":"Am 8. September feiern wir die Geburt Marias, der Mutter schlechthin, der Frau, die die Geschichte der Kirche und der Menschheit ver\u00e4ndert hat.","og_url":"https:\/\/blog.holyart.it\/de\/devotionalien\/mariae-geburt-wann-und-warum-wird-sie-gefeiert\/","og_site_name":"Holyart.de Blog","article_published_time":"2022-09-06T10:30:10+00:00","article_modified_time":"2023-07-31T10:14:58+00:00","og_image":[{"width":1000,"height":666,"url":"https:\/\/blog.holyart.it\/de\/wp-content\/uploads\/sites\/12\/2022\/08\/Maria-Geburt.jpg","type":"image\/jpeg"}],"author":"Redazione","twitter_card":"summary_large_image","twitter_misc":{"Verfasst von":"Redazione","Gesch\u00e4tzte Lesezeit":"9\u00a0Minuten"},"schema":{"@context":"https:\/\/schema.org","@graph":[{"@type":"Article","@id":"https:\/\/blog.holyart.it\/de\/devotionalien\/mariae-geburt-wann-und-warum-wird-sie-gefeiert\/#article","isPartOf":{"@id":"https:\/\/blog.holyart.it\/de\/devotionalien\/mariae-geburt-wann-und-warum-wird-sie-gefeiert\/"},"author":{"name":"Redazione","@id":"https:\/\/blog.holyart.it\/de\/#\/schema\/person\/0a7b686e5af0f856ec1e390dd0baecda"},"headline":"Mari\u00e4 Geburt, wann und warum wird sie gefeiert?","datePublished":"2022-09-06T10:30:10+00:00","dateModified":"2023-07-31T10:14:58+00:00","mainEntityOfPage":{"@id":"https:\/\/blog.holyart.it\/de\/devotionalien\/mariae-geburt-wann-und-warum-wird-sie-gefeiert\/"},"wordCount":1467,"publisher":{"@id":"https:\/\/blog.holyart.it\/de\/#organization"},"image":{"@id":"https:\/\/blog.holyart.it\/de\/devotionalien\/mariae-geburt-wann-und-warum-wird-sie-gefeiert\/#primaryimage"},"thumbnailUrl":"https:\/\/blog.holyart.it\/de\/wp-content\/uploads\/sites\/12\/2022\/08\/Maria-Geburt.jpg","articleSection":["Heilige und Selige","Religion"],"inLanguage":"de"},{"@type":"WebPage","@id":"https:\/\/blog.holyart.it\/de\/devotionalien\/mariae-geburt-wann-und-warum-wird-sie-gefeiert\/","url":"https:\/\/blog.holyart.it\/de\/devotionalien\/mariae-geburt-wann-und-warum-wird-sie-gefeiert\/","name":"Mari\u00e4 Geburt, wann und warum wird sie gefeiert? - Holyart.de Blog","isPartOf":{"@id":"https:\/\/blog.holyart.it\/de\/#website"},"primaryImageOfPage":{"@id":"https:\/\/blog.holyart.it\/de\/devotionalien\/mariae-geburt-wann-und-warum-wird-sie-gefeiert\/#primaryimage"},"image":{"@id":"https:\/\/blog.holyart.it\/de\/devotionalien\/mariae-geburt-wann-und-warum-wird-sie-gefeiert\/#primaryimage"},"thumbnailUrl":"https:\/\/blog.holyart.it\/de\/wp-content\/uploads\/sites\/12\/2022\/08\/Maria-Geburt.jpg","datePublished":"2022-09-06T10:30:10+00:00","dateModified":"2023-07-31T10:14:58+00:00","description":"Am 8. September feiern wir die Geburt Marias, der Mutter schlechthin, der Frau, die die Geschichte der Kirche und der Menschheit ver\u00e4ndert hat.","breadcrumb":{"@id":"https:\/\/blog.holyart.it\/de\/devotionalien\/mariae-geburt-wann-und-warum-wird-sie-gefeiert\/#breadcrumb"},"inLanguage":"de","potentialAction":[{"@type":"ReadAction","target":["https:\/\/blog.holyart.it\/de\/devotionalien\/mariae-geburt-wann-und-warum-wird-sie-gefeiert\/"]}]},{"@type":"ImageObject","inLanguage":"de","@id":"https:\/\/blog.holyart.it\/de\/devotionalien\/mariae-geburt-wann-und-warum-wird-sie-gefeiert\/#primaryimage","url":"https:\/\/blog.holyart.it\/de\/wp-content\/uploads\/sites\/12\/2022\/08\/Maria-Geburt.jpg","contentUrl":"https:\/\/blog.holyart.it\/de\/wp-content\/uploads\/sites\/12\/2022\/08\/Maria-Geburt.jpg","width":1000,"height":666},{"@type":"BreadcrumbList","@id":"https:\/\/blog.holyart.it\/de\/devotionalien\/mariae-geburt-wann-und-warum-wird-sie-gefeiert\/#breadcrumb","itemListElement":[{"@type":"ListItem","position":1,"name":"Homepage","item":"https:\/\/blog.holyart.it\/de\/"},{"@type":"ListItem","position":2,"name":"Religion","item":"https:\/\/blog.holyart.it\/de\/devotionalien\/"},{"@type":"ListItem","position":3,"name":"Mari\u00e4 Geburt, wann und warum wird sie gefeiert?"}]},{"@type":"WebSite","@id":"https:\/\/blog.holyart.it\/de\/#website","url":"https:\/\/blog.holyart.it\/de\/","name":"Holyart.de Blog","description":"Holyblog","publisher":{"@id":"https:\/\/blog.holyart.it\/de\/#organization"},"potentialAction":[{"@type":"SearchAction","target":{"@type":"EntryPoint","urlTemplate":"https:\/\/blog.holyart.it\/de\/?s={search_term_string}"},"query-input":{"@type":"PropertyValueSpecification","valueRequired":true,"valueName":"search_term_string"}}],"inLanguage":"de"},{"@type":"Organization","@id":"https:\/\/blog.holyart.it\/de\/#organization","name":"Holyart.de Blog","url":"https:\/\/blog.holyart.it\/de\/","logo":{"@type":"ImageObject","inLanguage":"de","@id":"https:\/\/blog.holyart.it\/de\/#\/schema\/logo\/image\/","url":"https:\/\/blog.holyart.it\/de\/wp-content\/uploads\/sites\/12\/2022\/12\/Holyart_Blog_Logo.jpg","contentUrl":"https:\/\/blog.holyart.it\/de\/wp-content\/uploads\/sites\/12\/2022\/12\/Holyart_Blog_Logo.jpg","width":300,"height":50,"caption":"Holyart.de Blog"},"image":{"@id":"https:\/\/blog.holyart.it\/de\/#\/schema\/logo\/image\/"}},{"@type":"Person","@id":"https:\/\/blog.holyart.it\/de\/#\/schema\/person\/0a7b686e5af0f856ec1e390dd0baecda","name":"Redazione","image":{"@type":"ImageObject","inLanguage":"de","@id":"https:\/\/blog.holyart.it\/de\/#\/schema\/person\/image\/","url":"https:\/\/secure.gravatar.com\/avatar\/f477da817f43e50d0af36abecd33e3edf826c68299714bdc1057dff3b113f516?s=96&d=mm&r=g","contentUrl":"https:\/\/secure.gravatar.com\/avatar\/f477da817f43e50d0af36abecd33e3edf826c68299714bdc1057dff3b113f516?s=96&d=mm&r=g","caption":"Redazione"}}]}},"_links":{"self":[{"href":"https:\/\/blog.holyart.it\/de\/wp-json\/wp\/v2\/posts\/1962","targetHints":{"allow":["GET"]}}],"collection":[{"href":"https:\/\/blog.holyart.it\/de\/wp-json\/wp\/v2\/posts"}],"about":[{"href":"https:\/\/blog.holyart.it\/de\/wp-json\/wp\/v2\/types\/post"}],"author":[{"embeddable":true,"href":"https:\/\/blog.holyart.it\/de\/wp-json\/wp\/v2\/users\/1"}],"replies":[{"embeddable":true,"href":"https:\/\/blog.holyart.it\/de\/wp-json\/wp\/v2\/comments?post=1962"}],"version-history":[{"count":1,"href":"https:\/\/blog.holyart.it\/de\/wp-json\/wp\/v2\/posts\/1962\/revisions"}],"predecessor-version":[{"id":2790,"href":"https:\/\/blog.holyart.it\/de\/wp-json\/wp\/v2\/posts\/1962\/revisions\/2790"}],"wp:featuredmedia":[{"embeddable":true,"href":"https:\/\/blog.holyart.it\/de\/wp-json\/wp\/v2\/media\/1967"}],"wp:attachment":[{"href":"https:\/\/blog.holyart.it\/de\/wp-json\/wp\/v2\/media?parent=1962"}],"wp:term":[{"taxonomy":"category","embeddable":true,"href":"https:\/\/blog.holyart.it\/de\/wp-json\/wp\/v2\/categories?post=1962"},{"taxonomy":"post_tag","embeddable":true,"href":"https:\/\/blog.holyart.it\/de\/wp-json\/wp\/v2\/tags?post=1962"}],"curies":[{"name":"wp","href":"https:\/\/api.w.org\/{rel}","templated":true}]}}