{"id":1917,"date":"2022-08-16T12:30:58","date_gmt":"2022-08-16T10:30:58","guid":{"rendered":"https:\/\/blog.holyart.it\/de\/?p=1917"},"modified":"2022-08-02T09:47:44","modified_gmt":"2022-08-02T07:47:44","slug":"amen-kollektion-wenn-glaube-und-mode-aufeinandertreffen","status":"publish","type":"post","link":"https:\/\/blog.holyart.it\/de\/devotionalien\/amen-kollektion-wenn-glaube-und-mode-aufeinandertreffen\/","title":{"rendered":"Amen-Kollektion: Wenn Glaube und Mode aufeinandertreffen"},"content":{"rendered":"<h4 style=\"text-align: center;\"><em>Es ist nicht einfach, Glauben und Mode zu verbinden. Die beiden Konzepte, die nebeneinander gestellt werden, k\u00f6nnten unpassend erscheinen. Was hat der Glaube, der ultimative Ausdruck der Spiritualit\u00e4t und des inneren Dialogs zwischen Mensch und Gott, mit etwas so \u00c4u\u00dferlichem, Verg\u00e4nglichem, ja Frivolem wie der Mode zu tun? Dies ist jedoch nicht immer der Fall.<\/em><\/h4>\n\n<p>Es gibt Ausnahmen, modische, ja sogar luxuri\u00f6se Objekte, die es verstehen, die Grundbegriffe der katholischen Religion in einer neuen, originellen und ausgesprochen glamour\u00f6sen Sprache auszudr\u00fccken.<\/p>\n<p>Dies sind die Schmuckst\u00fccke der <a href=\"https:\/\/www.holyart.de\/devotionalien\/religioser-schmuck\/anhanger-kreuze-broschen-ketten\"><strong>Amen-Kollektion<\/strong>.<\/a> Einzigartig in ihrer Art, haben sie sich in den letzten Jahren in Italien und im Ausland etabliert und bieten eine gelungene Kombination aus Mode, Eleganz und geistigem Ausdruck. Das Konzept ist in seiner Intensit\u00e4t einfach: Geben Sie den Menschen, die Sie lieben, jeden Tag Worte des Glaubens, lassen Sie sie sp\u00fcren, dass sie nicht allein sind, sondern dass sie geliebt und besch\u00fctzt werden, dass unser Geist mit ihnen ist, zu jeder Zeit, aber noch mehr, dass Jesus mit ihnen ist.<\/p>\n<p>Die Kraft des Glaubens, die Liebe zu Gott, die die Grundlage und das Ziel der Religion ist, eine hohe, universelle Liebe, findet in diesen <a href=\"https:\/\/www.holyart.de\/blog\/devotionalien\/religioeser-schmuck-mode-oder-hingabe\/\"><strong>Juwelen<\/strong><\/a> einen Ausdruck von gro\u00dfer Zartheit und zugleich Intensit\u00e4t.<\/p>\n<div class=\"link-article\">\n<p><img loading=\"lazy\" decoding=\"async\" class=\"size-full wp-image-1920 alignleft\" src=\"https:\/\/blog.holyart.it\/de\/wp-content\/uploads\/sites\/12\/2022\/08\/Religioser-Schmuck-1.jpg\" alt=\"Religioser Schmuck\" width=\"150\" height=\"99\" data-kale-share-title=\"Amen-Kollektion: Wenn Glaube und Mode aufeinandertreffen\" data-kale-share-url=\"https:\/\/blog.holyart.it\/de\/?p=1917\" \/><\/p>\n<div class=\"leggi-anche\">Lesen Sie auch:<\/div>\n<p><strong><a href=\"https:\/\/www.holyart.de\/blog\/devotionalien\/religioeser-schmuck-mode-oder-hingabe\/\">Religi\u00f6ser Schmuck: Mode oder Hingabe?<\/a><\/strong><br \/>\nEs wird viel \u00fcber den Trend gesprochen, der sich in den letzten Jahren durchgesetzt hat, religi\u00f6sen Schmuck zu tragen&#8230;<\/p>\n<\/div>\n<p>Doch woher kommt dieses innovative Ph\u00e4nomen? Es ist der Unternehmer Giovanni Licastro, der 2012 die Idee hatte, von der christlichen Religion inspirierten Schmuck zu kreieren. Ein Schmuckst\u00fcck aus Worten, besonderen Worten.<\/p>\n<p>Eine Idee, die von einem gl\u00e4ubigen Menschen geboren wurde, der sich an andere gl\u00e4ubige Menschen wendet und Schmuckst\u00fccke vorschl\u00e4gt, die zur Seele sprechen und in jedem Augenblick des Tages das geistige Engagement des Tr\u00e4gers zum Ausdruck bringen. Die Designstudie, die hinter jedem einzelnen St\u00fcck der Amen-Kollektion steht, ist pr\u00e4zise und \u00fcberraschend.<\/p>\n<p>Die Herausforderung war nicht einfach. Es ging darum, eine spirituelle Sprache modern zu interpretieren, die auf der eigenen Innerlichkeit, den Erinnerungen, den Hoffnungen, den intimsten Sehns\u00fcchten, aber auch auf der Achtung beruht, die der Religion in all ihren Erscheinungsformen geb\u00fchrt. Ein heikles Unterfangen, aus dem eine einzigartige Marke hervorging.<\/p>\n<p>Der Glaube ist eine Entscheidung, die von innen kommt, ein Wunsch, zu etwas Gr\u00f6\u00dferem und Wertvollerem zu geh\u00f6ren. Eine individuelle und bewusste Erfahrung also, die uns gleichzeitig in den tiefsten Teil von uns und in die universelle Liebe, die Gott ist, projiziert. Der Amen-Schmuck umfasst ein umfassenderes Konzept der Liebe, der Liebe zum Ehemann oder zur Ehefrau, zum Partner, zu den Kindern, zu den Freunden, zu allen Menschen.<\/p>\n<p>Schon die Wahl des Namens <strong>Amen<\/strong> entspringt dem Wunsch, die religi\u00f6se Botschaft durch diese modischen Objekte zu vermitteln. Es ist ein Klang, den man in allen L\u00e4ndern der Welt wiedererkennt und an den man sich leicht erinnert, ein Tr\u00e4ger des universellen Glaubens. Amen ist ein hebr\u00e4isches Wort, das in der christlichen Liturgie als Schlussformel f\u00fcr Gebete und Hymnen verwendet wird. Seine Bedeutung l\u00e4sst sich als \u201egewiss\u201c, \u201ewahrhaftig\u201c, \u201eso sei es\u201c zusammenfassen.<\/p>\n<p>Aber die etymologischen Nuancen von Amen sind vielf\u00e4ltig und w\u00fcrden einen eigenen Artikel verdienen. Im Neuen Testament f\u00fchrt Jesus mit diesem Wort die grundlegenden Prinzipien ein, die es ausdr\u00fcckt, und es ist, als ob er damit deren Wahrhaftigkeit betonte: <em>\u201cAmen, amen, ich sage euch\u201c &#8211; mit der Bedeutung: \u201eWahrlich, ich sage euch\u201c, \u201eWas ich sage, ist wahr und gewiss\u201c.<\/em><\/p>\n<div class=\"link-product\">\n<div class=\"blocco-immagine\"><img loading=\"lazy\" decoding=\"async\" class=\"size-full wp-image-1926 alignleft\" src=\"https:\/\/blog.holyart.it\/de\/wp-content\/uploads\/sites\/12\/2022\/08\/Anhanger-Kreuze-Broschen-Ketten.jpg\" alt=\"Anhanger, Kreuze, Broschen, Ketten\" width=\"100\" height=\"100\" data-kale-share-title=\"Amen-Kollektion: Wenn Glaube und Mode aufeinandertreffen\" data-kale-share-url=\"https:\/\/blog.holyart.it\/de\/?p=1917\" \/><\/div>\n<div class=\"blocco-contenuto\">\n<div class=\"blocco-acquista\">Einkaufen:<\/div>\n<div class=\"blocco-titolo\"><a href=\"https:\/\/www.holyart.de\/devotionalien\/religioser-schmuck\/anhanger-kreuze-broschen-ketten\"><strong>Anh\u00e4nger,<\/strong> <strong>Kreuze, Broschen, Ketten<\/strong><\/a><\/div>\n<div class=\"blocco-descrizione\">In dieser Produktkategorie finden Sie: Medaillen, Anh\u00e4nger in Kreuz- und Taubenform<\/div>\n<\/div>\n<\/div>\n<p>Amen-Schmuck ist das Ergebnis sorgf\u00e4ltiger Studien und revolution\u00e4rer kreativer Prozesse. Er wird aus ausgew\u00e4hlten edlen Materialien, Metall, echtem Leder, Flussperlen, Murano-Perlen, Zirkonia, Halbedelsteinen und mit gr\u00f6\u00dfter Sorgfalt f\u00fcr alle Details hergestellt. Die Armb\u00e4nder und Halsketten von Amen zeichnen sich insbesondere durch den innovativen magnetischen Stahlverschluss, die Gravurtechnik der W\u00f6rter und die Farbcodes aus. Der Slogan des Unternehmens lautet: <em>Faith is Fashion<\/em>. Alle Produktionsschritte finden in Italien statt.<\/p>\n<p>Die Amen-Kollektionen bieten Schmuck aller Art: Halsketten, Armb\u00e4nder, Ringe, Rosenkr\u00e4nze und so weiter. Wir m\u00f6chten uns besonders auf <a href=\"https:\/\/www.holyart.de\/devotionalien\/religioser-schmuck\"><strong>Ringe und Armb\u00e4nder konzentrieren, die Sie in unserem Online-Shop finden k\u00f6nnen.<\/strong><\/a><\/p>\n<h2>Amen Kollektion: Ringe<\/h2>\n<p>Die <a href=\"https:\/\/www.holyart.de\/devotionalien\/gebetsringe\"><strong>Ringe der Amen-Kollektion<\/strong><\/a> sind wirklich wunderbare Schmuckst\u00fccke, die f\u00fcr alle Gelegenheiten geeignet sind. Die Materialien, aus denen sie hergestellt werden, sind sorgf\u00e4ltig ausgew\u00e4hlt und werten die ohnehin schon exquisiten Objekte in Bezug auf Verarbeitung und Eleganz noch weiter auf. Viele Modelle sind sowohl f\u00fcr Frauen als auch f\u00fcr M\u00e4nner geeignet und bieten einen wirklich einzigartigen Stil.<\/p>\n<p>Im Katalog von Holyart finden Sie verschiedene Modelle von <strong>Amen-Gebetsringen<\/strong>, die alle vollst\u00e4ndig in Italien aus handgefertigtem 925er Silber hergestellt werden,<a href=\"https:\/\/www.holyart.de\/devotionalien\/gebetsringe\/ring-amen-ave-maria-rosa-silber-9251\"><strong>\u00a0wie Amen-Ring aus 925er Silber<\/strong><\/a> mit oder ohne Ros\u00e9-Finish, mit eingraviertem Vaterunser oder Ave Maria auf der Oberfl\u00e4che. Dieses Modell ist auch in wei\u00dfem 925er Silber, verziert mit wei\u00dfen Zirkonen, erh\u00e4ltlich.<\/p>\n<p>Der <a href=\"https:\/\/www.holyart.de\/devotionalien\/gebetsringe\/ring-amen-silber-925-zirkonen\"><strong>Amen<\/strong>&#8211;<strong>Ring mit kleinen Bl\u00e4ttern<\/strong><\/a> im Inneren des Bandes, rhodiniert auf schwarzem Rhodiumgrund und verziert mit kleinen schwarzen Zirkonia, ist etwas Besonderes und in verschiedenen Gr\u00f6\u00dfen erh\u00e4ltlich.<\/p>\n<p>F\u00fcr diejenigen, die einen raffinierten Ring f\u00fcr besondere Anl\u00e4sse suchen, gibt es komplexere und kostbarere Modelle, die mit Zirkonia verziert sind, <a href=\"https:\/\/www.holyart.de\/devotionalien\/gebetsringe\/ring-amen-silber-925-lebensbaum-mit-zirkonen\"><strong>wie der Amen-Ring aus 925er rhodiniertem Silber mit dem Baum des Lebens<\/strong><\/a>, der von einem Kreis umgeben ist, der mit wei\u00dfen Zirkonia verziert ist, und der in verschiedenen Durchmessern erh\u00e4ltlich ist, oder der Amen-Ring aus 925er Silber mit schwarzer Rhodiumbeschichtung, der in der Mitte zwei etwa 2 cm lange <a href=\"https:\/\/www.holyart.de\/devotionalien\/gebetsringe\/ring-amen-silber-925-engel-flugel-schwarze-zirkonen\"><strong>Engelsfl\u00fcgel<\/strong><\/a> tr\u00e4gt, die mit schwarzen Zirkonia verziert sind. Oder der maskulinere Ring AMEN aus 925er Silber mit br\u00fcnierter Oberfl\u00e4che und einem <strong>Onyx im Cabochon-Schliff<\/strong> in der Mitte, der ihm eine konvexe Oberseite und eine flache Basis verleiht. Auf beiden Seiten des Steins befinden sich zwei Heilige Herzen.<\/p>\n<table class=\"widefat sliders-list\">\n<tbody>\n<tr class=\"slider-row\">\n<td><div class=\"sp-styles-warning\" style=\"width: 450px; background-color: #FFF; color: #F00; border: 1px solid #F00; padding: 10px; font-size: 14px;\">\n\t\t\t<span style=\"font-weight: bold;\">Warning: The stylesheets were not loaded!<\/span> \n\t\t\tYou will need to change the <i>Load stylesheets<\/i> setting from <i>Automatically<\/i> to <i>On homepage<\/i> or <i>On all pages<\/i>. \n\t\t\tYou can set that <a style=\"text-decoration: underline; color: #F00;\" href=\"https:\/\/blog.holyart.it\/de\/wp-admin\/admin.php?page=sliderpro-settings\">here<\/a>.\n\t\t\t<\/div>\r\n<div id=\"slider-pro-22\" class=\"slider-pro sp-no-js\" style=\"width: 500px; height: 500px;\">\r\n\t<div class=\"sp-slides\">\r\n\t\t\r\n\t\t<div class=\"sp-slide\">\r\n\t\t\t<img loading=\"lazy\" decoding=\"async\" class=\"sp-image\" src=\"https:\/\/blog.holyart.it\/de\/wp-content\/uploads\/sites\/12\/2022\/08\/Ring-AMEN-Ave-Maria-rosa-Silber-925.jpg\" alt=\"Ring AMEN Ave Maria rosa Silber 925\" width=\"500\" height=\"500\" \/>\r\n\t\t\t<div class=\"sp-thumbnail\"><img decoding=\"async\" src=\"https:\/\/blog.holyart.it\/de\/wp-content\/uploads\/sites\/12\/2022\/08\/Ring-AMEN-Ave-Maria-rosa-Silber-925-150x150.jpg\" \/>\r\n\t\t\t<\/div>\r\n\t\t\t<div class=\"sp-caption\">Ring AMEN Ave Maria rosa Silber 925. Ring AMEN realisiert aus rosa Silber 925 und verfeinert mit dem Gebet Ave Maria auf ITALIENISCH. <BR \/><strong><a href=\"https:\/\/www.holyart.de\/devotionalien\/gebetsringe\/ring-amen-ave-maria-rosa-silber-9251\">Bei Holyart kaufen<\/a><\/strong><\/div>\r\n\t\t<\/div>\r\n\t\t<div class=\"sp-slide\">\r\n\t\t\t<img loading=\"lazy\" decoding=\"async\" class=\"sp-image\" src=\"https:\/\/blog.holyart.it\/de\/wp-content\/uploads\/sites\/12\/2022\/08\/Ring-AMEN-Silber-925-Zirkonen.jpg\" alt=\"Ring AMEN Silber 925 Zirkonen\" width=\"500\" height=\"500\" \/>\r\n\t\t\t<div class=\"sp-thumbnail\"><img decoding=\"async\" src=\"https:\/\/blog.holyart.it\/de\/wp-content\/uploads\/sites\/12\/2022\/08\/Ring-AMEN-Silber-925-Zirkonen-150x150.jpg\" \/>\r\n\t\t\t<\/div>\r\n\t\t\t<div class=\"sp-caption\">Ring AMEN Silber 925 Zirkonen. Ring AMEN realisiert aus rodinierten Silber 925 verfeinert mit kleinen Bl\u00e4ttern und Zirkonen.  <BR \/><strong><a href=\"https:\/\/www.holyart.de\/devotionalien\/gebetsringe\/ring-amen-silber-925-zirkonen\">Bei Holyart kaufen<\/a><\/strong><\/div>\r\n\t\t<\/div>\r\n\t\t<div class=\"sp-slide\">\r\n\t\t\t<img loading=\"lazy\" decoding=\"async\" class=\"sp-image\" src=\"https:\/\/blog.holyart.it\/de\/wp-content\/uploads\/sites\/12\/2022\/08\/Ring-AMEN-Silber-925-Lebensbaum-mit-Zirkonen.jpg\" alt=\"Ring AMEN Silber 925 Lebensbaum mit Zirkonen\" width=\"500\" height=\"500\" \/>\r\n\t\t\t<div class=\"sp-thumbnail\"><img decoding=\"async\" src=\"https:\/\/blog.holyart.it\/de\/wp-content\/uploads\/sites\/12\/2022\/08\/Ring-AMEN-Silber-925-Lebensbaum-mit-Zirkonen-150x150.jpg\" \/>\r\n\t\t\t<\/div>\r\n\t\t\t<div class=\"sp-caption\">Ring AMEN Silber 925 Lebensbaum mit Zirkonen. Ring AMEN realisiert aus Silber 925 und verfeinet mit dem Symbol des Lebensbaum und weissen Zirkonen. <BR \/><strong><a href=\"https:\/\/www.holyart.de\/devotionalien\/gebetsringe\/ring-amen-silber-925-lebensbaum-mit-zirkonen\">Bei Holyart kaufen<\/a><\/strong><\/div>\r\n\t\t<\/div>\r\n\t\t<div class=\"sp-slide\">\r\n\t\t\t<img loading=\"lazy\" decoding=\"async\" class=\"sp-image\" src=\"https:\/\/blog.holyart.it\/de\/wp-content\/uploads\/sites\/12\/2022\/08\/Ring-AMEN-Silber-925-Engel-Fl\u00fcgel-schwarze-Zirkonen.jpg\" alt=\"Ring AMEN Silber 925 Engel Fl\u00fcgel schwarze Zirkonen\" width=\"500\" height=\"500\" \/>\r\n\t\t\t<div class=\"sp-thumbnail\"><img decoding=\"async\" src=\"https:\/\/blog.holyart.it\/de\/wp-content\/uploads\/sites\/12\/2022\/08\/Ring-AMEN-Silber-925-Engel-Fl\u00fcgel-schwarze-Zirkonen-150x150.jpg\" \/>\r\n\t\t\t<\/div>\r\n\t\t\t<div class=\"sp-caption\">Ring AMEN Silber 925 Engel Fl\u00fcgel schwarze Zirkonen. Ring AMEN realisiert aus rodinierten Silber 925 und verfeinert mit den Engel Fl\u00fcgeln (etwa 2cm) mit schwarzen Zirkonen. <BR \/><strong><a href=\"https:\/\/www.holyart.de\/devotionalien\/gebetsringe\/ring-amen-silber-925-engel-flugel-schwarze-zirkonen\">Bei Holyart kaufen<\/a><\/strong><\/div>\r\n\t\t<\/div>\r\n\t<\/div>\r\n<\/div><\/td>\n<\/tr>\n<\/tbody>\n<\/table>\n<p>&nbsp;<\/p>\n<h2>Amen Kollektion: Armb\u00e4nder<\/h2>\n<p><a href=\"https:\/\/www.holyart.de\/devotionalien\/religiose-armbander\/armbander-amen\"><strong>Die Armb\u00e4nder der Amen Kollektion<\/strong><\/a> werden vollst\u00e4ndig in Italien hergestellt. Sie sind in verschiedenen Materialien erh\u00e4ltlich, von Leder \u00fcber Bronze und Silber bis hin zu Gummi, um allen Geschm\u00e4ckern und Taschen gerecht zu werden.<\/p>\n<p>Die <strong>Amen<\/strong>&#8211;<strong>Lederarmb\u00e4nder <\/strong>sind alle aus hypoallergenem 316L-Stahl und pflanzlich gegerbtem Leder hergestellt, nickel-, kadmium- und bleifrei. Jede elektrolytische Rhodium-\/Goldbeschichtung ist nickelfrei. Viele sind mit den Worten des Vaterunsers oder dem Ave Maria oder anderen Gebeten graviert, aber es gibt auch das Amen-Armband mit den Worten <em>Ich liebe dich<\/em> in allen Sprachen der Welt, das mit den Zehn Geboten, das mit den S\u00e4tzen von Mutter Teresa von Kalkutta und die mit dem Gebet von Papst Franziskus.<\/p>\n<div class=\"link-article\">\n<p><img loading=\"lazy\" decoding=\"async\" class=\"size-full wp-image-1929 alignleft\" src=\"https:\/\/blog.holyart.it\/de\/wp-content\/uploads\/sites\/12\/2022\/08\/Engel-rufen-1.jpg\" alt=\"Engel-rufen\" width=\"150\" height=\"100\" data-kale-share-title=\"Amen-Kollektion: Wenn Glaube und Mode aufeinandertreffen\" data-kale-share-url=\"https:\/\/blog.holyart.it\/de\/?p=1917\" \/><\/p>\n<div class=\"leggi-anche\">Lesen Sie auch:<\/div>\n<p><strong><a href=\"https:\/\/www.holyart.de\/blog\/devotionalien\/engelsrufender-schmuck-weil-wir-nie-allein-sind\/\">Engelsrufender Schmuck: weil wir nie allein sind.<\/a><\/strong><br \/>\nIn den letzten Jahren ist eine ganz besondere Art von Schmuck popul\u00e4r geworden: die Halsketten und Armb\u00e4nder Engelsrufer.<\/p>\n<\/div>\n<p>Es gibt auch <strong>Amen-Armb\u00e4nder aus Bronze<\/strong> mit der Gravur des Vaterunsers in Latein, <strong>Amen-Armb\u00e4nder aus Silber und Murano-Perlen oder Flussperlen<\/strong> in verschiedenen Farben mit einem 925er Silberanh\u00e4nger in Form eines Engels, in den das Gebet des Engels Gottes in Italienisch eingraviert ist.<\/p>\n<p>Modern und elegant sind die <a href=\"https:\/\/www.holyart.de\/devotionalien\/religiose-armbander\/armbander-amen\/armband-von-amen-aus-lurex-und-925er-silber-mit-zirkoniasteinen\"><strong>Amen-Armb\u00e4nder in Gold und rhodiniertem Lurex <\/strong><\/a>oder in Gold, Ros\u00e9 und rhodiniertem Lurex, mit einer Magnetkugel zum \u00d6ffnen und Schlie\u00dfen mit einem Durchmesser von 10 mm. Das Armband hat einen Umfang von 38 cm, der sich um das Handgelenk wickelt.<\/p>\n<p>Das starre <a href=\"https:\/\/www.holyart.de\/devotionalien\/religiose-armbander\/armbander-amen\/armband-amen-rigid-silber-925-hoheslied\"><strong>Amen-Sklavenarmband<\/strong><\/a> mit dem eingravierten Vaterunser auf einer 8 mm breiten Platte ist atemberaubend. Das vollst\u00e4ndig aus rhodiniertem 925er Silber gefertigte Armband ist halb offen und weist am Anfang und am Ende des Gebets einen eingef\u00fcgten Zirkonia auf.<\/p>\n<p>Die modernen und farbenfrohen <a href=\"https:\/\/www.holyart.de\/devotionalien\/religiose-armbander\/armbander-amen\/armband-amen-engel-und-zirkonen-silber-925-thermoplast-schwarz\"><strong>Amen-Armb\u00e4nder mit zwei Windungen aus poliertem Thermoplast<\/strong>.<\/a> Sie sind in verschiedenen Farben und Gr\u00f6\u00dfen erh\u00e4ltlich und tragen das in Gold gepr\u00e4gte Vaterunser. Sie haben einen einfachen silbernen Magnetverschluss. Ebenfalls f\u00fcr junge, fr\u00f6hliche und funkelnde Menschen sind die <a href=\"https:\/\/www.holyart.de\/devotionalien\/religiose-armbander\/armbander-amen\/armband-amen-thermoplast-silberfarbig-gebet-vater-unser-italienish\"><strong>Armband AMEN Thermoplast<\/strong><\/a>\u00a0mit eingravierten Worten des Vaterunsers, ebenfalls mit Magnetverschluss, aus hypoallergenem 316L-Stahl.<\/p>\n<table class=\"widefat sliders-list\">\n<tbody>\n<tr class=\"slider-row\">\n<td><div class=\"sp-styles-warning\" style=\"width: 450px; background-color: #FFF; color: #F00; border: 1px solid #F00; padding: 10px; font-size: 14px;\">\n\t\t\t<span style=\"font-weight: bold;\">Warning: The stylesheets were not loaded!<\/span> \n\t\t\tYou will need to change the <i>Load stylesheets<\/i> setting from <i>Automatically<\/i> to <i>On homepage<\/i> or <i>On all pages<\/i>. \n\t\t\tYou can set that <a style=\"text-decoration: underline; color: #F00;\" href=\"https:\/\/blog.holyart.it\/de\/wp-admin\/admin.php?page=sliderpro-settings\">here<\/a>.\n\t\t\t<\/div>\r\n<div id=\"slider-pro-23\" class=\"slider-pro sp-no-js\" style=\"width: 500px; height: 500px;\">\r\n\t<div class=\"sp-slides\">\r\n\t\t\r\n\t\t<div class=\"sp-slide\">\r\n\t\t\t<img loading=\"lazy\" decoding=\"async\" class=\"sp-image\" src=\"https:\/\/blog.holyart.it\/de\/wp-content\/uploads\/sites\/12\/2022\/08\/Armband-von-AMEN-aus-Lurex-und-925er-Silber-mit-Zirkoniasteinen.jpg\" alt=\"Armband von AMEN aus Lurex und 925er Silber mit Zirkoniasteinen\" width=\"500\" height=\"500\" \/>\r\n\t\t\t<div class=\"sp-thumbnail\"><img decoding=\"async\" src=\"https:\/\/blog.holyart.it\/de\/wp-content\/uploads\/sites\/12\/2022\/08\/Armband-von-AMEN-aus-Lurex-und-925er-Silber-mit-Zirkoniasteinen-150x150.jpg\" \/>\r\n\t\t\t<\/div>\r\n\t\t\t<div class=\"sp-caption\">Armband von AMEN aus Lurex und 925er Silber mit Zirkoniasteinen.\nSch\u00f6nes Armand mit einem Magnetverschluss, hergestellt in Italien als Teil einer Kollektion der religi\u00f6sen Schmuckmarke AMEN. <BR \/><strong><a href=\"https:\/\/www.holyart.de\/devotionalien\/religiose-armbander\/armbander-amen\/armband-von-amen-aus-lurex-und-925er-silber-mit-zirkoniasteinen\">Bei Holyart kaufen<\/a><\/strong><\/div>\r\n\t\t<\/div>\r\n\t\t<div class=\"sp-slide\">\r\n\t\t\t<img loading=\"lazy\" decoding=\"async\" class=\"sp-image\" src=\"https:\/\/blog.holyart.it\/de\/wp-content\/uploads\/sites\/12\/2022\/08\/Armband-AMEN-rigid-Silber-925-Hoheslied.jpg\" alt=\"Armband AMEN rigid Silber 925 Hoheslied\" width=\"500\" height=\"500\" \/>\r\n\t\t\t<div class=\"sp-thumbnail\"><img decoding=\"async\" src=\"https:\/\/blog.holyart.it\/de\/wp-content\/uploads\/sites\/12\/2022\/08\/Armband-AMEN-rigid-Silber-925-Hoheslied-150x150.jpg\" \/>\r\n\t\t\t<\/div>\r\n\t\t\t<div class=\"sp-caption\">Armband AMEN rigid Silber 925 Hoheslied. Armband AMEN realisiert aus Silber 925 und verfeinert mit einem Satz aus dem Hoheslied auf ITALIENISCH: \"Mettimi come sigillo sul tuo cuore, come sigillo sul tuo braccio, perch\u00e8 forte come la Morte \u00e8 l'amore\". <BR \/><strong><a href=\"https:\/\/www.holyart.de\/devotionalien\/religiose-armbander\/armbander-amen\/armband-amen-rigid-silber-925-hoheslied\">Bei Holyart kaufen<\/a><\/strong><\/div>\r\n\t\t<\/div>\r\n\t\t<div class=\"sp-slide\">\r\n\t\t\t<img loading=\"lazy\" decoding=\"async\" class=\"sp-image\" src=\"https:\/\/blog.holyart.it\/de\/wp-content\/uploads\/sites\/12\/2022\/08\/Armband-AMEN-Engel-und-Zirkonen-Silber-925-Thermoplast-schwarz.jpg\" alt=\"Armband AMEN Engel und Zirkonen Silber 925 Thermoplast schwarz\" width=\"500\" height=\"500\" \/>\r\n\t\t\t<div class=\"sp-thumbnail\"><img decoding=\"async\" src=\"https:\/\/blog.holyart.it\/de\/wp-content\/uploads\/sites\/12\/2022\/08\/Armband-AMEN-Engel-und-Zirkonen-Silber-925-Thermoplast-schwarz-150x150.jpg\" \/>\r\n\t\t\t<\/div>\r\n\t\t\t<div class=\"sp-caption\">Armband AMEN Engel und Zirkonen Silber 925 Thermoplast schwarz. Armband AMEN realisiert aus schwarzen Thermoplast und verfeinert mit einem Silber Engel mit Zirkonen.\nDer Schluss ist ein Magnet. <BR \/><strong><a href=\"https:\/\/www.holyart.de\/devotionalien\/religiose-armbander\/armbander-amen\/armband-amen-engel-und-zirkonen-silber-925-thermoplast-schwarz\">Bei Holyart kaufen<\/a><\/strong><\/div>\r\n\t\t<\/div>\r\n\t\t<div class=\"sp-slide\">\r\n\t\t\t<img loading=\"lazy\" decoding=\"async\" class=\"sp-image\" src=\"https:\/\/blog.holyart.it\/de\/wp-content\/uploads\/sites\/12\/2022\/08\/Armband-AMEN-Thermoplast-silberfarbig-Gebet-Vater-Unser-ITALIENISH.jpg\" alt=\"Armband AMEN Thermoplast silberfarbig Gebet Vater Unser ITALIENISH\" width=\"500\" height=\"500\" \/>\r\n\t\t\t<div class=\"sp-thumbnail\"><img decoding=\"async\" src=\"https:\/\/blog.holyart.it\/de\/wp-content\/uploads\/sites\/12\/2022\/08\/Armband-AMEN-Thermoplast-silberfarbig-Gebet-Vater-Unser-ITALIENISH-150x150.jpg\" \/>\r\n\t\t\t<\/div>\r\n\t\t\t<div class=\"sp-caption\">Armband AMEN Thermoplast silberfarbig Gebet Vater Unser ITALIENISCH. Armband AMEN realisiert aus silberfarbigen Thermoplast und verfeinert mit Gravierung des Gebets Vater Unser auf ITALIENISCH. <BR \/><strong><a href=\"https:\/\/www.holyart.de\/devotionalien\/religiose-armbander\/armbander-amen\/armband-amen-thermoplast-silberfarbig-gebet-vater-unser-italienish\">Bei Holyart kaufen<\/a><\/strong><\/div>\r\n\t\t<\/div>\r\n\t<\/div>\r\n<\/div><\/td>\n<\/tr>\n<\/tbody>\n<\/table>\n<p>&nbsp;<\/p>\n<h2>Amen Kollektion Preise<\/h2>\n<p>Die Preise f\u00fcr Amen-Schmuck variieren stark je nach Art des Schmucks und vor allem nach dem Material, aus dem er gefertigt ist.<\/p>\n<p>Nat\u00fcrlich sind Armb\u00e4nder aus Kautschuk oder thermoplastischem Kunststoff erschwinglicher als Schmuckst\u00fccke, die ganz aus Silber bestehen oder mit Perlen oder Zirkonia verziert sind, aber Amen wird Sie auch mit seinen Preisen \u00fcberraschen, die au\u00dferordentlich erschwinglich und f\u00fcr alle zug\u00e4nglich sind.<\/p>\n<p>Schenken und g\u00f6nnen Sie sich ein Schmuckst\u00fcck, das in seiner Form und Intention einzigartig ist, ein Symbol der Liebe und Hingabe, das Sie und die, die Sie lieben, immer begleiten wird.<\/p>\n","protected":false},"excerpt":{"rendered":"<p>Es ist nicht einfach, Glauben und Mode zu verbinden. Die beiden Konzepte, die nebeneinander gestellt werden, k\u00f6nnten unpassend erscheinen. Was hat der Glaube, der ultimative Ausdruck der Spiritualit\u00e4t und des inneren Dialogs zwischen Mensch und Gott, mit etwas so \u00c4u\u00dferlichem, Verg\u00e4nglichem, ja Frivolem wie der&hellip;<\/p>\n","protected":false},"author":1,"featured_media":1918,"comment_status":"closed","ping_status":"open","sticky":false,"template":"","format":"standard","meta":{"_acf_changed":false,"footnotes":""},"categories":[10],"tags":[],"class_list":["post-1917","post","type-post","status-publish","format-standard","has-post-thumbnail","hentry","category-devotionalien"],"acf":[],"yoast_head":"<!-- This site is optimized with the Yoast SEO plugin v26.6 - https:\/\/yoast.com\/wordpress\/plugins\/seo\/ -->\n<title>Amen-Kollektion: Wenn Glaube und Mode aufeinandertreffen<\/title>\n<meta name=\"description\" content=\"Es ist nicht einfach, Glauben und Mode zu verbinden. Die beiden Konzepte, die nebeneinander gestellt werden, k\u00f6nnten unpassend erscheinen.\" \/>\n<meta name=\"robots\" content=\"index, follow, max-snippet:-1, max-image-preview:large, max-video-preview:-1\" \/>\n<link rel=\"canonical\" href=\"https:\/\/blog.holyart.it\/de\/devotionalien\/amen-kollektion-wenn-glaube-und-mode-aufeinandertreffen\/\" \/>\n<meta property=\"og:locale\" content=\"de_DE\" \/>\n<meta property=\"og:type\" content=\"article\" \/>\n<meta property=\"og:title\" content=\"Amen-Kollektion: Wenn Glaube und Mode aufeinandertreffen\" \/>\n<meta property=\"og:description\" content=\"Es ist nicht einfach, Glauben und Mode zu verbinden. Die beiden Konzepte, die nebeneinander gestellt werden, k\u00f6nnten unpassend erscheinen.\" \/>\n<meta property=\"og:url\" content=\"https:\/\/blog.holyart.it\/de\/devotionalien\/amen-kollektion-wenn-glaube-und-mode-aufeinandertreffen\/\" \/>\n<meta property=\"og:site_name\" content=\"Holyart.de Blog\" \/>\n<meta property=\"article:published_time\" content=\"2022-08-16T10:30:58+00:00\" \/>\n<meta property=\"og:image\" content=\"https:\/\/blog.holyart.it\/de\/wp-content\/uploads\/sites\/12\/2022\/08\/Amen-Kollektion.jpg\" \/>\n\t<meta property=\"og:image:width\" content=\"1000\" \/>\n\t<meta property=\"og:image:height\" content=\"666\" \/>\n\t<meta property=\"og:image:type\" content=\"image\/jpeg\" \/>\n<meta name=\"author\" content=\"Redazione\" \/>\n<meta name=\"twitter:card\" content=\"summary_large_image\" \/>\n<meta name=\"twitter:label1\" content=\"Verfasst von\" \/>\n\t<meta name=\"twitter:data1\" content=\"Redazione\" \/>\n\t<meta name=\"twitter:label2\" content=\"Gesch\u00e4tzte Lesezeit\" \/>\n\t<meta name=\"twitter:data2\" content=\"7\u00a0Minuten\" \/>\n<script type=\"application\/ld+json\" class=\"yoast-schema-graph\">{\"@context\":\"https:\/\/schema.org\",\"@graph\":[{\"@type\":\"Article\",\"@id\":\"https:\/\/blog.holyart.it\/de\/devotionalien\/amen-kollektion-wenn-glaube-und-mode-aufeinandertreffen\/#article\",\"isPartOf\":{\"@id\":\"https:\/\/blog.holyart.it\/de\/devotionalien\/amen-kollektion-wenn-glaube-und-mode-aufeinandertreffen\/\"},\"author\":{\"name\":\"Redazione\",\"@id\":\"https:\/\/blog.holyart.it\/de\/#\/schema\/person\/0a7b686e5af0f856ec1e390dd0baecda\"},\"headline\":\"Amen-Kollektion: Wenn Glaube und Mode aufeinandertreffen\",\"datePublished\":\"2022-08-16T10:30:58+00:00\",\"mainEntityOfPage\":{\"@id\":\"https:\/\/blog.holyart.it\/de\/devotionalien\/amen-kollektion-wenn-glaube-und-mode-aufeinandertreffen\/\"},\"wordCount\":1457,\"publisher\":{\"@id\":\"https:\/\/blog.holyart.it\/de\/#organization\"},\"image\":{\"@id\":\"https:\/\/blog.holyart.it\/de\/devotionalien\/amen-kollektion-wenn-glaube-und-mode-aufeinandertreffen\/#primaryimage\"},\"thumbnailUrl\":\"https:\/\/blog.holyart.it\/de\/wp-content\/uploads\/sites\/12\/2022\/08\/Amen-Kollektion.jpg\",\"articleSection\":[\"Religion\"],\"inLanguage\":\"de\"},{\"@type\":\"WebPage\",\"@id\":\"https:\/\/blog.holyart.it\/de\/devotionalien\/amen-kollektion-wenn-glaube-und-mode-aufeinandertreffen\/\",\"url\":\"https:\/\/blog.holyart.it\/de\/devotionalien\/amen-kollektion-wenn-glaube-und-mode-aufeinandertreffen\/\",\"name\":\"Amen-Kollektion: Wenn Glaube und Mode aufeinandertreffen\",\"isPartOf\":{\"@id\":\"https:\/\/blog.holyart.it\/de\/#website\"},\"primaryImageOfPage\":{\"@id\":\"https:\/\/blog.holyart.it\/de\/devotionalien\/amen-kollektion-wenn-glaube-und-mode-aufeinandertreffen\/#primaryimage\"},\"image\":{\"@id\":\"https:\/\/blog.holyart.it\/de\/devotionalien\/amen-kollektion-wenn-glaube-und-mode-aufeinandertreffen\/#primaryimage\"},\"thumbnailUrl\":\"https:\/\/blog.holyart.it\/de\/wp-content\/uploads\/sites\/12\/2022\/08\/Amen-Kollektion.jpg\",\"datePublished\":\"2022-08-16T10:30:58+00:00\",\"description\":\"Es ist nicht einfach, Glauben und Mode zu verbinden. Die beiden Konzepte, die nebeneinander gestellt werden, k\u00f6nnten unpassend erscheinen.\",\"breadcrumb\":{\"@id\":\"https:\/\/blog.holyart.it\/de\/devotionalien\/amen-kollektion-wenn-glaube-und-mode-aufeinandertreffen\/#breadcrumb\"},\"inLanguage\":\"de\",\"potentialAction\":[{\"@type\":\"ReadAction\",\"target\":[\"https:\/\/blog.holyart.it\/de\/devotionalien\/amen-kollektion-wenn-glaube-und-mode-aufeinandertreffen\/\"]}]},{\"@type\":\"ImageObject\",\"inLanguage\":\"de\",\"@id\":\"https:\/\/blog.holyart.it\/de\/devotionalien\/amen-kollektion-wenn-glaube-und-mode-aufeinandertreffen\/#primaryimage\",\"url\":\"https:\/\/blog.holyart.it\/de\/wp-content\/uploads\/sites\/12\/2022\/08\/Amen-Kollektion.jpg\",\"contentUrl\":\"https:\/\/blog.holyart.it\/de\/wp-content\/uploads\/sites\/12\/2022\/08\/Amen-Kollektion.jpg\",\"width\":1000,\"height\":666,\"caption\":\"Amen-Kollektion\"},{\"@type\":\"BreadcrumbList\",\"@id\":\"https:\/\/blog.holyart.it\/de\/devotionalien\/amen-kollektion-wenn-glaube-und-mode-aufeinandertreffen\/#breadcrumb\",\"itemListElement\":[{\"@type\":\"ListItem\",\"position\":1,\"name\":\"Homepage\",\"item\":\"https:\/\/blog.holyart.it\/de\/\"},{\"@type\":\"ListItem\",\"position\":2,\"name\":\"Religion\",\"item\":\"https:\/\/blog.holyart.it\/de\/devotionalien\/\"},{\"@type\":\"ListItem\",\"position\":3,\"name\":\"Amen-Kollektion: Wenn Glaube und Mode aufeinandertreffen\"}]},{\"@type\":\"WebSite\",\"@id\":\"https:\/\/blog.holyart.it\/de\/#website\",\"url\":\"https:\/\/blog.holyart.it\/de\/\",\"name\":\"Holyart.de Blog\",\"description\":\"Holyblog\",\"publisher\":{\"@id\":\"https:\/\/blog.holyart.it\/de\/#organization\"},\"potentialAction\":[{\"@type\":\"SearchAction\",\"target\":{\"@type\":\"EntryPoint\",\"urlTemplate\":\"https:\/\/blog.holyart.it\/de\/?s={search_term_string}\"},\"query-input\":{\"@type\":\"PropertyValueSpecification\",\"valueRequired\":true,\"valueName\":\"search_term_string\"}}],\"inLanguage\":\"de\"},{\"@type\":\"Organization\",\"@id\":\"https:\/\/blog.holyart.it\/de\/#organization\",\"name\":\"Holyart.de Blog\",\"url\":\"https:\/\/blog.holyart.it\/de\/\",\"logo\":{\"@type\":\"ImageObject\",\"inLanguage\":\"de\",\"@id\":\"https:\/\/blog.holyart.it\/de\/#\/schema\/logo\/image\/\",\"url\":\"https:\/\/blog.holyart.it\/de\/wp-content\/uploads\/sites\/12\/2022\/12\/Holyart_Blog_Logo.jpg\",\"contentUrl\":\"https:\/\/blog.holyart.it\/de\/wp-content\/uploads\/sites\/12\/2022\/12\/Holyart_Blog_Logo.jpg\",\"width\":300,\"height\":50,\"caption\":\"Holyart.de Blog\"},\"image\":{\"@id\":\"https:\/\/blog.holyart.it\/de\/#\/schema\/logo\/image\/\"}},{\"@type\":\"Person\",\"@id\":\"https:\/\/blog.holyart.it\/de\/#\/schema\/person\/0a7b686e5af0f856ec1e390dd0baecda\",\"name\":\"Redazione\",\"image\":{\"@type\":\"ImageObject\",\"inLanguage\":\"de\",\"@id\":\"https:\/\/blog.holyart.it\/de\/#\/schema\/person\/image\/\",\"url\":\"https:\/\/secure.gravatar.com\/avatar\/f477da817f43e50d0af36abecd33e3edf826c68299714bdc1057dff3b113f516?s=96&d=mm&r=g\",\"contentUrl\":\"https:\/\/secure.gravatar.com\/avatar\/f477da817f43e50d0af36abecd33e3edf826c68299714bdc1057dff3b113f516?s=96&d=mm&r=g\",\"caption\":\"Redazione\"}}]}<\/script>\n<!-- \/ Yoast SEO plugin. -->","yoast_head_json":{"title":"Amen-Kollektion: Wenn Glaube und Mode aufeinandertreffen","description":"Es ist nicht einfach, Glauben und Mode zu verbinden. Die beiden Konzepte, die nebeneinander gestellt werden, k\u00f6nnten unpassend erscheinen.","robots":{"index":"index","follow":"follow","max-snippet":"max-snippet:-1","max-image-preview":"max-image-preview:large","max-video-preview":"max-video-preview:-1"},"canonical":"https:\/\/blog.holyart.it\/de\/devotionalien\/amen-kollektion-wenn-glaube-und-mode-aufeinandertreffen\/","og_locale":"de_DE","og_type":"article","og_title":"Amen-Kollektion: Wenn Glaube und Mode aufeinandertreffen","og_description":"Es ist nicht einfach, Glauben und Mode zu verbinden. Die beiden Konzepte, die nebeneinander gestellt werden, k\u00f6nnten unpassend erscheinen.","og_url":"https:\/\/blog.holyart.it\/de\/devotionalien\/amen-kollektion-wenn-glaube-und-mode-aufeinandertreffen\/","og_site_name":"Holyart.de Blog","article_published_time":"2022-08-16T10:30:58+00:00","og_image":[{"width":1000,"height":666,"url":"https:\/\/blog.holyart.it\/de\/wp-content\/uploads\/sites\/12\/2022\/08\/Amen-Kollektion.jpg","type":"image\/jpeg"}],"author":"Redazione","twitter_card":"summary_large_image","twitter_misc":{"Verfasst von":"Redazione","Gesch\u00e4tzte Lesezeit":"7\u00a0Minuten"},"schema":{"@context":"https:\/\/schema.org","@graph":[{"@type":"Article","@id":"https:\/\/blog.holyart.it\/de\/devotionalien\/amen-kollektion-wenn-glaube-und-mode-aufeinandertreffen\/#article","isPartOf":{"@id":"https:\/\/blog.holyart.it\/de\/devotionalien\/amen-kollektion-wenn-glaube-und-mode-aufeinandertreffen\/"},"author":{"name":"Redazione","@id":"https:\/\/blog.holyart.it\/de\/#\/schema\/person\/0a7b686e5af0f856ec1e390dd0baecda"},"headline":"Amen-Kollektion: Wenn Glaube und Mode aufeinandertreffen","datePublished":"2022-08-16T10:30:58+00:00","mainEntityOfPage":{"@id":"https:\/\/blog.holyart.it\/de\/devotionalien\/amen-kollektion-wenn-glaube-und-mode-aufeinandertreffen\/"},"wordCount":1457,"publisher":{"@id":"https:\/\/blog.holyart.it\/de\/#organization"},"image":{"@id":"https:\/\/blog.holyart.it\/de\/devotionalien\/amen-kollektion-wenn-glaube-und-mode-aufeinandertreffen\/#primaryimage"},"thumbnailUrl":"https:\/\/blog.holyart.it\/de\/wp-content\/uploads\/sites\/12\/2022\/08\/Amen-Kollektion.jpg","articleSection":["Religion"],"inLanguage":"de"},{"@type":"WebPage","@id":"https:\/\/blog.holyart.it\/de\/devotionalien\/amen-kollektion-wenn-glaube-und-mode-aufeinandertreffen\/","url":"https:\/\/blog.holyart.it\/de\/devotionalien\/amen-kollektion-wenn-glaube-und-mode-aufeinandertreffen\/","name":"Amen-Kollektion: Wenn Glaube und Mode aufeinandertreffen","isPartOf":{"@id":"https:\/\/blog.holyart.it\/de\/#website"},"primaryImageOfPage":{"@id":"https:\/\/blog.holyart.it\/de\/devotionalien\/amen-kollektion-wenn-glaube-und-mode-aufeinandertreffen\/#primaryimage"},"image":{"@id":"https:\/\/blog.holyart.it\/de\/devotionalien\/amen-kollektion-wenn-glaube-und-mode-aufeinandertreffen\/#primaryimage"},"thumbnailUrl":"https:\/\/blog.holyart.it\/de\/wp-content\/uploads\/sites\/12\/2022\/08\/Amen-Kollektion.jpg","datePublished":"2022-08-16T10:30:58+00:00","description":"Es ist nicht einfach, Glauben und Mode zu verbinden. Die beiden Konzepte, die nebeneinander gestellt werden, k\u00f6nnten unpassend erscheinen.","breadcrumb":{"@id":"https:\/\/blog.holyart.it\/de\/devotionalien\/amen-kollektion-wenn-glaube-und-mode-aufeinandertreffen\/#breadcrumb"},"inLanguage":"de","potentialAction":[{"@type":"ReadAction","target":["https:\/\/blog.holyart.it\/de\/devotionalien\/amen-kollektion-wenn-glaube-und-mode-aufeinandertreffen\/"]}]},{"@type":"ImageObject","inLanguage":"de","@id":"https:\/\/blog.holyart.it\/de\/devotionalien\/amen-kollektion-wenn-glaube-und-mode-aufeinandertreffen\/#primaryimage","url":"https:\/\/blog.holyart.it\/de\/wp-content\/uploads\/sites\/12\/2022\/08\/Amen-Kollektion.jpg","contentUrl":"https:\/\/blog.holyart.it\/de\/wp-content\/uploads\/sites\/12\/2022\/08\/Amen-Kollektion.jpg","width":1000,"height":666,"caption":"Amen-Kollektion"},{"@type":"BreadcrumbList","@id":"https:\/\/blog.holyart.it\/de\/devotionalien\/amen-kollektion-wenn-glaube-und-mode-aufeinandertreffen\/#breadcrumb","itemListElement":[{"@type":"ListItem","position":1,"name":"Homepage","item":"https:\/\/blog.holyart.it\/de\/"},{"@type":"ListItem","position":2,"name":"Religion","item":"https:\/\/blog.holyart.it\/de\/devotionalien\/"},{"@type":"ListItem","position":3,"name":"Amen-Kollektion: Wenn Glaube und Mode aufeinandertreffen"}]},{"@type":"WebSite","@id":"https:\/\/blog.holyart.it\/de\/#website","url":"https:\/\/blog.holyart.it\/de\/","name":"Holyart.de Blog","description":"Holyblog","publisher":{"@id":"https:\/\/blog.holyart.it\/de\/#organization"},"potentialAction":[{"@type":"SearchAction","target":{"@type":"EntryPoint","urlTemplate":"https:\/\/blog.holyart.it\/de\/?s={search_term_string}"},"query-input":{"@type":"PropertyValueSpecification","valueRequired":true,"valueName":"search_term_string"}}],"inLanguage":"de"},{"@type":"Organization","@id":"https:\/\/blog.holyart.it\/de\/#organization","name":"Holyart.de Blog","url":"https:\/\/blog.holyart.it\/de\/","logo":{"@type":"ImageObject","inLanguage":"de","@id":"https:\/\/blog.holyart.it\/de\/#\/schema\/logo\/image\/","url":"https:\/\/blog.holyart.it\/de\/wp-content\/uploads\/sites\/12\/2022\/12\/Holyart_Blog_Logo.jpg","contentUrl":"https:\/\/blog.holyart.it\/de\/wp-content\/uploads\/sites\/12\/2022\/12\/Holyart_Blog_Logo.jpg","width":300,"height":50,"caption":"Holyart.de Blog"},"image":{"@id":"https:\/\/blog.holyart.it\/de\/#\/schema\/logo\/image\/"}},{"@type":"Person","@id":"https:\/\/blog.holyart.it\/de\/#\/schema\/person\/0a7b686e5af0f856ec1e390dd0baecda","name":"Redazione","image":{"@type":"ImageObject","inLanguage":"de","@id":"https:\/\/blog.holyart.it\/de\/#\/schema\/person\/image\/","url":"https:\/\/secure.gravatar.com\/avatar\/f477da817f43e50d0af36abecd33e3edf826c68299714bdc1057dff3b113f516?s=96&d=mm&r=g","contentUrl":"https:\/\/secure.gravatar.com\/avatar\/f477da817f43e50d0af36abecd33e3edf826c68299714bdc1057dff3b113f516?s=96&d=mm&r=g","caption":"Redazione"}}]}},"_links":{"self":[{"href":"https:\/\/blog.holyart.it\/de\/wp-json\/wp\/v2\/posts\/1917","targetHints":{"allow":["GET"]}}],"collection":[{"href":"https:\/\/blog.holyart.it\/de\/wp-json\/wp\/v2\/posts"}],"about":[{"href":"https:\/\/blog.holyart.it\/de\/wp-json\/wp\/v2\/types\/post"}],"author":[{"embeddable":true,"href":"https:\/\/blog.holyart.it\/de\/wp-json\/wp\/v2\/users\/1"}],"replies":[{"embeddable":true,"href":"https:\/\/blog.holyart.it\/de\/wp-json\/wp\/v2\/comments?post=1917"}],"version-history":[{"count":0,"href":"https:\/\/blog.holyart.it\/de\/wp-json\/wp\/v2\/posts\/1917\/revisions"}],"wp:featuredmedia":[{"embeddable":true,"href":"https:\/\/blog.holyart.it\/de\/wp-json\/wp\/v2\/media\/1918"}],"wp:attachment":[{"href":"https:\/\/blog.holyart.it\/de\/wp-json\/wp\/v2\/media?parent=1917"}],"wp:term":[{"taxonomy":"category","embeddable":true,"href":"https:\/\/blog.holyart.it\/de\/wp-json\/wp\/v2\/categories?post=1917"},{"taxonomy":"post_tag","embeddable":true,"href":"https:\/\/blog.holyart.it\/de\/wp-json\/wp\/v2\/tags?post=1917"}],"curies":[{"name":"wp","href":"https:\/\/api.w.org\/{rel}","templated":true}]}}