{"id":1890,"date":"2022-08-09T12:30:45","date_gmt":"2022-08-09T10:30:45","guid":{"rendered":"https:\/\/blog.holyart.it\/de\/?p=1890"},"modified":"2022-10-14T10:45:49","modified_gmt":"2022-10-14T08:45:49","slug":"warum-werden-votivkerzen-verwendet","status":"publish","type":"post","link":"https:\/\/blog.holyart.it\/de\/devotionalien\/warum-werden-votivkerzen-verwendet\/","title":{"rendered":"Warum werden Votivkerzen verwendet?"},"content":{"rendered":"<h4 style=\"text-align: center;\"><em>Votivkerzen auf Grabsteinen erhellen die sonst zu dunkle Nacht der Friedh\u00f6fe. Klopfende W\u00e4chter, kleine Lichtfragmente, die unseren verstorbenen Angeh\u00f6rigen den Weg zum Frieden weisen. Deshalb sind sie auch so wichtig.<\/em><\/h4>\n\n<p>Der Totenkult war schon immer ein wichtiges Element in allen Zivilisationen. Je nach Tradition und Glauben war die Ehrung der Toten eine M\u00f6glichkeit, ihnen beim \u00dcbergang vom Leben ins Jenseits zu helfen, aber auch eine Versicherung f\u00fcr die Hinterbliebenen, dass sie ihre Rache nicht zu f\u00fcrchten brauchten.<\/p>\n<p>Im Rahmen <strong>der christlichen Religion<\/strong> ist es etwas Tr\u00f6stliches und Tr\u00f6stendes, das Grab eines geliebten Menschen zu besuchen, ihm Blumen zu bringen und innezuhalten, um zu beten oder ein Gespr\u00e4ch mit ihm zu f\u00fchren. Der Brauch, Kerzen und Votivkerzen auf den Gr\u00e4bern anzuz\u00fcnden, <a href=\"https:\/\/www.holyart.de\/verbrauchsprodukte\/kerzen\"><strong>geh\u00f6rt ebenfalls zu diesem altehrw\u00fcrdigen Ritual. <\/strong><\/a><\/p>\n<p>Ein alter Brauch, der bereits von den R\u00f6mern, davor von den Etruskern und noch weiter zur\u00fcck von den \u00c4gyptern und Griechen praktiziert wurde. Alle diese V\u00f6lker verwendeten Kerzen f\u00fcr <a href=\"https:\/\/www.holyart.de\/devotionalien\/grabartikel\"><strong>Bestattungsrituale.<\/strong><\/a><\/p>\n<p>Es ist nicht schwer zu verstehen, warum. Das <strong>Licht<\/strong> ist seit jeher in jeder Zivilisation ein heilsames Symbol, das mit dem Sieg des Guten \u00fcber das B\u00f6se, des Lebens \u00fcber den Tod verbunden ist. Das Licht des Feuers sch\u00fctzte die ersten Menschen, die in H\u00f6hlen Zuflucht suchten, es war der einzige Hoffnungsschimmer gegen die Dunkelheit der Nacht und all die Fallen, die sie barg.<\/p>\n<p>Welcher Kontext k\u00f6nnte besser geeignet sein als das Verschwinden eines geliebten Menschen, um uns daran zu erinnern, wie zerbrechlich wir sind und wie sehr wir der Dunkelheit ausgesetzt sind, die von allen Seiten auf uns eindringt? Wahrscheinlich z\u00fcndeten dieselben fr\u00fchen Menschen, die sich am Feuer in Sicherheit brachten, Flammen an, um ihre Toten vor Angriffen n\u00e4chtlicher Raubtiere zu sch\u00fctzen.<\/p>\n<p>Es handelt sich also um eine <strong>Geste des Schutzes<\/strong> vor der Dunkelheit und den D\u00e4monen, die uns in Form von Votivkerzen \u00fcberliefert wurde, die wir zum Schutz unserer verstorbenen Angeh\u00f6rigen anz\u00fcnden.<\/p>\n<p>Eine Votivkerze wird angez\u00fcndet, um die <strong>Dunkelheit zu vertreiben<\/strong>, aber auch, um den Verstorbenen einen <strong>Wegweiser<\/strong>, einen Bezugspunkt zu geben.<\/p>\n<p>Wie ein Leuchtturm in der dunkelsten Nacht kann eine Kerze, die ein geliebter Angeh\u00f6riger des Verstorbenen anz\u00fcndet, seinen langen Weg in seine neue himmlische Heimat erhellen.Schutz und Orientierung, das sind die Hauptfunktionen von Votivkerzen auf unseren Friedh\u00f6fen.<\/p>\n<p>Aber es gibt noch mehr. Ein Licht auf dem Grab eines Verstorbenen brennen zu lassen, bedeutet, <a href=\"https:\/\/www.holyart.de\/blog\/liturgische-gerate\/zehn-regeln-die-sie-beim-beten-beachten-sollten\/\"><strong>st\u00e4ndig f\u00fcr sie zu beten,<\/strong><\/a> ihn auf seinem Weg in den Himmel zu begleiten und ihm zu helfen. Im Licht der brennenden Kerze, die sich von ihrem eigenen Wachs ern\u00e4hrt, sehen wir, wie das menschliche Leben langsam verblasst, schw\u00e4cher und schw\u00e4cher wird und zum Aussterben verurteilt ist. Dar\u00fcber hinaus gibt es den Glauben, dass erst das Erl\u00f6schen aller Kerzen und Fackeln, die zum Gedenken an den Verstorbenen angez\u00fcndet wurden, bedeutet, dass dieser das Jenseits erreicht hat.<\/p>\n<div class=\"link-article\">\n<p><img loading=\"lazy\" decoding=\"async\" class=\"alignnone size-full wp-image-1897\" src=\"https:\/\/blog.holyart.it\/de\/wp-content\/uploads\/sites\/12\/2022\/08\/Warum-zunden-wir-in-der-Kirche-Kerzen-an-1.jpg\" alt=\"Warum zunden wir in der Kirche Kerzen an\" width=\"150\" height=\"99\" data-kale-share-title=\"Warum werden Votivkerzen verwendet?\" data-kale-share-url=\"https:\/\/blog.holyart.it\/de\/?p=1890\" \/><\/p>\n<div class=\"leggi-anche\">Lesen Sie auch:<\/div>\n<p><strong><a href=\"https:\/\/www.holyart.de\/blog\/devotionalien\/warum-zuenden-wir-in-der-kirche-kerzen-an\/\">Warum z\u00fcnden wir in der Kirche Kerzen an?<\/a><\/strong><br \/>\nDas Anz\u00fcnden einer Kerze in der Kirche ist ein greifbares Zeichen des Glaubens.<\/p>\n<\/div>\n<h2>Aber wie k\u00f6nnen wir sicherstellen, dass unsere verstorbenen Angeh\u00f6rigen nicht im Dunkeln gelassen werden?<\/h2>\n<p>Hier kommen uns die elektrischen Laternen zu Hilfe. Sie sind vielleicht weniger eindrucksvoll als ihre Vorg\u00e4nger, haben jedoch eine Reihe von unbestreitbaren Vorteilen, insbesondere in Bezug auf Haltbarkeit und Wirksamkeit, aber auch in Bezug auf die Tatsache, dass sie keine \u00fcberm\u00e4\u00dfige Wartung erfordern.<\/p>\n<div class=\"link-article\">\n<p><img loading=\"lazy\" decoding=\"async\" class=\"size-full wp-image-1903 alignleft\" src=\"https:\/\/blog.holyart.it\/de\/wp-content\/uploads\/sites\/12\/2022\/08\/Elektrische-Kerzen-1.jpg\" alt=\"Elektrische Kerzen\" width=\"300\" height=\"200\" data-kale-share-title=\"Warum werden Votivkerzen verwendet?\" data-kale-share-url=\"https:\/\/blog.holyart.it\/de\/?p=1890\" \/><\/p>\n<div class=\"leggi-anche\">Lesen Sie auch:<\/div>\n<p><strong><a href=\"https:\/\/www.holyart.de\/blog\/devotionalien\/elektrische-kerzen-wenn-ein-kult-seine-heiligkeit-verliert\/\">Elektrische Kerzen: wenn ein Kult seine Heiligkeit verliert<\/a><\/strong><br \/>\nWenn wir an eine Kirche denken, ist das erste Bild, das uns in den Sinn kommt wahrscheinlich&#8230;<\/p>\n<\/div>\n<p>Da sie nicht\u00a0verbrannt\u00a0werden, sind sie au\u00dferdem weniger umweltsch\u00e4dlich, und das Wachs tropft nicht herum und k\u00f6nnte den Grabstein besch\u00e4digen. Es gibt verschiedene Arten, batteriebetriebene Votivkerzen, LED-Votivkerzen und elektrische Kerzen, die alle l\u00e4nger halten als jede Votivkerze und eine ununterbrochene Beleuchtung f\u00fcr diejenigen bieten k\u00f6nnen, die sie brauchen.<\/p>\n<p>Auf den Friedh\u00f6fen dienen daher zunehmend elektrische Votivkerzen, die auf jedem Grab aufgestellt werden, als Beleuchtung. Wir sollten jedoch nicht denken, dass elektrische Friedhofskerzen oder batteriebetriebene Friedhofslichter weniger wertvoll sind als klassische Votivkerzen.<\/p>\n<p>Die Absicht bleibt dieselbe, und damit auch die Bedeutung, die wir ihrer Beleuchtung verleihen wollen. Votivkerzen in allen Gr\u00f6\u00dfen, elektrische Kerzen und LED-Kerzen sind auf dem Markt erh\u00e4ltlich.<\/p>\n<p><a href=\"https:\/\/www.holyart.de\/verbrauchsprodukte\/grablichter\"><strong>Auch in unserem Online-Shop finden Sie eine gro\u00dfe Auswahl an traditionellen und batteriebetriebenen Teelichtern,<\/strong><\/a> in verschiedenen Farben und Formen, einfach oder mit sakralen Bildern verziert.<\/p>\n<table class=\"widefat sliders-list\">\n<tbody>\n<tr class=\"slider-row\">\n<td><div class=\"sp-styles-warning\" style=\"width: 450px; background-color: #FFF; color: #F00; border: 1px solid #F00; padding: 10px; font-size: 14px;\">\n\t\t\t<span style=\"font-weight: bold;\">Warning: The stylesheets were not loaded!<\/span> \n\t\t\tYou will need to change the <i>Load stylesheets<\/i> setting from <i>Automatically<\/i> to <i>On homepage<\/i> or <i>On all pages<\/i>. \n\t\t\tYou can set that <a style=\"text-decoration: underline; color: #F00;\" href=\"https:\/\/blog.holyart.it\/de\/wp-admin\/admin.php?page=sliderpro-settings\">here<\/a>.\n\t\t\t<\/div>\r\n<div id=\"slider-pro-21\" class=\"slider-pro sp-no-js\" style=\"width: 500px; height: 500px;\">\r\n\t<div class=\"sp-slides\">\r\n\t\t\r\n\t\t<div class=\"sp-slide\">\r\n\t\t\t<img loading=\"lazy\" decoding=\"async\" class=\"sp-image\" src=\"https:\/\/blog.holyart.it\/de\/wp-content\/uploads\/sites\/12\/2022\/08\/Licht-Schutz-gegen-Regen-1.jpg\" alt=\"Licht Schutz gegen Regen\" width=\"500\" height=\"500\" \/>\r\n\t\t\t<div class=\"sp-thumbnail\"><img decoding=\"async\" src=\"https:\/\/blog.holyart.it\/de\/wp-content\/uploads\/sites\/12\/2022\/08\/Licht-Schutz-gegen-Regen-1.jpg\" alt=\"Licht Schutz gegen Regen\" \/>\r\n\t\t\t<\/div>\r\n\t\t\t<div class=\"sp-caption\">Lichten mit gelben Wachs, gefarbten Lichthalter und die Form ist besonders. <BR \/><strong><a href=\"https:\/\/www.holyart.de\/verbrauchsprodukte\/grablichter\/licht-schutz-gegen-regen\">Acquista su Holyart<\/a><\/strong><\/div>\r\n\t\t<\/div>\r\n\t\t<div class=\"sp-slide\">\r\n\t\t\t<img loading=\"lazy\" decoding=\"async\" class=\"sp-image\" src=\"https:\/\/blog.holyart.it\/de\/wp-content\/uploads\/sites\/12\/2022\/08\/Einweg-Votivkerze-LED-oko-elektrisch-aus-rotem-Karton.jpg\" alt=\"Einweg-Votivkerze LED oko-elektrisch aus rotem Karton\" width=\"1600\" height=\"1600\" \/>\r\n\t\t\t<div class=\"sp-thumbnail\"><img decoding=\"async\" src=\"https:\/\/blog.holyart.it\/de\/wp-content\/uploads\/sites\/12\/2022\/08\/Einweg-Votivkerze-LED-oko-elektrisch-aus-rotem-Karton.jpg\" alt=\"Einweg-Votivkerze LED oko-elektrisch aus rotem Karton\" \/>\r\n\t\t\t<\/div>\r\n\t\t\t<div class=\"sp-caption\">Einweg-Votivkerze LED \u00f6ko-elektrisch aus rotem kunststoffbeschichteten Karton.\nGarantierte Brenndauer von 70 Tagen mit kontinuierlichem Licht. <BR \/><strong><a href=\"https:\/\/www.holyart.de\/verbrauchsprodukte\/grablichter\/einweg-votivkerze-led-oko-elektrisch-aus-rotem-karton\">Bei Holyart kaufen<\/a><\/strong><\/div>\r\n\t\t<\/div>\r\n\t\t<div class=\"sp-slide\">\r\n\t\t\t<img loading=\"lazy\" decoding=\"async\" class=\"sp-image\" src=\"https:\/\/blog.holyart.it\/de\/wp-content\/uploads\/sites\/12\/2022\/08\/Votivkerze-350x26mm-Packung-55St..jpg\" alt=\"Votivkerze 350x26mm (Packung 55St.)\" width=\"500\" height=\"500\" \/>\r\n\t\t\t<div class=\"sp-thumbnail\"><img decoding=\"async\" src=\"https:\/\/blog.holyart.it\/de\/wp-content\/uploads\/sites\/12\/2022\/08\/Votivkerze-350x26mm-Packung-55St..jpg\" alt=\"Votivkerze 350x26mm (Packung 55St.)\" \/>\r\n\t\t\t<\/div>\r\n\t\t\t<div class=\"sp-caption\">Votivkerze 350x26mm (Packung 55St.). Packung von Votivkerzen realisiert aus weissen Wachs.\nPackung: 55 Kerzen. <BR \/><strong><a href=\"https:\/\/www.holyart.de\/verbrauchsprodukte\/kerzen\/votivkerze-350x26mm-packung-55st.\">Bei Holyart kaufen<\/a><\/strong><\/div>\r\n\t\t<\/div>\r\n\t\t<div class=\"sp-slide\">\r\n\t\t\t<img loading=\"lazy\" decoding=\"async\" class=\"sp-image\" src=\"https:\/\/blog.holyart.it\/de\/wp-content\/uploads\/sites\/12\/2022\/08\/licht-mit-schutz-gegen-regen.jpg\" alt=\"licht-mit-schutz-gegen-regen\" width=\"500\" height=\"500\" \/>\r\n\t\t\t<div class=\"sp-thumbnail\"><img decoding=\"async\" src=\"https:\/\/blog.holyart.it\/de\/wp-content\/uploads\/sites\/12\/2022\/08\/licht-mit-schutz-gegen-regen.jpg\" alt=\"licht-mit-schutz-gegen-regen\" \/>\r\n\t\t\t<\/div>\r\n\t\t\t<div class=\"sp-caption\">Licht mit weissen Wachs, roten Lichthalter und einer Schutz gegen der Regen. Die moegliche Messe sind: 30T (gegen der Regen) Millimeter 125 hoch x 65-40T (gegen der Schutz) Millimeter 175 hoch x 65. Man kann unten dem Bild waehlen. <BR \/><strong><a href=\"https:\/\/www.holyart.de\/verbrauchsprodukte\/grablichter\/licht-mit-schutz-gegen-regen\">Bei Holyart kaufen<\/a><\/strong><\/div>\r\n\t\t<\/div>\r\n\t\t<div class=\"sp-slide\">\r\n\t\t\t<img loading=\"lazy\" decoding=\"async\" class=\"sp-image\" src=\"https:\/\/blog.holyart.it\/de\/wp-content\/uploads\/sites\/12\/2022\/08\/Licht-Olivenholz-Wunderbare-Gottesmutter-mit-Led.jpg\" alt=\"Licht Olivenholz Wunderbare Gottesmutter mit Led\" width=\"500\" height=\"500\" \/>\r\n\t\t\t<div class=\"sp-thumbnail\"><img decoding=\"async\" src=\"https:\/\/blog.holyart.it\/de\/wp-content\/uploads\/sites\/12\/2022\/08\/Licht-Olivenholz-Wunderbare-Gottesmutter-mit-Led.jpg\" alt=\"Licht Olivenholz Wunderbare Gottesmutter mit Led\" \/>\r\n\t\t\t<\/div>\r\n\t\t\t<div class=\"sp-caption\">Licht Olivenholz Wunderbare Gottesmutter mit Led 10x7cm. Licht realisiert aus Olivenholz mit einer Metallstatue der Wunderbaren Gottesmutter und Ledlicht. <BR \/><strong><a href=\"https:\/\/www.holyart.de\/verbrauchsprodukte\/grablichter\/licht-olivenholz-wunderbare-gottesmutter-mit-led-10x7cm\">Bei Holyart kaufen<\/a><\/strong><\/div>\r\n\t\t<\/div>\r\n\t<\/div>\r\n<\/div><\/td>\n<\/tr>\n<\/tbody>\n<\/table>\n<p>&nbsp;<\/p>\n<h2>Sitte und Br\u00e4uche<\/h2>\n<p>Wir haben bereits erw\u00e4hnt, dass der Brauch des Anz\u00fcndens von Votivkerzen, Kerzen und Lichtern beim Tod eines geliebten Menschen im Laufe der Zeit und in verschiedenen L\u00e4ndern oft ganz besondere Aspekte angenommen hat. In <strong>Deutschland<\/strong> beispielsweise glaubt man, dass der Verstorbene erst dann seine letzte Ruhest\u00e4tte erreicht hat, wenn die zu seinem Gedenken angez\u00fcndete Votivkerze vollst\u00e4ndig verbrannt ist. Aus demselben Grund wurde der Leichnam bis zu diesem Zeitpunkt zu Hause aufbewahrt, um sicher zu sein, dass er in Sicherheit war, bis er zur Ruhe kam. Es gab auch den Brauch, die Kerze aus den H\u00e4nden des Verstorbenen zu nehmen und sie von der j\u00fcngsten Person im Haus l\u00f6schen zu lassen. Auch in Deutschland wurden Votivkerzen nicht nur verwendet, um den Weg f\u00fcr die Verstorbenen zu erhellen, sondern auch, um sicherzustellen, dass keine M\u00e4use auftauchen und ihnen die Augen ausstechen!<\/p>\n<p>In <strong>Spanien<\/strong> m\u00fcssen die Votivkerzen ein ganzes Jahr lang an der Grabst\u00e4tte brennen, damit der Verstorbene Zeit hat, seine Reise zu vollenden.\u00a0 Sie zu betreuen ist eine besondere Aufgabe der Angeh\u00f6rigen. Wenn in Aragonien jemand stirbt, werden in einem Weidenkorb eine handgestickte Serviette und so viele Kerzen gesammelt, wie es in den letzten drei Generationen Todesf\u00e4lle in der Familie gegeben hat.<\/p>\n<p>In <strong>Frankreich<\/strong> werden die an Mari\u00e4 Lichtmess gesegneten Kerzen als Votivkerzen verwendet. Man darf sie niemals mit den Fingern ausblasen, sonst riskiert man, die Fl\u00fcgel der Seele des Verstorbenen zu verbrennen.<\/p>\n<p>In <strong>Rum\u00e4nien<\/strong> werden die Kerzen aus Bienenwachs hergestellt und \u201e<em>toiag<\/em>\u201c, \u201eStock\u201c, genannt, d. h. der Stock, der dem Verstorbenen auf seinem Weg hilft, als St\u00fctze und als Waffe. Wenn jemand stirbt, werden seine Ma\u00dfe mit einem Hanf- oder Baumwollfaden genommen, der mit reinem Wachs betr\u00e4ufelt ist. Das so entstandene gewachste Seil wird auf das Grab gelegt, wo eine Frau an vierzig aufeinanderfolgenden Morgen ein St\u00fcck davon verbrennt. Am Ende des vierzigmaligen Zyklus wird der Rest verbrannt. Man glaubt, dass der Tote dadurch in Licht verwandelt wird.<\/p>\n","protected":false},"excerpt":{"rendered":"<p>Votivkerzen auf Grabsteinen erhellen die sonst zu dunkle Nacht der Friedh\u00f6fe. Klopfende W\u00e4chter, kleine Lichtfragmente, die unseren verstorbenen Angeh\u00f6rigen den Weg zum Frieden weisen. Deshalb sind sie auch so wichtig. Der Totenkult war schon immer ein wichtiges Element in allen Zivilisationen. Je nach Tradition und&hellip;<\/p>\n","protected":false},"author":1,"featured_media":1895,"comment_status":"closed","ping_status":"open","sticky":false,"template":"","format":"standard","meta":{"_acf_changed":false,"footnotes":""},"categories":[10],"tags":[],"class_list":["post-1890","post","type-post","status-publish","format-standard","has-post-thumbnail","hentry","category-devotionalien"],"acf":[],"yoast_head":"<!-- This site is optimized with the Yoast SEO plugin v26.6 - https:\/\/yoast.com\/wordpress\/plugins\/seo\/ -->\n<title>Warum werden Votivkerzen verwendet? - Holyart.de Blog<\/title>\n<meta name=\"description\" content=\"Votivkerzen auf Grabsteinen erhellen die sonst zu dunkle Nacht der Friedh\u00f6fe. Die unseren verstorbenen Angeh\u00f6rigen den Weg zum Frieden weisen.\" \/>\n<meta name=\"robots\" content=\"index, follow, max-snippet:-1, max-image-preview:large, max-video-preview:-1\" \/>\n<link rel=\"canonical\" href=\"https:\/\/blog.holyart.it\/de\/devotionalien\/warum-werden-votivkerzen-verwendet\/\" \/>\n<meta property=\"og:locale\" content=\"de_DE\" \/>\n<meta property=\"og:type\" content=\"article\" \/>\n<meta property=\"og:title\" content=\"Warum werden Votivkerzen verwendet? - Holyart.de Blog\" \/>\n<meta property=\"og:description\" content=\"Votivkerzen auf Grabsteinen erhellen die sonst zu dunkle Nacht der Friedh\u00f6fe. Die unseren verstorbenen Angeh\u00f6rigen den Weg zum Frieden weisen.\" \/>\n<meta property=\"og:url\" content=\"https:\/\/blog.holyart.it\/de\/devotionalien\/warum-werden-votivkerzen-verwendet\/\" \/>\n<meta property=\"og:site_name\" content=\"Holyart.de Blog\" \/>\n<meta property=\"article:published_time\" content=\"2022-08-09T10:30:45+00:00\" \/>\n<meta property=\"article:modified_time\" content=\"2022-10-14T08:45:49+00:00\" \/>\n<meta property=\"og:image\" content=\"https:\/\/blog.holyart.it\/de\/wp-content\/uploads\/sites\/12\/2022\/08\/Warum-werden-Votivkerzen-verwendet.jpg\" \/>\n\t<meta property=\"og:image:width\" content=\"1000\" \/>\n\t<meta property=\"og:image:height\" content=\"666\" \/>\n\t<meta property=\"og:image:type\" content=\"image\/jpeg\" \/>\n<meta name=\"author\" content=\"Redazione\" \/>\n<meta name=\"twitter:card\" content=\"summary_large_image\" \/>\n<meta name=\"twitter:label1\" content=\"Verfasst von\" \/>\n\t<meta name=\"twitter:data1\" content=\"Redazione\" \/>\n\t<meta name=\"twitter:label2\" content=\"Gesch\u00e4tzte Lesezeit\" \/>\n\t<meta name=\"twitter:data2\" content=\"6\u00a0Minuten\" \/>\n<script type=\"application\/ld+json\" class=\"yoast-schema-graph\">{\"@context\":\"https:\/\/schema.org\",\"@graph\":[{\"@type\":\"Article\",\"@id\":\"https:\/\/blog.holyart.it\/de\/devotionalien\/warum-werden-votivkerzen-verwendet\/#article\",\"isPartOf\":{\"@id\":\"https:\/\/blog.holyart.it\/de\/devotionalien\/warum-werden-votivkerzen-verwendet\/\"},\"author\":{\"name\":\"Redazione\",\"@id\":\"https:\/\/blog.holyart.it\/de\/#\/schema\/person\/0a7b686e5af0f856ec1e390dd0baecda\"},\"headline\":\"Warum werden Votivkerzen verwendet?\",\"datePublished\":\"2022-08-09T10:30:45+00:00\",\"dateModified\":\"2022-10-14T08:45:49+00:00\",\"mainEntityOfPage\":{\"@id\":\"https:\/\/blog.holyart.it\/de\/devotionalien\/warum-werden-votivkerzen-verwendet\/\"},\"wordCount\":1112,\"publisher\":{\"@id\":\"https:\/\/blog.holyart.it\/de\/#organization\"},\"image\":{\"@id\":\"https:\/\/blog.holyart.it\/de\/devotionalien\/warum-werden-votivkerzen-verwendet\/#primaryimage\"},\"thumbnailUrl\":\"https:\/\/blog.holyart.it\/de\/wp-content\/uploads\/sites\/12\/2022\/08\/Warum-werden-Votivkerzen-verwendet.jpg\",\"articleSection\":[\"Religion\"],\"inLanguage\":\"de\"},{\"@type\":\"WebPage\",\"@id\":\"https:\/\/blog.holyart.it\/de\/devotionalien\/warum-werden-votivkerzen-verwendet\/\",\"url\":\"https:\/\/blog.holyart.it\/de\/devotionalien\/warum-werden-votivkerzen-verwendet\/\",\"name\":\"Warum werden Votivkerzen verwendet? - Holyart.de Blog\",\"isPartOf\":{\"@id\":\"https:\/\/blog.holyart.it\/de\/#website\"},\"primaryImageOfPage\":{\"@id\":\"https:\/\/blog.holyart.it\/de\/devotionalien\/warum-werden-votivkerzen-verwendet\/#primaryimage\"},\"image\":{\"@id\":\"https:\/\/blog.holyart.it\/de\/devotionalien\/warum-werden-votivkerzen-verwendet\/#primaryimage\"},\"thumbnailUrl\":\"https:\/\/blog.holyart.it\/de\/wp-content\/uploads\/sites\/12\/2022\/08\/Warum-werden-Votivkerzen-verwendet.jpg\",\"datePublished\":\"2022-08-09T10:30:45+00:00\",\"dateModified\":\"2022-10-14T08:45:49+00:00\",\"description\":\"Votivkerzen auf Grabsteinen erhellen die sonst zu dunkle Nacht der Friedh\u00f6fe. Die unseren verstorbenen Angeh\u00f6rigen den Weg zum Frieden weisen.\",\"breadcrumb\":{\"@id\":\"https:\/\/blog.holyart.it\/de\/devotionalien\/warum-werden-votivkerzen-verwendet\/#breadcrumb\"},\"inLanguage\":\"de\",\"potentialAction\":[{\"@type\":\"ReadAction\",\"target\":[\"https:\/\/blog.holyart.it\/de\/devotionalien\/warum-werden-votivkerzen-verwendet\/\"]}]},{\"@type\":\"ImageObject\",\"inLanguage\":\"de\",\"@id\":\"https:\/\/blog.holyart.it\/de\/devotionalien\/warum-werden-votivkerzen-verwendet\/#primaryimage\",\"url\":\"https:\/\/blog.holyart.it\/de\/wp-content\/uploads\/sites\/12\/2022\/08\/Warum-werden-Votivkerzen-verwendet.jpg\",\"contentUrl\":\"https:\/\/blog.holyart.it\/de\/wp-content\/uploads\/sites\/12\/2022\/08\/Warum-werden-Votivkerzen-verwendet.jpg\",\"width\":1000,\"height\":666,\"caption\":\"Warum werden Votivkerzen verwendet\"},{\"@type\":\"BreadcrumbList\",\"@id\":\"https:\/\/blog.holyart.it\/de\/devotionalien\/warum-werden-votivkerzen-verwendet\/#breadcrumb\",\"itemListElement\":[{\"@type\":\"ListItem\",\"position\":1,\"name\":\"Homepage\",\"item\":\"https:\/\/blog.holyart.it\/de\/\"},{\"@type\":\"ListItem\",\"position\":2,\"name\":\"Religion\",\"item\":\"https:\/\/blog.holyart.it\/de\/devotionalien\/\"},{\"@type\":\"ListItem\",\"position\":3,\"name\":\"Warum werden Votivkerzen verwendet?\"}]},{\"@type\":\"WebSite\",\"@id\":\"https:\/\/blog.holyart.it\/de\/#website\",\"url\":\"https:\/\/blog.holyart.it\/de\/\",\"name\":\"Holyart.de Blog\",\"description\":\"Holyblog\",\"publisher\":{\"@id\":\"https:\/\/blog.holyart.it\/de\/#organization\"},\"potentialAction\":[{\"@type\":\"SearchAction\",\"target\":{\"@type\":\"EntryPoint\",\"urlTemplate\":\"https:\/\/blog.holyart.it\/de\/?s={search_term_string}\"},\"query-input\":{\"@type\":\"PropertyValueSpecification\",\"valueRequired\":true,\"valueName\":\"search_term_string\"}}],\"inLanguage\":\"de\"},{\"@type\":\"Organization\",\"@id\":\"https:\/\/blog.holyart.it\/de\/#organization\",\"name\":\"Holyart.de Blog\",\"url\":\"https:\/\/blog.holyart.it\/de\/\",\"logo\":{\"@type\":\"ImageObject\",\"inLanguage\":\"de\",\"@id\":\"https:\/\/blog.holyart.it\/de\/#\/schema\/logo\/image\/\",\"url\":\"https:\/\/blog.holyart.it\/de\/wp-content\/uploads\/sites\/12\/2022\/12\/Holyart_Blog_Logo.jpg\",\"contentUrl\":\"https:\/\/blog.holyart.it\/de\/wp-content\/uploads\/sites\/12\/2022\/12\/Holyart_Blog_Logo.jpg\",\"width\":300,\"height\":50,\"caption\":\"Holyart.de Blog\"},\"image\":{\"@id\":\"https:\/\/blog.holyart.it\/de\/#\/schema\/logo\/image\/\"}},{\"@type\":\"Person\",\"@id\":\"https:\/\/blog.holyart.it\/de\/#\/schema\/person\/0a7b686e5af0f856ec1e390dd0baecda\",\"name\":\"Redazione\",\"image\":{\"@type\":\"ImageObject\",\"inLanguage\":\"de\",\"@id\":\"https:\/\/blog.holyart.it\/de\/#\/schema\/person\/image\/\",\"url\":\"https:\/\/secure.gravatar.com\/avatar\/f477da817f43e50d0af36abecd33e3edf826c68299714bdc1057dff3b113f516?s=96&d=mm&r=g\",\"contentUrl\":\"https:\/\/secure.gravatar.com\/avatar\/f477da817f43e50d0af36abecd33e3edf826c68299714bdc1057dff3b113f516?s=96&d=mm&r=g\",\"caption\":\"Redazione\"}}]}<\/script>\n<!-- \/ Yoast SEO plugin. -->","yoast_head_json":{"title":"Warum werden Votivkerzen verwendet? - Holyart.de Blog","description":"Votivkerzen auf Grabsteinen erhellen die sonst zu dunkle Nacht der Friedh\u00f6fe. Die unseren verstorbenen Angeh\u00f6rigen den Weg zum Frieden weisen.","robots":{"index":"index","follow":"follow","max-snippet":"max-snippet:-1","max-image-preview":"max-image-preview:large","max-video-preview":"max-video-preview:-1"},"canonical":"https:\/\/blog.holyart.it\/de\/devotionalien\/warum-werden-votivkerzen-verwendet\/","og_locale":"de_DE","og_type":"article","og_title":"Warum werden Votivkerzen verwendet? - Holyart.de Blog","og_description":"Votivkerzen auf Grabsteinen erhellen die sonst zu dunkle Nacht der Friedh\u00f6fe. Die unseren verstorbenen Angeh\u00f6rigen den Weg zum Frieden weisen.","og_url":"https:\/\/blog.holyart.it\/de\/devotionalien\/warum-werden-votivkerzen-verwendet\/","og_site_name":"Holyart.de Blog","article_published_time":"2022-08-09T10:30:45+00:00","article_modified_time":"2022-10-14T08:45:49+00:00","og_image":[{"width":1000,"height":666,"url":"https:\/\/blog.holyart.it\/de\/wp-content\/uploads\/sites\/12\/2022\/08\/Warum-werden-Votivkerzen-verwendet.jpg","type":"image\/jpeg"}],"author":"Redazione","twitter_card":"summary_large_image","twitter_misc":{"Verfasst von":"Redazione","Gesch\u00e4tzte Lesezeit":"6\u00a0Minuten"},"schema":{"@context":"https:\/\/schema.org","@graph":[{"@type":"Article","@id":"https:\/\/blog.holyart.it\/de\/devotionalien\/warum-werden-votivkerzen-verwendet\/#article","isPartOf":{"@id":"https:\/\/blog.holyart.it\/de\/devotionalien\/warum-werden-votivkerzen-verwendet\/"},"author":{"name":"Redazione","@id":"https:\/\/blog.holyart.it\/de\/#\/schema\/person\/0a7b686e5af0f856ec1e390dd0baecda"},"headline":"Warum werden Votivkerzen verwendet?","datePublished":"2022-08-09T10:30:45+00:00","dateModified":"2022-10-14T08:45:49+00:00","mainEntityOfPage":{"@id":"https:\/\/blog.holyart.it\/de\/devotionalien\/warum-werden-votivkerzen-verwendet\/"},"wordCount":1112,"publisher":{"@id":"https:\/\/blog.holyart.it\/de\/#organization"},"image":{"@id":"https:\/\/blog.holyart.it\/de\/devotionalien\/warum-werden-votivkerzen-verwendet\/#primaryimage"},"thumbnailUrl":"https:\/\/blog.holyart.it\/de\/wp-content\/uploads\/sites\/12\/2022\/08\/Warum-werden-Votivkerzen-verwendet.jpg","articleSection":["Religion"],"inLanguage":"de"},{"@type":"WebPage","@id":"https:\/\/blog.holyart.it\/de\/devotionalien\/warum-werden-votivkerzen-verwendet\/","url":"https:\/\/blog.holyart.it\/de\/devotionalien\/warum-werden-votivkerzen-verwendet\/","name":"Warum werden Votivkerzen verwendet? - Holyart.de Blog","isPartOf":{"@id":"https:\/\/blog.holyart.it\/de\/#website"},"primaryImageOfPage":{"@id":"https:\/\/blog.holyart.it\/de\/devotionalien\/warum-werden-votivkerzen-verwendet\/#primaryimage"},"image":{"@id":"https:\/\/blog.holyart.it\/de\/devotionalien\/warum-werden-votivkerzen-verwendet\/#primaryimage"},"thumbnailUrl":"https:\/\/blog.holyart.it\/de\/wp-content\/uploads\/sites\/12\/2022\/08\/Warum-werden-Votivkerzen-verwendet.jpg","datePublished":"2022-08-09T10:30:45+00:00","dateModified":"2022-10-14T08:45:49+00:00","description":"Votivkerzen auf Grabsteinen erhellen die sonst zu dunkle Nacht der Friedh\u00f6fe. Die unseren verstorbenen Angeh\u00f6rigen den Weg zum Frieden weisen.","breadcrumb":{"@id":"https:\/\/blog.holyart.it\/de\/devotionalien\/warum-werden-votivkerzen-verwendet\/#breadcrumb"},"inLanguage":"de","potentialAction":[{"@type":"ReadAction","target":["https:\/\/blog.holyart.it\/de\/devotionalien\/warum-werden-votivkerzen-verwendet\/"]}]},{"@type":"ImageObject","inLanguage":"de","@id":"https:\/\/blog.holyart.it\/de\/devotionalien\/warum-werden-votivkerzen-verwendet\/#primaryimage","url":"https:\/\/blog.holyart.it\/de\/wp-content\/uploads\/sites\/12\/2022\/08\/Warum-werden-Votivkerzen-verwendet.jpg","contentUrl":"https:\/\/blog.holyart.it\/de\/wp-content\/uploads\/sites\/12\/2022\/08\/Warum-werden-Votivkerzen-verwendet.jpg","width":1000,"height":666,"caption":"Warum werden Votivkerzen verwendet"},{"@type":"BreadcrumbList","@id":"https:\/\/blog.holyart.it\/de\/devotionalien\/warum-werden-votivkerzen-verwendet\/#breadcrumb","itemListElement":[{"@type":"ListItem","position":1,"name":"Homepage","item":"https:\/\/blog.holyart.it\/de\/"},{"@type":"ListItem","position":2,"name":"Religion","item":"https:\/\/blog.holyart.it\/de\/devotionalien\/"},{"@type":"ListItem","position":3,"name":"Warum werden Votivkerzen verwendet?"}]},{"@type":"WebSite","@id":"https:\/\/blog.holyart.it\/de\/#website","url":"https:\/\/blog.holyart.it\/de\/","name":"Holyart.de Blog","description":"Holyblog","publisher":{"@id":"https:\/\/blog.holyart.it\/de\/#organization"},"potentialAction":[{"@type":"SearchAction","target":{"@type":"EntryPoint","urlTemplate":"https:\/\/blog.holyart.it\/de\/?s={search_term_string}"},"query-input":{"@type":"PropertyValueSpecification","valueRequired":true,"valueName":"search_term_string"}}],"inLanguage":"de"},{"@type":"Organization","@id":"https:\/\/blog.holyart.it\/de\/#organization","name":"Holyart.de Blog","url":"https:\/\/blog.holyart.it\/de\/","logo":{"@type":"ImageObject","inLanguage":"de","@id":"https:\/\/blog.holyart.it\/de\/#\/schema\/logo\/image\/","url":"https:\/\/blog.holyart.it\/de\/wp-content\/uploads\/sites\/12\/2022\/12\/Holyart_Blog_Logo.jpg","contentUrl":"https:\/\/blog.holyart.it\/de\/wp-content\/uploads\/sites\/12\/2022\/12\/Holyart_Blog_Logo.jpg","width":300,"height":50,"caption":"Holyart.de Blog"},"image":{"@id":"https:\/\/blog.holyart.it\/de\/#\/schema\/logo\/image\/"}},{"@type":"Person","@id":"https:\/\/blog.holyart.it\/de\/#\/schema\/person\/0a7b686e5af0f856ec1e390dd0baecda","name":"Redazione","image":{"@type":"ImageObject","inLanguage":"de","@id":"https:\/\/blog.holyart.it\/de\/#\/schema\/person\/image\/","url":"https:\/\/secure.gravatar.com\/avatar\/f477da817f43e50d0af36abecd33e3edf826c68299714bdc1057dff3b113f516?s=96&d=mm&r=g","contentUrl":"https:\/\/secure.gravatar.com\/avatar\/f477da817f43e50d0af36abecd33e3edf826c68299714bdc1057dff3b113f516?s=96&d=mm&r=g","caption":"Redazione"}}]}},"_links":{"self":[{"href":"https:\/\/blog.holyart.it\/de\/wp-json\/wp\/v2\/posts\/1890","targetHints":{"allow":["GET"]}}],"collection":[{"href":"https:\/\/blog.holyart.it\/de\/wp-json\/wp\/v2\/posts"}],"about":[{"href":"https:\/\/blog.holyart.it\/de\/wp-json\/wp\/v2\/types\/post"}],"author":[{"embeddable":true,"href":"https:\/\/blog.holyart.it\/de\/wp-json\/wp\/v2\/users\/1"}],"replies":[{"embeddable":true,"href":"https:\/\/blog.holyart.it\/de\/wp-json\/wp\/v2\/comments?post=1890"}],"version-history":[{"count":0,"href":"https:\/\/blog.holyart.it\/de\/wp-json\/wp\/v2\/posts\/1890\/revisions"}],"wp:featuredmedia":[{"embeddable":true,"href":"https:\/\/blog.holyart.it\/de\/wp-json\/wp\/v2\/media\/1895"}],"wp:attachment":[{"href":"https:\/\/blog.holyart.it\/de\/wp-json\/wp\/v2\/media?parent=1890"}],"wp:term":[{"taxonomy":"category","embeddable":true,"href":"https:\/\/blog.holyart.it\/de\/wp-json\/wp\/v2\/categories?post=1890"},{"taxonomy":"post_tag","embeddable":true,"href":"https:\/\/blog.holyart.it\/de\/wp-json\/wp\/v2\/tags?post=1890"}],"curies":[{"name":"wp","href":"https:\/\/api.w.org\/{rel}","templated":true}]}}