{"id":1784,"date":"2021-08-31T09:52:12","date_gmt":"2021-08-31T07:52:12","guid":{"rendered":"https:\/\/blog.holyart.it\/de\/?p=1784"},"modified":"2022-10-17T11:54:29","modified_gmt":"2022-10-17T09:54:29","slug":"die-verklaerung-jesu","status":"publish","type":"post","link":"https:\/\/blog.holyart.it\/de\/devotionalien\/die-verklaerung-jesu\/","title":{"rendered":"Die Verkl\u00e4rung Jesu"},"content":{"rendered":"<h4 style=\"text-align: center;\">Die Verkl\u00e4rung Jesu wird am 6. August gefeiert, vierzig Tage vor der Erh\u00f6hung des Heiligen Kreuzes, dem Gedenken an die Kreuzigung. Was bedeutet Verkl\u00e4rung? Was wird gefeiert?<\/h4>\n\n<p>Bevor wir erkl\u00e4ren, was die Verkl\u00e4rung Jesu ist, sollten wir versuchen zu verstehen, was das Wort &#8222;Verkl\u00e4rung&#8220; im Allgemeinen bedeutet. Im W\u00f6rterbuch steht: <strong><em>Verkl\u00e4rung<\/em><\/strong> (ant. transfigurazi\u00f3ne) s. f. [von lat. transfiguratio -onis]. &#8211; <em>Der Akt, die Handlung des Verkl\u00e4rens, des Verkl\u00e4rtwerdens; Ver\u00e4nderung der Gestalt oder des Aussehens oder des Ausdrucks<\/em>.<\/p>\n<p>Es handelt sich also um eine Art <strong>Verwandlung<\/strong>, die das Aussehen von etwas oder jemandem so ver\u00e4ndert, dass er sich von seinem fr\u00fcheren Erscheinungsbild unterscheidet.<\/p>\n<p>In diesem Fall geht es bei der Verkl\u00e4rung Jesu, die die Kirche am 6. August feiert, um die wundersame Verwandlung Jesu vor den Augen von drei seiner J\u00fcnger: Petrus, Jakobus und Johannes.<\/p>\n<p>Diese Episode wird in drei der vier so genannten <a href=\"https:\/\/www.holyart.de\/devotionalien\/christliche-bucher\/evangelien\"><strong>synoptischen Evangelien<\/strong><\/a> erw\u00e4hnt: Matth\u00e4us 17, 1-8; Markus 9, 2-8; Lukas 9, 28-36. Kurz gesagt: Jesus, Petrus, Jakobus und Johannes hatten sich von den anderen J\u00fcngern abgekapselt und waren auf einen hohen Berg gestiegen, um zu beten. Pl\u00f6tzlich, w\u00e4hrend des Gebets, hatte Jesus sein Aussehen ver\u00e4ndert. Sein Gesicht und sein K\u00f6rper hatten zu <strong>leuchten<\/strong> begonnen, und seine Kleidung war <strong>strahlend wei\u00df<\/strong> geworden.<\/p>\n<div class=\"link-product\">\n<div class=\"blocco-immagine\"><img loading=\"lazy\" decoding=\"async\" class=\"size-full wp-image-1785 alignleft\" src=\"https:\/\/blog.holyart.it\/de\/wp-content\/uploads\/sites\/12\/2022\/06\/Flachrelief-Verklarung-des-Herrn.jpg\" alt=\"Flachrelief Verklarung des Herrn\" width=\"100\" height=\"100\" data-kale-share-title=\"Die Verkl\u00e4rung Jesu\" data-kale-share-url=\"https:\/\/blog.holyart.it\/de\/?p=1784\" \/><\/div>\n<div class=\"blocco-contenuto\">\n<div class=\"blocco-acquista\">Einkaufen:<\/div>\n<div class=\"blocco-titolo\"><a href=\"https:\/\/www.holyart.de\/devotionalien\/basreliefs\/basreliefs-aus-stein\/flachrelief-verklarung-des-herrn\">Flachrelief Verkl\u00e4rung des Herrn<\/a><\/div>\n<div class=\"blocco-descrizione\">Flachrelief aus Pyren\u00e4en-Stein mit&#8230;<\/div>\n<\/div>\n<\/div>\n<p>Unmittelbar danach erschienen zwei geheimnisvolle M\u00e4nner, die sich als <strong>Mose und Elia<\/strong> entpuppten, am selben Ort und begannen mit Jesus zu sprechen. Petrus bietet an, <strong>drei<\/strong> <strong>H\u00fctten<\/strong> f\u00fcr Jesus und die beiden Propheten zu errichten, aber eine Stimme kommt aus einer <strong>hellen Wolke<\/strong> und weist die J\u00fcnger an, auf Jesus als seinen auserw\u00e4hlten und geliebten Sohn zu h\u00f6ren. Als sie wieder zu sich kommen, sind die Propheten und die Wolke verschwunden, und sie sind mit Jesus auf dem Berg geblieben.<\/p>\n<p>Der Bericht \u00fcber die Verkl\u00e4rung Christi ist reich an<strong> prophetischen und messianischen Andeutungen<\/strong>, die die Gelehrten seit langem dazu veranlassen, \u00fcber seinen tats\u00e4chlichen historischen Wahrheitsgehalt zu diskutieren. Es ist in der Tat eine der wenigen Gelegenheiten, bei denen sich Jesus in seiner <strong>g\u00f6ttlichen Natur<\/strong> zeigt und sich seinen Gef\u00e4hrten als Sohn Gottes vorstellt. Es gab bereits Pr\u00e4zedenzf\u00e4lle, insbesondere die <strong>Taufe Jesu<\/strong>, als sich nach der Taufe durch Johannes den T\u00e4ufer der Himmel \u00f6ffnete und der Heilige Geist wie eine Taube herabkam, um die Identit\u00e4t Christi zu verk\u00fcnden: \u201e<em>Und alsbald stieg er aus dem Wasser und sah, dass sich der Himmel \u00f6ffnete und der Geist wie eine Taube auf ihn herabkam. Und es kam eine Stimme vom Himmel: &#8222;Du bist mein geliebter Sohn; an dir habe ich Gefallen gefunden<\/em>\u201c (Markus 1,9-11).<\/p>\n<div class=\"link-product\">\n<div class=\"blocco-immagine\"><img loading=\"lazy\" decoding=\"async\" class=\"size-full wp-image-1789 alignleft\" src=\"https:\/\/blog.holyart.it\/de\/wp-content\/uploads\/sites\/12\/2022\/06\/Szene-Taufe-Christi.jpg\" alt=\"Szene Taufe Christi\" width=\"100\" height=\"100\" data-kale-share-title=\"Die Verkl\u00e4rung Jesu\" data-kale-share-url=\"https:\/\/blog.holyart.it\/de\/?p=1784\" \/><\/div>\n<div class=\"blocco-contenuto\">\n<div class=\"blocco-acquista\">Einkaufen:<\/div>\n<div class=\"blocco-titolo\"><a href=\"https:\/\/www.holyart.de\/weihnachten\/krippen\/krippenfiguren-von-angela-tripi\/szene-taufe-christi-fur-30-cm-krippe-von-angela-tripi-terrakotta\">Szene Taufe Christi<\/a><\/div>\n<div class=\"blocco-descrizione\">Szene Taufe Christi, f\u00fcr 30 cm Krippe von Angela Tripi, Material: Terrakotta.<\/div>\n<\/div>\n<\/div>\n<p>Sp\u00e4ter wird es Jesus selbst sein, der seine Identit\u00e4t als Sohn Gottes best\u00e4tigt, wenn er am Vorabend der Passion, nachdem er sich in den Garten Gethsemane zur\u00fcckgezogen hat, <strong>Gott, den Vater<\/strong>, anruft: \u201e<em>Mein Vater, wenn dieser Kelch nicht von mir genommen werden kann, ohne dass ich ihn trinke, so geschehe dein Wille<\/em>.\u201c (Mt. 26:41).<\/p>\n<p>Das Thema der Verwandlung, <strong>des schillernden Glanzes<\/strong>, der diejenigen erf\u00fcllt, die Gott nahe sind, taucht in vielen anderen Abschnitten der Heiligen Schrift auf, insbesondere im Zusammenhang mit der Apokalypse, wenn alle gerichtet werden und diejenigen, die es verdienen, gerettet werden.<\/p>\n<p>\u201e<em>Die Weisen werden leuchten wie der Glanz des Firmaments; die, die viele zur Gerechtigkeit gef\u00fchrt haben, werden leuchten wie die Sterne in Ewigkeit<\/em>.\u201c (Daniel 12:3)<\/p>\n<p>\u201e<em>Und wir alle, mit aufgedecktem Angesicht, die wir die Herrlichkeit des Herrn wie in einem Spiegel betrachten, werden in dasselbe Bild verwandelt, von Herrlichkeit zu Herrlichkeit, nach dem Wirken des Geistes des Herrn<\/em>.\u201c (Paulus in Korinther 3,18)<\/p>\n<p>Nat\u00fcrlich ist das Strahlen, das von Jesus ausgeht, auch <strong>eine Vorwegnahme seiner Auferstehung<\/strong> und seiner himmlischen Herrlichkeit, ebenso wie die Wei\u00dfe seines Gewandes.<\/p>\n<p>Auch andere Elemente des Berichts \u00fcber die Verkl\u00e4rung des Herrn geben uns einen Einblick in seine suggestive und symbolische Kraft.<\/p>\n<p>Mose und Elia stehen f\u00fcr den Wunsch, sich auf die j\u00fcdische Tradition und die im Alten Testament enthaltenen Prophezeiungen \u00fcber das Kommen des Messias zu beziehen. Auch die <strong>drei H\u00fctten<\/strong>, die Petrus zu bauen anbietet, erinnern an das j\u00fcdische Lager auf dem Berg Sinai, wo Moses die Gesetzestafeln erhielt und an das das j\u00fcdische Volk mit dem Fest der Zelte erinnerte.<\/p>\n<p>Die <strong>leuchtende Wolke<\/strong>, aus der die Stimme Gottes aufsteigt, ist ein wiederkehrendes Element in den Theophanien, d. h. den Erscheinungen des G\u00f6ttlichen unter den Menschen.<\/p>\n<p>Es gibt deutliche Unterschiede zwischen den drei Evangelien, die von dieser Episode berichten, was mit der unterschiedlichen theologischen Sichtweise der drei Evangelisten zusammenh\u00e4ngt. Diese Unterschiede tragen auch dazu bei, die messianische und symbolische Dimension der Verkl\u00e4rung zu betonen.<\/p>\n<h2>Der Berg, auf dem die Verkl\u00e4rung stattfand<\/h2>\n<p>Es gibt verschiedene Vermutungen dar\u00fcber, welcher der Berg der Verkl\u00e4rung war, auf den Jesus und seine J\u00fcnger an diesem Tag hinaufstiegen. Es ist wahrscheinlich, dass es sich um einen <strong>symbolischen Berg<\/strong> handelte, nicht um einen realen, wie andere \u00e4hnliche Orte, wie der in der Bergpredigt erw\u00e4hnte (Mt. 5,1).<\/p>\n<p>Einige \u00dcberlieferungen haben ihn stattdessen mit dem Berg <strong>Tabor<\/strong> identifiziert, einem runden und isolierten H\u00fcgel in der Ebene von Esdrelon. Die Byzantiner bauten hier drei Kirchen, und sp\u00e4ter errichteten Benediktiner- und Franziskanerm\u00f6nche abwechselnd weitere Gottesh\u00e4user. Im Jahr 1924 wurde die dreischiffige, vom Architekten Antonio Barluzzi entworfene Basilika eingeweiht.<\/p>\n<p>Der Berg <strong>Hermon<\/strong> n\u00f6rdlich von C\u00e4sarea Philippi, nicht weit von der Quelle des Jordans entfernt, wurde von vielen ebenfalls als m\u00f6glicher Schauplatz der Verkl\u00e4rung angesehen.<\/p>\n<h2>Die Auslegung des heiligen Augustinus<\/h2>\n<p>Augustinus liefert in Diskurs 78 seine eigene faszinierende Erkl\u00e4rung der Verkl\u00e4rung Jesu, indem er beschreibt, wie Jesu wei\u00dfes Gewand ein <strong>Symbol f\u00fcr die Kirche<\/strong> und sein Strahlen ein <strong>Vorzeichen des Heils<\/strong> ist. In der Verkl\u00e4rung stellt er sich als das Licht dar, das jeden Menschen, der in diese Welt kommt, erhellt, mit einem Glanz, der dem der Sonne gleicht, der aber mit den Augen der Seele und des Herzens wahrgenommen werden kann. Sein wei\u00dfestes Gewand ist seine Kirche, denn wer der Kirche dient, kann alle seine S\u00fcnden abgewaschen sehen und wird immer in makelloser Pracht erscheinen.<\/p>\n<div class=\"link-article\">\n<p><img loading=\"lazy\" decoding=\"async\" class=\"size-full wp-image-1793 alignleft\" src=\"https:\/\/blog.holyart.it\/de\/wp-content\/uploads\/sites\/12\/2022\/06\/Jesus-am-Kreuz-1.jpg\" alt=\"Jesus am Kreuz\" width=\"150\" height=\"100\" data-kale-share-title=\"Die Verkl\u00e4rung Jesu\" data-kale-share-url=\"https:\/\/blog.holyart.it\/de\/?p=1784\" \/><\/p>\n<div class=\"leggi-anche\">Lesen Sie auch:<\/div>\n<p><strong><a href=\"https:\/\/www.holyart.de\/blog\/devotionalien\/warum-ist-jesus-am-kreuz-ein-so-wichtiges-symbol-fuer-die-katholiken\/\">Warum ist Jesus am Kreuz ein so wichtiges Symbol f\u00fcr die Katholiken?<\/a><\/strong><br \/>\nF\u00fcr jeden Christen ist die Gestalt Jesu am Kreuz&#8230;<\/p>\n<\/div>\n<p>Augustinus spricht auch von <strong>Petrus<\/strong>, der die Vision des verkl\u00e4rten Jesus nicht verkraften konnte, indem er vorschlug, ihm und den beiden Propheten eine Unterkunft zu bauen. In Wirklichkeit r\u00fchrt Petrus&#8216; Wunsch, Jesus zu gefallen, daher, dass selbst er den Berg nicht verlassen m\u00f6chte, wo er die Herrlichkeit Christi genie\u00dfen kann, ohne sich um andere k\u00fcmmern zu m\u00fcssen. Aber Petrus, begrenzt durch seine menschliche Sichtweise, erkennt nicht, dass dort, wo er drei Zelte bauen will, nur eines ausreichen w\u00fcrde, denn: \u201e<em>Christus ist das Wort Gottes, das Wort Gottes im Gesetz, das Wort Gottes in den Propheten. Warum, Petrus, versuchst du, ihn zu spalten? Es ist vielmehr notwendig, dass du mit ihm verbunden bleibst.\u201c<\/em> Petrus wird verstehen m\u00fcssen, dass er die leuchtende Gegenwart Christi erst nach dem Tod genie\u00dfen kann und dass er daf\u00fcr sein Leben der N\u00e4chstenliebe und der Liebe widmen muss, um es zu verdienen, bei Ihm, im Licht, sein zu k\u00f6nnen.<\/p>\n<p>Die Stimme aus der Wolke stellt Jesus in einen h\u00f6heren Rang als die Propheten, denn sie hatten die Gesetze geschrieben und von seinem Kommen gesprochen, aber nun war er gegenw\u00e4rtig, real, der Sohn, die Quelle allen Heils. Mose sprach mit Gott im brennenden Dornbusch und erhielt von ihm das Gesetz. Elia verk\u00fcndete das Kommen des Messias mit einer solchen Inbrunst, dass er es verdiente, auf einem Feuerwagen in den Himmel aufzufahren. Aber Jesus ist das <strong>Gesetz<\/strong>, er ist der <strong>Messias<\/strong>, und seine Gr\u00f6\u00dfe und Herrlichkeit sind unerreichbar.<\/p>\n<h2>Wann wird er gefeiert und warum?<\/h2>\n<p>Wie bereits erw\u00e4hnt, ist die Entscheidung, die Verkl\u00e4rung am 6. August zu feiern, auf die Tatsache zur\u00fcckzuf\u00fchren, dass sie vierzig Tage vor der Kreuzigung Jesu stattfand, die in der Ostkirche am 14. September mit der <strong>Erh\u00f6hung des Heiligen Kreuzes<\/strong> gefeiert wurde. Im Westen wurde die Verkl\u00e4rung ab dem 9. Jahrhundert gefeiert.<\/p>\n<h2>Die Verkl\u00e4rung f\u00fcr Kinder erkl\u00e4rt<\/h2>\n<p>Wie kann man einem Kind ein wichtiges Ereignis von unermesslicher symbolischer Bedeutung erkl\u00e4ren? Es ist nicht einfach, aber es ist machbar. Wenn wir die Geschichte von der Verkl\u00e4rung f\u00fcr Kinder anpassen wollen, k\u00f6nnten wir sagen, dass Jesus, Petrus, Jakobus und Johannes eines Tages auf einen Berggipfel gingen, um gemeinsam zu beten. An einem bestimmten Punkt leuchtete Jesus auf, er begann zu strahlen wie die Sonne, seine Kleider waren wei\u00df wie Schnee. Seine Freunde sahen, wie sich sein Gesicht ver\u00e4nderte, und sie sahen nicht nur das menschliche, sondern auch das g\u00f6ttliche Gesicht und wussten, dass sie den Sohn Gottes vor sich hatten.<\/p>\n<p>Und nicht nur das. Nachdem Jesus begonnen hatte, wie ein Stern zu leuchten, erschienen auch Mose und Elia auf dem Berg, zwei f\u00fcr Christen sehr wichtige Gestalten, denn Mose war derjenige, der die Juden rettete, indem er sie aus \u00c4gypten herausf\u00fchrte und von Gott pers\u00f6nlich die Tafeln mit den <a href=\"https:\/\/www.holyart.de\/blog\/liturgische-gerate\/die-zehn-gebote\/\"><strong>Zehn Geboten erhielt<\/strong><\/a>, und Elia verk\u00fcndete das Kommen Jesu mit all seiner Macht. Diese beiden gro\u00dfen M\u00e4nner beginnen vor den zunehmend ungl\u00e4ubigen Augen der J\u00fcnger ein Gespr\u00e4ch mit Jesus.<\/p>\n<div class=\"link-article\">\n<p><img loading=\"lazy\" decoding=\"async\" class=\"size-full wp-image-1795 alignleft\" src=\"https:\/\/blog.holyart.it\/de\/wp-content\/uploads\/sites\/12\/2022\/06\/Die-Zehn-Gebote.jpg\" alt=\"Die Zehn Gebote\" width=\"150\" height=\"100\" data-kale-share-title=\"Die Verkl\u00e4rung Jesu\" data-kale-share-url=\"https:\/\/blog.holyart.it\/de\/?p=1784\" \/><\/p>\n<div class=\"leggi-anche\">Lesen Sie auch:<\/div>\n<p><strong><a href=\"https:\/\/www.holyart.de\/blog\/liturgische-gerate\/die-zehn-gebote\/\">Die Zehn Gebote<\/a><\/strong><br \/>\nDie Zehn Gebote, oder Dekalog, wie sie alternativ genannt werden, sind die auf den Gesetzestafeln eingepr\u00e4gten Regeln, die Moses nach&#8230;<\/p>\n<\/div>\n<p>Und es ist noch nicht vorbei. Aus einer leuchtenden Wolke im Himmel kam die Stimme Gottes, die sagte: \u201e<em>Dies ist mein Sohn, der Geliebte; an ihm habe ich mein Wohlgefallen gefunden. H\u00f6ren Sie ihm zu<\/em>.\u201c<\/p>\n<p>Petrus, Jakobus und Johannes wurden von ihren Gef\u00fchlen \u00fcberw\u00e4ltigt und fielen zu Boden, aber Jesus eilte sofort herbei, um sie zu beruhigen und ihnen zu sagen, dass alles in Ordnung sei. Denn sie waren seine Freunde, und er k\u00fcmmerte sich um sie, wie es sich geh\u00f6rt.<\/p>\n<p>Was bedeutet dieser Abschnitt aus dem Neuen Testament? Es lehrt uns, dass jeder von uns jederzeit wie Jesus sein kann, um das Licht zu zeigen, das wir in uns tragen, um anderen zu zeigen, wie sehr Gottes Liebe uns leuchten und strahlen l\u00e4sst. Denn auch wir sind wie Jesus Kinder Gottes, und wenn wir seinem Beispiel folgen, wenn wir wie er freundlich und f\u00fcrsorglich zu unseren Freunden sind, wenn wir unsere Lieben und die Menschen um uns herum mit ganzem Herzen lieben, k\u00f6nnen wir verkl\u00e4rt werden und wie Sterne leuchten! Das ist das Geheimnis der Verkl\u00e4rung: andere ein wenig von dem Licht erahnen zu lassen, das in uns leuchtet.<\/p>\n<h2>Darstellungen der Verkl\u00e4rung Jesu<\/h2>\n<p>Die Verkl\u00e4rung kommt in der sakralen Ikonographie weniger h\u00e4ufig vor als andere heilige Themen, aber sie hat dennoch viele gro\u00dfe K\u00fcnstler inspiriert. Darstellungen dieses wundersamen Ereignisses finden sich sowohl in der \u00f6stlichen als auch in der westlichen Kunst. Viele pr\u00e4chtige <a href=\"https:\/\/www.holyart.de\/devotionalien\/ikonen\"><strong>byzantinische Ikonen<\/strong><\/a> haben die Verkl\u00e4rung zum Thema, ebenso wie wunderbare <strong>Mosaike<\/strong>, wie das des Katharinenklosters auf dem Sinai oder das der Palatin-Kapelle in Palermo oder die allegorische Verkl\u00e4rung im Mosaik der Apsis von Sant\u2018Apollinare in Classe in Ravenna. Gro\u00dfe italienische Maler wie Fra Angelico, Raffael, Perugino, Bellini und Tizian haben <strong>Fresken und Gem\u00e4lde<\/strong> \u00fcber die Verkl\u00e4rung Jesu hinterlassen. In j\u00fcngerer Zeit schuf der K\u00fcnstler Marko Ivan Rupnik ein beeindruckendes Mosaik f\u00fcr die Kirche der Heiligen Jakobus und Johannes in Mailand.<\/p>\n","protected":false},"excerpt":{"rendered":"<p>Die Verkl\u00e4rung Jesu wird am 6. August gefeiert, vierzig Tage vor der Erh\u00f6hung des Heiligen Kreuzes, dem Gedenken an die Kreuzigung. Was bedeutet Verkl\u00e4rung? Was wird gefeiert? Bevor wir erkl\u00e4ren, was die Verkl\u00e4rung Jesu ist, sollten wir versuchen zu verstehen, was das Wort &#8222;Verkl\u00e4rung&#8220; im&hellip;<\/p>\n","protected":false},"author":1,"featured_media":1786,"comment_status":"closed","ping_status":"open","sticky":false,"template":"","format":"standard","meta":{"_acf_changed":false,"footnotes":""},"categories":[9,10],"tags":[],"class_list":["post-1784","post","type-post","status-publish","format-standard","has-post-thumbnail","hentry","category-heilige-und-selige","category-devotionalien"],"acf":[],"yoast_head":"<!-- This site is optimized with the Yoast SEO plugin v26.6 - https:\/\/yoast.com\/wordpress\/plugins\/seo\/ -->\n<title>Die Verkl\u00e4rung Jesu - Holyart.de Blog<\/title>\n<meta name=\"description\" content=\"Die Verkl\u00e4rung Jesu wird am 6. August gefeiert, vierzig Tage vor der Erh\u00f6hung des Heiligen Kreuzes, dem Gedenken an die Kreuzigung. Was bedeutet Verkl\u00e4rung?\" \/>\n<meta name=\"robots\" content=\"index, follow, max-snippet:-1, max-image-preview:large, max-video-preview:-1\" \/>\n<link rel=\"canonical\" href=\"https:\/\/blog.holyart.it\/de\/devotionalien\/die-verklaerung-jesu\/\" \/>\n<meta property=\"og:locale\" content=\"de_DE\" \/>\n<meta property=\"og:type\" content=\"article\" \/>\n<meta property=\"og:title\" content=\"Die Verkl\u00e4rung Jesu - Holyart.de Blog\" \/>\n<meta property=\"og:description\" content=\"Die Verkl\u00e4rung Jesu wird am 6. August gefeiert, vierzig Tage vor der Erh\u00f6hung des Heiligen Kreuzes, dem Gedenken an die Kreuzigung. Was bedeutet Verkl\u00e4rung?\" \/>\n<meta property=\"og:url\" content=\"https:\/\/blog.holyart.it\/de\/devotionalien\/die-verklaerung-jesu\/\" \/>\n<meta property=\"og:site_name\" content=\"Holyart.de Blog\" \/>\n<meta property=\"article:published_time\" content=\"2021-08-31T07:52:12+00:00\" \/>\n<meta property=\"article:modified_time\" content=\"2022-10-17T09:54:29+00:00\" \/>\n<meta property=\"og:image\" content=\"https:\/\/blog.holyart.it\/de\/wp-content\/uploads\/sites\/12\/2022\/06\/Die-Verklarung-Jesu.jpg\" \/>\n\t<meta property=\"og:image:width\" content=\"1000\" \/>\n\t<meta property=\"og:image:height\" content=\"666\" \/>\n\t<meta property=\"og:image:type\" content=\"image\/jpeg\" \/>\n<meta name=\"author\" content=\"Redazione\" \/>\n<meta name=\"twitter:card\" content=\"summary_large_image\" \/>\n<meta name=\"twitter:label1\" content=\"Verfasst von\" \/>\n\t<meta name=\"twitter:data1\" content=\"Redazione\" \/>\n\t<meta name=\"twitter:label2\" content=\"Gesch\u00e4tzte Lesezeit\" \/>\n\t<meta name=\"twitter:data2\" content=\"10\u00a0Minuten\" \/>\n<script type=\"application\/ld+json\" class=\"yoast-schema-graph\">{\"@context\":\"https:\/\/schema.org\",\"@graph\":[{\"@type\":\"Article\",\"@id\":\"https:\/\/blog.holyart.it\/de\/devotionalien\/die-verklaerung-jesu\/#article\",\"isPartOf\":{\"@id\":\"https:\/\/blog.holyart.it\/de\/devotionalien\/die-verklaerung-jesu\/\"},\"author\":{\"name\":\"Redazione\",\"@id\":\"https:\/\/blog.holyart.it\/de\/#\/schema\/person\/0a7b686e5af0f856ec1e390dd0baecda\"},\"headline\":\"Die Verkl\u00e4rung Jesu\",\"datePublished\":\"2021-08-31T07:52:12+00:00\",\"dateModified\":\"2022-10-17T09:54:29+00:00\",\"mainEntityOfPage\":{\"@id\":\"https:\/\/blog.holyart.it\/de\/devotionalien\/die-verklaerung-jesu\/\"},\"wordCount\":1971,\"publisher\":{\"@id\":\"https:\/\/blog.holyart.it\/de\/#organization\"},\"image\":{\"@id\":\"https:\/\/blog.holyart.it\/de\/devotionalien\/die-verklaerung-jesu\/#primaryimage\"},\"thumbnailUrl\":\"https:\/\/blog.holyart.it\/de\/wp-content\/uploads\/sites\/12\/2022\/06\/Die-Verklarung-Jesu.jpg\",\"articleSection\":[\"Heilige und Selige\",\"Religion\"],\"inLanguage\":\"de\"},{\"@type\":\"WebPage\",\"@id\":\"https:\/\/blog.holyart.it\/de\/devotionalien\/die-verklaerung-jesu\/\",\"url\":\"https:\/\/blog.holyart.it\/de\/devotionalien\/die-verklaerung-jesu\/\",\"name\":\"Die Verkl\u00e4rung Jesu - Holyart.de Blog\",\"isPartOf\":{\"@id\":\"https:\/\/blog.holyart.it\/de\/#website\"},\"primaryImageOfPage\":{\"@id\":\"https:\/\/blog.holyart.it\/de\/devotionalien\/die-verklaerung-jesu\/#primaryimage\"},\"image\":{\"@id\":\"https:\/\/blog.holyart.it\/de\/devotionalien\/die-verklaerung-jesu\/#primaryimage\"},\"thumbnailUrl\":\"https:\/\/blog.holyart.it\/de\/wp-content\/uploads\/sites\/12\/2022\/06\/Die-Verklarung-Jesu.jpg\",\"datePublished\":\"2021-08-31T07:52:12+00:00\",\"dateModified\":\"2022-10-17T09:54:29+00:00\",\"description\":\"Die Verkl\u00e4rung Jesu wird am 6. August gefeiert, vierzig Tage vor der Erh\u00f6hung des Heiligen Kreuzes, dem Gedenken an die Kreuzigung. Was bedeutet Verkl\u00e4rung?\",\"breadcrumb\":{\"@id\":\"https:\/\/blog.holyart.it\/de\/devotionalien\/die-verklaerung-jesu\/#breadcrumb\"},\"inLanguage\":\"de\",\"potentialAction\":[{\"@type\":\"ReadAction\",\"target\":[\"https:\/\/blog.holyart.it\/de\/devotionalien\/die-verklaerung-jesu\/\"]}]},{\"@type\":\"ImageObject\",\"inLanguage\":\"de\",\"@id\":\"https:\/\/blog.holyart.it\/de\/devotionalien\/die-verklaerung-jesu\/#primaryimage\",\"url\":\"https:\/\/blog.holyart.it\/de\/wp-content\/uploads\/sites\/12\/2022\/06\/Die-Verklarung-Jesu.jpg\",\"contentUrl\":\"https:\/\/blog.holyart.it\/de\/wp-content\/uploads\/sites\/12\/2022\/06\/Die-Verklarung-Jesu.jpg\",\"width\":1000,\"height\":666},{\"@type\":\"BreadcrumbList\",\"@id\":\"https:\/\/blog.holyart.it\/de\/devotionalien\/die-verklaerung-jesu\/#breadcrumb\",\"itemListElement\":[{\"@type\":\"ListItem\",\"position\":1,\"name\":\"Homepage\",\"item\":\"https:\/\/blog.holyart.it\/de\/\"},{\"@type\":\"ListItem\",\"position\":2,\"name\":\"Religion\",\"item\":\"https:\/\/blog.holyart.it\/de\/devotionalien\/\"},{\"@type\":\"ListItem\",\"position\":3,\"name\":\"Die Verkl\u00e4rung Jesu\"}]},{\"@type\":\"WebSite\",\"@id\":\"https:\/\/blog.holyart.it\/de\/#website\",\"url\":\"https:\/\/blog.holyart.it\/de\/\",\"name\":\"Holyart.de Blog\",\"description\":\"Holyblog\",\"publisher\":{\"@id\":\"https:\/\/blog.holyart.it\/de\/#organization\"},\"potentialAction\":[{\"@type\":\"SearchAction\",\"target\":{\"@type\":\"EntryPoint\",\"urlTemplate\":\"https:\/\/blog.holyart.it\/de\/?s={search_term_string}\"},\"query-input\":{\"@type\":\"PropertyValueSpecification\",\"valueRequired\":true,\"valueName\":\"search_term_string\"}}],\"inLanguage\":\"de\"},{\"@type\":\"Organization\",\"@id\":\"https:\/\/blog.holyart.it\/de\/#organization\",\"name\":\"Holyart.de Blog\",\"url\":\"https:\/\/blog.holyart.it\/de\/\",\"logo\":{\"@type\":\"ImageObject\",\"inLanguage\":\"de\",\"@id\":\"https:\/\/blog.holyart.it\/de\/#\/schema\/logo\/image\/\",\"url\":\"https:\/\/blog.holyart.it\/de\/wp-content\/uploads\/sites\/12\/2022\/12\/Holyart_Blog_Logo.jpg\",\"contentUrl\":\"https:\/\/blog.holyart.it\/de\/wp-content\/uploads\/sites\/12\/2022\/12\/Holyart_Blog_Logo.jpg\",\"width\":300,\"height\":50,\"caption\":\"Holyart.de Blog\"},\"image\":{\"@id\":\"https:\/\/blog.holyart.it\/de\/#\/schema\/logo\/image\/\"}},{\"@type\":\"Person\",\"@id\":\"https:\/\/blog.holyart.it\/de\/#\/schema\/person\/0a7b686e5af0f856ec1e390dd0baecda\",\"name\":\"Redazione\",\"image\":{\"@type\":\"ImageObject\",\"inLanguage\":\"de\",\"@id\":\"https:\/\/blog.holyart.it\/de\/#\/schema\/person\/image\/\",\"url\":\"https:\/\/secure.gravatar.com\/avatar\/f477da817f43e50d0af36abecd33e3edf826c68299714bdc1057dff3b113f516?s=96&d=mm&r=g\",\"contentUrl\":\"https:\/\/secure.gravatar.com\/avatar\/f477da817f43e50d0af36abecd33e3edf826c68299714bdc1057dff3b113f516?s=96&d=mm&r=g\",\"caption\":\"Redazione\"}}]}<\/script>\n<!-- \/ Yoast SEO plugin. -->","yoast_head_json":{"title":"Die Verkl\u00e4rung Jesu - Holyart.de Blog","description":"Die Verkl\u00e4rung Jesu wird am 6. August gefeiert, vierzig Tage vor der Erh\u00f6hung des Heiligen Kreuzes, dem Gedenken an die Kreuzigung. Was bedeutet Verkl\u00e4rung?","robots":{"index":"index","follow":"follow","max-snippet":"max-snippet:-1","max-image-preview":"max-image-preview:large","max-video-preview":"max-video-preview:-1"},"canonical":"https:\/\/blog.holyart.it\/de\/devotionalien\/die-verklaerung-jesu\/","og_locale":"de_DE","og_type":"article","og_title":"Die Verkl\u00e4rung Jesu - Holyart.de Blog","og_description":"Die Verkl\u00e4rung Jesu wird am 6. August gefeiert, vierzig Tage vor der Erh\u00f6hung des Heiligen Kreuzes, dem Gedenken an die Kreuzigung. Was bedeutet Verkl\u00e4rung?","og_url":"https:\/\/blog.holyart.it\/de\/devotionalien\/die-verklaerung-jesu\/","og_site_name":"Holyart.de Blog","article_published_time":"2021-08-31T07:52:12+00:00","article_modified_time":"2022-10-17T09:54:29+00:00","og_image":[{"width":1000,"height":666,"url":"https:\/\/blog.holyart.it\/de\/wp-content\/uploads\/sites\/12\/2022\/06\/Die-Verklarung-Jesu.jpg","type":"image\/jpeg"}],"author":"Redazione","twitter_card":"summary_large_image","twitter_misc":{"Verfasst von":"Redazione","Gesch\u00e4tzte Lesezeit":"10\u00a0Minuten"},"schema":{"@context":"https:\/\/schema.org","@graph":[{"@type":"Article","@id":"https:\/\/blog.holyart.it\/de\/devotionalien\/die-verklaerung-jesu\/#article","isPartOf":{"@id":"https:\/\/blog.holyart.it\/de\/devotionalien\/die-verklaerung-jesu\/"},"author":{"name":"Redazione","@id":"https:\/\/blog.holyart.it\/de\/#\/schema\/person\/0a7b686e5af0f856ec1e390dd0baecda"},"headline":"Die Verkl\u00e4rung Jesu","datePublished":"2021-08-31T07:52:12+00:00","dateModified":"2022-10-17T09:54:29+00:00","mainEntityOfPage":{"@id":"https:\/\/blog.holyart.it\/de\/devotionalien\/die-verklaerung-jesu\/"},"wordCount":1971,"publisher":{"@id":"https:\/\/blog.holyart.it\/de\/#organization"},"image":{"@id":"https:\/\/blog.holyart.it\/de\/devotionalien\/die-verklaerung-jesu\/#primaryimage"},"thumbnailUrl":"https:\/\/blog.holyart.it\/de\/wp-content\/uploads\/sites\/12\/2022\/06\/Die-Verklarung-Jesu.jpg","articleSection":["Heilige und Selige","Religion"],"inLanguage":"de"},{"@type":"WebPage","@id":"https:\/\/blog.holyart.it\/de\/devotionalien\/die-verklaerung-jesu\/","url":"https:\/\/blog.holyart.it\/de\/devotionalien\/die-verklaerung-jesu\/","name":"Die Verkl\u00e4rung Jesu - Holyart.de Blog","isPartOf":{"@id":"https:\/\/blog.holyart.it\/de\/#website"},"primaryImageOfPage":{"@id":"https:\/\/blog.holyart.it\/de\/devotionalien\/die-verklaerung-jesu\/#primaryimage"},"image":{"@id":"https:\/\/blog.holyart.it\/de\/devotionalien\/die-verklaerung-jesu\/#primaryimage"},"thumbnailUrl":"https:\/\/blog.holyart.it\/de\/wp-content\/uploads\/sites\/12\/2022\/06\/Die-Verklarung-Jesu.jpg","datePublished":"2021-08-31T07:52:12+00:00","dateModified":"2022-10-17T09:54:29+00:00","description":"Die Verkl\u00e4rung Jesu wird am 6. August gefeiert, vierzig Tage vor der Erh\u00f6hung des Heiligen Kreuzes, dem Gedenken an die Kreuzigung. Was bedeutet Verkl\u00e4rung?","breadcrumb":{"@id":"https:\/\/blog.holyart.it\/de\/devotionalien\/die-verklaerung-jesu\/#breadcrumb"},"inLanguage":"de","potentialAction":[{"@type":"ReadAction","target":["https:\/\/blog.holyart.it\/de\/devotionalien\/die-verklaerung-jesu\/"]}]},{"@type":"ImageObject","inLanguage":"de","@id":"https:\/\/blog.holyart.it\/de\/devotionalien\/die-verklaerung-jesu\/#primaryimage","url":"https:\/\/blog.holyart.it\/de\/wp-content\/uploads\/sites\/12\/2022\/06\/Die-Verklarung-Jesu.jpg","contentUrl":"https:\/\/blog.holyart.it\/de\/wp-content\/uploads\/sites\/12\/2022\/06\/Die-Verklarung-Jesu.jpg","width":1000,"height":666},{"@type":"BreadcrumbList","@id":"https:\/\/blog.holyart.it\/de\/devotionalien\/die-verklaerung-jesu\/#breadcrumb","itemListElement":[{"@type":"ListItem","position":1,"name":"Homepage","item":"https:\/\/blog.holyart.it\/de\/"},{"@type":"ListItem","position":2,"name":"Religion","item":"https:\/\/blog.holyart.it\/de\/devotionalien\/"},{"@type":"ListItem","position":3,"name":"Die Verkl\u00e4rung Jesu"}]},{"@type":"WebSite","@id":"https:\/\/blog.holyart.it\/de\/#website","url":"https:\/\/blog.holyart.it\/de\/","name":"Holyart.de Blog","description":"Holyblog","publisher":{"@id":"https:\/\/blog.holyart.it\/de\/#organization"},"potentialAction":[{"@type":"SearchAction","target":{"@type":"EntryPoint","urlTemplate":"https:\/\/blog.holyart.it\/de\/?s={search_term_string}"},"query-input":{"@type":"PropertyValueSpecification","valueRequired":true,"valueName":"search_term_string"}}],"inLanguage":"de"},{"@type":"Organization","@id":"https:\/\/blog.holyart.it\/de\/#organization","name":"Holyart.de Blog","url":"https:\/\/blog.holyart.it\/de\/","logo":{"@type":"ImageObject","inLanguage":"de","@id":"https:\/\/blog.holyart.it\/de\/#\/schema\/logo\/image\/","url":"https:\/\/blog.holyart.it\/de\/wp-content\/uploads\/sites\/12\/2022\/12\/Holyart_Blog_Logo.jpg","contentUrl":"https:\/\/blog.holyart.it\/de\/wp-content\/uploads\/sites\/12\/2022\/12\/Holyart_Blog_Logo.jpg","width":300,"height":50,"caption":"Holyart.de Blog"},"image":{"@id":"https:\/\/blog.holyart.it\/de\/#\/schema\/logo\/image\/"}},{"@type":"Person","@id":"https:\/\/blog.holyart.it\/de\/#\/schema\/person\/0a7b686e5af0f856ec1e390dd0baecda","name":"Redazione","image":{"@type":"ImageObject","inLanguage":"de","@id":"https:\/\/blog.holyart.it\/de\/#\/schema\/person\/image\/","url":"https:\/\/secure.gravatar.com\/avatar\/f477da817f43e50d0af36abecd33e3edf826c68299714bdc1057dff3b113f516?s=96&d=mm&r=g","contentUrl":"https:\/\/secure.gravatar.com\/avatar\/f477da817f43e50d0af36abecd33e3edf826c68299714bdc1057dff3b113f516?s=96&d=mm&r=g","caption":"Redazione"}}]}},"_links":{"self":[{"href":"https:\/\/blog.holyart.it\/de\/wp-json\/wp\/v2\/posts\/1784","targetHints":{"allow":["GET"]}}],"collection":[{"href":"https:\/\/blog.holyart.it\/de\/wp-json\/wp\/v2\/posts"}],"about":[{"href":"https:\/\/blog.holyart.it\/de\/wp-json\/wp\/v2\/types\/post"}],"author":[{"embeddable":true,"href":"https:\/\/blog.holyart.it\/de\/wp-json\/wp\/v2\/users\/1"}],"replies":[{"embeddable":true,"href":"https:\/\/blog.holyart.it\/de\/wp-json\/wp\/v2\/comments?post=1784"}],"version-history":[{"count":0,"href":"https:\/\/blog.holyart.it\/de\/wp-json\/wp\/v2\/posts\/1784\/revisions"}],"wp:featuredmedia":[{"embeddable":true,"href":"https:\/\/blog.holyart.it\/de\/wp-json\/wp\/v2\/media\/1786"}],"wp:attachment":[{"href":"https:\/\/blog.holyart.it\/de\/wp-json\/wp\/v2\/media?parent=1784"}],"wp:term":[{"taxonomy":"category","embeddable":true,"href":"https:\/\/blog.holyart.it\/de\/wp-json\/wp\/v2\/categories?post=1784"},{"taxonomy":"post_tag","embeddable":true,"href":"https:\/\/blog.holyart.it\/de\/wp-json\/wp\/v2\/tags?post=1784"}],"curies":[{"name":"wp","href":"https:\/\/api.w.org\/{rel}","templated":true}]}}