{"id":1671,"date":"2021-11-09T15:49:34","date_gmt":"2021-11-09T14:49:34","guid":{"rendered":"https:\/\/blog.holyart.it\/de\/?p=1671"},"modified":"2022-08-18T15:10:00","modified_gmt":"2022-08-18T13:10:00","slug":"die-geschichte-von-adam-und-eva","status":"publish","type":"post","link":"https:\/\/blog.holyart.it\/de\/devotionalien\/die-geschichte-von-adam-und-eva\/","title":{"rendered":"Die Geschichte von Adam und Eva"},"content":{"rendered":"<h4 style=\"text-align: center;\">Wer kennt die Geschichte von Adam und Eva nicht, dem ersten Mann und der ersten Frau? Aber sind wir so sicher, dass wir sie wirklich wissen? Lassen Sie uns gemeinsam die Geschichte aller Geschichten in Erinnerung rufen.<\/h4>\n\n<p>Eva und Adam werden von den Katholiken als die <strong>Stammv\u00e4ter der gesamten Menschheit<\/strong> angesehen. Ihre Geschichte wird uns erz\u00e4hlt, seit wir Kinder sind, und sie ist sch\u00f6n und schrecklich zugleich, denn sie erz\u00e4hlt von der unermesslichen Liebe Gottes, der sich entschloss, diese beiden besonderen Gesch\u00f6pfe zu erschaffen, um ihnen die wunderbare Welt zu schenken, die gerade seinen H\u00e4nden entsprungen war, aber sie erz\u00e4hlt auch von der <strong>Erbs\u00fcnde<\/strong> und davon, wie der erste Mann und die erste Frau ihren Vater entt\u00e4uschten und es verdienten, aus seinem <strong>Paradies<\/strong> versto\u00dfen zu werden.<\/p>\n<p>Aber die Geschichte von Adam und Eva birgt viel tiefere Bedeutungen in sich, die sicherlich eine n\u00e4here Betrachtung verdienen. Wir brauchen nur daran zu denken, dass die Anerkennung ihrer Existenz bedeutet, dass die <strong>gesamte Menschheit von demselben Paar<\/strong> <strong>abstammt<\/strong> und wir daher alle eine gro\u00dfe Familie sind. Ein nicht unbedeutender Gedanke, besonders in Zeiten, in denen Liebe, Br\u00fcderlichkeit und Barmherzigkeit st\u00e4ndig in Frage gestellt werden.<\/p>\n<p>Es lohnt sich also, einen Moment bei dieser alten und faszinierenden Geschichte zu verweilen, bei den Bedeutungen, die sie verbirgt und die der katholischen Lehre seit ihren Anf\u00e4ngen zugrunde liegen. Konzepte wie die <strong>Erbs\u00fcnde<\/strong> und der <strong>S\u00fcndenapfel<\/strong> haben das Leben zahlloser M\u00e4nner und Frauen \u00fcber die Jahrtausende hinweg bestimmt und reguliert, und auch heute noch leben wir mit dem Erbe dieser Schuld, diesem Schandfleck, der die gesamte Menschheit gezeichnet hat und den nur das <strong>Opfer Jesu<\/strong> in Frage stellen konnte.<\/p>\n<h2>Die Erschaffung von Adam und Eva<\/h2>\n<p><a href=\"https:\/\/www.holyart.de\/devotionalien\/christliche-bucher\/bibeln\"><strong>Die wahre Geschichte von Adam und Eva wird in der Bibel erz\u00e4hlt<\/strong><\/a>, genauer gesagt im Buch <strong>Genesis<\/strong>.<\/p>\n<div class=\"link-product\">\n<div class=\"blocco-immagine\"><img loading=\"lazy\" decoding=\"async\" class=\"alignnone size-full wp-image-1673\" src=\"https:\/\/blog.holyart.it\/de\/wp-content\/uploads\/sites\/12\/2022\/06\/Wandteppich-Schaffung-Adams.jpg\" alt=\"Wandteppich Schaffung Adams\" width=\"100\" height=\"100\" data-kale-share-title=\"Die Geschichte von Adam und Eva\" data-kale-share-url=\"https:\/\/blog.holyart.it\/de\/?p=1671\" \/><\/div>\n<div class=\"blocco-contenuto\">\n<div class=\"blocco-acquista\">Einkaufen:<\/div>\n<div class=\"blocco-titolo\"><a href=\"https:\/\/www.holyart.de\/devotionalien\/wandteppiche\/wandteppich-schaffung-adams-70x130-cm\">Wandteppich Schaffung Adams<\/a><\/div>\n<div class=\"blocco-descrizione\">Wandteppich, Motiv: Schaffung Adams<\/div>\n<\/div>\n<\/div>\n<p>In diesem Buch werden die Tage der <strong>Sch\u00f6pfung<\/strong> beschrieben, als Gott die Welt, wie wir sie kennen, und alles, was sie bev\u00f6lkert, ins Leben rufen wollte. Innerhalb von f\u00fcnf Tagen schuf er den Himmel, die Erde, das Licht, die Sterne, alle Fische, V\u00f6gel und Tiere.<\/p>\n<p>Am sechsten Tag beschloss er, den Menschen zu erschaffen.<\/p>\n<p><em>Und Gott sprach: Lasst uns den Menschen machen als unser Abbild, uns \u00e4hnlich, und er soll herrschen \u00fcber die Fische des Meeres und \u00fcber die V\u00f6gel des Himmels, \u00fcber das Vieh, \u00fcber alle wilden Tiere und \u00fcber alle Kriechtiere, die auf der Erde kriechen. Gott schuf den Menschen zu seinem Bilde, zum Bilde Gottes schuf er ihn, <strong>als Mann und Frau schuf er sie<\/strong>. Gott segnete sie und sprach zu ihnen: &#8222;Seid fruchtbar und mehret euch, f\u00fcllet die Erde und machet sie euch untertan und herrschet \u00fcber die Fische im Meer und \u00fcber die V\u00f6gel unter dem Himmel und \u00fcber alles Getier, das auf Erden kriecht&#8220; <\/em>(1. Mose 1,26-28)<\/p>\n<p>In der Bibel gibt es jedoch eine zweite Version dieser Episode:<\/p>\n<p><em>Und der Mann gab allem Vieh und allen V\u00f6geln des Himmels und allen wilden Tieren Namen, aber er fand keine Hilfe, die ihm gleich war. Da lie\u00df Gott, der Herr, eine Erstarrung \u00fcber den Mann kommen, der daraufhin einschlief; er entfernte eine seiner Rippen und setzte Fleisch an ihre Stelle. <strong>Gott, der Herr, formte eine Frau aus der Rippe, die er dem Mann genommen hatte<\/strong>, und brachte sie zu dem Mann<\/em>. (Genesis 2:20-22)<\/p>\n<p>Diese beiden Versionen werden als <strong>priesterliche<\/strong> bzw. <strong>jahwistische Quelle<\/strong> bezeichnet und stehen im Zusammenhang mit der von dem deutschen Bibelwissenschaftler Julius Wellhausen formulierten Dokumentationshypothese, nach der die ersten f\u00fcnf B\u00fccher der Bibel, der so genannte <strong>Pentateuch<\/strong> (Torah f\u00fcr Juden), d. h. Genesis, Exodus, Levitikus, Numeri und Deuteronomium, nicht von Mose allein, sondern von vier wahrscheinlichen Autoren verfasst wurden, deren Initialen die Abk\u00fcrzung JEDP bilden.<\/p>\n<p>Wie wir sehen k\u00f6nnen, weisen die beiden Berichte \u00fcber die Erschaffung des ersten Mannes und der ersten Frau einige wesentliche Unterschiede auf. In der ersten schuf Gott Adam und Eva gleichzeitig, beide nach seinem Ebenbild, und machte sie zu Herren des irdischen <strong>Paradieses<\/strong>. Im zweiten hingegen wurde Adam zuerst erschaffen, und Gott gab ihm allein die Herrschaft \u00fcber die von ihm geschaffenen Dinge und Tiere. Die Frau kam sp\u00e4ter. Nat\u00fcrlich ist dies nicht der Ort, um diese beiden Standpunkte zu vertiefen, aber die Auswirkungen, die die beiden unterschiedlichen Interpretationen in der Geschichte der Kirche und der Menschheit, insbesondere im Hinblick auf die Beziehung zwischen M\u00e4nnern und Frauen, gehabt haben, sind offensichtlich.<\/p>\n<h2>Die Geschichte von Adam und Eva f\u00fcr Kinder<\/h2>\n<p>Wie k\u00f6nnten wir die Geschichte von Adam und Eva jenseits von akademischen Interpretationen und Studien angesehener Bibelwissenschaftler auf einfache Weise erz\u00e4hlen? Wie k\u00f6nnten wir zum Beispiel vorgehen, wenn wir es Kindern erz\u00e4hlen w\u00fcrden? Was in den Augen der j\u00fcngsten Kinder aus dieser Geschichte hervorgehen muss, ist die gro\u00dfe Liebe Gottes, der eine wunderbare Welt geschaffen hat, um sie den Menschen zu schenken. Es ist wichtig, dass die Kinder verstehen, dass alles um sie herum die Frucht dieser Liebe ist und dass es ihre Pflicht ist, sie zu respektieren und zu sch\u00fctzen, sie zu genie\u00dfen und sie niemals als selbstverst\u00e4ndlich anzusehen, wie es allzu oft geschieht. Dann wird es sicherlich n\u00fctzlich sein, ihnen die Schwere des Ungehorsams von Adam und Eva vor Augen zu f\u00fchren, die den Apfel a\u00dfen, obwohl Gott es ihnen verboten hatte, und ihnen dennoch die Freiheit lie\u00dfen, all die anderen sch\u00f6nen und schmackhaften Fr\u00fcchte zu essen, die es im Garten Eden im \u00dcberfluss gab. Um dies zu unterstreichen, ist es vielleicht sinnvoll, einen Vergleich mit dem Ungehorsam der Kinder selbst zu ziehen, die sich den Pflichten und Empfehlungen ihrer Eltern entziehen. Pflichten und Empfehlungen, die immer und nur zu ihrem eigenen Besten ausgesprochen werden. Auch hier wird es wichtig sein, ihnen das <a href=\"https:\/\/www.holyart.de\/blog\/devotionalien\/was-ist-der-freie-wille-und-was-bedeutet-er\/\"><strong>Konzept des freien Willens nahe zu bringen<\/strong><\/a>: Gott lie\u00df Adam und Eva die Wahl, zu tun, was sie wollten, sogar die Wahl, ihn zu lieben oder nicht. Er hat sie zu nichts gezwungen, alles, was er f\u00fcr sie getan hat, war ein wunderbares Geschenk, und doch haben sie ihn mit ihrer Undankbarkeit entt\u00e4uscht. Die Geschichte k\u00f6nnte in etwa so aussehen:<\/p>\n<p><em>Gott ist so gut, dass er eines Tages beschloss, einen wunderbaren Garten anzulegen. Er f\u00fcllte ihn mit Pflanzen, Blumen, Tieren aller Art, und \u00fcber ihm breitete er den Himmel aus, mit der Sonne, dem Mond und den Sternen. Als er damit fertig war, schuf er den ersten Mann, Adam, und die erste Frau, Eva, und \u00fcbergab ihnen dieses irdische Paradies. Adam und Eva konnten gehen, wohin sie wollten, in eine Welt, in der es keinen Schmerz, keine Krankheit und keinen Tod gab, und sie konnten alle Fr\u00fcchte essen, die an den B\u00e4umen im Garten wuchsen, mit Ausnahme der \u00c4pfel von dem Baum, der in der Mitte des Gartens stand. <\/em><\/p>\n<p><em>Trotz der Empfehlungen Gottes lie\u00df sich Eva von einer b\u00f6sen Schlange verf\u00fchren, die ihr sagte, dass die Frucht dieses gro\u00dfen Baumes sie in die Lage versetzen w\u00fcrde, den Unterschied zwischen Gut und B\u00f6se zu erkennen. Eva nahm eine Frucht von dem verbotenen Baum, a\u00df davon und bot sie Adam an. <\/em><\/p>\n<p><em>Gott entdeckte sofort ihren Ungehorsam und litt sehr darunter. Er hatte alles f\u00fcr sie getan, hatte ein Paradies geschaffen und es verschenkt, ohne eine Gegenleistung zu verlangen. Zur Strafe schickte er sie aus dem irdischen Paradies fort und verdammte sie und alle ihre Nachkommen zu Schmerz und Tod.<\/em><\/p>\n<div class=\"link-article\">\n<p><img loading=\"lazy\" decoding=\"async\" class=\"alignnone size-full wp-image-1674\" src=\"https:\/\/blog.holyart.it\/de\/wp-content\/uploads\/sites\/12\/2022\/06\/freie-Wille.jpg\" alt=\"freie Wille\" width=\"150\" height=\"100\" data-kale-share-title=\"Die Geschichte von Adam und Eva\" data-kale-share-url=\"https:\/\/blog.holyart.it\/de\/?p=1671\" \/><\/p>\n<div class=\"leggi-anche\">Lesen Sie auch:<\/div>\n<p><strong><a href=\"https:\/\/www.holyart.de\/blog\/devotionalien\/was-ist-der-freie-wille-und-was-bedeutet-er\/\">Was ist der freie Wille und was bedeutet er?<\/a><\/strong><br \/>\nWas ist der freie Wille? Welche Auswirkungen hat sie auf das Leben des Menschen im Allgemeinen und des Christen im Besonderen?<\/p>\n<\/div>\n<h2>Adam und Eva: Die Geschichte vom Apfel und der Erbs\u00fcnde<\/h2>\n<p>Die Geschichte vom Apfel, der verbotenen Frucht, die Adam und Eva angeblich Gott gleich machte, indem sie ihnen die Erkenntnis von Gut und B\u00f6se schenkte, ist nicht nur ein Kinderm\u00e4rchen. Im Gegenteil, sie ist die Grundlage der katholischen Religion. Die Folge der Erbs\u00fcnde war n\u00e4mlich der S\u00fcndenfall, der Bruch des stillschweigenden Bundes zwischen ihm und Gott, dessen Auswirkungen die gesamte Menschheit seit Jahrtausenden zu sp\u00fcren bekommt. Alle \u00dcbel des Menschen haben ihren Ursprung in diesem einen Akt des Ungehorsams. Davor war der Mensch perfekt, immun gegen Krankheiten und Verletzungen, unsterblich und gl\u00fccklich. Dieser Akt entspringt dem Wunsch des Menschen, selbst entscheiden zu k\u00f6nnen, was gut und was b\u00f6se ist, anstatt sich auf die unendliche Weisheit und die unendliche Liebe Gottes zu verlassen.<\/p>\n<p>Der Bericht \u00fcber die Erbs\u00fcnde, von der Versuchung durch die Schlange bis hin zu Evas Handlung, den Apfel vom Baum zu nehmen und ihn Adam anzubieten, ist durchdrungen von Verweisen auf unz\u00e4hlige fr\u00fchere heilige Berichte. Es ist interessant, wie die Worte der verf\u00fchrerischen Schlange ausreichen, um in der ersten Frau den Keim des Zweifels zu wecken, die \u00dcberzeugung, dass das Gebot Gottes, nicht von der Frucht des Baumes zu essen, ungerecht war. Vor allem regt es zum Nachdenken an, dass die Verhei\u00dfung der Schlange, die Eva sagt, dass sie und Adam durch den Verzehr des verbotenen Apfels die Erkenntnis des Guten und des B\u00f6sen erlangen und in der Praxis wie Gott werden, so unwiderstehlich ist.<\/p>\n<h2>Adam und Eva aus dem Paradies verbannt<\/h2>\n<p>Nachdem sie den Apfel gepfl\u00fcckt und gekostet haben, ist das erste und einzige, was Adam und Eva bewusst wird, ihre eigene Nacktheit. <strong>Scham<\/strong> ist das erste negative Gef\u00fchl, das der erste Mann und die erste Frau unmittelbar nach ihrem Fall erfahren haben.<\/p>\n<div class=\"link-product\">\n<div class=\"blocco-immagine\"><img loading=\"lazy\" decoding=\"async\" class=\"alignnone size-full wp-image-1675\" src=\"https:\/\/blog.holyart.it\/de\/wp-content\/uploads\/sites\/12\/2022\/06\/Schlangenstatue.jpg\" alt=\"Schlangenstatue\" width=\"100\" height=\"100\" data-kale-share-title=\"Die Geschichte von Adam und Eva\" data-kale-share-url=\"https:\/\/blog.holyart.it\/de\/?p=1671\" \/><\/div>\n<div class=\"blocco-contenuto\">\n<div class=\"blocco-acquista\">Einkaufen:<\/div>\n<div class=\"blocco-titolo\"><a href=\"https:\/\/www.holyart.de\/weihnachten\/krippen\/krippe-aus-grodnertal-holz\/schlange-im-korb-12cm-mod.-original-cometa-grodnertal-holz\">Schlange im Korb<\/a><\/div>\n<div class=\"blocco-descrizione\">Schlange im Korb Original Cometa Gr\u00f6dnertal Holz.<\/div>\n<\/div>\n<\/div>\n<p>Als Gott ihren Ungehorsam entdeckt, l\u00e4sst er die drei Schuldigen vorladen, die versuchen, sich zu entlasten, indem sie sich gegenseitig beschuldigen. Die Strafe Gottes trifft sie alle, zuerst die Schlange, die verflucht wird, dann die Frau, Eva, die zu den Leiden der Geburt und zur Unterwerfung unter den Mann verurteilt wird, und schlie\u00dflich Adam, der dazu verurteilt wird, mit M\u00fche und Schwei\u00df die Fr\u00fcchte von der Erde zu holen, die ihm bis dahin reichlich zur Verf\u00fcgung stand. Schlie\u00dflich, und das ist sicherlich das schlimmste \u00dcbel, das sich aus dieser gedankenlosen Handlung ergibt, verurteilt Gott Mann und Frau und mit ihnen alle ihre Nachkommen zum <strong>physischen Tod<\/strong>, w\u00e4hrend sie vorher unsterblich waren. Es wird Tausende von Jahren und das Kommen Jesu Christi brauchen, bis dieser schreckliche Bruch die Hoffnung auf Vers\u00f6hnung erf\u00e4hrt. In Jesus kennen die S\u00f6hne Adams die M\u00f6glichkeit der Erl\u00f6sung, das Trugbild des ewigen Lebens am Ende der Zeit, und zwar nur f\u00fcr diejenigen, die es verdienen.<\/p>\n<h2>Wer waren die Kinder von Adam und Eva?<\/h2>\n<p>Nach ihrem Verbannen aus dem Garten Eden hatten Adam und Eva mehrere Kinder, der \u00dcberlieferung nach zwischen 14 und 140. Die einzigen drei, die in der Bibel erw\u00e4hnt werden, sind jedoch <strong>Kain, Abel und Seth<\/strong>. Kain heiratete Abels Zwillingsschwester Calmana, Abel Kains Zwillingsschwester Deborah. Nach Abels Tod heiratete Kain, sein M\u00f6rder, dessen Schwester Awan, mit der er einen Sohn, Henoch, zeugte. Seth heiratete seine Schwester Azura, die Enos zur Welt brachte, aus dessen Nachkommenschaft Noah und seine S\u00f6hne hervorgehen sollten. Kains Nachkommen hingegen wurden zu nomadischen Viehz\u00fcchtern und erlernten die Kunst des Metallschmiedens, zeichneten sich jedoch durch Gewalt und Polygamie aus.<\/p>\n","protected":false},"excerpt":{"rendered":"<p>Wer kennt die Geschichte von Adam und Eva nicht, dem ersten Mann und der ersten Frau? Aber sind wir so sicher, dass wir sie wirklich wissen? Lassen Sie uns gemeinsam die Geschichte aller Geschichten in Erinnerung rufen. Eva und Adam werden von den Katholiken als&hellip;<\/p>\n","protected":false},"author":1,"featured_media":1672,"comment_status":"closed","ping_status":"open","sticky":false,"template":"","format":"standard","meta":{"_acf_changed":false,"footnotes":""},"categories":[10],"tags":[],"class_list":["post-1671","post","type-post","status-publish","format-standard","has-post-thumbnail","hentry","category-devotionalien"],"acf":[],"yoast_head":"<!-- This site is optimized with the Yoast SEO plugin v26.6 - https:\/\/yoast.com\/wordpress\/plugins\/seo\/ -->\n<title>Die Geschichte von Adam und Eva - Holyart.de Blog<\/title>\n<meta name=\"description\" content=\"Wer kennt die Geschichte von Adam und Eva nicht, dem ersten Mann und der ersten Frau? Aber sind wir so sicher, dass wir sie wirklich wissen?\" \/>\n<meta name=\"robots\" content=\"index, follow, max-snippet:-1, max-image-preview:large, max-video-preview:-1\" \/>\n<link rel=\"canonical\" href=\"https:\/\/blog.holyart.it\/de\/devotionalien\/die-geschichte-von-adam-und-eva\/\" \/>\n<meta property=\"og:locale\" content=\"de_DE\" \/>\n<meta property=\"og:type\" content=\"article\" \/>\n<meta property=\"og:title\" content=\"Die Geschichte von Adam und Eva - Holyart.de Blog\" \/>\n<meta property=\"og:description\" content=\"Wer kennt die Geschichte von Adam und Eva nicht, dem ersten Mann und der ersten Frau? Aber sind wir so sicher, dass wir sie wirklich wissen?\" \/>\n<meta property=\"og:url\" content=\"https:\/\/blog.holyart.it\/de\/devotionalien\/die-geschichte-von-adam-und-eva\/\" \/>\n<meta property=\"og:site_name\" content=\"Holyart.de Blog\" \/>\n<meta property=\"article:published_time\" content=\"2021-11-09T14:49:34+00:00\" \/>\n<meta property=\"article:modified_time\" content=\"2022-08-18T13:10:00+00:00\" \/>\n<meta property=\"og:image\" content=\"https:\/\/blog.holyart.it\/de\/wp-content\/uploads\/sites\/12\/2022\/06\/Adam-und-eva.jpg\" \/>\n\t<meta property=\"og:image:width\" content=\"1000\" \/>\n\t<meta property=\"og:image:height\" content=\"666\" \/>\n\t<meta property=\"og:image:type\" content=\"image\/jpeg\" \/>\n<meta name=\"author\" content=\"Redazione\" \/>\n<meta name=\"twitter:card\" content=\"summary_large_image\" \/>\n<meta name=\"twitter:label1\" content=\"Verfasst von\" \/>\n\t<meta name=\"twitter:data1\" content=\"Redazione\" \/>\n\t<meta name=\"twitter:label2\" content=\"Gesch\u00e4tzte Lesezeit\" \/>\n\t<meta name=\"twitter:data2\" content=\"10\u00a0Minuten\" \/>\n<script type=\"application\/ld+json\" class=\"yoast-schema-graph\">{\"@context\":\"https:\/\/schema.org\",\"@graph\":[{\"@type\":\"Article\",\"@id\":\"https:\/\/blog.holyart.it\/de\/devotionalien\/die-geschichte-von-adam-und-eva\/#article\",\"isPartOf\":{\"@id\":\"https:\/\/blog.holyart.it\/de\/devotionalien\/die-geschichte-von-adam-und-eva\/\"},\"author\":{\"name\":\"Redazione\",\"@id\":\"https:\/\/blog.holyart.it\/de\/#\/schema\/person\/0a7b686e5af0f856ec1e390dd0baecda\"},\"headline\":\"Die Geschichte von Adam und Eva\",\"datePublished\":\"2021-11-09T14:49:34+00:00\",\"dateModified\":\"2022-08-18T13:10:00+00:00\",\"mainEntityOfPage\":{\"@id\":\"https:\/\/blog.holyart.it\/de\/devotionalien\/die-geschichte-von-adam-und-eva\/\"},\"wordCount\":1915,\"publisher\":{\"@id\":\"https:\/\/blog.holyart.it\/de\/#organization\"},\"image\":{\"@id\":\"https:\/\/blog.holyart.it\/de\/devotionalien\/die-geschichte-von-adam-und-eva\/#primaryimage\"},\"thumbnailUrl\":\"https:\/\/blog.holyart.it\/de\/wp-content\/uploads\/sites\/12\/2022\/06\/Adam-und-eva.jpg\",\"articleSection\":[\"Religion\"],\"inLanguage\":\"de\"},{\"@type\":\"WebPage\",\"@id\":\"https:\/\/blog.holyart.it\/de\/devotionalien\/die-geschichte-von-adam-und-eva\/\",\"url\":\"https:\/\/blog.holyart.it\/de\/devotionalien\/die-geschichte-von-adam-und-eva\/\",\"name\":\"Die Geschichte von Adam und Eva - Holyart.de Blog\",\"isPartOf\":{\"@id\":\"https:\/\/blog.holyart.it\/de\/#website\"},\"primaryImageOfPage\":{\"@id\":\"https:\/\/blog.holyart.it\/de\/devotionalien\/die-geschichte-von-adam-und-eva\/#primaryimage\"},\"image\":{\"@id\":\"https:\/\/blog.holyart.it\/de\/devotionalien\/die-geschichte-von-adam-und-eva\/#primaryimage\"},\"thumbnailUrl\":\"https:\/\/blog.holyart.it\/de\/wp-content\/uploads\/sites\/12\/2022\/06\/Adam-und-eva.jpg\",\"datePublished\":\"2021-11-09T14:49:34+00:00\",\"dateModified\":\"2022-08-18T13:10:00+00:00\",\"description\":\"Wer kennt die Geschichte von Adam und Eva nicht, dem ersten Mann und der ersten Frau? Aber sind wir so sicher, dass wir sie wirklich wissen?\",\"breadcrumb\":{\"@id\":\"https:\/\/blog.holyart.it\/de\/devotionalien\/die-geschichte-von-adam-und-eva\/#breadcrumb\"},\"inLanguage\":\"de\",\"potentialAction\":[{\"@type\":\"ReadAction\",\"target\":[\"https:\/\/blog.holyart.it\/de\/devotionalien\/die-geschichte-von-adam-und-eva\/\"]}]},{\"@type\":\"ImageObject\",\"inLanguage\":\"de\",\"@id\":\"https:\/\/blog.holyart.it\/de\/devotionalien\/die-geschichte-von-adam-und-eva\/#primaryimage\",\"url\":\"https:\/\/blog.holyart.it\/de\/wp-content\/uploads\/sites\/12\/2022\/06\/Adam-und-eva.jpg\",\"contentUrl\":\"https:\/\/blog.holyart.it\/de\/wp-content\/uploads\/sites\/12\/2022\/06\/Adam-und-eva.jpg\",\"width\":1000,\"height\":666,\"caption\":\"Adam und eva\"},{\"@type\":\"BreadcrumbList\",\"@id\":\"https:\/\/blog.holyart.it\/de\/devotionalien\/die-geschichte-von-adam-und-eva\/#breadcrumb\",\"itemListElement\":[{\"@type\":\"ListItem\",\"position\":1,\"name\":\"Homepage\",\"item\":\"https:\/\/blog.holyart.it\/de\/\"},{\"@type\":\"ListItem\",\"position\":2,\"name\":\"Religion\",\"item\":\"https:\/\/blog.holyart.it\/de\/devotionalien\/\"},{\"@type\":\"ListItem\",\"position\":3,\"name\":\"Die Geschichte von Adam und Eva\"}]},{\"@type\":\"WebSite\",\"@id\":\"https:\/\/blog.holyart.it\/de\/#website\",\"url\":\"https:\/\/blog.holyart.it\/de\/\",\"name\":\"Holyart.de Blog\",\"description\":\"Holyblog\",\"publisher\":{\"@id\":\"https:\/\/blog.holyart.it\/de\/#organization\"},\"potentialAction\":[{\"@type\":\"SearchAction\",\"target\":{\"@type\":\"EntryPoint\",\"urlTemplate\":\"https:\/\/blog.holyart.it\/de\/?s={search_term_string}\"},\"query-input\":{\"@type\":\"PropertyValueSpecification\",\"valueRequired\":true,\"valueName\":\"search_term_string\"}}],\"inLanguage\":\"de\"},{\"@type\":\"Organization\",\"@id\":\"https:\/\/blog.holyart.it\/de\/#organization\",\"name\":\"Holyart.de Blog\",\"url\":\"https:\/\/blog.holyart.it\/de\/\",\"logo\":{\"@type\":\"ImageObject\",\"inLanguage\":\"de\",\"@id\":\"https:\/\/blog.holyart.it\/de\/#\/schema\/logo\/image\/\",\"url\":\"https:\/\/blog.holyart.it\/de\/wp-content\/uploads\/sites\/12\/2022\/12\/Holyart_Blog_Logo.jpg\",\"contentUrl\":\"https:\/\/blog.holyart.it\/de\/wp-content\/uploads\/sites\/12\/2022\/12\/Holyart_Blog_Logo.jpg\",\"width\":300,\"height\":50,\"caption\":\"Holyart.de Blog\"},\"image\":{\"@id\":\"https:\/\/blog.holyart.it\/de\/#\/schema\/logo\/image\/\"}},{\"@type\":\"Person\",\"@id\":\"https:\/\/blog.holyart.it\/de\/#\/schema\/person\/0a7b686e5af0f856ec1e390dd0baecda\",\"name\":\"Redazione\",\"image\":{\"@type\":\"ImageObject\",\"inLanguage\":\"de\",\"@id\":\"https:\/\/blog.holyart.it\/de\/#\/schema\/person\/image\/\",\"url\":\"https:\/\/secure.gravatar.com\/avatar\/f477da817f43e50d0af36abecd33e3edf826c68299714bdc1057dff3b113f516?s=96&d=mm&r=g\",\"contentUrl\":\"https:\/\/secure.gravatar.com\/avatar\/f477da817f43e50d0af36abecd33e3edf826c68299714bdc1057dff3b113f516?s=96&d=mm&r=g\",\"caption\":\"Redazione\"}}]}<\/script>\n<!-- \/ Yoast SEO plugin. -->","yoast_head_json":{"title":"Die Geschichte von Adam und Eva - Holyart.de Blog","description":"Wer kennt die Geschichte von Adam und Eva nicht, dem ersten Mann und der ersten Frau? Aber sind wir so sicher, dass wir sie wirklich wissen?","robots":{"index":"index","follow":"follow","max-snippet":"max-snippet:-1","max-image-preview":"max-image-preview:large","max-video-preview":"max-video-preview:-1"},"canonical":"https:\/\/blog.holyart.it\/de\/devotionalien\/die-geschichte-von-adam-und-eva\/","og_locale":"de_DE","og_type":"article","og_title":"Die Geschichte von Adam und Eva - Holyart.de Blog","og_description":"Wer kennt die Geschichte von Adam und Eva nicht, dem ersten Mann und der ersten Frau? Aber sind wir so sicher, dass wir sie wirklich wissen?","og_url":"https:\/\/blog.holyart.it\/de\/devotionalien\/die-geschichte-von-adam-und-eva\/","og_site_name":"Holyart.de Blog","article_published_time":"2021-11-09T14:49:34+00:00","article_modified_time":"2022-08-18T13:10:00+00:00","og_image":[{"width":1000,"height":666,"url":"https:\/\/blog.holyart.it\/de\/wp-content\/uploads\/sites\/12\/2022\/06\/Adam-und-eva.jpg","type":"image\/jpeg"}],"author":"Redazione","twitter_card":"summary_large_image","twitter_misc":{"Verfasst von":"Redazione","Gesch\u00e4tzte Lesezeit":"10\u00a0Minuten"},"schema":{"@context":"https:\/\/schema.org","@graph":[{"@type":"Article","@id":"https:\/\/blog.holyart.it\/de\/devotionalien\/die-geschichte-von-adam-und-eva\/#article","isPartOf":{"@id":"https:\/\/blog.holyart.it\/de\/devotionalien\/die-geschichte-von-adam-und-eva\/"},"author":{"name":"Redazione","@id":"https:\/\/blog.holyart.it\/de\/#\/schema\/person\/0a7b686e5af0f856ec1e390dd0baecda"},"headline":"Die Geschichte von Adam und Eva","datePublished":"2021-11-09T14:49:34+00:00","dateModified":"2022-08-18T13:10:00+00:00","mainEntityOfPage":{"@id":"https:\/\/blog.holyart.it\/de\/devotionalien\/die-geschichte-von-adam-und-eva\/"},"wordCount":1915,"publisher":{"@id":"https:\/\/blog.holyart.it\/de\/#organization"},"image":{"@id":"https:\/\/blog.holyart.it\/de\/devotionalien\/die-geschichte-von-adam-und-eva\/#primaryimage"},"thumbnailUrl":"https:\/\/blog.holyart.it\/de\/wp-content\/uploads\/sites\/12\/2022\/06\/Adam-und-eva.jpg","articleSection":["Religion"],"inLanguage":"de"},{"@type":"WebPage","@id":"https:\/\/blog.holyart.it\/de\/devotionalien\/die-geschichte-von-adam-und-eva\/","url":"https:\/\/blog.holyart.it\/de\/devotionalien\/die-geschichte-von-adam-und-eva\/","name":"Die Geschichte von Adam und Eva - Holyart.de Blog","isPartOf":{"@id":"https:\/\/blog.holyart.it\/de\/#website"},"primaryImageOfPage":{"@id":"https:\/\/blog.holyart.it\/de\/devotionalien\/die-geschichte-von-adam-und-eva\/#primaryimage"},"image":{"@id":"https:\/\/blog.holyart.it\/de\/devotionalien\/die-geschichte-von-adam-und-eva\/#primaryimage"},"thumbnailUrl":"https:\/\/blog.holyart.it\/de\/wp-content\/uploads\/sites\/12\/2022\/06\/Adam-und-eva.jpg","datePublished":"2021-11-09T14:49:34+00:00","dateModified":"2022-08-18T13:10:00+00:00","description":"Wer kennt die Geschichte von Adam und Eva nicht, dem ersten Mann und der ersten Frau? Aber sind wir so sicher, dass wir sie wirklich wissen?","breadcrumb":{"@id":"https:\/\/blog.holyart.it\/de\/devotionalien\/die-geschichte-von-adam-und-eva\/#breadcrumb"},"inLanguage":"de","potentialAction":[{"@type":"ReadAction","target":["https:\/\/blog.holyart.it\/de\/devotionalien\/die-geschichte-von-adam-und-eva\/"]}]},{"@type":"ImageObject","inLanguage":"de","@id":"https:\/\/blog.holyart.it\/de\/devotionalien\/die-geschichte-von-adam-und-eva\/#primaryimage","url":"https:\/\/blog.holyart.it\/de\/wp-content\/uploads\/sites\/12\/2022\/06\/Adam-und-eva.jpg","contentUrl":"https:\/\/blog.holyart.it\/de\/wp-content\/uploads\/sites\/12\/2022\/06\/Adam-und-eva.jpg","width":1000,"height":666,"caption":"Adam und eva"},{"@type":"BreadcrumbList","@id":"https:\/\/blog.holyart.it\/de\/devotionalien\/die-geschichte-von-adam-und-eva\/#breadcrumb","itemListElement":[{"@type":"ListItem","position":1,"name":"Homepage","item":"https:\/\/blog.holyart.it\/de\/"},{"@type":"ListItem","position":2,"name":"Religion","item":"https:\/\/blog.holyart.it\/de\/devotionalien\/"},{"@type":"ListItem","position":3,"name":"Die Geschichte von Adam und Eva"}]},{"@type":"WebSite","@id":"https:\/\/blog.holyart.it\/de\/#website","url":"https:\/\/blog.holyart.it\/de\/","name":"Holyart.de Blog","description":"Holyblog","publisher":{"@id":"https:\/\/blog.holyart.it\/de\/#organization"},"potentialAction":[{"@type":"SearchAction","target":{"@type":"EntryPoint","urlTemplate":"https:\/\/blog.holyart.it\/de\/?s={search_term_string}"},"query-input":{"@type":"PropertyValueSpecification","valueRequired":true,"valueName":"search_term_string"}}],"inLanguage":"de"},{"@type":"Organization","@id":"https:\/\/blog.holyart.it\/de\/#organization","name":"Holyart.de Blog","url":"https:\/\/blog.holyart.it\/de\/","logo":{"@type":"ImageObject","inLanguage":"de","@id":"https:\/\/blog.holyart.it\/de\/#\/schema\/logo\/image\/","url":"https:\/\/blog.holyart.it\/de\/wp-content\/uploads\/sites\/12\/2022\/12\/Holyart_Blog_Logo.jpg","contentUrl":"https:\/\/blog.holyart.it\/de\/wp-content\/uploads\/sites\/12\/2022\/12\/Holyart_Blog_Logo.jpg","width":300,"height":50,"caption":"Holyart.de Blog"},"image":{"@id":"https:\/\/blog.holyart.it\/de\/#\/schema\/logo\/image\/"}},{"@type":"Person","@id":"https:\/\/blog.holyart.it\/de\/#\/schema\/person\/0a7b686e5af0f856ec1e390dd0baecda","name":"Redazione","image":{"@type":"ImageObject","inLanguage":"de","@id":"https:\/\/blog.holyart.it\/de\/#\/schema\/person\/image\/","url":"https:\/\/secure.gravatar.com\/avatar\/f477da817f43e50d0af36abecd33e3edf826c68299714bdc1057dff3b113f516?s=96&d=mm&r=g","contentUrl":"https:\/\/secure.gravatar.com\/avatar\/f477da817f43e50d0af36abecd33e3edf826c68299714bdc1057dff3b113f516?s=96&d=mm&r=g","caption":"Redazione"}}]}},"_links":{"self":[{"href":"https:\/\/blog.holyart.it\/de\/wp-json\/wp\/v2\/posts\/1671","targetHints":{"allow":["GET"]}}],"collection":[{"href":"https:\/\/blog.holyart.it\/de\/wp-json\/wp\/v2\/posts"}],"about":[{"href":"https:\/\/blog.holyart.it\/de\/wp-json\/wp\/v2\/types\/post"}],"author":[{"embeddable":true,"href":"https:\/\/blog.holyart.it\/de\/wp-json\/wp\/v2\/users\/1"}],"replies":[{"embeddable":true,"href":"https:\/\/blog.holyart.it\/de\/wp-json\/wp\/v2\/comments?post=1671"}],"version-history":[{"count":0,"href":"https:\/\/blog.holyart.it\/de\/wp-json\/wp\/v2\/posts\/1671\/revisions"}],"wp:featuredmedia":[{"embeddable":true,"href":"https:\/\/blog.holyart.it\/de\/wp-json\/wp\/v2\/media\/1672"}],"wp:attachment":[{"href":"https:\/\/blog.holyart.it\/de\/wp-json\/wp\/v2\/media?parent=1671"}],"wp:term":[{"taxonomy":"category","embeddable":true,"href":"https:\/\/blog.holyart.it\/de\/wp-json\/wp\/v2\/categories?post=1671"},{"taxonomy":"post_tag","embeddable":true,"href":"https:\/\/blog.holyart.it\/de\/wp-json\/wp\/v2\/tags?post=1671"}],"curies":[{"name":"wp","href":"https:\/\/api.w.org\/{rel}","templated":true}]}}