{"id":1665,"date":"2021-08-24T14:57:22","date_gmt":"2021-08-24T12:57:22","guid":{"rendered":"https:\/\/blog.holyart.it\/de\/?p=1665"},"modified":"2023-02-22T14:48:34","modified_gmt":"2023-02-22T13:48:34","slug":"mariae-himmelfahrt","status":"publish","type":"post","link":"https:\/\/blog.holyart.it\/de\/devotionalien\/mariae-himmelfahrt\/","title":{"rendered":"Mari\u00e4 Himmelfahrt"},"content":{"rendered":"<h4>F\u00fcr die Christen ist der 15. August nicht nur das Herz des Sommers, sondern auch das Fest der Madonna. An diesem Tag wird n\u00e4mlich Mari\u00e4 Himmelfahrt gefeiert. Was hat es damit auf sich?<\/h4>\n\n<p>Mari\u00e4 Himmelfahrt ist seit 1950 ein erkl\u00e4rtes <strong>Glaubensdogma<\/strong>. Tats\u00e4chlich war dieser Glaube schon immer weit verbreitet und eine tief verwurzelte und wichtige Form der Fr\u00f6mmigkeit, lange bevor er offiziell anerkannt wurde.<\/p>\n<p>Nach Ansicht der katholischen Kirche ist Mari\u00e4 am Ende ihres irdischen Lebens <strong>nicht nur als Seele, sondern auch &#8211; und das ist einzigartig unter den Menschen &#8211; mit ihrem eigenen K\u00f6rper in den Himmel aufgefahren<\/strong>.<\/p>\n<p>Die Himmelfahrt unterscheidet sich von der <em>elevatio animae<\/em>, einer typischen Figur in der religi\u00f6sen Ikonographie, die den Aufstieg der Seele eines Heiligen in den Himmel darstellt, der gew\u00f6hnlich von Engeln begleitet wird. Der Unterschied ist, dass Mari\u00e4 mit Leib und Seele aufgestiegen ist. Der <a href=\"https:\/\/www.holyart.de\/devotionalien\/rosenkranze-und-rosenkranzetuis\"><strong>Rosenkranz<\/strong><\/a> feiert unter seinen Geheimnissen die Himmelfahrt Mariens als viertes Geheimnis der Herrlichkeit.<\/p>\n<p>Nachdem Gott sie <strong>ohne S\u00fcnde<\/strong> geboren und zur Mutter seines einzigen Sohnes auserw\u00e4hlt hat, nachdem er in seiner unermesslichen Voraussicht und Weisheit gewollt hat, dass sie Jesus empf\u00e4ngt, w\u00e4hrend sie Jungfrau und <strong>unbestechlich<\/strong> bleibt, nachdem sie dem Erl\u00f6ser eine <strong>liebende Mutter<\/strong> war, den sie sowohl als Kind als auch tot am Fu\u00dfe des Kreuzes in ihren Armen hielt, ist es vern\u00fcnftig zu denken, dass Gott etwas Besonderes mit ihr vorhatte, sogar im Tod. Mari\u00e4 hatte allen Grund, die <strong>erste Frau<\/strong> zu sein, die in ihrer Gesamtheit <strong>in das Himmelreich aufgenommen <\/strong>wurde.<\/p>\n<p>Mari\u00e4, die <strong>ohne S\u00fcnde<\/strong> geboren wurde und lebte, war also die erste und einzige, die in den Genuss der von Jesus allen Menschen versprochenen <strong>Auferstehung des Fleisches<\/strong> kam. Es ist ein besonderes Geschenk Gottes f\u00fcr sie, f\u00fcr ihr Opfer, f\u00fcr ihre Demut, f\u00fcr die unermessliche Liebe, die sie f\u00fcr ihren Sohn empfand. Ihr Beispiel wird zur <strong>Verhei\u00dfung und Hoffnung f\u00fcr jeden Menschen<\/strong>, der in dieser <strong>Vorwegnahme der Auferstehung des Fleisches<\/strong> einen Trost und eine Sehnsucht im Hinblick auf das J\u00fcngste Gericht sieht.<\/p>\n<p>Der heilige Johannes Damaszener, ein Kirchenlehrer, der zwischen dem 7. und 8. Jahrhundert lebte, schrieb: <em>\u201eEs war angemessen, dass sie, die bei der Geburt ihre <strong>Jungfr\u00e4ulichkeit<\/strong> unversehrt bewahrt hatte, ihren K\u00f6rper nach dem Tod vor dem Verderben bewahren sollte. Es war angemessen, dass sie, die <strong>in ihrem Scho\u00df das vom Sch\u00f6pfer geschaffene Kind <\/strong>getragen hatte, in der g\u00f6ttlichen Wohnung wohnen sollte. Es war angemessen, dass <strong>die Braut Gottes<\/strong> in das himmlische Haus einzog. Es war angemessen, dass sie, <strong>die ihren eigenen Sohn am Kreuz gesehen hatte<\/strong> und die Schmerzen, die ihr bei der Geburt erspart geblieben waren, an ihrem Leib empfing, ihn zur Rechten des Vaters sitzen sah. Es war angemessen, dass die <strong>Mutter Gottes<\/strong> das besa\u00df, was ihr durch ihren Sohn zustand, und dass sie von allen Gesch\u00f6pfen als <strong>Mutter<\/strong> <strong>und Sklavin Gottes<\/strong> geehrt wurde.\u201c<\/em><\/p>\n<p>Und wieder schrieb ein anonymer antiker Schriftsteller: \u201e<em>Christus, unser Retter und Gott, der Leben und Unsterblichkeit schenkt, hat <strong>der Mutter das Leben zur\u00fcckgegeben<\/strong>. Er war es, der sie, die ihn gezeugt hatte, <strong>sich selbst an der Unverg\u00e4nglichkeit des Leibes gleich machte<\/strong>, und zwar <strong>f\u00fcr immer<\/strong>. Er war es, der sie von den Toten auferweckte und sie <strong>neben sich aufnahm<\/strong>, auf einem Weg, der nur ihm bekannt ist<\/em>\u201c.<\/p>\n<h2>Mari\u00e4 Himmelfahrt und Dormition<\/h2>\n<p>15 August,<strong> dem Fest der Muttergottes<\/strong>. Aber nur f\u00fcr Christen? Nicht nur katholische Christen ehren die Himmelfahrt der Jungfrau Mari\u00e4. Die armenische Kirche, die orthodoxe Kirche und die Anglikaner feiern ihn ebenfalls am 15. August, aber die Armenier und Orthodoxen feiern ihn als <em>Dormitio Virginis<\/em>. Ihre Tradition besagt, dass Maria mit Leib und Seele ins Paradies aufgenommen wurde, nachdem sie in einen tiefen Schlaf gefallen war, ohne zu sterben. Die Katholiken hingegen schlie\u00dfen nicht aus, dass dieses wundersame Ereignis mit ihrem Tod zusammenfiel. In beiden F\u00e4llen k\u00f6nnen wir in Marias Aufnahme in den Himmel eine Vorwegnahme der Auferstehung lesen, die allen Menschen am Ende der Zeit verhei\u00dfen ist. Die Entschlafung Mari\u00e4 wurde im Osten bereits im 6. Jahrhundert durch kaiserlichen Erlass als Fest anerkannt. Doch weder f\u00fcr die Orthodoxen noch f\u00fcr die Armenier sind Dormition und Mari\u00e4 Himmelfahrt Dogmen.<\/p>\n<p>Was die Entschlafung betrifft, so ergibt sich die Zweideutigkeit aus der Tatsache, dass das griechische Wort <em>\u03ba\u03bf\u03b9\u03bc\u03b7\u03c3\u03b9\u03c2<\/em>, das sich in alten kirchlichen Texten findet, sowohl \u201eSchlaf\u201c als auch \u201eTod\u201c bedeutet. Das lateinische Wort <em>dormitio<\/em> bedeutet ebenfalls \u201eSchlaf\u201c, wird aber in religi\u00f6sen Texten oft f\u00fcr \u201eTod\u201c verwendet.<\/p>\n<p>Weitere protestantische Kirchen teilen diese \u00dcberzeugung nicht. In der Bibel gibt es keinen Hinweis auf die Himmelfahrt Mari\u00e4, daher wird sie von ihnen nicht anerkannt.<\/p>\n<h2>Das Fest Mari\u00e4 Himmelfahrt: Wie wird es gefeiert?<\/h2>\n<p>Am 15. August begeht die christliche Kirche dieses Fest, das auch als Fest der Mari\u00e4 Himmelfahrt bekannt ist und die Unverg\u00e4nglichkeit des Leibes Marias zelebriert. Betrachten wir also Ferragosto, das Fest Unserer Lieben Frau, wobei das italienische Wort <em>Ferragosto<\/em> vom lateinischen \u201e<em>feriae Augusti\u201c<\/em> stammt und sich auf die <em>Augustali<\/em> bezieht, Feste, die von Kaiser Augustus eingef\u00fchrt wurden, um den Bauern nach dem Ende der Sommerernte Ruhe zu verschaffen.<\/p>\n<div class=\"link-product\">\n<div class=\"blocco-immagine\"><img decoding=\"async\" class=\"alignnone size-full wp-image-1667\" src=\"https:\/\/blog.holyart.it\/de\/wp-content\/uploads\/sites\/12\/2022\/06\/Statue-Unserer-Lieben-Frau-von-der-Himmelfahrt.jpg\" alt=\"Statue Unserer Lieben Frau von der Himmelfahrt\" width=\"100\" height=\"1 00\" data-kale-share-title=\"Mari\u00e4 Himmelfahrt\" data-kale-share-url=\"https:\/\/blog.holyart.it\/de\/?p=1665\" \/><\/div>\n<div class=\"blocco-contenuto\">\n<div class=\"blocco-acquista\">Einkaufen:<\/div>\n<div class=\"blocco-titolo\"><a href=\"https:\/\/www.holyart.de\/devotionalien\/statuen\/statuen-aus-fiberglas\/statue-maria-aufnahme-in-den-himmel-nach-murillo-155-cm-glasfaserkunststoff-farbig-gefasst-mit-glasaugen\">Statue, Mari\u00e4 Aufnahme in den Himmel <\/a><\/div>\n<div class=\"blocco-descrizione\">Statue, Mari\u00e4 Aufnahme in den Himmel nach Murillo.<\/div>\n<\/div>\n<\/div>\n<p>Es war Papst Pius XII., der am 1. November 1950, einem heiligen Jahr, durch die apostolische Konstitution <em>Munificentissimus Deus<\/em> das Dogma der Himmelfahrt Mariens verk\u00fcndete: \u201e<em>Deshalb, nachdem wir erneut flehende Bitten an Gott gerichtet und das Licht des Geistes der Wahrheit angerufen haben, zur Ehre des allm\u00e4chtigen Gottes, der seine besondere Huld \u00fcber die Jungfrau Maria ausgegossen hat, zur Ehre seines Sohnes, des unsterblichen K\u00f6nigs der Zeitalter und des Siegers \u00fcber S\u00fcnde und Tod zur gr\u00f6\u00dferen Ehre seiner erhabenen Mutter und zur Freude und zum Jubel der ganzen Kirche erkl\u00e4ren wir mit der Autorit\u00e4t unseres Herrn Jesus Christus, der heiligen Apostel Petrus und Paulus und der Unseren, dass wir als von Gott geoffenbartes Dogma verk\u00fcnden, erkl\u00e4ren und definieren, dass <\/em><em>die unbefleckte Mutter Gottes, die immer jungfr\u00e4uliche Maria, wurde, nachdem sie ihr irdisches Leben vollendet hatte, mit Leib und Seele in die himmlische Herrlichkeit aufgenommen<\/em><em>. Wenn also jemand, Gott bewahre, es wagen sollte, das, was Wir festgelegt haben, zu leugnen oder freiwillig in Zweifel zu ziehen, soll er wissen, dass er den g\u00f6ttlichen und katholischen Glauben verfehlt hat<\/em>.\u201c<\/p>\n<p>In Italien werden in vielen St\u00e4dten und Gemeinden gro\u00dfe Feierlichkeiten organisiert. Oft wird das Fest Mari\u00e4 Himmelfahrt mit feierlichen Prozessionen begangen, bei denen eine Statue, die oft die schlafende Madonna darstellt, durch die Stra\u00dfen getragen wird, um dann am Ende der Feierlichkeiten in einen goldenen Sarg gelegt zu werden. Au\u00dferdem gibt es zahlreiche kirchliche Einrichtungen und Orden, die der Himmelfahrt Mariens geweiht sind. Ein Beispiel ist die Prozession in der Wallfahrtskirche Santa Maria della Grotta in der N\u00e4he von Cosenza, wo jedes Jahr eine mit einer &#8222;cinta&#8220;, einem Rahmen aus Kerzen, B\u00e4ndern und Blumen, geschm\u00fcckte Frau die Prozession der Gl\u00e4ubigen, die Hymnen an Mari\u00e4 singen, zur Grotte hinauff\u00fchrt, in der eine als wundert\u00e4tig geltende Statue steht, die nur mit dem Boot zu erreichen ist, oder die &#8222;Prozession der Vara&#8220; in Randazzo in der Gegend von Syrakus, wo am 15. August um Mitternacht ein alter, zwanzig Meter langer, mit Blumen gef\u00fcllter Wagen, der die Entschlafung, die Himmelfahrt und die Kr\u00f6nung Mariens symbolisiert, f\u00fcnfundzwanzig &#8222;Jungfrauen&#8220; beherbergt, die zu Ehren der Jungfrau singen.<\/p>\n<h2>Mari\u00e4 Himmelfahrt in der Kunst<\/h2>\n<p>Die Himmelfahrt der Jungfrau Mari\u00e4 hat im Laufe der Jahrhunderte viele ber\u00fchmte K\u00fcnstler inspiriert, die versucht haben, das Wunder ihrer Himmelfahrt in Bildern und Statuen festzuhalten. Ebenso wie die <em>Elevatio<\/em> <em>animae<\/em> von Heiligen und heiligen M\u00e4nnern taucht die Himmelfahrt seit jeher in der religi\u00f6sen Ikonographie auf. Man denke nur an Correggios grandioses Fresko \u00fcber dem Hochaltar der Kathedrale von Parma, das die Himmelfahrt der Jungfrau Maria darstellt, oder an Tizians Gem\u00e4lde <em>Die Himmelfahrt<\/em> auf dem Hochaltar der Basilika Santa Maria Gloriosa dei Frari in Venedig.<\/p>\n<h2>Mari\u00e4-Himmelfahrt-Rosenkranz<\/h2>\n<p>Anl\u00e4sslich des Festes Mari\u00e4 Himmelfahrt kann man die F\u00fcrsprache der Muttergottes erflehen, indem man den Rosenkranz betet, der auch als Novene vom 6. bis zum 15. August wiederholt werden kann. Der Rosenkranz kann von zw\u00f6lf Engelsgr\u00fc\u00dfen und Anrufungen begleitet werden, die sich auf den <a href=\"https:\/\/www.holyart.de\/devotionalien\/kronen-und-heiligenscheine-fur-statuen\"><strong>Kranz der zw\u00f6lf Sterne beziehen<\/strong><\/a>, mit der Maria im Himmel gekr\u00f6nt wurde.<\/p>\n<p><strong>Hier sind die 12 Begr\u00fc\u00dfungen:<\/strong><\/p>\n<p><em>I. Gesegnet sei, o Mari\u00e4, die Stunde, in der du von deinem Herrn in den Himmel eingeladen wurdest. Ave Maria&#8230;<\/em><\/p>\n<p><em>II.Gesegnet sei, o Mari\u00e4, die Stunde, in der du von den heiligen Engeln in den Himmel aufgenommen wurdest. Ave Maria&#8230;<\/em><\/p>\n<p><em>III. Gesegnet sei, o Mari\u00e4, die Stunde, da der ganze himmlische Hofstaat dir entgegenkam. Ave Maria&#8230;<\/em><\/p>\n<p><em>IV. Gesegnet sei, o Mari\u00e4, die Stunde, da du mit solcher Ehre im Himmel empfangen wurdest. Ave Maria&#8230;<\/em><\/p>\n<p><em>V. Gesegnet sei, o Mari\u00e4, die Stunde, in der du zur Rechten deines Sohnes im Himmel gesessen hast. Ave Maria&#8230;<\/em><\/p>\n<p><em>VI.Gesegnet sei, o Mari\u00e4, die Stunde, da du mit solcher Herrlichkeit im Himmel gekr\u00f6nt wurdest. Ave Maria&#8230;<\/em><\/p>\n<p><em>VII. Gesegnet sei, o Mari\u00e4, die Stunde, in der du den Titel Tochter, Mutter und Braut des Himmelsk\u00f6nigs erhalten hast. Ave Maria&#8230;<\/em><\/p>\n<p><em>VIII. Gesegnet sei, o Mari\u00e4, die Stunde, in der du als oberste K\u00f6nigin des ganzen Himmels anerkannt wurdest. Ave Maria&#8230;<\/em><\/p>\n<p><em>IX. Gesegnet sei, o Mari\u00e4, die Stunde, in der dich alle Geister und Seligen des Himmels bejubeln. Ave Maria&#8230;<\/em><\/p>\n<p><em>X. Gesegnet sei, o Mari\u00e4, die Stunde, in der du unsere F\u00fcrsprecherin im Himmel geworden bist. Ave Maria&#8230;<\/em><\/p>\n<p><em>XI. Gesegnet sei, o Mari\u00e4, die Stunde, in der du begonnen hast, f\u00fcr uns im Himmel F\u00fcrsprache zu halten. Ave Maria&#8230;<\/em><\/p>\n<p><em>XII. Gesegnet sei, o Mari\u00e4, die Stunde, in der du dich herabl\u00e4sst, uns alle in den Himmel aufzunehmen. Ave Maria&#8230;<\/em><\/p>\n<p><em>Am Ende schlie\u00dft man mit: <\/em><\/p>\n<p><em>Gott, der du auf die Demut der Jungfrau Maria geschaut, sie zur erhabenen Mutter deines einzigen menschgewordenen Sohnes erhoben und sie heute mit unvergleichlicher Herrlichkeit gekr\u00f6nt hast, gib, dass auch wir, eingef\u00fcgt in das Geheimnis des Heils, durch ihre F\u00fcrsprache zu dir in die Herrlichkeit des Himmels gelangen. Durch Christus, unseren Herrn. Amen.<\/em><\/p>\n","protected":false},"excerpt":{"rendered":"<p>F\u00fcr die Christen ist der 15. August nicht nur das Herz des Sommers, sondern auch das Fest der Madonna. An diesem Tag wird n\u00e4mlich Mari\u00e4 Himmelfahrt gefeiert. Was hat es damit auf sich? Mari\u00e4 Himmelfahrt ist seit 1950 ein erkl\u00e4rtes Glaubensdogma. Tats\u00e4chlich war dieser Glaube&hellip;<\/p>\n","protected":false},"author":1,"featured_media":1666,"comment_status":"closed","ping_status":"open","sticky":false,"template":"","format":"standard","meta":{"_acf_changed":false,"footnotes":""},"categories":[9,10],"tags":[],"class_list":["post-1665","post","type-post","status-publish","format-standard","has-post-thumbnail","hentry","category-heilige-und-selige","category-devotionalien"],"acf":[],"yoast_head":"<!-- This site is optimized with the Yoast SEO plugin v26.6 - https:\/\/yoast.com\/wordpress\/plugins\/seo\/ -->\n<title>Mari\u00e4 Himmelfahrt - Holyart.de Blog<\/title>\n<meta name=\"description\" content=\"F\u00fcr die Christen ist der 15. August nicht nur das Herz des Sommers, sondern auch das Fest der Madonna. Wird n\u00e4mlich Mari\u00e4 Himmelfahrt gefeiert.\" \/>\n<meta name=\"robots\" content=\"index, follow, max-snippet:-1, max-image-preview:large, max-video-preview:-1\" \/>\n<link rel=\"canonical\" href=\"https:\/\/blog.holyart.it\/de\/devotionalien\/mariae-himmelfahrt\/\" \/>\n<meta property=\"og:locale\" content=\"de_DE\" \/>\n<meta property=\"og:type\" content=\"article\" \/>\n<meta property=\"og:title\" content=\"Mari\u00e4 Himmelfahrt - Holyart.de Blog\" \/>\n<meta property=\"og:description\" content=\"F\u00fcr die Christen ist der 15. August nicht nur das Herz des Sommers, sondern auch das Fest der Madonna. Wird n\u00e4mlich Mari\u00e4 Himmelfahrt gefeiert.\" \/>\n<meta property=\"og:url\" content=\"https:\/\/blog.holyart.it\/de\/devotionalien\/mariae-himmelfahrt\/\" \/>\n<meta property=\"og:site_name\" content=\"Holyart.de Blog\" \/>\n<meta property=\"article:published_time\" content=\"2021-08-24T12:57:22+00:00\" \/>\n<meta property=\"article:modified_time\" content=\"2023-02-22T13:48:34+00:00\" \/>\n<meta property=\"og:image\" content=\"https:\/\/blog.holyart.it\/de\/wp-content\/uploads\/sites\/12\/2022\/06\/Aufnahme-Marias-in-den-Himmel.jpg\" \/>\n\t<meta property=\"og:image:width\" content=\"1000\" \/>\n\t<meta property=\"og:image:height\" content=\"666\" \/>\n\t<meta property=\"og:image:type\" content=\"image\/jpeg\" \/>\n<meta name=\"author\" content=\"Redazione\" \/>\n<meta name=\"twitter:card\" content=\"summary_large_image\" \/>\n<meta name=\"twitter:label1\" content=\"Verfasst von\" \/>\n\t<meta name=\"twitter:data1\" content=\"Redazione\" \/>\n\t<meta name=\"twitter:label2\" content=\"Gesch\u00e4tzte Lesezeit\" \/>\n\t<meta name=\"twitter:data2\" content=\"9\u00a0Minuten\" \/>\n<script type=\"application\/ld+json\" class=\"yoast-schema-graph\">{\"@context\":\"https:\/\/schema.org\",\"@graph\":[{\"@type\":\"Article\",\"@id\":\"https:\/\/blog.holyart.it\/de\/devotionalien\/mariae-himmelfahrt\/#article\",\"isPartOf\":{\"@id\":\"https:\/\/blog.holyart.it\/de\/devotionalien\/mariae-himmelfahrt\/\"},\"author\":{\"name\":\"Redazione\",\"@id\":\"https:\/\/blog.holyart.it\/de\/#\/schema\/person\/0a7b686e5af0f856ec1e390dd0baecda\"},\"headline\":\"Mari\u00e4 Himmelfahrt\",\"datePublished\":\"2021-08-24T12:57:22+00:00\",\"dateModified\":\"2023-02-22T13:48:34+00:00\",\"mainEntityOfPage\":{\"@id\":\"https:\/\/blog.holyart.it\/de\/devotionalien\/mariae-himmelfahrt\/\"},\"wordCount\":1706,\"publisher\":{\"@id\":\"https:\/\/blog.holyart.it\/de\/#organization\"},\"image\":{\"@id\":\"https:\/\/blog.holyart.it\/de\/devotionalien\/mariae-himmelfahrt\/#primaryimage\"},\"thumbnailUrl\":\"https:\/\/blog.holyart.it\/de\/wp-content\/uploads\/sites\/12\/2022\/06\/Aufnahme-Marias-in-den-Himmel.jpg\",\"articleSection\":[\"Heilige und Selige\",\"Religion\"],\"inLanguage\":\"de\"},{\"@type\":\"WebPage\",\"@id\":\"https:\/\/blog.holyart.it\/de\/devotionalien\/mariae-himmelfahrt\/\",\"url\":\"https:\/\/blog.holyart.it\/de\/devotionalien\/mariae-himmelfahrt\/\",\"name\":\"Mari\u00e4 Himmelfahrt - Holyart.de Blog\",\"isPartOf\":{\"@id\":\"https:\/\/blog.holyart.it\/de\/#website\"},\"primaryImageOfPage\":{\"@id\":\"https:\/\/blog.holyart.it\/de\/devotionalien\/mariae-himmelfahrt\/#primaryimage\"},\"image\":{\"@id\":\"https:\/\/blog.holyart.it\/de\/devotionalien\/mariae-himmelfahrt\/#primaryimage\"},\"thumbnailUrl\":\"https:\/\/blog.holyart.it\/de\/wp-content\/uploads\/sites\/12\/2022\/06\/Aufnahme-Marias-in-den-Himmel.jpg\",\"datePublished\":\"2021-08-24T12:57:22+00:00\",\"dateModified\":\"2023-02-22T13:48:34+00:00\",\"description\":\"F\u00fcr die Christen ist der 15. August nicht nur das Herz des Sommers, sondern auch das Fest der Madonna. Wird n\u00e4mlich Mari\u00e4 Himmelfahrt gefeiert.\",\"breadcrumb\":{\"@id\":\"https:\/\/blog.holyart.it\/de\/devotionalien\/mariae-himmelfahrt\/#breadcrumb\"},\"inLanguage\":\"de\",\"potentialAction\":[{\"@type\":\"ReadAction\",\"target\":[\"https:\/\/blog.holyart.it\/de\/devotionalien\/mariae-himmelfahrt\/\"]}]},{\"@type\":\"ImageObject\",\"inLanguage\":\"de\",\"@id\":\"https:\/\/blog.holyart.it\/de\/devotionalien\/mariae-himmelfahrt\/#primaryimage\",\"url\":\"https:\/\/blog.holyart.it\/de\/wp-content\/uploads\/sites\/12\/2022\/06\/Aufnahme-Marias-in-den-Himmel.jpg\",\"contentUrl\":\"https:\/\/blog.holyart.it\/de\/wp-content\/uploads\/sites\/12\/2022\/06\/Aufnahme-Marias-in-den-Himmel.jpg\",\"width\":1000,\"height\":666,\"caption\":\"Aufnahme Marias in den Himmel\"},{\"@type\":\"BreadcrumbList\",\"@id\":\"https:\/\/blog.holyart.it\/de\/devotionalien\/mariae-himmelfahrt\/#breadcrumb\",\"itemListElement\":[{\"@type\":\"ListItem\",\"position\":1,\"name\":\"Homepage\",\"item\":\"https:\/\/blog.holyart.it\/de\/\"},{\"@type\":\"ListItem\",\"position\":2,\"name\":\"Religion\",\"item\":\"https:\/\/blog.holyart.it\/de\/devotionalien\/\"},{\"@type\":\"ListItem\",\"position\":3,\"name\":\"Mari\u00e4 Himmelfahrt\"}]},{\"@type\":\"WebSite\",\"@id\":\"https:\/\/blog.holyart.it\/de\/#website\",\"url\":\"https:\/\/blog.holyart.it\/de\/\",\"name\":\"Holyart.de Blog\",\"description\":\"Holyblog\",\"publisher\":{\"@id\":\"https:\/\/blog.holyart.it\/de\/#organization\"},\"potentialAction\":[{\"@type\":\"SearchAction\",\"target\":{\"@type\":\"EntryPoint\",\"urlTemplate\":\"https:\/\/blog.holyart.it\/de\/?s={search_term_string}\"},\"query-input\":{\"@type\":\"PropertyValueSpecification\",\"valueRequired\":true,\"valueName\":\"search_term_string\"}}],\"inLanguage\":\"de\"},{\"@type\":\"Organization\",\"@id\":\"https:\/\/blog.holyart.it\/de\/#organization\",\"name\":\"Holyart.de Blog\",\"url\":\"https:\/\/blog.holyart.it\/de\/\",\"logo\":{\"@type\":\"ImageObject\",\"inLanguage\":\"de\",\"@id\":\"https:\/\/blog.holyart.it\/de\/#\/schema\/logo\/image\/\",\"url\":\"https:\/\/blog.holyart.it\/de\/wp-content\/uploads\/sites\/12\/2022\/12\/Holyart_Blog_Logo.jpg\",\"contentUrl\":\"https:\/\/blog.holyart.it\/de\/wp-content\/uploads\/sites\/12\/2022\/12\/Holyart_Blog_Logo.jpg\",\"width\":300,\"height\":50,\"caption\":\"Holyart.de Blog\"},\"image\":{\"@id\":\"https:\/\/blog.holyart.it\/de\/#\/schema\/logo\/image\/\"}},{\"@type\":\"Person\",\"@id\":\"https:\/\/blog.holyart.it\/de\/#\/schema\/person\/0a7b686e5af0f856ec1e390dd0baecda\",\"name\":\"Redazione\",\"image\":{\"@type\":\"ImageObject\",\"inLanguage\":\"de\",\"@id\":\"https:\/\/blog.holyart.it\/de\/#\/schema\/person\/image\/\",\"url\":\"https:\/\/secure.gravatar.com\/avatar\/f477da817f43e50d0af36abecd33e3edf826c68299714bdc1057dff3b113f516?s=96&d=mm&r=g\",\"contentUrl\":\"https:\/\/secure.gravatar.com\/avatar\/f477da817f43e50d0af36abecd33e3edf826c68299714bdc1057dff3b113f516?s=96&d=mm&r=g\",\"caption\":\"Redazione\"}}]}<\/script>\n<!-- \/ Yoast SEO plugin. -->","yoast_head_json":{"title":"Mari\u00e4 Himmelfahrt - Holyart.de Blog","description":"F\u00fcr die Christen ist der 15. August nicht nur das Herz des Sommers, sondern auch das Fest der Madonna. Wird n\u00e4mlich Mari\u00e4 Himmelfahrt gefeiert.","robots":{"index":"index","follow":"follow","max-snippet":"max-snippet:-1","max-image-preview":"max-image-preview:large","max-video-preview":"max-video-preview:-1"},"canonical":"https:\/\/blog.holyart.it\/de\/devotionalien\/mariae-himmelfahrt\/","og_locale":"de_DE","og_type":"article","og_title":"Mari\u00e4 Himmelfahrt - Holyart.de Blog","og_description":"F\u00fcr die Christen ist der 15. August nicht nur das Herz des Sommers, sondern auch das Fest der Madonna. Wird n\u00e4mlich Mari\u00e4 Himmelfahrt gefeiert.","og_url":"https:\/\/blog.holyart.it\/de\/devotionalien\/mariae-himmelfahrt\/","og_site_name":"Holyart.de Blog","article_published_time":"2021-08-24T12:57:22+00:00","article_modified_time":"2023-02-22T13:48:34+00:00","og_image":[{"width":1000,"height":666,"url":"https:\/\/blog.holyart.it\/de\/wp-content\/uploads\/sites\/12\/2022\/06\/Aufnahme-Marias-in-den-Himmel.jpg","type":"image\/jpeg"}],"author":"Redazione","twitter_card":"summary_large_image","twitter_misc":{"Verfasst von":"Redazione","Gesch\u00e4tzte Lesezeit":"9\u00a0Minuten"},"schema":{"@context":"https:\/\/schema.org","@graph":[{"@type":"Article","@id":"https:\/\/blog.holyart.it\/de\/devotionalien\/mariae-himmelfahrt\/#article","isPartOf":{"@id":"https:\/\/blog.holyart.it\/de\/devotionalien\/mariae-himmelfahrt\/"},"author":{"name":"Redazione","@id":"https:\/\/blog.holyart.it\/de\/#\/schema\/person\/0a7b686e5af0f856ec1e390dd0baecda"},"headline":"Mari\u00e4 Himmelfahrt","datePublished":"2021-08-24T12:57:22+00:00","dateModified":"2023-02-22T13:48:34+00:00","mainEntityOfPage":{"@id":"https:\/\/blog.holyart.it\/de\/devotionalien\/mariae-himmelfahrt\/"},"wordCount":1706,"publisher":{"@id":"https:\/\/blog.holyart.it\/de\/#organization"},"image":{"@id":"https:\/\/blog.holyart.it\/de\/devotionalien\/mariae-himmelfahrt\/#primaryimage"},"thumbnailUrl":"https:\/\/blog.holyart.it\/de\/wp-content\/uploads\/sites\/12\/2022\/06\/Aufnahme-Marias-in-den-Himmel.jpg","articleSection":["Heilige und Selige","Religion"],"inLanguage":"de"},{"@type":"WebPage","@id":"https:\/\/blog.holyart.it\/de\/devotionalien\/mariae-himmelfahrt\/","url":"https:\/\/blog.holyart.it\/de\/devotionalien\/mariae-himmelfahrt\/","name":"Mari\u00e4 Himmelfahrt - Holyart.de Blog","isPartOf":{"@id":"https:\/\/blog.holyart.it\/de\/#website"},"primaryImageOfPage":{"@id":"https:\/\/blog.holyart.it\/de\/devotionalien\/mariae-himmelfahrt\/#primaryimage"},"image":{"@id":"https:\/\/blog.holyart.it\/de\/devotionalien\/mariae-himmelfahrt\/#primaryimage"},"thumbnailUrl":"https:\/\/blog.holyart.it\/de\/wp-content\/uploads\/sites\/12\/2022\/06\/Aufnahme-Marias-in-den-Himmel.jpg","datePublished":"2021-08-24T12:57:22+00:00","dateModified":"2023-02-22T13:48:34+00:00","description":"F\u00fcr die Christen ist der 15. August nicht nur das Herz des Sommers, sondern auch das Fest der Madonna. Wird n\u00e4mlich Mari\u00e4 Himmelfahrt gefeiert.","breadcrumb":{"@id":"https:\/\/blog.holyart.it\/de\/devotionalien\/mariae-himmelfahrt\/#breadcrumb"},"inLanguage":"de","potentialAction":[{"@type":"ReadAction","target":["https:\/\/blog.holyart.it\/de\/devotionalien\/mariae-himmelfahrt\/"]}]},{"@type":"ImageObject","inLanguage":"de","@id":"https:\/\/blog.holyart.it\/de\/devotionalien\/mariae-himmelfahrt\/#primaryimage","url":"https:\/\/blog.holyart.it\/de\/wp-content\/uploads\/sites\/12\/2022\/06\/Aufnahme-Marias-in-den-Himmel.jpg","contentUrl":"https:\/\/blog.holyart.it\/de\/wp-content\/uploads\/sites\/12\/2022\/06\/Aufnahme-Marias-in-den-Himmel.jpg","width":1000,"height":666,"caption":"Aufnahme Marias in den Himmel"},{"@type":"BreadcrumbList","@id":"https:\/\/blog.holyart.it\/de\/devotionalien\/mariae-himmelfahrt\/#breadcrumb","itemListElement":[{"@type":"ListItem","position":1,"name":"Homepage","item":"https:\/\/blog.holyart.it\/de\/"},{"@type":"ListItem","position":2,"name":"Religion","item":"https:\/\/blog.holyart.it\/de\/devotionalien\/"},{"@type":"ListItem","position":3,"name":"Mari\u00e4 Himmelfahrt"}]},{"@type":"WebSite","@id":"https:\/\/blog.holyart.it\/de\/#website","url":"https:\/\/blog.holyart.it\/de\/","name":"Holyart.de Blog","description":"Holyblog","publisher":{"@id":"https:\/\/blog.holyart.it\/de\/#organization"},"potentialAction":[{"@type":"SearchAction","target":{"@type":"EntryPoint","urlTemplate":"https:\/\/blog.holyart.it\/de\/?s={search_term_string}"},"query-input":{"@type":"PropertyValueSpecification","valueRequired":true,"valueName":"search_term_string"}}],"inLanguage":"de"},{"@type":"Organization","@id":"https:\/\/blog.holyart.it\/de\/#organization","name":"Holyart.de Blog","url":"https:\/\/blog.holyart.it\/de\/","logo":{"@type":"ImageObject","inLanguage":"de","@id":"https:\/\/blog.holyart.it\/de\/#\/schema\/logo\/image\/","url":"https:\/\/blog.holyart.it\/de\/wp-content\/uploads\/sites\/12\/2022\/12\/Holyart_Blog_Logo.jpg","contentUrl":"https:\/\/blog.holyart.it\/de\/wp-content\/uploads\/sites\/12\/2022\/12\/Holyart_Blog_Logo.jpg","width":300,"height":50,"caption":"Holyart.de Blog"},"image":{"@id":"https:\/\/blog.holyart.it\/de\/#\/schema\/logo\/image\/"}},{"@type":"Person","@id":"https:\/\/blog.holyart.it\/de\/#\/schema\/person\/0a7b686e5af0f856ec1e390dd0baecda","name":"Redazione","image":{"@type":"ImageObject","inLanguage":"de","@id":"https:\/\/blog.holyart.it\/de\/#\/schema\/person\/image\/","url":"https:\/\/secure.gravatar.com\/avatar\/f477da817f43e50d0af36abecd33e3edf826c68299714bdc1057dff3b113f516?s=96&d=mm&r=g","contentUrl":"https:\/\/secure.gravatar.com\/avatar\/f477da817f43e50d0af36abecd33e3edf826c68299714bdc1057dff3b113f516?s=96&d=mm&r=g","caption":"Redazione"}}]}},"_links":{"self":[{"href":"https:\/\/blog.holyart.it\/de\/wp-json\/wp\/v2\/posts\/1665","targetHints":{"allow":["GET"]}}],"collection":[{"href":"https:\/\/blog.holyart.it\/de\/wp-json\/wp\/v2\/posts"}],"about":[{"href":"https:\/\/blog.holyart.it\/de\/wp-json\/wp\/v2\/types\/post"}],"author":[{"embeddable":true,"href":"https:\/\/blog.holyart.it\/de\/wp-json\/wp\/v2\/users\/1"}],"replies":[{"embeddable":true,"href":"https:\/\/blog.holyart.it\/de\/wp-json\/wp\/v2\/comments?post=1665"}],"version-history":[{"count":1,"href":"https:\/\/blog.holyart.it\/de\/wp-json\/wp\/v2\/posts\/1665\/revisions"}],"predecessor-version":[{"id":2312,"href":"https:\/\/blog.holyart.it\/de\/wp-json\/wp\/v2\/posts\/1665\/revisions\/2312"}],"wp:featuredmedia":[{"embeddable":true,"href":"https:\/\/blog.holyart.it\/de\/wp-json\/wp\/v2\/media\/1666"}],"wp:attachment":[{"href":"https:\/\/blog.holyart.it\/de\/wp-json\/wp\/v2\/media?parent=1665"}],"wp:term":[{"taxonomy":"category","embeddable":true,"href":"https:\/\/blog.holyart.it\/de\/wp-json\/wp\/v2\/categories?post=1665"},{"taxonomy":"post_tag","embeddable":true,"href":"https:\/\/blog.holyart.it\/de\/wp-json\/wp\/v2\/tags?post=1665"}],"curies":[{"name":"wp","href":"https:\/\/api.w.org\/{rel}","templated":true}]}}