{"id":1627,"date":"2022-02-08T11:32:10","date_gmt":"2022-02-08T10:32:10","guid":{"rendered":"https:\/\/blog.holyart.it\/de\/?p=1627"},"modified":"2023-07-27T14:22:57","modified_gmt":"2023-07-27T12:22:57","slug":"die-katholische-kirchenhierarchie","status":"publish","type":"post","link":"https:\/\/blog.holyart.it\/de\/devotionalien\/die-katholische-kirchenhierarchie\/","title":{"rendered":"Die katholische Kirchenhierarchie"},"content":{"rendered":"<h4 style=\"text-align: center;\">Die Kirche ist eine sehr gro\u00dfe und komplexe Institution. Als solche braucht sie eine klar definierte Hierarchie, die sich im Laufe der Zeit entwickelt hat. Wir wollen mehr \u00fcber die kirchliche Hierarchie in der katholischen Kirche erfahren.<\/h4>\n\n<p>Was verstehen wir unter kirchlicher Hierarchie? Als Jesus die Kirche gr\u00fcndete, ging er von der Gemeinschaft aus, die aus ihm, seinen Aposteln und den verschiedenen J\u00fcngern bestand. In gewisser Weise ist diese fr\u00fche hierarchische Definition die Grundlage f\u00fcr die Hierarchie der katholischen Kirche, wie wir sie kennen, geblieben.<\/p>\n<p>Der <strong>Papst<\/strong>, Bischof von Rom, ist der Nachfolger des heiligen Petrus, der von Jesus als Meister und Gr\u00fcnder der katholischen Kirche bezeichnet wurde.<\/p>\n<p>Die <strong>Bisch\u00f6fe<\/strong>, die vom Papst gew\u00e4hlt werden, sind die Nachfolger der Apostel.<\/p>\n<p>Als sich das Wort Gottes in der ganzen Welt ausbreitete und mit ihm die Kirche, war es nat\u00fcrlich notwendig, eine hierarchische Organisation zu schaffen, die eine kapillare Kontrolle \u00fcber das Gebiet sicherstellte und es ihr erm\u00f6glichte, eine immer gr\u00f6\u00dfere Zahl von Gl\u00e4ubigen zu erreichen.<\/p>\n<p>Die katholische Kirchenhierarchie, wie wir sie heute kennen, ist das Ergebnis unz\u00e4hliger Konzilien und Beratungen. Da die Kirche im Laufe der Zeit an den menschlichen Angelegenheiten teilgenommen hat, musste sie eine Reihe von Schl\u00fcsselfiguren, von <strong>kirchlichen \u00c4mtern<\/strong>, definieren, die den Papst und die Bisch\u00f6fe bei ihrer Aufgabe unterst\u00fctzen, das Volk Christi zu leiten und zu betreuen. Das Wort Hierarchie leitet sich von den beiden griechischen W\u00f6rtern \u201e<em>hier\u00f3s<\/em>\u201c, <em>heilig<\/em>, und \u201e<em>arche\u00eda<\/em>\u201c, <em>Befehl<\/em>, ab.<\/p>\n<p>Die kirchliche Hierarchie beruht im Wesentlichen auf der Befugnis der Ordinierten auf den verschiedenen Ebenen, die <strong>Sakramente zu spenden<\/strong>, und auf der Befugnis, auf der Ebene der Jurisdiktion einzugreifen, beispielsweise durch die Ernennung eines neuen Bischofs oder die Zuweisung einer Gemeinde an einen Priester.<\/p>\n<div class=\"link-article\">\n<p><img loading=\"lazy\" decoding=\"async\" class=\"size-full wp-image-1630 alignleft\" src=\"https:\/\/blog.holyart.it\/de\/wp-content\/uploads\/sites\/12\/2022\/06\/wie-wird-man-diakon-2.jpg\" alt=\"wie wird man diakon\" width=\"150\" height=\"100\" data-kale-share-title=\"Die katholische Kirchenhierarchie\" data-kale-share-url=\"https:\/\/blog.holyart.it\/de\/?p=1627\" \/><\/p>\n<div class=\"leggi-anche\">Lesen Sie auch:<\/div>\n<p><strong><a href=\"https:\/\/www.holyart.de\/blog\/devotionalien\/wie-wird-man-dia\u2026n-und-ausbildung\/\">Wie wird man Diakon: Aufgaben und Ausbildung<\/a><\/strong><br \/>\nWer ist ein Diakon und was ist seine Aufgabe? Wie wird man Diakon? Wir wollen mehr \u00fcber diese Figur erfahren,<\/p>\n<\/div>\n<p>Bei ersterem spricht man von &#8222;potestas ordinis&#8220;, der <em>Ordnungsgewalt<\/em>, bei letzterem von &#8222;potestas iurisdictionis&#8220;, der <em>Gerichtsgewalt<\/em>.<\/p>\n<p>In einem fr\u00fcheren Artikel \u00fcber die <strong>Diakone<\/strong> haben wir bereits erl\u00e4utert, wie das Zweite Vatikanische Konzil, das 1962 von Papst Johannes XXIII. einberufen wurde und dessen Arbeiten bis 1965 unter der Leitung von Papst Paul VI. fortgesetzt wurden, die moderne Organisation der Kirche und die kirchliche Ordnung definiert hat. Der Klerus, wie wir ihn kennen, und zu dem alle geh\u00f6ren, die die Priesterweihe empfangen haben, besteht aus <strong>drei kirchlichen Hauptgraden: Bisch\u00f6fe, Presbyter und Diakone<\/strong>, die die <strong>hierarchische Leiter der Kirche<\/strong> bilden.<\/p>\n<h2>Erste Ebene<\/h2>\n<p>An der Spitze der kirchlichen Hierarchie steht, wie bereits erw\u00e4hnt, der <strong>Papst<\/strong> als Bischof von Rom und oberstes Oberhaupt der Kirche. Sein Amt ist auf Lebenszeit.<\/p>\n<p>Nach ihm kommen die <strong>Kardin\u00e4le<\/strong>. Die anderen <strong>Bisch\u00f6fe<\/strong> gelten als Nachfolger der Apostel und werden vom Papst ernannt, aber einige von ihnen k\u00f6nnen auch durch seinen Willen zu Kardin\u00e4len aufsteigen.<\/p>\n<h2>Was ist der Unterschied zwischen einem Bischof und einem Kardinal?<\/h2>\n<div class=\"link-product\">\n<div class=\"blocco-immagine\"><img loading=\"lazy\" decoding=\"async\" class=\"alignnone size-full wp-image-1631\" src=\"https:\/\/blog.holyart.it\/de\/wp-content\/uploads\/sites\/12\/2022\/06\/lila-Dalmatik.jpg\" alt=\"lila Dalmatik\" width=\"100\" height=\"100\" data-kale-share-title=\"Die katholische Kirchenhierarchie\" data-kale-share-url=\"https:\/\/blog.holyart.it\/de\/?p=1627\" \/><\/div>\n<div class=\"blocco-contenuto\">\n<div class=\"blocco-acquista\">Einkaufen:<\/div>\n<div class=\"blocco-titolo\"><a href=\"https:\/\/www.holyart.de\/liturgische-gerate\/paramente-altargarnitur-und-pultbehange\">Paramente, Altargarnitur und Pultbeh\u00e4nge<\/a><\/div>\n<div class=\"blocco-descrizione\">Liturgische Gew\u00e4nder<\/div>\n<\/div>\n<\/div>\n<p>Die <strong>Kardin\u00e4le<\/strong> sollen dem Papst bei der Verwaltung der Kirche helfen. Zu diesem Zweck sind sie im Kardinalskollegium, dem <em>Collegio Sacro<\/em>, versammelt. Sie m\u00fcssen auch am Konklave, also der Wahl des neuen Papstes, teilnehmen. Die Farbe der Kardin\u00e4le ist <strong>Purpurrot<\/strong> und die Anrede lautet <em>Eminenz<\/em>.<\/p>\n<p>Die <strong>Bisch\u00f6fe<\/strong> hingegen erhalten ihr Amt durch die <strong>Bischofsweihe<\/strong>. Bisch\u00f6fe werden wie Presbyter und Kardin\u00e4le mit 75 Jahren in den Ruhestand versetzt. Ihre Aufgaben sind die Leitung der <strong>Di\u00f6zesen<\/strong>, der \u201e<em>Teile des Volkes Gottes<\/em>\u201c, d. h. der territorialen und administrativen Einheiten, aus denen die Kirche besteht, die Weihe von Priestern und Diakonen und die Spendung des Sakraments der Firmung (Konfirmation). Die Bisch\u00f6fe k\u00f6nnen auch <strong>alle Sakramente<\/strong>, einschlie\u00dflich der Priesterweihe, spenden. Ihre charakteristische Farbe ist <strong>violett<\/strong>, und sie k\u00f6nnen <em>Monsignore<\/em> oder <em>Exzellenz<\/em> genannt werden.<\/p>\n<h2>Was ist der Unterschied zwischen einem Bischof und einem Erzbischof?<\/h2>\n<p>Ein einfacher Bischof regiert eine Di\u00f6zese. Ein <strong>Erzbischof<\/strong> ist der Bischof einer <strong>Erzdi\u00f6zese<\/strong>, d. h. der Di\u00f6zese, die an der Spitze einer <strong>Kirchenprovinz<\/strong> steht, die aus mehreren Di\u00f6zesen besteht. Ist der Erzbischof auch Oberhaupt der Kirchenprovinz, so tr\u00e4gt er den Namen <strong>Metropolit<\/strong> oder Metropolitanbischof. Der Titel eines Erzbischofs kann auch nur ehrenhalber verliehen werden.<\/p>\n<h2>Zweite Ebene<\/h2>\n<p>Auf der zweiten Ebene stehen die <strong>Presbyter<\/strong>, d. h. die <strong>Priester<\/strong>, die auch <strong>Pfarrer<\/strong> genannt werden, wenn sie einer bestimmten Gemeinde zugeordnet sind. Die Pfarrei ist auch eine Verwaltungseinheit der Kirche. Ein Vikariat besteht aus mehreren Pfarreien, so dass ein Pfarrer auch das Amt des <strong>Vikars<\/strong>, des Koordinators aller Pfarreien des Gebiets, aus\u00fcben kann. Auch Priester gehen mit 75 Jahren in den Ruhestand. Die Priester d\u00fcrfen alle Sakramente mit Ausnahme der Priesterweihe spenden, den eucharistischen Segen erteilen und den Gl\u00e4ubigen die Eucharistie reichen.<\/p>\n<h2>Dritte Ebene<\/h2>\n<p>Auf der letzten Ebene der kirchlichen Hierarchie schlie\u00dflich stehen die <strong>Diakone<\/strong>, die Priestern und Bisch\u00f6fen bei Zeremonien assistieren. Sie k\u00f6nnen das Sakrament der Taufe und das Sakrament der Ehe nur durch besondere Beauftragung spenden. Sie verk\u00fcnden das Wort Gottes und dienen in den Pfarrgemeinden. Sie k\u00f6nnen auch verheiratet sein und Kinder haben.<\/p>\n<h2>Sonstige kirchliche Titel<\/h2>\n<p>Es gibt weitere kirchliche Titel und mehr oder weniger spezifische \u00c4mter, die in der Regel von M\u00e4nnern ausge\u00fcbt werden, die bereits eine Position in der kirchlichen Hierarchie innehaben.<\/p>\n<p>Der <strong>Apostolische Nuntius<\/strong> zum Beispiel ist eine Art Botschafter, der den Heiligen Stuhl in einem Staat vertritt.<\/p>\n<p>Ein <strong>Primas der Kirche<\/strong> hingegen ist ein Ehrenamt, das einem Bischof oder Erzbischof \u00fcbertragen wird, der einer besonders alten und angesehenen Di\u00f6zese oder Erzdi\u00f6zese vorsteht.<\/p>\n<p>Der <strong>Generalvikar<\/strong> ist eine Person, die den Bischof bei der Verwaltung der Beziehungen zwischen den Pfarreien und Vikariaten, den verschiedenen Bezirken, in die die Di\u00f6zese territorial unterteilt ist, sowie bei Angelegenheiten, die die territorialen Beh\u00f6rden, die Verwaltung des kirchlichen Eigentums und Rechtsfragen betreffen, vertreten kann.<\/p>\n<p><img loading=\"lazy\" decoding=\"async\" class=\"size-full wp-image-1632 aligncenter\" src=\"https:\/\/blog.holyart.it\/de\/wp-content\/uploads\/sites\/12\/2022\/06\/katholische-Kirchenhierarchie.jpg\" alt=\"katholische Kirchenhierarchie\" width=\"1000\" height=\"666\" data-kale-share-title=\"Die katholische Kirchenhierarchie\" data-kale-share-url=\"https:\/\/blog.holyart.it\/de\/?p=1627\" \/><\/p>\n<h2>Kleidung und Farben der verschiedenen Mitglieder des Klerus<\/h2>\n<p>Je nach dem Grad und den Aufgaben, die den verschiedenen Geistlichen anvertraut werden, m\u00fcssen nat\u00fcrlich unterschiedliche Kleidung und heilige Gew\u00e4nder getragen werden.<\/p>\n<p>Die <strong>kirchliche Kleidung<\/strong> ist im Codex des Kirchenrechts verankert, und seit 1983 hat die italienische Bischofskonferenz das <strong>Tragen der Soutane<\/strong> oder des <a href=\"https:\/\/www.holyart.de\/liturgische-gerate\/priesterbekleidung\/collarhemden\"><strong>clergyman<\/strong><\/a> f\u00fcr alle Mitglieder des Klerus vorgeschrieben. Priester k\u00f6nnen einfach die Soutane tragen, oder alternativ den clergyman, m\u00f6glicherweise in Begleitung anderer Accessoires und Gew\u00e4nder. Insbesondere die <strong>Sch\u00e4rpe<\/strong> ist ein Accessoire, das es erm\u00f6glicht, anhand ihrer <strong>Farbe<\/strong> die Zugeh\u00f6rigkeit des Kirchenmitgliedes zu erkennen: schwarz f\u00fcr einfache Priester, dunkelviolett f\u00fcr Bisch\u00f6fe und hohe Pr\u00e4laten im Allgemeinen, dunkelviolett marmoriert f\u00fcr den Apostolischen Nuntius, rot marmoriert f\u00fcr einen Kardinal, wei\u00df marmoriert mit goldenen Fransen f\u00fcr den Papst.<\/p>\n<p>Selbst der <strong>Saturn<\/strong>, die typische schwarze Kopfbedeckung, die von den Presbytern zusammen mit der Soutane getragen wird, ist mit Schleifen verziert, die je nach dem religi\u00f6sen Rang des Tr\u00e4gers die Farbe wechseln: gr\u00fcn f\u00fcr Bisch\u00f6fe, rot f\u00fcr Kardin\u00e4le, rot mit goldenen Verzierungen f\u00fcr den Papst.<\/p>\n<div class=\"link-product\">\n<div class=\"blocco-immagine\"><img loading=\"lazy\" decoding=\"async\" class=\"alignnone size-full wp-image-1633\" src=\"https:\/\/blog.holyart.it\/de\/wp-content\/uploads\/sites\/12\/2022\/06\/Fallrohr.jpg\" alt=\"Fallrohr\" width=\"100\" height=\"100\" data-kale-share-title=\"Die katholische Kirchenhierarchie\" data-kale-share-url=\"https:\/\/blog.holyart.it\/de\/?p=1627\" \/><\/div>\n<div class=\"blocco-contenuto\">\n<div class=\"blocco-acquista\">Einkaufen:<\/div>\n<div class=\"blocco-titolo\"><a href=\"https:\/\/www.holyart.de\/liturgische-gerate\/paramente-altargarnitur-und-pultbehange\/dalmatik-und-rauchmantel\">Dalmatik und Rauchmantel<\/a><\/div>\n<div class=\"blocco-descrizione\">Dalmatik, Rauchmantel und Pluvial.<\/div>\n<\/div>\n<\/div>\n<p>Das <strong>Pilgergewand<\/strong>, ein altes Kleidungsst\u00fcck f\u00fcr Pilger, hat sich im Laufe der Zeit zu einem kirchlichen Gewand entwickelt, das den Bisch\u00f6fen vorbehalten ist. Es ist ein kurzer, vorne offener Umhang. Das Pilgergewand ist schwarz mit karminroter Umrandung und F\u00fctterung f\u00fcr Bisch\u00f6fe, mit leuchtend roter Umrandung und F\u00fctterung f\u00fcr Kardin\u00e4le, wei\u00df f\u00fcr den Papst. Die Alternative zum Pilgergewand ist die <strong>Mozzetta<\/strong>, ein kurzer Umhang, der auf der Brust mit Kn\u00f6pfen geschlossen wird und stets hohen Pr\u00e4laten vorbehalten ist.<\/p>\n<p>Dann gibt es noch den <strong>Chormantel<\/strong>, einen weiten Umhang mit einer Kapuze, die fast bis zu den F\u00fc\u00dfen reicht und vorne offen ist. Sie wird von Bisch\u00f6fen und Presbytern bei feierlichen Zeremonien au\u00dferhalb der Messe getragen und mit einer je nach kirchlichem Rang unterschiedlichen Spange an der Brust befestigt.<\/p>\n<p>Diakone hingegen tragen die <a href=\"https:\/\/www.holyart.de\/liturgische-gerate\/paramente-altargarnitur-und-pultbehange\/dalmatik-und-rauchmantel\"><strong>Dalmatik<\/strong><\/a>, eine lange Tunika mit weiten \u00c4rmeln, die aber auch von einem <a href=\"https:\/\/www.holyart.de\/liturgische-gerate\/paramente-altargarnitur-und-pultbehange\/messgewander\"><strong>Bischof unter dem Messgewand<\/strong><\/a> oder der Kasel getragen werden kann.<\/p>\n","protected":false},"excerpt":{"rendered":"<p>Die Kirche ist eine sehr gro\u00dfe und komplexe Institution. Als solche braucht sie eine klar definierte Hierarchie, die sich im Laufe der Zeit entwickelt hat. Wir wollen mehr \u00fcber die kirchliche Hierarchie in der katholischen Kirche erfahren. Was verstehen wir unter kirchlicher Hierarchie? Als Jesus&hellip;<\/p>\n","protected":false},"author":1,"featured_media":1628,"comment_status":"closed","ping_status":"open","sticky":false,"template":"","format":"standard","meta":{"_acf_changed":false,"footnotes":""},"categories":[10],"tags":[],"class_list":["post-1627","post","type-post","status-publish","format-standard","has-post-thumbnail","hentry","category-devotionalien"],"acf":[],"yoast_head":"<!-- This site is optimized with the Yoast SEO plugin v26.6 - https:\/\/yoast.com\/wordpress\/plugins\/seo\/ -->\n<title>Die katholische Kirchenhierarchie - Holyart.de Blog<\/title>\n<meta name=\"description\" content=\"Die Kirche ist eine sehr gro\u00dfe und komplexe Institution. Als solche braucht sie eine klar definierte Hierarchie, die sich im Laufe der Zeit entwickelt hat.\" \/>\n<meta name=\"robots\" content=\"index, follow, max-snippet:-1, max-image-preview:large, max-video-preview:-1\" \/>\n<link rel=\"canonical\" href=\"https:\/\/blog.holyart.it\/de\/devotionalien\/die-katholische-kirchenhierarchie\/\" \/>\n<meta property=\"og:locale\" content=\"de_DE\" \/>\n<meta property=\"og:type\" content=\"article\" \/>\n<meta property=\"og:title\" content=\"Die katholische Kirchenhierarchie - Holyart.de Blog\" \/>\n<meta property=\"og:description\" content=\"Die Kirche ist eine sehr gro\u00dfe und komplexe Institution. Als solche braucht sie eine klar definierte Hierarchie, die sich im Laufe der Zeit entwickelt hat.\" \/>\n<meta property=\"og:url\" content=\"https:\/\/blog.holyart.it\/de\/devotionalien\/die-katholische-kirchenhierarchie\/\" \/>\n<meta property=\"og:site_name\" content=\"Holyart.de Blog\" \/>\n<meta property=\"article:published_time\" content=\"2022-02-08T10:32:10+00:00\" \/>\n<meta property=\"article:modified_time\" content=\"2023-07-27T12:22:57+00:00\" \/>\n<meta property=\"og:image\" content=\"https:\/\/blog.holyart.it\/de\/wp-content\/uploads\/sites\/12\/2022\/06\/Geistliche-Kirche.jpg\" \/>\n\t<meta property=\"og:image:width\" content=\"1000\" \/>\n\t<meta property=\"og:image:height\" content=\"666\" \/>\n\t<meta property=\"og:image:type\" content=\"image\/jpeg\" \/>\n<meta name=\"author\" content=\"Redazione\" \/>\n<meta name=\"twitter:card\" content=\"summary_large_image\" \/>\n<meta name=\"twitter:label1\" content=\"Verfasst von\" \/>\n\t<meta name=\"twitter:data1\" content=\"Redazione\" \/>\n\t<meta name=\"twitter:label2\" content=\"Gesch\u00e4tzte Lesezeit\" \/>\n\t<meta name=\"twitter:data2\" content=\"8\u00a0Minuten\" \/>\n<script type=\"application\/ld+json\" class=\"yoast-schema-graph\">{\"@context\":\"https:\/\/schema.org\",\"@graph\":[{\"@type\":\"Article\",\"@id\":\"https:\/\/blog.holyart.it\/de\/devotionalien\/die-katholische-kirchenhierarchie\/#article\",\"isPartOf\":{\"@id\":\"https:\/\/blog.holyart.it\/de\/devotionalien\/die-katholische-kirchenhierarchie\/\"},\"author\":{\"name\":\"Redazione\",\"@id\":\"https:\/\/blog.holyart.it\/de\/#\/schema\/person\/0a7b686e5af0f856ec1e390dd0baecda\"},\"headline\":\"Die katholische Kirchenhierarchie\",\"datePublished\":\"2022-02-08T10:32:10+00:00\",\"dateModified\":\"2023-07-27T12:22:57+00:00\",\"mainEntityOfPage\":{\"@id\":\"https:\/\/blog.holyart.it\/de\/devotionalien\/die-katholische-kirchenhierarchie\/\"},\"wordCount\":1360,\"publisher\":{\"@id\":\"https:\/\/blog.holyart.it\/de\/#organization\"},\"image\":{\"@id\":\"https:\/\/blog.holyart.it\/de\/devotionalien\/die-katholische-kirchenhierarchie\/#primaryimage\"},\"thumbnailUrl\":\"https:\/\/blog.holyart.it\/de\/wp-content\/uploads\/sites\/12\/2022\/06\/Geistliche-Kirche.jpg\",\"articleSection\":[\"Religion\"],\"inLanguage\":\"de\"},{\"@type\":\"WebPage\",\"@id\":\"https:\/\/blog.holyart.it\/de\/devotionalien\/die-katholische-kirchenhierarchie\/\",\"url\":\"https:\/\/blog.holyart.it\/de\/devotionalien\/die-katholische-kirchenhierarchie\/\",\"name\":\"Die katholische Kirchenhierarchie - Holyart.de Blog\",\"isPartOf\":{\"@id\":\"https:\/\/blog.holyart.it\/de\/#website\"},\"primaryImageOfPage\":{\"@id\":\"https:\/\/blog.holyart.it\/de\/devotionalien\/die-katholische-kirchenhierarchie\/#primaryimage\"},\"image\":{\"@id\":\"https:\/\/blog.holyart.it\/de\/devotionalien\/die-katholische-kirchenhierarchie\/#primaryimage\"},\"thumbnailUrl\":\"https:\/\/blog.holyart.it\/de\/wp-content\/uploads\/sites\/12\/2022\/06\/Geistliche-Kirche.jpg\",\"datePublished\":\"2022-02-08T10:32:10+00:00\",\"dateModified\":\"2023-07-27T12:22:57+00:00\",\"description\":\"Die Kirche ist eine sehr gro\u00dfe und komplexe Institution. Als solche braucht sie eine klar definierte Hierarchie, die sich im Laufe der Zeit entwickelt hat.\",\"breadcrumb\":{\"@id\":\"https:\/\/blog.holyart.it\/de\/devotionalien\/die-katholische-kirchenhierarchie\/#breadcrumb\"},\"inLanguage\":\"de\",\"potentialAction\":[{\"@type\":\"ReadAction\",\"target\":[\"https:\/\/blog.holyart.it\/de\/devotionalien\/die-katholische-kirchenhierarchie\/\"]}]},{\"@type\":\"ImageObject\",\"inLanguage\":\"de\",\"@id\":\"https:\/\/blog.holyart.it\/de\/devotionalien\/die-katholische-kirchenhierarchie\/#primaryimage\",\"url\":\"https:\/\/blog.holyart.it\/de\/wp-content\/uploads\/sites\/12\/2022\/06\/Geistliche-Kirche.jpg\",\"contentUrl\":\"https:\/\/blog.holyart.it\/de\/wp-content\/uploads\/sites\/12\/2022\/06\/Geistliche-Kirche.jpg\",\"width\":1000,\"height\":666,\"caption\":\"Geistliche Kirche\"},{\"@type\":\"BreadcrumbList\",\"@id\":\"https:\/\/blog.holyart.it\/de\/devotionalien\/die-katholische-kirchenhierarchie\/#breadcrumb\",\"itemListElement\":[{\"@type\":\"ListItem\",\"position\":1,\"name\":\"Homepage\",\"item\":\"https:\/\/blog.holyart.it\/de\/\"},{\"@type\":\"ListItem\",\"position\":2,\"name\":\"Religion\",\"item\":\"https:\/\/blog.holyart.it\/de\/devotionalien\/\"},{\"@type\":\"ListItem\",\"position\":3,\"name\":\"Die katholische Kirchenhierarchie\"}]},{\"@type\":\"WebSite\",\"@id\":\"https:\/\/blog.holyart.it\/de\/#website\",\"url\":\"https:\/\/blog.holyart.it\/de\/\",\"name\":\"Holyart.de Blog\",\"description\":\"Holyblog\",\"publisher\":{\"@id\":\"https:\/\/blog.holyart.it\/de\/#organization\"},\"potentialAction\":[{\"@type\":\"SearchAction\",\"target\":{\"@type\":\"EntryPoint\",\"urlTemplate\":\"https:\/\/blog.holyart.it\/de\/?s={search_term_string}\"},\"query-input\":{\"@type\":\"PropertyValueSpecification\",\"valueRequired\":true,\"valueName\":\"search_term_string\"}}],\"inLanguage\":\"de\"},{\"@type\":\"Organization\",\"@id\":\"https:\/\/blog.holyart.it\/de\/#organization\",\"name\":\"Holyart.de Blog\",\"url\":\"https:\/\/blog.holyart.it\/de\/\",\"logo\":{\"@type\":\"ImageObject\",\"inLanguage\":\"de\",\"@id\":\"https:\/\/blog.holyart.it\/de\/#\/schema\/logo\/image\/\",\"url\":\"https:\/\/blog.holyart.it\/de\/wp-content\/uploads\/sites\/12\/2022\/12\/Holyart_Blog_Logo.jpg\",\"contentUrl\":\"https:\/\/blog.holyart.it\/de\/wp-content\/uploads\/sites\/12\/2022\/12\/Holyart_Blog_Logo.jpg\",\"width\":300,\"height\":50,\"caption\":\"Holyart.de Blog\"},\"image\":{\"@id\":\"https:\/\/blog.holyart.it\/de\/#\/schema\/logo\/image\/\"}},{\"@type\":\"Person\",\"@id\":\"https:\/\/blog.holyart.it\/de\/#\/schema\/person\/0a7b686e5af0f856ec1e390dd0baecda\",\"name\":\"Redazione\",\"image\":{\"@type\":\"ImageObject\",\"inLanguage\":\"de\",\"@id\":\"https:\/\/blog.holyart.it\/de\/#\/schema\/person\/image\/\",\"url\":\"https:\/\/secure.gravatar.com\/avatar\/f477da817f43e50d0af36abecd33e3edf826c68299714bdc1057dff3b113f516?s=96&d=mm&r=g\",\"contentUrl\":\"https:\/\/secure.gravatar.com\/avatar\/f477da817f43e50d0af36abecd33e3edf826c68299714bdc1057dff3b113f516?s=96&d=mm&r=g\",\"caption\":\"Redazione\"}}]}<\/script>\n<!-- \/ Yoast SEO plugin. -->","yoast_head_json":{"title":"Die katholische Kirchenhierarchie - Holyart.de Blog","description":"Die Kirche ist eine sehr gro\u00dfe und komplexe Institution. Als solche braucht sie eine klar definierte Hierarchie, die sich im Laufe der Zeit entwickelt hat.","robots":{"index":"index","follow":"follow","max-snippet":"max-snippet:-1","max-image-preview":"max-image-preview:large","max-video-preview":"max-video-preview:-1"},"canonical":"https:\/\/blog.holyart.it\/de\/devotionalien\/die-katholische-kirchenhierarchie\/","og_locale":"de_DE","og_type":"article","og_title":"Die katholische Kirchenhierarchie - Holyart.de Blog","og_description":"Die Kirche ist eine sehr gro\u00dfe und komplexe Institution. Als solche braucht sie eine klar definierte Hierarchie, die sich im Laufe der Zeit entwickelt hat.","og_url":"https:\/\/blog.holyart.it\/de\/devotionalien\/die-katholische-kirchenhierarchie\/","og_site_name":"Holyart.de Blog","article_published_time":"2022-02-08T10:32:10+00:00","article_modified_time":"2023-07-27T12:22:57+00:00","og_image":[{"width":1000,"height":666,"url":"https:\/\/blog.holyart.it\/de\/wp-content\/uploads\/sites\/12\/2022\/06\/Geistliche-Kirche.jpg","type":"image\/jpeg"}],"author":"Redazione","twitter_card":"summary_large_image","twitter_misc":{"Verfasst von":"Redazione","Gesch\u00e4tzte Lesezeit":"8\u00a0Minuten"},"schema":{"@context":"https:\/\/schema.org","@graph":[{"@type":"Article","@id":"https:\/\/blog.holyart.it\/de\/devotionalien\/die-katholische-kirchenhierarchie\/#article","isPartOf":{"@id":"https:\/\/blog.holyart.it\/de\/devotionalien\/die-katholische-kirchenhierarchie\/"},"author":{"name":"Redazione","@id":"https:\/\/blog.holyart.it\/de\/#\/schema\/person\/0a7b686e5af0f856ec1e390dd0baecda"},"headline":"Die katholische Kirchenhierarchie","datePublished":"2022-02-08T10:32:10+00:00","dateModified":"2023-07-27T12:22:57+00:00","mainEntityOfPage":{"@id":"https:\/\/blog.holyart.it\/de\/devotionalien\/die-katholische-kirchenhierarchie\/"},"wordCount":1360,"publisher":{"@id":"https:\/\/blog.holyart.it\/de\/#organization"},"image":{"@id":"https:\/\/blog.holyart.it\/de\/devotionalien\/die-katholische-kirchenhierarchie\/#primaryimage"},"thumbnailUrl":"https:\/\/blog.holyart.it\/de\/wp-content\/uploads\/sites\/12\/2022\/06\/Geistliche-Kirche.jpg","articleSection":["Religion"],"inLanguage":"de"},{"@type":"WebPage","@id":"https:\/\/blog.holyart.it\/de\/devotionalien\/die-katholische-kirchenhierarchie\/","url":"https:\/\/blog.holyart.it\/de\/devotionalien\/die-katholische-kirchenhierarchie\/","name":"Die katholische Kirchenhierarchie - Holyart.de Blog","isPartOf":{"@id":"https:\/\/blog.holyart.it\/de\/#website"},"primaryImageOfPage":{"@id":"https:\/\/blog.holyart.it\/de\/devotionalien\/die-katholische-kirchenhierarchie\/#primaryimage"},"image":{"@id":"https:\/\/blog.holyart.it\/de\/devotionalien\/die-katholische-kirchenhierarchie\/#primaryimage"},"thumbnailUrl":"https:\/\/blog.holyart.it\/de\/wp-content\/uploads\/sites\/12\/2022\/06\/Geistliche-Kirche.jpg","datePublished":"2022-02-08T10:32:10+00:00","dateModified":"2023-07-27T12:22:57+00:00","description":"Die Kirche ist eine sehr gro\u00dfe und komplexe Institution. Als solche braucht sie eine klar definierte Hierarchie, die sich im Laufe der Zeit entwickelt hat.","breadcrumb":{"@id":"https:\/\/blog.holyart.it\/de\/devotionalien\/die-katholische-kirchenhierarchie\/#breadcrumb"},"inLanguage":"de","potentialAction":[{"@type":"ReadAction","target":["https:\/\/blog.holyart.it\/de\/devotionalien\/die-katholische-kirchenhierarchie\/"]}]},{"@type":"ImageObject","inLanguage":"de","@id":"https:\/\/blog.holyart.it\/de\/devotionalien\/die-katholische-kirchenhierarchie\/#primaryimage","url":"https:\/\/blog.holyart.it\/de\/wp-content\/uploads\/sites\/12\/2022\/06\/Geistliche-Kirche.jpg","contentUrl":"https:\/\/blog.holyart.it\/de\/wp-content\/uploads\/sites\/12\/2022\/06\/Geistliche-Kirche.jpg","width":1000,"height":666,"caption":"Geistliche Kirche"},{"@type":"BreadcrumbList","@id":"https:\/\/blog.holyart.it\/de\/devotionalien\/die-katholische-kirchenhierarchie\/#breadcrumb","itemListElement":[{"@type":"ListItem","position":1,"name":"Homepage","item":"https:\/\/blog.holyart.it\/de\/"},{"@type":"ListItem","position":2,"name":"Religion","item":"https:\/\/blog.holyart.it\/de\/devotionalien\/"},{"@type":"ListItem","position":3,"name":"Die katholische Kirchenhierarchie"}]},{"@type":"WebSite","@id":"https:\/\/blog.holyart.it\/de\/#website","url":"https:\/\/blog.holyart.it\/de\/","name":"Holyart.de Blog","description":"Holyblog","publisher":{"@id":"https:\/\/blog.holyart.it\/de\/#organization"},"potentialAction":[{"@type":"SearchAction","target":{"@type":"EntryPoint","urlTemplate":"https:\/\/blog.holyart.it\/de\/?s={search_term_string}"},"query-input":{"@type":"PropertyValueSpecification","valueRequired":true,"valueName":"search_term_string"}}],"inLanguage":"de"},{"@type":"Organization","@id":"https:\/\/blog.holyart.it\/de\/#organization","name":"Holyart.de Blog","url":"https:\/\/blog.holyart.it\/de\/","logo":{"@type":"ImageObject","inLanguage":"de","@id":"https:\/\/blog.holyart.it\/de\/#\/schema\/logo\/image\/","url":"https:\/\/blog.holyart.it\/de\/wp-content\/uploads\/sites\/12\/2022\/12\/Holyart_Blog_Logo.jpg","contentUrl":"https:\/\/blog.holyart.it\/de\/wp-content\/uploads\/sites\/12\/2022\/12\/Holyart_Blog_Logo.jpg","width":300,"height":50,"caption":"Holyart.de Blog"},"image":{"@id":"https:\/\/blog.holyart.it\/de\/#\/schema\/logo\/image\/"}},{"@type":"Person","@id":"https:\/\/blog.holyart.it\/de\/#\/schema\/person\/0a7b686e5af0f856ec1e390dd0baecda","name":"Redazione","image":{"@type":"ImageObject","inLanguage":"de","@id":"https:\/\/blog.holyart.it\/de\/#\/schema\/person\/image\/","url":"https:\/\/secure.gravatar.com\/avatar\/f477da817f43e50d0af36abecd33e3edf826c68299714bdc1057dff3b113f516?s=96&d=mm&r=g","contentUrl":"https:\/\/secure.gravatar.com\/avatar\/f477da817f43e50d0af36abecd33e3edf826c68299714bdc1057dff3b113f516?s=96&d=mm&r=g","caption":"Redazione"}}]}},"_links":{"self":[{"href":"https:\/\/blog.holyart.it\/de\/wp-json\/wp\/v2\/posts\/1627","targetHints":{"allow":["GET"]}}],"collection":[{"href":"https:\/\/blog.holyart.it\/de\/wp-json\/wp\/v2\/posts"}],"about":[{"href":"https:\/\/blog.holyart.it\/de\/wp-json\/wp\/v2\/types\/post"}],"author":[{"embeddable":true,"href":"https:\/\/blog.holyart.it\/de\/wp-json\/wp\/v2\/users\/1"}],"replies":[{"embeddable":true,"href":"https:\/\/blog.holyart.it\/de\/wp-json\/wp\/v2\/comments?post=1627"}],"version-history":[{"count":1,"href":"https:\/\/blog.holyart.it\/de\/wp-json\/wp\/v2\/posts\/1627\/revisions"}],"predecessor-version":[{"id":2787,"href":"https:\/\/blog.holyart.it\/de\/wp-json\/wp\/v2\/posts\/1627\/revisions\/2787"}],"wp:featuredmedia":[{"embeddable":true,"href":"https:\/\/blog.holyart.it\/de\/wp-json\/wp\/v2\/media\/1628"}],"wp:attachment":[{"href":"https:\/\/blog.holyart.it\/de\/wp-json\/wp\/v2\/media?parent=1627"}],"wp:term":[{"taxonomy":"category","embeddable":true,"href":"https:\/\/blog.holyart.it\/de\/wp-json\/wp\/v2\/categories?post=1627"},{"taxonomy":"post_tag","embeddable":true,"href":"https:\/\/blog.holyart.it\/de\/wp-json\/wp\/v2\/tags?post=1627"}],"curies":[{"name":"wp","href":"https:\/\/api.w.org\/{rel}","templated":true}]}}