{"id":1576,"date":"2022-04-12T14:50:17","date_gmt":"2022-04-12T12:50:17","guid":{"rendered":"https:\/\/blog.holyart.it\/de\/?p=1576"},"modified":"2022-07-11T17:41:45","modified_gmt":"2022-07-11T15:41:45","slug":"die-menora-geschichte-und-bedeutung-des-juedischen-leuchters","status":"publish","type":"post","link":"https:\/\/blog.holyart.it\/de\/devotionalien\/die-menora-geschichte-und-bedeutung-des-juedischen-leuchters\/","title":{"rendered":"Die Menora: Geschichte und Bedeutung des j\u00fcdischen Leuchters"},"content":{"rendered":"<h4>Die Menora ist eines der wichtigsten Symbole der j\u00fcdischen Welt. Es handelt sich um eine 7-armige \u00d6llampe. In der Antike wurde sie im Tempel von Jerusalem entz\u00fcndet und war ein \u00e4u\u00dferst heiliges und imposantes Objekt. Wir wollen mehr dar\u00fcber erfahren.<\/h4>\n\n<p>F\u00fcr katholische Christen ist der <a href=\"https:\/\/www.holyart.de\/liturgische-gerate\/kerzenleuchter-kerzenstander-armleuchter\/metall-kerzenleuchter\"><strong>Kerzenst\u00e4nder<\/strong><\/a> oder <a href=\"https:\/\/www.holyart.de\/liturgische-gerate\/kerzenleuchter-kerzenstander-armleuchter\/armleuchter\"><strong>Leuchter<\/strong><\/a> ein sehr wichtiger liturgischer Schmuck. Er ist in jeder Kirche zu finden und steht auf dem Altar, wo er angez\u00fcndet wird, um durch sein Licht <strong>Glaube<\/strong> und <strong>Hoffnung<\/strong> auszudr\u00fccken. Das <a href=\"https:\/\/www.holyart.de\/blog\/liturgische-gerate\/kerzenleuchter\/\"><strong>Licht ist f\u00fcr die Christen seit jeher ein sehr wichtiges Symbol<\/strong><\/a>, das mit der <a href=\"https:\/\/www.holyart.de\/besondere-anlassen\/ostern-und-fasten\/ostern-kreuze-und-kruzifixe\"><strong>Auferstehung Christi<\/strong><\/a> verbunden ist und eine sehr tiefe und feierliche Bedeutung hat.<\/p>\n<p>Auch das Licht war den <strong>Juden<\/strong> wichtig, wie die Bedeutung der <strong>Menora<\/strong> zeigt. Das Wort Menora leitet sich von der gleichen Wurzel wie <em>or<\/em> ab, was <strong>Licht<\/strong> bedeutet, und bezeichnet das <strong>siebenarmige Leuchtersymbol der j\u00fcdischen Religion<\/strong>. Eigentlich war die <a href=\"https:\/\/www.holyart.de\/blog\/liturgische-gerate\/wie-man-eine-ollampe-sicher-benutzt-5-tipps\/\"><strong>urspr\u00fcngliche Menora eher eine \u00d6llampe und kein Leuchter<\/strong><\/a>, aber der Unterschied ist hier nur fein, und heute werden siebenarmige Kerzenst\u00e4nder auch als Menora bezeichnet.<\/p>\n<h2>Worum geht es?<\/h2>\n<p>Die Menora war ein siebenarmiges Gebilde, auf dem \u00d6llampen brannten. Auch ihre Form, Gr\u00f6\u00dfe und das Material, aus dem sie gebaut werden sollte, wird in der Tora im Buch Exodus sehr detailliert beschrieben. Als Gott Mose erschien, befahl er ihm unter anderem, einen besonderen Gegenstand zu schaffen, der zum Symbol der j\u00fcdischen Religion werden sollte: \u201e<em>Du sollst eine Menora aus reinem Gold machen, der Leuchter soll geh\u00e4mmert sein, sein Schaft und seine Arme, seine Kelche, seine Gl\u00fchbirnen und seine Kr\u00e4nze sollen alle aus einem St\u00fcck sein<\/em>.\u201c (Exodus 25:31)<\/p>\n<p>Er wird seit jeher mit der <strong>Stiftsh\u00fctte<\/strong>, dem transportablen Heiligtum, in Verbindung gebracht, das den Raum darstellte, in dem sich die <strong>Gegenwart Gottes auf Erden<\/strong> (<em>Shekhinah<\/em>)\u00a0manifestierte.<\/p>\n<div class=\"link-article\">\n<p><img loading=\"lazy\" decoding=\"async\" class=\"alignnone size-full wp-image-1585\" src=\"https:\/\/blog.holyart.it\/de\/wp-content\/uploads\/sites\/12\/2022\/06\/Tabernakel.jpg\" alt=\"Tabernakel\" width=\"150\" height=\"100\" data-kale-share-title=\"Die Menora: Geschichte und Bedeutung des j\u00fcdischen Leuchters\" data-kale-share-url=\"https:\/\/blog.holyart.it\/de\/?p=1576\" \/><\/p>\n<div class=\"leggi-anche\">Lesen Sie auch:<\/div>\n<p><strong><a href=\"https:\/\/www.holyart.de\/blog\/liturgische-gerate\/die-bedeutung-des-tabernakels-der-katholischen-kirche\/\">Die Bedeutung des Tabernakels in der katholischen Kirche<\/a><\/strong><br \/>\nDer Tabernakel in der Kirche ist jener Ort, in dem der Hostienkelch aufbewahrt wird, welcher die Hl. Kommunion enth\u00e4lt.<\/p>\n<\/div>\n<p>Das j\u00fcdische Tabernakel wurde nach dem Vorbild des Tabernakels gebaut, das Mose bei seiner R\u00fcckkehr vom Berg Sinai beschrieben hatte. Urspr\u00fcnglich handelte es sich um ein aus T\u00fcchern und Vorh\u00e4ngen bestehendes Geh\u00e4use, in dem im so genannten \u201eAllerheiligsten\u201c die Bundeslade mit den Tafeln der Zehn Gebote und anderen heiligen Gegenst\u00e4nden aufbewahrt wurde.<\/p>\n<p>Sp\u00e4ter wurde aus dem Wanderheiligtum ein festes Tabernakel im <strong>Tempel von Jerusalem<\/strong> errichtet, den <strong>Salomo<\/strong> im 10. Jahrhundert vor Chr. errichten lie\u00df.<\/p>\n<p>In der <strong>Stiftsh\u00fctte<\/strong> <strong>des Tempels<\/strong> stand eine <strong>goldene Menora<\/strong>, in der reines, geweihtes \u00d6l aus zersto\u00dfenen Oliven brannte. Sie hatte die Form einer gew\u00f6hnlichen Haushaltslampe, war aber sehr gro\u00df und mit abwechselnden Kn\u00f6pfen und Blumen verziert. Drei Arme auf jeder Seite gingen von einer zentralen Stange aus. Es hei\u00dft, das Bauwerk sei aus einem einzigen St\u00fcck Gold entstanden, das mit einem Hammer bearbeitet wurde, so wie es Gott selbst bestimmt hatte. Insgesamt brannten sieben kleine Lampen auf der Menora. In den hebr\u00e4ischen heiligen Texten lesen wir auch, dass in der Stiftsh\u00fctte in Jerusalem nicht nur ein, sondern <strong>zehn siebenarmige Leuchter <\/strong>brannten, die von Salomo selbst angefertigt worden waren, f\u00fcnf zur Rechten und f\u00fcnf zur Linken des Heiligtums. Die Anweisungen, die Moses f\u00fcr die Herstellung der Menora gab, enthielten auch einige Hinweise auf die Botanik. So wurde beispielsweise der <strong>Mandelbaum<\/strong> erw\u00e4hnt, der als erster Baum im Fr\u00fchling bl\u00fcht und damit die Wiedergeburt der Natur symbolisiert. Den Juden zufolge konnte man die legend\u00e4re Stadt Luz, die Heimat der Unsterblichen, durch die Wurzeln eines Mandelbaums betreten.<\/p>\n<p>Es ist nicht bekannt, was aus der Menora wurde, die im Tempel aufbewahrt wurde. Die Legende besagt, dass das von Titus gestohlene Exemplar in Wirklichkeit eine <strong>F\u00e4lschung<\/strong> war und das Original immer noch irgendwo in Israel versteckt ist. Wie dem auch sei, der kostbare Leuchter tauchte von Zeit zu Zeit in der Geschichte wieder auf, zuerst in den H\u00e4nden der Vandalen, dann in Konstantinopel, bis seine Spuren verloren gingen.<\/p>\n<p>Heute sind die am weitesten verbreiteten Hypothesen \u00fcber sein Schicksal, dass der j\u00fcdische Leuchter in Rom irgendwo im Vatikan, in einer H\u00f6hle in Jerusalem unter der Tempel-Eskapelle, im Tiber oder in Konstantinopel versteckt ist.<\/p>\n<p>Jedenfalls galt die Menora unter den Symbolen der j\u00fcdischen Religion als ein so wertvolles und wichtiges Objekt, dass Kaiser Titus bei der Pl\u00fcnderung Jerusalems im Jahr 70 n. Chr. den Diebstahl der Menora auf dem ihm gewidmeten Triumphbogen auf dem Forum Romanum verewigen lassen wollte.<\/p>\n<h2>Doch was symbolisiert die j\u00fcdische Menora?<\/h2>\n<p>Einige Traditionen sehen die Menora als symbolische Darstellung des <strong>brennenden Dornbuschs<\/strong>, in dem Mose auf dem Berg Horeb die Stimme Gottes h\u00f6rte.<\/p>\n<p>Die Menora w\u00fcrde also die Ausbreitung des <strong>g\u00f6ttlichen Lichts<\/strong> symbolisieren.<\/p>\n<p>F\u00fcr andere symbolisieren die 7 Lichter der Menora die <strong>7 Tage der Sch\u00f6pfung des Universums<\/strong>, und das zentrale Licht ist der <strong>Sabbat<\/strong>.<\/p>\n<p>Es wird auch angenommen, dass die 7 Lichter die <strong>7 Himmel symbolisieren, die mit Gottes Licht<\/strong> gef\u00fcllt sind, oder die Gegenwart Gottes mit <strong>7 Augen<\/strong>, die \u00fcber den Tempel wachen, oder das <strong>Planetensystem<\/strong> mit der Sonne im Zentrum und den Planeten an den Seiten.<\/p>\n<p>F\u00fcr die Kabbala ist die Menora auch das Symbol f\u00fcr das gesamte <strong>hebr\u00e4ische Alphabet<\/strong>. Es hat n\u00e4mlich sieben Arme mit 22 Vergr\u00f6\u00dferungen, wie die 22 Buchstaben des Alphabets.<\/p>\n<p>Die Juden behaupteten auch, dass das in ihren Lampen brennende \u00d6l das materielle Abbild des \u00d6ls sei, mit dem der <strong>Messias<\/strong> gesalbt werden w\u00fcrde.<\/p>\n<p><img loading=\"lazy\" decoding=\"async\" class=\"size-full wp-image-1586 aligncenter\" src=\"https:\/\/blog.holyart.it\/de\/wp-content\/uploads\/sites\/12\/2022\/06\/menora.jpg\" alt=\"menora\" width=\"1000\" height=\"666\" data-kale-share-title=\"Die Menora: Geschichte und Bedeutung des j\u00fcdischen Leuchters\" data-kale-share-url=\"https:\/\/blog.holyart.it\/de\/?p=1576\" \/><\/p>\n<h2>Und heute?<\/h2>\n<p>Heute ist die Menora das <strong>universelle Symbol der j\u00fcdischen Religion<\/strong> und erscheint auch auf dem <strong>offiziellen Wappen des Staates Israel<\/strong>.<\/p>\n<p>In der j\u00fcdischen Tradition gibt es auch <strong>andere Arten von Leuchtern<\/strong>, wie z. B. die <strong>Chanukkiyah<\/strong> oder <strong>Hanukkiah<\/strong>. Dies ist ein <strong>neunarmiger Leuchter<\/strong>, an dem neun Kerzen angez\u00fcndet werden. Das Anz\u00fcnden der Lichter erfolgt nach einem uralten und sehr ausgefeilten Ritual, denn es ist Ausdruck der Best\u00e4ndigkeit und Vitalit\u00e4t des j\u00fcdischen Glaubens. Aus diesem Grund wird traditionell <strong>jede Nacht<\/strong> w\u00e4hrend des <strong>Chanukka<\/strong>-Festes eine Lampe angez\u00fcndet, mit der die Einweihung des neuen Altars im Tempel von Jerusalem nach der Befreiung der Stadt von den Hellenen gefeiert wird. Das Fest dauert acht Tage und beginnt bei Sonnenuntergang am 24. des Monats Kislew (Dezember). Da sich der j\u00fcdische Kalender vom gregorianischen Kalender unterscheidet, \u00e4ndert sich der erste Tag von Chanukka jedes Jahr. Im Jahr 2019 beginnt Chanukka bei Sonnenuntergang am Sonntag, dem 22. Dezember, und endet am Montag, dem 30. Dezember. Die Lampen werden bei Sonnenaufgang angez\u00fcndet, au\u00dfer am Schabbat, wo sie vor Sonnenuntergang angez\u00fcndet werden. Chanukkiyah sollte vorzugsweise im Beisein von Familie und Freunden angez\u00fcndet werden. Die Weitergabe von Wundern ist ein grundlegender Aspekt der j\u00fcdischen Religion, insbesondere f\u00fcr die Weitergabe von Kultur und Glauben an neue Generationen. Je mehr Menschen an dem Ritual teilnehmen, desto besser. <strong>Viele Menschen verwechseln die Chanukkiyah mit der Menora<\/strong>. Es stimmt, dass die beiden Leuchter dasselbe darstellen, aber die Menora hat sieben Arme, die Chanukkija neun.<\/p>\n<p>Es gibt auch eine j\u00fcdische Tradition des Anz\u00fcndens einer <strong>\u00f6ffentlichen Menora<\/strong>. Seit dem Altertum wurden Menoras auch vor den H\u00e4usern oder auf den Fensterb\u00e4nken angez\u00fcndet, damit sie von der Stra\u00dfe aus gesehen werden konnten.<\/p>\n<p>Heute ist die \u00f6ffentliche Menora eine gro\u00dfe Menora, die anl\u00e4sslich des bereits erw\u00e4hnten j\u00fcdischen Festes <strong>Chanukka<\/strong>, dem Lichterfest, an einem \u00f6ffentlichen Ort entz\u00fcndet wird. W\u00e4hrend dieses Festes wird auch das Wunder der Jerusalemer Menora gefeiert, die, nachdem ihr das \u00d6l ausgegangen war, acht Tage lang weiterbrannte!<\/p>\n<p>Auch heute noch wird die Menora von anderen Kulten und Realit\u00e4ten genutzt, wie z. B. von der <strong>Freimaurerei<\/strong>, die in ihrem nach einem bestimmten Ritual durchgef\u00fchrten Anz\u00fcnden eine M\u00f6glichkeit sieht, die F\u00e4higkeiten der Br\u00fcder zu st\u00e4rken, und die eine Reihe symbolischer Bedeutungen sieht.<\/p>\n<h2>Anz\u00fcnden und Ausl\u00f6schen der Menora und der Chanukkia<\/h2>\n<p>Die zentrale Kerze der Chanukkiyah wird <em>Schamasch<\/em> genannt, was so viel wie <em>&#8218;W\u00e4chter&#8216;<\/em> bedeutet. Sie befindet sich in der Mitte des Leuchters, in erh\u00f6hter Position im Vergleich zu den anderen Kerzen. Der Schamasch wird zum Anz\u00fcnden der anderen Kerzen verwendet. W\u00e4hrend Chanukka wird in jeder Nacht zuerst der Schamasch angez\u00fcndet, der nach und nach hinzugef\u00fcgt wird, einer f\u00fcr jede Nacht des Feiertags. In der ersten Nacht wird die Kerze in den Halter ganz rechts auf der Chanukkiyah gesteckt. An den folgenden Abenden werden die anderen Kerzen in der Reihenfolge der Halter von rechts nach links hinzugef\u00fcgt. In der zweiten Nacht von Chanukka muss man also die Schamasch anz\u00fcnden, dann die Kerze aus der ersten Nacht ganz rechts, dann eine zweite Kerze in der n\u00e4chsten Reihe. Am dritten Abend wird der Schamasch wieder angez\u00fcndet, die beiden Kerzen rechts und eine weitere links, und so weiter.<\/p>\n<p>Die Kerzen sollten immer mit dem Schamasch angez\u00fcndet werden.<\/p>\n<div class=\"link-article\">\n<p><img loading=\"lazy\" decoding=\"async\" class=\"size-full wp-image-1728 alignleft\" src=\"https:\/\/blog.holyart.it\/de\/wp-content\/uploads\/sites\/12\/2022\/06\/Warum-eine-Kerze-in-der-Kirche-anzunden.jpg\" alt=\"Warum eine Kerze in der Kirche anzunden\" width=\"150\" height=\"99\" data-kale-share-title=\"Die Menora: Geschichte und Bedeutung des j\u00fcdischen Leuchters\" data-kale-share-url=\"https:\/\/blog.holyart.it\/de\/devotionalien\/die-menora-geschichte-und-bedeutung-des-juedischen-leuchters\/\" \/><\/p>\n<div class=\"leggi-anche\">Lesen Sie auch:<\/div>\n<p><strong><a href=\"https:\/\/www.holyart.de\/blog\/devotionalien\/warum-zuenden-wir-in-der-kirche-kerzen-an\/\">Warum z\u00fcnden wir in der Kirche Kerzen an?<\/a><\/strong><br \/>\nDas Anz\u00fcnden einer Kerze in der Kirche ist ein greifbares Zeichen des Glaubens.<\/p>\n<\/div>\n<p>Beim Anz\u00fcnden der Schamasch rezitieren die Juden eine Reihe von <a href=\"https:\/\/www.holyart.de\/liturgische-gerate\/aspergill-weihwasserflaschen-weihwasserkessel\"><strong>Segensspr\u00fcchen<\/strong><\/a>. Diese Segensspr\u00fcche sind bei jeder Beleuchtung zu wiederholen. Der <strong>erste Segensspruch<\/strong> soll die Kerzen segnen und lautet: \u201e<em>Baruch Atah Adonai Eloheinu Melech Ha&#8217;olam, asher kidshanu b&#8217;mitzvotav v&#8217;tzivanu l&#8217;hadlik ner shel Hanukkah<\/em>.\u201c (<em>Gelobt seist Du, Herr, unser Gott, Sch\u00f6pfer des Universums, der Du uns mit Deinen Geboten geheiligt und uns das Licht von Chanukka gegeben hast<\/em>). Es folgt ein <strong>zweiter Segen<\/strong>, der an jedem Chanukka-Abend nach dem Segnen der Kerzen rezitiert wird: \u201e<em>Baruch Atah Adonai Eloheinu Melech Ha&#8217;olam, she&#8217;asah nisim l&#8217;avoteinu, b&#8217;yamim haheim bazman hazeh<\/em>\u201c. (<strong>Gesegnet seist Du, oh, Herr, unser Gott, Sch\u00f6pfer des Universums, der Wunder f\u00fcr unsere V\u00e4ter getan hat<\/strong>). Nur am ersten Abend von Chanukka wird nach den beiden Segensspr\u00fcchen das <strong>Schechejanu<\/strong> rezitiert, eine besondere Formel, die Juden immer dann rezitieren, wenn sie etwas zum ersten Mal tun oder einen besonderen Ritus zum ersten Mal feiern: \u201e<em>Baruch Atah Adonai Eloheinu Melech Ha&#8217;olam, Schechejanu, v&#8217;kiyamanu vehegianu lazman hazeh<\/em>\u201c. (<em>Gelobt seist Du, Herr, unser Gott, Sch\u00f6pfer des Universums, der uns am Leben erhalten und uns in diese Zeit gebracht hat<\/em>).<\/p>\n<p>Nachdem alle Segensspr\u00fcche rezitiert wurden, wird der Schamasch in die dominante Hand genommen und die anderen Kerzen werden mit ihr angez\u00fcndet, und zwar <strong>von links nach rechts, d. h. von der zuletzt eingef\u00fchrten zur ersten<\/strong>. Sobald alle Kerzen der Chanukkiyah angez\u00fcndet sind, wird der Schamasch an ihren Platz in der Mitte gestellt, und der Leuchter wird auf der Fensterbank platziert, an einem Ort, wo ihn jeder sehen kann. Tats\u00e4chlich ist das Anz\u00fcnden der Chanukkiyah eine Manifestation des eigenen j\u00fcdischen Stolzes.<\/p>\n<p>Beim <strong>L\u00f6schen<\/strong> muss man den Kerzen erlauben, von selbst zu verl\u00f6schen. Es ist wichtig, dass sie nach dem Anz\u00fcnden <strong>mindestens<\/strong> <strong>30 Minuten<\/strong> lang brennen. Wenn man also das Haus verlassen muss, muss man mindestens diese Zeit abwarten, dann kann man sie notfalls l\u00f6schen, obwohl es immer noch das Beste ist, sie ganz brennen zu lassen.<\/p>\n<p>In der <strong>Kabbala<\/strong> wird beschrieben, wie das <strong>Anz\u00fcnden und Erl\u00f6schen der Menora<\/strong> erfolgen soll. In dieser Tradition werden, ausgehend von der linken Seite der Menora, die Reiche der Emanation, der Sch\u00f6pfung und der Formation symbolisch dargestellt. Das Ausl\u00f6schen der Menora beginnt mit den Lichtern ganz links und ganz rechts, so dass die verschiedenen \u201eReicht\u00fcmer\u201c nach und nach gel\u00f6scht werden. Beim Anz\u00fcnden der Menora wird zuerst die Triade der Lichter angez\u00fcndet, die der Emanation gewidmet ist, dann die der Sch\u00f6pfung und schlie\u00dflich die der Formation. Man beginnt also mit den ersten Lichtern rechts und links, und dann nach innen. J\u00fcdische Rituale wurden mit dem Einzug in den Tempel und dem Ausl\u00f6schen der Menora gefeiert, so dass nur die zentrale Lampe brannte, und erst am Ende wurde alles wieder angez\u00fcndet.<\/p>\n<div class=\"sp-styles-warning\" style=\"width: 450px; background-color: #FFF; color: #F00; border: 1px solid #F00; padding: 10px; font-size: 14px;\">\n\t\t\t<span style=\"font-weight: bold;\">Warning: The stylesheets were not loaded!<\/span> \n\t\t\tYou will need to change the <i>Load stylesheets<\/i> setting from <i>Automatically<\/i> to <i>On homepage<\/i> or <i>On all pages<\/i>. \n\t\t\tYou can set that <a style=\"text-decoration: underline; color: #F00;\" href=\"https:\/\/blog.holyart.it\/de\/wp-admin\/admin.php?page=sliderpro-settings\">here<\/a>.\n\t\t\t<\/div>\r\n<div id=\"slider-pro-16\" class=\"slider-pro sp-no-js\" style=\"width: 500px; height: 500px;\">\r\n\t<div class=\"sp-slides\">\r\n\t\t\r\n\t\t<div class=\"sp-slide\">\r\n\t\t\t<img loading=\"lazy\" decoding=\"async\" class=\"sp-image\" src=\"https:\/\/blog.holyart.it\/de\/wp-content\/uploads\/sites\/12\/2022\/06\/Menorah-Kandelaber-7-flammig-Messing.jpg\" alt=\"Menorah Kandelaber 7-flammig Messing\" width=\"500\" height=\"500\" \/>\r\n\t\t\t<div class=\"sp-thumbnail\"><img decoding=\"async\" src=\"https:\/\/blog.holyart.it\/de\/wp-content\/uploads\/sites\/12\/2022\/06\/Kandelaber-Menora-150x150.jpg\" alt=\"Kandelaber Menora 150x150\" \/>\r\n\t\t\t<\/div>\r\n\t\t\t<div class=\"sp-caption\">Siebenarmiger Kerzenleuchter in Tropfenform  <BR \/><strong><a href=\"https:\/\/www.holyart.de\/liturgische-gerate\/kerzenleuchter-kerzenstander-armleuchter\/armleuchter\/siebenarmiger-kerzenleuchter-in-tropfenform\">Bei Holyart kaufen<\/a><\/strong><\/div>\r\n\t\t<\/div>\r\n\t\t<div class=\"sp-slide\">\r\n\t\t\t<img loading=\"lazy\" decoding=\"async\" class=\"sp-image\" src=\"https:\/\/blog.holyart.it\/de\/wp-content\/uploads\/sites\/12\/2022\/06\/Menora-Leuchter-7-flammig-schwarz.jpg\" alt=\"Menora Leuchter 7-flammig schwarz\" width=\"500\" height=\"500\" \/>\r\n\t\t\t<div class=\"sp-thumbnail\"><img decoding=\"async\" src=\"https:\/\/blog.holyart.it\/de\/wp-content\/uploads\/sites\/12\/2022\/06\/Menora-Leuchter-7-flammig-schwarz-150x150.jpg\" \/>\r\n\t\t\t<\/div>\r\n\t\t\t<div class=\"sp-caption\">Kerzenhalter Menorah aus \u00c4thiopien <BR \/><strong><a href=\"https:\/\/www.holyart.de\/liturgische-gerate\/kerzenleuchter-kerzenstander-armleuchter\/armleuchter\/kerzenhalter-menorah-aus-athiopien\">Bei Holyart kaufen<\/a><\/strong><\/div>\r\n\t\t<\/div>\r\n\t\t<div class=\"sp-slide\">\r\n\t\t\t<img loading=\"lazy\" decoding=\"async\" class=\"sp-image\" src=\"https:\/\/blog.holyart.it\/de\/wp-content\/uploads\/sites\/12\/2022\/06\/Menora-Kandelaber-7-flammig-aus-goldenem-Messing.jpg\" alt=\"Menora-Kandelaber 7-flammig aus goldenem Messing\" width=\"500\" height=\"500\" \/>\r\n\t\t\t<div class=\"sp-thumbnail\"><img decoding=\"async\" src=\"https:\/\/blog.holyart.it\/de\/wp-content\/uploads\/sites\/12\/2022\/06\/candelabro-menorah150x150.jpg\" alt=\"candelabro menorah150x150\" \/>\r\n\t\t\t<\/div>\r\n\t\t\t<div class=\"sp-caption\">Kerzenhalter Menorah 7 Flammen aus Messing <BR \/><strong><a href=\"https:\/\/www.holyart.de\/liturgische-gerate\/kerzenleuchter-kerzenstander-armleuchter\/armleuchter\/kerzenhalter-menorah-7-flammen-aus-messing\">Bei Holyart kaufen<\/a><\/strong><\/div>\r\n\t\t<\/div>\r\n\t\t<div class=\"sp-slide\">\r\n\t\t\t<img loading=\"lazy\" decoding=\"async\" class=\"sp-image\" src=\"https:\/\/blog.holyart.it\/de\/wp-content\/uploads\/sites\/12\/2022\/06\/Menora-7-flammig-versilbert.jpg\" alt=\"Menora 7-flammig versilbert\" width=\"500\" height=\"500\" \/>\r\n\t\t\t<div class=\"sp-thumbnail\"><img decoding=\"async\" src=\"https:\/\/blog.holyart.it\/de\/wp-content\/uploads\/sites\/12\/2022\/06\/Menora-7-flammig-versilbert-150x150.jpg\" \/>\r\n\t\t\t<\/div>\r\n\t\t\t<div class=\"sp-caption\">Armleuchter Menorah 7 Flammen versilberten Messing 25cm <BR \/><strong><a href=\"https:\/\/www.holyart.de\/liturgische-gerate\/kerzenleuchter-kerzenstander-armleuchter\/armleuchter\/armleuchter-menorah-7-flammen-versilberten-messing-25cm\">Bei Holyart kaufen<\/a><\/strong><\/div>\r\n\t\t<\/div>\r\n\t<\/div>\r\n<\/div>\n","protected":false},"excerpt":{"rendered":"<p>Die Menora ist eines der wichtigsten Symbole der j\u00fcdischen Welt. Es handelt sich um eine 7-armige \u00d6llampe. In der Antike wurde sie im Tempel von Jerusalem entz\u00fcndet und war ein \u00e4u\u00dferst heiliges und imposantes Objekt. Wir wollen mehr dar\u00fcber erfahren. F\u00fcr katholische Christen ist der&hellip;<\/p>\n","protected":false},"author":1,"featured_media":1578,"comment_status":"closed","ping_status":"open","sticky":false,"template":"","format":"standard","meta":{"_acf_changed":false,"footnotes":""},"categories":[10],"tags":[],"class_list":["post-1576","post","type-post","status-publish","format-standard","has-post-thumbnail","hentry","category-devotionalien"],"acf":[],"yoast_head":"<!-- This site is optimized with the Yoast SEO plugin v26.6 - https:\/\/yoast.com\/wordpress\/plugins\/seo\/ -->\n<title>Die Menora: Geschichte und Bedeutung des j\u00fcdischen Leuchters -<\/title>\n<meta name=\"description\" content=\"Die Menora ist eines der wichtigsten Symbole der j\u00fcdischen Welt. Es handelt sich um eine 7-armige \u00d6llampe. Wir wollen mehr dar\u00fcber erfahren.\" \/>\n<meta name=\"robots\" content=\"index, follow, max-snippet:-1, max-image-preview:large, max-video-preview:-1\" \/>\n<link rel=\"canonical\" href=\"https:\/\/blog.holyart.it\/de\/devotionalien\/die-menora-geschichte-und-bedeutung-des-juedischen-leuchters\/\" \/>\n<meta property=\"og:locale\" content=\"de_DE\" \/>\n<meta property=\"og:type\" content=\"article\" \/>\n<meta property=\"og:title\" content=\"Die Menora: Geschichte und Bedeutung des j\u00fcdischen Leuchters -\" \/>\n<meta property=\"og:description\" content=\"Die Menora ist eines der wichtigsten Symbole der j\u00fcdischen Welt. Es handelt sich um eine 7-armige \u00d6llampe. Wir wollen mehr dar\u00fcber erfahren.\" \/>\n<meta property=\"og:url\" content=\"https:\/\/blog.holyart.it\/de\/devotionalien\/die-menora-geschichte-und-bedeutung-des-juedischen-leuchters\/\" \/>\n<meta property=\"og:site_name\" content=\"Holyart.de Blog\" \/>\n<meta property=\"article:published_time\" content=\"2022-04-12T12:50:17+00:00\" \/>\n<meta property=\"article:modified_time\" content=\"2022-07-11T15:41:45+00:00\" \/>\n<meta property=\"og:image\" content=\"https:\/\/blog.holyart.it\/de\/wp-content\/uploads\/sites\/12\/2022\/06\/die-Menora.jpg\" \/>\n\t<meta property=\"og:image:width\" content=\"1000\" \/>\n\t<meta property=\"og:image:height\" content=\"666\" \/>\n\t<meta property=\"og:image:type\" content=\"image\/jpeg\" \/>\n<meta name=\"author\" content=\"Redazione\" \/>\n<meta name=\"twitter:card\" content=\"summary_large_image\" \/>\n<meta name=\"twitter:label1\" content=\"Verfasst von\" \/>\n\t<meta name=\"twitter:data1\" content=\"Redazione\" \/>\n\t<meta name=\"twitter:label2\" content=\"Gesch\u00e4tzte Lesezeit\" \/>\n\t<meta name=\"twitter:data2\" content=\"10\u00a0Minuten\" \/>\n<script type=\"application\/ld+json\" class=\"yoast-schema-graph\">{\"@context\":\"https:\/\/schema.org\",\"@graph\":[{\"@type\":\"Article\",\"@id\":\"https:\/\/blog.holyart.it\/de\/devotionalien\/die-menora-geschichte-und-bedeutung-des-juedischen-leuchters\/#article\",\"isPartOf\":{\"@id\":\"https:\/\/blog.holyart.it\/de\/devotionalien\/die-menora-geschichte-und-bedeutung-des-juedischen-leuchters\/\"},\"author\":{\"name\":\"Redazione\",\"@id\":\"https:\/\/blog.holyart.it\/de\/#\/schema\/person\/0a7b686e5af0f856ec1e390dd0baecda\"},\"headline\":\"Die Menora: Geschichte und Bedeutung des j\u00fcdischen Leuchters\",\"datePublished\":\"2022-04-12T12:50:17+00:00\",\"dateModified\":\"2022-07-11T15:41:45+00:00\",\"mainEntityOfPage\":{\"@id\":\"https:\/\/blog.holyart.it\/de\/devotionalien\/die-menora-geschichte-und-bedeutung-des-juedischen-leuchters\/\"},\"wordCount\":2003,\"publisher\":{\"@id\":\"https:\/\/blog.holyart.it\/de\/#organization\"},\"image\":{\"@id\":\"https:\/\/blog.holyart.it\/de\/devotionalien\/die-menora-geschichte-und-bedeutung-des-juedischen-leuchters\/#primaryimage\"},\"thumbnailUrl\":\"https:\/\/blog.holyart.it\/de\/wp-content\/uploads\/sites\/12\/2022\/06\/die-Menora.jpg\",\"articleSection\":[\"Religion\"],\"inLanguage\":\"de\"},{\"@type\":\"WebPage\",\"@id\":\"https:\/\/blog.holyart.it\/de\/devotionalien\/die-menora-geschichte-und-bedeutung-des-juedischen-leuchters\/\",\"url\":\"https:\/\/blog.holyart.it\/de\/devotionalien\/die-menora-geschichte-und-bedeutung-des-juedischen-leuchters\/\",\"name\":\"Die Menora: Geschichte und Bedeutung des j\u00fcdischen Leuchters -\",\"isPartOf\":{\"@id\":\"https:\/\/blog.holyart.it\/de\/#website\"},\"primaryImageOfPage\":{\"@id\":\"https:\/\/blog.holyart.it\/de\/devotionalien\/die-menora-geschichte-und-bedeutung-des-juedischen-leuchters\/#primaryimage\"},\"image\":{\"@id\":\"https:\/\/blog.holyart.it\/de\/devotionalien\/die-menora-geschichte-und-bedeutung-des-juedischen-leuchters\/#primaryimage\"},\"thumbnailUrl\":\"https:\/\/blog.holyart.it\/de\/wp-content\/uploads\/sites\/12\/2022\/06\/die-Menora.jpg\",\"datePublished\":\"2022-04-12T12:50:17+00:00\",\"dateModified\":\"2022-07-11T15:41:45+00:00\",\"description\":\"Die Menora ist eines der wichtigsten Symbole der j\u00fcdischen Welt. Es handelt sich um eine 7-armige \u00d6llampe. Wir wollen mehr dar\u00fcber erfahren.\",\"breadcrumb\":{\"@id\":\"https:\/\/blog.holyart.it\/de\/devotionalien\/die-menora-geschichte-und-bedeutung-des-juedischen-leuchters\/#breadcrumb\"},\"inLanguage\":\"de\",\"potentialAction\":[{\"@type\":\"ReadAction\",\"target\":[\"https:\/\/blog.holyart.it\/de\/devotionalien\/die-menora-geschichte-und-bedeutung-des-juedischen-leuchters\/\"]}]},{\"@type\":\"ImageObject\",\"inLanguage\":\"de\",\"@id\":\"https:\/\/blog.holyart.it\/de\/devotionalien\/die-menora-geschichte-und-bedeutung-des-juedischen-leuchters\/#primaryimage\",\"url\":\"https:\/\/blog.holyart.it\/de\/wp-content\/uploads\/sites\/12\/2022\/06\/die-Menora.jpg\",\"contentUrl\":\"https:\/\/blog.holyart.it\/de\/wp-content\/uploads\/sites\/12\/2022\/06\/die-Menora.jpg\",\"width\":1000,\"height\":666,\"caption\":\"die Menora\"},{\"@type\":\"BreadcrumbList\",\"@id\":\"https:\/\/blog.holyart.it\/de\/devotionalien\/die-menora-geschichte-und-bedeutung-des-juedischen-leuchters\/#breadcrumb\",\"itemListElement\":[{\"@type\":\"ListItem\",\"position\":1,\"name\":\"Homepage\",\"item\":\"https:\/\/blog.holyart.it\/de\/\"},{\"@type\":\"ListItem\",\"position\":2,\"name\":\"Religion\",\"item\":\"https:\/\/blog.holyart.it\/de\/devotionalien\/\"},{\"@type\":\"ListItem\",\"position\":3,\"name\":\"Die Menora: Geschichte und Bedeutung des j\u00fcdischen Leuchters\"}]},{\"@type\":\"WebSite\",\"@id\":\"https:\/\/blog.holyart.it\/de\/#website\",\"url\":\"https:\/\/blog.holyart.it\/de\/\",\"name\":\"Holyart.de Blog\",\"description\":\"Holyblog\",\"publisher\":{\"@id\":\"https:\/\/blog.holyart.it\/de\/#organization\"},\"potentialAction\":[{\"@type\":\"SearchAction\",\"target\":{\"@type\":\"EntryPoint\",\"urlTemplate\":\"https:\/\/blog.holyart.it\/de\/?s={search_term_string}\"},\"query-input\":{\"@type\":\"PropertyValueSpecification\",\"valueRequired\":true,\"valueName\":\"search_term_string\"}}],\"inLanguage\":\"de\"},{\"@type\":\"Organization\",\"@id\":\"https:\/\/blog.holyart.it\/de\/#organization\",\"name\":\"Holyart.de Blog\",\"url\":\"https:\/\/blog.holyart.it\/de\/\",\"logo\":{\"@type\":\"ImageObject\",\"inLanguage\":\"de\",\"@id\":\"https:\/\/blog.holyart.it\/de\/#\/schema\/logo\/image\/\",\"url\":\"https:\/\/blog.holyart.it\/de\/wp-content\/uploads\/sites\/12\/2022\/12\/Holyart_Blog_Logo.jpg\",\"contentUrl\":\"https:\/\/blog.holyart.it\/de\/wp-content\/uploads\/sites\/12\/2022\/12\/Holyart_Blog_Logo.jpg\",\"width\":300,\"height\":50,\"caption\":\"Holyart.de Blog\"},\"image\":{\"@id\":\"https:\/\/blog.holyart.it\/de\/#\/schema\/logo\/image\/\"}},{\"@type\":\"Person\",\"@id\":\"https:\/\/blog.holyart.it\/de\/#\/schema\/person\/0a7b686e5af0f856ec1e390dd0baecda\",\"name\":\"Redazione\",\"image\":{\"@type\":\"ImageObject\",\"inLanguage\":\"de\",\"@id\":\"https:\/\/blog.holyart.it\/de\/#\/schema\/person\/image\/\",\"url\":\"https:\/\/secure.gravatar.com\/avatar\/f477da817f43e50d0af36abecd33e3edf826c68299714bdc1057dff3b113f516?s=96&d=mm&r=g\",\"contentUrl\":\"https:\/\/secure.gravatar.com\/avatar\/f477da817f43e50d0af36abecd33e3edf826c68299714bdc1057dff3b113f516?s=96&d=mm&r=g\",\"caption\":\"Redazione\"}}]}<\/script>\n<!-- \/ Yoast SEO plugin. -->","yoast_head_json":{"title":"Die Menora: Geschichte und Bedeutung des j\u00fcdischen Leuchters -","description":"Die Menora ist eines der wichtigsten Symbole der j\u00fcdischen Welt. Es handelt sich um eine 7-armige \u00d6llampe. Wir wollen mehr dar\u00fcber erfahren.","robots":{"index":"index","follow":"follow","max-snippet":"max-snippet:-1","max-image-preview":"max-image-preview:large","max-video-preview":"max-video-preview:-1"},"canonical":"https:\/\/blog.holyart.it\/de\/devotionalien\/die-menora-geschichte-und-bedeutung-des-juedischen-leuchters\/","og_locale":"de_DE","og_type":"article","og_title":"Die Menora: Geschichte und Bedeutung des j\u00fcdischen Leuchters -","og_description":"Die Menora ist eines der wichtigsten Symbole der j\u00fcdischen Welt. Es handelt sich um eine 7-armige \u00d6llampe. Wir wollen mehr dar\u00fcber erfahren.","og_url":"https:\/\/blog.holyart.it\/de\/devotionalien\/die-menora-geschichte-und-bedeutung-des-juedischen-leuchters\/","og_site_name":"Holyart.de Blog","article_published_time":"2022-04-12T12:50:17+00:00","article_modified_time":"2022-07-11T15:41:45+00:00","og_image":[{"width":1000,"height":666,"url":"https:\/\/blog.holyart.it\/de\/wp-content\/uploads\/sites\/12\/2022\/06\/die-Menora.jpg","type":"image\/jpeg"}],"author":"Redazione","twitter_card":"summary_large_image","twitter_misc":{"Verfasst von":"Redazione","Gesch\u00e4tzte Lesezeit":"10\u00a0Minuten"},"schema":{"@context":"https:\/\/schema.org","@graph":[{"@type":"Article","@id":"https:\/\/blog.holyart.it\/de\/devotionalien\/die-menora-geschichte-und-bedeutung-des-juedischen-leuchters\/#article","isPartOf":{"@id":"https:\/\/blog.holyart.it\/de\/devotionalien\/die-menora-geschichte-und-bedeutung-des-juedischen-leuchters\/"},"author":{"name":"Redazione","@id":"https:\/\/blog.holyart.it\/de\/#\/schema\/person\/0a7b686e5af0f856ec1e390dd0baecda"},"headline":"Die Menora: Geschichte und Bedeutung des j\u00fcdischen Leuchters","datePublished":"2022-04-12T12:50:17+00:00","dateModified":"2022-07-11T15:41:45+00:00","mainEntityOfPage":{"@id":"https:\/\/blog.holyart.it\/de\/devotionalien\/die-menora-geschichte-und-bedeutung-des-juedischen-leuchters\/"},"wordCount":2003,"publisher":{"@id":"https:\/\/blog.holyart.it\/de\/#organization"},"image":{"@id":"https:\/\/blog.holyart.it\/de\/devotionalien\/die-menora-geschichte-und-bedeutung-des-juedischen-leuchters\/#primaryimage"},"thumbnailUrl":"https:\/\/blog.holyart.it\/de\/wp-content\/uploads\/sites\/12\/2022\/06\/die-Menora.jpg","articleSection":["Religion"],"inLanguage":"de"},{"@type":"WebPage","@id":"https:\/\/blog.holyart.it\/de\/devotionalien\/die-menora-geschichte-und-bedeutung-des-juedischen-leuchters\/","url":"https:\/\/blog.holyart.it\/de\/devotionalien\/die-menora-geschichte-und-bedeutung-des-juedischen-leuchters\/","name":"Die Menora: Geschichte und Bedeutung des j\u00fcdischen Leuchters -","isPartOf":{"@id":"https:\/\/blog.holyart.it\/de\/#website"},"primaryImageOfPage":{"@id":"https:\/\/blog.holyart.it\/de\/devotionalien\/die-menora-geschichte-und-bedeutung-des-juedischen-leuchters\/#primaryimage"},"image":{"@id":"https:\/\/blog.holyart.it\/de\/devotionalien\/die-menora-geschichte-und-bedeutung-des-juedischen-leuchters\/#primaryimage"},"thumbnailUrl":"https:\/\/blog.holyart.it\/de\/wp-content\/uploads\/sites\/12\/2022\/06\/die-Menora.jpg","datePublished":"2022-04-12T12:50:17+00:00","dateModified":"2022-07-11T15:41:45+00:00","description":"Die Menora ist eines der wichtigsten Symbole der j\u00fcdischen Welt. Es handelt sich um eine 7-armige \u00d6llampe. Wir wollen mehr dar\u00fcber erfahren.","breadcrumb":{"@id":"https:\/\/blog.holyart.it\/de\/devotionalien\/die-menora-geschichte-und-bedeutung-des-juedischen-leuchters\/#breadcrumb"},"inLanguage":"de","potentialAction":[{"@type":"ReadAction","target":["https:\/\/blog.holyart.it\/de\/devotionalien\/die-menora-geschichte-und-bedeutung-des-juedischen-leuchters\/"]}]},{"@type":"ImageObject","inLanguage":"de","@id":"https:\/\/blog.holyart.it\/de\/devotionalien\/die-menora-geschichte-und-bedeutung-des-juedischen-leuchters\/#primaryimage","url":"https:\/\/blog.holyart.it\/de\/wp-content\/uploads\/sites\/12\/2022\/06\/die-Menora.jpg","contentUrl":"https:\/\/blog.holyart.it\/de\/wp-content\/uploads\/sites\/12\/2022\/06\/die-Menora.jpg","width":1000,"height":666,"caption":"die Menora"},{"@type":"BreadcrumbList","@id":"https:\/\/blog.holyart.it\/de\/devotionalien\/die-menora-geschichte-und-bedeutung-des-juedischen-leuchters\/#breadcrumb","itemListElement":[{"@type":"ListItem","position":1,"name":"Homepage","item":"https:\/\/blog.holyart.it\/de\/"},{"@type":"ListItem","position":2,"name":"Religion","item":"https:\/\/blog.holyart.it\/de\/devotionalien\/"},{"@type":"ListItem","position":3,"name":"Die Menora: Geschichte und Bedeutung des j\u00fcdischen Leuchters"}]},{"@type":"WebSite","@id":"https:\/\/blog.holyart.it\/de\/#website","url":"https:\/\/blog.holyart.it\/de\/","name":"Holyart.de Blog","description":"Holyblog","publisher":{"@id":"https:\/\/blog.holyart.it\/de\/#organization"},"potentialAction":[{"@type":"SearchAction","target":{"@type":"EntryPoint","urlTemplate":"https:\/\/blog.holyart.it\/de\/?s={search_term_string}"},"query-input":{"@type":"PropertyValueSpecification","valueRequired":true,"valueName":"search_term_string"}}],"inLanguage":"de"},{"@type":"Organization","@id":"https:\/\/blog.holyart.it\/de\/#organization","name":"Holyart.de Blog","url":"https:\/\/blog.holyart.it\/de\/","logo":{"@type":"ImageObject","inLanguage":"de","@id":"https:\/\/blog.holyart.it\/de\/#\/schema\/logo\/image\/","url":"https:\/\/blog.holyart.it\/de\/wp-content\/uploads\/sites\/12\/2022\/12\/Holyart_Blog_Logo.jpg","contentUrl":"https:\/\/blog.holyart.it\/de\/wp-content\/uploads\/sites\/12\/2022\/12\/Holyart_Blog_Logo.jpg","width":300,"height":50,"caption":"Holyart.de Blog"},"image":{"@id":"https:\/\/blog.holyart.it\/de\/#\/schema\/logo\/image\/"}},{"@type":"Person","@id":"https:\/\/blog.holyart.it\/de\/#\/schema\/person\/0a7b686e5af0f856ec1e390dd0baecda","name":"Redazione","image":{"@type":"ImageObject","inLanguage":"de","@id":"https:\/\/blog.holyart.it\/de\/#\/schema\/person\/image\/","url":"https:\/\/secure.gravatar.com\/avatar\/f477da817f43e50d0af36abecd33e3edf826c68299714bdc1057dff3b113f516?s=96&d=mm&r=g","contentUrl":"https:\/\/secure.gravatar.com\/avatar\/f477da817f43e50d0af36abecd33e3edf826c68299714bdc1057dff3b113f516?s=96&d=mm&r=g","caption":"Redazione"}}]}},"_links":{"self":[{"href":"https:\/\/blog.holyart.it\/de\/wp-json\/wp\/v2\/posts\/1576","targetHints":{"allow":["GET"]}}],"collection":[{"href":"https:\/\/blog.holyart.it\/de\/wp-json\/wp\/v2\/posts"}],"about":[{"href":"https:\/\/blog.holyart.it\/de\/wp-json\/wp\/v2\/types\/post"}],"author":[{"embeddable":true,"href":"https:\/\/blog.holyart.it\/de\/wp-json\/wp\/v2\/users\/1"}],"replies":[{"embeddable":true,"href":"https:\/\/blog.holyart.it\/de\/wp-json\/wp\/v2\/comments?post=1576"}],"version-history":[{"count":0,"href":"https:\/\/blog.holyart.it\/de\/wp-json\/wp\/v2\/posts\/1576\/revisions"}],"wp:featuredmedia":[{"embeddable":true,"href":"https:\/\/blog.holyart.it\/de\/wp-json\/wp\/v2\/media\/1578"}],"wp:attachment":[{"href":"https:\/\/blog.holyart.it\/de\/wp-json\/wp\/v2\/media?parent=1576"}],"wp:term":[{"taxonomy":"category","embeddable":true,"href":"https:\/\/blog.holyart.it\/de\/wp-json\/wp\/v2\/categories?post=1576"},{"taxonomy":"post_tag","embeddable":true,"href":"https:\/\/blog.holyart.it\/de\/wp-json\/wp\/v2\/tags?post=1576"}],"curies":[{"name":"wp","href":"https:\/\/api.w.org\/{rel}","templated":true}]}}