{"id":1561,"date":"2022-07-12T15:06:02","date_gmt":"2022-07-12T13:06:02","guid":{"rendered":"https:\/\/blog.holyart.it\/de\/?p=1561"},"modified":"2022-07-11T17:47:39","modified_gmt":"2022-07-11T15:47:39","slug":"das-unbefleckte-herz-mariens","status":"publish","type":"post","link":"https:\/\/blog.holyart.it\/de\/heilige-und-selige\/das-unbefleckte-herz-mariens\/","title":{"rendered":"Das Unbefleckte Herz Mariens"},"content":{"rendered":"<h4>Der Mai war der Monat der Marienverehrung gewidmet.<\/h4>\n\n<p>Papst Franziskus, der wie alle seine Vorg\u00e4nger ein gro\u00dfer Verfechter der Liebe zur Jungfrau Maria ist, lud die Gl\u00e4ubigen bei dieser Gelegenheit zur t\u00e4glichen Praxis des Rosenkranzes w\u00e4hrend des ganzen Monats ein, damit unsere Gebete, die das Ohr der Gottesmutter erreichen, dann leichter zu Gott gelangen k\u00f6nnen.<\/p>\n<h2>Die Marienverehrung des Papstes<\/h2>\n<p><strong>Die Marienverehrung des Papstes<\/strong> hat sich seit Beginn seines Pontifikats bei mehreren Gelegenheiten manifestiert. Insbesondere war es <a href=\"https:\/\/www.holyart.de\/besondere-anlassen\/papst-franziksus\"><strong>Papst Franziskus<\/strong><\/a> ein Anliegen, oft daran zu erinnern, wie Maria eine Art sicherer Hafen f\u00fcr diejenigen ist, die sich ihr anvertrauen, eine Arche, die im st\u00fcrmischen Sturm des Herzens Schutz bietet, um die Winde der Sorge zu d\u00e4mpfen und uns in Sicherheit zu bringen. Dieses sehr eindrucksvolle Bild von Maria als Arche des Heils wurde von Papst Franziskus bei der Messe in der Basilika St. Maria Major, zum Fest der \u00dcbersetzung der Ikone des Salus Populi Romani, vorgestellt. Bei der gleichen Gelegenheit sprach der Papst auch von der Notwendigkeit, Maria in unsere H\u00e4user (und in unser Leben) einzuladen und uns ihr anzuvertrauen wie einer unendlich guten und geduldigen Mutter. Das ist die Muttergottes, so der Papst, eine Mutter, deren H\u00e4nde das Leben streicheln, deren Mantel uns besch\u00fctzt.<\/p>\n<div class=\"link-product\">\n<div class=\"blocco-immagine\"><img loading=\"lazy\" decoding=\"async\" class=\"size-full wp-image-1562 alignleft\" src=\"https:\/\/blog.holyart.it\/de\/wp-content\/uploads\/sites\/12\/2022\/06\/Rosenkranz-mit-dem-Duft-von-wei\u00dfem-Jasmin-Papst-Franziskus.jpg\" alt=\"Rosenkranz mit dem Duft von wei\u00dfem Jasmin Papst Franziskus\" width=\"100\" height=\"100\" data-kale-share-title=\"Das Unbefleckte Herz Mariens\" data-kale-share-url=\"https:\/\/blog.holyart.it\/de\/?p=1561\" \/><\/div>\n<div class=\"blocco-contenuto\">\n<div class=\"blocco-acquista\">Einkaufen:<\/div>\n<div class=\"blocco-titolo\"><a href=\"https:\/\/www.holyart.de\/besondere-anlassen\/papst-franziksus\">Papst Franziksus<\/a><\/div>\n<div class=\"blocco-descrizione\">Papst Franziskus<\/div>\n<\/div>\n<\/div>\n<p><em>&#8222;Wenn uns die Hoffnung fehlt, wenn die Freude knapp ist, wenn unsere Kraft ersch\u00f6pft ist, wenn der Stern des Lebens verdunkelt ist, greift die Mutter ein. Und wenn wir sie anrufen, greift sie noch mehr ein. Sie ist aufmerksam f\u00fcr N\u00f6te, sensibel f\u00fcr Turbulenzen &#8211; die Turbulenzen des Lebens -, nah am Herzen. Und niemals, niemals verachtet Sie unsere Gebete; Sie l\u00e4sst kein einziges fallen. Sie ist Mutter, sie sch\u00e4mt sich nie f\u00fcr uns, sie wartet eigentlich nur darauf, ihren Kindern helfen zu k\u00f6nnen.&#8220; <\/em><\/p>\n<p>Er f\u00fcgt hinzu: <em>&#8222;Laden wir Maria in unser Haus ein, in unser Herz, in unser Leben [&#8230;] Ohne Herz gibt es keine Liebe und der Glaube l\u00e4uft Gefahr, ein sch\u00f6nes M\u00e4rchen aus anderen Zeiten zu werden. Die Mutter hingegen bewacht und bereitet ihre Kinder vor. Sie liebt und besch\u00fctzt sie, damit sie die Welt lieben und besch\u00fctzen k\u00f6nnen.&#8220;<\/em><\/p>\n<p>Die Marienverehrung von Papst Franziskus hat tiefe Wurzeln, die der Pontifex in seinem Buch &#8222;<strong>Maria, Mutter von allem<\/strong>&#8220; in seiner direkten und herzergreifenden Sprache zu erz\u00e4hlen suchte.<\/p>\n<p>Auch Papst Franziskus und seiner Liebe zu Maria verdanken wir die Verbreitung der Figur der <a href=\"https:\/\/www.holyart.de\/blog\/heilige-und-selige\/die-novene-zu-maria-der-knotenloserin\/\"><strong>Jungfrau, die Knoten aufl\u00f6st<\/strong><\/a>. Wie viele S\u00fcdamerikaner wuchs auch Papst Franziskus in der Verehrung s\u00fcdamerikanischer Marienikonen auf, doch erst bei einem seiner Studienaufenthalte in Ingolstadt 1986 entdeckte der damalige Pater Bergoglio das Bild, das zum Symbol seiner Marienverehrung werden sollte. Es handelt sich um ein deutsches Votivbild des Malers Johann Melchior Schmidtner aus dem 18. Jahrhundert, wahrscheinlich ein Ex-Voto f\u00fcr eine kriselnde Ehe. Auf diesem Gem\u00e4lde zertritt Maria, umgeben von zwei Engeln, den Kopf der Schlange, w\u00e4hrend sie mit ihren H\u00e4nden die Knoten eines langen Bandes l\u00f6st, das ihr einer der beiden Engel reicht, Knoten, die den Streit zwischen den beiden Eheleuten verursachen. Der zuk\u00fcnftige Papst war von diesem Bild so beeindruckt, dass er nach seiner R\u00fcckkehr nach Argentinien begann, es zu verbreiten, was sofort ein enormes Echo im Volk hervorrief. Als er Erzbischof wurde, festigte Franziskus den Kult der Jungfrau, die Knoten l\u00f6st, indem er \u00fcberall Reproduktionen des Bildes verbreitete und Kapellen und Schreine zu Ehren dieser besonderen Marien-Ikonographie errichten lie\u00df.<\/p>\n<div class=\"link-article\">\n<p><img loading=\"lazy\" decoding=\"async\" class=\"size-full wp-image-1563 alignleft\" src=\"https:\/\/blog.holyart.it\/de\/wp-content\/uploads\/sites\/12\/2022\/06\/Maria-lost-Knoten.jpg\" alt=\"Maria lost Knoten\" width=\"150\" height=\"99\" data-kale-share-title=\"Das Unbefleckte Herz Mariens\" data-kale-share-url=\"https:\/\/blog.holyart.it\/de\/?p=1561\" \/><\/p>\n<div class=\"leggi-anche\">Lesen Sie auch:<\/div>\n<p><strong><a href=\"https:\/\/www.holyart.de\/blog\/heilige-und-selige\/die-novene-zu-maria-der-knotenloserin\/\">Die Novene zu Maria der Knotenl\u00f6serin<\/a><\/strong><br \/>\nDie Novene ist eine christliche Andachtsform, die \u00fcblicherweise anl\u00e4sslich einer religi\u00f6sen Feier oder eines besonders wichtigen Feiertages&#8230;<\/p>\n<\/div>\n<p>Aus dieser Vorstellung entstandene Gebete und auch eine Novene, die rezitiert wird, wenn die &#8222;Knoten&#8220; des Lebens einen so bedr\u00fccken, dass man nicht mehr gelassen vorw\u00e4rts gehen kann. Diese Knoten k\u00f6nnen verschiedener Art sein, famili\u00e4re Probleme, Spannungen und Meinungsverschiedenheiten zwischen Eltern und Kindern, zwischen Ehefrau und Ehemann, der Kummer, den jemand verursacht, den man liebt und der krank ist und leidet, jemand, der von einem Laster betroffen ist, das sein Leben vergiftet und ihn von Gott entfernt. Aber die Jungfrau, die Knoten aufl\u00f6st, kann uns auch zu Hilfe kommen, um uns zu helfen, unsere t\u00e4glichen Sorgen, \u00c4ngste, Einsamkeit und Depressionen zu bek\u00e4mpfen, die uns blockieren und uns nicht erlauben, unser Leben zu leben. Maria m\u00f6chte uns in ihrer G\u00fcte als Mutter helfen, diese Knoten zu l\u00f6sen und besser zu leben, wenn wir bereit sind, sie um Hilfe zu bitten und uns ihr im Glauben anzuvertrauen.<\/p>\n<p>Hier ist ein Beispiel f\u00fcr das Gebet zur Jungfrau, die Knoten aufl\u00f6st:<\/p>\n<p><em>Jungfrau Maria, Mutter, die nie ein Kind verlassen hat, das um Hilfe schreit,<\/em><\/p>\n<p><em>Mutter, deren H\u00e4nde unerm\u00fcdlich f\u00fcr Ihre geliebten Kinder arbeiten,<\/em><\/p>\n<p><em>weil sie von der g\u00f6ttlichen Liebe und der unendlichen Barmherzigkeit, die aus Ihrem Herzen kommt, angetrieben werden,<\/em><\/p>\n<p><em>wende deinen mitf\u00fchlenden Blick auf mich,<\/em><\/p>\n<p><em>blick auf den Haufen von &#8222;Knoten&#8220;, die mein Leben ersticken.<\/em><\/p>\n<p><em>Du kennst meine Verzweiflung und meinen Schmerz.<\/em><\/p>\n<p><em>Du wei\u00dft, wie l\u00e4hmend diese Knoten f\u00fcr mich sind, und ich lege sie alle in deine H\u00e4nde.<\/em><\/p>\n<p><em>Niemand, nicht einmal der Teufel, kann mich von deiner barmherzigen Hilfe entfernen.<\/em><\/p>\n<p><em>Es gibt nicht einen Knoten in Ihren H\u00e4nden, der nicht gel\u00f6st wird.<\/em><\/p>\n<p><em>Jungfr\u00e4uliche Mutter, mit deiner Gnade und deiner Macht der F\u00fcrbitte bei deinem Sohn Jesus,<\/em><\/p>\n<p><em>mein Erl\u00f6ser, empfange diesen &#8218;Knoten&#8216; heute (benenne ihn, wenn m\u00f6glich).<\/em><\/p>\n<p><em>Zur Ehre Gottes bitte ich dich, ihn zu l\u00f6sen und f\u00fcr immer zu l\u00f6sen.<\/em><\/p>\n<p><em>Ich glaube an Dich.<\/em><\/p>\n<p><em>Du bist der einzige Tr\u00f6ster, den Vater mir gegeben hat.<\/em><\/p>\n<p><em>Du bist die Festung meiner schwachen Kraft, der Reichtum meines Elends,<\/em><\/p>\n<p><em>Befreiung von allem, was mich davon abh\u00e4lt, bei Christus zu sein.<\/em><\/p>\n<p><em>Gew\u00e4hre meine Bitte.<\/em><\/p>\n<p><em>Bewahre mich, f\u00fchre mich, besch\u00fctze mich.<\/em><\/p>\n<p><em>Sei meine Zuflucht.<\/em><\/p>\n<p><em>Maria, die den Knoten gel\u00f6st hat, bete f\u00fcr mich.<\/em><\/p>\n<p>Um auf Papst Franziskus zur\u00fcckzukommen, seine Marienverehrung hat sich auch gegen\u00fcber <a href=\"https:\/\/www.holyart.de\/besondere-anlassen\/gottesmutter-von-fatima\"><strong>Unserer Lieben Frau von Fatima<\/strong><\/a> manifestiert. Anl\u00e4sslich seiner Reise nach Portugal besuchte der Papst die kleine Stadt, die Schauplatz einiger der von der katholischen Kirche offiziell anerkannten Marienerscheinungen war. Diese Erscheinungen fanden 1917 statt, und die Protagonisten waren drei einheimische Hirtenkinder, die erz\u00e4hlten, sie h\u00e4tten eine wei\u00df gekleidete Frau mit einem Rosenkranz in der Hand gesehen, die vom Himmel herabkam und in eine Wolke geh\u00fcllt war.<\/p>\n<div class=\"link-product\">\n<div class=\"blocco-immagine\"><img loading=\"lazy\" decoding=\"async\" class=\"size-full wp-image-1736 alignleft\" src=\"https:\/\/blog.holyart.it\/de\/wp-content\/uploads\/sites\/12\/2022\/06\/Statue-Unserer-Lieben-Frau-von-Fatima-bemaltes-Holz-Groden-2.jpg\" alt=\"Statue Unserer Lieben Frau von Fatima bemaltes Holz Groden\" width=\"100\" height=\"100\" data-kale-share-title=\"Das Unbefleckte Herz Mariens\" data-kale-share-url=\"https:\/\/blog.holyart.it\/de\/heilige-und-selige\/das-unbefleckte-herz-mariens\/\" \/><\/div>\n<div class=\"blocco-contenuto\">\n<div class=\"blocco-acquista\">Einkaufen:<\/div>\n<div class=\"blocco-titolo\"><a href=\"https:\/\/www.holyart.de\/besondere-anlassen\/gottesmutter-von-fatima\">Gottesmutter von Fatima<\/a><\/div>\n<div class=\"blocco-descrizione\">Jahrestag der ersten Erscheinung der Gottemutter in Fatima gefeiert.<\/div>\n<\/div>\n<\/div>\n<p>Papst Franziskus stand zehn Minuten lang vor der Statue der Gottesmutter, die in der Kapelle der Erscheinungen aufbewahrt wird, und sprach die beiden Hirtenkinder Jacinta und Francisco Marto heilig, nachdem er innegehalten hatte, um an ihren Gr\u00e4bern zu beten. Aber Papst Franziskus hatte seine Zuneigung zu Unserer Lieben Frau von Fatima bereits gezeigt, indem er sein eigenes Pontifikat anl\u00e4sslich des Marientages, des 13. Oktober 2013, ihr weihte. An diesem Tag sprach der <a href=\"https:\/\/www.holyart.de\/blog\/devotionalien\/die-wahre-bedeutung-von-ave-maria\/\"><strong>Papst einen wirklichen Akt der Anvertrauung aus<\/strong><\/a>, der jetzt in dem Buch<em> \u201eMaria Mutter von allem.&#8220; <\/em>enthalten ist.<\/p>\n<h2>Akt der Anvertrauung an Unsere Liebe Frau von Fatima<\/h2>\n<p><em>Selige Jungfrau Maria von Fatima, mit erneuter Dankbarkeit f\u00fcr deine m\u00fctterliche Gegenwart<\/em><\/p>\n<p><em>wir verbinden unsere Stimmen mit denen aller Generationen, die dich gesegnet nennen.<\/em><\/p>\n<p><em>Wir feiern in dir die gro\u00dfen Werke Gottes, der nicht m\u00fcde wird, sich zu b\u00fccken<\/em><\/p>\n<p><em>mit Gnade f\u00fcr die Menschheit,<\/em><\/p>\n<p><em>vom B\u00f6sen geplagt und von der S\u00fcnde verwundet,<\/em><\/p>\n<p><em>um sie zu heilen und zu retten.<\/em><\/p>\n<p><em>Willkommen im Wohlwollen der Mutter<\/em><\/p>\n<p><em>den Akt des Anvertrauens, den wir heute mit Vertrauen tun,<\/em><\/p>\n<p><em>vor deinem Bild, das uns so sehr am Herzen liegt.<\/em><\/p>\n<p><em>Wir sind sicher, dass jeder von uns in deinen Augen wertvoll ist<\/em><\/p>\n<p><em>und dass dir nichts fremd ist von allem, was in unseren Herzen wohnt.<\/em><\/p>\n<p><em>Wir lassen deinen s\u00fc\u00dfen Blick uns erreichen<\/em><\/p>\n<p><em>und die tr\u00f6stliche Liebkosung deines L\u00e4chelns empfangen.<\/em><\/p>\n<p><em>Bewahre unser Leben in deinen Armen:<\/em><\/p>\n<p><em>segne und st\u00e4rke jeden Wunsch zum Guten;<\/em><\/p>\n<p><em>belebt und n\u00e4hrt den Glauben;<\/em><\/p>\n<p><em>Hoffnung erhalten und erhellen;<\/em><\/p>\n<p><em>erwecke und animiere die N\u00e4chstenliebe;<\/em><\/p>\n<p><em>uns alle auf dem Weg zur Heiligkeit f\u00fchren.<\/em><\/p>\n<p><em>Lehre uns deine gleiche Vorliebe f\u00fcr die Kleinen und Armen,<\/em><\/p>\n<p><em>f\u00fcr die Ausgeschlossenen und die Leidenden,<\/em><\/p>\n<p><em>f\u00fcr die S\u00fcnder und die Verlorenen im Herzen: Sammle alle unter deinem Schutz<\/em><\/p>\n<p><em>und \u00fcbergebe sie alle deinem geliebten Sohn, unserem Herrn Jesus.<\/em><\/p>\n<p><em>Amen.<\/em><\/p>\n<h2>Unbeflecktes Herz der seligen Jungfrau Maria<\/h2>\n<p>Das Fest des Unbefleckten Herzens der seligen Jungfrau Maria f\u00e4llt auf den Samstag nach dem zweiten Sonntag nach <strong>Pfingsten<\/strong>. Das Gedenken hingegen, das seit 2000 obligatorisch ist, f\u00e4llt auf den Tag nach dem Hochfest des <a href=\"https:\/\/www.holyart.de\/blog\/devotionalien\/ss-herz-jesu\/\"><strong>Heiligsten Herzens Jesu<\/strong><\/a>. Es ist also ein <strong>bewegliches Fest<\/strong>, genau wie das f\u00fcr das Heiligste Herz Jesu. Obwohl die Verehrung des Unbefleckten Herzens der seligen Jungfrau Maria schon immer existierte und in Johannes Eudes, einem franz\u00f6sischen Ordensmann und Gelehrten, der Ende des 16. Jahrhunderts lebte und ein gro\u00dfer Propagator der Verehrung der beiden Heiligen Herzen war, einen ihrer gr\u00f6\u00dften Bef\u00fcrworter hatte, wurde ihr liturgisches Gedenken erst 1944 von Papst Pius XII. auf die ganze Kirche ausgedehnt. Diese Anerkennung, der die Weihe der Welt an das Unbefleckte Herz Mariens im Jahr 1942 vorausging, erfolgte dank der Bitten von Alexandrina Maria da Costa, einer portugiesischen Mystikerin, die von Papst Johannes Paul II. seliggesprochen wurde, und von Schwester Lucia von F\u00e1tima, einem der drei Hirtenkinder, die 1917 in der gleichnamigen portugiesischen Stadt die Gottesmutter gesehen hatten. Sp\u00e4ter wurde sie Nonne mit dem Namen L\u00facia de Jesus Rosa dos Santos oder Schwester Maria Lucia von Jesus und dem Unbefleckten Herzen und lie\u00df sich von der Tradition der mystischen Herz-Jesu-Verehrung der Heiligen Teresa von Avila inspirieren. Schwester L\u00facia de Jesus Rosa dos Santos, war die letzte \u00dcberlebende, die die &#8222;Geheimnisse von F\u00e1tima&#8220;, die von der Muttergottes w\u00e4hrend der ber\u00fchmten Erscheinungen offenbart wurden, vollst\u00e4ndig kennt. Sicherlich verdankt der Kult des Unbefleckten Herzens Mariens viel dieser Gestalt einer Ordensfrau und Vision\u00e4rin. Die Erscheinungen von Fatima im Jahr 1917 gaben tats\u00e4chlich einen gro\u00dfen Ansto\u00df zu dieser besonderen Verehrung, die jahrhundertelang stark bek\u00e4mpft wurde.<\/p>\n<div class=\"link-product\">\n<div class=\"blocco-immagine\"><img loading=\"lazy\" decoding=\"async\" class=\"size-full wp-image-1565 alignleft\" src=\"https:\/\/blog.holyart.it\/de\/wp-content\/uploads\/sites\/12\/2022\/06\/Heiliges-Herz-Mariens-165-cm-lackiertes-Fiberglas.jpg\" alt=\"Heiliges Herz Mariens 165 cm lackiertes Fiberglas\" width=\"100\" height=\"100\" data-kale-share-title=\"Das Unbefleckte Herz Mariens\" data-kale-share-url=\"https:\/\/blog.holyart.it\/de\/?p=1561\" \/><\/div>\n<div class=\"blocco-contenuto\">\n<div class=\"blocco-acquista\">Einkaufen:<\/div>\n<div class=\"blocco-titolo\"><a href=\"https:\/\/www.holyart.de\/devotionalien\/statuen\/statuen-aus-fiberglas\/unbeflecktes-herz-maria-165cm-fiberglas\">Unbeflecktes Herz Mari\u00e4 <\/a><\/div>\n<div class=\"blocco-descrizione\">Unbeflecktes Herz Mari\u00e4 165cm Fiberglas.<\/div>\n<\/div>\n<\/div>\n<p>Der bereits erw\u00e4hnte Johannes Eudes gr\u00fcndete 1640 in Neapel die Bruderschaft des Herzens Mariens und war bereits 1643 ein F\u00f6rderer des liturgischen Festes des Unbefleckten Herzens Mariens, aber Rom stellte sich lange gegen die Feier, die sich dennoch im restlichen Italien und Frankreich auszubreiten begann. Erst mit der Best\u00e4tigung des Herz-Jesu-Festes im Jahr 1765 wurde auch das Fest f\u00fcr das Herz Mariens anerkannt.<\/p>\n<p>Die popul\u00e4re Ikonographie stellt das Unbefleckte Herz Mariens dar, das von einem Schwert durchbohrt und von einer Blumenkrone umgeben ist. Das Schwert w\u00fcrde die Prophezeiung aufgreifen, die Simeon bei der Darbietung Jesu im Tempel aussprach, als er zur Muttergottes sagte, in Erwartung des Schmerzes, der sie wegen des Todes ihres Sohnes treffen w\u00fcrde: <em>&#8222;Und auch f\u00fcr dich wird ein Schwert deine Seele durchbohren.&#8220; <\/em>(Lukas,2:35.) \u00dcber dem Herzen brennt eine leuchtende Flamme, die Flamme der Liebe des Unbefleckten Herzens Mariens, eine Flamme, die f\u00e4hig ist, den Teufel zu blenden und mit ihrer Glut jeden zu erleuchten, der sich verirrt hat.<\/p>\n<div class=\"link-product\">\n<div class=\"blocco-immagine\"><img loading=\"lazy\" decoding=\"async\" class=\"alignnone size-full wp-image-1737\" src=\"https:\/\/blog.holyart.it\/de\/wp-content\/uploads\/sites\/12\/2022\/06\/Unbeflecktes-Herz-Maria-Grodnertal-Holz-braunfarbig.jpg\" alt=\"Unbeflecktes Herz Maria Grodnertal Holz braunfarbig\" width=\"100\" height=\"100\" data-kale-share-title=\"Das Unbefleckte Herz Mariens\" data-kale-share-url=\"https:\/\/blog.holyart.it\/de\/heilige-und-selige\/das-unbefleckte-herz-mariens\/\" \/><\/div>\n<div class=\"blocco-contenuto\">\n<div class=\"blocco-acquista\">Einkaufen:<\/div>\n<div class=\"blocco-titolo\"><a href=\"https:\/\/www.holyart.de\/devotionalien\/statuen\/statuen-aus-naturholz\/unbeflecktes-herz-maria-grodnertal-holz-braunfarbig\">Unbeflecktes Herz Mari\u00e4 Gr\u00f6dnertal\u00a0<\/a><\/div>\n<div class=\"blocco-descrizione\">Unbeflecktes Herz Mari\u00e4 Gr\u00f6dnertal Holz braunfarbig.<\/div>\n<\/div>\n<\/div>\n<p>Das Unbefleckte Herz Mariens wird so zum Protagonisten unz\u00e4hliger Marienbilder, Gem\u00e4lde, Heiligenbildchen, Statuen, die Maria mit erhobener Hand, die auf ihre Brust deutet, oder gar mit dem Herz in der Hand, das Licht ausstrahlt, darstellen.<\/p>\n<p>Hier ist das <strong>Gebet zum Unbefleckten Herzen Mariens<\/strong>, das die Muttergottes selbst der Seherin Jelena Vasilj in Medjugorje am 28. November 1983 diktiert hat:<\/p>\n<p><em>O Unbeflecktes Herz Mariens, voll der G\u00fcte,<\/em><\/p>\n<p><em>zeige uns Deine Liebe.<\/em><\/p>\n<p><em>Die Flamme Deines Herzens, o Maria,<\/em><\/p>\n<p><em>auf alle Menschen herab.<\/em><\/p>\n<p><em>Wir lieben Dich unendlich.<\/em><\/p>\n<p><em>Stempel unsere Herzen mit wahrer Liebe<\/em><\/p>\n<p><em>so dass wir ein st\u00e4ndiges Verlangen nach Dir haben.<\/em><\/p>\n<p><em>O Maria, sanftm\u00fctig und von Herzen dem\u00fctig,<\/em><\/p>\n<p><em>uns erinnern, wenn wir s\u00fcndigen.<\/em><\/p>\n<p><em>Du wei\u00dft, dass alle Menschen s\u00fcndigen.<\/em><\/p>\n<p><em>Gib uns durch Dein Unbeflecktes und M\u00fctterliches Herz,<\/em><\/p>\n<p><em>um alle geistigen Krankheiten zu heilen.<\/em><\/p>\n<p><em>Lassen Sie uns immer in der Lage sein zu schauen<\/em><\/p>\n<p><em>die G\u00fcte Deines m\u00fctterlichen Herzens<\/em><\/p>\n<p><em>und dass wir konvertieren<\/em><\/p>\n<p><em>durch die Flamme Deines Herzens.<\/em><\/p>\n","protected":false},"excerpt":{"rendered":"<p>Der Mai war der Monat der Marienverehrung gewidmet. Papst Franziskus, der wie alle seine Vorg\u00e4nger ein gro\u00dfer Verfechter der Liebe zur Jungfrau Maria ist, lud die Gl\u00e4ubigen bei dieser Gelegenheit zur t\u00e4glichen Praxis des Rosenkranzes w\u00e4hrend des ganzen Monats ein, damit unsere Gebete, die das&hellip;<\/p>\n","protected":false},"author":1,"featured_media":1567,"comment_status":"closed","ping_status":"open","sticky":false,"template":"","format":"standard","meta":{"_acf_changed":false,"footnotes":""},"categories":[9],"tags":[],"class_list":["post-1561","post","type-post","status-publish","format-standard","has-post-thumbnail","hentry","category-heilige-und-selige"],"acf":[],"yoast_head":"<!-- This site is optimized with the Yoast SEO plugin v26.6 - https:\/\/yoast.com\/wordpress\/plugins\/seo\/ -->\n<title>Das Unbefleckte Herz Mariens - Holyart.de Blog<\/title>\n<meta name=\"description\" content=\"Papst Franziskus, lud die Gl\u00e4ubigen bei dieser Gelegenheit zur t\u00e4glichen Praxis des Rosenkranzes w\u00e4hrend des ganzen Monats ein.\" \/>\n<meta name=\"robots\" content=\"index, follow, max-snippet:-1, max-image-preview:large, max-video-preview:-1\" \/>\n<link rel=\"canonical\" href=\"https:\/\/blog.holyart.it\/de\/heilige-und-selige\/das-unbefleckte-herz-mariens\/\" \/>\n<meta property=\"og:locale\" content=\"de_DE\" \/>\n<meta property=\"og:type\" content=\"article\" \/>\n<meta property=\"og:title\" content=\"Das Unbefleckte Herz Mariens - Holyart.de Blog\" \/>\n<meta property=\"og:description\" content=\"Papst Franziskus, lud die Gl\u00e4ubigen bei dieser Gelegenheit zur t\u00e4glichen Praxis des Rosenkranzes w\u00e4hrend des ganzen Monats ein.\" \/>\n<meta property=\"og:url\" content=\"https:\/\/blog.holyart.it\/de\/heilige-und-selige\/das-unbefleckte-herz-mariens\/\" \/>\n<meta property=\"og:site_name\" content=\"Holyart.de Blog\" \/>\n<meta property=\"article:published_time\" content=\"2022-07-12T13:06:02+00:00\" \/>\n<meta property=\"og:image\" content=\"https:\/\/blog.holyart.it\/de\/wp-content\/uploads\/sites\/12\/2022\/06\/Heiliges-Herz-Mariens.jpg\" \/>\n\t<meta property=\"og:image:width\" content=\"1000\" \/>\n\t<meta property=\"og:image:height\" content=\"666\" \/>\n\t<meta property=\"og:image:type\" content=\"image\/jpeg\" \/>\n<meta name=\"author\" content=\"Redazione\" \/>\n<meta name=\"twitter:card\" content=\"summary_large_image\" \/>\n<meta name=\"twitter:label1\" content=\"Verfasst von\" \/>\n\t<meta name=\"twitter:data1\" content=\"Redazione\" \/>\n\t<meta name=\"twitter:label2\" content=\"Gesch\u00e4tzte Lesezeit\" \/>\n\t<meta name=\"twitter:data2\" content=\"10\u00a0Minuten\" \/>\n<script type=\"application\/ld+json\" class=\"yoast-schema-graph\">{\"@context\":\"https:\/\/schema.org\",\"@graph\":[{\"@type\":\"Article\",\"@id\":\"https:\/\/blog.holyart.it\/de\/heilige-und-selige\/das-unbefleckte-herz-mariens\/#article\",\"isPartOf\":{\"@id\":\"https:\/\/blog.holyart.it\/de\/heilige-und-selige\/das-unbefleckte-herz-mariens\/\"},\"author\":{\"name\":\"Redazione\",\"@id\":\"https:\/\/blog.holyart.it\/de\/#\/schema\/person\/0a7b686e5af0f856ec1e390dd0baecda\"},\"headline\":\"Das Unbefleckte Herz Mariens\",\"datePublished\":\"2022-07-12T13:06:02+00:00\",\"mainEntityOfPage\":{\"@id\":\"https:\/\/blog.holyart.it\/de\/heilige-und-selige\/das-unbefleckte-herz-mariens\/\"},\"wordCount\":2072,\"publisher\":{\"@id\":\"https:\/\/blog.holyart.it\/de\/#organization\"},\"image\":{\"@id\":\"https:\/\/blog.holyart.it\/de\/heilige-und-selige\/das-unbefleckte-herz-mariens\/#primaryimage\"},\"thumbnailUrl\":\"https:\/\/blog.holyart.it\/de\/wp-content\/uploads\/sites\/12\/2022\/06\/Heiliges-Herz-Mariens.jpg\",\"articleSection\":[\"Heilige und Selige\"],\"inLanguage\":\"de\"},{\"@type\":\"WebPage\",\"@id\":\"https:\/\/blog.holyart.it\/de\/heilige-und-selige\/das-unbefleckte-herz-mariens\/\",\"url\":\"https:\/\/blog.holyart.it\/de\/heilige-und-selige\/das-unbefleckte-herz-mariens\/\",\"name\":\"Das Unbefleckte Herz Mariens - Holyart.de Blog\",\"isPartOf\":{\"@id\":\"https:\/\/blog.holyart.it\/de\/#website\"},\"primaryImageOfPage\":{\"@id\":\"https:\/\/blog.holyart.it\/de\/heilige-und-selige\/das-unbefleckte-herz-mariens\/#primaryimage\"},\"image\":{\"@id\":\"https:\/\/blog.holyart.it\/de\/heilige-und-selige\/das-unbefleckte-herz-mariens\/#primaryimage\"},\"thumbnailUrl\":\"https:\/\/blog.holyart.it\/de\/wp-content\/uploads\/sites\/12\/2022\/06\/Heiliges-Herz-Mariens.jpg\",\"datePublished\":\"2022-07-12T13:06:02+00:00\",\"description\":\"Papst Franziskus, lud die Gl\u00e4ubigen bei dieser Gelegenheit zur t\u00e4glichen Praxis des Rosenkranzes w\u00e4hrend des ganzen Monats ein.\",\"breadcrumb\":{\"@id\":\"https:\/\/blog.holyart.it\/de\/heilige-und-selige\/das-unbefleckte-herz-mariens\/#breadcrumb\"},\"inLanguage\":\"de\",\"potentialAction\":[{\"@type\":\"ReadAction\",\"target\":[\"https:\/\/blog.holyart.it\/de\/heilige-und-selige\/das-unbefleckte-herz-mariens\/\"]}]},{\"@type\":\"ImageObject\",\"inLanguage\":\"de\",\"@id\":\"https:\/\/blog.holyart.it\/de\/heilige-und-selige\/das-unbefleckte-herz-mariens\/#primaryimage\",\"url\":\"https:\/\/blog.holyart.it\/de\/wp-content\/uploads\/sites\/12\/2022\/06\/Heiliges-Herz-Mariens.jpg\",\"contentUrl\":\"https:\/\/blog.holyart.it\/de\/wp-content\/uploads\/sites\/12\/2022\/06\/Heiliges-Herz-Mariens.jpg\",\"width\":1000,\"height\":666},{\"@type\":\"BreadcrumbList\",\"@id\":\"https:\/\/blog.holyart.it\/de\/heilige-und-selige\/das-unbefleckte-herz-mariens\/#breadcrumb\",\"itemListElement\":[{\"@type\":\"ListItem\",\"position\":1,\"name\":\"Homepage\",\"item\":\"https:\/\/blog.holyart.it\/de\/\"},{\"@type\":\"ListItem\",\"position\":2,\"name\":\"Heilige und Selige\",\"item\":\"https:\/\/blog.holyart.it\/de\/heilige-und-selige\/\"},{\"@type\":\"ListItem\",\"position\":3,\"name\":\"Das Unbefleckte Herz Mariens\"}]},{\"@type\":\"WebSite\",\"@id\":\"https:\/\/blog.holyart.it\/de\/#website\",\"url\":\"https:\/\/blog.holyart.it\/de\/\",\"name\":\"Holyart.de Blog\",\"description\":\"Holyblog\",\"publisher\":{\"@id\":\"https:\/\/blog.holyart.it\/de\/#organization\"},\"potentialAction\":[{\"@type\":\"SearchAction\",\"target\":{\"@type\":\"EntryPoint\",\"urlTemplate\":\"https:\/\/blog.holyart.it\/de\/?s={search_term_string}\"},\"query-input\":{\"@type\":\"PropertyValueSpecification\",\"valueRequired\":true,\"valueName\":\"search_term_string\"}}],\"inLanguage\":\"de\"},{\"@type\":\"Organization\",\"@id\":\"https:\/\/blog.holyart.it\/de\/#organization\",\"name\":\"Holyart.de Blog\",\"url\":\"https:\/\/blog.holyart.it\/de\/\",\"logo\":{\"@type\":\"ImageObject\",\"inLanguage\":\"de\",\"@id\":\"https:\/\/blog.holyart.it\/de\/#\/schema\/logo\/image\/\",\"url\":\"https:\/\/blog.holyart.it\/de\/wp-content\/uploads\/sites\/12\/2022\/12\/Holyart_Blog_Logo.jpg\",\"contentUrl\":\"https:\/\/blog.holyart.it\/de\/wp-content\/uploads\/sites\/12\/2022\/12\/Holyart_Blog_Logo.jpg\",\"width\":300,\"height\":50,\"caption\":\"Holyart.de Blog\"},\"image\":{\"@id\":\"https:\/\/blog.holyart.it\/de\/#\/schema\/logo\/image\/\"}},{\"@type\":\"Person\",\"@id\":\"https:\/\/blog.holyart.it\/de\/#\/schema\/person\/0a7b686e5af0f856ec1e390dd0baecda\",\"name\":\"Redazione\",\"image\":{\"@type\":\"ImageObject\",\"inLanguage\":\"de\",\"@id\":\"https:\/\/blog.holyart.it\/de\/#\/schema\/person\/image\/\",\"url\":\"https:\/\/secure.gravatar.com\/avatar\/f477da817f43e50d0af36abecd33e3edf826c68299714bdc1057dff3b113f516?s=96&d=mm&r=g\",\"contentUrl\":\"https:\/\/secure.gravatar.com\/avatar\/f477da817f43e50d0af36abecd33e3edf826c68299714bdc1057dff3b113f516?s=96&d=mm&r=g\",\"caption\":\"Redazione\"}}]}<\/script>\n<!-- \/ Yoast SEO plugin. -->","yoast_head_json":{"title":"Das Unbefleckte Herz Mariens - Holyart.de Blog","description":"Papst Franziskus, lud die Gl\u00e4ubigen bei dieser Gelegenheit zur t\u00e4glichen Praxis des Rosenkranzes w\u00e4hrend des ganzen Monats ein.","robots":{"index":"index","follow":"follow","max-snippet":"max-snippet:-1","max-image-preview":"max-image-preview:large","max-video-preview":"max-video-preview:-1"},"canonical":"https:\/\/blog.holyart.it\/de\/heilige-und-selige\/das-unbefleckte-herz-mariens\/","og_locale":"de_DE","og_type":"article","og_title":"Das Unbefleckte Herz Mariens - Holyart.de Blog","og_description":"Papst Franziskus, lud die Gl\u00e4ubigen bei dieser Gelegenheit zur t\u00e4glichen Praxis des Rosenkranzes w\u00e4hrend des ganzen Monats ein.","og_url":"https:\/\/blog.holyart.it\/de\/heilige-und-selige\/das-unbefleckte-herz-mariens\/","og_site_name":"Holyart.de Blog","article_published_time":"2022-07-12T13:06:02+00:00","og_image":[{"width":1000,"height":666,"url":"https:\/\/blog.holyart.it\/de\/wp-content\/uploads\/sites\/12\/2022\/06\/Heiliges-Herz-Mariens.jpg","type":"image\/jpeg"}],"author":"Redazione","twitter_card":"summary_large_image","twitter_misc":{"Verfasst von":"Redazione","Gesch\u00e4tzte Lesezeit":"10\u00a0Minuten"},"schema":{"@context":"https:\/\/schema.org","@graph":[{"@type":"Article","@id":"https:\/\/blog.holyart.it\/de\/heilige-und-selige\/das-unbefleckte-herz-mariens\/#article","isPartOf":{"@id":"https:\/\/blog.holyart.it\/de\/heilige-und-selige\/das-unbefleckte-herz-mariens\/"},"author":{"name":"Redazione","@id":"https:\/\/blog.holyart.it\/de\/#\/schema\/person\/0a7b686e5af0f856ec1e390dd0baecda"},"headline":"Das Unbefleckte Herz Mariens","datePublished":"2022-07-12T13:06:02+00:00","mainEntityOfPage":{"@id":"https:\/\/blog.holyart.it\/de\/heilige-und-selige\/das-unbefleckte-herz-mariens\/"},"wordCount":2072,"publisher":{"@id":"https:\/\/blog.holyart.it\/de\/#organization"},"image":{"@id":"https:\/\/blog.holyart.it\/de\/heilige-und-selige\/das-unbefleckte-herz-mariens\/#primaryimage"},"thumbnailUrl":"https:\/\/blog.holyart.it\/de\/wp-content\/uploads\/sites\/12\/2022\/06\/Heiliges-Herz-Mariens.jpg","articleSection":["Heilige und Selige"],"inLanguage":"de"},{"@type":"WebPage","@id":"https:\/\/blog.holyart.it\/de\/heilige-und-selige\/das-unbefleckte-herz-mariens\/","url":"https:\/\/blog.holyart.it\/de\/heilige-und-selige\/das-unbefleckte-herz-mariens\/","name":"Das Unbefleckte Herz Mariens - Holyart.de Blog","isPartOf":{"@id":"https:\/\/blog.holyart.it\/de\/#website"},"primaryImageOfPage":{"@id":"https:\/\/blog.holyart.it\/de\/heilige-und-selige\/das-unbefleckte-herz-mariens\/#primaryimage"},"image":{"@id":"https:\/\/blog.holyart.it\/de\/heilige-und-selige\/das-unbefleckte-herz-mariens\/#primaryimage"},"thumbnailUrl":"https:\/\/blog.holyart.it\/de\/wp-content\/uploads\/sites\/12\/2022\/06\/Heiliges-Herz-Mariens.jpg","datePublished":"2022-07-12T13:06:02+00:00","description":"Papst Franziskus, lud die Gl\u00e4ubigen bei dieser Gelegenheit zur t\u00e4glichen Praxis des Rosenkranzes w\u00e4hrend des ganzen Monats ein.","breadcrumb":{"@id":"https:\/\/blog.holyart.it\/de\/heilige-und-selige\/das-unbefleckte-herz-mariens\/#breadcrumb"},"inLanguage":"de","potentialAction":[{"@type":"ReadAction","target":["https:\/\/blog.holyart.it\/de\/heilige-und-selige\/das-unbefleckte-herz-mariens\/"]}]},{"@type":"ImageObject","inLanguage":"de","@id":"https:\/\/blog.holyart.it\/de\/heilige-und-selige\/das-unbefleckte-herz-mariens\/#primaryimage","url":"https:\/\/blog.holyart.it\/de\/wp-content\/uploads\/sites\/12\/2022\/06\/Heiliges-Herz-Mariens.jpg","contentUrl":"https:\/\/blog.holyart.it\/de\/wp-content\/uploads\/sites\/12\/2022\/06\/Heiliges-Herz-Mariens.jpg","width":1000,"height":666},{"@type":"BreadcrumbList","@id":"https:\/\/blog.holyart.it\/de\/heilige-und-selige\/das-unbefleckte-herz-mariens\/#breadcrumb","itemListElement":[{"@type":"ListItem","position":1,"name":"Homepage","item":"https:\/\/blog.holyart.it\/de\/"},{"@type":"ListItem","position":2,"name":"Heilige und Selige","item":"https:\/\/blog.holyart.it\/de\/heilige-und-selige\/"},{"@type":"ListItem","position":3,"name":"Das Unbefleckte Herz Mariens"}]},{"@type":"WebSite","@id":"https:\/\/blog.holyart.it\/de\/#website","url":"https:\/\/blog.holyart.it\/de\/","name":"Holyart.de Blog","description":"Holyblog","publisher":{"@id":"https:\/\/blog.holyart.it\/de\/#organization"},"potentialAction":[{"@type":"SearchAction","target":{"@type":"EntryPoint","urlTemplate":"https:\/\/blog.holyart.it\/de\/?s={search_term_string}"},"query-input":{"@type":"PropertyValueSpecification","valueRequired":true,"valueName":"search_term_string"}}],"inLanguage":"de"},{"@type":"Organization","@id":"https:\/\/blog.holyart.it\/de\/#organization","name":"Holyart.de Blog","url":"https:\/\/blog.holyart.it\/de\/","logo":{"@type":"ImageObject","inLanguage":"de","@id":"https:\/\/blog.holyart.it\/de\/#\/schema\/logo\/image\/","url":"https:\/\/blog.holyart.it\/de\/wp-content\/uploads\/sites\/12\/2022\/12\/Holyart_Blog_Logo.jpg","contentUrl":"https:\/\/blog.holyart.it\/de\/wp-content\/uploads\/sites\/12\/2022\/12\/Holyart_Blog_Logo.jpg","width":300,"height":50,"caption":"Holyart.de Blog"},"image":{"@id":"https:\/\/blog.holyart.it\/de\/#\/schema\/logo\/image\/"}},{"@type":"Person","@id":"https:\/\/blog.holyart.it\/de\/#\/schema\/person\/0a7b686e5af0f856ec1e390dd0baecda","name":"Redazione","image":{"@type":"ImageObject","inLanguage":"de","@id":"https:\/\/blog.holyart.it\/de\/#\/schema\/person\/image\/","url":"https:\/\/secure.gravatar.com\/avatar\/f477da817f43e50d0af36abecd33e3edf826c68299714bdc1057dff3b113f516?s=96&d=mm&r=g","contentUrl":"https:\/\/secure.gravatar.com\/avatar\/f477da817f43e50d0af36abecd33e3edf826c68299714bdc1057dff3b113f516?s=96&d=mm&r=g","caption":"Redazione"}}]}},"_links":{"self":[{"href":"https:\/\/blog.holyart.it\/de\/wp-json\/wp\/v2\/posts\/1561","targetHints":{"allow":["GET"]}}],"collection":[{"href":"https:\/\/blog.holyart.it\/de\/wp-json\/wp\/v2\/posts"}],"about":[{"href":"https:\/\/blog.holyart.it\/de\/wp-json\/wp\/v2\/types\/post"}],"author":[{"embeddable":true,"href":"https:\/\/blog.holyart.it\/de\/wp-json\/wp\/v2\/users\/1"}],"replies":[{"embeddable":true,"href":"https:\/\/blog.holyart.it\/de\/wp-json\/wp\/v2\/comments?post=1561"}],"version-history":[{"count":0,"href":"https:\/\/blog.holyart.it\/de\/wp-json\/wp\/v2\/posts\/1561\/revisions"}],"wp:featuredmedia":[{"embeddable":true,"href":"https:\/\/blog.holyart.it\/de\/wp-json\/wp\/v2\/media\/1567"}],"wp:attachment":[{"href":"https:\/\/blog.holyart.it\/de\/wp-json\/wp\/v2\/media?parent=1561"}],"wp:term":[{"taxonomy":"category","embeddable":true,"href":"https:\/\/blog.holyart.it\/de\/wp-json\/wp\/v2\/categories?post=1561"},{"taxonomy":"post_tag","embeddable":true,"href":"https:\/\/blog.holyart.it\/de\/wp-json\/wp\/v2\/tags?post=1561"}],"curies":[{"name":"wp","href":"https:\/\/api.w.org\/{rel}","templated":true}]}}