{"id":1550,"date":"2022-01-18T16:37:54","date_gmt":"2022-01-18T15:37:54","guid":{"rendered":"https:\/\/blog.holyart.it\/de\/?p=1550"},"modified":"2022-10-12T17:24:53","modified_gmt":"2022-10-12T15:24:53","slug":"die-bedeutung-des-baumes-des-lebens-2","status":"publish","type":"post","link":"https:\/\/blog.holyart.it\/de\/devotionalien\/die-bedeutung-des-baumes-des-lebens-2\/","title":{"rendered":"Die Bedeutung des Baumes des Lebens"},"content":{"rendered":"<h4><em>Alle Religionen, von den Anf\u00e4ngen der Menschheitsgeschichte an, sind in irgendeiner Weise mit B\u00e4umen verbunden.<\/em><\/h4>\n\n<p>Wir haben uns bereits in einem fr\u00fcheren Artikel mit diesem Thema besch\u00e4ftigt und sind dabei auf einige der mehr als hundert B\u00e4ume und Pflanzen eingegangen, die in der Heiligen Schrift erw\u00e4hnt werden, und dar\u00fcber hinaus darauf, wie die Vegetation in den verschiedenen Zeitaltern mit einer tiefen religi\u00f6sen Bedeutung ausgestattet wurde.<\/p>\n<p>Denken Sie nur an das <strong>Weizenkorn<\/strong>, das mit dem Wort Christi und seinem eigenen Opfer verbunden ist, der als Same in der Erde starb, um wiedergeboren zu werden und Frucht zu bringen.<\/p>\n<p>Oder der <strong>Olivenbaum<\/strong>, auch ein Symbol f\u00fcr Jesus, f\u00fcr den erneuerten Bund, den Gott mit der Menschheit wollte und der durch seinen Tod am Kreuz sanktioniert wurde.<\/p>\n<p>Wir denken dabei nat\u00fcrlich an den <strong>Tannenbaum<\/strong>, den wir jedes Jahr zu Weihnachten schm\u00fccken, ein Symbol, wie alle Immergr\u00fcnen, f\u00fcr die Auferstehung Christi, f\u00fcr die Wiedergeburt, das aber schon bei fr\u00fcheren Zivilisationen, wie den Kelten und Griechen, mit dem Begriff der Hoffnung, des neuen Lebens und der Fruchtbarkeit verbunden war.<\/p>\n<p>Der <strong>Baum des Lebens <\/strong>verdient eine separate Diskussion. Er wird in heiligen Texten zitiert, von der Genesis bis zur Offenbarung, und taucht zuerst in der j\u00fcdischen und dann in der christlichen Kultur auf, wobei er nach und nach mit tieferen und spirituelleren Bedeutungen angereichert wird.<\/p>\n<p>Er war ein Baum, den Gott in der Mitte des Gartens Eden hervorgebracht hatte, direkt neben dem Baum der Erkenntnis von Gut und B\u00f6se. Solange Adam und Eva sich von der Frucht des Baumes des Lebens ern\u00e4hren konnten, waren beide unsterblich, unber\u00fchrt vom Lauf der Zeit, von Alter und Krankheit. Die heiligen Texte lehren uns, dass die beiden in ihrem Stolz und Hochmut auch von der Frucht des anderen Baumes, des Baumes der Erkenntnis von Gut und B\u00f6se, a\u00dfen, obwohl Gott ihnen befohlen hatte, dies nicht zu tun, und mit dieser b\u00f6sen und rebellischen Tat verdammten sie alle M\u00e4nner und Frauen dazu, in der Welt umherzuwandern und mit S\u00fcnde und Schmerz zu leben.<\/p>\n<p><em>&#8222;Siehe, der Mensch ist geworden wie einer von uns, was die Erkenntnis von Gut und B\u00f6se betrifft. Lasst uns aufpassen, dass er nicht seine Hand ausstreckt und auch von der Frucht des Baumes des Lebens nimmt und davon isst und ewig lebt.&#8220;<\/em> (1. Mose 3,22)<\/p>\n<p>So wird der Mensch aus dem irdischen Paradies und von den unsch\u00e4tzbaren Gaben des Baumes des Lebens verbannt. Das Wissen, die Erkenntnis \u00fcber sich selbst, die eigenen W\u00fcnsche und die W\u00fcnsche der anderen, war der Anfang vom Ende. Nur wenn man rein und unschuldig bleibt, kann man die Fr\u00fcchte der Unsterblichkeit genie\u00dfen. Scham, Neid, Erpressung und Krieg entstehen aus diesem gestohlenen Wissen, mit dem der Mensch offensichtlich nicht umzugehen wei\u00df und das ihn in kurzer Zeit dazu bringen wird, Gottes Hydra so weit zu erregen, dass er die Sintflut entfesselt.<\/p>\n<p>Doch trotz der S\u00fcnde des Menschen und seiner Vertreibung verschwindet der Baum des Lebens nicht aus den heiligen Texten. Gott, in seiner unendlichen G\u00fcte und Voraussicht, l\u00e4sst einen Lichtschimmer f\u00fcr seine rebellischen Kinder. Es wird ein Tag kommen, an dem die w\u00fcrdigen Menschen, die f\u00e4hig waren, auf das Wort Gottes zu h\u00f6ren und nach seinem Diktat zu leben, sich noch an den Fr\u00fcchten des Baumes des Lebens erfreuen k\u00f6nnen, zusammen mit allen anderen Wonnen des Paradieses:<em>&#8222;Wer Ohren hat, der h\u00f6re, was der Geist den Gemeinden sagt<\/em>.<em> Wer \u00fcberwindet, dem will ich geben, zu essen von dem Baum des Lebens, der im Paradies Gottes ist.&#8220;<\/em> (Offenbarung 2:7)<\/p>\n<p>In der Tat werden wir im neuen Jerusalem, der Stadt der Auserw\u00e4hlten, die von Christus erweckt werden, um ein neues Zeitalter des Friedens und der Herrlichkeit auf Erden zu leben, den Baum des Lebens finden: &#8222;In der <em>Mitte des Stadtplatzes und an den beiden Ufern des Flusses stand der Baum des Lebens<\/em>.<em> Er gibt zw\u00f6lf Ernten im Jahr, tr\u00e4gt jeden Monat seine Fr\u00fcchte, und die Bl\u00e4tter des Baumes sind zur Heilung der V\u00f6lker.&#8220; (<\/em>Offenbarung 22:2)<\/p>\n<p>&nbsp;<\/p>\n<p>Doch die Verhei\u00dfung, die sich hinter dem Symbol des Lebensbaums verbirgt, geht weit dar\u00fcber hinaus.<\/p>\n<p>Denn dieser Fluss, der im neuen Paradies auf Erden flie\u00dft, ist das Wort Gottes, wie wir in vielen Zitaten aus den heiligen Texten lesen, und in ihm k\u00f6nnen wir von nun an jeden Tag unseres Lebens leben und seine Nahrung, sein gesegnetes Wasser, genie\u00dfen, als w\u00e4ren wir selbst B\u00e4ume: <em>&#8222;Selig ist der Mann, der nicht wandelt im Rat der Gottlosen, der nicht stehenbleibt auf dem Wege der S\u00fcnder und nicht sitzt bei den Sp\u00f6ttern, sondern dessen Lust ist am Gesetz des HERRN, und \u00fcber dieses Gesetz sinnt er Tag und Nacht. Er wird sein wie ein Baum, gepflanzt an B\u00e4chen, der seine Frucht bringt zur rechten Zeit und dessen Laub nicht verdorrt, und alles, was er tut, wird gedeihen.&#8220;<\/em> (Psalmen, 1:1-3)<\/p>\n<p>Dieses Gleichnis zwischen denen, die glauben und nach dem Willen des Herrn leben, und B\u00e4umen, die reich an Fr\u00fcchten sind und an einem frischen und lebendigen Fluss wachsen, taucht auch in anderen Passagen der heiligen Texte auf, in den Worten von Propheten und Weisen.<\/p>\n<p>So k\u00f6nnen wir selbst B\u00e4ume des Lebens sein, reich an Fr\u00fcchten, jeden Tag, zu jeder Jahreszeit, wenn wir das lebensspendende Wasser des Heiligen Geistes weiter durch uns flie\u00dfen lassen und unseren Durst stillen, uns n\u00e4hren.<\/p>\n<p>&nbsp;<\/p>\n<p>Eine weitere Bedeutung, die mit dem Lebensbaum im christlichen Kontext verbunden ist, ist das <strong>Kreuz Christi<\/strong>. In der Tat war es das Kreuz, durch das Jesus unsere Erl\u00f6sung herbeif\u00fchrte, indem er sich bewusst dazu entschied, sich selbst zu opfern, damit dort, wo nur der Tod war, wieder Leben sein konnte.<\/p>\n<p>In dieser Vision, die in mehreren Passagen der heiligen Texte zitiert wird, wird das Kreuz mit einem Baum verglichen. In der Liturgie der Erh\u00f6hung des Heiligen Kreuzes lesen wir zum Beispiel:<\/p>\n<p>&#8222;<em>Im Baum des Kreuzes hast du (Gott) das Heil des Menschen begr\u00fcndet, damit von dort, wo der Tod auferstanden ist, das Leben wieder auferstehe und durch Christus, unseren Herrn, besiegt werde, wer den Sieg vom Baum bezogen hat&#8220; <\/em>(Pr\u00e4fation).<\/p>\n<p>Der Mensch hat die Gnade verloren, indem er sich gegen Gott stellte, ihn herausforderte, die Erkenntnis von Gut und B\u00f6se erlangte und damit die S\u00fcnde in all ihren Formen hervorbrachte. Adam versuchte, wie Gott zu werden, ohne die F\u00e4higkeit oder das Recht dazu zu haben. Ein Sohn, der seinen Vater mit der Arroganz und Unversch\u00e4mtheit herausfordert, die typisch f\u00fcr diejenigen ist, die, zu jung und unreif sind, das Ausma\u00df ihrer Handlungen nicht verstehen.<\/p>\n<p>Und hier ist ein neuer Sohn, der sich erhebt, um die Menschheit zu verteidigen, ein Sohn, der die \u00dcberlegenheit, den Willen des Vaters anerkennt, bis zu dem Punkt, an dem er an ein Kreuz genagelt wird, um seinem Plan zu folgen. Jesus nahm sein Schicksal in Demut und Gehorsam an, und durch diesen Akt der Unterwerfung wurde das Kreuz, an dem er starb, zum neuen Baum des Lebens. Die S\u00fcnden der Menschheit wurden durch das Blut und Wasser, das aus den Wunden Jesu floss, abgewaschen, die Erbs\u00fcnde in Frage gestellt. Das Kreuz ist der neue Baum des Lebens, der uns die Hoffnung gegeben hat, uns retten zu k\u00f6nnen, eines Tages Zugang zum neuen irdischen Paradies zu haben, wenn wir dem Rat Jesu folgen und es verstehen,<em>&#8222;die Gr\u00f6\u00dfe Gottes zu erkennen und unsere Kleinheit, unseren Zustand als Gesch\u00f6pfe anzunehmen, indem wir den Herrn sie mit seiner Liebe erf\u00fcllen lassen<\/em>&#8220; (Papst Benedikt XVI., Generalaudienz vom 6. Februar 2013)<\/p>\n<p>&nbsp;<\/p>\n<p>Heute ist der Lebensbaum zu einem Symbol geworden, das \u00fcber die christlichen Werte hinausgeht und zu einem gro\u00dfen Teil aus dem Heidentum und \u00f6stlichen Philosophien stammt. Aber die Wahrheit ist, wie bei jedem Symbol, dass es darauf ankommt, was wir in ihm erkennen.<\/p>\n<p>In allen Kulturen, in allen Religionen ist der Baum des Lebens ein vitales, regenerierendes Symbol, das Hoffnung und Kraft gibt. Seine Wurzeln symbolisieren unseren Ursprung und unsere innere St\u00e4rke, die solide und widerstandsf\u00e4hig sein muss; der Stamm ist das Leben selbst, das sich zwischen der Vergangenheit und einer Zukunft voller \u00fcppiger Bl\u00e4tter und reicher Fr\u00fcchte erstreckt.<\/p>\n<p>Jemandem eine Halskette mit dem Anh\u00e4nger des Lebensbaums zu schenken, ist immer eine nette Art, ihm viel Gl\u00fcck f\u00fcr einen Neuanfang zu w\u00fcnschen, sei es ein neuer Job, ein neues Leben, ein Umzug in ein neues Haus, eine Hochzeit. Es ist eine Art, sich daran zu erinnern, dass wir nicht das w\u00e4ren, was wir sind, wenn wir nicht vorher etwas anderes gewesen w\u00e4ren, nur ein kleiner Samen, der gut in der Erde wurzelte und einen Baum mit starken Wurzeln und \u00c4sten hervorbrachte, die nach dem Himmel greifen. Wenn wir dann wissen, wie wir unsere Nahrung weise ausw\u00e4hlen, wird unser Lebensbaum immer st\u00e4rker und \u00fcppiger und voller kostbarer Fr\u00fcchte wachsen.<\/p>\n<div class=\"sp-styles-warning\" style=\"width: 450px; background-color: #FFF; color: #F00; border: 1px solid #F00; padding: 10px; font-size: 14px;\">\n\t\t\t<span style=\"font-weight: bold;\">Warning: The stylesheets were not loaded!<\/span> \n\t\t\tYou will need to change the <i>Load stylesheets<\/i> setting from <i>Automatically<\/i> to <i>On homepage<\/i> or <i>On all pages<\/i>. \n\t\t\tYou can set that <a style=\"text-decoration: underline; color: #F00;\" href=\"https:\/\/blog.holyart.it\/de\/wp-admin\/admin.php?page=sliderpro-settings\">here<\/a>.\n\t\t\t<\/div>\r\n<div id=\"slider-pro-15\" class=\"slider-pro sp-no-js\" style=\"width: 500px; height: 500px;\">\r\n\t<div class=\"sp-slides\">\r\n\t\t\r\n\t\t<div class=\"sp-slide\">\r\n\t\t\t<img loading=\"lazy\" decoding=\"async\" class=\"sp-image\" src=\"https:\/\/blog.holyart.it\/de\/wp-content\/uploads\/sites\/12\/2022\/06\/kreuz-lebensbaum-umwelt-design-valgardena.jpg\" alt=\"kreuz lebensbaum umwelt design valgardena\" width=\"500\" height=\"500\" \/>\r\n\t\t\t<div class=\"sp-thumbnail\"><img decoding=\"async\" src=\"https:\/\/blog.holyart.it\/de\/wp-content\/uploads\/sites\/12\/2022\/06\/kreuz-lebensbaum-umwelt-design-valgardena-150x150.jpg\" \/>\r\n\t\t\t<\/div>\r\n\t\t\t<div class=\"sp-caption\">Kreuz Baum des Lebens Gr\u00f6dnertal Holz Ambiente Design Wachs. Kreuz realisiert aus Gr\u00f6dnertal Wachsholz mit Relief des Baums des Lebens verfeinert mit goldenen Dekorationen.<br \/><strong><a href=\"https:\/\/www.holyart.de\/devotionalien\/kruzifixe-und-kreuze\/kruzifixe-aus-holz\/kreuz-baum-des-lebens-grodnertal-holz-ambiente-design-wachs\">Bei Holyart kaufen<\/a><\/strong><\/div>\r\n\t\t<\/div>\r\n\t\t<div class=\"sp-slide\">\r\n\t\t\t<img loading=\"lazy\" decoding=\"async\" class=\"sp-image\" src=\"https:\/\/blog.holyart.it\/de\/wp-content\/uploads\/sites\/12\/2022\/06\/Armband-zehn-Rosenkranz-Lebensbaum.jpg\" alt=\"Armband zehn Rosenkranz Lebensbaum\" width=\"500\" height=\"500\" \/>\r\n\t\t\t<div class=\"sp-thumbnail\"><img decoding=\"async\" src=\"https:\/\/blog.holyart.it\/de\/wp-content\/uploads\/sites\/12\/2022\/06\/Armband-zehn-Rosenkranz-Lebensbaum-150x150.jpg\" \/>\r\n\t\t\t<\/div>\r\n\t\t\t<div class=\"sp-caption\"> <br \/><strong><a href=\"https:\/\/www.holyart.de\/devotionalien\/rosenkranze-und-rosenkranzetuis\/zehner-rosenkranze\/zehner-rosenkranz-mit-holzperlen-und-lebensbaum\">Bei Holyart kaufen<\/a><\/strong><\/div>\r\n\t\t<\/div>\r\n\t\t<div class=\"sp-slide\">\r\n\t\t\t<img loading=\"lazy\" decoding=\"async\" class=\"sp-image\" src=\"https:\/\/blog.holyart.it\/de\/wp-content\/uploads\/sites\/12\/2022\/06\/Baum-des-Lebens-Symbol.jpg\" alt=\"Baum des Lebens Symbol\" width=\"500\" height=\"500\" \/>\r\n\t\t\t<div class=\"sp-thumbnail\"><img decoding=\"async\" src=\"https:\/\/blog.holyart.it\/de\/wp-content\/uploads\/sites\/12\/2022\/06\/Baum-des-Lebens-Symbol-150x150.jpg\" \/>\r\n\t\t\t<\/div>\r\n\t\t\t<div class=\"sp-caption\">Griechische Ikone, gedruckt, Motiv: Baum des Lebens, Format: 14x10 cm. <br \/><strong><a href=\"https:\/\/www.holyart.de\/devotionalien\/ikonen\/griechische-ikonen\/griechische-ikone-gedruckt-baum-des-lebens-14x10-cm\">Bei Holyart kaufen<\/a><\/strong><\/div>\r\n\t\t<\/div>\r\n\t\t<div class=\"sp-slide\">\r\n\t\t\t<img loading=\"lazy\" decoding=\"async\" class=\"sp-image\" src=\"https:\/\/blog.holyart.it\/de\/wp-content\/uploads\/sites\/12\/2022\/06\/Amen-Halskette-Lebensbaum-Silber.jpg\" alt=\"Amen Halskette Lebensbaum Silber\" width=\"100\" height=\"100\" \/>\r\n\t\t\t<div class=\"sp-thumbnail\"><img decoding=\"async\" src=\"https:\/\/blog.holyart.it\/de\/wp-content\/uploads\/sites\/12\/2022\/06\/Amen-Halskette-Lebensbaum-Silber.jpg\" \/>\r\n\t\t\t<\/div>\r\n\t\t\t<div class=\"sp-caption\">Kette Amen mit zweifachem Kettchen und 2 Anh\u00e4nger. <br \/><strong><a href=\"https:\/\/www.holyart.de\/devotionalien\/religioser-schmuck\/anhanger-kreuze-broschen-ketten\/kette-amen-baum-des-lebens-silber-925\">Bei Holyart kaufen<\/a><\/strong><\/div>\r\n\t\t\tKette Amen mit zweifachem Kettchen und 2 Anh\u00e4nger. <br \/><strong><a href=\"https:\/\/www.holyart.de\/devotionalien\/religioser-schmuck\/anhanger-kreuze-broschen-ketten\/kette-amen-baum-des-lebens-silber-925\">Acquista su Holyart<\/a><\/strong>\r\n\t\t<\/div>\r\n\t\t<div class=\"sp-slide\">\r\n\t\t\t<img loading=\"lazy\" decoding=\"async\" class=\"sp-image\" src=\"https:\/\/blog.holyart.it\/de\/wp-content\/uploads\/sites\/12\/2022\/06\/Baum-des-Lebens-Olivenholz-Dekoration.jpg\" alt=\"Baum des Lebens Olivenholz Dekoration\" width=\"500\" height=\"500\" \/>\r\n\t\t\t<div class=\"sp-thumbnail\"><a class=\"\" href=\"https:\/\/www.holyart.de\/devotionalien\/religiose-geschenke\/lebensbaumdekoration-aus-olivenbaumholz-15-x-10-x-1-cm\">\r\n\t\t\t\t<img decoding=\"async\" src=\"https:\/\/blog.holyart.it\/de\/wp-content\/uploads\/sites\/12\/2022\/06\/Baum-des-Lebens-Olivenholz-Dekoration.jpg\" alt=\"Baum des Lebens Olivenholz Dekoration\" \/>\r\n\t\t\t<\/a>\r\n\t\t\t<\/div>\r\n\t\t\t<div class=\"sp-caption\">Lebensbaumdekoration aus Olivenbaumholz, 15 x 10 x 1 cm. <br \/><strong><a href=\"https:\/\/www.holyart.de\/devotionalien\/religiose-geschenke\/lebensbaumdekoration-aus-olivenbaumholz-15-x-10-x-1-cm\">Bei Holyart kaufen<\/a><\/strong><\/div>\r\n\t\t<\/div>\r\n\t\t<div class=\"sp-slide\">\r\n\t\t\t<img loading=\"lazy\" decoding=\"async\" class=\"sp-image\" src=\"https:\/\/blog.holyart.it\/de\/wp-content\/uploads\/sites\/12\/2022\/06\/Baum-des-Lebens-Ohrringe.jpg\" alt=\"Baum des Lebens Ohrringe\" width=\"500\" height=\"500\" \/>\r\n\t\t\t<div class=\"sp-thumbnail\"><img decoding=\"async\" src=\"https:\/\/blog.holyart.it\/de\/wp-content\/uploads\/sites\/12\/2022\/06\/Baum-des-Lebens-Ohrringe-150x150.jpg\" \/>\r\n\t\t\t<\/div>\r\n\t\t\t<div class=\"sp-caption\">Ohrringe AMEN Silber 925 Engel und Lebensbaum. Ohrringe AMEN realisiert aus Silber 925 mit Engel Form und Anh\u00e4nger des Lebensbaum mit rosa Finish und verfeinert mit Zirkonen. <br \/><strong><a href=\"https:\/\/www.holyart.de\/devotionalien\/religioser-schmuck\/anhanger-kreuze-broschen-ketten\/ohrringe-amen-silber-925-engel-und-lebensbaum\">Bei Holyart kaufen<\/a><\/strong><\/div>\r\n\t\t<\/div>\r\n\t<\/div>\r\n<\/div>\n","protected":false},"excerpt":{"rendered":"<p>Alle Religionen, von den Anf\u00e4ngen der Menschheitsgeschichte an, sind in irgendeiner Weise mit B\u00e4umen verbunden. Wir haben uns bereits in einem fr\u00fcheren Artikel mit diesem Thema besch\u00e4ftigt und sind dabei auf einige der mehr als hundert B\u00e4ume und Pflanzen eingegangen, die in der Heiligen Schrift&hellip;<\/p>\n","protected":false},"author":1,"featured_media":1644,"comment_status":"closed","ping_status":"open","sticky":false,"template":"","format":"standard","meta":{"_acf_changed":false,"footnotes":""},"categories":[10],"tags":[],"class_list":["post-1550","post","type-post","status-publish","format-standard","has-post-thumbnail","hentry","category-devotionalien"],"acf":[],"yoast_head":"<!-- This site is optimized with the Yoast SEO plugin v26.6 - https:\/\/yoast.com\/wordpress\/plugins\/seo\/ -->\n<title>Die Bedeutung des Baumes des Lebens - Holyart.de Blog<\/title>\n<meta name=\"robots\" content=\"index, follow, max-snippet:-1, max-image-preview:large, max-video-preview:-1\" \/>\n<link rel=\"canonical\" href=\"https:\/\/blog.holyart.it\/de\/devotionalien\/die-bedeutung-des-baumes-des-lebens-2\/\" \/>\n<meta property=\"og:locale\" content=\"de_DE\" \/>\n<meta property=\"og:type\" content=\"article\" \/>\n<meta property=\"og:title\" content=\"Die Bedeutung des Baumes des Lebens - Holyart.de Blog\" \/>\n<meta property=\"og:description\" content=\"Alle Religionen, von den Anf\u00e4ngen der Menschheitsgeschichte an, sind in irgendeiner Weise mit B\u00e4umen verbunden. Wir haben uns bereits in einem fr\u00fcheren Artikel mit diesem Thema besch\u00e4ftigt und sind dabei auf einige der mehr als hundert B\u00e4ume und Pflanzen eingegangen, die in der Heiligen Schrift&hellip;\" \/>\n<meta property=\"og:url\" content=\"https:\/\/blog.holyart.it\/de\/devotionalien\/die-bedeutung-des-baumes-des-lebens-2\/\" \/>\n<meta property=\"og:site_name\" content=\"Holyart.de Blog\" \/>\n<meta property=\"article:published_time\" content=\"2022-01-18T15:37:54+00:00\" \/>\n<meta property=\"article:modified_time\" content=\"2022-10-12T15:24:53+00:00\" \/>\n<meta property=\"og:image\" content=\"https:\/\/blog.holyart.it\/de\/wp-content\/uploads\/sites\/12\/2022\/06\/Baum-des-Lebens-1.jpg\" \/>\n\t<meta property=\"og:image:width\" content=\"1000\" \/>\n\t<meta property=\"og:image:height\" content=\"666\" \/>\n\t<meta property=\"og:image:type\" content=\"image\/jpeg\" \/>\n<meta name=\"author\" content=\"Redazione\" \/>\n<meta name=\"twitter:card\" content=\"summary_large_image\" \/>\n<meta name=\"twitter:label1\" content=\"Verfasst von\" \/>\n\t<meta name=\"twitter:data1\" content=\"Redazione\" \/>\n\t<meta name=\"twitter:label2\" content=\"Gesch\u00e4tzte Lesezeit\" \/>\n\t<meta name=\"twitter:data2\" content=\"8\u00a0Minuten\" \/>\n<script type=\"application\/ld+json\" class=\"yoast-schema-graph\">{\"@context\":\"https:\/\/schema.org\",\"@graph\":[{\"@type\":\"Article\",\"@id\":\"https:\/\/blog.holyart.it\/de\/devotionalien\/die-bedeutung-des-baumes-des-lebens-2\/#article\",\"isPartOf\":{\"@id\":\"https:\/\/blog.holyart.it\/de\/devotionalien\/die-bedeutung-des-baumes-des-lebens-2\/\"},\"author\":{\"name\":\"Redazione\",\"@id\":\"https:\/\/blog.holyart.it\/de\/#\/schema\/person\/0a7b686e5af0f856ec1e390dd0baecda\"},\"headline\":\"Die Bedeutung des Baumes des Lebens\",\"datePublished\":\"2022-01-18T15:37:54+00:00\",\"dateModified\":\"2022-10-12T15:24:53+00:00\",\"mainEntityOfPage\":{\"@id\":\"https:\/\/blog.holyart.it\/de\/devotionalien\/die-bedeutung-des-baumes-des-lebens-2\/\"},\"wordCount\":1522,\"publisher\":{\"@id\":\"https:\/\/blog.holyart.it\/de\/#organization\"},\"image\":{\"@id\":\"https:\/\/blog.holyart.it\/de\/devotionalien\/die-bedeutung-des-baumes-des-lebens-2\/#primaryimage\"},\"thumbnailUrl\":\"https:\/\/blog.holyart.it\/de\/wp-content\/uploads\/sites\/12\/2022\/06\/Baum-des-Lebens-1.jpg\",\"articleSection\":[\"Religion\"],\"inLanguage\":\"de\"},{\"@type\":\"WebPage\",\"@id\":\"https:\/\/blog.holyart.it\/de\/devotionalien\/die-bedeutung-des-baumes-des-lebens-2\/\",\"url\":\"https:\/\/blog.holyart.it\/de\/devotionalien\/die-bedeutung-des-baumes-des-lebens-2\/\",\"name\":\"Die Bedeutung des Baumes des Lebens - Holyart.de Blog\",\"isPartOf\":{\"@id\":\"https:\/\/blog.holyart.it\/de\/#website\"},\"primaryImageOfPage\":{\"@id\":\"https:\/\/blog.holyart.it\/de\/devotionalien\/die-bedeutung-des-baumes-des-lebens-2\/#primaryimage\"},\"image\":{\"@id\":\"https:\/\/blog.holyart.it\/de\/devotionalien\/die-bedeutung-des-baumes-des-lebens-2\/#primaryimage\"},\"thumbnailUrl\":\"https:\/\/blog.holyart.it\/de\/wp-content\/uploads\/sites\/12\/2022\/06\/Baum-des-Lebens-1.jpg\",\"datePublished\":\"2022-01-18T15:37:54+00:00\",\"dateModified\":\"2022-10-12T15:24:53+00:00\",\"breadcrumb\":{\"@id\":\"https:\/\/blog.holyart.it\/de\/devotionalien\/die-bedeutung-des-baumes-des-lebens-2\/#breadcrumb\"},\"inLanguage\":\"de\",\"potentialAction\":[{\"@type\":\"ReadAction\",\"target\":[\"https:\/\/blog.holyart.it\/de\/devotionalien\/die-bedeutung-des-baumes-des-lebens-2\/\"]}]},{\"@type\":\"ImageObject\",\"inLanguage\":\"de\",\"@id\":\"https:\/\/blog.holyart.it\/de\/devotionalien\/die-bedeutung-des-baumes-des-lebens-2\/#primaryimage\",\"url\":\"https:\/\/blog.holyart.it\/de\/wp-content\/uploads\/sites\/12\/2022\/06\/Baum-des-Lebens-1.jpg\",\"contentUrl\":\"https:\/\/blog.holyart.it\/de\/wp-content\/uploads\/sites\/12\/2022\/06\/Baum-des-Lebens-1.jpg\",\"width\":1000,\"height\":666,\"caption\":\"Baum des Lebens\"},{\"@type\":\"BreadcrumbList\",\"@id\":\"https:\/\/blog.holyart.it\/de\/devotionalien\/die-bedeutung-des-baumes-des-lebens-2\/#breadcrumb\",\"itemListElement\":[{\"@type\":\"ListItem\",\"position\":1,\"name\":\"Homepage\",\"item\":\"https:\/\/blog.holyart.it\/de\/\"},{\"@type\":\"ListItem\",\"position\":2,\"name\":\"Religion\",\"item\":\"https:\/\/blog.holyart.it\/de\/devotionalien\/\"},{\"@type\":\"ListItem\",\"position\":3,\"name\":\"Die Bedeutung des Baumes des Lebens\"}]},{\"@type\":\"WebSite\",\"@id\":\"https:\/\/blog.holyart.it\/de\/#website\",\"url\":\"https:\/\/blog.holyart.it\/de\/\",\"name\":\"Holyart.de Blog\",\"description\":\"Holyblog\",\"publisher\":{\"@id\":\"https:\/\/blog.holyart.it\/de\/#organization\"},\"potentialAction\":[{\"@type\":\"SearchAction\",\"target\":{\"@type\":\"EntryPoint\",\"urlTemplate\":\"https:\/\/blog.holyart.it\/de\/?s={search_term_string}\"},\"query-input\":{\"@type\":\"PropertyValueSpecification\",\"valueRequired\":true,\"valueName\":\"search_term_string\"}}],\"inLanguage\":\"de\"},{\"@type\":\"Organization\",\"@id\":\"https:\/\/blog.holyart.it\/de\/#organization\",\"name\":\"Holyart.de Blog\",\"url\":\"https:\/\/blog.holyart.it\/de\/\",\"logo\":{\"@type\":\"ImageObject\",\"inLanguage\":\"de\",\"@id\":\"https:\/\/blog.holyart.it\/de\/#\/schema\/logo\/image\/\",\"url\":\"https:\/\/blog.holyart.it\/de\/wp-content\/uploads\/sites\/12\/2022\/12\/Holyart_Blog_Logo.jpg\",\"contentUrl\":\"https:\/\/blog.holyart.it\/de\/wp-content\/uploads\/sites\/12\/2022\/12\/Holyart_Blog_Logo.jpg\",\"width\":300,\"height\":50,\"caption\":\"Holyart.de Blog\"},\"image\":{\"@id\":\"https:\/\/blog.holyart.it\/de\/#\/schema\/logo\/image\/\"}},{\"@type\":\"Person\",\"@id\":\"https:\/\/blog.holyart.it\/de\/#\/schema\/person\/0a7b686e5af0f856ec1e390dd0baecda\",\"name\":\"Redazione\",\"image\":{\"@type\":\"ImageObject\",\"inLanguage\":\"de\",\"@id\":\"https:\/\/blog.holyart.it\/de\/#\/schema\/person\/image\/\",\"url\":\"https:\/\/secure.gravatar.com\/avatar\/f477da817f43e50d0af36abecd33e3edf826c68299714bdc1057dff3b113f516?s=96&d=mm&r=g\",\"contentUrl\":\"https:\/\/secure.gravatar.com\/avatar\/f477da817f43e50d0af36abecd33e3edf826c68299714bdc1057dff3b113f516?s=96&d=mm&r=g\",\"caption\":\"Redazione\"}}]}<\/script>\n<!-- \/ Yoast SEO plugin. -->","yoast_head_json":{"title":"Die Bedeutung des Baumes des Lebens - Holyart.de Blog","robots":{"index":"index","follow":"follow","max-snippet":"max-snippet:-1","max-image-preview":"max-image-preview:large","max-video-preview":"max-video-preview:-1"},"canonical":"https:\/\/blog.holyart.it\/de\/devotionalien\/die-bedeutung-des-baumes-des-lebens-2\/","og_locale":"de_DE","og_type":"article","og_title":"Die Bedeutung des Baumes des Lebens - Holyart.de Blog","og_description":"Alle Religionen, von den Anf\u00e4ngen der Menschheitsgeschichte an, sind in irgendeiner Weise mit B\u00e4umen verbunden. Wir haben uns bereits in einem fr\u00fcheren Artikel mit diesem Thema besch\u00e4ftigt und sind dabei auf einige der mehr als hundert B\u00e4ume und Pflanzen eingegangen, die in der Heiligen Schrift&hellip;","og_url":"https:\/\/blog.holyart.it\/de\/devotionalien\/die-bedeutung-des-baumes-des-lebens-2\/","og_site_name":"Holyart.de Blog","article_published_time":"2022-01-18T15:37:54+00:00","article_modified_time":"2022-10-12T15:24:53+00:00","og_image":[{"width":1000,"height":666,"url":"https:\/\/blog.holyart.it\/de\/wp-content\/uploads\/sites\/12\/2022\/06\/Baum-des-Lebens-1.jpg","type":"image\/jpeg"}],"author":"Redazione","twitter_card":"summary_large_image","twitter_misc":{"Verfasst von":"Redazione","Gesch\u00e4tzte Lesezeit":"8\u00a0Minuten"},"schema":{"@context":"https:\/\/schema.org","@graph":[{"@type":"Article","@id":"https:\/\/blog.holyart.it\/de\/devotionalien\/die-bedeutung-des-baumes-des-lebens-2\/#article","isPartOf":{"@id":"https:\/\/blog.holyart.it\/de\/devotionalien\/die-bedeutung-des-baumes-des-lebens-2\/"},"author":{"name":"Redazione","@id":"https:\/\/blog.holyart.it\/de\/#\/schema\/person\/0a7b686e5af0f856ec1e390dd0baecda"},"headline":"Die Bedeutung des Baumes des Lebens","datePublished":"2022-01-18T15:37:54+00:00","dateModified":"2022-10-12T15:24:53+00:00","mainEntityOfPage":{"@id":"https:\/\/blog.holyart.it\/de\/devotionalien\/die-bedeutung-des-baumes-des-lebens-2\/"},"wordCount":1522,"publisher":{"@id":"https:\/\/blog.holyart.it\/de\/#organization"},"image":{"@id":"https:\/\/blog.holyart.it\/de\/devotionalien\/die-bedeutung-des-baumes-des-lebens-2\/#primaryimage"},"thumbnailUrl":"https:\/\/blog.holyart.it\/de\/wp-content\/uploads\/sites\/12\/2022\/06\/Baum-des-Lebens-1.jpg","articleSection":["Religion"],"inLanguage":"de"},{"@type":"WebPage","@id":"https:\/\/blog.holyart.it\/de\/devotionalien\/die-bedeutung-des-baumes-des-lebens-2\/","url":"https:\/\/blog.holyart.it\/de\/devotionalien\/die-bedeutung-des-baumes-des-lebens-2\/","name":"Die Bedeutung des Baumes des Lebens - Holyart.de Blog","isPartOf":{"@id":"https:\/\/blog.holyart.it\/de\/#website"},"primaryImageOfPage":{"@id":"https:\/\/blog.holyart.it\/de\/devotionalien\/die-bedeutung-des-baumes-des-lebens-2\/#primaryimage"},"image":{"@id":"https:\/\/blog.holyart.it\/de\/devotionalien\/die-bedeutung-des-baumes-des-lebens-2\/#primaryimage"},"thumbnailUrl":"https:\/\/blog.holyart.it\/de\/wp-content\/uploads\/sites\/12\/2022\/06\/Baum-des-Lebens-1.jpg","datePublished":"2022-01-18T15:37:54+00:00","dateModified":"2022-10-12T15:24:53+00:00","breadcrumb":{"@id":"https:\/\/blog.holyart.it\/de\/devotionalien\/die-bedeutung-des-baumes-des-lebens-2\/#breadcrumb"},"inLanguage":"de","potentialAction":[{"@type":"ReadAction","target":["https:\/\/blog.holyart.it\/de\/devotionalien\/die-bedeutung-des-baumes-des-lebens-2\/"]}]},{"@type":"ImageObject","inLanguage":"de","@id":"https:\/\/blog.holyart.it\/de\/devotionalien\/die-bedeutung-des-baumes-des-lebens-2\/#primaryimage","url":"https:\/\/blog.holyart.it\/de\/wp-content\/uploads\/sites\/12\/2022\/06\/Baum-des-Lebens-1.jpg","contentUrl":"https:\/\/blog.holyart.it\/de\/wp-content\/uploads\/sites\/12\/2022\/06\/Baum-des-Lebens-1.jpg","width":1000,"height":666,"caption":"Baum des Lebens"},{"@type":"BreadcrumbList","@id":"https:\/\/blog.holyart.it\/de\/devotionalien\/die-bedeutung-des-baumes-des-lebens-2\/#breadcrumb","itemListElement":[{"@type":"ListItem","position":1,"name":"Homepage","item":"https:\/\/blog.holyart.it\/de\/"},{"@type":"ListItem","position":2,"name":"Religion","item":"https:\/\/blog.holyart.it\/de\/devotionalien\/"},{"@type":"ListItem","position":3,"name":"Die Bedeutung des Baumes des Lebens"}]},{"@type":"WebSite","@id":"https:\/\/blog.holyart.it\/de\/#website","url":"https:\/\/blog.holyart.it\/de\/","name":"Holyart.de Blog","description":"Holyblog","publisher":{"@id":"https:\/\/blog.holyart.it\/de\/#organization"},"potentialAction":[{"@type":"SearchAction","target":{"@type":"EntryPoint","urlTemplate":"https:\/\/blog.holyart.it\/de\/?s={search_term_string}"},"query-input":{"@type":"PropertyValueSpecification","valueRequired":true,"valueName":"search_term_string"}}],"inLanguage":"de"},{"@type":"Organization","@id":"https:\/\/blog.holyart.it\/de\/#organization","name":"Holyart.de Blog","url":"https:\/\/blog.holyart.it\/de\/","logo":{"@type":"ImageObject","inLanguage":"de","@id":"https:\/\/blog.holyart.it\/de\/#\/schema\/logo\/image\/","url":"https:\/\/blog.holyart.it\/de\/wp-content\/uploads\/sites\/12\/2022\/12\/Holyart_Blog_Logo.jpg","contentUrl":"https:\/\/blog.holyart.it\/de\/wp-content\/uploads\/sites\/12\/2022\/12\/Holyart_Blog_Logo.jpg","width":300,"height":50,"caption":"Holyart.de Blog"},"image":{"@id":"https:\/\/blog.holyart.it\/de\/#\/schema\/logo\/image\/"}},{"@type":"Person","@id":"https:\/\/blog.holyart.it\/de\/#\/schema\/person\/0a7b686e5af0f856ec1e390dd0baecda","name":"Redazione","image":{"@type":"ImageObject","inLanguage":"de","@id":"https:\/\/blog.holyart.it\/de\/#\/schema\/person\/image\/","url":"https:\/\/secure.gravatar.com\/avatar\/f477da817f43e50d0af36abecd33e3edf826c68299714bdc1057dff3b113f516?s=96&d=mm&r=g","contentUrl":"https:\/\/secure.gravatar.com\/avatar\/f477da817f43e50d0af36abecd33e3edf826c68299714bdc1057dff3b113f516?s=96&d=mm&r=g","caption":"Redazione"}}]}},"_links":{"self":[{"href":"https:\/\/blog.holyart.it\/de\/wp-json\/wp\/v2\/posts\/1550","targetHints":{"allow":["GET"]}}],"collection":[{"href":"https:\/\/blog.holyart.it\/de\/wp-json\/wp\/v2\/posts"}],"about":[{"href":"https:\/\/blog.holyart.it\/de\/wp-json\/wp\/v2\/types\/post"}],"author":[{"embeddable":true,"href":"https:\/\/blog.holyart.it\/de\/wp-json\/wp\/v2\/users\/1"}],"replies":[{"embeddable":true,"href":"https:\/\/blog.holyart.it\/de\/wp-json\/wp\/v2\/comments?post=1550"}],"version-history":[{"count":0,"href":"https:\/\/blog.holyart.it\/de\/wp-json\/wp\/v2\/posts\/1550\/revisions"}],"wp:featuredmedia":[{"embeddable":true,"href":"https:\/\/blog.holyart.it\/de\/wp-json\/wp\/v2\/media\/1644"}],"wp:attachment":[{"href":"https:\/\/blog.holyart.it\/de\/wp-json\/wp\/v2\/media?parent=1550"}],"wp:term":[{"taxonomy":"category","embeddable":true,"href":"https:\/\/blog.holyart.it\/de\/wp-json\/wp\/v2\/categories?post=1550"},{"taxonomy":"post_tag","embeddable":true,"href":"https:\/\/blog.holyart.it\/de\/wp-json\/wp\/v2\/tags?post=1550"}],"curies":[{"name":"wp","href":"https:\/\/api.w.org\/{rel}","templated":true}]}}