{"id":1532,"date":"2022-06-21T10:43:51","date_gmt":"2022-06-21T08:43:51","guid":{"rendered":"https:\/\/blog.holyart.it\/de\/?p=1532"},"modified":"2025-02-05T12:38:29","modified_gmt":"2025-02-05T11:38:29","slug":"ss-herz-jesu","status":"publish","type":"post","link":"https:\/\/blog.holyart.it\/de\/devotionalien\/ss-herz-jesu\/","title":{"rendered":"SS. Herz Jesu"},"content":{"rendered":"\n<p>Das Fest, das dem Heiligsten Herzen Jesu geweiht ist, geh\u00f6rt zu den sogenannten <strong>beweglichen Festen<\/strong>, das hei\u00dft, ein Fest, das nicht immer auf das gleiche Datum f\u00e4llt, sondern von Jahr zu Jahr variiert. Das offensichtlichste Beispiel f\u00fcr ein bewegliches Fest ist <a href=\"https:\/\/www.holyart.de\/besondere-anlassen\/ostern-und-fasten\"><strong>Ostern<\/strong><\/a>, dessen Datum sich immer wieder \u00e4ndert. Tats\u00e4chlich sind die meisten mobilen Feiertage mit Ostern verwandt, daher haben sie keinen festen Tag, an dem sie gefeiert werden. Mobile katholische Feste k\u00f6nnen auch vom Dreik\u00f6nigstag abh\u00e4ngen oder an Wochentage gebunden sein, die an bestimmte Zeiten des Jahres gebunden sind.<\/p>\n<p>Zum Beispiel f\u00e4llt das Herz-Jesu-Fest immer auf den Freitag nach dem <a href=\"https:\/\/www.holyart.de\/blog\/liturgische-gerate\/die-feierlichkeit-des-corpus-christi\/\">Fronleichnamssonntag<\/a>, also achtundsechzig Tage nach Ostern. Das <strong>Fest des Unbefleckten Herzens Mariens<\/strong> hingegen f\u00e4llt auf den Samstag, der auf das Fest des Heiligsten Herzens Jesu folgt, und h\u00e4ngt daher von diesem ab. Bezeichnenderweise kann das Fest des Heiligsten Herzens Jesu auf ein Datum zwischen dem 29. Mai und dem 2. Juli fallen. Dieses Jahr fiel er zum Beispiel auf den 8. Juni, und der ganze Monat ist diesem Fest gewidmet.<\/p>\n<p>Andere Beispiele f\u00fcr bewegliche Feste sind die Taufe des Herrn, die am ersten Sonntag nach Epiphanias gefeiert wird, oder alle Sonntage im Advent.<\/p>\n<p>Alle Feiertage, die mit Ostern zusammenh\u00e4ngen, sind zwangsl\u00e4ufig bewegliche Feiertage: Gr\u00fcndonnerstag, Karfreitag, Karsamstag, Ostermontag \u00e4ndern sich immer in Bezug auf das Datum, auf das Ostern f\u00e4llt.<\/p>\n<p>Das Fest des Heiligsten Herzens Jesu will einerseits das leibliche Herz Jesu, wahrer Mensch wie auch wahrer Gott, und andererseits das intensive Herz als G\u00fcte, Barmherzigkeit und Liebe des Erl\u00f6sers f\u00fcr uns alle feiern.<\/p>\n<p>Als Organ, das die Menschlichkeit Christi symbolisiert, hat dieses besondere Herz ein Recht auf Anbetung.<\/p>\n<p>Die traditionelle Ikonographie zeigt das Heiligste Herz in der Mitte der Brust Jesu, mit einem Kreuz dar\u00fcber, das mit Dornen gekr\u00f6nt ist. Auf der Seite des Herzens befindet sich eine blutende Wunde, die an diejenige erinnert, die Jesus am Kreuz zugef\u00fcgt wurde, und die die Wunden symbolisiert, die die S\u00fcnden der Menschen ihm weiterhin zuf\u00fcgen, jeden Tag. Das Heilige Herz ist von Flammen umgeben, ein Symbol der brennenden Barmherzigkeit, der gl\u00fchenden Liebe des Erl\u00f6sers zu allen Menschen.<\/p>\n<p>Der Herz-Jesu-Kult entstand im Mittelalter im Umkreis der gro\u00dfen deutschen Mystiker, aber seine wahre Bl\u00fcte erlebte er erst im 17. Jahrhundert dank des <strong>heiligen Johannes Eudes (1601-1680)<\/strong>, eines franz\u00f6sischen Ordensmannes, Predigers und Gelehrten, der in ganz Frankreich die <a href=\"https:\/\/www.holyart.de\/blog\/devotionalien\/was-ist-der-unterschied-zwischen-verehrung-andacht-und-anbetung\/\"><strong>Verehrung des Heiligsten Herzens Jesu und Mariens propagierte<\/strong><\/a>, und in besonderer Weise dank der <strong>heiligen Margareta Maria Alacoque (1647-1690)<\/strong>. Sie war eine franz\u00f6sische Nonne, ausgestattet mit gro\u00dfen mystischen Gaben, die von 1673 bis zu ihrem fr\u00fchen Tod vier Offenbarungen und viele andere kleinere Visionen von Jesus erhielt. In diesen Visionen sprach Jesus selbst sie an, und in allen spielte sein Heiligstes Herz eine grundlegende Rolle. In der ersten der Visionen der heiligen Margareta zum Beispiel sprach Jesus so zu ihr: &#8222;Mein g\u00f6ttliches Herz ist so leidenschaftlich von der Liebe zu den Menschen erf\u00fcllt, dass es die Flammen seiner gl\u00fchenden Liebe nicht mehr in sich selbst halten kann, sondern sie ausbreiten muss. Ich habe dich auserw\u00e4hlt, um diesen gro\u00dfen Plan zu erf\u00fcllen, damit alle Dinge von mir getan werden k\u00f6nnen.\u201d<\/p>\n<div class=\"link-article\">\n<p><img loading=\"lazy\" decoding=\"async\" class=\"alignnone size-full wp-image-1534\" src=\"https:\/\/blog.holyart.it\/de\/wp-content\/uploads\/sites\/12\/2022\/06\/Unsere-Liebe-Frau-der-Schmerzen.jpg\" alt=\"Unsere Liebe Frau der Schmerzen\" width=\"150\" height=\"100\" data-kale-share-title=\"SS. Herz Jesu\" data-kale-share-url=\"https:\/\/blog.holyart.it\/de\/?p=1532\" \/><\/p>\n<div class=\"leggi-anche\">Lesen Sie auch:<\/div>\n<p><strong><a href=\"https:\/\/www.holyart.de\/blog\/devotionalien\/was-ist-der-unterschied-zwischen-verehrung-andacht-und-anbetung\/\">Was ist der Unterschied zwischen Verehrung, Andacht und Anbetung?<\/a><\/strong><br \/>\nVerehrung ist im religi\u00f6sen Bereich der Akt der Verehrung Gottes, der Muttergottes, eines Heiligen, eines Engels oder<\/p>\n<\/div>\n<p>In sp\u00e4teren Visionen sah der Heilige das von Flammen umh\u00fcllte, dornengekr\u00f6nte und lichtdurchflutete Heiligste Herz in der Brust des Erl\u00f6sers, eine Neun aus den Wunden. Ihr verdanken wir die traditionelle Ikonographie, die auf uns \u00fcberkommen ist.<\/p>\n<p>Bei der vierten Vision erkl\u00e4rte Jesus dem hl. Margeriten, dass er unter der Arroganz und dem Mangel an Demut der Christen leide, und noch mehr unter dem Frevel der Gottlosen. Dann offenbarte er ihr seinen Willen, dass der Freitag nach dem zweiten Sonntag nach Pfingsten, also der achte Tag nach Fronleichnam, der Feier seines Herzens gewidmet sein sollte.<\/p>\n<p>Trotz der Hindernisse, die von verschiedenen religi\u00f6sen Realit\u00e4ten errichtet wurden, die ihn des G\u00f6tzendienstes beschuldigten, erlebte der Kult des <a href=\"https:\/\/www.holyart.de\/devotionalien\/rosenkranze-und-rosenkranzetuis\/metall-rosenkranze\/rosenkranz-des-heiligsten-herzens-jesu-metall-herzformige-perlen-5-mm\"><strong>Heiligsten Herzens Jesu<\/strong><\/a> sofort eine gro\u00dfe Entwicklung und Inbrunst. Im Jahr 1672 wurde das Herz-Jesu-Fest zum ersten Mal offiziell gefeiert. Im Jahr 1856 wurde der Kult durch den Willen von Papst Pius IX. f\u00fcr die ganze katholische Kirche universal und seitdem entstanden viele Gemeinden, sowohl m\u00e4nnliche als auch weibliche, um ihn herum.<\/p>\n<div class=\"link-product\">\n<div class=\"blocco-immagine\"><img loading=\"lazy\" decoding=\"async\" class=\"alignnone size-full wp-image-1535\" src=\"https:\/\/blog.holyart.it\/de\/wp-content\/uploads\/sites\/12\/2022\/06\/Rosenkranz-des-Heiligsten-Herzens.jpg\" alt=\"Rosenkranz des Heiligsten Herzens\" width=\"100\" height=\"100\" data-kale-share-title=\"SS. Herz Jesu\" data-kale-share-url=\"https:\/\/blog.holyart.it\/de\/?p=1532\" \/><\/div>\n<div class=\"blocco-contenuto\">\n<div class=\"blocco-acquista\">Einkaufen:<\/div>\n<div class=\"blocco-titolo\"><a href=\"https:\/\/www.holyart.de\/devotionalien\/rosenkranze-und-rosenkranzetuis\/metall-rosenkranze\/rosenkranz-des-heiligsten-herzens-jesu-metall-herzformige-perlen-5-mm\">Rosenkranz des Heiligsten Herzens Jesu<\/a><\/div>\n<div class=\"blocco-descrizione\">Rosenkranz des Heiligsten Herzens Jesu<\/div>\n<\/div>\n<\/div>\n<p>Das Fest des Heiligsten Herzens Jesu wird durch eucharistische Anbetung jeden ersten Freitag im Monat und durch das Rezitieren der Herz-Jesu-Litanei gefeiert. Es gibt zahlreiche, hier sind nur einige Beispiele:<\/p>\n<p>Heiligstes Herz Jesu, ich vertraue auf Dich!;<br \/>\nS\u00fc\u00dfes Herz meines Jesus, lass mich dich mehr und mehr lieben!<br \/>\nO Jesus der brennenden Liebe, h\u00e4tte ich Dich nie beleidigt!<\/p>\n<p>Oder:<br \/>\nLiebe des Herzens Jesu, entflamme mein Herz.<br \/>\nDie N\u00e4chstenliebe des Herzens Jesu, breitet sich in meinem Herzen aus.<br \/>\nKraft des Herzens Jesu, st\u00e4rke mein Herz.<br \/>\nBarmherzigkeit des Herzens Jesu, mach mein Herz s\u00fc\u00df.<br \/>\nGeduld des Herzens Jesu, werde nicht m\u00fcde an meinem Herzen.<br \/>\nK\u00f6nigreich des Herzens Jesu, lasse dich in meinem Herzen nieder.<br \/>\nWeisheit des Herzens von Jesus, lehre mein Herz.<\/p>\n<p>Oder wieder:<\/p>\n<p>O Herz Jesu,<br \/>\nich empfehle<br \/>\nin dieser Nacht<br \/>\ndie Seele und den K\u00f6rper,<br \/>\nso dass sanft<br \/>\nin Ihnen ruhen.<br \/>\nUnd da w\u00e4hrend<br \/>\nich werde nicht schlafen k\u00f6nnen<br \/>\nlobt meinen Gott,<br \/>\ndass Sie sich herablassen, es f\u00fcr mich zu tun,<br \/>\nso dass<br \/>\nwie viele werden<br \/>\ndie Schl\u00e4ge meines Herzens<br \/>\nin dieser Nacht,<br \/>\nviel Lob sei<br \/>\ndie Du geben wirst<br \/>\nzur Heiligen Dreifaltigkeit.<br \/>\nAmen.<\/p>\n<div class=\"link-product\">\n<div class=\"blocco-immagine\"><img loading=\"lazy\" decoding=\"async\" class=\"alignnone size-full wp-image-1536\" src=\"https:\/\/blog.holyart.it\/de\/wp-content\/uploads\/sites\/12\/2022\/06\/Wandteppich-Heiligstes-Herz-Jesu.jpg\" alt=\"Wandteppich Heiligstes Herz Jesu\" width=\"100\" height=\"100\" data-kale-share-title=\"SS. Herz Jesu\" data-kale-share-url=\"https:\/\/blog.holyart.it\/de\/?p=1532\" \/><\/div>\n<div class=\"blocco-contenuto\">\n<div class=\"blocco-acquista\">Einkaufen:<\/div>\n<div class=\"blocco-titolo\"><a href=\"https:\/\/www.holyart.de\/devotionalien\/wandteppiche\/wandteppich-heiligstes-herz-jesu-und-landschaft-mit-rahmen-und-schlaufen-50x40-cm\">Wandteppich Heiligstes Herz Jesu<\/a><\/div>\n<div class=\"blocco-descrizione\">Wandteppich, Motiv: Heiligstes Herz Jesu<\/div>\n<\/div>\n<\/div>\n<p>Um die Gebete und Litaneien zu begleiten, wurden im Laufe der <a href=\"https:\/\/www.holyart.de\/devotionalien\/rosenkranze-und-rosenkranzetuis\/besondere-rosenkranze\"><strong>Zeit Rosenkr\u00e4nze und Andachtskr\u00e4nze<\/strong><\/a> verteilt sowie Medaillen in allen Formen und Materialien.<\/p>\n<p>Zur Ikonographie des Heiligsten Herzens Jesu wurden auch Statuen angefertigt, die den Erl\u00f6ser in der charakteristischen Pose mit der auf die offene Brust zeigenden Hand darstellen, in der sein verwundetes Herz schl\u00e4gt, das aber immer noch mit Liebe f\u00fcr alle seine Kinder erf\u00fcllt ist.<\/p>\n<div class=\"link-product\">\n<div class=\"blocco-immagine\"><img loading=\"lazy\" decoding=\"async\" class=\"alignnone size-full wp-image-1537\" src=\"https:\/\/blog.holyart.it\/de\/wp-content\/uploads\/sites\/12\/2022\/06\/Heilige-Herzstatue-von-Jesus.jpg\" alt=\"Heilige Herzstatue von Jesus\" width=\"100\" height=\"100\" data-kale-share-title=\"SS. Herz Jesu\" data-kale-share-url=\"https:\/\/blog.holyart.it\/de\/?p=1532\" \/><\/div>\n<div class=\"blocco-contenuto\">\n<div class=\"blocco-acquista\">Einkaufen:<\/div>\n<div class=\"blocco-titolo\"><a href=\"https:\/\/www.holyart.de\/devotionalien\/statuen\/statuen-aus-fiberglas\/fiberglas-heiliges-herz-jesu-80-cm\">Fiberglas Heiliges Herz <\/a><\/div>\n<div class=\"blocco-descrizione\">Fiberglas Heiliges Herz Jesu 80 cm.<\/div>\n<\/div>\n<\/div>\n<p>Eine Kuriosit\u00e4t. <a href=\"https:\/\/www.holyart.de\/blog\/devotionalien\/wer-ihr-schutzengel-ist-und-er-tut-10-dinge-die-man-wissen-muss\/\"><strong>Engel<\/strong><\/a> spielen eine besondere Rolle in der Verehrung und Hingabe an das Heiligste Herz Jesu. In der Tat wird das Herz Christi als die Quelle der Liebe identifiziert, die alle Menschen, aber auch die Heiligen und Engel investiert und einbezieht. Johannes Paul II. behauptete, dass das Heiligste Herz eine Art mystischer Ort aus Liebe ist, aus dem diejenigen, denen der Zugang dazu gelingt, grenzenlose und ewige Freude sch\u00f6pfen k\u00f6nnen.<\/p>\n<p>Gerade die Engel k\u00f6nnen in jedem Augenblick die barmherzige Liebe Jesu in ihrer ganzen Gr\u00f6\u00dfe und Vollkommenheit betrachten, aber, und das geht uns Menschen an, sie wirken auch als Boten, wie es die Tradition vorschreibt, zwischen Gott und den Menschen, und auch zwischen der Liebe Gottes und uns allen. Sie bilden eine Art geistige Kette, die uns der Liebe Gottes n\u00e4her bringt, uns an ihrer Unermesslichkeit teilhaben l\u00e4sst, uns ihre W\u00e4rme, ihre Vollkommenheit wahrnehmen l\u00e4sst. Und irgendwie steckt uns diese Liebe an, bringt uns n\u00e4her an Jesus, mehr wie ihn, in der F\u00e4higkeit, auf dem\u00fctige und reine Weise zu lieben, mit seiner Sanftmut, seinem Opfergeist. Mit der ganzen Kraft seines heiligen Herzens.<\/p>\n<div class=\"link-article\">\n<p><img loading=\"lazy\" decoding=\"async\" class=\"alignnone size-full wp-image-1538\" src=\"https:\/\/blog.holyart.it\/de\/wp-content\/uploads\/sites\/12\/2022\/06\/Der-Schutzengel.jpg\" alt=\"Der Schutzengel\" width=\"150\" height=\"99\" data-kale-share-title=\"SS. Herz Jesu\" data-kale-share-url=\"https:\/\/blog.holyart.it\/de\/?p=1532\" \/><\/p>\n<div class=\"leggi-anche\">Lesen Sie auch:<\/div>\n<p><strong><a href=\"https:\/\/www.holyart.de\/blog\/devotionalien\/was-ist-der-unterschied-zwischen-verehrung-andacht-und-anbetung\/\">Wer Ihr Schutzengel ist und was er tut: 10 Dinge, die man wissen muss<\/a><\/strong><br \/>\nNach christlicher Tradition hat jeder von uns einen Schutzengel, begleitet und in jedem Moment des Lebens an unserer Seite bleibt.<\/p>\n<\/div>\n","protected":false},"excerpt":{"rendered":"<p>Das Fest, das dem Heiligsten Herzen Jesu geweiht ist, geh\u00f6rt zu den sogenannten beweglichen Festen, das hei\u00dft, ein Fest, das nicht immer auf das gleiche Datum f\u00e4llt, sondern von Jahr zu Jahr variiert. Das offensichtlichste Beispiel f\u00fcr ein bewegliches Fest ist Ostern, dessen Datum sich&hellip;<\/p>\n","protected":false},"author":1,"featured_media":1533,"comment_status":"closed","ping_status":"open","sticky":false,"template":"","format":"standard","meta":{"_acf_changed":false,"footnotes":""},"categories":[18,10],"tags":[],"class_list":["post-1532","post","type-post","status-publish","format-standard","has-post-thumbnail","hentry","category-ostern","category-devotionalien"],"acf":[],"yoast_head":"<!-- This site is optimized with the Yoast SEO plugin v26.6 - https:\/\/yoast.com\/wordpress\/plugins\/seo\/ -->\n<title>SS. Herz Jesu - Holyart.de Blog<\/title>\n<meta name=\"description\" content=\"Das Fest, das dem Heiligsten Herzen Jesu geweiht ist, das nicht immer auf das gleiche Datum f\u00e4llt, sondern von Jahr zu Jahr variiert.\" \/>\n<meta name=\"robots\" content=\"index, follow, max-snippet:-1, max-image-preview:large, max-video-preview:-1\" \/>\n<link rel=\"canonical\" href=\"https:\/\/blog.holyart.it\/de\/devotionalien\/ss-herz-jesu\/\" \/>\n<meta property=\"og:locale\" content=\"de_DE\" \/>\n<meta property=\"og:type\" content=\"article\" \/>\n<meta property=\"og:title\" content=\"SS. Herz Jesu - Holyart.de Blog\" \/>\n<meta property=\"og:description\" content=\"Das Fest, das dem Heiligsten Herzen Jesu geweiht ist, das nicht immer auf das gleiche Datum f\u00e4llt, sondern von Jahr zu Jahr variiert.\" \/>\n<meta property=\"og:url\" content=\"https:\/\/blog.holyart.it\/de\/devotionalien\/ss-herz-jesu\/\" \/>\n<meta property=\"og:site_name\" content=\"Holyart.de Blog\" \/>\n<meta property=\"article:published_time\" content=\"2022-06-21T08:43:51+00:00\" \/>\n<meta property=\"article:modified_time\" content=\"2025-02-05T11:38:29+00:00\" \/>\n<meta property=\"og:image\" content=\"https:\/\/blog.holyart.it\/de\/wp-content\/uploads\/sites\/12\/2022\/06\/Heiliges-Herz-Jesu.jpg\" \/>\n\t<meta property=\"og:image:width\" content=\"1000\" \/>\n\t<meta property=\"og:image:height\" content=\"665\" \/>\n\t<meta property=\"og:image:type\" content=\"image\/jpeg\" \/>\n<meta name=\"author\" content=\"Redazione\" \/>\n<meta name=\"twitter:card\" content=\"summary_large_image\" \/>\n<meta name=\"twitter:label1\" content=\"Verfasst von\" \/>\n\t<meta name=\"twitter:data1\" content=\"Redazione\" \/>\n\t<meta name=\"twitter:label2\" content=\"Gesch\u00e4tzte Lesezeit\" \/>\n\t<meta name=\"twitter:data2\" content=\"6\u00a0Minuten\" \/>\n<script type=\"application\/ld+json\" class=\"yoast-schema-graph\">{\"@context\":\"https:\/\/schema.org\",\"@graph\":[{\"@type\":\"Article\",\"@id\":\"https:\/\/blog.holyart.it\/de\/devotionalien\/ss-herz-jesu\/#article\",\"isPartOf\":{\"@id\":\"https:\/\/blog.holyart.it\/de\/devotionalien\/ss-herz-jesu\/\"},\"author\":{\"name\":\"Redazione\",\"@id\":\"https:\/\/blog.holyart.it\/de\/#\/schema\/person\/0a7b686e5af0f856ec1e390dd0baecda\"},\"headline\":\"SS. Herz Jesu\",\"datePublished\":\"2022-06-21T08:43:51+00:00\",\"dateModified\":\"2025-02-05T11:38:29+00:00\",\"mainEntityOfPage\":{\"@id\":\"https:\/\/blog.holyart.it\/de\/devotionalien\/ss-herz-jesu\/\"},\"wordCount\":1283,\"publisher\":{\"@id\":\"https:\/\/blog.holyart.it\/de\/#organization\"},\"image\":{\"@id\":\"https:\/\/blog.holyart.it\/de\/devotionalien\/ss-herz-jesu\/#primaryimage\"},\"thumbnailUrl\":\"https:\/\/blog.holyart.it\/de\/wp-content\/uploads\/sites\/12\/2022\/06\/Heiliges-Herz-Jesu.jpg\",\"articleSection\":[\"Ostern\",\"Religion\"],\"inLanguage\":\"de\"},{\"@type\":\"WebPage\",\"@id\":\"https:\/\/blog.holyart.it\/de\/devotionalien\/ss-herz-jesu\/\",\"url\":\"https:\/\/blog.holyart.it\/de\/devotionalien\/ss-herz-jesu\/\",\"name\":\"SS. Herz Jesu - Holyart.de Blog\",\"isPartOf\":{\"@id\":\"https:\/\/blog.holyart.it\/de\/#website\"},\"primaryImageOfPage\":{\"@id\":\"https:\/\/blog.holyart.it\/de\/devotionalien\/ss-herz-jesu\/#primaryimage\"},\"image\":{\"@id\":\"https:\/\/blog.holyart.it\/de\/devotionalien\/ss-herz-jesu\/#primaryimage\"},\"thumbnailUrl\":\"https:\/\/blog.holyart.it\/de\/wp-content\/uploads\/sites\/12\/2022\/06\/Heiliges-Herz-Jesu.jpg\",\"datePublished\":\"2022-06-21T08:43:51+00:00\",\"dateModified\":\"2025-02-05T11:38:29+00:00\",\"description\":\"Das Fest, das dem Heiligsten Herzen Jesu geweiht ist, das nicht immer auf das gleiche Datum f\u00e4llt, sondern von Jahr zu Jahr variiert.\",\"breadcrumb\":{\"@id\":\"https:\/\/blog.holyart.it\/de\/devotionalien\/ss-herz-jesu\/#breadcrumb\"},\"inLanguage\":\"de\",\"potentialAction\":[{\"@type\":\"ReadAction\",\"target\":[\"https:\/\/blog.holyart.it\/de\/devotionalien\/ss-herz-jesu\/\"]}]},{\"@type\":\"ImageObject\",\"inLanguage\":\"de\",\"@id\":\"https:\/\/blog.holyart.it\/de\/devotionalien\/ss-herz-jesu\/#primaryimage\",\"url\":\"https:\/\/blog.holyart.it\/de\/wp-content\/uploads\/sites\/12\/2022\/06\/Heiliges-Herz-Jesu.jpg\",\"contentUrl\":\"https:\/\/blog.holyart.it\/de\/wp-content\/uploads\/sites\/12\/2022\/06\/Heiliges-Herz-Jesu.jpg\",\"width\":1000,\"height\":665,\"caption\":\"Heiliges Herz Jesu\"},{\"@type\":\"BreadcrumbList\",\"@id\":\"https:\/\/blog.holyart.it\/de\/devotionalien\/ss-herz-jesu\/#breadcrumb\",\"itemListElement\":[{\"@type\":\"ListItem\",\"position\":1,\"name\":\"Homepage\",\"item\":\"https:\/\/blog.holyart.it\/de\/\"},{\"@type\":\"ListItem\",\"position\":2,\"name\":\"Religion\",\"item\":\"https:\/\/blog.holyart.it\/de\/devotionalien\/\"},{\"@type\":\"ListItem\",\"position\":3,\"name\":\"SS. Herz Jesu\"}]},{\"@type\":\"WebSite\",\"@id\":\"https:\/\/blog.holyart.it\/de\/#website\",\"url\":\"https:\/\/blog.holyart.it\/de\/\",\"name\":\"Holyart.de Blog\",\"description\":\"Holyblog\",\"publisher\":{\"@id\":\"https:\/\/blog.holyart.it\/de\/#organization\"},\"potentialAction\":[{\"@type\":\"SearchAction\",\"target\":{\"@type\":\"EntryPoint\",\"urlTemplate\":\"https:\/\/blog.holyart.it\/de\/?s={search_term_string}\"},\"query-input\":{\"@type\":\"PropertyValueSpecification\",\"valueRequired\":true,\"valueName\":\"search_term_string\"}}],\"inLanguage\":\"de\"},{\"@type\":\"Organization\",\"@id\":\"https:\/\/blog.holyart.it\/de\/#organization\",\"name\":\"Holyart.de Blog\",\"url\":\"https:\/\/blog.holyart.it\/de\/\",\"logo\":{\"@type\":\"ImageObject\",\"inLanguage\":\"de\",\"@id\":\"https:\/\/blog.holyart.it\/de\/#\/schema\/logo\/image\/\",\"url\":\"https:\/\/blog.holyart.it\/de\/wp-content\/uploads\/sites\/12\/2022\/12\/Holyart_Blog_Logo.jpg\",\"contentUrl\":\"https:\/\/blog.holyart.it\/de\/wp-content\/uploads\/sites\/12\/2022\/12\/Holyart_Blog_Logo.jpg\",\"width\":300,\"height\":50,\"caption\":\"Holyart.de Blog\"},\"image\":{\"@id\":\"https:\/\/blog.holyart.it\/de\/#\/schema\/logo\/image\/\"}},{\"@type\":\"Person\",\"@id\":\"https:\/\/blog.holyart.it\/de\/#\/schema\/person\/0a7b686e5af0f856ec1e390dd0baecda\",\"name\":\"Redazione\",\"image\":{\"@type\":\"ImageObject\",\"inLanguage\":\"de\",\"@id\":\"https:\/\/blog.holyart.it\/de\/#\/schema\/person\/image\/\",\"url\":\"https:\/\/secure.gravatar.com\/avatar\/f477da817f43e50d0af36abecd33e3edf826c68299714bdc1057dff3b113f516?s=96&d=mm&r=g\",\"contentUrl\":\"https:\/\/secure.gravatar.com\/avatar\/f477da817f43e50d0af36abecd33e3edf826c68299714bdc1057dff3b113f516?s=96&d=mm&r=g\",\"caption\":\"Redazione\"}}]}<\/script>\n<!-- \/ Yoast SEO plugin. -->","yoast_head_json":{"title":"SS. Herz Jesu - Holyart.de Blog","description":"Das Fest, das dem Heiligsten Herzen Jesu geweiht ist, das nicht immer auf das gleiche Datum f\u00e4llt, sondern von Jahr zu Jahr variiert.","robots":{"index":"index","follow":"follow","max-snippet":"max-snippet:-1","max-image-preview":"max-image-preview:large","max-video-preview":"max-video-preview:-1"},"canonical":"https:\/\/blog.holyart.it\/de\/devotionalien\/ss-herz-jesu\/","og_locale":"de_DE","og_type":"article","og_title":"SS. Herz Jesu - Holyart.de Blog","og_description":"Das Fest, das dem Heiligsten Herzen Jesu geweiht ist, das nicht immer auf das gleiche Datum f\u00e4llt, sondern von Jahr zu Jahr variiert.","og_url":"https:\/\/blog.holyart.it\/de\/devotionalien\/ss-herz-jesu\/","og_site_name":"Holyart.de Blog","article_published_time":"2022-06-21T08:43:51+00:00","article_modified_time":"2025-02-05T11:38:29+00:00","og_image":[{"width":1000,"height":665,"url":"https:\/\/blog.holyart.it\/de\/wp-content\/uploads\/sites\/12\/2022\/06\/Heiliges-Herz-Jesu.jpg","type":"image\/jpeg"}],"author":"Redazione","twitter_card":"summary_large_image","twitter_misc":{"Verfasst von":"Redazione","Gesch\u00e4tzte Lesezeit":"6\u00a0Minuten"},"schema":{"@context":"https:\/\/schema.org","@graph":[{"@type":"Article","@id":"https:\/\/blog.holyart.it\/de\/devotionalien\/ss-herz-jesu\/#article","isPartOf":{"@id":"https:\/\/blog.holyart.it\/de\/devotionalien\/ss-herz-jesu\/"},"author":{"name":"Redazione","@id":"https:\/\/blog.holyart.it\/de\/#\/schema\/person\/0a7b686e5af0f856ec1e390dd0baecda"},"headline":"SS. Herz Jesu","datePublished":"2022-06-21T08:43:51+00:00","dateModified":"2025-02-05T11:38:29+00:00","mainEntityOfPage":{"@id":"https:\/\/blog.holyart.it\/de\/devotionalien\/ss-herz-jesu\/"},"wordCount":1283,"publisher":{"@id":"https:\/\/blog.holyart.it\/de\/#organization"},"image":{"@id":"https:\/\/blog.holyart.it\/de\/devotionalien\/ss-herz-jesu\/#primaryimage"},"thumbnailUrl":"https:\/\/blog.holyart.it\/de\/wp-content\/uploads\/sites\/12\/2022\/06\/Heiliges-Herz-Jesu.jpg","articleSection":["Ostern","Religion"],"inLanguage":"de"},{"@type":"WebPage","@id":"https:\/\/blog.holyart.it\/de\/devotionalien\/ss-herz-jesu\/","url":"https:\/\/blog.holyart.it\/de\/devotionalien\/ss-herz-jesu\/","name":"SS. Herz Jesu - Holyart.de Blog","isPartOf":{"@id":"https:\/\/blog.holyart.it\/de\/#website"},"primaryImageOfPage":{"@id":"https:\/\/blog.holyart.it\/de\/devotionalien\/ss-herz-jesu\/#primaryimage"},"image":{"@id":"https:\/\/blog.holyart.it\/de\/devotionalien\/ss-herz-jesu\/#primaryimage"},"thumbnailUrl":"https:\/\/blog.holyart.it\/de\/wp-content\/uploads\/sites\/12\/2022\/06\/Heiliges-Herz-Jesu.jpg","datePublished":"2022-06-21T08:43:51+00:00","dateModified":"2025-02-05T11:38:29+00:00","description":"Das Fest, das dem Heiligsten Herzen Jesu geweiht ist, das nicht immer auf das gleiche Datum f\u00e4llt, sondern von Jahr zu Jahr variiert.","breadcrumb":{"@id":"https:\/\/blog.holyart.it\/de\/devotionalien\/ss-herz-jesu\/#breadcrumb"},"inLanguage":"de","potentialAction":[{"@type":"ReadAction","target":["https:\/\/blog.holyart.it\/de\/devotionalien\/ss-herz-jesu\/"]}]},{"@type":"ImageObject","inLanguage":"de","@id":"https:\/\/blog.holyart.it\/de\/devotionalien\/ss-herz-jesu\/#primaryimage","url":"https:\/\/blog.holyart.it\/de\/wp-content\/uploads\/sites\/12\/2022\/06\/Heiliges-Herz-Jesu.jpg","contentUrl":"https:\/\/blog.holyart.it\/de\/wp-content\/uploads\/sites\/12\/2022\/06\/Heiliges-Herz-Jesu.jpg","width":1000,"height":665,"caption":"Heiliges Herz Jesu"},{"@type":"BreadcrumbList","@id":"https:\/\/blog.holyart.it\/de\/devotionalien\/ss-herz-jesu\/#breadcrumb","itemListElement":[{"@type":"ListItem","position":1,"name":"Homepage","item":"https:\/\/blog.holyart.it\/de\/"},{"@type":"ListItem","position":2,"name":"Religion","item":"https:\/\/blog.holyart.it\/de\/devotionalien\/"},{"@type":"ListItem","position":3,"name":"SS. Herz Jesu"}]},{"@type":"WebSite","@id":"https:\/\/blog.holyart.it\/de\/#website","url":"https:\/\/blog.holyart.it\/de\/","name":"Holyart.de Blog","description":"Holyblog","publisher":{"@id":"https:\/\/blog.holyart.it\/de\/#organization"},"potentialAction":[{"@type":"SearchAction","target":{"@type":"EntryPoint","urlTemplate":"https:\/\/blog.holyart.it\/de\/?s={search_term_string}"},"query-input":{"@type":"PropertyValueSpecification","valueRequired":true,"valueName":"search_term_string"}}],"inLanguage":"de"},{"@type":"Organization","@id":"https:\/\/blog.holyart.it\/de\/#organization","name":"Holyart.de Blog","url":"https:\/\/blog.holyart.it\/de\/","logo":{"@type":"ImageObject","inLanguage":"de","@id":"https:\/\/blog.holyart.it\/de\/#\/schema\/logo\/image\/","url":"https:\/\/blog.holyart.it\/de\/wp-content\/uploads\/sites\/12\/2022\/12\/Holyart_Blog_Logo.jpg","contentUrl":"https:\/\/blog.holyart.it\/de\/wp-content\/uploads\/sites\/12\/2022\/12\/Holyart_Blog_Logo.jpg","width":300,"height":50,"caption":"Holyart.de Blog"},"image":{"@id":"https:\/\/blog.holyart.it\/de\/#\/schema\/logo\/image\/"}},{"@type":"Person","@id":"https:\/\/blog.holyart.it\/de\/#\/schema\/person\/0a7b686e5af0f856ec1e390dd0baecda","name":"Redazione","image":{"@type":"ImageObject","inLanguage":"de","@id":"https:\/\/blog.holyart.it\/de\/#\/schema\/person\/image\/","url":"https:\/\/secure.gravatar.com\/avatar\/f477da817f43e50d0af36abecd33e3edf826c68299714bdc1057dff3b113f516?s=96&d=mm&r=g","contentUrl":"https:\/\/secure.gravatar.com\/avatar\/f477da817f43e50d0af36abecd33e3edf826c68299714bdc1057dff3b113f516?s=96&d=mm&r=g","caption":"Redazione"}}]}},"_links":{"self":[{"href":"https:\/\/blog.holyart.it\/de\/wp-json\/wp\/v2\/posts\/1532","targetHints":{"allow":["GET"]}}],"collection":[{"href":"https:\/\/blog.holyart.it\/de\/wp-json\/wp\/v2\/posts"}],"about":[{"href":"https:\/\/blog.holyart.it\/de\/wp-json\/wp\/v2\/types\/post"}],"author":[{"embeddable":true,"href":"https:\/\/blog.holyart.it\/de\/wp-json\/wp\/v2\/users\/1"}],"replies":[{"embeddable":true,"href":"https:\/\/blog.holyart.it\/de\/wp-json\/wp\/v2\/comments?post=1532"}],"version-history":[{"count":1,"href":"https:\/\/blog.holyart.it\/de\/wp-json\/wp\/v2\/posts\/1532\/revisions"}],"predecessor-version":[{"id":5519,"href":"https:\/\/blog.holyart.it\/de\/wp-json\/wp\/v2\/posts\/1532\/revisions\/5519"}],"wp:featuredmedia":[{"embeddable":true,"href":"https:\/\/blog.holyart.it\/de\/wp-json\/wp\/v2\/media\/1533"}],"wp:attachment":[{"href":"https:\/\/blog.holyart.it\/de\/wp-json\/wp\/v2\/media?parent=1532"}],"wp:term":[{"taxonomy":"category","embeddable":true,"href":"https:\/\/blog.holyart.it\/de\/wp-json\/wp\/v2\/categories?post=1532"},{"taxonomy":"post_tag","embeddable":true,"href":"https:\/\/blog.holyart.it\/de\/wp-json\/wp\/v2\/tags?post=1532"}],"curies":[{"name":"wp","href":"https:\/\/api.w.org\/{rel}","templated":true}]}}