{"id":147,"date":"2016-09-07T17:44:47","date_gmt":"2016-09-07T15:44:47","guid":{"rendered":"https:\/\/blog.holyart.it\/de\/?p=147"},"modified":"2016-10-21T17:44:56","modified_gmt":"2016-10-21T15:44:56","slug":"gottesmutter-vom-berge-karmel","status":"publish","type":"post","link":"https:\/\/blog.holyart.it\/de\/heilige-und-selige\/gottesmutter-vom-berge-karmel\/","title":{"rendered":"Gottesmutter Vom Berge Karmel"},"content":{"rendered":"<p><strong>Unsere Liebe Frau auf dem Berge Karmel<\/strong> (oder vom Berge Karmel) ist ein Ehrentitel der Gottesmutter. Der Gedenktag ist am 16. Juli, als im Jahr 1251 die Gottesmutter an den englischen Pfarrer <strong>Simone Stock<\/strong> erschien, der Prior des Ordens der Karmeliten.<\/p>\n<p>Die Berge Karmel (aus aram\u00e4isch \u201eGarten\u201c) in Israel ist als Ort von gro\u00dfen Mystizismus und geistliche Kraft betrachtet. Schon der <strong>Prophet Elia<\/strong> erz\u00e4hlte er hatte die Gottesmutter als Erscheinung auf der Berge gesehen, als er da mit anderen Leuten beim Beten war und in Streit mit den Priester des Gottes Baal. Die <strong>Gottesmutter<\/strong> als Symbol der W\u00f6rter Gottes, seiner Gro\u00dfz\u00fcgigkeit. Der Abhang der Berge bekam Ort von Gebet und Verehrung f\u00fcr M\u00f6nchen und Einsiedler, die Br\u00fcder der Gottesmutter vom Berge Karmel, und die Karmeliten danach.<\/p>\n<p>Die <strong><a title=\"Gottesmutter vom Berge Karmel\" href=\"http:\/\/www.holyart.de\/devotionalien\/statuen\/figuren-aus-harz-und-pvc\/unsere-liebe-frau-auf-dem-berge-karmel-harz-60cm\">Gottesmutter vom Berge Karmel<\/a><\/strong> erschien an Simone Stock, Prior der Karmeliten. Sie war umkreist mit Engeln, voll von Licht und mit dem Christking in den Armen. Sie gab dem Ordensbruder ein Skapul\u00e4r aus Stoff mit einem Loch f\u00fcr den Kopf, der auf dem Brust und dem R\u00fccken f\u00e4llt. Das gibt Rettung gegen H\u00f6lle und die Sorgen des Fegefeuers. Die <strong>Gottesmutter vom Berge Karmel<\/strong> sagte \u201edas ist ein Vorteil f\u00fcr dich und deine Br\u00fcder: wer beim Sterben dieses Skapul\u00e4r anzieht, wird gerettet sein\u201c.<\/p>\n<p>Die Karmeliten, ergeben der <strong>Gottesmutter auf dem Berge Karmel<\/strong>, haben als Regel, die von dem Prophet Elia gegeben: Nachtwachen, Fastenkur, Abstinenz, Armut und Stille. und noch die Anziehung des Skapul\u00e4rs von der <strong>Gottesmutter vom Berge Karmel<\/strong>.<\/p>\n<p>Simone Stock, selig gesprochen, verbreitete die Verehrung der <strong>Gottesmutter vom Berge Karmel<\/strong> auch in Europa und schrieb f\u00fcr Sie eine Hymne, das \u201eFlos Carmeli\u201c.<\/p>\n","protected":false},"excerpt":{"rendered":"<p>Unsere Liebe Frau auf dem Berge Karmel (oder vom Berge Karmel) ist ein Ehrentitel der Gottesmutter. Der Gedenktag ist am 16. Juli, als im Jahr 1251 die Gottesmutter an den englischen Pfarrer Simone Stock erschien, der Prior des Ordens der Karmeliten. Die Berge Karmel (aus&hellip;<\/p>\n","protected":false},"author":1,"featured_media":148,"comment_status":"closed","ping_status":"open","sticky":false,"template":"","format":"standard","meta":{"_acf_changed":false,"footnotes":""},"categories":[9],"tags":[],"class_list":["post-147","post","type-post","status-publish","format-standard","has-post-thumbnail","hentry","category-heilige-und-selige"],"acf":[],"yoast_head":"<!-- This site is optimized with the Yoast SEO plugin v26.6 - https:\/\/yoast.com\/wordpress\/plugins\/seo\/ -->\n<title>Gottesmutter Vom Berge Karmel - Holyart.de Blog<\/title>\n<meta name=\"description\" content=\"Unsere Liebe Frau auf dem Berge Karmel (oder vom Berge Karmel) ist ein Ehrentitel der Gottesmutter. Der Gedenktag ist am 16. Juli\" \/>\n<meta name=\"robots\" content=\"index, follow, max-snippet:-1, max-image-preview:large, max-video-preview:-1\" \/>\n<link rel=\"canonical\" href=\"https:\/\/blog.holyart.it\/de\/heilige-und-selige\/gottesmutter-vom-berge-karmel\/\" \/>\n<meta property=\"og:locale\" content=\"de_DE\" \/>\n<meta property=\"og:type\" content=\"article\" \/>\n<meta property=\"og:title\" content=\"Gottesmutter Vom Berge Karmel - Holyart.de Blog\" \/>\n<meta property=\"og:description\" content=\"Unsere Liebe Frau auf dem Berge Karmel (oder vom Berge Karmel) ist ein Ehrentitel der Gottesmutter. Der Gedenktag ist am 16. Juli\" \/>\n<meta property=\"og:url\" content=\"https:\/\/blog.holyart.it\/de\/heilige-und-selige\/gottesmutter-vom-berge-karmel\/\" \/>\n<meta property=\"og:site_name\" content=\"Holyart.de Blog\" \/>\n<meta property=\"article:published_time\" content=\"2016-09-07T15:44:47+00:00\" \/>\n<meta property=\"article:modified_time\" content=\"2016-10-21T15:44:56+00:00\" \/>\n<meta property=\"og:image\" content=\"https:\/\/blog.holyart.it\/de\/wp-content\/uploads\/sites\/12\/2016\/10\/Gottesmutter-Vom-Berge-Karmel.jpg\" \/>\n\t<meta property=\"og:image:width\" content=\"744\" \/>\n\t<meta property=\"og:image:height\" content=\"432\" \/>\n\t<meta property=\"og:image:type\" content=\"image\/jpeg\" \/>\n<meta name=\"author\" content=\"Redazione\" \/>\n<meta name=\"twitter:card\" content=\"summary_large_image\" \/>\n<meta name=\"twitter:label1\" content=\"Verfasst von\" \/>\n\t<meta name=\"twitter:data1\" content=\"Redazione\" \/>\n\t<meta name=\"twitter:label2\" content=\"Gesch\u00e4tzte Lesezeit\" \/>\n\t<meta name=\"twitter:data2\" content=\"1\u00a0Minute\" \/>\n<script type=\"application\/ld+json\" class=\"yoast-schema-graph\">{\"@context\":\"https:\/\/schema.org\",\"@graph\":[{\"@type\":\"Article\",\"@id\":\"https:\/\/blog.holyart.it\/de\/heilige-und-selige\/gottesmutter-vom-berge-karmel\/#article\",\"isPartOf\":{\"@id\":\"https:\/\/blog.holyart.it\/de\/heilige-und-selige\/gottesmutter-vom-berge-karmel\/\"},\"author\":{\"name\":\"Redazione\",\"@id\":\"https:\/\/blog.holyart.it\/de\/#\/schema\/person\/0a7b686e5af0f856ec1e390dd0baecda\"},\"headline\":\"Gottesmutter Vom Berge Karmel\",\"datePublished\":\"2016-09-07T15:44:47+00:00\",\"dateModified\":\"2016-10-21T15:44:56+00:00\",\"mainEntityOfPage\":{\"@id\":\"https:\/\/blog.holyart.it\/de\/heilige-und-selige\/gottesmutter-vom-berge-karmel\/\"},\"wordCount\":290,\"publisher\":{\"@id\":\"https:\/\/blog.holyart.it\/de\/#organization\"},\"image\":{\"@id\":\"https:\/\/blog.holyart.it\/de\/heilige-und-selige\/gottesmutter-vom-berge-karmel\/#primaryimage\"},\"thumbnailUrl\":\"https:\/\/blog.holyart.it\/de\/wp-content\/uploads\/sites\/12\/2016\/10\/Gottesmutter-Vom-Berge-Karmel.jpg\",\"articleSection\":[\"Heilige und Selige\"],\"inLanguage\":\"de\"},{\"@type\":\"WebPage\",\"@id\":\"https:\/\/blog.holyart.it\/de\/heilige-und-selige\/gottesmutter-vom-berge-karmel\/\",\"url\":\"https:\/\/blog.holyart.it\/de\/heilige-und-selige\/gottesmutter-vom-berge-karmel\/\",\"name\":\"Gottesmutter Vom Berge Karmel - Holyart.de Blog\",\"isPartOf\":{\"@id\":\"https:\/\/blog.holyart.it\/de\/#website\"},\"primaryImageOfPage\":{\"@id\":\"https:\/\/blog.holyart.it\/de\/heilige-und-selige\/gottesmutter-vom-berge-karmel\/#primaryimage\"},\"image\":{\"@id\":\"https:\/\/blog.holyart.it\/de\/heilige-und-selige\/gottesmutter-vom-berge-karmel\/#primaryimage\"},\"thumbnailUrl\":\"https:\/\/blog.holyart.it\/de\/wp-content\/uploads\/sites\/12\/2016\/10\/Gottesmutter-Vom-Berge-Karmel.jpg\",\"datePublished\":\"2016-09-07T15:44:47+00:00\",\"dateModified\":\"2016-10-21T15:44:56+00:00\",\"description\":\"Unsere Liebe Frau auf dem Berge Karmel (oder vom Berge Karmel) ist ein Ehrentitel der Gottesmutter. Der Gedenktag ist am 16. Juli\",\"breadcrumb\":{\"@id\":\"https:\/\/blog.holyart.it\/de\/heilige-und-selige\/gottesmutter-vom-berge-karmel\/#breadcrumb\"},\"inLanguage\":\"de\",\"potentialAction\":[{\"@type\":\"ReadAction\",\"target\":[\"https:\/\/blog.holyart.it\/de\/heilige-und-selige\/gottesmutter-vom-berge-karmel\/\"]}]},{\"@type\":\"ImageObject\",\"inLanguage\":\"de\",\"@id\":\"https:\/\/blog.holyart.it\/de\/heilige-und-selige\/gottesmutter-vom-berge-karmel\/#primaryimage\",\"url\":\"https:\/\/blog.holyart.it\/de\/wp-content\/uploads\/sites\/12\/2016\/10\/Gottesmutter-Vom-Berge-Karmel.jpg\",\"contentUrl\":\"https:\/\/blog.holyart.it\/de\/wp-content\/uploads\/sites\/12\/2016\/10\/Gottesmutter-Vom-Berge-Karmel.jpg\",\"width\":744,\"height\":432,\"caption\":\"Gottesmutter Vom Berge Karmel\"},{\"@type\":\"BreadcrumbList\",\"@id\":\"https:\/\/blog.holyart.it\/de\/heilige-und-selige\/gottesmutter-vom-berge-karmel\/#breadcrumb\",\"itemListElement\":[{\"@type\":\"ListItem\",\"position\":1,\"name\":\"Homepage\",\"item\":\"https:\/\/blog.holyart.it\/de\/\"},{\"@type\":\"ListItem\",\"position\":2,\"name\":\"Heilige und Selige\",\"item\":\"https:\/\/blog.holyart.it\/de\/heilige-und-selige\/\"},{\"@type\":\"ListItem\",\"position\":3,\"name\":\"Gottesmutter Vom Berge Karmel\"}]},{\"@type\":\"WebSite\",\"@id\":\"https:\/\/blog.holyart.it\/de\/#website\",\"url\":\"https:\/\/blog.holyart.it\/de\/\",\"name\":\"Holyart.de Blog\",\"description\":\"Holyblog\",\"publisher\":{\"@id\":\"https:\/\/blog.holyart.it\/de\/#organization\"},\"potentialAction\":[{\"@type\":\"SearchAction\",\"target\":{\"@type\":\"EntryPoint\",\"urlTemplate\":\"https:\/\/blog.holyart.it\/de\/?s={search_term_string}\"},\"query-input\":{\"@type\":\"PropertyValueSpecification\",\"valueRequired\":true,\"valueName\":\"search_term_string\"}}],\"inLanguage\":\"de\"},{\"@type\":\"Organization\",\"@id\":\"https:\/\/blog.holyart.it\/de\/#organization\",\"name\":\"Holyart.de Blog\",\"url\":\"https:\/\/blog.holyart.it\/de\/\",\"logo\":{\"@type\":\"ImageObject\",\"inLanguage\":\"de\",\"@id\":\"https:\/\/blog.holyart.it\/de\/#\/schema\/logo\/image\/\",\"url\":\"https:\/\/blog.holyart.it\/de\/wp-content\/uploads\/sites\/12\/2022\/12\/Holyart_Blog_Logo.jpg\",\"contentUrl\":\"https:\/\/blog.holyart.it\/de\/wp-content\/uploads\/sites\/12\/2022\/12\/Holyart_Blog_Logo.jpg\",\"width\":300,\"height\":50,\"caption\":\"Holyart.de Blog\"},\"image\":{\"@id\":\"https:\/\/blog.holyart.it\/de\/#\/schema\/logo\/image\/\"}},{\"@type\":\"Person\",\"@id\":\"https:\/\/blog.holyart.it\/de\/#\/schema\/person\/0a7b686e5af0f856ec1e390dd0baecda\",\"name\":\"Redazione\",\"image\":{\"@type\":\"ImageObject\",\"inLanguage\":\"de\",\"@id\":\"https:\/\/blog.holyart.it\/de\/#\/schema\/person\/image\/\",\"url\":\"https:\/\/secure.gravatar.com\/avatar\/f477da817f43e50d0af36abecd33e3edf826c68299714bdc1057dff3b113f516?s=96&d=mm&r=g\",\"contentUrl\":\"https:\/\/secure.gravatar.com\/avatar\/f477da817f43e50d0af36abecd33e3edf826c68299714bdc1057dff3b113f516?s=96&d=mm&r=g\",\"caption\":\"Redazione\"}}]}<\/script>\n<!-- \/ Yoast SEO plugin. -->","yoast_head_json":{"title":"Gottesmutter Vom Berge Karmel - Holyart.de Blog","description":"Unsere Liebe Frau auf dem Berge Karmel (oder vom Berge Karmel) ist ein Ehrentitel der Gottesmutter. Der Gedenktag ist am 16. Juli","robots":{"index":"index","follow":"follow","max-snippet":"max-snippet:-1","max-image-preview":"max-image-preview:large","max-video-preview":"max-video-preview:-1"},"canonical":"https:\/\/blog.holyart.it\/de\/heilige-und-selige\/gottesmutter-vom-berge-karmel\/","og_locale":"de_DE","og_type":"article","og_title":"Gottesmutter Vom Berge Karmel - Holyart.de Blog","og_description":"Unsere Liebe Frau auf dem Berge Karmel (oder vom Berge Karmel) ist ein Ehrentitel der Gottesmutter. Der Gedenktag ist am 16. Juli","og_url":"https:\/\/blog.holyart.it\/de\/heilige-und-selige\/gottesmutter-vom-berge-karmel\/","og_site_name":"Holyart.de Blog","article_published_time":"2016-09-07T15:44:47+00:00","article_modified_time":"2016-10-21T15:44:56+00:00","og_image":[{"width":744,"height":432,"url":"https:\/\/blog.holyart.it\/de\/wp-content\/uploads\/sites\/12\/2016\/10\/Gottesmutter-Vom-Berge-Karmel.jpg","type":"image\/jpeg"}],"author":"Redazione","twitter_card":"summary_large_image","twitter_misc":{"Verfasst von":"Redazione","Gesch\u00e4tzte Lesezeit":"1\u00a0Minute"},"schema":{"@context":"https:\/\/schema.org","@graph":[{"@type":"Article","@id":"https:\/\/blog.holyart.it\/de\/heilige-und-selige\/gottesmutter-vom-berge-karmel\/#article","isPartOf":{"@id":"https:\/\/blog.holyart.it\/de\/heilige-und-selige\/gottesmutter-vom-berge-karmel\/"},"author":{"name":"Redazione","@id":"https:\/\/blog.holyart.it\/de\/#\/schema\/person\/0a7b686e5af0f856ec1e390dd0baecda"},"headline":"Gottesmutter Vom Berge Karmel","datePublished":"2016-09-07T15:44:47+00:00","dateModified":"2016-10-21T15:44:56+00:00","mainEntityOfPage":{"@id":"https:\/\/blog.holyart.it\/de\/heilige-und-selige\/gottesmutter-vom-berge-karmel\/"},"wordCount":290,"publisher":{"@id":"https:\/\/blog.holyart.it\/de\/#organization"},"image":{"@id":"https:\/\/blog.holyart.it\/de\/heilige-und-selige\/gottesmutter-vom-berge-karmel\/#primaryimage"},"thumbnailUrl":"https:\/\/blog.holyart.it\/de\/wp-content\/uploads\/sites\/12\/2016\/10\/Gottesmutter-Vom-Berge-Karmel.jpg","articleSection":["Heilige und Selige"],"inLanguage":"de"},{"@type":"WebPage","@id":"https:\/\/blog.holyart.it\/de\/heilige-und-selige\/gottesmutter-vom-berge-karmel\/","url":"https:\/\/blog.holyart.it\/de\/heilige-und-selige\/gottesmutter-vom-berge-karmel\/","name":"Gottesmutter Vom Berge Karmel - Holyart.de Blog","isPartOf":{"@id":"https:\/\/blog.holyart.it\/de\/#website"},"primaryImageOfPage":{"@id":"https:\/\/blog.holyart.it\/de\/heilige-und-selige\/gottesmutter-vom-berge-karmel\/#primaryimage"},"image":{"@id":"https:\/\/blog.holyart.it\/de\/heilige-und-selige\/gottesmutter-vom-berge-karmel\/#primaryimage"},"thumbnailUrl":"https:\/\/blog.holyart.it\/de\/wp-content\/uploads\/sites\/12\/2016\/10\/Gottesmutter-Vom-Berge-Karmel.jpg","datePublished":"2016-09-07T15:44:47+00:00","dateModified":"2016-10-21T15:44:56+00:00","description":"Unsere Liebe Frau auf dem Berge Karmel (oder vom Berge Karmel) ist ein Ehrentitel der Gottesmutter. Der Gedenktag ist am 16. Juli","breadcrumb":{"@id":"https:\/\/blog.holyart.it\/de\/heilige-und-selige\/gottesmutter-vom-berge-karmel\/#breadcrumb"},"inLanguage":"de","potentialAction":[{"@type":"ReadAction","target":["https:\/\/blog.holyart.it\/de\/heilige-und-selige\/gottesmutter-vom-berge-karmel\/"]}]},{"@type":"ImageObject","inLanguage":"de","@id":"https:\/\/blog.holyart.it\/de\/heilige-und-selige\/gottesmutter-vom-berge-karmel\/#primaryimage","url":"https:\/\/blog.holyart.it\/de\/wp-content\/uploads\/sites\/12\/2016\/10\/Gottesmutter-Vom-Berge-Karmel.jpg","contentUrl":"https:\/\/blog.holyart.it\/de\/wp-content\/uploads\/sites\/12\/2016\/10\/Gottesmutter-Vom-Berge-Karmel.jpg","width":744,"height":432,"caption":"Gottesmutter Vom Berge Karmel"},{"@type":"BreadcrumbList","@id":"https:\/\/blog.holyart.it\/de\/heilige-und-selige\/gottesmutter-vom-berge-karmel\/#breadcrumb","itemListElement":[{"@type":"ListItem","position":1,"name":"Homepage","item":"https:\/\/blog.holyart.it\/de\/"},{"@type":"ListItem","position":2,"name":"Heilige und Selige","item":"https:\/\/blog.holyart.it\/de\/heilige-und-selige\/"},{"@type":"ListItem","position":3,"name":"Gottesmutter Vom Berge Karmel"}]},{"@type":"WebSite","@id":"https:\/\/blog.holyart.it\/de\/#website","url":"https:\/\/blog.holyart.it\/de\/","name":"Holyart.de Blog","description":"Holyblog","publisher":{"@id":"https:\/\/blog.holyart.it\/de\/#organization"},"potentialAction":[{"@type":"SearchAction","target":{"@type":"EntryPoint","urlTemplate":"https:\/\/blog.holyart.it\/de\/?s={search_term_string}"},"query-input":{"@type":"PropertyValueSpecification","valueRequired":true,"valueName":"search_term_string"}}],"inLanguage":"de"},{"@type":"Organization","@id":"https:\/\/blog.holyart.it\/de\/#organization","name":"Holyart.de Blog","url":"https:\/\/blog.holyart.it\/de\/","logo":{"@type":"ImageObject","inLanguage":"de","@id":"https:\/\/blog.holyart.it\/de\/#\/schema\/logo\/image\/","url":"https:\/\/blog.holyart.it\/de\/wp-content\/uploads\/sites\/12\/2022\/12\/Holyart_Blog_Logo.jpg","contentUrl":"https:\/\/blog.holyart.it\/de\/wp-content\/uploads\/sites\/12\/2022\/12\/Holyart_Blog_Logo.jpg","width":300,"height":50,"caption":"Holyart.de Blog"},"image":{"@id":"https:\/\/blog.holyart.it\/de\/#\/schema\/logo\/image\/"}},{"@type":"Person","@id":"https:\/\/blog.holyart.it\/de\/#\/schema\/person\/0a7b686e5af0f856ec1e390dd0baecda","name":"Redazione","image":{"@type":"ImageObject","inLanguage":"de","@id":"https:\/\/blog.holyart.it\/de\/#\/schema\/person\/image\/","url":"https:\/\/secure.gravatar.com\/avatar\/f477da817f43e50d0af36abecd33e3edf826c68299714bdc1057dff3b113f516?s=96&d=mm&r=g","contentUrl":"https:\/\/secure.gravatar.com\/avatar\/f477da817f43e50d0af36abecd33e3edf826c68299714bdc1057dff3b113f516?s=96&d=mm&r=g","caption":"Redazione"}}]}},"_links":{"self":[{"href":"https:\/\/blog.holyart.it\/de\/wp-json\/wp\/v2\/posts\/147","targetHints":{"allow":["GET"]}}],"collection":[{"href":"https:\/\/blog.holyart.it\/de\/wp-json\/wp\/v2\/posts"}],"about":[{"href":"https:\/\/blog.holyart.it\/de\/wp-json\/wp\/v2\/types\/post"}],"author":[{"embeddable":true,"href":"https:\/\/blog.holyart.it\/de\/wp-json\/wp\/v2\/users\/1"}],"replies":[{"embeddable":true,"href":"https:\/\/blog.holyart.it\/de\/wp-json\/wp\/v2\/comments?post=147"}],"version-history":[{"count":0,"href":"https:\/\/blog.holyart.it\/de\/wp-json\/wp\/v2\/posts\/147\/revisions"}],"wp:featuredmedia":[{"embeddable":true,"href":"https:\/\/blog.holyart.it\/de\/wp-json\/wp\/v2\/media\/148"}],"wp:attachment":[{"href":"https:\/\/blog.holyart.it\/de\/wp-json\/wp\/v2\/media?parent=147"}],"wp:term":[{"taxonomy":"category","embeddable":true,"href":"https:\/\/blog.holyart.it\/de\/wp-json\/wp\/v2\/categories?post=147"},{"taxonomy":"post_tag","embeddable":true,"href":"https:\/\/blog.holyart.it\/de\/wp-json\/wp\/v2\/tags?post=147"}],"curies":[{"name":"wp","href":"https:\/\/api.w.org\/{rel}","templated":true}]}}