{"id":1396,"date":"2022-03-15T14:38:50","date_gmt":"2022-03-15T13:38:50","guid":{"rendered":"https:\/\/blog.holyart.it\/de\/?p=1396"},"modified":"2022-10-21T17:13:03","modified_gmt":"2022-10-21T15:13:03","slug":"novene-zum-hl-josef-fuer-den-tag-der-arbeit","status":"publish","type":"post","link":"https:\/\/blog.holyart.it\/de\/heilige-und-selige\/novene-zum-hl-josef-fuer-den-tag-der-arbeit\/","title":{"rendered":"Novene zum hl. Josef f\u00fcr den Tag der Arbeit"},"content":{"rendered":"<h4><em>Der heilige Josef ist eine unverzichtbare Figur, wenn man seine Gedanken auf das Leben und Wirken Jesu richtet.<\/em><\/h4>\n\n<p>Obwohl er aller Wahrscheinlichkeit nach bereits tot war, als dieser seine Mission begann, bleibt es wahr, dass seine Rolle als Marias Ehemann und <a href=\"https:\/\/www.holyart.de\/blog\/heilige-und-selige\/heiliger-josef-patron-der-ganzen-kirche\/\"><strong>mutma\u00dflicher Vater des Erl\u00f6sers<\/strong><\/a> ihn zu den wichtigsten und verehrtesten Heiligen der katholischen Kirche macht.<\/p>\n<p>Seine Popularit\u00e4t beruht auf einer Reihe von Gr\u00fcnden. <strong>Zuallererst war er ein gerechter Mann<\/strong>. So wird es auch im Matth\u00e4us-Evangelium definiert. Nur weil er Maria nicht \u00f6ffentlich versto\u00dfen und verleugnen wollte, als er von ihrer wundersamen Schwangerschaft erfuhr. Obwohl er durch das, was f\u00fcr ihn, zumindest anfangs, ein Beweis f\u00fcr Ehebruch war, verletzt und betr\u00fcbt war, wollte er das M\u00e4dchen, das ihm zur Ehe gegeben worden war, nicht ruinieren, und als der Engel ihm erschien und ihn ermahnte, f\u00fcr sie und das Kind, das sie trug, zu sorgen, als w\u00e4re es sein eigenes, nahm <strong>Josef sein Schicksal und seine Rolle mit Demut und Hingabe an<\/strong>. Er liebte und respektierte <strong>Maria<\/strong> wie der liebevollste aller Ehem\u00e4nner, besch\u00fctzte sie vor Gefahren, wachte \u00fcber sie, immer aufmerksam, immer anwesend, und auf dieselbe Weise zog er Jesus wie einen Sohn auf, versuchte, ihm alles, was er wusste, weiterzugeben und ihm das Gef\u00fchl zu geben, Teil einer vereinten und liebenden Familie zu sein. Ein besonderer Mann, Giuseppe, vielleicht gerade in seiner Schlichtheit. Der Reichtum, den sein Kult seit der Antike hat, ist wahrscheinlich darauf zur\u00fcckzuf\u00fchren, dass er ein einfacher Mann war, mit dem sich jeder leicht identifizieren konnte. Und ein gro\u00dfer Teil davon, dass er ein einfacher Mann war, war zweifellos die Tatsache, dass er ein harter Arbeiter war.<\/p>\n<div class=\"link-article\">\n<p><img loading=\"lazy\" decoding=\"async\" class=\"alignnone size-full wp-image-1398\" src=\"https:\/\/blog.holyart.it\/de\/wp-content\/uploads\/sites\/12\/2022\/06\/heiligen-josef.jpg\" alt=\"heiligen josef\" width=\"150\" height=\"100\" data-kale-share-title=\"Novene zum hl. Josef f\u00fcr den Tag der Arbeit\" data-kale-share-url=\"https:\/\/blog.holyart.it\/de\/?p=1396\" \/><\/p>\n<div class=\"leggi-anche\">Lesen Sie auch:<\/div>\n<p><strong><a href=\"https:\/\/www.holyart.de\/blog\/heilige-und-selige\/heiliger-josef-patron-der-ganzen-kirche\/\">St. Joseph: der mutma\u00dfliche Vater von Jesus<\/a><\/strong><br \/>\nDer Heilige Joseph ist eine der beliebtesten christlichen Figuren. Er ist der vermeintliche Vater von Jesus und treue Mann Marias&#8230;<\/p>\n<\/div>\n<p>Die Evangelien sagen uns, dass Josef ein <em>t\u00e9kt\u00f3n<\/em> war, ein griechisches Wort, das sich f\u00fcr verschiedene Interpretationen anbietet. Wenn die Popul\u00e4rkultur sich daf\u00fcr entschieden hat, Joseph als bescheidenen Zimmermann zu sehen, ist es wahrscheinlich, dass sein Handwerk viel komplexer und vielschichtiger war und mit Bau und Konstruktion zu tun hatte. Gelehrte haben dar\u00fcber lange gestritten und verschiedene Theorien aufgestellt. Was wir hier betonen wollen, ist nur, dass Josef arbeitete, und zwar viel, und dass er, wie es damals \u00fcblich war, seine Arbeit seinem <a href=\"https:\/\/www.holyart.de\/devotionalien\/statuen\/jesuskindfiguren\"><strong>Sohn Jesus<\/strong><\/a> beibrachte. Deshalb gilt der heilige Josef nicht nur als Besch\u00fctzer von Familienv\u00e4tern, Zimmerleuten, Schreinern und Sterbenden, sondern auch als <a href=\"https:\/\/www.holyart.de\/devotionalien\/statuen\/statuen-aus-fiberglas\/heiligenfigur-josef-der-schreiner-fiberglass-80-cm\"><strong>Schutzpatron aller Arbeiter<\/strong><\/a>.<\/p>\n<div class=\"link-product\">\n<div class=\"blocco-immagine\"><img loading=\"lazy\" decoding=\"async\" class=\"alignnone size-full wp-image-1399\" src=\"https:\/\/blog.holyart.it\/de\/wp-content\/uploads\/sites\/12\/2022\/06\/heiligen-josef-fiberglass.jpg\" alt=\"heiligen josef fiberglass\" width=\"100\" height=\"100\" data-kale-share-title=\"Novene zum hl. Josef f\u00fcr den Tag der Arbeit\" data-kale-share-url=\"https:\/\/blog.holyart.it\/de\/?p=1396\" \/><\/div>\n<div class=\"blocco-contenuto\">\n<div class=\"blocco-acquista\">Einkaufen:<\/div>\n<div class=\"blocco-titolo\"><a href=\"https:\/\/www.holyart.de\/devotionalien\/statuen\/statuen-aus-fiberglas\/heiligenfigur-josef-der-schreiner-fiberglass-80-cm\">Heiligenfigur Josef der Schreiner<\/a><\/div>\n<div class=\"blocco-descrizione\">Heiligenfigur Josef der Schreiner, Fiberglass 80 cm.<\/div>\n<\/div>\n<\/div>\n<p>Der heilige Josef wird nicht nur am 19. M\u00e4rz gefeiert, wie es die Tradition vorschreibt, sondern auch am <strong>1. Mai, dem Tag der Arbeit<\/strong>. Es war Papst Pius XII. im Jahr 1955, der diese liturgische Gedenkfeier einf\u00fchrte, indem er die Figur des Heiligen mit dem Begriff der W\u00fcrde, die der Arbeit innewohnt, verband, die in diesem Zusammenhang fast zu einer Verl\u00e4ngerung, einer Vollendung des Werkes Gottes wird. Im <strong>Zweiten Vatikanischen Konzil <\/strong>lesen wir, wie in der Gestalt <a href=\"https:\/\/www.holyart.de\/blog\/heilige-und-selige\/der-schlafende-heilige-josef-schutzpatron-von-papst-franziskus\/\"><strong>des heiligen Josef<\/strong><\/a>, eines dem\u00fctigen, frommen und gl\u00e4ubigen Mannes,<em>&#8222;die W\u00fcrde der menschlichen Arbeit anerkannt wird, als Pflicht und Vollkommenheit des Menschen, als segensreiche Aus\u00fcbung seiner Herrschaft \u00fcber die Sch\u00f6pfung, als Dienst an der Gemeinschaft, als Erweiterung des Werkes des Sch\u00f6pfers, als Beitrag zum Heilsplan<\/em>&#8220; (vgl. Vat. II, Gaudium et spes, 34)<\/p>\n<div class=\"link-article\">\n<p><img loading=\"lazy\" decoding=\"async\" class=\"alignnone size-full wp-image-1400\" src=\"https:\/\/blog.holyart.it\/de\/wp-content\/uploads\/sites\/12\/2022\/06\/Heiliger-schlafender-Josef-Fontanini.jpg\" alt=\"Heiliger schlafender Josef Fontanini\" width=\"150\" height=\"100\" data-kale-share-title=\"Novene zum hl. Josef f\u00fcr den Tag der Arbeit\" data-kale-share-url=\"https:\/\/blog.holyart.it\/de\/?p=1396\" \/><\/p>\n<div class=\"leggi-anche\">Lesen Sie auch:<\/div>\n<p><strong><a href=\"https:\/\/www.holyart.de\/blog\/heilige-und-selige\/der-schlafende-heilige-josef-schutzpatron-von-papst-franziskus\/\">Der schlafende heilige Josef: Schutzpatron von Franziskus<\/a><\/strong><br \/>\nDie Geschichte der Person und des Geistlichen Jorge Mario Bergoglio, der jetzige Papst Franziskus, ist seit je her an einer von allen Christen der Welt geliebten Figur gebunden: die des heiligen Josef.<\/p>\n<\/div>\n<p>Ein Heiliger, der <a href=\"https:\/\/www.holyart.de\/besondere-anlassen\/johannes-paul-ii.\"><strong>Papst Johannes Paul II<\/strong><\/a>. lieb und teuer war, ist er noch mehr f\u00fcr <a href=\"https:\/\/www.holyart.de\/besondere-anlassen\/papst-franziksus\"><strong>Papst Franziskus<\/strong><\/a>, der am 1. Mai 2013 in seiner Morgenpredigt in Santa Marta die Bedeutung der Arbeit im Leben jedes Mannes und jeder Frau hervorhob und insbesondere von der &#8222;W\u00fcrde&#8220; sprach, die der Arbeit selbst innewohnt, diese W\u00fcrde, die denen, die gerne arbeiten w\u00fcrden, aber nicht k\u00f6nnen, allzu oft verweigert wird: &#8222;<em>Wer arbeitet, ist w\u00fcrdig, er hat eine besondere W\u00fcrde, eine W\u00fcrde der Person: der Mann und die Frau, die arbeiten, sind w\u00fcrdig [&#8230;] (Viele Menschen) wollen arbeiten und k\u00f6nnen nicht. [&#8230;] (Dies) ist eine Belastung f\u00fcr unser Gewissen, denn wenn die Gesellschaft so organisiert ist. [&#8230;] Nicht jeder hat die M\u00f6glichkeit zu arbeiten, von der W\u00fcrde der Arbeit &#8222;gesalbt&#8220; zu werden, diese Gesellschaft ist nicht richtig: sie ist nicht gerecht! Das geht gegen Gott selbst, der wollte, dass unsere W\u00fcrde hier beginnt<\/em>&#8222;.<\/p>\n<div class=\"link-article\">\n<p><img loading=\"lazy\" decoding=\"async\" class=\"alignnone size-full wp-image-1401\" src=\"https:\/\/blog.holyart.it\/de\/wp-content\/uploads\/sites\/12\/2022\/06\/Papst-Johannes-Paul-II.jpg\" alt=\"Papst Johannes Paul II\" width=\"150\" height=\"100\" data-kale-share-title=\"Novene zum hl. Josef f\u00fcr den Tag der Arbeit\" data-kale-share-url=\"https:\/\/blog.holyart.it\/de\/?p=1396\" \/><\/p>\n<div class=\"leggi-anche\">Lesen Sie auch:<\/div>\n<p><strong><a href=\"https:\/\/www.holyart.de\/blog\/heilige-und-selige\/papst-johannes-paul-ii-10-dinge-die-sie-vielleicht-noch-nicht-wissen\/\">Papst Johannes Paul II.: 10 Dinge, die Sie vielleicht noch nicht wissen<\/a><\/strong><br \/>\nPapst Johannes Paul II., oder auch Papst Wojtyla, schrieb in seinem Pontifikat die Geschichte des 20. Jahrhunderts.<\/p>\n<\/div>\n<p>So wenden sich all jene M\u00e4nner und Frauen an den heiligen Josef, die vor allem eine Arbeit haben m\u00f6chten, aber keine finden. Der Mensch verkr\u00fcmmt sich aus der Not heraus, aber mehr noch aus dem Gef\u00fchl der Unvollst\u00e4ndigkeit und Unw\u00fcrdigkeit, zu der er sich, wenn auch unabh\u00e4ngig von seinem Willen, wegen dieses Mangels verurteilt f\u00fchlt. Ein <strong>Gebet an den heiligen Josef<\/strong> zu richten, wird dann zu einem Weg, jeden Tag die Kraft zu finden, die Unannehmlichkeiten zu \u00fcberwinden, das Engagement in der Suche zu erneuern und sich dem Wohlwollen dieses Heiligen anzuvertrauen, der so bescheiden und flei\u00dfig war, dieses einfachen und doch stolzen Mannes, der sich gegen seinen eigenen Stolz und seine eigenen verst\u00e4ndlichen Zweifel zu einem Werkzeug des Willens Gottes machen konnte, im Namen eines geheimnisvollen Plans, einer Liebe jenseits aller menschlichen Vorstellungen.<\/p>\n<p>Wir haben bereits in anderen Artikeln \u00fcber die Praxis der <strong>Novene <\/strong>in der katholischen Kirche gesprochen. Dies ist eine Form der christlichen Andacht, bei der ein bestimmtes <a href=\"https:\/\/www.holyart.de\/devotionalien\/rosenkranze-und-rosenkranzetuis\"><strong>Gebet oder ein Rosenkranz<\/strong><\/a> an neun aufeinanderfolgenden Tagen rezitiert wird. Gew\u00f6hnlich wird die Novene im Hinblick auf ein Fest oder eine feierliche Zeremonie praktiziert, und ganz allgemein ist sie f\u00fcr die Gl\u00e4ubigen ein Mittel der Andacht, um eine Gnade zu erbitten. Wir erinnern uns zum Beispiel an die Weihnachtsnovene, die vom 16. Dezember bis zum Heiligen Abend gebetet wird und an die Schwangerschaft Marias erinnert, <a href=\"https:\/\/www.holyart.de\/blog\/heilige-und-selige\/die-novene-zu-maria-der-knotenloserin\/\"><strong>oder an die Novene zu Maria, die Knoten aufl\u00f6st, mit der die Gl\u00e4ubigen um Marias F\u00fcrsprache bitten<\/strong><\/a>, jeden Knoten zu l\u00f6sen, der ihnen Schmerzen bereitet.<\/p>\n<div class=\"link-article\">\n<p><img loading=\"lazy\" decoding=\"async\" class=\"alignnone size-full wp-image-1402\" src=\"https:\/\/blog.holyart.it\/de\/wp-content\/uploads\/sites\/12\/2022\/06\/Die-Novene-zu-Maria.jpg\" alt=\"Die Novene zu Maria\" width=\"150\" height=\"100\" data-kale-share-title=\"Novene zum hl. Josef f\u00fcr den Tag der Arbeit\" data-kale-share-url=\"https:\/\/blog.holyart.it\/de\/?p=1396\" \/><\/p>\n<div class=\"leggi-anche\">Lesen Sie auch:<\/div>\n<p><strong><a href=\"https:\/\/www.holyart.de\/blog\/heilige-und-selige\/die-novene-zu-maria-der-knotenloserin\/\">Die Novene zu Maria der Knotenl\u00f6serin<\/a><\/strong><br \/>\nDie Novene ist eine christliche Andachtsform, die \u00fcblicherweise anl\u00e4sslich einer religi\u00f6sen Feier oder eines besonders wichtigen Feiertages, wie Weihnachten, Ostern, Mari\u00e4 Empf\u00e4ngnis oder Pfingsten praktiziert wird.<\/p>\n<\/div>\n<p>Der hl. Josef hat auch eine eigene Novene, die denen gewidmet ist, die arbeiten, denen, die arbeiten m\u00f6chten, denen, die wegen ihrer Arbeit gelitten haben, und ganz allgemein all denen, die in der Arbeitst\u00e4tigkeit die volle Verwirklichung ihrer selbst als Individuen und Mitglieder der Gesellschaft sehen. Die <strong>Novene des heiligen Josef<\/strong> wird normalerweise vom 22. bis 30. April gebetet, aber sie kann jederzeit gebetet werden, wenn Sie eine Arbeit suchen, wenn Sie unter ihrem Mangel leiden, oder f\u00fcr diejenigen, die Verwandte oder Freunde haben, die unter einem Zustand der Arbeitslosigkeit leiden, den sie nicht gesucht haben, den sie nicht w\u00fcnschen. Er wird gew\u00f6hnlich in Begleitung eines <strong>Rosenkranzes<\/strong> rezitiert, daher die Bezeichnung <a href=\"https:\/\/www.holyart.de\/devotionalien\/rosenkranze-und-rosenkranzetuis\/besondere-rosenkranze\/rosenkranz-mit-violetten-perlen-heiliger-josef-5x3-mm\"><strong>Rosenkranz zum Heiligen Josef<\/strong><\/a>, und dr\u00fcckt die ganze Verehrung des Heiligen aus, indem er sein Wohlwollen, seinen Trost und seinen Schutz anruft. In diesem Fall ist es, wie sonst oft bei Maria, Josef, der als F\u00fcrsprecher zwischen dem Gl\u00e4ubigen und Gott auftritt, um f\u00fcr ihn die Gnade zu erlangen, die er anruft und die, auch wenn sie im Gebet nie offen ausgesprochen wird, mit der Arbeit und der Suche danach verbunden ist, als Mittel zur Bewusstwerdung und W\u00fcrde des Einzelnen.<\/p>\n<div class=\"link-product\">\n<div class=\"blocco-immagine\"><img loading=\"lazy\" decoding=\"async\" class=\"alignnone size-full wp-image-1403\" src=\"https:\/\/blog.holyart.it\/de\/wp-content\/uploads\/sites\/12\/2022\/06\/Rosenkranz-mit-violetten-Perlen-Heiliger-Josef.jpg\" alt=\"Rosenkranz mit violetten Perlen Heiliger Josef\" width=\"100\" height=\"100\" data-kale-share-title=\"Novene zum hl. Josef f\u00fcr den Tag der Arbeit\" data-kale-share-url=\"https:\/\/blog.holyart.it\/de\/?p=1396\" \/><\/div>\n<div class=\"blocco-contenuto\">\n<div class=\"blocco-acquista\">Einkaufen:<\/div>\n<div class=\"blocco-titolo\"><a href=\"https:\/\/www.holyart.de\/devotionalien\/rosenkranze-und-rosenkranzetuis\/besondere-rosenkranze\/rosenkranz-mit-violetten-perlen-heiliger-josef-5x3-mm\">Rosenkranz mit violetten Perlen Heiliger Josef<\/a><\/div>\n<div class=\"blocco-descrizione\">Rosenkranz mit violetten Perlen Heiliger Josef, 5&#215;3 mm.<\/div>\n<\/div>\n<\/div>\n<h2 style=\"text-align: justify;\">Hier ist der Text des Gebets:<\/h2>\n<p><em>O heiliger Josef, mein Besch\u00fctzer und F\u00fcrsprecher, zu dir flehe ich, dass du mir die Gnade erflehst, um die du mich vor dir seufzen und betteln siehst. Es ist wahr, dass die gegenw\u00e4rtigen Sorgen und die Bitterkeit vielleicht die gerechte Strafe f\u00fcr meine S\u00fcnden sind. Muss ich durch das Eingest\u00e4ndnis meiner Schuld die Hoffnung auf Hilfe durch den Herrn verlieren? \u201cAh! Nein!&#8220; &#8211; antwortete mir Ihre gro\u00dfe Verehrerin, die heilige Theresia &#8211; &#8222;Gewiss nicht, ihr armen S\u00fcnder. Wenden Sie sich in jeder noch so ernsten Not an die wirksame F\u00fcrsprache des Patriarchen St. Josef; gehen Sie mit wahrem Glauben zu Ihm, und Ihre Bitten werden gewiss erf\u00fcllt werden&#8220;. Mit solchem Vertrauen trete ich daher vor Dich und bitte um Gnade und Erbarmen. O heiliger Josef, hilf mir in meinen Bedr\u00e4ngnissen. Mache meinen Mangel wett und, so m\u00e4chtig du auch bist, mache es m\u00f6glich, dass ich, nachdem ich durch deine fromme F\u00fcrsprache die Gnade erlangt habe, um die ich bitte, zu deinem Altar zur\u00fcckkehre, um dir die Huldigung meiner Dankbarkeit zu erweisen.<\/em><\/p>\n<p><em>Vaterunser &#8211; Ave Maria &#8211; Gloria.<\/em><\/p>\n<p><em>Vergiss nicht, o barmherziger heiliger Josef, dass kein Mensch in der Welt, wie gro\u00df er auch als S\u00fcnder gewesen sein mag, zu dir Zuflucht genommen hat und im Glauben und in der Hoffnung, die er in dich gesetzt hat, entt\u00e4uscht wurde. Wie viele Gnaden und Wohltaten haben Sie f\u00fcr die Bedr\u00e4ngten erlangt! Die Kranken, die Unterdr\u00fcckten, die Verleumdeten, die Verratenen, die Verlassenen, indem sie sich auf deinen Schutz berufen, sind gew\u00e4hrt. Lass nicht zu, dass ich, o gro\u00dfer Heiliger, der einzige unter vielen bin, der ohne deinen Trost bleibt. Erweisen Sie sich auch mir gegen\u00fcber als gut und gro\u00dfz\u00fcgig, und ich werde mit Dankbarkeit die G\u00fcte und Barmherzigkeit des Herrn an Ihnen preisen.<\/em><\/p>\n<p><em>Vaterunser &#8211; Ave Maria &#8211; Gloria.<\/em><\/p>\n<p><em>O erhabenes Haupt der Heiligen Familie, ich verehre dich zutiefst und rufe dich von ganzem Herzen an. Den Bedr\u00e4ngten, die vor mir zu dir gebetet haben, hast du Trost und Frieden, Gnaden und Wohltaten gew\u00e4hrt. Bitte tr\u00f6ste auch meine betr\u00fcbte Seele, die keine Ruhe findet inmitten der Ungerechtigkeiten, von denen sie bedr\u00e4ngt wird. Du, o weisester Heiliger, siehst in Gott alle meine N\u00f6te, noch bevor ich sie dir mit meinem Gebet offenbare. Sie wissen also sehr wohl, wie notwendig die Gnade ist, um die ich Dich bitte. Kein menschliches Herz kann mich tr\u00f6sten; von dir hoffe ich getr\u00f6stet zu werden, Dattel, o glorreicher Heiliger. Wenn du mir die Gnade gew\u00e4hrst, um die ich so eindringlich bitte, verspreche ich, die Verehrung f\u00fcr dich zu verbreiten, zu helfen und die Werke zu unterst\u00fctzen, die in deinem Namen entstehen, um so vielen ungl\u00fccklichen und sterbenden Armen zu helfen. O. S. Josef, Tr\u00f6ster der Betr\u00fcbten, erbarme dich meiner Schmerzen!<\/em><\/p>\n<p><em>Vaterunser &#8211; Ave Maria &#8211; Gloria.<\/em><\/p>\n","protected":false},"excerpt":{"rendered":"<p>Der heilige Josef ist eine unverzichtbare Figur, wenn man seine Gedanken auf das Leben und Wirken Jesu richtet. Obwohl er aller Wahrscheinlichkeit nach bereits tot war, als dieser seine Mission begann, bleibt es wahr, dass seine Rolle als Marias Ehemann und mutma\u00dflicher Vater des Erl\u00f6sers&hellip;<\/p>\n","protected":false},"author":1,"featured_media":1405,"comment_status":"closed","ping_status":"open","sticky":false,"template":"","format":"standard","meta":{"_acf_changed":false,"footnotes":""},"categories":[9],"tags":[],"class_list":["post-1396","post","type-post","status-publish","format-standard","has-post-thumbnail","hentry","category-heilige-und-selige"],"acf":[],"yoast_head":"<!-- This site is optimized with the Yoast SEO plugin v26.6 - https:\/\/yoast.com\/wordpress\/plugins\/seo\/ -->\n<title>Novene zum hl. Josef f\u00fcr den Tag der Arbeit - Holyart.de Blog<\/title>\n<meta name=\"description\" content=\"Der heilige Josef ist eine unverzichtbare Figur, wenn man seine Gedanken auf das Jesu. Er ist einer verehrtesten Heiligen der katholischen Kirche macht.\" \/>\n<meta name=\"robots\" content=\"index, follow, max-snippet:-1, max-image-preview:large, max-video-preview:-1\" \/>\n<link rel=\"canonical\" href=\"https:\/\/blog.holyart.it\/de\/heilige-und-selige\/novene-zum-hl-josef-fuer-den-tag-der-arbeit\/\" \/>\n<meta property=\"og:locale\" content=\"de_DE\" \/>\n<meta property=\"og:type\" content=\"article\" \/>\n<meta property=\"og:title\" content=\"Novene zum hl. Josef f\u00fcr den Tag der Arbeit - Holyart.de Blog\" \/>\n<meta property=\"og:description\" content=\"Der heilige Josef ist eine unverzichtbare Figur, wenn man seine Gedanken auf das Jesu. Er ist einer verehrtesten Heiligen der katholischen Kirche macht.\" \/>\n<meta property=\"og:url\" content=\"https:\/\/blog.holyart.it\/de\/heilige-und-selige\/novene-zum-hl-josef-fuer-den-tag-der-arbeit\/\" \/>\n<meta property=\"og:site_name\" content=\"Holyart.de Blog\" \/>\n<meta property=\"article:published_time\" content=\"2022-03-15T13:38:50+00:00\" \/>\n<meta property=\"article:modified_time\" content=\"2022-10-21T15:13:03+00:00\" \/>\n<meta property=\"og:image\" content=\"https:\/\/blog.holyart.it\/de\/wp-content\/uploads\/sites\/12\/2022\/06\/novena-heiligen-josef.jpg\" \/>\n\t<meta property=\"og:image:width\" content=\"1000\" \/>\n\t<meta property=\"og:image:height\" content=\"666\" \/>\n\t<meta property=\"og:image:type\" content=\"image\/jpeg\" \/>\n<meta name=\"author\" content=\"Redazione\" \/>\n<meta name=\"twitter:card\" content=\"summary_large_image\" \/>\n<meta name=\"twitter:label1\" content=\"Verfasst von\" \/>\n\t<meta name=\"twitter:data1\" content=\"Redazione\" \/>\n\t<meta name=\"twitter:label2\" content=\"Gesch\u00e4tzte Lesezeit\" \/>\n\t<meta name=\"twitter:data2\" content=\"9\u00a0Minuten\" \/>\n<script type=\"application\/ld+json\" class=\"yoast-schema-graph\">{\"@context\":\"https:\/\/schema.org\",\"@graph\":[{\"@type\":\"Article\",\"@id\":\"https:\/\/blog.holyart.it\/de\/heilige-und-selige\/novene-zum-hl-josef-fuer-den-tag-der-arbeit\/#article\",\"isPartOf\":{\"@id\":\"https:\/\/blog.holyart.it\/de\/heilige-und-selige\/novene-zum-hl-josef-fuer-den-tag-der-arbeit\/\"},\"author\":{\"name\":\"Redazione\",\"@id\":\"https:\/\/blog.holyart.it\/de\/#\/schema\/person\/0a7b686e5af0f856ec1e390dd0baecda\"},\"headline\":\"Novene zum hl. Josef f\u00fcr den Tag der Arbeit\",\"datePublished\":\"2022-03-15T13:38:50+00:00\",\"dateModified\":\"2022-10-21T15:13:03+00:00\",\"mainEntityOfPage\":{\"@id\":\"https:\/\/blog.holyart.it\/de\/heilige-und-selige\/novene-zum-hl-josef-fuer-den-tag-der-arbeit\/\"},\"wordCount\":1844,\"publisher\":{\"@id\":\"https:\/\/blog.holyart.it\/de\/#organization\"},\"image\":{\"@id\":\"https:\/\/blog.holyart.it\/de\/heilige-und-selige\/novene-zum-hl-josef-fuer-den-tag-der-arbeit\/#primaryimage\"},\"thumbnailUrl\":\"https:\/\/blog.holyart.it\/de\/wp-content\/uploads\/sites\/12\/2022\/06\/novena-heiligen-josef.jpg\",\"articleSection\":[\"Heilige und Selige\"],\"inLanguage\":\"de\"},{\"@type\":\"WebPage\",\"@id\":\"https:\/\/blog.holyart.it\/de\/heilige-und-selige\/novene-zum-hl-josef-fuer-den-tag-der-arbeit\/\",\"url\":\"https:\/\/blog.holyart.it\/de\/heilige-und-selige\/novene-zum-hl-josef-fuer-den-tag-der-arbeit\/\",\"name\":\"Novene zum hl. Josef f\u00fcr den Tag der Arbeit - Holyart.de Blog\",\"isPartOf\":{\"@id\":\"https:\/\/blog.holyart.it\/de\/#website\"},\"primaryImageOfPage\":{\"@id\":\"https:\/\/blog.holyart.it\/de\/heilige-und-selige\/novene-zum-hl-josef-fuer-den-tag-der-arbeit\/#primaryimage\"},\"image\":{\"@id\":\"https:\/\/blog.holyart.it\/de\/heilige-und-selige\/novene-zum-hl-josef-fuer-den-tag-der-arbeit\/#primaryimage\"},\"thumbnailUrl\":\"https:\/\/blog.holyart.it\/de\/wp-content\/uploads\/sites\/12\/2022\/06\/novena-heiligen-josef.jpg\",\"datePublished\":\"2022-03-15T13:38:50+00:00\",\"dateModified\":\"2022-10-21T15:13:03+00:00\",\"description\":\"Der heilige Josef ist eine unverzichtbare Figur, wenn man seine Gedanken auf das Jesu. Er ist einer verehrtesten Heiligen der katholischen Kirche macht.\",\"breadcrumb\":{\"@id\":\"https:\/\/blog.holyart.it\/de\/heilige-und-selige\/novene-zum-hl-josef-fuer-den-tag-der-arbeit\/#breadcrumb\"},\"inLanguage\":\"de\",\"potentialAction\":[{\"@type\":\"ReadAction\",\"target\":[\"https:\/\/blog.holyart.it\/de\/heilige-und-selige\/novene-zum-hl-josef-fuer-den-tag-der-arbeit\/\"]}]},{\"@type\":\"ImageObject\",\"inLanguage\":\"de\",\"@id\":\"https:\/\/blog.holyart.it\/de\/heilige-und-selige\/novene-zum-hl-josef-fuer-den-tag-der-arbeit\/#primaryimage\",\"url\":\"https:\/\/blog.holyart.it\/de\/wp-content\/uploads\/sites\/12\/2022\/06\/novena-heiligen-josef.jpg\",\"contentUrl\":\"https:\/\/blog.holyart.it\/de\/wp-content\/uploads\/sites\/12\/2022\/06\/novena-heiligen-josef.jpg\",\"width\":1000,\"height\":666,\"caption\":\"novena heiligen josef\"},{\"@type\":\"BreadcrumbList\",\"@id\":\"https:\/\/blog.holyart.it\/de\/heilige-und-selige\/novene-zum-hl-josef-fuer-den-tag-der-arbeit\/#breadcrumb\",\"itemListElement\":[{\"@type\":\"ListItem\",\"position\":1,\"name\":\"Homepage\",\"item\":\"https:\/\/blog.holyart.it\/de\/\"},{\"@type\":\"ListItem\",\"position\":2,\"name\":\"Heilige und Selige\",\"item\":\"https:\/\/blog.holyart.it\/de\/heilige-und-selige\/\"},{\"@type\":\"ListItem\",\"position\":3,\"name\":\"Novene zum hl. Josef f\u00fcr den Tag der Arbeit\"}]},{\"@type\":\"WebSite\",\"@id\":\"https:\/\/blog.holyart.it\/de\/#website\",\"url\":\"https:\/\/blog.holyart.it\/de\/\",\"name\":\"Holyart.de Blog\",\"description\":\"Holyblog\",\"publisher\":{\"@id\":\"https:\/\/blog.holyart.it\/de\/#organization\"},\"potentialAction\":[{\"@type\":\"SearchAction\",\"target\":{\"@type\":\"EntryPoint\",\"urlTemplate\":\"https:\/\/blog.holyart.it\/de\/?s={search_term_string}\"},\"query-input\":{\"@type\":\"PropertyValueSpecification\",\"valueRequired\":true,\"valueName\":\"search_term_string\"}}],\"inLanguage\":\"de\"},{\"@type\":\"Organization\",\"@id\":\"https:\/\/blog.holyart.it\/de\/#organization\",\"name\":\"Holyart.de Blog\",\"url\":\"https:\/\/blog.holyart.it\/de\/\",\"logo\":{\"@type\":\"ImageObject\",\"inLanguage\":\"de\",\"@id\":\"https:\/\/blog.holyart.it\/de\/#\/schema\/logo\/image\/\",\"url\":\"https:\/\/blog.holyart.it\/de\/wp-content\/uploads\/sites\/12\/2022\/12\/Holyart_Blog_Logo.jpg\",\"contentUrl\":\"https:\/\/blog.holyart.it\/de\/wp-content\/uploads\/sites\/12\/2022\/12\/Holyart_Blog_Logo.jpg\",\"width\":300,\"height\":50,\"caption\":\"Holyart.de Blog\"},\"image\":{\"@id\":\"https:\/\/blog.holyart.it\/de\/#\/schema\/logo\/image\/\"}},{\"@type\":\"Person\",\"@id\":\"https:\/\/blog.holyart.it\/de\/#\/schema\/person\/0a7b686e5af0f856ec1e390dd0baecda\",\"name\":\"Redazione\",\"image\":{\"@type\":\"ImageObject\",\"inLanguage\":\"de\",\"@id\":\"https:\/\/blog.holyart.it\/de\/#\/schema\/person\/image\/\",\"url\":\"https:\/\/secure.gravatar.com\/avatar\/f477da817f43e50d0af36abecd33e3edf826c68299714bdc1057dff3b113f516?s=96&d=mm&r=g\",\"contentUrl\":\"https:\/\/secure.gravatar.com\/avatar\/f477da817f43e50d0af36abecd33e3edf826c68299714bdc1057dff3b113f516?s=96&d=mm&r=g\",\"caption\":\"Redazione\"}}]}<\/script>\n<!-- \/ Yoast SEO plugin. -->","yoast_head_json":{"title":"Novene zum hl. Josef f\u00fcr den Tag der Arbeit - Holyart.de Blog","description":"Der heilige Josef ist eine unverzichtbare Figur, wenn man seine Gedanken auf das Jesu. Er ist einer verehrtesten Heiligen der katholischen Kirche macht.","robots":{"index":"index","follow":"follow","max-snippet":"max-snippet:-1","max-image-preview":"max-image-preview:large","max-video-preview":"max-video-preview:-1"},"canonical":"https:\/\/blog.holyart.it\/de\/heilige-und-selige\/novene-zum-hl-josef-fuer-den-tag-der-arbeit\/","og_locale":"de_DE","og_type":"article","og_title":"Novene zum hl. Josef f\u00fcr den Tag der Arbeit - Holyart.de Blog","og_description":"Der heilige Josef ist eine unverzichtbare Figur, wenn man seine Gedanken auf das Jesu. Er ist einer verehrtesten Heiligen der katholischen Kirche macht.","og_url":"https:\/\/blog.holyart.it\/de\/heilige-und-selige\/novene-zum-hl-josef-fuer-den-tag-der-arbeit\/","og_site_name":"Holyart.de Blog","article_published_time":"2022-03-15T13:38:50+00:00","article_modified_time":"2022-10-21T15:13:03+00:00","og_image":[{"width":1000,"height":666,"url":"https:\/\/blog.holyart.it\/de\/wp-content\/uploads\/sites\/12\/2022\/06\/novena-heiligen-josef.jpg","type":"image\/jpeg"}],"author":"Redazione","twitter_card":"summary_large_image","twitter_misc":{"Verfasst von":"Redazione","Gesch\u00e4tzte Lesezeit":"9\u00a0Minuten"},"schema":{"@context":"https:\/\/schema.org","@graph":[{"@type":"Article","@id":"https:\/\/blog.holyart.it\/de\/heilige-und-selige\/novene-zum-hl-josef-fuer-den-tag-der-arbeit\/#article","isPartOf":{"@id":"https:\/\/blog.holyart.it\/de\/heilige-und-selige\/novene-zum-hl-josef-fuer-den-tag-der-arbeit\/"},"author":{"name":"Redazione","@id":"https:\/\/blog.holyart.it\/de\/#\/schema\/person\/0a7b686e5af0f856ec1e390dd0baecda"},"headline":"Novene zum hl. Josef f\u00fcr den Tag der Arbeit","datePublished":"2022-03-15T13:38:50+00:00","dateModified":"2022-10-21T15:13:03+00:00","mainEntityOfPage":{"@id":"https:\/\/blog.holyart.it\/de\/heilige-und-selige\/novene-zum-hl-josef-fuer-den-tag-der-arbeit\/"},"wordCount":1844,"publisher":{"@id":"https:\/\/blog.holyart.it\/de\/#organization"},"image":{"@id":"https:\/\/blog.holyart.it\/de\/heilige-und-selige\/novene-zum-hl-josef-fuer-den-tag-der-arbeit\/#primaryimage"},"thumbnailUrl":"https:\/\/blog.holyart.it\/de\/wp-content\/uploads\/sites\/12\/2022\/06\/novena-heiligen-josef.jpg","articleSection":["Heilige und Selige"],"inLanguage":"de"},{"@type":"WebPage","@id":"https:\/\/blog.holyart.it\/de\/heilige-und-selige\/novene-zum-hl-josef-fuer-den-tag-der-arbeit\/","url":"https:\/\/blog.holyart.it\/de\/heilige-und-selige\/novene-zum-hl-josef-fuer-den-tag-der-arbeit\/","name":"Novene zum hl. Josef f\u00fcr den Tag der Arbeit - Holyart.de Blog","isPartOf":{"@id":"https:\/\/blog.holyart.it\/de\/#website"},"primaryImageOfPage":{"@id":"https:\/\/blog.holyart.it\/de\/heilige-und-selige\/novene-zum-hl-josef-fuer-den-tag-der-arbeit\/#primaryimage"},"image":{"@id":"https:\/\/blog.holyart.it\/de\/heilige-und-selige\/novene-zum-hl-josef-fuer-den-tag-der-arbeit\/#primaryimage"},"thumbnailUrl":"https:\/\/blog.holyart.it\/de\/wp-content\/uploads\/sites\/12\/2022\/06\/novena-heiligen-josef.jpg","datePublished":"2022-03-15T13:38:50+00:00","dateModified":"2022-10-21T15:13:03+00:00","description":"Der heilige Josef ist eine unverzichtbare Figur, wenn man seine Gedanken auf das Jesu. Er ist einer verehrtesten Heiligen der katholischen Kirche macht.","breadcrumb":{"@id":"https:\/\/blog.holyart.it\/de\/heilige-und-selige\/novene-zum-hl-josef-fuer-den-tag-der-arbeit\/#breadcrumb"},"inLanguage":"de","potentialAction":[{"@type":"ReadAction","target":["https:\/\/blog.holyart.it\/de\/heilige-und-selige\/novene-zum-hl-josef-fuer-den-tag-der-arbeit\/"]}]},{"@type":"ImageObject","inLanguage":"de","@id":"https:\/\/blog.holyart.it\/de\/heilige-und-selige\/novene-zum-hl-josef-fuer-den-tag-der-arbeit\/#primaryimage","url":"https:\/\/blog.holyart.it\/de\/wp-content\/uploads\/sites\/12\/2022\/06\/novena-heiligen-josef.jpg","contentUrl":"https:\/\/blog.holyart.it\/de\/wp-content\/uploads\/sites\/12\/2022\/06\/novena-heiligen-josef.jpg","width":1000,"height":666,"caption":"novena heiligen josef"},{"@type":"BreadcrumbList","@id":"https:\/\/blog.holyart.it\/de\/heilige-und-selige\/novene-zum-hl-josef-fuer-den-tag-der-arbeit\/#breadcrumb","itemListElement":[{"@type":"ListItem","position":1,"name":"Homepage","item":"https:\/\/blog.holyart.it\/de\/"},{"@type":"ListItem","position":2,"name":"Heilige und Selige","item":"https:\/\/blog.holyart.it\/de\/heilige-und-selige\/"},{"@type":"ListItem","position":3,"name":"Novene zum hl. Josef f\u00fcr den Tag der Arbeit"}]},{"@type":"WebSite","@id":"https:\/\/blog.holyart.it\/de\/#website","url":"https:\/\/blog.holyart.it\/de\/","name":"Holyart.de Blog","description":"Holyblog","publisher":{"@id":"https:\/\/blog.holyart.it\/de\/#organization"},"potentialAction":[{"@type":"SearchAction","target":{"@type":"EntryPoint","urlTemplate":"https:\/\/blog.holyart.it\/de\/?s={search_term_string}"},"query-input":{"@type":"PropertyValueSpecification","valueRequired":true,"valueName":"search_term_string"}}],"inLanguage":"de"},{"@type":"Organization","@id":"https:\/\/blog.holyart.it\/de\/#organization","name":"Holyart.de Blog","url":"https:\/\/blog.holyart.it\/de\/","logo":{"@type":"ImageObject","inLanguage":"de","@id":"https:\/\/blog.holyart.it\/de\/#\/schema\/logo\/image\/","url":"https:\/\/blog.holyart.it\/de\/wp-content\/uploads\/sites\/12\/2022\/12\/Holyart_Blog_Logo.jpg","contentUrl":"https:\/\/blog.holyart.it\/de\/wp-content\/uploads\/sites\/12\/2022\/12\/Holyart_Blog_Logo.jpg","width":300,"height":50,"caption":"Holyart.de Blog"},"image":{"@id":"https:\/\/blog.holyart.it\/de\/#\/schema\/logo\/image\/"}},{"@type":"Person","@id":"https:\/\/blog.holyart.it\/de\/#\/schema\/person\/0a7b686e5af0f856ec1e390dd0baecda","name":"Redazione","image":{"@type":"ImageObject","inLanguage":"de","@id":"https:\/\/blog.holyart.it\/de\/#\/schema\/person\/image\/","url":"https:\/\/secure.gravatar.com\/avatar\/f477da817f43e50d0af36abecd33e3edf826c68299714bdc1057dff3b113f516?s=96&d=mm&r=g","contentUrl":"https:\/\/secure.gravatar.com\/avatar\/f477da817f43e50d0af36abecd33e3edf826c68299714bdc1057dff3b113f516?s=96&d=mm&r=g","caption":"Redazione"}}]}},"_links":{"self":[{"href":"https:\/\/blog.holyart.it\/de\/wp-json\/wp\/v2\/posts\/1396","targetHints":{"allow":["GET"]}}],"collection":[{"href":"https:\/\/blog.holyart.it\/de\/wp-json\/wp\/v2\/posts"}],"about":[{"href":"https:\/\/blog.holyart.it\/de\/wp-json\/wp\/v2\/types\/post"}],"author":[{"embeddable":true,"href":"https:\/\/blog.holyart.it\/de\/wp-json\/wp\/v2\/users\/1"}],"replies":[{"embeddable":true,"href":"https:\/\/blog.holyart.it\/de\/wp-json\/wp\/v2\/comments?post=1396"}],"version-history":[{"count":0,"href":"https:\/\/blog.holyart.it\/de\/wp-json\/wp\/v2\/posts\/1396\/revisions"}],"wp:featuredmedia":[{"embeddable":true,"href":"https:\/\/blog.holyart.it\/de\/wp-json\/wp\/v2\/media\/1405"}],"wp:attachment":[{"href":"https:\/\/blog.holyart.it\/de\/wp-json\/wp\/v2\/media?parent=1396"}],"wp:term":[{"taxonomy":"category","embeddable":true,"href":"https:\/\/blog.holyart.it\/de\/wp-json\/wp\/v2\/categories?post=1396"},{"taxonomy":"post_tag","embeddable":true,"href":"https:\/\/blog.holyart.it\/de\/wp-json\/wp\/v2\/tags?post=1396"}],"curies":[{"name":"wp","href":"https:\/\/api.w.org\/{rel}","templated":true}]}}